{"id":44801,"date":"2022-03-19T00:12:10","date_gmt":"2022-03-18T23:12:10","guid":{"rendered":"https:\/\/www.sotrender.com\/blog\/?p=44801\/"},"modified":"2022-03-19T10:43:11","modified_gmt":"2022-03-19T09:43:11","slug":"wizyta-w-kijowie-analiza-danych-telegram","status":"publish","type":"post","link":"https:\/\/www.sotrender.com\/blog\/pl\/2022\/03\/wizyta-w-kijowie-analiza-danych-telegram\/","title":{"rendered":"Odbi\u00f3r wizyty premier\u00f3w w Kijowie: analiza danych z serwisu Telegram"},"content":{"rendered":"<p><span style=\"font-weight: 400;\">We wtorek 15. marca premierzy Polski, S\u0142owenii i Czech wraz z wicepremierem Jaros\u0142awem Kaczy\u0144skim odwiedzili Kij\u00f3w, gdzie m.in. spotkali si\u0119 z w\u0142adzami Ukrainy. Ich podr\u00f3\u017c spotka\u0142a si\u0119 ze zr\u00f3\u017cnicowanymi reakcjami polskich medi\u00f3w i wieloma skrajnymi opiniami w internecie. <strong>Dzi\u0119ki analizie danych z komunikatora spo\u0142eczno\u015bciowego Telegram sprawdzili\u015bmy odbi\u00f3r tej wizyty w Ukrainie, Rosji i na Bia\u0142orusi. Ponadto por\u00f3wnali\u015bmy to z dzia\u0142aniami Borisa Johnsona i Emmanuela Macrona, dw\u00f3ch innych polityk\u00f3w aktywnych na arenie mi\u0119dzynarodowej w zwi\u0105zku z inwazj\u0105 Rosji.\u00a0<\/strong><\/span><\/p>\n<h2><span style=\"font-weight: 400;\">Znaczenie komunikatora Telegram w trakcie wojny w Ukrainie<\/span><\/h2>\n<p><span style=\"font-weight: 400;\"><strong>Telegram to komunikator<\/strong>, kt\u00f3ry dzi\u0119ki bardzo du\u017cej popularno\u015bci w krajach dawnego Zwi\u0105zku Radzieckiego sta\u0142 si\u0119 <strong><a href=\"https:\/\/cyberdefence24.pl\/social-media\/cybermagazyn-na-wojnie-to-nie-facebook-i-twitter-jest-platforma-ktora-ma-najwieksze-znaczenie-to-telegram\">jednym z najwa\u017cniejszych medi\u00f3w podczas wojny w Ukrainie<\/a><\/strong><\/span><span style=\"font-weight: 400;\">. Jeszcze przed wybuchem wojny mia\u0142 na \u015bwiecie ponad 500 mln u\u017cytkownik\u00f3w, a po jej wybuchu liczba u\u017cytkownik\u00f3w oraz aktywno\u015b\u0107 nadawc\u00f3w wzros\u0142y. Poza prywatnymi konwersacjami, Telegram wyr\u00f3\u017cnia si\u0119 tak\u017ce <a href=\"https:\/\/www.wired.com\/story\/telegram-ukraine-russia-channels-signal\/\">publicznymi kana\u0142ami, kt\u00f3re prowadz\u0105 m.in. media <\/a><\/span><span style=\"font-weight: 400;\">. Najwi\u0119ksze kana\u0142y rosyjsko- i ukrai\u0144skoj\u0119zyczne, jak Nexta Live, Ukraine Now Ua, Ria Novosti czy Zelensky Official maj\u0105 obecnie ponad 1,5 mln \u015bledz\u0105cych. Zarazem w ostatnich dniach swoje kana\u0142y otworzy\u0142y tak\u017ce media zachodnie, jak New York Times, Washington Post czy Huffington Post. Warto podkre\u015bli\u0107, \u017ce kana\u0142y informacyjne publikuj\u0105 dziesi\u0105tki post\u00f3w dziennie, a ka\u017cdy z nich wy\u015bwietla si\u0119 nawet setki tysi\u0119cy razy.\u00a0<\/span><\/p>\n<h2><span style=\"font-weight: 400;\">Telegram &#8211; metodologia badania<\/span><\/h2>\n<p><span style=\"font-weight: 400;\">Ze wzgl\u0119du na specyficzn\u0105 technologi\u0119 Telegram nie jest monitorowany przez popularne narz\u0119dzia do monitoringu internetu. <strong>W tym badaniu wykorzystali\u015bmy stworzone w naszym zespole w ostatnich dniach mo\u017cliwo\u015bci masowego pobierania i analizy danych z Telegrama<\/strong>.\u00a0<\/span><span style=\"font-weight: 400;\">Dla <a href=\"https:\/\/www.sotrender.com\/pl\/\">Sotrendera<\/a>,<\/span><span style=\"font-weight: 400;\">\u00a0firmy specjalizuj\u0105cej si\u0119 w zbieraniu i analizowaniu danych z medi\u00f3w spo\u0142eczno\u015bciowych, stworzenie mo\u017cliwo\u015bci \u015bledzenia Telegrama by\u0142o ciekawym wyzwaniem i zarazem odpowiedzi\u0105 na potrzeby klient\u00f3w z Polski i z kraj\u00f3w anglosaskich.\u00a0<\/span><\/p>\n<p><em><span style=\"font-weight: 400;\">Przeanalizowali\u015bmy komunikacj\u0119 70 najpopularniejszych kana\u0142\u00f3w medi\u00f3w na Telegramie z Ukrainy, Rosji i Bia\u0142orusi, w j\u0119zykach ukrai\u0144skim, rosyjskim i angielskim. Analizowali\u015bmy okres 11-17.03, a zatem tydzie\u0144 z wizyt\u0105 premier\u00f3w. Taki przedzia\u0142 czasowy pozwala oceni\u0107 wizyt\u0119 na tle innych wydarze\u0144. Dzi\u0119ki algorytmom <a href=\"https:\/\/www.sotrender.com\/blog\/2019\/06\/natural-language-processing\/\">NLP (Natural Language Processing)<\/a> mogli\u015bmy znale\u017a\u0107 wszystkie wzmianki o 4 por\u00f3wnywanych politykach: Jaros\u0142awie Kaczy\u0144skim, Mateuszu Morawieckim, Borisie Johnsonie i Emmanuelu Macronie, w poszczeg\u00f3lnych dniach. Wzi\u0119li\u015bmy pod uwag\u0119 2 podstawowe wymiary komunikacji w internecie: zasi\u0119g i zaanga\u017cowanie.\u00a0<\/span><\/em><\/p>\n<h2><span style=\"font-weight: 400;\">Zasi\u0119g post\u00f3w, czyli suma wy\u015bwietle\u0144<\/span><\/h2>\n<p><img loading=\"lazy\" decoding=\"async\" class=\"aligncenter wp-image-44809\" src=\"https:\/\/www.sotrender.com\/blog\/wp-content\/uploads\/2022\/03\/politycy_views-475x198.png\" alt=\"Telegram - zasi\u0119g post\u00f3w dotycz\u0105cych polityk\u00f3w\" width=\"650\" height=\"271\" srcset=\"https:\/\/www.sotrender.com\/blog\/wp-content\/uploads\/2022\/03\/politycy_views-475x198.png 475w, https:\/\/www.sotrender.com\/blog\/wp-content\/uploads\/2022\/03\/politycy_views-768x320.png 768w, https:\/\/www.sotrender.com\/blog\/wp-content\/uploads\/2022\/03\/politycy_views.png 1200w\" sizes=\"(max-width: 650px) 100vw, 650px\" \/><br \/>\n<span style=\"font-weight: 400;\">Ten wymiar m\u00f3wi nam o <strong>\u0142\u0105cznej liczbie wy\u015bwietle\u0144 (ods\u0142on) komunikat\u00f3w dotycz\u0105cych poszczeg\u00f3lnych os\u00f3b<\/strong>. Im wi\u0119cej \u015bledz\u0105cych ma dany kana\u0142 i im cz\u0119\u015bciej pisze o danej osobie, tym wi\u0119ksza b\u0119dzie\u00a0<\/span>liczba wy\u015bwietle\u0144. Trzeba pami\u0119ta\u0107, \u017ce wy\u015bwietlone posty nie zawsze s\u0105 przeczytane czy nawet zauwa\u017cone przez odbiorc\u00f3w. Zarazem jedna wiadomo\u015b\u0107 mo\u017ce wy\u015bwietli\u0107 si\u0119 temu samemu u\u017cytkownikowi wi\u0119cej razy.<\/p>\n<p>Jak pokazuje powy\u017cszy wykres, w dniu wizyty premier\u00f3w w Kijowie Mateusz Morawiecki i Jaros\u0142aw Kaczy\u0144ski pojawiali si\u0119 zdecydowanie cz\u0119\u015bciej ni\u017c premierzy Wielkiej Brytanii i Francji. <strong>We wtorek 15. marca posty dotycz\u0105ce ich mia\u0142y \u0142\u0105cznie 5 mln wy\u015bwietle\u0144<\/strong>. Zwi\u0119kszon\u0105 cz\u0119stotliwo\u015b\u0107 wzmianek o Kaczy\u0144skim mo\u017cna zaobserwowa\u0107 te\u017c w kolejnym dniu, wskutek dyskusji o znaczeniu jego s\u0142\u00f3w na temat misji pokojowej NATO. Warto podkre\u015bli\u0107, \u017ce w dniach poprzedzaj\u0105cych wizyt\u0119, a tak\u017ce 17. marca premier Morawiecki i wicepremier Kaczy\u0144ski w og\u00f3le nie pojawiali si\u0119 na analizowanych kana\u0142ach.<\/p>\n<p><span style=\"font-weight: 400;\"><strong>W innych dniach zdecydowanie najcz\u0119\u015bciej z analizowanych polityk\u00f3w pojawia\u0142 si\u0119 Emmanuel Macron<\/strong>. Posty dotycz\u0105ce go mia\u0142y \u0142\u0105cznie najwi\u0119cej, bo 10 mln ods\u0142on, 12 marca. W tym dniu rozmawia\u0142 zar\u00f3wno z W\u0142adimirem Putinem, jak i, razem z Olafem Scholzem, z Wo\u0142odymirem Zelenskim. Dla por\u00f3wnania, sam oficjalny kana\u0142 prezydenta Ukrainy ma 15-25 mln wy\u015bwietle\u0144 dziennie.<\/span><\/p>\n<h2><span style=\"font-weight: 400;\">Zaanga\u017cowanie, czyli reakcja na komunikacj\u0119<\/span><\/h2>\n<p><strong><a href=\"https:\/\/www.sotrender.com\/blog\/2019\/06\/natural-language-processing\/\">Zaanga\u017cowanie odbiorc\u00f3w<\/a> to inaczej ich reakcja na komunikaty, widoczna dla innych u\u017cytkownik\u00f3w<\/strong><span style=\"font-weight: 400;\">. Na Telegramie ikonki reakcji pomagaj\u0105 wyrazi\u0107 emocje. S\u0105 zar\u00f3wno ikonki pozytywne (serce, ogie\u0144, oklaski, itd.), jak i negatywne (z\u0142o\u015b\u0107, wymiotowanie, smutek czy nawet\u2026 kupa). Ponadto u\u017cytkownicy mog\u0105 udost\u0119<\/span>pnia\u0107 dalej posty i, na niekt\u00f3rych kana\u0142ach, komentowa\u0107 je. Wszystkie te zachowania pokazuj\u0105, czy komunikat budzi emocje i odzew odbiorc\u00f3w. Aby mie\u0107 jedn\u0105 liczb\u0119 pokazuj\u0105c\u0105 poziom zaanga\u017cowania, u\u017cyli\u015bmy <a href=\"https:\/\/www.sotrender.com\/blog\/pl\/2020\/02\/interactivity-index-czyli-nasz-wskaznik-aktywnosci\/\">Interactivity Index <\/a> . Jest to stworzony przez nas wa\u017cony wska\u017anik zaanga\u017cowania. Im silniejsze zaanga\u017cowanie odbiorc\u00f3w (wi\u0119cej reakcji, komentarzy i zw\u0142aszcza udost\u0119pnie\u0144), tym wy\u017csza warto\u015b\u0107 Interactivity Index.<br \/>\n<img loading=\"lazy\" decoding=\"async\" class=\"aligncenter wp-image-44807\" src=\"https:\/\/www.sotrender.com\/blog\/wp-content\/uploads\/2022\/03\/politycy_ini-475x198.png\" alt=\"Telegram - zaanga\u017cowanie dla post\u00f3w dotycz\u0105cych polityk\u00f3w\" width=\"653\" height=\"272\" srcset=\"https:\/\/www.sotrender.com\/blog\/wp-content\/uploads\/2022\/03\/politycy_ini-475x198.png 475w, https:\/\/www.sotrender.com\/blog\/wp-content\/uploads\/2022\/03\/politycy_ini-768x320.png 768w, https:\/\/www.sotrender.com\/blog\/wp-content\/uploads\/2022\/03\/politycy_ini.png 1200w\" sizes=\"(max-width: 653px) 100vw, 653px\" \/><br \/>\n<span style=\"font-weight: 400;\"><strong>Jak pokazuje wykres, niemal codzienna aktywno\u015b\u0107 Macrona, w tym rozmowy z Putinem,\u00a0 skutkuje zdecydowanie najwi\u0119kszym zaanga\u017cowaniem<\/strong>. Jedynie 15. marca znacznie wi\u0119ksze zaanga\u017cowanie wywo\u0142a\u0142y komunikaty dotycz\u0105ce Morawieckiego i Kaczy\u0144skiego. Co ciekawe, na przyk\u0142adzie prezydenta\u00a0<\/span>Francji wida\u0107, \u017ce zasi\u0119g nie zawsze idzie w parze z zaanga\u017cowaniem. Posty o nim zdecydowanie najlepiej anga\u017cowa\u0142y 17. marca, cho\u0107 najwi\u0119kszy zasi\u0119g mia\u0142y 12. marca.<\/p>\n<h2><span style=\"font-weight: 400;\">Znaczenie wizyty premier\u00f3w w debacie publicznej<\/span><\/h2>\n<p><span style=\"font-weight: 400;\"><strong>Nasza analiza pokazuje, \u017ce w dniach wizyty w Kijowie informacje o niej odgrywa\u0142y istotn\u0105 rol\u0105 w debacie publicznej na Telegramie<\/strong>. W innych dniach zdecydowanie wi\u0119ksz\u0105 popularno\u015bci\u0105 cieszy\u0142y si\u0119 tre\u015bci zwi\u0105zane z prezydentem Francji, kt\u00f3ry stara si\u0119 odgrywa\u0107 istotn\u0105 rol\u0119 w rozmowach wok\u00f3\u0142 konfliktu. Dla odmiany dzia\u0142ania premiera Wielkiej Brytanii, kt\u00f3ry r\u00f3wnie\u017c pr\u00f3buje pe\u0142ni\u0107 aktywn\u0105 rol\u0119, nie wzbudza\u0142y w badanym okresie du\u017cego zainteresowania. Pr\u00f3buj\u0105c oceni\u0107 wizyt\u0119 premier\u00f3w w Kijowie, warto wzi\u0105\u0107 pod uwag\u0119, \u017ce tego i nast\u0119pnego dnia <strong>bardzo wyra\u017anie zaistnieli w rosyjskich, ukrai\u0144skich i bia\u0142oruskich mediach, przy\u0107miewaj\u0105c przyw\u00f3dc\u00f3w innych pa\u0144stw europejskich<\/strong>.<\/span><\/p>\n","protected":false},"excerpt":{"rendered":"<p>We wtorek 15. marca premierzy Polski, S\u0142owenii i Czech wraz z wicepremierem Jaros\u0142awem Kaczy\u0144skim odwiedzili Kij\u00f3w, gdzie m.in. spotkali si\u0119 z w\u0142adzami Ukrainy. Ich podr\u00f3\u017c spotka\u0142a si\u0119 ze zr\u00f3\u017cnicowanymi reakcjami polskich medi\u00f3w i wieloma skrajnymi opiniami w internecie. Dzi\u0119ki analizie danych z komunikatora spo\u0142eczno\u015bciowego Telegram sprawdzili\u015bmy odbi\u00f3r tej wizyty w Ukrainie, Rosji i na Bia\u0142orusi. [&hellip;]<\/p>\n","protected":false},"author":2,"featured_media":44817,"comment_status":"open","ping_status":"open","sticky":false,"template":"","format":"standard","meta":{"inline_featured_image":false,"footnotes":""},"categories":[1791,1793,2125],"tags":[519,3159],"yoast_head":"<!-- This site is optimized with the Yoast SEO plugin v22.4 - https:\/\/yoast.com\/wordpress\/plugins\/seo\/ -->\n<title>Odbi\u00f3r wizyty premier\u00f3w w Kijowie: Analiza danych z serwisu Telegram<\/title>\n<meta name=\"description\" content=\"Telegram - badanie Sotrendera. Analiza zasi\u0119gu i zaanga\u017cowania dla publikacji o politykach w mediach ukrai\u0144skich, rosyjskich i bia\u0142oruskich.\" \/>\n<meta name=\"robots\" content=\"index, follow, max-snippet:-1, max-image-preview:large, max-video-preview:-1\" \/>\n<link rel=\"canonical\" href=\"https:\/\/www.sotrender.com\/blog\/pl\/2022\/03\/wizyta-w-kijowie-analiza-danych-telegram\/\" \/>\n<meta property=\"og:locale\" content=\"pl_PL\" \/>\n<meta property=\"og:type\" content=\"article\" \/>\n<meta property=\"og:title\" content=\"Odbi\u00f3r wizyty premier\u00f3w w Kijowie: Analiza danych z serwisu Telegram\" \/>\n<meta property=\"og:description\" content=\"Telegram - badanie Sotrendera. Analiza zasi\u0119gu i zaanga\u017cowania dla publikacji o politykach w mediach ukrai\u0144skich, rosyjskich i bia\u0142oruskich.\" \/>\n<meta property=\"og:url\" content=\"https:\/\/www.sotrender.com\/blog\/pl\/2022\/03\/wizyta-w-kijowie-analiza-danych-telegram\/\" \/>\n<meta property=\"og:site_name\" content=\"Sotrender Blog\" \/>\n<meta property=\"article:publisher\" content=\"https:\/\/www.facebook.com\/Sotrender\" \/>\n<meta property=\"article:author\" content=\"https:\/\/www.facebook.com\/jan.zajac.75?fref=ts\" \/>\n<meta property=\"article:published_time\" content=\"2022-03-18T23:12:10+00:00\" \/>\n<meta property=\"article:modified_time\" content=\"2022-03-19T09:43:11+00:00\" \/>\n<meta property=\"og:image\" content=\"https:\/\/www.sotrender.com\/blog\/wp-content\/uploads\/2022\/03\/tina-hartung-IwLY-pLic_U-unsplash-2999x2000.jpg\" \/>\n\t<meta property=\"og:image:width\" content=\"2999\" \/>\n\t<meta property=\"og:image:height\" content=\"2000\" \/>\n\t<meta property=\"og:image:type\" content=\"image\/jpeg\" \/>\n<meta name=\"author\" content=\"Jan Zaj\u0105c\" \/>\n<meta name=\"twitter:card\" content=\"summary_large_image\" \/>\n<meta name=\"twitter:creator\" content=\"@http:\/\/twitter.com\/janekzajac\" \/>\n<meta name=\"twitter:site\" content=\"@Sotrender\" \/>\n<meta name=\"twitter:label1\" content=\"Written by\" \/>\n\t<meta name=\"twitter:data1\" content=\"Jan Zaj\u0105c\" \/>\n\t<meta name=\"twitter:label2\" content=\"Est. reading time\" \/>\n\t<meta name=\"twitter:data2\" content=\"5 minutes\" \/>\n<script type=\"application\/ld+json\" class=\"yoast-schema-graph\">{\"@context\":\"https:\/\/schema.org\",\"@graph\":[{\"@type\":\"WebPage\",\"@id\":\"https:\/\/www.sotrender.com\/blog\/pl\/2022\/03\/wizyta-w-kijowie-analiza-danych-telegram\/\",\"url\":\"https:\/\/www.sotrender.com\/blog\/pl\/2022\/03\/wizyta-w-kijowie-analiza-danych-telegram\/\",\"name\":\"Odbi\u00f3r wizyty premier\u00f3w w Kijowie: Analiza danych z serwisu Telegram\",\"isPartOf\":{\"@id\":\"https:\/\/www.sotrender.com\/blog\/#website\"},\"primaryImageOfPage\":{\"@id\":\"https:\/\/www.sotrender.com\/blog\/pl\/2022\/03\/wizyta-w-kijowie-analiza-danych-telegram\/#primaryimage\"},\"image\":{\"@id\":\"https:\/\/www.sotrender.com\/blog\/pl\/2022\/03\/wizyta-w-kijowie-analiza-danych-telegram\/#primaryimage\"},\"thumbnailUrl\":\"https:\/\/www.sotrender.com\/blog\/wp-content\/uploads\/2022\/03\/tina-hartung-IwLY-pLic_U-unsplash.jpg\",\"datePublished\":\"2022-03-18T23:12:10+00:00\",\"dateModified\":\"2022-03-19T09:43:11+00:00\",\"author\":{\"@id\":\"https:\/\/www.sotrender.com\/blog\/#\/schema\/person\/15d4db3ba9c4e61b1cb96099300e7c51\"},\"description\":\"Telegram - badanie Sotrendera. Analiza zasi\u0119gu i zaanga\u017cowania dla publikacji o politykach w mediach ukrai\u0144skich, rosyjskich i bia\u0142oruskich.\",\"breadcrumb\":{\"@id\":\"https:\/\/www.sotrender.com\/blog\/pl\/2022\/03\/wizyta-w-kijowie-analiza-danych-telegram\/#breadcrumb\"},\"inLanguage\":\"pl-PL\",\"potentialAction\":[{\"@type\":\"ReadAction\",\"target\":[\"https:\/\/www.sotrender.com\/blog\/pl\/2022\/03\/wizyta-w-kijowie-analiza-danych-telegram\/\"]}]},{\"@type\":\"ImageObject\",\"inLanguage\":\"pl-PL\",\"@id\":\"https:\/\/www.sotrender.com\/blog\/pl\/2022\/03\/wizyta-w-kijowie-analiza-danych-telegram\/#primaryimage\",\"url\":\"https:\/\/www.sotrender.com\/blog\/wp-content\/uploads\/2022\/03\/tina-hartung-IwLY-pLic_U-unsplash.jpg\",\"contentUrl\":\"https:\/\/www.sotrender.com\/blog\/wp-content\/uploads\/2022\/03\/tina-hartung-IwLY-pLic_U-unsplash.jpg\",\"width\":4334,\"height\":2890},{\"@type\":\"BreadcrumbList\",\"@id\":\"https:\/\/www.sotrender.com\/blog\/pl\/2022\/03\/wizyta-w-kijowie-analiza-danych-telegram\/#breadcrumb\",\"itemListElement\":[{\"@type\":\"ListItem\",\"position\":1,\"name\":\"Home\",\"item\":\"https:\/\/www.sotrender.com\/blog\/\"},{\"@type\":\"ListItem\",\"position\":2,\"name\":\"Odbi\u00f3r wizyty premier\u00f3w w Kijowie: analiza danych z serwisu Telegram\"}]},{\"@type\":\"WebSite\",\"@id\":\"https:\/\/www.sotrender.com\/blog\/#website\",\"url\":\"https:\/\/www.sotrender.com\/blog\/\",\"name\":\"Sotrender Blog\",\"description\":\"\",\"potentialAction\":[{\"@type\":\"SearchAction\",\"target\":{\"@type\":\"EntryPoint\",\"urlTemplate\":\"https:\/\/www.sotrender.com\/blog\/?s={search_term_string}\"},\"query-input\":\"required name=search_term_string\"}],\"inLanguage\":\"pl-PL\"},{\"@type\":\"Person\",\"@id\":\"https:\/\/www.sotrender.com\/blog\/#\/schema\/person\/15d4db3ba9c4e61b1cb96099300e7c51\",\"name\":\"Jan Zaj\u0105c\",\"image\":{\"@type\":\"ImageObject\",\"inLanguage\":\"pl-PL\",\"@id\":\"https:\/\/www.sotrender.com\/blog\/#\/schema\/person\/image\/\",\"url\":\"https:\/\/secure.gravatar.com\/avatar\/330c70ea205c5402148d7c7d8927d81d?s=96&d=mm&r=g\",\"contentUrl\":\"https:\/\/secure.gravatar.com\/avatar\/330c70ea205c5402148d7c7d8927d81d?s=96&d=mm&r=g\",\"caption\":\"Jan Zaj\u0105c\"},\"description\":\"Psychologist &amp; economist, experienced consultant &amp; researcher, who speaks 6 languages and has cycled around 17 countries.\",\"sameAs\":[\"https:\/\/www.facebook.com\/jan.zajac.75?fref=ts\",\"https:\/\/www.linkedin.com\/in\/janekzajac\",\"https:\/\/twitter.com\/http:\/\/twitter.com\/janekzajac\"],\"url\":\"https:\/\/www.sotrender.com\/blog\/pl\/author\/jan_zajc\/\"}]}<\/script>\n<!-- \/ Yoast SEO plugin. -->","yoast_head_json":{"title":"Odbi\u00f3r wizyty premier\u00f3w w Kijowie: Analiza danych z serwisu Telegram","description":"Telegram - badanie Sotrendera. Analiza zasi\u0119gu i zaanga\u017cowania dla publikacji o politykach w mediach ukrai\u0144skich, rosyjskich i bia\u0142oruskich.","robots":{"index":"index","follow":"follow","max-snippet":"max-snippet:-1","max-image-preview":"max-image-preview:large","max-video-preview":"max-video-preview:-1"},"canonical":"https:\/\/www.sotrender.com\/blog\/pl\/2022\/03\/wizyta-w-kijowie-analiza-danych-telegram\/","og_locale":"pl_PL","og_type":"article","og_title":"Odbi\u00f3r wizyty premier\u00f3w w Kijowie: Analiza danych z serwisu Telegram","og_description":"Telegram - badanie Sotrendera. Analiza zasi\u0119gu i zaanga\u017cowania dla publikacji o politykach w mediach ukrai\u0144skich, rosyjskich i bia\u0142oruskich.","og_url":"https:\/\/www.sotrender.com\/blog\/pl\/2022\/03\/wizyta-w-kijowie-analiza-danych-telegram\/","og_site_name":"Sotrender Blog","article_publisher":"https:\/\/www.facebook.com\/Sotrender","article_author":"https:\/\/www.facebook.com\/jan.zajac.75?fref=ts","article_published_time":"2022-03-18T23:12:10+00:00","article_modified_time":"2022-03-19T09:43:11+00:00","og_image":[{"width":2999,"height":2000,"url":"https:\/\/www.sotrender.com\/blog\/wp-content\/uploads\/2022\/03\/tina-hartung-IwLY-pLic_U-unsplash-2999x2000.jpg","type":"image\/jpeg"}],"author":"Jan Zaj\u0105c","twitter_card":"summary_large_image","twitter_creator":"@http:\/\/twitter.com\/janekzajac","twitter_site":"@Sotrender","twitter_misc":{"Written by":"Jan Zaj\u0105c","Est. reading time":"5 minutes"},"schema":{"@context":"https:\/\/schema.org","@graph":[{"@type":"WebPage","@id":"https:\/\/www.sotrender.com\/blog\/pl\/2022\/03\/wizyta-w-kijowie-analiza-danych-telegram\/","url":"https:\/\/www.sotrender.com\/blog\/pl\/2022\/03\/wizyta-w-kijowie-analiza-danych-telegram\/","name":"Odbi\u00f3r wizyty premier\u00f3w w Kijowie: Analiza danych z serwisu Telegram","isPartOf":{"@id":"https:\/\/www.sotrender.com\/blog\/#website"},"primaryImageOfPage":{"@id":"https:\/\/www.sotrender.com\/blog\/pl\/2022\/03\/wizyta-w-kijowie-analiza-danych-telegram\/#primaryimage"},"image":{"@id":"https:\/\/www.sotrender.com\/blog\/pl\/2022\/03\/wizyta-w-kijowie-analiza-danych-telegram\/#primaryimage"},"thumbnailUrl":"https:\/\/www.sotrender.com\/blog\/wp-content\/uploads\/2022\/03\/tina-hartung-IwLY-pLic_U-unsplash.jpg","datePublished":"2022-03-18T23:12:10+00:00","dateModified":"2022-03-19T09:43:11+00:00","author":{"@id":"https:\/\/www.sotrender.com\/blog\/#\/schema\/person\/15d4db3ba9c4e61b1cb96099300e7c51"},"description":"Telegram - badanie Sotrendera. Analiza zasi\u0119gu i zaanga\u017cowania dla publikacji o politykach w mediach ukrai\u0144skich, rosyjskich i bia\u0142oruskich.","breadcrumb":{"@id":"https:\/\/www.sotrender.com\/blog\/pl\/2022\/03\/wizyta-w-kijowie-analiza-danych-telegram\/#breadcrumb"},"inLanguage":"pl-PL","potentialAction":[{"@type":"ReadAction","target":["https:\/\/www.sotrender.com\/blog\/pl\/2022\/03\/wizyta-w-kijowie-analiza-danych-telegram\/"]}]},{"@type":"ImageObject","inLanguage":"pl-PL","@id":"https:\/\/www.sotrender.com\/blog\/pl\/2022\/03\/wizyta-w-kijowie-analiza-danych-telegram\/#primaryimage","url":"https:\/\/www.sotrender.com\/blog\/wp-content\/uploads\/2022\/03\/tina-hartung-IwLY-pLic_U-unsplash.jpg","contentUrl":"https:\/\/www.sotrender.com\/blog\/wp-content\/uploads\/2022\/03\/tina-hartung-IwLY-pLic_U-unsplash.jpg","width":4334,"height":2890},{"@type":"BreadcrumbList","@id":"https:\/\/www.sotrender.com\/blog\/pl\/2022\/03\/wizyta-w-kijowie-analiza-danych-telegram\/#breadcrumb","itemListElement":[{"@type":"ListItem","position":1,"name":"Home","item":"https:\/\/www.sotrender.com\/blog\/"},{"@type":"ListItem","position":2,"name":"Odbi\u00f3r wizyty premier\u00f3w w Kijowie: analiza danych z serwisu Telegram"}]},{"@type":"WebSite","@id":"https:\/\/www.sotrender.com\/blog\/#website","url":"https:\/\/www.sotrender.com\/blog\/","name":"Sotrender Blog","description":"","potentialAction":[{"@type":"SearchAction","target":{"@type":"EntryPoint","urlTemplate":"https:\/\/www.sotrender.com\/blog\/?s={search_term_string}"},"query-input":"required name=search_term_string"}],"inLanguage":"pl-PL"},{"@type":"Person","@id":"https:\/\/www.sotrender.com\/blog\/#\/schema\/person\/15d4db3ba9c4e61b1cb96099300e7c51","name":"Jan Zaj\u0105c","image":{"@type":"ImageObject","inLanguage":"pl-PL","@id":"https:\/\/www.sotrender.com\/blog\/#\/schema\/person\/image\/","url":"https:\/\/secure.gravatar.com\/avatar\/330c70ea205c5402148d7c7d8927d81d?s=96&d=mm&r=g","contentUrl":"https:\/\/secure.gravatar.com\/avatar\/330c70ea205c5402148d7c7d8927d81d?s=96&d=mm&r=g","caption":"Jan Zaj\u0105c"},"description":"Psychologist &amp; economist, experienced consultant &amp; researcher, who speaks 6 languages and has cycled around 17 countries.","sameAs":["https:\/\/www.facebook.com\/jan.zajac.75?fref=ts","https:\/\/www.linkedin.com\/in\/janekzajac","https:\/\/twitter.com\/http:\/\/twitter.com\/janekzajac"],"url":"https:\/\/www.sotrender.com\/blog\/pl\/author\/jan_zajc\/"}]}},"_links":{"self":[{"href":"https:\/\/www.sotrender.com\/blog\/pl\/wp-json\/wp\/v2\/posts\/44801"}],"collection":[{"href":"https:\/\/www.sotrender.com\/blog\/pl\/wp-json\/wp\/v2\/posts"}],"about":[{"href":"https:\/\/www.sotrender.com\/blog\/pl\/wp-json\/wp\/v2\/types\/post"}],"author":[{"embeddable":true,"href":"https:\/\/www.sotrender.com\/blog\/pl\/wp-json\/wp\/v2\/users\/2"}],"replies":[{"embeddable":true,"href":"https:\/\/www.sotrender.com\/blog\/pl\/wp-json\/wp\/v2\/comments?post=44801"}],"version-history":[{"count":5,"href":"https:\/\/www.sotrender.com\/blog\/pl\/wp-json\/wp\/v2\/posts\/44801\/revisions"}],"predecessor-version":[{"id":44823,"href":"https:\/\/www.sotrender.com\/blog\/pl\/wp-json\/wp\/v2\/posts\/44801\/revisions\/44823"}],"wp:featuredmedia":[{"embeddable":true,"href":"https:\/\/www.sotrender.com\/blog\/pl\/wp-json\/wp\/v2\/media\/44817"}],"wp:attachment":[{"href":"https:\/\/www.sotrender.com\/blog\/pl\/wp-json\/wp\/v2\/media?parent=44801"}],"wp:term":[{"taxonomy":"category","embeddable":true,"href":"https:\/\/www.sotrender.com\/blog\/pl\/wp-json\/wp\/v2\/categories?post=44801"},{"taxonomy":"post_tag","embeddable":true,"href":"https:\/\/www.sotrender.com\/blog\/pl\/wp-json\/wp\/v2\/tags?post=44801"}],"curies":[{"name":"wp","href":"https:\/\/api.w.org\/{rel}","templated":true}]}}