{"id":44767,"date":"2022-03-15T15:33:49","date_gmt":"2022-03-15T14:33:49","guid":{"rendered":"https:\/\/www.sotrender.com\/blog\/?p=44767\/"},"modified":"2022-03-15T18:58:12","modified_gmt":"2022-03-15T17:58:12","slug":"po-naglej-reakcji-na-wojne-branza-reklamowa-znow-aktywna","status":"publish","type":"post","link":"https:\/\/www.sotrender.com\/blog\/pl\/2022\/03\/po-naglej-reakcji-na-wojne-branza-reklamowa-znow-aktywna\/","title":{"rendered":"Po nag\u0142ej reakcji na wojn\u0119, bran\u017ca reklamowa zn\u00f3w aktywna"},"content":{"rendered":"<p><span style=\"font-weight: 400;\">Od ponad dw\u00f3ch tygodni obserwujemy, jak inwazja na Ukrain\u0119 wp\u0142ywa na dzia\u0142ania marketingowe. <\/span><b>Cho\u0107 w ostatnich dniach lutego aktywno\u015b\u0107 reklamowa w ekosystemie Meta gwa\u0142townie zmala\u0142a, na pocz\u0105tku marca nast\u0105pi\u0142o odwr\u00f3cenie tego trendu<\/b><span style=\"font-weight: 400;\">. <\/span><b>Wzros\u0142a liczba aktywnych reklam i wydatki, ale do poziomu znacznie ni\u017cszego ni\u017c przed wojn\u0105<\/b><span style=\"font-weight: 400;\">. Wida\u0107, \u017ce reklamodawcy stopniowo adaptuj\u0105 si\u0119 do nowych reali\u00f3w. Obawy przed kryzysem i wi\u0119kszym ograniczeniem bud\u017cet\u00f3w s\u0105 jednak aktualne.<\/span><\/p>\n<h2><b>Wi\u0119ksza liczba reklam w pierwszym tygodniu marca<\/b><\/h2>\n<p><b>Przypomnijmy, \u017ce w pierwszych dniach wojny szybko ograniczono kampanie reklamowe. Od 24 lutego dzienna liczba reklam stopniowo mala\u0142a, by ju\u017c 28 lutego przyj\u0105\u0107 prawie 3 razy mniejsz\u0105 warto\u015b\u0107<\/b><span style=\"font-weight: 400;\">. <\/span><span style=\"font-weight: 400;\">4 dni po rozpocz\u0119ciu konfliktu zbrojnego w Ukrainie,<\/span><b> nast\u0105pi\u0142 spadek a\u017c o 73% w liczbie aktywnych reklam <\/b><span style=\"font-weight: 400;\">w stosunku do najwy\u017cszego wyniku lutego. <\/span><a href=\"https:\/\/www.sotrender.com\/blog\/pl\/2022\/03\/reklamodawcy-zawieszaja-kampanie-na-facebooku-atak-na-ukraine\/\"><span style=\"font-weight: 400;\">Ca\u0142a analiza dost\u0119pna jest tutaj &gt;<\/span><\/a><\/p>\n<p><span style=\"font-weight: 400;\">Jednak, jak wynika z naszego badania*, od 28 lutego dynamika aktywno\u015bci reklamowej w ekosystemie Meta znowu wzros\u0142a. <\/span><b>Tylko 1 marca aktywnych by\u0142o ju\u017c 2 razy wi\u0119cej reklam ni\u017c dnia poprzedniego<\/b><span style=\"font-weight: 400;\">. W kolejnych dniach, od 2 do 4 marca, liczba reklam pozostawa\u0142a na podobnym poziomie, by od 4 marca zn\u00f3w zacz\u0105\u0107 nieznacznie spada\u0107.<\/span><\/p>\n<p><i><span style=\"font-weight: 400;\">*Analiza zosta\u0142a przeprowadzona na podstawie danych zebranych przez Sotrendera przy wykorzystaniu podej\u015bcia Federated Analytics, w oparciu o ponad 100 tys. reklam polskich podmiot\u00f3w w okresie 10.02.-07.03.2022.\u00a0<\/span><\/i><\/p>\n<p><b>Mimo wi\u0119kszej aktywno\u015bci reklamodawc\u00f3w, w pierwszym tygodniu marca aktywnych by\u0142o o po\u0142ow\u0119 mniej reklam ni\u017c w lutym.<\/b><\/p>\n<p><img loading=\"lazy\" decoding=\"async\" class=\"wp-image-44769 aligncenter\" src=\"https:\/\/www.sotrender.com\/blog\/wp-content\/uploads\/2022\/03\/image2-1.png\" alt=\"\" width=\"799\" height=\"333\" srcset=\"https:\/\/www.sotrender.com\/blog\/wp-content\/uploads\/2022\/03\/image2-1.png 1200w, https:\/\/www.sotrender.com\/blog\/wp-content\/uploads\/2022\/03\/image2-1-475x198.png 475w, https:\/\/www.sotrender.com\/blog\/wp-content\/uploads\/2022\/03\/image2-1-768x320.png 768w\" sizes=\"(max-width: 799px) 100vw, 799px\" \/><\/p>\n<p><i><span style=\"font-weight: 400;\">Jak czyta\u0107 wykres? Warto\u015b\u0107 100 oznacza najwi\u0119ksz\u0105 liczb\u0119 aktywnych reklam w danym miesi\u0105cu. Warto\u015b\u0107 50 oznacza, \u017ce liczba aktywnych reklam danego dnia by\u0142a dwukrotnie mniejsza.<\/span><\/i><\/p>\n<h2><b>Wydatki na reklam\u0119 &#8211; wi\u0119cej czy mniej?<\/b><\/h2>\n<p><span style=\"font-weight: 400;\">W minionym miesi\u0105cu, najwy\u017csze dzienne wydatki na reklam\u0119 odnotowali\u015bmy 18 oraz 24 lutego. Po tej dacie dzienne koszty reklam w ekosystemie Meta zacz\u0119\u0142y gwa\u0142townie spada\u0107, a <\/span><b>28 lutego stanowi\u0142y ju\u017c tylko \u2153 wydatk\u00f3w z 24 lutego<\/b><span style=\"font-weight: 400;\">.\u00a0<\/span><\/p>\n<p>Jan Zaj\u0105c, CEO Sotrendera:<\/p>\n<blockquote><p><span style=\"font-weight: 400;\">Wiele os\u00f3b w bran\u017cy reklamowej zadaje sobie pytanie o podobie\u0144stwa obecnej sytuacji do tego, co dzia\u0142o si\u0119 2 lata temu, po wybuchu pandemii COVID-19. W\u00f3wczas spadek wydatk\u00f3w reklamowych by\u0142 stosunkowo szybki, ale niezbyt d\u0142ugi. Z dzisiejszej perspektywy wida\u0107 te\u017c, \u017ce niekt\u00f3re firmy, czy wr\u0119cz ca\u0142e bran\u017ce, skorzysta\u0142y na zmianach w wydatkach i zachowaniach konsument\u00f3w. Wielu zarz\u0105dzaj\u0105cych zastanawia si\u0119, jakie wyci\u0105gn\u0105\u0107 z tego wnioski, i jak zachowa\u0107 si\u0119 obecnie. Dla wielu pierwsz\u0105 reakcj\u0105 jest ograniczenie wydatk\u00f3w tam, gdzie to mo\u017cliwe, a dopiero p\u00f3\u017aniej szukanie nowych szans.<\/span><\/p><\/blockquote>\n<p><b>Jak wygl\u0105da\u0142a sytuacja na pocz\u0105tku marca?<\/b><span style=\"font-weight: 400;\"> Od 28 lutego wydatki na reklam\u0119 w ekosystemie Meta zacz\u0119\u0142y na powr\u00f3t rosn\u0105\u0107. Ju\u017c 2 marca, w por\u00f3wnaniu do 28 lutego, <\/span><b>by\u0142y one ponad dwukrotnie wy\u017csze<\/b><span style=\"font-weight: 400;\">. Wida\u0107 te\u017c, \u017ce od 2 do 5 marca utrzymywa\u0142y si\u0119 na podobnym poziomie, a od 6 marca zacz\u0119\u0142y spada\u0107.<\/span><\/p>\n<p><b>Poziom wydatk\u00f3w w pierwszym tygodniu marca by\u0142 podobny do wydatk\u00f3w ponoszonych przez reklamodawc\u00f3w w po\u0142owie lutego.<\/b><\/p>\n<p><img loading=\"lazy\" decoding=\"async\" class=\"wp-image-44771 aligncenter\" src=\"https:\/\/www.sotrender.com\/blog\/wp-content\/uploads\/2022\/03\/image4-1.png\" alt=\"\" width=\"799\" height=\"333\" srcset=\"https:\/\/www.sotrender.com\/blog\/wp-content\/uploads\/2022\/03\/image4-1.png 1200w, https:\/\/www.sotrender.com\/blog\/wp-content\/uploads\/2022\/03\/image4-1-475x198.png 475w, https:\/\/www.sotrender.com\/blog\/wp-content\/uploads\/2022\/03\/image4-1-768x320.png 768w\" sizes=\"(max-width: 799px) 100vw, 799px\" \/><\/p>\n<p><a href=\"https:\/\/www.sotrender.com\/blog\/pl\/2022\/02\/porownuj-wyniki-reklam-z-social-media-na-tle-branzy-sotrender-ads\/\"><span style=\"font-weight: 400;\">Od niedawna, w Sotrender Ads dost\u0119pna jest nowa funkcja umo\u017cliwiaj\u0105ca por\u00f3wnanie w\u0142asnych wynik\u00f3w reklamowych z konkurencj\u0105 &gt;<\/span><\/a><\/p>\n<h2><b>\u017bywno\u015b\u0107 i napoje &#8211; tu reklam jest najmniej<\/b><\/h2>\n<p><span style=\"font-weight: 400;\">Sp\u00f3jrzmy na dzienn\u0105 liczb\u0119 reklam z uwzgl\u0119dnieniem kilku wybranych kategorii. Na poni\u017cszym wykresie wida\u0107, \u017ce <\/span><b>dzienna liczba reklam mala\u0142a od 24 lutego zw\u0142aszcza w kategorii \u017bywno\u015b\u0107 i napoje<\/b><span style=\"font-weight: 400;\">. W ostatnim tygodniu lutego liczba reklam w tej kategorii spad\u0142a nawet o 60%.<\/span><\/p>\n<p><b>Gwa\u0142towny spadek liczby reklam zauwa\u017calny by\u0142 tak\u017ce 28 lutego w kategorii Kosmetyki i zdrowie &#8211; z dnia na dzie\u0144 liczba reklam spad\u0142a prawie o po\u0142ow\u0119 i trend ten utrzymywa\u0142 si\u0119 w pierwszym tygodniu marca.<\/b><\/p>\n<p><span style=\"font-weight: 400;\">Co ciekawe, od 28 lutego do 4 marca ros\u0142a z kolei liczba reklam na profilach zwi\u0105zanych ze sztuk\u0105, rozrywk\u0105 i sportem.<\/span><\/p>\n<p><img loading=\"lazy\" decoding=\"async\" class=\"aligncenter wp-image-44773 \" src=\"https:\/\/www.sotrender.com\/blog\/wp-content\/uploads\/2022\/03\/image1-1.png\" alt=\"\" width=\"800\" height=\"400\" srcset=\"https:\/\/www.sotrender.com\/blog\/wp-content\/uploads\/2022\/03\/image1-1.png 1200w, https:\/\/www.sotrender.com\/blog\/wp-content\/uploads\/2022\/03\/image1-1-475x238.png 475w, https:\/\/www.sotrender.com\/blog\/wp-content\/uploads\/2022\/03\/image1-1-768x384.png 768w\" sizes=\"(max-width: 800px) 100vw, 800px\" \/><\/p>\n<p><span style=\"font-weight: 400;\">W zwi\u0105zku ze spadkiem liczby aktywnych reklam w kategorii \u017bywno\u015b\u0107 i napoje, znacznie zmala\u0142y te\u017c ich koszty. <\/span><b>1 marca wydatki na reklam\u0119 w powy\u017cszej kategorii by\u0142y prawie o 100% ni\u017csze od wydatk\u00f3w 19 lutego<\/b><span style=\"font-weight: 400;\">.<\/span><\/p>\n<p><img loading=\"lazy\" decoding=\"async\" class=\"wp-image-44775 aligncenter\" src=\"https:\/\/www.sotrender.com\/blog\/wp-content\/uploads\/2022\/03\/image5-1.png\" alt=\"\" width=\"800\" height=\"400\" srcset=\"https:\/\/www.sotrender.com\/blog\/wp-content\/uploads\/2022\/03\/image5-1.png 1200w, https:\/\/www.sotrender.com\/blog\/wp-content\/uploads\/2022\/03\/image5-1-475x238.png 475w, https:\/\/www.sotrender.com\/blog\/wp-content\/uploads\/2022\/03\/image5-1-768x384.png 768w\" sizes=\"(max-width: 800px) 100vw, 800px\" \/><\/p>\n<p><span style=\"font-weight: 400;\">Du\u017cy wzrost wydatk\u00f3w zauwa\u017calny by\u0142 tak\u017ce w kategorii Wyposa\u017cenie wn\u0119trz, zw\u0142aszcza w pierwszych trzech dniach marca. Tylko od 2 do 4 marca, <\/span><b>dzienna warto\u015b\u0107 wydatk\u00f3w na reklam\u0119 w tej sekcji wzros\u0142a 4-krotnie<\/b><span style=\"font-weight: 400;\">. Jednym z kierunk\u00f3w interpretacji mo\u017ce by\u0107 w tym przypadku wzmo\u017cone poszukiwanie element\u00f3w wyposa\u017cenia mieszka\u0144 i innych miejsc schronienia dla uchod\u017ac\u00f3w.<\/span><\/p>\n<p><strong>W pozosta\u0142ych kategoriach wydatki na pocz\u0105tku marca by\u0142y ni\u017csze ni\u017c w poprzednich dniach.<\/strong><\/p>\n<h2><b>Zmiany w \u015brednim CPC i CPM<\/b><\/h2>\n<p><span style=\"font-weight: 400;\">Je\u015bli chodzi o \u015bredni CPC i CPM, nasz\u0105 uwag\u0119 zwr\u00f3ci\u0142o szczeg\u00f3lnie kilka kategorii. W przypadku CPC, w pierwszych dniach marca najwy\u017cszy wzrost zaobserwowali\u015bmy w kategorii <\/span><b>\u017bywno\u015b\u0107 i napoje. 4 marca wska\u017anik osi\u0105gn\u0105\u0142 warto\u015b\u0107 3 z\u0142, przy czym, dzie\u0144 wcze\u015bniej wynosi\u0142 nieco mniej ni\u017c 1 z\u0142.<\/b><\/p>\n<p><span style=\"font-weight: 400;\">W kilku pozosta\u0142ych kategoriach, tj. Kosmetyki i zdrowie, Ubrania i akcesoria, Wyposa\u017cenie wn\u0119trz, koszt CPC by\u0142 stosunkowo niski i stabilny w pierwszym tygodniu marca. Waha\u0142 si\u0119 wtedy w granicach od <\/span><b>40<\/b><span style=\"font-weight: 400;\"> do <\/span><b>70<\/b><span style=\"font-weight: 400;\"> gr.\u00a0<\/span><\/p>\n<p><span style=\"font-weight: 400;\">Zauwa\u017cyli\u015bmy natomiast, \u017ce w kategorii Organizacje publiczne, wska\u017anik CPC by\u0142 wi\u0119kszy w dniach od 27 lutego do 3 marca, a najwy\u017csz\u0105 warto\u015b\u0107, w granicach 1,50 z\u0142, osi\u0105gn\u0105\u0142 2 marca. Warto zaznaczy\u0107, \u017ce niemal przez ca\u0142y luty, \u015bredni CPC dla tej kategorii wynosi\u0142 oko\u0142o 50 gr.<\/span><\/p>\n<p><a href=\"https:\/\/www.sotrender.com\/blog\/pl\/2022\/03\/facebook-trends-luty-2022-aktywizacja-polakow-spadek-liczby-reklam\/\"><span style=\"font-weight: 400;\">Je\u015bli chcesz pozna\u0107 \u015brednie stawki CPC i CPM dla ka\u017cdego miesi\u0105ca, \u015bled\u017a comiesi\u0119czne Facebook Trends dost\u0119pne wraz z danymi reklamowymi &gt;<\/span><\/a><\/p>\n<p><img loading=\"lazy\" decoding=\"async\" class=\"wp-image-44777 aligncenter\" src=\"https:\/\/www.sotrender.com\/blog\/wp-content\/uploads\/2022\/03\/image6.png\" alt=\"\" width=\"800\" height=\"400\" srcset=\"https:\/\/www.sotrender.com\/blog\/wp-content\/uploads\/2022\/03\/image6.png 1200w, https:\/\/www.sotrender.com\/blog\/wp-content\/uploads\/2022\/03\/image6-475x238.png 475w, https:\/\/www.sotrender.com\/blog\/wp-content\/uploads\/2022\/03\/image6-768x384.png 768w\" sizes=\"(max-width: 800px) 100vw, 800px\" \/><\/p>\n<p><span style=\"font-weight: 400;\">Je\u017celi chodzi o wska\u017anik CPM, <\/span><b>najwi\u0119ksze wahania odnotowali\u015bmy w kategorii Organizacje publiczne<\/b><span style=\"font-weight: 400;\">.<\/span><\/p>\n<p><span style=\"font-weight: 400;\">25 lutego wska\u017anik przyj\u0105\u0142 najwy\u017csz\u0105 warto\u015b\u0107 w miesi\u0105cu, i wyni\u00f3s\u0142 <\/span><b>oko\u0142o 12 z\u0142<\/b><span style=\"font-weight: 400;\">, jednak ju\u017c 26 lutego jego warto\u015b\u0107 spad\u0142a do <\/span><b>oko\u0142o 3 z\u0142<\/b><span style=\"font-weight: 400;\"> i utrzymywa\u0142a si\u0119 na podobnym poziomie do 1 marca. By\u0142y to pierwsze dni po wybuchu wojny, co zbieg\u0142o si\u0119 r\u00f3wnie\u017c z weekendem oraz wzmo\u017conym zainteresowaniem i zaanga\u017cowaniem u\u017cytkownik\u00f3w w kwestie pomocowe.<\/span><\/p>\n<p><img loading=\"lazy\" decoding=\"async\" class=\"wp-image-44779 aligncenter\" src=\"https:\/\/www.sotrender.com\/blog\/wp-content\/uploads\/2022\/03\/image3-1.png\" alt=\"\" width=\"800\" height=\"400\" srcset=\"https:\/\/www.sotrender.com\/blog\/wp-content\/uploads\/2022\/03\/image3-1.png 1200w, https:\/\/www.sotrender.com\/blog\/wp-content\/uploads\/2022\/03\/image3-1-475x238.png 475w, https:\/\/www.sotrender.com\/blog\/wp-content\/uploads\/2022\/03\/image3-1-768x384.png 768w\" sizes=\"(max-width: 800px) 100vw, 800px\" \/><\/p>\n<p><span style=\"font-weight: 400;\">W pierwszych dniach marca \u015bredni CPM dla reklam organizacji publicznych zn\u00f3w by\u0142 wy\u017cszy.<\/span><\/p>\n<p><span style=\"font-weight: 400;\">Du\u017cy wzrost CPM odnotowali\u015bmy tak\u017ce w przypadku kategorii Centra handlowe. \u015arednia warto\u015b\u0107 CPM dla tej bran\u017cy wynios\u0142a w ostatnim tygodniu lutego oko\u0142o<\/span><b> 7 z\u0142<\/b><span style=\"font-weight: 400;\">, a 1 marca &#8211; <\/span><b>ju\u017c dwukrotnie wi\u0119cej, bo 14 z\u0142<\/b><span style=\"font-weight: 400;\">. W pierwszych dniach marca CPM zacz\u0105\u0142 powoli spada\u0107.<\/span><\/p>\n<p><span style=\"font-weight: 400;\">Co ciekawe, \u015bredni CPM dla bran\u017cy Kosmetyki i zdrowie, zar\u00f3wno w ostatnich dniach lutego, jak i w pierwszych dniach marca, utrzymywa\u0142 si\u0119 na podobnym poziomie. W przypadku kategorii \u017bywno\u015b\u0107 i napoje,<\/span><b> od 28 lutego \u015brednia warto\u015b\u0107 CPM by\u0142a z dnia na dzie\u0144 coraz mniejsza<\/b><span style=\"font-weight: 400;\">.<\/span><\/p>\n<h2><b>Jak reklamodawcy dostosowuj\u0105 si\u0119 do obecnej sytuacji?<\/b><\/h2>\n<p><span style=\"font-weight: 400;\">W pierwszych dniach po wybuchu wojny w Ukrainie, wiele kampanii reklamowych zosta\u0142o zamro\u017conych. By\u0142 to do\u015b\u0107 naturalny odruch reklamodawc\u00f3w. Nikt nie by\u0142 przygotowany na tak\u0105 sytuacj\u0119, a <\/span><b>nowe okoliczno\u015bci zdeterminowa\u0142y zupe\u0142nie inne zachowania i potrzeby konsument\u00f3w<\/b><span style=\"font-weight: 400;\">, kt\u00f3re trzeba by\u0142o rozpozna\u0107 i zrozumie\u0107. Marketerzy obawiali si\u0119 o to, w jakim kontek\u015bcie pojawi\u0105 si\u0119 ich reklamy, a kreacje w weso\u0142ym tonie nagle okaza\u0142y si\u0119 niestosowne.<\/span><\/p>\n<p><span style=\"font-weight: 400;\">Co wi\u0119cej, wielu reklamodawcom wydawa\u0142o si\u0119, \u017ce bardzo trudno b\u0119dzie konkurowa\u0107 o uwag\u0119 odbiorc\u00f3w, i to pomimo, \u017ce niekt\u00f3rzy u\u017cytkownicy wr\u00f3cili do intensywniejszego korzystania z medi\u00f3w spo\u0142eczno\u015bciowych. Wreszcie, wiele firm ograniczy\u0142o dzia\u0142ania, obawiaj\u0105c si\u0119 mo\u017cliwego kryzysu czy cho\u0107by spowolnienia wzrostu gospodarczego.<\/span><\/p>\n<p><span style=\"font-weight: 400;\">Jakub Biel, ekspert ds komunikacji i nowych medi\u00f3w:<\/span><\/p>\n<blockquote><p><span style=\"font-weight: 400;\">Pocz\u0105tkowo odbiorcy przestali klika\u0107 w jakiekolwiek reklamy, bo kolejne wiadomo\u015bci z Ukrainy znacznie bardziej przyci\u0105ga\u0142y uwag\u0119 ni\u017c przeceny na buty czy spodnie. Jednak powoli wszyscy oswajamy si\u0119 z now\u0105 rzeczywisto\u015bci\u0105, a ci\u0105g\u0142e \u015bledzenie wojny m\u0119czy psychicznie. Nadchodz\u0105ca wiosna budzi kolejne bran\u017ce, a informacje zza wschodniej granicy staj\u0105 si\u0119 nowymi statystykami zaka\u017ce\u0144 z 2020 &#8211; czyli: \u201esprawdz\u0119 rano i bior\u0119 si\u0119 za prac\u0119\u201d. Co wa\u017cne, nie ma w tym z\u0142ej woli &#8211; to przesyt negatywnych informacji powoduje, \u017ce szukamy odskoczni. Lada chwila zaczn\u0105 si\u0119 te\u017c przygotowania do \u015bwi\u0105t wielkanocnych. Z drugiej strony mamy firmy, kt\u00f3re po dw\u00f3ch tygodniach nie tylko zrozumia\u0142y, \u017ce przecie\u017c musz\u0105 zarabia\u0107 (\u017ceby istnie\u0107), ale te\u017c dostosowa\u0142y komunikacj\u0119 do nowych warunk\u00f3w. Grafiki s\u0105 znacznie bardziej wywa\u017cone, a przekaz spokojny i mniej emocjonalny. Jeszcze troch\u0119 czasu up\u0142ynie, zanim marki wr\u00f3c\u0105 do kolorowych i zabawnych reklam, ale ju\u017c zobaczy\u0142y, \u017ce fani wchodz\u0105 w interakcje i rozumiej\u0105 te\u017c, \u017ce \u015bwiat toczy si\u0119 dalej. Powoli wida\u0107 to tak\u017ce w zachowaniach klient\u00f3w najwi\u0119kszych sklep\u00f3w internetowych.<\/span><\/p><\/blockquote>\n<p><span style=\"font-weight: 400;\">Ewa Wijura, Social Media Team Leader w GoldenSubmarine:<\/span><\/p>\n<blockquote><p><span style=\"font-weight: 400;\">Komunikacja marketingowa to r\u00f3wnie\u017c nieustanna walka o uwag\u0119 u\u017cytkownik\u00f3w, a w pierwszych dniach wojny media spo\u0142eczno\u015bciowe zosta\u0142y zdominowane przez doniesienia z frontu walki oraz oddolne akcje niesienia pomocy uchod\u017acom. To te tematy zaw\u0142adn\u0119\u0142y wyobra\u017ani\u0105 u\u017cytkownik\u00f3w, wi\u0119c kampanie aktywne w tym czasie mog\u0142y po prostu nie by\u0107 efektywne, a bud\u017cety reklamowe &#8211; przepalone. Aktualnie obserwujemy powr\u00f3t aktywno\u015bci marketingowej w mediach spo\u0142eczno\u015bciowych oraz odmra\u017canie bud\u017cet\u00f3w reklamowych, jednak w d\u0142u\u017cszej perspektywie czasu marki b\u0119d\u0105 musia\u0142y zmieni\u0107 swoje podej\u015bcie do komunikacji w social mediach. Kluczowe dla bezpiecznych dzia\u0142a\u0144 b\u0119d\u0105: rewizja zaplanowanych post\u00f3w oraz dostosowanie przekazu do aktualnej, niepewnej i dynamicznie zmieniaj\u0105cej si\u0119 sytuacji, a tak\u017ce wzmo\u017cony monitoring dyskusji u\u017cytkownik\u00f3w, opracowanie konkretnych procedur reagowania na trudne komentarze i zarz\u0105dzania kryzysowego.<\/span><\/p>\n<p>&nbsp;<\/p><\/blockquote>\n","protected":false},"excerpt":{"rendered":"<p>Od ponad dw\u00f3ch tygodni obserwujemy, jak inwazja na Ukrain\u0119 wp\u0142ywa na dzia\u0142ania marketingowe. Cho\u0107 w ostatnich dniach lutego aktywno\u015b\u0107 reklamowa w ekosystemie Meta gwa\u0142townie zmala\u0142a, na pocz\u0105tku marca nast\u0105pi\u0142o odwr\u00f3cenie tego trendu. Wzros\u0142a liczba aktywnych reklam i wydatki, ale do poziomu znacznie ni\u017cszego ni\u017c przed wojn\u0105. Wida\u0107, \u017ce reklamodawcy stopniowo adaptuj\u0105 si\u0119 do nowych reali\u00f3w. [&hellip;]<\/p>\n","protected":false},"author":211,"featured_media":44783,"comment_status":"open","ping_status":"open","sticky":false,"template":"","format":"standard","meta":{"inline_featured_image":false,"footnotes":""},"categories":[1793,1797,1803,2125,2275],"tags":[2403,3135,3137],"yoast_head":"<!-- This site is optimized with the Yoast SEO plugin v22.4 - https:\/\/yoast.com\/wordpress\/plugins\/seo\/ -->\n<title>Po nag\u0142ej reakcji na wojn\u0119, bran\u017ca reklamowa zn\u00f3w aktywna<\/title>\n<meta name=\"description\" content=\"W ostatnich dniach lutego aktywno\u015b\u0107 reklamodawc\u00f3w gwa\u0142townie zmala\u0142a. Wraz z pocz\u0105tkiem marca, liczba aktywnych reklam i wydatk\u00f3w zacz\u0119\u0142a zn\u00f3w rosn\u0105\u0107.\" \/>\n<meta name=\"robots\" content=\"index, follow, max-snippet:-1, max-image-preview:large, max-video-preview:-1\" \/>\n<link rel=\"canonical\" href=\"https:\/\/www.sotrender.com\/blog\/pl\/2022\/03\/po-naglej-reakcji-na-wojne-branza-reklamowa-znow-aktywna\/\" \/>\n<meta property=\"og:locale\" content=\"pl_PL\" \/>\n<meta property=\"og:type\" content=\"article\" \/>\n<meta property=\"og:title\" content=\"Po nag\u0142ej reakcji na wojn\u0119, bran\u017ca reklamowa zn\u00f3w aktywna\" \/>\n<meta property=\"og:description\" content=\"W ostatnich dniach lutego aktywno\u015b\u0107 reklamodawc\u00f3w gwa\u0142townie zmala\u0142a. Wraz z pocz\u0105tkiem marca, liczba aktywnych reklam i wydatk\u00f3w zacz\u0119\u0142a zn\u00f3w rosn\u0105\u0107.\" \/>\n<meta property=\"og:url\" content=\"https:\/\/www.sotrender.com\/blog\/pl\/2022\/03\/po-naglej-reakcji-na-wojne-branza-reklamowa-znow-aktywna\/\" \/>\n<meta property=\"og:site_name\" content=\"Sotrender Blog\" \/>\n<meta property=\"article:publisher\" content=\"https:\/\/www.facebook.com\/Sotrender\" \/>\n<meta property=\"article:published_time\" content=\"2022-03-15T14:33:49+00:00\" \/>\n<meta property=\"article:modified_time\" content=\"2022-03-15T17:58:12+00:00\" \/>\n<meta property=\"og:image\" content=\"https:\/\/www.sotrender.com\/blog\/wp-content\/uploads\/2022\/03\/branz\u0307a-reklamowa-zno\u0301w-aktywna.jpg\" \/>\n\t<meta property=\"og:image:width\" content=\"2200\" \/>\n\t<meta property=\"og:image:height\" content=\"1467\" \/>\n\t<meta property=\"og:image:type\" content=\"image\/jpeg\" \/>\n<meta name=\"author\" content=\"Marta Bongilaj\" \/>\n<meta name=\"twitter:card\" content=\"summary_large_image\" \/>\n<meta name=\"twitter:creator\" content=\"@Sotrender\" \/>\n<meta name=\"twitter:site\" content=\"@Sotrender\" \/>\n<meta name=\"twitter:label1\" content=\"Written by\" \/>\n\t<meta name=\"twitter:data1\" content=\"Marta Bongilaj\" \/>\n\t<meta name=\"twitter:label2\" content=\"Est. reading time\" \/>\n\t<meta name=\"twitter:data2\" content=\"8 minutes\" \/>\n<script type=\"application\/ld+json\" class=\"yoast-schema-graph\">{\"@context\":\"https:\/\/schema.org\",\"@graph\":[{\"@type\":\"WebPage\",\"@id\":\"https:\/\/www.sotrender.com\/blog\/pl\/2022\/03\/po-naglej-reakcji-na-wojne-branza-reklamowa-znow-aktywna\/\",\"url\":\"https:\/\/www.sotrender.com\/blog\/pl\/2022\/03\/po-naglej-reakcji-na-wojne-branza-reklamowa-znow-aktywna\/\",\"name\":\"Po nag\u0142ej reakcji na wojn\u0119, bran\u017ca reklamowa zn\u00f3w aktywna\",\"isPartOf\":{\"@id\":\"https:\/\/www.sotrender.com\/blog\/#website\"},\"primaryImageOfPage\":{\"@id\":\"https:\/\/www.sotrender.com\/blog\/pl\/2022\/03\/po-naglej-reakcji-na-wojne-branza-reklamowa-znow-aktywna\/#primaryimage\"},\"image\":{\"@id\":\"https:\/\/www.sotrender.com\/blog\/pl\/2022\/03\/po-naglej-reakcji-na-wojne-branza-reklamowa-znow-aktywna\/#primaryimage\"},\"thumbnailUrl\":\"https:\/\/www.sotrender.com\/blog\/wp-content\/uploads\/2022\/03\/branz\u0307a-reklamowa-zno\u0301w-aktywna.jpg\",\"datePublished\":\"2022-03-15T14:33:49+00:00\",\"dateModified\":\"2022-03-15T17:58:12+00:00\",\"author\":{\"@id\":\"https:\/\/www.sotrender.com\/blog\/#\/schema\/person\/7ef66e02c50604f5f3f1affc225398a5\"},\"description\":\"W ostatnich dniach lutego aktywno\u015b\u0107 reklamodawc\u00f3w gwa\u0142townie zmala\u0142a. Wraz z pocz\u0105tkiem marca, liczba aktywnych reklam i wydatk\u00f3w zacz\u0119\u0142a zn\u00f3w rosn\u0105\u0107.\",\"breadcrumb\":{\"@id\":\"https:\/\/www.sotrender.com\/blog\/pl\/2022\/03\/po-naglej-reakcji-na-wojne-branza-reklamowa-znow-aktywna\/#breadcrumb\"},\"inLanguage\":\"pl-PL\",\"potentialAction\":[{\"@type\":\"ReadAction\",\"target\":[\"https:\/\/www.sotrender.com\/blog\/pl\/2022\/03\/po-naglej-reakcji-na-wojne-branza-reklamowa-znow-aktywna\/\"]}]},{\"@type\":\"ImageObject\",\"inLanguage\":\"pl-PL\",\"@id\":\"https:\/\/www.sotrender.com\/blog\/pl\/2022\/03\/po-naglej-reakcji-na-wojne-branza-reklamowa-znow-aktywna\/#primaryimage\",\"url\":\"https:\/\/www.sotrender.com\/blog\/wp-content\/uploads\/2022\/03\/branz\u0307a-reklamowa-zno\u0301w-aktywna.jpg\",\"contentUrl\":\"https:\/\/www.sotrender.com\/blog\/wp-content\/uploads\/2022\/03\/branz\u0307a-reklamowa-zno\u0301w-aktywna.jpg\",\"width\":2200,\"height\":1467},{\"@type\":\"BreadcrumbList\",\"@id\":\"https:\/\/www.sotrender.com\/blog\/pl\/2022\/03\/po-naglej-reakcji-na-wojne-branza-reklamowa-znow-aktywna\/#breadcrumb\",\"itemListElement\":[{\"@type\":\"ListItem\",\"position\":1,\"name\":\"Home\",\"item\":\"https:\/\/www.sotrender.com\/blog\/\"},{\"@type\":\"ListItem\",\"position\":2,\"name\":\"Po nag\u0142ej reakcji na wojn\u0119, bran\u017ca reklamowa zn\u00f3w aktywna\"}]},{\"@type\":\"WebSite\",\"@id\":\"https:\/\/www.sotrender.com\/blog\/#website\",\"url\":\"https:\/\/www.sotrender.com\/blog\/\",\"name\":\"Sotrender Blog\",\"description\":\"\",\"potentialAction\":[{\"@type\":\"SearchAction\",\"target\":{\"@type\":\"EntryPoint\",\"urlTemplate\":\"https:\/\/www.sotrender.com\/blog\/?s={search_term_string}\"},\"query-input\":\"required name=search_term_string\"}],\"inLanguage\":\"pl-PL\"},{\"@type\":\"Person\",\"@id\":\"https:\/\/www.sotrender.com\/blog\/#\/schema\/person\/7ef66e02c50604f5f3f1affc225398a5\",\"name\":\"Marta Bongilaj\",\"image\":{\"@type\":\"ImageObject\",\"inLanguage\":\"pl-PL\",\"@id\":\"https:\/\/www.sotrender.com\/blog\/#\/schema\/person\/image\/\",\"url\":\"https:\/\/secure.gravatar.com\/avatar\/0799dc0381a0207d8370bd44a9c21665?s=96&d=mm&r=g\",\"contentUrl\":\"https:\/\/secure.gravatar.com\/avatar\/0799dc0381a0207d8370bd44a9c21665?s=96&d=mm&r=g\",\"caption\":\"Marta Bongilaj\"},\"description\":\"Content marketer developing her passion for writing from her youngest years. Loves playing with words. Beyond that, a real dog enthusiast and a happy owner of one.\",\"url\":\"https:\/\/www.sotrender.com\/blog\/pl\/author\/marta_bongilaj\/\"}]}<\/script>\n<!-- \/ Yoast SEO plugin. -->","yoast_head_json":{"title":"Po nag\u0142ej reakcji na wojn\u0119, bran\u017ca reklamowa zn\u00f3w aktywna","description":"W ostatnich dniach lutego aktywno\u015b\u0107 reklamodawc\u00f3w gwa\u0142townie zmala\u0142a. Wraz z pocz\u0105tkiem marca, liczba aktywnych reklam i wydatk\u00f3w zacz\u0119\u0142a zn\u00f3w rosn\u0105\u0107.","robots":{"index":"index","follow":"follow","max-snippet":"max-snippet:-1","max-image-preview":"max-image-preview:large","max-video-preview":"max-video-preview:-1"},"canonical":"https:\/\/www.sotrender.com\/blog\/pl\/2022\/03\/po-naglej-reakcji-na-wojne-branza-reklamowa-znow-aktywna\/","og_locale":"pl_PL","og_type":"article","og_title":"Po nag\u0142ej reakcji na wojn\u0119, bran\u017ca reklamowa zn\u00f3w aktywna","og_description":"W ostatnich dniach lutego aktywno\u015b\u0107 reklamodawc\u00f3w gwa\u0142townie zmala\u0142a. Wraz z pocz\u0105tkiem marca, liczba aktywnych reklam i wydatk\u00f3w zacz\u0119\u0142a zn\u00f3w rosn\u0105\u0107.","og_url":"https:\/\/www.sotrender.com\/blog\/pl\/2022\/03\/po-naglej-reakcji-na-wojne-branza-reklamowa-znow-aktywna\/","og_site_name":"Sotrender Blog","article_publisher":"https:\/\/www.facebook.com\/Sotrender","article_published_time":"2022-03-15T14:33:49+00:00","article_modified_time":"2022-03-15T17:58:12+00:00","og_image":[{"width":2200,"height":1467,"url":"https:\/\/www.sotrender.com\/blog\/wp-content\/uploads\/2022\/03\/branz\u0307a-reklamowa-zno\u0301w-aktywna.jpg","type":"image\/jpeg"}],"author":"Marta Bongilaj","twitter_card":"summary_large_image","twitter_creator":"@Sotrender","twitter_site":"@Sotrender","twitter_misc":{"Written by":"Marta Bongilaj","Est. reading time":"8 minutes"},"schema":{"@context":"https:\/\/schema.org","@graph":[{"@type":"WebPage","@id":"https:\/\/www.sotrender.com\/blog\/pl\/2022\/03\/po-naglej-reakcji-na-wojne-branza-reklamowa-znow-aktywna\/","url":"https:\/\/www.sotrender.com\/blog\/pl\/2022\/03\/po-naglej-reakcji-na-wojne-branza-reklamowa-znow-aktywna\/","name":"Po nag\u0142ej reakcji na wojn\u0119, bran\u017ca reklamowa zn\u00f3w aktywna","isPartOf":{"@id":"https:\/\/www.sotrender.com\/blog\/#website"},"primaryImageOfPage":{"@id":"https:\/\/www.sotrender.com\/blog\/pl\/2022\/03\/po-naglej-reakcji-na-wojne-branza-reklamowa-znow-aktywna\/#primaryimage"},"image":{"@id":"https:\/\/www.sotrender.com\/blog\/pl\/2022\/03\/po-naglej-reakcji-na-wojne-branza-reklamowa-znow-aktywna\/#primaryimage"},"thumbnailUrl":"https:\/\/www.sotrender.com\/blog\/wp-content\/uploads\/2022\/03\/branz\u0307a-reklamowa-zno\u0301w-aktywna.jpg","datePublished":"2022-03-15T14:33:49+00:00","dateModified":"2022-03-15T17:58:12+00:00","author":{"@id":"https:\/\/www.sotrender.com\/blog\/#\/schema\/person\/7ef66e02c50604f5f3f1affc225398a5"},"description":"W ostatnich dniach lutego aktywno\u015b\u0107 reklamodawc\u00f3w gwa\u0142townie zmala\u0142a. Wraz z pocz\u0105tkiem marca, liczba aktywnych reklam i wydatk\u00f3w zacz\u0119\u0142a zn\u00f3w rosn\u0105\u0107.","breadcrumb":{"@id":"https:\/\/www.sotrender.com\/blog\/pl\/2022\/03\/po-naglej-reakcji-na-wojne-branza-reklamowa-znow-aktywna\/#breadcrumb"},"inLanguage":"pl-PL","potentialAction":[{"@type":"ReadAction","target":["https:\/\/www.sotrender.com\/blog\/pl\/2022\/03\/po-naglej-reakcji-na-wojne-branza-reklamowa-znow-aktywna\/"]}]},{"@type":"ImageObject","inLanguage":"pl-PL","@id":"https:\/\/www.sotrender.com\/blog\/pl\/2022\/03\/po-naglej-reakcji-na-wojne-branza-reklamowa-znow-aktywna\/#primaryimage","url":"https:\/\/www.sotrender.com\/blog\/wp-content\/uploads\/2022\/03\/branz\u0307a-reklamowa-zno\u0301w-aktywna.jpg","contentUrl":"https:\/\/www.sotrender.com\/blog\/wp-content\/uploads\/2022\/03\/branz\u0307a-reklamowa-zno\u0301w-aktywna.jpg","width":2200,"height":1467},{"@type":"BreadcrumbList","@id":"https:\/\/www.sotrender.com\/blog\/pl\/2022\/03\/po-naglej-reakcji-na-wojne-branza-reklamowa-znow-aktywna\/#breadcrumb","itemListElement":[{"@type":"ListItem","position":1,"name":"Home","item":"https:\/\/www.sotrender.com\/blog\/"},{"@type":"ListItem","position":2,"name":"Po nag\u0142ej reakcji na wojn\u0119, bran\u017ca reklamowa zn\u00f3w aktywna"}]},{"@type":"WebSite","@id":"https:\/\/www.sotrender.com\/blog\/#website","url":"https:\/\/www.sotrender.com\/blog\/","name":"Sotrender Blog","description":"","potentialAction":[{"@type":"SearchAction","target":{"@type":"EntryPoint","urlTemplate":"https:\/\/www.sotrender.com\/blog\/?s={search_term_string}"},"query-input":"required name=search_term_string"}],"inLanguage":"pl-PL"},{"@type":"Person","@id":"https:\/\/www.sotrender.com\/blog\/#\/schema\/person\/7ef66e02c50604f5f3f1affc225398a5","name":"Marta Bongilaj","image":{"@type":"ImageObject","inLanguage":"pl-PL","@id":"https:\/\/www.sotrender.com\/blog\/#\/schema\/person\/image\/","url":"https:\/\/secure.gravatar.com\/avatar\/0799dc0381a0207d8370bd44a9c21665?s=96&d=mm&r=g","contentUrl":"https:\/\/secure.gravatar.com\/avatar\/0799dc0381a0207d8370bd44a9c21665?s=96&d=mm&r=g","caption":"Marta Bongilaj"},"description":"Content marketer developing her passion for writing from her youngest years. Loves playing with words. Beyond that, a real dog enthusiast and a happy owner of one.","url":"https:\/\/www.sotrender.com\/blog\/pl\/author\/marta_bongilaj\/"}]}},"_links":{"self":[{"href":"https:\/\/www.sotrender.com\/blog\/pl\/wp-json\/wp\/v2\/posts\/44767"}],"collection":[{"href":"https:\/\/www.sotrender.com\/blog\/pl\/wp-json\/wp\/v2\/posts"}],"about":[{"href":"https:\/\/www.sotrender.com\/blog\/pl\/wp-json\/wp\/v2\/types\/post"}],"author":[{"embeddable":true,"href":"https:\/\/www.sotrender.com\/blog\/pl\/wp-json\/wp\/v2\/users\/211"}],"replies":[{"embeddable":true,"href":"https:\/\/www.sotrender.com\/blog\/pl\/wp-json\/wp\/v2\/comments?post=44767"}],"version-history":[{"count":7,"href":"https:\/\/www.sotrender.com\/blog\/pl\/wp-json\/wp\/v2\/posts\/44767\/revisions"}],"predecessor-version":[{"id":44799,"href":"https:\/\/www.sotrender.com\/blog\/pl\/wp-json\/wp\/v2\/posts\/44767\/revisions\/44799"}],"wp:featuredmedia":[{"embeddable":true,"href":"https:\/\/www.sotrender.com\/blog\/pl\/wp-json\/wp\/v2\/media\/44783"}],"wp:attachment":[{"href":"https:\/\/www.sotrender.com\/blog\/pl\/wp-json\/wp\/v2\/media?parent=44767"}],"wp:term":[{"taxonomy":"category","embeddable":true,"href":"https:\/\/www.sotrender.com\/blog\/pl\/wp-json\/wp\/v2\/categories?post=44767"},{"taxonomy":"post_tag","embeddable":true,"href":"https:\/\/www.sotrender.com\/blog\/pl\/wp-json\/wp\/v2\/tags?post=44767"}],"curies":[{"name":"wp","href":"https:\/\/api.w.org\/{rel}","templated":true}]}}