{"id":44679,"date":"2022-03-07T09:47:11","date_gmt":"2022-03-07T08:47:11","guid":{"rendered":"https:\/\/www.sotrender.com\/blog\/?p=44679\/"},"modified":"2022-03-07T09:47:11","modified_gmt":"2022-03-07T08:47:11","slug":"facebook-trends-luty-2022-aktywizacja-polakow-spadek-liczby-reklam","status":"publish","type":"post","link":"https:\/\/www.sotrender.com\/blog\/pl\/2022\/03\/facebook-trends-luty-2022-aktywizacja-polakow-spadek-liczby-reklam\/","title":{"rendered":"Facebook Trends luty 2022 \u2013 niezwyk\u0142a aktywizacja Polak\u00f3w i spadek liczby reklam"},"content":{"rendered":"<p><span style=\"font-weight: 400;\">Wszystkie oczy zwr\u00f3cone s\u0105 w kierunku Ukrainy, a media spo\u0142eczno\u015bciowe po raz kolejny udowadniaj\u0105, jak wielka jest si\u0142a Internetu &#8211; zw\u0142aszcza, gdy chodzi o niesienie pomocy w niezwykle wa\u017cnej sprawie. Zapraszamy na podsumowanie minionego miesi\u0105ca, w kt\u00f3rym skupili\u015bmy si\u0119 szczeg\u00f3lnie na tre\u015bciach zwi\u0105zanych z sytuacj\u0105 u naszego wschodniego s\u0105siada.<\/span><\/p>\n<p><!--more--><\/p>\n<h2><strong>Gwa\u0142towny spadek liczby reklam<\/strong><\/h2>\n<p><span style=\"font-weight: 400;\">Podobnie, jak w poprzednich miesi\u0105cach, <a href=\"https:\/\/www.sotrender.com\/trends\/facebook\/poland\/202202\">lutowy raport Facebook Trends<\/a> rozpoczynamy od analizy \u015brednich stawek reklamowych z ekosystemu Facebooka. Tym razem, przeanalizowali\u015bmy tak\u017ce dzienne dane reklamowe z minionego miesi\u0105ca.<\/span><\/p>\n<p><b>Obecna sytuacja znacz\u0105co obni\u017cy\u0142a aktywno\u015b\u0107 reklamodawc\u00f3w, co podyktowane jest panuj\u0105cymi nastrojami i id\u0105c\u0105 za tym zmian\u0105 zachowa\u0144 konsumenckich. <\/b><span style=\"font-weight: 400;\">Zamiast tego, wiele marek zdecydowa\u0142o si\u0119 przeznaczy\u0107 pieni\u0105dze na realne dzia\u0142ania pomocowe, co widoczne by\u0142o szczeg\u00f3lnie w pierwszych dniach od wybuchu wojny.<\/span><\/p>\n<p><span style=\"font-weight: 400;\">W lutym, najwi\u0119cej aktywnych reklam w ekosystemie Facebooka by\u0142o mniej wi\u0119cej w po\u0142owie miesi\u0105ca. <\/span><b>W dniach od 24 do 26 lutego, dzienna liczba aktywnych reklam zacz\u0119\u0142a male\u0107<\/b><span style=\"font-weight: 400;\">.<\/span><\/p>\n<p><img loading=\"lazy\" decoding=\"async\" class=\"wp-image-44681 aligncenter\" src=\"https:\/\/www.sotrender.com\/blog\/wp-content\/uploads\/2022\/03\/indeks-dziennej-liczby-reklam.png\" alt=\"\" width=\"799\" height=\"333\" srcset=\"https:\/\/www.sotrender.com\/blog\/wp-content\/uploads\/2022\/03\/indeks-dziennej-liczby-reklam.png 1200w, https:\/\/www.sotrender.com\/blog\/wp-content\/uploads\/2022\/03\/indeks-dziennej-liczby-reklam-475x198.png 475w, https:\/\/www.sotrender.com\/blog\/wp-content\/uploads\/2022\/03\/indeks-dziennej-liczby-reklam-768x320.png 768w\" sizes=\"(max-width: 799px) 100vw, 799px\" \/><\/p>\n<p><i><span style=\"font-weight: 400;\">Jak czyta\u0107 wykres? Warto\u015b\u0107 100 oznacza najwi\u0119ksz\u0105 liczb\u0119 aktywnych reklam w danym miesi\u0105cu. Warto\u015b\u0107 50 oznacza, \u017ce liczba aktywnych reklam danego dnia by\u0142a dwukrotnie mniejsza.<\/span><\/i><\/p>\n<p><span style=\"font-weight: 400;\">W ostatnim dniu miesi\u0105ca, <\/span><b>4 dni po rozpocz\u0119ciu wojny na Ukrainie, odnotowali\u015bmy spadek a\u017c o 73% w dziennej liczbie aktywnych reklam <\/b><span style=\"font-weight: 400;\">w stosunku do najwy\u017cszego wyniku w lutym.<\/span><\/p>\n<p><span style=\"font-weight: 400;\">Podobnie, od 24 lutego zacz\u0119\u0142y widocznie zmniejsza\u0107 si\u0119 dzienne warto\u015bci wydatk\u00f3w na reklam\u0119.<\/span><\/p>\n<p><img loading=\"lazy\" decoding=\"async\" class=\"wp-image-44603 aligncenter\" src=\"https:\/\/www.sotrender.com\/blog\/wp-content\/uploads\/2022\/03\/dzienna-wartosc-wydatko\u0301w-Luty-2022-Sotrender.png\" alt=\"dzienna wartosc wydatkow na reklame na fb luty 2022\" width=\"799\" height=\"333\" srcset=\"https:\/\/www.sotrender.com\/blog\/wp-content\/uploads\/2022\/03\/dzienna-wartosc-wydatko\u0301w-Luty-2022-Sotrender.png 1200w, https:\/\/www.sotrender.com\/blog\/wp-content\/uploads\/2022\/03\/dzienna-wartosc-wydatko\u0301w-Luty-2022-Sotrender-475x198.png 475w, https:\/\/www.sotrender.com\/blog\/wp-content\/uploads\/2022\/03\/dzienna-wartosc-wydatko\u0301w-Luty-2022-Sotrender-768x320.png 768w\" sizes=\"(max-width: 799px) 100vw, 799px\" \/><\/p>\n<p><a href=\"https:\/\/www.sotrender.com\/blog\/pl\/2022\/03\/reklamodawcy-zawieszaja-kampanie-na-facebooku-atak-na-ukraine\/\"><span style=\"font-weight: 400;\">Zobacz nasz\u0105 pe\u0142n\u0105 analiz\u0119 oraz komentarze ekspert\u00f3w dot. reakcji rynku reklamowego na sytuacj\u0119 w Ukrainie. &gt;<\/span><\/a><\/p>\n<p><span style=\"font-weight: 400;\">Je\u015bli chodzi o \u015bredni\u0105 miesi\u0119czn\u0105 warto\u015b\u0107 CPC, w lutym wska\u017anik ten wyni\u00f3s\u0142 <\/span><b>79 gr<\/b><span style=\"font-weight: 400;\"> i by\u0142 wy\u017cszy w stosunku do stycznia, dok\u0142adnie <\/span><b>o 30 gr<\/b><span style=\"font-weight: 400;\">.<\/span><\/p>\n<p><img loading=\"lazy\" decoding=\"async\" class=\"wp-image-44683 aligncenter\" src=\"https:\/\/www.sotrender.com\/blog\/wp-content\/uploads\/2022\/03\/CPC-luty.png\" alt=\"\" width=\"799\" height=\"466\" srcset=\"https:\/\/www.sotrender.com\/blog\/wp-content\/uploads\/2022\/03\/CPC-luty.png 1862w, https:\/\/www.sotrender.com\/blog\/wp-content\/uploads\/2022\/03\/CPC-luty-475x277.png 475w, https:\/\/www.sotrender.com\/blog\/wp-content\/uploads\/2022\/03\/CPC-luty-768x448.png 768w\" sizes=\"(max-width: 799px) 100vw, 799px\" \/><\/p>\n<p><span style=\"font-weight: 400;\">R\u00f3wnie\u017c CPM by\u0142 wy\u017cszy w stosunku do poprzedniego miesi\u0105ca, i osi\u0105gn\u0105\u0142 warto\u015b\u0107<\/span><b> 6 z\u0142 99 gr<\/b><span style=\"font-weight: 400;\">. To <\/span><b>o 1 z\u0142 34 gr wi\u0119cej<\/b><span style=\"font-weight: 400;\"> ni\u017c w styczniu.<\/span><\/p>\n<p><img loading=\"lazy\" decoding=\"async\" class=\"wp-image-44685 aligncenter\" src=\"https:\/\/www.sotrender.com\/blog\/wp-content\/uploads\/2022\/03\/CPM-luty.png\" alt=\"\" width=\"800\" height=\"462\" srcset=\"https:\/\/www.sotrender.com\/blog\/wp-content\/uploads\/2022\/03\/CPM-luty.png 1878w, https:\/\/www.sotrender.com\/blog\/wp-content\/uploads\/2022\/03\/CPM-luty-475x274.png 475w, https:\/\/www.sotrender.com\/blog\/wp-content\/uploads\/2022\/03\/CPM-luty-768x444.png 768w\" sizes=\"(max-width: 800px) 100vw, 800px\" \/><\/p>\n<h2><strong>Solidarni z Ukrain\u0105<\/strong><\/h2>\n<p><span style=\"font-weight: 400;\">Tu\u017c po tym, jak \u015bwiat obieg\u0142a informacja o wybuchu konfliktu zbrojnego na Ukrainie, w mediach spo\u0142eczno\u015bciowych rozpocz\u0119\u0142o si\u0119 gor\u0105czkowe organizowanie zbi\u00f3rek dla potrzebuj\u0105cych &#8211; \u017co\u0142nierzy, uchod\u017ac\u00f3w, zwierz\u0105t. Z godziny na godzin\u0119 ros\u0142a liczba stowarzysze\u0144, organizacji i fundacji zaanga\u017cowanych w pomoc, a skala odpowiedzi u\u017cytkownik\u00f3w by\u0142a imponuj\u0105ca.\u00a0<\/span><\/p>\n<p><a href=\"https:\/\/www.facebook.com\/siepomaga\/photos\/a.10150405278541358\/10159786966801358\/\"><span style=\"font-weight: 400;\">Najpopularniejszy post<\/span><\/a><span style=\"font-weight: 400;\"> w kategorii <a href=\"https:\/\/www.sotrender.com\/trends\/facebook\/poland\/202202\/ngo\">NGO i organizacje pozarz\u0105dowe<\/a>, nale\u017c\u0105cy do Siepomaga.pl, zdoby\u0142 \u0142\u0105cznie<\/span><b> 91 760 reakcji\u00a0<\/b>i awansowa\u0142 <strong>o 3 miejsca <\/strong><span style=\"font-weight: 400;\">w rankingu Aktywnych u\u017cytkownik\u00f3w.<\/span><\/p>\n<div id=\"attachment_44687\" style=\"width: 810px\" class=\"wp-caption aligncenter\"><img loading=\"lazy\" decoding=\"async\" aria-describedby=\"caption-attachment-44687\" class=\"wp-image-44687\" src=\"https:\/\/www.sotrender.com\/blog\/wp-content\/uploads\/2022\/03\/NGO-i-organizacje-luty.png\" alt=\"\" width=\"800\" height=\"180\" srcset=\"https:\/\/www.sotrender.com\/blog\/wp-content\/uploads\/2022\/03\/NGO-i-organizacje-luty.png 1999w, https:\/\/www.sotrender.com\/blog\/wp-content\/uploads\/2022\/03\/NGO-i-organizacje-luty-475x107.png 475w, https:\/\/www.sotrender.com\/blog\/wp-content\/uploads\/2022\/03\/NGO-i-organizacje-luty-768x173.png 768w\" sizes=\"(max-width: 800px) 100vw, 800px\" \/><p id=\"caption-attachment-44687\" class=\"wp-caption-text\">Profile o najwi\u0119kszej aktywno\u015bci u\u017cytkownik\u00f3w, NGO i organizacje pozarz\u0105dowe | Facebook, luty 2022<\/p><\/div>\n<h2><strong>Kultura, sztuka i sport przeciwko wojnie<\/strong><\/h2>\n<p><span style=\"font-weight: 400;\">Sw\u00f3j g\u0142os, jak zawsze, kiedy chodzi o wa\u017cne tematy spo\u0142eczne czy polityczne, zabra\u0142y osoby ze \u015bwiata kultury i sztuki. Posty aktywnego w mediach spo\u0142eczno\u015bciowych Macieja Stuhra oraz znanej polskiej aktorki &#8211; Anety Soko\u0142owskiej by\u0142y najlepszymi postami w kategorii <a href=\"https:\/\/www.sotrender.com\/trends\/facebook\/poland\/202202\/kultura\/film\">Film<\/a>, i dotyczy\u0142y w\u0142a\u015bnie sytuacji na Ukrainie. Razem zgromadzi\u0142y ponad 50 tys. reakcji.<\/span><\/p>\n<p>&nbsp;<\/p>\n<div id=\"attachment_44689\" style=\"width: 810px\" class=\"wp-caption aligncenter\"><img loading=\"lazy\" decoding=\"async\" aria-describedby=\"caption-attachment-44689\" class=\"wp-image-44689\" src=\"https:\/\/www.sotrender.com\/blog\/wp-content\/uploads\/2022\/03\/najlepsze-posty-film.png\" alt=\"\" width=\"800\" height=\"510\" srcset=\"https:\/\/www.sotrender.com\/blog\/wp-content\/uploads\/2022\/03\/najlepsze-posty-film.png 1214w, https:\/\/www.sotrender.com\/blog\/wp-content\/uploads\/2022\/03\/najlepsze-posty-film-475x303.png 475w, https:\/\/www.sotrender.com\/blog\/wp-content\/uploads\/2022\/03\/najlepsze-posty-film-768x490.png 768w\" sizes=\"(max-width: 800px) 100vw, 800px\" \/><p id=\"caption-attachment-44689\" class=\"wp-caption-text\">Najlepsze posty, Film | Facebook, luty 2022<\/p><\/div>\n<p><span style=\"font-weight: 400;\">To nie pierwszy raz, kiedy, dzi\u0119ki du\u017cym zasi\u0119gom, znane osoby mog\u0105 dociera\u0107 do szerokiej spo\u0142eczno\u015bci z wa\u017cnymi komunikatami &#8211; tak, jak zrobi\u0142 to Robert Lewandowski.<\/span><\/p>\n<p><iframe loading=\"lazy\" style=\"border: none; overflow: hidden;\" src=\"https:\/\/www.facebook.com\/plugins\/post.php?href=https%3A%2F%2Fwww.facebook.com%2Frl9official%2Fposts%2F534349191384560&amp;show_text=true&amp;width=500\" width=\"500\" height=\"590\" frameborder=\"0\" scrolling=\"no\" allowfullscreen=\"allowfullscreen\"><\/iframe><\/p>\n<h2><strong>Wzmo\u017cony ruch na profilach organizacji i stowarzysze\u0144<\/strong><\/h2>\n<p><span style=\"font-weight: 400;\">Cho\u0107 od ko\u0144ca lutego na Facebooku obserwujemy znacznie mniej p\u0142atnych tre\u015bci, wiele profili zwi\u0119ksza zasi\u0119gi organiczne. Mowa szczeg\u00f3lnie o stronach organizacji i stowarzysze\u0144, kt\u00f3re, dzi\u0119ki ogromnemu zaanga\u017cowaniu Polak\u00f3w, zyskuj\u0105 nowych fan\u00f3w i aktywnych odbiorc\u00f3w wa\u017cnych komunikat\u00f3w.<\/span><\/p>\n<p><b>Na profilu Polskiej Akcji Humanitarnej, tylko 24 lutego liczba obserwuj\u0105cych wzros\u0142a o 1735 osoby<\/b><span style=\"font-weight: 400;\">, a mi\u0119dzy 23 i 28 lutego, ca\u0142kowita liczba fan\u00f3w na profilu zwi\u0119kszy\u0142a si\u0119 o oko\u0142o 7 tysi\u0119cy.<\/span><\/p>\n<p><img loading=\"lazy\" decoding=\"async\" class=\"wp-image-44691 aligncenter\" src=\"https:\/\/www.sotrender.com\/blog\/wp-content\/uploads\/2022\/03\/przyrost-fano\u0301w-na-profilu-PAH.png\" alt=\"\" width=\"800\" height=\"364\" srcset=\"https:\/\/www.sotrender.com\/blog\/wp-content\/uploads\/2022\/03\/przyrost-fano\u0301w-na-profilu-PAH.png 1999w, https:\/\/www.sotrender.com\/blog\/wp-content\/uploads\/2022\/03\/przyrost-fano\u0301w-na-profilu-PAH-475x216.png 475w, https:\/\/www.sotrender.com\/blog\/wp-content\/uploads\/2022\/03\/przyrost-fano\u0301w-na-profilu-PAH-768x350.png 768w\" sizes=\"(max-width: 800px) 100vw, 800px\" \/><\/p>\n<p><b>Widocznie wzros\u0142o r\u00f3wnie\u017c zaanga\u017cowanie odbiorc\u00f3w <\/b><span style=\"font-weight: 400;\">&#8211; na przyk\u0142adzie PAH wida\u0107, \u017ce wska\u017anik INI zliczaj\u0105cy aktywno\u015b\u0107 fan\u00f3w na Facebooku przyj\u0105\u0142 najwy\u017csz\u0105 warto\u015b\u0107 dok\u0142adnie 24 lutego, co oznacza ogromny wzrost w stosunku do poprzedzaj\u0105cego t\u0119 dat\u0119 tygodnia.<\/span><\/p>\n<p><img loading=\"lazy\" decoding=\"async\" class=\"wp-image-44709 aligncenter\" src=\"https:\/\/www.sotrender.com\/blog\/wp-content\/uploads\/2022\/03\/wskaz\u0301nik-INI-PAH.png\" alt=\"\" width=\"799\" height=\"341\" srcset=\"https:\/\/www.sotrender.com\/blog\/wp-content\/uploads\/2022\/03\/wskaz\u0301nik-INI-PAH.png 1999w, https:\/\/www.sotrender.com\/blog\/wp-content\/uploads\/2022\/03\/wskaz\u0301nik-INI-PAH-475x203.png 475w, https:\/\/www.sotrender.com\/blog\/wp-content\/uploads\/2022\/03\/wskaz\u0301nik-INI-PAH-768x328.png 768w\" sizes=\"(max-width: 799px) 100vw, 799px\" \/><\/p>\n<p><span style=\"font-weight: 400;\">Zach\u0119camy do pobrania ca\u0142ego <a href=\"https:\/\/www.sotrender.com\/trends\/facebook\/poland\/202202\">raportu Facebook Trends &#8211; luty 2022<\/a>, w kt\u00f3rym szczeg\u00f3\u0142owo sprawdzicie wyniki interesuj\u0105cych Was profili oraz najbardziej popularne tre\u015bci z minionego miesi\u0105ca.<\/span><\/p>\n<p><span style=\"font-weight: 400;\">W lutym to ju\u017c wszystko. Oby kolejny miesi\u0105c by\u0142 bardziej optymistyczny!<\/span><\/p>\n","protected":false},"excerpt":{"rendered":"<p>Wszystkie oczy zwr\u00f3cone s\u0105 w kierunku Ukrainy, a media spo\u0142eczno\u015bciowe po raz kolejny udowadniaj\u0105, jak wielka jest si\u0142a Internetu &#8211; zw\u0142aszcza, gdy chodzi o niesienie pomocy w niezwykle wa\u017cnej sprawie. Zapraszamy na podsumowanie minionego miesi\u0105ca, w kt\u00f3rym skupili\u015bmy si\u0119 szczeg\u00f3lnie na tre\u015bciach zwi\u0105zanych z sytuacj\u0105 u naszego wschodniego s\u0105siada.<\/p>\n","protected":false},"author":211,"featured_media":44695,"comment_status":"open","ping_status":"open","sticky":false,"template":"","format":"standard","meta":{"inline_featured_image":false,"footnotes":""},"categories":[1],"tags":[17,2307],"yoast_head":"<!-- This site is optimized with the Yoast SEO plugin v22.4 - https:\/\/yoast.com\/wordpress\/plugins\/seo\/ -->\n<title>Facebook Trends luty 2022 \u2013 niezwyk\u0142a aktywizacja Polak\u00f3w i spadek liczby reklam<\/title>\n<meta name=\"description\" content=\"W lutym spo\u0142eczno\u015b\u0107 Facebooka zaanga\u017cowa\u0142a si\u0119 w pomoc dla Ukrainy. Co zmieni\u0142o si\u0119 w rankingach profili? Sprawd\u017a pe\u0142ny lutowy raport Facebook Trends.\" \/>\n<meta name=\"robots\" content=\"index, follow, max-snippet:-1, max-image-preview:large, max-video-preview:-1\" \/>\n<link rel=\"canonical\" href=\"https:\/\/www.sotrender.com\/blog\/pl\/2022\/03\/facebook-trends-luty-2022-aktywizacja-polakow-spadek-liczby-reklam\/\" \/>\n<meta property=\"og:locale\" content=\"pl_PL\" \/>\n<meta property=\"og:type\" content=\"article\" \/>\n<meta property=\"og:title\" content=\"Facebook Trends luty 2022 \u2013 niezwyk\u0142a aktywizacja Polak\u00f3w i spadek liczby reklam\" \/>\n<meta property=\"og:description\" content=\"W lutym spo\u0142eczno\u015b\u0107 Facebooka zaanga\u017cowa\u0142a si\u0119 w pomoc dla Ukrainy. Co zmieni\u0142o si\u0119 w rankingach profili? Sprawd\u017a pe\u0142ny lutowy raport Facebook Trends.\" \/>\n<meta property=\"og:url\" content=\"https:\/\/www.sotrender.com\/blog\/pl\/2022\/03\/facebook-trends-luty-2022-aktywizacja-polakow-spadek-liczby-reklam\/\" \/>\n<meta property=\"og:site_name\" content=\"Sotrender Blog\" \/>\n<meta property=\"article:publisher\" content=\"https:\/\/www.facebook.com\/Sotrender\" \/>\n<meta property=\"article:published_time\" content=\"2022-03-07T08:47:11+00:00\" \/>\n<meta property=\"og:image\" content=\"https:\/\/www.sotrender.com\/blog\/wp-content\/uploads\/2022\/03\/pomoc-ukraina.jpg\" \/>\n\t<meta property=\"og:image:width\" content=\"2200\" \/>\n\t<meta property=\"og:image:height\" content=\"1467\" \/>\n\t<meta property=\"og:image:type\" content=\"image\/jpeg\" \/>\n<meta name=\"author\" content=\"Marta Bongilaj\" \/>\n<meta name=\"twitter:card\" content=\"summary_large_image\" \/>\n<meta name=\"twitter:creator\" content=\"@Sotrender\" \/>\n<meta name=\"twitter:site\" content=\"@Sotrender\" \/>\n<meta name=\"twitter:label1\" content=\"Written by\" \/>\n\t<meta name=\"twitter:data1\" content=\"Marta Bongilaj\" \/>\n\t<meta name=\"twitter:label2\" content=\"Est. reading time\" \/>\n\t<meta name=\"twitter:data2\" content=\"4 minutes\" \/>\n<script type=\"application\/ld+json\" class=\"yoast-schema-graph\">{\"@context\":\"https:\/\/schema.org\",\"@graph\":[{\"@type\":\"WebPage\",\"@id\":\"https:\/\/www.sotrender.com\/blog\/pl\/2022\/03\/facebook-trends-luty-2022-aktywizacja-polakow-spadek-liczby-reklam\/\",\"url\":\"https:\/\/www.sotrender.com\/blog\/pl\/2022\/03\/facebook-trends-luty-2022-aktywizacja-polakow-spadek-liczby-reklam\/\",\"name\":\"Facebook Trends luty 2022 \u2013 niezwyk\u0142a aktywizacja Polak\u00f3w i spadek liczby reklam\",\"isPartOf\":{\"@id\":\"https:\/\/www.sotrender.com\/blog\/#website\"},\"primaryImageOfPage\":{\"@id\":\"https:\/\/www.sotrender.com\/blog\/pl\/2022\/03\/facebook-trends-luty-2022-aktywizacja-polakow-spadek-liczby-reklam\/#primaryimage\"},\"image\":{\"@id\":\"https:\/\/www.sotrender.com\/blog\/pl\/2022\/03\/facebook-trends-luty-2022-aktywizacja-polakow-spadek-liczby-reklam\/#primaryimage\"},\"thumbnailUrl\":\"https:\/\/www.sotrender.com\/blog\/wp-content\/uploads\/2022\/03\/pomoc-ukraina.jpg\",\"datePublished\":\"2022-03-07T08:47:11+00:00\",\"dateModified\":\"2022-03-07T08:47:11+00:00\",\"author\":{\"@id\":\"https:\/\/www.sotrender.com\/blog\/#\/schema\/person\/7ef66e02c50604f5f3f1affc225398a5\"},\"description\":\"W lutym spo\u0142eczno\u015b\u0107 Facebooka zaanga\u017cowa\u0142a si\u0119 w pomoc dla Ukrainy. Co zmieni\u0142o si\u0119 w rankingach profili? Sprawd\u017a pe\u0142ny lutowy raport Facebook Trends.\",\"breadcrumb\":{\"@id\":\"https:\/\/www.sotrender.com\/blog\/pl\/2022\/03\/facebook-trends-luty-2022-aktywizacja-polakow-spadek-liczby-reklam\/#breadcrumb\"},\"inLanguage\":\"pl-PL\",\"potentialAction\":[{\"@type\":\"ReadAction\",\"target\":[\"https:\/\/www.sotrender.com\/blog\/pl\/2022\/03\/facebook-trends-luty-2022-aktywizacja-polakow-spadek-liczby-reklam\/\"]}]},{\"@type\":\"ImageObject\",\"inLanguage\":\"pl-PL\",\"@id\":\"https:\/\/www.sotrender.com\/blog\/pl\/2022\/03\/facebook-trends-luty-2022-aktywizacja-polakow-spadek-liczby-reklam\/#primaryimage\",\"url\":\"https:\/\/www.sotrender.com\/blog\/wp-content\/uploads\/2022\/03\/pomoc-ukraina.jpg\",\"contentUrl\":\"https:\/\/www.sotrender.com\/blog\/wp-content\/uploads\/2022\/03\/pomoc-ukraina.jpg\",\"width\":2200,\"height\":1467},{\"@type\":\"BreadcrumbList\",\"@id\":\"https:\/\/www.sotrender.com\/blog\/pl\/2022\/03\/facebook-trends-luty-2022-aktywizacja-polakow-spadek-liczby-reklam\/#breadcrumb\",\"itemListElement\":[{\"@type\":\"ListItem\",\"position\":1,\"name\":\"Home\",\"item\":\"https:\/\/www.sotrender.com\/blog\/\"},{\"@type\":\"ListItem\",\"position\":2,\"name\":\"Facebook Trends luty 2022 \u2013 niezwyk\u0142a aktywizacja Polak\u00f3w i spadek liczby reklam\"}]},{\"@type\":\"WebSite\",\"@id\":\"https:\/\/www.sotrender.com\/blog\/#website\",\"url\":\"https:\/\/www.sotrender.com\/blog\/\",\"name\":\"Sotrender Blog\",\"description\":\"\",\"potentialAction\":[{\"@type\":\"SearchAction\",\"target\":{\"@type\":\"EntryPoint\",\"urlTemplate\":\"https:\/\/www.sotrender.com\/blog\/?s={search_term_string}\"},\"query-input\":\"required name=search_term_string\"}],\"inLanguage\":\"pl-PL\"},{\"@type\":\"Person\",\"@id\":\"https:\/\/www.sotrender.com\/blog\/#\/schema\/person\/7ef66e02c50604f5f3f1affc225398a5\",\"name\":\"Marta Bongilaj\",\"image\":{\"@type\":\"ImageObject\",\"inLanguage\":\"pl-PL\",\"@id\":\"https:\/\/www.sotrender.com\/blog\/#\/schema\/person\/image\/\",\"url\":\"https:\/\/secure.gravatar.com\/avatar\/0799dc0381a0207d8370bd44a9c21665?s=96&d=mm&r=g\",\"contentUrl\":\"https:\/\/secure.gravatar.com\/avatar\/0799dc0381a0207d8370bd44a9c21665?s=96&d=mm&r=g\",\"caption\":\"Marta Bongilaj\"},\"description\":\"Content marketer developing her passion for writing from her youngest years. Loves playing with words. Beyond that, a real dog enthusiast and a happy owner of one.\",\"url\":\"https:\/\/www.sotrender.com\/blog\/pl\/author\/marta_bongilaj\/\"}]}<\/script>\n<!-- \/ Yoast SEO plugin. -->","yoast_head_json":{"title":"Facebook Trends luty 2022 \u2013 niezwyk\u0142a aktywizacja Polak\u00f3w i spadek liczby reklam","description":"W lutym spo\u0142eczno\u015b\u0107 Facebooka zaanga\u017cowa\u0142a si\u0119 w pomoc dla Ukrainy. Co zmieni\u0142o si\u0119 w rankingach profili? Sprawd\u017a pe\u0142ny lutowy raport Facebook Trends.","robots":{"index":"index","follow":"follow","max-snippet":"max-snippet:-1","max-image-preview":"max-image-preview:large","max-video-preview":"max-video-preview:-1"},"canonical":"https:\/\/www.sotrender.com\/blog\/pl\/2022\/03\/facebook-trends-luty-2022-aktywizacja-polakow-spadek-liczby-reklam\/","og_locale":"pl_PL","og_type":"article","og_title":"Facebook Trends luty 2022 \u2013 niezwyk\u0142a aktywizacja Polak\u00f3w i spadek liczby reklam","og_description":"W lutym spo\u0142eczno\u015b\u0107 Facebooka zaanga\u017cowa\u0142a si\u0119 w pomoc dla Ukrainy. Co zmieni\u0142o si\u0119 w rankingach profili? Sprawd\u017a pe\u0142ny lutowy raport Facebook Trends.","og_url":"https:\/\/www.sotrender.com\/blog\/pl\/2022\/03\/facebook-trends-luty-2022-aktywizacja-polakow-spadek-liczby-reklam\/","og_site_name":"Sotrender Blog","article_publisher":"https:\/\/www.facebook.com\/Sotrender","article_published_time":"2022-03-07T08:47:11+00:00","og_image":[{"width":2200,"height":1467,"url":"https:\/\/www.sotrender.com\/blog\/wp-content\/uploads\/2022\/03\/pomoc-ukraina.jpg","type":"image\/jpeg"}],"author":"Marta Bongilaj","twitter_card":"summary_large_image","twitter_creator":"@Sotrender","twitter_site":"@Sotrender","twitter_misc":{"Written by":"Marta Bongilaj","Est. reading time":"4 minutes"},"schema":{"@context":"https:\/\/schema.org","@graph":[{"@type":"WebPage","@id":"https:\/\/www.sotrender.com\/blog\/pl\/2022\/03\/facebook-trends-luty-2022-aktywizacja-polakow-spadek-liczby-reklam\/","url":"https:\/\/www.sotrender.com\/blog\/pl\/2022\/03\/facebook-trends-luty-2022-aktywizacja-polakow-spadek-liczby-reklam\/","name":"Facebook Trends luty 2022 \u2013 niezwyk\u0142a aktywizacja Polak\u00f3w i spadek liczby reklam","isPartOf":{"@id":"https:\/\/www.sotrender.com\/blog\/#website"},"primaryImageOfPage":{"@id":"https:\/\/www.sotrender.com\/blog\/pl\/2022\/03\/facebook-trends-luty-2022-aktywizacja-polakow-spadek-liczby-reklam\/#primaryimage"},"image":{"@id":"https:\/\/www.sotrender.com\/blog\/pl\/2022\/03\/facebook-trends-luty-2022-aktywizacja-polakow-spadek-liczby-reklam\/#primaryimage"},"thumbnailUrl":"https:\/\/www.sotrender.com\/blog\/wp-content\/uploads\/2022\/03\/pomoc-ukraina.jpg","datePublished":"2022-03-07T08:47:11+00:00","dateModified":"2022-03-07T08:47:11+00:00","author":{"@id":"https:\/\/www.sotrender.com\/blog\/#\/schema\/person\/7ef66e02c50604f5f3f1affc225398a5"},"description":"W lutym spo\u0142eczno\u015b\u0107 Facebooka zaanga\u017cowa\u0142a si\u0119 w pomoc dla Ukrainy. Co zmieni\u0142o si\u0119 w rankingach profili? Sprawd\u017a pe\u0142ny lutowy raport Facebook Trends.","breadcrumb":{"@id":"https:\/\/www.sotrender.com\/blog\/pl\/2022\/03\/facebook-trends-luty-2022-aktywizacja-polakow-spadek-liczby-reklam\/#breadcrumb"},"inLanguage":"pl-PL","potentialAction":[{"@type":"ReadAction","target":["https:\/\/www.sotrender.com\/blog\/pl\/2022\/03\/facebook-trends-luty-2022-aktywizacja-polakow-spadek-liczby-reklam\/"]}]},{"@type":"ImageObject","inLanguage":"pl-PL","@id":"https:\/\/www.sotrender.com\/blog\/pl\/2022\/03\/facebook-trends-luty-2022-aktywizacja-polakow-spadek-liczby-reklam\/#primaryimage","url":"https:\/\/www.sotrender.com\/blog\/wp-content\/uploads\/2022\/03\/pomoc-ukraina.jpg","contentUrl":"https:\/\/www.sotrender.com\/blog\/wp-content\/uploads\/2022\/03\/pomoc-ukraina.jpg","width":2200,"height":1467},{"@type":"BreadcrumbList","@id":"https:\/\/www.sotrender.com\/blog\/pl\/2022\/03\/facebook-trends-luty-2022-aktywizacja-polakow-spadek-liczby-reklam\/#breadcrumb","itemListElement":[{"@type":"ListItem","position":1,"name":"Home","item":"https:\/\/www.sotrender.com\/blog\/"},{"@type":"ListItem","position":2,"name":"Facebook Trends luty 2022 \u2013 niezwyk\u0142a aktywizacja Polak\u00f3w i spadek liczby reklam"}]},{"@type":"WebSite","@id":"https:\/\/www.sotrender.com\/blog\/#website","url":"https:\/\/www.sotrender.com\/blog\/","name":"Sotrender Blog","description":"","potentialAction":[{"@type":"SearchAction","target":{"@type":"EntryPoint","urlTemplate":"https:\/\/www.sotrender.com\/blog\/?s={search_term_string}"},"query-input":"required name=search_term_string"}],"inLanguage":"pl-PL"},{"@type":"Person","@id":"https:\/\/www.sotrender.com\/blog\/#\/schema\/person\/7ef66e02c50604f5f3f1affc225398a5","name":"Marta Bongilaj","image":{"@type":"ImageObject","inLanguage":"pl-PL","@id":"https:\/\/www.sotrender.com\/blog\/#\/schema\/person\/image\/","url":"https:\/\/secure.gravatar.com\/avatar\/0799dc0381a0207d8370bd44a9c21665?s=96&d=mm&r=g","contentUrl":"https:\/\/secure.gravatar.com\/avatar\/0799dc0381a0207d8370bd44a9c21665?s=96&d=mm&r=g","caption":"Marta Bongilaj"},"description":"Content marketer developing her passion for writing from her youngest years. Loves playing with words. Beyond that, a real dog enthusiast and a happy owner of one.","url":"https:\/\/www.sotrender.com\/blog\/pl\/author\/marta_bongilaj\/"}]}},"_links":{"self":[{"href":"https:\/\/www.sotrender.com\/blog\/pl\/wp-json\/wp\/v2\/posts\/44679"}],"collection":[{"href":"https:\/\/www.sotrender.com\/blog\/pl\/wp-json\/wp\/v2\/posts"}],"about":[{"href":"https:\/\/www.sotrender.com\/blog\/pl\/wp-json\/wp\/v2\/types\/post"}],"author":[{"embeddable":true,"href":"https:\/\/www.sotrender.com\/blog\/pl\/wp-json\/wp\/v2\/users\/211"}],"replies":[{"embeddable":true,"href":"https:\/\/www.sotrender.com\/blog\/pl\/wp-json\/wp\/v2\/comments?post=44679"}],"version-history":[{"count":7,"href":"https:\/\/www.sotrender.com\/blog\/pl\/wp-json\/wp\/v2\/posts\/44679\/revisions"}],"predecessor-version":[{"id":44711,"href":"https:\/\/www.sotrender.com\/blog\/pl\/wp-json\/wp\/v2\/posts\/44679\/revisions\/44711"}],"wp:featuredmedia":[{"embeddable":true,"href":"https:\/\/www.sotrender.com\/blog\/pl\/wp-json\/wp\/v2\/media\/44695"}],"wp:attachment":[{"href":"https:\/\/www.sotrender.com\/blog\/pl\/wp-json\/wp\/v2\/media?parent=44679"}],"wp:term":[{"taxonomy":"category","embeddable":true,"href":"https:\/\/www.sotrender.com\/blog\/pl\/wp-json\/wp\/v2\/categories?post=44679"},{"taxonomy":"post_tag","embeddable":true,"href":"https:\/\/www.sotrender.com\/blog\/pl\/wp-json\/wp\/v2\/tags?post=44679"}],"curies":[{"name":"wp","href":"https:\/\/api.w.org\/{rel}","templated":true}]}}