{"id":44637,"date":"2022-03-04T11:07:20","date_gmt":"2022-03-04T10:07:20","guid":{"rendered":"https:\/\/www.sotrender.com\/blog\/?p=44637\/"},"modified":"2022-03-04T11:16:30","modified_gmt":"2022-03-04T10:16:30","slug":"reklamodawcy-zawieszaja-kampanie-na-facebooku-atak-na-ukraine","status":"publish","type":"post","link":"https:\/\/www.sotrender.com\/blog\/pl\/2022\/03\/reklamodawcy-zawieszaja-kampanie-na-facebooku-atak-na-ukraine\/","title":{"rendered":"Polscy reklamodawcy zawieszaj\u0105 kampanie reklamowe na Facebooku po ataku na Ukrain\u0119"},"content":{"rendered":"<p><span style=\"font-weight: 400;\">Wojna w Ukrainie wp\u0142ywa na wszystkie sfery naszego \u017cycia &#8211; zar\u00f3wno prywatne, jak i zawodowe. Gwa\u0142townie zmieni\u0142y si\u0119 postawy i zachowania zar\u00f3wno konsument\u00f3w, jak i marek i marketer\u00f3w, kt\u00f3rzy po raz kolejny musieli wykaza\u0107 si\u0119 elastyczno\u015bci\u0105 w swoich dzia\u0142aniach. Od marek globalnych, jak Balenciaga, po ma\u0142e lokalne firmy, obserwujemy zmiany w ich strategiach marketingowych i reklamowych.\u00a0<\/span><\/p>\n<p><span style=\"font-weight: 400;\">Jak wynika z przeprowadzonej przez nas analizy*, <\/span><b>zawieszane s\u0105 mi\u0119dzy innymi kampanie reklamowe w ekosystemie Facebooka. Aktywnych reklam jest znacznie mniej, a co za tym idzie, znacz\u0105co spad\u0142y te\u017c wydatki na reklam\u0119.\u00a0<\/b><\/p>\n<p><!--more--><\/p>\n<p><i><span style=\"font-weight: 400;\">*Analiza zosta\u0142a przeprowadzona na podstawie danych zebranych przez Sotrendera przy wykorzystaniu podej\u015bcia Federated Analytics, w oparciu o ponad 100 tys. reklam polskich podmiot\u00f3w w okresie 01-28.02.2022.\u00a0<\/span><\/i><\/p>\n<h2><strong>Spadek dziennej liczby reklam na Facebooku\u00a0<\/strong><\/h2>\n<p><span style=\"font-weight: 400;\">W lutym najwi\u0119cej aktywnych reklam w ekosystemie Facebooka odnotowali\u015bmy w okolicach 11 lutego, czyli tu\u017c przed \u015awi\u0119tem Zakochanych. Z kolei, ju\u017c w<\/span><b> dniach od 24 do 26 lutego, dzienna liczba aktywnych reklam zacz\u0119\u0142a stopniowo male\u0107.\u00a0<\/b><\/p>\n<p><span style=\"font-weight: 400;\">Wed\u0142ug naszych danych, w ostatnim dniu miesi\u0105ca, czyli <\/span><b>4 dni po rozpocz\u0119ciu wojny w Ukrainie, nast\u0105pi\u0142 spadek a\u017c o 73% w liczbie aktywnych reklam <\/b><span style=\"font-weight: 400;\">w stosunku do najwy\u017cszego wyniku lutego.\u00a0<\/span><\/p>\n<p><img loading=\"lazy\" decoding=\"async\" class=\"aligncenter size-full wp-image-44601\" src=\"https:\/\/www.sotrender.com\/blog\/wp-content\/uploads\/2022\/03\/dzienna-liczba-reklam-luty-2022-Sotrender.png\" alt=\"dzienna liczba reklam na facebooku w lutym 2022\" width=\"1200\" height=\"500\" srcset=\"https:\/\/www.sotrender.com\/blog\/wp-content\/uploads\/2022\/03\/dzienna-liczba-reklam-luty-2022-Sotrender.png 1200w, https:\/\/www.sotrender.com\/blog\/wp-content\/uploads\/2022\/03\/dzienna-liczba-reklam-luty-2022-Sotrender-475x198.png 475w, https:\/\/www.sotrender.com\/blog\/wp-content\/uploads\/2022\/03\/dzienna-liczba-reklam-luty-2022-Sotrender-768x320.png 768w\" sizes=\"(max-width: 1200px) 100vw, 1200px\" \/><\/p>\n<p><i><span style=\"font-weight: 400;\">Jak czyta\u0107 wykres? Warto\u015b\u0107 100 oznacza najwi\u0119ksz\u0105 liczb\u0119 aktywnych reklam w danym miesi\u0105cu. Warto\u015b\u0107 50 oznacza, \u017ce liczba aktywnych reklam danego dnia by\u0142a dwukrotnie mniejsza.<\/span><\/i><\/p>\n<blockquote><p><span style=\"font-weight: 400;\">Tydzie\u0144 temu \u015bwiat si\u0119 zmieni\u0142, ju\u017c bezpowrotnie. Mamy now\u0105 rzeczywisto\u015b\u0107 i nowe zasady gry. Na ten moment, bran\u017ca reklamowa i marketingowa przyj\u0119\u0142y to z szokiem i niedowierzaniem. Wi\u0119kszo\u015b\u0107 kampanii i projekt\u00f3w zosta\u0142a wstrzymana, obroty w eCommerce (od czwartku) spad\u0142y na \u0142eb na szyj\u0119. Nowa rzeczywisto\u015b\u0107 to nowy konsument. Marketerzy musz\u0105 zrozumie\u0107 jego nastroje i przygotowa\u0107 si\u0119, \u017ce w czasie wojny nie wydaje si\u0119 pieni\u0119dzy tak \u0142atwo, jak dawniej.\u00a0<\/span><span style=\"font-weight: 400;\">My\u015bl\u0119, \u017ce powinni\u015bmy si\u0119 przygotowa\u0107 na stagnacj\u0119 w projektach i kampaniach. Z wielu, zamro\u017conych obecnie kampanii, klienci zrezygnuj\u0105. Trzeba na nowo spojrze\u0107 na konsumenta i jego potrzeby. My, marketerzy, musimy si\u0119 ich dopiero nauczy\u0107.\u00a0<\/span><\/p>\n<p><span style=\"font-weight: 400;\">Nie wolno jednak zapomnie\u0107 o tym, jak wspaniale biznes w Polsce pomaga Ukrainie oraz uchod\u017acom. Obserwuje si\u0119 to z gor\u0105cym sercem i \u0142zami w oczach. Dlatego te\u017c jestem nieco spokojniejszy o przysz\u0142o\u015b\u0107 &#8211; w ko\u0144cu dobro zawsze wygrywa, prawda?\u00a0<\/span><\/p><\/blockquote>\n<p>komentuje Wojtek Kardy\u015b, specjalista ds marketingu digitalowego.<\/p>\n<h2>Coraz ni\u017csze dzienne wydatki na reklam\u0119<\/h2>\n<p><span style=\"font-weight: 400;\">Najwy\u017csze dzienne wydatki na reklam\u0119 odnotowali\u015bmy 18. oraz 24. lutego. Ostatniego dnia miesi\u0105ca, wydatki na reklamy stanowi\u0142y ju\u017c jedynie 29% maksymalnych wydatk\u00f3w, kt\u00f3re obserwowa\u0107 mogli\u015bmy cztery dni wcze\u015bniej.\u00a0<\/span><\/p>\n<p><b>Aktywnych kampanii by\u0142o nie tylko znacznie mniej, ale zauwa\u017calny by\u0142 tak\u017ce wyra\u017any spadek wydatk\u00f3w na p\u0142atne dzia\u0142ania reklamowe w ekosystemie Facebooka.\u00a0<\/b><\/p>\n<p><img loading=\"lazy\" decoding=\"async\" class=\"aligncenter size-full wp-image-44603\" src=\"https:\/\/www.sotrender.com\/blog\/wp-content\/uploads\/2022\/03\/dzienna-wartosc-wydatko\u0301w-Luty-2022-Sotrender.png\" alt=\"dzienna wartosc wydatkow na reklame na fb luty 2022\" width=\"1200\" height=\"500\" srcset=\"https:\/\/www.sotrender.com\/blog\/wp-content\/uploads\/2022\/03\/dzienna-wartosc-wydatko\u0301w-Luty-2022-Sotrender.png 1200w, https:\/\/www.sotrender.com\/blog\/wp-content\/uploads\/2022\/03\/dzienna-wartosc-wydatko\u0301w-Luty-2022-Sotrender-475x198.png 475w, https:\/\/www.sotrender.com\/blog\/wp-content\/uploads\/2022\/03\/dzienna-wartosc-wydatko\u0301w-Luty-2022-Sotrender-768x320.png 768w\" sizes=\"(max-width: 1200px) 100vw, 1200px\" \/><\/p>\n<p><span style=\"font-weight: 400;\">Oczywi\u015bcie, im mniejsza liczba reklam na Facebooku czy Instagramie, tym mniejsza liczba reklamodawc\u00f3w, z kt\u00f3rymi musimy konkurowa\u0107. W ostatnich dniach lutego znacznie <\/span><b>spad\u0142y koszty reklam &#8211; za CPM (dotarcie do tysi\u0105ca u\u017cytkownik\u00f3w) reklamodawcy p\u0142acili nawet o 3 z\u0142ote mniej<\/b><span style=\"font-weight: 400;\"> ni\u017c w okolicach 22 lutego, i nawet o 6 z\u0142 mniej ni\u017c 4 lutego.\u00a0<\/span><\/p>\n<p><img loading=\"lazy\" decoding=\"async\" class=\"aligncenter size-full wp-image-44607\" src=\"https:\/\/www.sotrender.com\/blog\/wp-content\/uploads\/2022\/03\/cpm-luty-2022-sotrender.png\" alt=\"cpm na facebooku luty 2022\" width=\"1200\" height=\"500\" srcset=\"https:\/\/www.sotrender.com\/blog\/wp-content\/uploads\/2022\/03\/cpm-luty-2022-sotrender.png 1200w, https:\/\/www.sotrender.com\/blog\/wp-content\/uploads\/2022\/03\/cpm-luty-2022-sotrender-475x198.png 475w, https:\/\/www.sotrender.com\/blog\/wp-content\/uploads\/2022\/03\/cpm-luty-2022-sotrender-768x320.png 768w\" sizes=\"(max-width: 1200px) 100vw, 1200px\" \/><\/p>\n<p><a href=\"https:\/\/www.sotrender.com\/blog\/pl\/2022\/01\/reklama-na-facebooku-w-2021-analiza\/\"><i><span style=\"font-weight: 400;\">Sprawd\u017a, jak przedstawia\u0142y si\u0119 \u015brednie koszty reklamy na Facebooku w 2021 roku &gt;<\/span><\/i><\/a><\/p>\n<p><span style=\"font-weight: 400;\">Co ciekawe, wska\u017anik CPC (koszt za klikni\u0119cie) nie uleg\u0142 nadzwyczajnym wahaniom. Co prawda, w dniach 26-27 lutego (ostatni weekend miesi\u0105ca, dwa dni po rozpocz\u0119ciu wojny) odnotowali\u015bmy spadek CPC, jednak podobn\u0105 tendencj\u0119 mo\u017cemy obserwowa\u0107 co tydzie\u0144.\u00a0<\/span><\/p>\n<p><img loading=\"lazy\" decoding=\"async\" class=\"aligncenter size-full wp-image-44609\" src=\"https:\/\/www.sotrender.com\/blog\/wp-content\/uploads\/2022\/03\/cpc-luty-2022-facebook.png\" alt=\"cpc luty 2022 facebook\" width=\"1200\" height=\"500\" srcset=\"https:\/\/www.sotrender.com\/blog\/wp-content\/uploads\/2022\/03\/cpc-luty-2022-facebook.png 1200w, https:\/\/www.sotrender.com\/blog\/wp-content\/uploads\/2022\/03\/cpc-luty-2022-facebook-475x198.png 475w, https:\/\/www.sotrender.com\/blog\/wp-content\/uploads\/2022\/03\/cpc-luty-2022-facebook-768x320.png 768w\" sizes=\"(max-width: 1200px) 100vw, 1200px\" \/><\/p>\n<p><span style=\"font-weight: 400;\">Sytuacja jest dynamiczna, i nad wyraz wyj\u0105tkowa, jednak poza analiz\u0105 danych i trend\u00f3w, spytali\u015bmy te\u017c ekspert\u00f3w i praktyk\u00f3w, jaki ich zdaniem jest wp\u0142yw sytuacji w Ukrainie na dzia\u0142ania reklamowe polskich marek.\u00a0<\/span><\/p>\n<p><span style=\"font-weight: 400;\">Dorian Szyma\u0144ski, Strategy Manager w Mindshare Poland:<\/span><\/p>\n<blockquote><p><span style=\"font-weight: 400;\">Drastyczne ograniczenie wydatk\u00f3w reklamowych w ekosystemie Facebooka wi\u0105\u017ce si\u0119 zar\u00f3wno z mo\u017cliwo\u015bci\u0105 elastycznego zarz\u0105dzania kampaniami w tym medium (co potwierdzaj\u0105 kosmetyczne zmiany w emisjach telewizyjnych i radiowych, za: Nielsen 14-28.02.2022), jak i wi\u0119kszymi obawami o odp\u0142yw widowni do kana\u0142\u00f3w o charakterze informacyjnym, jak np. portale horyzontalne (co z kolei potwierdzaj\u0105 dane Gemius Mediapanel, 14-28.02.2022). Dodatkowym wyzwaniem w obszarze komunikacji, w ramach ekosystemu Facebooka, mo\u017ce by\u0107 kontekst pojawiaj\u0105cej si\u0119 reklamy. Du\u017ce obawy o brand safety oraz odbi\u00f3r reklamy to wyraz zar\u00f3wno wysokiej dojrza\u0142o\u015bci rynku, jak i silny znak dla bran\u017cy (a w szczeg\u00f3lno\u015bci medi\u00f3w), by zadba\u0107 o odpowiednie narz\u0119dzia oraz procedury, kt\u00f3re wespr\u0105 reklamodawc\u00f3w w tym zakresie.<\/span><\/p>\n<p><span style=\"font-weight: 400;\">Oczywi\u015bcie, nie mo\u017cemy patrze\u0107 na obecn\u0105 sytuacj\u0119 tylko i wy\u0142\u0105cznie przez pryzmat zimnej kalkulacji i statystyk. To zupe\u0142nie normalne, \u017ce w obliczu wojny marketerzy wstrzymuj\u0105 dzia\u0142ania reklamowe. Niesamowity jest w tym wszystkim fakt, \u017ce zamiast ca\u0142kowicie wstrzymywa\u0107 si\u0119 z wydatkami, coraz wi\u0119cej marek decyduje si\u0119 przeznaczy\u0107 pieni\u0105dze na realne dzia\u0142ania pomocowe. I z tego powinni\u015bmy by\u0107 jako bran\u017ca wyj\u0105tkowo dumni.<\/span><\/p><\/blockquote>\n<p><span style=\"font-weight: 400;\">Jan Zaj\u0105c, CEO Sotrendera:<\/span><\/p>\n<blockquote><p><span style=\"font-weight: 400;\">Coraz wi\u0119cej os\u00f3b &#8211; zar\u00f3wno marketer\u00f3w, jaki i zwyk\u0142ych konsument\u00f3w &#8211; uwa\u017ca, \u017ce marki powinny anga\u017cowa\u0107 si\u0119 spo\u0142ecznie. Polskie firmy w imponuj\u0105cy spos\u00f3b zareagowa\u0142y na inwazj\u0119 na naszego s\u0105siada. W szybkim tempie zorganizowa\u0142y wiele akcji pomocowych, oferuj\u0105c nie tylko zaanga\u017cowanie i pieni\u0105dze, lecz wykorzystuj\u0105c tak\u017ce swoje kluczowe kompetencje, na przyk\u0142ad logistyczne czy programistyczne. Kierowanie si\u0119 empati\u0105 oznacza\u0142o cz\u0119sto te\u017c zmian\u0119, czy wr\u0119cz wstrzymanie, komunikacji reklamowej. Uwa\u017cam jednak, \u017ce tak silne ograniczenie dzia\u0142a\u0144 reklamowych jest kr\u00f3tkotrwa\u0142e. \u015awiadomi reklamodawcy uwa\u017cnie \u015bledz\u0105 zar\u00f3wno zmiany nastroj\u00f3w i zachowa\u0144 konsumenckich, jak i dzia\u0142ania konkurent\u00f3w. Bud\u017cety na reklam\u0119 nied\u0142ugo znowu b\u0119d\u0105 uruchamiane, ale cz\u0119sto b\u0119d\u0105 dotyczy\u0142y innych kategorii produkt\u00f3w, a kreacje b\u0119d\u0105 utrzymane w innym tonie.<\/span><\/p><\/blockquote>\n<p>&nbsp;<\/p>\n","protected":false},"excerpt":{"rendered":"<p>Wojna w Ukrainie wp\u0142ywa na wszystkie sfery naszego \u017cycia &#8211; zar\u00f3wno prywatne, jak i zawodowe. Gwa\u0142townie zmieni\u0142y si\u0119 postawy i zachowania zar\u00f3wno konsument\u00f3w, jak i marek i marketer\u00f3w, kt\u00f3rzy po raz kolejny musieli wykaza\u0107 si\u0119 elastyczno\u015bci\u0105 w swoich dzia\u0142aniach. Od marek globalnych, jak Balenciaga, po ma\u0142e lokalne firmy, obserwujemy zmiany w ich strategiach marketingowych i [&hellip;]<\/p>\n","protected":false},"author":89,"featured_media":44673,"comment_status":"open","ping_status":"open","sticky":false,"template":"","format":"standard","meta":{"inline_featured_image":false,"footnotes":""},"categories":[1793,1797,1803,2125,2275],"tags":[2403,3135,3137],"yoast_head":"<!-- This site is optimized with the Yoast SEO plugin v22.4 - https:\/\/yoast.com\/wordpress\/plugins\/seo\/ -->\n<title>Polscy reklamodawcy zawieszaj\u0105 kampanie reklamowe na Facebooku<\/title>\n<meta name=\"description\" content=\"Po ataku na Ukrain\u0119, polscy reklamodawcy zacz\u0119li zawiesza\u0107 kampanie reklamowe na Facebooku oraz Instagramie. Liczba reklam zmniejszy\u0142a si\u0119 nawet o 73%\" \/>\n<meta name=\"robots\" content=\"index, follow, max-snippet:-1, max-image-preview:large, max-video-preview:-1\" \/>\n<link rel=\"canonical\" href=\"https:\/\/www.sotrender.com\/blog\/pl\/2022\/03\/reklamodawcy-zawieszaja-kampanie-na-facebooku-atak-na-ukraine\/\" \/>\n<meta property=\"og:locale\" content=\"pl_PL\" \/>\n<meta property=\"og:type\" content=\"article\" \/>\n<meta property=\"og:title\" content=\"Polscy reklamodawcy zawieszaj\u0105 kampanie reklamowe na Facebooku\" \/>\n<meta property=\"og:description\" content=\"Po ataku na Ukrain\u0119, polscy reklamodawcy zacz\u0119li zawiesza\u0107 kampanie reklamowe na Facebooku oraz Instagramie. Liczba reklam zmniejszy\u0142a si\u0119 nawet o 73%\" \/>\n<meta property=\"og:url\" content=\"https:\/\/www.sotrender.com\/blog\/pl\/2022\/03\/reklamodawcy-zawieszaja-kampanie-na-facebooku-atak-na-ukraine\/\" \/>\n<meta property=\"og:site_name\" content=\"Sotrender Blog\" \/>\n<meta property=\"article:publisher\" content=\"https:\/\/www.facebook.com\/Sotrender\" \/>\n<meta property=\"article:published_time\" content=\"2022-03-04T10:07:20+00:00\" \/>\n<meta property=\"article:modified_time\" content=\"2022-03-04T10:16:30+00:00\" \/>\n<meta property=\"og:image\" content=\"https:\/\/www.sotrender.com\/blog\/wp-content\/uploads\/2022\/03\/fb-luty-reklama.jpg\" \/>\n\t<meta property=\"og:image:width\" content=\"1910\" \/>\n\t<meta property=\"og:image:height\" content=\"1002\" \/>\n\t<meta property=\"og:image:type\" content=\"image\/jpeg\" \/>\n<meta name=\"author\" content=\"Klaudia \u017by\u0142ka\" \/>\n<meta name=\"twitter:card\" content=\"summary_large_image\" \/>\n<meta name=\"twitter:creator\" content=\"@Sotrender\" \/>\n<meta name=\"twitter:site\" content=\"@Sotrender\" \/>\n<meta name=\"twitter:label1\" content=\"Written by\" \/>\n\t<meta name=\"twitter:data1\" content=\"Klaudia \u017by\u0142ka\" \/>\n\t<meta name=\"twitter:label2\" content=\"Est. reading time\" \/>\n\t<meta name=\"twitter:data2\" content=\"5 minutes\" \/>\n<script type=\"application\/ld+json\" class=\"yoast-schema-graph\">{\"@context\":\"https:\/\/schema.org\",\"@graph\":[{\"@type\":\"WebPage\",\"@id\":\"https:\/\/www.sotrender.com\/blog\/pl\/2022\/03\/reklamodawcy-zawieszaja-kampanie-na-facebooku-atak-na-ukraine\/\",\"url\":\"https:\/\/www.sotrender.com\/blog\/pl\/2022\/03\/reklamodawcy-zawieszaja-kampanie-na-facebooku-atak-na-ukraine\/\",\"name\":\"Polscy reklamodawcy zawieszaj\u0105 kampanie reklamowe na Facebooku\",\"isPartOf\":{\"@id\":\"https:\/\/www.sotrender.com\/blog\/#website\"},\"primaryImageOfPage\":{\"@id\":\"https:\/\/www.sotrender.com\/blog\/pl\/2022\/03\/reklamodawcy-zawieszaja-kampanie-na-facebooku-atak-na-ukraine\/#primaryimage\"},\"image\":{\"@id\":\"https:\/\/www.sotrender.com\/blog\/pl\/2022\/03\/reklamodawcy-zawieszaja-kampanie-na-facebooku-atak-na-ukraine\/#primaryimage\"},\"thumbnailUrl\":\"https:\/\/www.sotrender.com\/blog\/wp-content\/uploads\/2022\/03\/fb-luty-reklama.jpg\",\"datePublished\":\"2022-03-04T10:07:20+00:00\",\"dateModified\":\"2022-03-04T10:16:30+00:00\",\"author\":{\"@id\":\"https:\/\/www.sotrender.com\/blog\/#\/schema\/person\/038ac5e276c5d102d8cbb9c36cd43416\"},\"description\":\"Po ataku na Ukrain\u0119, polscy reklamodawcy zacz\u0119li zawiesza\u0107 kampanie reklamowe na Facebooku oraz Instagramie. Liczba reklam zmniejszy\u0142a si\u0119 nawet o 73%\",\"breadcrumb\":{\"@id\":\"https:\/\/www.sotrender.com\/blog\/pl\/2022\/03\/reklamodawcy-zawieszaja-kampanie-na-facebooku-atak-na-ukraine\/#breadcrumb\"},\"inLanguage\":\"pl-PL\",\"potentialAction\":[{\"@type\":\"ReadAction\",\"target\":[\"https:\/\/www.sotrender.com\/blog\/pl\/2022\/03\/reklamodawcy-zawieszaja-kampanie-na-facebooku-atak-na-ukraine\/\"]}]},{\"@type\":\"ImageObject\",\"inLanguage\":\"pl-PL\",\"@id\":\"https:\/\/www.sotrender.com\/blog\/pl\/2022\/03\/reklamodawcy-zawieszaja-kampanie-na-facebooku-atak-na-ukraine\/#primaryimage\",\"url\":\"https:\/\/www.sotrender.com\/blog\/wp-content\/uploads\/2022\/03\/fb-luty-reklama.jpg\",\"contentUrl\":\"https:\/\/www.sotrender.com\/blog\/wp-content\/uploads\/2022\/03\/fb-luty-reklama.jpg\",\"width\":1910,\"height\":1002},{\"@type\":\"BreadcrumbList\",\"@id\":\"https:\/\/www.sotrender.com\/blog\/pl\/2022\/03\/reklamodawcy-zawieszaja-kampanie-na-facebooku-atak-na-ukraine\/#breadcrumb\",\"itemListElement\":[{\"@type\":\"ListItem\",\"position\":1,\"name\":\"Home\",\"item\":\"https:\/\/www.sotrender.com\/blog\/\"},{\"@type\":\"ListItem\",\"position\":2,\"name\":\"Polscy reklamodawcy zawieszaj\u0105 kampanie reklamowe na Facebooku po ataku na Ukrain\u0119\"}]},{\"@type\":\"WebSite\",\"@id\":\"https:\/\/www.sotrender.com\/blog\/#website\",\"url\":\"https:\/\/www.sotrender.com\/blog\/\",\"name\":\"Sotrender Blog\",\"description\":\"\",\"potentialAction\":[{\"@type\":\"SearchAction\",\"target\":{\"@type\":\"EntryPoint\",\"urlTemplate\":\"https:\/\/www.sotrender.com\/blog\/?s={search_term_string}\"},\"query-input\":\"required name=search_term_string\"}],\"inLanguage\":\"pl-PL\"},{\"@type\":\"Person\",\"@id\":\"https:\/\/www.sotrender.com\/blog\/#\/schema\/person\/038ac5e276c5d102d8cbb9c36cd43416\",\"name\":\"Klaudia \u017by\u0142ka\",\"image\":{\"@type\":\"ImageObject\",\"inLanguage\":\"pl-PL\",\"@id\":\"https:\/\/www.sotrender.com\/blog\/#\/schema\/person\/image\/\",\"url\":\"https:\/\/secure.gravatar.com\/avatar\/f55d5d49ce3c448e1ffde0ab078d84cd?s=96&d=mm&r=g\",\"contentUrl\":\"https:\/\/secure.gravatar.com\/avatar\/f55d5d49ce3c448e1ffde0ab078d84cd?s=96&d=mm&r=g\",\"caption\":\"Klaudia \u017by\u0142ka\"},\"description\":\"Instagram, dogs, books and food lover. Former student at Warsaw University and Malm\u00f6 University. Improving her marketing skills every day. Proud owner of DIMAQ certificate\",\"sameAs\":[\"https:\/\/www.linkedin.com\/in\/klaudia-\u017cy\u0142ka-17527779\"],\"url\":\"https:\/\/www.sotrender.com\/blog\/pl\/author\/klaudia_yka\/\"}]}<\/script>\n<!-- \/ Yoast SEO plugin. -->","yoast_head_json":{"title":"Polscy reklamodawcy zawieszaj\u0105 kampanie reklamowe na Facebooku","description":"Po ataku na Ukrain\u0119, polscy reklamodawcy zacz\u0119li zawiesza\u0107 kampanie reklamowe na Facebooku oraz Instagramie. Liczba reklam zmniejszy\u0142a si\u0119 nawet o 73%","robots":{"index":"index","follow":"follow","max-snippet":"max-snippet:-1","max-image-preview":"max-image-preview:large","max-video-preview":"max-video-preview:-1"},"canonical":"https:\/\/www.sotrender.com\/blog\/pl\/2022\/03\/reklamodawcy-zawieszaja-kampanie-na-facebooku-atak-na-ukraine\/","og_locale":"pl_PL","og_type":"article","og_title":"Polscy reklamodawcy zawieszaj\u0105 kampanie reklamowe na Facebooku","og_description":"Po ataku na Ukrain\u0119, polscy reklamodawcy zacz\u0119li zawiesza\u0107 kampanie reklamowe na Facebooku oraz Instagramie. Liczba reklam zmniejszy\u0142a si\u0119 nawet o 73%","og_url":"https:\/\/www.sotrender.com\/blog\/pl\/2022\/03\/reklamodawcy-zawieszaja-kampanie-na-facebooku-atak-na-ukraine\/","og_site_name":"Sotrender Blog","article_publisher":"https:\/\/www.facebook.com\/Sotrender","article_published_time":"2022-03-04T10:07:20+00:00","article_modified_time":"2022-03-04T10:16:30+00:00","og_image":[{"width":1910,"height":1002,"url":"https:\/\/www.sotrender.com\/blog\/wp-content\/uploads\/2022\/03\/fb-luty-reklama.jpg","type":"image\/jpeg"}],"author":"Klaudia \u017by\u0142ka","twitter_card":"summary_large_image","twitter_creator":"@Sotrender","twitter_site":"@Sotrender","twitter_misc":{"Written by":"Klaudia \u017by\u0142ka","Est. reading time":"5 minutes"},"schema":{"@context":"https:\/\/schema.org","@graph":[{"@type":"WebPage","@id":"https:\/\/www.sotrender.com\/blog\/pl\/2022\/03\/reklamodawcy-zawieszaja-kampanie-na-facebooku-atak-na-ukraine\/","url":"https:\/\/www.sotrender.com\/blog\/pl\/2022\/03\/reklamodawcy-zawieszaja-kampanie-na-facebooku-atak-na-ukraine\/","name":"Polscy reklamodawcy zawieszaj\u0105 kampanie reklamowe na Facebooku","isPartOf":{"@id":"https:\/\/www.sotrender.com\/blog\/#website"},"primaryImageOfPage":{"@id":"https:\/\/www.sotrender.com\/blog\/pl\/2022\/03\/reklamodawcy-zawieszaja-kampanie-na-facebooku-atak-na-ukraine\/#primaryimage"},"image":{"@id":"https:\/\/www.sotrender.com\/blog\/pl\/2022\/03\/reklamodawcy-zawieszaja-kampanie-na-facebooku-atak-na-ukraine\/#primaryimage"},"thumbnailUrl":"https:\/\/www.sotrender.com\/blog\/wp-content\/uploads\/2022\/03\/fb-luty-reklama.jpg","datePublished":"2022-03-04T10:07:20+00:00","dateModified":"2022-03-04T10:16:30+00:00","author":{"@id":"https:\/\/www.sotrender.com\/blog\/#\/schema\/person\/038ac5e276c5d102d8cbb9c36cd43416"},"description":"Po ataku na Ukrain\u0119, polscy reklamodawcy zacz\u0119li zawiesza\u0107 kampanie reklamowe na Facebooku oraz Instagramie. Liczba reklam zmniejszy\u0142a si\u0119 nawet o 73%","breadcrumb":{"@id":"https:\/\/www.sotrender.com\/blog\/pl\/2022\/03\/reklamodawcy-zawieszaja-kampanie-na-facebooku-atak-na-ukraine\/#breadcrumb"},"inLanguage":"pl-PL","potentialAction":[{"@type":"ReadAction","target":["https:\/\/www.sotrender.com\/blog\/pl\/2022\/03\/reklamodawcy-zawieszaja-kampanie-na-facebooku-atak-na-ukraine\/"]}]},{"@type":"ImageObject","inLanguage":"pl-PL","@id":"https:\/\/www.sotrender.com\/blog\/pl\/2022\/03\/reklamodawcy-zawieszaja-kampanie-na-facebooku-atak-na-ukraine\/#primaryimage","url":"https:\/\/www.sotrender.com\/blog\/wp-content\/uploads\/2022\/03\/fb-luty-reklama.jpg","contentUrl":"https:\/\/www.sotrender.com\/blog\/wp-content\/uploads\/2022\/03\/fb-luty-reklama.jpg","width":1910,"height":1002},{"@type":"BreadcrumbList","@id":"https:\/\/www.sotrender.com\/blog\/pl\/2022\/03\/reklamodawcy-zawieszaja-kampanie-na-facebooku-atak-na-ukraine\/#breadcrumb","itemListElement":[{"@type":"ListItem","position":1,"name":"Home","item":"https:\/\/www.sotrender.com\/blog\/"},{"@type":"ListItem","position":2,"name":"Polscy reklamodawcy zawieszaj\u0105 kampanie reklamowe na Facebooku po ataku na Ukrain\u0119"}]},{"@type":"WebSite","@id":"https:\/\/www.sotrender.com\/blog\/#website","url":"https:\/\/www.sotrender.com\/blog\/","name":"Sotrender Blog","description":"","potentialAction":[{"@type":"SearchAction","target":{"@type":"EntryPoint","urlTemplate":"https:\/\/www.sotrender.com\/blog\/?s={search_term_string}"},"query-input":"required name=search_term_string"}],"inLanguage":"pl-PL"},{"@type":"Person","@id":"https:\/\/www.sotrender.com\/blog\/#\/schema\/person\/038ac5e276c5d102d8cbb9c36cd43416","name":"Klaudia \u017by\u0142ka","image":{"@type":"ImageObject","inLanguage":"pl-PL","@id":"https:\/\/www.sotrender.com\/blog\/#\/schema\/person\/image\/","url":"https:\/\/secure.gravatar.com\/avatar\/f55d5d49ce3c448e1ffde0ab078d84cd?s=96&d=mm&r=g","contentUrl":"https:\/\/secure.gravatar.com\/avatar\/f55d5d49ce3c448e1ffde0ab078d84cd?s=96&d=mm&r=g","caption":"Klaudia \u017by\u0142ka"},"description":"Instagram, dogs, books and food lover. Former student at Warsaw University and Malm\u00f6 University. Improving her marketing skills every day. Proud owner of DIMAQ certificate","sameAs":["https:\/\/www.linkedin.com\/in\/klaudia-\u017cy\u0142ka-17527779"],"url":"https:\/\/www.sotrender.com\/blog\/pl\/author\/klaudia_yka\/"}]}},"_links":{"self":[{"href":"https:\/\/www.sotrender.com\/blog\/pl\/wp-json\/wp\/v2\/posts\/44637"}],"collection":[{"href":"https:\/\/www.sotrender.com\/blog\/pl\/wp-json\/wp\/v2\/posts"}],"about":[{"href":"https:\/\/www.sotrender.com\/blog\/pl\/wp-json\/wp\/v2\/types\/post"}],"author":[{"embeddable":true,"href":"https:\/\/www.sotrender.com\/blog\/pl\/wp-json\/wp\/v2\/users\/89"}],"replies":[{"embeddable":true,"href":"https:\/\/www.sotrender.com\/blog\/pl\/wp-json\/wp\/v2\/comments?post=44637"}],"version-history":[{"count":16,"href":"https:\/\/www.sotrender.com\/blog\/pl\/wp-json\/wp\/v2\/posts\/44637\/revisions"}],"predecessor-version":[{"id":44677,"href":"https:\/\/www.sotrender.com\/blog\/pl\/wp-json\/wp\/v2\/posts\/44637\/revisions\/44677"}],"wp:featuredmedia":[{"embeddable":true,"href":"https:\/\/www.sotrender.com\/blog\/pl\/wp-json\/wp\/v2\/media\/44673"}],"wp:attachment":[{"href":"https:\/\/www.sotrender.com\/blog\/pl\/wp-json\/wp\/v2\/media?parent=44637"}],"wp:term":[{"taxonomy":"category","embeddable":true,"href":"https:\/\/www.sotrender.com\/blog\/pl\/wp-json\/wp\/v2\/categories?post=44637"},{"taxonomy":"post_tag","embeddable":true,"href":"https:\/\/www.sotrender.com\/blog\/pl\/wp-json\/wp\/v2\/tags?post=44637"}],"curies":[{"name":"wp","href":"https:\/\/api.w.org\/{rel}","templated":true}]}}