{"id":4445,"date":"2013-02-04T18:04:40","date_gmt":"2013-02-04T17:04:40","guid":{"rendered":"http:\/\/blog.sotrender.com\/?p=4445"},"modified":"2015-12-01T22:21:57","modified_gmt":"2015-12-01T21:21:57","slug":"kuba-wojewodzki-co-by-tu-jeszcze-spieprzyc","status":"publish","type":"post","link":"https:\/\/www.sotrender.com\/blog\/pl\/2013\/02\/kuba-wojewodzki-co-by-tu-jeszcze-spieprzyc\/","title":{"rendered":"Kuba Wojew\u00f3dzki: \u201eCo by tu jeszcze spieprzy\u0107 panowie ???\u201d"},"content":{"rendered":"<div id=\"attachment_4393\" style=\"width: 310px\" class=\"wp-caption alignright\"><a href=\"https:\/\/www.sotrender.com\/blog\/wp-content\/uploads\/2013\/02\/wpis.png\"><img loading=\"lazy\" decoding=\"async\" aria-describedby=\"caption-attachment-4393\" class=\"size-medium wp-image-4393    \" title=\"Ostatni wpis opublikowany przez Kub\u0119 Wojew\u00f3dzkiego \" alt=\"Ostatni wpis opublikowany przez Kub\u0119 Wojew\u00f3dzkiego \" src=\"https:\/\/www.sotrender.com\/blog\/wp-content\/uploads\/2013\/02\/wpis-300x114.png\" height=\"114\" width=\"300\"><\/a><p id=\"caption-attachment-4393\" class=\"wp-caption-text\">Ostatni wpis opublikowany przez Kub\u0119 Wojew\u00f3dzkiego<\/p><\/div>\n<p>Czy Kuba Wojew\u00f3dzki stale na\u015bmiewaj\u0105cy si\u0119 w niewybredny spos\u00f3b z os\u00f3b o przeciwnym \u015bwiatopogl\u0105dzie,  m\u00f3g\u0142 sam mie\u0107 do\u015b\u0107 \u201enietolerancji\u201d? Nie uwierzyli\u015bmy w jego o\u015bwiadczenie dlatego przeanalizowali\u015bmy ostatnie aktywno\u015bci na stronie celebryty w serwisie Facebook.<\/p>\n<p><!--more--><\/p>\n<h3><b>Wakacje Wojew\u00f3dzkiego<\/b><\/h3>\n<blockquote>\n<p>\u201eBy\u0142em przez dwa tygodnie na wakacjach i nie by\u0142o tam moich wpis\u00f3w. I zobaczy\u0142em,  co si\u0119 tam dzieje,  jaki jest poziom nienawi\u015bci.\u201d<\/p>\n<\/blockquote>\n<p>Tak m\u00f3wi\u0142 Kuba Wojew\u00f3dzki <a class=\"\" href=\"http:\/\/wiadomosci.gazeta.pl\/wiadomosci\/1, 114871, 13314802, Fanpage_Kuby_Wojewodzkiego_zniknal.html\">w wywiadzie dla Gazety Wyborczej<\/a>. Jednak pierwsze co zobaczy\u0142 nasz Sotrender Research Team,  to trzytygodniowa dziura w aktywno\u015bci prowadz\u0105cego na prze\u0142omie grudnia i stycznia. Sprawdzili\u015bmy,  czy zaniedbanym fanom tak zrobi\u0142o si\u0119 przykro,  \u017ce a\u017c pu\u015bci\u0142y hamulce wulgaryzm\u00f3w i nietolerancji.<\/p>\n<p>Jak si\u0119 okazuje,  przez trzy tygodnie nieobecno\u015bci Kuby na stronie,  nie zebra\u0142o si\u0119 wcale du\u017co nieprzyjemno\u015bci. \u00be post\u00f3w jest zupe\u0142nie neutralne,  w \u017caden spos\u00f3b nie na\u0142adowane emocjonalnie. A wr\u0119cz posty s\u0105 wyrazem sympatii dla prowadz\u0105cego i pozytywnego zaanga\u017cowania. To,  \u017ce ludzie z dyskusj\u0105 przychodz\u0105 w\u0142a\u015bnie na t\u0119 a nie inn\u0105 stron\u0119 samo w sobie jest zawsze wyr\u00f3\u017cnieniem i wyrazem uznania. Po\u0142owa z pozosta\u0142ej \u00bc post\u00f3w zawiera pozytywne komentarze,  komplementy i \u017cyczenia noworoczne dla Kuby Wojew\u00f3dzkiego. Czy wi\u0119c \u201e<em>kondensacj\u0105 pewnego poziomu nietolerancji<\/em>\u201d jest te kilkana\u015bcie post\u00f3w,  kt\u00f3re w delikatny jak na Internet spos\u00f3b atakuj\u0105 celebryt\u0119?<\/p>\n<blockquote>\n<p>\u201eBo nie ma co ukrywa\u0107,  \u017ce t\u0142um przyci\u0105ga wariat\u00f3w i ten milion fan\u00f3w czasami jest wi\u0119kszym zagro\u017ceniem ni\u017c dowodem sympatii.\u201d<\/p>\n<\/blockquote>\n<h3><b>\u015awiry,  maniacy i brud<\/p>\n<p>\n<\/b><\/h3>\n<p>Post\u00f3w negatywnych ani nie ma du\u017co nominalnie,  ani nie pojawia\u0142y si\u0119 cz\u0119sto,  ani nie by\u0142o ich wi\u0119cej ni\u017c post\u00f3w pozytywnych. Nieco bardziej emocjonalne s\u0105 komentarze,  ale te\u017c \u201e<em>poziom nienawi\u015bci<\/em>\u201d z pewno\u015bci\u0105 nie jest wy\u017cszy ni\u017c w wi\u0119kszo\u015bci innych miejsc Internetu,  gdzie ludzie <b>dyskutuj\u0105<\/b>. Analiza komentarzy wskazuje,  \u017ce ok 17% z nich jest negatywne,  ale 15% pozytywne i zn\u00f3w prawie \u00be komentarzy nie ma ani pozytywnego ani negatywnego zabarwienia emocjonalnego.<\/p>\n<div id=\"attachment_4401\" style=\"width: 619px\" class=\"wp-caption aligncenter\"><a class=\"\" href=\"https:\/\/www.sotrender.com\/blog\/wp-content\/uploads\/2013\/02\/pozytywne-negatywne.png\"><img loading=\"lazy\" decoding=\"async\" aria-describedby=\"caption-attachment-4401\" class=\"size-full wp-image-4401\" alt=\"Kolejne posty w kolejno\u015bci czasowej od 22 grudnia do 8 stycznia \u2013 wyd\u017awi\u0119k pozytywny lub negatywny.\" src=\"https:\/\/www.sotrender.com\/blog\/wp-content\/uploads\/2013\/02\/pozytywne-negatywne.png\" height=\"156\" width=\"609\" srcset=\"https:\/\/www.sotrender.com\/blog\/wp-content\/uploads\/2013\/02\/pozytywne-negatywne.png 609w, https:\/\/www.sotrender.com\/blog\/wp-content\/uploads\/2013\/02\/pozytywne-negatywne-475x122.png 475w, https:\/\/www.sotrender.com\/blog\/wp-content\/uploads\/2013\/02\/pozytywne-negatywne-600x154.png 600w\" sizes=\"(max-width: 609px) 100vw, 609px\" \/><\/a><p id=\"caption-attachment-4401\" class=\"wp-caption-text\">Kolejne posty w kolejno\u015bci czasowej od 22 grudnia do 8 stycznia \u2013 wyd\u017awi\u0119k pozytywny lub negatywny.<\/p><\/div>\n<blockquote>\n<p>\u201eM\u00f3j profil mia\u0142 s\u0142u\u017cy\u0107 do wymiany my\u015bli zwi\u0105zanych z tym,  co robi\u0119,  z moj\u0105 aktywno\u015bci\u0105,  ale nie s\u0142u\u017cy\u0142.\u201d Sotrender pyta: Czy na pewno?<\/p>\n<\/blockquote>\n<p>Czy Kubie Wojew\u00f3dzkiemu znudzi\u0142o si\u0119 bycie celebryt\u0105? \u201e<em>Nie interesowa\u0142a mnie ani masowa popularno\u015b\u0107(\u2026)<\/em>\u201d. Najwi\u0119cej post\u00f3w (36%) dotyczy\u0142o w\u0142a\u015bnie Kuby Wojew\u00f3dzkiego personalnie,  s\u0105 to nie tylko \u017cyczenia weso\u0142ych \u015bwi\u0105t,  ale przede wszystkim opinie o tym,  jak ludzie go postrzegaj\u0105 lub artyku\u0142y z medi\u00f3w na jego temat. Czasem negatywne,  o potyczkach z King\u0105 Rusin albo nie podpisanej pi\u0142ce \u2013 jednak przede wszystkim fakty,  rzadko co\u015b jakkolwiek agresywnego. Rzeczywi\u015bcie,  tak samo popularne s\u0105 posty niezwi\u0105zane ze stron\u0105 i prowadz\u0105cym. W tej grupie bardzo du\u017co jest korzystaj\u0105cych z du\u017cego zasi\u0119gu strony post\u00f3w promuj\u0105cych inne strony lub dzia\u0142alno\u015b\u0107 charytatywn\u0105. To taka darmowa reklama,  niestety nieod\u0142\u0105czny element prowadzenia popularnej strony. Podobnie promuj\u0105 si\u0119 m\u0142ode zespo\u0142y,  kt\u00f3rych wideo stanowi\u0105 8% post\u00f3w na stronie &#8211; czasem z pro\u015bb\u0105 o wyst\u0119p w programie,  ale przecie\u017c i sama wzmianka na stronie Facebookowej mo\u017ce drastycznie podnie\u015b\u0107 ogl\u0105dalno\u015b\u0107 klipu na YouTube. Bezpo\u015brednio program\u00f3w dotyczy\u0142o 4% post\u00f3w,  jednak 17% to posty dotycz\u0105ce spraw spo\u0142ecznych lub politycznych,  czasem na powa\u017cnie,  a czasem \u2013 w stylu Kuby \u2013 ironicznie i z humorem. Reasumuj\u0105c- posty bezpo\u015brednio nie dotycz\u0105ce Kuby Wojew\u00f3dzkiego,  program\u00f3w i kwestii najch\u0119tniej przez niego poruszanych stanowi\u0142y 1\/3 wszystkich.<\/p>\n<div id=\"attachment_4403\" style=\"width: 492px\" class=\"wp-caption aligncenter\"><a class=\"\" href=\"https:\/\/www.sotrender.com\/blog\/wp-content\/uploads\/2013\/02\/wykres1.png\"><img loading=\"lazy\" decoding=\"async\" aria-describedby=\"caption-attachment-4403\" class=\"size-full wp-image-4403\" alt=\"Czego dotyczy\u0142y posty fan\u00f3w W\u00f3jew\u00f3dzkiego\" src=\"https:\/\/www.sotrender.com\/blog\/wp-content\/uploads\/2013\/02\/wykres1.png\" height=\"290\" width=\"482\" srcset=\"https:\/\/www.sotrender.com\/blog\/wp-content\/uploads\/2013\/02\/wykres1.png 482w, https:\/\/www.sotrender.com\/blog\/wp-content\/uploads\/2013\/02\/wykres1-475x286.png 475w, https:\/\/www.sotrender.com\/blog\/wp-content\/uploads\/2013\/02\/wykres1-300x180.png 300w\" sizes=\"(max-width: 482px) 100vw, 482px\" \/><\/a><p id=\"caption-attachment-4403\" class=\"wp-caption-text\">Czego dotyczy\u0142y posty fan\u00f3w W\u00f3jew\u00f3dzkiego<\/p><\/div>\n<p>Agresywne posty mo\u017cna policzy\u0107 na palcach jednej r\u0119ki \u2013 wydaje si\u0119 niemo\u017cliwe,  \u017ceby tak elokwentna osoba przestraszy\u0142a si\u0119 kilku nieprzychylnie nastawionych os\u00f3b. Trzeba zaznaczy\u0107,  \u017ce nie by\u0142y to posty bardzo agresywne ani u\u017cywaj\u0105ce nagannego j\u0119zyka,  cho\u0107 ocena poziomu merytorycznego oczywi\u015bcie jest dyskusyjna.<\/p>\n<div id=\"attachment_4405\" style=\"width: 408px\" class=\"wp-caption aligncenter\"><a href=\"https:\/\/www.sotrender.com\/blog\/wp-content\/uploads\/2013\/02\/\u017cyczenia.png\"><img loading=\"lazy\" decoding=\"async\" aria-describedby=\"caption-attachment-4405\" class=\"size-full wp-image-4405\" alt=\"Jeden z najbardziej obra\u017aliwych post\u00f3w fan\u00f3w Wojew\u00f3dzkiego\" src=\"https:\/\/www.sotrender.com\/blog\/wp-content\/uploads\/2013\/02\/\u017cyczenia.png\" height=\"71\" width=\"398\"><\/a><p id=\"caption-attachment-4405\" class=\"wp-caption-text\">Jeden z najbardziej obra\u017aliwych post\u00f3w fan\u00f3w Wojew\u00f3dzkiego<\/p><\/div>\n<h3>Sprzeczno\u015bc \u015bwiatopogl\u0105d\u00f3w<\/h3>\n<div id=\"attachment_4459\" style=\"width: 213px\" class=\"wp-caption alignright\"><a href=\"https:\/\/www.sotrender.com\/blog\/wp-content\/uploads\/2013\/02\/3.png\"><img loading=\"lazy\" decoding=\"async\" aria-describedby=\"caption-attachment-4459\" class=\"size-full wp-image-4459\" alt=\"Przyk\u0142adowy post najaktywniejszego u\u017cytkownika\" src=\"https:\/\/www.sotrender.com\/blog\/wp-content\/uploads\/2013\/02\/3.png\" height=\"201\" width=\"203\" srcset=\"https:\/\/www.sotrender.com\/blog\/wp-content\/uploads\/2013\/02\/3.png 203w, https:\/\/www.sotrender.com\/blog\/wp-content\/uploads\/2013\/02\/3-80x80.png 80w\" sizes=\"(max-width: 203px) 100vw, 203px\" \/><\/a><p id=\"caption-attachment-4459\" class=\"wp-caption-text\">Przyk\u0142adowy post najaktywniejszego u\u017cytkownika<\/p><\/div>\n<p style=\"text-align: justify;\">Sprawdzili\u015bmy,  czy chodzi o sprzeczno\u015b\u0107 \u015bwiatopogl\u0105d\u00f3w bardziej ni\u017c \u201eo poziom nienawi\u015bci\u201d. Posty o patriotycznej wymowie zamieszcza\u0142 najbardziej aktywny u\u017cytkownik \u2013 8 z 9 zamieszczonych przez niego post\u00f3w mia\u0142o w\u0142a\u015bnie taki charakter. Niezgodne z wizj\u0105 \u015bwiata Kuby \u2013 mo\u017ce. Ale zn\u00f3w \u2013 nieprawdopodobne,  by nieszkodliwe posty zadecydowa\u0142y o zlikwidowaniu strony.<\/p>\n<p style=\"text-align: justify;\">Pytanie,  czy Kuba rzeczywi\u015bcie wola\u0142by rozmawia\u0107 tylko z lud\u017ami o pogl\u0105dach identycznych ze swoimi? I czy tak bardzo przeszkadza mu,  \u017ce cz\u0119\u015b\u0107 fan\u00f3w inaczej patrzy na kwestie polityczne?<\/p>\n<h3>Prawdziwa przyczyna usuni\u0119cia strony<\/h3>\n<p style=\"text-align: justify;\">Na stronie Kuby nie znale\u017ali\u015bmy agresji opisywanej przez niego samego,  nie zrazili\u015bmy si\u0119 te\u017c poziomem wypowiedzi. W por\u00f3wnaniu z pierwszym lepszym internetowym forum,  na kt\u00f3rym mo\u017cna rzeczywi\u015bcie znale\u017a\u0107 wszystko od przekle\u0144stw do fanatyzmu,  fanpage Kuby Wojew\u00f3dzkiego by\u0142 prawdziwie elitarnym klubem dyskusyjnym. Prawdziwa przyczyna wi\u0119c z pewno\u015bci\u0105 jest inna. Czy fani ju\u017c si\u0119 znudzili Kubie,  czy palec si\u0119 omskn\u0105\u0142 na \u201ePotwierd\u017a usuni\u0119cie strony\u201d? A mo\u017ce po prostu naprawd\u0119 ju\u017c nie mia\u0142 pomys\u0142\u00f3w,  \u201eco by tu jeszcze spieprzy\u0107\u201d&#8230;<br style=\"\"><\/p>\n<h3>Celebryci na Facebooku &#8211; Fakty<\/h3>\n<p style=\"text-align: justify;\" align=\"center\">Fanpage Kuby Wojew\u00f3dzkiego by\u0142 sz\u00f3st\u0105 najwi\u0119ksz\u0105 stron\u0105 polskiego Facebooka,  co <a class=\"\" title=\"Fanpage Trends za Grudzie\u0144\" href=\"http:\/\/www.sotrender.com\/pl\/fanpage-trends-category\/201212\/pl_wszystkie\" target=\"_blank\">mo\u017cna sprawdzi\u0107 w naszych ostatnich Fanpage Trends<\/a>. Mia\u0142 prawie dwukrotnie \u2013 o p\u00f3\u0142 miliona &#8211; wi\u0119ksz\u0105 liczb\u0119 fan\u00f3w od kolejnego w rankingu publicznym Grubsona.<\/p>\n<div id=\"attachment_4407\" style=\"width: 419px\" class=\"wp-caption aligncenter\"><a class=\"\" href=\"https:\/\/www.sotrender.com\/blog\/wp-content\/uploads\/2013\/02\/top-10-celebryt\u00f3w.png\"><img loading=\"lazy\" decoding=\"async\" aria-describedby=\"caption-attachment-4407\" class=\"size-full wp-image-4407\" alt=\"Top 10 Celebryt\u00f3w na Facebooku\" src=\"https:\/\/www.sotrender.com\/blog\/wp-content\/uploads\/2013\/02\/top-10-celebryt\u00f3w.png\" height=\"484\" width=\"409\"><\/a><p id=\"caption-attachment-4407\" class=\"wp-caption-text\">Top 10 Celebryt\u00f3w na Facebooku<\/p><\/div>\n<blockquote>\n<p>\u201eMy\u015bl\u0119,  \u017ce fantastyczn\u0105 przygod\u0105 b\u0119dzie zacz\u0105\u0107 wszystko od pocz\u0105tku i zbudowa\u0107 to w oparciu o ludzi,  kt\u00f3rzy s\u0105 zainteresowani tym,  co robi\u0119,  bo ich to ciekawi,  a nie w oparciu o wszystkich wariat\u00f3w,  kiboli,  narodowc\u00f3w,  sekty smole\u0144skie&#8230;\u201d<\/p>\n<\/blockquote>\n<p>\u017byczymy,  aby kolejna strona i nowi fani Kuby nie sprawiali mu k\u0142opot\u00f3w.<\/p>\n<p>&nbsp;<\/p>\n<p>Przygotowali <a title=\"Daria w serwisie LinkedIn\" href=\"http:\/\/www.linkedin.com\/pub\/daria-kuczmara\/5a\/18\/73a\" target=\"_blank\">Daria Kuczmara<\/a> i <a title=\"Aleksander w serwisie LinkedIn\" href=\"http:\/\/www.linkedin.com\/in\/aleksanderszulc\" target=\"_blank\">Aleksander Szulc<\/a> \u2013 Sotrender Research Team. <a class=\"\" title=\"Sprawd\u017a Sotrender\" href=\"http:\/\/www.sotrender.com\" target=\"_blank\">Sotrender <\/a>jest produktem sp\u00f3\u0142ki SmartNet Research &amp; Solutions,  specjalizuj\u0105cej si\u0119 w badaniach i doradztwie w obszarze Internetu i sieci spo\u0142ecznych.<\/p>\n","protected":false},"excerpt":{"rendered":"<p>Czy Kuba Wojew\u00f3dzki stale na\u015bmiewaj\u0105cy si\u0119 w niewybredny spos\u00f3b z os\u00f3b o przeciwnym \u015bwiatopogl\u0105dzie, m\u00f3g\u0142 sam mie\u0107 do\u015b\u0107 \u201enietolerancji\u201d? Nie uwierzyli\u015bmy w jego o\u015bwiadczenie dlatego przeanalizowali\u015bmy ostatnie aktywno\u015bci na stronie celebryty w serwisie Facebook.<\/p>\n","protected":false},"author":31,"featured_media":0,"comment_status":"open","ping_status":"open","sticky":false,"template":"","format":"standard","meta":{"inline_featured_image":false,"footnotes":""},"categories":[1793,1797],"tags":[7,25,311],"yoast_head":"<!-- This site is optimized with the Yoast SEO plugin v22.4 - https:\/\/yoast.com\/wordpress\/plugins\/seo\/ -->\n<title>Kuba Wojew\u00f3dzki: \u201eCo by tu jeszcze spieprzy\u0107 panowie ???<\/title>\n<meta name=\"description\" content=\"Sotrender sprawdzi\u0142 jakie by\u0142y prawdziwe przyczyny przyczyny skasowania fanpage&#039;a przez Kub\u0119 Wojew\u00f3dzkiego\" \/>\n<meta name=\"robots\" content=\"index, follow, max-snippet:-1, max-image-preview:large, max-video-preview:-1\" \/>\n<link rel=\"canonical\" href=\"https:\/\/www.sotrender.com\/blog\/pl\/2013\/02\/kuba-wojewodzki-co-by-tu-jeszcze-spieprzyc\/\" \/>\n<meta property=\"og:locale\" content=\"pl_PL\" \/>\n<meta property=\"og:type\" content=\"article\" \/>\n<meta property=\"og:title\" content=\"Kuba Wojew\u00f3dzki: \u201eCo by tu jeszcze spieprzy\u0107 panowie ???\" \/>\n<meta property=\"og:description\" content=\"Sotrender sprawdzi\u0142 jakie by\u0142y prawdziwe przyczyny przyczyny skasowania fanpage&#039;a przez Kub\u0119 Wojew\u00f3dzkiego\" \/>\n<meta property=\"og:url\" content=\"https:\/\/www.sotrender.com\/blog\/pl\/2013\/02\/kuba-wojewodzki-co-by-tu-jeszcze-spieprzyc\/\" \/>\n<meta property=\"og:site_name\" content=\"Sotrender Blog\" \/>\n<meta property=\"article:publisher\" content=\"https:\/\/www.facebook.com\/Sotrender\" \/>\n<meta property=\"article:published_time\" content=\"2013-02-04T17:04:40+00:00\" \/>\n<meta property=\"article:modified_time\" content=\"2015-12-01T21:21:57+00:00\" \/>\n<meta property=\"og:image\" content=\"https:\/\/www.sotrender.com\/blog\/wp-content\/uploads\/2013\/02\/wpis-300x114.png\" \/>\n<meta name=\"author\" content=\"Aleksandra Prejs\" \/>\n<meta name=\"twitter:card\" content=\"summary_large_image\" \/>\n<meta name=\"twitter:creator\" content=\"@Sotrender\" \/>\n<meta name=\"twitter:site\" content=\"@Sotrender\" \/>\n<meta name=\"twitter:label1\" content=\"Written by\" \/>\n\t<meta name=\"twitter:data1\" content=\"Aleksandra Prejs\" \/>\n\t<meta name=\"twitter:label2\" content=\"Est. reading time\" \/>\n\t<meta name=\"twitter:data2\" content=\"5 minutes\" \/>\n<script type=\"application\/ld+json\" class=\"yoast-schema-graph\">{\"@context\":\"https:\/\/schema.org\",\"@graph\":[{\"@type\":\"WebPage\",\"@id\":\"https:\/\/www.sotrender.com\/blog\/pl\/2013\/02\/kuba-wojewodzki-co-by-tu-jeszcze-spieprzyc\/\",\"url\":\"https:\/\/www.sotrender.com\/blog\/pl\/2013\/02\/kuba-wojewodzki-co-by-tu-jeszcze-spieprzyc\/\",\"name\":\"Kuba Wojew\u00f3dzki: \u201eCo by tu jeszcze spieprzy\u0107 panowie ???\",\"isPartOf\":{\"@id\":\"https:\/\/www.sotrender.com\/blog\/#website\"},\"primaryImageOfPage\":{\"@id\":\"https:\/\/www.sotrender.com\/blog\/pl\/2013\/02\/kuba-wojewodzki-co-by-tu-jeszcze-spieprzyc\/#primaryimage\"},\"image\":{\"@id\":\"https:\/\/www.sotrender.com\/blog\/pl\/2013\/02\/kuba-wojewodzki-co-by-tu-jeszcze-spieprzyc\/#primaryimage\"},\"thumbnailUrl\":\"https:\/\/www.sotrender.com\/blog\/wp-content\/uploads\/2013\/02\/wpis-300x114.png\",\"datePublished\":\"2013-02-04T17:04:40+00:00\",\"dateModified\":\"2015-12-01T21:21:57+00:00\",\"author\":{\"@id\":\"https:\/\/www.sotrender.com\/blog\/#\/schema\/person\/7106df62825269bc360ad9171cd7149b\"},\"description\":\"Sotrender sprawdzi\u0142 jakie by\u0142y prawdziwe przyczyny przyczyny skasowania fanpage'a przez Kub\u0119 Wojew\u00f3dzkiego\",\"breadcrumb\":{\"@id\":\"https:\/\/www.sotrender.com\/blog\/pl\/2013\/02\/kuba-wojewodzki-co-by-tu-jeszcze-spieprzyc\/#breadcrumb\"},\"inLanguage\":\"pl-PL\",\"potentialAction\":[{\"@type\":\"ReadAction\",\"target\":[\"https:\/\/www.sotrender.com\/blog\/pl\/2013\/02\/kuba-wojewodzki-co-by-tu-jeszcze-spieprzyc\/\"]}]},{\"@type\":\"ImageObject\",\"inLanguage\":\"pl-PL\",\"@id\":\"https:\/\/www.sotrender.com\/blog\/pl\/2013\/02\/kuba-wojewodzki-co-by-tu-jeszcze-spieprzyc\/#primaryimage\",\"url\":\"https:\/\/www.sotrender.com\/blog\/wp-content\/uploads\/2013\/02\/wpis-300x114.png\",\"contentUrl\":\"https:\/\/www.sotrender.com\/blog\/wp-content\/uploads\/2013\/02\/wpis-300x114.png\"},{\"@type\":\"BreadcrumbList\",\"@id\":\"https:\/\/www.sotrender.com\/blog\/pl\/2013\/02\/kuba-wojewodzki-co-by-tu-jeszcze-spieprzyc\/#breadcrumb\",\"itemListElement\":[{\"@type\":\"ListItem\",\"position\":1,\"name\":\"Home\",\"item\":\"https:\/\/www.sotrender.com\/blog\/\"},{\"@type\":\"ListItem\",\"position\":2,\"name\":\"Kuba Wojew\u00f3dzki: \u201eCo by tu jeszcze spieprzy\u0107 panowie ???\u201d\"}]},{\"@type\":\"WebSite\",\"@id\":\"https:\/\/www.sotrender.com\/blog\/#website\",\"url\":\"https:\/\/www.sotrender.com\/blog\/\",\"name\":\"Sotrender Blog\",\"description\":\"\",\"potentialAction\":[{\"@type\":\"SearchAction\",\"target\":{\"@type\":\"EntryPoint\",\"urlTemplate\":\"https:\/\/www.sotrender.com\/blog\/?s={search_term_string}\"},\"query-input\":\"required name=search_term_string\"}],\"inLanguage\":\"pl-PL\"},{\"@type\":\"Person\",\"@id\":\"https:\/\/www.sotrender.com\/blog\/#\/schema\/person\/7106df62825269bc360ad9171cd7149b\",\"name\":\"Aleksandra Prejs\",\"image\":{\"@type\":\"ImageObject\",\"inLanguage\":\"pl-PL\",\"@id\":\"https:\/\/www.sotrender.com\/blog\/#\/schema\/person\/image\/\",\"url\":\"https:\/\/secure.gravatar.com\/avatar\/469000454b77ff0aacb32c49dba023be?s=96&d=mm&r=g\",\"contentUrl\":\"https:\/\/secure.gravatar.com\/avatar\/469000454b77ff0aacb32c49dba023be?s=96&d=mm&r=g\",\"caption\":\"Aleksandra Prejs\"},\"url\":\"https:\/\/www.sotrender.com\/blog\/pl\/author\/aleksandra-prejs\/\"}]}<\/script>\n<!-- \/ Yoast SEO plugin. -->","yoast_head_json":{"title":"Kuba Wojew\u00f3dzki: \u201eCo by tu jeszcze spieprzy\u0107 panowie ???","description":"Sotrender sprawdzi\u0142 jakie by\u0142y prawdziwe przyczyny przyczyny skasowania fanpage'a przez Kub\u0119 Wojew\u00f3dzkiego","robots":{"index":"index","follow":"follow","max-snippet":"max-snippet:-1","max-image-preview":"max-image-preview:large","max-video-preview":"max-video-preview:-1"},"canonical":"https:\/\/www.sotrender.com\/blog\/pl\/2013\/02\/kuba-wojewodzki-co-by-tu-jeszcze-spieprzyc\/","og_locale":"pl_PL","og_type":"article","og_title":"Kuba Wojew\u00f3dzki: \u201eCo by tu jeszcze spieprzy\u0107 panowie ???","og_description":"Sotrender sprawdzi\u0142 jakie by\u0142y prawdziwe przyczyny przyczyny skasowania fanpage'a przez Kub\u0119 Wojew\u00f3dzkiego","og_url":"https:\/\/www.sotrender.com\/blog\/pl\/2013\/02\/kuba-wojewodzki-co-by-tu-jeszcze-spieprzyc\/","og_site_name":"Sotrender Blog","article_publisher":"https:\/\/www.facebook.com\/Sotrender","article_published_time":"2013-02-04T17:04:40+00:00","article_modified_time":"2015-12-01T21:21:57+00:00","og_image":[{"url":"https:\/\/www.sotrender.com\/blog\/wp-content\/uploads\/2013\/02\/wpis-300x114.png"}],"author":"Aleksandra Prejs","twitter_card":"summary_large_image","twitter_creator":"@Sotrender","twitter_site":"@Sotrender","twitter_misc":{"Written by":"Aleksandra Prejs","Est. reading time":"5 minutes"},"schema":{"@context":"https:\/\/schema.org","@graph":[{"@type":"WebPage","@id":"https:\/\/www.sotrender.com\/blog\/pl\/2013\/02\/kuba-wojewodzki-co-by-tu-jeszcze-spieprzyc\/","url":"https:\/\/www.sotrender.com\/blog\/pl\/2013\/02\/kuba-wojewodzki-co-by-tu-jeszcze-spieprzyc\/","name":"Kuba Wojew\u00f3dzki: \u201eCo by tu jeszcze spieprzy\u0107 panowie ???","isPartOf":{"@id":"https:\/\/www.sotrender.com\/blog\/#website"},"primaryImageOfPage":{"@id":"https:\/\/www.sotrender.com\/blog\/pl\/2013\/02\/kuba-wojewodzki-co-by-tu-jeszcze-spieprzyc\/#primaryimage"},"image":{"@id":"https:\/\/www.sotrender.com\/blog\/pl\/2013\/02\/kuba-wojewodzki-co-by-tu-jeszcze-spieprzyc\/#primaryimage"},"thumbnailUrl":"https:\/\/www.sotrender.com\/blog\/wp-content\/uploads\/2013\/02\/wpis-300x114.png","datePublished":"2013-02-04T17:04:40+00:00","dateModified":"2015-12-01T21:21:57+00:00","author":{"@id":"https:\/\/www.sotrender.com\/blog\/#\/schema\/person\/7106df62825269bc360ad9171cd7149b"},"description":"Sotrender sprawdzi\u0142 jakie by\u0142y prawdziwe przyczyny przyczyny skasowania fanpage'a przez Kub\u0119 Wojew\u00f3dzkiego","breadcrumb":{"@id":"https:\/\/www.sotrender.com\/blog\/pl\/2013\/02\/kuba-wojewodzki-co-by-tu-jeszcze-spieprzyc\/#breadcrumb"},"inLanguage":"pl-PL","potentialAction":[{"@type":"ReadAction","target":["https:\/\/www.sotrender.com\/blog\/pl\/2013\/02\/kuba-wojewodzki-co-by-tu-jeszcze-spieprzyc\/"]}]},{"@type":"ImageObject","inLanguage":"pl-PL","@id":"https:\/\/www.sotrender.com\/blog\/pl\/2013\/02\/kuba-wojewodzki-co-by-tu-jeszcze-spieprzyc\/#primaryimage","url":"https:\/\/www.sotrender.com\/blog\/wp-content\/uploads\/2013\/02\/wpis-300x114.png","contentUrl":"https:\/\/www.sotrender.com\/blog\/wp-content\/uploads\/2013\/02\/wpis-300x114.png"},{"@type":"BreadcrumbList","@id":"https:\/\/www.sotrender.com\/blog\/pl\/2013\/02\/kuba-wojewodzki-co-by-tu-jeszcze-spieprzyc\/#breadcrumb","itemListElement":[{"@type":"ListItem","position":1,"name":"Home","item":"https:\/\/www.sotrender.com\/blog\/"},{"@type":"ListItem","position":2,"name":"Kuba Wojew\u00f3dzki: \u201eCo by tu jeszcze spieprzy\u0107 panowie ???\u201d"}]},{"@type":"WebSite","@id":"https:\/\/www.sotrender.com\/blog\/#website","url":"https:\/\/www.sotrender.com\/blog\/","name":"Sotrender Blog","description":"","potentialAction":[{"@type":"SearchAction","target":{"@type":"EntryPoint","urlTemplate":"https:\/\/www.sotrender.com\/blog\/?s={search_term_string}"},"query-input":"required name=search_term_string"}],"inLanguage":"pl-PL"},{"@type":"Person","@id":"https:\/\/www.sotrender.com\/blog\/#\/schema\/person\/7106df62825269bc360ad9171cd7149b","name":"Aleksandra Prejs","image":{"@type":"ImageObject","inLanguage":"pl-PL","@id":"https:\/\/www.sotrender.com\/blog\/#\/schema\/person\/image\/","url":"https:\/\/secure.gravatar.com\/avatar\/469000454b77ff0aacb32c49dba023be?s=96&d=mm&r=g","contentUrl":"https:\/\/secure.gravatar.com\/avatar\/469000454b77ff0aacb32c49dba023be?s=96&d=mm&r=g","caption":"Aleksandra Prejs"},"url":"https:\/\/www.sotrender.com\/blog\/pl\/author\/aleksandra-prejs\/"}]}},"_links":{"self":[{"href":"https:\/\/www.sotrender.com\/blog\/pl\/wp-json\/wp\/v2\/posts\/4445"}],"collection":[{"href":"https:\/\/www.sotrender.com\/blog\/pl\/wp-json\/wp\/v2\/posts"}],"about":[{"href":"https:\/\/www.sotrender.com\/blog\/pl\/wp-json\/wp\/v2\/types\/post"}],"author":[{"embeddable":true,"href":"https:\/\/www.sotrender.com\/blog\/pl\/wp-json\/wp\/v2\/users\/31"}],"replies":[{"embeddable":true,"href":"https:\/\/www.sotrender.com\/blog\/pl\/wp-json\/wp\/v2\/comments?post=4445"}],"version-history":[{"count":18,"href":"https:\/\/www.sotrender.com\/blog\/pl\/wp-json\/wp\/v2\/posts\/4445\/revisions"}],"predecessor-version":[{"id":4479,"href":"https:\/\/www.sotrender.com\/blog\/pl\/wp-json\/wp\/v2\/posts\/4445\/revisions\/4479"}],"wp:attachment":[{"href":"https:\/\/www.sotrender.com\/blog\/pl\/wp-json\/wp\/v2\/media?parent=4445"}],"wp:term":[{"taxonomy":"category","embeddable":true,"href":"https:\/\/www.sotrender.com\/blog\/pl\/wp-json\/wp\/v2\/categories?post=4445"},{"taxonomy":"post_tag","embeddable":true,"href":"https:\/\/www.sotrender.com\/blog\/pl\/wp-json\/wp\/v2\/tags?post=4445"}],"curies":[{"name":"wp","href":"https:\/\/api.w.org\/{rel}","templated":true}]}}