{"id":443,"date":"2012-02-28T16:14:30","date_gmt":"2012-02-28T15:14:30","guid":{"rendered":"http:\/\/blog.fanpagetrender.pl\/?p=443"},"modified":"2012-10-21T22:22:44","modified_gmt":"2012-10-21T21:22:44","slug":"fanpage-trender-rozpoczyna-wspolprace-z-iibr","status":"publish","type":"post","link":"https:\/\/www.sotrender.com\/blog\/pl\/2012\/02\/fanpage-trender-rozpoczyna-wspolprace-z-iibr\/","title":{"rendered":"Fanpage Trender rozpoczyna wsp\u00f3\u0142prac\u0119 z IIBR"},"content":{"rendered":"<p><strong>Fanpage Trender<\/strong> rozpocz\u0105\u0142 wsp\u00f3\u0142prac\u0119 z Interaktywnym <strong>Instytutem Bada\u0144 Rynkowych<\/strong> z <strong>Grupy Gemius<\/strong> w zakresie bada\u0144 social media. Fanpage Trender dostarcza dane pochodz\u0105ce z monitoringu profili o <strong>zachowaniach u\u017cytkownik\u00f3w<\/strong> Facebooka.<\/p>\n<p>Facebook &#8211; maj\u0105cy ponad 800 mln u\u017cytkownik\u00f3w &#8211; ju\u017c od pewnego czasu jest najpopularniejszym serwisem spo\u0142eczno\u015bciowym na \u015bwiecie. Tak\u017ce w naszym kraju jego popularno\u015b\u0107 stale ro\u015bnie. Na koniec 2011 roku serwis ten liczy\u0142 <strong>7, 5 mln u\u017cytkownik\u00f3w z Polski<\/strong>.<br \/>\n<!--more--><br \/>\n<em>Facebook jest od d\u0142u\u017cszego czasu najwa\u017cniejszym serwisem spo\u0142eczno\u015bciowym dla polskich marketer\u00f3w. Musz\u0105 wi\u0119c mie\u0107 do dyspozycji naprawd\u0119 wszechstronne narz\u0119dzia,  kt\u00f3re pomog\u0105 im w prowadzeniu stron,  dostarcz\u0105 pog\u0142\u0119bionej analizy i umo\u017cliwi\u0105 por\u00f3wnania do dzia\u0142a\u0144 prowadzonych przez konkurencj\u0119. Dlatego uwa\u017camy,  \u017ce nasza wsp\u00f3\u0142praca z IIBR stworzy Klientom nowe mo\u017cliwo\u015bci<\/em> \u2013 komentuje Jan Zaj\u0105c,  adiunkt na Wydziale Psychologii Uniwersytetu Warszawskiego,  prezes <strong>SmartNet Research &amp; Solutions<\/strong> i wsp\u00f3\u0142tw\u00f3rca<strong> Fanpage Trender<\/strong>.<br \/>\nDane dostarczane przez Fanpage Trender s\u0105 elementem <strong>kompleksowej oferty IIBR<\/strong> w zakresie bada\u0144 social media,  kt\u00f3ry wsp\u00f3\u0142pracuj\u0105c z Fanpage Trender wzbogaca portfolio swoich produkt\u00f3w badawczych. Dzi\u0119ki kooperacji obu firm mog\u0105 one zaoferowa\u0107 zar\u00f3wno ilo\u015bciowe jak i jako\u015bciowe badania fan\u00f3w oraz informacje o zasi\u0119gu poszczeg\u00f3lnych aktywno\u015bci w mediach spo\u0142eczno\u015bciowych oparte na danych deklaratywnych.<br \/>\n<em>Wsp\u00f3lnie z Fanpage Trender jeste\u015bmy w stanie zaproponowa\u0107 naszym klientom innowacyjne i kompleksowe rozwi\u0105zania w zakresie bada\u0144 aktywno\u015bci marek w social media oraz wsparcie analityczne w tym zakresie<\/em> &#8211; podkre\u015bla<strong> Maciej Milewski<\/strong>,  dyrektor zarz\u0105dzaj\u0105cy<strong> Interaktywnego Instytutu Bada\u0144 Rynkowych<\/strong>.<\/p>\n","protected":false},"excerpt":{"rendered":"<p>Fanpage Trender rozpocz\u0105\u0142 wsp\u00f3\u0142prac\u0119 z Interaktywnym Instytutem Bada\u0144 Rynkowych z Grupy Gemius w zakresie bada\u0144 social media. Fanpage Trender dostarcza dane pochodz\u0105ce z monitoringu profili o zachowaniach u\u017cytkownik\u00f3w Facebooka. Facebook &#8211; maj\u0105cy ponad 800 mln u\u017cytkownik\u00f3w &#8211; ju\u017c od pewnego czasu jest najpopularniejszym serwisem spo\u0142eczno\u015bciowym na \u015bwiecie. Tak\u017ce w naszym kraju jego popularno\u015b\u0107 stale ro\u015bnie. [&hellip;]<\/p>\n","protected":false},"author":31,"featured_media":0,"comment_status":"open","ping_status":"open","sticky":false,"template":"","format":"standard","meta":{"inline_featured_image":false,"footnotes":""},"categories":[1],"tags":[7,11,317],"yoast_head":"<!-- This site is optimized with the Yoast SEO plugin v22.4 - https:\/\/yoast.com\/wordpress\/plugins\/seo\/ -->\n<title>Fanpage Trender rozpoczyna wsp\u00f3\u0142prac\u0119 z IIBR<\/title>\n<meta name=\"description\" content=\"Rozpocz\u0119li\u015bmy wsp\u00f3\u0142prac\u0119 z Interaktywnym Instytutem Bada\u0144 Rynkowych . Sotrender - Social Media Marketing Blog.\" \/>\n<meta name=\"robots\" content=\"index, follow, max-snippet:-1, max-image-preview:large, max-video-preview:-1\" \/>\n<link rel=\"canonical\" href=\"https:\/\/www.sotrender.com\/blog\/pl\/2012\/02\/fanpage-trender-rozpoczyna-wspolprace-z-iibr\/\" \/>\n<meta property=\"og:locale\" content=\"pl_PL\" \/>\n<meta property=\"og:type\" content=\"article\" \/>\n<meta property=\"og:title\" content=\"Fanpage Trender rozpoczyna wsp\u00f3\u0142prac\u0119 z IIBR\" \/>\n<meta property=\"og:description\" content=\"Rozpocz\u0119li\u015bmy wsp\u00f3\u0142prac\u0119 z Interaktywnym Instytutem Bada\u0144 Rynkowych . Sotrender - Social Media Marketing Blog.\" \/>\n<meta property=\"og:url\" content=\"https:\/\/www.sotrender.com\/blog\/pl\/2012\/02\/fanpage-trender-rozpoczyna-wspolprace-z-iibr\/\" \/>\n<meta property=\"og:site_name\" content=\"Sotrender Blog\" \/>\n<meta property=\"article:publisher\" content=\"https:\/\/www.facebook.com\/Sotrender\" \/>\n<meta property=\"article:published_time\" content=\"2012-02-28T15:14:30+00:00\" \/>\n<meta property=\"article:modified_time\" content=\"2012-10-21T21:22:44+00:00\" \/>\n<meta name=\"author\" content=\"Aleksandra Prejs\" \/>\n<meta name=\"twitter:card\" content=\"summary_large_image\" \/>\n<meta name=\"twitter:creator\" content=\"@Sotrender\" \/>\n<meta name=\"twitter:site\" content=\"@Sotrender\" \/>\n<meta name=\"twitter:label1\" content=\"Written by\" \/>\n\t<meta name=\"twitter:data1\" content=\"Aleksandra Prejs\" \/>\n\t<meta name=\"twitter:label2\" content=\"Est. reading time\" \/>\n\t<meta name=\"twitter:data2\" content=\"1 minute\" \/>\n<script type=\"application\/ld+json\" class=\"yoast-schema-graph\">{\"@context\":\"https:\/\/schema.org\",\"@graph\":[{\"@type\":\"WebPage\",\"@id\":\"https:\/\/www.sotrender.com\/blog\/pl\/2012\/02\/fanpage-trender-rozpoczyna-wspolprace-z-iibr\/\",\"url\":\"https:\/\/www.sotrender.com\/blog\/pl\/2012\/02\/fanpage-trender-rozpoczyna-wspolprace-z-iibr\/\",\"name\":\"Fanpage Trender rozpoczyna wsp\u00f3\u0142prac\u0119 z IIBR\",\"isPartOf\":{\"@id\":\"https:\/\/www.sotrender.com\/blog\/#website\"},\"datePublished\":\"2012-02-28T15:14:30+00:00\",\"dateModified\":\"2012-10-21T21:22:44+00:00\",\"author\":{\"@id\":\"https:\/\/www.sotrender.com\/blog\/#\/schema\/person\/7106df62825269bc360ad9171cd7149b\"},\"description\":\"Rozpocz\u0119li\u015bmy wsp\u00f3\u0142prac\u0119 z Interaktywnym Instytutem Bada\u0144 Rynkowych . Sotrender - Social Media Marketing Blog.\",\"breadcrumb\":{\"@id\":\"https:\/\/www.sotrender.com\/blog\/pl\/2012\/02\/fanpage-trender-rozpoczyna-wspolprace-z-iibr\/#breadcrumb\"},\"inLanguage\":\"pl-PL\",\"potentialAction\":[{\"@type\":\"ReadAction\",\"target\":[\"https:\/\/www.sotrender.com\/blog\/pl\/2012\/02\/fanpage-trender-rozpoczyna-wspolprace-z-iibr\/\"]}]},{\"@type\":\"BreadcrumbList\",\"@id\":\"https:\/\/www.sotrender.com\/blog\/pl\/2012\/02\/fanpage-trender-rozpoczyna-wspolprace-z-iibr\/#breadcrumb\",\"itemListElement\":[{\"@type\":\"ListItem\",\"position\":1,\"name\":\"Home\",\"item\":\"https:\/\/www.sotrender.com\/blog\/\"},{\"@type\":\"ListItem\",\"position\":2,\"name\":\"Fanpage Trender rozpoczyna wsp\u00f3\u0142prac\u0119 z IIBR\"}]},{\"@type\":\"WebSite\",\"@id\":\"https:\/\/www.sotrender.com\/blog\/#website\",\"url\":\"https:\/\/www.sotrender.com\/blog\/\",\"name\":\"Sotrender Blog\",\"description\":\"\",\"potentialAction\":[{\"@type\":\"SearchAction\",\"target\":{\"@type\":\"EntryPoint\",\"urlTemplate\":\"https:\/\/www.sotrender.com\/blog\/?s={search_term_string}\"},\"query-input\":\"required name=search_term_string\"}],\"inLanguage\":\"pl-PL\"},{\"@type\":\"Person\",\"@id\":\"https:\/\/www.sotrender.com\/blog\/#\/schema\/person\/7106df62825269bc360ad9171cd7149b\",\"name\":\"Aleksandra Prejs\",\"image\":{\"@type\":\"ImageObject\",\"inLanguage\":\"pl-PL\",\"@id\":\"https:\/\/www.sotrender.com\/blog\/#\/schema\/person\/image\/\",\"url\":\"https:\/\/secure.gravatar.com\/avatar\/469000454b77ff0aacb32c49dba023be?s=96&d=mm&r=g\",\"contentUrl\":\"https:\/\/secure.gravatar.com\/avatar\/469000454b77ff0aacb32c49dba023be?s=96&d=mm&r=g\",\"caption\":\"Aleksandra Prejs\"},\"url\":\"https:\/\/www.sotrender.com\/blog\/pl\/author\/aleksandra-prejs\/\"}]}<\/script>\n<!-- \/ Yoast SEO plugin. -->","yoast_head_json":{"title":"Fanpage Trender rozpoczyna wsp\u00f3\u0142prac\u0119 z IIBR","description":"Rozpocz\u0119li\u015bmy wsp\u00f3\u0142prac\u0119 z Interaktywnym Instytutem Bada\u0144 Rynkowych . Sotrender - Social Media Marketing Blog.","robots":{"index":"index","follow":"follow","max-snippet":"max-snippet:-1","max-image-preview":"max-image-preview:large","max-video-preview":"max-video-preview:-1"},"canonical":"https:\/\/www.sotrender.com\/blog\/pl\/2012\/02\/fanpage-trender-rozpoczyna-wspolprace-z-iibr\/","og_locale":"pl_PL","og_type":"article","og_title":"Fanpage Trender rozpoczyna wsp\u00f3\u0142prac\u0119 z IIBR","og_description":"Rozpocz\u0119li\u015bmy wsp\u00f3\u0142prac\u0119 z Interaktywnym Instytutem Bada\u0144 Rynkowych . Sotrender - Social Media Marketing Blog.","og_url":"https:\/\/www.sotrender.com\/blog\/pl\/2012\/02\/fanpage-trender-rozpoczyna-wspolprace-z-iibr\/","og_site_name":"Sotrender Blog","article_publisher":"https:\/\/www.facebook.com\/Sotrender","article_published_time":"2012-02-28T15:14:30+00:00","article_modified_time":"2012-10-21T21:22:44+00:00","author":"Aleksandra Prejs","twitter_card":"summary_large_image","twitter_creator":"@Sotrender","twitter_site":"@Sotrender","twitter_misc":{"Written by":"Aleksandra Prejs","Est. reading time":"1 minute"},"schema":{"@context":"https:\/\/schema.org","@graph":[{"@type":"WebPage","@id":"https:\/\/www.sotrender.com\/blog\/pl\/2012\/02\/fanpage-trender-rozpoczyna-wspolprace-z-iibr\/","url":"https:\/\/www.sotrender.com\/blog\/pl\/2012\/02\/fanpage-trender-rozpoczyna-wspolprace-z-iibr\/","name":"Fanpage Trender rozpoczyna wsp\u00f3\u0142prac\u0119 z IIBR","isPartOf":{"@id":"https:\/\/www.sotrender.com\/blog\/#website"},"datePublished":"2012-02-28T15:14:30+00:00","dateModified":"2012-10-21T21:22:44+00:00","author":{"@id":"https:\/\/www.sotrender.com\/blog\/#\/schema\/person\/7106df62825269bc360ad9171cd7149b"},"description":"Rozpocz\u0119li\u015bmy wsp\u00f3\u0142prac\u0119 z Interaktywnym Instytutem Bada\u0144 Rynkowych . Sotrender - Social Media Marketing Blog.","breadcrumb":{"@id":"https:\/\/www.sotrender.com\/blog\/pl\/2012\/02\/fanpage-trender-rozpoczyna-wspolprace-z-iibr\/#breadcrumb"},"inLanguage":"pl-PL","potentialAction":[{"@type":"ReadAction","target":["https:\/\/www.sotrender.com\/blog\/pl\/2012\/02\/fanpage-trender-rozpoczyna-wspolprace-z-iibr\/"]}]},{"@type":"BreadcrumbList","@id":"https:\/\/www.sotrender.com\/blog\/pl\/2012\/02\/fanpage-trender-rozpoczyna-wspolprace-z-iibr\/#breadcrumb","itemListElement":[{"@type":"ListItem","position":1,"name":"Home","item":"https:\/\/www.sotrender.com\/blog\/"},{"@type":"ListItem","position":2,"name":"Fanpage Trender rozpoczyna wsp\u00f3\u0142prac\u0119 z IIBR"}]},{"@type":"WebSite","@id":"https:\/\/www.sotrender.com\/blog\/#website","url":"https:\/\/www.sotrender.com\/blog\/","name":"Sotrender Blog","description":"","potentialAction":[{"@type":"SearchAction","target":{"@type":"EntryPoint","urlTemplate":"https:\/\/www.sotrender.com\/blog\/?s={search_term_string}"},"query-input":"required name=search_term_string"}],"inLanguage":"pl-PL"},{"@type":"Person","@id":"https:\/\/www.sotrender.com\/blog\/#\/schema\/person\/7106df62825269bc360ad9171cd7149b","name":"Aleksandra Prejs","image":{"@type":"ImageObject","inLanguage":"pl-PL","@id":"https:\/\/www.sotrender.com\/blog\/#\/schema\/person\/image\/","url":"https:\/\/secure.gravatar.com\/avatar\/469000454b77ff0aacb32c49dba023be?s=96&d=mm&r=g","contentUrl":"https:\/\/secure.gravatar.com\/avatar\/469000454b77ff0aacb32c49dba023be?s=96&d=mm&r=g","caption":"Aleksandra Prejs"},"url":"https:\/\/www.sotrender.com\/blog\/pl\/author\/aleksandra-prejs\/"}]}},"_links":{"self":[{"href":"https:\/\/www.sotrender.com\/blog\/pl\/wp-json\/wp\/v2\/posts\/443"}],"collection":[{"href":"https:\/\/www.sotrender.com\/blog\/pl\/wp-json\/wp\/v2\/posts"}],"about":[{"href":"https:\/\/www.sotrender.com\/blog\/pl\/wp-json\/wp\/v2\/types\/post"}],"author":[{"embeddable":true,"href":"https:\/\/www.sotrender.com\/blog\/pl\/wp-json\/wp\/v2\/users\/31"}],"replies":[{"embeddable":true,"href":"https:\/\/www.sotrender.com\/blog\/pl\/wp-json\/wp\/v2\/comments?post=443"}],"version-history":[{"count":7,"href":"https:\/\/www.sotrender.com\/blog\/pl\/wp-json\/wp\/v2\/posts\/443\/revisions"}],"predecessor-version":[{"id":3045,"href":"https:\/\/www.sotrender.com\/blog\/pl\/wp-json\/wp\/v2\/posts\/443\/revisions\/3045"}],"wp:attachment":[{"href":"https:\/\/www.sotrender.com\/blog\/pl\/wp-json\/wp\/v2\/media?parent=443"}],"wp:term":[{"taxonomy":"category","embeddable":true,"href":"https:\/\/www.sotrender.com\/blog\/pl\/wp-json\/wp\/v2\/categories?post=443"},{"taxonomy":"post_tag","embeddable":true,"href":"https:\/\/www.sotrender.com\/blog\/pl\/wp-json\/wp\/v2\/tags?post=443"}],"curies":[{"name":"wp","href":"https:\/\/api.w.org\/{rel}","templated":true}]}}