{"id":44269,"date":"2022-02-09T10:29:46","date_gmt":"2022-02-09T09:29:46","guid":{"rendered":"https:\/\/www.sotrender.com\/blog\/?p=44269\/"},"modified":"2022-03-03T10:22:26","modified_gmt":"2022-03-03T09:22:26","slug":"facebook-trends-styczen-2022-radosc-z-pomagania","status":"publish","type":"post","link":"https:\/\/www.sotrender.com\/blog\/pl\/2022\/02\/facebook-trends-styczen-2022-radosc-z-pomagania\/","title":{"rendered":"Facebook Trends stycze\u0144 2022 \u2013 rado\u015b\u0107 z pomagania"},"content":{"rendered":"<p><span style=\"font-weight: 400;\">Siema! Bo tak mogliby\u015bmy zacz\u0105\u0107 styczniowe podsumowanie na Facebooku. Wszystko za spraw\u0105 trzydziestej ju\u017c, jubileuszowej edycji Wielkiej Orkiestry \u015awi\u0105tecznej Pomocy, kt\u00f3ra wp\u0142yn\u0119\u0142a na styczniowe rankingi. Co jeszcze by\u0142o grane w minionym miesi\u0105cu? Koniecznie zajrzyjcie do ca\u0142ego <\/span><a href=\"https:\/\/www.sotrender.com\/trends\/facebook\/poland\/202201\"><span style=\"font-weight: 400;\">raportu Facebook Trends &#8211; stycze\u0144 2022<\/span><\/a><span style=\"font-weight: 400;\">.<\/span><\/p>\n<p><!--more--><\/p>\n<h2><strong>\u015aredni CPC i CPM w styczniu<\/strong><\/h2>\n<p><span style=\"font-weight: 400;\">To ju\u017c trzeci miesi\u0105c z rz\u0119du, kiedy, w ramach raportu Facebook Trends, przedstawiamy Wam dane reklamowe dotycz\u0105ce \u015brednich stawek CPC i CPM. Co miesi\u0105c mo\u017cecie zobaczy\u0107, ile wynosi\u0142y \u015brednie warto\u015bci kluczowych wska\u017anik\u00f3w reklamowych dla jednej aktywnej reklamy w ekosystemie Facebooka i por\u00f3wna\u0107 je ze \u015brednimi stawkami z innych miesi\u0119cy.<\/span><\/p>\n<p><span style=\"font-weight: 400;\">Je\u015bli chodzi o \u015bredni koszt jednego klikni\u0119cia (CPC), w styczniu bie\u017c\u0105cego roku by\u0142 on znacznie ni\u017cszy od CPC w aktywnym reklamowo grudniu 2021 r. (96 gr), i wynosi\u0142 <\/span><b>67 gr<\/b><span style=\"font-weight: 400;\">. Mediana CPC wynios\u0142a z kolei <\/span><b>41 gr<\/b><span style=\"font-weight: 400;\">.<\/span><\/p>\n<p><img loading=\"lazy\" decoding=\"async\" class=\"aligncenter wp-image-44275\" src=\"https:\/\/www.sotrender.com\/blog\/wp-content\/uploads\/2022\/02\/image2.png\" alt=\"\u015brednia warto\u015b\u0107 CPC stycze\u0144\" width=\"751\" height=\"438\" srcset=\"https:\/\/www.sotrender.com\/blog\/wp-content\/uploads\/2022\/02\/image2.png 1862w, https:\/\/www.sotrender.com\/blog\/wp-content\/uploads\/2022\/02\/image2-475x277.png 475w, https:\/\/www.sotrender.com\/blog\/wp-content\/uploads\/2022\/02\/image2-768x448.png 768w\" sizes=\"(max-width: 751px) 100vw, 751px\" \/><\/p>\n<p><span style=\"font-weight: 400;\">Du\u017co ni\u017cszy w stosunku do grudnia by\u0142 te\u017c wska\u017anik CPM (koszt 1000 wy\u015bwietle\u0144). O ile w grudniu \u015bredni CPM wynosi\u0142 8,79 gr, tak w styczniu wska\u017anik przyj\u0105\u0142 warto\u015b\u0107 <\/span><b>5,65 z\u0142<\/b><span style=\"font-weight: 400;\">. Mediana CPM osi\u0105gn\u0119\u0142a warto\u015b\u0107 <\/span><b>3,48 z\u0142<\/b><span style=\"font-weight: 400;\">.<\/span><\/p>\n<p><img loading=\"lazy\" decoding=\"async\" class=\"aligncenter wp-image-44273\" src=\"https:\/\/www.sotrender.com\/blog\/wp-content\/uploads\/2022\/02\/cpm_2021-01-01_2022-01-31.png\" alt=\"\u015brednia warto\u015b\u0107 CPM stycze\u0144\" width=\"750\" height=\"433\" srcset=\"https:\/\/www.sotrender.com\/blog\/wp-content\/uploads\/2022\/02\/cpm_2021-01-01_2022-01-31.png 1878w, https:\/\/www.sotrender.com\/blog\/wp-content\/uploads\/2022\/02\/cpm_2021-01-01_2022-01-31-475x274.png 475w, https:\/\/www.sotrender.com\/blog\/wp-content\/uploads\/2022\/02\/cpm_2021-01-01_2022-01-31-768x444.png 768w\" sizes=\"(max-width: 750px) 100vw, 750px\" \/><\/p>\n<p>Wraz z nowym rokiem nasz model szacowania \u015brednich warto\u015bci CPC i CPM wyszed\u0142 z fazy beta. Po serii test\u00f3w oraz optymalizacji metod\u0105 Federated Analytics, opracowali\u015bmy wersj\u0119 finaln\u0105, wed\u0142ug kt\u00f3rej b\u0119dziemy prezentowa\u0107 dane od stycznia 2022 roku. Zaktualizowali\u015bmy te\u017c dane historyczne za 2021 rok, kt\u00f3re mo\u017cecie zobaczy\u0107 w tym raporcie.<\/p>\n<h2><strong>Dziki Trener w czo\u0142\u00f3wce najlepszych post\u00f3w<\/strong><\/h2>\n<p><span style=\"font-weight: 400;\">Po\u015br\u00f3d najlepszych post\u00f3w w styczniu, numerem jeden by\u0142o wideo zamieszczone przez Dzikiego Trenera, kt\u00f3ry kontynuuje dobr\u0105 pass\u0119 z ubieg\u0142ego roku. Posty Dzikiego Trenera znalaz\u0142y si\u0119 w <\/span><a href=\"https:\/\/www.sotrender.com\/blog\/pl\/2022\/01\/facebook-w-polsce-podsumowanie-2021-roku-infografika\/\"><span style=\"font-weight: 400;\">czo\u0142\u00f3wce najbardziej anga\u017cuj\u0105cych post\u00f3w 2021 roku<\/span><\/a><span style=\"font-weight: 400;\">.<\/span><\/p>\n<p><span style=\"font-weight: 400;\">Tym razem wpis dotyczy\u0142 Polskiego \u0141adu, czyli tematu, kt\u00f3ry wywo\u0142uje w ostatnim czasie sporo emocji. Wpis zgromadzi\u0142 ponad <\/span><b>185 tys. reakcji<\/b><span style=\"font-weight: 400;\"> i ponad <\/span><b>113 tys. udost\u0119pnie\u0144<\/b><span style=\"font-weight: 400;\">.<\/span><\/p>\n<div id=\"attachment_44277\" style=\"width: 810px\" class=\"wp-caption aligncenter\"><img loading=\"lazy\" decoding=\"async\" aria-describedby=\"caption-attachment-44277\" class=\"wp-image-44277\" src=\"https:\/\/www.sotrender.com\/blog\/wp-content\/uploads\/2022\/02\/image1.png\" alt=\"najlepsze posty polskoj\u0119zyczne stycze\u0144\" width=\"800\" height=\"364\" srcset=\"https:\/\/www.sotrender.com\/blog\/wp-content\/uploads\/2022\/02\/image1.png 1999w, https:\/\/www.sotrender.com\/blog\/wp-content\/uploads\/2022\/02\/image1-475x216.png 475w, https:\/\/www.sotrender.com\/blog\/wp-content\/uploads\/2022\/02\/image1-768x349.png 768w\" sizes=\"(max-width: 800px) 100vw, 800px\" \/><p id=\"caption-attachment-44277\" class=\"wp-caption-text\">Najlepsze posty, Polskoj\u0119zyczne | Facebook, stycze\u0144 2022<\/p><\/div>\n<h2><strong>30. fina\u0142 WO\u015aP &#8211; ,,Przejrzyj na oczy\u201d<\/strong><\/h2>\n<p><span style=\"font-weight: 400;\">Jak co roku, stycze\u0144 nale\u017ca\u0142 do Wielkiej Orkiestry \u015awi\u0105tecznej Pomocy. Tym razem by\u0142a to ju\u017c 30. edycja zbi\u00f3rki WO\u015aP, kt\u00f3rej zapowiedzi pojawia\u0142y si\u0119 niemal od pocz\u0105tku miesi\u0105ca &#8211; zar\u00f3wno na profilu Jurka Owsiaka, jak i na oficjalnym profilu fundacji. A my, jako Sotrender, cieszymy si\u0119 i jeste\u015bmy dumni, \u017ce mo\u017cemy by\u0107 partnerem technologicznym WO\u015aP ju\u017c od 10 lat.<\/span><\/p>\n<p><span style=\"font-weight: 400;\">W rankingu Zaanga\u017cowania, w kategorii <a href=\"https:\/\/www.sotrender.com\/trends\/facebook\/poland\/202201\/ngo\">NGO i organizacje pozarz\u0105dowe<\/a>, profil WO\u015aP awansowa\u0142 o 7 pozycji, odnotowuj\u0105c <\/span><b>przyrost na poziomie 229%<\/b><span style=\"font-weight: 400;\">.<\/span><\/p>\n<div id=\"attachment_44279\" style=\"width: 809px\" class=\"wp-caption aligncenter\"><img loading=\"lazy\" decoding=\"async\" aria-describedby=\"caption-attachment-44279\" class=\"wp-image-44279\" src=\"https:\/\/www.sotrender.com\/blog\/wp-content\/uploads\/2022\/02\/image5.png\" alt=\"najwi\u0119ksze zaanga\u017cowanie NGO stycze\u0144\" width=\"799\" height=\"177\" srcset=\"https:\/\/www.sotrender.com\/blog\/wp-content\/uploads\/2022\/02\/image5.png 1999w, https:\/\/www.sotrender.com\/blog\/wp-content\/uploads\/2022\/02\/image5-475x105.png 475w, https:\/\/www.sotrender.com\/blog\/wp-content\/uploads\/2022\/02\/image5-768x170.png 768w\" sizes=\"(max-width: 799px) 100vw, 799px\" \/><p id=\"caption-attachment-44279\" class=\"wp-caption-text\">Profile o najwi\u0119kszym zaanga\u017cowaniu, NGO i organizacje pozarz\u0105dowe | Facebook, stycze\u0144 2022<\/p><\/div>\n<p><span style=\"font-weight: 400;\">W tej samej kategorii, post Jurka Owsiaka, w kt\u00f3rym wspomina pocz\u0105tki Wielkiej Orkiestry \u015awi\u0105tecznej Pomocy, znalaz\u0142 si\u0119 na 7 miejscu po\u015br\u00f3d najlepszych post\u00f3w, osi\u0105gaj\u0105c liczb\u0119 <\/span><b>ponad 49 tysi\u0119cy reakcji<\/b><span style=\"font-weight: 400;\">.<\/span><\/p>\n<p><iframe loading=\"lazy\" style=\"border: none; overflow: hidden;\" src=\"https:\/\/www.facebook.com\/plugins\/post.php?href=https%3A%2F%2Fwww.facebook.com%2Fjerzyowsiak%2Fposts%2F456686709159786&amp;show_text=true&amp;width=500\" width=\"500\" height=\"585\" frameborder=\"0\" scrolling=\"no\" allowfullscreen=\"allowfullscreen\"><\/iframe><\/p>\n<p><span style=\"font-weight: 400;\">Dzi\u0119ki sporej aktywno\u015bci na profilu Jurka Owsiaka, awansowa\u0142 on w rankingu Aktywnych u\u017cytkownik\u00f3w w kategorii <a href=\"https:\/\/www.sotrender.com\/trends\/facebook\/poland\/202201\/osoby\">Osoby<\/a> o<\/span><b> 8 pozycji<\/b><span style=\"font-weight: 400;\">.<\/span><\/p>\n<div id=\"attachment_44281\" style=\"width: 810px\" class=\"wp-caption aligncenter\"><img loading=\"lazy\" decoding=\"async\" aria-describedby=\"caption-attachment-44281\" class=\"wp-image-44281\" src=\"https:\/\/www.sotrender.com\/blog\/wp-content\/uploads\/2022\/02\/image4.png\" alt=\"najwi\u0119ksza aktywno\u015b\u0107 osoby stycze\u0144\" width=\"800\" height=\"214\" srcset=\"https:\/\/www.sotrender.com\/blog\/wp-content\/uploads\/2022\/02\/image4.png 1999w, https:\/\/www.sotrender.com\/blog\/wp-content\/uploads\/2022\/02\/image4-475x127.png 475w, https:\/\/www.sotrender.com\/blog\/wp-content\/uploads\/2022\/02\/image4-768x206.png 768w\" sizes=\"(max-width: 800px) 100vw, 800px\" \/><p id=\"caption-attachment-44281\" class=\"wp-caption-text\">Profile o najwi\u0119kszej aktywno\u015bci u\u017cytkownik\u00f3w, Osoby | Facebook, stycze\u0144 2022<\/p><\/div>\n<p><span style=\"font-weight: 400;\">W dzia\u0142alno\u015b\u0107 charytatywn\u0105 kolorowej orkiestry zaanga\u017cowa\u0142y si\u0119 tak\u017ce inne znane osoby, w tym mi\u0119dzy innymi Maciej Stuhr, kt\u00f3ry stworzy\u0142 swoj\u0105 w\u0142asn\u0105 zbi\u00f3rk\u0119 dla fundacji. Jego wpis z linkiem do zbi\u00f3rki zdoby\u0142 <\/span><b>prawie 20 tys. reakcji <\/b><span style=\"font-weight: 400;\">i uplasowa\u0142 si\u0119 na pierwszym miejscu po\u015br\u00f3d Najlepszych post\u00f3w w kategorii <a href=\"https:\/\/www.sotrender.com\/trends\/facebook\/poland\/202201\/kultura\/film\">Film<\/a>.\u00a0<\/span><\/p>\n<div id=\"attachment_44283\" style=\"width: 810px\" class=\"wp-caption aligncenter\"><img loading=\"lazy\" decoding=\"async\" aria-describedby=\"caption-attachment-44283\" class=\"wp-image-44283\" src=\"https:\/\/www.sotrender.com\/blog\/wp-content\/uploads\/2022\/02\/image3.png\" alt=\"najlepsze posty film stycze\u0144\" width=\"800\" height=\"367\" srcset=\"https:\/\/www.sotrender.com\/blog\/wp-content\/uploads\/2022\/02\/image3.png 1980w, https:\/\/www.sotrender.com\/blog\/wp-content\/uploads\/2022\/02\/image3-475x218.png 475w, https:\/\/www.sotrender.com\/blog\/wp-content\/uploads\/2022\/02\/image3-768x352.png 768w\" sizes=\"(max-width: 800px) 100vw, 800px\" \/><p id=\"caption-attachment-44283\" class=\"wp-caption-text\">Najlepsze posty, Film | Facebook, stycze\u0144 2022<\/p><\/div>\n<p><span style=\"font-weight: 400;\">Co jednak najistotniejsze, trzydziesta, jubileuszowa edycja zbi\u00f3rki WO\u015aP osi\u0105gn\u0119\u0142a najprawdopodobniej kolejny rekordowy wynik, kt\u00f3ry zostanie oficjalnie og\u0142oszony 30 marca.\u00a0<\/span><\/p>\n<p><span style=\"font-weight: 400;\">To ju\u017c wszystko w <\/span><span style=\"font-weight: 400;\">styczniowych Facebook Trends<\/span><span style=\"font-weight: 400;\">. Szczeg\u00f3\u0142owe wyniki dla wybranych profili mo\u017cecie sprawdzi\u0107 <a href=\"https:\/\/www.sotrender.com\/trends\/facebook\/poland\/202201\">w ca\u0142ym raporcie<\/a>.<\/span><\/p>\n<p><span style=\"font-weight: 400;\">Do us\u0142yszenia w marcu! \ud83d\ude09<\/span><\/p>\n","protected":false},"excerpt":{"rendered":"<p>Siema! Bo tak mogliby\u015bmy zacz\u0105\u0107 styczniowe podsumowanie na Facebooku. Wszystko za spraw\u0105 trzydziestej ju\u017c, jubileuszowej edycji Wielkiej Orkiestry \u015awi\u0105tecznej Pomocy, kt\u00f3ra wp\u0142yn\u0119\u0142a na styczniowe rankingi. Co jeszcze by\u0142o grane w minionym miesi\u0105cu? Koniecznie zajrzyjcie do ca\u0142ego raportu Facebook Trends &#8211; stycze\u0144 2022.<\/p>\n","protected":false},"author":211,"featured_media":44285,"comment_status":"open","ping_status":"open","sticky":false,"template":"","format":"standard","meta":{"inline_featured_image":false,"footnotes":""},"categories":[1],"tags":[2307],"yoast_head":"<!-- This site is optimized with the Yoast SEO plugin v22.4 - https:\/\/yoast.com\/wordpress\/plugins\/seo\/ -->\n<title>Facebook Trends stycze\u0144 2022 \u2013 rado\u015b\u0107 z pomagania<\/title>\n<meta name=\"description\" content=\"O czym by\u0142o g\u0142o\u015bno na Facebooku w styczniu? Co zmieni\u0142o si\u0119 w rankingach profili? Sprawd\u017a pe\u0142ny styczniowy raport Facebook Trends.\" \/>\n<meta name=\"robots\" content=\"index, follow, max-snippet:-1, max-image-preview:large, max-video-preview:-1\" \/>\n<link rel=\"canonical\" href=\"https:\/\/www.sotrender.com\/blog\/pl\/2022\/02\/facebook-trends-styczen-2022-radosc-z-pomagania\/\" \/>\n<meta property=\"og:locale\" content=\"pl_PL\" \/>\n<meta property=\"og:type\" content=\"article\" \/>\n<meta property=\"og:title\" content=\"Facebook Trends stycze\u0144 2022 \u2013 rado\u015b\u0107 z pomagania\" \/>\n<meta property=\"og:description\" content=\"O czym by\u0142o g\u0142o\u015bno na Facebooku w styczniu? Co zmieni\u0142o si\u0119 w rankingach profili? Sprawd\u017a pe\u0142ny styczniowy raport Facebook Trends.\" \/>\n<meta property=\"og:url\" content=\"https:\/\/www.sotrender.com\/blog\/pl\/2022\/02\/facebook-trends-styczen-2022-radosc-z-pomagania\/\" \/>\n<meta property=\"og:site_name\" content=\"Sotrender Blog\" \/>\n<meta property=\"article:publisher\" content=\"https:\/\/www.facebook.com\/Sotrender\" \/>\n<meta property=\"article:published_time\" content=\"2022-02-09T09:29:46+00:00\" \/>\n<meta property=\"article:modified_time\" content=\"2022-03-03T09:22:26+00:00\" \/>\n<meta property=\"og:image\" content=\"https:\/\/www.sotrender.com\/blog\/wp-content\/uploads\/2022\/02\/pexels-edoardo-tommasini-3249760.jpg\" \/>\n\t<meta property=\"og:image:width\" content=\"2000\" \/>\n\t<meta property=\"og:image:height\" content=\"1333\" \/>\n\t<meta property=\"og:image:type\" content=\"image\/jpeg\" \/>\n<meta name=\"author\" content=\"Marta Bongilaj\" \/>\n<meta name=\"twitter:card\" content=\"summary_large_image\" \/>\n<meta name=\"twitter:creator\" content=\"@Sotrender\" \/>\n<meta name=\"twitter:site\" content=\"@Sotrender\" \/>\n<meta name=\"twitter:label1\" content=\"Written by\" \/>\n\t<meta name=\"twitter:data1\" content=\"Marta Bongilaj\" \/>\n\t<meta name=\"twitter:label2\" content=\"Est. reading time\" \/>\n\t<meta name=\"twitter:data2\" content=\"3 minutes\" \/>\n<script type=\"application\/ld+json\" class=\"yoast-schema-graph\">{\"@context\":\"https:\/\/schema.org\",\"@graph\":[{\"@type\":\"WebPage\",\"@id\":\"https:\/\/www.sotrender.com\/blog\/pl\/2022\/02\/facebook-trends-styczen-2022-radosc-z-pomagania\/\",\"url\":\"https:\/\/www.sotrender.com\/blog\/pl\/2022\/02\/facebook-trends-styczen-2022-radosc-z-pomagania\/\",\"name\":\"Facebook Trends stycze\u0144 2022 \u2013 rado\u015b\u0107 z pomagania\",\"isPartOf\":{\"@id\":\"https:\/\/www.sotrender.com\/blog\/#website\"},\"primaryImageOfPage\":{\"@id\":\"https:\/\/www.sotrender.com\/blog\/pl\/2022\/02\/facebook-trends-styczen-2022-radosc-z-pomagania\/#primaryimage\"},\"image\":{\"@id\":\"https:\/\/www.sotrender.com\/blog\/pl\/2022\/02\/facebook-trends-styczen-2022-radosc-z-pomagania\/#primaryimage\"},\"thumbnailUrl\":\"https:\/\/www.sotrender.com\/blog\/wp-content\/uploads\/2022\/02\/pexels-edoardo-tommasini-3249760.jpg\",\"datePublished\":\"2022-02-09T09:29:46+00:00\",\"dateModified\":\"2022-03-03T09:22:26+00:00\",\"author\":{\"@id\":\"https:\/\/www.sotrender.com\/blog\/#\/schema\/person\/7ef66e02c50604f5f3f1affc225398a5\"},\"description\":\"O czym by\u0142o g\u0142o\u015bno na Facebooku w styczniu? Co zmieni\u0142o si\u0119 w rankingach profili? Sprawd\u017a pe\u0142ny styczniowy raport Facebook Trends.\",\"breadcrumb\":{\"@id\":\"https:\/\/www.sotrender.com\/blog\/pl\/2022\/02\/facebook-trends-styczen-2022-radosc-z-pomagania\/#breadcrumb\"},\"inLanguage\":\"pl-PL\",\"potentialAction\":[{\"@type\":\"ReadAction\",\"target\":[\"https:\/\/www.sotrender.com\/blog\/pl\/2022\/02\/facebook-trends-styczen-2022-radosc-z-pomagania\/\"]}]},{\"@type\":\"ImageObject\",\"inLanguage\":\"pl-PL\",\"@id\":\"https:\/\/www.sotrender.com\/blog\/pl\/2022\/02\/facebook-trends-styczen-2022-radosc-z-pomagania\/#primaryimage\",\"url\":\"https:\/\/www.sotrender.com\/blog\/wp-content\/uploads\/2022\/02\/pexels-edoardo-tommasini-3249760.jpg\",\"contentUrl\":\"https:\/\/www.sotrender.com\/blog\/wp-content\/uploads\/2022\/02\/pexels-edoardo-tommasini-3249760.jpg\",\"width\":2000,\"height\":1333},{\"@type\":\"BreadcrumbList\",\"@id\":\"https:\/\/www.sotrender.com\/blog\/pl\/2022\/02\/facebook-trends-styczen-2022-radosc-z-pomagania\/#breadcrumb\",\"itemListElement\":[{\"@type\":\"ListItem\",\"position\":1,\"name\":\"Home\",\"item\":\"https:\/\/www.sotrender.com\/blog\/\"},{\"@type\":\"ListItem\",\"position\":2,\"name\":\"Facebook Trends stycze\u0144 2022 \u2013 rado\u015b\u0107 z pomagania\"}]},{\"@type\":\"WebSite\",\"@id\":\"https:\/\/www.sotrender.com\/blog\/#website\",\"url\":\"https:\/\/www.sotrender.com\/blog\/\",\"name\":\"Sotrender Blog\",\"description\":\"\",\"potentialAction\":[{\"@type\":\"SearchAction\",\"target\":{\"@type\":\"EntryPoint\",\"urlTemplate\":\"https:\/\/www.sotrender.com\/blog\/?s={search_term_string}\"},\"query-input\":\"required name=search_term_string\"}],\"inLanguage\":\"pl-PL\"},{\"@type\":\"Person\",\"@id\":\"https:\/\/www.sotrender.com\/blog\/#\/schema\/person\/7ef66e02c50604f5f3f1affc225398a5\",\"name\":\"Marta Bongilaj\",\"image\":{\"@type\":\"ImageObject\",\"inLanguage\":\"pl-PL\",\"@id\":\"https:\/\/www.sotrender.com\/blog\/#\/schema\/person\/image\/\",\"url\":\"https:\/\/secure.gravatar.com\/avatar\/0799dc0381a0207d8370bd44a9c21665?s=96&d=mm&r=g\",\"contentUrl\":\"https:\/\/secure.gravatar.com\/avatar\/0799dc0381a0207d8370bd44a9c21665?s=96&d=mm&r=g\",\"caption\":\"Marta Bongilaj\"},\"description\":\"Content marketer developing her passion for writing from her youngest years. Loves playing with words. Beyond that, a real dog enthusiast and a happy owner of one.\",\"url\":\"https:\/\/www.sotrender.com\/blog\/pl\/author\/marta_bongilaj\/\"}]}<\/script>\n<!-- \/ Yoast SEO plugin. -->","yoast_head_json":{"title":"Facebook Trends stycze\u0144 2022 \u2013 rado\u015b\u0107 z pomagania","description":"O czym by\u0142o g\u0142o\u015bno na Facebooku w styczniu? Co zmieni\u0142o si\u0119 w rankingach profili? Sprawd\u017a pe\u0142ny styczniowy raport Facebook Trends.","robots":{"index":"index","follow":"follow","max-snippet":"max-snippet:-1","max-image-preview":"max-image-preview:large","max-video-preview":"max-video-preview:-1"},"canonical":"https:\/\/www.sotrender.com\/blog\/pl\/2022\/02\/facebook-trends-styczen-2022-radosc-z-pomagania\/","og_locale":"pl_PL","og_type":"article","og_title":"Facebook Trends stycze\u0144 2022 \u2013 rado\u015b\u0107 z pomagania","og_description":"O czym by\u0142o g\u0142o\u015bno na Facebooku w styczniu? Co zmieni\u0142o si\u0119 w rankingach profili? Sprawd\u017a pe\u0142ny styczniowy raport Facebook Trends.","og_url":"https:\/\/www.sotrender.com\/blog\/pl\/2022\/02\/facebook-trends-styczen-2022-radosc-z-pomagania\/","og_site_name":"Sotrender Blog","article_publisher":"https:\/\/www.facebook.com\/Sotrender","article_published_time":"2022-02-09T09:29:46+00:00","article_modified_time":"2022-03-03T09:22:26+00:00","og_image":[{"width":2000,"height":1333,"url":"https:\/\/www.sotrender.com\/blog\/wp-content\/uploads\/2022\/02\/pexels-edoardo-tommasini-3249760.jpg","type":"image\/jpeg"}],"author":"Marta Bongilaj","twitter_card":"summary_large_image","twitter_creator":"@Sotrender","twitter_site":"@Sotrender","twitter_misc":{"Written by":"Marta Bongilaj","Est. reading time":"3 minutes"},"schema":{"@context":"https:\/\/schema.org","@graph":[{"@type":"WebPage","@id":"https:\/\/www.sotrender.com\/blog\/pl\/2022\/02\/facebook-trends-styczen-2022-radosc-z-pomagania\/","url":"https:\/\/www.sotrender.com\/blog\/pl\/2022\/02\/facebook-trends-styczen-2022-radosc-z-pomagania\/","name":"Facebook Trends stycze\u0144 2022 \u2013 rado\u015b\u0107 z pomagania","isPartOf":{"@id":"https:\/\/www.sotrender.com\/blog\/#website"},"primaryImageOfPage":{"@id":"https:\/\/www.sotrender.com\/blog\/pl\/2022\/02\/facebook-trends-styczen-2022-radosc-z-pomagania\/#primaryimage"},"image":{"@id":"https:\/\/www.sotrender.com\/blog\/pl\/2022\/02\/facebook-trends-styczen-2022-radosc-z-pomagania\/#primaryimage"},"thumbnailUrl":"https:\/\/www.sotrender.com\/blog\/wp-content\/uploads\/2022\/02\/pexels-edoardo-tommasini-3249760.jpg","datePublished":"2022-02-09T09:29:46+00:00","dateModified":"2022-03-03T09:22:26+00:00","author":{"@id":"https:\/\/www.sotrender.com\/blog\/#\/schema\/person\/7ef66e02c50604f5f3f1affc225398a5"},"description":"O czym by\u0142o g\u0142o\u015bno na Facebooku w styczniu? Co zmieni\u0142o si\u0119 w rankingach profili? Sprawd\u017a pe\u0142ny styczniowy raport Facebook Trends.","breadcrumb":{"@id":"https:\/\/www.sotrender.com\/blog\/pl\/2022\/02\/facebook-trends-styczen-2022-radosc-z-pomagania\/#breadcrumb"},"inLanguage":"pl-PL","potentialAction":[{"@type":"ReadAction","target":["https:\/\/www.sotrender.com\/blog\/pl\/2022\/02\/facebook-trends-styczen-2022-radosc-z-pomagania\/"]}]},{"@type":"ImageObject","inLanguage":"pl-PL","@id":"https:\/\/www.sotrender.com\/blog\/pl\/2022\/02\/facebook-trends-styczen-2022-radosc-z-pomagania\/#primaryimage","url":"https:\/\/www.sotrender.com\/blog\/wp-content\/uploads\/2022\/02\/pexels-edoardo-tommasini-3249760.jpg","contentUrl":"https:\/\/www.sotrender.com\/blog\/wp-content\/uploads\/2022\/02\/pexels-edoardo-tommasini-3249760.jpg","width":2000,"height":1333},{"@type":"BreadcrumbList","@id":"https:\/\/www.sotrender.com\/blog\/pl\/2022\/02\/facebook-trends-styczen-2022-radosc-z-pomagania\/#breadcrumb","itemListElement":[{"@type":"ListItem","position":1,"name":"Home","item":"https:\/\/www.sotrender.com\/blog\/"},{"@type":"ListItem","position":2,"name":"Facebook Trends stycze\u0144 2022 \u2013 rado\u015b\u0107 z pomagania"}]},{"@type":"WebSite","@id":"https:\/\/www.sotrender.com\/blog\/#website","url":"https:\/\/www.sotrender.com\/blog\/","name":"Sotrender Blog","description":"","potentialAction":[{"@type":"SearchAction","target":{"@type":"EntryPoint","urlTemplate":"https:\/\/www.sotrender.com\/blog\/?s={search_term_string}"},"query-input":"required name=search_term_string"}],"inLanguage":"pl-PL"},{"@type":"Person","@id":"https:\/\/www.sotrender.com\/blog\/#\/schema\/person\/7ef66e02c50604f5f3f1affc225398a5","name":"Marta Bongilaj","image":{"@type":"ImageObject","inLanguage":"pl-PL","@id":"https:\/\/www.sotrender.com\/blog\/#\/schema\/person\/image\/","url":"https:\/\/secure.gravatar.com\/avatar\/0799dc0381a0207d8370bd44a9c21665?s=96&d=mm&r=g","contentUrl":"https:\/\/secure.gravatar.com\/avatar\/0799dc0381a0207d8370bd44a9c21665?s=96&d=mm&r=g","caption":"Marta Bongilaj"},"description":"Content marketer developing her passion for writing from her youngest years. Loves playing with words. Beyond that, a real dog enthusiast and a happy owner of one.","url":"https:\/\/www.sotrender.com\/blog\/pl\/author\/marta_bongilaj\/"}]}},"_links":{"self":[{"href":"https:\/\/www.sotrender.com\/blog\/pl\/wp-json\/wp\/v2\/posts\/44269"}],"collection":[{"href":"https:\/\/www.sotrender.com\/blog\/pl\/wp-json\/wp\/v2\/posts"}],"about":[{"href":"https:\/\/www.sotrender.com\/blog\/pl\/wp-json\/wp\/v2\/types\/post"}],"author":[{"embeddable":true,"href":"https:\/\/www.sotrender.com\/blog\/pl\/wp-json\/wp\/v2\/users\/211"}],"replies":[{"embeddable":true,"href":"https:\/\/www.sotrender.com\/blog\/pl\/wp-json\/wp\/v2\/comments?post=44269"}],"version-history":[{"count":18,"href":"https:\/\/www.sotrender.com\/blog\/pl\/wp-json\/wp\/v2\/posts\/44269\/revisions"}],"predecessor-version":[{"id":44563,"href":"https:\/\/www.sotrender.com\/blog\/pl\/wp-json\/wp\/v2\/posts\/44269\/revisions\/44563"}],"wp:featuredmedia":[{"embeddable":true,"href":"https:\/\/www.sotrender.com\/blog\/pl\/wp-json\/wp\/v2\/media\/44285"}],"wp:attachment":[{"href":"https:\/\/www.sotrender.com\/blog\/pl\/wp-json\/wp\/v2\/media?parent=44269"}],"wp:term":[{"taxonomy":"category","embeddable":true,"href":"https:\/\/www.sotrender.com\/blog\/pl\/wp-json\/wp\/v2\/categories?post=44269"},{"taxonomy":"post_tag","embeddable":true,"href":"https:\/\/www.sotrender.com\/blog\/pl\/wp-json\/wp\/v2\/tags?post=44269"}],"curies":[{"name":"wp","href":"https:\/\/api.w.org\/{rel}","templated":true}]}}