{"id":44223,"date":"2022-01-27T16:04:32","date_gmt":"2022-01-27T15:04:32","guid":{"rendered":"https:\/\/www.sotrender.com\/blog\/?p=44223\/"},"modified":"2022-01-27T16:04:32","modified_gmt":"2022-01-27T15:04:32","slug":"facebook-w-polsce-podsumowanie-2021-roku-infografika","status":"publish","type":"post","link":"https:\/\/www.sotrender.com\/blog\/pl\/2022\/01\/facebook-w-polsce-podsumowanie-2021-roku-infografika\/","title":{"rendered":"Facebook w Polsce \u2013 podsumowanie 2021 roku [INFOGRAFIKA]"},"content":{"rendered":"<p><span style=\"font-weight: 400;\">Jeste\u015bcie gotowi na sotrenderowe podsumowanie minionego roku na Facebooku? ?<\/span><\/p>\n<p><span style=\"font-weight: 400;\">Nasz\u0105 kultow\u0105 ju\u017c infografik\u0119 znajdziecie poni\u017cej, a w niej kilka zaskocze\u0144, m.in. w zestawieniu najszybciej rosn\u0105cych profili czy najbardziej anga\u017cuj\u0105cych post\u00f3w roku. Wasze bystre oko powinno wy\u0142apa\u0107 te\u017c co\u015b nowego. ?<\/span><\/p>\n<p><!--more--><\/p>\n<p><span style=\"font-weight: 400;\">Zapraszamy!<\/span><\/p>\n<h2>Podsumowanie 2021 roku na Facebooku<\/h2>\n<p><span style=\"font-weight: 400;\">Po raz pierwszy, w naszej infografice prezentujemy dane dotycz\u0105ce \u015brednich koszt\u00f3w reklamowych w ekosystemie Facebooka. Z naszej analizy wynika, \u017ce w minionym roku, 27% wszystkich wydanych bud\u017cet\u00f3w zosta\u0142o przeznaczonych na reklamy z celem konwersja.<strong> \u015aredni koszt CPM w ca\u0142ym 2021 roku wyni\u00f3s\u0142 6 z\u0142 84 gr, a \u015bredni CPC &#8211; 72 grosze.<\/strong> Najwy\u017cszy koszt 1000 wy\u015bwietle\u0144 zaobserwowali\u015bmy w maju, natomiast za CPC reklamodawcy \u015brednio p\u0142acili najwi\u0119cej w grudniu.\u00a0<\/span><\/p>\n<p><a href=\"https:\/\/www.sotrender.com\/blog\/pl\/2022\/01\/reklama-na-facebooku-w-2021-analiza\/\"><span style=\"font-weight: 400;\">Sprawd\u017a nasz\u0105 pe\u0142n\u0105 analiz\u0119 koszt\u00f3w ponoszonych na reklam\u0119 na Facebooku w 2021 roku &gt;\u00a0<\/span><\/a><\/p>\n<p><span style=\"font-weight: 400;\">Topowa dziesi\u0105tka najwi\u0119kszych profili, <\/span><a href=\"https:\/\/www.sotrender.com\/blog\/pl\/2021\/02\/facebook-w-polsce-podsumowanie-2020-roku-infografika\/\"><span style=\"font-weight: 400;\">w por\u00f3wnaniu do roku 2020<\/span><\/a><span style=\"font-weight: 400;\">, przedstawia si\u0119 bez wi\u0119kszych zmian. <strong>Play awansowa\u0142 na miejsce trzecie i zepchn\u0105\u0142 Kub\u0119 B\u0142aszczykowskiego z podium, a \u0141ukasz Piszczek uplasowa\u0142 si\u0119 na wysokim drugim miejscu.<\/strong> Tu\u017c poza TOP10 znalaz\u0142a si\u0119 Anna Lewandowska, profil Wiedza bezu\u017cyteczna oraz Martyna Wojciechowska (odpowiednio miejsce 11., 12. i 13.).<\/span><\/p>\n<p><strong>N<\/strong><span style=\"font-weight: 400;\"><strong>ajcz\u0119\u015bciej na posty u\u017cytkownik\u00f3w reagowa\u0142y, jak co roku, firmy telekomunikacyjne: Orange, Play i Plus.<\/strong> W TOP5 znalaz\u0142 si\u0119 r\u00f3wnie\u017c profil Allegro, a tak\u017ce, po raz pierwszy, profil OLX Polska, i to od razu na drugim miejscu.\u00a0<\/span><\/p>\n<p><span style=\"font-weight: 400;\"><strong>W\u015br\u00f3d profili, kt\u00f3re opublikowa\u0142y najwi\u0119ksz\u0105 liczb\u0119 post\u00f3w w minionym roku, pojawi\u0142y si\u0119 a\u017c 3 profile medi\u00f3w informacyjnych.<\/strong> Do profilu Wirtualnej Polski (kt\u00f3ra awansowa\u0142a w por\u00f3wnaniu do 2020 roku z miejsca pi\u0105tego na drugie), do\u0142\u0105czy\u0142 r\u00f3wnie\u017c profil Onetu oraz TVN24. Ka\u017cdy z nich opublikowa\u0142 w 2020 roku ponad 20 tys. post\u00f3w.\u00a0<\/span><\/p>\n<p><span style=\"font-weight: 400;\">Je\u015bli chodzi o publikowanie najbardziej anga\u017cuj\u0105cych post\u00f3w, dwa profile w 2021 roku nie mia\u0142y sobie r\u00f3wnych. <\/span><b>W TOP12 znalaz\u0142y si\u0119 bowiem jedynie posty od Roberta Lewandowskiego oraz Dzikiego Trenera. <\/b><span style=\"font-weight: 400;\">Jedynym profilem, kt\u00f3ry m\u00f3g\u0142 z nimi konkurowa\u0107, by\u0142, nieistniej\u0105cy ju\u017c, profil Konfederacji &#8211; jeden z post\u00f3w partii znalaz\u0142 si\u0119 na 14. miejscu w\u015br\u00f3d najbardziej anga\u017cuj\u0105cych post\u00f3w.\u00a0<\/span><\/p>\n<p><img loading=\"lazy\" decoding=\"async\" class=\"aligncenter size-full wp-image-44251\" src=\"https:\/\/www.sotrender.com\/blog\/wp-content\/uploads\/2022\/01\/infografika-podsumowanie-2021-facebook-final.jpg\" alt=\"podsumowanie 2021 roku na Facebooku\" width=\"900\" height=\"5615\" srcset=\"https:\/\/www.sotrender.com\/blog\/wp-content\/uploads\/2022\/01\/infografika-podsumowanie-2021-facebook-final.jpg 900w, https:\/\/www.sotrender.com\/blog\/wp-content\/uploads\/2022\/01\/infografika-podsumowanie-2021-facebook-final-475x2963.jpg 475w, https:\/\/www.sotrender.com\/blog\/wp-content\/uploads\/2022\/01\/infografika-podsumowanie-2021-facebook-final-768x4791.jpg 768w\" sizes=\"(max-width: 900px) 100vw, 900px\" \/><\/p>\n<p><span style=\"font-weight: 400;\">A ju\u017c za kilka dni mo\u017cecie spodziewa\u0107 si\u0119 naszej kolejnej infografiki &#8211; tym razem z podsumowaniem 2021 roku na Twitterze.<br \/>\n<\/span><span style=\"font-weight: 400;\">Stay tuned! ?<\/span><\/p>\n","protected":false},"excerpt":{"rendered":"<p>Jeste\u015bcie gotowi na sotrenderowe podsumowanie minionego roku na Facebooku? ? Nasz\u0105 kultow\u0105 ju\u017c infografik\u0119 znajdziecie poni\u017cej, a w niej kilka zaskocze\u0144, m.in. w zestawieniu najszybciej rosn\u0105cych profili czy najbardziej anga\u017cuj\u0105cych post\u00f3w roku. Wasze bystre oko powinno wy\u0142apa\u0107 te\u017c co\u015b nowego. ?<\/p>\n","protected":false},"author":89,"featured_media":44229,"comment_status":"open","ping_status":"open","sticky":false,"template":"","format":"standard","meta":{"inline_featured_image":false,"footnotes":""},"categories":[1797,2125,2275],"tags":[1477,2517],"yoast_head":"<!-- This site is optimized with the Yoast SEO plugin v22.4 - https:\/\/yoast.com\/wordpress\/plugins\/seo\/ -->\n<title>Facebook w Polsce \u2013 podsumowanie 2021 roku [INFOGRAFIKA]<\/title>\n<meta name=\"description\" content=\"Jeste\u015bcie gotowi na sotrenderowe podsumowanie minionego roku na Facebooku? ? Nasz\u0105 kultow\u0105 ju\u017c infografik\u0119 znajdziecie poni\u017cej, a w niej kilka zaskocze\u0144, Social Media Marketing &amp; Analytics Blog.\" \/>\n<meta name=\"robots\" content=\"index, follow, max-snippet:-1, max-image-preview:large, max-video-preview:-1\" \/>\n<link rel=\"canonical\" href=\"https:\/\/www.sotrender.com\/blog\/pl\/2022\/01\/facebook-w-polsce-podsumowanie-2021-roku-infografika\/\" \/>\n<meta property=\"og:locale\" content=\"pl_PL\" \/>\n<meta property=\"og:type\" content=\"article\" \/>\n<meta property=\"og:title\" content=\"Facebook w Polsce \u2013 podsumowanie 2021 roku [INFOGRAFIKA]\" \/>\n<meta property=\"og:description\" content=\"Jeste\u015bcie gotowi na sotrenderowe podsumowanie minionego roku na Facebooku? ? Nasz\u0105 kultow\u0105 ju\u017c infografik\u0119 znajdziecie poni\u017cej, a w niej kilka zaskocze\u0144, Social Media Marketing &amp; Analytics Blog.\" \/>\n<meta property=\"og:url\" content=\"https:\/\/www.sotrender.com\/blog\/pl\/2022\/01\/facebook-w-polsce-podsumowanie-2021-roku-infografika\/\" \/>\n<meta property=\"og:site_name\" content=\"Sotrender Blog\" \/>\n<meta property=\"article:publisher\" content=\"https:\/\/www.facebook.com\/Sotrender\" \/>\n<meta property=\"article:published_time\" content=\"2022-01-27T15:04:32+00:00\" \/>\n<meta property=\"og:image\" content=\"https:\/\/www.sotrender.com\/blog\/wp-content\/uploads\/2022\/01\/podsumowanie-2021-facebook.jpg\" \/>\n\t<meta property=\"og:image:width\" content=\"1920\" \/>\n\t<meta property=\"og:image:height\" content=\"1280\" \/>\n\t<meta property=\"og:image:type\" content=\"image\/jpeg\" \/>\n<meta name=\"author\" content=\"Klaudia \u017by\u0142ka\" \/>\n<meta name=\"twitter:card\" content=\"summary_large_image\" \/>\n<meta name=\"twitter:creator\" content=\"@Sotrender\" \/>\n<meta name=\"twitter:site\" content=\"@Sotrender\" \/>\n<meta name=\"twitter:label1\" content=\"Written by\" \/>\n\t<meta name=\"twitter:data1\" content=\"Klaudia \u017by\u0142ka\" \/>\n\t<meta name=\"twitter:label2\" content=\"Est. reading time\" \/>\n\t<meta name=\"twitter:data2\" content=\"2 minutes\" \/>\n<script type=\"application\/ld+json\" class=\"yoast-schema-graph\">{\"@context\":\"https:\/\/schema.org\",\"@graph\":[{\"@type\":\"WebPage\",\"@id\":\"https:\/\/www.sotrender.com\/blog\/pl\/2022\/01\/facebook-w-polsce-podsumowanie-2021-roku-infografika\/\",\"url\":\"https:\/\/www.sotrender.com\/blog\/pl\/2022\/01\/facebook-w-polsce-podsumowanie-2021-roku-infografika\/\",\"name\":\"Facebook w Polsce \u2013 podsumowanie 2021 roku [INFOGRAFIKA]\",\"isPartOf\":{\"@id\":\"https:\/\/www.sotrender.com\/blog\/#website\"},\"primaryImageOfPage\":{\"@id\":\"https:\/\/www.sotrender.com\/blog\/pl\/2022\/01\/facebook-w-polsce-podsumowanie-2021-roku-infografika\/#primaryimage\"},\"image\":{\"@id\":\"https:\/\/www.sotrender.com\/blog\/pl\/2022\/01\/facebook-w-polsce-podsumowanie-2021-roku-infografika\/#primaryimage\"},\"thumbnailUrl\":\"https:\/\/www.sotrender.com\/blog\/wp-content\/uploads\/2022\/01\/podsumowanie-2021-facebook.jpg\",\"datePublished\":\"2022-01-27T15:04:32+00:00\",\"dateModified\":\"2022-01-27T15:04:32+00:00\",\"author\":{\"@id\":\"https:\/\/www.sotrender.com\/blog\/#\/schema\/person\/038ac5e276c5d102d8cbb9c36cd43416\"},\"description\":\"Jeste\u015bcie gotowi na sotrenderowe podsumowanie minionego roku na Facebooku? ? Nasz\u0105 kultow\u0105 ju\u017c infografik\u0119 znajdziecie poni\u017cej, a w niej kilka zaskocze\u0144, Social Media Marketing & Analytics Blog.\",\"breadcrumb\":{\"@id\":\"https:\/\/www.sotrender.com\/blog\/pl\/2022\/01\/facebook-w-polsce-podsumowanie-2021-roku-infografika\/#breadcrumb\"},\"inLanguage\":\"pl-PL\",\"potentialAction\":[{\"@type\":\"ReadAction\",\"target\":[\"https:\/\/www.sotrender.com\/blog\/pl\/2022\/01\/facebook-w-polsce-podsumowanie-2021-roku-infografika\/\"]}]},{\"@type\":\"ImageObject\",\"inLanguage\":\"pl-PL\",\"@id\":\"https:\/\/www.sotrender.com\/blog\/pl\/2022\/01\/facebook-w-polsce-podsumowanie-2021-roku-infografika\/#primaryimage\",\"url\":\"https:\/\/www.sotrender.com\/blog\/wp-content\/uploads\/2022\/01\/podsumowanie-2021-facebook.jpg\",\"contentUrl\":\"https:\/\/www.sotrender.com\/blog\/wp-content\/uploads\/2022\/01\/podsumowanie-2021-facebook.jpg\",\"width\":1920,\"height\":1280},{\"@type\":\"BreadcrumbList\",\"@id\":\"https:\/\/www.sotrender.com\/blog\/pl\/2022\/01\/facebook-w-polsce-podsumowanie-2021-roku-infografika\/#breadcrumb\",\"itemListElement\":[{\"@type\":\"ListItem\",\"position\":1,\"name\":\"Home\",\"item\":\"https:\/\/www.sotrender.com\/blog\/\"},{\"@type\":\"ListItem\",\"position\":2,\"name\":\"Facebook w Polsce \u2013 podsumowanie 2021 roku [INFOGRAFIKA]\"}]},{\"@type\":\"WebSite\",\"@id\":\"https:\/\/www.sotrender.com\/blog\/#website\",\"url\":\"https:\/\/www.sotrender.com\/blog\/\",\"name\":\"Sotrender Blog\",\"description\":\"\",\"potentialAction\":[{\"@type\":\"SearchAction\",\"target\":{\"@type\":\"EntryPoint\",\"urlTemplate\":\"https:\/\/www.sotrender.com\/blog\/?s={search_term_string}\"},\"query-input\":\"required name=search_term_string\"}],\"inLanguage\":\"pl-PL\"},{\"@type\":\"Person\",\"@id\":\"https:\/\/www.sotrender.com\/blog\/#\/schema\/person\/038ac5e276c5d102d8cbb9c36cd43416\",\"name\":\"Klaudia \u017by\u0142ka\",\"image\":{\"@type\":\"ImageObject\",\"inLanguage\":\"pl-PL\",\"@id\":\"https:\/\/www.sotrender.com\/blog\/#\/schema\/person\/image\/\",\"url\":\"https:\/\/secure.gravatar.com\/avatar\/f55d5d49ce3c448e1ffde0ab078d84cd?s=96&d=mm&r=g\",\"contentUrl\":\"https:\/\/secure.gravatar.com\/avatar\/f55d5d49ce3c448e1ffde0ab078d84cd?s=96&d=mm&r=g\",\"caption\":\"Klaudia \u017by\u0142ka\"},\"description\":\"Instagram, dogs, books and food lover. Former student at Warsaw University and Malm\u00f6 University. Improving her marketing skills every day. Proud owner of DIMAQ certificate\",\"sameAs\":[\"https:\/\/www.linkedin.com\/in\/klaudia-\u017cy\u0142ka-17527779\"],\"url\":\"https:\/\/www.sotrender.com\/blog\/pl\/author\/klaudia_yka\/\"}]}<\/script>\n<!-- \/ Yoast SEO plugin. -->","yoast_head_json":{"title":"Facebook w Polsce \u2013 podsumowanie 2021 roku [INFOGRAFIKA]","description":"Jeste\u015bcie gotowi na sotrenderowe podsumowanie minionego roku na Facebooku? ? Nasz\u0105 kultow\u0105 ju\u017c infografik\u0119 znajdziecie poni\u017cej, a w niej kilka zaskocze\u0144, Social Media Marketing & Analytics Blog.","robots":{"index":"index","follow":"follow","max-snippet":"max-snippet:-1","max-image-preview":"max-image-preview:large","max-video-preview":"max-video-preview:-1"},"canonical":"https:\/\/www.sotrender.com\/blog\/pl\/2022\/01\/facebook-w-polsce-podsumowanie-2021-roku-infografika\/","og_locale":"pl_PL","og_type":"article","og_title":"Facebook w Polsce \u2013 podsumowanie 2021 roku [INFOGRAFIKA]","og_description":"Jeste\u015bcie gotowi na sotrenderowe podsumowanie minionego roku na Facebooku? ? Nasz\u0105 kultow\u0105 ju\u017c infografik\u0119 znajdziecie poni\u017cej, a w niej kilka zaskocze\u0144, Social Media Marketing & Analytics Blog.","og_url":"https:\/\/www.sotrender.com\/blog\/pl\/2022\/01\/facebook-w-polsce-podsumowanie-2021-roku-infografika\/","og_site_name":"Sotrender Blog","article_publisher":"https:\/\/www.facebook.com\/Sotrender","article_published_time":"2022-01-27T15:04:32+00:00","og_image":[{"width":1920,"height":1280,"url":"https:\/\/www.sotrender.com\/blog\/wp-content\/uploads\/2022\/01\/podsumowanie-2021-facebook.jpg","type":"image\/jpeg"}],"author":"Klaudia \u017by\u0142ka","twitter_card":"summary_large_image","twitter_creator":"@Sotrender","twitter_site":"@Sotrender","twitter_misc":{"Written by":"Klaudia \u017by\u0142ka","Est. reading time":"2 minutes"},"schema":{"@context":"https:\/\/schema.org","@graph":[{"@type":"WebPage","@id":"https:\/\/www.sotrender.com\/blog\/pl\/2022\/01\/facebook-w-polsce-podsumowanie-2021-roku-infografika\/","url":"https:\/\/www.sotrender.com\/blog\/pl\/2022\/01\/facebook-w-polsce-podsumowanie-2021-roku-infografika\/","name":"Facebook w Polsce \u2013 podsumowanie 2021 roku [INFOGRAFIKA]","isPartOf":{"@id":"https:\/\/www.sotrender.com\/blog\/#website"},"primaryImageOfPage":{"@id":"https:\/\/www.sotrender.com\/blog\/pl\/2022\/01\/facebook-w-polsce-podsumowanie-2021-roku-infografika\/#primaryimage"},"image":{"@id":"https:\/\/www.sotrender.com\/blog\/pl\/2022\/01\/facebook-w-polsce-podsumowanie-2021-roku-infografika\/#primaryimage"},"thumbnailUrl":"https:\/\/www.sotrender.com\/blog\/wp-content\/uploads\/2022\/01\/podsumowanie-2021-facebook.jpg","datePublished":"2022-01-27T15:04:32+00:00","dateModified":"2022-01-27T15:04:32+00:00","author":{"@id":"https:\/\/www.sotrender.com\/blog\/#\/schema\/person\/038ac5e276c5d102d8cbb9c36cd43416"},"description":"Jeste\u015bcie gotowi na sotrenderowe podsumowanie minionego roku na Facebooku? ? Nasz\u0105 kultow\u0105 ju\u017c infografik\u0119 znajdziecie poni\u017cej, a w niej kilka zaskocze\u0144, Social Media Marketing & Analytics Blog.","breadcrumb":{"@id":"https:\/\/www.sotrender.com\/blog\/pl\/2022\/01\/facebook-w-polsce-podsumowanie-2021-roku-infografika\/#breadcrumb"},"inLanguage":"pl-PL","potentialAction":[{"@type":"ReadAction","target":["https:\/\/www.sotrender.com\/blog\/pl\/2022\/01\/facebook-w-polsce-podsumowanie-2021-roku-infografika\/"]}]},{"@type":"ImageObject","inLanguage":"pl-PL","@id":"https:\/\/www.sotrender.com\/blog\/pl\/2022\/01\/facebook-w-polsce-podsumowanie-2021-roku-infografika\/#primaryimage","url":"https:\/\/www.sotrender.com\/blog\/wp-content\/uploads\/2022\/01\/podsumowanie-2021-facebook.jpg","contentUrl":"https:\/\/www.sotrender.com\/blog\/wp-content\/uploads\/2022\/01\/podsumowanie-2021-facebook.jpg","width":1920,"height":1280},{"@type":"BreadcrumbList","@id":"https:\/\/www.sotrender.com\/blog\/pl\/2022\/01\/facebook-w-polsce-podsumowanie-2021-roku-infografika\/#breadcrumb","itemListElement":[{"@type":"ListItem","position":1,"name":"Home","item":"https:\/\/www.sotrender.com\/blog\/"},{"@type":"ListItem","position":2,"name":"Facebook w Polsce \u2013 podsumowanie 2021 roku [INFOGRAFIKA]"}]},{"@type":"WebSite","@id":"https:\/\/www.sotrender.com\/blog\/#website","url":"https:\/\/www.sotrender.com\/blog\/","name":"Sotrender Blog","description":"","potentialAction":[{"@type":"SearchAction","target":{"@type":"EntryPoint","urlTemplate":"https:\/\/www.sotrender.com\/blog\/?s={search_term_string}"},"query-input":"required name=search_term_string"}],"inLanguage":"pl-PL"},{"@type":"Person","@id":"https:\/\/www.sotrender.com\/blog\/#\/schema\/person\/038ac5e276c5d102d8cbb9c36cd43416","name":"Klaudia \u017by\u0142ka","image":{"@type":"ImageObject","inLanguage":"pl-PL","@id":"https:\/\/www.sotrender.com\/blog\/#\/schema\/person\/image\/","url":"https:\/\/secure.gravatar.com\/avatar\/f55d5d49ce3c448e1ffde0ab078d84cd?s=96&d=mm&r=g","contentUrl":"https:\/\/secure.gravatar.com\/avatar\/f55d5d49ce3c448e1ffde0ab078d84cd?s=96&d=mm&r=g","caption":"Klaudia \u017by\u0142ka"},"description":"Instagram, dogs, books and food lover. Former student at Warsaw University and Malm\u00f6 University. Improving her marketing skills every day. Proud owner of DIMAQ certificate","sameAs":["https:\/\/www.linkedin.com\/in\/klaudia-\u017cy\u0142ka-17527779"],"url":"https:\/\/www.sotrender.com\/blog\/pl\/author\/klaudia_yka\/"}]}},"_links":{"self":[{"href":"https:\/\/www.sotrender.com\/blog\/pl\/wp-json\/wp\/v2\/posts\/44223"}],"collection":[{"href":"https:\/\/www.sotrender.com\/blog\/pl\/wp-json\/wp\/v2\/posts"}],"about":[{"href":"https:\/\/www.sotrender.com\/blog\/pl\/wp-json\/wp\/v2\/types\/post"}],"author":[{"embeddable":true,"href":"https:\/\/www.sotrender.com\/blog\/pl\/wp-json\/wp\/v2\/users\/89"}],"replies":[{"embeddable":true,"href":"https:\/\/www.sotrender.com\/blog\/pl\/wp-json\/wp\/v2\/comments?post=44223"}],"version-history":[{"count":12,"href":"https:\/\/www.sotrender.com\/blog\/pl\/wp-json\/wp\/v2\/posts\/44223\/revisions"}],"predecessor-version":[{"id":44263,"href":"https:\/\/www.sotrender.com\/blog\/pl\/wp-json\/wp\/v2\/posts\/44223\/revisions\/44263"}],"wp:featuredmedia":[{"embeddable":true,"href":"https:\/\/www.sotrender.com\/blog\/pl\/wp-json\/wp\/v2\/media\/44229"}],"wp:attachment":[{"href":"https:\/\/www.sotrender.com\/blog\/pl\/wp-json\/wp\/v2\/media?parent=44223"}],"wp:term":[{"taxonomy":"category","embeddable":true,"href":"https:\/\/www.sotrender.com\/blog\/pl\/wp-json\/wp\/v2\/categories?post=44223"},{"taxonomy":"post_tag","embeddable":true,"href":"https:\/\/www.sotrender.com\/blog\/pl\/wp-json\/wp\/v2\/tags?post=44223"}],"curies":[{"name":"wp","href":"https:\/\/api.w.org\/{rel}","templated":true}]}}