{"id":44189,"date":"2022-01-17T13:15:12","date_gmt":"2022-01-17T12:15:12","guid":{"rendered":"https:\/\/www.sotrender.com\/blog\/?p=44189\/"},"modified":"2022-01-28T13:37:35","modified_gmt":"2022-01-28T12:37:35","slug":"reklama-na-facebooku-w-2021-analiza","status":"publish","type":"post","link":"https:\/\/www.sotrender.com\/blog\/pl\/2022\/01\/reklama-na-facebooku-w-2021-analiza\/","title":{"rendered":"Reklama na Facebooku &#8211; podsumowanie 2021 roku [analiza]"},"content":{"rendered":"<p>Nasze kultowe infografiki z podsumowaniem roku na wybranych kana\u0142ach social media s\u0105 ju\u017c tradycj\u0105, i wiemy, \u017ce zawsze na nie czekacie. A gdyby do\u0142o\u017cy\u0107 do nich tak\u017ce podsumowanie dzia\u0142a\u0144 reklamowych z ekosystemu Facebooka? ?<\/p>\n<p>Przedstawiamy nasze pierwsze, absolutnie wyj\u0105tkowe podsumowanie minionego roku pod k\u0105tem wydatk\u00f3w ponoszonych przez reklamodawc\u00f3w na Facebooku i Instagramie.<\/p>\n<p><!--more--><\/p>\n<p>Zaczynamy!<\/p>\n<p>Dzi\u0119ki naszej analizie:<\/p>\n<ol>\n<li>\u0141atwiej przeanalizujecie swoje w\u0142asne kampanie reklamowe \u2013 dowiecie si\u0119 m.in., jakie by\u0142y \u015brednie warto\u015bci CPC i CPM dla okre\u015blonych cel\u00f3w reklamowych.<\/li>\n<li>Zrozumiecie, jak dzia\u0142a rynek reklamy w ekosystemie Facebooka \u2013 w kt\u00f3rych bran\u017cach reklamy s\u0105 najta\u0144sze lub najdro\u017csze oraz na kt\u00f3re cele reklamowe przeznaczane s\u0105 najwi\u0119ksze bud\u017cety.<\/li>\n<li>B\u0119dziecie mogli bardziej \u015bwiadomie zaplanowa\u0107 swoje kampanie reklamowe na 2022 rok, znaj\u0105c m.in. \u015brednie koszty ponoszone na reklam\u0119 w poszczeg\u00f3lnych miesi\u0105cach 2021 roku.<\/li>\n<\/ol>\n<p><em>W analizie uwzgl\u0119dniono kampanie, kt\u00f3re targetowane by\u0142y na Polsk\u0119, za\u015b konta reklamowe by\u0142y rozliczane w z\u0142ot\u00f3wkach.<\/em><\/p>\n<h2><b>Ile wydawali\u015bmy na reklam\u0119 na Facebooku w 2021 roku?\u00a0<\/b><\/h2>\n<p><span style=\"font-weight: 400;\">Zacznijmy od najbardziej og\u00f3lnych danych.<\/span><\/p>\n<p><b>Ile wydawali\u015bmy na wy\u015bwietlanie reklamy przez jeden dzie\u0144 w 2021 roku?<\/b><\/p>\n<ul>\n<li style=\"font-weight: 400;\" aria-level=\"1\"><b>10 z\u0142 96 groszy<\/b><span style=\"font-weight: 400;\"> \u2013 tyle \u015brednio* reklamodawcy wydawali ka\u017cdego dnia na swoje reklamy<\/span><\/li>\n<li style=\"font-weight: 400;\" aria-level=\"1\"><span style=\"font-weight: 400;\">5 z\u0142 5 groszy\u2013 tyle wynosi\u0142a mediana koszt\u00f3w ponoszonych jednego dnia\u00a0<\/span><\/li>\n<\/ul>\n<p><i><span style=\"font-weight: 400;\">*jest to \u015brednia trymowana, kt\u00f3ra zak\u0142ada odrzucenie 5% najbardziej skrajnych warto\u015bci (5% najwy\u017cszych i 5% najni\u017cszych)<\/span><\/i><\/p>\n<p><b>Na jakie typy kampanii przeznaczyli\u015bmy najwi\u0119ksze bud\u017cety?<\/b><\/p>\n<ul>\n<li style=\"font-weight: 400;\" aria-level=\"1\"><span style=\"font-weight: 400;\">27% wydatk\u00f3w zosta\u0142o wydanych na reklamy z celem konwersja<\/span><\/li>\n<li style=\"font-weight: 400;\" aria-level=\"1\"><span style=\"font-weight: 400;\">18% wydatk\u00f3w przeznaczyli\u015bmy na kampanie zasi\u0119gowe<\/span><\/li>\n<\/ul>\n<p><b>Na jakie typy kampanii przeznaczyli\u015bmy znacznie mniej bud\u017cet\u00f3w?<\/b><\/p>\n<ul>\n<li style=\"font-weight: 400;\" aria-level=\"1\"><span style=\"font-weight: 400;\">3% wydanych bud\u017cet\u00f3w mia\u0142o za cel budowanie \u015bwiadomo\u015bci marki\u00a0<\/span><\/li>\n<li style=\"font-weight: 400;\" aria-level=\"1\"><span style=\"font-weight: 400;\">2% wydanych bud\u017cet\u00f3w mia\u0142o za cel polubienie strony<\/span><\/li>\n<\/ul>\n<p><span style=\"font-weight: 400;\">Nie by\u0142y to jednak cele, na kt\u00f3re wydanych zosta\u0142o najmniej \u015brodk\u00f3w reklamowych.\u00a0<\/span><\/p>\n<p><span style=\"font-weight: 400;\">W podziale na 3 grupy cel\u00f3w reklamowych: \u015bwiadomo\u015b\u0107, dzia\u0142ania i konwersje, <\/span><\/p>\n<blockquote><p><b>a\u017c 43% bud\u017cet\u00f3w zosta\u0142o przeznaczonych przez reklamodawc\u00f3w na cele zwi\u0105zane z budowaniem \u015bwiadomo\u015bci<\/b><span style=\"font-weight: 400;\"> (t.j. rozpoznawalno\u015b\u0107 marki lub zasi\u0119g).<\/span><\/p><\/blockquote>\n<p><b>Jakie koszty reklamowe ponosili reklamodawcy w poszczeg\u00f3lnych bran\u017cach?<\/b><\/p>\n<ul>\n<li style=\"font-weight: 400;\" aria-level=\"1\"><b>Najdro\u017csze reklamy odnotowali\u015bmy w przypadku profili nale\u017c\u0105cych do os\u00f3b publicznych<\/b><span style=\"font-weight: 400;\">: \u015bredni CPC wynosi\u0142 2,53 z\u0142, a \u015bredni CPM a\u017c 33,93 z\u0142.<\/span><\/li>\n<li style=\"font-weight: 400;\" aria-level=\"1\"><b>Jedn\u0105 z najta\u0144szych kategorii by\u0142 sektor edukacji, instytucji publicznych i organizacji NGO<\/b><span style=\"font-weight: 400;\">: \u015bredni koszt CPC wynosi\u0142 1,06 z\u0142, a \u015bredni CPM\u2013 5,70 z\u0142.<\/span><\/li>\n<\/ul>\n<h2><b>\u015aredni koszt jednego klikni\u0119cia<\/b><\/h2>\n<p><span style=\"font-weight: 400;\">Tradycyjnie, wi\u0119kszo\u015b\u0107 kampanii reklamowych w mediach spo\u0142eczno\u015bciowych rozliczana jest w jednym z dw\u00f3ch modeli<\/span> <span style=\"font-weight: 400;\">\u2013<\/span><span style=\"font-weight: 400;\"> CPC lub CPM.\u00a0<\/span><\/p>\n<p><span style=\"font-weight: 400;\">Z jednej strony, wybieraj\u0105c CPC (<\/span><i><span style=\"font-weight: 400;\">cost per click<\/span><\/i><span style=\"font-weight: 400;\">) mamy pewno\u015b\u0107, \u017ce p\u0142acimy tylko za klikni\u0119cia. Jednocze\u015bnie, <\/span><span style=\"font-weight: 400;\">okre\u015blanie stawek CPC, dzi\u0119ki kt\u00f3rym mamy szans\u0119 przelicytowa\u0107 konkurencj\u0119, mo\u017ce by\u0107 dro\u017csze. Wiele jednak zale\u017cy od celu reklamowego, bo CPC kampanii nastawionej na ruch b\u0119dzie prawdopodobnie ni\u017cszy ni\u017c CPC kampanii, kt\u00f3rej celem jest konwersja.<\/span><\/p>\n<h3><b>Jakie by\u0142y \u015brednie koszty za jedno klikni\u0119cie w 2021 roku?<\/b><span style=\"font-weight: 400;\">\u00a0<\/span><\/h3>\n<ul>\n<li style=\"font-weight: 400;\" aria-level=\"1\"><b>72 grosze<\/b><span style=\"font-weight: 400;\"> \u2013 tyle wynosi\u0142a \u015brednia warto\u015b\u0107 wska\u017anika CPC* w przypadku reklamy na Facebooku i Instagramie<\/span><\/li>\n<li style=\"font-weight: 400;\" aria-level=\"1\"><span style=\"font-weight: 400;\">48 groszy \u2013 tyle wynosi\u0142a mediana CPC<\/span><\/li>\n<\/ul>\n<p><i><span style=\"font-weight: 400;\">*analizowany dla reklam, kt\u00f3rych celem nie by\u0142o budowanie \u015bwiadomo\u015bci marki (zasi\u0119g lub rozpoznawalno\u015b\u0107 marki)<\/span><\/i><\/p>\n<h3><b>Kiedy mo\u017cemy spodziewa\u0107 si\u0119 najwy\u017cszych koszt\u00f3w CPC?<\/b><\/h3>\n<p><b>Wzgl\u0119dnie tani, pod k\u0105tem koszt\u00f3w za klikni\u0119cie, by\u0142 pocz\u0105tek roku<\/b><span style=\"font-weight: 400;\"> \u2013 jest to zawsze moment na oddech dla reklamodawc\u00f3w i marek po intensywnej ko\u0144c\u00f3wce roku.<\/span><\/p>\n<p><span style=\"font-weight: 400;\">W styczniu i lutym, za CPC \u015brednio p\u0142acili\u015bmy odpowiednio 52 grosze oraz 65 groszy. W pozosta\u0142ych miesi\u0105cach roku, \u015bredni CPC waha\u0142 si\u0119 mi\u0119dzy kwot\u0105 71 a 89 groszy. <\/span><b>Wska\u017anik CPC osi\u0105gn\u0105\u0142 najwy\u017csze warto\u015bci na koniec roku <\/b><strong>\u2013<\/strong><b> w listopadzie i grudniu (odpowiednio 87 i 89 groszy).<\/b><\/p>\n<p><img loading=\"lazy\" decoding=\"async\" class=\"wp-image-44191 aligncenter\" src=\"https:\/\/www.sotrender.com\/blog\/wp-content\/uploads\/2022\/01\/image2-2.png\" alt=\"\" width=\"800\" height=\"466\" \/><\/p>\n<h2><b>\u015aredni koszt tysi\u0105ca wy\u015bwietle\u0144\u00a0<\/b><\/h2>\n<p><span style=\"font-weight: 400;\">Wybieraj\u0105c model CPM (<\/span><i><span style=\"font-weight: 400;\">cost per mille<\/span><\/i><span style=\"font-weight: 400;\">) nie mamy pewno\u015bci, \u017ce nasze reklamy b\u0119d\u0105 konwertowa\u0107, ale dotrzemy do wi\u0119kszego grona odbiorc\u00f3w, a przy odrobinie szcz\u0119\u015bcia mo\u017cemy zyska\u0107 r\u00f3wnie\u017c zaanga\u017cowanie u\u017cytkownik\u00f3w. Dlatego p\u0142atno\u015b\u0107 za wy\u015bwietlenia \u015bwietnie sprawdza si\u0119 w kampaniach zasi\u0119gowych.<\/span><\/p>\n<h3><b>Ile \u015brednio p\u0142acili\u015bmy za 1000 wy\u015bwietle\u0144 reklamy w ekosystemie Facebooka w 2021 roku?\u00a0<\/b><\/h3>\n<p><span style=\"font-weight: 400;\">Z naszej analizy wynika, \u017ce:<\/span><\/p>\n<ul>\n<li style=\"font-weight: 400;\" aria-level=\"1\"><b>6 z\u0142 84 gr <\/b><span style=\"font-weight: 400;\">to koszt 1000 wy\u015bwietle\u0144 reklamy w ekosystemie Facebooka*<\/span><\/li>\n<li style=\"font-weight: 400;\" aria-level=\"1\"><span style=\"font-weight: 400;\">4 z\u0142 5 gr wynosi\u0142a mediana CPM<\/span><\/li>\n<\/ul>\n<p><i><span style=\"font-weight: 400;\">*analizowany dla reklam, kt\u00f3rych celem by\u0142 zasi\u0119g, rozpoznawalno\u015b\u0107 marki lub zaanga\u017cowanie\u00a0<\/span><\/i><\/p>\n<h3><b>Kiedy za dotarcie do tysi\u0105ca odbiorc\u00f3w p\u0142acili\u015bmy najwi\u0119cej?<\/b><\/h3>\n<p><span style=\"font-weight: 400;\">Co ciekawe, <\/span><b>najwi\u0119cej za CPM p\u0142acili\u015bmy tu\u017c przed wakacjami \u2013 w maju i czerwcu. <\/b><span style=\"font-weight: 400;\">Wtedy koszt CPM wynosi\u0142 odpowiednio <\/span><b>7 z\u0142 76 gr<\/b><span style=\"font-weight: 400;\"> oraz 7 z\u0142 53 gr. \u015arednio, reklamodawcy p\u0142acili za reklamy tyle samo w grudniu, co w czerwcu.<\/span><\/p>\n<p><span style=\"font-weight: 400;\">Najta\u0144szymi miesi\u0105cami by\u0142y z kolei: stycze\u0144, kwiecie\u0144 oraz miesi\u0105ce wakacyjne \u2013 lipiec i sierpie\u0144.<\/span><\/p>\n<p><img loading=\"lazy\" decoding=\"async\" class=\"aligncenter wp-image-44193\" src=\"https:\/\/www.sotrender.com\/blog\/wp-content\/uploads\/2022\/01\/image3-2.png\" alt=\"\" width=\"800\" height=\"466\" \/><\/p>\n<p><span style=\"font-weight: 400;\">Wskaz\u00f3wka: Warto rozwa\u017cy\u0107 zaplanowanie wi\u0119kszej liczby reklam na miesi\u0105ce, w kt\u00f3rych prawdopodobnie i w tym roku koszty CPC czy CPM b\u0119d\u0105 najni\u017csze. Dotyczy to szczeg\u00f3lnie sytuacji, gdy Wasza oferta jest tak samo aktualna przez ca\u0142y rok i nie zmienia si\u0119 wraz z sezonem.<\/span><\/p>\n<h2><b>Jak analizowa\u0107 w\u0142asne kampanie reklamowe i por\u00f3wnywa\u0107 si\u0119 z konkurencj\u0105?\u00a0<\/b><\/h2>\n<p><span style=\"font-weight: 400;\">Rynek reklamy na Facebooku rokrocznie zwi\u0119ksza swoj\u0105 warto\u015b\u0107, w zwi\u0105zku z czym ro\u015bnie te\u017c konkurencyjno\u015b\u0107 pomi\u0119dzy reklamodawcami. Efektywne kampanie to te, kt\u00f3re s\u0105 odpowiednio zoptymalizowane pod k\u0105tem grup odbiorc\u00f3w, maj\u0105 przemy\u015blane, sp\u00f3jne kreacje, ale s\u0105 te\u017c na bie\u017c\u0105co analizowane pod k\u0105tem wydatk\u00f3w i kluczowych wska\u017anik\u00f3w.<\/span><\/p>\n<p><span style=\"font-weight: 400;\">Gdy mamy czas, odpowiednio du\u017co wiedzy i do\u015bwiadczenia, mo\u017cemy oczywi\u015bcie korzysta\u0107 z Facebook Ads Managera. Na co dzie\u0144, wszyscy wolimy jednak u\u0142atwia\u0107 i usprawnia\u0107 realizacj\u0119 swoich obowi\u0105zk\u00f3w. Dlatego te\u017c z pomoc\u0105 przychodzi <\/span><a href=\"http:\/\/www.sotrender.com\/pl\"><span style=\"font-weight: 400;\">Sotrender Ads<\/span><\/a><span style=\"font-weight: 400;\">, kt\u00f3ry umo\u017cliwia nie tylko sprawne <\/span><a href=\"https:\/\/www.sotrender.com\/blog\/pl\/2021\/10\/sotrender-ads-raporty-z-reklamy-na-facebooku\/\"><span style=\"font-weight: 400;\">raportowanie dzia\u0142a\u0144 reklamowych<\/span><\/a><span style=\"font-weight: 400;\">, ale tak\u017ce ich bie\u017c\u0105c\u0105 analiz\u0119 na czytelnych wykresach.\u00a0<\/span><\/p>\n<p><img loading=\"lazy\" decoding=\"async\" class=\"aligncenter wp-image-44195\" src=\"https:\/\/www.sotrender.com\/blog\/wp-content\/uploads\/2022\/01\/image1-2.png\" alt=\"sotrender ads\" width=\"700\" height=\"399\" \/><\/p>\n<p><span style=\"font-weight: 400;\">W ci\u0105gu najbli\u017cszych kilku miesi\u0119cy, Sotrender Ads pozwoli Wam tak\u017ce lepiej przyjrze\u0107 si\u0119 kosztom reklamowym w Waszej bran\u017cy. How cool is that? ?<\/span><\/p>\n<p style=\"text-align: center;\"><!--HubSpot Call-to-Action Code --><span id=\"hs-cta-wrapper-3e7c12a4-34b7-49e4-9ea8-78bfd28ccd68\" class=\"hs-cta-wrapper\"><span id=\"hs-cta-3e7c12a4-34b7-49e4-9ea8-78bfd28ccd68\" class=\"hs-cta-node hs-cta-3e7c12a4-34b7-49e4-9ea8-78bfd28ccd68\"><!-- [if lte IE 8]><\/p>\n\n\n\n\n\n<div id=\"hs-cta-ie-element\"><\/div>\n\n\n<![endif]--><a href=\"https:\/\/cta-redirect.hubspot.com\/cta\/redirect\/3842881\/3e7c12a4-34b7-49e4-9ea8-78bfd28ccd68\" target=\"_blank\" rel=\"noopener\"><img decoding=\"async\" id=\"hs-cta-img-3e7c12a4-34b7-49e4-9ea8-78bfd28ccd68\" class=\"hs-cta-img aligncenter\" style=\"border-width: 0px;\" src=\"https:\/\/no-cache.hubspot.com\/cta\/default\/3842881\/3e7c12a4-34b7-49e4-9ea8-78bfd28ccd68.png\" alt=\"Wypr\u00f3buj Sotrender Ads\" \/><\/a><\/span><script charset=\"utf-8\" src=\"https:\/\/js.hscta.net\/cta\/current.js\"><\/script><script type=\"text\/javascript\"> hbspt.cta.load(3842881, '3e7c12a4-34b7-49e4-9ea8-78bfd28ccd68', {\"useNewLoader\":\"true\",\"region\":\"na1\"}); <\/script><\/span><!-- end HubSpot Call-to-Action Code --><\/p>\n<p><span style=\"font-weight: 400;\">Je\u015bli ju\u017c teraz jeste\u015bcie zainteresowani bardziej szczeg\u00f3\u0142ow\u0105 analiz\u0105 w\u0142asnych kampanii lub swojej bran\u017cy pod k\u0105tem reklamowym, skontaktujcie si\u0119 z nami (<\/span><a href=\"mailto:sales@sotrender.com\"><span style=\"font-weight: 400;\">sales@sotrender.com<\/span><\/a><span style=\"font-weight: 400;\">) i porozmawiajmy! \ud83d\ude09<\/span><\/p>\n<section class=\"the-content\"><em>Analiz\u0119 przygotowa\u0142\u00a0<a href=\"https:\/\/www.linkedin.com\/in\/maciej-baranowski\/\">Maciej Baranowski<\/a>, Data Scientist w Sotrenderze.<\/em>\u00a0<\/section>\n<section><\/section>\n","protected":false},"excerpt":{"rendered":"<p>Nasze kultowe infografiki z podsumowaniem roku na wybranych kana\u0142ach social media s\u0105 ju\u017c tradycj\u0105, i wiemy, \u017ce zawsze na nie czekacie. A gdyby do\u0142o\u017cy\u0107 do nich tak\u017ce podsumowanie dzia\u0142a\u0144 reklamowych z ekosystemu Facebooka? ? Przedstawiamy nasze pierwsze, absolutnie wyj\u0105tkowe podsumowanie minionego roku pod k\u0105tem wydatk\u00f3w ponoszonych przez reklamodawc\u00f3w na Facebooku i Instagramie.<\/p>\n","protected":false},"author":211,"featured_media":44205,"comment_status":"open","ping_status":"open","sticky":false,"template":"","format":"standard","meta":{"inline_featured_image":false,"footnotes":""},"categories":[2275,1793,1797,2125],"tags":[3153,17,519,615],"yoast_head":"<!-- This site is optimized with the Yoast SEO plugin v22.4 - https:\/\/yoast.com\/wordpress\/plugins\/seo\/ -->\n<title>Reklama na Facebooku - podsumowanie 2021 roku [analiza]<\/title>\n<meta name=\"description\" content=\"Jeste\u015b ciekaw koszt\u00f3w ponoszonych na kampanie na Facebooku? Sprawd\u017a podsumowanie minionego roku pod k\u0105tem wydatk\u00f3w reklamowych w ekosystemie Facebooka.\" \/>\n<meta name=\"robots\" content=\"index, follow, max-snippet:-1, max-image-preview:large, max-video-preview:-1\" \/>\n<link rel=\"canonical\" href=\"https:\/\/www.sotrender.com\/blog\/pl\/2022\/01\/reklama-na-facebooku-w-2021-analiza\/\" \/>\n<meta property=\"og:locale\" content=\"pl_PL\" \/>\n<meta property=\"og:type\" content=\"article\" \/>\n<meta property=\"og:title\" content=\"Reklama na Facebooku - podsumowanie 2021 roku [analiza]\" \/>\n<meta property=\"og:description\" content=\"Jeste\u015b ciekaw koszt\u00f3w ponoszonych na kampanie na Facebooku? Sprawd\u017a podsumowanie minionego roku pod k\u0105tem wydatk\u00f3w reklamowych w ekosystemie Facebooka.\" \/>\n<meta property=\"og:url\" content=\"https:\/\/www.sotrender.com\/blog\/pl\/2022\/01\/reklama-na-facebooku-w-2021-analiza\/\" \/>\n<meta property=\"og:site_name\" content=\"Sotrender Blog\" \/>\n<meta property=\"article:publisher\" content=\"https:\/\/www.facebook.com\/Sotrender\" \/>\n<meta property=\"article:published_time\" content=\"2022-01-17T12:15:12+00:00\" \/>\n<meta property=\"article:modified_time\" content=\"2022-01-28T12:37:35+00:00\" \/>\n<meta property=\"og:image\" content=\"https:\/\/www.sotrender.com\/blog\/wp-content\/uploads\/2022\/01\/wydatki-na-reklame\u0328-na-Facebooku.jpg\" \/>\n\t<meta property=\"og:image:width\" content=\"2200\" \/>\n\t<meta property=\"og:image:height\" content=\"1467\" \/>\n\t<meta property=\"og:image:type\" content=\"image\/jpeg\" \/>\n<meta name=\"author\" content=\"Marta Bongilaj\" \/>\n<meta name=\"twitter:card\" content=\"summary_large_image\" \/>\n<meta name=\"twitter:creator\" content=\"@Sotrender\" \/>\n<meta name=\"twitter:site\" content=\"@Sotrender\" \/>\n<meta name=\"twitter:label1\" content=\"Written by\" \/>\n\t<meta name=\"twitter:data1\" content=\"Marta Bongilaj\" \/>\n\t<meta name=\"twitter:label2\" content=\"Est. reading time\" \/>\n\t<meta name=\"twitter:data2\" content=\"5 minutes\" \/>\n<script type=\"application\/ld+json\" class=\"yoast-schema-graph\">{\"@context\":\"https:\/\/schema.org\",\"@graph\":[{\"@type\":\"WebPage\",\"@id\":\"https:\/\/www.sotrender.com\/blog\/pl\/2022\/01\/reklama-na-facebooku-w-2021-analiza\/\",\"url\":\"https:\/\/www.sotrender.com\/blog\/pl\/2022\/01\/reklama-na-facebooku-w-2021-analiza\/\",\"name\":\"Reklama na Facebooku - podsumowanie 2021 roku [analiza]\",\"isPartOf\":{\"@id\":\"https:\/\/www.sotrender.com\/blog\/#website\"},\"primaryImageOfPage\":{\"@id\":\"https:\/\/www.sotrender.com\/blog\/pl\/2022\/01\/reklama-na-facebooku-w-2021-analiza\/#primaryimage\"},\"image\":{\"@id\":\"https:\/\/www.sotrender.com\/blog\/pl\/2022\/01\/reklama-na-facebooku-w-2021-analiza\/#primaryimage\"},\"thumbnailUrl\":\"https:\/\/www.sotrender.com\/blog\/wp-content\/uploads\/2022\/01\/wydatki-na-reklame\u0328-na-Facebooku.jpg\",\"datePublished\":\"2022-01-17T12:15:12+00:00\",\"dateModified\":\"2022-01-28T12:37:35+00:00\",\"author\":{\"@id\":\"https:\/\/www.sotrender.com\/blog\/#\/schema\/person\/7ef66e02c50604f5f3f1affc225398a5\"},\"description\":\"Jeste\u015b ciekaw koszt\u00f3w ponoszonych na kampanie na Facebooku? Sprawd\u017a podsumowanie minionego roku pod k\u0105tem wydatk\u00f3w reklamowych w ekosystemie Facebooka.\",\"breadcrumb\":{\"@id\":\"https:\/\/www.sotrender.com\/blog\/pl\/2022\/01\/reklama-na-facebooku-w-2021-analiza\/#breadcrumb\"},\"inLanguage\":\"pl-PL\",\"potentialAction\":[{\"@type\":\"ReadAction\",\"target\":[\"https:\/\/www.sotrender.com\/blog\/pl\/2022\/01\/reklama-na-facebooku-w-2021-analiza\/\"]}]},{\"@type\":\"ImageObject\",\"inLanguage\":\"pl-PL\",\"@id\":\"https:\/\/www.sotrender.com\/blog\/pl\/2022\/01\/reklama-na-facebooku-w-2021-analiza\/#primaryimage\",\"url\":\"https:\/\/www.sotrender.com\/blog\/wp-content\/uploads\/2022\/01\/wydatki-na-reklame\u0328-na-Facebooku.jpg\",\"contentUrl\":\"https:\/\/www.sotrender.com\/blog\/wp-content\/uploads\/2022\/01\/wydatki-na-reklame\u0328-na-Facebooku.jpg\",\"width\":2200,\"height\":1467},{\"@type\":\"BreadcrumbList\",\"@id\":\"https:\/\/www.sotrender.com\/blog\/pl\/2022\/01\/reklama-na-facebooku-w-2021-analiza\/#breadcrumb\",\"itemListElement\":[{\"@type\":\"ListItem\",\"position\":1,\"name\":\"Home\",\"item\":\"https:\/\/www.sotrender.com\/blog\/\"},{\"@type\":\"ListItem\",\"position\":2,\"name\":\"Reklama na Facebooku &#8211; podsumowanie 2021 roku [analiza]\"}]},{\"@type\":\"WebSite\",\"@id\":\"https:\/\/www.sotrender.com\/blog\/#website\",\"url\":\"https:\/\/www.sotrender.com\/blog\/\",\"name\":\"Sotrender Blog\",\"description\":\"\",\"potentialAction\":[{\"@type\":\"SearchAction\",\"target\":{\"@type\":\"EntryPoint\",\"urlTemplate\":\"https:\/\/www.sotrender.com\/blog\/?s={search_term_string}\"},\"query-input\":\"required name=search_term_string\"}],\"inLanguage\":\"pl-PL\"},{\"@type\":\"Person\",\"@id\":\"https:\/\/www.sotrender.com\/blog\/#\/schema\/person\/7ef66e02c50604f5f3f1affc225398a5\",\"name\":\"Marta Bongilaj\",\"image\":{\"@type\":\"ImageObject\",\"inLanguage\":\"pl-PL\",\"@id\":\"https:\/\/www.sotrender.com\/blog\/#\/schema\/person\/image\/\",\"url\":\"https:\/\/secure.gravatar.com\/avatar\/0799dc0381a0207d8370bd44a9c21665?s=96&d=mm&r=g\",\"contentUrl\":\"https:\/\/secure.gravatar.com\/avatar\/0799dc0381a0207d8370bd44a9c21665?s=96&d=mm&r=g\",\"caption\":\"Marta Bongilaj\"},\"description\":\"Content marketer developing her passion for writing from her youngest years. Loves playing with words. Beyond that, a real dog enthusiast and a happy owner of one.\",\"url\":\"https:\/\/www.sotrender.com\/blog\/pl\/author\/marta_bongilaj\/\"}]}<\/script>\n<!-- \/ Yoast SEO plugin. -->","yoast_head_json":{"title":"Reklama na Facebooku - podsumowanie 2021 roku [analiza]","description":"Jeste\u015b ciekaw koszt\u00f3w ponoszonych na kampanie na Facebooku? Sprawd\u017a podsumowanie minionego roku pod k\u0105tem wydatk\u00f3w reklamowych w ekosystemie Facebooka.","robots":{"index":"index","follow":"follow","max-snippet":"max-snippet:-1","max-image-preview":"max-image-preview:large","max-video-preview":"max-video-preview:-1"},"canonical":"https:\/\/www.sotrender.com\/blog\/pl\/2022\/01\/reklama-na-facebooku-w-2021-analiza\/","og_locale":"pl_PL","og_type":"article","og_title":"Reklama na Facebooku - podsumowanie 2021 roku [analiza]","og_description":"Jeste\u015b ciekaw koszt\u00f3w ponoszonych na kampanie na Facebooku? Sprawd\u017a podsumowanie minionego roku pod k\u0105tem wydatk\u00f3w reklamowych w ekosystemie Facebooka.","og_url":"https:\/\/www.sotrender.com\/blog\/pl\/2022\/01\/reklama-na-facebooku-w-2021-analiza\/","og_site_name":"Sotrender Blog","article_publisher":"https:\/\/www.facebook.com\/Sotrender","article_published_time":"2022-01-17T12:15:12+00:00","article_modified_time":"2022-01-28T12:37:35+00:00","og_image":[{"width":2200,"height":1467,"url":"https:\/\/www.sotrender.com\/blog\/wp-content\/uploads\/2022\/01\/wydatki-na-reklame\u0328-na-Facebooku.jpg","type":"image\/jpeg"}],"author":"Marta Bongilaj","twitter_card":"summary_large_image","twitter_creator":"@Sotrender","twitter_site":"@Sotrender","twitter_misc":{"Written by":"Marta Bongilaj","Est. reading time":"5 minutes"},"schema":{"@context":"https:\/\/schema.org","@graph":[{"@type":"WebPage","@id":"https:\/\/www.sotrender.com\/blog\/pl\/2022\/01\/reklama-na-facebooku-w-2021-analiza\/","url":"https:\/\/www.sotrender.com\/blog\/pl\/2022\/01\/reklama-na-facebooku-w-2021-analiza\/","name":"Reklama na Facebooku - podsumowanie 2021 roku [analiza]","isPartOf":{"@id":"https:\/\/www.sotrender.com\/blog\/#website"},"primaryImageOfPage":{"@id":"https:\/\/www.sotrender.com\/blog\/pl\/2022\/01\/reklama-na-facebooku-w-2021-analiza\/#primaryimage"},"image":{"@id":"https:\/\/www.sotrender.com\/blog\/pl\/2022\/01\/reklama-na-facebooku-w-2021-analiza\/#primaryimage"},"thumbnailUrl":"https:\/\/www.sotrender.com\/blog\/wp-content\/uploads\/2022\/01\/wydatki-na-reklame\u0328-na-Facebooku.jpg","datePublished":"2022-01-17T12:15:12+00:00","dateModified":"2022-01-28T12:37:35+00:00","author":{"@id":"https:\/\/www.sotrender.com\/blog\/#\/schema\/person\/7ef66e02c50604f5f3f1affc225398a5"},"description":"Jeste\u015b ciekaw koszt\u00f3w ponoszonych na kampanie na Facebooku? Sprawd\u017a podsumowanie minionego roku pod k\u0105tem wydatk\u00f3w reklamowych w ekosystemie Facebooka.","breadcrumb":{"@id":"https:\/\/www.sotrender.com\/blog\/pl\/2022\/01\/reklama-na-facebooku-w-2021-analiza\/#breadcrumb"},"inLanguage":"pl-PL","potentialAction":[{"@type":"ReadAction","target":["https:\/\/www.sotrender.com\/blog\/pl\/2022\/01\/reklama-na-facebooku-w-2021-analiza\/"]}]},{"@type":"ImageObject","inLanguage":"pl-PL","@id":"https:\/\/www.sotrender.com\/blog\/pl\/2022\/01\/reklama-na-facebooku-w-2021-analiza\/#primaryimage","url":"https:\/\/www.sotrender.com\/blog\/wp-content\/uploads\/2022\/01\/wydatki-na-reklame\u0328-na-Facebooku.jpg","contentUrl":"https:\/\/www.sotrender.com\/blog\/wp-content\/uploads\/2022\/01\/wydatki-na-reklame\u0328-na-Facebooku.jpg","width":2200,"height":1467},{"@type":"BreadcrumbList","@id":"https:\/\/www.sotrender.com\/blog\/pl\/2022\/01\/reklama-na-facebooku-w-2021-analiza\/#breadcrumb","itemListElement":[{"@type":"ListItem","position":1,"name":"Home","item":"https:\/\/www.sotrender.com\/blog\/"},{"@type":"ListItem","position":2,"name":"Reklama na Facebooku &#8211; podsumowanie 2021 roku [analiza]"}]},{"@type":"WebSite","@id":"https:\/\/www.sotrender.com\/blog\/#website","url":"https:\/\/www.sotrender.com\/blog\/","name":"Sotrender Blog","description":"","potentialAction":[{"@type":"SearchAction","target":{"@type":"EntryPoint","urlTemplate":"https:\/\/www.sotrender.com\/blog\/?s={search_term_string}"},"query-input":"required name=search_term_string"}],"inLanguage":"pl-PL"},{"@type":"Person","@id":"https:\/\/www.sotrender.com\/blog\/#\/schema\/person\/7ef66e02c50604f5f3f1affc225398a5","name":"Marta Bongilaj","image":{"@type":"ImageObject","inLanguage":"pl-PL","@id":"https:\/\/www.sotrender.com\/blog\/#\/schema\/person\/image\/","url":"https:\/\/secure.gravatar.com\/avatar\/0799dc0381a0207d8370bd44a9c21665?s=96&d=mm&r=g","contentUrl":"https:\/\/secure.gravatar.com\/avatar\/0799dc0381a0207d8370bd44a9c21665?s=96&d=mm&r=g","caption":"Marta Bongilaj"},"description":"Content marketer developing her passion for writing from her youngest years. Loves playing with words. Beyond that, a real dog enthusiast and a happy owner of one.","url":"https:\/\/www.sotrender.com\/blog\/pl\/author\/marta_bongilaj\/"}]}},"_links":{"self":[{"href":"https:\/\/www.sotrender.com\/blog\/pl\/wp-json\/wp\/v2\/posts\/44189"}],"collection":[{"href":"https:\/\/www.sotrender.com\/blog\/pl\/wp-json\/wp\/v2\/posts"}],"about":[{"href":"https:\/\/www.sotrender.com\/blog\/pl\/wp-json\/wp\/v2\/types\/post"}],"author":[{"embeddable":true,"href":"https:\/\/www.sotrender.com\/blog\/pl\/wp-json\/wp\/v2\/users\/211"}],"replies":[{"embeddable":true,"href":"https:\/\/www.sotrender.com\/blog\/pl\/wp-json\/wp\/v2\/comments?post=44189"}],"version-history":[{"count":10,"href":"https:\/\/www.sotrender.com\/blog\/pl\/wp-json\/wp\/v2\/posts\/44189\/revisions"}],"predecessor-version":[{"id":44265,"href":"https:\/\/www.sotrender.com\/blog\/pl\/wp-json\/wp\/v2\/posts\/44189\/revisions\/44265"}],"wp:featuredmedia":[{"embeddable":true,"href":"https:\/\/www.sotrender.com\/blog\/pl\/wp-json\/wp\/v2\/media\/44205"}],"wp:attachment":[{"href":"https:\/\/www.sotrender.com\/blog\/pl\/wp-json\/wp\/v2\/media?parent=44189"}],"wp:term":[{"taxonomy":"category","embeddable":true,"href":"https:\/\/www.sotrender.com\/blog\/pl\/wp-json\/wp\/v2\/categories?post=44189"},{"taxonomy":"post_tag","embeddable":true,"href":"https:\/\/www.sotrender.com\/blog\/pl\/wp-json\/wp\/v2\/tags?post=44189"}],"curies":[{"name":"wp","href":"https:\/\/api.w.org\/{rel}","templated":true}]}}