{"id":43799,"date":"2021-11-29T10:56:48","date_gmt":"2021-11-29T09:56:48","guid":{"rendered":"https:\/\/www.sotrender.com\/blog\/?p=43799\/"},"modified":"2021-11-29T11:09:48","modified_gmt":"2021-11-29T10:09:48","slug":"facebook-trends-pazdziernik-2021-znani-zabieraja-glos","status":"publish","type":"post","link":"https:\/\/www.sotrender.com\/blog\/pl\/2021\/11\/facebook-trends-pazdziernik-2021-znani-zabieraja-glos\/","title":{"rendered":"Facebook Trends pa\u017adziernik 2021 \u2013 znani zabieraj\u0105 g\u0142os"},"content":{"rendered":"<p>Pa\u017adziernik na Facebooku przypomina nam o sile medi\u00f3w spo\u0142eczno\u015bciowych. Ju\u017c nie raz mogli\u015bmy si\u0119 przekona\u0107, \u017ce s\u0105 one niezast\u0105pione, kiedy istnieje potrzeba szerzenia wa\u017cnych temat\u00f3w spo\u0142ecznych.<\/p>\n<p><!--more--><\/p>\n<p><span style=\"font-weight: 400;\">W minionym miesi\u0105cu, znane osoby wykorzystywa\u0142y sw\u00f3j wizerunek, aby dotrze\u0107 do szerokiej grupy odbiorc\u00f3w z wa\u017cnymi komunikatami. Czego dotyczy\u0142y? Sprawdzamy w <\/span><strong><a href=\"https:\/\/www.sotrender.com\/trends\/facebook\/poland\/202110\">pa\u017adziernikowym raporcie Facebook Trends<\/a><\/strong><span style=\"font-weight: 400;\">!<\/span><\/p>\n<h2><strong>Si\u0142a udost\u0119pnie\u0144<\/strong><\/h2>\n<p><span style=\"font-weight: 400;\">Po\u015br\u00f3d najpopularniejszych tre\u015bci w pa\u017adzierniku, na 4. pozycji znalaz\u0142 si\u0119 post Mai W\u0142oszczowskiej, w kt\u00f3rym zwr\u00f3ci\u0142a si\u0119 o pomoc w odzyskaniu skradzionych rower\u00f3w. Rowery maj\u0105 dla kolarki warto\u015b\u0107 sentymentaln\u0105 i, mimo niedawno zako\u0144czonej kariery, dwukrotna srebrna medalistka olimpijska w kolarstwie g\u00f3rskim chce nadal uprawia\u0107 kolarstwo rekreacyjnie.<\/span><\/p>\n<div id=\"attachment_43807\" style=\"width: 1966px\" class=\"wp-caption aligncenter\"><img loading=\"lazy\" decoding=\"async\" aria-describedby=\"caption-attachment-43807\" class=\"wp-image-43807 size-full\" src=\"https:\/\/www.sotrender.com\/blog\/wp-content\/uploads\/2021\/11\/image3-2.png\" alt=\"\" width=\"1956\" height=\"920\" srcset=\"https:\/\/www.sotrender.com\/blog\/wp-content\/uploads\/2021\/11\/image3-2.png 1956w, https:\/\/www.sotrender.com\/blog\/wp-content\/uploads\/2021\/11\/image3-2-475x223.png 475w, https:\/\/www.sotrender.com\/blog\/wp-content\/uploads\/2021\/11\/image3-2-768x361.png 768w, https:\/\/www.sotrender.com\/blog\/wp-content\/uploads\/2021\/11\/image3-2-950x447.png 950w\" sizes=\"(max-width: 1956px) 100vw, 1956px\" \/><p id=\"caption-attachment-43807\" class=\"wp-caption-text\">Najlepsze posty, Polskoj\u0119zyczne | Facebook, pa\u017adziernik 2021<\/p><\/div>\n<p><span style=\"font-weight: 400;\">Post zosta\u0142 udost\u0119pniony 27 tysi\u0119cy razy i, jeszcze tego samego dnia, na profilu pojawi\u0142a si\u0119 radosna informacja o odnalezieniu rower\u00f3w. Udost\u0119pnienia maj\u0105 moc!<\/span><\/p>\n<h2><strong>Mak\u0142owicz radzi, jak nie da\u0107 si\u0119 oszuka\u0107<\/strong><\/h2>\n<p><span style=\"font-weight: 400;\">Miesi\u0105c temu ruszy\u0142a kampania OLX, kt\u00f3rej twarz\u0105 zosta\u0142 Robert Mak\u0142owicz. Znany krytyk kulinarny edukuje w niej na temat pu\u0142apek czyhaj\u0105cych w Internecie, takich jak phishing, kradzie\u017c to\u017csamo\u015bci czy wy\u0142udzanie przedp\u0142aty, kt\u00f3re s\u0105 problemem nie tylko na OLX, ale r\u00f3wnie\u017c na innych serwisach og\u0142oszeniowych i portalach aukcyjnych.<\/span><\/p>\n<p><span style=\"font-weight: 400;\">Kampania z Robertem Mak\u0142owiczem zapewni\u0142a profilowi OLX awans o 33 pozycji w rankingu profili o najwi\u0119kszej liczbie aktywnych u\u017cytkownik\u00f3w.\u00a0<\/span><\/p>\n<div id=\"attachment_43801\" style=\"width: 875px\" class=\"wp-caption aligncenter\"><img loading=\"lazy\" decoding=\"async\" aria-describedby=\"caption-attachment-43801\" class=\"wp-image-43801 size-full\" src=\"https:\/\/www.sotrender.com\/blog\/wp-content\/uploads\/2021\/11\/image1-1.png\" alt=\"\" width=\"865\" height=\"220\" srcset=\"https:\/\/www.sotrender.com\/blog\/wp-content\/uploads\/2021\/11\/image1-1.png 865w, https:\/\/www.sotrender.com\/blog\/wp-content\/uploads\/2021\/11\/image1-1-475x121.png 475w, https:\/\/www.sotrender.com\/blog\/wp-content\/uploads\/2021\/11\/image1-1-768x195.png 768w\" sizes=\"(max-width: 865px) 100vw, 865px\" \/><p id=\"caption-attachment-43801\" class=\"wp-caption-text\">Profile o najwi\u0119kszej liczbie aktywno\u015bci, Handel | Facebook, pa\u017adziernik 2021<\/p><\/div>\n<p><span style=\"font-weight: 400;\">Spoty, w kt\u00f3rych nie brakuje humoru, okaza\u0142y si\u0119 nie tylko \u015bwietnym sposobem na szerzenie informacji o przest\u0119pstwach w sieci, ale tak\u017ce na zaanga\u017cowanie spo\u0142eczno\u015bci OLX. <\/span><span style=\"font-weight: 400;\">Pierwszy odcinek Internetowych Porad Roberta Mak\u0142owicza zdoby\u0142 17K reakcji.<\/span><\/p>\n<p style=\"text-align: center;\"><iframe loading=\"lazy\" style=\"border: none; overflow: hidden;\" src=\"https:\/\/www.facebook.com\/plugins\/video.php?height=420&amp;href=https%3A%2F%2Fwww.facebook.com%2Folx.polska%2Fvideos%2F242496284566308%2F&amp;show_text=false&amp;width=560&amp;t=0\" width=\"560\" height=\"420\" frameborder=\"0\" scrolling=\"no\" allowfullscreen=\"allowfullscreen\"><\/iframe><\/p>\n<h2><strong>Maciej Stuhr o sytuacji w kraju<\/strong><\/h2>\n<p><span style=\"font-weight: 400;\">W pa\u017adzierniku na Facebooku bywa\u0142o zabawnie, ale i powa\u017cnie. Znani aktorzy, jak i inne osoby publiczne, coraz cz\u0119\u015bciej zabieraj\u0105 g\u0142os w wa\u017cnych sprawach.<\/span><\/p>\n<p><span style=\"font-weight: 400;\">Ale czy ka\u017cda z nich wymaga komentarza? Maciej Stuhr odni\u00f3s\u0142 si\u0119 do aktualnej sytuacji politycznej chwil\u0105 wymownego milczenia, a udost\u0119pniony przez niego kr\u00f3tki film zgromadzi\u0142\u00a036K reakcji.\u00a0<\/span><\/p>\n<p style=\"text-align: center;\"><iframe loading=\"lazy\" style=\"border: none; overflow: hidden;\" src=\"https:\/\/www.facebook.com\/plugins\/video.php?height=476&amp;href=https%3A%2F%2Fwww.facebook.com%2FMaciekStuhr%2Fvideos%2F1263514610788417%2F&amp;show_text=false&amp;width=269&amp;t=0\" width=\"269\" height=\"476\" frameborder=\"0\" scrolling=\"no\" allowfullscreen=\"allowfullscreen\"><\/iframe><\/p>\n<p><span style=\"font-weight: 400;\">W rankingu profili o najwi\u0119kszej liczbie aktywnych u\u017cytkownik\u00f3w w kategorii Kultura i sztuka, aktor awansowa\u0142 o 33 pozycje.<\/span><\/p>\n<div id=\"attachment_43803\" style=\"width: 867px\" class=\"wp-caption aligncenter\"><img loading=\"lazy\" decoding=\"async\" aria-describedby=\"caption-attachment-43803\" class=\"wp-image-43803 size-full\" src=\"https:\/\/www.sotrender.com\/blog\/wp-content\/uploads\/2021\/11\/image2-2.png\" alt=\"\" width=\"857\" height=\"253\" srcset=\"https:\/\/www.sotrender.com\/blog\/wp-content\/uploads\/2021\/11\/image2-2.png 857w, https:\/\/www.sotrender.com\/blog\/wp-content\/uploads\/2021\/11\/image2-2-475x140.png 475w, https:\/\/www.sotrender.com\/blog\/wp-content\/uploads\/2021\/11\/image2-2-768x227.png 768w\" sizes=\"(max-width: 857px) 100vw, 857px\" \/><p id=\"caption-attachment-43803\" class=\"wp-caption-text\">Profile o najwi\u0119kszej liczbie aktywno\u015bci, Kultura i sztuka | Facebook, pa\u017adziernik 2021<\/p><\/div>\n<p><span style=\"font-weight: 400;\">W pa\u017adzierniku to ju\u017c wszystko, a my, jak zawsze, zach\u0119camy Was do sprawdzenia <a href=\"https:\/\/www.sotrender.com\/trends\/facebook\/poland\/202110\">ca\u0142ego raportu Facebook Trends<\/a><\/span><span style=\"font-weight: 400;\">!<\/span><\/p>\n","protected":false},"excerpt":{"rendered":"<p>Pa\u017adziernik na Facebooku przypomina nam o sile medi\u00f3w spo\u0142eczno\u015bciowych. Ju\u017c nie raz mogli\u015bmy si\u0119 przekona\u0107, \u017ce s\u0105 one niezast\u0105pione, kiedy istnieje potrzeba szerzenia wa\u017cnych temat\u00f3w spo\u0142ecznych.<\/p>\n","protected":false},"author":211,"featured_media":43809,"comment_status":"open","ping_status":"open","sticky":false,"template":"","format":"standard","meta":{"inline_featured_image":false,"footnotes":""},"categories":[1793,1797,2125,2275],"tags":[2307],"yoast_head":"<!-- This site is optimized with the Yoast SEO plugin v22.4 - https:\/\/yoast.com\/wordpress\/plugins\/seo\/ -->\n<title>Facebook Trends pa\u017adziernik 2021 \u2013 znani zabieraj\u0105 g\u0142os<\/title>\n<meta name=\"description\" content=\"Jakie tre\u015bci by\u0142y najpopularniejsze na Facebooku w pa\u017adzierniku oraz jak prze\u0142o\u017cy\u0142o si\u0119 to na rankingi profili w mediach spo\u0142eczno\u015bciowych?\" \/>\n<meta name=\"robots\" content=\"index, follow, max-snippet:-1, max-image-preview:large, max-video-preview:-1\" \/>\n<link rel=\"canonical\" href=\"https:\/\/www.sotrender.com\/blog\/pl\/2021\/11\/facebook-trends-pazdziernik-2021-znani-zabieraja-glos\/\" \/>\n<meta property=\"og:locale\" content=\"pl_PL\" \/>\n<meta property=\"og:type\" content=\"article\" \/>\n<meta property=\"og:title\" content=\"Facebook Trends pa\u017adziernik 2021 \u2013 znani zabieraj\u0105 g\u0142os\" \/>\n<meta property=\"og:description\" content=\"Jakie tre\u015bci by\u0142y najpopularniejsze na Facebooku w pa\u017adzierniku oraz jak prze\u0142o\u017cy\u0142o si\u0119 to na rankingi profili w mediach spo\u0142eczno\u015bciowych?\" \/>\n<meta property=\"og:url\" content=\"https:\/\/www.sotrender.com\/blog\/pl\/2021\/11\/facebook-trends-pazdziernik-2021-znani-zabieraja-glos\/\" \/>\n<meta property=\"og:site_name\" content=\"Sotrender Blog\" \/>\n<meta property=\"article:publisher\" content=\"https:\/\/www.facebook.com\/Sotrender\" \/>\n<meta property=\"article:published_time\" content=\"2021-11-29T09:56:48+00:00\" \/>\n<meta property=\"article:modified_time\" content=\"2021-11-29T10:09:48+00:00\" \/>\n<meta property=\"og:image\" content=\"https:\/\/www.sotrender.com\/blog\/wp-content\/uploads\/2021\/11\/pexels-freestocksorg-64057.jpg\" \/>\n\t<meta property=\"og:image:width\" content=\"2200\" \/>\n\t<meta property=\"og:image:height\" content=\"1467\" \/>\n\t<meta property=\"og:image:type\" content=\"image\/jpeg\" \/>\n<meta name=\"author\" content=\"Marta Bongilaj\" \/>\n<meta name=\"twitter:card\" content=\"summary_large_image\" \/>\n<meta name=\"twitter:creator\" content=\"@Sotrender\" \/>\n<meta name=\"twitter:site\" content=\"@Sotrender\" \/>\n<meta name=\"twitter:label1\" content=\"Written by\" \/>\n\t<meta name=\"twitter:data1\" content=\"Marta Bongilaj\" \/>\n\t<meta name=\"twitter:label2\" content=\"Est. reading time\" \/>\n\t<meta name=\"twitter:data2\" content=\"2 minutes\" \/>\n<script type=\"application\/ld+json\" class=\"yoast-schema-graph\">{\"@context\":\"https:\/\/schema.org\",\"@graph\":[{\"@type\":\"WebPage\",\"@id\":\"https:\/\/www.sotrender.com\/blog\/pl\/2021\/11\/facebook-trends-pazdziernik-2021-znani-zabieraja-glos\/\",\"url\":\"https:\/\/www.sotrender.com\/blog\/pl\/2021\/11\/facebook-trends-pazdziernik-2021-znani-zabieraja-glos\/\",\"name\":\"Facebook Trends pa\u017adziernik 2021 \u2013 znani zabieraj\u0105 g\u0142os\",\"isPartOf\":{\"@id\":\"https:\/\/www.sotrender.com\/blog\/#website\"},\"primaryImageOfPage\":{\"@id\":\"https:\/\/www.sotrender.com\/blog\/pl\/2021\/11\/facebook-trends-pazdziernik-2021-znani-zabieraja-glos\/#primaryimage\"},\"image\":{\"@id\":\"https:\/\/www.sotrender.com\/blog\/pl\/2021\/11\/facebook-trends-pazdziernik-2021-znani-zabieraja-glos\/#primaryimage\"},\"thumbnailUrl\":\"https:\/\/www.sotrender.com\/blog\/wp-content\/uploads\/2021\/11\/pexels-freestocksorg-64057.jpg\",\"datePublished\":\"2021-11-29T09:56:48+00:00\",\"dateModified\":\"2021-11-29T10:09:48+00:00\",\"author\":{\"@id\":\"https:\/\/www.sotrender.com\/blog\/#\/schema\/person\/7ef66e02c50604f5f3f1affc225398a5\"},\"description\":\"Jakie tre\u015bci by\u0142y najpopularniejsze na Facebooku w pa\u017adzierniku oraz jak prze\u0142o\u017cy\u0142o si\u0119 to na rankingi profili w mediach spo\u0142eczno\u015bciowych?\",\"breadcrumb\":{\"@id\":\"https:\/\/www.sotrender.com\/blog\/pl\/2021\/11\/facebook-trends-pazdziernik-2021-znani-zabieraja-glos\/#breadcrumb\"},\"inLanguage\":\"pl-PL\",\"potentialAction\":[{\"@type\":\"ReadAction\",\"target\":[\"https:\/\/www.sotrender.com\/blog\/pl\/2021\/11\/facebook-trends-pazdziernik-2021-znani-zabieraja-glos\/\"]}]},{\"@type\":\"ImageObject\",\"inLanguage\":\"pl-PL\",\"@id\":\"https:\/\/www.sotrender.com\/blog\/pl\/2021\/11\/facebook-trends-pazdziernik-2021-znani-zabieraja-glos\/#primaryimage\",\"url\":\"https:\/\/www.sotrender.com\/blog\/wp-content\/uploads\/2021\/11\/pexels-freestocksorg-64057.jpg\",\"contentUrl\":\"https:\/\/www.sotrender.com\/blog\/wp-content\/uploads\/2021\/11\/pexels-freestocksorg-64057.jpg\",\"width\":2200,\"height\":1467},{\"@type\":\"BreadcrumbList\",\"@id\":\"https:\/\/www.sotrender.com\/blog\/pl\/2021\/11\/facebook-trends-pazdziernik-2021-znani-zabieraja-glos\/#breadcrumb\",\"itemListElement\":[{\"@type\":\"ListItem\",\"position\":1,\"name\":\"Home\",\"item\":\"https:\/\/www.sotrender.com\/blog\/\"},{\"@type\":\"ListItem\",\"position\":2,\"name\":\"Facebook Trends pa\u017adziernik 2021 \u2013 znani zabieraj\u0105 g\u0142os\"}]},{\"@type\":\"WebSite\",\"@id\":\"https:\/\/www.sotrender.com\/blog\/#website\",\"url\":\"https:\/\/www.sotrender.com\/blog\/\",\"name\":\"Sotrender Blog\",\"description\":\"\",\"potentialAction\":[{\"@type\":\"SearchAction\",\"target\":{\"@type\":\"EntryPoint\",\"urlTemplate\":\"https:\/\/www.sotrender.com\/blog\/?s={search_term_string}\"},\"query-input\":\"required name=search_term_string\"}],\"inLanguage\":\"pl-PL\"},{\"@type\":\"Person\",\"@id\":\"https:\/\/www.sotrender.com\/blog\/#\/schema\/person\/7ef66e02c50604f5f3f1affc225398a5\",\"name\":\"Marta Bongilaj\",\"image\":{\"@type\":\"ImageObject\",\"inLanguage\":\"pl-PL\",\"@id\":\"https:\/\/www.sotrender.com\/blog\/#\/schema\/person\/image\/\",\"url\":\"https:\/\/secure.gravatar.com\/avatar\/0799dc0381a0207d8370bd44a9c21665?s=96&d=mm&r=g\",\"contentUrl\":\"https:\/\/secure.gravatar.com\/avatar\/0799dc0381a0207d8370bd44a9c21665?s=96&d=mm&r=g\",\"caption\":\"Marta Bongilaj\"},\"description\":\"Content marketer developing her passion for writing from her youngest years. Loves playing with words. Beyond that, a real dog enthusiast and a happy owner of one.\",\"url\":\"https:\/\/www.sotrender.com\/blog\/pl\/author\/marta_bongilaj\/\"}]}<\/script>\n<!-- \/ Yoast SEO plugin. -->","yoast_head_json":{"title":"Facebook Trends pa\u017adziernik 2021 \u2013 znani zabieraj\u0105 g\u0142os","description":"Jakie tre\u015bci by\u0142y najpopularniejsze na Facebooku w pa\u017adzierniku oraz jak prze\u0142o\u017cy\u0142o si\u0119 to na rankingi profili w mediach spo\u0142eczno\u015bciowych?","robots":{"index":"index","follow":"follow","max-snippet":"max-snippet:-1","max-image-preview":"max-image-preview:large","max-video-preview":"max-video-preview:-1"},"canonical":"https:\/\/www.sotrender.com\/blog\/pl\/2021\/11\/facebook-trends-pazdziernik-2021-znani-zabieraja-glos\/","og_locale":"pl_PL","og_type":"article","og_title":"Facebook Trends pa\u017adziernik 2021 \u2013 znani zabieraj\u0105 g\u0142os","og_description":"Jakie tre\u015bci by\u0142y najpopularniejsze na Facebooku w pa\u017adzierniku oraz jak prze\u0142o\u017cy\u0142o si\u0119 to na rankingi profili w mediach spo\u0142eczno\u015bciowych?","og_url":"https:\/\/www.sotrender.com\/blog\/pl\/2021\/11\/facebook-trends-pazdziernik-2021-znani-zabieraja-glos\/","og_site_name":"Sotrender Blog","article_publisher":"https:\/\/www.facebook.com\/Sotrender","article_published_time":"2021-11-29T09:56:48+00:00","article_modified_time":"2021-11-29T10:09:48+00:00","og_image":[{"width":2200,"height":1467,"url":"https:\/\/www.sotrender.com\/blog\/wp-content\/uploads\/2021\/11\/pexels-freestocksorg-64057.jpg","type":"image\/jpeg"}],"author":"Marta Bongilaj","twitter_card":"summary_large_image","twitter_creator":"@Sotrender","twitter_site":"@Sotrender","twitter_misc":{"Written by":"Marta Bongilaj","Est. reading time":"2 minutes"},"schema":{"@context":"https:\/\/schema.org","@graph":[{"@type":"WebPage","@id":"https:\/\/www.sotrender.com\/blog\/pl\/2021\/11\/facebook-trends-pazdziernik-2021-znani-zabieraja-glos\/","url":"https:\/\/www.sotrender.com\/blog\/pl\/2021\/11\/facebook-trends-pazdziernik-2021-znani-zabieraja-glos\/","name":"Facebook Trends pa\u017adziernik 2021 \u2013 znani zabieraj\u0105 g\u0142os","isPartOf":{"@id":"https:\/\/www.sotrender.com\/blog\/#website"},"primaryImageOfPage":{"@id":"https:\/\/www.sotrender.com\/blog\/pl\/2021\/11\/facebook-trends-pazdziernik-2021-znani-zabieraja-glos\/#primaryimage"},"image":{"@id":"https:\/\/www.sotrender.com\/blog\/pl\/2021\/11\/facebook-trends-pazdziernik-2021-znani-zabieraja-glos\/#primaryimage"},"thumbnailUrl":"https:\/\/www.sotrender.com\/blog\/wp-content\/uploads\/2021\/11\/pexels-freestocksorg-64057.jpg","datePublished":"2021-11-29T09:56:48+00:00","dateModified":"2021-11-29T10:09:48+00:00","author":{"@id":"https:\/\/www.sotrender.com\/blog\/#\/schema\/person\/7ef66e02c50604f5f3f1affc225398a5"},"description":"Jakie tre\u015bci by\u0142y najpopularniejsze na Facebooku w pa\u017adzierniku oraz jak prze\u0142o\u017cy\u0142o si\u0119 to na rankingi profili w mediach spo\u0142eczno\u015bciowych?","breadcrumb":{"@id":"https:\/\/www.sotrender.com\/blog\/pl\/2021\/11\/facebook-trends-pazdziernik-2021-znani-zabieraja-glos\/#breadcrumb"},"inLanguage":"pl-PL","potentialAction":[{"@type":"ReadAction","target":["https:\/\/www.sotrender.com\/blog\/pl\/2021\/11\/facebook-trends-pazdziernik-2021-znani-zabieraja-glos\/"]}]},{"@type":"ImageObject","inLanguage":"pl-PL","@id":"https:\/\/www.sotrender.com\/blog\/pl\/2021\/11\/facebook-trends-pazdziernik-2021-znani-zabieraja-glos\/#primaryimage","url":"https:\/\/www.sotrender.com\/blog\/wp-content\/uploads\/2021\/11\/pexels-freestocksorg-64057.jpg","contentUrl":"https:\/\/www.sotrender.com\/blog\/wp-content\/uploads\/2021\/11\/pexels-freestocksorg-64057.jpg","width":2200,"height":1467},{"@type":"BreadcrumbList","@id":"https:\/\/www.sotrender.com\/blog\/pl\/2021\/11\/facebook-trends-pazdziernik-2021-znani-zabieraja-glos\/#breadcrumb","itemListElement":[{"@type":"ListItem","position":1,"name":"Home","item":"https:\/\/www.sotrender.com\/blog\/"},{"@type":"ListItem","position":2,"name":"Facebook Trends pa\u017adziernik 2021 \u2013 znani zabieraj\u0105 g\u0142os"}]},{"@type":"WebSite","@id":"https:\/\/www.sotrender.com\/blog\/#website","url":"https:\/\/www.sotrender.com\/blog\/","name":"Sotrender Blog","description":"","potentialAction":[{"@type":"SearchAction","target":{"@type":"EntryPoint","urlTemplate":"https:\/\/www.sotrender.com\/blog\/?s={search_term_string}"},"query-input":"required name=search_term_string"}],"inLanguage":"pl-PL"},{"@type":"Person","@id":"https:\/\/www.sotrender.com\/blog\/#\/schema\/person\/7ef66e02c50604f5f3f1affc225398a5","name":"Marta Bongilaj","image":{"@type":"ImageObject","inLanguage":"pl-PL","@id":"https:\/\/www.sotrender.com\/blog\/#\/schema\/person\/image\/","url":"https:\/\/secure.gravatar.com\/avatar\/0799dc0381a0207d8370bd44a9c21665?s=96&d=mm&r=g","contentUrl":"https:\/\/secure.gravatar.com\/avatar\/0799dc0381a0207d8370bd44a9c21665?s=96&d=mm&r=g","caption":"Marta Bongilaj"},"description":"Content marketer developing her passion for writing from her youngest years. Loves playing with words. Beyond that, a real dog enthusiast and a happy owner of one.","url":"https:\/\/www.sotrender.com\/blog\/pl\/author\/marta_bongilaj\/"}]}},"_links":{"self":[{"href":"https:\/\/www.sotrender.com\/blog\/pl\/wp-json\/wp\/v2\/posts\/43799"}],"collection":[{"href":"https:\/\/www.sotrender.com\/blog\/pl\/wp-json\/wp\/v2\/posts"}],"about":[{"href":"https:\/\/www.sotrender.com\/blog\/pl\/wp-json\/wp\/v2\/types\/post"}],"author":[{"embeddable":true,"href":"https:\/\/www.sotrender.com\/blog\/pl\/wp-json\/wp\/v2\/users\/211"}],"replies":[{"embeddable":true,"href":"https:\/\/www.sotrender.com\/blog\/pl\/wp-json\/wp\/v2\/comments?post=43799"}],"version-history":[{"count":4,"href":"https:\/\/www.sotrender.com\/blog\/pl\/wp-json\/wp\/v2\/posts\/43799\/revisions"}],"predecessor-version":[{"id":43831,"href":"https:\/\/www.sotrender.com\/blog\/pl\/wp-json\/wp\/v2\/posts\/43799\/revisions\/43831"}],"wp:featuredmedia":[{"embeddable":true,"href":"https:\/\/www.sotrender.com\/blog\/pl\/wp-json\/wp\/v2\/media\/43809"}],"wp:attachment":[{"href":"https:\/\/www.sotrender.com\/blog\/pl\/wp-json\/wp\/v2\/media?parent=43799"}],"wp:term":[{"taxonomy":"category","embeddable":true,"href":"https:\/\/www.sotrender.com\/blog\/pl\/wp-json\/wp\/v2\/categories?post=43799"},{"taxonomy":"post_tag","embeddable":true,"href":"https:\/\/www.sotrender.com\/blog\/pl\/wp-json\/wp\/v2\/tags?post=43799"}],"curies":[{"name":"wp","href":"https:\/\/api.w.org\/{rel}","templated":true}]}}