{"id":43625,"date":"2021-11-16T13:36:58","date_gmt":"2021-11-16T12:36:58","guid":{"rendered":"https:\/\/www.sotrender.com\/blog\/?p=43625\/"},"modified":"2021-11-17T16:12:31","modified_gmt":"2021-11-17T15:12:31","slug":"wydatki-na-reklame-na-facebooku-w-black-friday-swieta-analiza","status":"publish","type":"post","link":"https:\/\/www.sotrender.com\/blog\/pl\/2021\/11\/wydatki-na-reklame-na-facebooku-w-black-friday-swieta-analiza\/","title":{"rendered":"Ile wydajemy na reklam\u0119 na Facebooku w Black Friday i w okresie \u015bwi\u0105t? [analiza]"},"content":{"rendered":"<p>Ostatni kwarta\u0142 roku to okres wzmo\u017conej aktywno\u015bci reklamowej oraz zwi\u0119kszonej sprzeda\u017cy zar\u00f3wno w handlu tradycyjnym, jak i e-commerce. Tu\u017c po Black Friday, najwi\u0119kszym \u015bwi\u0119cie zakupowym w roku, zaczyna si\u0119 przed\u015bwi\u0105teczna gor\u0105czka. Jak zmienia si\u0119 aktywno\u015b\u0107 reklamodawc\u00f3w w tym czasie?<\/p>\n<p><!--more--><\/p>\n<p>Nasz zesp\u00f3\u0142 AI przeanalizowa\u0142 dane reklamowe z ekosystemu Facebooka z ostatniego kwarta\u0142u 2020 r. Sprawdzili\u015bmy mi\u0119dzy innymi, ile wynosi\u0142 w tym okresie \u015bredni CPC i CPM, jak zmienia\u0142a si\u0119 liczba aktywnych reklam oraz wydatki na reklam\u0119.<\/p>\n<p><strong>Nasza analiza u\u0142atwi Ci:<\/strong><\/p>\n<ul>\n<li>odpowiednie zaplanowanie bud\u017cet\u00f3w oraz kampanii reklamowych do ko\u0144ca roku,<\/li>\n<li>podj\u0119cie decyzji, czy warto inwestowa\u0107 w reklamy na tydzie\u0144 przed Black Friday, czy lepiej przenie\u015b\u0107 bud\u017cety na kampanie \u015bwi\u0105teczne,<\/li>\n<li>optymalizacj\u0119 Twoich reklam i por\u00f3wnanie wska\u017anik\u00f3w CPC czy CPM na tle innych reklamodawc\u00f3w.<\/li>\n<\/ul>\n<h2>Najwa\u017cniejsze wnioski z analizy:<\/h2>\n<ol>\n<li><strong>Najwy\u017csze wydatki na reklam\u0119 odnotowali\u015bmy mniej wi\u0119cej na tydzie\u0144 przed Black Friday.<\/strong> Podobne warto\u015bci zaobserwowali\u015bmy w sam czarny pi\u0105tek.<\/li>\n<li><strong>W okresie poprzedzaj\u0105cym Black Friday kampanie reklamowe w ekosystemie Facebooka by\u0142y najdro\u017csze w ca\u0142ym Q4.<\/strong> Koszty reklamowe kampanii bo\u017conarodzeniowych by\u0142y znacznie ni\u017csze.<\/li>\n<li><strong>\u015aredni CPC w Black Friday wynosi\u0142 1 z\u0142 70 gr<\/strong> \u2013 by\u0142a to najwy\u017csza warto\u015b\u0107 CPC w ca\u0142ym kwartale. \u015aredni CPC w pozosta\u0142ych miesi\u0105cach wynosi oko\u0142o 80 gr.<\/li>\n<li><strong>Najwi\u0119cej aktywnych reklam odnotowali\u015bmy na oko\u0142o 2 tygodnie przed Black Friday.<\/strong> W sam czarny pi\u0105tek ich liczba by\u0142a o oko\u0142o 15% ni\u017csza.<\/li>\n<li><strong>\u015aredni CPM w Black Friday wyni\u00f3s\u0142 5 z\u0142<\/strong>. Podobn\u0105 warto\u015b\u0107 osi\u0105gn\u0105\u0142 na oko\u0142o tydzie\u0144 przed Bo\u017cym Narodzeniem.<\/li>\n<\/ol>\n<p>Nasza analiza dotyczy\u0142a profili na Facebooku i Instagramie (z aktywnymi kampaniami reklamowymi), kt\u00f3re pogrupowali\u015bmy w trzy kategorie:<br \/>\n1. Brands (m.in. FMCG, marki odzie\u017cowe, kosmetyczne)<br \/>\n2. Shopping and retail (sklepy i centra handlowe)<br \/>\n3. Commercial &amp; Industrial (firmy us\u0142ugowe, np. zwi\u0105zane z nieruchomo\u015bciami i finansami, produkcyjne i przedsi\u0119biorstwa)<\/p>\n<h2>Koszty reklamy w Black Friday najwy\u017csze w Q4<\/h2>\n<p>Z naszej analizy wynika, \u017ce <strong>w Black Friday \u015bredni koszt za klikni\u0119cie (CPC) by\u0142 najwy\u017cszy w ca\u0142ym czwartym kwartale<\/strong>. W grudniu, czyli w okresie przed\u015bwi\u0105tecznym, \u015bredni CPC przyjmowa\u0142 znacznie ni\u017csze warto\u015bci niemal\u017ce przez ca\u0142y miesi\u0105c.<\/p>\n<p><strong>Cena jednego klikni\u0119cia w reklam\u0119 na Facebooku lub Instagramie zacz\u0119\u0142a rosn\u0105\u0107 ju\u017c na kilka dni przed s\u0142ynnym czarnym pi\u0105tkiem<\/strong>. Z kolei dok\u0142adnie <strong>w Black Friday, \u015bredni CPC osi\u0105gn\u0105\u0142 warto\u015b\u0107 ok. 1 z\u0142 70 gr<\/strong>.<\/p>\n<p>Po zakupowym szale\u0144stwie \u015bredni CPC stopniowo zacz\u0105\u0142 male\u0107, osi\u0105gaj\u0105c po tygodniu warto\u015b\u0107 ok. 80 gr, czyli mniej wi\u0119cej tyle, ile \u015brednio kosztuje jedno klikni\u0119cie w ekosystemie Facebooka.<\/p>\n<p><img loading=\"lazy\" decoding=\"async\" class=\"aligncenter wp-image-43629 \" src=\"https:\/\/www.sotrender.com\/blog\/wp-content\/uploads\/2021\/11\/S\u0301rednia-wartos\u0301c\u0301-CPC-i-CPM.png\" alt=\"\" width=\"600\" height=\"533\" srcset=\"https:\/\/www.sotrender.com\/blog\/wp-content\/uploads\/2021\/11\/S\u0301rednia-wartos\u0301c\u0301-CPC-i-CPM.png 900w, https:\/\/www.sotrender.com\/blog\/wp-content\/uploads\/2021\/11\/S\u0301rednia-wartos\u0301c\u0301-CPC-i-CPM-475x422.png 475w, https:\/\/www.sotrender.com\/blog\/wp-content\/uploads\/2021\/11\/S\u0301rednia-wartos\u0301c\u0301-CPC-i-CPM-768x683.png 768w\" sizes=\"(max-width: 600px) 100vw, 600px\" \/><\/p>\n<p><span style=\"font-weight: 400;\">Kolejny wzrost obserwujemy na dwa dni przed Miko\u0142ajkami <\/span><span style=\"font-weight: 400;\">\u2013<\/span><span style=\"font-weight: 400;\"> wtedy \u015bredni CPC osi\u0105gn\u0105\u0142 kwot\u0119 1 z\u0142 25 gr. W Wigili\u0119, \u015bredni CPC wyni\u00f3s\u0142 ok. 1 z\u0142 10 gr i zacz\u0105\u0142 rosn\u0105\u0107\u00a0ju\u017c na 10 dni przed \u015bwi\u0119tem.\u00a0<\/span><\/p>\n<p><b>Jak zmienia\u0142 si\u0119 \u015bredni CPM? Warto\u015b\u0107 tego wska\u017anika ros\u0142a ju\u017c na tydzie\u0144 przed Black Friday, a w czarny pi\u0105tek osi\u0105gn\u0119\u0142a kwot\u0119 prawie 5 z\u0142.\u00a0<\/b><\/p>\n<p><span style=\"font-weight: 400;\">Z kolei najwy\u017cszy CPM przed \u015bwi\u0119tami odnotowali\u015bmy na tydzie\u0144 przed Wigili\u0105 Bo\u017cego Narodzenia. \u015aredni CPM wyni\u00f3s\u0142\u00a0wtedy ok. <\/span><b>4 z\u0142 80 gr<\/b><span style=\"font-weight: 400;\">.<\/span><\/p>\n<h2><b>Jak zmienia\u0142a si\u0119 liczba aktywnych reklam?<\/b><\/h2>\n<p><span style=\"font-weight: 400;\">W marketingu wa\u017cna jest nie tylko dobra strategia, ale te\u017c odpowiedni timing. Okazuje si\u0119, \u017ce <\/span><b>najwi\u0119cej reklam by\u0142o aktywnych na 2 tygodnie przed Black Friday<\/b><span style=\"font-weight: 400;\">, a w czarny pi\u0105tek by\u0142o ich o oko\u0142o 15% mniej.\u00a0<\/span><\/p>\n<div id=\"attachment_43631\" style=\"width: 610px\" class=\"wp-caption aligncenter\"><img loading=\"lazy\" decoding=\"async\" aria-describedby=\"caption-attachment-43631\" class=\"wp-image-43631 \" src=\"https:\/\/www.sotrender.com\/blog\/wp-content\/uploads\/2021\/11\/Liczba-aktywnych-reklam.png\" alt=\"\" width=\"600\" height=\"533\" srcset=\"https:\/\/www.sotrender.com\/blog\/wp-content\/uploads\/2021\/11\/Liczba-aktywnych-reklam.png 900w, https:\/\/www.sotrender.com\/blog\/wp-content\/uploads\/2021\/11\/Liczba-aktywnych-reklam-475x422.png 475w, https:\/\/www.sotrender.com\/blog\/wp-content\/uploads\/2021\/11\/Liczba-aktywnych-reklam-768x683.png 768w\" sizes=\"(max-width: 600px) 100vw, 600px\" \/><p id=\"caption-attachment-43631\" class=\"wp-caption-text\">Jak czyta\u0107 wykres? Warto\u015b\u0107 100 oznacza najwi\u0119ksz\u0105 liczb\u0119 aktywnych reklam, za\u015b warto\u015b\u0107 50 oznacza, \u017ce liczba aktywnych reklam by\u0142a dwukrotnie mniejsza.<\/p><\/div>\n<p><span style=\"font-weight: 400;\">Z kolei <\/span><b>w okresie \u015bwi\u0105tecznym najwi\u0119ksz\u0105 aktywno\u015b\u0107 reklamow\u0105 w ekosystemie Facebooka odnotowali\u015bmy na ponad tydzie\u0144 przed Wigili\u0105<\/b><span style=\"font-weight: 400;\">. Od tej daty aktywno\u015b\u0107 wyra\u017anie spada, a w \u015bwi\u0119ta Bo\u017cego Narodzenia jest ju\u017c\u00a0o oko\u0142o 30% ni\u017csza.<\/span><\/p>\n<p><span style=\"font-weight: 400;\">Poni\u017cej mo\u017cemy zobaczy\u0107, jak zmienia\u0142a si\u0119 liczba aktywnych reklam w podziale na bran\u017ce.<\/span><\/p>\n<p><img loading=\"lazy\" decoding=\"async\" class=\"wp-image-43633 aligncenter\" src=\"https:\/\/www.sotrender.com\/blog\/wp-content\/uploads\/2021\/11\/Liczba-aktywnych-reklam-branz\u0307e.png\" alt=\"\" width=\"600\" height=\"533\" srcset=\"https:\/\/www.sotrender.com\/blog\/wp-content\/uploads\/2021\/11\/Liczba-aktywnych-reklam-branz\u0307e.png 900w, https:\/\/www.sotrender.com\/blog\/wp-content\/uploads\/2021\/11\/Liczba-aktywnych-reklam-branz\u0307e-475x422.png 475w, https:\/\/www.sotrender.com\/blog\/wp-content\/uploads\/2021\/11\/Liczba-aktywnych-reklam-branz\u0307e-768x683.png 768w\" sizes=\"(max-width: 600px) 100vw, 600px\" \/><\/p>\n<h2><b>\u015aredni CPC i CPM z podzia\u0142em na bran\u017ce<\/b><\/h2>\n<p><span style=\"font-weight: 400;\">Ile wynosi\u0142 \u015bredni CPC w okresie poprzedzaj\u0105cym Black Friday, a ile w czarny pi\u0105tek?\u00a0<\/span><\/p>\n<p><b>Przeci\u0119tny wska\u017anik CPC zacz\u0105\u0142 rosn\u0105\u0107 ju\u017c na tydzie\u0144 przed czarnym pi\u0105tkiem, <\/b><span style=\"font-weight: 400;\">zw\u0142aszcza w kategorii <\/span><i><span style=\"font-weight: 400;\">Commercial &amp; Industrial<\/span><\/i><span style=\"font-weight: 400;\">. \u015aredni CPC osi\u0105gn\u0105\u0142 wtedy kwot\u0119 ok. 3 z\u0142. W pozosta\u0142ych bran\u017cach nie wida\u0107 a\u017c tak wyra\u017anej tendencji zwi\u0105zanej z Black Friday.<\/span><\/p>\n<p><img loading=\"lazy\" decoding=\"async\" class=\"aligncenter wp-image-43635 \" src=\"https:\/\/www.sotrender.com\/blog\/wp-content\/uploads\/2021\/11\/S\u0301rednia-wartos\u0301c\u0301-CPC-branz\u0307e.png\" alt=\"\" width=\"600\" height=\"533\" srcset=\"https:\/\/www.sotrender.com\/blog\/wp-content\/uploads\/2021\/11\/S\u0301rednia-wartos\u0301c\u0301-CPC-branz\u0307e.png 900w, https:\/\/www.sotrender.com\/blog\/wp-content\/uploads\/2021\/11\/S\u0301rednia-wartos\u0301c\u0301-CPC-branz\u0307e-475x422.png 475w, https:\/\/www.sotrender.com\/blog\/wp-content\/uploads\/2021\/11\/S\u0301rednia-wartos\u0301c\u0301-CPC-branz\u0307e-768x683.png 768w\" sizes=\"(max-width: 600px) 100vw, 600px\" \/><\/p>\n<p><span style=\"font-weight: 400;\">Kolejny du\u017cy wzrost zaobserwowali\u015bmy w Black Friday, kiedy \u015bredni CPC wynosi\u0142:<\/span><\/p>\n<ul>\n<li style=\"font-weight: 400;\" aria-level=\"1\"><span style=\"font-weight: 400;\">dla kategorii <\/span><i><span style=\"font-weight: 400;\">Commercial &amp; Industrial <\/span><\/i><span style=\"font-weight: 400;\">ok. <\/span><b>3 z\u0142<\/b><span style=\"font-weight: 400;\">,\u00a0<\/span><\/li>\n<li style=\"font-weight: 400;\" aria-level=\"1\"><span style=\"font-weight: 400;\">ok. <\/span><b>1 z\u0142 80 gr<\/b><span style=\"font-weight: 400;\"> dla kategorii <\/span><i><span style=\"font-weight: 400;\">Brand,<\/span><\/i><span style=\"font-weight: 400;\">\u00a0<\/span><\/li>\n<li style=\"font-weight: 400;\" aria-level=\"1\"><b>niewiele ponad 1 z\u0142 <\/b><span style=\"font-weight: 400;\">dla <\/span><i><span style=\"font-weight: 400;\">Shopping &amp; Retail<\/span><\/i><span style=\"font-weight: 400;\">.\u00a0<\/span><\/li>\n<\/ul>\n<p><b>Najbardziej konkurencyjna w Black Friday okaza\u0142a si\u0119 bran\u017ca firm us\u0142ugowych, produkcyjnych i przedsi\u0119biorstw<\/b><span style=\"font-weight: 400;\">.<\/span><\/p>\n<p><b>Najwy\u017cszy CPM w Black Friday odnotowali\u015bmy w kategorii <\/b><b><i>Shopping &amp; Retail<\/i><\/b><b>, na poziomie oko\u0142o 11 z\u0142<\/b><span style=\"font-weight: 400;\">. Co ciekawe, dok\u0142adnie w tym samym czasie \u015bredni CPM wyni\u00f3s\u0142:<\/span><\/p>\n<ul>\n<li><span style=\"font-weight: 400;\">dla <\/span><i><span style=\"font-weight: 400;\">Commercial &amp; Industrial <\/span><\/i><span style=\"font-weight: 400;\">tylko ok. 4 z\u0142,\u00a0<\/span><\/li>\n<li><span style=\"font-weight: 400;\">a w kategorii <\/span><i><span style=\"font-weight: 400;\">Brand<\/span><\/i><span style=\"font-weight: 400;\">, ok. 3 z\u0142.\u00a0<\/span><\/li>\n<\/ul>\n<p><span style=\"font-weight: 400;\">W kategorii <\/span><i><span style=\"font-weight: 400;\">Commercial &amp; Industrial <\/span><\/i><span style=\"font-weight: 400;\">\u015bredni CPM przyj\u0105\u0142 du\u017co wi\u0119ksz\u0105 warto\u015b\u0107 na kilka dni przed Black Friday, osi\u0105gaj\u0105c kwot\u0119 ok. 7 z\u0142 50 gr za 1000 wy\u015bwietle\u0144 reklamy.<\/span><\/p>\n<p><b>W okresie oko\u0142o\u015bwi\u0105tecznym, najwy\u017cszy \u015bredni CPM wyni\u00f3s\u0142 ok. 11 z\u0142 dla kategorii <\/b><b><i>Commercial &amp; Industrial <\/i><\/b><span style=\"font-weight: 400;\">i ok. 10 z\u0142 dla <\/span><i><span style=\"font-weight: 400;\">Shopping &amp; Retail<\/span><\/i><span style=\"font-weight: 400;\">, mniej wi\u0119cej na tydzie\u0144 przed Wigili\u0105. <\/span><\/p>\n<p><img loading=\"lazy\" decoding=\"async\" class=\"wp-image-43637 aligncenter\" src=\"https:\/\/www.sotrender.com\/blog\/wp-content\/uploads\/2021\/11\/S\u0301rednia-wartos\u0301c\u0301-CPM-branz\u0307e.png\" alt=\"\" width=\"600\" height=\"533\" srcset=\"https:\/\/www.sotrender.com\/blog\/wp-content\/uploads\/2021\/11\/S\u0301rednia-wartos\u0301c\u0301-CPM-branz\u0307e.png 900w, https:\/\/www.sotrender.com\/blog\/wp-content\/uploads\/2021\/11\/S\u0301rednia-wartos\u0301c\u0301-CPM-branz\u0307e-475x422.png 475w, https:\/\/www.sotrender.com\/blog\/wp-content\/uploads\/2021\/11\/S\u0301rednia-wartos\u0301c\u0301-CPM-branz\u0307e-768x683.png 768w\" sizes=\"(max-width: 600px) 100vw, 600px\" \/><\/p>\n<h2><b>Jak zmienia\u0142y si\u0119 wydatki na reklam\u0119?<\/b><\/h2>\n<p><span style=\"font-weight: 400;\">Kiedy firmy wydawa\u0142y na reklam\u0119 na Facebooku i Instagramie najwi\u0119cej? <\/span><b>Najwy\u017csze wydatki na reklam\u0119 odnotowali\u015bmy mniej wi\u0119cej na tydzie\u0144 przed Black Friday<\/b><span style=\"font-weight: 400;\">. Podobne warto\u015bci odnotowali\u015bmy w sam czarny pi\u0105tek.\u00a0<\/span><\/p>\n<p><span style=\"font-weight: 400;\">Po Black Friday wydatki na reklam\u0119 na Facebooku wyra\u017anie spad\u0142y, i ju\u017c <\/span><b>10 dni p\u00f3\u017aniej by\u0142y ni\u017csze o niemal 50%<\/b><span style=\"font-weight: 400;\">. Kolejny wzrost zauwa\u017cyli\u015bmy mi\u0119dzy 7 a 10 grudnia, czyli w czasie, gdy intensywniej rozgl\u0105damy si\u0119 za \u015bwi\u0105tecznymi prezentami.<\/span><\/p>\n<div id=\"attachment_43639\" style=\"width: 611px\" class=\"wp-caption aligncenter\"><img loading=\"lazy\" decoding=\"async\" aria-describedby=\"caption-attachment-43639\" class=\"wp-image-43639\" src=\"https:\/\/www.sotrender.com\/blog\/wp-content\/uploads\/2021\/11\/Wydatki-na-reklamy.png\" alt=\"\" width=\"601\" height=\"534\" srcset=\"https:\/\/www.sotrender.com\/blog\/wp-content\/uploads\/2021\/11\/Wydatki-na-reklamy.png 900w, https:\/\/www.sotrender.com\/blog\/wp-content\/uploads\/2021\/11\/Wydatki-na-reklamy-475x422.png 475w, https:\/\/www.sotrender.com\/blog\/wp-content\/uploads\/2021\/11\/Wydatki-na-reklamy-768x683.png 768w\" sizes=\"(max-width: 601px) 100vw, 601px\" \/><p id=\"caption-attachment-43639\" class=\"wp-caption-text\">Jak czyta\u0107 wykres? Warto\u015b\u0107 100 oznacza najwi\u0119ksze wydatki, za\u015b warto\u015b\u0107 50 oznacza, \u017ce wydatki by\u0142y dwukrotnie mniejsze.<\/p><\/div>\n<p><span style=\"font-weight: 400;\">Od niedawna, w Sotrenderze mo\u017cesz r\u00f3wnie\u017c <\/span><a href=\"https:\/\/www.sotrender.com\/blog\/pl\/2021\/10\/sotrender-ads-raporty-z-reklamy-na-facebooku\/\"><span style=\"font-weight: 400;\">analizowa\u0107 dane reklamowe dla swoich kampanii z Facebooka i Instagrama<\/span><\/a><span style=\"font-weight: 400;\">, m.in. CPC, CPM, zasi\u0119g, wy\u015bwietlenia<\/span> <span style=\"font-weight: 400;\">i wiele innych. W \u0142atwy i szybki spos\u00f3b wygenerujesz te\u017c kompleksowe raporty podsumowuj\u0105ce prowadzone dzia\u0142ania reklamowe.\u00a0<\/span><\/p>\n<p><span style=\"font-weight: 400;\">A je\u015bli podoba Ci si\u0119\u00a0przygotowana przez nas analiza i chcia\u0142by\u015b zam\u00f3wi\u0107\u00a0podobn\u0105 dla w\u0142asnych cel\u00f3w biznesowych, skontaktuj si\u0119 z nami mailowo:\u00a0<\/span><a href=\"mailto:sales@sotrender.com\"><span style=\"font-weight: 400;\">sales@sotrender.com<\/span><\/a><span style=\"font-weight: 400;\">.\u00a0<\/span><\/p>\n<p><em>Analiz\u0119 przygotowa\u0142 <a href=\"https:\/\/www.linkedin.com\/in\/maciej-baranowski\/\">Maciej Baranowski<\/a>, Data Scientist w Sotrenderze.<\/em><\/p>\n","protected":false},"excerpt":{"rendered":"<p>Ostatni kwarta\u0142 roku to okres wzmo\u017conej aktywno\u015bci reklamowej oraz zwi\u0119kszonej sprzeda\u017cy zar\u00f3wno w handlu tradycyjnym, jak i e-commerce. Tu\u017c po Black Friday, najwi\u0119kszym \u015bwi\u0119cie zakupowym w roku, zaczyna si\u0119 przed\u015bwi\u0105teczna gor\u0105czka. Jak zmienia si\u0119 aktywno\u015b\u0107 reklamodawc\u00f3w w tym czasie?<\/p>\n","protected":false},"author":211,"featured_media":43627,"comment_status":"open","ping_status":"open","sticky":false,"template":"","format":"standard","meta":{"inline_featured_image":false,"footnotes":""},"categories":[1793,1797,1803,2275],"tags":[519,3135,3137],"yoast_head":"<!-- This site is optimized with the Yoast SEO plugin v22.4 - https:\/\/yoast.com\/wordpress\/plugins\/seo\/ -->\n<title>Ile wydajemy na reklam\u0119 na Facebooku w Black Friday i w okresie \u015bwi\u0105t?<\/title>\n<meta name=\"description\" content=\"Ile wydajemy na reklam\u0119 na Facebooku w Black Friday i w okresie \u015bwi\u0105t? Sprawdzili\u015bmy, jak zmieniaj\u0105 si\u0119 wydatki reklamowe w ostatnim kwartale roku.\" \/>\n<meta name=\"robots\" content=\"index, follow, max-snippet:-1, max-image-preview:large, max-video-preview:-1\" \/>\n<link rel=\"canonical\" href=\"https:\/\/www.sotrender.com\/blog\/pl\/2021\/11\/wydatki-na-reklame-na-facebooku-w-black-friday-swieta-analiza\/\" \/>\n<meta property=\"og:locale\" content=\"pl_PL\" \/>\n<meta property=\"og:type\" content=\"article\" \/>\n<meta property=\"og:title\" content=\"Ile wydajemy na reklam\u0119 na Facebooku w Black Friday i w okresie \u015bwi\u0105t?\" \/>\n<meta property=\"og:description\" content=\"Ile wydajemy na reklam\u0119 na Facebooku w Black Friday i w okresie \u015bwi\u0105t? Sprawdzili\u015bmy, jak zmieniaj\u0105 si\u0119 wydatki reklamowe w ostatnim kwartale roku.\" \/>\n<meta property=\"og:url\" content=\"https:\/\/www.sotrender.com\/blog\/pl\/2021\/11\/wydatki-na-reklame-na-facebooku-w-black-friday-swieta-analiza\/\" \/>\n<meta property=\"og:site_name\" content=\"Sotrender Blog\" \/>\n<meta property=\"article:publisher\" content=\"https:\/\/www.facebook.com\/Sotrender\" \/>\n<meta property=\"article:published_time\" content=\"2021-11-16T12:36:58+00:00\" \/>\n<meta property=\"article:modified_time\" content=\"2021-11-17T15:12:31+00:00\" \/>\n<meta property=\"og:image\" content=\"https:\/\/www.sotrender.com\/blog\/wp-content\/uploads\/2021\/11\/pexels-anastasia-shuraeva-5704410.jpg\" \/>\n\t<meta property=\"og:image:width\" content=\"2200\" \/>\n\t<meta property=\"og:image:height\" content=\"1467\" \/>\n\t<meta property=\"og:image:type\" content=\"image\/jpeg\" \/>\n<meta name=\"author\" content=\"Marta Bongilaj\" \/>\n<meta name=\"twitter:card\" content=\"summary_large_image\" \/>\n<meta name=\"twitter:creator\" content=\"@Sotrender\" \/>\n<meta name=\"twitter:site\" content=\"@Sotrender\" \/>\n<meta name=\"twitter:label1\" content=\"Written by\" \/>\n\t<meta name=\"twitter:data1\" content=\"Marta Bongilaj\" \/>\n\t<meta name=\"twitter:label2\" content=\"Est. reading time\" \/>\n\t<meta name=\"twitter:data2\" content=\"6 minutes\" \/>\n<script type=\"application\/ld+json\" class=\"yoast-schema-graph\">{\"@context\":\"https:\/\/schema.org\",\"@graph\":[{\"@type\":\"WebPage\",\"@id\":\"https:\/\/www.sotrender.com\/blog\/pl\/2021\/11\/wydatki-na-reklame-na-facebooku-w-black-friday-swieta-analiza\/\",\"url\":\"https:\/\/www.sotrender.com\/blog\/pl\/2021\/11\/wydatki-na-reklame-na-facebooku-w-black-friday-swieta-analiza\/\",\"name\":\"Ile wydajemy na reklam\u0119 na Facebooku w Black Friday i w okresie \u015bwi\u0105t?\",\"isPartOf\":{\"@id\":\"https:\/\/www.sotrender.com\/blog\/#website\"},\"primaryImageOfPage\":{\"@id\":\"https:\/\/www.sotrender.com\/blog\/pl\/2021\/11\/wydatki-na-reklame-na-facebooku-w-black-friday-swieta-analiza\/#primaryimage\"},\"image\":{\"@id\":\"https:\/\/www.sotrender.com\/blog\/pl\/2021\/11\/wydatki-na-reklame-na-facebooku-w-black-friday-swieta-analiza\/#primaryimage\"},\"thumbnailUrl\":\"https:\/\/www.sotrender.com\/blog\/wp-content\/uploads\/2021\/11\/pexels-anastasia-shuraeva-5704410.jpg\",\"datePublished\":\"2021-11-16T12:36:58+00:00\",\"dateModified\":\"2021-11-17T15:12:31+00:00\",\"author\":{\"@id\":\"https:\/\/www.sotrender.com\/blog\/#\/schema\/person\/7ef66e02c50604f5f3f1affc225398a5\"},\"description\":\"Ile wydajemy na reklam\u0119 na Facebooku w Black Friday i w okresie \u015bwi\u0105t? Sprawdzili\u015bmy, jak zmieniaj\u0105 si\u0119 wydatki reklamowe w ostatnim kwartale roku.\",\"breadcrumb\":{\"@id\":\"https:\/\/www.sotrender.com\/blog\/pl\/2021\/11\/wydatki-na-reklame-na-facebooku-w-black-friday-swieta-analiza\/#breadcrumb\"},\"inLanguage\":\"pl-PL\",\"potentialAction\":[{\"@type\":\"ReadAction\",\"target\":[\"https:\/\/www.sotrender.com\/blog\/pl\/2021\/11\/wydatki-na-reklame-na-facebooku-w-black-friday-swieta-analiza\/\"]}]},{\"@type\":\"ImageObject\",\"inLanguage\":\"pl-PL\",\"@id\":\"https:\/\/www.sotrender.com\/blog\/pl\/2021\/11\/wydatki-na-reklame-na-facebooku-w-black-friday-swieta-analiza\/#primaryimage\",\"url\":\"https:\/\/www.sotrender.com\/blog\/wp-content\/uploads\/2021\/11\/pexels-anastasia-shuraeva-5704410.jpg\",\"contentUrl\":\"https:\/\/www.sotrender.com\/blog\/wp-content\/uploads\/2021\/11\/pexels-anastasia-shuraeva-5704410.jpg\",\"width\":2200,\"height\":1467},{\"@type\":\"BreadcrumbList\",\"@id\":\"https:\/\/www.sotrender.com\/blog\/pl\/2021\/11\/wydatki-na-reklame-na-facebooku-w-black-friday-swieta-analiza\/#breadcrumb\",\"itemListElement\":[{\"@type\":\"ListItem\",\"position\":1,\"name\":\"Home\",\"item\":\"https:\/\/www.sotrender.com\/blog\/\"},{\"@type\":\"ListItem\",\"position\":2,\"name\":\"Ile wydajemy na reklam\u0119 na Facebooku w Black Friday i w okresie \u015bwi\u0105t? [analiza]\"}]},{\"@type\":\"WebSite\",\"@id\":\"https:\/\/www.sotrender.com\/blog\/#website\",\"url\":\"https:\/\/www.sotrender.com\/blog\/\",\"name\":\"Sotrender Blog\",\"description\":\"\",\"potentialAction\":[{\"@type\":\"SearchAction\",\"target\":{\"@type\":\"EntryPoint\",\"urlTemplate\":\"https:\/\/www.sotrender.com\/blog\/?s={search_term_string}\"},\"query-input\":\"required name=search_term_string\"}],\"inLanguage\":\"pl-PL\"},{\"@type\":\"Person\",\"@id\":\"https:\/\/www.sotrender.com\/blog\/#\/schema\/person\/7ef66e02c50604f5f3f1affc225398a5\",\"name\":\"Marta Bongilaj\",\"image\":{\"@type\":\"ImageObject\",\"inLanguage\":\"pl-PL\",\"@id\":\"https:\/\/www.sotrender.com\/blog\/#\/schema\/person\/image\/\",\"url\":\"https:\/\/secure.gravatar.com\/avatar\/0799dc0381a0207d8370bd44a9c21665?s=96&d=mm&r=g\",\"contentUrl\":\"https:\/\/secure.gravatar.com\/avatar\/0799dc0381a0207d8370bd44a9c21665?s=96&d=mm&r=g\",\"caption\":\"Marta Bongilaj\"},\"description\":\"Content marketer developing her passion for writing from her youngest years. Loves playing with words. Beyond that, a real dog enthusiast and a happy owner of one.\",\"url\":\"https:\/\/www.sotrender.com\/blog\/pl\/author\/marta_bongilaj\/\"}]}<\/script>\n<!-- \/ Yoast SEO plugin. -->","yoast_head_json":{"title":"Ile wydajemy na reklam\u0119 na Facebooku w Black Friday i w okresie \u015bwi\u0105t?","description":"Ile wydajemy na reklam\u0119 na Facebooku w Black Friday i w okresie \u015bwi\u0105t? Sprawdzili\u015bmy, jak zmieniaj\u0105 si\u0119 wydatki reklamowe w ostatnim kwartale roku.","robots":{"index":"index","follow":"follow","max-snippet":"max-snippet:-1","max-image-preview":"max-image-preview:large","max-video-preview":"max-video-preview:-1"},"canonical":"https:\/\/www.sotrender.com\/blog\/pl\/2021\/11\/wydatki-na-reklame-na-facebooku-w-black-friday-swieta-analiza\/","og_locale":"pl_PL","og_type":"article","og_title":"Ile wydajemy na reklam\u0119 na Facebooku w Black Friday i w okresie \u015bwi\u0105t?","og_description":"Ile wydajemy na reklam\u0119 na Facebooku w Black Friday i w okresie \u015bwi\u0105t? Sprawdzili\u015bmy, jak zmieniaj\u0105 si\u0119 wydatki reklamowe w ostatnim kwartale roku.","og_url":"https:\/\/www.sotrender.com\/blog\/pl\/2021\/11\/wydatki-na-reklame-na-facebooku-w-black-friday-swieta-analiza\/","og_site_name":"Sotrender Blog","article_publisher":"https:\/\/www.facebook.com\/Sotrender","article_published_time":"2021-11-16T12:36:58+00:00","article_modified_time":"2021-11-17T15:12:31+00:00","og_image":[{"width":2200,"height":1467,"url":"https:\/\/www.sotrender.com\/blog\/wp-content\/uploads\/2021\/11\/pexels-anastasia-shuraeva-5704410.jpg","type":"image\/jpeg"}],"author":"Marta Bongilaj","twitter_card":"summary_large_image","twitter_creator":"@Sotrender","twitter_site":"@Sotrender","twitter_misc":{"Written by":"Marta Bongilaj","Est. reading time":"6 minutes"},"schema":{"@context":"https:\/\/schema.org","@graph":[{"@type":"WebPage","@id":"https:\/\/www.sotrender.com\/blog\/pl\/2021\/11\/wydatki-na-reklame-na-facebooku-w-black-friday-swieta-analiza\/","url":"https:\/\/www.sotrender.com\/blog\/pl\/2021\/11\/wydatki-na-reklame-na-facebooku-w-black-friday-swieta-analiza\/","name":"Ile wydajemy na reklam\u0119 na Facebooku w Black Friday i w okresie \u015bwi\u0105t?","isPartOf":{"@id":"https:\/\/www.sotrender.com\/blog\/#website"},"primaryImageOfPage":{"@id":"https:\/\/www.sotrender.com\/blog\/pl\/2021\/11\/wydatki-na-reklame-na-facebooku-w-black-friday-swieta-analiza\/#primaryimage"},"image":{"@id":"https:\/\/www.sotrender.com\/blog\/pl\/2021\/11\/wydatki-na-reklame-na-facebooku-w-black-friday-swieta-analiza\/#primaryimage"},"thumbnailUrl":"https:\/\/www.sotrender.com\/blog\/wp-content\/uploads\/2021\/11\/pexels-anastasia-shuraeva-5704410.jpg","datePublished":"2021-11-16T12:36:58+00:00","dateModified":"2021-11-17T15:12:31+00:00","author":{"@id":"https:\/\/www.sotrender.com\/blog\/#\/schema\/person\/7ef66e02c50604f5f3f1affc225398a5"},"description":"Ile wydajemy na reklam\u0119 na Facebooku w Black Friday i w okresie \u015bwi\u0105t? Sprawdzili\u015bmy, jak zmieniaj\u0105 si\u0119 wydatki reklamowe w ostatnim kwartale roku.","breadcrumb":{"@id":"https:\/\/www.sotrender.com\/blog\/pl\/2021\/11\/wydatki-na-reklame-na-facebooku-w-black-friday-swieta-analiza\/#breadcrumb"},"inLanguage":"pl-PL","potentialAction":[{"@type":"ReadAction","target":["https:\/\/www.sotrender.com\/blog\/pl\/2021\/11\/wydatki-na-reklame-na-facebooku-w-black-friday-swieta-analiza\/"]}]},{"@type":"ImageObject","inLanguage":"pl-PL","@id":"https:\/\/www.sotrender.com\/blog\/pl\/2021\/11\/wydatki-na-reklame-na-facebooku-w-black-friday-swieta-analiza\/#primaryimage","url":"https:\/\/www.sotrender.com\/blog\/wp-content\/uploads\/2021\/11\/pexels-anastasia-shuraeva-5704410.jpg","contentUrl":"https:\/\/www.sotrender.com\/blog\/wp-content\/uploads\/2021\/11\/pexels-anastasia-shuraeva-5704410.jpg","width":2200,"height":1467},{"@type":"BreadcrumbList","@id":"https:\/\/www.sotrender.com\/blog\/pl\/2021\/11\/wydatki-na-reklame-na-facebooku-w-black-friday-swieta-analiza\/#breadcrumb","itemListElement":[{"@type":"ListItem","position":1,"name":"Home","item":"https:\/\/www.sotrender.com\/blog\/"},{"@type":"ListItem","position":2,"name":"Ile wydajemy na reklam\u0119 na Facebooku w Black Friday i w okresie \u015bwi\u0105t? [analiza]"}]},{"@type":"WebSite","@id":"https:\/\/www.sotrender.com\/blog\/#website","url":"https:\/\/www.sotrender.com\/blog\/","name":"Sotrender Blog","description":"","potentialAction":[{"@type":"SearchAction","target":{"@type":"EntryPoint","urlTemplate":"https:\/\/www.sotrender.com\/blog\/?s={search_term_string}"},"query-input":"required name=search_term_string"}],"inLanguage":"pl-PL"},{"@type":"Person","@id":"https:\/\/www.sotrender.com\/blog\/#\/schema\/person\/7ef66e02c50604f5f3f1affc225398a5","name":"Marta Bongilaj","image":{"@type":"ImageObject","inLanguage":"pl-PL","@id":"https:\/\/www.sotrender.com\/blog\/#\/schema\/person\/image\/","url":"https:\/\/secure.gravatar.com\/avatar\/0799dc0381a0207d8370bd44a9c21665?s=96&d=mm&r=g","contentUrl":"https:\/\/secure.gravatar.com\/avatar\/0799dc0381a0207d8370bd44a9c21665?s=96&d=mm&r=g","caption":"Marta Bongilaj"},"description":"Content marketer developing her passion for writing from her youngest years. Loves playing with words. Beyond that, a real dog enthusiast and a happy owner of one.","url":"https:\/\/www.sotrender.com\/blog\/pl\/author\/marta_bongilaj\/"}]}},"_links":{"self":[{"href":"https:\/\/www.sotrender.com\/blog\/pl\/wp-json\/wp\/v2\/posts\/43625"}],"collection":[{"href":"https:\/\/www.sotrender.com\/blog\/pl\/wp-json\/wp\/v2\/posts"}],"about":[{"href":"https:\/\/www.sotrender.com\/blog\/pl\/wp-json\/wp\/v2\/types\/post"}],"author":[{"embeddable":true,"href":"https:\/\/www.sotrender.com\/blog\/pl\/wp-json\/wp\/v2\/users\/211"}],"replies":[{"embeddable":true,"href":"https:\/\/www.sotrender.com\/blog\/pl\/wp-json\/wp\/v2\/comments?post=43625"}],"version-history":[{"count":14,"href":"https:\/\/www.sotrender.com\/blog\/pl\/wp-json\/wp\/v2\/posts\/43625\/revisions"}],"predecessor-version":[{"id":43671,"href":"https:\/\/www.sotrender.com\/blog\/pl\/wp-json\/wp\/v2\/posts\/43625\/revisions\/43671"}],"wp:featuredmedia":[{"embeddable":true,"href":"https:\/\/www.sotrender.com\/blog\/pl\/wp-json\/wp\/v2\/media\/43627"}],"wp:attachment":[{"href":"https:\/\/www.sotrender.com\/blog\/pl\/wp-json\/wp\/v2\/media?parent=43625"}],"wp:term":[{"taxonomy":"category","embeddable":true,"href":"https:\/\/www.sotrender.com\/blog\/pl\/wp-json\/wp\/v2\/categories?post=43625"},{"taxonomy":"post_tag","embeddable":true,"href":"https:\/\/www.sotrender.com\/blog\/pl\/wp-json\/wp\/v2\/tags?post=43625"}],"curies":[{"name":"wp","href":"https:\/\/api.w.org\/{rel}","templated":true}]}}