{"id":43551,"date":"2021-10-28T14:07:07","date_gmt":"2021-10-28T12:07:07","guid":{"rendered":"https:\/\/www.sotrender.com\/blog\/?p=43551\/"},"modified":"2021-10-28T14:12:34","modified_gmt":"2021-10-28T12:12:34","slug":"facebook-trends-wrzesien-2021-najlepsi-z-najlepszych","status":"publish","type":"post","link":"https:\/\/www.sotrender.com\/blog\/pl\/2021\/10\/facebook-trends-wrzesien-2021-najlepsi-z-najlepszych\/","title":{"rendered":"Facebook Trends wrzesie\u0144 2021 \u2013 najlepsi z najlepszych"},"content":{"rendered":"<p><span style=\"font-weight: 400;\">Ci, kt\u00f3rzy w napi\u0119ciu wyczekiwali wrze\u015bniowego raportu, mog\u0105 odetchn\u0105\u0107 z ulg\u0105. Najwi\u0119ksze profile pozostaj\u0105 na topowych pozycjach, a najbardziej anga\u017cuj\u0105ce tre\u015bci nadal nale\u017c\u0105 do ulubionego pi\u0142karza Polak\u00f3w.\u00a0<\/span><\/p>\n<p><!--more--><\/p>\n<p><span style=\"font-weight: 400;\">O czym jeszcze by\u0142o na Facebooku g\u0142o\u015bno? Prze\u015bled\u017a z nami <\/span><strong><a href=\"https:\/\/www.sotrender.com\/trends\/facebook\/poland\/202109\">wrze\u015bniowy raport Facebook Trends<\/a><\/strong><span style=\"font-weight: 400;\">.<\/span><\/p>\n<p><span style=\"font-weight: 400;\">Wiesz, \u017ce od niedawna w Sotrenderze mo\u017cliwe jest te\u017c analizowanie i raportowanie p\u0142atnych kampanii na Facebooku i Instagramie? <\/span><a href=\"https:\/\/www.sotrender.com\/blog\/pl\/2021\/10\/sotrender-ads-raporty-z-reklamy-na-facebooku\/\"><strong>Z tekstu na naszym blogu<\/strong><\/a><span style=\"font-weight: 400;\"> dowiesz si\u0119, jak Sotrender Ads usprawni Twoj\u0105 prac\u0119 i pozwoli tworzy\u0107 raporty z reklam w zaledwie 60 sekund. <\/span><\/p>\n<h2><strong>Lewandowski ze z\u0142otym butem<\/strong><\/h2>\n<p><span style=\"font-weight: 400;\">Post, kt\u00f3ry we wrze\u015bniu zdoby\u0142 na Facebooku najwi\u0119ksze zaanga\u017cowanie, nale\u017ca\u0142 do kr\u00f3la polskiego footballu. Robert Lewandowski, przy okazji otrzymania Europejskiego Z\u0142otego Buta, czyli nagrody dla najlepszego strzelca UEFA, podzi\u0119kowa\u0142\u00a0za wsparcie rodzinie, dru\u017cynie, mentorom oraz wszystkim fanom <\/span><span style=\"font-weight: 400;\">\u2013 a ci nie <\/span><span style=\"font-weight: 400;\">pozostali d\u0142u\u017cni. Post zdoby\u0142 a\u017c 575K reakcji.<\/span><\/p>\n<div id=\"attachment_43567\" style=\"width: 770px\" class=\"wp-caption aligncenter\"><img loading=\"lazy\" decoding=\"async\" aria-describedby=\"caption-attachment-43567\" class=\" wp-image-43567\" src=\"https:\/\/www.sotrender.com\/blog\/wp-content\/uploads\/2021\/10\/Najlepsze-posty-Polskoje\u0328zyczne-Facebook-wrzesien\u0301-2021.png\" alt=\"wrzesie\u0144 facebook najlepsze posty\" width=\"760\" height=\"370\" srcset=\"https:\/\/www.sotrender.com\/blog\/wp-content\/uploads\/2021\/10\/Najlepsze-posty-Polskoje\u0328zyczne-Facebook-wrzesien\u0301-2021.png 1930w, https:\/\/www.sotrender.com\/blog\/wp-content\/uploads\/2021\/10\/Najlepsze-posty-Polskoje\u0328zyczne-Facebook-wrzesien\u0301-2021-475x231.png 475w, https:\/\/www.sotrender.com\/blog\/wp-content\/uploads\/2021\/10\/Najlepsze-posty-Polskoje\u0328zyczne-Facebook-wrzesien\u0301-2021-768x374.png 768w, https:\/\/www.sotrender.com\/blog\/wp-content\/uploads\/2021\/10\/Najlepsze-posty-Polskoje\u0328zyczne-Facebook-wrzesien\u0301-2021-950x463.png 950w\" sizes=\"(max-width: 760px) 100vw, 760px\" \/><p id=\"caption-attachment-43567\" class=\"wp-caption-text\">Najlepsze posty, Polskoj\u0119zyczne | Facebook, wrzesie\u0144 2021<\/p><\/div>\n<p><span style=\"font-weight: 400;\">W TOP3, obok Lewandowskiego, uplasowa\u0142 si\u0119 post Kabaretu na \u017cywo, kt\u00f3ry udowadnia, \u017ce Polacy uwielbiaj\u0105 ten rodzaj rozrywki. Tym bardziej, je\u015bli przedmiotem dobrego humoru jest polityka, budz\u0105ca na co dzie\u0144 wiele emocji. Post z improwizowan\u0105 rozmow\u0105 z popularnej gry Milionerzy, w kt\u00f3rej gracz pyta przyjaciela (jak si\u0119 okazuje, Mateusza Morawieckiego) o koszt bochenka chleba, zdoby\u0142 ponad 36K reakcji i 29K udost\u0119pnie\u0144.<\/span><\/p>\n<p><iframe loading=\"lazy\" style=\"border: none; overflow: hidden;\" src=\"https:\/\/www.facebook.com\/plugins\/video.php?height=314&amp;href=https%3A%2F%2Fwww.facebook.com%2Fkabaretnazywo%2Fvideos%2F372877324479633%2F&amp;show_text=false&amp;width=560&amp;t=0\" width=\"560\" height=\"314\" frameborder=\"0\" scrolling=\"no\" allowfullscreen=\"allowfullscreen\"><\/iframe><\/p>\n<h2><strong>Ronaldo polskiej opery<\/strong><\/h2>\n<p><span style=\"font-weight: 400;\">By\u0142 Lewandowski, jest i Ronaldo. Bo w\u0142a\u015bnie tak zosta\u0142 okrzykni\u0119ty utalentowany 10-latek, kt\u00f3ry we wrze\u015bniu wyst\u0105pi\u0142 na scenie Mam Talent, wykonuj\u0105c znany operowy utw\u00f3r. Niezwyk\u0142y talent m\u0142odego Filipa zosta\u0142\u00a0szybko dostrze\u017cony przez internaut\u00f3w <\/span><span style=\"font-weight: 400;\">\u2013 <\/span><a href=\"https:\/\/fb.watch\/8UX5VUM9tJ\/\"><span style=\"font-weight: 400;\"><strong>post z wideo<\/strong><\/span><\/a><span style=\"font-weight: 400;\"> z wyst\u0119pu zdoby\u0142 34K reakcji, co prze\u0142o\u017cy\u0142o si\u0119 na awans Mam Talent TVN w rankingu profili o najwi\u0119kszym zaanga\u017cowaniu o 237 pozycji.<\/span><\/p>\n<div id=\"attachment_43555\" style=\"width: 838px\" class=\"wp-caption aligncenter\"><img loading=\"lazy\" decoding=\"async\" aria-describedby=\"caption-attachment-43555\" class=\"wp-image-43555 size-full\" src=\"https:\/\/www.sotrender.com\/blog\/wp-content\/uploads\/2021\/10\/Zrzut-ekranu-2021-10-27-o-13.16.30.png\" alt=\"\" width=\"828\" height=\"212\" srcset=\"https:\/\/www.sotrender.com\/blog\/wp-content\/uploads\/2021\/10\/Zrzut-ekranu-2021-10-27-o-13.16.30.png 828w, https:\/\/www.sotrender.com\/blog\/wp-content\/uploads\/2021\/10\/Zrzut-ekranu-2021-10-27-o-13.16.30-475x122.png 475w, https:\/\/www.sotrender.com\/blog\/wp-content\/uploads\/2021\/10\/Zrzut-ekranu-2021-10-27-o-13.16.30-768x197.png 768w\" sizes=\"(max-width: 828px) 100vw, 828px\" \/><p id=\"caption-attachment-43555\" class=\"wp-caption-text\">Profile o najwi\u0119kszym zaanga\u017cowaniu, Kultura i sztuka | Facebook, wrzesie\u0144 2021<\/p><\/div>\n<h2><strong>Dziewuchy dziewuchom i dobre wie\u015bci z Europy<\/strong><\/h2>\n<p><span style=\"font-weight: 400;\">We wrze\u015bniu tak\u017ce profil Dziewuchy dziewuchom odnotowa\u0142 spory wzrost zaanga\u017cowania i awans w rankingu Aktywnych u\u017cytkownik\u00f3w o 115 pozycji.\u00a0<\/span><\/p>\n<div id=\"attachment_43557\" style=\"width: 848px\" class=\"wp-caption aligncenter\"><img loading=\"lazy\" decoding=\"async\" aria-describedby=\"caption-attachment-43557\" class=\"wp-image-43557 size-full\" src=\"https:\/\/www.sotrender.com\/blog\/wp-content\/uploads\/2021\/10\/Zrzut-ekranu-2021-10-27-o-13.18.37.png\" alt=\"\" width=\"838\" height=\"215\" srcset=\"https:\/\/www.sotrender.com\/blog\/wp-content\/uploads\/2021\/10\/Zrzut-ekranu-2021-10-27-o-13.18.37.png 838w, https:\/\/www.sotrender.com\/blog\/wp-content\/uploads\/2021\/10\/Zrzut-ekranu-2021-10-27-o-13.18.37-475x122.png 475w, https:\/\/www.sotrender.com\/blog\/wp-content\/uploads\/2021\/10\/Zrzut-ekranu-2021-10-27-o-13.18.37-768x197.png 768w\" sizes=\"(max-width: 838px) 100vw, 838px\" \/><p id=\"caption-attachment-43557\" class=\"wp-caption-text\">Profile o najwi\u0119kszym zaanga\u017cowaniu, NGO i organizacje pozarz\u0105dowe | Facebook, wrzesie\u0144 2021<\/p><\/div>\n<p><span style=\"font-weight: 400;\">We wrze\u015bniu <\/span><i><span style=\"font-weight: 400;\">Dziewuchy <\/span><\/i><span style=\"font-weight: 400;\">dzieli\u0142y si\u0119 mi\u0119dzy innymi dobrymi wie\u015bciami ze Szwajcarii, kt\u00f3ra zosta\u0142a 30. krajem na \u015bwiecie z r\u00f3wno\u015bci\u0105 ma\u0142\u017ce\u0144sk\u0105, a pod <\/span><a href=\"https:\/\/www.facebook.com\/dziewuchydziewuchom\/posts\/6137353206339643\"><span style=\"font-weight: 400;\"><strong>postem<\/strong><\/span><\/a><span style=\"font-weight: 400;\"> pojawi\u0142o si\u0119 ponad 1.7K reakcji.<\/span><\/p>\n<p><span style=\"font-weight: 400;\">Innym anga\u017cuj\u0105cym <\/span><a href=\"https:\/\/www.facebook.com\/aborcyjnydreamteam\/photos\/a.2227948047429563\/3764640270426992\/\"><span style=\"font-weight: 400;\"><strong>postem<\/strong><\/span><\/a><span style=\"font-weight: 400;\"> na profilu by\u0142a informacja o przekazaniu przez belgijski rz\u0105d wsparcia finansowego dla Polek, kt\u00f3re musz\u0105 wyjecha\u0107 z kraju, aby uzyska\u0107 dost\u0119p do aborcji. Takie wiadomo\u015bci, w kontek\u015bcie obecnej sytuacji politycznej w Polsce, spotka\u0142y si\u0119 z bardzo entuzjastycznym odbiorem i prze\u0142o\u017cy\u0142y na wi\u0119ksze zaanga\u017cowanie na\u00a0profilu.<\/span><\/p>\n<p><span style=\"font-weight: 400;\">To ju\u017c wszystko, je\u015bli chodzi o wrzesie\u0144 na Facebooku. Zach\u0119camy Was do sprawdzenia ca\u0142ego <strong><a href=\"https:\/\/www.sotrender.com\/trends\/facebook\/poland\/202109\">raportu Facebook Trends<\/a><\/strong>!<\/span><\/p>\n","protected":false},"excerpt":{"rendered":"<p>Ci, kt\u00f3rzy w napi\u0119ciu wyczekiwali wrze\u015bniowego raportu, mog\u0105 odetchn\u0105\u0107 z ulg\u0105. Najwi\u0119ksze profile pozostaj\u0105 na topowych pozycjach, a najbardziej anga\u017cuj\u0105ce tre\u015bci nadal nale\u017c\u0105 do ulubionego pi\u0142karza Polak\u00f3w.\u00a0<\/p>\n","protected":false},"author":211,"featured_media":43577,"comment_status":"open","ping_status":"open","sticky":false,"template":"","format":"standard","meta":{"inline_featured_image":false,"footnotes":""},"categories":[1793,1797,2125,2275],"tags":[2307],"yoast_head":"<!-- This site is optimized with the Yoast SEO plugin v22.4 - https:\/\/yoast.com\/wordpress\/plugins\/seo\/ -->\n<title>Facebook Trends wrzesie\u0144 2021 \u2013 najlepsi z najlepszych<\/title>\n<meta name=\"description\" content=\"Jakie tre\u015bci by\u0142y najpopularniejsze na Facebooku we wrze\u015bniu oraz jak prze\u0142o\u017cy\u0142o si\u0119 to na rankingi profili w mediach spo\u0142eczno\u015bciowych?\" \/>\n<meta name=\"robots\" content=\"index, follow, max-snippet:-1, max-image-preview:large, max-video-preview:-1\" \/>\n<link rel=\"canonical\" href=\"https:\/\/www.sotrender.com\/blog\/pl\/2021\/10\/facebook-trends-wrzesien-2021-najlepsi-z-najlepszych\/\" \/>\n<meta property=\"og:locale\" content=\"pl_PL\" \/>\n<meta property=\"og:type\" content=\"article\" \/>\n<meta property=\"og:title\" content=\"Facebook Trends wrzesie\u0144 2021 \u2013 najlepsi z najlepszych\" \/>\n<meta property=\"og:description\" content=\"Jakie tre\u015bci by\u0142y najpopularniejsze na Facebooku we wrze\u015bniu oraz jak prze\u0142o\u017cy\u0142o si\u0119 to na rankingi profili w mediach spo\u0142eczno\u015bciowych?\" \/>\n<meta property=\"og:url\" content=\"https:\/\/www.sotrender.com\/blog\/pl\/2021\/10\/facebook-trends-wrzesien-2021-najlepsi-z-najlepszych\/\" \/>\n<meta property=\"og:site_name\" content=\"Sotrender Blog\" \/>\n<meta property=\"article:publisher\" content=\"https:\/\/www.facebook.com\/Sotrender\" \/>\n<meta property=\"article:published_time\" content=\"2021-10-28T12:07:07+00:00\" \/>\n<meta property=\"article:modified_time\" content=\"2021-10-28T12:12:34+00:00\" \/>\n<meta property=\"og:image\" content=\"https:\/\/www.sotrender.com\/blog\/wp-content\/uploads\/2021\/10\/hand-person.jpg\" \/>\n\t<meta property=\"og:image:width\" content=\"1904\" \/>\n\t<meta property=\"og:image:height\" content=\"1028\" \/>\n\t<meta property=\"og:image:type\" content=\"image\/jpeg\" \/>\n<meta name=\"author\" content=\"Marta Bongilaj\" \/>\n<meta name=\"twitter:card\" content=\"summary_large_image\" \/>\n<meta name=\"twitter:creator\" content=\"@Sotrender\" \/>\n<meta name=\"twitter:site\" content=\"@Sotrender\" \/>\n<meta name=\"twitter:label1\" content=\"Written by\" \/>\n\t<meta name=\"twitter:data1\" content=\"Marta Bongilaj\" \/>\n\t<meta name=\"twitter:label2\" content=\"Est. reading time\" \/>\n\t<meta name=\"twitter:data2\" content=\"3 minutes\" \/>\n<script type=\"application\/ld+json\" class=\"yoast-schema-graph\">{\"@context\":\"https:\/\/schema.org\",\"@graph\":[{\"@type\":\"WebPage\",\"@id\":\"https:\/\/www.sotrender.com\/blog\/pl\/2021\/10\/facebook-trends-wrzesien-2021-najlepsi-z-najlepszych\/\",\"url\":\"https:\/\/www.sotrender.com\/blog\/pl\/2021\/10\/facebook-trends-wrzesien-2021-najlepsi-z-najlepszych\/\",\"name\":\"Facebook Trends wrzesie\u0144 2021 \u2013 najlepsi z najlepszych\",\"isPartOf\":{\"@id\":\"https:\/\/www.sotrender.com\/blog\/#website\"},\"primaryImageOfPage\":{\"@id\":\"https:\/\/www.sotrender.com\/blog\/pl\/2021\/10\/facebook-trends-wrzesien-2021-najlepsi-z-najlepszych\/#primaryimage\"},\"image\":{\"@id\":\"https:\/\/www.sotrender.com\/blog\/pl\/2021\/10\/facebook-trends-wrzesien-2021-najlepsi-z-najlepszych\/#primaryimage\"},\"thumbnailUrl\":\"https:\/\/www.sotrender.com\/blog\/wp-content\/uploads\/2021\/10\/hand-person.jpg\",\"datePublished\":\"2021-10-28T12:07:07+00:00\",\"dateModified\":\"2021-10-28T12:12:34+00:00\",\"author\":{\"@id\":\"https:\/\/www.sotrender.com\/blog\/#\/schema\/person\/7ef66e02c50604f5f3f1affc225398a5\"},\"description\":\"Jakie tre\u015bci by\u0142y najpopularniejsze na Facebooku we wrze\u015bniu oraz jak prze\u0142o\u017cy\u0142o si\u0119 to na rankingi profili w mediach spo\u0142eczno\u015bciowych?\",\"breadcrumb\":{\"@id\":\"https:\/\/www.sotrender.com\/blog\/pl\/2021\/10\/facebook-trends-wrzesien-2021-najlepsi-z-najlepszych\/#breadcrumb\"},\"inLanguage\":\"pl-PL\",\"potentialAction\":[{\"@type\":\"ReadAction\",\"target\":[\"https:\/\/www.sotrender.com\/blog\/pl\/2021\/10\/facebook-trends-wrzesien-2021-najlepsi-z-najlepszych\/\"]}]},{\"@type\":\"ImageObject\",\"inLanguage\":\"pl-PL\",\"@id\":\"https:\/\/www.sotrender.com\/blog\/pl\/2021\/10\/facebook-trends-wrzesien-2021-najlepsi-z-najlepszych\/#primaryimage\",\"url\":\"https:\/\/www.sotrender.com\/blog\/wp-content\/uploads\/2021\/10\/hand-person.jpg\",\"contentUrl\":\"https:\/\/www.sotrender.com\/blog\/wp-content\/uploads\/2021\/10\/hand-person.jpg\",\"width\":1904,\"height\":1028},{\"@type\":\"BreadcrumbList\",\"@id\":\"https:\/\/www.sotrender.com\/blog\/pl\/2021\/10\/facebook-trends-wrzesien-2021-najlepsi-z-najlepszych\/#breadcrumb\",\"itemListElement\":[{\"@type\":\"ListItem\",\"position\":1,\"name\":\"Home\",\"item\":\"https:\/\/www.sotrender.com\/blog\/\"},{\"@type\":\"ListItem\",\"position\":2,\"name\":\"Facebook Trends wrzesie\u0144 2021 \u2013 najlepsi z najlepszych\"}]},{\"@type\":\"WebSite\",\"@id\":\"https:\/\/www.sotrender.com\/blog\/#website\",\"url\":\"https:\/\/www.sotrender.com\/blog\/\",\"name\":\"Sotrender Blog\",\"description\":\"\",\"potentialAction\":[{\"@type\":\"SearchAction\",\"target\":{\"@type\":\"EntryPoint\",\"urlTemplate\":\"https:\/\/www.sotrender.com\/blog\/?s={search_term_string}\"},\"query-input\":\"required name=search_term_string\"}],\"inLanguage\":\"pl-PL\"},{\"@type\":\"Person\",\"@id\":\"https:\/\/www.sotrender.com\/blog\/#\/schema\/person\/7ef66e02c50604f5f3f1affc225398a5\",\"name\":\"Marta Bongilaj\",\"image\":{\"@type\":\"ImageObject\",\"inLanguage\":\"pl-PL\",\"@id\":\"https:\/\/www.sotrender.com\/blog\/#\/schema\/person\/image\/\",\"url\":\"https:\/\/secure.gravatar.com\/avatar\/0799dc0381a0207d8370bd44a9c21665?s=96&d=mm&r=g\",\"contentUrl\":\"https:\/\/secure.gravatar.com\/avatar\/0799dc0381a0207d8370bd44a9c21665?s=96&d=mm&r=g\",\"caption\":\"Marta Bongilaj\"},\"description\":\"Content marketer developing her passion for writing from her youngest years. Loves playing with words. Beyond that, a real dog enthusiast and a happy owner of one.\",\"url\":\"https:\/\/www.sotrender.com\/blog\/pl\/author\/marta_bongilaj\/\"}]}<\/script>\n<!-- \/ Yoast SEO plugin. -->","yoast_head_json":{"title":"Facebook Trends wrzesie\u0144 2021 \u2013 najlepsi z najlepszych","description":"Jakie tre\u015bci by\u0142y najpopularniejsze na Facebooku we wrze\u015bniu oraz jak prze\u0142o\u017cy\u0142o si\u0119 to na rankingi profili w mediach spo\u0142eczno\u015bciowych?","robots":{"index":"index","follow":"follow","max-snippet":"max-snippet:-1","max-image-preview":"max-image-preview:large","max-video-preview":"max-video-preview:-1"},"canonical":"https:\/\/www.sotrender.com\/blog\/pl\/2021\/10\/facebook-trends-wrzesien-2021-najlepsi-z-najlepszych\/","og_locale":"pl_PL","og_type":"article","og_title":"Facebook Trends wrzesie\u0144 2021 \u2013 najlepsi z najlepszych","og_description":"Jakie tre\u015bci by\u0142y najpopularniejsze na Facebooku we wrze\u015bniu oraz jak prze\u0142o\u017cy\u0142o si\u0119 to na rankingi profili w mediach spo\u0142eczno\u015bciowych?","og_url":"https:\/\/www.sotrender.com\/blog\/pl\/2021\/10\/facebook-trends-wrzesien-2021-najlepsi-z-najlepszych\/","og_site_name":"Sotrender Blog","article_publisher":"https:\/\/www.facebook.com\/Sotrender","article_published_time":"2021-10-28T12:07:07+00:00","article_modified_time":"2021-10-28T12:12:34+00:00","og_image":[{"width":1904,"height":1028,"url":"https:\/\/www.sotrender.com\/blog\/wp-content\/uploads\/2021\/10\/hand-person.jpg","type":"image\/jpeg"}],"author":"Marta Bongilaj","twitter_card":"summary_large_image","twitter_creator":"@Sotrender","twitter_site":"@Sotrender","twitter_misc":{"Written by":"Marta Bongilaj","Est. reading time":"3 minutes"},"schema":{"@context":"https:\/\/schema.org","@graph":[{"@type":"WebPage","@id":"https:\/\/www.sotrender.com\/blog\/pl\/2021\/10\/facebook-trends-wrzesien-2021-najlepsi-z-najlepszych\/","url":"https:\/\/www.sotrender.com\/blog\/pl\/2021\/10\/facebook-trends-wrzesien-2021-najlepsi-z-najlepszych\/","name":"Facebook Trends wrzesie\u0144 2021 \u2013 najlepsi z najlepszych","isPartOf":{"@id":"https:\/\/www.sotrender.com\/blog\/#website"},"primaryImageOfPage":{"@id":"https:\/\/www.sotrender.com\/blog\/pl\/2021\/10\/facebook-trends-wrzesien-2021-najlepsi-z-najlepszych\/#primaryimage"},"image":{"@id":"https:\/\/www.sotrender.com\/blog\/pl\/2021\/10\/facebook-trends-wrzesien-2021-najlepsi-z-najlepszych\/#primaryimage"},"thumbnailUrl":"https:\/\/www.sotrender.com\/blog\/wp-content\/uploads\/2021\/10\/hand-person.jpg","datePublished":"2021-10-28T12:07:07+00:00","dateModified":"2021-10-28T12:12:34+00:00","author":{"@id":"https:\/\/www.sotrender.com\/blog\/#\/schema\/person\/7ef66e02c50604f5f3f1affc225398a5"},"description":"Jakie tre\u015bci by\u0142y najpopularniejsze na Facebooku we wrze\u015bniu oraz jak prze\u0142o\u017cy\u0142o si\u0119 to na rankingi profili w mediach spo\u0142eczno\u015bciowych?","breadcrumb":{"@id":"https:\/\/www.sotrender.com\/blog\/pl\/2021\/10\/facebook-trends-wrzesien-2021-najlepsi-z-najlepszych\/#breadcrumb"},"inLanguage":"pl-PL","potentialAction":[{"@type":"ReadAction","target":["https:\/\/www.sotrender.com\/blog\/pl\/2021\/10\/facebook-trends-wrzesien-2021-najlepsi-z-najlepszych\/"]}]},{"@type":"ImageObject","inLanguage":"pl-PL","@id":"https:\/\/www.sotrender.com\/blog\/pl\/2021\/10\/facebook-trends-wrzesien-2021-najlepsi-z-najlepszych\/#primaryimage","url":"https:\/\/www.sotrender.com\/blog\/wp-content\/uploads\/2021\/10\/hand-person.jpg","contentUrl":"https:\/\/www.sotrender.com\/blog\/wp-content\/uploads\/2021\/10\/hand-person.jpg","width":1904,"height":1028},{"@type":"BreadcrumbList","@id":"https:\/\/www.sotrender.com\/blog\/pl\/2021\/10\/facebook-trends-wrzesien-2021-najlepsi-z-najlepszych\/#breadcrumb","itemListElement":[{"@type":"ListItem","position":1,"name":"Home","item":"https:\/\/www.sotrender.com\/blog\/"},{"@type":"ListItem","position":2,"name":"Facebook Trends wrzesie\u0144 2021 \u2013 najlepsi z najlepszych"}]},{"@type":"WebSite","@id":"https:\/\/www.sotrender.com\/blog\/#website","url":"https:\/\/www.sotrender.com\/blog\/","name":"Sotrender Blog","description":"","potentialAction":[{"@type":"SearchAction","target":{"@type":"EntryPoint","urlTemplate":"https:\/\/www.sotrender.com\/blog\/?s={search_term_string}"},"query-input":"required name=search_term_string"}],"inLanguage":"pl-PL"},{"@type":"Person","@id":"https:\/\/www.sotrender.com\/blog\/#\/schema\/person\/7ef66e02c50604f5f3f1affc225398a5","name":"Marta Bongilaj","image":{"@type":"ImageObject","inLanguage":"pl-PL","@id":"https:\/\/www.sotrender.com\/blog\/#\/schema\/person\/image\/","url":"https:\/\/secure.gravatar.com\/avatar\/0799dc0381a0207d8370bd44a9c21665?s=96&d=mm&r=g","contentUrl":"https:\/\/secure.gravatar.com\/avatar\/0799dc0381a0207d8370bd44a9c21665?s=96&d=mm&r=g","caption":"Marta Bongilaj"},"description":"Content marketer developing her passion for writing from her youngest years. Loves playing with words. Beyond that, a real dog enthusiast and a happy owner of one.","url":"https:\/\/www.sotrender.com\/blog\/pl\/author\/marta_bongilaj\/"}]}},"_links":{"self":[{"href":"https:\/\/www.sotrender.com\/blog\/pl\/wp-json\/wp\/v2\/posts\/43551"}],"collection":[{"href":"https:\/\/www.sotrender.com\/blog\/pl\/wp-json\/wp\/v2\/posts"}],"about":[{"href":"https:\/\/www.sotrender.com\/blog\/pl\/wp-json\/wp\/v2\/types\/post"}],"author":[{"embeddable":true,"href":"https:\/\/www.sotrender.com\/blog\/pl\/wp-json\/wp\/v2\/users\/211"}],"replies":[{"embeddable":true,"href":"https:\/\/www.sotrender.com\/blog\/pl\/wp-json\/wp\/v2\/comments?post=43551"}],"version-history":[{"count":11,"href":"https:\/\/www.sotrender.com\/blog\/pl\/wp-json\/wp\/v2\/posts\/43551\/revisions"}],"predecessor-version":[{"id":43591,"href":"https:\/\/www.sotrender.com\/blog\/pl\/wp-json\/wp\/v2\/posts\/43551\/revisions\/43591"}],"wp:featuredmedia":[{"embeddable":true,"href":"https:\/\/www.sotrender.com\/blog\/pl\/wp-json\/wp\/v2\/media\/43577"}],"wp:attachment":[{"href":"https:\/\/www.sotrender.com\/blog\/pl\/wp-json\/wp\/v2\/media?parent=43551"}],"wp:term":[{"taxonomy":"category","embeddable":true,"href":"https:\/\/www.sotrender.com\/blog\/pl\/wp-json\/wp\/v2\/categories?post=43551"},{"taxonomy":"post_tag","embeddable":true,"href":"https:\/\/www.sotrender.com\/blog\/pl\/wp-json\/wp\/v2\/tags?post=43551"}],"curies":[{"name":"wp","href":"https:\/\/api.w.org\/{rel}","templated":true}]}}