{"id":43187,"date":"2021-09-08T15:10:56","date_gmt":"2021-09-08T13:10:56","guid":{"rendered":"https:\/\/www.sotrender.com\/blog\/?p=43187\/"},"modified":"2021-09-09T08:59:21","modified_gmt":"2021-09-09T06:59:21","slug":"facebook-trends-sierpien-2021-sierpniowe-virale","status":"publish","type":"post","link":"https:\/\/www.sotrender.com\/blog\/pl\/2021\/09\/facebook-trends-sierpien-2021-sierpniowe-virale\/","title":{"rendered":"Facebook Trends sierpie\u0144 2021 &#8211; sierpniowe virale"},"content":{"rendered":"<p><span style=\"font-weight: 400;\">To ju\u017c niemal tradycja, \u017ce w naszych comiesi\u0119cznych podsumowaniach cz\u0119sto przewijaj\u0105 si\u0119 tematy zwi\u0105zane ze sportem. Pow\u00f3d jest prosty, s\u0105 to jedne z bardziej anga\u017cuj\u0105cych tre\u015bci. Nie inaczej by\u0142o w sierpniu, kiedy mieli\u015bmy okazj\u0119 \u015bledzi\u0107 zmagania paraolimpijczyk\u00f3w. Polscy sportowcy dostarczyli nam nie tylko masy emocji, ale zdobywali tak\u017ce liczne medale i bili rekordy.\u00a0<\/span><\/p>\n<p><!--more--><\/p>\n<p><span style=\"font-weight: 400;\">Tym razem jednak przyjrzymy si\u0119, jak marki i sklepy komunikowa\u0142y si\u0119 ze swoimi odbiorcami, oraz jakie tre\u015bci publikowane by\u0142y na ich profilach, by zwr\u00f3ci\u0107 uwag\u0119 fan\u00f3w oraz zbudowa\u0107 zaanga\u017cowanie.<\/span><\/p>\n<p><span style=\"font-weight: 400;\">Zapraszamy na sierpniowy raport <a href=\"https:\/\/www.sotrender.com\/trends\/facebook\/poland\/202108\">Facebook Trends<\/a>!<\/span><\/p>\n<h2><strong>Najlepsze posty sierpnia<\/strong><\/h2>\n<p><span style=\"font-weight: 400;\">W\u015br\u00f3d <a href=\"https:\/\/www.sotrender.com\/trends\/facebook\/poland\/202108\/pl_wszystkie#best_posts\">12 najlepszych post\u00f3w sierpnia<\/a> dominowa\u0142a oczywi\u015bcie polityka oraz posty publikowane na profilu Roberta Lewandowskiego. Jednak to dwa inne posty, kt\u00f3re nieco niespodziewanie znalaz\u0142y si\u0119 w TOP12, zwr\u00f3ci\u0142y nasz\u0105 uwag\u0119.\u00a0<\/span><\/p>\n<p><span style=\"font-weight: 400;\">Mowa o po\u015bcie na profilu Sheila, marki odzie\u017cowej, oraz TVN, kt\u00f3re by\u0142y odpowiednio sz\u00f3stym i si\u00f3dmym najlepszym postem na polskim Facebooku w sierpniu.\u00a0<\/span><\/p>\n<p><span style=\"font-weight: 400;\">Na profilu marki Sheila udost\u0119pniono <\/span><a href=\"https:\/\/www.facebook.com\/Sheilaexclusive\/videos\/3039667966280490\"><span style=\"font-weight: 400;\">wideo z TikToka<\/span><\/a><span style=\"font-weight: 400;\">, kt\u00f3ry przedstawia dw\u00f3jk\u0119 dzieci przygotowuj\u0105c\u0105 si\u0119 do wyst\u0119pu tanecznego. Materia\u0142 wzbudzi\u0142 gor\u0105c\u0105 dyskusj\u0119 i ogromne zaanga\u017cowanie. Pod postem odnotowali\u015bmy ponad 85 tys. reakcji, i 20 tys. udost\u0119pnie\u0144, a samo wideo zosta\u0142o wy\u015bwietlone ponad 4 miliony razy.\u00a0<\/span><\/p>\n<p><span style=\"font-weight: 400;\">Z kolei na profilu TVN opublikowano zapowied\u017a nowego sezonu Mam Talent, a dok\u0142adniej wyst\u0119p jednej z uczestniczek, kt\u00f3ra podj\u0119\u0142a si\u0119 za\u015bpiewania utworu O.N.A. Wy\u015bwietlono go ponad 2,5 miliona razy!<\/span><\/p>\n<p><iframe loading=\"lazy\" style=\"border: none; overflow: hidden;\" src=\"https:\/\/www.facebook.com\/plugins\/video.php?height=314&amp;href=https%3A%2F%2Fwww.facebook.com%2Ftvnpl%2Fvideos%2F1498203253848025%2F&amp;show_text=true&amp;width=560&amp;t=0\" width=\"560\" height=\"429\" frameborder=\"0\" scrolling=\"no\" allowfullscreen=\"allowfullscreen\"><\/iframe><br \/>\n<span style=\"font-weight: 400;\">Wideo zosta\u0142o bardzo entuzjastycznie przyj\u0119te przez spo\u0142eczno\u015b\u0107 Facebooka: liczba reakcji zbli\u017cy\u0142a si\u0119 do 75 tys. a liczba udost\u0119pnie\u0144 przekroczy\u0142a 20 tys.\u00a0<\/span><\/p>\n<p><span style=\"font-weight: 400;\">Zesp\u00f3\u0142 TVNu mo\u017ce mie\u0107 z pewno\u015bci\u0105 powody do rado\u015bci. \ud83d\ude09\u00a0<\/span><\/p>\n<h2><strong>Marki FMCG walcz\u0105 o zaanga\u017cowanie\u00a0<\/strong><\/h2>\n<p><span style=\"font-weight: 400;\">Najbardziej anga\u017cuj\u0105cym postem w ca\u0142ej kategorii <a href=\"https:\/\/www.sotrender.com\/trends\/facebook\/poland\/202108\/fmcg#best_posts\">FMCG<\/a> by\u0142 live prowadzony na profilu Eveline Cosmetics przez dwie makija\u017cystki. Mimo du\u017cego zaanga\u017cowania odbiorc\u00f3w, oraz wielu komentarzy i udost\u0119pnie\u0144, profilowi Eveline nie uda\u0142o si\u0119 jednak awansowa\u0107 do TOP20 w \u017cadnym zestawieniu.\u00a0<\/span><\/p>\n<div id=\"attachment_43189\" style=\"width: 807px\" class=\"wp-caption aligncenter\"><img loading=\"lazy\" decoding=\"async\" aria-describedby=\"caption-attachment-43189\" class=\" wp-image-43189\" src=\"https:\/\/www.sotrender.com\/blog\/wp-content\/uploads\/2021\/09\/fmcg-najlepsze-posty-sierpien-2021.png\" alt=\"fmcg konkurs facebook\" width=\"797\" height=\"382\" srcset=\"https:\/\/www.sotrender.com\/blog\/wp-content\/uploads\/2021\/09\/fmcg-najlepsze-posty-sierpien-2021.png 972w, https:\/\/www.sotrender.com\/blog\/wp-content\/uploads\/2021\/09\/fmcg-najlepsze-posty-sierpien-2021-475x228.png 475w, https:\/\/www.sotrender.com\/blog\/wp-content\/uploads\/2021\/09\/fmcg-najlepsze-posty-sierpien-2021-768x368.png 768w, https:\/\/www.sotrender.com\/blog\/wp-content\/uploads\/2021\/09\/fmcg-najlepsze-posty-sierpien-2021-950x455.png 950w\" sizes=\"(max-width: 797px) 100vw, 797px\" \/><p id=\"caption-attachment-43189\" class=\"wp-caption-text\">Najlepsze posty w kategorii <a href=\"https:\/\/www.sotrender.com\/trends\/facebook\/poland\/202108\/fmcg#best_posts\">FMCG<\/a> w sierpniu 2021 na Facebooku<\/p><\/div>\n<p><span style=\"font-weight: 400;\">Popularno\u015bci\u0105 ciesz\u0105 si\u0119 r\u00f3wnie\u017c wci\u0105\u017c konkursy, kt\u00f3rych w sierpniu zorganizowano ca\u0142kiem sporo &#8211; chocia\u017cby na profilu Wyborowa W\u00f3dka czy L&#8217;Or\u00e9al Paris.\u00a0<\/span><\/p>\n<p><span style=\"font-weight: 400;\">Dzia\u0142ania podejmowane na profilu Wyborowej by\u0142y niew\u0105tpliwie skuteczne &#8211; profil awansowa\u0142 bowiem a\u017c o 67 pozycje na wysokie drugie miejsce w zestawieniu <a href=\"https:\/\/www.sotrender.com\/trends\/facebook\/poland\/202108\/fmcg#storytellers\">Zaanga\u017cowania<\/a> w ca\u0142ej kategorii FMCG.<\/span><\/p>\n<div id=\"attachment_43191\" style=\"width: 810px\" class=\"wp-caption aligncenter\"><img loading=\"lazy\" decoding=\"async\" aria-describedby=\"caption-attachment-43191\" class=\" wp-image-43191\" src=\"https:\/\/www.sotrender.com\/blog\/wp-content\/uploads\/2021\/09\/fmcg-sierpien-zaangazowanie-facebook.png\" alt=\"sierpie\u0144 facebook zaanga\u017cowanie fmcg\" width=\"800\" height=\"338\" srcset=\"https:\/\/www.sotrender.com\/blog\/wp-content\/uploads\/2021\/09\/fmcg-sierpien-zaangazowanie-facebook.png 984w, https:\/\/www.sotrender.com\/blog\/wp-content\/uploads\/2021\/09\/fmcg-sierpien-zaangazowanie-facebook-475x201.png 475w, https:\/\/www.sotrender.com\/blog\/wp-content\/uploads\/2021\/09\/fmcg-sierpien-zaangazowanie-facebook-768x325.png 768w, https:\/\/www.sotrender.com\/blog\/wp-content\/uploads\/2021\/09\/fmcg-sierpien-zaangazowanie-facebook-950x402.png 950w\" sizes=\"(max-width: 800px) 100vw, 800px\" \/><p id=\"caption-attachment-43191\" class=\"wp-caption-text\">Profile o najwi\u0119kszym zaanga\u017cowaniu w kategorii <a href=\"https:\/\/www.sotrender.com\/trends\/facebook\/poland\/202108\/fmcg#storytellers\">FMCG<\/a> w sierpniu 2021 na Facebooku<\/p><\/div>\n<p><span style=\"font-weight: 400;\">Konkurs zorganizowano tak\u017ce na profilu SEKO, a jego celem by\u0142o wy\u0142onienie najaktywniejszego fana na profilu marki. Niew\u0105tpliwie cel, jakim by\u0142o zaanga\u017cowanie odbiorc\u00f3w zosta\u0142 osi\u0105gni\u0119ty, bowiem profil SEKO awansowa\u0142 o 220 pozycje na wysokie sz\u00f3ste miejsce, je\u015bli chodzi o \u0142\u0105czn\u0105 liczb\u0119 aktywno\u015bci na profilu.\u00a0<\/span><\/p>\n<div id=\"attachment_43193\" style=\"width: 810px\" class=\"wp-caption aligncenter\"><img loading=\"lazy\" decoding=\"async\" aria-describedby=\"caption-attachment-43193\" class=\" wp-image-43193\" src=\"https:\/\/www.sotrender.com\/blog\/wp-content\/uploads\/2021\/09\/seko-konkurs-facebook.png\" alt=\"seko konkurs zaanga\u017cowanie \" width=\"800\" height=\"269\" srcset=\"https:\/\/www.sotrender.com\/blog\/wp-content\/uploads\/2021\/09\/seko-konkurs-facebook.png 986w, https:\/\/www.sotrender.com\/blog\/wp-content\/uploads\/2021\/09\/seko-konkurs-facebook-475x160.png 475w, https:\/\/www.sotrender.com\/blog\/wp-content\/uploads\/2021\/09\/seko-konkurs-facebook-768x259.png 768w, https:\/\/www.sotrender.com\/blog\/wp-content\/uploads\/2021\/09\/seko-konkurs-facebook-950x320.png 950w\" sizes=\"(max-width: 800px) 100vw, 800px\" \/><p id=\"caption-attachment-43193\" class=\"wp-caption-text\">Profile w kategorii <a href=\"https:\/\/www.sotrender.com\/trends\/facebook\/poland\/202108\/fmcg#engagement\">FMCG<\/a> o najwi\u0119kszej liczbie aktywno\u015bci na profilu w sierpniu 2021 na Facebooku<\/p><\/div>\n<p style=\"text-align: center;\"><!--HubSpot Call-to-Action Code --><span id=\"hs-cta-wrapper-69b8de30-ed20-48e9-b4ab-13bfafb0333b\" class=\"hs-cta-wrapper\"><span id=\"hs-cta-69b8de30-ed20-48e9-b4ab-13bfafb0333b\" class=\"hs-cta-node hs-cta-69b8de30-ed20-48e9-b4ab-13bfafb0333b\"><!-- [if lte IE 8]><\/p>\n\n\n\n\n\n<div id=\"hs-cta-ie-element\"><\/div>\n\n\n<![endif]--><a href=\"https:\/\/cta-redirect.hubspot.com\/cta\/redirect\/3842881\/69b8de30-ed20-48e9-b4ab-13bfafb0333b\" target=\"_blank\" rel=\"noopener\"><img decoding=\"async\" id=\"hs-cta-img-69b8de30-ed20-48e9-b4ab-13bfafb0333b\" class=\"hs-cta-img aligncenter\" style=\"border-width: 0px;\" src=\"https:\/\/no-cache.hubspot.com\/cta\/default\/3842881\/69b8de30-ed20-48e9-b4ab-13bfafb0333b.png\" alt=\"Analizuj swoje dzia\u0142ania na Facebooku\" \/><\/a><\/span><script charset=\"utf-8\" src=\"https:\/\/js.hscta.net\/cta\/current.js\"><\/script><script type=\"text\/javascript\"> hbspt.cta.load(3842881, '69b8de30-ed20-48e9-b4ab-13bfafb0333b', {\"region\":\"na1\"}); <\/script><\/span><!-- end HubSpot Call-to-Action Code --><\/p>\n<h2><strong>Co w sklepach piszczy\u00a0<\/strong><\/h2>\n<p><span style=\"font-weight: 400;\">Markety i sklepy sieciowe nieustannie zabiegaj\u0105 mi\u0119dzy sob\u0105 o uwag\u0119 konsument\u00f3w. Tym, co po raz kolejny przyci\u0105gn\u0119\u0142o uwag\u0119 odbiorc\u00f3w by\u0142y Swojaki, czyli kolejna ods\u0142ona biedronkowych S\u0142odziak\u00f3w. Biedronce po pi\u0119tach depta\u0142 Lidl, organizuj\u0105c z kolei akcj\u0119 z pluszakami Disneya.\u00a0<\/span><\/p>\n<div id=\"attachment_43195\" style=\"width: 810px\" class=\"wp-caption aligncenter\"><img loading=\"lazy\" decoding=\"async\" aria-describedby=\"caption-attachment-43195\" class=\" wp-image-43195\" src=\"https:\/\/www.sotrender.com\/blog\/wp-content\/uploads\/2021\/09\/markety-top-posty-1.png\" alt=\"swojaki biedronka facebook\" width=\"800\" height=\"386\" srcset=\"https:\/\/www.sotrender.com\/blog\/wp-content\/uploads\/2021\/09\/markety-top-posty-1.png 971w, https:\/\/www.sotrender.com\/blog\/wp-content\/uploads\/2021\/09\/markety-top-posty-1-475x229.png 475w, https:\/\/www.sotrender.com\/blog\/wp-content\/uploads\/2021\/09\/markety-top-posty-1-768x371.png 768w, https:\/\/www.sotrender.com\/blog\/wp-content\/uploads\/2021\/09\/markety-top-posty-1-950x459.png 950w\" sizes=\"(max-width: 800px) 100vw, 800px\" \/><p id=\"caption-attachment-43195\" class=\"wp-caption-text\">Najlepsze posty w kategorii <a href=\"https:\/\/www.sotrender.com\/trends\/facebook\/poland\/202108\/handel\/markety_sklepy#best_posts\">Markety i sklepy sieciowe<\/a>, Facebook sierpie\u0144 2021<\/p><\/div>\n<div id=\"attachment_43197\" style=\"width: 810px\" class=\"wp-caption aligncenter\"><img loading=\"lazy\" decoding=\"async\" aria-describedby=\"caption-attachment-43197\" class=\" wp-image-43197\" src=\"https:\/\/www.sotrender.com\/blog\/wp-content\/uploads\/2021\/09\/markety-top-posty-2.png\" alt=\"neonet facebook\" width=\"800\" height=\"351\" srcset=\"https:\/\/www.sotrender.com\/blog\/wp-content\/uploads\/2021\/09\/markety-top-posty-2.png 962w, https:\/\/www.sotrender.com\/blog\/wp-content\/uploads\/2021\/09\/markety-top-posty-2-475x208.png 475w, https:\/\/www.sotrender.com\/blog\/wp-content\/uploads\/2021\/09\/markety-top-posty-2-768x337.png 768w, https:\/\/www.sotrender.com\/blog\/wp-content\/uploads\/2021\/09\/markety-top-posty-2-950x417.png 950w\" sizes=\"(max-width: 800px) 100vw, 800px\" \/><p id=\"caption-attachment-43197\" class=\"wp-caption-text\">Najlepsze posty w kategorii Markety i sklepy sieciowe, Facebook sierpie\u0144 2021<\/p><\/div>\n<p><span style=\"font-weight: 400;\"><a href=\"https:\/\/www.sotrender.com\/trends\/facebook\/poland\/202108\/handel\/markety_sklepy#best_posts\">Najlepszy post w kategorii Markety i sklepy sieciowe<\/a> nale\u017ca\u0142 jednak do NEONETu i dotyczy\u0142\u2026 organizowanego przez mark\u0119 konkursu. R\u00f3wnie\u017c kilka innych post\u00f3w marki znalaz\u0142o si\u0119 w TOP12. Ich tematyka odwo\u0142ywa\u0142a si\u0119 do bie\u017c\u0105cej oferty sklepu, jednak ich nie mniej wa\u017cnym celem by\u0142o bardziej dog\u0142\u0119bne poznanie odbiorc\u00f3w, poprzez odwo\u0142anie si\u0119 do ich bie\u017c\u0105cych, codziennych czynno\u015bci, zmartwie\u0144, czy zainteresowa\u0144.\u00a0<\/span><\/p>\n<p><span style=\"font-weight: 400;\">Na uwag\u0119 zas\u0142uguje r\u00f3wnie\u017c jeden z post\u00f3w opublikowanych na profilu Kauflanda, kt\u00f3ry by\u0142 numerem trzy w swojej kategorii. Czy posty edukacyjne nie mog\u0105 by\u0107 atrakcyjne wizualnie? Ale\u017c mog\u0105, i post na profilu Kauflanda jest tego \u015bwietnym przyk\u0142adem. Sami pomy\u015blcie, ile razy zastanawiali\u015bcie si\u0119, jak wybra\u0107 dobrego arbuza? \ud83d\ude09<\/span><\/p>\n<h2><strong>Facebook Trends sierpie\u0144 2021<\/strong><\/h2>\n<p><span style=\"font-weight: 400;\">To wszystko, co przygotowali\u015bmy dla Was w tym miesi\u0105cu. Zach\u0119camy jednak do sprawdzenia pe\u0142nego wydania raportu <a href=\"https:\/\/www.sotrender.com\/trends\/facebook\/poland\/202108\">Facebook Trends<\/a>, by by\u0107 na bie\u017c\u0105co z tym, co dzieje si\u0119 w kategoriach, kt\u00f3re najbardziej Was interesuj\u0105! \ud83d\ude09\u00a0<\/span><\/p>\n","protected":false},"excerpt":{"rendered":"<p>To ju\u017c niemal tradycja, \u017ce w naszych comiesi\u0119cznych podsumowaniach cz\u0119sto przewijaj\u0105 si\u0119 tematy zwi\u0105zane ze sportem. Pow\u00f3d jest prosty, s\u0105 to jedne z bardziej anga\u017cuj\u0105cych tre\u015bci. Nie inaczej by\u0142o w sierpniu, kiedy mieli\u015bmy okazj\u0119 \u015bledzi\u0107 zmagania paraolimpijczyk\u00f3w. Polscy sportowcy dostarczyli nam nie tylko masy emocji, ale zdobywali tak\u017ce liczne medale i bili rekordy.\u00a0<\/p>\n","protected":false},"author":89,"featured_media":43201,"comment_status":"open","ping_status":"open","sticky":false,"template":"","format":"standard","meta":{"inline_featured_image":false,"footnotes":""},"categories":[1793,1797,2125,2275],"tags":[365,1843,2057,2307],"yoast_head":"<!-- This site is optimized with the Yoast SEO plugin v22.4 - https:\/\/yoast.com\/wordpress\/plugins\/seo\/ -->\n<title>Facebook Trends sierpie\u0144 2021 - sierpniowe virale<\/title>\n<meta name=\"description\" content=\"Jak marki komunikowa\u0142y si\u0119 z fanami w sierpniu oraz jakie tre\u015bci publikowane by\u0142y na ich profilach, by zwr\u00f3ci\u0107 uwag\u0119 odbiorc\u00f3w i budowa\u0107 zaanga\u017cowanie?\" \/>\n<meta name=\"robots\" content=\"index, follow, max-snippet:-1, max-image-preview:large, max-video-preview:-1\" \/>\n<link rel=\"canonical\" href=\"https:\/\/www.sotrender.com\/blog\/pl\/2021\/09\/facebook-trends-sierpien-2021-sierpniowe-virale\/\" \/>\n<meta property=\"og:locale\" content=\"pl_PL\" \/>\n<meta property=\"og:type\" content=\"article\" \/>\n<meta property=\"og:title\" content=\"Facebook Trends sierpie\u0144 2021 - sierpniowe virale\" \/>\n<meta property=\"og:description\" content=\"Jak marki komunikowa\u0142y si\u0119 z fanami w sierpniu oraz jakie tre\u015bci publikowane by\u0142y na ich profilach, by zwr\u00f3ci\u0107 uwag\u0119 odbiorc\u00f3w i budowa\u0107 zaanga\u017cowanie?\" \/>\n<meta property=\"og:url\" content=\"https:\/\/www.sotrender.com\/blog\/pl\/2021\/09\/facebook-trends-sierpien-2021-sierpniowe-virale\/\" \/>\n<meta property=\"og:site_name\" content=\"Sotrender Blog\" \/>\n<meta property=\"article:publisher\" content=\"https:\/\/www.facebook.com\/Sotrender\" \/>\n<meta property=\"article:published_time\" content=\"2021-09-08T13:10:56+00:00\" \/>\n<meta property=\"article:modified_time\" content=\"2021-09-09T06:59:21+00:00\" \/>\n<meta property=\"og:image\" content=\"https:\/\/www.sotrender.com\/blog\/wp-content\/uploads\/2021\/09\/scena-.jpg\" \/>\n\t<meta property=\"og:image:width\" content=\"1920\" \/>\n\t<meta property=\"og:image:height\" content=\"1080\" \/>\n\t<meta property=\"og:image:type\" content=\"image\/jpeg\" \/>\n<meta name=\"author\" content=\"Klaudia \u017by\u0142ka\" \/>\n<meta name=\"twitter:card\" content=\"summary_large_image\" \/>\n<meta name=\"twitter:creator\" content=\"@Sotrender\" \/>\n<meta name=\"twitter:site\" content=\"@Sotrender\" \/>\n<meta name=\"twitter:label1\" content=\"Written by\" \/>\n\t<meta name=\"twitter:data1\" content=\"Klaudia \u017by\u0142ka\" \/>\n\t<meta name=\"twitter:label2\" content=\"Est. reading time\" \/>\n\t<meta name=\"twitter:data2\" content=\"4 minutes\" \/>\n<script type=\"application\/ld+json\" class=\"yoast-schema-graph\">{\"@context\":\"https:\/\/schema.org\",\"@graph\":[{\"@type\":\"WebPage\",\"@id\":\"https:\/\/www.sotrender.com\/blog\/pl\/2021\/09\/facebook-trends-sierpien-2021-sierpniowe-virale\/\",\"url\":\"https:\/\/www.sotrender.com\/blog\/pl\/2021\/09\/facebook-trends-sierpien-2021-sierpniowe-virale\/\",\"name\":\"Facebook Trends sierpie\u0144 2021 - sierpniowe virale\",\"isPartOf\":{\"@id\":\"https:\/\/www.sotrender.com\/blog\/#website\"},\"primaryImageOfPage\":{\"@id\":\"https:\/\/www.sotrender.com\/blog\/pl\/2021\/09\/facebook-trends-sierpien-2021-sierpniowe-virale\/#primaryimage\"},\"image\":{\"@id\":\"https:\/\/www.sotrender.com\/blog\/pl\/2021\/09\/facebook-trends-sierpien-2021-sierpniowe-virale\/#primaryimage\"},\"thumbnailUrl\":\"https:\/\/www.sotrender.com\/blog\/wp-content\/uploads\/2021\/09\/scena-.jpg\",\"datePublished\":\"2021-09-08T13:10:56+00:00\",\"dateModified\":\"2021-09-09T06:59:21+00:00\",\"author\":{\"@id\":\"https:\/\/www.sotrender.com\/blog\/#\/schema\/person\/038ac5e276c5d102d8cbb9c36cd43416\"},\"description\":\"Jak marki komunikowa\u0142y si\u0119 z fanami w sierpniu oraz jakie tre\u015bci publikowane by\u0142y na ich profilach, by zwr\u00f3ci\u0107 uwag\u0119 odbiorc\u00f3w i budowa\u0107 zaanga\u017cowanie?\",\"breadcrumb\":{\"@id\":\"https:\/\/www.sotrender.com\/blog\/pl\/2021\/09\/facebook-trends-sierpien-2021-sierpniowe-virale\/#breadcrumb\"},\"inLanguage\":\"pl-PL\",\"potentialAction\":[{\"@type\":\"ReadAction\",\"target\":[\"https:\/\/www.sotrender.com\/blog\/pl\/2021\/09\/facebook-trends-sierpien-2021-sierpniowe-virale\/\"]}]},{\"@type\":\"ImageObject\",\"inLanguage\":\"pl-PL\",\"@id\":\"https:\/\/www.sotrender.com\/blog\/pl\/2021\/09\/facebook-trends-sierpien-2021-sierpniowe-virale\/#primaryimage\",\"url\":\"https:\/\/www.sotrender.com\/blog\/wp-content\/uploads\/2021\/09\/scena-.jpg\",\"contentUrl\":\"https:\/\/www.sotrender.com\/blog\/wp-content\/uploads\/2021\/09\/scena-.jpg\",\"width\":1920,\"height\":1080},{\"@type\":\"BreadcrumbList\",\"@id\":\"https:\/\/www.sotrender.com\/blog\/pl\/2021\/09\/facebook-trends-sierpien-2021-sierpniowe-virale\/#breadcrumb\",\"itemListElement\":[{\"@type\":\"ListItem\",\"position\":1,\"name\":\"Home\",\"item\":\"https:\/\/www.sotrender.com\/blog\/\"},{\"@type\":\"ListItem\",\"position\":2,\"name\":\"Facebook Trends sierpie\u0144 2021 &#8211; sierpniowe virale\"}]},{\"@type\":\"WebSite\",\"@id\":\"https:\/\/www.sotrender.com\/blog\/#website\",\"url\":\"https:\/\/www.sotrender.com\/blog\/\",\"name\":\"Sotrender Blog\",\"description\":\"\",\"potentialAction\":[{\"@type\":\"SearchAction\",\"target\":{\"@type\":\"EntryPoint\",\"urlTemplate\":\"https:\/\/www.sotrender.com\/blog\/?s={search_term_string}\"},\"query-input\":\"required name=search_term_string\"}],\"inLanguage\":\"pl-PL\"},{\"@type\":\"Person\",\"@id\":\"https:\/\/www.sotrender.com\/blog\/#\/schema\/person\/038ac5e276c5d102d8cbb9c36cd43416\",\"name\":\"Klaudia \u017by\u0142ka\",\"image\":{\"@type\":\"ImageObject\",\"inLanguage\":\"pl-PL\",\"@id\":\"https:\/\/www.sotrender.com\/blog\/#\/schema\/person\/image\/\",\"url\":\"https:\/\/secure.gravatar.com\/avatar\/f55d5d49ce3c448e1ffde0ab078d84cd?s=96&d=mm&r=g\",\"contentUrl\":\"https:\/\/secure.gravatar.com\/avatar\/f55d5d49ce3c448e1ffde0ab078d84cd?s=96&d=mm&r=g\",\"caption\":\"Klaudia \u017by\u0142ka\"},\"description\":\"Instagram, dogs, books and food lover. Former student at Warsaw University and Malm\u00f6 University. Improving her marketing skills every day. Proud owner of DIMAQ certificate\",\"sameAs\":[\"https:\/\/www.linkedin.com\/in\/klaudia-\u017cy\u0142ka-17527779\"],\"url\":\"https:\/\/www.sotrender.com\/blog\/pl\/author\/klaudia_yka\/\"}]}<\/script>\n<!-- \/ Yoast SEO plugin. -->","yoast_head_json":{"title":"Facebook Trends sierpie\u0144 2021 - sierpniowe virale","description":"Jak marki komunikowa\u0142y si\u0119 z fanami w sierpniu oraz jakie tre\u015bci publikowane by\u0142y na ich profilach, by zwr\u00f3ci\u0107 uwag\u0119 odbiorc\u00f3w i budowa\u0107 zaanga\u017cowanie?","robots":{"index":"index","follow":"follow","max-snippet":"max-snippet:-1","max-image-preview":"max-image-preview:large","max-video-preview":"max-video-preview:-1"},"canonical":"https:\/\/www.sotrender.com\/blog\/pl\/2021\/09\/facebook-trends-sierpien-2021-sierpniowe-virale\/","og_locale":"pl_PL","og_type":"article","og_title":"Facebook Trends sierpie\u0144 2021 - sierpniowe virale","og_description":"Jak marki komunikowa\u0142y si\u0119 z fanami w sierpniu oraz jakie tre\u015bci publikowane by\u0142y na ich profilach, by zwr\u00f3ci\u0107 uwag\u0119 odbiorc\u00f3w i budowa\u0107 zaanga\u017cowanie?","og_url":"https:\/\/www.sotrender.com\/blog\/pl\/2021\/09\/facebook-trends-sierpien-2021-sierpniowe-virale\/","og_site_name":"Sotrender Blog","article_publisher":"https:\/\/www.facebook.com\/Sotrender","article_published_time":"2021-09-08T13:10:56+00:00","article_modified_time":"2021-09-09T06:59:21+00:00","og_image":[{"width":1920,"height":1080,"url":"https:\/\/www.sotrender.com\/blog\/wp-content\/uploads\/2021\/09\/scena-.jpg","type":"image\/jpeg"}],"author":"Klaudia \u017by\u0142ka","twitter_card":"summary_large_image","twitter_creator":"@Sotrender","twitter_site":"@Sotrender","twitter_misc":{"Written by":"Klaudia \u017by\u0142ka","Est. reading time":"4 minutes"},"schema":{"@context":"https:\/\/schema.org","@graph":[{"@type":"WebPage","@id":"https:\/\/www.sotrender.com\/blog\/pl\/2021\/09\/facebook-trends-sierpien-2021-sierpniowe-virale\/","url":"https:\/\/www.sotrender.com\/blog\/pl\/2021\/09\/facebook-trends-sierpien-2021-sierpniowe-virale\/","name":"Facebook Trends sierpie\u0144 2021 - sierpniowe virale","isPartOf":{"@id":"https:\/\/www.sotrender.com\/blog\/#website"},"primaryImageOfPage":{"@id":"https:\/\/www.sotrender.com\/blog\/pl\/2021\/09\/facebook-trends-sierpien-2021-sierpniowe-virale\/#primaryimage"},"image":{"@id":"https:\/\/www.sotrender.com\/blog\/pl\/2021\/09\/facebook-trends-sierpien-2021-sierpniowe-virale\/#primaryimage"},"thumbnailUrl":"https:\/\/www.sotrender.com\/blog\/wp-content\/uploads\/2021\/09\/scena-.jpg","datePublished":"2021-09-08T13:10:56+00:00","dateModified":"2021-09-09T06:59:21+00:00","author":{"@id":"https:\/\/www.sotrender.com\/blog\/#\/schema\/person\/038ac5e276c5d102d8cbb9c36cd43416"},"description":"Jak marki komunikowa\u0142y si\u0119 z fanami w sierpniu oraz jakie tre\u015bci publikowane by\u0142y na ich profilach, by zwr\u00f3ci\u0107 uwag\u0119 odbiorc\u00f3w i budowa\u0107 zaanga\u017cowanie?","breadcrumb":{"@id":"https:\/\/www.sotrender.com\/blog\/pl\/2021\/09\/facebook-trends-sierpien-2021-sierpniowe-virale\/#breadcrumb"},"inLanguage":"pl-PL","potentialAction":[{"@type":"ReadAction","target":["https:\/\/www.sotrender.com\/blog\/pl\/2021\/09\/facebook-trends-sierpien-2021-sierpniowe-virale\/"]}]},{"@type":"ImageObject","inLanguage":"pl-PL","@id":"https:\/\/www.sotrender.com\/blog\/pl\/2021\/09\/facebook-trends-sierpien-2021-sierpniowe-virale\/#primaryimage","url":"https:\/\/www.sotrender.com\/blog\/wp-content\/uploads\/2021\/09\/scena-.jpg","contentUrl":"https:\/\/www.sotrender.com\/blog\/wp-content\/uploads\/2021\/09\/scena-.jpg","width":1920,"height":1080},{"@type":"BreadcrumbList","@id":"https:\/\/www.sotrender.com\/blog\/pl\/2021\/09\/facebook-trends-sierpien-2021-sierpniowe-virale\/#breadcrumb","itemListElement":[{"@type":"ListItem","position":1,"name":"Home","item":"https:\/\/www.sotrender.com\/blog\/"},{"@type":"ListItem","position":2,"name":"Facebook Trends sierpie\u0144 2021 &#8211; sierpniowe virale"}]},{"@type":"WebSite","@id":"https:\/\/www.sotrender.com\/blog\/#website","url":"https:\/\/www.sotrender.com\/blog\/","name":"Sotrender Blog","description":"","potentialAction":[{"@type":"SearchAction","target":{"@type":"EntryPoint","urlTemplate":"https:\/\/www.sotrender.com\/blog\/?s={search_term_string}"},"query-input":"required name=search_term_string"}],"inLanguage":"pl-PL"},{"@type":"Person","@id":"https:\/\/www.sotrender.com\/blog\/#\/schema\/person\/038ac5e276c5d102d8cbb9c36cd43416","name":"Klaudia \u017by\u0142ka","image":{"@type":"ImageObject","inLanguage":"pl-PL","@id":"https:\/\/www.sotrender.com\/blog\/#\/schema\/person\/image\/","url":"https:\/\/secure.gravatar.com\/avatar\/f55d5d49ce3c448e1ffde0ab078d84cd?s=96&d=mm&r=g","contentUrl":"https:\/\/secure.gravatar.com\/avatar\/f55d5d49ce3c448e1ffde0ab078d84cd?s=96&d=mm&r=g","caption":"Klaudia \u017by\u0142ka"},"description":"Instagram, dogs, books and food lover. Former student at Warsaw University and Malm\u00f6 University. Improving her marketing skills every day. Proud owner of DIMAQ certificate","sameAs":["https:\/\/www.linkedin.com\/in\/klaudia-\u017cy\u0142ka-17527779"],"url":"https:\/\/www.sotrender.com\/blog\/pl\/author\/klaudia_yka\/"}]}},"_links":{"self":[{"href":"https:\/\/www.sotrender.com\/blog\/pl\/wp-json\/wp\/v2\/posts\/43187"}],"collection":[{"href":"https:\/\/www.sotrender.com\/blog\/pl\/wp-json\/wp\/v2\/posts"}],"about":[{"href":"https:\/\/www.sotrender.com\/blog\/pl\/wp-json\/wp\/v2\/types\/post"}],"author":[{"embeddable":true,"href":"https:\/\/www.sotrender.com\/blog\/pl\/wp-json\/wp\/v2\/users\/89"}],"replies":[{"embeddable":true,"href":"https:\/\/www.sotrender.com\/blog\/pl\/wp-json\/wp\/v2\/comments?post=43187"}],"version-history":[{"count":9,"href":"https:\/\/www.sotrender.com\/blog\/pl\/wp-json\/wp\/v2\/posts\/43187\/revisions"}],"predecessor-version":[{"id":43219,"href":"https:\/\/www.sotrender.com\/blog\/pl\/wp-json\/wp\/v2\/posts\/43187\/revisions\/43219"}],"wp:featuredmedia":[{"embeddable":true,"href":"https:\/\/www.sotrender.com\/blog\/pl\/wp-json\/wp\/v2\/media\/43201"}],"wp:attachment":[{"href":"https:\/\/www.sotrender.com\/blog\/pl\/wp-json\/wp\/v2\/media?parent=43187"}],"wp:term":[{"taxonomy":"category","embeddable":true,"href":"https:\/\/www.sotrender.com\/blog\/pl\/wp-json\/wp\/v2\/categories?post=43187"},{"taxonomy":"post_tag","embeddable":true,"href":"https:\/\/www.sotrender.com\/blog\/pl\/wp-json\/wp\/v2\/tags?post=43187"}],"curies":[{"name":"wp","href":"https:\/\/api.w.org\/{rel}","templated":true}]}}