{"id":43155,"date":"2021-08-05T10:00:24","date_gmt":"2021-08-05T08:00:24","guid":{"rendered":"https:\/\/www.sotrender.com\/blog\/?p=43155\/"},"modified":"2021-08-05T10:00:24","modified_gmt":"2021-08-05T08:00:24","slug":"facebook-trends-lipiec-2021-wakacje-w-kraju","status":"publish","type":"post","link":"https:\/\/www.sotrender.com\/blog\/pl\/2021\/08\/facebook-trends-lipiec-2021-wakacje-w-kraju\/","title":{"rendered":"Facebook Trends lipiec 2021 &#8211; wakacje w kraju"},"content":{"rendered":"<p><span style=\"font-weight: 400;\">Po emocjonuj\u0105cych tygodniach z EURO2020, nie musieli\u015bmy d\u0142ugo czeka\u0107 na kolejn\u0105 dawk\u0119 sportowych emocji. W lipcu mieli\u015bmy okazj\u0119 nie tylko obserwowa\u0107 zmagania Huberta Hurkacza na kortach Wimbledonu, ale rozpocz\u0119\u0142y si\u0119 tak\u017ce Igrzyska Olimpijskie w Tokio.\u00a0<\/span><\/p>\n<p><!--more--><\/p>\n<p><span style=\"font-weight: 400;\">Wi\u0119cej o tym, jakie tre\u015bci i profile najbardziej anga\u017cowa\u0142y facebookowicz\u00f3w w minionym miesi\u0105cu, dowiecie si\u0119 z lipcowego raportu <a href=\"https:\/\/www.sotrender.com\/trends\/facebook\/poland\/202107\">Facebook Trends<\/a>.<\/span><\/p>\n<h2><strong>Powr\u00f3t letnich festiwali\u00a0<\/strong><\/h2>\n<p><span style=\"font-weight: 400;\">Wielu osobom lato nieod\u0142\u0105cznie kojarzy si\u0119 z festiwalami muzycznymi. Ku rado\u015bci najbardziej zagorza\u0142ych festiwalowicz\u00f3w, w minionym miesi\u0105cu doczekali\u015bmy si\u0119 ich powrotu, oczywi\u015bcie z pewnymi ograniczeniami. Wygl\u0105da jednak na to, \u017ce najwi\u0119ksze zainteresowanie by\u0142o dwoma z nich: Pol&#8217;and&#8217;Rock Festival oraz Sunrise Festival.\u00a0<\/span><\/p>\n<p><span style=\"font-weight: 400;\">Na profilach obydwu festiwali odnotowali\u015bmy du\u017cy przyrost liczby aktywnych u\u017cytkownik\u00f3w: profil Sunrise Festival awansowa\u0142 o 34 pozycje na miejsce 15., natomiast\u00a0 Pol&#8217;and&#8217;Rock Festival o 20 pozycji na wysokie 3. miejsce w zestawieniu.\u00a0<\/span><\/p>\n<div id=\"attachment_43165\" style=\"width: 811px\" class=\"wp-caption aligncenter\"><img loading=\"lazy\" decoding=\"async\" aria-describedby=\"caption-attachment-43165\" class=\" wp-image-43165\" src=\"https:\/\/www.sotrender.com\/blog\/wp-content\/uploads\/2021\/08\/muzyka-aktywni-uzytkownicy-lipiec.png\" alt=\"sunrise festival 2021\" width=\"801\" height=\"209\" srcset=\"https:\/\/www.sotrender.com\/blog\/wp-content\/uploads\/2021\/08\/muzyka-aktywni-uzytkownicy-lipiec.png 996w, https:\/\/www.sotrender.com\/blog\/wp-content\/uploads\/2021\/08\/muzyka-aktywni-uzytkownicy-lipiec-475x124.png 475w, https:\/\/www.sotrender.com\/blog\/wp-content\/uploads\/2021\/08\/muzyka-aktywni-uzytkownicy-lipiec-768x200.png 768w, https:\/\/www.sotrender.com\/blog\/wp-content\/uploads\/2021\/08\/muzyka-aktywni-uzytkownicy-lipiec-950x248.png 950w\" sizes=\"(max-width: 801px) 100vw, 801px\" \/><p id=\"caption-attachment-43165\" class=\"wp-caption-text\"><a href=\"https:\/\/www.sotrender.com\/trends\/facebook\/poland\/202107\/kultura\/muzyka\">Muzyka<\/a> | Aktywni u\u017cytkownicy, Facebook, lipiec 2021<\/p><\/div>\n<p><span style=\"font-weight: 400;\">Dodatkowo, jeden z post\u00f3w na profilu Pol&#8217;and&#8217;Rock Festival by\u0142 najlepszym postem miesi\u0105ca w ca\u0142ej kategorii <a href=\"https:\/\/www.sotrender.com\/trends\/facebook\/poland\/202107\/kultura\/muzyka\">Muzyka<\/a>.\u00a0<\/span><\/p>\n<div id=\"attachment_43157\" style=\"width: 810px\" class=\"wp-caption aligncenter\"><img loading=\"lazy\" decoding=\"async\" aria-describedby=\"caption-attachment-43157\" class=\" wp-image-43157\" src=\"https:\/\/www.sotrender.com\/blog\/wp-content\/uploads\/2021\/08\/muzyka-lipiec-2021.png\" alt=\"Pol'and'Rock Festival 2021 facebook \" width=\"800\" height=\"381\" srcset=\"https:\/\/www.sotrender.com\/blog\/wp-content\/uploads\/2021\/08\/muzyka-lipiec-2021.png 961w, https:\/\/www.sotrender.com\/blog\/wp-content\/uploads\/2021\/08\/muzyka-lipiec-2021-475x226.png 475w, https:\/\/www.sotrender.com\/blog\/wp-content\/uploads\/2021\/08\/muzyka-lipiec-2021-768x365.png 768w, https:\/\/www.sotrender.com\/blog\/wp-content\/uploads\/2021\/08\/muzyka-lipiec-2021-950x452.png 950w\" sizes=\"(max-width: 800px) 100vw, 800px\" \/><p id=\"caption-attachment-43157\" class=\"wp-caption-text\">Najlepsze posty w kategorii <a href=\"https:\/\/www.sotrender.com\/trends\/facebook\/poland\/202107\/kultura\/muzyka\">Muzyka<\/a> | Facebook, lipiec 2021<\/p><\/div>\n<h2><strong>Wakacje w mie\u015bcie\u00a0<\/strong><\/h2>\n<p><span style=\"font-weight: 400;\">Cho\u0107 powoli wracamy do normalno\u015bci, wci\u0105\u017c du\u017cym zainteresowaniem (a czasem wr\u0119cz obl\u0119\u017ceniem) ciesz\u0105 si\u0119 wakacje w Polsce. W lipcu, szczeg\u00f3lnie dwa miasta z sukcesami zach\u0119ca\u0142y do sp\u0119dzania lata w mie\u015bcie: \u0141\u00f3d\u017a oraz Chorz\u00f3w. I pewnie nie s\u0105 to miasta, kt\u00f3rych si\u0119 spodziewali\u015bcie. \ud83d\ude09\u00a0<\/span><\/p>\n<p><span style=\"font-weight: 400;\">Miasto Chorz\u00f3w zorganizowa\u0142o w po\u0142owie lipca Dzie\u0144 Kuba\u0144ski, kt\u00f3ry zgromadzi\u0142 niema\u0142e t\u0142umy na chorzowskim rynku.\u00a0<\/span><span style=\"font-weight: 400;\">Post z relacj\u0105 z tego wydarzenia by\u0142 najlepszym postem w kategorii <a href=\"https:\/\/www.sotrender.com\/trends\/facebook\/poland\/202107\/miejsca\/miasta\">Miasta<\/a>.<\/span><\/p>\n<div id=\"attachment_43161\" style=\"width: 810px\" class=\"wp-caption aligncenter\"><img loading=\"lazy\" decoding=\"async\" aria-describedby=\"caption-attachment-43161\" class=\" wp-image-43161\" src=\"https:\/\/www.sotrender.com\/blog\/wp-content\/uploads\/2021\/08\/miasta-najlepsze-posty-lipiec-.png\" alt=\"chorz\u00f3w dzie\u0144 kuba\u0144ski facebook\" width=\"800\" height=\"380\" srcset=\"https:\/\/www.sotrender.com\/blog\/wp-content\/uploads\/2021\/08\/miasta-najlepsze-posty-lipiec-.png 957w, https:\/\/www.sotrender.com\/blog\/wp-content\/uploads\/2021\/08\/miasta-najlepsze-posty-lipiec--475x225.png 475w, https:\/\/www.sotrender.com\/blog\/wp-content\/uploads\/2021\/08\/miasta-najlepsze-posty-lipiec--768x364.png 768w, https:\/\/www.sotrender.com\/blog\/wp-content\/uploads\/2021\/08\/miasta-najlepsze-posty-lipiec--950x451.png 950w\" sizes=\"(max-width: 800px) 100vw, 800px\" \/><p id=\"caption-attachment-43161\" class=\"wp-caption-text\">Najlepsze posty w kategorii <a href=\"https:\/\/www.sotrender.com\/trends\/facebook\/poland\/202107\/miejsca\/miasta\">Miasta<\/a> w lipcu 2021 na Facebooku<\/p><\/div>\n<p><span style=\"font-weight: 400;\">Nie mniej ciekaw\u0105 ofert\u0119 artystyczn\u0105 przygotowa\u0142o dla swoich mieszka\u0144c\u00f3w miasto \u0141\u00f3d\u017a, kt\u00f3re z kolei obchodzi\u0142o w lipcu swoje urodziny.\u00a0<\/span><\/p>\n<p><span style=\"font-weight: 400;\">Urodzinowy weekend by\u0142 wydarzeniem na tyle interesuj\u0105cym, \u017ce zaanga\u017cowa\u0142 wielu \u0142odzian tak\u017ce na Facebooku. W efekcie \u0141\u00f3d\u017a wyprzedzi\u0142a Warszaw\u0119 pod k\u0105tem \u0142\u0105cznej liczby aktywno\u015bci na profilu, awansuj\u0105c o 194 pozycje.<\/span><\/p>\n<div id=\"attachment_43159\" style=\"width: 812px\" class=\"wp-caption aligncenter\"><img loading=\"lazy\" decoding=\"async\" aria-describedby=\"caption-attachment-43159\" class=\" wp-image-43159\" src=\"https:\/\/www.sotrender.com\/blog\/wp-content\/uploads\/2021\/08\/miasta-lodz-liczba-aktywnosci-lipiec.png\" alt=\"\u0142\u00f3d\u017a facebook urodziny \" width=\"802\" height=\"168\" srcset=\"https:\/\/www.sotrender.com\/blog\/wp-content\/uploads\/2021\/08\/miasta-lodz-liczba-aktywnosci-lipiec.png 1003w, https:\/\/www.sotrender.com\/blog\/wp-content\/uploads\/2021\/08\/miasta-lodz-liczba-aktywnosci-lipiec-475x99.png 475w, https:\/\/www.sotrender.com\/blog\/wp-content\/uploads\/2021\/08\/miasta-lodz-liczba-aktywnosci-lipiec-768x161.png 768w, https:\/\/www.sotrender.com\/blog\/wp-content\/uploads\/2021\/08\/miasta-lodz-liczba-aktywnosci-lipiec-950x199.png 950w\" sizes=\"(max-width: 802px) 100vw, 802px\" \/><p id=\"caption-attachment-43159\" class=\"wp-caption-text\"><a href=\"https:\/\/www.sotrender.com\/trends\/facebook\/poland\/202107\/miejsca\/miasta\">Miasta<\/a> o najwi\u0119kszej liczbie aktywno\u015bci w lipcu 2021 na Facebooku<\/p><\/div>\n<p><span style=\"font-weight: 400;\">Jeste\u015bcie ciekawi, jak Wasze miasto wypad\u0142o na tle innych miast na Facebooku? Czy Wasze ulubione restauracje lub kawiarnie znalaz\u0142y si\u0119 w TOP20? Dowiecie si\u0119 tego, sprawdzaj\u0105c <a href=\"https:\/\/www.sotrender.com\/trends\/facebook\/poland\/202107\">lipcowy raport Facebook Trends<\/a>!<\/span><\/p>\n<p>&nbsp;<\/p>\n","protected":false},"excerpt":{"rendered":"<p>Po emocjonuj\u0105cych tygodniach z EURO2020, nie musieli\u015bmy d\u0142ugo czeka\u0107 na kolejn\u0105 dawk\u0119 sportowych emocji. W lipcu mieli\u015bmy okazj\u0119 nie tylko obserwowa\u0107 zmagania Huberta Hurkacza na kortach Wimbledonu, ale rozpocz\u0119\u0142y si\u0119 tak\u017ce Igrzyska Olimpijskie w Tokio.\u00a0<\/p>\n","protected":false},"author":89,"featured_media":43171,"comment_status":"open","ping_status":"open","sticky":false,"template":"","format":"standard","meta":{"inline_featured_image":false,"footnotes":""},"categories":[2275,1791,1797,2125],"tags":[733,1919,2033,2307],"yoast_head":"<!-- This site is optimized with the Yoast SEO plugin v22.4 - https:\/\/yoast.com\/wordpress\/plugins\/seo\/ -->\n<title>Facebook Trends lipiec 2021 - wakacje w kraju<\/title>\n<meta name=\"description\" content=\"Wci\u0105\u017c du\u017cym zainteresowaniem ciesz\u0105 si\u0119 wakacje w Polsce. W lipcu, szczeg\u00f3lnie dwa miasta z sukcesami anga\u017cowa\u0142y facebookowicz\u00f3w: \u0141\u00f3d\u017a oraz Chorz\u00f3w.\" \/>\n<meta name=\"robots\" content=\"index, follow, max-snippet:-1, max-image-preview:large, max-video-preview:-1\" \/>\n<link rel=\"canonical\" href=\"https:\/\/www.sotrender.com\/blog\/pl\/2021\/08\/facebook-trends-lipiec-2021-wakacje-w-kraju\/\" \/>\n<meta property=\"og:locale\" content=\"pl_PL\" \/>\n<meta property=\"og:type\" content=\"article\" \/>\n<meta property=\"og:title\" content=\"Facebook Trends lipiec 2021 - wakacje w kraju\" \/>\n<meta property=\"og:description\" content=\"Wci\u0105\u017c du\u017cym zainteresowaniem ciesz\u0105 si\u0119 wakacje w Polsce. W lipcu, szczeg\u00f3lnie dwa miasta z sukcesami anga\u017cowa\u0142y facebookowicz\u00f3w: \u0141\u00f3d\u017a oraz Chorz\u00f3w.\" \/>\n<meta property=\"og:url\" content=\"https:\/\/www.sotrender.com\/blog\/pl\/2021\/08\/facebook-trends-lipiec-2021-wakacje-w-kraju\/\" \/>\n<meta property=\"og:site_name\" content=\"Sotrender Blog\" \/>\n<meta property=\"article:publisher\" content=\"https:\/\/www.facebook.com\/Sotrender\" \/>\n<meta property=\"article:published_time\" content=\"2021-08-05T08:00:24+00:00\" \/>\n<meta property=\"og:image\" content=\"https:\/\/www.sotrender.com\/blog\/wp-content\/uploads\/2021\/08\/wakacje-w-kraju.jpg\" \/>\n\t<meta property=\"og:image:width\" content=\"1920\" \/>\n\t<meta property=\"og:image:height\" content=\"1278\" \/>\n\t<meta property=\"og:image:type\" content=\"image\/jpeg\" \/>\n<meta name=\"author\" content=\"Klaudia \u017by\u0142ka\" \/>\n<meta name=\"twitter:card\" content=\"summary_large_image\" \/>\n<meta name=\"twitter:creator\" content=\"@Sotrender\" \/>\n<meta name=\"twitter:site\" content=\"@Sotrender\" \/>\n<meta name=\"twitter:label1\" content=\"Written by\" \/>\n\t<meta name=\"twitter:data1\" content=\"Klaudia \u017by\u0142ka\" \/>\n\t<meta name=\"twitter:label2\" content=\"Est. reading time\" \/>\n\t<meta name=\"twitter:data2\" content=\"2 minutes\" \/>\n<script type=\"application\/ld+json\" class=\"yoast-schema-graph\">{\"@context\":\"https:\/\/schema.org\",\"@graph\":[{\"@type\":\"WebPage\",\"@id\":\"https:\/\/www.sotrender.com\/blog\/pl\/2021\/08\/facebook-trends-lipiec-2021-wakacje-w-kraju\/\",\"url\":\"https:\/\/www.sotrender.com\/blog\/pl\/2021\/08\/facebook-trends-lipiec-2021-wakacje-w-kraju\/\",\"name\":\"Facebook Trends lipiec 2021 - wakacje w kraju\",\"isPartOf\":{\"@id\":\"https:\/\/www.sotrender.com\/blog\/#website\"},\"primaryImageOfPage\":{\"@id\":\"https:\/\/www.sotrender.com\/blog\/pl\/2021\/08\/facebook-trends-lipiec-2021-wakacje-w-kraju\/#primaryimage\"},\"image\":{\"@id\":\"https:\/\/www.sotrender.com\/blog\/pl\/2021\/08\/facebook-trends-lipiec-2021-wakacje-w-kraju\/#primaryimage\"},\"thumbnailUrl\":\"https:\/\/www.sotrender.com\/blog\/wp-content\/uploads\/2021\/08\/wakacje-w-kraju.jpg\",\"datePublished\":\"2021-08-05T08:00:24+00:00\",\"dateModified\":\"2021-08-05T08:00:24+00:00\",\"author\":{\"@id\":\"https:\/\/www.sotrender.com\/blog\/#\/schema\/person\/038ac5e276c5d102d8cbb9c36cd43416\"},\"description\":\"Wci\u0105\u017c du\u017cym zainteresowaniem ciesz\u0105 si\u0119 wakacje w Polsce. W lipcu, szczeg\u00f3lnie dwa miasta z sukcesami anga\u017cowa\u0142y facebookowicz\u00f3w: \u0141\u00f3d\u017a oraz Chorz\u00f3w.\",\"breadcrumb\":{\"@id\":\"https:\/\/www.sotrender.com\/blog\/pl\/2021\/08\/facebook-trends-lipiec-2021-wakacje-w-kraju\/#breadcrumb\"},\"inLanguage\":\"pl-PL\",\"potentialAction\":[{\"@type\":\"ReadAction\",\"target\":[\"https:\/\/www.sotrender.com\/blog\/pl\/2021\/08\/facebook-trends-lipiec-2021-wakacje-w-kraju\/\"]}]},{\"@type\":\"ImageObject\",\"inLanguage\":\"pl-PL\",\"@id\":\"https:\/\/www.sotrender.com\/blog\/pl\/2021\/08\/facebook-trends-lipiec-2021-wakacje-w-kraju\/#primaryimage\",\"url\":\"https:\/\/www.sotrender.com\/blog\/wp-content\/uploads\/2021\/08\/wakacje-w-kraju.jpg\",\"contentUrl\":\"https:\/\/www.sotrender.com\/blog\/wp-content\/uploads\/2021\/08\/wakacje-w-kraju.jpg\",\"width\":1920,\"height\":1278,\"caption\":\"wakacje w kraju\"},{\"@type\":\"BreadcrumbList\",\"@id\":\"https:\/\/www.sotrender.com\/blog\/pl\/2021\/08\/facebook-trends-lipiec-2021-wakacje-w-kraju\/#breadcrumb\",\"itemListElement\":[{\"@type\":\"ListItem\",\"position\":1,\"name\":\"Home\",\"item\":\"https:\/\/www.sotrender.com\/blog\/\"},{\"@type\":\"ListItem\",\"position\":2,\"name\":\"Facebook Trends lipiec 2021 &#8211; wakacje w kraju\"}]},{\"@type\":\"WebSite\",\"@id\":\"https:\/\/www.sotrender.com\/blog\/#website\",\"url\":\"https:\/\/www.sotrender.com\/blog\/\",\"name\":\"Sotrender Blog\",\"description\":\"\",\"potentialAction\":[{\"@type\":\"SearchAction\",\"target\":{\"@type\":\"EntryPoint\",\"urlTemplate\":\"https:\/\/www.sotrender.com\/blog\/?s={search_term_string}\"},\"query-input\":\"required name=search_term_string\"}],\"inLanguage\":\"pl-PL\"},{\"@type\":\"Person\",\"@id\":\"https:\/\/www.sotrender.com\/blog\/#\/schema\/person\/038ac5e276c5d102d8cbb9c36cd43416\",\"name\":\"Klaudia \u017by\u0142ka\",\"image\":{\"@type\":\"ImageObject\",\"inLanguage\":\"pl-PL\",\"@id\":\"https:\/\/www.sotrender.com\/blog\/#\/schema\/person\/image\/\",\"url\":\"https:\/\/secure.gravatar.com\/avatar\/f55d5d49ce3c448e1ffde0ab078d84cd?s=96&d=mm&r=g\",\"contentUrl\":\"https:\/\/secure.gravatar.com\/avatar\/f55d5d49ce3c448e1ffde0ab078d84cd?s=96&d=mm&r=g\",\"caption\":\"Klaudia \u017by\u0142ka\"},\"description\":\"Instagram, dogs, books and food lover. Former student at Warsaw University and Malm\u00f6 University. Improving her marketing skills every day. Proud owner of DIMAQ certificate\",\"sameAs\":[\"https:\/\/www.linkedin.com\/in\/klaudia-\u017cy\u0142ka-17527779\"],\"url\":\"https:\/\/www.sotrender.com\/blog\/pl\/author\/klaudia_yka\/\"}]}<\/script>\n<!-- \/ Yoast SEO plugin. -->","yoast_head_json":{"title":"Facebook Trends lipiec 2021 - wakacje w kraju","description":"Wci\u0105\u017c du\u017cym zainteresowaniem ciesz\u0105 si\u0119 wakacje w Polsce. W lipcu, szczeg\u00f3lnie dwa miasta z sukcesami anga\u017cowa\u0142y facebookowicz\u00f3w: \u0141\u00f3d\u017a oraz Chorz\u00f3w.","robots":{"index":"index","follow":"follow","max-snippet":"max-snippet:-1","max-image-preview":"max-image-preview:large","max-video-preview":"max-video-preview:-1"},"canonical":"https:\/\/www.sotrender.com\/blog\/pl\/2021\/08\/facebook-trends-lipiec-2021-wakacje-w-kraju\/","og_locale":"pl_PL","og_type":"article","og_title":"Facebook Trends lipiec 2021 - wakacje w kraju","og_description":"Wci\u0105\u017c du\u017cym zainteresowaniem ciesz\u0105 si\u0119 wakacje w Polsce. W lipcu, szczeg\u00f3lnie dwa miasta z sukcesami anga\u017cowa\u0142y facebookowicz\u00f3w: \u0141\u00f3d\u017a oraz Chorz\u00f3w.","og_url":"https:\/\/www.sotrender.com\/blog\/pl\/2021\/08\/facebook-trends-lipiec-2021-wakacje-w-kraju\/","og_site_name":"Sotrender Blog","article_publisher":"https:\/\/www.facebook.com\/Sotrender","article_published_time":"2021-08-05T08:00:24+00:00","og_image":[{"width":1920,"height":1278,"url":"https:\/\/www.sotrender.com\/blog\/wp-content\/uploads\/2021\/08\/wakacje-w-kraju.jpg","type":"image\/jpeg"}],"author":"Klaudia \u017by\u0142ka","twitter_card":"summary_large_image","twitter_creator":"@Sotrender","twitter_site":"@Sotrender","twitter_misc":{"Written by":"Klaudia \u017by\u0142ka","Est. reading time":"2 minutes"},"schema":{"@context":"https:\/\/schema.org","@graph":[{"@type":"WebPage","@id":"https:\/\/www.sotrender.com\/blog\/pl\/2021\/08\/facebook-trends-lipiec-2021-wakacje-w-kraju\/","url":"https:\/\/www.sotrender.com\/blog\/pl\/2021\/08\/facebook-trends-lipiec-2021-wakacje-w-kraju\/","name":"Facebook Trends lipiec 2021 - wakacje w kraju","isPartOf":{"@id":"https:\/\/www.sotrender.com\/blog\/#website"},"primaryImageOfPage":{"@id":"https:\/\/www.sotrender.com\/blog\/pl\/2021\/08\/facebook-trends-lipiec-2021-wakacje-w-kraju\/#primaryimage"},"image":{"@id":"https:\/\/www.sotrender.com\/blog\/pl\/2021\/08\/facebook-trends-lipiec-2021-wakacje-w-kraju\/#primaryimage"},"thumbnailUrl":"https:\/\/www.sotrender.com\/blog\/wp-content\/uploads\/2021\/08\/wakacje-w-kraju.jpg","datePublished":"2021-08-05T08:00:24+00:00","dateModified":"2021-08-05T08:00:24+00:00","author":{"@id":"https:\/\/www.sotrender.com\/blog\/#\/schema\/person\/038ac5e276c5d102d8cbb9c36cd43416"},"description":"Wci\u0105\u017c du\u017cym zainteresowaniem ciesz\u0105 si\u0119 wakacje w Polsce. W lipcu, szczeg\u00f3lnie dwa miasta z sukcesami anga\u017cowa\u0142y facebookowicz\u00f3w: \u0141\u00f3d\u017a oraz Chorz\u00f3w.","breadcrumb":{"@id":"https:\/\/www.sotrender.com\/blog\/pl\/2021\/08\/facebook-trends-lipiec-2021-wakacje-w-kraju\/#breadcrumb"},"inLanguage":"pl-PL","potentialAction":[{"@type":"ReadAction","target":["https:\/\/www.sotrender.com\/blog\/pl\/2021\/08\/facebook-trends-lipiec-2021-wakacje-w-kraju\/"]}]},{"@type":"ImageObject","inLanguage":"pl-PL","@id":"https:\/\/www.sotrender.com\/blog\/pl\/2021\/08\/facebook-trends-lipiec-2021-wakacje-w-kraju\/#primaryimage","url":"https:\/\/www.sotrender.com\/blog\/wp-content\/uploads\/2021\/08\/wakacje-w-kraju.jpg","contentUrl":"https:\/\/www.sotrender.com\/blog\/wp-content\/uploads\/2021\/08\/wakacje-w-kraju.jpg","width":1920,"height":1278,"caption":"wakacje w kraju"},{"@type":"BreadcrumbList","@id":"https:\/\/www.sotrender.com\/blog\/pl\/2021\/08\/facebook-trends-lipiec-2021-wakacje-w-kraju\/#breadcrumb","itemListElement":[{"@type":"ListItem","position":1,"name":"Home","item":"https:\/\/www.sotrender.com\/blog\/"},{"@type":"ListItem","position":2,"name":"Facebook Trends lipiec 2021 &#8211; wakacje w kraju"}]},{"@type":"WebSite","@id":"https:\/\/www.sotrender.com\/blog\/#website","url":"https:\/\/www.sotrender.com\/blog\/","name":"Sotrender Blog","description":"","potentialAction":[{"@type":"SearchAction","target":{"@type":"EntryPoint","urlTemplate":"https:\/\/www.sotrender.com\/blog\/?s={search_term_string}"},"query-input":"required name=search_term_string"}],"inLanguage":"pl-PL"},{"@type":"Person","@id":"https:\/\/www.sotrender.com\/blog\/#\/schema\/person\/038ac5e276c5d102d8cbb9c36cd43416","name":"Klaudia \u017by\u0142ka","image":{"@type":"ImageObject","inLanguage":"pl-PL","@id":"https:\/\/www.sotrender.com\/blog\/#\/schema\/person\/image\/","url":"https:\/\/secure.gravatar.com\/avatar\/f55d5d49ce3c448e1ffde0ab078d84cd?s=96&d=mm&r=g","contentUrl":"https:\/\/secure.gravatar.com\/avatar\/f55d5d49ce3c448e1ffde0ab078d84cd?s=96&d=mm&r=g","caption":"Klaudia \u017by\u0142ka"},"description":"Instagram, dogs, books and food lover. Former student at Warsaw University and Malm\u00f6 University. Improving her marketing skills every day. Proud owner of DIMAQ certificate","sameAs":["https:\/\/www.linkedin.com\/in\/klaudia-\u017cy\u0142ka-17527779"],"url":"https:\/\/www.sotrender.com\/blog\/pl\/author\/klaudia_yka\/"}]}},"_links":{"self":[{"href":"https:\/\/www.sotrender.com\/blog\/pl\/wp-json\/wp\/v2\/posts\/43155"}],"collection":[{"href":"https:\/\/www.sotrender.com\/blog\/pl\/wp-json\/wp\/v2\/posts"}],"about":[{"href":"https:\/\/www.sotrender.com\/blog\/pl\/wp-json\/wp\/v2\/types\/post"}],"author":[{"embeddable":true,"href":"https:\/\/www.sotrender.com\/blog\/pl\/wp-json\/wp\/v2\/users\/89"}],"replies":[{"embeddable":true,"href":"https:\/\/www.sotrender.com\/blog\/pl\/wp-json\/wp\/v2\/comments?post=43155"}],"version-history":[{"count":7,"href":"https:\/\/www.sotrender.com\/blog\/pl\/wp-json\/wp\/v2\/posts\/43155\/revisions"}],"predecessor-version":[{"id":43181,"href":"https:\/\/www.sotrender.com\/blog\/pl\/wp-json\/wp\/v2\/posts\/43155\/revisions\/43181"}],"wp:featuredmedia":[{"embeddable":true,"href":"https:\/\/www.sotrender.com\/blog\/pl\/wp-json\/wp\/v2\/media\/43171"}],"wp:attachment":[{"href":"https:\/\/www.sotrender.com\/blog\/pl\/wp-json\/wp\/v2\/media?parent=43155"}],"wp:term":[{"taxonomy":"category","embeddable":true,"href":"https:\/\/www.sotrender.com\/blog\/pl\/wp-json\/wp\/v2\/categories?post=43155"},{"taxonomy":"post_tag","embeddable":true,"href":"https:\/\/www.sotrender.com\/blog\/pl\/wp-json\/wp\/v2\/tags?post=43155"}],"curies":[{"name":"wp","href":"https:\/\/api.w.org\/{rel}","templated":true}]}}