{"id":4309,"date":"2013-02-01T14:58:44","date_gmt":"2013-02-01T13:58:44","guid":{"rendered":"http:\/\/blog.sotrender.com\/?p=4309"},"modified":"2017-04-13T16:56:25","modified_gmt":"2017-04-13T14:56:25","slug":"tresci-na-polskim-facebooku-w-2012-roku-sotrender-podsumowuje-czesc-3","status":"publish","type":"post","link":"https:\/\/www.sotrender.com\/blog\/pl\/2013\/02\/tresci-na-polskim-facebooku-w-2012-roku-sotrender-podsumowuje-czesc-3\/","title":{"rendered":"Tre\u015bci na Polskim Facebooku w 2012 roku &#8211; Sotrender podsumowuje,  cz\u0119\u015b\u0107 3"},"content":{"rendered":"<p>Zesp\u00f3\u0142 Sotrendera podsumowuje kolejny rok na polskim Facebooku. Specjalizujemy si\u0119 we wspieraniu marketingu w social media, st\u0105d te\u017c nasze analizy dotycz\u0105 przed wszystkim profili firm, organizacji i idei, tzw. fanpage&#8217;\u00f3w.<\/p>\n<p>Dzisiaj prezentujemy ca\u0142\u0105 infografik\u0119, na kt\u00f3rej znajdziecie informacje o tym, jak ilo\u015bciowo zmieni\u0142 si\u0119 Facebook pod wzgl\u0119dem liczby u\u017cytkownik\u00f3w, jak du\u017co aktywno\u015bci generuj\u0105 oni na stronach, czy jak radz\u0105 sobie na Facebooku poszczeg\u00f3lne bran\u017ce, wi\u0119cej o tym <a title=\"Sprawd\u017a pierwsz\u0105 cz\u0119\u015b\u0107 podsumowania\" href=\"https:\/\/www.sotrender.com\/blog\/pl\/2013\/01\/polski-facebook-w-2012-r-podsumowanie-roku\/\" target=\"_blank\">pisali\u015bmy dwa dni temu<\/a>. Wczoraj <a title=\"Sprawd\u017a drug\u0105 cz\u0119\u015b\u0107 podsumowania\" href=\"https:\/\/www.sotrender.com\/blog\/pl\/2013\/01\/polski-facebook-w-2012-roku-sotrender-podsumowuje-czesc-2\/\" target=\"_blank\">opisali\u015bmy szerzej dane<\/a> na temat najwi\u0119kszych i najbardziej anga\u017cuj\u0105cych profili firmowych oraz jak \u015brednio anga\u017cuje si\u0119 u\u017cytkownik na stronach. Dzi\u015b om\u00f3wimy najbardziej anga\u017cuj\u0105ce posty oraz \u015bredni\u0105 liczb\u0119 inetreakcji generowanych przes okre\u015blone rodzaje tre\u015bci. Prezentujemy tak\u017ce <strong><a title=\"Pe\u0142na infografika\" href=\"https:\/\/www.sotrender.com\/blog\/wp-content\/uploads\/2013\/02\/infografika_full.jpg\" target=\"_blank\">pe\u0142n\u0105 infografik\u0119 &#8220;Polski Facebook 2012&#8221;<\/a>.<\/strong><\/p>\n<p><!--more--><\/p>\n<h2>Najlepsze tre\u015bci<\/h2>\n<div id=\"attachment_4311\" style=\"width: 97px\" class=\"wp-caption alignright\"><a href=\"https:\/\/www.sotrender.com\/blog\/wp-content\/uploads\/2013\/02\/infografika_full.jpg\" target=\"_blank\"><img loading=\"lazy\" decoding=\"async\" aria-describedby=\"caption-attachment-4311\" class=\"size-large wp-image-4311 \" src=\"https:\/\/www.sotrender.com\/blog\/wp-content\/uploads\/2013\/02\/infografika_full-87x1024.jpg\" alt=\"Podsumowanie dzia\u0142a\u0144 na Facebooku w 2012 roku - Sotrender\" width=\"87\" height=\"1024\" \/><\/a><p id=\"caption-attachment-4311\" class=\"wp-caption-text\">Podsumowanie dzia\u0142a\u0144 na Facebooku w 2012 roku &#8211; Sotrender<\/p><\/div>\n<p>Ka\u017cdy miesi\u0105c w zesz\u0142ym roku mia\u0142 sw\u00f3j najlepszy post, kt\u00f3ry zaanga\u017cowa\u0142 najwi\u0119ksz\u0105 ilo\u015b\u0107 u\u017cytkownik\u00f3w.<br \/>\nCo interesuj\u0105ce, w styczniu najpopularniejszy wpis by\u0142 skierowany do bran\u017cy reklamowej.\u00a0 <a title=\"Gadzinowski.pl na Facebooku\" href=\"https:\/\/www.facebook.com\/piotr.gadzinowski\/\" target=\"_blank\">Gadzinowski.pl<\/a> opublikowa\u0142 bardzo hermetyczny post o percepcji w \u015bwiecie reklamy, kt\u00f3ry okaza\u0142 si\u0119 hitem. Wszystkie najpopularniejsze wpisy mo\u017cecie zobaczy\u0107 w infografice lub klikaj\u0105c na jeden z poni\u017cszych z link\u00f3w. Aby powi\u0119kszy\u0107 infografik\u0119, kliknijcie w obrazek po prawej stronie.<\/p>\n<p><a title=\"sprawd\u017a wpis\" href=\"http:\/\/www.facebook.com\/questions\/391672117514825\/\">Luty<\/a> i <a title=\"sprawd\u017a wpis\" href=\"http:\/\/www.facebook.com\/questions\/400127570002613\/\">marzec<\/a> up\u0142yn\u0105\u0142 ju\u017c pod znakiem ankiet z McDonald&#8217;s Polska. Co ciekawe w ci\u0105gu 12 miesi\u0119cy tylko 4 razy posty ze stron stricte rozrywkowych (Kwejk.pl, Nie ogarniam, Komixxy, <a title=\"Nie Lubi\u0119 Poniedzia\u0142k\u00f3w na Facebooku\" href=\"http:\/\/www.facebook.com\/poniedzialek.nie\" target=\"_blank\">Nie lubi\u0119 poniedzia\u0142k\u00f3w<\/a>) zaanga\u017cowa\u0142y najwi\u0119cej u\u017cytkownik\u00f3w. Bior\u0105c pod uwag\u0119, jak wiele os\u00f3b anga\u017cuje si\u0119 w taki tre\u015bci, nale\u017c\u0105 si\u0119 du\u017ce gratulacje dla stron <a title=\"sprawd\u017a wpis\" href=\"http:\/\/www.facebook.com\/questions\/484351834917719\/\">Orange Polska<\/a>, <a title=\"sprawd\u017a wpis\" href=\"http:\/\/www.facebook.com\/DanoneNationsCupPolska\">Danone Nations Cup Polska<\/a>, <a title=\"sprawd\u017a wpis\" href=\"http:\/\/www.facebook.com\/questions\/10150818403586197\/\">WINIARY<\/a>, <a title=\"McDonald's Polska na Facebooku\" href=\"http:\/\/www.facebook.com\/McDonaldsPolska\" target=\"_blank\">McDonald&#8217;s Polska<\/a>, Sciaga.pl, \u017ce uda\u0142o im si\u0119 przebi\u0107 z ich komunikatami.<\/p>\n<p>Warto podkre\u015bli\u0107, \u017ce w 2012 ukaza\u0142 si\u0119 rekordowy pod wzgl\u0119dem ilo\u015bci zaanga\u017cowanych fan\u00f3w wpis na Facebooku na fanpage&#8217;u &#8220;<a title=\"Nie ogarniam na Facebooku\" href=\"http:\/\/www.facebook.com\/rozumiesz\" target=\"_blank\">Nie ogarniam<\/a>&#8220;. By\u0142o to zdj\u0119cie prezentuj\u0105ce dwoje starszych os\u00f3b udost\u0119pnione z okazji 86. rocznicy zawarcia ma\u0142\u017ce\u0144stwa. O ca\u0142ej sprawie pisali\u015bmy na <a href=\"https:\/\/www.sotrender.com\/blog\/pl\/2012\/08\/nowy-rekord-lajkow-na-polskim-facebooku-czyli-jak-skorzystac-z-edge-ranka\/\">naszym blogu<\/a>\u00a0w sierpniu. Obecnie wpis ten posiada ponad 200 tysi\u0119cy polubie\u0144, prawie 3800 komentarzy oraz ponad 6300 udost\u0119pnie\u0144.<\/p>\n<p>Podsumowuj\u0105c, 6 razy najpopularniejszymi postami w miesi\u0105cu okaza\u0142y si\u0119 zdj\u0119cia, za\u015b kolejne 6 to ankiety.<\/p>\n<h2>\u015arednia ilo\u015b\u0107 interakcji<\/h2>\n<p>Sprawdzili\u015bmy tak\u017ce, jakiego rodzaju aktywno\u015bci maj\u0105 najwi\u0119ksz\u0105 szans\u0119 na reakcj\u0119 fan\u00f3w. Wyr\u00f3\u017cnili\u015bmy 5 rodzaj\u00f3w wpis\u00f3w, kt\u00f3re mo\u017cna opublikowa\u0107:<\/p>\n<ul>\n<li>Zdj\u0119cie<\/li>\n<li>Link<\/li>\n<li>Status tekstowy<\/li>\n<li>Ankieta<\/li>\n<li>Film<\/li>\n<\/ul>\n<p>W roku 2012 najwi\u0119cej reakcji fan\u00f3w zdecydowanie wzbudza\u0142y zdj\u0119cia, notuj\u0105c \u015brednio 108 polubie\u0144, 14 komentarzy, 8 udost\u0119pnie\u0144 i anga\u017cuj\u0105c przeci\u0119tnie 115 os\u00f3b. Pozosta\u0142e rodzaje aktywno\u015bci wypadaj\u0105 du\u017co s\u0142abiej. Wpisy posiadaj\u0105ce link zebra\u0142y \u015brednio\u00a018 polubie\u0144, 4 komentarze, 0, 47 udost\u0119pnie\u0144, anga\u017cuj\u0105c 21 os\u00f3b. Nast\u0119pne w kolejno\u015bci s\u0105 statusy tekstowe, posiadaj\u0105ce odpowiednio: 14 polubie\u0144, 5 komentarzy, 0, 19 udost\u0119pnie\u0144 oraz anga\u017cuj\u0105c 17 os\u00f3b.<\/p>\n<p>Warto zwr\u00f3ci\u0107 uwag\u0119 na 2 pozosta\u0142e typy post\u00f3w, kt\u00f3re s\u0105 wykorzystywane troch\u0119 rzadziej w komunikacji marek w mediach spo\u0142eczno\u015bciowych. Ankiety, kt\u00f3re pozwalaj\u0105 na anga\u017cowanie du\u017cej liczby u\u017cytkownik\u00f3w, tak\u017ce spoza profilu firmy, anga\u017cowa\u0142y przeci\u0119tnie 605 os\u00f3b, kt\u00f3re oddawa\u0142y \u015brednio 787 g\u0142os\u00f3w. Udost\u0119pniane filmy dostawa\u0142y za\u015b przeci\u0119tnie 58 polubie\u0144, 7 komentarzy oraz 2 udost\u0119pnienia, anga\u017cuj\u0105c \u015brednio 61 os\u00f3b.<\/p>\n<p>Podsumowuj\u0105c widzimy, \u017ce w minionym roku bardzo wzros\u0142a liczba wykorzystywanych w komunikacji zdj\u0119\u0107 i obrazk\u00f3w. Po wprowadzeniu mechanizmu Edge Rank zdj\u0119cia u\u0142atwia\u0142y dotarcie do wi\u0119kszej liczby fan\u00f3w, dzi\u0119ki wi\u0119kszemu zaanga\u017cowaniu, kt\u00f3re wzbudza\u0142y w\u015br\u00f3d u\u017cytkownik\u00f3w.<\/p>\n<h2>A na koniec<\/h2>\n<p>W najbli\u017cszych dniach bli\u017cej przyjrzymy si\u0119 jak u\u017cytkownicy konsumuj\u0105 tre\u015bci na Facebooku, dlatego obserwujcie co si\u0119 dzieje <a title=\"Sotrender na Facebooku\" href=\"http:\/\/www.facebook.com\/Sotrender\" target=\"_blank\">na naszym profilu<\/a> oraz na blogu.<\/p>\n<p>Na koniec zach\u0119camy do sprawdzenia podsumowania poprzedniego roku &#8211; zobaczcie ile si\u0119 zmieni\u0142o! \ud83d\ude42 &#8211; <a title=\"3, 5 mln Polak\u00f3w zaanga\u017cowanych na fanpage\u2019ach \u2013 czyli 2011 rokiem Facebooka\" href=\"https:\/\/www.sotrender.com\/blog\/pl\/2011\/12\/35-mln-polakow-zaangazowanych-na-fanpageach-czyli-2011-rokiem-facebooka\/\" target=\"_blank\">3, 5 mln Polak\u00f3w zaanga\u017cowanych na fanpage\u2019ach \u2013 czyli 2011 rokiem Facebooka<\/a><\/p>\n<p>&nbsp;<\/p>\n<p>wsp\u00f3\u0142praca: Adam Piotr Zaj\u0105c<\/p>\n","protected":false},"excerpt":{"rendered":"<p>Zesp\u00f3\u0142 Sotrendera podsumowuje kolejny rok na polskim Facebooku. Specjalizujemy si\u0119 we wspieraniu marketingu w social media, st\u0105d te\u017c nasze analizy dotycz\u0105 przed wszystkim profili firm, organizacji i idei, tzw. fanpage&#8217;\u00f3w. Dzisiaj prezentujemy ca\u0142\u0105 infografik\u0119, na kt\u00f3rej znajdziecie informacje o tym, jak ilo\u015bciowo zmieni\u0142 si\u0119 Facebook pod wzgl\u0119dem liczby u\u017cytkownik\u00f3w, jak du\u017co aktywno\u015bci generuj\u0105 oni na [&hellip;]<\/p>\n","protected":false},"author":31,"featured_media":0,"comment_status":"open","ping_status":"open","sticky":false,"template":"","format":"standard","meta":{"inline_featured_image":false,"footnotes":""},"categories":[1791,1797],"tags":[373,7,17,319],"yoast_head":"<!-- This site is optimized with the Yoast SEO plugin v22.4 - https:\/\/yoast.com\/wordpress\/plugins\/seo\/ -->\n<title>Polski Facebook w 2012 roku - Sotrender podsumowuje (3)<\/title>\n<meta name=\"description\" content=\"Facebook nadal ro\u015bnie, a Sotrendera sprawdza jak to si\u0119 zmienia\u0142o w ci\u0105gu ostatniego roku.\" \/>\n<meta name=\"robots\" content=\"index, follow, max-snippet:-1, max-image-preview:large, max-video-preview:-1\" \/>\n<link rel=\"canonical\" href=\"https:\/\/www.sotrender.com\/blog\/pl\/2013\/02\/tresci-na-polskim-facebooku-w-2012-roku-sotrender-podsumowuje-czesc-3\/\" \/>\n<meta property=\"og:locale\" content=\"pl_PL\" \/>\n<meta property=\"og:type\" content=\"article\" \/>\n<meta property=\"og:title\" content=\"Polski Facebook w 2012 roku - Sotrender podsumowuje (3)\" \/>\n<meta property=\"og:description\" content=\"Facebook nadal ro\u015bnie, a Sotrendera sprawdza jak to si\u0119 zmienia\u0142o w ci\u0105gu ostatniego roku.\" \/>\n<meta property=\"og:url\" content=\"https:\/\/www.sotrender.com\/blog\/pl\/2013\/02\/tresci-na-polskim-facebooku-w-2012-roku-sotrender-podsumowuje-czesc-3\/\" \/>\n<meta property=\"og:site_name\" content=\"Sotrender Blog\" \/>\n<meta property=\"article:publisher\" content=\"https:\/\/www.facebook.com\/Sotrender\" \/>\n<meta property=\"article:published_time\" content=\"2013-02-01T13:58:44+00:00\" \/>\n<meta property=\"article:modified_time\" content=\"2017-04-13T14:56:25+00:00\" \/>\n<meta property=\"og:image\" content=\"https:\/\/www.sotrender.com\/blog\/wp-content\/uploads\/2013\/02\/infografika_full-87x1024.jpg\" \/>\n<meta name=\"author\" content=\"Aleksandra Prejs\" \/>\n<meta name=\"twitter:card\" content=\"summary_large_image\" \/>\n<meta name=\"twitter:creator\" content=\"@Sotrender\" \/>\n<meta name=\"twitter:site\" content=\"@Sotrender\" \/>\n<meta name=\"twitter:label1\" content=\"Written by\" \/>\n\t<meta name=\"twitter:data1\" content=\"Aleksandra Prejs\" \/>\n\t<meta name=\"twitter:label2\" content=\"Est. reading time\" \/>\n\t<meta name=\"twitter:data2\" content=\"4 minutes\" \/>\n<script type=\"application\/ld+json\" class=\"yoast-schema-graph\">{\"@context\":\"https:\/\/schema.org\",\"@graph\":[{\"@type\":\"WebPage\",\"@id\":\"https:\/\/www.sotrender.com\/blog\/pl\/2013\/02\/tresci-na-polskim-facebooku-w-2012-roku-sotrender-podsumowuje-czesc-3\/\",\"url\":\"https:\/\/www.sotrender.com\/blog\/pl\/2013\/02\/tresci-na-polskim-facebooku-w-2012-roku-sotrender-podsumowuje-czesc-3\/\",\"name\":\"Polski Facebook w 2012 roku - Sotrender podsumowuje (3)\",\"isPartOf\":{\"@id\":\"https:\/\/www.sotrender.com\/blog\/#website\"},\"primaryImageOfPage\":{\"@id\":\"https:\/\/www.sotrender.com\/blog\/pl\/2013\/02\/tresci-na-polskim-facebooku-w-2012-roku-sotrender-podsumowuje-czesc-3\/#primaryimage\"},\"image\":{\"@id\":\"https:\/\/www.sotrender.com\/blog\/pl\/2013\/02\/tresci-na-polskim-facebooku-w-2012-roku-sotrender-podsumowuje-czesc-3\/#primaryimage\"},\"thumbnailUrl\":\"https:\/\/www.sotrender.com\/blog\/wp-content\/uploads\/2013\/02\/infografika_full-87x1024.jpg\",\"datePublished\":\"2013-02-01T13:58:44+00:00\",\"dateModified\":\"2017-04-13T14:56:25+00:00\",\"author\":{\"@id\":\"https:\/\/www.sotrender.com\/blog\/#\/schema\/person\/7106df62825269bc360ad9171cd7149b\"},\"description\":\"Facebook nadal ro\u015bnie, a Sotrendera sprawdza jak to si\u0119 zmienia\u0142o w ci\u0105gu ostatniego roku.\",\"breadcrumb\":{\"@id\":\"https:\/\/www.sotrender.com\/blog\/pl\/2013\/02\/tresci-na-polskim-facebooku-w-2012-roku-sotrender-podsumowuje-czesc-3\/#breadcrumb\"},\"inLanguage\":\"pl-PL\",\"potentialAction\":[{\"@type\":\"ReadAction\",\"target\":[\"https:\/\/www.sotrender.com\/blog\/pl\/2013\/02\/tresci-na-polskim-facebooku-w-2012-roku-sotrender-podsumowuje-czesc-3\/\"]}]},{\"@type\":\"ImageObject\",\"inLanguage\":\"pl-PL\",\"@id\":\"https:\/\/www.sotrender.com\/blog\/pl\/2013\/02\/tresci-na-polskim-facebooku-w-2012-roku-sotrender-podsumowuje-czesc-3\/#primaryimage\",\"url\":\"https:\/\/www.sotrender.com\/blog\/wp-content\/uploads\/2013\/02\/infografika_full-87x1024.jpg\",\"contentUrl\":\"https:\/\/www.sotrender.com\/blog\/wp-content\/uploads\/2013\/02\/infografika_full-87x1024.jpg\"},{\"@type\":\"BreadcrumbList\",\"@id\":\"https:\/\/www.sotrender.com\/blog\/pl\/2013\/02\/tresci-na-polskim-facebooku-w-2012-roku-sotrender-podsumowuje-czesc-3\/#breadcrumb\",\"itemListElement\":[{\"@type\":\"ListItem\",\"position\":1,\"name\":\"Home\",\"item\":\"https:\/\/www.sotrender.com\/blog\/\"},{\"@type\":\"ListItem\",\"position\":2,\"name\":\"Tre\u015bci na Polskim Facebooku w 2012 roku &#8211; Sotrender podsumowuje, cz\u0119\u015b\u0107 3\"}]},{\"@type\":\"WebSite\",\"@id\":\"https:\/\/www.sotrender.com\/blog\/#website\",\"url\":\"https:\/\/www.sotrender.com\/blog\/\",\"name\":\"Sotrender Blog\",\"description\":\"\",\"potentialAction\":[{\"@type\":\"SearchAction\",\"target\":{\"@type\":\"EntryPoint\",\"urlTemplate\":\"https:\/\/www.sotrender.com\/blog\/?s={search_term_string}\"},\"query-input\":\"required name=search_term_string\"}],\"inLanguage\":\"pl-PL\"},{\"@type\":\"Person\",\"@id\":\"https:\/\/www.sotrender.com\/blog\/#\/schema\/person\/7106df62825269bc360ad9171cd7149b\",\"name\":\"Aleksandra Prejs\",\"image\":{\"@type\":\"ImageObject\",\"inLanguage\":\"pl-PL\",\"@id\":\"https:\/\/www.sotrender.com\/blog\/#\/schema\/person\/image\/\",\"url\":\"https:\/\/secure.gravatar.com\/avatar\/469000454b77ff0aacb32c49dba023be?s=96&d=mm&r=g\",\"contentUrl\":\"https:\/\/secure.gravatar.com\/avatar\/469000454b77ff0aacb32c49dba023be?s=96&d=mm&r=g\",\"caption\":\"Aleksandra Prejs\"},\"url\":\"https:\/\/www.sotrender.com\/blog\/pl\/author\/aleksandra-prejs\/\"}]}<\/script>\n<!-- \/ Yoast SEO plugin. -->","yoast_head_json":{"title":"Polski Facebook w 2012 roku - Sotrender podsumowuje (3)","description":"Facebook nadal ro\u015bnie, a Sotrendera sprawdza jak to si\u0119 zmienia\u0142o w ci\u0105gu ostatniego roku.","robots":{"index":"index","follow":"follow","max-snippet":"max-snippet:-1","max-image-preview":"max-image-preview:large","max-video-preview":"max-video-preview:-1"},"canonical":"https:\/\/www.sotrender.com\/blog\/pl\/2013\/02\/tresci-na-polskim-facebooku-w-2012-roku-sotrender-podsumowuje-czesc-3\/","og_locale":"pl_PL","og_type":"article","og_title":"Polski Facebook w 2012 roku - Sotrender podsumowuje (3)","og_description":"Facebook nadal ro\u015bnie, a Sotrendera sprawdza jak to si\u0119 zmienia\u0142o w ci\u0105gu ostatniego roku.","og_url":"https:\/\/www.sotrender.com\/blog\/pl\/2013\/02\/tresci-na-polskim-facebooku-w-2012-roku-sotrender-podsumowuje-czesc-3\/","og_site_name":"Sotrender Blog","article_publisher":"https:\/\/www.facebook.com\/Sotrender","article_published_time":"2013-02-01T13:58:44+00:00","article_modified_time":"2017-04-13T14:56:25+00:00","og_image":[{"url":"https:\/\/www.sotrender.com\/blog\/wp-content\/uploads\/2013\/02\/infografika_full-87x1024.jpg"}],"author":"Aleksandra Prejs","twitter_card":"summary_large_image","twitter_creator":"@Sotrender","twitter_site":"@Sotrender","twitter_misc":{"Written by":"Aleksandra Prejs","Est. reading time":"4 minutes"},"schema":{"@context":"https:\/\/schema.org","@graph":[{"@type":"WebPage","@id":"https:\/\/www.sotrender.com\/blog\/pl\/2013\/02\/tresci-na-polskim-facebooku-w-2012-roku-sotrender-podsumowuje-czesc-3\/","url":"https:\/\/www.sotrender.com\/blog\/pl\/2013\/02\/tresci-na-polskim-facebooku-w-2012-roku-sotrender-podsumowuje-czesc-3\/","name":"Polski Facebook w 2012 roku - Sotrender podsumowuje (3)","isPartOf":{"@id":"https:\/\/www.sotrender.com\/blog\/#website"},"primaryImageOfPage":{"@id":"https:\/\/www.sotrender.com\/blog\/pl\/2013\/02\/tresci-na-polskim-facebooku-w-2012-roku-sotrender-podsumowuje-czesc-3\/#primaryimage"},"image":{"@id":"https:\/\/www.sotrender.com\/blog\/pl\/2013\/02\/tresci-na-polskim-facebooku-w-2012-roku-sotrender-podsumowuje-czesc-3\/#primaryimage"},"thumbnailUrl":"https:\/\/www.sotrender.com\/blog\/wp-content\/uploads\/2013\/02\/infografika_full-87x1024.jpg","datePublished":"2013-02-01T13:58:44+00:00","dateModified":"2017-04-13T14:56:25+00:00","author":{"@id":"https:\/\/www.sotrender.com\/blog\/#\/schema\/person\/7106df62825269bc360ad9171cd7149b"},"description":"Facebook nadal ro\u015bnie, a Sotrendera sprawdza jak to si\u0119 zmienia\u0142o w ci\u0105gu ostatniego roku.","breadcrumb":{"@id":"https:\/\/www.sotrender.com\/blog\/pl\/2013\/02\/tresci-na-polskim-facebooku-w-2012-roku-sotrender-podsumowuje-czesc-3\/#breadcrumb"},"inLanguage":"pl-PL","potentialAction":[{"@type":"ReadAction","target":["https:\/\/www.sotrender.com\/blog\/pl\/2013\/02\/tresci-na-polskim-facebooku-w-2012-roku-sotrender-podsumowuje-czesc-3\/"]}]},{"@type":"ImageObject","inLanguage":"pl-PL","@id":"https:\/\/www.sotrender.com\/blog\/pl\/2013\/02\/tresci-na-polskim-facebooku-w-2012-roku-sotrender-podsumowuje-czesc-3\/#primaryimage","url":"https:\/\/www.sotrender.com\/blog\/wp-content\/uploads\/2013\/02\/infografika_full-87x1024.jpg","contentUrl":"https:\/\/www.sotrender.com\/blog\/wp-content\/uploads\/2013\/02\/infografika_full-87x1024.jpg"},{"@type":"BreadcrumbList","@id":"https:\/\/www.sotrender.com\/blog\/pl\/2013\/02\/tresci-na-polskim-facebooku-w-2012-roku-sotrender-podsumowuje-czesc-3\/#breadcrumb","itemListElement":[{"@type":"ListItem","position":1,"name":"Home","item":"https:\/\/www.sotrender.com\/blog\/"},{"@type":"ListItem","position":2,"name":"Tre\u015bci na Polskim Facebooku w 2012 roku &#8211; Sotrender podsumowuje, cz\u0119\u015b\u0107 3"}]},{"@type":"WebSite","@id":"https:\/\/www.sotrender.com\/blog\/#website","url":"https:\/\/www.sotrender.com\/blog\/","name":"Sotrender Blog","description":"","potentialAction":[{"@type":"SearchAction","target":{"@type":"EntryPoint","urlTemplate":"https:\/\/www.sotrender.com\/blog\/?s={search_term_string}"},"query-input":"required name=search_term_string"}],"inLanguage":"pl-PL"},{"@type":"Person","@id":"https:\/\/www.sotrender.com\/blog\/#\/schema\/person\/7106df62825269bc360ad9171cd7149b","name":"Aleksandra Prejs","image":{"@type":"ImageObject","inLanguage":"pl-PL","@id":"https:\/\/www.sotrender.com\/blog\/#\/schema\/person\/image\/","url":"https:\/\/secure.gravatar.com\/avatar\/469000454b77ff0aacb32c49dba023be?s=96&d=mm&r=g","contentUrl":"https:\/\/secure.gravatar.com\/avatar\/469000454b77ff0aacb32c49dba023be?s=96&d=mm&r=g","caption":"Aleksandra Prejs"},"url":"https:\/\/www.sotrender.com\/blog\/pl\/author\/aleksandra-prejs\/"}]}},"_links":{"self":[{"href":"https:\/\/www.sotrender.com\/blog\/pl\/wp-json\/wp\/v2\/posts\/4309"}],"collection":[{"href":"https:\/\/www.sotrender.com\/blog\/pl\/wp-json\/wp\/v2\/posts"}],"about":[{"href":"https:\/\/www.sotrender.com\/blog\/pl\/wp-json\/wp\/v2\/types\/post"}],"author":[{"embeddable":true,"href":"https:\/\/www.sotrender.com\/blog\/pl\/wp-json\/wp\/v2\/users\/31"}],"replies":[{"embeddable":true,"href":"https:\/\/www.sotrender.com\/blog\/pl\/wp-json\/wp\/v2\/comments?post=4309"}],"version-history":[{"count":27,"href":"https:\/\/www.sotrender.com\/blog\/pl\/wp-json\/wp\/v2\/posts\/4309\/revisions"}],"predecessor-version":[{"id":26677,"href":"https:\/\/www.sotrender.com\/blog\/pl\/wp-json\/wp\/v2\/posts\/4309\/revisions\/26677"}],"wp:attachment":[{"href":"https:\/\/www.sotrender.com\/blog\/pl\/wp-json\/wp\/v2\/media?parent=4309"}],"wp:term":[{"taxonomy":"category","embeddable":true,"href":"https:\/\/www.sotrender.com\/blog\/pl\/wp-json\/wp\/v2\/categories?post=4309"},{"taxonomy":"post_tag","embeddable":true,"href":"https:\/\/www.sotrender.com\/blog\/pl\/wp-json\/wp\/v2\/tags?post=4309"}],"curies":[{"name":"wp","href":"https:\/\/api.w.org\/{rel}","templated":true}]}}