{"id":42843,"date":"2021-06-15T12:38:53","date_gmt":"2021-06-15T10:38:53","guid":{"rendered":"https:\/\/www.sotrender.com\/blog\/?p=42843\/"},"modified":"2021-06-16T08:23:37","modified_gmt":"2021-06-16T06:23:37","slug":"facebook-trends-maj-2021-powrot-normalnosci","status":"publish","type":"post","link":"https:\/\/www.sotrender.com\/blog\/pl\/2021\/06\/facebook-trends-maj-2021-powrot-normalnosci\/","title":{"rendered":"Facebook Trends maj 2021 &#8211; powr\u00f3t do normalno\u015bci"},"content":{"rendered":"<p><span style=\"font-weight: 400;\">Miniony miesi\u0105c by\u0142 namiastk\u0105 tego, jak mo\u017ce wygl\u0105da\u0107 popandemiczne \u017cycie. Restauracje, kawiarnie, hotele i inne obiekty, kt\u00f3rych brakowa\u0142o nam przez ostatnich kilka miesi\u0119cy, prze\u017cywa\u0142y prawdziwe obl\u0119\u017cenie, co mia\u0142o swoje odzwierciedlenie tak\u017ce na Facebooku.<\/span><\/p>\n<p><!--more--><\/p>\n<p><span style=\"font-weight: 400;\">Szczeg\u00f3\u0142y znajdziecie w <a href=\"https:\/\/www.sotrender.com\/trends\/facebook\/poland\/202105\">majowym wydaniu raportu Facebook Trends<\/a>!<\/span><\/p>\n<h2><b>Powr\u00f3t ulubionych miejsc spotka\u0144\u00a0<\/b><\/h2>\n<p><span style=\"font-weight: 400;\">W maju mogli\u015bmy ponownie wybra\u0107 si\u0119 do kina, restauracji czy na si\u0142owni\u0119, jednak wygl\u0105da na to, \u017ce by\u0142o kilka miejsc na mapie Polski, kt\u00f3rych wyj\u0105tkowo nam brakowa\u0142o.\u00a0<\/span><\/p>\n<p><span style=\"font-weight: 400;\">Rekordowy wzrost zaanga\u017cowania, bo a\u017c o 8070%, odnotowali\u015bmy na profilu gda\u0144skiej 100czni, kt\u00f3ra 15 maja otworzy\u0142a nowy sezon, daj\u0105c tym samym swoim fanom wiele powod\u00f3w do rado\u015bci.\u00a0<\/span><\/p>\n<div id=\"attachment_42847\" style=\"width: 813px\" class=\"wp-caption aligncenter\"><img loading=\"lazy\" decoding=\"async\" aria-describedby=\"caption-attachment-42847\" class=\" wp-image-42847\" src=\"https:\/\/www.sotrender.com\/blog\/wp-content\/uploads\/2021\/06\/100cznia.png\" alt=\"100cznia facebook\" width=\"803\" height=\"170\" srcset=\"https:\/\/www.sotrender.com\/blog\/wp-content\/uploads\/2021\/06\/100cznia.png 976w, https:\/\/www.sotrender.com\/blog\/wp-content\/uploads\/2021\/06\/100cznia-475x101.png 475w, https:\/\/www.sotrender.com\/blog\/wp-content\/uploads\/2021\/06\/100cznia-768x163.png 768w, https:\/\/www.sotrender.com\/blog\/wp-content\/uploads\/2021\/06\/100cznia-950x201.png 950w\" sizes=\"(max-width: 803px) 100vw, 803px\" \/><p id=\"caption-attachment-42847\" class=\"wp-caption-text\">Du\u017cy wzrost zaanga\u017cowania na profilu 100czni w maju 2021 roku na Facebooku<\/p><\/div>\n<p><span style=\"font-weight: 400;\">Od\u017cy\u0142a tak\u017ce bran\u017ca hotelarska. Na profilach hoteli ju\u017c z pocz\u0105tkiem maja zacz\u0119\u0142y pojawia\u0107 si\u0119 komunikaty o otwarciu obiekt\u00f3w. Wzrosty w zaanga\u017cowaniu na poziomie kilkuset procent odnotowa\u0142y m.in. Hotel Go\u0142\u0119biewski Karpacz oraz Wis\u0142a, Terma Bania czy Termy BUKOVINA.<\/span><\/p>\n<div id=\"attachment_42849\" style=\"width: 810px\" class=\"wp-caption aligncenter\"><img loading=\"lazy\" decoding=\"async\" aria-describedby=\"caption-attachment-42849\" class=\" wp-image-42849\" src=\"https:\/\/www.sotrender.com\/blog\/wp-content\/uploads\/2021\/06\/hotele-facebook-maj-2021.png\" alt=\"hotele facebook maj 2021\" width=\"800\" height=\"394\" srcset=\"https:\/\/www.sotrender.com\/blog\/wp-content\/uploads\/2021\/06\/hotele-facebook-maj-2021.png 964w, https:\/\/www.sotrender.com\/blog\/wp-content\/uploads\/2021\/06\/hotele-facebook-maj-2021-475x234.png 475w, https:\/\/www.sotrender.com\/blog\/wp-content\/uploads\/2021\/06\/hotele-facebook-maj-2021-768x378.png 768w, https:\/\/www.sotrender.com\/blog\/wp-content\/uploads\/2021\/06\/hotele-facebook-maj-2021-950x468.png 950w\" sizes=\"(max-width: 800px) 100vw, 800px\" \/><p id=\"caption-attachment-42849\" class=\"wp-caption-text\">Najlepsze posty w kategorii <a href=\"https:\/\/www.sotrender.com\/trends\/facebook\/poland\/202105\/miejsca\/hotele_spa\">Hotele i Spa<\/a> w maju 2021 roku na Facebooku<\/p><\/div>\n<h2><b>Apel bran\u017cy muzycznej\u00a0<\/b><\/h2>\n<p><span style=\"font-weight: 400;\">Cho\u0107 wiele bran\u017c w po\u0142owie miesi\u0105ca doczeka\u0142o si\u0119 poluzowania obostrze\u0144, pozwalaj\u0105cych na ponown\u0105 dzia\u0142alno\u015b\u0107, niestety pocz\u0105tkowo nie dotyczy\u0142y one bran\u017cy muzycznej.\u00a0<\/span><\/p>\n<p><span style=\"font-weight: 400;\">Temat ten poruszy\u0142 Dawid Podsiad\u0142o w swoim <\/span><a href=\"https:\/\/www.facebook.com\/podsiadlo.dawid\/posts\/4356695264365089\"><span style=\"font-weight: 400;\">urodzinowym apelu<\/span><\/a><span style=\"font-weight: 400;\"> na Facebooku, pisz\u0105c:<\/span><\/p>\n<blockquote><p><span style=\"font-weight: 400;\">Teatr, sport, kabaret, kino &#8211; tak. Koncert &#8211; nie. Nie rozumiem sk\u0105d to \u201ewyj\u0105tkowe\u201d traktowanie bran\u017cy muzycznej. (&#8230;) Mam dzisiaj urodziny i z tej okazji \u017cycz\u0119 swoim kolegom i kole\u017cankom, by mogli wr\u00f3ci\u0107 do pracy, a sobie i Wam drodzy ludzie \u017cycz\u0119 \u017ceby\u015bmy mogli si\u0119 w ko\u0144cu spotka\u0107 na koncertach.<\/span><\/p><\/blockquote>\n<p><span style=\"font-weight: 400;\">Post Dawida by\u0142 trzecim najbardziej anga\u017cuj\u0105cym postem maja w kategorii <a href=\"https:\/\/www.sotrender.com\/trends\/facebook\/poland\/202105\/osoby\/muzycy_zespoly\">Muzycy i zespo\u0142y<\/a>, z liczb\u0105 ponad 22 tysi\u0119cy reakcji i niespe\u0142na 2 tysi\u0105cami komentarzy pe\u0142nymi wsparcia, tak\u017ce ze strony innych muzyk\u00f3w.\u00a0<\/span><\/p>\n<div id=\"attachment_42851\" style=\"width: 812px\" class=\"wp-caption aligncenter\"><img loading=\"lazy\" decoding=\"async\" aria-describedby=\"caption-attachment-42851\" class=\" wp-image-42851\" src=\"https:\/\/www.sotrender.com\/blog\/wp-content\/uploads\/2021\/06\/dawid-podsiadlo-post-urodzinowy-facebook.png\" alt=\"dawid podsiadlo post urodzinowy\" width=\"802\" height=\"385\" srcset=\"https:\/\/www.sotrender.com\/blog\/wp-content\/uploads\/2021\/06\/dawid-podsiadlo-post-urodzinowy-facebook.png 975w, https:\/\/www.sotrender.com\/blog\/wp-content\/uploads\/2021\/06\/dawid-podsiadlo-post-urodzinowy-facebook-475x228.png 475w, https:\/\/www.sotrender.com\/blog\/wp-content\/uploads\/2021\/06\/dawid-podsiadlo-post-urodzinowy-facebook-768x369.png 768w, https:\/\/www.sotrender.com\/blog\/wp-content\/uploads\/2021\/06\/dawid-podsiadlo-post-urodzinowy-facebook-950x456.png 950w\" sizes=\"(max-width: 802px) 100vw, 802px\" \/><p id=\"caption-attachment-42851\" class=\"wp-caption-text\">Najlepsze posty w kategorii <a href=\"https:\/\/www.sotrender.com\/trends\/facebook\/poland\/202105\/osoby\/muzycy_zespoly\">Muzycy i zespo\u0142y<\/a> w maju 2021 na Facebooku<\/p><\/div>\n<p><span style=\"font-weight: 400;\">Na szcz\u0119\u015bcie ju\u017c niespe\u0142na tydzie\u0144 p\u00f3\u017aniej \u017cyczenia Dawida si\u0119 spe\u0142ni\u0142y i m\u00f3g\u0142 og\u0142osi\u0107 powr\u00f3t swojej trasy koncertowej \u201cLe\u015bna Muzyka\u201d.\u00a0<\/span><\/p>\n<h2><b>Normalno\u015b\u0107 ma wiele znacze\u0144\u00a0<\/b><\/h2>\n<p><span style=\"font-weight: 400;\">Filip Chajzer znany jest z tego, \u017ce anga\u017cuje si\u0119 w r\u00f3\u017cne akcje spo\u0142eczne, a niejednokrotnie tak\u017ce sam je inicjuje. Podobnie mia\u0142o to miejsce w minionym miesi\u0105cu, gdy zaanga\u017cowa\u0142 si\u0119 w pomoc 12-letniemu Wiktorowi.\u00a0<\/span><\/p>\n<p><span style=\"font-weight: 400;\">Pierwszy post informuj\u0105cy o podj\u0119ciu decyzji o pomocy dla ch\u0142opca zebra\u0142 ponad 18 tys. reakcji i 10 tys. udost\u0119pnie\u0144. Chajzer zapocz\u0105tkowa\u0142 r\u00f3wnie\u017c akcj\u0119 \u201cKawka Victoria\u201d, kt\u00f3rej celem by\u0142o zebranie ca\u0142ej potrzebnej kwoty na leczenie ch\u0142opca. Do akcji Chajzer zaprosi\u0142 kawiarnie, kt\u00f3re ch\u0119tne by by\u0142y doda\u0107 do swojej oferty kaw\u0119 Victoria, a ca\u0142y zysk z jej sprzeda\u017cy przekaza\u0142yby p\u00f3\u017aniej na leczenie Wiktora.\u00a0<\/span><\/p>\n<p><span style=\"font-weight: 400;\">Akcja nabra\u0142a rozp\u0119du &#8211; do\u0142\u0105czy\u0142o do niej ponad 400 kawiarni i uda\u0142o si\u0119 zebra\u0107 niespe\u0142na 10 milion\u00f3w z\u0142otych. Akcja cieszy\u0142a si\u0119 zaanga\u017cowaniem tak\u017ce na Facebooku &#8211; przez ca\u0142y miesi\u0105c na profilu Chajzera odnotowali\u015bmy prawie milion aktywno\u015bci.\u00a0<\/span><\/p>\n<div id=\"attachment_42853\" style=\"width: 810px\" class=\"wp-caption aligncenter\"><img loading=\"lazy\" decoding=\"async\" aria-describedby=\"caption-attachment-42853\" class=\" wp-image-42853\" src=\"https:\/\/www.sotrender.com\/blog\/wp-content\/uploads\/2021\/06\/chajzer-kawka-victoria.png\" alt=\"chajzer kawka victoria\" width=\"800\" height=\"172\" srcset=\"https:\/\/www.sotrender.com\/blog\/wp-content\/uploads\/2021\/06\/chajzer-kawka-victoria.png 968w, https:\/\/www.sotrender.com\/blog\/wp-content\/uploads\/2021\/06\/chajzer-kawka-victoria-475x102.png 475w, https:\/\/www.sotrender.com\/blog\/wp-content\/uploads\/2021\/06\/chajzer-kawka-victoria-768x165.png 768w, https:\/\/www.sotrender.com\/blog\/wp-content\/uploads\/2021\/06\/chajzer-kawka-victoria-950x204.png 950w\" sizes=\"(max-width: 800px) 100vw, 800px\" \/><p id=\"caption-attachment-42853\" class=\"wp-caption-text\">Profil Filipa Chajzera by\u0142 numerem jeden w kategorii <a href=\"https:\/\/www.sotrender.com\/trends\/facebook\/poland\/202105\/osoby\">Osoby<\/a> pod k\u0105tem \u0142\u0105cznej liczby aktywno\u015bci w maju 2021 na Facebooku<\/p><\/div>\n<p><span style=\"font-weight: 400;\">Na koniec mamy dla Was jeszcze kilka og\u0142osze\u0144. \ud83d\ude09<\/span><\/p>\n<p><span style=\"font-weight: 400;\">Ju\u017c w najbli\u017cszy pi\u0105tek, 18 czerwca, zapraszamy na nasz kolejny <a href=\"https:\/\/sotrender2021.clickmeeting.com\/co-zrobic-gdy-reklama-nie-dziala-czyli-o-optymalizacji-kampanii-na-facebooku\/register\">webinar<\/a>, kt\u00f3ry tym razem b\u0119dzie po\u015bwi\u0119cony optymalizacji reklam na Facebooku i Instagramie. Nasi go\u015bcie z agencji K2 opowiedz\u0105, dlaczego optymalizacja zaczyna si\u0119 ju\u017c na etapie planowania kampanii oraz kiedy warto zacz\u0105\u0107 dokonywa\u0107 zmian i jakie ustawienia najlepiej jest modyfikowa\u0107.<br \/>\nZach\u0119camy do <a href=\"https:\/\/sotrender2021.clickmeeting.com\/co-zrobic-gdy-reklama-nie-dziala-czyli-o-optymalizacji-kampanii-na-facebooku\/register\">rejestracji<\/a>!<\/span><\/p>\n<p><span style=\"font-weight: 400;\">Pod koniec maja na naszym blogu opublikowali\u015bmy r\u00f3wnie\u017c <\/span><a href=\"https:\/\/www.sotrender.com\/blog\/pl\/2021\/05\/jak-zbudowac-zaangazowana-spolecznosc-na-facebooku-neonet-case-study\/\"><span style=\"font-weight: 400;\">case study<\/span><\/a><span style=\"font-weight: 400;\"> z jednym z naszych klient\u00f3w, firm\u0105 Neonet. Na przyk\u0142adzie sukcesu marki Neonet, przeanalizowali\u015bmy, jak zbudowa\u0107 zaanga\u017cowan\u0105 spo\u0142eczno\u015b\u0107 na Facebooku i jak w osi\u0105gni\u0119ciu tego celu mo\u017ce pom\u00f3c Sotrender.\u00a0<\/span><\/p>\n<p>&nbsp;<\/p>\n","protected":false},"excerpt":{"rendered":"<p>Miniony miesi\u0105c by\u0142 namiastk\u0105 tego, jak mo\u017ce wygl\u0105da\u0107 popandemiczne \u017cycie. Restauracje, kawiarnie, hotele i inne obiekty, kt\u00f3rych brakowa\u0142o nam przez ostatnich kilka miesi\u0119cy, prze\u017cywa\u0142y prawdziwe obl\u0119\u017cenie, co mia\u0142o swoje odzwierciedlenie tak\u017ce na Facebooku.<\/p>\n","protected":false},"author":89,"featured_media":42857,"comment_status":"open","ping_status":"open","sticky":false,"template":"","format":"standard","meta":{"inline_featured_image":false,"footnotes":""},"categories":[1791,1797,2125],"tags":[2001,2307],"yoast_head":"<!-- This site is optimized with the Yoast SEO plugin v22.4 - https:\/\/yoast.com\/wordpress\/plugins\/seo\/ -->\n<title>Facebook Trends maj 2021 - powr\u00f3t do normalno\u015bci<\/title>\n<meta name=\"description\" content=\"Miniony miesi\u0105c by\u0142 namiastk\u0105 tego, jak mo\u017ce wygl\u0105da\u0107 popandemiczne \u017cycie. Restauracje, kawiarnie i hotele prze\u017cywa\u0142y obl\u0119\u017cenie, tak\u017ce na Facebooku.\" \/>\n<meta name=\"robots\" content=\"index, follow, max-snippet:-1, max-image-preview:large, max-video-preview:-1\" \/>\n<link rel=\"canonical\" href=\"https:\/\/www.sotrender.com\/blog\/pl\/2021\/06\/facebook-trends-maj-2021-powrot-normalnosci\/\" \/>\n<meta property=\"og:locale\" content=\"pl_PL\" \/>\n<meta property=\"og:type\" content=\"article\" \/>\n<meta property=\"og:title\" content=\"Facebook Trends maj 2021 - powr\u00f3t do normalno\u015bci\" \/>\n<meta property=\"og:description\" content=\"Miniony miesi\u0105c by\u0142 namiastk\u0105 tego, jak mo\u017ce wygl\u0105da\u0107 popandemiczne \u017cycie. Restauracje, kawiarnie i hotele prze\u017cywa\u0142y obl\u0119\u017cenie, tak\u017ce na Facebooku.\" \/>\n<meta property=\"og:url\" content=\"https:\/\/www.sotrender.com\/blog\/pl\/2021\/06\/facebook-trends-maj-2021-powrot-normalnosci\/\" \/>\n<meta property=\"og:site_name\" content=\"Sotrender Blog\" \/>\n<meta property=\"article:publisher\" content=\"https:\/\/www.facebook.com\/Sotrender\" \/>\n<meta property=\"article:published_time\" content=\"2021-06-15T10:38:53+00:00\" \/>\n<meta property=\"article:modified_time\" content=\"2021-06-16T06:23:37+00:00\" \/>\n<meta property=\"og:image\" content=\"https:\/\/www.sotrender.com\/blog\/wp-content\/uploads\/2021\/06\/cesar-bretana-gonzalez.jpg\" \/>\n\t<meta property=\"og:image:width\" content=\"1911\" \/>\n\t<meta property=\"og:image:height\" content=\"920\" \/>\n\t<meta property=\"og:image:type\" content=\"image\/jpeg\" \/>\n<meta name=\"author\" content=\"Klaudia \u017by\u0142ka\" \/>\n<meta name=\"twitter:card\" content=\"summary_large_image\" \/>\n<meta name=\"twitter:creator\" content=\"@Sotrender\" \/>\n<meta name=\"twitter:site\" content=\"@Sotrender\" \/>\n<meta name=\"twitter:label1\" content=\"Written by\" \/>\n\t<meta name=\"twitter:data1\" content=\"Klaudia \u017by\u0142ka\" \/>\n\t<meta name=\"twitter:label2\" content=\"Est. reading time\" \/>\n\t<meta name=\"twitter:data2\" content=\"4 minutes\" \/>\n<script type=\"application\/ld+json\" class=\"yoast-schema-graph\">{\"@context\":\"https:\/\/schema.org\",\"@graph\":[{\"@type\":\"WebPage\",\"@id\":\"https:\/\/www.sotrender.com\/blog\/pl\/2021\/06\/facebook-trends-maj-2021-powrot-normalnosci\/\",\"url\":\"https:\/\/www.sotrender.com\/blog\/pl\/2021\/06\/facebook-trends-maj-2021-powrot-normalnosci\/\",\"name\":\"Facebook Trends maj 2021 - powr\u00f3t do normalno\u015bci\",\"isPartOf\":{\"@id\":\"https:\/\/www.sotrender.com\/blog\/#website\"},\"primaryImageOfPage\":{\"@id\":\"https:\/\/www.sotrender.com\/blog\/pl\/2021\/06\/facebook-trends-maj-2021-powrot-normalnosci\/#primaryimage\"},\"image\":{\"@id\":\"https:\/\/www.sotrender.com\/blog\/pl\/2021\/06\/facebook-trends-maj-2021-powrot-normalnosci\/#primaryimage\"},\"thumbnailUrl\":\"https:\/\/www.sotrender.com\/blog\/wp-content\/uploads\/2021\/06\/cesar-bretana-gonzalez.jpg\",\"datePublished\":\"2021-06-15T10:38:53+00:00\",\"dateModified\":\"2021-06-16T06:23:37+00:00\",\"author\":{\"@id\":\"https:\/\/www.sotrender.com\/blog\/#\/schema\/person\/038ac5e276c5d102d8cbb9c36cd43416\"},\"description\":\"Miniony miesi\u0105c by\u0142 namiastk\u0105 tego, jak mo\u017ce wygl\u0105da\u0107 popandemiczne \u017cycie. Restauracje, kawiarnie i hotele prze\u017cywa\u0142y obl\u0119\u017cenie, tak\u017ce na Facebooku.\",\"breadcrumb\":{\"@id\":\"https:\/\/www.sotrender.com\/blog\/pl\/2021\/06\/facebook-trends-maj-2021-powrot-normalnosci\/#breadcrumb\"},\"inLanguage\":\"pl-PL\",\"potentialAction\":[{\"@type\":\"ReadAction\",\"target\":[\"https:\/\/www.sotrender.com\/blog\/pl\/2021\/06\/facebook-trends-maj-2021-powrot-normalnosci\/\"]}]},{\"@type\":\"ImageObject\",\"inLanguage\":\"pl-PL\",\"@id\":\"https:\/\/www.sotrender.com\/blog\/pl\/2021\/06\/facebook-trends-maj-2021-powrot-normalnosci\/#primaryimage\",\"url\":\"https:\/\/www.sotrender.com\/blog\/wp-content\/uploads\/2021\/06\/cesar-bretana-gonzalez.jpg\",\"contentUrl\":\"https:\/\/www.sotrender.com\/blog\/wp-content\/uploads\/2021\/06\/cesar-bretana-gonzalez.jpg\",\"width\":1911,\"height\":920},{\"@type\":\"BreadcrumbList\",\"@id\":\"https:\/\/www.sotrender.com\/blog\/pl\/2021\/06\/facebook-trends-maj-2021-powrot-normalnosci\/#breadcrumb\",\"itemListElement\":[{\"@type\":\"ListItem\",\"position\":1,\"name\":\"Home\",\"item\":\"https:\/\/www.sotrender.com\/blog\/\"},{\"@type\":\"ListItem\",\"position\":2,\"name\":\"Facebook Trends maj 2021 &#8211; powr\u00f3t do normalno\u015bci\"}]},{\"@type\":\"WebSite\",\"@id\":\"https:\/\/www.sotrender.com\/blog\/#website\",\"url\":\"https:\/\/www.sotrender.com\/blog\/\",\"name\":\"Sotrender Blog\",\"description\":\"\",\"potentialAction\":[{\"@type\":\"SearchAction\",\"target\":{\"@type\":\"EntryPoint\",\"urlTemplate\":\"https:\/\/www.sotrender.com\/blog\/?s={search_term_string}\"},\"query-input\":\"required name=search_term_string\"}],\"inLanguage\":\"pl-PL\"},{\"@type\":\"Person\",\"@id\":\"https:\/\/www.sotrender.com\/blog\/#\/schema\/person\/038ac5e276c5d102d8cbb9c36cd43416\",\"name\":\"Klaudia \u017by\u0142ka\",\"image\":{\"@type\":\"ImageObject\",\"inLanguage\":\"pl-PL\",\"@id\":\"https:\/\/www.sotrender.com\/blog\/#\/schema\/person\/image\/\",\"url\":\"https:\/\/secure.gravatar.com\/avatar\/f55d5d49ce3c448e1ffde0ab078d84cd?s=96&d=mm&r=g\",\"contentUrl\":\"https:\/\/secure.gravatar.com\/avatar\/f55d5d49ce3c448e1ffde0ab078d84cd?s=96&d=mm&r=g\",\"caption\":\"Klaudia \u017by\u0142ka\"},\"description\":\"Instagram, dogs, books and food lover. Former student at Warsaw University and Malm\u00f6 University. Improving her marketing skills every day. Proud owner of DIMAQ certificate\",\"sameAs\":[\"https:\/\/www.linkedin.com\/in\/klaudia-\u017cy\u0142ka-17527779\"],\"url\":\"https:\/\/www.sotrender.com\/blog\/pl\/author\/klaudia_yka\/\"}]}<\/script>\n<!-- \/ Yoast SEO plugin. -->","yoast_head_json":{"title":"Facebook Trends maj 2021 - powr\u00f3t do normalno\u015bci","description":"Miniony miesi\u0105c by\u0142 namiastk\u0105 tego, jak mo\u017ce wygl\u0105da\u0107 popandemiczne \u017cycie. Restauracje, kawiarnie i hotele prze\u017cywa\u0142y obl\u0119\u017cenie, tak\u017ce na Facebooku.","robots":{"index":"index","follow":"follow","max-snippet":"max-snippet:-1","max-image-preview":"max-image-preview:large","max-video-preview":"max-video-preview:-1"},"canonical":"https:\/\/www.sotrender.com\/blog\/pl\/2021\/06\/facebook-trends-maj-2021-powrot-normalnosci\/","og_locale":"pl_PL","og_type":"article","og_title":"Facebook Trends maj 2021 - powr\u00f3t do normalno\u015bci","og_description":"Miniony miesi\u0105c by\u0142 namiastk\u0105 tego, jak mo\u017ce wygl\u0105da\u0107 popandemiczne \u017cycie. Restauracje, kawiarnie i hotele prze\u017cywa\u0142y obl\u0119\u017cenie, tak\u017ce na Facebooku.","og_url":"https:\/\/www.sotrender.com\/blog\/pl\/2021\/06\/facebook-trends-maj-2021-powrot-normalnosci\/","og_site_name":"Sotrender Blog","article_publisher":"https:\/\/www.facebook.com\/Sotrender","article_published_time":"2021-06-15T10:38:53+00:00","article_modified_time":"2021-06-16T06:23:37+00:00","og_image":[{"width":1911,"height":920,"url":"https:\/\/www.sotrender.com\/blog\/wp-content\/uploads\/2021\/06\/cesar-bretana-gonzalez.jpg","type":"image\/jpeg"}],"author":"Klaudia \u017by\u0142ka","twitter_card":"summary_large_image","twitter_creator":"@Sotrender","twitter_site":"@Sotrender","twitter_misc":{"Written by":"Klaudia \u017by\u0142ka","Est. reading time":"4 minutes"},"schema":{"@context":"https:\/\/schema.org","@graph":[{"@type":"WebPage","@id":"https:\/\/www.sotrender.com\/blog\/pl\/2021\/06\/facebook-trends-maj-2021-powrot-normalnosci\/","url":"https:\/\/www.sotrender.com\/blog\/pl\/2021\/06\/facebook-trends-maj-2021-powrot-normalnosci\/","name":"Facebook Trends maj 2021 - powr\u00f3t do normalno\u015bci","isPartOf":{"@id":"https:\/\/www.sotrender.com\/blog\/#website"},"primaryImageOfPage":{"@id":"https:\/\/www.sotrender.com\/blog\/pl\/2021\/06\/facebook-trends-maj-2021-powrot-normalnosci\/#primaryimage"},"image":{"@id":"https:\/\/www.sotrender.com\/blog\/pl\/2021\/06\/facebook-trends-maj-2021-powrot-normalnosci\/#primaryimage"},"thumbnailUrl":"https:\/\/www.sotrender.com\/blog\/wp-content\/uploads\/2021\/06\/cesar-bretana-gonzalez.jpg","datePublished":"2021-06-15T10:38:53+00:00","dateModified":"2021-06-16T06:23:37+00:00","author":{"@id":"https:\/\/www.sotrender.com\/blog\/#\/schema\/person\/038ac5e276c5d102d8cbb9c36cd43416"},"description":"Miniony miesi\u0105c by\u0142 namiastk\u0105 tego, jak mo\u017ce wygl\u0105da\u0107 popandemiczne \u017cycie. Restauracje, kawiarnie i hotele prze\u017cywa\u0142y obl\u0119\u017cenie, tak\u017ce na Facebooku.","breadcrumb":{"@id":"https:\/\/www.sotrender.com\/blog\/pl\/2021\/06\/facebook-trends-maj-2021-powrot-normalnosci\/#breadcrumb"},"inLanguage":"pl-PL","potentialAction":[{"@type":"ReadAction","target":["https:\/\/www.sotrender.com\/blog\/pl\/2021\/06\/facebook-trends-maj-2021-powrot-normalnosci\/"]}]},{"@type":"ImageObject","inLanguage":"pl-PL","@id":"https:\/\/www.sotrender.com\/blog\/pl\/2021\/06\/facebook-trends-maj-2021-powrot-normalnosci\/#primaryimage","url":"https:\/\/www.sotrender.com\/blog\/wp-content\/uploads\/2021\/06\/cesar-bretana-gonzalez.jpg","contentUrl":"https:\/\/www.sotrender.com\/blog\/wp-content\/uploads\/2021\/06\/cesar-bretana-gonzalez.jpg","width":1911,"height":920},{"@type":"BreadcrumbList","@id":"https:\/\/www.sotrender.com\/blog\/pl\/2021\/06\/facebook-trends-maj-2021-powrot-normalnosci\/#breadcrumb","itemListElement":[{"@type":"ListItem","position":1,"name":"Home","item":"https:\/\/www.sotrender.com\/blog\/"},{"@type":"ListItem","position":2,"name":"Facebook Trends maj 2021 &#8211; powr\u00f3t do normalno\u015bci"}]},{"@type":"WebSite","@id":"https:\/\/www.sotrender.com\/blog\/#website","url":"https:\/\/www.sotrender.com\/blog\/","name":"Sotrender Blog","description":"","potentialAction":[{"@type":"SearchAction","target":{"@type":"EntryPoint","urlTemplate":"https:\/\/www.sotrender.com\/blog\/?s={search_term_string}"},"query-input":"required name=search_term_string"}],"inLanguage":"pl-PL"},{"@type":"Person","@id":"https:\/\/www.sotrender.com\/blog\/#\/schema\/person\/038ac5e276c5d102d8cbb9c36cd43416","name":"Klaudia \u017by\u0142ka","image":{"@type":"ImageObject","inLanguage":"pl-PL","@id":"https:\/\/www.sotrender.com\/blog\/#\/schema\/person\/image\/","url":"https:\/\/secure.gravatar.com\/avatar\/f55d5d49ce3c448e1ffde0ab078d84cd?s=96&d=mm&r=g","contentUrl":"https:\/\/secure.gravatar.com\/avatar\/f55d5d49ce3c448e1ffde0ab078d84cd?s=96&d=mm&r=g","caption":"Klaudia \u017by\u0142ka"},"description":"Instagram, dogs, books and food lover. Former student at Warsaw University and Malm\u00f6 University. Improving her marketing skills every day. Proud owner of DIMAQ certificate","sameAs":["https:\/\/www.linkedin.com\/in\/klaudia-\u017cy\u0142ka-17527779"],"url":"https:\/\/www.sotrender.com\/blog\/pl\/author\/klaudia_yka\/"}]}},"_links":{"self":[{"href":"https:\/\/www.sotrender.com\/blog\/pl\/wp-json\/wp\/v2\/posts\/42843"}],"collection":[{"href":"https:\/\/www.sotrender.com\/blog\/pl\/wp-json\/wp\/v2\/posts"}],"about":[{"href":"https:\/\/www.sotrender.com\/blog\/pl\/wp-json\/wp\/v2\/types\/post"}],"author":[{"embeddable":true,"href":"https:\/\/www.sotrender.com\/blog\/pl\/wp-json\/wp\/v2\/users\/89"}],"replies":[{"embeddable":true,"href":"https:\/\/www.sotrender.com\/blog\/pl\/wp-json\/wp\/v2\/comments?post=42843"}],"version-history":[{"count":5,"href":"https:\/\/www.sotrender.com\/blog\/pl\/wp-json\/wp\/v2\/posts\/42843\/revisions"}],"predecessor-version":[{"id":42865,"href":"https:\/\/www.sotrender.com\/blog\/pl\/wp-json\/wp\/v2\/posts\/42843\/revisions\/42865"}],"wp:featuredmedia":[{"embeddable":true,"href":"https:\/\/www.sotrender.com\/blog\/pl\/wp-json\/wp\/v2\/media\/42857"}],"wp:attachment":[{"href":"https:\/\/www.sotrender.com\/blog\/pl\/wp-json\/wp\/v2\/media?parent=42843"}],"wp:term":[{"taxonomy":"category","embeddable":true,"href":"https:\/\/www.sotrender.com\/blog\/pl\/wp-json\/wp\/v2\/categories?post=42843"},{"taxonomy":"post_tag","embeddable":true,"href":"https:\/\/www.sotrender.com\/blog\/pl\/wp-json\/wp\/v2\/tags?post=42843"}],"curies":[{"name":"wp","href":"https:\/\/api.w.org\/{rel}","templated":true}]}}