{"id":4273,"date":"2013-01-31T14:44:52","date_gmt":"2013-01-31T13:44:52","guid":{"rendered":"http:\/\/blog.sotrender.com\/?p=4273"},"modified":"2015-12-01T22:22:17","modified_gmt":"2015-12-01T21:22:17","slug":"polski-facebook-w-2012-roku-sotrender-podsumowuje-czesc-2","status":"publish","type":"post","link":"https:\/\/www.sotrender.com\/blog\/pl\/2013\/01\/polski-facebook-w-2012-roku-sotrender-podsumowuje-czesc-2\/","title":{"rendered":"Polski Facebook w 2012 roku \u2013 Sotrender podsumowuje,  cz\u0119\u015b\u0107 2"},"content":{"rendered":"<p>W drugiej cz\u0119\u015bci podsumowania 2012 roku prezentujemy dane na temat najwi\u0119kszych i najbardziej anga\u017cuj\u0105cych profili firmowych oraz jak \u015brednio anga\u017cuje si\u0119 u\u017cytkownik na stronach.<\/p>\n<h2>Najwi\u0119ksi i najszybsi<\/h2>\n<p>Najwi\u0119ksze strony to <a class=\"\" href=\"http:\/\/www.facebook.com\/demotywatory\" target=\"_blank\">Demotywatory<\/a>,  <a href=\"http:\/\/www.facebook.com\/serceirozum\" target=\"_blank\">Serce i Rozum<\/a>,  <a href=\"http:\/\/www.facebook.com\/Play\" target=\"_blank\">Play<\/a>,  <a href=\"http:\/\/www.facebook.com\/kwejk.fan\" target=\"_blank\">Kwejk.pl<\/a> oraz <a href=\"https:\/\/www.facebook.com\/orangepolska\" target=\"_blank\">Orange Polska<\/a>. Wszystkie z nich znacz\u0105co uros\u0142y w trakcie 2012 r. W czo\u0142\u00f3wce s\u0105 zar\u00f3wno operatorzy telekomunikacyjni dysponuj\u0105cy wielkimi bud\u017cetami i prowadz\u0105cy profesjonalne dzia\u0142ania promocyjne i zwi\u0105zane z obs\u0142ug\u0105 klienta,  jak i dwa serwisy ze \u015bmiesznymi i ciekawymi obrazkami,  dla kt\u00f3rych Facebook to przede wszystkim \u017ar\u00f3d\u0142o ruchu na ich strony. Obie te bran\u017ce tocz\u0105 zaci\u0119ty b\u00f3j o palm\u0119 pierwsze\u0144stwa i tak mogli\u015bmy zaobserwowa\u0107 na pocz\u0105tku stycznia,  jak Serce i Rozum wyprzedzi\u0142o w rankingu Demotywatory,  o czym <a title=\"Sprawd\u017a wpis o Serce i Rozum\" href=\"https:\/\/www.sotrender.com\/blog\/pl\/2013\/01\/jak-rozum-prowadzil-serce-czyli-nowy-lider-w-polsce\/\" target=\"_blank\">pisali\u015bmy na blogu<\/a>. \u00a0Warto przy tej okazji wspomnie\u0107,  \u017ce przed dwoma dniami usuni\u0119to jedn\u0105 z najwi\u0119kszych stron,  nale\u017c\u0105c\u0105 do Kuby Wojew\u00f3dzkiego,  kt\u00f3ra na koniec roku zajmowa\u0142a mocne 6 miejsce w rankingu pod wzgl\u0119dem ilo\u015bci fan\u00f3w.<\/p>\n<p><!--more--><\/p>\n<p>Nie jest du\u017cym zaskoczeniem,  \u017ce strony kt\u00f3re zaanga\u017cowa\u0142y najwi\u0119cej os\u00f3b to,  te publikuj\u0105ce tzw. lolcontent i retrocontent (<a title=\"Retro strona\" href=\"http:\/\/www.facebook.com\/Pewex\" target=\"_blank\">Pewex<\/a>). Jednak je\u015bli chodzi interakcje w drug\u0105 stron\u0119,  to na wpisy u\u017cytkownik\u00f3w najcz\u0119\u015bciej odpowiada\u0142y strony stricte firmowe. Wida\u0107,  \u017ce media spo\u0142eczno\u015bciowe sta\u0142y si\u0119 istotnym medium kontaktu z u\u017cytkownikami dla telekom\u00f3w,  kt\u00f3re traktuj\u0105 je jako kolejny kana\u0142 obs\u0142ugi Klienta. Obecno\u015b\u0107 <a href=\"http:\/\/www.facebook.com\/Lech\" target=\"_blank\">Lecha <\/a>w zestawieniu mo\u017ce zaskakiwa\u0107,  ale pokazuje jak wa\u017cny dla marki\u00a0 jest dialog z konsumentem.<\/p>\n<p>Przygl\u0105daj\u0105c si\u0119 dynamice rocznej widzimy,  \u017ce wzrost liczby fan\u00f3w na najwi\u0119kszych profilach by\u0142 szybszy ni\u017c wzrost liczby u\u017cytkownik\u00f3w Facebooka w Polsce,  o kt\u00f3rym <a title=\"Sprawd\u017a pierwsz\u0105 cz\u0119\u015b\u0107 podsumowania\" href=\"https:\/\/www.sotrender.com\/blog\/pl\/2013\/01\/polski-facebook-w-2012-r-podsumowanie-roku\/\" target=\"_blank\">pisali\u015bmy w poprzedniej cz\u0119\u015bci naszego podsumowania<\/a>. Co wi\u0119cej,  wzgl\u0119dem zesz\u0142ego roku bardzo wzros\u0142a \u015brednia liczba u\u017cytkownik\u00f3w anga\u017cuj\u0105cych si\u0119 na stronach.<\/p>\n<h2>U\u017cytkownicy Facebooka<\/h2>\n<p>O ile wida\u0107 tendencje,  \u017ce coraz wi\u0119cej u\u017cytkownik\u00f3w anga\u017cuje si\u0119 w komunikacj\u0119 stron,  to \u015brednia ilo\u015b\u0107 interakcji przypadaj\u0105ca na jednego u\u017cytkownika nie jest ju\u017c tak imponuj\u0105ca. Rocznie na jednego u\u017cytkownika przypada tylko dwadzie\u015bcia pi\u0119\u0107 polubie\u0144 i nieca\u0142e cztery komentarze. Dla ka\u017cdej marki powinien by\u0107 to jasny sygna\u0142 \u2013 walczymy o bardzo ograniczon\u0105 uwag\u0119 u\u017cytkownika.<\/p>\n<div id=\"attachment_4303\" style=\"width: 304px\" class=\"wp-caption aligncenter\"><a class=\"\" href=\"https:\/\/www.sotrender.com\/blog\/wp-content\/uploads\/2013\/01\/blog.jpg\"><img loading=\"lazy\" decoding=\"async\" aria-describedby=\"caption-attachment-4303\" class=\"size-large wp-image-4303\" src=\"https:\/\/www.sotrender.com\/blog\/wp-content\/uploads\/2013\/01\/blog-294x1024.jpg\" alt=\"Podsumowanie dzia\u0142a\u0144 na Facebooku w 2012 roku - Sotrender\" width=\"294\" height=\"1024\" \/><\/a><p id=\"caption-attachment-4303\" class=\"wp-caption-text\">Podsumowanie dzia\u0142a\u0144 na Facebooku w 2012 roku &#8211; Sotrender<\/p><\/div>\n<p>W najbli\u017cszych dniach bli\u017cej przyjrzymy si\u0119 jak u\u017cytkownicy konsumuj\u0105 tre\u015bci na Facebooku,  dlatego obserwujcie co si\u0119 dzieje <a title=\"Sotrender na Facebooku\" href=\"http:\/\/www.facebook.com\/Sotrender\" target=\"_blank\">na naszym profilu<\/a> oraz na blogu.<\/p>\n<p>Ju\u017c jutro podczas trwania\u00a0<a class=\"\" title=\"Strona konferencji\" href=\"http:\/\/socialmediaconvent.pl\/\" target=\"_blank\">Social Media Convent<\/a> opublikujemy pe\u0142n\u0105 infografik\u0119,  z ostatnim elementem,  kt\u00f3ry wzi\u0119li\u015bmy pod lup\u0119,  czyli jak i jakie tre\u015bci nas anga\u017cowa\u0142y.<\/p>\n","protected":false},"excerpt":{"rendered":"<p>W drugiej cz\u0119\u015bci podsumowania 2012 roku prezentujemy dane na temat najwi\u0119kszych i najbardziej anga\u017cuj\u0105cych profili firmowych oraz jak \u015brednio anga\u017cuje si\u0119 u\u017cytkownik na stronach. Najwi\u0119ksi i najszybsi Najwi\u0119ksze strony to Demotywatory, Serce i Rozum, Play, Kwejk.pl oraz Orange Polska. Wszystkie z nich znacz\u0105co uros\u0142y w trakcie 2012 r. W czo\u0142\u00f3wce s\u0105 zar\u00f3wno operatorzy telekomunikacyjni dysponuj\u0105cy [&hellip;]<\/p>\n","protected":false},"author":31,"featured_media":0,"comment_status":"open","ping_status":"open","sticky":false,"template":"","format":"standard","meta":{"inline_featured_image":false,"footnotes":""},"categories":[1791,1797],"tags":[7,17,319,373],"yoast_head":"<!-- This site is optimized with the Yoast SEO plugin v22.4 - https:\/\/yoast.com\/wordpress\/plugins\/seo\/ -->\n<title>Polski Facebook w 2012 roku - Sotrender podsumowuje (2)<\/title>\n<meta name=\"description\" content=\"Facebook nadal ro\u015bnie, a Sotrendera sprawdza jak to si\u0119 zmienia\u0142o w ci\u0105gu ostatniego roku.\" \/>\n<meta name=\"robots\" content=\"index, follow, max-snippet:-1, max-image-preview:large, max-video-preview:-1\" \/>\n<link rel=\"canonical\" href=\"https:\/\/www.sotrender.com\/blog\/pl\/2013\/01\/polski-facebook-w-2012-roku-sotrender-podsumowuje-czesc-2\/\" \/>\n<meta property=\"og:locale\" content=\"pl_PL\" \/>\n<meta property=\"og:type\" content=\"article\" \/>\n<meta property=\"og:title\" content=\"Polski Facebook w 2012 roku - Sotrender podsumowuje (2)\" \/>\n<meta property=\"og:description\" content=\"Facebook nadal ro\u015bnie, a Sotrendera sprawdza jak to si\u0119 zmienia\u0142o w ci\u0105gu ostatniego roku.\" \/>\n<meta property=\"og:url\" content=\"https:\/\/www.sotrender.com\/blog\/pl\/2013\/01\/polski-facebook-w-2012-roku-sotrender-podsumowuje-czesc-2\/\" \/>\n<meta property=\"og:site_name\" content=\"Sotrender Blog\" \/>\n<meta property=\"article:publisher\" content=\"https:\/\/www.facebook.com\/Sotrender\" \/>\n<meta property=\"article:published_time\" content=\"2013-01-31T13:44:52+00:00\" \/>\n<meta property=\"article:modified_time\" content=\"2015-12-01T21:22:17+00:00\" \/>\n<meta property=\"og:image\" content=\"https:\/\/www.sotrender.com\/blog\/wp-content\/uploads\/2013\/01\/blog-294x1024.jpg\" \/>\n<meta name=\"author\" content=\"Aleksandra Prejs\" \/>\n<meta name=\"twitter:card\" content=\"summary_large_image\" \/>\n<meta name=\"twitter:creator\" content=\"@Sotrender\" \/>\n<meta name=\"twitter:site\" content=\"@Sotrender\" \/>\n<meta name=\"twitter:label1\" content=\"Written by\" \/>\n\t<meta name=\"twitter:data1\" content=\"Aleksandra Prejs\" \/>\n\t<meta name=\"twitter:label2\" content=\"Est. reading time\" \/>\n\t<meta name=\"twitter:data2\" content=\"2 minutes\" \/>\n<script type=\"application\/ld+json\" class=\"yoast-schema-graph\">{\"@context\":\"https:\/\/schema.org\",\"@graph\":[{\"@type\":\"WebPage\",\"@id\":\"https:\/\/www.sotrender.com\/blog\/pl\/2013\/01\/polski-facebook-w-2012-roku-sotrender-podsumowuje-czesc-2\/\",\"url\":\"https:\/\/www.sotrender.com\/blog\/pl\/2013\/01\/polski-facebook-w-2012-roku-sotrender-podsumowuje-czesc-2\/\",\"name\":\"Polski Facebook w 2012 roku - Sotrender podsumowuje (2)\",\"isPartOf\":{\"@id\":\"https:\/\/www.sotrender.com\/blog\/#website\"},\"primaryImageOfPage\":{\"@id\":\"https:\/\/www.sotrender.com\/blog\/pl\/2013\/01\/polski-facebook-w-2012-roku-sotrender-podsumowuje-czesc-2\/#primaryimage\"},\"image\":{\"@id\":\"https:\/\/www.sotrender.com\/blog\/pl\/2013\/01\/polski-facebook-w-2012-roku-sotrender-podsumowuje-czesc-2\/#primaryimage\"},\"thumbnailUrl\":\"https:\/\/www.sotrender.com\/blog\/wp-content\/uploads\/2013\/01\/blog-294x1024.jpg\",\"datePublished\":\"2013-01-31T13:44:52+00:00\",\"dateModified\":\"2015-12-01T21:22:17+00:00\",\"author\":{\"@id\":\"https:\/\/www.sotrender.com\/blog\/#\/schema\/person\/7106df62825269bc360ad9171cd7149b\"},\"description\":\"Facebook nadal ro\u015bnie, a Sotrendera sprawdza jak to si\u0119 zmienia\u0142o w ci\u0105gu ostatniego roku.\",\"breadcrumb\":{\"@id\":\"https:\/\/www.sotrender.com\/blog\/pl\/2013\/01\/polski-facebook-w-2012-roku-sotrender-podsumowuje-czesc-2\/#breadcrumb\"},\"inLanguage\":\"pl-PL\",\"potentialAction\":[{\"@type\":\"ReadAction\",\"target\":[\"https:\/\/www.sotrender.com\/blog\/pl\/2013\/01\/polski-facebook-w-2012-roku-sotrender-podsumowuje-czesc-2\/\"]}]},{\"@type\":\"ImageObject\",\"inLanguage\":\"pl-PL\",\"@id\":\"https:\/\/www.sotrender.com\/blog\/pl\/2013\/01\/polski-facebook-w-2012-roku-sotrender-podsumowuje-czesc-2\/#primaryimage\",\"url\":\"https:\/\/www.sotrender.com\/blog\/wp-content\/uploads\/2013\/01\/blog-294x1024.jpg\",\"contentUrl\":\"https:\/\/www.sotrender.com\/blog\/wp-content\/uploads\/2013\/01\/blog-294x1024.jpg\"},{\"@type\":\"BreadcrumbList\",\"@id\":\"https:\/\/www.sotrender.com\/blog\/pl\/2013\/01\/polski-facebook-w-2012-roku-sotrender-podsumowuje-czesc-2\/#breadcrumb\",\"itemListElement\":[{\"@type\":\"ListItem\",\"position\":1,\"name\":\"Home\",\"item\":\"https:\/\/www.sotrender.com\/blog\/\"},{\"@type\":\"ListItem\",\"position\":2,\"name\":\"Polski Facebook w 2012 roku \u2013 Sotrender podsumowuje, cz\u0119\u015b\u0107 2\"}]},{\"@type\":\"WebSite\",\"@id\":\"https:\/\/www.sotrender.com\/blog\/#website\",\"url\":\"https:\/\/www.sotrender.com\/blog\/\",\"name\":\"Sotrender Blog\",\"description\":\"\",\"potentialAction\":[{\"@type\":\"SearchAction\",\"target\":{\"@type\":\"EntryPoint\",\"urlTemplate\":\"https:\/\/www.sotrender.com\/blog\/?s={search_term_string}\"},\"query-input\":\"required name=search_term_string\"}],\"inLanguage\":\"pl-PL\"},{\"@type\":\"Person\",\"@id\":\"https:\/\/www.sotrender.com\/blog\/#\/schema\/person\/7106df62825269bc360ad9171cd7149b\",\"name\":\"Aleksandra Prejs\",\"image\":{\"@type\":\"ImageObject\",\"inLanguage\":\"pl-PL\",\"@id\":\"https:\/\/www.sotrender.com\/blog\/#\/schema\/person\/image\/\",\"url\":\"https:\/\/secure.gravatar.com\/avatar\/469000454b77ff0aacb32c49dba023be?s=96&d=mm&r=g\",\"contentUrl\":\"https:\/\/secure.gravatar.com\/avatar\/469000454b77ff0aacb32c49dba023be?s=96&d=mm&r=g\",\"caption\":\"Aleksandra Prejs\"},\"url\":\"https:\/\/www.sotrender.com\/blog\/pl\/author\/aleksandra-prejs\/\"}]}<\/script>\n<!-- \/ Yoast SEO plugin. -->","yoast_head_json":{"title":"Polski Facebook w 2012 roku - Sotrender podsumowuje (2)","description":"Facebook nadal ro\u015bnie, a Sotrendera sprawdza jak to si\u0119 zmienia\u0142o w ci\u0105gu ostatniego roku.","robots":{"index":"index","follow":"follow","max-snippet":"max-snippet:-1","max-image-preview":"max-image-preview:large","max-video-preview":"max-video-preview:-1"},"canonical":"https:\/\/www.sotrender.com\/blog\/pl\/2013\/01\/polski-facebook-w-2012-roku-sotrender-podsumowuje-czesc-2\/","og_locale":"pl_PL","og_type":"article","og_title":"Polski Facebook w 2012 roku - Sotrender podsumowuje (2)","og_description":"Facebook nadal ro\u015bnie, a Sotrendera sprawdza jak to si\u0119 zmienia\u0142o w ci\u0105gu ostatniego roku.","og_url":"https:\/\/www.sotrender.com\/blog\/pl\/2013\/01\/polski-facebook-w-2012-roku-sotrender-podsumowuje-czesc-2\/","og_site_name":"Sotrender Blog","article_publisher":"https:\/\/www.facebook.com\/Sotrender","article_published_time":"2013-01-31T13:44:52+00:00","article_modified_time":"2015-12-01T21:22:17+00:00","og_image":[{"url":"https:\/\/www.sotrender.com\/blog\/wp-content\/uploads\/2013\/01\/blog-294x1024.jpg"}],"author":"Aleksandra Prejs","twitter_card":"summary_large_image","twitter_creator":"@Sotrender","twitter_site":"@Sotrender","twitter_misc":{"Written by":"Aleksandra Prejs","Est. reading time":"2 minutes"},"schema":{"@context":"https:\/\/schema.org","@graph":[{"@type":"WebPage","@id":"https:\/\/www.sotrender.com\/blog\/pl\/2013\/01\/polski-facebook-w-2012-roku-sotrender-podsumowuje-czesc-2\/","url":"https:\/\/www.sotrender.com\/blog\/pl\/2013\/01\/polski-facebook-w-2012-roku-sotrender-podsumowuje-czesc-2\/","name":"Polski Facebook w 2012 roku - Sotrender podsumowuje (2)","isPartOf":{"@id":"https:\/\/www.sotrender.com\/blog\/#website"},"primaryImageOfPage":{"@id":"https:\/\/www.sotrender.com\/blog\/pl\/2013\/01\/polski-facebook-w-2012-roku-sotrender-podsumowuje-czesc-2\/#primaryimage"},"image":{"@id":"https:\/\/www.sotrender.com\/blog\/pl\/2013\/01\/polski-facebook-w-2012-roku-sotrender-podsumowuje-czesc-2\/#primaryimage"},"thumbnailUrl":"https:\/\/www.sotrender.com\/blog\/wp-content\/uploads\/2013\/01\/blog-294x1024.jpg","datePublished":"2013-01-31T13:44:52+00:00","dateModified":"2015-12-01T21:22:17+00:00","author":{"@id":"https:\/\/www.sotrender.com\/blog\/#\/schema\/person\/7106df62825269bc360ad9171cd7149b"},"description":"Facebook nadal ro\u015bnie, a Sotrendera sprawdza jak to si\u0119 zmienia\u0142o w ci\u0105gu ostatniego roku.","breadcrumb":{"@id":"https:\/\/www.sotrender.com\/blog\/pl\/2013\/01\/polski-facebook-w-2012-roku-sotrender-podsumowuje-czesc-2\/#breadcrumb"},"inLanguage":"pl-PL","potentialAction":[{"@type":"ReadAction","target":["https:\/\/www.sotrender.com\/blog\/pl\/2013\/01\/polski-facebook-w-2012-roku-sotrender-podsumowuje-czesc-2\/"]}]},{"@type":"ImageObject","inLanguage":"pl-PL","@id":"https:\/\/www.sotrender.com\/blog\/pl\/2013\/01\/polski-facebook-w-2012-roku-sotrender-podsumowuje-czesc-2\/#primaryimage","url":"https:\/\/www.sotrender.com\/blog\/wp-content\/uploads\/2013\/01\/blog-294x1024.jpg","contentUrl":"https:\/\/www.sotrender.com\/blog\/wp-content\/uploads\/2013\/01\/blog-294x1024.jpg"},{"@type":"BreadcrumbList","@id":"https:\/\/www.sotrender.com\/blog\/pl\/2013\/01\/polski-facebook-w-2012-roku-sotrender-podsumowuje-czesc-2\/#breadcrumb","itemListElement":[{"@type":"ListItem","position":1,"name":"Home","item":"https:\/\/www.sotrender.com\/blog\/"},{"@type":"ListItem","position":2,"name":"Polski Facebook w 2012 roku \u2013 Sotrender podsumowuje, cz\u0119\u015b\u0107 2"}]},{"@type":"WebSite","@id":"https:\/\/www.sotrender.com\/blog\/#website","url":"https:\/\/www.sotrender.com\/blog\/","name":"Sotrender Blog","description":"","potentialAction":[{"@type":"SearchAction","target":{"@type":"EntryPoint","urlTemplate":"https:\/\/www.sotrender.com\/blog\/?s={search_term_string}"},"query-input":"required name=search_term_string"}],"inLanguage":"pl-PL"},{"@type":"Person","@id":"https:\/\/www.sotrender.com\/blog\/#\/schema\/person\/7106df62825269bc360ad9171cd7149b","name":"Aleksandra Prejs","image":{"@type":"ImageObject","inLanguage":"pl-PL","@id":"https:\/\/www.sotrender.com\/blog\/#\/schema\/person\/image\/","url":"https:\/\/secure.gravatar.com\/avatar\/469000454b77ff0aacb32c49dba023be?s=96&d=mm&r=g","contentUrl":"https:\/\/secure.gravatar.com\/avatar\/469000454b77ff0aacb32c49dba023be?s=96&d=mm&r=g","caption":"Aleksandra Prejs"},"url":"https:\/\/www.sotrender.com\/blog\/pl\/author\/aleksandra-prejs\/"}]}},"_links":{"self":[{"href":"https:\/\/www.sotrender.com\/blog\/pl\/wp-json\/wp\/v2\/posts\/4273"}],"collection":[{"href":"https:\/\/www.sotrender.com\/blog\/pl\/wp-json\/wp\/v2\/posts"}],"about":[{"href":"https:\/\/www.sotrender.com\/blog\/pl\/wp-json\/wp\/v2\/types\/post"}],"author":[{"embeddable":true,"href":"https:\/\/www.sotrender.com\/blog\/pl\/wp-json\/wp\/v2\/users\/31"}],"replies":[{"embeddable":true,"href":"https:\/\/www.sotrender.com\/blog\/pl\/wp-json\/wp\/v2\/comments?post=4273"}],"version-history":[{"count":18,"href":"https:\/\/www.sotrender.com\/blog\/pl\/wp-json\/wp\/v2\/posts\/4273\/revisions"}],"predecessor-version":[{"id":14679,"href":"https:\/\/www.sotrender.com\/blog\/pl\/wp-json\/wp\/v2\/posts\/4273\/revisions\/14679"}],"wp:attachment":[{"href":"https:\/\/www.sotrender.com\/blog\/pl\/wp-json\/wp\/v2\/media?parent=4273"}],"wp:term":[{"taxonomy":"category","embeddable":true,"href":"https:\/\/www.sotrender.com\/blog\/pl\/wp-json\/wp\/v2\/categories?post=4273"},{"taxonomy":"post_tag","embeddable":true,"href":"https:\/\/www.sotrender.com\/blog\/pl\/wp-json\/wp\/v2\/tags?post=4273"}],"curies":[{"name":"wp","href":"https:\/\/api.w.org\/{rel}","templated":true}]}}