{"id":42481,"date":"2021-03-10T09:18:06","date_gmt":"2021-03-10T08:18:06","guid":{"rendered":"https:\/\/www.sotrender.com\/blog\/?p=42481\/"},"modified":"2021-03-11T10:30:43","modified_gmt":"2021-03-11T09:30:43","slug":"facebook-trends-luty-2021-muzyczne-przedwiosnie","status":"publish","type":"post","link":"https:\/\/www.sotrender.com\/blog\/pl\/2021\/03\/facebook-trends-luty-2021-muzyczne-przedwiosnie\/","title":{"rendered":"Facebook Trends luty 2021 &#8211; muzyczne przedwio\u015bnie"},"content":{"rendered":"<p><span style=\"font-weight: 400;\">Akcja #MediaBezWyboru, t\u0142usty czwartek i&#8230; dzie\u0144 kota &#8211; w\u0142a\u015bnie tak mogliby\u015bmy podsumowa\u0107 to, co publikowane by\u0142o w lutym na Facebooku.\u00a0<\/span><\/p>\n<p><!--more--><\/p>\n<p><span style=\"font-weight: 400;\">Nie mo\u017cemy te\u017c zapomnie\u0107, \u017ce pod koniec miesi\u0105ca poznali\u015bmy nowego mistrza \u015bwiata &#8211; Piotra \u017by\u0142\u0119 oraz cieszyli\u015bmy si\u0119 z kolejnych sukces\u00f3w Igi \u015awi\u0105tek.<\/span><\/p>\n<p><span style=\"font-weight: 400;\">Zapraszamy na najnowszy raport <a href=\"https:\/\/www.sotrender.com\/trends\/facebook\/poland\/202102\">Facebook Trends luty 2021<\/a>!<\/span><\/p>\n<h2><strong>Muzycy nowego pokolenia\u00a0<\/strong><\/h2>\n<p><span style=\"font-weight: 400;\">W po\u0142owie lutego swoj\u0105 premier\u0119 mia\u0142 najnowszy singiel Dawida Kwiatkowskiego. Teledysk, w kt\u00f3rym wyst\u0105pi\u0142a m.in. Maffashion, ju\u017c po 10 dniach od publikacji na YouTubie mia\u0142 ponad milion wy\u015bwietle\u0144 na tej w\u0142a\u015bnie platformie.\u00a0<\/span><\/p>\n<p><span style=\"font-weight: 400;\">Napi\u0119cie, kt\u00f3re budowano na profilu Dawida przed premier\u0105, przynios\u0142o zamierzony skutek &#8211; wzros\u0142o zar\u00f3wno zaanga\u017cowanie pod postami, jak i liczba aktywnych u\u017cytkownik\u00f3w.\u00a0<\/span><\/p>\n<div id=\"attachment_42497\" style=\"width: 810px\" class=\"wp-caption aligncenter\"><img loading=\"lazy\" decoding=\"async\" aria-describedby=\"caption-attachment-42497\" class=\" wp-image-42497\" src=\"https:\/\/www.sotrender.com\/blog\/wp-content\/uploads\/2021\/03\/Zrzut-ekranu-2021-03-3-o-10.35.03.png\" alt=\"Dawid Kwiatkowski Facebook\" width=\"800\" height=\"179\" srcset=\"https:\/\/www.sotrender.com\/blog\/wp-content\/uploads\/2021\/03\/Zrzut-ekranu-2021-03-3-o-10.35.03.png 993w, https:\/\/www.sotrender.com\/blog\/wp-content\/uploads\/2021\/03\/Zrzut-ekranu-2021-03-3-o-10.35.03-475x106.png 475w, https:\/\/www.sotrender.com\/blog\/wp-content\/uploads\/2021\/03\/Zrzut-ekranu-2021-03-3-o-10.35.03-768x172.png 768w, https:\/\/www.sotrender.com\/blog\/wp-content\/uploads\/2021\/03\/Zrzut-ekranu-2021-03-3-o-10.35.03-950x212.png 950w\" sizes=\"(max-width: 800px) 100vw, 800px\" \/><p id=\"caption-attachment-42497\" class=\"wp-caption-text\">Awans profilu Dawida Kwiatkowskiego w kategorii <a href=\"https:\/\/www.sotrender.com\/trends\/facebook\/poland\/202102\/osoby\/muzycy_zespoly\">Muzycy i zespo\u0142y<\/a> pod k\u0105tem liczby Aktywnych u\u017cytkownik\u00f3w w lutym 2021<\/p><\/div>\n<p><span style=\"font-weight: 400;\">R\u00f3wnie\u017c Dawid Podsiad\u0142o ponownie namiesza\u0142 w kategorii <a href=\"https:\/\/www.sotrender.com\/trends\/facebook\/poland\/202102\/osoby\/muzycy_zespoly\">Muzycy i zespo\u0142y<\/a>. Muzyk w t\u0142usty czwartek postanowi\u0142 podzieli\u0107 si\u0119 z fanami swoim nowym projektem, kt\u00f3rym, jak si\u0119 okaza\u0142o, jest podcast prowadzony wsp\u00f3lnie z Radkiem Kotarskim. Podcasterzy zapraszaj\u0105 do wsp\u00f3lnych spotka\u0144 przy \u201csymbolicznym stoliku\u201d w ka\u017cdy czwartek. Pierwsze odcinki dost\u0119pne s\u0105 ju\u017c na kanale <\/span><a href=\"https:\/\/www.youtube.com\/channel\/UC50xc0gZ4tFi261wCFK91lw\/videos\"><span style=\"font-weight: 400;\">Podsiad\u0142o &amp; Kotarski<\/span><\/a><span style=\"font-weight: 400;\">.\u00a0<\/span><\/p>\n<p><span style=\"font-weight: 400;\">Mieli\u015bcie ju\u017c mo\u017ce okazj\u0119 ich wys\u0142ucha\u0107? Jak Wasze wra\u017cenia?<\/span><\/p>\n<div id=\"attachment_42499\" style=\"width: 813px\" class=\"wp-caption aligncenter\"><img loading=\"lazy\" decoding=\"async\" aria-describedby=\"caption-attachment-42499\" class=\" wp-image-42499\" src=\"https:\/\/www.sotrender.com\/blog\/wp-content\/uploads\/2021\/03\/Zrzut-ekranu-2021-03-3-o-10.34.45.png\" alt=\"dawid podsiad\u0142o facebook\" width=\"803\" height=\"199\" srcset=\"https:\/\/www.sotrender.com\/blog\/wp-content\/uploads\/2021\/03\/Zrzut-ekranu-2021-03-3-o-10.34.45.png 1021w, https:\/\/www.sotrender.com\/blog\/wp-content\/uploads\/2021\/03\/Zrzut-ekranu-2021-03-3-o-10.34.45-475x118.png 475w, https:\/\/www.sotrender.com\/blog\/wp-content\/uploads\/2021\/03\/Zrzut-ekranu-2021-03-3-o-10.34.45-768x190.png 768w, https:\/\/www.sotrender.com\/blog\/wp-content\/uploads\/2021\/03\/Zrzut-ekranu-2021-03-3-o-10.34.45-950x235.png 950w\" sizes=\"(max-width: 803px) 100vw, 803px\" \/><p id=\"caption-attachment-42499\" class=\"wp-caption-text\">Profile muzyk\u00f3w o najwi\u0119kszym zaanga\u017cowaniu na Facebooku w lutym 2021 roku<\/p><\/div>\n<p><span style=\"font-weight: 400;\">Nic dziwnego, \u017ce Podsiad\u0142o awansowa\u0142 w zestawieniu zaanga\u017cowania w kategorii <a href=\"https:\/\/www.sotrender.com\/trends\/facebook\/poland\/202102\/osoby\/muzycy_zespoly\">Muzycy i zespo\u0142y<\/a> a\u017c o 32 pozycje.<\/span><\/p>\n<h2><strong>Melodia ze Szczecina\u00a0<\/strong><\/h2>\n<p><span style=\"font-weight: 400;\">Pozostajemy w temacie muzycznym. By\u0107 mo\u017ce cz\u0119\u015b\u0107 z Was widzia\u0142a wideo z hashtagiem #BrawoSzczecin na profilu S\u0142awomira Nitrasa. To nic innego jak najnowszy utw\u00f3r szczeci\u0144skiego zespo\u0142u Burakura \u201cWstydzi si\u0119 ciebie kraj\u201d, kt\u00f3ry jest odpowiedzi\u0105 na kontrowersyjne dzia\u0142ania policji podczas Strajku Kobiet.\u00a0<\/span><\/p>\n<div id=\"attachment_42501\" style=\"width: 809px\" class=\"wp-caption aligncenter\"><img loading=\"lazy\" decoding=\"async\" aria-describedby=\"caption-attachment-42501\" class=\"wp-image-42501\" src=\"https:\/\/www.sotrender.com\/blog\/wp-content\/uploads\/2021\/03\/Zrzut-ekranu-2021-03-3-o-11.02.00.png\" alt=\"politycy facebook\" width=\"799\" height=\"381\" srcset=\"https:\/\/www.sotrender.com\/blog\/wp-content\/uploads\/2021\/03\/Zrzut-ekranu-2021-03-3-o-11.02.00.png 1002w, https:\/\/www.sotrender.com\/blog\/wp-content\/uploads\/2021\/03\/Zrzut-ekranu-2021-03-3-o-11.02.00-475x227.png 475w, https:\/\/www.sotrender.com\/blog\/wp-content\/uploads\/2021\/03\/Zrzut-ekranu-2021-03-3-o-11.02.00-768x366.png 768w, https:\/\/www.sotrender.com\/blog\/wp-content\/uploads\/2021\/03\/Zrzut-ekranu-2021-03-3-o-11.02.00-950x453.png 950w\" sizes=\"(max-width: 799px) 100vw, 799px\" \/><p id=\"caption-attachment-42501\" class=\"wp-caption-text\">Najlepsze posty w kategorii <a href=\"https:\/\/www.sotrender.com\/trends\/facebook\/poland\/202102\/osoby\/politycy\">Politycy<\/a> | Facebook luty 2021<\/p><\/div>\n<p><span style=\"font-weight: 400;\">Podczas gdy na YouTubie Burakury wideo ma obecnie 240 tys wy\u015bwietle\u0144, na profilu Nitrasa &#8211; ponad 575 tys.\u00a0<\/span><\/p>\n<p><span style=\"font-weight: 400;\">Wiele reakcji i komentarzy pod wideo opublikowanym na profilu polityka, spowodowa\u0142o jego awans w zestawieniu zaanga\u017cowania a\u017c o 18 pozycji, na wysokie czwarte miejsce.\u00a0<\/span><\/p>\n<div id=\"attachment_42503\" style=\"width: 813px\" class=\"wp-caption aligncenter\"><img loading=\"lazy\" decoding=\"async\" aria-describedby=\"caption-attachment-42503\" class=\" wp-image-42503\" src=\"https:\/\/www.sotrender.com\/blog\/wp-content\/uploads\/2021\/03\/Zrzut-ekranu-2021-03-3-o-11.07.29.png\" alt=\"nitras facebook\" width=\"803\" height=\"206\" srcset=\"https:\/\/www.sotrender.com\/blog\/wp-content\/uploads\/2021\/03\/Zrzut-ekranu-2021-03-3-o-11.07.29.png 995w, https:\/\/www.sotrender.com\/blog\/wp-content\/uploads\/2021\/03\/Zrzut-ekranu-2021-03-3-o-11.07.29-475x122.png 475w, https:\/\/www.sotrender.com\/blog\/wp-content\/uploads\/2021\/03\/Zrzut-ekranu-2021-03-3-o-11.07.29-768x197.png 768w, https:\/\/www.sotrender.com\/blog\/wp-content\/uploads\/2021\/03\/Zrzut-ekranu-2021-03-3-o-11.07.29-950x243.png 950w\" sizes=\"(max-width: 803px) 100vw, 803px\" \/><p id=\"caption-attachment-42503\" class=\"wp-caption-text\">Profile <a href=\"https:\/\/www.sotrender.com\/trends\/facebook\/poland\/202102\/osoby\/politycy\">polityk\u00f3w<\/a> o najwi\u0119kszym zaanga\u017cowaniu | Facebook luty 2021<\/p><\/div>\n<h2><strong>TVP czy TVN?<\/strong><\/h2>\n<p><span style=\"font-weight: 400;\">TVP i TVN nieustannie walcz\u0105 mi\u0119dzy sob\u0105 o uwag\u0119 widz\u00f3w i jak najlepsze wyniki ogl\u0105dalno\u015bci. Postanowili\u015bmy sprawdzi\u0107, jak sytuacja wygl\u0105da na Facebooku.\u00a0<\/span><\/p>\n<p><span style=\"font-weight: 400;\">Profilem o najwi\u0119kszym zaanga\u017cowaniu w kategorii <a href=\"https:\/\/www.sotrender.com\/trends\/facebook\/poland\/202102\/media\/telewizja\">Telewizja<\/a> w lutym by\u0142 TVN24, wyprzedzaj\u0105c TVP Sport i tvp.info.\u00a0<\/span><\/p>\n<div id=\"attachment_42505\" style=\"width: 811px\" class=\"wp-caption aligncenter\"><img loading=\"lazy\" decoding=\"async\" aria-describedby=\"caption-attachment-42505\" class=\" wp-image-42505\" src=\"https:\/\/www.sotrender.com\/blog\/wp-content\/uploads\/2021\/03\/Zrzut-ekranu-2021-03-3-o-10.12.45.png\" alt=\"tvn24 facebook\" width=\"801\" height=\"174\" srcset=\"https:\/\/www.sotrender.com\/blog\/wp-content\/uploads\/2021\/03\/Zrzut-ekranu-2021-03-3-o-10.12.45.png 996w, https:\/\/www.sotrender.com\/blog\/wp-content\/uploads\/2021\/03\/Zrzut-ekranu-2021-03-3-o-10.12.45-475x103.png 475w, https:\/\/www.sotrender.com\/blog\/wp-content\/uploads\/2021\/03\/Zrzut-ekranu-2021-03-3-o-10.12.45-768x167.png 768w, https:\/\/www.sotrender.com\/blog\/wp-content\/uploads\/2021\/03\/Zrzut-ekranu-2021-03-3-o-10.12.45-950x206.png 950w\" sizes=\"(max-width: 801px) 100vw, 801px\" \/><p id=\"caption-attachment-42505\" class=\"wp-caption-text\">Profile w kategorii <a href=\"https:\/\/www.sotrender.com\/trends\/facebook\/poland\/202102\/media\/telewizja\">Telewizja<\/a> o najwi\u0119kszym zaanga\u017cowaniu | Facebook luty 2021<\/p><\/div>\n<p><span style=\"font-weight: 400;\">R\u00f3wnie\u017c je\u015bli chodzi o <a href=\"https:\/\/www.sotrender.com\/trends\/facebook\/poland\/202102\/media\/telewizja\/programy_telewizyjne\">programy telewizyjne<\/a>, wi\u0119kszym zaanga\u017cowaniem cieszy\u0142y si\u0119 programy TVNu. Profil Dzie\u0144 Dobry TVN znalaz\u0142 si\u0119 o dwie pozycje wy\u017cej ni\u017c profil konkurencyjnej produkcji, czyli Pytania na \u015bniadanie, cho\u0107 to Pytanie na \u015bniadanie odnotowa\u0142o wi\u0119kszy przyrost zaanga\u017cowania.\u00a0<\/span><\/p>\n<div id=\"attachment_42507\" style=\"width: 810px\" class=\"wp-caption aligncenter\"><img loading=\"lazy\" decoding=\"async\" aria-describedby=\"caption-attachment-42507\" class=\"wp-image-42507\" src=\"https:\/\/www.sotrender.com\/blog\/wp-content\/uploads\/2021\/03\/Zrzut-ekranu-2021-03-3-o-10.13.50.png\" alt=\"Dzie\u0144 dobry tvn facebook\" width=\"800\" height=\"228\" srcset=\"https:\/\/www.sotrender.com\/blog\/wp-content\/uploads\/2021\/03\/Zrzut-ekranu-2021-03-3-o-10.13.50.png 1013w, https:\/\/www.sotrender.com\/blog\/wp-content\/uploads\/2021\/03\/Zrzut-ekranu-2021-03-3-o-10.13.50-475x136.png 475w, https:\/\/www.sotrender.com\/blog\/wp-content\/uploads\/2021\/03\/Zrzut-ekranu-2021-03-3-o-10.13.50-768x219.png 768w, https:\/\/www.sotrender.com\/blog\/wp-content\/uploads\/2021\/03\/Zrzut-ekranu-2021-03-3-o-10.13.50-950x271.png 950w\" sizes=\"(max-width: 800px) 100vw, 800px\" \/><p id=\"caption-attachment-42507\" class=\"wp-caption-text\">Profile w kategorii <a href=\"https:\/\/www.sotrender.com\/trends\/facebook\/poland\/202102\/media\/telewizja\/programy_telewizyjne\">Programy TV<\/a> o najwi\u0119kszym zaanga\u017cowaniu | Facebook luty 2021<\/p><\/div>\n<p><span style=\"font-weight: 400;\">Warto te\u017c wspomnie\u0107 o profilu The Voice Kids, kt\u00f3ry odnotowa\u0142 ponad 500% wzrost zaanga\u017cowania w por\u00f3wnaniu do poprzedniego miesi\u0105ca. Wszystko za spraw\u0105 nowej edycji programu, kt\u00f3ra zacz\u0119\u0142a by\u0107 transmitowana pod koniec lutego.\u00a0<\/span><\/p>\n<div id=\"attachment_42511\" style=\"width: 810px\" class=\"wp-caption aligncenter\"><img loading=\"lazy\" decoding=\"async\" aria-describedby=\"caption-attachment-42511\" class=\"wp-image-42511\" src=\"https:\/\/www.sotrender.com\/blog\/wp-content\/uploads\/2021\/03\/Zrzut-ekranu-2021-03-3-o-10.18.05.png\" alt=\"the voice kids facebook\" width=\"800\" height=\"138\" srcset=\"https:\/\/www.sotrender.com\/blog\/wp-content\/uploads\/2021\/03\/Zrzut-ekranu-2021-03-3-o-10.18.05.png 1006w, https:\/\/www.sotrender.com\/blog\/wp-content\/uploads\/2021\/03\/Zrzut-ekranu-2021-03-3-o-10.18.05-475x82.png 475w, https:\/\/www.sotrender.com\/blog\/wp-content\/uploads\/2021\/03\/Zrzut-ekranu-2021-03-3-o-10.18.05-768x132.png 768w, https:\/\/www.sotrender.com\/blog\/wp-content\/uploads\/2021\/03\/Zrzut-ekranu-2021-03-3-o-10.18.05-950x163.png 950w\" sizes=\"(max-width: 800px) 100vw, 800px\" \/><p id=\"caption-attachment-42511\" class=\"wp-caption-text\">Awans profilu The Voice Kids w kategorii <a href=\"https:\/\/www.sotrender.com\/trends\/facebook\/poland\/202102\/media\/telewizja\/programy_telewizyjne\">Programy TV<\/a> | Facebook luty 2021<\/p><\/div>\n<p><span style=\"font-weight: 400;\">W zestawieniu najlepszych post\u00f3w bezkonkurencyjny by\u0142 jednak post TVP Sport, kt\u00f3ry opublikowano tu\u017c po zwyci\u0119stwie Piotra \u017by\u0142y na mistrzostwach \u015bwiata na skoczni normalnej. Wideo &#8211; wywiad z Piotrkiem zebra\u0142o ponad 2 miliony wy\u015bwietle\u0144, ponad 96 tys. reakcji i niespe\u0142na 5 tys. komentarzy.\u00a0<\/span><\/p>\n<div id=\"attachment_42515\" style=\"width: 809px\" class=\"wp-caption aligncenter\"><img loading=\"lazy\" decoding=\"async\" aria-describedby=\"caption-attachment-42515\" class=\" wp-image-42515\" src=\"https:\/\/www.sotrender.com\/blog\/wp-content\/uploads\/2021\/03\/Zrzut-ekranu-2021-03-3-o-10.25.53.png\" alt=\"tvp sport piotr \u017cy\u0142a\" width=\"799\" height=\"381\" srcset=\"https:\/\/www.sotrender.com\/blog\/wp-content\/uploads\/2021\/03\/Zrzut-ekranu-2021-03-3-o-10.25.53.png 980w, https:\/\/www.sotrender.com\/blog\/wp-content\/uploads\/2021\/03\/Zrzut-ekranu-2021-03-3-o-10.25.53-475x226.png 475w, https:\/\/www.sotrender.com\/blog\/wp-content\/uploads\/2021\/03\/Zrzut-ekranu-2021-03-3-o-10.25.53-768x366.png 768w, https:\/\/www.sotrender.com\/blog\/wp-content\/uploads\/2021\/03\/Zrzut-ekranu-2021-03-3-o-10.25.53-950x453.png 950w\" sizes=\"(max-width: 799px) 100vw, 799px\" \/><p id=\"caption-attachment-42515\" class=\"wp-caption-text\">Najlepsze posty w kategorii <a href=\"https:\/\/www.sotrender.com\/trends\/facebook\/poland\/202102\/media\/telewizja\">Telewizja<\/a> w lutym na Facebooku<\/p><\/div>\n<p><span style=\"font-weight: 400;\">To wszystko, co przygotowali\u015bmy dla Was w tym miesi\u0105cu. Zach\u0119camy do sprawdzenia pe\u0142nego wydania raportu Facebook Trends.\u00a0<\/span><\/p>\n<p>&nbsp;<\/p>\n","protected":false},"excerpt":{"rendered":"<p>Akcja #MediaBezWyboru, t\u0142usty czwartek i&#8230; dzie\u0144 kota &#8211; w\u0142a\u015bnie tak mogliby\u015bmy podsumowa\u0107 to, co publikowane by\u0142o w lutym na Facebooku.\u00a0<\/p>\n","protected":false},"author":89,"featured_media":42485,"comment_status":"open","ping_status":"open","sticky":false,"template":"","format":"standard","meta":{"inline_featured_image":false,"footnotes":""},"categories":[1797,2125,2275],"tags":[1551,2001,2307,2795,3063],"yoast_head":"<!-- This site is optimized with the Yoast SEO plugin v22.4 - https:\/\/yoast.com\/wordpress\/plugins\/seo\/ -->\n<title>Facebook Trends luty 2021 - muzyczne przedwio\u015bnie<\/title>\n<meta name=\"description\" content=\"Akcja #MediaBezWyboru, t\u0142usty czwartek i... dzie\u0144 kota - w\u0142a\u015bnie tak mogliby\u015bmy podsumowa\u0107 to, co publikowane by\u0142o w lutym na polskim Facebooku.\u00a0\" \/>\n<meta name=\"robots\" content=\"index, follow, max-snippet:-1, max-image-preview:large, max-video-preview:-1\" \/>\n<link rel=\"canonical\" href=\"https:\/\/www.sotrender.com\/blog\/pl\/2021\/03\/facebook-trends-luty-2021-muzyczne-przedwiosnie\/\" \/>\n<meta property=\"og:locale\" content=\"pl_PL\" \/>\n<meta property=\"og:type\" content=\"article\" \/>\n<meta property=\"og:title\" content=\"Facebook Trends luty 2021 - muzyczne przedwio\u015bnie\" \/>\n<meta property=\"og:description\" content=\"Akcja #MediaBezWyboru, t\u0142usty czwartek i... dzie\u0144 kota - w\u0142a\u015bnie tak mogliby\u015bmy podsumowa\u0107 to, co publikowane by\u0142o w lutym na polskim Facebooku.\u00a0\" \/>\n<meta property=\"og:url\" content=\"https:\/\/www.sotrender.com\/blog\/pl\/2021\/03\/facebook-trends-luty-2021-muzyczne-przedwiosnie\/\" \/>\n<meta property=\"og:site_name\" content=\"Sotrender Blog\" \/>\n<meta property=\"article:publisher\" content=\"https:\/\/www.facebook.com\/Sotrender\" \/>\n<meta property=\"article:published_time\" content=\"2021-03-10T08:18:06+00:00\" \/>\n<meta property=\"article:modified_time\" content=\"2021-03-11T09:30:43+00:00\" \/>\n<meta property=\"og:image\" content=\"https:\/\/www.sotrender.com\/blog\/wp-content\/uploads\/2021\/03\/soundtrap-h6PDEdr9IZo-unsplash-1.jpg\" \/>\n\t<meta property=\"og:image:width\" content=\"1920\" \/>\n\t<meta property=\"og:image:height\" content=\"1280\" \/>\n\t<meta property=\"og:image:type\" content=\"image\/jpeg\" \/>\n<meta name=\"author\" content=\"Klaudia \u017by\u0142ka\" \/>\n<meta name=\"twitter:card\" content=\"summary_large_image\" \/>\n<meta name=\"twitter:creator\" content=\"@Sotrender\" \/>\n<meta name=\"twitter:site\" content=\"@Sotrender\" \/>\n<meta name=\"twitter:label1\" content=\"Written by\" \/>\n\t<meta name=\"twitter:data1\" content=\"Klaudia \u017by\u0142ka\" \/>\n\t<meta name=\"twitter:label2\" content=\"Est. reading time\" \/>\n\t<meta name=\"twitter:data2\" content=\"3 minutes\" \/>\n<script type=\"application\/ld+json\" class=\"yoast-schema-graph\">{\"@context\":\"https:\/\/schema.org\",\"@graph\":[{\"@type\":\"WebPage\",\"@id\":\"https:\/\/www.sotrender.com\/blog\/pl\/2021\/03\/facebook-trends-luty-2021-muzyczne-przedwiosnie\/\",\"url\":\"https:\/\/www.sotrender.com\/blog\/pl\/2021\/03\/facebook-trends-luty-2021-muzyczne-przedwiosnie\/\",\"name\":\"Facebook Trends luty 2021 - muzyczne przedwio\u015bnie\",\"isPartOf\":{\"@id\":\"https:\/\/www.sotrender.com\/blog\/#website\"},\"primaryImageOfPage\":{\"@id\":\"https:\/\/www.sotrender.com\/blog\/pl\/2021\/03\/facebook-trends-luty-2021-muzyczne-przedwiosnie\/#primaryimage\"},\"image\":{\"@id\":\"https:\/\/www.sotrender.com\/blog\/pl\/2021\/03\/facebook-trends-luty-2021-muzyczne-przedwiosnie\/#primaryimage\"},\"thumbnailUrl\":\"https:\/\/www.sotrender.com\/blog\/wp-content\/uploads\/2021\/03\/soundtrap-h6PDEdr9IZo-unsplash-1.jpg\",\"datePublished\":\"2021-03-10T08:18:06+00:00\",\"dateModified\":\"2021-03-11T09:30:43+00:00\",\"author\":{\"@id\":\"https:\/\/www.sotrender.com\/blog\/#\/schema\/person\/038ac5e276c5d102d8cbb9c36cd43416\"},\"description\":\"Akcja #MediaBezWyboru, t\u0142usty czwartek i... dzie\u0144 kota - w\u0142a\u015bnie tak mogliby\u015bmy podsumowa\u0107 to, co publikowane by\u0142o w lutym na polskim Facebooku.\u00a0\",\"breadcrumb\":{\"@id\":\"https:\/\/www.sotrender.com\/blog\/pl\/2021\/03\/facebook-trends-luty-2021-muzyczne-przedwiosnie\/#breadcrumb\"},\"inLanguage\":\"pl-PL\",\"potentialAction\":[{\"@type\":\"ReadAction\",\"target\":[\"https:\/\/www.sotrender.com\/blog\/pl\/2021\/03\/facebook-trends-luty-2021-muzyczne-przedwiosnie\/\"]}]},{\"@type\":\"ImageObject\",\"inLanguage\":\"pl-PL\",\"@id\":\"https:\/\/www.sotrender.com\/blog\/pl\/2021\/03\/facebook-trends-luty-2021-muzyczne-przedwiosnie\/#primaryimage\",\"url\":\"https:\/\/www.sotrender.com\/blog\/wp-content\/uploads\/2021\/03\/soundtrap-h6PDEdr9IZo-unsplash-1.jpg\",\"contentUrl\":\"https:\/\/www.sotrender.com\/blog\/wp-content\/uploads\/2021\/03\/soundtrap-h6PDEdr9IZo-unsplash-1.jpg\",\"width\":1920,\"height\":1280},{\"@type\":\"BreadcrumbList\",\"@id\":\"https:\/\/www.sotrender.com\/blog\/pl\/2021\/03\/facebook-trends-luty-2021-muzyczne-przedwiosnie\/#breadcrumb\",\"itemListElement\":[{\"@type\":\"ListItem\",\"position\":1,\"name\":\"Home\",\"item\":\"https:\/\/www.sotrender.com\/blog\/\"},{\"@type\":\"ListItem\",\"position\":2,\"name\":\"Facebook Trends luty 2021 &#8211; muzyczne przedwio\u015bnie\"}]},{\"@type\":\"WebSite\",\"@id\":\"https:\/\/www.sotrender.com\/blog\/#website\",\"url\":\"https:\/\/www.sotrender.com\/blog\/\",\"name\":\"Sotrender Blog\",\"description\":\"\",\"potentialAction\":[{\"@type\":\"SearchAction\",\"target\":{\"@type\":\"EntryPoint\",\"urlTemplate\":\"https:\/\/www.sotrender.com\/blog\/?s={search_term_string}\"},\"query-input\":\"required name=search_term_string\"}],\"inLanguage\":\"pl-PL\"},{\"@type\":\"Person\",\"@id\":\"https:\/\/www.sotrender.com\/blog\/#\/schema\/person\/038ac5e276c5d102d8cbb9c36cd43416\",\"name\":\"Klaudia \u017by\u0142ka\",\"image\":{\"@type\":\"ImageObject\",\"inLanguage\":\"pl-PL\",\"@id\":\"https:\/\/www.sotrender.com\/blog\/#\/schema\/person\/image\/\",\"url\":\"https:\/\/secure.gravatar.com\/avatar\/f55d5d49ce3c448e1ffde0ab078d84cd?s=96&d=mm&r=g\",\"contentUrl\":\"https:\/\/secure.gravatar.com\/avatar\/f55d5d49ce3c448e1ffde0ab078d84cd?s=96&d=mm&r=g\",\"caption\":\"Klaudia \u017by\u0142ka\"},\"description\":\"Instagram, dogs, books and food lover. Former student at Warsaw University and Malm\u00f6 University. Improving her marketing skills every day. Proud owner of DIMAQ certificate\",\"sameAs\":[\"https:\/\/www.linkedin.com\/in\/klaudia-\u017cy\u0142ka-17527779\"],\"url\":\"https:\/\/www.sotrender.com\/blog\/pl\/author\/klaudia_yka\/\"}]}<\/script>\n<!-- \/ Yoast SEO plugin. -->","yoast_head_json":{"title":"Facebook Trends luty 2021 - muzyczne przedwio\u015bnie","description":"Akcja #MediaBezWyboru, t\u0142usty czwartek i... dzie\u0144 kota - w\u0142a\u015bnie tak mogliby\u015bmy podsumowa\u0107 to, co publikowane by\u0142o w lutym na polskim Facebooku.\u00a0","robots":{"index":"index","follow":"follow","max-snippet":"max-snippet:-1","max-image-preview":"max-image-preview:large","max-video-preview":"max-video-preview:-1"},"canonical":"https:\/\/www.sotrender.com\/blog\/pl\/2021\/03\/facebook-trends-luty-2021-muzyczne-przedwiosnie\/","og_locale":"pl_PL","og_type":"article","og_title":"Facebook Trends luty 2021 - muzyczne przedwio\u015bnie","og_description":"Akcja #MediaBezWyboru, t\u0142usty czwartek i... dzie\u0144 kota - w\u0142a\u015bnie tak mogliby\u015bmy podsumowa\u0107 to, co publikowane by\u0142o w lutym na polskim Facebooku.\u00a0","og_url":"https:\/\/www.sotrender.com\/blog\/pl\/2021\/03\/facebook-trends-luty-2021-muzyczne-przedwiosnie\/","og_site_name":"Sotrender Blog","article_publisher":"https:\/\/www.facebook.com\/Sotrender","article_published_time":"2021-03-10T08:18:06+00:00","article_modified_time":"2021-03-11T09:30:43+00:00","og_image":[{"width":1920,"height":1280,"url":"https:\/\/www.sotrender.com\/blog\/wp-content\/uploads\/2021\/03\/soundtrap-h6PDEdr9IZo-unsplash-1.jpg","type":"image\/jpeg"}],"author":"Klaudia \u017by\u0142ka","twitter_card":"summary_large_image","twitter_creator":"@Sotrender","twitter_site":"@Sotrender","twitter_misc":{"Written by":"Klaudia \u017by\u0142ka","Est. reading time":"3 minutes"},"schema":{"@context":"https:\/\/schema.org","@graph":[{"@type":"WebPage","@id":"https:\/\/www.sotrender.com\/blog\/pl\/2021\/03\/facebook-trends-luty-2021-muzyczne-przedwiosnie\/","url":"https:\/\/www.sotrender.com\/blog\/pl\/2021\/03\/facebook-trends-luty-2021-muzyczne-przedwiosnie\/","name":"Facebook Trends luty 2021 - muzyczne przedwio\u015bnie","isPartOf":{"@id":"https:\/\/www.sotrender.com\/blog\/#website"},"primaryImageOfPage":{"@id":"https:\/\/www.sotrender.com\/blog\/pl\/2021\/03\/facebook-trends-luty-2021-muzyczne-przedwiosnie\/#primaryimage"},"image":{"@id":"https:\/\/www.sotrender.com\/blog\/pl\/2021\/03\/facebook-trends-luty-2021-muzyczne-przedwiosnie\/#primaryimage"},"thumbnailUrl":"https:\/\/www.sotrender.com\/blog\/wp-content\/uploads\/2021\/03\/soundtrap-h6PDEdr9IZo-unsplash-1.jpg","datePublished":"2021-03-10T08:18:06+00:00","dateModified":"2021-03-11T09:30:43+00:00","author":{"@id":"https:\/\/www.sotrender.com\/blog\/#\/schema\/person\/038ac5e276c5d102d8cbb9c36cd43416"},"description":"Akcja #MediaBezWyboru, t\u0142usty czwartek i... dzie\u0144 kota - w\u0142a\u015bnie tak mogliby\u015bmy podsumowa\u0107 to, co publikowane by\u0142o w lutym na polskim Facebooku.\u00a0","breadcrumb":{"@id":"https:\/\/www.sotrender.com\/blog\/pl\/2021\/03\/facebook-trends-luty-2021-muzyczne-przedwiosnie\/#breadcrumb"},"inLanguage":"pl-PL","potentialAction":[{"@type":"ReadAction","target":["https:\/\/www.sotrender.com\/blog\/pl\/2021\/03\/facebook-trends-luty-2021-muzyczne-przedwiosnie\/"]}]},{"@type":"ImageObject","inLanguage":"pl-PL","@id":"https:\/\/www.sotrender.com\/blog\/pl\/2021\/03\/facebook-trends-luty-2021-muzyczne-przedwiosnie\/#primaryimage","url":"https:\/\/www.sotrender.com\/blog\/wp-content\/uploads\/2021\/03\/soundtrap-h6PDEdr9IZo-unsplash-1.jpg","contentUrl":"https:\/\/www.sotrender.com\/blog\/wp-content\/uploads\/2021\/03\/soundtrap-h6PDEdr9IZo-unsplash-1.jpg","width":1920,"height":1280},{"@type":"BreadcrumbList","@id":"https:\/\/www.sotrender.com\/blog\/pl\/2021\/03\/facebook-trends-luty-2021-muzyczne-przedwiosnie\/#breadcrumb","itemListElement":[{"@type":"ListItem","position":1,"name":"Home","item":"https:\/\/www.sotrender.com\/blog\/"},{"@type":"ListItem","position":2,"name":"Facebook Trends luty 2021 &#8211; muzyczne przedwio\u015bnie"}]},{"@type":"WebSite","@id":"https:\/\/www.sotrender.com\/blog\/#website","url":"https:\/\/www.sotrender.com\/blog\/","name":"Sotrender Blog","description":"","potentialAction":[{"@type":"SearchAction","target":{"@type":"EntryPoint","urlTemplate":"https:\/\/www.sotrender.com\/blog\/?s={search_term_string}"},"query-input":"required name=search_term_string"}],"inLanguage":"pl-PL"},{"@type":"Person","@id":"https:\/\/www.sotrender.com\/blog\/#\/schema\/person\/038ac5e276c5d102d8cbb9c36cd43416","name":"Klaudia \u017by\u0142ka","image":{"@type":"ImageObject","inLanguage":"pl-PL","@id":"https:\/\/www.sotrender.com\/blog\/#\/schema\/person\/image\/","url":"https:\/\/secure.gravatar.com\/avatar\/f55d5d49ce3c448e1ffde0ab078d84cd?s=96&d=mm&r=g","contentUrl":"https:\/\/secure.gravatar.com\/avatar\/f55d5d49ce3c448e1ffde0ab078d84cd?s=96&d=mm&r=g","caption":"Klaudia \u017by\u0142ka"},"description":"Instagram, dogs, books and food lover. Former student at Warsaw University and Malm\u00f6 University. Improving her marketing skills every day. Proud owner of DIMAQ certificate","sameAs":["https:\/\/www.linkedin.com\/in\/klaudia-\u017cy\u0142ka-17527779"],"url":"https:\/\/www.sotrender.com\/blog\/pl\/author\/klaudia_yka\/"}]}},"_links":{"self":[{"href":"https:\/\/www.sotrender.com\/blog\/pl\/wp-json\/wp\/v2\/posts\/42481"}],"collection":[{"href":"https:\/\/www.sotrender.com\/blog\/pl\/wp-json\/wp\/v2\/posts"}],"about":[{"href":"https:\/\/www.sotrender.com\/blog\/pl\/wp-json\/wp\/v2\/types\/post"}],"author":[{"embeddable":true,"href":"https:\/\/www.sotrender.com\/blog\/pl\/wp-json\/wp\/v2\/users\/89"}],"replies":[{"embeddable":true,"href":"https:\/\/www.sotrender.com\/blog\/pl\/wp-json\/wp\/v2\/comments?post=42481"}],"version-history":[{"count":9,"href":"https:\/\/www.sotrender.com\/blog\/pl\/wp-json\/wp\/v2\/posts\/42481\/revisions"}],"predecessor-version":[{"id":42547,"href":"https:\/\/www.sotrender.com\/blog\/pl\/wp-json\/wp\/v2\/posts\/42481\/revisions\/42547"}],"wp:featuredmedia":[{"embeddable":true,"href":"https:\/\/www.sotrender.com\/blog\/pl\/wp-json\/wp\/v2\/media\/42485"}],"wp:attachment":[{"href":"https:\/\/www.sotrender.com\/blog\/pl\/wp-json\/wp\/v2\/media?parent=42481"}],"wp:term":[{"taxonomy":"category","embeddable":true,"href":"https:\/\/www.sotrender.com\/blog\/pl\/wp-json\/wp\/v2\/categories?post=42481"},{"taxonomy":"post_tag","embeddable":true,"href":"https:\/\/www.sotrender.com\/blog\/pl\/wp-json\/wp\/v2\/tags?post=42481"}],"curies":[{"name":"wp","href":"https:\/\/api.w.org\/{rel}","templated":true}]}}