{"id":42315,"date":"2021-02-11T12:33:37","date_gmt":"2021-02-11T11:33:37","guid":{"rendered":"https:\/\/www.sotrender.com\/blog\/?p=42315\/"},"modified":"2021-02-11T12:35:45","modified_gmt":"2021-02-11T11:35:45","slug":"twitter-w-polsce-podsumowanie-2020-roku-infografika","status":"publish","type":"post","link":"https:\/\/www.sotrender.com\/blog\/pl\/2021\/02\/twitter-w-polsce-podsumowanie-2020-roku-infografika\/","title":{"rendered":"Twitter w Polsce \u2013 podsumowanie 2020 roku [INFOGRAFIKA]"},"content":{"rendered":"<p><span style=\"font-weight: 400;\">Twitter w 2020 roku bardzo nas nie zaskoczy\u0142 &#8211; by\u0142o du\u017co polityki i sportu, a najcz\u0119\u015bciej wspominanymi i najbardziej aktywnymi profilami by\u0142y te nale\u017c\u0105ce do serwis\u00f3w informacyjnych.\u00a0<\/span><\/p>\n<p><span style=\"font-weight: 400;\">Zapraszamy na podsumowanie minionego roku na Twitterze!\u00a0<\/span><\/p>\n<p><!--more--><\/p>\n<p><span style=\"font-weight: 400;\">Zestawienie najwi\u0119kszych profili na polskim Twitterze prezentuje si\u0119 bez wi\u0119kszych zmian w por\u00f3wnaniu do naszej <\/span><a href=\"https:\/\/www.sotrender.com\/blog\/pl\/2020\/01\/twitter-w-polsce-podsumowanie-2019-roku-infografika\/\"><span style=\"font-weight: 400;\">infografiki podsumowuj\u0105cej 2019 rok<\/span><\/a><span style=\"font-weight: 400;\">. Wyj\u0105tkiem jest samo podium &#8211; <\/span><b>Robert Lewandowski wyprzedzi\u0142 profil tvn24 i jest obecnie najwi\u0119kszym profilem<\/b><span style=\"font-weight: 400;\">, z kolei Andrzej Duda wyprzedzi\u0142 Donalda Tuska i znalaz\u0142 si\u0119 na miejscu trzecim w rankingu.\u00a0<\/span><\/p>\n<p><span style=\"font-weight: 400;\">Co ciekawe, podczas gdy <\/span><b>rok temu jedynie 5 profili przekroczy\u0142o pr\u00f3g miliona obserwuj\u0105cych, na koniec 2020 roku ju\u017c 9 profili mog\u0142o si\u0119 pochwali\u0107 takim wynikiem<\/b><span style=\"font-weight: 400;\">. Dodatkowo, dwa najwi\u0119ksze z nich zbli\u017caj\u0105 si\u0119 do granicy p\u00f3\u0142tora miliona obserwuj\u0105cych.<\/span><\/p>\n<p><span style=\"font-weight: 400;\">W 2020 roku do TOP10 awansowa\u0142 r\u00f3wnie\u017c profil CD PROJEKT RED tak\u017ce gromadz\u0105c ponad milion followers\u00f3w.\u00a0<\/span><\/p>\n<p><span style=\"font-weight: 400;\">To w\u0142a\u015bnie <\/span><b>CD PROJEKT RED by\u0142 najszybciej rosn\u0105cym profilem<\/b><span style=\"font-weight: 400;\"> na Twitterze w minionym roku (z przyrostem o 73%). W TOP3 utrzyma\u0142 si\u0119 profil Auschwitz Memorial, a na miejscu trzecim uplasowa\u0142 si\u0119 <\/span><b>profil Rafa\u0142a Trzaskowskiego ze wzrostem liczby obserwuj\u0105cych o 123%<\/b><span style=\"font-weight: 400;\">. Ponad dwukrotnie wzros\u0142a r\u00f3wnie\u017c followers\u00f3w na profilu Mateusza Morawieckiego (przyrost o 130%).\u00a0<\/span><\/p>\n<p><b>Najbardziej anga\u017cuj\u0105cym profilem, ju\u017c drugi rok z rz\u0119du, by\u0142 profil Auschwitz Memorial. <\/b><span style=\"font-weight: 400;\">Na drugie miejsce awansowa\u0142 Tomasz Lis, a tu\u017c za podium, na miejscu czwartym znalaz\u0142 si\u0119 obecny prezydent stolicy.\u00a0<\/span><\/p>\n<p><span style=\"font-weight: 400;\">Jakie profile najcz\u0119\u015bciej wspominali w swoich tweetach u\u017cytkownicy platformy? <\/span><b>W 2020 roku by\u0142 to profil tvp.info, kt\u00f3ry by\u0142 wspomniany ponad 460 tys. razy wi\u0119cej ni\u017c w 2019 roku. <\/b><span style=\"font-weight: 400;\">Ponad 500 tys. razy wspominali\u015bmy r\u00f3wnie\u017c profile Andrzeja Dudy, Mateusza Morawieckiego i Tomasza Lisa.\u00a0<\/span><\/p>\n<p><span style=\"font-weight: 400;\">Z kolei najwi\u0119cej tweet\u00f3w opublikowanych zosta\u0142o na profilu Telewizji Republika. Warto zauwa\u017cy\u0107, \u017ce profil ten pierwszy raz znajduje si\u0119 w naszym TOP5, i to od razu na miejscu pierwszym. <\/span><b>Drugim najcz\u0119\u015bciej tweetuj\u0105cym profilem by\u0142 ten prowadzony przez Janusza Piechoci\u0144skiego &#8211; polityk w 2020 roku wysy\u0142a\u0142 w \u015bwiat niespe\u0142na dwa razy wi\u0119cej tweet\u00f3w ni\u017c w 2019 roku.<br \/>\n<\/b><span style=\"font-weight: 400;\">Co ciekawe, Radio Maryja, kt\u00f3re by\u0142o zawsze jednym z najbardziej aktywnych profili znalaz\u0142o si\u0119 w tym roku poza TOP5, na miejscu sz\u00f3stym.\u00a0<\/span><\/p>\n<p><span style=\"font-weight: 400;\"><strong>Trzy najbardziej anga\u017cuj\u0105ce tweety roku opublikowa\u0142 Robert Lewandowski, a w TOP15 a\u017c 7 tweet\u00f3w nale\u017ca\u0142o do pi\u0142karza.<\/strong><br \/>\nW czo\u0142\u00f3wce znalaz\u0142 si\u0119 r\u00f3wnie\u017c tweet Micha\u0142a Kwiatkowskiego, kt\u00f3ry sportowiec opublikowa\u0142 po wygranej w Tour de France.<br \/>\n<\/span><span style=\"font-weight: 400;\">W minionym roku znacznie mniej interakcji zebra\u0142y z kolei posty na profilu Auschwitz Memorial &#8211; jedynie trzy posty znalaz\u0142y si\u0119 w TOP15 (w 2019 roku by\u0142o ich a\u017c 11).\u00a0<\/span><\/p>\n<p><span style=\"font-weight: 400;\">Wi\u0119cej szczeg\u00f3\u0142\u00f3w znajdziecie na naszej infografice. \ud83d\ude09\u00a0<\/span><\/p>\n<p><img loading=\"lazy\" decoding=\"async\" class=\"aligncenter size-full wp-image-42337\" src=\"https:\/\/www.sotrender.com\/blog\/wp-content\/uploads\/2021\/02\/TT_2020_01.png\" alt=\"twitter w 2020\" width=\"900\" height=\"6010\" srcset=\"https:\/\/www.sotrender.com\/blog\/wp-content\/uploads\/2021\/02\/TT_2020_01.png 900w, https:\/\/www.sotrender.com\/blog\/wp-content\/uploads\/2021\/02\/TT_2020_01-475x3172.png 475w, https:\/\/www.sotrender.com\/blog\/wp-content\/uploads\/2021\/02\/TT_2020_01-768x5129.png 768w\" sizes=\"(max-width: 900px) 100vw, 900px\" \/><\/p>\n<p>&nbsp;<\/p>\n","protected":false},"excerpt":{"rendered":"<p>Twitter w 2020 roku bardzo nas nie zaskoczy\u0142 &#8211; by\u0142o du\u017co polityki i sportu, a najcz\u0119\u015bciej wspominanymi i najbardziej aktywnymi profilami by\u0142y te nale\u017c\u0105ce do serwis\u00f3w informacyjnych.\u00a0 Zapraszamy na podsumowanie minionego roku na Twitterze!\u00a0<\/p>\n","protected":false},"author":89,"featured_media":42317,"comment_status":"open","ping_status":"open","sticky":false,"template":"","format":"standard","meta":{"inline_featured_image":false,"footnotes":""},"categories":[1793,1799,2125],"tags":[725,889,1915],"yoast_head":"<!-- This site is optimized with the Yoast SEO plugin v22.4 - https:\/\/yoast.com\/wordpress\/plugins\/seo\/ -->\n<title>Twitter w Polsce \u2013 podsumowanie 2020 roku [INFOGRAFIKA]<\/title>\n<meta name=\"description\" content=\"Twitter w 2020 roku bardzo nas nie zaskoczy\u0142 - by\u0142o du\u017co polityki i sportu, a najbardziej aktywnymi profilami by\u0142y te nale\u017c\u0105ce do serwis\u00f3w informacyjnych.\u00a0\" \/>\n<meta name=\"robots\" content=\"index, follow, max-snippet:-1, max-image-preview:large, max-video-preview:-1\" \/>\n<link rel=\"canonical\" href=\"https:\/\/www.sotrender.com\/blog\/pl\/2021\/02\/twitter-w-polsce-podsumowanie-2020-roku-infografika\/\" \/>\n<meta property=\"og:locale\" content=\"pl_PL\" \/>\n<meta property=\"og:type\" content=\"article\" \/>\n<meta property=\"og:title\" content=\"Twitter w Polsce \u2013 podsumowanie 2020 roku [INFOGRAFIKA]\" \/>\n<meta property=\"og:description\" content=\"Twitter w 2020 roku bardzo nas nie zaskoczy\u0142 - by\u0142o du\u017co polityki i sportu, a najbardziej aktywnymi profilami by\u0142y te nale\u017c\u0105ce do serwis\u00f3w informacyjnych.\u00a0\" \/>\n<meta property=\"og:url\" content=\"https:\/\/www.sotrender.com\/blog\/pl\/2021\/02\/twitter-w-polsce-podsumowanie-2020-roku-infografika\/\" \/>\n<meta property=\"og:site_name\" content=\"Sotrender Blog\" \/>\n<meta property=\"article:publisher\" content=\"https:\/\/www.facebook.com\/Sotrender\" \/>\n<meta property=\"article:published_time\" content=\"2021-02-11T11:33:37+00:00\" \/>\n<meta property=\"article:modified_time\" content=\"2021-02-11T11:35:45+00:00\" \/>\n<meta property=\"og:image\" content=\"https:\/\/www.sotrender.com\/blog\/wp-content\/uploads\/2021\/02\/obi-onyeador-UEQvUtRs224-unsplash.jpg\" \/>\n\t<meta property=\"og:image:width\" content=\"1920\" \/>\n\t<meta property=\"og:image:height\" content=\"1440\" \/>\n\t<meta property=\"og:image:type\" content=\"image\/jpeg\" \/>\n<meta name=\"author\" content=\"Klaudia \u017by\u0142ka\" \/>\n<meta name=\"twitter:card\" content=\"summary_large_image\" \/>\n<meta name=\"twitter:creator\" content=\"@Sotrender\" \/>\n<meta name=\"twitter:site\" content=\"@Sotrender\" \/>\n<meta name=\"twitter:label1\" content=\"Written by\" \/>\n\t<meta name=\"twitter:data1\" content=\"Klaudia \u017by\u0142ka\" \/>\n\t<meta name=\"twitter:label2\" content=\"Est. reading time\" \/>\n\t<meta name=\"twitter:data2\" content=\"2 minutes\" \/>\n<script type=\"application\/ld+json\" class=\"yoast-schema-graph\">{\"@context\":\"https:\/\/schema.org\",\"@graph\":[{\"@type\":\"WebPage\",\"@id\":\"https:\/\/www.sotrender.com\/blog\/pl\/2021\/02\/twitter-w-polsce-podsumowanie-2020-roku-infografika\/\",\"url\":\"https:\/\/www.sotrender.com\/blog\/pl\/2021\/02\/twitter-w-polsce-podsumowanie-2020-roku-infografika\/\",\"name\":\"Twitter w Polsce \u2013 podsumowanie 2020 roku [INFOGRAFIKA]\",\"isPartOf\":{\"@id\":\"https:\/\/www.sotrender.com\/blog\/#website\"},\"primaryImageOfPage\":{\"@id\":\"https:\/\/www.sotrender.com\/blog\/pl\/2021\/02\/twitter-w-polsce-podsumowanie-2020-roku-infografika\/#primaryimage\"},\"image\":{\"@id\":\"https:\/\/www.sotrender.com\/blog\/pl\/2021\/02\/twitter-w-polsce-podsumowanie-2020-roku-infografika\/#primaryimage\"},\"thumbnailUrl\":\"https:\/\/www.sotrender.com\/blog\/wp-content\/uploads\/2021\/02\/obi-onyeador-UEQvUtRs224-unsplash.jpg\",\"datePublished\":\"2021-02-11T11:33:37+00:00\",\"dateModified\":\"2021-02-11T11:35:45+00:00\",\"author\":{\"@id\":\"https:\/\/www.sotrender.com\/blog\/#\/schema\/person\/038ac5e276c5d102d8cbb9c36cd43416\"},\"description\":\"Twitter w 2020 roku bardzo nas nie zaskoczy\u0142 - by\u0142o du\u017co polityki i sportu, a najbardziej aktywnymi profilami by\u0142y te nale\u017c\u0105ce do serwis\u00f3w informacyjnych.\u00a0\",\"breadcrumb\":{\"@id\":\"https:\/\/www.sotrender.com\/blog\/pl\/2021\/02\/twitter-w-polsce-podsumowanie-2020-roku-infografika\/#breadcrumb\"},\"inLanguage\":\"pl-PL\",\"potentialAction\":[{\"@type\":\"ReadAction\",\"target\":[\"https:\/\/www.sotrender.com\/blog\/pl\/2021\/02\/twitter-w-polsce-podsumowanie-2020-roku-infografika\/\"]}]},{\"@type\":\"ImageObject\",\"inLanguage\":\"pl-PL\",\"@id\":\"https:\/\/www.sotrender.com\/blog\/pl\/2021\/02\/twitter-w-polsce-podsumowanie-2020-roku-infografika\/#primaryimage\",\"url\":\"https:\/\/www.sotrender.com\/blog\/wp-content\/uploads\/2021\/02\/obi-onyeador-UEQvUtRs224-unsplash.jpg\",\"contentUrl\":\"https:\/\/www.sotrender.com\/blog\/wp-content\/uploads\/2021\/02\/obi-onyeador-UEQvUtRs224-unsplash.jpg\",\"width\":1920,\"height\":1440},{\"@type\":\"BreadcrumbList\",\"@id\":\"https:\/\/www.sotrender.com\/blog\/pl\/2021\/02\/twitter-w-polsce-podsumowanie-2020-roku-infografika\/#breadcrumb\",\"itemListElement\":[{\"@type\":\"ListItem\",\"position\":1,\"name\":\"Home\",\"item\":\"https:\/\/www.sotrender.com\/blog\/\"},{\"@type\":\"ListItem\",\"position\":2,\"name\":\"Twitter w Polsce \u2013 podsumowanie 2020 roku [INFOGRAFIKA]\"}]},{\"@type\":\"WebSite\",\"@id\":\"https:\/\/www.sotrender.com\/blog\/#website\",\"url\":\"https:\/\/www.sotrender.com\/blog\/\",\"name\":\"Sotrender Blog\",\"description\":\"\",\"potentialAction\":[{\"@type\":\"SearchAction\",\"target\":{\"@type\":\"EntryPoint\",\"urlTemplate\":\"https:\/\/www.sotrender.com\/blog\/?s={search_term_string}\"},\"query-input\":\"required name=search_term_string\"}],\"inLanguage\":\"pl-PL\"},{\"@type\":\"Person\",\"@id\":\"https:\/\/www.sotrender.com\/blog\/#\/schema\/person\/038ac5e276c5d102d8cbb9c36cd43416\",\"name\":\"Klaudia \u017by\u0142ka\",\"image\":{\"@type\":\"ImageObject\",\"inLanguage\":\"pl-PL\",\"@id\":\"https:\/\/www.sotrender.com\/blog\/#\/schema\/person\/image\/\",\"url\":\"https:\/\/secure.gravatar.com\/avatar\/f55d5d49ce3c448e1ffde0ab078d84cd?s=96&d=mm&r=g\",\"contentUrl\":\"https:\/\/secure.gravatar.com\/avatar\/f55d5d49ce3c448e1ffde0ab078d84cd?s=96&d=mm&r=g\",\"caption\":\"Klaudia \u017by\u0142ka\"},\"description\":\"Instagram, dogs, books and food lover. Former student at Warsaw University and Malm\u00f6 University. Improving her marketing skills every day. Proud owner of DIMAQ certificate\",\"sameAs\":[\"https:\/\/www.linkedin.com\/in\/klaudia-\u017cy\u0142ka-17527779\"],\"url\":\"https:\/\/www.sotrender.com\/blog\/pl\/author\/klaudia_yka\/\"}]}<\/script>\n<!-- \/ Yoast SEO plugin. -->","yoast_head_json":{"title":"Twitter w Polsce \u2013 podsumowanie 2020 roku [INFOGRAFIKA]","description":"Twitter w 2020 roku bardzo nas nie zaskoczy\u0142 - by\u0142o du\u017co polityki i sportu, a najbardziej aktywnymi profilami by\u0142y te nale\u017c\u0105ce do serwis\u00f3w informacyjnych.\u00a0","robots":{"index":"index","follow":"follow","max-snippet":"max-snippet:-1","max-image-preview":"max-image-preview:large","max-video-preview":"max-video-preview:-1"},"canonical":"https:\/\/www.sotrender.com\/blog\/pl\/2021\/02\/twitter-w-polsce-podsumowanie-2020-roku-infografika\/","og_locale":"pl_PL","og_type":"article","og_title":"Twitter w Polsce \u2013 podsumowanie 2020 roku [INFOGRAFIKA]","og_description":"Twitter w 2020 roku bardzo nas nie zaskoczy\u0142 - by\u0142o du\u017co polityki i sportu, a najbardziej aktywnymi profilami by\u0142y te nale\u017c\u0105ce do serwis\u00f3w informacyjnych.\u00a0","og_url":"https:\/\/www.sotrender.com\/blog\/pl\/2021\/02\/twitter-w-polsce-podsumowanie-2020-roku-infografika\/","og_site_name":"Sotrender Blog","article_publisher":"https:\/\/www.facebook.com\/Sotrender","article_published_time":"2021-02-11T11:33:37+00:00","article_modified_time":"2021-02-11T11:35:45+00:00","og_image":[{"width":1920,"height":1440,"url":"https:\/\/www.sotrender.com\/blog\/wp-content\/uploads\/2021\/02\/obi-onyeador-UEQvUtRs224-unsplash.jpg","type":"image\/jpeg"}],"author":"Klaudia \u017by\u0142ka","twitter_card":"summary_large_image","twitter_creator":"@Sotrender","twitter_site":"@Sotrender","twitter_misc":{"Written by":"Klaudia \u017by\u0142ka","Est. reading time":"2 minutes"},"schema":{"@context":"https:\/\/schema.org","@graph":[{"@type":"WebPage","@id":"https:\/\/www.sotrender.com\/blog\/pl\/2021\/02\/twitter-w-polsce-podsumowanie-2020-roku-infografika\/","url":"https:\/\/www.sotrender.com\/blog\/pl\/2021\/02\/twitter-w-polsce-podsumowanie-2020-roku-infografika\/","name":"Twitter w Polsce \u2013 podsumowanie 2020 roku [INFOGRAFIKA]","isPartOf":{"@id":"https:\/\/www.sotrender.com\/blog\/#website"},"primaryImageOfPage":{"@id":"https:\/\/www.sotrender.com\/blog\/pl\/2021\/02\/twitter-w-polsce-podsumowanie-2020-roku-infografika\/#primaryimage"},"image":{"@id":"https:\/\/www.sotrender.com\/blog\/pl\/2021\/02\/twitter-w-polsce-podsumowanie-2020-roku-infografika\/#primaryimage"},"thumbnailUrl":"https:\/\/www.sotrender.com\/blog\/wp-content\/uploads\/2021\/02\/obi-onyeador-UEQvUtRs224-unsplash.jpg","datePublished":"2021-02-11T11:33:37+00:00","dateModified":"2021-02-11T11:35:45+00:00","author":{"@id":"https:\/\/www.sotrender.com\/blog\/#\/schema\/person\/038ac5e276c5d102d8cbb9c36cd43416"},"description":"Twitter w 2020 roku bardzo nas nie zaskoczy\u0142 - by\u0142o du\u017co polityki i sportu, a najbardziej aktywnymi profilami by\u0142y te nale\u017c\u0105ce do serwis\u00f3w informacyjnych.\u00a0","breadcrumb":{"@id":"https:\/\/www.sotrender.com\/blog\/pl\/2021\/02\/twitter-w-polsce-podsumowanie-2020-roku-infografika\/#breadcrumb"},"inLanguage":"pl-PL","potentialAction":[{"@type":"ReadAction","target":["https:\/\/www.sotrender.com\/blog\/pl\/2021\/02\/twitter-w-polsce-podsumowanie-2020-roku-infografika\/"]}]},{"@type":"ImageObject","inLanguage":"pl-PL","@id":"https:\/\/www.sotrender.com\/blog\/pl\/2021\/02\/twitter-w-polsce-podsumowanie-2020-roku-infografika\/#primaryimage","url":"https:\/\/www.sotrender.com\/blog\/wp-content\/uploads\/2021\/02\/obi-onyeador-UEQvUtRs224-unsplash.jpg","contentUrl":"https:\/\/www.sotrender.com\/blog\/wp-content\/uploads\/2021\/02\/obi-onyeador-UEQvUtRs224-unsplash.jpg","width":1920,"height":1440},{"@type":"BreadcrumbList","@id":"https:\/\/www.sotrender.com\/blog\/pl\/2021\/02\/twitter-w-polsce-podsumowanie-2020-roku-infografika\/#breadcrumb","itemListElement":[{"@type":"ListItem","position":1,"name":"Home","item":"https:\/\/www.sotrender.com\/blog\/"},{"@type":"ListItem","position":2,"name":"Twitter w Polsce \u2013 podsumowanie 2020 roku [INFOGRAFIKA]"}]},{"@type":"WebSite","@id":"https:\/\/www.sotrender.com\/blog\/#website","url":"https:\/\/www.sotrender.com\/blog\/","name":"Sotrender Blog","description":"","potentialAction":[{"@type":"SearchAction","target":{"@type":"EntryPoint","urlTemplate":"https:\/\/www.sotrender.com\/blog\/?s={search_term_string}"},"query-input":"required name=search_term_string"}],"inLanguage":"pl-PL"},{"@type":"Person","@id":"https:\/\/www.sotrender.com\/blog\/#\/schema\/person\/038ac5e276c5d102d8cbb9c36cd43416","name":"Klaudia \u017by\u0142ka","image":{"@type":"ImageObject","inLanguage":"pl-PL","@id":"https:\/\/www.sotrender.com\/blog\/#\/schema\/person\/image\/","url":"https:\/\/secure.gravatar.com\/avatar\/f55d5d49ce3c448e1ffde0ab078d84cd?s=96&d=mm&r=g","contentUrl":"https:\/\/secure.gravatar.com\/avatar\/f55d5d49ce3c448e1ffde0ab078d84cd?s=96&d=mm&r=g","caption":"Klaudia \u017by\u0142ka"},"description":"Instagram, dogs, books and food lover. Former student at Warsaw University and Malm\u00f6 University. Improving her marketing skills every day. Proud owner of DIMAQ certificate","sameAs":["https:\/\/www.linkedin.com\/in\/klaudia-\u017cy\u0142ka-17527779"],"url":"https:\/\/www.sotrender.com\/blog\/pl\/author\/klaudia_yka\/"}]}},"_links":{"self":[{"href":"https:\/\/www.sotrender.com\/blog\/pl\/wp-json\/wp\/v2\/posts\/42315"}],"collection":[{"href":"https:\/\/www.sotrender.com\/blog\/pl\/wp-json\/wp\/v2\/posts"}],"about":[{"href":"https:\/\/www.sotrender.com\/blog\/pl\/wp-json\/wp\/v2\/types\/post"}],"author":[{"embeddable":true,"href":"https:\/\/www.sotrender.com\/blog\/pl\/wp-json\/wp\/v2\/users\/89"}],"replies":[{"embeddable":true,"href":"https:\/\/www.sotrender.com\/blog\/pl\/wp-json\/wp\/v2\/comments?post=42315"}],"version-history":[{"count":9,"href":"https:\/\/www.sotrender.com\/blog\/pl\/wp-json\/wp\/v2\/posts\/42315\/revisions"}],"predecessor-version":[{"id":42341,"href":"https:\/\/www.sotrender.com\/blog\/pl\/wp-json\/wp\/v2\/posts\/42315\/revisions\/42341"}],"wp:featuredmedia":[{"embeddable":true,"href":"https:\/\/www.sotrender.com\/blog\/pl\/wp-json\/wp\/v2\/media\/42317"}],"wp:attachment":[{"href":"https:\/\/www.sotrender.com\/blog\/pl\/wp-json\/wp\/v2\/media?parent=42315"}],"wp:term":[{"taxonomy":"category","embeddable":true,"href":"https:\/\/www.sotrender.com\/blog\/pl\/wp-json\/wp\/v2\/categories?post=42315"},{"taxonomy":"post_tag","embeddable":true,"href":"https:\/\/www.sotrender.com\/blog\/pl\/wp-json\/wp\/v2\/tags?post=42315"}],"curies":[{"name":"wp","href":"https:\/\/api.w.org\/{rel}","templated":true}]}}