{"id":42243,"date":"2021-02-03T09:20:24","date_gmt":"2021-02-03T08:20:24","guid":{"rendered":"https:\/\/www.sotrender.com\/blog\/?p=42243\/"},"modified":"2021-02-03T09:20:23","modified_gmt":"2021-02-03T08:20:23","slug":"facebook-w-polsce-podsumowanie-2020-roku-infografika","status":"publish","type":"post","link":"https:\/\/www.sotrender.com\/blog\/pl\/2021\/02\/facebook-w-polsce-podsumowanie-2020-roku-infografika\/","title":{"rendered":"Facebook w Polsce \u2013 podsumowanie 2020 roku [INFOGRAFIKA]"},"content":{"rendered":"<p><span style=\"font-weight: 400;\">2020 rok przejdzie do historii, jednak mimo wszystko warto uwieczni\u0107 jego najwa\u017cniejsze wydarzenia. Pandemia, wybory prezydenckie, strajki kobiet\u2026 to wszystko wielokrotnie zaprz\u0105ta\u0142o nasze my\u015bli, co doskonale wida\u0107 by\u0142o te\u017c na Facebooku.<\/span><\/p>\n<p><span style=\"font-weight: 400;\">Jak co roku, przygotowali\u015bmy dla Was infografik\u0119 podsumowuj\u0105c\u0105 miniony rok na tej w\u0142a\u015bnie platformie.\u00a0<\/span><\/p>\n<p><!--more--><\/p>\n<p><b>Najwi\u0119ksze profile<\/b><span style=\"font-weight: 400;\"> na polskim Facebooku niezmiennie od kilku ju\u017c lat nale\u017c\u0105 do <\/span><b>pi\u0142karzy: Lewandowskiego, B\u0142aszczykowskiego i Piszczka<\/b><span style=\"font-weight: 400;\">. W czo\u0142owej pi\u0105tce, podobnie jak w zesz\u0142ym roku, znalaz\u0142 si\u0119 r\u00f3wnie\u017c profil Play oraz Allegro. Ciekawe jest jednak to, \u017ce w por\u00f3wnaniu do 2019 roku, liczba fan\u00f3w na profilu Play spad\u0142a o 35 tys.\u00a0<\/span><\/p>\n<p><b>Zestawienie najszybciej rosn\u0105cych profili jest doskona\u0142ym odzwierciedleniem wydarze\u0144 minionego roku. <\/b><span style=\"font-weight: 400;\">W TOP5 znalaz\u0142 si\u0119 profil <\/span><span style=\"font-weight: 400;\">KiK\u015a &#8211; Konflikty i katastrofy \u015bwiatowe<\/span><span style=\"font-weight: 400;\"> oraz profil Szymona Ho\u0142owni, za\u015b na kolejnych miejscach profile:<br \/>\n<\/span>6. Dzikiego Trenera (przyrost o 60%),<br \/>\n7. Rafa\u0142a Trzaskowskiego (przyrost o 248%),<br \/>\n8. Og\u00f3lnopolskiego Strajku Kobiet (przyrost o 456%).<\/p>\n<p><span style=\"font-weight: 400;\">Bez zaskoczenia najcz\u0119\u015bciej u\u017cywanymi hashtagami by\u0142o te dotycz\u0105ce pandemii: <\/span><b>#zosta\u0144wdomu <\/b><span style=\"font-weight: 400;\">oraz <\/span><b>#koronawirus<\/b><span style=\"font-weight: 400;\">.\u00a0<\/span><\/p>\n<p><span style=\"font-weight: 400;\"><strong>Najuwa\u017cniejszymi moderatorami ponownie pochwali\u0107 si\u0119 mog\u0105 czo\u0142owe polskie firmy telekomunikacyjne.<\/strong> Cho\u0107 TOP5 w por\u00f3wnaniu do naszej <\/span><a href=\"https:\/\/www.sotrender.com\/blog\/pl\/2020\/01\/facebook-w-polsce-podsumowanie-2019-roku-infografika\/\"><span style=\"font-weight: 400;\">analizy podsumowuj\u0105cej 2019 rok<\/span><\/a><span style=\"font-weight: 400;\"> wygl\u0105da bez zmian, Allegro awansowa\u0142o o dwie pozycje, odpowiadaj\u0105c na ponad 1800 post\u00f3w u\u017cytkownik\u00f3w.<\/span><\/p>\n<p><span style=\"font-weight: 400;\">Do <strong>najbardziej aktywnych<\/strong> co roku profili, czyli <\/span><span style=\"font-weight: 400;\">Radia Maryja<\/span><span style=\"font-weight: 400;\"> i <\/span><span style=\"font-weight: 400;\">Soku z Buraka<\/span><span style=\"font-weight: 400;\">, do\u0142\u0105czy\u0142y dwa <\/span><b>profile po\u015bwi\u0119cone ci\u0105\u017cy i macierzy\u0144stwu<\/b><span style=\"font-weight: 400;\">: <\/span><span style=\"font-weight: 400;\">Mamy Mamom<\/span><span style=\"font-weight: 400;\"> oraz <\/span><span style=\"font-weight: 400;\">Ci\u0105\u017ca &#8211; pytania i odpowiedzi<\/span><span style=\"font-weight: 400;\">. S\u0105 to <\/span><b>profile prowadzone w formule Q&amp;A<\/b><span style=\"font-weight: 400;\">: u\u017cytkownicy mog\u0105 zadawa\u0107 nurtuj\u0105ce ich pytania w wiadomo\u015bci prywatnej, a nast\u0119pnie s\u0105 one anonimowo publikowane na profilu.\u00a0<\/span><\/p>\n<p><span style=\"font-weight: 400;\">Z kolei najlepsze posty 2020 roku dotyczy\u0142y g\u0142\u00f3wnie triumf\u00f3w Roberta Lewandowskiego, pandemii i kwarantanny oraz polityki. Nie zabrak\u0142o r\u00f3wnie\u017c \u015bmiesznych filmik\u00f3w &#8211; i to w\u0142a\u015bnie one by\u0142y najbardziej anga\u017cuj\u0105cymi tre\u015bciami minionego roku.\u00a0<\/span><\/p>\n<p><span style=\"font-weight: 400;\">W zestawieniu zdecydowanie zabrak\u0142o jednak post\u00f3w od Coca-Coli, kt\u00f3ra dotychczas by\u0142a sta\u0142ym bywalcem naszych podsumowa\u0144 rocznych. Pow\u00f3d jest prosty, w wyniku pandemii przed \u015bwi\u0119tami nie wyjecha\u0142a s\u0142ynna ju\u017c czerwona ci\u0119\u017car\u00f3wka.<\/span><\/p>\n<p><span style=\"font-weight: 400;\">Wszystkie szczeg\u00f3\u0142y znajdziecie na naszej infografice. \ud83d\ude09\u00a0<\/span><\/p>\n<p><span style=\"font-weight: 400;\">Przypominamy r\u00f3wnie\u017c o naszym <\/span><a href=\"https:\/\/www.sotrender.com\/blog\/pl\/2021\/01\/poznaj-pozycje-strategiczna-swojej-marki-w-social-media\/\"><span style=\"font-weight: 400;\">raporcie rocznym<\/span><\/a><span style=\"font-weight: 400;\">, dzi\u0119ki kt\u00f3remu \u0142atwiej przeanalizujecie skuteczno\u015b\u0107 Waszej strategii w 2020 roku, zrozumiecie kondycj\u0119 marki w trendzie czasowym, oraz na podstawie danych zoptymalizujecie dzia\u0142ania na najbli\u017csze miesi\u0105ce.\u00a0<\/span><\/p>\n<p><img loading=\"lazy\" decoding=\"async\" class=\"aligncenter size-full wp-image-42253\" src=\"https:\/\/www.sotrender.com\/blog\/wp-content\/uploads\/2021\/02\/FB_2020_01.jpg\" alt=\"\" width=\"900\" height=\"6880\" srcset=\"https:\/\/www.sotrender.com\/blog\/wp-content\/uploads\/2021\/02\/FB_2020_01.jpg 900w, https:\/\/www.sotrender.com\/blog\/wp-content\/uploads\/2021\/02\/FB_2020_01-475x3631.jpg 475w, https:\/\/www.sotrender.com\/blog\/wp-content\/uploads\/2021\/02\/FB_2020_01-768x5871.jpg 768w\" sizes=\"(max-width: 900px) 100vw, 900px\" \/><\/p>\n<p>&nbsp;<\/p>\n","protected":false},"excerpt":{"rendered":"<p>2020 rok przejdzie do historii, jednak mimo wszystko warto uwieczni\u0107 jego najwa\u017cniejsze wydarzenia. Pandemia, wybory prezydenckie, strajki kobiet\u2026 to wszystko wielokrotnie zaprz\u0105ta\u0142o nasze my\u015bli, co doskonale wida\u0107 by\u0142o te\u017c na Facebooku. Jak co roku, przygotowali\u015bmy dla Was infografik\u0119 podsumowuj\u0105c\u0105 miniony rok na tej w\u0142a\u015bnie platformie.\u00a0<\/p>\n","protected":false},"author":89,"featured_media":42251,"comment_status":"open","ping_status":"open","sticky":false,"template":"","format":"standard","meta":{"inline_featured_image":false,"footnotes":""},"categories":[1791,1797,2125,2275],"tags":[725,1477,2307,2745],"yoast_head":"<!-- This site is optimized with the Yoast SEO plugin v22.4 - https:\/\/yoast.com\/wordpress\/plugins\/seo\/ -->\n<title>Facebook w Polsce \u2013 podsumowanie 2020 roku [INFOGRAFIKA]<\/title>\n<meta name=\"description\" content=\"Jak wygl\u0105da\u0142 rok 2020 na polskim Facebooku? Czyje posty by\u0142y najbardziej anga\u017cuj\u0105ce? Kt\u00f3ry profil r\u00f3s\u0142 najszybciej? Zapraszamy na nasze podsumowanie!\" \/>\n<meta name=\"robots\" content=\"index, follow, max-snippet:-1, max-image-preview:large, max-video-preview:-1\" \/>\n<link rel=\"canonical\" href=\"https:\/\/www.sotrender.com\/blog\/pl\/2021\/02\/facebook-w-polsce-podsumowanie-2020-roku-infografika\/\" \/>\n<meta property=\"og:locale\" content=\"pl_PL\" \/>\n<meta property=\"og:type\" content=\"article\" \/>\n<meta property=\"og:title\" content=\"Facebook w Polsce \u2013 podsumowanie 2020 roku [INFOGRAFIKA]\" \/>\n<meta property=\"og:description\" content=\"Jak wygl\u0105da\u0142 rok 2020 na polskim Facebooku? Czyje posty by\u0142y najbardziej anga\u017cuj\u0105ce? Kt\u00f3ry profil r\u00f3s\u0142 najszybciej? Zapraszamy na nasze podsumowanie!\" \/>\n<meta property=\"og:url\" content=\"https:\/\/www.sotrender.com\/blog\/pl\/2021\/02\/facebook-w-polsce-podsumowanie-2020-roku-infografika\/\" \/>\n<meta property=\"og:site_name\" content=\"Sotrender Blog\" \/>\n<meta property=\"article:publisher\" content=\"https:\/\/www.facebook.com\/Sotrender\" \/>\n<meta property=\"article:published_time\" content=\"2021-02-03T08:20:24+00:00\" \/>\n<meta property=\"article:modified_time\" content=\"2021-02-03T08:20:23+00:00\" \/>\n<meta property=\"og:image\" content=\"https:\/\/www.sotrender.com\/blog\/wp-content\/uploads\/2021\/02\/kate-trifo-eqnto9Vey_U-unsplash.jpg\" \/>\n\t<meta property=\"og:image:width\" content=\"1920\" \/>\n\t<meta property=\"og:image:height\" content=\"1280\" \/>\n\t<meta property=\"og:image:type\" content=\"image\/jpeg\" \/>\n<meta name=\"author\" content=\"Klaudia \u017by\u0142ka\" \/>\n<meta name=\"twitter:card\" content=\"summary_large_image\" \/>\n<meta name=\"twitter:creator\" content=\"@Sotrender\" \/>\n<meta name=\"twitter:site\" content=\"@Sotrender\" \/>\n<meta name=\"twitter:label1\" content=\"Written by\" \/>\n\t<meta name=\"twitter:data1\" content=\"Klaudia \u017by\u0142ka\" \/>\n\t<meta name=\"twitter:label2\" content=\"Est. reading time\" \/>\n\t<meta name=\"twitter:data2\" content=\"2 minutes\" \/>\n<script type=\"application\/ld+json\" class=\"yoast-schema-graph\">{\"@context\":\"https:\/\/schema.org\",\"@graph\":[{\"@type\":\"WebPage\",\"@id\":\"https:\/\/www.sotrender.com\/blog\/pl\/2021\/02\/facebook-w-polsce-podsumowanie-2020-roku-infografika\/\",\"url\":\"https:\/\/www.sotrender.com\/blog\/pl\/2021\/02\/facebook-w-polsce-podsumowanie-2020-roku-infografika\/\",\"name\":\"Facebook w Polsce \u2013 podsumowanie 2020 roku [INFOGRAFIKA]\",\"isPartOf\":{\"@id\":\"https:\/\/www.sotrender.com\/blog\/#website\"},\"primaryImageOfPage\":{\"@id\":\"https:\/\/www.sotrender.com\/blog\/pl\/2021\/02\/facebook-w-polsce-podsumowanie-2020-roku-infografika\/#primaryimage\"},\"image\":{\"@id\":\"https:\/\/www.sotrender.com\/blog\/pl\/2021\/02\/facebook-w-polsce-podsumowanie-2020-roku-infografika\/#primaryimage\"},\"thumbnailUrl\":\"https:\/\/www.sotrender.com\/blog\/wp-content\/uploads\/2021\/02\/kate-trifo-eqnto9Vey_U-unsplash.jpg\",\"datePublished\":\"2021-02-03T08:20:24+00:00\",\"dateModified\":\"2021-02-03T08:20:23+00:00\",\"author\":{\"@id\":\"https:\/\/www.sotrender.com\/blog\/#\/schema\/person\/038ac5e276c5d102d8cbb9c36cd43416\"},\"description\":\"Jak wygl\u0105da\u0142 rok 2020 na polskim Facebooku? Czyje posty by\u0142y najbardziej anga\u017cuj\u0105ce? Kt\u00f3ry profil r\u00f3s\u0142 najszybciej? Zapraszamy na nasze podsumowanie!\",\"breadcrumb\":{\"@id\":\"https:\/\/www.sotrender.com\/blog\/pl\/2021\/02\/facebook-w-polsce-podsumowanie-2020-roku-infografika\/#breadcrumb\"},\"inLanguage\":\"pl-PL\",\"potentialAction\":[{\"@type\":\"ReadAction\",\"target\":[\"https:\/\/www.sotrender.com\/blog\/pl\/2021\/02\/facebook-w-polsce-podsumowanie-2020-roku-infografika\/\"]}]},{\"@type\":\"ImageObject\",\"inLanguage\":\"pl-PL\",\"@id\":\"https:\/\/www.sotrender.com\/blog\/pl\/2021\/02\/facebook-w-polsce-podsumowanie-2020-roku-infografika\/#primaryimage\",\"url\":\"https:\/\/www.sotrender.com\/blog\/wp-content\/uploads\/2021\/02\/kate-trifo-eqnto9Vey_U-unsplash.jpg\",\"contentUrl\":\"https:\/\/www.sotrender.com\/blog\/wp-content\/uploads\/2021\/02\/kate-trifo-eqnto9Vey_U-unsplash.jpg\",\"width\":1920,\"height\":1280},{\"@type\":\"BreadcrumbList\",\"@id\":\"https:\/\/www.sotrender.com\/blog\/pl\/2021\/02\/facebook-w-polsce-podsumowanie-2020-roku-infografika\/#breadcrumb\",\"itemListElement\":[{\"@type\":\"ListItem\",\"position\":1,\"name\":\"Home\",\"item\":\"https:\/\/www.sotrender.com\/blog\/\"},{\"@type\":\"ListItem\",\"position\":2,\"name\":\"Facebook w Polsce \u2013 podsumowanie 2020 roku [INFOGRAFIKA]\"}]},{\"@type\":\"WebSite\",\"@id\":\"https:\/\/www.sotrender.com\/blog\/#website\",\"url\":\"https:\/\/www.sotrender.com\/blog\/\",\"name\":\"Sotrender Blog\",\"description\":\"\",\"potentialAction\":[{\"@type\":\"SearchAction\",\"target\":{\"@type\":\"EntryPoint\",\"urlTemplate\":\"https:\/\/www.sotrender.com\/blog\/?s={search_term_string}\"},\"query-input\":\"required name=search_term_string\"}],\"inLanguage\":\"pl-PL\"},{\"@type\":\"Person\",\"@id\":\"https:\/\/www.sotrender.com\/blog\/#\/schema\/person\/038ac5e276c5d102d8cbb9c36cd43416\",\"name\":\"Klaudia \u017by\u0142ka\",\"image\":{\"@type\":\"ImageObject\",\"inLanguage\":\"pl-PL\",\"@id\":\"https:\/\/www.sotrender.com\/blog\/#\/schema\/person\/image\/\",\"url\":\"https:\/\/secure.gravatar.com\/avatar\/f55d5d49ce3c448e1ffde0ab078d84cd?s=96&d=mm&r=g\",\"contentUrl\":\"https:\/\/secure.gravatar.com\/avatar\/f55d5d49ce3c448e1ffde0ab078d84cd?s=96&d=mm&r=g\",\"caption\":\"Klaudia \u017by\u0142ka\"},\"description\":\"Instagram, dogs, books and food lover. Former student at Warsaw University and Malm\u00f6 University. Improving her marketing skills every day. Proud owner of DIMAQ certificate\",\"sameAs\":[\"https:\/\/www.linkedin.com\/in\/klaudia-\u017cy\u0142ka-17527779\"],\"url\":\"https:\/\/www.sotrender.com\/blog\/pl\/author\/klaudia_yka\/\"}]}<\/script>\n<!-- \/ Yoast SEO plugin. -->","yoast_head_json":{"title":"Facebook w Polsce \u2013 podsumowanie 2020 roku [INFOGRAFIKA]","description":"Jak wygl\u0105da\u0142 rok 2020 na polskim Facebooku? Czyje posty by\u0142y najbardziej anga\u017cuj\u0105ce? Kt\u00f3ry profil r\u00f3s\u0142 najszybciej? Zapraszamy na nasze podsumowanie!","robots":{"index":"index","follow":"follow","max-snippet":"max-snippet:-1","max-image-preview":"max-image-preview:large","max-video-preview":"max-video-preview:-1"},"canonical":"https:\/\/www.sotrender.com\/blog\/pl\/2021\/02\/facebook-w-polsce-podsumowanie-2020-roku-infografika\/","og_locale":"pl_PL","og_type":"article","og_title":"Facebook w Polsce \u2013 podsumowanie 2020 roku [INFOGRAFIKA]","og_description":"Jak wygl\u0105da\u0142 rok 2020 na polskim Facebooku? Czyje posty by\u0142y najbardziej anga\u017cuj\u0105ce? Kt\u00f3ry profil r\u00f3s\u0142 najszybciej? Zapraszamy na nasze podsumowanie!","og_url":"https:\/\/www.sotrender.com\/blog\/pl\/2021\/02\/facebook-w-polsce-podsumowanie-2020-roku-infografika\/","og_site_name":"Sotrender Blog","article_publisher":"https:\/\/www.facebook.com\/Sotrender","article_published_time":"2021-02-03T08:20:24+00:00","article_modified_time":"2021-02-03T08:20:23+00:00","og_image":[{"width":1920,"height":1280,"url":"https:\/\/www.sotrender.com\/blog\/wp-content\/uploads\/2021\/02\/kate-trifo-eqnto9Vey_U-unsplash.jpg","type":"image\/jpeg"}],"author":"Klaudia \u017by\u0142ka","twitter_card":"summary_large_image","twitter_creator":"@Sotrender","twitter_site":"@Sotrender","twitter_misc":{"Written by":"Klaudia \u017by\u0142ka","Est. reading time":"2 minutes"},"schema":{"@context":"https:\/\/schema.org","@graph":[{"@type":"WebPage","@id":"https:\/\/www.sotrender.com\/blog\/pl\/2021\/02\/facebook-w-polsce-podsumowanie-2020-roku-infografika\/","url":"https:\/\/www.sotrender.com\/blog\/pl\/2021\/02\/facebook-w-polsce-podsumowanie-2020-roku-infografika\/","name":"Facebook w Polsce \u2013 podsumowanie 2020 roku [INFOGRAFIKA]","isPartOf":{"@id":"https:\/\/www.sotrender.com\/blog\/#website"},"primaryImageOfPage":{"@id":"https:\/\/www.sotrender.com\/blog\/pl\/2021\/02\/facebook-w-polsce-podsumowanie-2020-roku-infografika\/#primaryimage"},"image":{"@id":"https:\/\/www.sotrender.com\/blog\/pl\/2021\/02\/facebook-w-polsce-podsumowanie-2020-roku-infografika\/#primaryimage"},"thumbnailUrl":"https:\/\/www.sotrender.com\/blog\/wp-content\/uploads\/2021\/02\/kate-trifo-eqnto9Vey_U-unsplash.jpg","datePublished":"2021-02-03T08:20:24+00:00","dateModified":"2021-02-03T08:20:23+00:00","author":{"@id":"https:\/\/www.sotrender.com\/blog\/#\/schema\/person\/038ac5e276c5d102d8cbb9c36cd43416"},"description":"Jak wygl\u0105da\u0142 rok 2020 na polskim Facebooku? Czyje posty by\u0142y najbardziej anga\u017cuj\u0105ce? Kt\u00f3ry profil r\u00f3s\u0142 najszybciej? Zapraszamy na nasze podsumowanie!","breadcrumb":{"@id":"https:\/\/www.sotrender.com\/blog\/pl\/2021\/02\/facebook-w-polsce-podsumowanie-2020-roku-infografika\/#breadcrumb"},"inLanguage":"pl-PL","potentialAction":[{"@type":"ReadAction","target":["https:\/\/www.sotrender.com\/blog\/pl\/2021\/02\/facebook-w-polsce-podsumowanie-2020-roku-infografika\/"]}]},{"@type":"ImageObject","inLanguage":"pl-PL","@id":"https:\/\/www.sotrender.com\/blog\/pl\/2021\/02\/facebook-w-polsce-podsumowanie-2020-roku-infografika\/#primaryimage","url":"https:\/\/www.sotrender.com\/blog\/wp-content\/uploads\/2021\/02\/kate-trifo-eqnto9Vey_U-unsplash.jpg","contentUrl":"https:\/\/www.sotrender.com\/blog\/wp-content\/uploads\/2021\/02\/kate-trifo-eqnto9Vey_U-unsplash.jpg","width":1920,"height":1280},{"@type":"BreadcrumbList","@id":"https:\/\/www.sotrender.com\/blog\/pl\/2021\/02\/facebook-w-polsce-podsumowanie-2020-roku-infografika\/#breadcrumb","itemListElement":[{"@type":"ListItem","position":1,"name":"Home","item":"https:\/\/www.sotrender.com\/blog\/"},{"@type":"ListItem","position":2,"name":"Facebook w Polsce \u2013 podsumowanie 2020 roku [INFOGRAFIKA]"}]},{"@type":"WebSite","@id":"https:\/\/www.sotrender.com\/blog\/#website","url":"https:\/\/www.sotrender.com\/blog\/","name":"Sotrender Blog","description":"","potentialAction":[{"@type":"SearchAction","target":{"@type":"EntryPoint","urlTemplate":"https:\/\/www.sotrender.com\/blog\/?s={search_term_string}"},"query-input":"required name=search_term_string"}],"inLanguage":"pl-PL"},{"@type":"Person","@id":"https:\/\/www.sotrender.com\/blog\/#\/schema\/person\/038ac5e276c5d102d8cbb9c36cd43416","name":"Klaudia \u017by\u0142ka","image":{"@type":"ImageObject","inLanguage":"pl-PL","@id":"https:\/\/www.sotrender.com\/blog\/#\/schema\/person\/image\/","url":"https:\/\/secure.gravatar.com\/avatar\/f55d5d49ce3c448e1ffde0ab078d84cd?s=96&d=mm&r=g","contentUrl":"https:\/\/secure.gravatar.com\/avatar\/f55d5d49ce3c448e1ffde0ab078d84cd?s=96&d=mm&r=g","caption":"Klaudia \u017by\u0142ka"},"description":"Instagram, dogs, books and food lover. Former student at Warsaw University and Malm\u00f6 University. Improving her marketing skills every day. Proud owner of DIMAQ certificate","sameAs":["https:\/\/www.linkedin.com\/in\/klaudia-\u017cy\u0142ka-17527779"],"url":"https:\/\/www.sotrender.com\/blog\/pl\/author\/klaudia_yka\/"}]}},"_links":{"self":[{"href":"https:\/\/www.sotrender.com\/blog\/pl\/wp-json\/wp\/v2\/posts\/42243"}],"collection":[{"href":"https:\/\/www.sotrender.com\/blog\/pl\/wp-json\/wp\/v2\/posts"}],"about":[{"href":"https:\/\/www.sotrender.com\/blog\/pl\/wp-json\/wp\/v2\/types\/post"}],"author":[{"embeddable":true,"href":"https:\/\/www.sotrender.com\/blog\/pl\/wp-json\/wp\/v2\/users\/89"}],"replies":[{"embeddable":true,"href":"https:\/\/www.sotrender.com\/blog\/pl\/wp-json\/wp\/v2\/comments?post=42243"}],"version-history":[{"count":7,"href":"https:\/\/www.sotrender.com\/blog\/pl\/wp-json\/wp\/v2\/posts\/42243\/revisions"}],"predecessor-version":[{"id":42261,"href":"https:\/\/www.sotrender.com\/blog\/pl\/wp-json\/wp\/v2\/posts\/42243\/revisions\/42261"}],"wp:featuredmedia":[{"embeddable":true,"href":"https:\/\/www.sotrender.com\/blog\/pl\/wp-json\/wp\/v2\/media\/42251"}],"wp:attachment":[{"href":"https:\/\/www.sotrender.com\/blog\/pl\/wp-json\/wp\/v2\/media?parent=42243"}],"wp:term":[{"taxonomy":"category","embeddable":true,"href":"https:\/\/www.sotrender.com\/blog\/pl\/wp-json\/wp\/v2\/categories?post=42243"},{"taxonomy":"post_tag","embeddable":true,"href":"https:\/\/www.sotrender.com\/blog\/pl\/wp-json\/wp\/v2\/tags?post=42243"}],"curies":[{"name":"wp","href":"https:\/\/api.w.org\/{rel}","templated":true}]}}