{"id":419,"date":"2012-02-02T10:47:30","date_gmt":"2012-02-02T09:47:30","guid":{"rendered":"http:\/\/blog.fanpagetrender.pl\/?p=419"},"modified":"2015-12-01T22:43:35","modified_gmt":"2015-12-01T21:43:35","slug":"konfernecja-social-media-standard","status":"publish","type":"post","link":"https:\/\/www.sotrender.com\/blog\/pl\/2012\/02\/konfernecja-social-media-standard\/","title":{"rendered":"Konferencja Social Media Standard"},"content":{"rendered":"<p>To ju\u017c dzi\u015b! Mo\u017cna powiedzie\u0107,  \u017ce otworzyli\u015bmy pierwszy dzie\u0144 konferencji. Jan Zaj\u0105c z naszego teamu,  podczas wyst\u0105pienia,  podsumowa\u0142 poprzedni rok na Facebooku i wspomnia\u0142 o modnym ostatnio temacie &#8211; ACTA.<\/p>\n<p>Specjalnie dla tych kt\u00f3rzy nie mog\u0105 by\u0107 tu z nami,  udost\u0119pniamy nasz\u0105 prezentacje. Poni\u017cej mo\u017cecie obejrze\u0107 slajdy.<br \/>\n<!--more--><\/p>\n<p>&nbsp;<\/p>\n<div id=\"__ss_11380511\" style=\"width: 425px;\"><strong style=\"display: block; margin: 12px 0 4px;\"><a title=\"Zaj\u0105c social media_standard_2012\" href=\"http:\/\/www.slideshare.net\/FanpageTrender\/zajc-social-mediastandard2012\" target=\"_blank\">Zaj\u0105c social media_standard_2012<\/a><\/strong> <iframe loading=\"lazy\" src=\"http:\/\/www.slideshare.net\/slideshow\/embed_code\/11380511\" frameborder=\"0\" marginwidth=\"0\" marginheight=\"0\" scrolling=\"no\" width=\"425\" height=\"355\"><\/iframe><\/div>\n<p class=\"MsoNormal\">Z reszt\u0105 widzimy si\u0119 na konferencji!<\/p>\n","protected":false},"excerpt":{"rendered":"<p>To ju\u017c dzi\u015b! Mo\u017cna powiedzie\u0107, \u017ce otworzyli\u015bmy pierwszy dzie\u0144 konferencji. Jan Zaj\u0105c z naszego teamu, podczas wyst\u0105pienia, podsumowa\u0142 poprzedni rok na Facebooku i wspomnia\u0142 o modnym ostatnio temacie &#8211; ACTA. Specjalnie dla tych kt\u00f3rzy nie mog\u0105 by\u0107 tu z nami, udost\u0119pniamy nasz\u0105 prezentacje. Poni\u017cej mo\u017cecie obejrze\u0107 slajdy.<\/p>\n","protected":false},"author":31,"featured_media":0,"comment_status":"open","ping_status":"open","sticky":false,"template":"","format":"standard","meta":{"inline_featured_image":false,"footnotes":""},"categories":[55],"tags":[7,303,315],"yoast_head":"<!-- This site is optimized with the Yoast SEO plugin v22.4 - https:\/\/yoast.com\/wordpress\/plugins\/seo\/ -->\n<title>Sotrender na konferencji Social Media Standard<\/title>\n<meta name=\"description\" content=\"Zobacz nasz\u0105 prezentacj\u0119 z konferencji Social Media Standard. Sotrender - Social Media Marketing Blog.\" \/>\n<meta name=\"robots\" content=\"index, follow, max-snippet:-1, max-image-preview:large, max-video-preview:-1\" \/>\n<link rel=\"canonical\" href=\"https:\/\/www.sotrender.com\/blog\/pl\/2012\/02\/konfernecja-social-media-standard\/\" \/>\n<meta property=\"og:locale\" content=\"pl_PL\" \/>\n<meta property=\"og:type\" content=\"article\" \/>\n<meta property=\"og:title\" content=\"Sotrender na konferencji Social Media Standard\" \/>\n<meta property=\"og:description\" content=\"Zobacz nasz\u0105 prezentacj\u0119 z konferencji Social Media Standard. Sotrender - Social Media Marketing Blog.\" \/>\n<meta property=\"og:url\" content=\"https:\/\/www.sotrender.com\/blog\/pl\/2012\/02\/konfernecja-social-media-standard\/\" \/>\n<meta property=\"og:site_name\" content=\"Sotrender Blog\" \/>\n<meta property=\"article:publisher\" content=\"https:\/\/www.facebook.com\/Sotrender\" \/>\n<meta property=\"article:published_time\" content=\"2012-02-02T09:47:30+00:00\" \/>\n<meta property=\"article:modified_time\" content=\"2015-12-01T21:43:35+00:00\" \/>\n<meta name=\"author\" content=\"Aleksandra Prejs\" \/>\n<meta name=\"twitter:card\" content=\"summary_large_image\" \/>\n<meta name=\"twitter:creator\" content=\"@Sotrender\" \/>\n<meta name=\"twitter:site\" content=\"@Sotrender\" \/>\n<meta name=\"twitter:label1\" content=\"Written by\" \/>\n\t<meta name=\"twitter:data1\" content=\"Aleksandra Prejs\" \/>\n<script type=\"application\/ld+json\" class=\"yoast-schema-graph\">{\"@context\":\"https:\/\/schema.org\",\"@graph\":[{\"@type\":\"WebPage\",\"@id\":\"https:\/\/www.sotrender.com\/blog\/pl\/2012\/02\/konfernecja-social-media-standard\/\",\"url\":\"https:\/\/www.sotrender.com\/blog\/pl\/2012\/02\/konfernecja-social-media-standard\/\",\"name\":\"Sotrender na konferencji Social Media Standard\",\"isPartOf\":{\"@id\":\"https:\/\/www.sotrender.com\/blog\/#website\"},\"datePublished\":\"2012-02-02T09:47:30+00:00\",\"dateModified\":\"2015-12-01T21:43:35+00:00\",\"author\":{\"@id\":\"https:\/\/www.sotrender.com\/blog\/#\/schema\/person\/7106df62825269bc360ad9171cd7149b\"},\"description\":\"Zobacz nasz\u0105 prezentacj\u0119 z konferencji Social Media Standard. Sotrender - Social Media Marketing Blog.\",\"breadcrumb\":{\"@id\":\"https:\/\/www.sotrender.com\/blog\/pl\/2012\/02\/konfernecja-social-media-standard\/#breadcrumb\"},\"inLanguage\":\"pl-PL\",\"potentialAction\":[{\"@type\":\"ReadAction\",\"target\":[\"https:\/\/www.sotrender.com\/blog\/pl\/2012\/02\/konfernecja-social-media-standard\/\"]}]},{\"@type\":\"BreadcrumbList\",\"@id\":\"https:\/\/www.sotrender.com\/blog\/pl\/2012\/02\/konfernecja-social-media-standard\/#breadcrumb\",\"itemListElement\":[{\"@type\":\"ListItem\",\"position\":1,\"name\":\"Home\",\"item\":\"https:\/\/www.sotrender.com\/blog\/\"},{\"@type\":\"ListItem\",\"position\":2,\"name\":\"Konferencja Social Media Standard\"}]},{\"@type\":\"WebSite\",\"@id\":\"https:\/\/www.sotrender.com\/blog\/#website\",\"url\":\"https:\/\/www.sotrender.com\/blog\/\",\"name\":\"Sotrender Blog\",\"description\":\"\",\"potentialAction\":[{\"@type\":\"SearchAction\",\"target\":{\"@type\":\"EntryPoint\",\"urlTemplate\":\"https:\/\/www.sotrender.com\/blog\/?s={search_term_string}\"},\"query-input\":\"required name=search_term_string\"}],\"inLanguage\":\"pl-PL\"},{\"@type\":\"Person\",\"@id\":\"https:\/\/www.sotrender.com\/blog\/#\/schema\/person\/7106df62825269bc360ad9171cd7149b\",\"name\":\"Aleksandra Prejs\",\"image\":{\"@type\":\"ImageObject\",\"inLanguage\":\"pl-PL\",\"@id\":\"https:\/\/www.sotrender.com\/blog\/#\/schema\/person\/image\/\",\"url\":\"https:\/\/secure.gravatar.com\/avatar\/469000454b77ff0aacb32c49dba023be?s=96&d=mm&r=g\",\"contentUrl\":\"https:\/\/secure.gravatar.com\/avatar\/469000454b77ff0aacb32c49dba023be?s=96&d=mm&r=g\",\"caption\":\"Aleksandra Prejs\"},\"url\":\"https:\/\/www.sotrender.com\/blog\/pl\/author\/aleksandra-prejs\/\"}]}<\/script>\n<!-- \/ Yoast SEO plugin. -->","yoast_head_json":{"title":"Sotrender na konferencji Social Media Standard","description":"Zobacz nasz\u0105 prezentacj\u0119 z konferencji Social Media Standard. Sotrender - Social Media Marketing Blog.","robots":{"index":"index","follow":"follow","max-snippet":"max-snippet:-1","max-image-preview":"max-image-preview:large","max-video-preview":"max-video-preview:-1"},"canonical":"https:\/\/www.sotrender.com\/blog\/pl\/2012\/02\/konfernecja-social-media-standard\/","og_locale":"pl_PL","og_type":"article","og_title":"Sotrender na konferencji Social Media Standard","og_description":"Zobacz nasz\u0105 prezentacj\u0119 z konferencji Social Media Standard. Sotrender - Social Media Marketing Blog.","og_url":"https:\/\/www.sotrender.com\/blog\/pl\/2012\/02\/konfernecja-social-media-standard\/","og_site_name":"Sotrender Blog","article_publisher":"https:\/\/www.facebook.com\/Sotrender","article_published_time":"2012-02-02T09:47:30+00:00","article_modified_time":"2015-12-01T21:43:35+00:00","author":"Aleksandra Prejs","twitter_card":"summary_large_image","twitter_creator":"@Sotrender","twitter_site":"@Sotrender","twitter_misc":{"Written by":"Aleksandra Prejs"},"schema":{"@context":"https:\/\/schema.org","@graph":[{"@type":"WebPage","@id":"https:\/\/www.sotrender.com\/blog\/pl\/2012\/02\/konfernecja-social-media-standard\/","url":"https:\/\/www.sotrender.com\/blog\/pl\/2012\/02\/konfernecja-social-media-standard\/","name":"Sotrender na konferencji Social Media Standard","isPartOf":{"@id":"https:\/\/www.sotrender.com\/blog\/#website"},"datePublished":"2012-02-02T09:47:30+00:00","dateModified":"2015-12-01T21:43:35+00:00","author":{"@id":"https:\/\/www.sotrender.com\/blog\/#\/schema\/person\/7106df62825269bc360ad9171cd7149b"},"description":"Zobacz nasz\u0105 prezentacj\u0119 z konferencji Social Media Standard. Sotrender - Social Media Marketing Blog.","breadcrumb":{"@id":"https:\/\/www.sotrender.com\/blog\/pl\/2012\/02\/konfernecja-social-media-standard\/#breadcrumb"},"inLanguage":"pl-PL","potentialAction":[{"@type":"ReadAction","target":["https:\/\/www.sotrender.com\/blog\/pl\/2012\/02\/konfernecja-social-media-standard\/"]}]},{"@type":"BreadcrumbList","@id":"https:\/\/www.sotrender.com\/blog\/pl\/2012\/02\/konfernecja-social-media-standard\/#breadcrumb","itemListElement":[{"@type":"ListItem","position":1,"name":"Home","item":"https:\/\/www.sotrender.com\/blog\/"},{"@type":"ListItem","position":2,"name":"Konferencja Social Media Standard"}]},{"@type":"WebSite","@id":"https:\/\/www.sotrender.com\/blog\/#website","url":"https:\/\/www.sotrender.com\/blog\/","name":"Sotrender Blog","description":"","potentialAction":[{"@type":"SearchAction","target":{"@type":"EntryPoint","urlTemplate":"https:\/\/www.sotrender.com\/blog\/?s={search_term_string}"},"query-input":"required name=search_term_string"}],"inLanguage":"pl-PL"},{"@type":"Person","@id":"https:\/\/www.sotrender.com\/blog\/#\/schema\/person\/7106df62825269bc360ad9171cd7149b","name":"Aleksandra Prejs","image":{"@type":"ImageObject","inLanguage":"pl-PL","@id":"https:\/\/www.sotrender.com\/blog\/#\/schema\/person\/image\/","url":"https:\/\/secure.gravatar.com\/avatar\/469000454b77ff0aacb32c49dba023be?s=96&d=mm&r=g","contentUrl":"https:\/\/secure.gravatar.com\/avatar\/469000454b77ff0aacb32c49dba023be?s=96&d=mm&r=g","caption":"Aleksandra Prejs"},"url":"https:\/\/www.sotrender.com\/blog\/pl\/author\/aleksandra-prejs\/"}]}},"_links":{"self":[{"href":"https:\/\/www.sotrender.com\/blog\/pl\/wp-json\/wp\/v2\/posts\/419"}],"collection":[{"href":"https:\/\/www.sotrender.com\/blog\/pl\/wp-json\/wp\/v2\/posts"}],"about":[{"href":"https:\/\/www.sotrender.com\/blog\/pl\/wp-json\/wp\/v2\/types\/post"}],"author":[{"embeddable":true,"href":"https:\/\/www.sotrender.com\/blog\/pl\/wp-json\/wp\/v2\/users\/31"}],"replies":[{"embeddable":true,"href":"https:\/\/www.sotrender.com\/blog\/pl\/wp-json\/wp\/v2\/comments?post=419"}],"version-history":[{"count":13,"href":"https:\/\/www.sotrender.com\/blog\/pl\/wp-json\/wp\/v2\/posts\/419\/revisions"}],"predecessor-version":[{"id":3047,"href":"https:\/\/www.sotrender.com\/blog\/pl\/wp-json\/wp\/v2\/posts\/419\/revisions\/3047"}],"wp:attachment":[{"href":"https:\/\/www.sotrender.com\/blog\/pl\/wp-json\/wp\/v2\/media?parent=419"}],"wp:term":[{"taxonomy":"category","embeddable":true,"href":"https:\/\/www.sotrender.com\/blog\/pl\/wp-json\/wp\/v2\/categories?post=419"},{"taxonomy":"post_tag","embeddable":true,"href":"https:\/\/www.sotrender.com\/blog\/pl\/wp-json\/wp\/v2\/tags?post=419"}],"curies":[{"name":"wp","href":"https:\/\/api.w.org\/{rel}","templated":true}]}}