{"id":41879,"date":"2020-11-18T10:38:36","date_gmt":"2020-11-18T09:38:36","guid":{"rendered":"https:\/\/www.sotrender.com\/blog\/?p=41879\/"},"modified":"2020-11-18T11:21:27","modified_gmt":"2020-11-18T10:21:27","slug":"facebook-trends-pazdziernik-2020-ulice-pelne-kobiet","status":"publish","type":"post","link":"https:\/\/www.sotrender.com\/blog\/pl\/2020\/11\/facebook-trends-pazdziernik-2020-ulice-pelne-kobiet\/","title":{"rendered":"Facebook trends pa\u017adziernik 2020 &#8211; ulice pe\u0142ne kobiet"},"content":{"rendered":"<p><span style=\"font-weight: 400;\">Chyba dla nikogo nie b\u0119dzie zaskoczeniem, \u017ce na Facebooku w pa\u017adzierniku nie by\u0142o bardziej anga\u017cuj\u0105cego tematu ni\u017c Strajk Kobiet.\u00a0<\/span><\/p>\n<p><!--more--><\/p>\n<p><span style=\"font-weight: 400;\">Przyjrzymy si\u0119, jak z r\u00f3\u017cnych perspektyw temat ten by\u0142 obecny na Facebooku. Zapraszamy na <a href=\"https:\/\/www.sotrender.com\/trends\/facebook\/poland\/202010\">pa\u017adziernikowe wydanie raportu Facebook Trends<\/a>!<\/span><\/p>\n<h2><strong>Og\u00f3lnopolski strajk kobiet<\/strong><\/h2>\n<p><span style=\"font-weight: 400;\">Nie mo\u017cemy zacz\u0105\u0107 inaczej, jak od przyjrzenia si\u0119 kategorii, w kt\u00f3rej w minionym miesi\u0105cu odnotowali\u015bmy najbardziej dynamiczne zmiany, czyli <a href=\"https:\/\/www.sotrender.com\/trends\/facebook\/poland\/202010\/ngo\">NGO i organizacje pozarz\u0105dowe<\/a>.<\/span><\/p>\n<p><span style=\"font-weight: 400;\">Najwi\u0119ksz\u0105 liczb\u0119 aktywno\u015bci zdoby\u0142 profil Og\u00f3lnopolski Strajk Kobiet <\/span><b>z absolutnie rekordow\u0105 liczb\u0105 ponad 1 mln 400 tys. aktywno\u015bci u\u017cytkownik\u00f3w<\/b><span style=\"font-weight: 400;\">.\u00a0<\/span><\/p>\n<div id=\"attachment_41885\" style=\"width: 812px\" class=\"wp-caption aligncenter\"><img loading=\"lazy\" decoding=\"async\" aria-describedby=\"caption-attachment-41885\" class=\" wp-image-41885\" src=\"https:\/\/www.sotrender.com\/blog\/wp-content\/uploads\/2020\/11\/Zrzut-ekranu-2020-11-3-o-15.08.53.png\" alt=\"og\u00f3lnopolski strajk kobiet \" width=\"802\" height=\"245\" srcset=\"https:\/\/www.sotrender.com\/blog\/wp-content\/uploads\/2020\/11\/Zrzut-ekranu-2020-11-3-o-15.08.53.png 986w, https:\/\/www.sotrender.com\/blog\/wp-content\/uploads\/2020\/11\/Zrzut-ekranu-2020-11-3-o-15.08.53-475x145.png 475w, https:\/\/www.sotrender.com\/blog\/wp-content\/uploads\/2020\/11\/Zrzut-ekranu-2020-11-3-o-15.08.53-768x234.png 768w, https:\/\/www.sotrender.com\/blog\/wp-content\/uploads\/2020\/11\/Zrzut-ekranu-2020-11-3-o-15.08.53-950x290.png 950w\" sizes=\"(max-width: 802px) 100vw, 802px\" \/><p id=\"caption-attachment-41885\" class=\"wp-caption-text\">Profile w kategorii <a href=\"https:\/\/www.sotrender.com\/trends\/facebook\/poland\/202010\/ngo\">NGO i organizacje pozarz\u0105dowe<\/a> o najwi\u0119kszej liczbie aktywno\u015bci w listopadzie na Facebooku<\/p><\/div>\n<p><span style=\"font-weight: 400;\">Najbardziej anga\u017cuj\u0105cy post w tej kategorii opublikowa\u0142 jednak Jurek Owsiak. Dotyczy\u0142 on po\u015brednio strajku kobiet, poniewa\u017c sama tre\u015b\u0107 skierowana by\u0142a do Jaros\u0142awa Kaczy\u0144skiego,\u00a0 <\/span><i><span style=\"font-weight: 400;\">Czy tysi\u0105ce policjant\u00f3w rozwi\u0105\u017ce problem, kt\u00f3ry Pan stworzy\u0142 w Polsce?<\/span><\/i><span style=\"font-weight: 400;\"> pyta Owsiak.\u00a0<\/span><\/p>\n<div id=\"attachment_41883\" style=\"width: 811px\" class=\"wp-caption aligncenter\"><img loading=\"lazy\" decoding=\"async\" aria-describedby=\"caption-attachment-41883\" class=\"wp-image-41883 \" src=\"https:\/\/www.sotrender.com\/blog\/wp-content\/uploads\/2020\/11\/Zrzut-ekranu-2020-11-3-o-15.15.19.png\" alt=\"owsiak facebook\" width=\"801\" height=\"377\" srcset=\"https:\/\/www.sotrender.com\/blog\/wp-content\/uploads\/2020\/11\/Zrzut-ekranu-2020-11-3-o-15.15.19.png 982w, https:\/\/www.sotrender.com\/blog\/wp-content\/uploads\/2020\/11\/Zrzut-ekranu-2020-11-3-o-15.15.19-475x223.png 475w, https:\/\/www.sotrender.com\/blog\/wp-content\/uploads\/2020\/11\/Zrzut-ekranu-2020-11-3-o-15.15.19-768x361.png 768w, https:\/\/www.sotrender.com\/blog\/wp-content\/uploads\/2020\/11\/Zrzut-ekranu-2020-11-3-o-15.15.19-950x447.png 950w\" sizes=\"(max-width: 801px) 100vw, 801px\" \/><p id=\"caption-attachment-41883\" class=\"wp-caption-text\">Najbardziej anga\u017cuj\u0105ce posty w kategorii <a href=\"https:\/\/www.sotrender.com\/trends\/facebook\/poland\/202010\/ngo\">NGO i organizacje pozarz\u0105dowe<\/a>, Facebook listopad 2020<\/p><\/div>\n<p><span style=\"font-weight: 400;\">Dopiero na 13. miejscu znalaz\u0142 si\u0119 najbardziej anga\u017cuj\u0105cy post z profilu Og\u00f3lnopolskiego Strajku Kobiet, za\u015b na miejscu 7. post z profilu Aborcyjny Dream Team.\u00a0<\/span><\/p>\n<h2><strong>Marki wspieraj\u0105 kobiety<\/strong><\/h2>\n<p><span style=\"font-weight: 400;\">Cho\u0107 wiele marek zdecydowa\u0142o si\u0119 g\u0142o\u015bno wyra\u017ca\u0107 swoje poparcie dla strajku kobiet na swoich profilach spo\u0142eczno\u015bciowych, na Facebooku rzadko spotyka\u0142y si\u0119 one z zaanga\u017cowaniem ze strony fan\u00f3w.\u00a0<\/span><\/p>\n<p><span style=\"font-weight: 400;\">Jednym z tych najbardziej anga\u017cuj\u0105cych okaza\u0142 si\u0119 post mBanku w kategorii <a href=\"https:\/\/www.sotrender.com\/trends\/facebook\/poland\/202010\/finanse\">Finanse<\/a>. W\u015br\u00f3d ponad 4 tys. opublikowanych komentarzy, znaczna ich wi\u0119kszo\u015b\u0107 mia\u0142a wyd\u017awi\u0119k neutralny (&lt;85%), a tylko 4% negatywny.\u00a0<\/span><\/p>\n<p><span style=\"font-weight: 400;\">Podobnie wygl\u0105da\u0142o to w przypadku reakcji: jedynie 6% z nich by\u0142o negatywnych, a a\u017c \u2153 wszystkich reakcji by\u0142a reakcja <\/span><i><span style=\"font-weight: 400;\">super<\/span><\/i><span style=\"font-weight: 400;\">.<\/span><\/p>\n<div id=\"attachment_41881\" style=\"width: 810px\" class=\"wp-caption aligncenter\"><img loading=\"lazy\" decoding=\"async\" aria-describedby=\"caption-attachment-41881\" class=\"wp-image-41881\" src=\"https:\/\/www.sotrender.com\/blog\/wp-content\/uploads\/2020\/11\/Zrzut-ekranu-2020-11-6-o-13.16.22.png\" alt=\"strajk kobiet mbank\" width=\"800\" height=\"379\" srcset=\"https:\/\/www.sotrender.com\/blog\/wp-content\/uploads\/2020\/11\/Zrzut-ekranu-2020-11-6-o-13.16.22.png 997w, https:\/\/www.sotrender.com\/blog\/wp-content\/uploads\/2020\/11\/Zrzut-ekranu-2020-11-6-o-13.16.22-475x225.png 475w, https:\/\/www.sotrender.com\/blog\/wp-content\/uploads\/2020\/11\/Zrzut-ekranu-2020-11-6-o-13.16.22-768x364.png 768w, https:\/\/www.sotrender.com\/blog\/wp-content\/uploads\/2020\/11\/Zrzut-ekranu-2020-11-6-o-13.16.22-950x450.png 950w\" sizes=\"(max-width: 800px) 100vw, 800px\" \/><p id=\"caption-attachment-41881\" class=\"wp-caption-text\">Najbardziej anga\u017cuj\u0105ce posty w kategorii Finanse, Facebook listopad 2020<\/p><\/div>\n<p><i><span style=\"font-weight: 400;\">Analiz\u0119 wyd\u017awi\u0119ku wypowiedzi (np. komentarzy) wykonujemy naszymi autorskimi modelami uczenia maszynowego. Je\u015bli chcia\u0142by\u015b wykona\u0107 tak\u0105 analiz\u0119 dla dyskusji tocz\u0105cych si\u0119 na Twoich profilach, zach\u0119camy do kontaktu.\u00a0<\/span><\/i><\/p>\n<p><i><span style=\"font-weight: 400;\">Mo\u017cesz zobaczy\u0107 r\u00f3wnie\u017c, jak analiza tego typu wygl\u0105da w praktyce w jednym z naszych <\/span><\/i><a href=\"https:\/\/www.sotrender.com\/blog\/pl\/2020\/11\/sentyment-komentarzy-case-study-firm-kurierskich\/\"><i><span style=\"font-weight: 400;\">case studies<\/span><\/i><\/a><i><span style=\"font-weight: 400;\">.\u00a0<\/span><\/i><\/p>\n<h2><strong>\u015awiat kultury murem za kobietami<\/strong><\/h2>\n<p><span style=\"font-weight: 400;\">Kobiety mia\u0142y poparcie tak\u017ce w\u015br\u00f3d czo\u0142owych przedstawicieli kultury i sztuki w Polsce: w muzykach, pisarzach czy aktorach.\u00a0<\/span><\/p>\n<p><span style=\"font-weight: 400;\">Wielu z nich, zabieraj\u0105c sw\u00f3j g\u0142os w sprawie, zdecydowa\u0142o si\u0119 r\u00f3wnie\u017c po raz pierwszy powiedzie\u0107 o swoich prywatnych problemach zwi\u0105zanych z rodzicielstwem.<\/span><\/p>\n<p><span style=\"font-weight: 400;\">Niezawodni, je\u015bli chodzi o poruszanie i wspieranie temat\u00f3w spo\u0142ecznych byli: Maciej Stuhr, Olga Tokarczuk, Dawid Podsiad\u0142o czy Agnieszka Chyli\u0144ska, kt\u00f3rych tre\u015bci by\u0142y wielokrotnie komentowane i udost\u0119pniane przez u\u017cytkownik\u00f3w Facebooka.\u00a0<\/span><\/p>\n<div id=\"attachment_41887\" style=\"width: 810px\" class=\"wp-caption aligncenter\"><img loading=\"lazy\" decoding=\"async\" aria-describedby=\"caption-attachment-41887\" class=\"wp-image-41887\" src=\"https:\/\/www.sotrender.com\/blog\/wp-content\/uploads\/2020\/11\/Zrzut-ekranu-2020-11-5-o-12.39.42.png\" alt=\"\" width=\"800\" height=\"380\" srcset=\"https:\/\/www.sotrender.com\/blog\/wp-content\/uploads\/2020\/11\/Zrzut-ekranu-2020-11-5-o-12.39.42.png 975w, https:\/\/www.sotrender.com\/blog\/wp-content\/uploads\/2020\/11\/Zrzut-ekranu-2020-11-5-o-12.39.42-475x226.png 475w, https:\/\/www.sotrender.com\/blog\/wp-content\/uploads\/2020\/11\/Zrzut-ekranu-2020-11-5-o-12.39.42-768x365.png 768w, https:\/\/www.sotrender.com\/blog\/wp-content\/uploads\/2020\/11\/Zrzut-ekranu-2020-11-5-o-12.39.42-950x451.png 950w\" sizes=\"(max-width: 800px) 100vw, 800px\" \/><p id=\"caption-attachment-41887\" class=\"wp-caption-text\">Najbardziej anga\u017cuj\u0105ce posty w kategorii <a href=\"https:\/\/www.sotrender.com\/trends\/facebook\/poland\/202010\/kultura\">Kultura i sztuka<\/a>, Facebook listopad 2020<\/p><\/div>\n<p><span style=\"font-weight: 400;\">Na szczeg\u00f3ln\u0105 uwag\u0119 zas\u0142uguje jeden z najlepszych post\u00f3w w kategorii <a href=\"https:\/\/www.sotrender.com\/trends\/facebook\/poland\/202010\/kultura#best_posts\">Kultura i Sztuka<\/a> opublikowany przez profil <\/span><i><span style=\"font-weight: 400;\">Di Libe brent wi a nase Szmate<\/span><\/i><span style=\"font-weight: 400;\">.<\/span><\/p>\n<p><span style=\"font-weight: 400;\">Nic Wam nie m\u00f3wi ta nazwa? Nic dziwnego, jest to w ko\u0144cu profil projektu muzycznego, kt\u00f3ry na Facebooku ma niespe\u0142na 3 tys. fan\u00f3w.\u00a0<\/span><\/p>\n<p><span style=\"font-weight: 400;\">Jednak samo wideo, kt\u00f3re by\u0142o 7. najbardziej anga\u017cuj\u0105cym postem miesi\u0105ca w kategorii Kultura i sztuka &#8211; z liczb\u0105 ponad 10 tys. udost\u0119pnie\u0144 i ponad 800 tys. wy\u015bwietle\u0144 &#8211; z pewno\u015bci\u0105 wielu z Was s\u0142ysza\u0142o w ostatnich dniach w kontek\u015bcie walki kobiet o swoje prawa.\u00a0<\/span><\/p>\n<p><iframe loading=\"lazy\" style=\"border: none; overflow: hidden;\" src=\"https:\/\/www.facebook.com\/plugins\/video.php?height=314&amp;href=https%3A%2F%2Fwww.facebook.com%2F1828032780839426%2Fvideos%2F1085589401898252%2F&amp;show_text=true&amp;width=560\" width=\"560\" height=\"429\" frameborder=\"0\" scrolling=\"no\" allowfullscreen=\"allowfullscreen\"><\/iframe><\/p>\n<h2><strong>Czas podsumowa\u0107 mijaj\u0105cy rok<\/strong><\/h2>\n<p><span style=\"font-weight: 400;\">Nie da si\u0119 ukry\u0107, \u017ce wielkimi krokami zbli\u017ca si\u0119 koniec roku, a to oznacza tak\u017ce okres podsumowa\u0144 rocznych oraz opracowywania strategii marketingowych na zbli\u017caj\u0105cy si\u0119 rok.\u00a0<\/span><\/p>\n<p><span style=\"font-weight: 400;\">Dlatego chcieliby\u015bmy przypomnie\u0107 o naszej <\/span><b>bogatej ofercie badawczej i <a href=\"https:\/\/lp.sotrender.com\/raporty\">raportach<\/a>, kt\u00f3re przygotowujemy na specjalne zam\u00f3wienie<\/b><span style=\"font-weight: 400;\">.\u00a0<\/span><\/p>\n<p><span style=\"font-weight: 400;\">Je\u015bli chcieliby\u015bcie przeprowadzi\u0107 analiz\u0119 swojej grupy docelowej, zbada\u0107, jak Wasza marka postrzegana jest w internecie, jak wygl\u0105da skuteczno\u015b\u0107 Waszych kampanii social media na tle konkurencji, lub przeprowadzi\u0107 analiz\u0119 komunikacji na dowolnym kanale, skontaktujcie si\u0119 z nami na adres <\/span><a href=\"mailto:sales@sotrender.com\"><span style=\"font-weight: 400;\">sales@sotrender.com<\/span><\/a><span style=\"font-weight: 400;\">.\u00a0<\/span><\/p>\n<p><b>Dostajemy r\u00f3wnie\u017c pytania, czy analiz\u0119 podobn\u0105 do raportu Trends mo\u017cemy przeprowadzi\u0107 dla wybranych przez Was profili. Jak najbardziej jeste\u015bmy w stanie przygotowa\u0107 tak\u0105 indywidualn\u0105 analiz\u0119 wzbogacon\u0105 o dodatkowe wska\u017aniki, a co wa\u017cne, nie musi by\u0107 ona ograniczona jedynie do 20 profili.\u00a0<\/b><\/p>\n<p><span style=\"font-weight: 400;\">Koniec roku to idealny moment na wykonanie tego typu analizy: nie tylko sprawdzicie, jak na tle bran\u017cy wypada Wasza marka, ale pozwoli to r\u00f3wnie\u017c wyci\u0105gn\u0105\u0107 cenne wnioski przydatne przy doskonaleniu dzia\u0142a\u0144 marketingowych na kolejny rok.\u00a0<\/span><\/p>\n<p><span style=\"font-weight: 400;\">Chyba nie musimy nikomu przypomina\u0107, \u017ce zbli\u017ca si\u0119 Black Friday i z tej okazji r\u00f3wnie\u017c przygotowali\u015bmy dla Was co\u015b specjalnego, ale o tym ju\u017c wkr\u00f3tce. \ud83d\ude09<\/span><\/p>\n<p>&nbsp;<\/p>\n","protected":false},"excerpt":{"rendered":"<p>Chyba dla nikogo nie b\u0119dzie zaskoczeniem, \u017ce na Facebooku w pa\u017adzierniku nie by\u0142o bardziej anga\u017cuj\u0105cego tematu ni\u017c Strajk Kobiet.\u00a0<\/p>\n","protected":false},"author":89,"featured_media":41891,"comment_status":"open","ping_status":"open","sticky":false,"template":"","format":"standard","meta":{"inline_featured_image":false,"footnotes":""},"categories":[1791,1797,2275],"tags":[1965,2307],"yoast_head":"<!-- This site is optimized with the Yoast SEO plugin v22.4 - https:\/\/yoast.com\/wordpress\/plugins\/seo\/ -->\n<title>Facebook trends pa\u017adziernik 2020 - ulice pe\u0142ne kobiet<\/title>\n<meta name=\"description\" content=\"Chyba dla nikogo nie b\u0119dzie zaskoczeniem, \u017ce na Facebooku w pa\u017adzierniku nie by\u0142o bardziej anga\u017cuj\u0105cego tematu ni\u017c strajk kobiet.\u00a0\" \/>\n<meta name=\"robots\" content=\"index, follow, max-snippet:-1, max-image-preview:large, max-video-preview:-1\" \/>\n<link rel=\"canonical\" href=\"https:\/\/www.sotrender.com\/blog\/pl\/2020\/11\/facebook-trends-pazdziernik-2020-ulice-pelne-kobiet\/\" \/>\n<meta property=\"og:locale\" content=\"pl_PL\" \/>\n<meta property=\"og:type\" content=\"article\" \/>\n<meta property=\"og:title\" content=\"Facebook trends pa\u017adziernik 2020 - ulice pe\u0142ne kobiet\" \/>\n<meta property=\"og:description\" content=\"Chyba dla nikogo nie b\u0119dzie zaskoczeniem, \u017ce na Facebooku w pa\u017adzierniku nie by\u0142o bardziej anga\u017cuj\u0105cego tematu ni\u017c strajk kobiet.\u00a0\" \/>\n<meta property=\"og:url\" content=\"https:\/\/www.sotrender.com\/blog\/pl\/2020\/11\/facebook-trends-pazdziernik-2020-ulice-pelne-kobiet\/\" \/>\n<meta property=\"og:site_name\" content=\"Sotrender Blog\" \/>\n<meta property=\"article:publisher\" content=\"https:\/\/www.facebook.com\/Sotrender\" \/>\n<meta property=\"article:published_time\" content=\"2020-11-18T09:38:36+00:00\" \/>\n<meta property=\"article:modified_time\" content=\"2020-11-18T10:21:27+00:00\" \/>\n<meta property=\"og:image\" content=\"https:\/\/www.sotrender.com\/blog\/wp-content\/uploads\/2020\/11\/becca-tapert-u5e1kqW6E3M-unsplash.jpg\" \/>\n\t<meta property=\"og:image:width\" content=\"1920\" \/>\n\t<meta property=\"og:image:height\" content=\"1280\" \/>\n\t<meta property=\"og:image:type\" content=\"image\/jpeg\" \/>\n<meta name=\"author\" content=\"Klaudia \u017by\u0142ka\" \/>\n<meta name=\"twitter:card\" content=\"summary_large_image\" \/>\n<meta name=\"twitter:creator\" content=\"@Sotrender\" \/>\n<meta name=\"twitter:site\" content=\"@Sotrender\" \/>\n<meta name=\"twitter:label1\" content=\"Written by\" \/>\n\t<meta name=\"twitter:data1\" content=\"Klaudia \u017by\u0142ka\" \/>\n\t<meta name=\"twitter:label2\" content=\"Est. reading time\" \/>\n\t<meta name=\"twitter:data2\" content=\"4 minutes\" \/>\n<script type=\"application\/ld+json\" class=\"yoast-schema-graph\">{\"@context\":\"https:\/\/schema.org\",\"@graph\":[{\"@type\":\"WebPage\",\"@id\":\"https:\/\/www.sotrender.com\/blog\/pl\/2020\/11\/facebook-trends-pazdziernik-2020-ulice-pelne-kobiet\/\",\"url\":\"https:\/\/www.sotrender.com\/blog\/pl\/2020\/11\/facebook-trends-pazdziernik-2020-ulice-pelne-kobiet\/\",\"name\":\"Facebook trends pa\u017adziernik 2020 - ulice pe\u0142ne kobiet\",\"isPartOf\":{\"@id\":\"https:\/\/www.sotrender.com\/blog\/#website\"},\"primaryImageOfPage\":{\"@id\":\"https:\/\/www.sotrender.com\/blog\/pl\/2020\/11\/facebook-trends-pazdziernik-2020-ulice-pelne-kobiet\/#primaryimage\"},\"image\":{\"@id\":\"https:\/\/www.sotrender.com\/blog\/pl\/2020\/11\/facebook-trends-pazdziernik-2020-ulice-pelne-kobiet\/#primaryimage\"},\"thumbnailUrl\":\"https:\/\/www.sotrender.com\/blog\/wp-content\/uploads\/2020\/11\/becca-tapert-u5e1kqW6E3M-unsplash.jpg\",\"datePublished\":\"2020-11-18T09:38:36+00:00\",\"dateModified\":\"2020-11-18T10:21:27+00:00\",\"author\":{\"@id\":\"https:\/\/www.sotrender.com\/blog\/#\/schema\/person\/038ac5e276c5d102d8cbb9c36cd43416\"},\"description\":\"Chyba dla nikogo nie b\u0119dzie zaskoczeniem, \u017ce na Facebooku w pa\u017adzierniku nie by\u0142o bardziej anga\u017cuj\u0105cego tematu ni\u017c strajk kobiet.\u00a0\",\"breadcrumb\":{\"@id\":\"https:\/\/www.sotrender.com\/blog\/pl\/2020\/11\/facebook-trends-pazdziernik-2020-ulice-pelne-kobiet\/#breadcrumb\"},\"inLanguage\":\"pl-PL\",\"potentialAction\":[{\"@type\":\"ReadAction\",\"target\":[\"https:\/\/www.sotrender.com\/blog\/pl\/2020\/11\/facebook-trends-pazdziernik-2020-ulice-pelne-kobiet\/\"]}]},{\"@type\":\"ImageObject\",\"inLanguage\":\"pl-PL\",\"@id\":\"https:\/\/www.sotrender.com\/blog\/pl\/2020\/11\/facebook-trends-pazdziernik-2020-ulice-pelne-kobiet\/#primaryimage\",\"url\":\"https:\/\/www.sotrender.com\/blog\/wp-content\/uploads\/2020\/11\/becca-tapert-u5e1kqW6E3M-unsplash.jpg\",\"contentUrl\":\"https:\/\/www.sotrender.com\/blog\/wp-content\/uploads\/2020\/11\/becca-tapert-u5e1kqW6E3M-unsplash.jpg\",\"width\":1920,\"height\":1280},{\"@type\":\"BreadcrumbList\",\"@id\":\"https:\/\/www.sotrender.com\/blog\/pl\/2020\/11\/facebook-trends-pazdziernik-2020-ulice-pelne-kobiet\/#breadcrumb\",\"itemListElement\":[{\"@type\":\"ListItem\",\"position\":1,\"name\":\"Home\",\"item\":\"https:\/\/www.sotrender.com\/blog\/\"},{\"@type\":\"ListItem\",\"position\":2,\"name\":\"Facebook trends pa\u017adziernik 2020 &#8211; ulice pe\u0142ne kobiet\"}]},{\"@type\":\"WebSite\",\"@id\":\"https:\/\/www.sotrender.com\/blog\/#website\",\"url\":\"https:\/\/www.sotrender.com\/blog\/\",\"name\":\"Sotrender Blog\",\"description\":\"\",\"potentialAction\":[{\"@type\":\"SearchAction\",\"target\":{\"@type\":\"EntryPoint\",\"urlTemplate\":\"https:\/\/www.sotrender.com\/blog\/?s={search_term_string}\"},\"query-input\":\"required name=search_term_string\"}],\"inLanguage\":\"pl-PL\"},{\"@type\":\"Person\",\"@id\":\"https:\/\/www.sotrender.com\/blog\/#\/schema\/person\/038ac5e276c5d102d8cbb9c36cd43416\",\"name\":\"Klaudia \u017by\u0142ka\",\"image\":{\"@type\":\"ImageObject\",\"inLanguage\":\"pl-PL\",\"@id\":\"https:\/\/www.sotrender.com\/blog\/#\/schema\/person\/image\/\",\"url\":\"https:\/\/secure.gravatar.com\/avatar\/f55d5d49ce3c448e1ffde0ab078d84cd?s=96&d=mm&r=g\",\"contentUrl\":\"https:\/\/secure.gravatar.com\/avatar\/f55d5d49ce3c448e1ffde0ab078d84cd?s=96&d=mm&r=g\",\"caption\":\"Klaudia \u017by\u0142ka\"},\"description\":\"Instagram, dogs, books and food lover. Former student at Warsaw University and Malm\u00f6 University. Improving her marketing skills every day. Proud owner of DIMAQ certificate\",\"sameAs\":[\"https:\/\/www.linkedin.com\/in\/klaudia-\u017cy\u0142ka-17527779\"],\"url\":\"https:\/\/www.sotrender.com\/blog\/pl\/author\/klaudia_yka\/\"}]}<\/script>\n<!-- \/ Yoast SEO plugin. -->","yoast_head_json":{"title":"Facebook trends pa\u017adziernik 2020 - ulice pe\u0142ne kobiet","description":"Chyba dla nikogo nie b\u0119dzie zaskoczeniem, \u017ce na Facebooku w pa\u017adzierniku nie by\u0142o bardziej anga\u017cuj\u0105cego tematu ni\u017c strajk kobiet.\u00a0","robots":{"index":"index","follow":"follow","max-snippet":"max-snippet:-1","max-image-preview":"max-image-preview:large","max-video-preview":"max-video-preview:-1"},"canonical":"https:\/\/www.sotrender.com\/blog\/pl\/2020\/11\/facebook-trends-pazdziernik-2020-ulice-pelne-kobiet\/","og_locale":"pl_PL","og_type":"article","og_title":"Facebook trends pa\u017adziernik 2020 - ulice pe\u0142ne kobiet","og_description":"Chyba dla nikogo nie b\u0119dzie zaskoczeniem, \u017ce na Facebooku w pa\u017adzierniku nie by\u0142o bardziej anga\u017cuj\u0105cego tematu ni\u017c strajk kobiet.\u00a0","og_url":"https:\/\/www.sotrender.com\/blog\/pl\/2020\/11\/facebook-trends-pazdziernik-2020-ulice-pelne-kobiet\/","og_site_name":"Sotrender Blog","article_publisher":"https:\/\/www.facebook.com\/Sotrender","article_published_time":"2020-11-18T09:38:36+00:00","article_modified_time":"2020-11-18T10:21:27+00:00","og_image":[{"width":1920,"height":1280,"url":"https:\/\/www.sotrender.com\/blog\/wp-content\/uploads\/2020\/11\/becca-tapert-u5e1kqW6E3M-unsplash.jpg","type":"image\/jpeg"}],"author":"Klaudia \u017by\u0142ka","twitter_card":"summary_large_image","twitter_creator":"@Sotrender","twitter_site":"@Sotrender","twitter_misc":{"Written by":"Klaudia \u017by\u0142ka","Est. reading time":"4 minutes"},"schema":{"@context":"https:\/\/schema.org","@graph":[{"@type":"WebPage","@id":"https:\/\/www.sotrender.com\/blog\/pl\/2020\/11\/facebook-trends-pazdziernik-2020-ulice-pelne-kobiet\/","url":"https:\/\/www.sotrender.com\/blog\/pl\/2020\/11\/facebook-trends-pazdziernik-2020-ulice-pelne-kobiet\/","name":"Facebook trends pa\u017adziernik 2020 - ulice pe\u0142ne kobiet","isPartOf":{"@id":"https:\/\/www.sotrender.com\/blog\/#website"},"primaryImageOfPage":{"@id":"https:\/\/www.sotrender.com\/blog\/pl\/2020\/11\/facebook-trends-pazdziernik-2020-ulice-pelne-kobiet\/#primaryimage"},"image":{"@id":"https:\/\/www.sotrender.com\/blog\/pl\/2020\/11\/facebook-trends-pazdziernik-2020-ulice-pelne-kobiet\/#primaryimage"},"thumbnailUrl":"https:\/\/www.sotrender.com\/blog\/wp-content\/uploads\/2020\/11\/becca-tapert-u5e1kqW6E3M-unsplash.jpg","datePublished":"2020-11-18T09:38:36+00:00","dateModified":"2020-11-18T10:21:27+00:00","author":{"@id":"https:\/\/www.sotrender.com\/blog\/#\/schema\/person\/038ac5e276c5d102d8cbb9c36cd43416"},"description":"Chyba dla nikogo nie b\u0119dzie zaskoczeniem, \u017ce na Facebooku w pa\u017adzierniku nie by\u0142o bardziej anga\u017cuj\u0105cego tematu ni\u017c strajk kobiet.\u00a0","breadcrumb":{"@id":"https:\/\/www.sotrender.com\/blog\/pl\/2020\/11\/facebook-trends-pazdziernik-2020-ulice-pelne-kobiet\/#breadcrumb"},"inLanguage":"pl-PL","potentialAction":[{"@type":"ReadAction","target":["https:\/\/www.sotrender.com\/blog\/pl\/2020\/11\/facebook-trends-pazdziernik-2020-ulice-pelne-kobiet\/"]}]},{"@type":"ImageObject","inLanguage":"pl-PL","@id":"https:\/\/www.sotrender.com\/blog\/pl\/2020\/11\/facebook-trends-pazdziernik-2020-ulice-pelne-kobiet\/#primaryimage","url":"https:\/\/www.sotrender.com\/blog\/wp-content\/uploads\/2020\/11\/becca-tapert-u5e1kqW6E3M-unsplash.jpg","contentUrl":"https:\/\/www.sotrender.com\/blog\/wp-content\/uploads\/2020\/11\/becca-tapert-u5e1kqW6E3M-unsplash.jpg","width":1920,"height":1280},{"@type":"BreadcrumbList","@id":"https:\/\/www.sotrender.com\/blog\/pl\/2020\/11\/facebook-trends-pazdziernik-2020-ulice-pelne-kobiet\/#breadcrumb","itemListElement":[{"@type":"ListItem","position":1,"name":"Home","item":"https:\/\/www.sotrender.com\/blog\/"},{"@type":"ListItem","position":2,"name":"Facebook trends pa\u017adziernik 2020 &#8211; ulice pe\u0142ne kobiet"}]},{"@type":"WebSite","@id":"https:\/\/www.sotrender.com\/blog\/#website","url":"https:\/\/www.sotrender.com\/blog\/","name":"Sotrender Blog","description":"","potentialAction":[{"@type":"SearchAction","target":{"@type":"EntryPoint","urlTemplate":"https:\/\/www.sotrender.com\/blog\/?s={search_term_string}"},"query-input":"required name=search_term_string"}],"inLanguage":"pl-PL"},{"@type":"Person","@id":"https:\/\/www.sotrender.com\/blog\/#\/schema\/person\/038ac5e276c5d102d8cbb9c36cd43416","name":"Klaudia \u017by\u0142ka","image":{"@type":"ImageObject","inLanguage":"pl-PL","@id":"https:\/\/www.sotrender.com\/blog\/#\/schema\/person\/image\/","url":"https:\/\/secure.gravatar.com\/avatar\/f55d5d49ce3c448e1ffde0ab078d84cd?s=96&d=mm&r=g","contentUrl":"https:\/\/secure.gravatar.com\/avatar\/f55d5d49ce3c448e1ffde0ab078d84cd?s=96&d=mm&r=g","caption":"Klaudia \u017by\u0142ka"},"description":"Instagram, dogs, books and food lover. Former student at Warsaw University and Malm\u00f6 University. Improving her marketing skills every day. Proud owner of DIMAQ certificate","sameAs":["https:\/\/www.linkedin.com\/in\/klaudia-\u017cy\u0142ka-17527779"],"url":"https:\/\/www.sotrender.com\/blog\/pl\/author\/klaudia_yka\/"}]}},"_links":{"self":[{"href":"https:\/\/www.sotrender.com\/blog\/pl\/wp-json\/wp\/v2\/posts\/41879"}],"collection":[{"href":"https:\/\/www.sotrender.com\/blog\/pl\/wp-json\/wp\/v2\/posts"}],"about":[{"href":"https:\/\/www.sotrender.com\/blog\/pl\/wp-json\/wp\/v2\/types\/post"}],"author":[{"embeddable":true,"href":"https:\/\/www.sotrender.com\/blog\/pl\/wp-json\/wp\/v2\/users\/89"}],"replies":[{"embeddable":true,"href":"https:\/\/www.sotrender.com\/blog\/pl\/wp-json\/wp\/v2\/comments?post=41879"}],"version-history":[{"count":6,"href":"https:\/\/www.sotrender.com\/blog\/pl\/wp-json\/wp\/v2\/posts\/41879\/revisions"}],"predecessor-version":[{"id":41937,"href":"https:\/\/www.sotrender.com\/blog\/pl\/wp-json\/wp\/v2\/posts\/41879\/revisions\/41937"}],"wp:featuredmedia":[{"embeddable":true,"href":"https:\/\/www.sotrender.com\/blog\/pl\/wp-json\/wp\/v2\/media\/41891"}],"wp:attachment":[{"href":"https:\/\/www.sotrender.com\/blog\/pl\/wp-json\/wp\/v2\/media?parent=41879"}],"wp:term":[{"taxonomy":"category","embeddable":true,"href":"https:\/\/www.sotrender.com\/blog\/pl\/wp-json\/wp\/v2\/categories?post=41879"},{"taxonomy":"post_tag","embeddable":true,"href":"https:\/\/www.sotrender.com\/blog\/pl\/wp-json\/wp\/v2\/tags?post=41879"}],"curies":[{"name":"wp","href":"https:\/\/api.w.org\/{rel}","templated":true}]}}