{"id":4183,"date":"2013-01-30T11:04:46","date_gmt":"2013-01-30T10:04:46","guid":{"rendered":"http:\/\/blog.sotrender.com\/?p=4183"},"modified":"2017-04-13T16:57:38","modified_gmt":"2017-04-13T14:57:38","slug":"polski-facebook-w-2012-r-podsumowanie-roku","status":"publish","type":"post","link":"https:\/\/www.sotrender.com\/blog\/pl\/2013\/01\/polski-facebook-w-2012-r-podsumowanie-roku\/","title":{"rendered":"Polski Facebook w 2012 roku &#8211; Sotrender podsumowuje"},"content":{"rendered":"<p>Liczba u\u017cytkownik\u00f3w Facebooka nadal ro\u015bnie, cho\u0107 ju\u017c nie tak szybko jak wcze\u015bniej, a serwis jest jednym z g\u0142\u00f3wnych miejsc komunikacji firm z klientami. Zesp\u00f3\u0142 Sotrendera podsumowuje kolejny rok na polskim Facebooku. Specjalizujemy si\u0119 we wspieraniu marketingu w social media, st\u0105d te\u017c nasze analizy dotycz\u0105 przed wszystkim profili firm, organizacji i idei, tzw. fanpage&#8217;\u00f3w.<\/p>\n<p>Dzisiejsza infografika to pierwsza cz\u0119\u015b\u0107 tryptyku. Jutro poka\u017cemy ca\u0142\u0105 prawd\u0119 o najwi\u0119kszych i najszybciej reaguj\u0105cych profilach firmowych oraz o zaanga\u017cowanych u\u017cytkownikach, a w pi\u0105tek &#8211; o najlepszych tre\u015bciach.<\/p>\n<p><!--more-->W 2012 r. liczba u\u017cytkownik\u00f3w Facebooka w Polsce nadal ros\u0142a, osi\u0105gaj\u0105c w ko\u0144cu grudnia niemal 10 mln profili (obecnie, 30 stycznia, serwis podaje, \u017ce ma 10 160 tys. u\u017cytkownik\u00f3w z Polski), czyli blisko 50% wszystkich polskich u\u017cytkownik\u00f3w Internetu. Wzrost liczby u\u017cytkownik\u00f3w nie by\u0142 tak szybki jak wcze\u015bniej. W 2012 r. do\u0142\u0105czy\u0142o do serwisu niespe\u0142na 2, 5 mln os\u00f3b, czyli 24, 6% spo\u015br\u00f3d zarejestrowanych. Warto doda\u0107, \u017ce <a title=\"Megapanel PBI Gemius listopad 2012\" href=\"http:\/\/pbi.org.pl\/\">wg badania Megapanel Gemius PBI<\/a> Facebook mia\u0142 w listopadzie 13 339 668 tzw. real users z Polski, b\u0119d\u0105c 3. najpopularniejszym serwisem, po Grupie Google i Youtube (Megapanel za grudzie\u0144 2012 r. nie jest jeszcze dost\u0119pny). Ta rozbie\u017cno\u015b\u0107 nie dziwi i jest stale obserwowana. Wynika ona z faktu, \u017ce wska\u017anik real users obejmuje r\u00f3wnie\u017c osoby wchodz\u0105ce na strony serwisu, ale nie maj\u0105ce tam kont, za\u015b Facebook i my w swoich analizach skupiamy si\u0119 tylko na zarejestrowanych u\u017cytkownikach.<\/p>\n<p>Fenomen popularno\u015bci Facebooka polega nie tylko na liczbie u\u017cytkownik\u00f3w, lecz przede wszystkim na ich aktywno\u015bci. Wiele os\u00f3b korzysta z tego serwisu wiele razy dziennie, nie tylko za po\u015brednictwem z komputera, lecz tak\u017ce na telefonie czy tablecie. Z kolei inne strony integruj\u0105 si\u0119 z Facebookiem dzi\u0119ki specjalnym przyciskom i tzw. widgetom. Firmy prowadz\u0105ce dzia\u0142ania promocyjne i z zakresu obs\u0142ugi klienta, tak\u017ce\u00a0pr\u00f3buj\u0105 wykorzysta\u0107 serwis w sprzeda\u017cy. Natomiast dla tw\u00f3rc\u00f3w stron i serwis\u00f3w jest to jedno z g\u0142\u00f3wnych \u017ar\u00f3de\u0142 ruchu.<\/p>\n<p>Facebook a\u017c kipi od aktywno\u015bci u\u017cytkownik\u00f3w, kt\u00f3rzy, poza interakcjami ze znajomymi, bywaj\u0105 aktywni tak\u017ce na fanpage&#8217;ach. W 2012 r. zarejestrowali\u015bmy \u0142\u0105cznie ponad 230 mln aktywno\u015bci na stronach firmowych, w tym ponad 177 mln &#8220;lubi\u0119 to&#8221; pod postami, ponad 27 mln komentarzy, ponad 10 mln g\u0142os\u00f3w w ankietach, 3 mln post\u00f3w i 11 mln udost\u0119pnie\u0144 post\u00f3w z fanpage&#8217;\u00f3w. \u00a0Przeci\u0119tnie w ci\u0105gu minuty nast\u0119puje a\u017c 436 r\u00f3\u017cnych aktywno\u015bci. To bardzo du\u017co, cho\u0107 trzeba oczywi\u015bcie pami\u0119ta\u0107, \u017ce s\u0105 w tym tak\u017ce aktywno\u015bci na popularnych profilach rozrywkowych, jak Demotywatory, Kwejk i im podobnych. U\u017cytkownicy s\u0105 aktywni przez ca\u0142y dzie\u0144, ale najwi\u0119cej post\u00f3w na fanpage&#8217;ach publikuj\u0105 wieczorem, co mo\u017ce stwarza\u0107 problemy organizacjom przyzwyczajonym do obs\u0142ugi tylko w standardowych godzinach pracy biurowej.<\/p>\n<p>Mo\u017cna te\u017c zauwa\u017cy\u0107, \u017ce najwi\u0119ksi reklamodawcy coraz mocniej wchodz\u0105 na Facebooka. Wprawdzie najwi\u0119cej fan\u00f3w \u0142\u0105cznie maj\u0105 profile z bran\u017cy muzyka, ale na kolejnych miejscach plasuj\u0105 si\u0119 bran\u017ce kojarzone z najwi\u0119ksz\u0105 aktywno\u015bci\u0105 marketingow\u0105: odzie\u017c, \u017cywno\u015b\u0107 czy telekomunikacja. Podobnie wygl\u0105da czo\u0142\u00f3wka najlepiej anga\u017cuj\u0105cych bran\u017c, cho\u0107 wysoko pojawia si\u0119 tak\u017ce sport.<\/p>\n<p>Zapraszamy do zapoznania si\u0119 z pierwsz\u0105 cz\u0119\u015bci\u0105 naszego raportu i zach\u0119camy do codziennego zagl\u0105dania na bloga po wi\u0119cej \ud83d\ude42<\/p>\n<div id=\"attachment_4233\" style=\"width: 285px\" class=\"wp-caption aligncenter\"><a href=\"https:\/\/www.sotrender.com\/blog\/wp-content\/uploads\/2013\/01\/info552.jpg\"><img loading=\"lazy\" decoding=\"async\" aria-describedby=\"caption-attachment-4233\" class=\"size-large wp-image-4233\" src=\"https:\/\/www.sotrender.com\/blog\/wp-content\/uploads\/2013\/01\/info552-275x1024.jpg\" alt=\"Podsumowanie dzia\u0142a\u0144 na Facebooku w 2012 roku - Sotrender\" width=\"275\" height=\"1024\" \/><\/a><p id=\"caption-attachment-4233\" class=\"wp-caption-text\">Podsumowanie dzia\u0142a\u0144 na Facebooku w 2012 roku &#8211; Sotrender<\/p><\/div>\n<p>Na koniec zach\u0119camy do sprawdzenia podsumowania poprzedniego roku &#8211; zobaczcie ile si\u0119 zmieni\u0142o! \ud83d\ude42 &#8211;\u00a0<a title=\"3, 5 mln Polak\u00f3w zaanga\u017cowanych na fanpage\u2019ach \u2013 czyli 2011 rokiem Facebooka\" href=\"https:\/\/www.sotrender.com\/blog\/pl\/2011\/12\/35-mln-polakow-zaangazowanych-na-fanpageach-czyli-2011-rokiem-facebooka\/\" target=\"_blank\">3, 5 mln Polak\u00f3w zaanga\u017cowanych na fanpage\u2019ach \u2013 czyli 2011 rokiem Facebooka<\/a><\/p>\n<p>Pe\u0142na infografika dost\u0119pna jest<a title=\"Pe\u0142ne podsumowanie roku\" href=\"https:\/\/www.sotrender.com\/blog\/pl\/2013\/02\/tresci-na-polskim-facebooku-w-2012-roku-sotrender-podsumowuje-czesc-3\/\" target=\"_blank\"> w tym wpisie<\/a>.<\/p>\n","protected":false},"excerpt":{"rendered":"<p>Liczba u\u017cytkownik\u00f3w Facebooka nadal ro\u015bnie, cho\u0107 ju\u017c nie tak szybko jak wcze\u015bniej, a serwis jest jednym z g\u0142\u00f3wnych miejsc komunikacji firm z klientami. Zesp\u00f3\u0142 Sotrendera podsumowuje kolejny rok na polskim Facebooku. Specjalizujemy si\u0119 we wspieraniu marketingu w social media, st\u0105d te\u017c nasze analizy dotycz\u0105 przed wszystkim profili firm, organizacji i idei, tzw. fanpage&#8217;\u00f3w. Dzisiejsza infografika [&hellip;]<\/p>\n","protected":false},"author":2,"featured_media":0,"comment_status":"open","ping_status":"open","sticky":false,"template":"","format":"standard","meta":{"inline_featured_image":false,"footnotes":""},"categories":[1791,1797],"tags":[7,17,373],"yoast_head":"<!-- This site is optimized with the Yoast SEO plugin v22.4 - https:\/\/yoast.com\/wordpress\/plugins\/seo\/ -->\n<title>Polski Facebook w 2012 roku - Sotrender podsumowuje<\/title>\n<meta name=\"description\" content=\"Facebook nadal ro\u015bnie, a Sotrendera sprawdza jak to si\u0119\u00a0zmienia\u0142o w ci\u0105gu ostatniego roku.\" \/>\n<meta name=\"robots\" content=\"index, follow, max-snippet:-1, max-image-preview:large, max-video-preview:-1\" \/>\n<link rel=\"canonical\" href=\"https:\/\/www.sotrender.com\/blog\/pl\/2013\/01\/polski-facebook-w-2012-r-podsumowanie-roku\/\" \/>\n<meta property=\"og:locale\" content=\"pl_PL\" \/>\n<meta property=\"og:type\" content=\"article\" \/>\n<meta property=\"og:title\" content=\"Polski Facebook w 2012 roku - Sotrender podsumowuje\" \/>\n<meta property=\"og:description\" content=\"Facebook nadal ro\u015bnie, a Sotrendera sprawdza jak to si\u0119\u00a0zmienia\u0142o w ci\u0105gu ostatniego roku.\" \/>\n<meta property=\"og:url\" content=\"https:\/\/www.sotrender.com\/blog\/pl\/2013\/01\/polski-facebook-w-2012-r-podsumowanie-roku\/\" \/>\n<meta property=\"og:site_name\" content=\"Sotrender Blog\" \/>\n<meta property=\"article:publisher\" content=\"https:\/\/www.facebook.com\/Sotrender\" \/>\n<meta property=\"article:author\" content=\"https:\/\/www.facebook.com\/jan.zajac.75?fref=ts\" \/>\n<meta property=\"article:published_time\" content=\"2013-01-30T10:04:46+00:00\" \/>\n<meta property=\"article:modified_time\" content=\"2017-04-13T14:57:38+00:00\" \/>\n<meta property=\"og:image\" content=\"https:\/\/www.sotrender.com\/blog\/wp-content\/uploads\/2013\/01\/info552-275x1024.jpg\" \/>\n<meta name=\"author\" content=\"Jan Zaj\u0105c\" \/>\n<meta name=\"twitter:card\" content=\"summary_large_image\" \/>\n<meta name=\"twitter:creator\" content=\"@http:\/\/twitter.com\/janekzajac\" \/>\n<meta name=\"twitter:site\" content=\"@Sotrender\" \/>\n<meta name=\"twitter:label1\" content=\"Written by\" \/>\n\t<meta name=\"twitter:data1\" content=\"Jan Zaj\u0105c\" \/>\n\t<meta name=\"twitter:label2\" content=\"Est. reading time\" \/>\n\t<meta name=\"twitter:data2\" content=\"3 minutes\" \/>\n<script type=\"application\/ld+json\" class=\"yoast-schema-graph\">{\"@context\":\"https:\/\/schema.org\",\"@graph\":[{\"@type\":\"WebPage\",\"@id\":\"https:\/\/www.sotrender.com\/blog\/pl\/2013\/01\/polski-facebook-w-2012-r-podsumowanie-roku\/\",\"url\":\"https:\/\/www.sotrender.com\/blog\/pl\/2013\/01\/polski-facebook-w-2012-r-podsumowanie-roku\/\",\"name\":\"Polski Facebook w 2012 roku - Sotrender podsumowuje\",\"isPartOf\":{\"@id\":\"https:\/\/www.sotrender.com\/blog\/#website\"},\"primaryImageOfPage\":{\"@id\":\"https:\/\/www.sotrender.com\/blog\/pl\/2013\/01\/polski-facebook-w-2012-r-podsumowanie-roku\/#primaryimage\"},\"image\":{\"@id\":\"https:\/\/www.sotrender.com\/blog\/pl\/2013\/01\/polski-facebook-w-2012-r-podsumowanie-roku\/#primaryimage\"},\"thumbnailUrl\":\"https:\/\/www.sotrender.com\/blog\/wp-content\/uploads\/2013\/01\/info552-275x1024.jpg\",\"datePublished\":\"2013-01-30T10:04:46+00:00\",\"dateModified\":\"2017-04-13T14:57:38+00:00\",\"author\":{\"@id\":\"https:\/\/www.sotrender.com\/blog\/#\/schema\/person\/15d4db3ba9c4e61b1cb96099300e7c51\"},\"description\":\"Facebook nadal ro\u015bnie, a Sotrendera sprawdza jak to si\u0119\u00a0zmienia\u0142o w ci\u0105gu ostatniego roku.\",\"breadcrumb\":{\"@id\":\"https:\/\/www.sotrender.com\/blog\/pl\/2013\/01\/polski-facebook-w-2012-r-podsumowanie-roku\/#breadcrumb\"},\"inLanguage\":\"pl-PL\",\"potentialAction\":[{\"@type\":\"ReadAction\",\"target\":[\"https:\/\/www.sotrender.com\/blog\/pl\/2013\/01\/polski-facebook-w-2012-r-podsumowanie-roku\/\"]}]},{\"@type\":\"ImageObject\",\"inLanguage\":\"pl-PL\",\"@id\":\"https:\/\/www.sotrender.com\/blog\/pl\/2013\/01\/polski-facebook-w-2012-r-podsumowanie-roku\/#primaryimage\",\"url\":\"https:\/\/www.sotrender.com\/blog\/wp-content\/uploads\/2013\/01\/info552-275x1024.jpg\",\"contentUrl\":\"https:\/\/www.sotrender.com\/blog\/wp-content\/uploads\/2013\/01\/info552-275x1024.jpg\"},{\"@type\":\"BreadcrumbList\",\"@id\":\"https:\/\/www.sotrender.com\/blog\/pl\/2013\/01\/polski-facebook-w-2012-r-podsumowanie-roku\/#breadcrumb\",\"itemListElement\":[{\"@type\":\"ListItem\",\"position\":1,\"name\":\"Home\",\"item\":\"https:\/\/www.sotrender.com\/blog\/\"},{\"@type\":\"ListItem\",\"position\":2,\"name\":\"Polski Facebook w 2012 roku &#8211; Sotrender podsumowuje\"}]},{\"@type\":\"WebSite\",\"@id\":\"https:\/\/www.sotrender.com\/blog\/#website\",\"url\":\"https:\/\/www.sotrender.com\/blog\/\",\"name\":\"Sotrender Blog\",\"description\":\"\",\"potentialAction\":[{\"@type\":\"SearchAction\",\"target\":{\"@type\":\"EntryPoint\",\"urlTemplate\":\"https:\/\/www.sotrender.com\/blog\/?s={search_term_string}\"},\"query-input\":\"required name=search_term_string\"}],\"inLanguage\":\"pl-PL\"},{\"@type\":\"Person\",\"@id\":\"https:\/\/www.sotrender.com\/blog\/#\/schema\/person\/15d4db3ba9c4e61b1cb96099300e7c51\",\"name\":\"Jan Zaj\u0105c\",\"image\":{\"@type\":\"ImageObject\",\"inLanguage\":\"pl-PL\",\"@id\":\"https:\/\/www.sotrender.com\/blog\/#\/schema\/person\/image\/\",\"url\":\"https:\/\/secure.gravatar.com\/avatar\/330c70ea205c5402148d7c7d8927d81d?s=96&d=mm&r=g\",\"contentUrl\":\"https:\/\/secure.gravatar.com\/avatar\/330c70ea205c5402148d7c7d8927d81d?s=96&d=mm&r=g\",\"caption\":\"Jan Zaj\u0105c\"},\"description\":\"Psychologist &amp; economist, experienced consultant &amp; researcher, who speaks 6 languages and has cycled around 17 countries.\",\"sameAs\":[\"https:\/\/www.facebook.com\/jan.zajac.75?fref=ts\",\"https:\/\/www.linkedin.com\/in\/janekzajac\",\"https:\/\/twitter.com\/http:\/\/twitter.com\/janekzajac\"],\"url\":\"https:\/\/www.sotrender.com\/blog\/pl\/author\/jan_zajc\/\"}]}<\/script>\n<!-- \/ Yoast SEO plugin. -->","yoast_head_json":{"title":"Polski Facebook w 2012 roku - Sotrender podsumowuje","description":"Facebook nadal ro\u015bnie, a Sotrendera sprawdza jak to si\u0119\u00a0zmienia\u0142o w ci\u0105gu ostatniego roku.","robots":{"index":"index","follow":"follow","max-snippet":"max-snippet:-1","max-image-preview":"max-image-preview:large","max-video-preview":"max-video-preview:-1"},"canonical":"https:\/\/www.sotrender.com\/blog\/pl\/2013\/01\/polski-facebook-w-2012-r-podsumowanie-roku\/","og_locale":"pl_PL","og_type":"article","og_title":"Polski Facebook w 2012 roku - Sotrender podsumowuje","og_description":"Facebook nadal ro\u015bnie, a Sotrendera sprawdza jak to si\u0119\u00a0zmienia\u0142o w ci\u0105gu ostatniego roku.","og_url":"https:\/\/www.sotrender.com\/blog\/pl\/2013\/01\/polski-facebook-w-2012-r-podsumowanie-roku\/","og_site_name":"Sotrender Blog","article_publisher":"https:\/\/www.facebook.com\/Sotrender","article_author":"https:\/\/www.facebook.com\/jan.zajac.75?fref=ts","article_published_time":"2013-01-30T10:04:46+00:00","article_modified_time":"2017-04-13T14:57:38+00:00","og_image":[{"url":"https:\/\/www.sotrender.com\/blog\/wp-content\/uploads\/2013\/01\/info552-275x1024.jpg"}],"author":"Jan Zaj\u0105c","twitter_card":"summary_large_image","twitter_creator":"@http:\/\/twitter.com\/janekzajac","twitter_site":"@Sotrender","twitter_misc":{"Written by":"Jan Zaj\u0105c","Est. reading time":"3 minutes"},"schema":{"@context":"https:\/\/schema.org","@graph":[{"@type":"WebPage","@id":"https:\/\/www.sotrender.com\/blog\/pl\/2013\/01\/polski-facebook-w-2012-r-podsumowanie-roku\/","url":"https:\/\/www.sotrender.com\/blog\/pl\/2013\/01\/polski-facebook-w-2012-r-podsumowanie-roku\/","name":"Polski Facebook w 2012 roku - Sotrender podsumowuje","isPartOf":{"@id":"https:\/\/www.sotrender.com\/blog\/#website"},"primaryImageOfPage":{"@id":"https:\/\/www.sotrender.com\/blog\/pl\/2013\/01\/polski-facebook-w-2012-r-podsumowanie-roku\/#primaryimage"},"image":{"@id":"https:\/\/www.sotrender.com\/blog\/pl\/2013\/01\/polski-facebook-w-2012-r-podsumowanie-roku\/#primaryimage"},"thumbnailUrl":"https:\/\/www.sotrender.com\/blog\/wp-content\/uploads\/2013\/01\/info552-275x1024.jpg","datePublished":"2013-01-30T10:04:46+00:00","dateModified":"2017-04-13T14:57:38+00:00","author":{"@id":"https:\/\/www.sotrender.com\/blog\/#\/schema\/person\/15d4db3ba9c4e61b1cb96099300e7c51"},"description":"Facebook nadal ro\u015bnie, a Sotrendera sprawdza jak to si\u0119\u00a0zmienia\u0142o w ci\u0105gu ostatniego roku.","breadcrumb":{"@id":"https:\/\/www.sotrender.com\/blog\/pl\/2013\/01\/polski-facebook-w-2012-r-podsumowanie-roku\/#breadcrumb"},"inLanguage":"pl-PL","potentialAction":[{"@type":"ReadAction","target":["https:\/\/www.sotrender.com\/blog\/pl\/2013\/01\/polski-facebook-w-2012-r-podsumowanie-roku\/"]}]},{"@type":"ImageObject","inLanguage":"pl-PL","@id":"https:\/\/www.sotrender.com\/blog\/pl\/2013\/01\/polski-facebook-w-2012-r-podsumowanie-roku\/#primaryimage","url":"https:\/\/www.sotrender.com\/blog\/wp-content\/uploads\/2013\/01\/info552-275x1024.jpg","contentUrl":"https:\/\/www.sotrender.com\/blog\/wp-content\/uploads\/2013\/01\/info552-275x1024.jpg"},{"@type":"BreadcrumbList","@id":"https:\/\/www.sotrender.com\/blog\/pl\/2013\/01\/polski-facebook-w-2012-r-podsumowanie-roku\/#breadcrumb","itemListElement":[{"@type":"ListItem","position":1,"name":"Home","item":"https:\/\/www.sotrender.com\/blog\/"},{"@type":"ListItem","position":2,"name":"Polski Facebook w 2012 roku &#8211; Sotrender podsumowuje"}]},{"@type":"WebSite","@id":"https:\/\/www.sotrender.com\/blog\/#website","url":"https:\/\/www.sotrender.com\/blog\/","name":"Sotrender Blog","description":"","potentialAction":[{"@type":"SearchAction","target":{"@type":"EntryPoint","urlTemplate":"https:\/\/www.sotrender.com\/blog\/?s={search_term_string}"},"query-input":"required name=search_term_string"}],"inLanguage":"pl-PL"},{"@type":"Person","@id":"https:\/\/www.sotrender.com\/blog\/#\/schema\/person\/15d4db3ba9c4e61b1cb96099300e7c51","name":"Jan Zaj\u0105c","image":{"@type":"ImageObject","inLanguage":"pl-PL","@id":"https:\/\/www.sotrender.com\/blog\/#\/schema\/person\/image\/","url":"https:\/\/secure.gravatar.com\/avatar\/330c70ea205c5402148d7c7d8927d81d?s=96&d=mm&r=g","contentUrl":"https:\/\/secure.gravatar.com\/avatar\/330c70ea205c5402148d7c7d8927d81d?s=96&d=mm&r=g","caption":"Jan Zaj\u0105c"},"description":"Psychologist &amp; economist, experienced consultant &amp; researcher, who speaks 6 languages and has cycled around 17 countries.","sameAs":["https:\/\/www.facebook.com\/jan.zajac.75?fref=ts","https:\/\/www.linkedin.com\/in\/janekzajac","https:\/\/twitter.com\/http:\/\/twitter.com\/janekzajac"],"url":"https:\/\/www.sotrender.com\/blog\/pl\/author\/jan_zajc\/"}]}},"_links":{"self":[{"href":"https:\/\/www.sotrender.com\/blog\/pl\/wp-json\/wp\/v2\/posts\/4183"}],"collection":[{"href":"https:\/\/www.sotrender.com\/blog\/pl\/wp-json\/wp\/v2\/posts"}],"about":[{"href":"https:\/\/www.sotrender.com\/blog\/pl\/wp-json\/wp\/v2\/types\/post"}],"author":[{"embeddable":true,"href":"https:\/\/www.sotrender.com\/blog\/pl\/wp-json\/wp\/v2\/users\/2"}],"replies":[{"embeddable":true,"href":"https:\/\/www.sotrender.com\/blog\/pl\/wp-json\/wp\/v2\/comments?post=4183"}],"version-history":[{"count":25,"href":"https:\/\/www.sotrender.com\/blog\/pl\/wp-json\/wp\/v2\/posts\/4183\/revisions"}],"predecessor-version":[{"id":26679,"href":"https:\/\/www.sotrender.com\/blog\/pl\/wp-json\/wp\/v2\/posts\/4183\/revisions\/26679"}],"wp:attachment":[{"href":"https:\/\/www.sotrender.com\/blog\/pl\/wp-json\/wp\/v2\/media?parent=4183"}],"wp:term":[{"taxonomy":"category","embeddable":true,"href":"https:\/\/www.sotrender.com\/blog\/pl\/wp-json\/wp\/v2\/categories?post=4183"},{"taxonomy":"post_tag","embeddable":true,"href":"https:\/\/www.sotrender.com\/blog\/pl\/wp-json\/wp\/v2\/tags?post=4183"}],"curies":[{"name":"wp","href":"https:\/\/api.w.org\/{rel}","templated":true}]}}