{"id":41633,"date":"2020-10-07T12:45:15","date_gmt":"2020-10-07T10:45:15","guid":{"rendered":"https:\/\/www.sotrender.com\/blog\/?p=41633\/"},"modified":"2020-10-07T12:49:17","modified_gmt":"2020-10-07T10:49:17","slug":"facebook-trends-wrzesien-2020","status":"publish","type":"post","link":"https:\/\/www.sotrender.com\/blog\/pl\/2020\/10\/facebook-trends-wrzesien-2020\/","title":{"rendered":"Facebook Trends wrzesie\u0144 2020 &#8211; Facebook na pomoc"},"content":{"rendered":"<p><span style=\"font-weight: 400;\">Cho\u0107 Facebook dla wielu u\u017cytkownik\u00f3w kojarzy si\u0119 g\u0142\u00f3wnie z rozrywk\u0105 b\u0105d\u017a \u015bledzeniem wydarze\u0144 z \u017cycia bli\u017cszych lub dalszych znajomych, dla wielu marek i os\u00f3b jest to kana\u0142 dotarcia do tysi\u0119cy os\u00f3b, kt\u00f3rych reakcja, lub jej brak, mo\u017ce przes\u0105dzi\u0107 o ich dalszych losach.\u00a0<\/span><\/p>\n<p><!--more--><\/p>\n<p><span style=\"font-weight: 400;\">W\u0142a\u015bnie temu tematowi po\u015bwi\u0119cili\u015bmy nieco wi\u0119cej uwagi w tym miesi\u0105cu. Zapraszamy na nasze subiektywne podsumowanie raportu <a href=\"https:\/\/www.sotrender.com\/trends\/facebook\/poland\/202009\">Facebook Trends wrzesie\u0144 2020<\/a>.\u00a0<\/span><\/p>\n<h2><b>Apel o pomoc<\/b><\/h2>\n<p><span style=\"font-weight: 400;\">Media spo\u0142eczno\u015bciowe, g\u0142\u00f3wnie Facebooka oraz Instagrama, zala\u0142y we wrze\u015bniu apele o pomoc 18-letniej Julce i zbieranie \u015brodk\u00f3w na jej leczenie. Na Facebooku apel ten najg\u0142o\u015bniej wybrzmia\u0142 na profilu Katarzyny Zieli\u0144skiej &#8211; post z pro\u015bb\u0105 o pomoc zyska\u0142 ponad 39 tys. udost\u0119pnie\u0144 i by\u0142 drugim najbardziej anga\u017cuj\u0105cym postem miesi\u0105ca.<\/span><\/p>\n<div id=\"attachment_41635\" style=\"width: 810px\" class=\"wp-caption aligncenter\"><img loading=\"lazy\" decoding=\"async\" aria-describedby=\"caption-attachment-41635\" class=\" wp-image-41635\" src=\"https:\/\/www.sotrender.com\/blog\/wp-content\/uploads\/2020\/10\/Zrzut-ekranu-2020-10-6-o-09.36.15.png\" alt=\"Katarzyna Zieli\u0144ska Facebook\" width=\"800\" height=\"386\" srcset=\"https:\/\/www.sotrender.com\/blog\/wp-content\/uploads\/2020\/10\/Zrzut-ekranu-2020-10-6-o-09.36.15.png 962w, https:\/\/www.sotrender.com\/blog\/wp-content\/uploads\/2020\/10\/Zrzut-ekranu-2020-10-6-o-09.36.15-475x229.png 475w, https:\/\/www.sotrender.com\/blog\/wp-content\/uploads\/2020\/10\/Zrzut-ekranu-2020-10-6-o-09.36.15-768x370.png 768w, https:\/\/www.sotrender.com\/blog\/wp-content\/uploads\/2020\/10\/Zrzut-ekranu-2020-10-6-o-09.36.15-950x458.png 950w\" sizes=\"(max-width: 800px) 100vw, 800px\" \/><p id=\"caption-attachment-41635\" class=\"wp-caption-text\"><a href=\"https:\/\/www.sotrender.com\/trends\/facebook\/poland\/202009\/pl_wszystkie#best_posts\">3 najbardziej anga\u017cuj\u0105ce posty na polskim Facebooku<\/a> we wrze\u015bniu 2020 roku<\/p><\/div>\n<p><span style=\"font-weight: 400;\">Wiele udost\u0119pnie\u0144 i reakcji zyska\u0142 r\u00f3wnie\u017c podobny post na profilu Martyny Wojciechowskiej, kt\u00f3ra wielokrotnie anga\u017cuje si\u0119 w akcje charytatywne oraz pomoc innym.\u00a0<\/span><\/p>\n<div id=\"attachment_41637\" style=\"width: 811px\" class=\"wp-caption aligncenter\"><img loading=\"lazy\" decoding=\"async\" aria-describedby=\"caption-attachment-41637\" class=\" wp-image-41637\" src=\"https:\/\/www.sotrender.com\/blog\/wp-content\/uploads\/2020\/10\/Zrzut-ekranu-2020-10-6-o-09.37.20.png\" alt=\"Martyna Wojciechowska Facebook\" width=\"801\" height=\"382\" srcset=\"https:\/\/www.sotrender.com\/blog\/wp-content\/uploads\/2020\/10\/Zrzut-ekranu-2020-10-6-o-09.37.20.png 979w, https:\/\/www.sotrender.com\/blog\/wp-content\/uploads\/2020\/10\/Zrzut-ekranu-2020-10-6-o-09.37.20-475x227.png 475w, https:\/\/www.sotrender.com\/blog\/wp-content\/uploads\/2020\/10\/Zrzut-ekranu-2020-10-6-o-09.37.20-768x366.png 768w, https:\/\/www.sotrender.com\/blog\/wp-content\/uploads\/2020\/10\/Zrzut-ekranu-2020-10-6-o-09.37.20-950x453.png 950w\" sizes=\"(max-width: 801px) 100vw, 801px\" \/><p id=\"caption-attachment-41637\" class=\"wp-caption-text\">Najbardziej anga\u017cuj\u0105ce posty w kategorii <a href=\"https:\/\/www.sotrender.com\/trends\/facebook\/poland\/202009\/podroze\"><em>Podr\u00f3\u017ce<\/em><\/a> na Facebooku we wrze\u015bniu 2020 roku<\/p><\/div>\n<p><span style=\"font-weight: 400;\">We wrze\u015bniu r\u00f3wnie g\u0142o\u015bno na Facebooku by\u0142o o zaginionej turystyce w polskich Tatrach &#8211; Joannie Felczak. Krzysztof Baraniak, autor portalu i prowadz\u0105cy profil Tatromaniak, wielokrotnie publikowa\u0142 tre\u015bci maj\u0105ce na celu odnalezienie turystyki oraz aktualizacje dotycz\u0105ce post\u0119p\u00f3w poszukiwa\u0144.\u00a0<\/span><\/p>\n<p><span style=\"font-weight: 400;\">Warto przypomnie\u0107, \u017ce ka\u017cdego miesi\u0105ca tre\u015bci tego typu s\u0105 jednymi z najbardziej anga\u017cuj\u0105cych w kategoriach <a href=\"https:\/\/www.sotrender.com\/trends\/facebook\/poland\/202009\/ngo\"><em>NGO i organizacje pozarz\u0105dowe<\/em><\/a> oraz <a href=\"https:\/\/www.sotrender.com\/trends\/facebook\/poland\/202009\/zwierzeta\"><em>Zwierz\u0119ta<\/em><\/a>.\u00a0\u00a0<\/span><\/p>\n<h2><b>Media &#8211; pomoc vs rozrywka<\/b><\/h2>\n<p><span style=\"font-weight: 400;\">Cho\u0107 najbardziej anga\u017cuj\u0105ce posty w kategorii <a href=\"https:\/\/www.sotrender.com\/trends\/facebook\/poland\/202009\/media\"><em>Media<\/em><\/a> by\u0142y r\u00f3wnie\u017c zdominowane przez tre\u015bci ukierunkowane na pomoc innym, warto zwr\u00f3ci\u0107 szczeg\u00f3ln\u0105 uwag\u0119 na jedn\u0105 niezwykle dynamiczn\u0105 kategori\u0119 we wrze\u015bniu &#8211; <a href=\"https:\/\/www.sotrender.com\/trends\/facebook\/poland\/202009\/media\/telewizja\/programy_telewizyjne\">Programy TV<\/a>.<\/span><\/p>\n<p><span style=\"font-weight: 400;\">To w\u0142a\u015bnie w minionym miesi\u0105cu do wi\u0119kszo\u015bci stacji telewizyjnych powr\u00f3ci\u0142y ulubione seriale i programy widz\u00f3w, co doskonale wida\u0107 w naszym raporcie Trends.\u00a0<\/span><\/p>\n<div id=\"attachment_41639\" style=\"width: 811px\" class=\"wp-caption aligncenter\"><img loading=\"lazy\" decoding=\"async\" aria-describedby=\"caption-attachment-41639\" class=\" wp-image-41639\" src=\"https:\/\/www.sotrender.com\/blog\/wp-content\/uploads\/2020\/10\/Zrzut-ekranu-2020-10-6-o-13.19.41.png\" alt=\"\" width=\"801\" height=\"409\" srcset=\"https:\/\/www.sotrender.com\/blog\/wp-content\/uploads\/2020\/10\/Zrzut-ekranu-2020-10-6-o-13.19.41.png 988w, https:\/\/www.sotrender.com\/blog\/wp-content\/uploads\/2020\/10\/Zrzut-ekranu-2020-10-6-o-13.19.41-475x243.png 475w, https:\/\/www.sotrender.com\/blog\/wp-content\/uploads\/2020\/10\/Zrzut-ekranu-2020-10-6-o-13.19.41-768x393.png 768w, https:\/\/www.sotrender.com\/blog\/wp-content\/uploads\/2020\/10\/Zrzut-ekranu-2020-10-6-o-13.19.41-950x486.png 950w\" sizes=\"(max-width: 801px) 100vw, 801px\" \/><p id=\"caption-attachment-41639\" class=\"wp-caption-text\">Profile na Facebooku o najwi\u0119kszej liczbie aktywno\u015bci w kategorii Programy TV, wrzesie\u0144 2020<\/p><\/div>\n<p><span style=\"font-weight: 400;\">Szczeg\u00f3lnie du\u017co aktywno\u015bci, w por\u00f3wnaniu do poprzedniego miesi\u0105ca, odnotowali\u015bmy na profilach: Top Model, Love Island, Twoja twarz brzmi znajomo czy Warsaw Shore (ka\u017cdy z nich odnotowa\u0142 awanse o ponad 20 pozycji).\u00a0<\/span><\/p>\n<h2><b>Jesie\u0144\u2026 w lesie\u00a0<\/b><\/h2>\n<p><span style=\"font-weight: 400;\">Obserwujecie profile Las\u00f3w Pa\u0144stwowych? Pewnie nie, a s\u0105 to jedne z ciekawszych profili w kategorii <a href=\"https:\/\/www.sotrender.com\/trends\/facebook\/poland\/202009\/organizacje_rzadowe\"><em>Organizacje rz\u0105dowe i<\/em> <em>samorz\u0105dowe<\/em><\/a>. Cho\u0107 nieco z przymru\u017ceniem oka, polecamy Waszej uwadze <\/span><a href=\"https:\/\/www.facebook.com\/NadlesnictwoBaligrodLasyPanstwowe\/posts\/3299547016787517\"><span style=\"font-weight: 400;\">najbardziej anga\u017cuj\u0105cy post wrze\u015bnia<\/span><\/a><span style=\"font-weight: 400;\"> w tej w\u0142a\u015bnie kategorii, kt\u00f3ry opublikowano na profilu Nadle\u015bnictwa Baligr\u00f3d. By\u0142 to r\u00f3wnocze\u015bnie najbardziej anga\u017cuj\u0105cy profil w ca\u0142ej kategorii. Gratulujemy!\u00a0<\/span><\/p>\n<div id=\"attachment_41641\" style=\"width: 811px\" class=\"wp-caption aligncenter\"><img loading=\"lazy\" decoding=\"async\" aria-describedby=\"caption-attachment-41641\" class=\" wp-image-41641\" src=\"https:\/\/www.sotrender.com\/blog\/wp-content\/uploads\/2020\/10\/Zrzut-ekranu-2020-10-6-o-14.51.27.png\" alt=\"Nadle\u015bnictwo Baligr\u00f3d Facebook\" width=\"801\" height=\"390\" srcset=\"https:\/\/www.sotrender.com\/blog\/wp-content\/uploads\/2020\/10\/Zrzut-ekranu-2020-10-6-o-14.51.27.png 975w, https:\/\/www.sotrender.com\/blog\/wp-content\/uploads\/2020\/10\/Zrzut-ekranu-2020-10-6-o-14.51.27-475x231.png 475w, https:\/\/www.sotrender.com\/blog\/wp-content\/uploads\/2020\/10\/Zrzut-ekranu-2020-10-6-o-14.51.27-768x374.png 768w, https:\/\/www.sotrender.com\/blog\/wp-content\/uploads\/2020\/10\/Zrzut-ekranu-2020-10-6-o-14.51.27-950x463.png 950w\" sizes=\"(max-width: 801px) 100vw, 801px\" \/><p id=\"caption-attachment-41641\" class=\"wp-caption-text\">Najlepsze posty na Facebooku w kategorii Organizacje rz\u0105dowe i samorz\u0105dowe, wrzesie\u0144 2020<\/p><\/div>\n<h2><b>Facebook wrzesie\u0144 2020<\/b><\/h2>\n<p><span style=\"font-weight: 400;\">Wrzesie\u0144 na Facebooku wygl\u0105da\u0142 z naszej perspektywy stosunkowo spokojnie, jednak z pewno\u015bci\u0105 wyniki niekt\u00f3rych profili i ostateczne rankingi w interesuj\u0105cych Was kategoriach wzbudz\u0105 szybsze bicie Waszych serc.\u00a0<\/span><\/p>\n<p><span style=\"font-weight: 400;\">Zach\u0119camy wi\u0119c do analizy pe\u0142nego wydania raportu <a href=\"https:\/\/www.sotrender.com\/trends\/facebook\/poland\/202009\">Facebook Trends wrzesie\u0144 2020<\/a>. \ud83d\ude09\u00a0<\/span><\/p>\n<p><span style=\"font-weight: 400;\">Pami\u0119tajcie r\u00f3wnie\u017c, \u017ce nasza baza jest na bie\u017c\u0105co aktualizowana. Je\u015bli wi\u0119c uwa\u017cacie, \u017ce jakiego\u015b profilu brakuje w zestawieniu zach\u0119camy do jego zg\u0142oszenia poprzez formularz znajduj\u0105cy si\u0119 w poszczeg\u00f3lnych kategoriach. \ud83d\ude09\u00a0<\/span><\/p>\n<p>&nbsp;<\/p>\n","protected":false},"excerpt":{"rendered":"<p>Cho\u0107 Facebook dla wielu u\u017cytkownik\u00f3w kojarzy si\u0119 g\u0142\u00f3wnie z rozrywk\u0105 b\u0105d\u017a \u015bledzeniem wydarze\u0144 z \u017cycia bli\u017cszych lub dalszych znajomych, dla wielu marek i os\u00f3b jest to kana\u0142 dotarcia do tysi\u0119cy os\u00f3b, kt\u00f3rych reakcja, lub jej brak, mo\u017ce przes\u0105dzi\u0107 o ich dalszych losach.\u00a0<\/p>\n","protected":false},"author":89,"featured_media":41645,"comment_status":"open","ping_status":"open","sticky":false,"template":"","format":"standard","meta":{"inline_featured_image":false,"footnotes":""},"categories":[1791,1793,1797,2125],"tags":[2307],"yoast_head":"<!-- This site is optimized with the Yoast SEO plugin v22.4 - https:\/\/yoast.com\/wordpress\/plugins\/seo\/ -->\n<title>Facebook Trends wrzesie\u0144 2020 - Facebook na pomoc<\/title>\n<meta name=\"description\" content=\"Dla wielu marek i os\u00f3b Facebook jest kana\u0142em dotarcia do tysi\u0119cy os\u00f3b, kt\u00f3rych reakcja, lub jej brak, mo\u017ce przes\u0105dzi\u0107 o ich dalszych losach.\u00a0\" \/>\n<meta name=\"robots\" content=\"index, follow, max-snippet:-1, max-image-preview:large, max-video-preview:-1\" \/>\n<link rel=\"canonical\" href=\"https:\/\/www.sotrender.com\/blog\/pl\/2020\/10\/facebook-trends-wrzesien-2020\/\" \/>\n<meta property=\"og:locale\" content=\"pl_PL\" \/>\n<meta property=\"og:type\" content=\"article\" \/>\n<meta property=\"og:title\" content=\"Facebook Trends wrzesie\u0144 2020 - Facebook na pomoc\" \/>\n<meta property=\"og:description\" content=\"Dla wielu marek i os\u00f3b Facebook jest kana\u0142em dotarcia do tysi\u0119cy os\u00f3b, kt\u00f3rych reakcja, lub jej brak, mo\u017ce przes\u0105dzi\u0107 o ich dalszych losach.\u00a0\" \/>\n<meta property=\"og:url\" content=\"https:\/\/www.sotrender.com\/blog\/pl\/2020\/10\/facebook-trends-wrzesien-2020\/\" \/>\n<meta property=\"og:site_name\" content=\"Sotrender Blog\" \/>\n<meta property=\"article:publisher\" content=\"https:\/\/www.facebook.com\/Sotrender\" \/>\n<meta property=\"article:published_time\" content=\"2020-10-07T10:45:15+00:00\" \/>\n<meta property=\"article:modified_time\" content=\"2020-10-07T10:49:17+00:00\" \/>\n<meta property=\"og:image\" content=\"https:\/\/www.sotrender.com\/blog\/wp-content\/uploads\/2020\/10\/priscilla-du-preez-DAFh1p9huAE-unsplash.jpg\" \/>\n\t<meta property=\"og:image:width\" content=\"1920\" \/>\n\t<meta property=\"og:image:height\" content=\"1280\" \/>\n\t<meta property=\"og:image:type\" content=\"image\/jpeg\" \/>\n<meta name=\"author\" content=\"Klaudia \u017by\u0142ka\" \/>\n<meta name=\"twitter:card\" content=\"summary_large_image\" \/>\n<meta name=\"twitter:creator\" content=\"@Sotrender\" \/>\n<meta name=\"twitter:site\" content=\"@Sotrender\" \/>\n<meta name=\"twitter:label1\" content=\"Written by\" \/>\n\t<meta name=\"twitter:data1\" content=\"Klaudia \u017by\u0142ka\" \/>\n\t<meta name=\"twitter:label2\" content=\"Est. reading time\" \/>\n\t<meta name=\"twitter:data2\" content=\"3 minutes\" \/>\n<script type=\"application\/ld+json\" class=\"yoast-schema-graph\">{\"@context\":\"https:\/\/schema.org\",\"@graph\":[{\"@type\":\"WebPage\",\"@id\":\"https:\/\/www.sotrender.com\/blog\/pl\/2020\/10\/facebook-trends-wrzesien-2020\/\",\"url\":\"https:\/\/www.sotrender.com\/blog\/pl\/2020\/10\/facebook-trends-wrzesien-2020\/\",\"name\":\"Facebook Trends wrzesie\u0144 2020 - Facebook na pomoc\",\"isPartOf\":{\"@id\":\"https:\/\/www.sotrender.com\/blog\/#website\"},\"primaryImageOfPage\":{\"@id\":\"https:\/\/www.sotrender.com\/blog\/pl\/2020\/10\/facebook-trends-wrzesien-2020\/#primaryimage\"},\"image\":{\"@id\":\"https:\/\/www.sotrender.com\/blog\/pl\/2020\/10\/facebook-trends-wrzesien-2020\/#primaryimage\"},\"thumbnailUrl\":\"https:\/\/www.sotrender.com\/blog\/wp-content\/uploads\/2020\/10\/priscilla-du-preez-DAFh1p9huAE-unsplash.jpg\",\"datePublished\":\"2020-10-07T10:45:15+00:00\",\"dateModified\":\"2020-10-07T10:49:17+00:00\",\"author\":{\"@id\":\"https:\/\/www.sotrender.com\/blog\/#\/schema\/person\/038ac5e276c5d102d8cbb9c36cd43416\"},\"description\":\"Dla wielu marek i os\u00f3b Facebook jest kana\u0142em dotarcia do tysi\u0119cy os\u00f3b, kt\u00f3rych reakcja, lub jej brak, mo\u017ce przes\u0105dzi\u0107 o ich dalszych losach.\u00a0\",\"breadcrumb\":{\"@id\":\"https:\/\/www.sotrender.com\/blog\/pl\/2020\/10\/facebook-trends-wrzesien-2020\/#breadcrumb\"},\"inLanguage\":\"pl-PL\",\"potentialAction\":[{\"@type\":\"ReadAction\",\"target\":[\"https:\/\/www.sotrender.com\/blog\/pl\/2020\/10\/facebook-trends-wrzesien-2020\/\"]}]},{\"@type\":\"ImageObject\",\"inLanguage\":\"pl-PL\",\"@id\":\"https:\/\/www.sotrender.com\/blog\/pl\/2020\/10\/facebook-trends-wrzesien-2020\/#primaryimage\",\"url\":\"https:\/\/www.sotrender.com\/blog\/wp-content\/uploads\/2020\/10\/priscilla-du-preez-DAFh1p9huAE-unsplash.jpg\",\"contentUrl\":\"https:\/\/www.sotrender.com\/blog\/wp-content\/uploads\/2020\/10\/priscilla-du-preez-DAFh1p9huAE-unsplash.jpg\",\"width\":1920,\"height\":1280},{\"@type\":\"BreadcrumbList\",\"@id\":\"https:\/\/www.sotrender.com\/blog\/pl\/2020\/10\/facebook-trends-wrzesien-2020\/#breadcrumb\",\"itemListElement\":[{\"@type\":\"ListItem\",\"position\":1,\"name\":\"Home\",\"item\":\"https:\/\/www.sotrender.com\/blog\/\"},{\"@type\":\"ListItem\",\"position\":2,\"name\":\"Facebook Trends wrzesie\u0144 2020 &#8211; Facebook na pomoc\"}]},{\"@type\":\"WebSite\",\"@id\":\"https:\/\/www.sotrender.com\/blog\/#website\",\"url\":\"https:\/\/www.sotrender.com\/blog\/\",\"name\":\"Sotrender Blog\",\"description\":\"\",\"potentialAction\":[{\"@type\":\"SearchAction\",\"target\":{\"@type\":\"EntryPoint\",\"urlTemplate\":\"https:\/\/www.sotrender.com\/blog\/?s={search_term_string}\"},\"query-input\":\"required name=search_term_string\"}],\"inLanguage\":\"pl-PL\"},{\"@type\":\"Person\",\"@id\":\"https:\/\/www.sotrender.com\/blog\/#\/schema\/person\/038ac5e276c5d102d8cbb9c36cd43416\",\"name\":\"Klaudia \u017by\u0142ka\",\"image\":{\"@type\":\"ImageObject\",\"inLanguage\":\"pl-PL\",\"@id\":\"https:\/\/www.sotrender.com\/blog\/#\/schema\/person\/image\/\",\"url\":\"https:\/\/secure.gravatar.com\/avatar\/f55d5d49ce3c448e1ffde0ab078d84cd?s=96&d=mm&r=g\",\"contentUrl\":\"https:\/\/secure.gravatar.com\/avatar\/f55d5d49ce3c448e1ffde0ab078d84cd?s=96&d=mm&r=g\",\"caption\":\"Klaudia \u017by\u0142ka\"},\"description\":\"Instagram, dogs, books and food lover. Former student at Warsaw University and Malm\u00f6 University. Improving her marketing skills every day. Proud owner of DIMAQ certificate\",\"sameAs\":[\"https:\/\/www.linkedin.com\/in\/klaudia-\u017cy\u0142ka-17527779\"],\"url\":\"https:\/\/www.sotrender.com\/blog\/pl\/author\/klaudia_yka\/\"}]}<\/script>\n<!-- \/ Yoast SEO plugin. -->","yoast_head_json":{"title":"Facebook Trends wrzesie\u0144 2020 - Facebook na pomoc","description":"Dla wielu marek i os\u00f3b Facebook jest kana\u0142em dotarcia do tysi\u0119cy os\u00f3b, kt\u00f3rych reakcja, lub jej brak, mo\u017ce przes\u0105dzi\u0107 o ich dalszych losach.\u00a0","robots":{"index":"index","follow":"follow","max-snippet":"max-snippet:-1","max-image-preview":"max-image-preview:large","max-video-preview":"max-video-preview:-1"},"canonical":"https:\/\/www.sotrender.com\/blog\/pl\/2020\/10\/facebook-trends-wrzesien-2020\/","og_locale":"pl_PL","og_type":"article","og_title":"Facebook Trends wrzesie\u0144 2020 - Facebook na pomoc","og_description":"Dla wielu marek i os\u00f3b Facebook jest kana\u0142em dotarcia do tysi\u0119cy os\u00f3b, kt\u00f3rych reakcja, lub jej brak, mo\u017ce przes\u0105dzi\u0107 o ich dalszych losach.\u00a0","og_url":"https:\/\/www.sotrender.com\/blog\/pl\/2020\/10\/facebook-trends-wrzesien-2020\/","og_site_name":"Sotrender Blog","article_publisher":"https:\/\/www.facebook.com\/Sotrender","article_published_time":"2020-10-07T10:45:15+00:00","article_modified_time":"2020-10-07T10:49:17+00:00","og_image":[{"width":1920,"height":1280,"url":"https:\/\/www.sotrender.com\/blog\/wp-content\/uploads\/2020\/10\/priscilla-du-preez-DAFh1p9huAE-unsplash.jpg","type":"image\/jpeg"}],"author":"Klaudia \u017by\u0142ka","twitter_card":"summary_large_image","twitter_creator":"@Sotrender","twitter_site":"@Sotrender","twitter_misc":{"Written by":"Klaudia \u017by\u0142ka","Est. reading time":"3 minutes"},"schema":{"@context":"https:\/\/schema.org","@graph":[{"@type":"WebPage","@id":"https:\/\/www.sotrender.com\/blog\/pl\/2020\/10\/facebook-trends-wrzesien-2020\/","url":"https:\/\/www.sotrender.com\/blog\/pl\/2020\/10\/facebook-trends-wrzesien-2020\/","name":"Facebook Trends wrzesie\u0144 2020 - Facebook na pomoc","isPartOf":{"@id":"https:\/\/www.sotrender.com\/blog\/#website"},"primaryImageOfPage":{"@id":"https:\/\/www.sotrender.com\/blog\/pl\/2020\/10\/facebook-trends-wrzesien-2020\/#primaryimage"},"image":{"@id":"https:\/\/www.sotrender.com\/blog\/pl\/2020\/10\/facebook-trends-wrzesien-2020\/#primaryimage"},"thumbnailUrl":"https:\/\/www.sotrender.com\/blog\/wp-content\/uploads\/2020\/10\/priscilla-du-preez-DAFh1p9huAE-unsplash.jpg","datePublished":"2020-10-07T10:45:15+00:00","dateModified":"2020-10-07T10:49:17+00:00","author":{"@id":"https:\/\/www.sotrender.com\/blog\/#\/schema\/person\/038ac5e276c5d102d8cbb9c36cd43416"},"description":"Dla wielu marek i os\u00f3b Facebook jest kana\u0142em dotarcia do tysi\u0119cy os\u00f3b, kt\u00f3rych reakcja, lub jej brak, mo\u017ce przes\u0105dzi\u0107 o ich dalszych losach.\u00a0","breadcrumb":{"@id":"https:\/\/www.sotrender.com\/blog\/pl\/2020\/10\/facebook-trends-wrzesien-2020\/#breadcrumb"},"inLanguage":"pl-PL","potentialAction":[{"@type":"ReadAction","target":["https:\/\/www.sotrender.com\/blog\/pl\/2020\/10\/facebook-trends-wrzesien-2020\/"]}]},{"@type":"ImageObject","inLanguage":"pl-PL","@id":"https:\/\/www.sotrender.com\/blog\/pl\/2020\/10\/facebook-trends-wrzesien-2020\/#primaryimage","url":"https:\/\/www.sotrender.com\/blog\/wp-content\/uploads\/2020\/10\/priscilla-du-preez-DAFh1p9huAE-unsplash.jpg","contentUrl":"https:\/\/www.sotrender.com\/blog\/wp-content\/uploads\/2020\/10\/priscilla-du-preez-DAFh1p9huAE-unsplash.jpg","width":1920,"height":1280},{"@type":"BreadcrumbList","@id":"https:\/\/www.sotrender.com\/blog\/pl\/2020\/10\/facebook-trends-wrzesien-2020\/#breadcrumb","itemListElement":[{"@type":"ListItem","position":1,"name":"Home","item":"https:\/\/www.sotrender.com\/blog\/"},{"@type":"ListItem","position":2,"name":"Facebook Trends wrzesie\u0144 2020 &#8211; Facebook na pomoc"}]},{"@type":"WebSite","@id":"https:\/\/www.sotrender.com\/blog\/#website","url":"https:\/\/www.sotrender.com\/blog\/","name":"Sotrender Blog","description":"","potentialAction":[{"@type":"SearchAction","target":{"@type":"EntryPoint","urlTemplate":"https:\/\/www.sotrender.com\/blog\/?s={search_term_string}"},"query-input":"required name=search_term_string"}],"inLanguage":"pl-PL"},{"@type":"Person","@id":"https:\/\/www.sotrender.com\/blog\/#\/schema\/person\/038ac5e276c5d102d8cbb9c36cd43416","name":"Klaudia \u017by\u0142ka","image":{"@type":"ImageObject","inLanguage":"pl-PL","@id":"https:\/\/www.sotrender.com\/blog\/#\/schema\/person\/image\/","url":"https:\/\/secure.gravatar.com\/avatar\/f55d5d49ce3c448e1ffde0ab078d84cd?s=96&d=mm&r=g","contentUrl":"https:\/\/secure.gravatar.com\/avatar\/f55d5d49ce3c448e1ffde0ab078d84cd?s=96&d=mm&r=g","caption":"Klaudia \u017by\u0142ka"},"description":"Instagram, dogs, books and food lover. Former student at Warsaw University and Malm\u00f6 University. Improving her marketing skills every day. Proud owner of DIMAQ certificate","sameAs":["https:\/\/www.linkedin.com\/in\/klaudia-\u017cy\u0142ka-17527779"],"url":"https:\/\/www.sotrender.com\/blog\/pl\/author\/klaudia_yka\/"}]}},"_links":{"self":[{"href":"https:\/\/www.sotrender.com\/blog\/pl\/wp-json\/wp\/v2\/posts\/41633"}],"collection":[{"href":"https:\/\/www.sotrender.com\/blog\/pl\/wp-json\/wp\/v2\/posts"}],"about":[{"href":"https:\/\/www.sotrender.com\/blog\/pl\/wp-json\/wp\/v2\/types\/post"}],"author":[{"embeddable":true,"href":"https:\/\/www.sotrender.com\/blog\/pl\/wp-json\/wp\/v2\/users\/89"}],"replies":[{"embeddable":true,"href":"https:\/\/www.sotrender.com\/blog\/pl\/wp-json\/wp\/v2\/comments?post=41633"}],"version-history":[{"count":3,"href":"https:\/\/www.sotrender.com\/blog\/pl\/wp-json\/wp\/v2\/posts\/41633\/revisions"}],"predecessor-version":[{"id":41649,"href":"https:\/\/www.sotrender.com\/blog\/pl\/wp-json\/wp\/v2\/posts\/41633\/revisions\/41649"}],"wp:featuredmedia":[{"embeddable":true,"href":"https:\/\/www.sotrender.com\/blog\/pl\/wp-json\/wp\/v2\/media\/41645"}],"wp:attachment":[{"href":"https:\/\/www.sotrender.com\/blog\/pl\/wp-json\/wp\/v2\/media?parent=41633"}],"wp:term":[{"taxonomy":"category","embeddable":true,"href":"https:\/\/www.sotrender.com\/blog\/pl\/wp-json\/wp\/v2\/categories?post=41633"},{"taxonomy":"post_tag","embeddable":true,"href":"https:\/\/www.sotrender.com\/blog\/pl\/wp-json\/wp\/v2\/tags?post=41633"}],"curies":[{"name":"wp","href":"https:\/\/api.w.org\/{rel}","templated":true}]}}