{"id":41525,"date":"2020-09-09T14:33:19","date_gmt":"2020-09-09T12:33:19","guid":{"rendered":"https:\/\/www.sotrender.com\/blog\/?p=41525\/"},"modified":"2020-09-09T14:33:19","modified_gmt":"2020-09-09T12:33:19","slug":"facebook-trends-sierpien-2020","status":"publish","type":"post","link":"https:\/\/www.sotrender.com\/blog\/pl\/2020\/09\/facebook-trends-sierpien-2020\/","title":{"rendered":"Facebook Trends sierpie\u0144 2020 &#8211; Lewandowski \u015bwi\u0119ci triumfy"},"content":{"rendered":"<p><span style=\"font-weight: 400;\">Kr\u00f3lem Facebooka ponownie jest Robert Lewandowski i tym razem chodzi nie tylko liczb\u0119 fan\u00f3w, ale o prowadzenie w prawie wszystkich kategoriach.\u00a0<\/span><\/p>\n<p><!--more--><\/p>\n<p><span style=\"font-weight: 400;\">W tym miesi\u0105cu znaczna cz\u0119\u015b\u0107 naszego podsumowania b\u0119dzie po\u015bwi\u0119cona w\u0142a\u015bnie rodzinie Lewandowskich, ale przyjrzymy si\u0119 tak\u017ce komunikacji kilku wybranych marek na swoich profilach.<\/span><\/p>\n<p><span style=\"font-weight: 400;\">Zapraszamy na <a href=\"https:\/\/www.sotrender.com\/trends\/facebook\/poland\/202008\">sierpniowe wydanie raportu Facebook Trends<\/a>!<\/span><\/p>\n<h2><strong>Lewandowski numerem jeden<\/strong><\/h2>\n<p><span style=\"font-weight: 400;\">Sierpie\u0144 zdecydowanie nale\u017ca\u0142 do Roberta Lewandowskiego. Zwyci\u0119stwo w Lidze Mistrz\u00f3w spowodowa\u0142o ponowny wzrost zainteresowania pi\u0142karzem, co doskonale wida\u0107 patrz\u0105c na sierpniowe statystyki na Facebooku.\u00a0<\/span><\/p>\n<p><span style=\"font-weight: 400;\">Profil Lewandowskiego by\u0142 nie tylko <\/span><b><a href=\"https:\/\/www.sotrender.com\/trends\/facebook\/poland\/202008\">najszybciej rosn\u0105cym profilem w sierpniu<\/a> (+414 tys. nowych fan\u00f3w)<\/b><span style=\"font-weight: 400;\">, ale tak\u017ce <\/span><b>najbardziej anga\u017cuj\u0105cym profilem<\/b><span style=\"font-weight: 400;\">.\u00a0<\/span><\/p>\n<p><span style=\"font-weight: 400;\">Pod wzgl\u0119dem liczby Aktywnych u\u017cytkownik\u00f3w lepszy na polskim Facebooku w sierpniu by\u0142 jedynie profil Sok z Buraka.<\/span><\/p>\n<div id=\"attachment_41527\" style=\"width: 989px\" class=\"wp-caption aligncenter\"><img loading=\"lazy\" decoding=\"async\" aria-describedby=\"caption-attachment-41527\" class=\"size-full wp-image-41527\" src=\"https:\/\/www.sotrender.com\/blog\/wp-content\/uploads\/2020\/09\/Zrzut-ekranu-2020-09-9-o-10.57.01.png\" alt=\"robert lewandowski \" width=\"979\" height=\"209\" srcset=\"https:\/\/www.sotrender.com\/blog\/wp-content\/uploads\/2020\/09\/Zrzut-ekranu-2020-09-9-o-10.57.01.png 979w, https:\/\/www.sotrender.com\/blog\/wp-content\/uploads\/2020\/09\/Zrzut-ekranu-2020-09-9-o-10.57.01-475x101.png 475w, https:\/\/www.sotrender.com\/blog\/wp-content\/uploads\/2020\/09\/Zrzut-ekranu-2020-09-9-o-10.57.01-768x164.png 768w, https:\/\/www.sotrender.com\/blog\/wp-content\/uploads\/2020\/09\/Zrzut-ekranu-2020-09-9-o-10.57.01-950x203.png 950w\" sizes=\"(max-width: 979px) 100vw, 979px\" \/><p id=\"caption-attachment-41527\" class=\"wp-caption-text\">Profile na polskim Facebooku z najwi\u0119ksz\u0105 liczb\u0105 <a href=\"https:\/\/www.sotrender.com\/trends\/facebook\/poland\/202008\/pl_wszystkie#engagement\">aktywnych u\u017cytkownik\u00f3w<\/a> w sierpniu 2020 r.<\/p><\/div>\n<p><span style=\"font-weight: 400;\">Dodatkowo, a\u017c 5 na 6 najlepszych post\u00f3w miesi\u0105ca nale\u017ca\u0142o do Lewandowskiego. <\/span><b>Dwa najlepsze posty zdoby\u0142y rekordow\u0105 liczb\u0119 ponad 1 miliona reakcji.\u00a0<\/b><\/p>\n<div id=\"attachment_41533\" style=\"width: 982px\" class=\"wp-caption aligncenter\"><img loading=\"lazy\" decoding=\"async\" aria-describedby=\"caption-attachment-41533\" class=\"size-full wp-image-41533\" src=\"https:\/\/www.sotrender.com\/blog\/wp-content\/uploads\/2020\/09\/Zrzut-ekranu-2020-09-9-o-10.40.44.png\" alt=\"robert lewandowski liga mistrz\u00f3w\" width=\"972\" height=\"452\" srcset=\"https:\/\/www.sotrender.com\/blog\/wp-content\/uploads\/2020\/09\/Zrzut-ekranu-2020-09-9-o-10.40.44.png 972w, https:\/\/www.sotrender.com\/blog\/wp-content\/uploads\/2020\/09\/Zrzut-ekranu-2020-09-9-o-10.40.44-475x221.png 475w, https:\/\/www.sotrender.com\/blog\/wp-content\/uploads\/2020\/09\/Zrzut-ekranu-2020-09-9-o-10.40.44-768x357.png 768w, https:\/\/www.sotrender.com\/blog\/wp-content\/uploads\/2020\/09\/Zrzut-ekranu-2020-09-9-o-10.40.44-950x442.png 950w\" sizes=\"(max-width: 972px) 100vw, 972px\" \/><p id=\"caption-attachment-41533\" class=\"wp-caption-text\"><a href=\"https:\/\/www.sotrender.com\/trends\/facebook\/poland\/202008\/pl_wszystkie#best_posts\">Najbardziej anga\u017cuj\u0105ce posty na polskim Facebooku w sierpniu<\/a><\/p><\/div>\n<p><span style=\"font-weight: 400;\">Jeden z post\u00f3w pi\u0142karza zainspirowa\u0142 r\u00f3wnie\u017c prowadz\u0105cych profil Pasibusa do kolejnej kreacji na ich profilu. Jak wida\u0107 fanom r\u00f3wnie\u017c si\u0119 spodoba\u0142. \ud83d\ude09\u00a0<\/span><\/p>\n<div id=\"attachment_41537\" style=\"width: 981px\" class=\"wp-caption aligncenter\"><img loading=\"lazy\" decoding=\"async\" aria-describedby=\"caption-attachment-41537\" class=\"size-full wp-image-41537\" src=\"https:\/\/www.sotrender.com\/blog\/wp-content\/uploads\/2020\/09\/Zrzut-ekranu-2020-09-9-o-10.39.58.png\" alt=\"pasibus facebook\" width=\"971\" height=\"459\" srcset=\"https:\/\/www.sotrender.com\/blog\/wp-content\/uploads\/2020\/09\/Zrzut-ekranu-2020-09-9-o-10.39.58.png 971w, https:\/\/www.sotrender.com\/blog\/wp-content\/uploads\/2020\/09\/Zrzut-ekranu-2020-09-9-o-10.39.58-475x225.png 475w, https:\/\/www.sotrender.com\/blog\/wp-content\/uploads\/2020\/09\/Zrzut-ekranu-2020-09-9-o-10.39.58-768x363.png 768w, https:\/\/www.sotrender.com\/blog\/wp-content\/uploads\/2020\/09\/Zrzut-ekranu-2020-09-9-o-10.39.58-950x449.png 950w\" sizes=\"(max-width: 971px) 100vw, 971px\" \/><p id=\"caption-attachment-41537\" class=\"wp-caption-text\">Post na profilu Pasibusa nawi\u0105zuj\u0105cy do posta Roberta Lewandowskiego, kategoria <a href=\"https:\/\/www.sotrender.com\/trends\/facebook\/poland\/202008\/miejsca\/restauracje\">Restauracje<\/a><\/p><\/div>\n<p><span style=\"font-weight: 400;\">Nieco gorsz\u0105 pass\u0119 ma ostatnio \u017cona Roberta, Anna Lewandowska, kt\u00f3rej problemy wizerunkowe zapocz\u0105tkowa\u0142o opublikowane przez ni\u0105 wideo, w kt\u00f3rym przebrana by\u0142a za oty\u0142\u0105 kobiet\u0119. W sierpniu zaanga\u017cowanie na profilu Lewandowskiej spad\u0142o o 22% w por\u00f3wnaniu do poprzedniego miesi\u0105ca.\u00a0<\/span><\/p>\n<h2><strong>\u201cDobry\u201d miesi\u0105c mBanku\u00a0<\/strong><\/h2>\n<p><span style=\"font-weight: 400;\">Nierzadko zdarza si\u0119, \u017ce to nie najbardziej jako\u015bciowy i najd\u0142u\u017cej przygotowywany content roznosi si\u0119 viralowo.\u00a0<\/span><\/p>\n<p><span style=\"font-weight: 400;\">\u201cWpadka\u201d mBanku na pocz\u0105tku sierpnia (z kt\u00f3rej, trzeba przyzna\u0107, zesp\u00f3\u0142 mBanku wyszed\u0142 obronn\u0105 r\u0119k\u0105) by\u0142a tego doskona\u0142ym przyk\u0142adem.\u00a0<\/span><\/p>\n<div id=\"attachment_41545\" style=\"width: 974px\" class=\"wp-caption aligncenter\"><img loading=\"lazy\" decoding=\"async\" aria-describedby=\"caption-attachment-41545\" class=\"size-full wp-image-41545\" src=\"https:\/\/www.sotrender.com\/blog\/wp-content\/uploads\/2020\/09\/Zrzut-ekranu-2020-09-9-o-10.52.52.png\" alt=\"\" width=\"964\" height=\"456\" srcset=\"https:\/\/www.sotrender.com\/blog\/wp-content\/uploads\/2020\/09\/Zrzut-ekranu-2020-09-9-o-10.52.52.png 964w, https:\/\/www.sotrender.com\/blog\/wp-content\/uploads\/2020\/09\/Zrzut-ekranu-2020-09-9-o-10.52.52-475x225.png 475w, https:\/\/www.sotrender.com\/blog\/wp-content\/uploads\/2020\/09\/Zrzut-ekranu-2020-09-9-o-10.52.52-768x363.png 768w, https:\/\/www.sotrender.com\/blog\/wp-content\/uploads\/2020\/09\/Zrzut-ekranu-2020-09-9-o-10.52.52-950x449.png 950w\" sizes=\"(max-width: 964px) 100vw, 964px\" \/><p id=\"caption-attachment-41545\" class=\"wp-caption-text\">Najlepsze posty w kategorii <a href=\"https:\/\/www.sotrender.com\/trends\/facebook\/poland\/202008\/finanse\">Finanse<\/a> | Facebook, sierpie\u0144 2020<\/p><\/div>\n<p><span style=\"font-weight: 400;\">Profil banku awansowa\u0142 w kategorii Aktywnych u\u017cytkownik\u00f3w oraz Zaanga\u017cowania, g\u0142\u00f3wnie za spraw\u0105 wzmo\u017conych reakcji fan\u00f3w na komunikacj\u0119 zwi\u0105zan\u0105 z testowymi powiadomieniami w aplikacji.\u00a0<\/span><\/p>\n<div id=\"attachment_41547\" style=\"width: 988px\" class=\"wp-caption aligncenter\"><img loading=\"lazy\" decoding=\"async\" aria-describedby=\"caption-attachment-41547\" class=\"size-full wp-image-41547\" src=\"https:\/\/www.sotrender.com\/blog\/wp-content\/uploads\/2020\/09\/Zrzut-ekranu-2020-09-9-o-10.53.13.png\" alt=\"mbank facebook\" width=\"978\" height=\"217\" srcset=\"https:\/\/www.sotrender.com\/blog\/wp-content\/uploads\/2020\/09\/Zrzut-ekranu-2020-09-9-o-10.53.13.png 978w, https:\/\/www.sotrender.com\/blog\/wp-content\/uploads\/2020\/09\/Zrzut-ekranu-2020-09-9-o-10.53.13-475x105.png 475w, https:\/\/www.sotrender.com\/blog\/wp-content\/uploads\/2020\/09\/Zrzut-ekranu-2020-09-9-o-10.53.13-768x170.png 768w, https:\/\/www.sotrender.com\/blog\/wp-content\/uploads\/2020\/09\/Zrzut-ekranu-2020-09-9-o-10.53.13-950x211.png 950w\" sizes=\"(max-width: 978px) 100vw, 978px\" \/><p id=\"caption-attachment-41547\" class=\"wp-caption-text\">Profile w kategorii <a href=\"https:\/\/www.sotrender.com\/trends\/facebook\/poland\/202008\/finanse\">Finanse<\/a> o najwi\u0119kszej liczbie aktywnych u\u017cytkownik\u00f3w<\/p><\/div>\n<p><span style=\"font-weight: 400;\">Cho\u0107 najprawdopodobniej sentyment i wyd\u017awi\u0119k reakcji i komentarzy nie by\u0142 najbardziej pozytywny, nie da si\u0119 ukry\u0107, \u017ce o marce by\u0142o naprawd\u0119 g\u0142o\u015bno przez kilka sierpniowych dni, a zbudowane zasi\u0119gi z pewno\u015bci\u0105 by\u0142y imponuj\u0105ce.\u00a0<\/span><\/p>\n<h2><strong>\u015awi\u0119to pszcz\u00f3\u0142\u00a0<\/strong><\/h2>\n<p><span style=\"font-weight: 400;\">8 sierpnia obchodzili\u015bmy w Polsce Wielki Dzie\u0144 Pszcz\u00f3\u0142, kt\u00f3ry wiele marek z sukcesem wykorzysta\u0142o w swojej komunikacji.\u00a0<\/span><\/p>\n<p><span style=\"font-weight: 400;\">Nale\u017ca\u0142y do nich m.in. posty na profilu Z Kujawskim Pomagamy Pszczo\u0142om:<\/span><\/p>\n<div id=\"attachment_41549\" style=\"width: 986px\" class=\"wp-caption aligncenter\"><img loading=\"lazy\" decoding=\"async\" aria-describedby=\"caption-attachment-41549\" class=\"wp-image-41549 size-full\" src=\"https:\/\/www.sotrender.com\/blog\/wp-content\/uploads\/2020\/09\/Zrzut-ekranu-2020-09-9-o-09.04.55.png\" alt=\"\" width=\"976\" height=\"464\" srcset=\"https:\/\/www.sotrender.com\/blog\/wp-content\/uploads\/2020\/09\/Zrzut-ekranu-2020-09-9-o-09.04.55.png 976w, https:\/\/www.sotrender.com\/blog\/wp-content\/uploads\/2020\/09\/Zrzut-ekranu-2020-09-9-o-09.04.55-475x226.png 475w, https:\/\/www.sotrender.com\/blog\/wp-content\/uploads\/2020\/09\/Zrzut-ekranu-2020-09-9-o-09.04.55-768x365.png 768w, https:\/\/www.sotrender.com\/blog\/wp-content\/uploads\/2020\/09\/Zrzut-ekranu-2020-09-9-o-09.04.55-950x452.png 950w\" sizes=\"(max-width: 976px) 100vw, 976px\" \/><p id=\"caption-attachment-41549\" class=\"wp-caption-text\">Najlepsze posty w kategorii <a href=\"https:\/\/www.sotrender.com\/trends\/facebook\/poland\/202008\/fmcg\">FMCG<\/a> | Facebook, sierpie\u0144 2020<\/p><\/div>\n<p><span style=\"font-weight: 400;\">\u2026 czy Link4.\u00a0<\/span><\/p>\n<div id=\"attachment_41551\" style=\"width: 980px\" class=\"wp-caption aligncenter\"><img loading=\"lazy\" decoding=\"async\" aria-describedby=\"caption-attachment-41551\" class=\"wp-image-41551 size-full\" src=\"https:\/\/www.sotrender.com\/blog\/wp-content\/uploads\/2020\/09\/Zrzut-ekranu-2020-09-9-o-09.06.50.png\" alt=\"\" width=\"970\" height=\"467\" srcset=\"https:\/\/www.sotrender.com\/blog\/wp-content\/uploads\/2020\/09\/Zrzut-ekranu-2020-09-9-o-09.06.50.png 970w, https:\/\/www.sotrender.com\/blog\/wp-content\/uploads\/2020\/09\/Zrzut-ekranu-2020-09-9-o-09.06.50-475x229.png 475w, https:\/\/www.sotrender.com\/blog\/wp-content\/uploads\/2020\/09\/Zrzut-ekranu-2020-09-9-o-09.06.50-768x370.png 768w, https:\/\/www.sotrender.com\/blog\/wp-content\/uploads\/2020\/09\/Zrzut-ekranu-2020-09-9-o-09.06.50-950x457.png 950w\" sizes=\"(max-width: 970px) 100vw, 970px\" \/><p id=\"caption-attachment-41551\" class=\"wp-caption-text\">Najlepsze posty w kategorii <a href=\"https:\/\/www.sotrender.com\/trends\/facebook\/poland\/202008\/finanse\/ubezpieczenia\">Ubezpieczenia<\/a> | Facebook, sierpie\u0144 2020<\/p><\/div>\n<h2><strong>Sierpie\u0144 na Facebooku<\/strong><\/h2>\n<p><span style=\"font-weight: 400;\">Co jeszcze wydarzy\u0142o si\u0119 w sierpniu na Facebooku? Kt\u00f3re profile odnotowa\u0142y spadki, a kt\u00f3re wzrosty? Dowiecie si\u0119 z pe\u0142nego wydania raportu <a href=\"https:\/\/www.sotrender.com\/trends\/facebook\/poland\/202008\">Facebook Trends<\/a>.\u00a0<\/span><\/p>\n<p><span style=\"font-weight: 400;\">Przypominamy r\u00f3wnie\u017c, \u017ce ukaza\u0142o si\u0119 kolejne wydanie kwartalnika <\/span><a href=\"https:\/\/dewelopermarketing.pl\/media\/wydania\/deweloper_marketing_3_2020.pdf\"><span style=\"font-weight: 400;\">Deweloper&amp;Marketing<\/span><\/a><span style=\"font-weight: 400;\">, w kt\u00f3rym dost\u0119pne s\u0105 dane dot. profili na Facebooku najwi\u0119kszych polskich deweloper\u00f3w.\u00a0<\/span><\/p>\n<p><em><span style=\"font-weight: 400;\">Do us\u0142yszenia za miesi\u0105c!\u00a0<\/span><\/em><\/p>\n<p>&nbsp;<\/p>\n","protected":false},"excerpt":{"rendered":"<p>Kr\u00f3lem Facebooka ponownie jest Robert Lewandowski i tym razem chodzi nie tylko liczb\u0119 fan\u00f3w, ale o prowadzenie w prawie wszystkich kategoriach.\u00a0<\/p>\n","protected":false},"author":89,"featured_media":41541,"comment_status":"open","ping_status":"open","sticky":false,"template":"","format":"standard","meta":{"inline_featured_image":false,"footnotes":""},"categories":[2125,1791,1797],"tags":[725,2377],"yoast_head":"<!-- This site is optimized with the Yoast SEO plugin v22.4 - https:\/\/yoast.com\/wordpress\/plugins\/seo\/ -->\n<title>Facebook Trends sierpie\u0144 2020 - Lewandowski \u015bwi\u0119ci triumfy<\/title>\n<meta name=\"description\" content=\"Sierpie\u0144 zdecydowanie nale\u017ca\u0142 do Roberta Lewandowskiego. Zwyci\u0119stwo w Lidze Mistrz\u00f3w spowodowa\u0142o ponowny wzrost zainteresowania pi\u0142karzem na Facebooku.\" \/>\n<meta name=\"robots\" content=\"index, follow, max-snippet:-1, max-image-preview:large, max-video-preview:-1\" \/>\n<link rel=\"canonical\" href=\"https:\/\/www.sotrender.com\/blog\/pl\/2020\/09\/facebook-trends-sierpien-2020\/\" \/>\n<meta property=\"og:locale\" content=\"pl_PL\" \/>\n<meta property=\"og:type\" content=\"article\" \/>\n<meta property=\"og:title\" content=\"Facebook Trends sierpie\u0144 2020 - Lewandowski \u015bwi\u0119ci triumfy\" \/>\n<meta property=\"og:description\" content=\"Sierpie\u0144 zdecydowanie nale\u017ca\u0142 do Roberta Lewandowskiego. Zwyci\u0119stwo w Lidze Mistrz\u00f3w spowodowa\u0142o ponowny wzrost zainteresowania pi\u0142karzem na Facebooku.\" \/>\n<meta property=\"og:url\" content=\"https:\/\/www.sotrender.com\/blog\/pl\/2020\/09\/facebook-trends-sierpien-2020\/\" \/>\n<meta property=\"og:site_name\" content=\"Sotrender Blog\" \/>\n<meta property=\"article:publisher\" content=\"https:\/\/www.facebook.com\/Sotrender\" \/>\n<meta property=\"article:published_time\" content=\"2020-09-09T12:33:19+00:00\" \/>\n<meta property=\"og:image\" content=\"https:\/\/www.sotrender.com\/blog\/wp-content\/uploads\/2020\/09\/edoardo-busti-2QwMsZ1TIdI-unsplash.jpg\" \/>\n\t<meta property=\"og:image:width\" content=\"1920\" \/>\n\t<meta property=\"og:image:height\" content=\"1277\" \/>\n\t<meta property=\"og:image:type\" content=\"image\/jpeg\" \/>\n<meta name=\"author\" content=\"Klaudia \u017by\u0142ka\" \/>\n<meta name=\"twitter:card\" content=\"summary_large_image\" \/>\n<meta name=\"twitter:creator\" content=\"@Sotrender\" \/>\n<meta name=\"twitter:site\" content=\"@Sotrender\" \/>\n<meta name=\"twitter:label1\" content=\"Written by\" \/>\n\t<meta name=\"twitter:data1\" content=\"Klaudia \u017by\u0142ka\" \/>\n\t<meta name=\"twitter:label2\" content=\"Est. reading time\" \/>\n\t<meta name=\"twitter:data2\" content=\"3 minutes\" \/>\n<script type=\"application\/ld+json\" class=\"yoast-schema-graph\">{\"@context\":\"https:\/\/schema.org\",\"@graph\":[{\"@type\":\"WebPage\",\"@id\":\"https:\/\/www.sotrender.com\/blog\/pl\/2020\/09\/facebook-trends-sierpien-2020\/\",\"url\":\"https:\/\/www.sotrender.com\/blog\/pl\/2020\/09\/facebook-trends-sierpien-2020\/\",\"name\":\"Facebook Trends sierpie\u0144 2020 - Lewandowski \u015bwi\u0119ci triumfy\",\"isPartOf\":{\"@id\":\"https:\/\/www.sotrender.com\/blog\/#website\"},\"primaryImageOfPage\":{\"@id\":\"https:\/\/www.sotrender.com\/blog\/pl\/2020\/09\/facebook-trends-sierpien-2020\/#primaryimage\"},\"image\":{\"@id\":\"https:\/\/www.sotrender.com\/blog\/pl\/2020\/09\/facebook-trends-sierpien-2020\/#primaryimage\"},\"thumbnailUrl\":\"https:\/\/www.sotrender.com\/blog\/wp-content\/uploads\/2020\/09\/edoardo-busti-2QwMsZ1TIdI-unsplash.jpg\",\"datePublished\":\"2020-09-09T12:33:19+00:00\",\"dateModified\":\"2020-09-09T12:33:19+00:00\",\"author\":{\"@id\":\"https:\/\/www.sotrender.com\/blog\/#\/schema\/person\/038ac5e276c5d102d8cbb9c36cd43416\"},\"description\":\"Sierpie\u0144 zdecydowanie nale\u017ca\u0142 do Roberta Lewandowskiego. Zwyci\u0119stwo w Lidze Mistrz\u00f3w spowodowa\u0142o ponowny wzrost zainteresowania pi\u0142karzem na Facebooku.\",\"breadcrumb\":{\"@id\":\"https:\/\/www.sotrender.com\/blog\/pl\/2020\/09\/facebook-trends-sierpien-2020\/#breadcrumb\"},\"inLanguage\":\"pl-PL\",\"potentialAction\":[{\"@type\":\"ReadAction\",\"target\":[\"https:\/\/www.sotrender.com\/blog\/pl\/2020\/09\/facebook-trends-sierpien-2020\/\"]}]},{\"@type\":\"ImageObject\",\"inLanguage\":\"pl-PL\",\"@id\":\"https:\/\/www.sotrender.com\/blog\/pl\/2020\/09\/facebook-trends-sierpien-2020\/#primaryimage\",\"url\":\"https:\/\/www.sotrender.com\/blog\/wp-content\/uploads\/2020\/09\/edoardo-busti-2QwMsZ1TIdI-unsplash.jpg\",\"contentUrl\":\"https:\/\/www.sotrender.com\/blog\/wp-content\/uploads\/2020\/09\/edoardo-busti-2QwMsZ1TIdI-unsplash.jpg\",\"width\":1920,\"height\":1277},{\"@type\":\"BreadcrumbList\",\"@id\":\"https:\/\/www.sotrender.com\/blog\/pl\/2020\/09\/facebook-trends-sierpien-2020\/#breadcrumb\",\"itemListElement\":[{\"@type\":\"ListItem\",\"position\":1,\"name\":\"Home\",\"item\":\"https:\/\/www.sotrender.com\/blog\/\"},{\"@type\":\"ListItem\",\"position\":2,\"name\":\"Facebook Trends sierpie\u0144 2020 &#8211; Lewandowski \u015bwi\u0119ci triumfy\"}]},{\"@type\":\"WebSite\",\"@id\":\"https:\/\/www.sotrender.com\/blog\/#website\",\"url\":\"https:\/\/www.sotrender.com\/blog\/\",\"name\":\"Sotrender Blog\",\"description\":\"\",\"potentialAction\":[{\"@type\":\"SearchAction\",\"target\":{\"@type\":\"EntryPoint\",\"urlTemplate\":\"https:\/\/www.sotrender.com\/blog\/?s={search_term_string}\"},\"query-input\":\"required name=search_term_string\"}],\"inLanguage\":\"pl-PL\"},{\"@type\":\"Person\",\"@id\":\"https:\/\/www.sotrender.com\/blog\/#\/schema\/person\/038ac5e276c5d102d8cbb9c36cd43416\",\"name\":\"Klaudia \u017by\u0142ka\",\"image\":{\"@type\":\"ImageObject\",\"inLanguage\":\"pl-PL\",\"@id\":\"https:\/\/www.sotrender.com\/blog\/#\/schema\/person\/image\/\",\"url\":\"https:\/\/secure.gravatar.com\/avatar\/f55d5d49ce3c448e1ffde0ab078d84cd?s=96&d=mm&r=g\",\"contentUrl\":\"https:\/\/secure.gravatar.com\/avatar\/f55d5d49ce3c448e1ffde0ab078d84cd?s=96&d=mm&r=g\",\"caption\":\"Klaudia \u017by\u0142ka\"},\"description\":\"Instagram, dogs, books and food lover. Former student at Warsaw University and Malm\u00f6 University. Improving her marketing skills every day. Proud owner of DIMAQ certificate\",\"sameAs\":[\"https:\/\/www.linkedin.com\/in\/klaudia-\u017cy\u0142ka-17527779\"],\"url\":\"https:\/\/www.sotrender.com\/blog\/pl\/author\/klaudia_yka\/\"}]}<\/script>\n<!-- \/ Yoast SEO plugin. -->","yoast_head_json":{"title":"Facebook Trends sierpie\u0144 2020 - Lewandowski \u015bwi\u0119ci triumfy","description":"Sierpie\u0144 zdecydowanie nale\u017ca\u0142 do Roberta Lewandowskiego. Zwyci\u0119stwo w Lidze Mistrz\u00f3w spowodowa\u0142o ponowny wzrost zainteresowania pi\u0142karzem na Facebooku.","robots":{"index":"index","follow":"follow","max-snippet":"max-snippet:-1","max-image-preview":"max-image-preview:large","max-video-preview":"max-video-preview:-1"},"canonical":"https:\/\/www.sotrender.com\/blog\/pl\/2020\/09\/facebook-trends-sierpien-2020\/","og_locale":"pl_PL","og_type":"article","og_title":"Facebook Trends sierpie\u0144 2020 - Lewandowski \u015bwi\u0119ci triumfy","og_description":"Sierpie\u0144 zdecydowanie nale\u017ca\u0142 do Roberta Lewandowskiego. Zwyci\u0119stwo w Lidze Mistrz\u00f3w spowodowa\u0142o ponowny wzrost zainteresowania pi\u0142karzem na Facebooku.","og_url":"https:\/\/www.sotrender.com\/blog\/pl\/2020\/09\/facebook-trends-sierpien-2020\/","og_site_name":"Sotrender Blog","article_publisher":"https:\/\/www.facebook.com\/Sotrender","article_published_time":"2020-09-09T12:33:19+00:00","og_image":[{"width":1920,"height":1277,"url":"https:\/\/www.sotrender.com\/blog\/wp-content\/uploads\/2020\/09\/edoardo-busti-2QwMsZ1TIdI-unsplash.jpg","type":"image\/jpeg"}],"author":"Klaudia \u017by\u0142ka","twitter_card":"summary_large_image","twitter_creator":"@Sotrender","twitter_site":"@Sotrender","twitter_misc":{"Written by":"Klaudia \u017by\u0142ka","Est. reading time":"3 minutes"},"schema":{"@context":"https:\/\/schema.org","@graph":[{"@type":"WebPage","@id":"https:\/\/www.sotrender.com\/blog\/pl\/2020\/09\/facebook-trends-sierpien-2020\/","url":"https:\/\/www.sotrender.com\/blog\/pl\/2020\/09\/facebook-trends-sierpien-2020\/","name":"Facebook Trends sierpie\u0144 2020 - Lewandowski \u015bwi\u0119ci triumfy","isPartOf":{"@id":"https:\/\/www.sotrender.com\/blog\/#website"},"primaryImageOfPage":{"@id":"https:\/\/www.sotrender.com\/blog\/pl\/2020\/09\/facebook-trends-sierpien-2020\/#primaryimage"},"image":{"@id":"https:\/\/www.sotrender.com\/blog\/pl\/2020\/09\/facebook-trends-sierpien-2020\/#primaryimage"},"thumbnailUrl":"https:\/\/www.sotrender.com\/blog\/wp-content\/uploads\/2020\/09\/edoardo-busti-2QwMsZ1TIdI-unsplash.jpg","datePublished":"2020-09-09T12:33:19+00:00","dateModified":"2020-09-09T12:33:19+00:00","author":{"@id":"https:\/\/www.sotrender.com\/blog\/#\/schema\/person\/038ac5e276c5d102d8cbb9c36cd43416"},"description":"Sierpie\u0144 zdecydowanie nale\u017ca\u0142 do Roberta Lewandowskiego. Zwyci\u0119stwo w Lidze Mistrz\u00f3w spowodowa\u0142o ponowny wzrost zainteresowania pi\u0142karzem na Facebooku.","breadcrumb":{"@id":"https:\/\/www.sotrender.com\/blog\/pl\/2020\/09\/facebook-trends-sierpien-2020\/#breadcrumb"},"inLanguage":"pl-PL","potentialAction":[{"@type":"ReadAction","target":["https:\/\/www.sotrender.com\/blog\/pl\/2020\/09\/facebook-trends-sierpien-2020\/"]}]},{"@type":"ImageObject","inLanguage":"pl-PL","@id":"https:\/\/www.sotrender.com\/blog\/pl\/2020\/09\/facebook-trends-sierpien-2020\/#primaryimage","url":"https:\/\/www.sotrender.com\/blog\/wp-content\/uploads\/2020\/09\/edoardo-busti-2QwMsZ1TIdI-unsplash.jpg","contentUrl":"https:\/\/www.sotrender.com\/blog\/wp-content\/uploads\/2020\/09\/edoardo-busti-2QwMsZ1TIdI-unsplash.jpg","width":1920,"height":1277},{"@type":"BreadcrumbList","@id":"https:\/\/www.sotrender.com\/blog\/pl\/2020\/09\/facebook-trends-sierpien-2020\/#breadcrumb","itemListElement":[{"@type":"ListItem","position":1,"name":"Home","item":"https:\/\/www.sotrender.com\/blog\/"},{"@type":"ListItem","position":2,"name":"Facebook Trends sierpie\u0144 2020 &#8211; Lewandowski \u015bwi\u0119ci triumfy"}]},{"@type":"WebSite","@id":"https:\/\/www.sotrender.com\/blog\/#website","url":"https:\/\/www.sotrender.com\/blog\/","name":"Sotrender Blog","description":"","potentialAction":[{"@type":"SearchAction","target":{"@type":"EntryPoint","urlTemplate":"https:\/\/www.sotrender.com\/blog\/?s={search_term_string}"},"query-input":"required name=search_term_string"}],"inLanguage":"pl-PL"},{"@type":"Person","@id":"https:\/\/www.sotrender.com\/blog\/#\/schema\/person\/038ac5e276c5d102d8cbb9c36cd43416","name":"Klaudia \u017by\u0142ka","image":{"@type":"ImageObject","inLanguage":"pl-PL","@id":"https:\/\/www.sotrender.com\/blog\/#\/schema\/person\/image\/","url":"https:\/\/secure.gravatar.com\/avatar\/f55d5d49ce3c448e1ffde0ab078d84cd?s=96&d=mm&r=g","contentUrl":"https:\/\/secure.gravatar.com\/avatar\/f55d5d49ce3c448e1ffde0ab078d84cd?s=96&d=mm&r=g","caption":"Klaudia \u017by\u0142ka"},"description":"Instagram, dogs, books and food lover. Former student at Warsaw University and Malm\u00f6 University. Improving her marketing skills every day. Proud owner of DIMAQ certificate","sameAs":["https:\/\/www.linkedin.com\/in\/klaudia-\u017cy\u0142ka-17527779"],"url":"https:\/\/www.sotrender.com\/blog\/pl\/author\/klaudia_yka\/"}]}},"_links":{"self":[{"href":"https:\/\/www.sotrender.com\/blog\/pl\/wp-json\/wp\/v2\/posts\/41525"}],"collection":[{"href":"https:\/\/www.sotrender.com\/blog\/pl\/wp-json\/wp\/v2\/posts"}],"about":[{"href":"https:\/\/www.sotrender.com\/blog\/pl\/wp-json\/wp\/v2\/types\/post"}],"author":[{"embeddable":true,"href":"https:\/\/www.sotrender.com\/blog\/pl\/wp-json\/wp\/v2\/users\/89"}],"replies":[{"embeddable":true,"href":"https:\/\/www.sotrender.com\/blog\/pl\/wp-json\/wp\/v2\/comments?post=41525"}],"version-history":[{"count":8,"href":"https:\/\/www.sotrender.com\/blog\/pl\/wp-json\/wp\/v2\/posts\/41525\/revisions"}],"predecessor-version":[{"id":41559,"href":"https:\/\/www.sotrender.com\/blog\/pl\/wp-json\/wp\/v2\/posts\/41525\/revisions\/41559"}],"wp:featuredmedia":[{"embeddable":true,"href":"https:\/\/www.sotrender.com\/blog\/pl\/wp-json\/wp\/v2\/media\/41541"}],"wp:attachment":[{"href":"https:\/\/www.sotrender.com\/blog\/pl\/wp-json\/wp\/v2\/media?parent=41525"}],"wp:term":[{"taxonomy":"category","embeddable":true,"href":"https:\/\/www.sotrender.com\/blog\/pl\/wp-json\/wp\/v2\/categories?post=41525"},{"taxonomy":"post_tag","embeddable":true,"href":"https:\/\/www.sotrender.com\/blog\/pl\/wp-json\/wp\/v2\/tags?post=41525"}],"curies":[{"name":"wp","href":"https:\/\/api.w.org\/{rel}","templated":true}]}}