{"id":41385,"date":"2020-08-12T12:56:43","date_gmt":"2020-08-12T10:56:43","guid":{"rendered":"https:\/\/www.sotrender.com\/blog\/?p=41385\/"},"modified":"2020-08-12T15:14:37","modified_gmt":"2020-08-12T13:14:37","slug":"facebook-trends-lipiec-2020-kulturalne-lato","status":"publish","type":"post","link":"https:\/\/www.sotrender.com\/blog\/pl\/2020\/08\/facebook-trends-lipiec-2020-kulturalne-lato\/","title":{"rendered":"Facebook Trends lipiec 2020 &#8211; kulturalne lato"},"content":{"rendered":"<p><span style=\"font-weight: 400;\">Lipiec by\u0142 wci\u0105\u017c jeszcze miesi\u0105cem pe\u0142nym politycznych emocji zwi\u0105zanych g\u0142\u00f3wnie z wyborami prezydenckimi i wiele najbardziej anga\u017cuj\u0105cych tre\u015bci dotyczy\u0142o w\u0142a\u015bnie tego tematu.\u00a0<\/span><\/p>\n<p><!--more--><\/p>\n<p><span style=\"font-weight: 400;\">Spo\u0142eczno\u015bci Facebooka nie umkn\u0105\u0142 jednak tak\u017ce fakt zbli\u017cania si\u0119 kolejnej rocznicy Powstania Warszawskiego. Tego te\u017c dotyczy\u0142 <a href=\"https:\/\/www.sotrender.com\/trends\/facebook\/poland\/202007\/pl_wszystkie#best_posts\">najlepszy post na Facebooku w lipcu<\/a>, kt\u00f3ry opublikowa\u0142 Filip Chajzer.\u00a0<\/span><\/p>\n<p><span style=\"font-weight: 400;\">W swoim <\/span><a href=\"https:\/\/www.facebook.com\/ChajzerFilip\/videos\/313820206638176\/?__xts__[0]=68.ARCLRN_aNUtP05Xdl3GUPge-RGK4J6E4_WJV1Ij7HyaycQpugzG5NzIyYWHODmXMdxzkEvFbMMeXq0DOcv6fAgpa26bk9VhbJVHhw32PYxYkRZRlj3zzzg2KDpYxAxhrk9oUozoI4oefnWVZhHQKDURtj8anc0nd4ODGHJP8GF2o6ObAXumnAG5i5InNOdBd0AS7hQqYHNQ3ysTC5ihp3gA321YY8on_19NvdOvwlufjy8mm0s1KMMbCmLZdOpinUBGIxobhgi_S8OkYKmpxZe8ef7jiNni3vwbLd10IyMkmj3Pb-Hqfuhzl07eWc5Iu8VlKgKM92pG8-QbxGLgobKmPiwV48qzsbQv5gQ&amp;__tn__=-R\"><span style=\"font-weight: 400;\">czterominutowym wideo<\/span><\/a><span style=\"font-weight: 400;\"> postanowi\u0142, wraz z przyjaci\u00f3\u0142mi, przybli\u017cy\u0107 histori\u0119 Powstania Warszawskiego i zach\u0119ca\u0142 swoich fan\u00f3w do jego udost\u0119pniania, by zwi\u0119ksza\u0107 \u015bwiadomo\u015b\u0107 dotycz\u0105c\u0105 tego wydarzeniami tak\u017ce za granic\u0105 naszego kraju. Efekt? Ponad 86 tys. udost\u0119pnie\u0144.\u00a0<\/span><\/p>\n<div id=\"attachment_41387\" style=\"width: 992px\" class=\"wp-caption aligncenter\"><img loading=\"lazy\" decoding=\"async\" aria-describedby=\"caption-attachment-41387\" class=\"wp-image-41387 size-full\" src=\"https:\/\/www.sotrender.com\/blog\/wp-content\/uploads\/2020\/08\/Zrzut-ekranu-2020-08-12-o-09.35.42.png\" alt=\"najlepsze posty lipiec facebook\" width=\"982\" height=\"468\" srcset=\"https:\/\/www.sotrender.com\/blog\/wp-content\/uploads\/2020\/08\/Zrzut-ekranu-2020-08-12-o-09.35.42.png 982w, https:\/\/www.sotrender.com\/blog\/wp-content\/uploads\/2020\/08\/Zrzut-ekranu-2020-08-12-o-09.35.42-475x226.png 475w, https:\/\/www.sotrender.com\/blog\/wp-content\/uploads\/2020\/08\/Zrzut-ekranu-2020-08-12-o-09.35.42-768x366.png 768w, https:\/\/www.sotrender.com\/blog\/wp-content\/uploads\/2020\/08\/Zrzut-ekranu-2020-08-12-o-09.35.42-950x453.png 950w\" sizes=\"(max-width: 982px) 100vw, 982px\" \/><p id=\"caption-attachment-41387\" class=\"wp-caption-text\"><a href=\"https:\/\/www.sotrender.com\/trends\/facebook\/poland\/202007\/pl_wszystkie#best_posts\">Najlepsze posty na polskim Facebooku w lipcu 2020<\/a><\/p><\/div>\n<p><span style=\"font-weight: 400;\">Nie mniej jednak, w ostatnich tygodniach zdecydowanie da\u0142o si\u0119 ju\u017c odczu\u0107 klimat wakacji. Profile zwi\u0105zane z podr\u00f3\u017cami, sp\u0119dzaniem czasu wolnego, jak r\u00f3wnie\u017c po\u015bwi\u0119cone r\u00f3\u017cnym regionom Polski i \u015bwiata cieszy\u0142y si\u0119 coraz wi\u0119kszym zainteresowaniem i zaanga\u017cowaniem. Podobnie wygl\u0105da\u0142o to na stronach po\u015bwi\u0119conych szeroko poj\u0119tej kulturze.\u00a0<\/span><\/p>\n<h2><b>Powr\u00f3t Taco Hemingway\u2019a<\/b><\/h2>\n<p><span style=\"font-weight: 400;\">Taco Hemingway zdecydowanie nie nale\u017cy do artyst\u00f3w, kt\u00f3rzy wykazuj\u0105 du\u017c\u0105 aktywno\u015b\u0107 na swoich kana\u0142ach social media. Zazwyczaj \u201cpojawia si\u0119\u201d na nich, by poinformowa\u0107 fan\u00f3w o zbli\u017caj\u0105cej si\u0119 nowej p\u0142ycie lub premierze naj\u015bwie\u017cszego singla. Nie inaczej by\u0142o w minionym miesi\u0105cu.\u00a0<\/span><\/p>\n<p><span style=\"font-weight: 400;\">Tym samym Taco znalaz\u0142 si\u0119 na wysokim, drugim, miejscu pod wzgl\u0119dem liczby Aktywnych u\u017cytkownik\u00f3w w kategorii <\/span><a href=\"https:\/\/www.sotrender.com\/trends\/facebook\/poland\/202007\/osoby\/muzycy_zespoly\"><i><span style=\"font-weight: 400;\">Muzycy i zespo\u0142y<\/span><\/i><\/a><span style=\"font-weight: 400;\">.\u00a0<\/span><\/p>\n<div id=\"attachment_41388\" style=\"width: 992px\" class=\"wp-caption aligncenter\"><img loading=\"lazy\" decoding=\"async\" aria-describedby=\"caption-attachment-41388\" class=\"wp-image-41388 size-full\" src=\"https:\/\/www.sotrender.com\/blog\/wp-content\/uploads\/2020\/08\/Zrzut-ekranu-2020-08-12-o-09.56.09.png\" alt=\"taco hemingway facebook\" width=\"982\" height=\"216\" srcset=\"https:\/\/www.sotrender.com\/blog\/wp-content\/uploads\/2020\/08\/Zrzut-ekranu-2020-08-12-o-09.56.09.png 982w, https:\/\/www.sotrender.com\/blog\/wp-content\/uploads\/2020\/08\/Zrzut-ekranu-2020-08-12-o-09.56.09-475x104.png 475w, https:\/\/www.sotrender.com\/blog\/wp-content\/uploads\/2020\/08\/Zrzut-ekranu-2020-08-12-o-09.56.09-768x169.png 768w, https:\/\/www.sotrender.com\/blog\/wp-content\/uploads\/2020\/08\/Zrzut-ekranu-2020-08-12-o-09.56.09-950x209.png 950w\" sizes=\"(max-width: 982px) 100vw, 982px\" \/><p id=\"caption-attachment-41388\" class=\"wp-caption-text\">Profile w kategorii <a href=\"https:\/\/www.sotrender.com\/trends\/facebook\/poland\/202007\/osoby\/muzycy_zespoly\"><em>Muzycy i zespo\u0142y<\/em><\/a> o najwi\u0119kszej liczbie aktywnych u\u017cytkownik\u00f3w, Facebook, lipiec 2020<\/p><\/div>\n<p><span style=\"font-weight: 400;\">Warto zauwa\u017cy\u0107, \u017ce <a href=\"https:\/\/www.sotrender.com\/trends\/facebook\/poland\/202007\/osoby\/muzycy_zespoly#best_posts\">dwa najlepsze posty<\/a> w kategorii <\/span><i><span style=\"font-weight: 400;\">Muzycy i zespo\u0142y<\/span><\/i><span style=\"font-weight: 400;\"> dotyczy\u0142y wci\u0105\u017c wybor\u00f3w prezydenckich.\u00a0<\/span><\/p>\n<div id=\"attachment_41389\" style=\"width: 997px\" class=\"wp-caption aligncenter\"><img loading=\"lazy\" decoding=\"async\" aria-describedby=\"caption-attachment-41389\" class=\"wp-image-41389 size-full\" src=\"https:\/\/www.sotrender.com\/blog\/wp-content\/uploads\/2020\/08\/Zrzut-ekranu-2020-08-12-o-09.55.00.png\" alt=\"taco hemingway facebook\" width=\"987\" height=\"471\" srcset=\"https:\/\/www.sotrender.com\/blog\/wp-content\/uploads\/2020\/08\/Zrzut-ekranu-2020-08-12-o-09.55.00.png 987w, https:\/\/www.sotrender.com\/blog\/wp-content\/uploads\/2020\/08\/Zrzut-ekranu-2020-08-12-o-09.55.00-475x227.png 475w, https:\/\/www.sotrender.com\/blog\/wp-content\/uploads\/2020\/08\/Zrzut-ekranu-2020-08-12-o-09.55.00-768x366.png 768w, https:\/\/www.sotrender.com\/blog\/wp-content\/uploads\/2020\/08\/Zrzut-ekranu-2020-08-12-o-09.55.00-950x453.png 950w\" sizes=\"(max-width: 987px) 100vw, 987px\" \/><p id=\"caption-attachment-41389\" class=\"wp-caption-text\"><a href=\"https:\/\/www.sotrender.com\/trends\/facebook\/poland\/202007\/osoby\/muzycy_zespoly#best_posts\">Najlepsze posty w kategorii Muzycy i zespo\u0142y<\/a>, Facebook, lipiec 2020<\/p><\/div>\n<h2><b>Czytelnicze lato<\/b><\/h2>\n<p><span style=\"font-weight: 400;\">Lato to idealny moment na nadrobienie ksi\u0105\u017ckowych zaleg\u0142o\u015bci w przyjemnych okoliczno\u015bciach przyrody. Dlatego te\u017c sporo si\u0119 dzia\u0142o nie tylko na profilach najwi\u0119kszych polskich wydawnictw, ale tak\u017ce w ca\u0142ej kategorii <\/span><a href=\"https:\/\/www.sotrender.com\/trends\/facebook\/poland\/202007\/kultura\/literatura\"><i><span style=\"font-weight: 400;\">Literatura<\/span><\/i><\/a><span style=\"font-weight: 400;\"> w lipcowych Trendsach.\u00a0<\/span><\/p>\n<p><span style=\"font-weight: 400;\">Oczywi\u015bcie jedne z najbardziej anga\u017cuj\u0105cych post\u00f3w opublikowa\u0142a Olga Tokarczuk, w kt\u00f3rych porusza\u0142a g\u0142\u00f3wnie kwestie spo\u0142eczno-polityczne.\u00a0<\/span><\/p>\n<div id=\"attachment_41390\" style=\"width: 979px\" class=\"wp-caption aligncenter\"><img loading=\"lazy\" decoding=\"async\" aria-describedby=\"caption-attachment-41390\" class=\"wp-image-41390 size-full\" src=\"https:\/\/www.sotrender.com\/blog\/wp-content\/uploads\/2020\/08\/Zrzut-ekranu-2020-08-12-o-10.10.08.png\" alt=\"olga tokarczuk facebook\" width=\"969\" height=\"454\" srcset=\"https:\/\/www.sotrender.com\/blog\/wp-content\/uploads\/2020\/08\/Zrzut-ekranu-2020-08-12-o-10.10.08.png 969w, https:\/\/www.sotrender.com\/blog\/wp-content\/uploads\/2020\/08\/Zrzut-ekranu-2020-08-12-o-10.10.08-475x223.png 475w, https:\/\/www.sotrender.com\/blog\/wp-content\/uploads\/2020\/08\/Zrzut-ekranu-2020-08-12-o-10.10.08-768x360.png 768w, https:\/\/www.sotrender.com\/blog\/wp-content\/uploads\/2020\/08\/Zrzut-ekranu-2020-08-12-o-10.10.08-950x445.png 950w\" sizes=\"(max-width: 969px) 100vw, 969px\" \/><p id=\"caption-attachment-41390\" class=\"wp-caption-text\">Najlepsze posty w kategorii <a href=\"https:\/\/www.sotrender.com\/trends\/facebook\/poland\/202007\/kultura\/literatura\">Literatura<\/a>, Facebook, lipiec 2020<\/p><\/div>\n<p><span style=\"font-weight: 400;\">Z kolei na profilach wydawnictw popularno\u015bci\u0105 cieszy\u0142y si\u0119 nie tylko premiery najnowszych tytu\u0142\u00f3w, ale tak\u017ce powracaj\u0105ce spotkania literackie.\u00a0<\/span><\/p>\n<p><span style=\"font-weight: 400;\">Dla przyk\u0142adu, profil Wydawnictwa W.A.B. awansowa\u0142 o 6 pozycji pod wzgl\u0119dem Aktywnych u\u017cytkownik\u00f3w &#8211; g\u0142\u00f3wnie za spraw\u0105 spotka\u0144 autorskich z Janin\u0105 B\u0105k, autork\u0105 ksi\u0105\u017cki &#8220;Statystycznie rzecz bior\u0105c&#8221; oraz bardzo wyczekiwan\u0105 premier\u0105 ksi\u0105\u017cki \u201cZdrada doskona\u0142a\u201d.\u00a0<\/span><\/p>\n<div id=\"attachment_41391\" style=\"width: 1003px\" class=\"wp-caption aligncenter\"><img loading=\"lazy\" decoding=\"async\" aria-describedby=\"caption-attachment-41391\" class=\"wp-image-41391 size-full\" src=\"https:\/\/www.sotrender.com\/blog\/wp-content\/uploads\/2020\/08\/Zrzut-ekranu-2020-08-12-o-11.01.05.png\" alt=\"wydawnictwo W.A.B., Facebook\" width=\"993\" height=\"216\" srcset=\"https:\/\/www.sotrender.com\/blog\/wp-content\/uploads\/2020\/08\/Zrzut-ekranu-2020-08-12-o-11.01.05.png 993w, https:\/\/www.sotrender.com\/blog\/wp-content\/uploads\/2020\/08\/Zrzut-ekranu-2020-08-12-o-11.01.05-475x103.png 475w, https:\/\/www.sotrender.com\/blog\/wp-content\/uploads\/2020\/08\/Zrzut-ekranu-2020-08-12-o-11.01.05-768x167.png 768w, https:\/\/www.sotrender.com\/blog\/wp-content\/uploads\/2020\/08\/Zrzut-ekranu-2020-08-12-o-11.01.05-950x207.png 950w\" sizes=\"(max-width: 993px) 100vw, 993px\" \/><p id=\"caption-attachment-41391\" class=\"wp-caption-text\">Profile wydawnictw literackich na polskim Facebooku, Aktywni u\u017cytkownicy, lipiec 2020<\/p><\/div>\n<h2><b>Kinowe premiery<\/b><\/h2>\n<p><span style=\"font-weight: 400;\">By\u0142a muzyka, by\u0142a literatura. Od\u017cy\u0142 r\u00f3wnie\u017c film.<\/span><\/p>\n<p><span style=\"font-weight: 400;\">Rzeczywisto\u015b\u0107 po-pandemiczna umo\u017cliwi\u0142a ponowne otwarcie instytucji kulturalnych, w tym kin, a to oznacza tak\u017ce powr\u00f3t premier kinowych. Pod koniec miesi\u0105ca mia\u0142a miejsce jedna z nich &#8211; animowana wersja Scooby-Doo.\u00a0<\/span><\/p>\n<p><span style=\"font-weight: 400;\">Zainteresowanie ni\u0105 na profilu Warner Bros. Pictures prze\u0142o\u017cy\u0142o si\u0119 na wzrost zaanga\u017cowania o ponad 1000%.\u00a0<\/span><\/p>\n<div id=\"attachment_41392\" style=\"width: 984px\" class=\"wp-caption aligncenter\"><img loading=\"lazy\" decoding=\"async\" aria-describedby=\"caption-attachment-41392\" class=\"wp-image-41392 size-full\" src=\"https:\/\/www.sotrender.com\/blog\/wp-content\/uploads\/2020\/08\/Zrzut-ekranu-2020-08-12-o-11.47.16.png\" alt=\"warner bros pictures facebook\" width=\"974\" height=\"173\" srcset=\"https:\/\/www.sotrender.com\/blog\/wp-content\/uploads\/2020\/08\/Zrzut-ekranu-2020-08-12-o-11.47.16.png 974w, https:\/\/www.sotrender.com\/blog\/wp-content\/uploads\/2020\/08\/Zrzut-ekranu-2020-08-12-o-11.47.16-475x84.png 475w, https:\/\/www.sotrender.com\/blog\/wp-content\/uploads\/2020\/08\/Zrzut-ekranu-2020-08-12-o-11.47.16-768x136.png 768w, https:\/\/www.sotrender.com\/blog\/wp-content\/uploads\/2020\/08\/Zrzut-ekranu-2020-08-12-o-11.47.16-950x169.png 950w\" sizes=\"(max-width: 974px) 100vw, 974px\" \/><p id=\"caption-attachment-41392\" class=\"wp-caption-text\">Awans o 22 pozycje profilu Warner Bros. Pictures w lipcu 2020 na Facebooku<\/p><\/div>\n<h2><b>Facebook Trends lipiec 2020\u00a0<\/b><\/h2>\n<p><span style=\"font-weight: 400;\">Atmosfera wakacyjna zach\u0119ci\u0142a nas by przyjrze\u0107 si\u0119 nieco innym ni\u017c zazwyczaj kategoriom z naszego raportu Trends. Je\u015bli jednak ciekawi Was, jak radzi\u0142y sobie na Facebooku Wasze ulubione, lub konkurencyjne, marki, zach\u0119camy do zapoznania si\u0119 z <a href=\"https:\/\/www.sotrender.com\/trends\/facebook\/poland\/202007\">pe\u0142n\u0105 wersj\u0105 raportu<\/a>. \ud83d\ude09<\/span><\/p>\n","protected":false},"excerpt":{"rendered":"<p>Lipiec by\u0142 wci\u0105\u017c jeszcze miesi\u0105cem pe\u0142nym politycznych emocji zwi\u0105zanych g\u0142\u00f3wnie z wyborami prezydenckimi i wiele najbardziej anga\u017cuj\u0105cych tre\u015bci dotyczy\u0142o w\u0142a\u015bnie tego tematu.\u00a0<\/p>\n","protected":false},"author":89,"featured_media":41386,"comment_status":"open","ping_status":"open","sticky":false,"template":"","format":"standard","meta":{"inline_featured_image":false,"footnotes":""},"categories":[1791,1797,2125,2275],"tags":[1581,2307,2495],"yoast_head":"<!-- This site is optimized with the Yoast SEO plugin v22.4 - https:\/\/yoast.com\/wordpress\/plugins\/seo\/ -->\n<title>Facebook Trends lipiec 2020 - kulturalne lato<\/title>\n<meta name=\"description\" content=\"Lipiec by\u0142 wci\u0105\u017c miesi\u0105cem politycznych emocji zwi\u0105zanych z wyborami prezydenckimi, wiele najbardziej anga\u017cuj\u0105cych tre\u015bci dotyczy\u0142o w\u0142a\u015bnie tego tematu.\u00a0\" \/>\n<meta name=\"robots\" content=\"index, follow, max-snippet:-1, max-image-preview:large, max-video-preview:-1\" \/>\n<link rel=\"canonical\" href=\"https:\/\/www.sotrender.com\/blog\/pl\/2020\/08\/facebook-trends-lipiec-2020-kulturalne-lato\/\" \/>\n<meta property=\"og:locale\" content=\"pl_PL\" \/>\n<meta property=\"og:type\" content=\"article\" \/>\n<meta property=\"og:title\" content=\"Facebook Trends lipiec 2020 - kulturalne lato\" \/>\n<meta property=\"og:description\" content=\"Lipiec by\u0142 wci\u0105\u017c miesi\u0105cem politycznych emocji zwi\u0105zanych z wyborami prezydenckimi, wiele najbardziej anga\u017cuj\u0105cych tre\u015bci dotyczy\u0142o w\u0142a\u015bnie tego tematu.\u00a0\" \/>\n<meta property=\"og:url\" content=\"https:\/\/www.sotrender.com\/blog\/pl\/2020\/08\/facebook-trends-lipiec-2020-kulturalne-lato\/\" \/>\n<meta property=\"og:site_name\" content=\"Sotrender Blog\" \/>\n<meta property=\"article:publisher\" content=\"https:\/\/www.facebook.com\/Sotrender\" \/>\n<meta property=\"article:published_time\" content=\"2020-08-12T10:56:43+00:00\" \/>\n<meta property=\"article:modified_time\" content=\"2020-08-12T13:14:37+00:00\" \/>\n<meta property=\"og:image\" content=\"https:\/\/www.sotrender.com\/blog\/wp-content\/uploads\/2020\/08\/link-hoang-UoqAR2pOxMo-unsplash.jpg\" \/>\n\t<meta property=\"og:image:width\" content=\"1920\" \/>\n\t<meta property=\"og:image:height\" content=\"1280\" \/>\n\t<meta property=\"og:image:type\" content=\"image\/jpeg\" \/>\n<meta name=\"author\" content=\"Klaudia \u017by\u0142ka\" \/>\n<meta name=\"twitter:card\" content=\"summary_large_image\" \/>\n<meta name=\"twitter:creator\" content=\"@Sotrender\" \/>\n<meta name=\"twitter:site\" content=\"@Sotrender\" \/>\n<meta name=\"twitter:label1\" content=\"Written by\" \/>\n\t<meta name=\"twitter:data1\" content=\"Klaudia \u017by\u0142ka\" \/>\n\t<meta name=\"twitter:label2\" content=\"Est. reading time\" \/>\n\t<meta name=\"twitter:data2\" content=\"3 minutes\" \/>\n<script type=\"application\/ld+json\" class=\"yoast-schema-graph\">{\"@context\":\"https:\/\/schema.org\",\"@graph\":[{\"@type\":\"WebPage\",\"@id\":\"https:\/\/www.sotrender.com\/blog\/pl\/2020\/08\/facebook-trends-lipiec-2020-kulturalne-lato\/\",\"url\":\"https:\/\/www.sotrender.com\/blog\/pl\/2020\/08\/facebook-trends-lipiec-2020-kulturalne-lato\/\",\"name\":\"Facebook Trends lipiec 2020 - kulturalne lato\",\"isPartOf\":{\"@id\":\"https:\/\/www.sotrender.com\/blog\/#website\"},\"primaryImageOfPage\":{\"@id\":\"https:\/\/www.sotrender.com\/blog\/pl\/2020\/08\/facebook-trends-lipiec-2020-kulturalne-lato\/#primaryimage\"},\"image\":{\"@id\":\"https:\/\/www.sotrender.com\/blog\/pl\/2020\/08\/facebook-trends-lipiec-2020-kulturalne-lato\/#primaryimage\"},\"thumbnailUrl\":\"https:\/\/www.sotrender.com\/blog\/wp-content\/uploads\/2020\/08\/link-hoang-UoqAR2pOxMo-unsplash.jpg\",\"datePublished\":\"2020-08-12T10:56:43+00:00\",\"dateModified\":\"2020-08-12T13:14:37+00:00\",\"author\":{\"@id\":\"https:\/\/www.sotrender.com\/blog\/#\/schema\/person\/038ac5e276c5d102d8cbb9c36cd43416\"},\"description\":\"Lipiec by\u0142 wci\u0105\u017c miesi\u0105cem politycznych emocji zwi\u0105zanych z wyborami prezydenckimi, wiele najbardziej anga\u017cuj\u0105cych tre\u015bci dotyczy\u0142o w\u0142a\u015bnie tego tematu.\u00a0\",\"breadcrumb\":{\"@id\":\"https:\/\/www.sotrender.com\/blog\/pl\/2020\/08\/facebook-trends-lipiec-2020-kulturalne-lato\/#breadcrumb\"},\"inLanguage\":\"pl-PL\",\"potentialAction\":[{\"@type\":\"ReadAction\",\"target\":[\"https:\/\/www.sotrender.com\/blog\/pl\/2020\/08\/facebook-trends-lipiec-2020-kulturalne-lato\/\"]}]},{\"@type\":\"ImageObject\",\"inLanguage\":\"pl-PL\",\"@id\":\"https:\/\/www.sotrender.com\/blog\/pl\/2020\/08\/facebook-trends-lipiec-2020-kulturalne-lato\/#primaryimage\",\"url\":\"https:\/\/www.sotrender.com\/blog\/wp-content\/uploads\/2020\/08\/link-hoang-UoqAR2pOxMo-unsplash.jpg\",\"contentUrl\":\"https:\/\/www.sotrender.com\/blog\/wp-content\/uploads\/2020\/08\/link-hoang-UoqAR2pOxMo-unsplash.jpg\",\"width\":1920,\"height\":1280},{\"@type\":\"BreadcrumbList\",\"@id\":\"https:\/\/www.sotrender.com\/blog\/pl\/2020\/08\/facebook-trends-lipiec-2020-kulturalne-lato\/#breadcrumb\",\"itemListElement\":[{\"@type\":\"ListItem\",\"position\":1,\"name\":\"Home\",\"item\":\"https:\/\/www.sotrender.com\/blog\/\"},{\"@type\":\"ListItem\",\"position\":2,\"name\":\"Facebook Trends lipiec 2020 &#8211; kulturalne lato\"}]},{\"@type\":\"WebSite\",\"@id\":\"https:\/\/www.sotrender.com\/blog\/#website\",\"url\":\"https:\/\/www.sotrender.com\/blog\/\",\"name\":\"Sotrender Blog\",\"description\":\"\",\"potentialAction\":[{\"@type\":\"SearchAction\",\"target\":{\"@type\":\"EntryPoint\",\"urlTemplate\":\"https:\/\/www.sotrender.com\/blog\/?s={search_term_string}\"},\"query-input\":\"required name=search_term_string\"}],\"inLanguage\":\"pl-PL\"},{\"@type\":\"Person\",\"@id\":\"https:\/\/www.sotrender.com\/blog\/#\/schema\/person\/038ac5e276c5d102d8cbb9c36cd43416\",\"name\":\"Klaudia \u017by\u0142ka\",\"image\":{\"@type\":\"ImageObject\",\"inLanguage\":\"pl-PL\",\"@id\":\"https:\/\/www.sotrender.com\/blog\/#\/schema\/person\/image\/\",\"url\":\"https:\/\/secure.gravatar.com\/avatar\/f55d5d49ce3c448e1ffde0ab078d84cd?s=96&d=mm&r=g\",\"contentUrl\":\"https:\/\/secure.gravatar.com\/avatar\/f55d5d49ce3c448e1ffde0ab078d84cd?s=96&d=mm&r=g\",\"caption\":\"Klaudia \u017by\u0142ka\"},\"description\":\"Instagram, dogs, books and food lover. Former student at Warsaw University and Malm\u00f6 University. Improving her marketing skills every day. Proud owner of DIMAQ certificate\",\"sameAs\":[\"https:\/\/www.linkedin.com\/in\/klaudia-\u017cy\u0142ka-17527779\"],\"url\":\"https:\/\/www.sotrender.com\/blog\/pl\/author\/klaudia_yka\/\"}]}<\/script>\n<!-- \/ Yoast SEO plugin. -->","yoast_head_json":{"title":"Facebook Trends lipiec 2020 - kulturalne lato","description":"Lipiec by\u0142 wci\u0105\u017c miesi\u0105cem politycznych emocji zwi\u0105zanych z wyborami prezydenckimi, wiele najbardziej anga\u017cuj\u0105cych tre\u015bci dotyczy\u0142o w\u0142a\u015bnie tego tematu.\u00a0","robots":{"index":"index","follow":"follow","max-snippet":"max-snippet:-1","max-image-preview":"max-image-preview:large","max-video-preview":"max-video-preview:-1"},"canonical":"https:\/\/www.sotrender.com\/blog\/pl\/2020\/08\/facebook-trends-lipiec-2020-kulturalne-lato\/","og_locale":"pl_PL","og_type":"article","og_title":"Facebook Trends lipiec 2020 - kulturalne lato","og_description":"Lipiec by\u0142 wci\u0105\u017c miesi\u0105cem politycznych emocji zwi\u0105zanych z wyborami prezydenckimi, wiele najbardziej anga\u017cuj\u0105cych tre\u015bci dotyczy\u0142o w\u0142a\u015bnie tego tematu.\u00a0","og_url":"https:\/\/www.sotrender.com\/blog\/pl\/2020\/08\/facebook-trends-lipiec-2020-kulturalne-lato\/","og_site_name":"Sotrender Blog","article_publisher":"https:\/\/www.facebook.com\/Sotrender","article_published_time":"2020-08-12T10:56:43+00:00","article_modified_time":"2020-08-12T13:14:37+00:00","og_image":[{"width":1920,"height":1280,"url":"https:\/\/www.sotrender.com\/blog\/wp-content\/uploads\/2020\/08\/link-hoang-UoqAR2pOxMo-unsplash.jpg","type":"image\/jpeg"}],"author":"Klaudia \u017by\u0142ka","twitter_card":"summary_large_image","twitter_creator":"@Sotrender","twitter_site":"@Sotrender","twitter_misc":{"Written by":"Klaudia \u017by\u0142ka","Est. reading time":"3 minutes"},"schema":{"@context":"https:\/\/schema.org","@graph":[{"@type":"WebPage","@id":"https:\/\/www.sotrender.com\/blog\/pl\/2020\/08\/facebook-trends-lipiec-2020-kulturalne-lato\/","url":"https:\/\/www.sotrender.com\/blog\/pl\/2020\/08\/facebook-trends-lipiec-2020-kulturalne-lato\/","name":"Facebook Trends lipiec 2020 - kulturalne lato","isPartOf":{"@id":"https:\/\/www.sotrender.com\/blog\/#website"},"primaryImageOfPage":{"@id":"https:\/\/www.sotrender.com\/blog\/pl\/2020\/08\/facebook-trends-lipiec-2020-kulturalne-lato\/#primaryimage"},"image":{"@id":"https:\/\/www.sotrender.com\/blog\/pl\/2020\/08\/facebook-trends-lipiec-2020-kulturalne-lato\/#primaryimage"},"thumbnailUrl":"https:\/\/www.sotrender.com\/blog\/wp-content\/uploads\/2020\/08\/link-hoang-UoqAR2pOxMo-unsplash.jpg","datePublished":"2020-08-12T10:56:43+00:00","dateModified":"2020-08-12T13:14:37+00:00","author":{"@id":"https:\/\/www.sotrender.com\/blog\/#\/schema\/person\/038ac5e276c5d102d8cbb9c36cd43416"},"description":"Lipiec by\u0142 wci\u0105\u017c miesi\u0105cem politycznych emocji zwi\u0105zanych z wyborami prezydenckimi, wiele najbardziej anga\u017cuj\u0105cych tre\u015bci dotyczy\u0142o w\u0142a\u015bnie tego tematu.\u00a0","breadcrumb":{"@id":"https:\/\/www.sotrender.com\/blog\/pl\/2020\/08\/facebook-trends-lipiec-2020-kulturalne-lato\/#breadcrumb"},"inLanguage":"pl-PL","potentialAction":[{"@type":"ReadAction","target":["https:\/\/www.sotrender.com\/blog\/pl\/2020\/08\/facebook-trends-lipiec-2020-kulturalne-lato\/"]}]},{"@type":"ImageObject","inLanguage":"pl-PL","@id":"https:\/\/www.sotrender.com\/blog\/pl\/2020\/08\/facebook-trends-lipiec-2020-kulturalne-lato\/#primaryimage","url":"https:\/\/www.sotrender.com\/blog\/wp-content\/uploads\/2020\/08\/link-hoang-UoqAR2pOxMo-unsplash.jpg","contentUrl":"https:\/\/www.sotrender.com\/blog\/wp-content\/uploads\/2020\/08\/link-hoang-UoqAR2pOxMo-unsplash.jpg","width":1920,"height":1280},{"@type":"BreadcrumbList","@id":"https:\/\/www.sotrender.com\/blog\/pl\/2020\/08\/facebook-trends-lipiec-2020-kulturalne-lato\/#breadcrumb","itemListElement":[{"@type":"ListItem","position":1,"name":"Home","item":"https:\/\/www.sotrender.com\/blog\/"},{"@type":"ListItem","position":2,"name":"Facebook Trends lipiec 2020 &#8211; kulturalne lato"}]},{"@type":"WebSite","@id":"https:\/\/www.sotrender.com\/blog\/#website","url":"https:\/\/www.sotrender.com\/blog\/","name":"Sotrender Blog","description":"","potentialAction":[{"@type":"SearchAction","target":{"@type":"EntryPoint","urlTemplate":"https:\/\/www.sotrender.com\/blog\/?s={search_term_string}"},"query-input":"required name=search_term_string"}],"inLanguage":"pl-PL"},{"@type":"Person","@id":"https:\/\/www.sotrender.com\/blog\/#\/schema\/person\/038ac5e276c5d102d8cbb9c36cd43416","name":"Klaudia \u017by\u0142ka","image":{"@type":"ImageObject","inLanguage":"pl-PL","@id":"https:\/\/www.sotrender.com\/blog\/#\/schema\/person\/image\/","url":"https:\/\/secure.gravatar.com\/avatar\/f55d5d49ce3c448e1ffde0ab078d84cd?s=96&d=mm&r=g","contentUrl":"https:\/\/secure.gravatar.com\/avatar\/f55d5d49ce3c448e1ffde0ab078d84cd?s=96&d=mm&r=g","caption":"Klaudia \u017by\u0142ka"},"description":"Instagram, dogs, books and food lover. Former student at Warsaw University and Malm\u00f6 University. Improving her marketing skills every day. Proud owner of DIMAQ certificate","sameAs":["https:\/\/www.linkedin.com\/in\/klaudia-\u017cy\u0142ka-17527779"],"url":"https:\/\/www.sotrender.com\/blog\/pl\/author\/klaudia_yka\/"}]}},"_links":{"self":[{"href":"https:\/\/www.sotrender.com\/blog\/pl\/wp-json\/wp\/v2\/posts\/41385"}],"collection":[{"href":"https:\/\/www.sotrender.com\/blog\/pl\/wp-json\/wp\/v2\/posts"}],"about":[{"href":"https:\/\/www.sotrender.com\/blog\/pl\/wp-json\/wp\/v2\/types\/post"}],"author":[{"embeddable":true,"href":"https:\/\/www.sotrender.com\/blog\/pl\/wp-json\/wp\/v2\/users\/89"}],"replies":[{"embeddable":true,"href":"https:\/\/www.sotrender.com\/blog\/pl\/wp-json\/wp\/v2\/comments?post=41385"}],"version-history":[{"count":4,"href":"https:\/\/www.sotrender.com\/blog\/pl\/wp-json\/wp\/v2\/posts\/41385\/revisions"}],"predecessor-version":[{"id":41396,"href":"https:\/\/www.sotrender.com\/blog\/pl\/wp-json\/wp\/v2\/posts\/41385\/revisions\/41396"}],"wp:featuredmedia":[{"embeddable":true,"href":"https:\/\/www.sotrender.com\/blog\/pl\/wp-json\/wp\/v2\/media\/41386"}],"wp:attachment":[{"href":"https:\/\/www.sotrender.com\/blog\/pl\/wp-json\/wp\/v2\/media?parent=41385"}],"wp:term":[{"taxonomy":"category","embeddable":true,"href":"https:\/\/www.sotrender.com\/blog\/pl\/wp-json\/wp\/v2\/categories?post=41385"},{"taxonomy":"post_tag","embeddable":true,"href":"https:\/\/www.sotrender.com\/blog\/pl\/wp-json\/wp\/v2\/tags?post=41385"}],"curies":[{"name":"wp","href":"https:\/\/api.w.org\/{rel}","templated":true}]}}