{"id":41199,"date":"2020-07-13T13:38:54","date_gmt":"2020-07-13T11:38:54","guid":{"rendered":"https:\/\/www.sotrender.com\/blog\/?p=41199\/"},"modified":"2020-07-13T13:38:54","modified_gmt":"2020-07-13T11:38:54","slug":"podcasty-w-polsce-analiza","status":"publish","type":"post","link":"https:\/\/www.sotrender.com\/blog\/pl\/2020\/07\/podcasty-w-polsce-analiza\/","title":{"rendered":"Podcasty w Polsce &#8211; charakterystyka grupy docelowej w oparciu o dane z social media [analiza]"},"content":{"rendered":"<p><span style=\"font-weight: 400;\">Podcasty s\u0105 formatem, kt\u00f3ry staje si\u0119 coraz bardziej popularny. Nic dziwnego, z perspektywy odbiorcy jest to format stosunkowo \u0142atwy w konsumpcji i wygodna alternatywa dla klasycznego radia (mo\u017cemy go pos\u0142ucha\u0107 jad\u0105c samochodem czy rowerem, b\u0105d\u017a na si\u0142owni), z kolei z biznesowego punktu widzenia jest to istotne i skuteczne medium, je\u015bli chodzi o docieranie do odbiorc\u00f3w, szczeg\u00f3lnie w segmencie B2B.<\/span><\/p>\n<p><!--more--><\/p>\n<p><span style=\"font-weight: 400;\">St\u0105d te\u017c postanowili\u015bmy przybli\u017cy\u0107, <\/span><b>kim w Polsce w g\u0142\u00f3wnej mierze s\u0105 odbiorcy podcast\u00f3w<\/b><span style=\"font-weight: 400;\">: jakimi cechami i zainteresowaniami si\u0119 charakteryzuj\u0105.\u00a0<\/span><\/p>\n<p><span style=\"font-weight: 400;\">Na podstawie danych z Facebooka przygotowali\u015bmy charakterystyk\u0119 tej grupy docelowej. Zrobili\u015bmy to za pomoc\u0105 naszego badania Audience Scan, dzi\u0119ki kt\u00f3remu w szybki spos\u00f3b mo\u017cna zebra\u0107 dane dotycz\u0105ce demografii, stylu \u017cycia i zainteresowa\u0144 okre\u015blonych grup docelowych.\u00a0<\/span><\/p>\n<h2><strong>Skala zainteresowania podcastami\u00a0<\/strong><\/h2>\n<p><span style=\"font-weight: 400;\">Zacznijmy od tego, \u017ce<\/span><b> zainteresowanie podcastami nieustannie ro\u015bnie. W Polsce w ci\u0105gu ostatniego roku wzros\u0142o niespe\u0142na dwukrotnie<\/b><span style=\"font-weight: 400;\">, i by\u0142 to bardziej dynamiczny przyrost ni\u017c w krajach na zachodzie, jak np. w Stanach Zjednoczonych czy Wielkiej Brytanii (warto zauwa\u017cy\u0107, \u017ce boom na podcasty w tych krajach nast\u0105pi\u0142 wcze\u015bniej).<\/span><\/p>\n<p><span style=\"font-weight: 400;\">Wida\u0107 to dok\u0142adnie na podstawie analizy wyszukiwania has\u0142a \u201cpodcast\u201d w Google:\u00a0<\/span><\/p>\n<div id=\"attachment_41203\" style=\"width: 811px\" class=\"wp-caption aligncenter\"><img loading=\"lazy\" decoding=\"async\" aria-describedby=\"caption-attachment-41203\" class=\" wp-image-41203\" src=\"https:\/\/www.sotrender.com\/blog\/wp-content\/uploads\/2020\/07\/Zrzut-ekranu-2020-06-19-o-09.35.48.png\" alt=\"podcasty w Polsce google trends\" width=\"801\" height=\"404\" srcset=\"https:\/\/www.sotrender.com\/blog\/wp-content\/uploads\/2020\/07\/Zrzut-ekranu-2020-06-19-o-09.35.48.png 1140w, https:\/\/www.sotrender.com\/blog\/wp-content\/uploads\/2020\/07\/Zrzut-ekranu-2020-06-19-o-09.35.48-475x240.png 475w, https:\/\/www.sotrender.com\/blog\/wp-content\/uploads\/2020\/07\/Zrzut-ekranu-2020-06-19-o-09.35.48-768x387.png 768w, https:\/\/www.sotrender.com\/blog\/wp-content\/uploads\/2020\/07\/Zrzut-ekranu-2020-06-19-o-09.35.48-950x479.png 950w\" sizes=\"(max-width: 801px) 100vw, 801px\" \/><p id=\"caption-attachment-41203\" class=\"wp-caption-text\">Wyszukiwanie has\u0142a podcast oraz webinar w Google od stycznia 2015 do czerwca 2020 roku, dane z Google Trends<\/p><\/div>\n<p><span style=\"font-weight: 400;\">Przy okazji, dla por\u00f3wnania z podcastami zestawili\u015bmy zainteresowanie webinarami. Wraz z nadej\u015bciem do Polski pandemii i wprowadzeniem ogranicze\u0144 spo\u0142ecznych, w wyszukiwarce Google webinary odnotowa\u0142y niezwykle dynamiczny wzrost. Od po\u0142owy marca wyszukiwali\u015bmy tej frazy niemal siedmiokrotnie cz\u0119\u015bciej ni\u017c jeszcze na pocz\u0105tku roku.\u00a0<\/span><\/p>\n<h2><b>Czym jest badanie Audience Scan?\u00a0<\/b><\/h2>\n<p><span style=\"font-weight: 400;\">Na wst\u0119pie warto pokr\u00f3tce przybli\u017cy\u0107 samo badanie, kt\u00f3rego wyniki umo\u017cliwi\u0142y nam zdobycie informacji o odbiorcach podcast\u00f3w.\u00a0<\/span><\/p>\n<p><a href=\"https:\/\/www.sotrender.com\/blog\/pl\/2017\/03\/nowe-badanie-audience-scan\/\"><span style=\"font-weight: 400;\">Audience Scan<\/span><\/a><span style=\"font-weight: 400;\"> to nasze autorskie badanie, dzi\u0119ki kt\u00f3remu jeste\u015bmy w stanie wykaza\u0107, jakimi zainteresowaniami ponadprzeci\u0119tnie interesuje si\u0119 wybrana przez nas grupa odbiorc\u00f3w na Facebooku.\u00a0<\/span><\/p>\n<p><span style=\"font-weight: 400;\">W naszym przypadku dowiemy si\u0119 wi\u0119c, <\/span><b>jakie zainteresowania na Facebooku wsp\u00f3\u0142wyst\u0119puj\u0105 z zainteresowaniem podcastami<\/b><span style=\"font-weight: 400;\">.\u00a0<\/span><\/p>\n<p><span style=\"font-weight: 400;\">Kluczowym wska\u017anikiem w badaniu Audience Scan jest <\/span><b>Affinity Index<\/b><span style=\"font-weight: 400;\">, kt\u00f3ry s\u0142u\u017cy do okre\u015blania, jak wysokie jest zainteresowanie danym zagadnieniem w\u015br\u00f3d grupy docelowej.\u00a0<\/span><\/p>\n<p><img loading=\"lazy\" decoding=\"async\" class=\"size-full wp-image-41205\" src=\"https:\/\/www.sotrender.com\/blog\/wp-content\/uploads\/2020\/07\/Zrzut-ekranu-2020-07-13-o-09.55.09.png\" alt=\"\" width=\"1422\" height=\"527\" srcset=\"https:\/\/www.sotrender.com\/blog\/wp-content\/uploads\/2020\/07\/Zrzut-ekranu-2020-07-13-o-09.55.09.png 1422w, https:\/\/www.sotrender.com\/blog\/wp-content\/uploads\/2020\/07\/Zrzut-ekranu-2020-07-13-o-09.55.09-475x176.png 475w, https:\/\/www.sotrender.com\/blog\/wp-content\/uploads\/2020\/07\/Zrzut-ekranu-2020-07-13-o-09.55.09-768x285.png 768w, https:\/\/www.sotrender.com\/blog\/wp-content\/uploads\/2020\/07\/Zrzut-ekranu-2020-07-13-o-09.55.09-950x352.png 950w\" sizes=\"(max-width: 1422px) 100vw, 1422px\" \/><\/p>\n<p><b>Im wy\u017cszy jest wska\u017anik Affinity Index, tym wi\u0119ksze jest dopasowanie danego zainteresowania do grupy docelowej.\u00a0<\/b><\/p>\n<p><span style=\"font-weight: 400;\">W naszym badaniu jeste\u015bmy w stanie r\u00f3wnie\u017c wykaza\u0107, jaki procent ca\u0142ej populacji na Facebooku oraz <\/span><b>jaki procent wybranej grupy docelowej interesuje si\u0119 danym zagadnieniem<\/b><span style=\"font-weight: 400;\">.\u00a0<\/span><\/p>\n<h2><b>Cechy demograficzne\u00a0<\/b><\/h2>\n<p><span style=\"font-weight: 400;\">Warto zacz\u0105\u0107 od przeanalizowania, jakimi cechami demograficznymi charakteryzuj\u0105 si\u0119 osoby zainteresowane podcastami. Kr\u00f3tko m\u00f3wi\u0105c, kim s\u0105?\u00a0<\/span><\/p>\n<p><span style=\"font-weight: 400;\">Zar\u00f3wno w przypadku kobiet jak i m\u0119\u017cczyzn schemat wygl\u0105da podobnie: <\/span><b>ponadprzeci\u0119tne zainteresowanie podcastami wykazuj\u0105 osoby powy\u017cej 35 r.\u017c. <\/b><span style=\"font-weight: 400;\">Wskazuje na to Affinity Index, kt\u00f3ry wykazuje warto\u015b\u0107 powy\u017cej 100 &#8211; oznacza to wysokie dopasowanie do tej grupy odbiorc\u00f3w.\u00a0<\/span><\/p>\n<p><img loading=\"lazy\" decoding=\"async\" class=\"aligncenter wp-image-41207\" src=\"https:\/\/www.sotrender.com\/blog\/wp-content\/uploads\/2020\/07\/Zrzut-ekranu-2020-07-13-o-10.48.25.png\" alt=\"\" width=\"693\" height=\"536\" srcset=\"https:\/\/www.sotrender.com\/blog\/wp-content\/uploads\/2020\/07\/Zrzut-ekranu-2020-07-13-o-10.48.25.png 694w, https:\/\/www.sotrender.com\/blog\/wp-content\/uploads\/2020\/07\/Zrzut-ekranu-2020-07-13-o-10.48.25-475x368.png 475w\" sizes=\"(max-width: 693px) 100vw, 693px\" \/><\/p>\n<p><span style=\"font-weight: 400;\">Dodatkowo, na podstawie danych dot. wyszukiwa\u0144 w Google, wida\u0107, \u017ce zwi\u0119kszone zainteresowanie podcastami wyst\u0119puje <\/span><b>w regionach znacznie bardziej zurbanizowanych <\/b><span style=\"font-weight: 400;\">(wojew\u00f3dztwo mazowieckie, pomorskie, dolno\u015bl\u0105skie czy ma\u0142opolskie), szczeg\u00f3lnie<\/span><b> w du\u017cych miastach<\/b><span style=\"font-weight: 400;\"> (Warszawa, Krak\u00f3w, Wroc\u0142aw, Lublin, Gda\u0144sk).<\/span><\/p>\n<div id=\"attachment_41213\" style=\"width: 1153px\" class=\"wp-caption aligncenter\"><img loading=\"lazy\" decoding=\"async\" aria-describedby=\"caption-attachment-41213\" class=\"wp-image-41213 size-full\" src=\"https:\/\/www.sotrender.com\/blog\/wp-content\/uploads\/2020\/07\/Zrzut-ekranu-2020-06-10-o-11.19.38.png\" alt=\"\" width=\"1143\" height=\"327\" srcset=\"https:\/\/www.sotrender.com\/blog\/wp-content\/uploads\/2020\/07\/Zrzut-ekranu-2020-06-10-o-11.19.38.png 1143w, https:\/\/www.sotrender.com\/blog\/wp-content\/uploads\/2020\/07\/Zrzut-ekranu-2020-06-10-o-11.19.38-475x136.png 475w, https:\/\/www.sotrender.com\/blog\/wp-content\/uploads\/2020\/07\/Zrzut-ekranu-2020-06-10-o-11.19.38-768x220.png 768w, https:\/\/www.sotrender.com\/blog\/wp-content\/uploads\/2020\/07\/Zrzut-ekranu-2020-06-10-o-11.19.38-950x272.png 950w\" sizes=\"(max-width: 1143px) 100vw, 1143px\" \/><p id=\"caption-attachment-41213\" class=\"wp-caption-text\">Zainteresowanie podcastami w podziale na wojew\u00f3dztwa, Google Trends<\/p><\/div>\n<p>&nbsp;<\/p>\n<div id=\"attachment_41211\" style=\"width: 1155px\" class=\"wp-caption aligncenter\"><img loading=\"lazy\" decoding=\"async\" aria-describedby=\"caption-attachment-41211\" class=\"wp-image-41211 size-full\" src=\"https:\/\/www.sotrender.com\/blog\/wp-content\/uploads\/2020\/07\/Zrzut-ekranu-2020-06-10-o-11.19.19.png\" alt=\"\" width=\"1145\" height=\"327\" srcset=\"https:\/\/www.sotrender.com\/blog\/wp-content\/uploads\/2020\/07\/Zrzut-ekranu-2020-06-10-o-11.19.19.png 1145w, https:\/\/www.sotrender.com\/blog\/wp-content\/uploads\/2020\/07\/Zrzut-ekranu-2020-06-10-o-11.19.19-475x136.png 475w, https:\/\/www.sotrender.com\/blog\/wp-content\/uploads\/2020\/07\/Zrzut-ekranu-2020-06-10-o-11.19.19-768x219.png 768w, https:\/\/www.sotrender.com\/blog\/wp-content\/uploads\/2020\/07\/Zrzut-ekranu-2020-06-10-o-11.19.19-950x271.png 950w\" sizes=\"(max-width: 1145px) 100vw, 1145px\" \/><p id=\"caption-attachment-41211\" class=\"wp-caption-text\">Zainteresowanie podcastami w podziale na miasta, Google Trends<\/p><\/div>\n<h2><b>G\u0142\u00f3wne zainteresowania s\u0142uchaczy podcast\u00f3w<\/b><\/h2>\n<p><span style=\"font-weight: 400;\">Wiele z podcast\u00f3w jest prowadzonych <\/span><b>przez przedsi\u0119biorc\u00f3w<\/b><span style=\"font-weight: 400;\"> (lub we wsp\u00f3\u0142pracy z nimi) <\/span><b>dla przedsi\u0119biorc\u00f3w<\/b><span style=\"font-weight: 400;\">.\u00a0<\/span><\/p>\n<p><span style=\"font-weight: 400;\">Greg Albrecht, Mac Filipkowski, Micha\u0142 Szafra\u0144ski, Marek Jankowski, Mariusz Chrapko, czy Marcin Iwu\u0107 to najbardziej popularni podcasterzy biznesowi. W swych podcastach dziel\u0105 si\u0119 nie tylko w\u0142asnym do\u015bwiadczeniem, ale rozmawiaj\u0105 r\u00f3wnie\u017c z przedstawicielami bran\u017c, np. e-commerce, hotelarstwa czy marketingu.\u00a0<\/span><\/p>\n<p><span style=\"font-weight: 400;\">Ju\u017c w 2018 roku portal Mam Startup przygotowa\u0142 <\/span><a href=\"https:\/\/mamstartup.pl\/31-polskich-podcastow-ktore-powinien-znac-kazdy-przedsiebiorca\"><span style=\"font-weight: 400;\">zestawienie 31 polskich podcast\u00f3w<\/span><\/a><span style=\"font-weight: 400;\">, kt\u00f3re powinien zna\u0107 ka\u017cdy przedsi\u0119biorca. <\/span><b>To w\u0142a\u015bnie przedsi\u0119biorcy s\u0105 bowiem du\u017c\u0105 grup\u0105 odbiorc\u00f3w podcast\u00f3w. <\/b><span style=\"font-weight: 400;\">Wskazuj\u0105 na to nie tylko przedstawione wy\u017cej dane demograficzne, ale r\u00f3wnie\u017c najbardziej popularne zainteresowania w\u015br\u00f3d s\u0142uchaczy podcast\u00f3w.<\/span><\/p>\n<p><span style=\"font-weight: 400;\">Ponad 90% tej grupy docelowej interesuje si\u0119 szeroko poj\u0119tymi kategoriami zwi\u0105zanymi z:\u00a0<\/span><\/p>\n<ul>\n<li style=\"font-weight: 400;\"><span style=\"font-weight: 400;\">Biznesem i przemys\u0142em,<\/span><\/li>\n<li style=\"font-weight: 400;\"><span style=\"font-weight: 400;\">Technologiami,<\/span><\/li>\n<li style=\"font-weight: 400;\"><span style=\"font-weight: 400;\">Sportem,\u00a0<\/span><\/li>\n<li style=\"font-weight: 400;\"><span style=\"font-weight: 400;\">Rodzin\u0105 i zwi\u0105zkami.\u00a0<\/span><\/li>\n<\/ul>\n<div id=\"attachment_41215\" style=\"width: 810px\" class=\"wp-caption aligncenter\"><img loading=\"lazy\" decoding=\"async\" aria-describedby=\"caption-attachment-41215\" class=\" wp-image-41215\" src=\"https:\/\/www.sotrender.com\/blog\/wp-content\/uploads\/2020\/07\/interests_first15-1.png\" alt=\"\" width=\"800\" height=\"629\" srcset=\"https:\/\/www.sotrender.com\/blog\/wp-content\/uploads\/2020\/07\/interests_first15-1.png 2100w, https:\/\/www.sotrender.com\/blog\/wp-content\/uploads\/2020\/07\/interests_first15-1-475x373.png 475w, https:\/\/www.sotrender.com\/blog\/wp-content\/uploads\/2020\/07\/interests_first15-1-768x603.png 768w, https:\/\/www.sotrender.com\/blog\/wp-content\/uploads\/2020\/07\/interests_first15-1-950x746.png 950w, https:\/\/www.sotrender.com\/blog\/wp-content\/uploads\/2020\/07\/interests_first15-1-550x433.png 550w\" sizes=\"(max-width: 800px) 100vw, 800px\" \/><p id=\"caption-attachment-41215\" class=\"wp-caption-text\">Najbardziej popularne zainteresowania w grupie docelowej<\/p><\/div>\n<p><span style=\"font-weight: 400;\">Cho\u0107 nieco mniejszy odsetek grupy docelowej na Facebooku (55-65%) interesuje si\u0119 r\u00f3wnie\u017c czasopismami, ksi\u0105\u017ckami i prawem, charakteryzuje ich znacznie wy\u017cszy wska\u017anik dopasowania (powy\u017cej 200).\u00a0<\/span><\/p>\n<p><span style=\"font-weight: 400;\">Co wi\u0119cej, r\u00f3wnie\u017c wysoki Affinity Index, czyli wysoki wska\u017anik dopasowania (na poziomie 200-300) obserwujemy je\u015bli chodzi o zainteresowania takie jak: <\/span><b>inwestycje, ma\u0142e przedsi\u0119biorstwa, ekologia, sprawy spo\u0142eczne<\/b><span style=\"font-weight: 400;\">. Cho\u0107 zainteresowanie tymi tematami wydaje si\u0119 stosunkowo niewielkie (jedynie 15-30% grupy docelowej), wyj\u0105tkowo wysokie jest ich dopasowanie. Mo\u017cna mie\u0107 wi\u0119c pewno\u015b\u0107, \u017ce wiele os\u00f3b z grupy docelowej \u017cywo interesuje si\u0119 tymi tematami.\u00a0<\/span><\/p>\n<div id=\"attachment_41217\" style=\"width: 810px\" class=\"wp-caption aligncenter\"><img loading=\"lazy\" decoding=\"async\" aria-describedby=\"caption-attachment-41217\" class=\" wp-image-41217\" src=\"https:\/\/www.sotrender.com\/blog\/wp-content\/uploads\/2020\/07\/interests_last15-1.png\" alt=\"\" width=\"800\" height=\"629\" srcset=\"https:\/\/www.sotrender.com\/blog\/wp-content\/uploads\/2020\/07\/interests_last15-1.png 2100w, https:\/\/www.sotrender.com\/blog\/wp-content\/uploads\/2020\/07\/interests_last15-1-475x373.png 475w, https:\/\/www.sotrender.com\/blog\/wp-content\/uploads\/2020\/07\/interests_last15-1-768x603.png 768w, https:\/\/www.sotrender.com\/blog\/wp-content\/uploads\/2020\/07\/interests_last15-1-950x746.png 950w, https:\/\/www.sotrender.com\/blog\/wp-content\/uploads\/2020\/07\/interests_last15-1-550x433.png 550w\" sizes=\"(max-width: 800px) 100vw, 800px\" \/><p id=\"caption-attachment-41217\" class=\"wp-caption-text\">Najmniej popularne zainteresowania w\u015br\u00f3d grupy docelowej<\/p><\/div>\n<p><span style=\"font-weight: 400;\">S\u0105 to bardzo istotne i ciekawe dane tak\u017ce z perspektywy reklamodawc\u00f3w. <\/span><b>Cho\u0107 w Polsce podcasty to wci\u0105\u017c raczej niszowe medium, ich odbiorcy charakteryzuj\u0105 si\u0119 konkretnymi cechami psycho-demograficznymi.\u00a0<\/b><\/p>\n<p><span style=\"font-weight: 400;\">Dla reklamodawc\u00f3w s\u0105 to niezwykle istotne dane, poniewa\u017c posiadanie tak mocno sprecyzowanej grupy docelowej pozwala znacznie lepiej targetowa\u0107 produkty i tre\u015bci, a tym samym osi\u0105ga\u0107 lepsze wyniki.\u00a0<\/span><\/p>\n<p><span style=\"font-weight: 400;\">Warto w tym miejscu doda\u0107 r\u00f3wnie\u017c, \u017ce wg. <\/span><a href=\"https:\/\/discoverpods.com\/podcast-trends-report-2018\/\"><span style=\"font-weight: 400;\">badania z 2018 roku przeprowadzonego przez Discover Pods<\/span><\/a><span style=\"font-weight: 400;\">:<\/span><\/p>\n<ul>\n<li style=\"font-weight: 400;\"><span style=\"font-weight: 400;\">85% s\u0142uchaczy podcast\u00f3w s\u0142ucha r\u00f3wnie\u017c reklam w nich zawartych,\u00a0<\/span><\/li>\n<li style=\"font-weight: 400;\"><span style=\"font-weight: 400;\">88% z nich uwa\u017ca, \u017ce reklamy lokowane w podcastach s\u0105 skuteczne,<\/span><\/li>\n<li style=\"font-weight: 400;\"><span style=\"font-weight: 400;\">49% kupi\u0142o produkt, kt\u00f3ry wspomniany zosta\u0142 w podca\u015bcie.\u00a0<\/span><\/li>\n<\/ul>\n<p><span style=\"font-weight: 400;\">Potencja\u0142 podcast\u00f3w, jako kolejnego placementu reklamowego, zauwa\u017ca r\u00f3wnie\u017c Greg Albrecht, autor podcastu <\/span><a href=\"https:\/\/gregalbrecht.io\/pl\/podcast\/\"><i><span style=\"font-weight: 400;\">Wszystkie twarze biznesu<\/span><\/i><\/a><span style=\"font-weight: 400;\">:\u00a0<\/span><\/p>\n<blockquote><p><span style=\"font-weight: 400;\">Zdarza si\u0119, \u017ce na ulicy zaczepia mnie kto\u015b obcy i pyta co u mnie s\u0142ycha\u0107. Moje zaskoczone i nieco zagubione spojrzenie wywo\u0142uje zazwyczaj lekkie zmieszanie, a potem pada komentarz: &#8220;przepraszam za bezpo\u015brednio\u015b\u0107, ale s\u0142ucham twojego podcastu i mam wra\u017cenie, jakby\u015bmy znali si\u0119 od lat&#8221;. Taka uwaga to nie tylko nagroda za prac\u0119 przy podca\u015bcie, ale te\u017c sygna\u0142 dla potencjalnych reklamodawc\u00f3w. <\/span><b>Podcasty przez swoj\u0105 autentyczno\u015b\u0107 tworz\u0105 wysoki poziom zaufania do tre\u015bci<\/b><span style=\"font-weight: 400;\">, kt\u00f3ry sprawia, \u017ce <\/span><b>komunikat reklamowy dociera ze skuteczno\u015bci\u0105 niepor\u00f3wnywaln\u0105 z innymi mediami<\/b><span style=\"font-weight: 400;\">. Wysokojako\u015bciowe kana\u0142y tematyczne pozwalaj\u0105 dotrze\u0107 do w\u0105skich grup odbiorc\u00f3w, a <\/span><b>forma d\u017awi\u0119kowa wymaga skupienia s\u0142uchacza i tym samym zwi\u0119ksza si\u0142\u0119 dotarcia komunikatu promocyjnego<\/b><span style=\"font-weight: 400;\">. Niewielkie zainteresowanie polskich reklamodawc\u00f3w podcastami postrzegam jako wielk\u0105 szans\u0119. Ci, kt\u00f3rzy jako pierwsi powa\u017cnie potraktuj\u0105 to medium maj\u0105 szans\u0119 zebra\u0107 premi\u0119 za ryzyko w postaci niskich koszt\u00f3w promocji i wy\u0142\u0105czno\u015bci w poszczeg\u00f3lnych kana\u0142ach.\u00a0<\/span><\/p><\/blockquote>\n<h2><b>Media og\u00f3lnotematyczne vs. niszowe\u00a0\u00a0<\/b><\/h2>\n<p><span style=\"font-weight: 400;\">Powr\u00f3\u0107my do wynik\u00f3w naszego badania.\u00a0<\/span><\/p>\n<p><span style=\"font-weight: 400;\">Sk\u0105d odbiorcy podcast\u00f3w czerpi\u0105 wiedz\u0119 o \u015bwiecie i naj\u015bwie\u017csze wiadomo\u015bci? Jakie portale i programy telewizyjne s\u0105 najbardziej popularne?\u00a0<\/span><\/p>\n<p>Od razu jasno wida\u0107, \u017ce wybrana grupa docelowa wykazuje du\u017ce zainteresowanie mediami w og\u00f3le.<\/p>\n<div id=\"attachment_41219\" style=\"width: 718px\" class=\"wp-caption aligncenter\"><img loading=\"lazy\" decoding=\"async\" aria-describedby=\"caption-attachment-41219\" class=\"size-full wp-image-41219\" src=\"https:\/\/www.sotrender.com\/blog\/wp-content\/uploads\/2020\/07\/Zrzut-ekranu-2020-07-13-o-11.45.31.png\" alt=\"\" width=\"708\" height=\"524\" srcset=\"https:\/\/www.sotrender.com\/blog\/wp-content\/uploads\/2020\/07\/Zrzut-ekranu-2020-07-13-o-11.45.31.png 708w, https:\/\/www.sotrender.com\/blog\/wp-content\/uploads\/2020\/07\/Zrzut-ekranu-2020-07-13-o-11.45.31-475x352.png 475w\" sizes=\"(max-width: 708px) 100vw, 708px\" \/><p id=\"caption-attachment-41219\" class=\"wp-caption-text\">Media i programy najbardziej popularne w grupie docelowej<\/p><\/div>\n<p><b>Najbardziej popularne s\u0105 mainstreamowe media<\/b><span style=\"font-weight: 400;\">, takie jak Gazeta Wyborcza, Radio Zet, Gazeta.pl czy RMF FM, czyli og\u00f3lnopolskie i og\u00f3lnotematyczne media. Zainteresowanie nimi wykazuje niespe\u0142na po\u0142owa os\u00f3b zainteresowana podcastami.\u00a0<\/span><\/p>\n<p><span style=\"font-weight: 400;\">Affinity Index na poziomie 179-136 wskazuje, \u017ce zainteresowanie tymi mediami jest ponadprzeci\u0119tne w por\u00f3wnaniu do ca\u0142ej populacji na Facebooku, jednak programy czy kana\u0142y jak np. HBO Polska (AI 244), Fakty TVN (AI 183) wykazuj\u0105 jeszcze wi\u0119ksze dopasowanie do grupy docelowej.\u00a0<\/span><\/p>\n<p><i><span style=\"font-weight: 400;\">Przypomnijmy tylko, \u017ce im wy\u017cszy jest wska\u017anik Affinity Index, tym wi\u0119ksze jest dopasowanie zainteresowania do naszej grupy docelowej.\u00a0<\/span><\/i><\/p>\n<div id=\"attachment_41225\" style=\"width: 810px\" class=\"wp-caption aligncenter\"><img loading=\"lazy\" decoding=\"async\" aria-describedby=\"caption-attachment-41225\" class=\" wp-image-41225\" src=\"https:\/\/www.sotrender.com\/blog\/wp-content\/uploads\/2020\/07\/interestsSitest_last15-1-1.png\" alt=\"\" width=\"800\" height=\"629\" srcset=\"https:\/\/www.sotrender.com\/blog\/wp-content\/uploads\/2020\/07\/interestsSitest_last15-1-1.png 2100w, https:\/\/www.sotrender.com\/blog\/wp-content\/uploads\/2020\/07\/interestsSitest_last15-1-1-475x373.png 475w, https:\/\/www.sotrender.com\/blog\/wp-content\/uploads\/2020\/07\/interestsSitest_last15-1-1-768x603.png 768w, https:\/\/www.sotrender.com\/blog\/wp-content\/uploads\/2020\/07\/interestsSitest_last15-1-1-950x746.png 950w, https:\/\/www.sotrender.com\/blog\/wp-content\/uploads\/2020\/07\/interestsSitest_last15-1-1-550x433.png 550w\" sizes=\"(max-width: 800px) 100vw, 800px\" \/><p id=\"caption-attachment-41225\" class=\"wp-caption-text\">Media i programy najmniej popularne w\u015br\u00f3d grupy docelowej<\/p><\/div>\n<p><b>Mniejszym zainteresowaniem ciesz\u0105 si\u0119 media bardziej niszowe<\/b><span style=\"font-weight: 400;\">, jak np. Kocham Kino, Ale Kino+, Harvard Business Review Polska czy Dwutygodnik, jednak ich dopasowanie do tej w\u0105skiej grupy docelowej jest znacznie wy\u017csze (Affinity Index 400 i wi\u0119cej).\u00a0<\/span><\/p>\n<p><span style=\"font-weight: 400;\">Odbiorcy podcast\u00f3w, wywodz\u0105 si\u0119 oczywi\u015bcie z r\u00f3\u017cnych bran\u017c. Maj\u0105 wiele cech wsp\u00f3lnych, jednak r\u00f3\u017cne, je\u015bli chodzi o ich bran\u017cow\u0105 specjalizacj\u0119.\u00a0<\/span><\/p>\n<p><span style=\"font-weight: 400;\">Dla przyk\u0142adu, w\u015br\u00f3d ca\u0142ej grupy docelowej zainteresowanej podcastami, jedynie 0,5% wykazuje r\u00f3wnie\u017c zainteresowanie magazynem Marketing w Praktyce. Affinity Index tego zainteresowania wynosi jednak a\u017c 600. Dok\u0142adaj\u0105c do tego zainteresowanie innymi mediami z obszaru marketingu, grupa odbiorc\u00f3w wzros\u0142a by do co najmniej kilku lub kilkunastu procent, a jej dopasowanie by\u0142oby z pewno\u015bci\u0105 wci\u0105\u017c wysokie.\u00a0<\/span><\/p>\n<p><span style=\"font-weight: 400;\">St\u0105d te\u017c podcasterzy prowadz\u0105 rozmowy z osobami, specjalistami z r\u00f3\u017cnych bran\u017c, by budowa\u0107 \u015bwiadomo\u015b\u0107 o swoim produkcie i swojej marce osobistej w\u015br\u00f3d r\u00f3\u017cnych grup odbiorc\u00f3w.\u00a0<\/span><\/p>\n<p><span style=\"font-weight: 400;\">Dla przyk\u0142adu Greg Albrecht tworzy podcasty z obszaru marketingu (np. z <\/span><a href=\"https:\/\/gregalbrecht.io\/pl\/podcast\/janzajac\/\"><span style=\"font-weight: 400;\">Janem Zaj\u0105cem<\/span><\/a><span style=\"font-weight: 400;\">), finans\u00f3w (np. z <\/span><a href=\"https:\/\/gregalbrecht.io\/pl\/podcast\/piotr-smolen-symmetrical\/\"><span style=\"font-weight: 400;\">Piotrem Smoleniem<\/span><\/a><span style=\"font-weight: 400;\">), czy z bardziej og\u00f3lnych obszar\u00f3w biznesu, np. <\/span><a href=\"https:\/\/gregalbrecht.io\/pl\/podcast\/trudne-decyzje-w-biznesie\/\"><span style=\"font-weight: 400;\">podejmowania i komunikowania trudnych decyzji<\/span><\/a><span style=\"font-weight: 400;\">.\u00a0<\/span><\/p>\n<h2><b>Kim s\u0105 s\u0142uchacze podcast\u00f3w &#8211; podsumowanie\u00a0<\/b><\/h2>\n<p><span style=\"font-weight: 400;\">Wyniki naszego badania daj\u0105 <\/span><b>bardzo klarowny i sp\u00f3jny obraz os\u00f3b interesuj\u0105cych si\u0119 podcastami<\/b><span style=\"font-weight: 400;\">.\u00a0<\/span><\/p>\n<p><span style=\"font-weight: 400;\">Gdyby\u015bmy mieli okre\u015bli\u0107, kim jest przedstawiciel grupy interesuj\u0105cej si\u0119 podcastami nie mog\u0142oby zabrakn\u0105\u0107 w jego opisie nast\u0119puj\u0105cych cech:<\/span><\/p>\n<ul>\n<li style=\"font-weight: 400;\"><span style=\"font-weight: 400;\">M\u0119\u017cczyzna lub kobieta z grupy wiekowej <strong>35+<\/strong><\/span><\/li>\n<li style=\"font-weight: 400;\"><span style=\"font-weight: 400;\">Wysokie zainteresowanie szeroko poj\u0119tym <strong>biznesem, przemys\u0142em i technologiami\u00a0<\/strong><\/span><\/li>\n<li style=\"font-weight: 400;\"><span style=\"font-weight: 400;\"><strong>Posiadanie rodziny, dziecka<\/strong>, organizowanie wakacji<\/span><\/li>\n<li style=\"font-weight: 400;\"><span style=\"font-weight: 400;\">Zainteresowanie <\/span><b>sportem<\/b><span style=\"font-weight: 400;\"> oraz <\/span><b>mediami relacjonuj\u0105cymi bie\u017c\u0105ce wydarzenia<\/b><span style=\"font-weight: 400;\"> (Gazeta Wyborcza, Radio ZET, Fakty TVN)\u00a0<\/span><\/li>\n<li style=\"font-weight: 400;\"><span style=\"font-weight: 400;\">Zainteresowanie ekologi\u0105, sprawami spo\u0142ecznymi, kultur\u0105 (kinem)\u00a0<\/span><\/li>\n<\/ul>\n<p><span style=\"font-weight: 400;\">Wydaje si\u0119, \u017ce jest to zarazem profil przedsi\u0119biorcy, managera czy specjalisty w wieku \u015brednim lub nieco starszym, a zatem grupy bardzo atrakcyjnej marketingowo, zw\u0142aszcza dla firm kieruj\u0105cych swoj\u0105 ofert\u0119 do biznesu (B2B).<\/span><\/p>\n<p><span style=\"font-weight: 400;\">____<\/span><\/p>\n<p><span style=\"font-weight: 400;\">Zainteresowa\u0142o Was nasze badanie i chcieliby\u015bcie zobaczy\u0107 wi\u0119cej przyk\u0142ad\u00f3w jego realizacji? Zach\u0119camy do zapoznania si\u0119 z case studies z firm\u0105 <\/span><a href=\"https:\/\/www.sotrender.com\/blog\/pl\/2017\/07\/grupa-docelowa-jak-ja-poznac-f-secure-case-study\/\"><span style=\"font-weight: 400;\">F-Secure<\/span><\/a><span style=\"font-weight: 400;\"> oraz <\/span><a href=\"https:\/\/www.sotrender.com\/blog\/pl\/2017\/08\/jakimi-wartosciami-kieruje-sie-twoja-grupa-docelowa\/\"><span style=\"font-weight: 400;\">Listonic<\/span><\/a><span style=\"font-weight: 400;\">, lub do bezpo\u015bredniego kontaktu z naszym dzia\u0142em sprzeda\u017cy (<\/span><a href=\"mailto:sales@sotrender.com\"><span style=\"font-weight: 400;\">sales@sotrender.com<\/span><\/a><span style=\"font-weight: 400;\">).\u00a0<\/span><\/p>\n<p><span style=\"font-weight: 400;\">Je\u015bli interesuje Was temat podcast\u00f3w i analizy zwi\u0105zane z ich odbiorcami, zach\u0119camy do zapoznania si\u0119 z najwi\u0119kszym <\/span><a href=\"https:\/\/www.edisonresearch.com\/the-podcast-consumer-2019\/\"><span style=\"font-weight: 400;\">badaniem<\/span><\/a><span style=\"font-weight: 400;\"> w tym obszarze, kt\u00f3re jest corocznie przeprowadzane przez Edison Research w Stanach Zjednoczonych.\u00a0<\/span><\/p>\n<p>&nbsp;<\/p>\n","protected":false},"excerpt":{"rendered":"<p>Podcasty s\u0105 formatem, kt\u00f3ry staje si\u0119 coraz bardziej popularny. Nic dziwnego, z perspektywy odbiorcy jest to format stosunkowo \u0142atwy w konsumpcji i wygodna alternatywa dla klasycznego radia (mo\u017cemy go pos\u0142ucha\u0107 jad\u0105c samochodem czy rowerem, b\u0105d\u017a na si\u0142owni), z kolei z biznesowego punktu widzenia jest to istotne i skuteczne medium, je\u015bli chodzi o docieranie do odbiorc\u00f3w, [&hellip;]<\/p>\n","protected":false},"author":89,"featured_media":41231,"comment_status":"open","ping_status":"open","sticky":false,"template":"","format":"standard","meta":{"inline_featured_image":false,"footnotes":""},"categories":[1791,1793,2125,2275],"tags":[25,2261,3063],"yoast_head":"<!-- This site is optimized with the Yoast SEO plugin v22.4 - https:\/\/yoast.com\/wordpress\/plugins\/seo\/ -->\n<title>Podcasty w Polsce - charakterystyka grupy docelowej [analiza]<\/title>\n<meta name=\"description\" content=\"Kim w Polsce s\u0105 odbiorcy podcast\u00f3w: jakimi cechami i zainteresowaniami si\u0119 charakteryzuj\u0105? Sprawdzili\u015bmy na podstawie danych z social media.\" \/>\n<meta name=\"robots\" content=\"index, follow, max-snippet:-1, max-image-preview:large, max-video-preview:-1\" \/>\n<link rel=\"canonical\" href=\"https:\/\/www.sotrender.com\/blog\/pl\/2020\/07\/podcasty-w-polsce-analiza\/\" \/>\n<meta property=\"og:locale\" content=\"pl_PL\" \/>\n<meta property=\"og:type\" content=\"article\" \/>\n<meta property=\"og:title\" content=\"Podcasty w Polsce - charakterystyka grupy docelowej [analiza]\" \/>\n<meta property=\"og:description\" content=\"Kim w Polsce s\u0105 odbiorcy podcast\u00f3w: jakimi cechami i zainteresowaniami si\u0119 charakteryzuj\u0105? Sprawdzili\u015bmy na podstawie danych z social media.\" \/>\n<meta property=\"og:url\" content=\"https:\/\/www.sotrender.com\/blog\/pl\/2020\/07\/podcasty-w-polsce-analiza\/\" \/>\n<meta property=\"og:site_name\" content=\"Sotrender Blog\" \/>\n<meta property=\"article:publisher\" content=\"https:\/\/www.facebook.com\/Sotrender\" \/>\n<meta property=\"article:published_time\" content=\"2020-07-13T11:38:54+00:00\" \/>\n<meta property=\"og:image\" content=\"https:\/\/www.sotrender.com\/blog\/wp-content\/uploads\/2020\/07\/juja-han-uT55XxQLQGU-unsplash.jpg\" \/>\n\t<meta property=\"og:image:width\" content=\"1920\" \/>\n\t<meta property=\"og:image:height\" content=\"1280\" \/>\n\t<meta property=\"og:image:type\" content=\"image\/jpeg\" \/>\n<meta name=\"author\" content=\"Klaudia \u017by\u0142ka\" \/>\n<meta name=\"twitter:card\" content=\"summary_large_image\" \/>\n<meta name=\"twitter:creator\" content=\"@Sotrender\" \/>\n<meta name=\"twitter:site\" content=\"@Sotrender\" \/>\n<meta name=\"twitter:label1\" content=\"Written by\" \/>\n\t<meta name=\"twitter:data1\" content=\"Klaudia \u017by\u0142ka\" \/>\n\t<meta name=\"twitter:label2\" content=\"Est. reading time\" \/>\n\t<meta name=\"twitter:data2\" content=\"9 minutes\" \/>\n<script type=\"application\/ld+json\" class=\"yoast-schema-graph\">{\"@context\":\"https:\/\/schema.org\",\"@graph\":[{\"@type\":\"WebPage\",\"@id\":\"https:\/\/www.sotrender.com\/blog\/pl\/2020\/07\/podcasty-w-polsce-analiza\/\",\"url\":\"https:\/\/www.sotrender.com\/blog\/pl\/2020\/07\/podcasty-w-polsce-analiza\/\",\"name\":\"Podcasty w Polsce - charakterystyka grupy docelowej [analiza]\",\"isPartOf\":{\"@id\":\"https:\/\/www.sotrender.com\/blog\/#website\"},\"primaryImageOfPage\":{\"@id\":\"https:\/\/www.sotrender.com\/blog\/pl\/2020\/07\/podcasty-w-polsce-analiza\/#primaryimage\"},\"image\":{\"@id\":\"https:\/\/www.sotrender.com\/blog\/pl\/2020\/07\/podcasty-w-polsce-analiza\/#primaryimage\"},\"thumbnailUrl\":\"https:\/\/www.sotrender.com\/blog\/wp-content\/uploads\/2020\/07\/juja-han-uT55XxQLQGU-unsplash.jpg\",\"datePublished\":\"2020-07-13T11:38:54+00:00\",\"dateModified\":\"2020-07-13T11:38:54+00:00\",\"author\":{\"@id\":\"https:\/\/www.sotrender.com\/blog\/#\/schema\/person\/038ac5e276c5d102d8cbb9c36cd43416\"},\"description\":\"Kim w Polsce s\u0105 odbiorcy podcast\u00f3w: jakimi cechami i zainteresowaniami si\u0119 charakteryzuj\u0105? Sprawdzili\u015bmy na podstawie danych z social media.\",\"breadcrumb\":{\"@id\":\"https:\/\/www.sotrender.com\/blog\/pl\/2020\/07\/podcasty-w-polsce-analiza\/#breadcrumb\"},\"inLanguage\":\"pl-PL\",\"potentialAction\":[{\"@type\":\"ReadAction\",\"target\":[\"https:\/\/www.sotrender.com\/blog\/pl\/2020\/07\/podcasty-w-polsce-analiza\/\"]}]},{\"@type\":\"ImageObject\",\"inLanguage\":\"pl-PL\",\"@id\":\"https:\/\/www.sotrender.com\/blog\/pl\/2020\/07\/podcasty-w-polsce-analiza\/#primaryimage\",\"url\":\"https:\/\/www.sotrender.com\/blog\/wp-content\/uploads\/2020\/07\/juja-han-uT55XxQLQGU-unsplash.jpg\",\"contentUrl\":\"https:\/\/www.sotrender.com\/blog\/wp-content\/uploads\/2020\/07\/juja-han-uT55XxQLQGU-unsplash.jpg\",\"width\":1920,\"height\":1280},{\"@type\":\"BreadcrumbList\",\"@id\":\"https:\/\/www.sotrender.com\/blog\/pl\/2020\/07\/podcasty-w-polsce-analiza\/#breadcrumb\",\"itemListElement\":[{\"@type\":\"ListItem\",\"position\":1,\"name\":\"Home\",\"item\":\"https:\/\/www.sotrender.com\/blog\/\"},{\"@type\":\"ListItem\",\"position\":2,\"name\":\"Podcasty w Polsce &#8211; charakterystyka grupy docelowej w oparciu o dane z social media [analiza]\"}]},{\"@type\":\"WebSite\",\"@id\":\"https:\/\/www.sotrender.com\/blog\/#website\",\"url\":\"https:\/\/www.sotrender.com\/blog\/\",\"name\":\"Sotrender Blog\",\"description\":\"\",\"potentialAction\":[{\"@type\":\"SearchAction\",\"target\":{\"@type\":\"EntryPoint\",\"urlTemplate\":\"https:\/\/www.sotrender.com\/blog\/?s={search_term_string}\"},\"query-input\":\"required name=search_term_string\"}],\"inLanguage\":\"pl-PL\"},{\"@type\":\"Person\",\"@id\":\"https:\/\/www.sotrender.com\/blog\/#\/schema\/person\/038ac5e276c5d102d8cbb9c36cd43416\",\"name\":\"Klaudia \u017by\u0142ka\",\"image\":{\"@type\":\"ImageObject\",\"inLanguage\":\"pl-PL\",\"@id\":\"https:\/\/www.sotrender.com\/blog\/#\/schema\/person\/image\/\",\"url\":\"https:\/\/secure.gravatar.com\/avatar\/f55d5d49ce3c448e1ffde0ab078d84cd?s=96&d=mm&r=g\",\"contentUrl\":\"https:\/\/secure.gravatar.com\/avatar\/f55d5d49ce3c448e1ffde0ab078d84cd?s=96&d=mm&r=g\",\"caption\":\"Klaudia \u017by\u0142ka\"},\"description\":\"Instagram, dogs, books and food lover. Former student at Warsaw University and Malm\u00f6 University. Improving her marketing skills every day. Proud owner of DIMAQ certificate\",\"sameAs\":[\"https:\/\/www.linkedin.com\/in\/klaudia-\u017cy\u0142ka-17527779\"],\"url\":\"https:\/\/www.sotrender.com\/blog\/pl\/author\/klaudia_yka\/\"}]}<\/script>\n<!-- \/ Yoast SEO plugin. -->","yoast_head_json":{"title":"Podcasty w Polsce - charakterystyka grupy docelowej [analiza]","description":"Kim w Polsce s\u0105 odbiorcy podcast\u00f3w: jakimi cechami i zainteresowaniami si\u0119 charakteryzuj\u0105? Sprawdzili\u015bmy na podstawie danych z social media.","robots":{"index":"index","follow":"follow","max-snippet":"max-snippet:-1","max-image-preview":"max-image-preview:large","max-video-preview":"max-video-preview:-1"},"canonical":"https:\/\/www.sotrender.com\/blog\/pl\/2020\/07\/podcasty-w-polsce-analiza\/","og_locale":"pl_PL","og_type":"article","og_title":"Podcasty w Polsce - charakterystyka grupy docelowej [analiza]","og_description":"Kim w Polsce s\u0105 odbiorcy podcast\u00f3w: jakimi cechami i zainteresowaniami si\u0119 charakteryzuj\u0105? Sprawdzili\u015bmy na podstawie danych z social media.","og_url":"https:\/\/www.sotrender.com\/blog\/pl\/2020\/07\/podcasty-w-polsce-analiza\/","og_site_name":"Sotrender Blog","article_publisher":"https:\/\/www.facebook.com\/Sotrender","article_published_time":"2020-07-13T11:38:54+00:00","og_image":[{"width":1920,"height":1280,"url":"https:\/\/www.sotrender.com\/blog\/wp-content\/uploads\/2020\/07\/juja-han-uT55XxQLQGU-unsplash.jpg","type":"image\/jpeg"}],"author":"Klaudia \u017by\u0142ka","twitter_card":"summary_large_image","twitter_creator":"@Sotrender","twitter_site":"@Sotrender","twitter_misc":{"Written by":"Klaudia \u017by\u0142ka","Est. reading time":"9 minutes"},"schema":{"@context":"https:\/\/schema.org","@graph":[{"@type":"WebPage","@id":"https:\/\/www.sotrender.com\/blog\/pl\/2020\/07\/podcasty-w-polsce-analiza\/","url":"https:\/\/www.sotrender.com\/blog\/pl\/2020\/07\/podcasty-w-polsce-analiza\/","name":"Podcasty w Polsce - charakterystyka grupy docelowej [analiza]","isPartOf":{"@id":"https:\/\/www.sotrender.com\/blog\/#website"},"primaryImageOfPage":{"@id":"https:\/\/www.sotrender.com\/blog\/pl\/2020\/07\/podcasty-w-polsce-analiza\/#primaryimage"},"image":{"@id":"https:\/\/www.sotrender.com\/blog\/pl\/2020\/07\/podcasty-w-polsce-analiza\/#primaryimage"},"thumbnailUrl":"https:\/\/www.sotrender.com\/blog\/wp-content\/uploads\/2020\/07\/juja-han-uT55XxQLQGU-unsplash.jpg","datePublished":"2020-07-13T11:38:54+00:00","dateModified":"2020-07-13T11:38:54+00:00","author":{"@id":"https:\/\/www.sotrender.com\/blog\/#\/schema\/person\/038ac5e276c5d102d8cbb9c36cd43416"},"description":"Kim w Polsce s\u0105 odbiorcy podcast\u00f3w: jakimi cechami i zainteresowaniami si\u0119 charakteryzuj\u0105? Sprawdzili\u015bmy na podstawie danych z social media.","breadcrumb":{"@id":"https:\/\/www.sotrender.com\/blog\/pl\/2020\/07\/podcasty-w-polsce-analiza\/#breadcrumb"},"inLanguage":"pl-PL","potentialAction":[{"@type":"ReadAction","target":["https:\/\/www.sotrender.com\/blog\/pl\/2020\/07\/podcasty-w-polsce-analiza\/"]}]},{"@type":"ImageObject","inLanguage":"pl-PL","@id":"https:\/\/www.sotrender.com\/blog\/pl\/2020\/07\/podcasty-w-polsce-analiza\/#primaryimage","url":"https:\/\/www.sotrender.com\/blog\/wp-content\/uploads\/2020\/07\/juja-han-uT55XxQLQGU-unsplash.jpg","contentUrl":"https:\/\/www.sotrender.com\/blog\/wp-content\/uploads\/2020\/07\/juja-han-uT55XxQLQGU-unsplash.jpg","width":1920,"height":1280},{"@type":"BreadcrumbList","@id":"https:\/\/www.sotrender.com\/blog\/pl\/2020\/07\/podcasty-w-polsce-analiza\/#breadcrumb","itemListElement":[{"@type":"ListItem","position":1,"name":"Home","item":"https:\/\/www.sotrender.com\/blog\/"},{"@type":"ListItem","position":2,"name":"Podcasty w Polsce &#8211; charakterystyka grupy docelowej w oparciu o dane z social media [analiza]"}]},{"@type":"WebSite","@id":"https:\/\/www.sotrender.com\/blog\/#website","url":"https:\/\/www.sotrender.com\/blog\/","name":"Sotrender Blog","description":"","potentialAction":[{"@type":"SearchAction","target":{"@type":"EntryPoint","urlTemplate":"https:\/\/www.sotrender.com\/blog\/?s={search_term_string}"},"query-input":"required name=search_term_string"}],"inLanguage":"pl-PL"},{"@type":"Person","@id":"https:\/\/www.sotrender.com\/blog\/#\/schema\/person\/038ac5e276c5d102d8cbb9c36cd43416","name":"Klaudia \u017by\u0142ka","image":{"@type":"ImageObject","inLanguage":"pl-PL","@id":"https:\/\/www.sotrender.com\/blog\/#\/schema\/person\/image\/","url":"https:\/\/secure.gravatar.com\/avatar\/f55d5d49ce3c448e1ffde0ab078d84cd?s=96&d=mm&r=g","contentUrl":"https:\/\/secure.gravatar.com\/avatar\/f55d5d49ce3c448e1ffde0ab078d84cd?s=96&d=mm&r=g","caption":"Klaudia \u017by\u0142ka"},"description":"Instagram, dogs, books and food lover. Former student at Warsaw University and Malm\u00f6 University. Improving her marketing skills every day. Proud owner of DIMAQ certificate","sameAs":["https:\/\/www.linkedin.com\/in\/klaudia-\u017cy\u0142ka-17527779"],"url":"https:\/\/www.sotrender.com\/blog\/pl\/author\/klaudia_yka\/"}]}},"_links":{"self":[{"href":"https:\/\/www.sotrender.com\/blog\/pl\/wp-json\/wp\/v2\/posts\/41199"}],"collection":[{"href":"https:\/\/www.sotrender.com\/blog\/pl\/wp-json\/wp\/v2\/posts"}],"about":[{"href":"https:\/\/www.sotrender.com\/blog\/pl\/wp-json\/wp\/v2\/types\/post"}],"author":[{"embeddable":true,"href":"https:\/\/www.sotrender.com\/blog\/pl\/wp-json\/wp\/v2\/users\/89"}],"replies":[{"embeddable":true,"href":"https:\/\/www.sotrender.com\/blog\/pl\/wp-json\/wp\/v2\/comments?post=41199"}],"version-history":[{"count":7,"href":"https:\/\/www.sotrender.com\/blog\/pl\/wp-json\/wp\/v2\/posts\/41199\/revisions"}],"predecessor-version":[{"id":41235,"href":"https:\/\/www.sotrender.com\/blog\/pl\/wp-json\/wp\/v2\/posts\/41199\/revisions\/41235"}],"wp:featuredmedia":[{"embeddable":true,"href":"https:\/\/www.sotrender.com\/blog\/pl\/wp-json\/wp\/v2\/media\/41231"}],"wp:attachment":[{"href":"https:\/\/www.sotrender.com\/blog\/pl\/wp-json\/wp\/v2\/media?parent=41199"}],"wp:term":[{"taxonomy":"category","embeddable":true,"href":"https:\/\/www.sotrender.com\/blog\/pl\/wp-json\/wp\/v2\/categories?post=41199"},{"taxonomy":"post_tag","embeddable":true,"href":"https:\/\/www.sotrender.com\/blog\/pl\/wp-json\/wp\/v2\/tags?post=41199"}],"curies":[{"name":"wp","href":"https:\/\/api.w.org\/{rel}","templated":true}]}}