{"id":41173,"date":"2020-07-08T13:13:41","date_gmt":"2020-07-08T11:13:41","guid":{"rendered":"https:\/\/www.sotrender.com\/blog\/?p=41173\/"},"modified":"2020-07-08T13:13:41","modified_gmt":"2020-07-08T11:13:41","slug":"facebook-trends-czerwiec-2020","status":"publish","type":"post","link":"https:\/\/www.sotrender.com\/blog\/pl\/2020\/07\/facebook-trends-czerwiec-2020\/","title":{"rendered":"Facebook Trends czerwiec 2020 &#8211; na ostatniej prostej"},"content":{"rendered":"<p><span style=\"font-weight: 400;\">Trudno podsumowa\u0107 czerwiec bez wspominania o kampanii wyborczej i walce kandydat\u00f3w o prezydentur\u0119.\u00a0<\/span><\/p>\n<p><!--more--><\/p>\n<p><span style=\"font-weight: 400;\">Zapraszamy na, tym razem nieco monotematyczne, podsumowanie <a href=\"https:\/\/www.sotrender.com\/trends\/facebook\/poland\/202006\">raportu Facebook Trends<\/a>.<\/span><\/p>\n<h2><b>Dawid Podsiad\u0142o g\u0142o\u015bno o wyborach\u00a0<\/b><\/h2>\n<p><span style=\"font-weight: 400;\">Muzycy oraz arty\u015bci wielokrotnie zabieraj\u0105 g\u0142os w sprawach spo\u0142ecznych czy politycznych, maj\u0105c \u015bwiadomo\u015b\u0107 szerokiego dotarcia swoich tre\u015bci do odbiorc\u00f3w.\u00a0<\/span><\/p>\n<p><span style=\"font-weight: 400;\">W czerwcu wykorzysta\u0107 to postanowi\u0142 Dawid Podsiad\u0142o, kt\u00f3ry zaprosi\u0142 innych tw\u00f3rc\u00f3w do akcji zach\u0119caj\u0105cej do p\u00f3j\u015bcia na wybory. Wideo, w kt\u00f3rym wyst\u0105pi\u0142a chocia\u017cby Maffashion, Artur Rojek, Julia Wieniawa, Monika Brodka czy Joanna J\u0119drzejczyk, by\u0142o drugim najbardziej anga\u017cuj\u0105cym postem na polskim Facebooku w czerwcu.\u00a0<\/span><\/p>\n<div id=\"attachment_41167\" style=\"width: 810px\" class=\"wp-caption aligncenter\"><img loading=\"lazy\" decoding=\"async\" aria-describedby=\"caption-attachment-41167\" class=\" wp-image-41167\" src=\"https:\/\/www.sotrender.com\/blog\/wp-content\/uploads\/2020\/07\/Zrzut-ekranu-2020-07-6-o-11.02.46.png\" alt=\"dawid podsiad\u0142o wybory\" width=\"800\" height=\"388\" srcset=\"https:\/\/www.sotrender.com\/blog\/wp-content\/uploads\/2020\/07\/Zrzut-ekranu-2020-07-6-o-11.02.46.png 976w, https:\/\/www.sotrender.com\/blog\/wp-content\/uploads\/2020\/07\/Zrzut-ekranu-2020-07-6-o-11.02.46-475x230.png 475w, https:\/\/www.sotrender.com\/blog\/wp-content\/uploads\/2020\/07\/Zrzut-ekranu-2020-07-6-o-11.02.46-768x372.png 768w, https:\/\/www.sotrender.com\/blog\/wp-content\/uploads\/2020\/07\/Zrzut-ekranu-2020-07-6-o-11.02.46-950x460.png 950w\" sizes=\"(max-width: 800px) 100vw, 800px\" \/><p id=\"caption-attachment-41167\" class=\"wp-caption-text\"><a href=\"https:\/\/www.sotrender.com\/trends\/facebook\/poland\/202006\/pl_wszystkie#best_posts\">Najlepsze posty<\/a> na polskim Facebooku w czerwcu 2020 roku<\/p><\/div>\n<p><span style=\"font-weight: 400;\">Dodatkowo, Podsiad\u0142o potwierdzi\u0142 sw\u00f3j udzia\u0142 na festiwalu #Freekwencja, kt\u00f3ry zorganizowany zostanie jako swego rodzaju nagroda w mie\u015bcie z najwi\u0119ksz\u0105 frekwencj\u0105 wyborcz\u0105.<\/span><\/p>\n<p><span style=\"font-weight: 400;\">Z kolei do\u015b\u0107 niespodziewanie <a href=\"https:\/\/www.sotrender.com\/trends\/facebook\/poland\/202006\/pl_wszystkie#best_posts\">najlepszy post na Facebooku<\/a> w czerwcu nale\u017ca\u0142 do Artura Szpilki.<\/span><\/p>\n<h2><b>Polityczne zaanga\u017cowanie\u00a0<\/b><\/h2>\n<p><span style=\"font-weight: 400;\">W\u015br\u00f3d pi\u0119ciu <a href=\"https:\/\/www.sotrender.com\/trends\/facebook\/poland\/202006\/pl_wszystkie#storytellers\">najbardziej anga\u017cuj\u0105cych profili na Facebooku w czerwcu<\/a> znalaz\u0142y si\u0119 a\u017c 3 profile polityczne: 2 profile g\u0142\u00f3wnych kandydat\u00f3w na prezydenta: Rafa\u0142a Trzaskowskiego oraz Andrzeja Dudy (obydwa zanotowa\u0142y wysokie wzrosty w zaanga\u017cowaniu) oraz profil Konfederacji.<\/span><\/p>\n<p><span style=\"font-weight: 400;\">Obecny prezydent Warszawy nie tylko odnotowa\u0142 przyrost zaanga\u017cowania o 280% w stosunku do poprzedniego miesi\u0105ca, ale r\u00f3wnie\u017c mediana u\u017cytkownik\u00f3w, kt\u00f3rzy byli aktywni pod jego tre\u015bciami by\u0142a niespe\u0142na dwukrotnie wi\u0119ksza ni\u017c na profilu Andrzeja Dudy.\u00a0<\/span><\/p>\n<p><span style=\"font-weight: 400;\">Na wysokim, dziewi\u0105tym miejscu, znalaz\u0142 si\u0119 tak\u017ce profil Roberta Biedronia.\u00a0<\/span><\/p>\n<div id=\"attachment_41169\" style=\"width: 812px\" class=\"wp-caption aligncenter\"><img loading=\"lazy\" decoding=\"async\" aria-describedby=\"caption-attachment-41169\" class=\" wp-image-41169\" src=\"https:\/\/www.sotrender.com\/blog\/wp-content\/uploads\/2020\/07\/Zrzut-ekranu-2020-07-6-o-10.58.37.png\" alt=\"\" width=\"802\" height=\"247\" srcset=\"https:\/\/www.sotrender.com\/blog\/wp-content\/uploads\/2020\/07\/Zrzut-ekranu-2020-07-6-o-10.58.37.png 984w, https:\/\/www.sotrender.com\/blog\/wp-content\/uploads\/2020\/07\/Zrzut-ekranu-2020-07-6-o-10.58.37-475x146.png 475w, https:\/\/www.sotrender.com\/blog\/wp-content\/uploads\/2020\/07\/Zrzut-ekranu-2020-07-6-o-10.58.37-768x236.png 768w, https:\/\/www.sotrender.com\/blog\/wp-content\/uploads\/2020\/07\/Zrzut-ekranu-2020-07-6-o-10.58.37-950x293.png 950w\" sizes=\"(max-width: 802px) 100vw, 802px\" \/><p id=\"caption-attachment-41169\" class=\"wp-caption-text\">Profile o najwi\u0119kszym zaanga\u017cowaniu w czerwcu na Facebooku<\/p><\/div>\n<p><span style=\"font-weight: 400;\">Je\u015bli ciekawi jeste\u015bcie r\u00f3wnie\u017c innych aspekt\u00f3w obecno\u015bci na Facebooku wszystkich kandydat\u00f3w na prezydenta w czerwcu, przypominamy o naszym badaniu, w kt\u00f3rym <\/span><a href=\"https:\/\/www.sotrender.com\/blog\/pl\/2020\/06\/kampania-prezydencka-na-facebooku-analiza-2020\/\"><span style=\"font-weight: 400;\">przeanalizowali\u015bmy trzy ostatnie tygodnie kampanii prezydenckiej<\/span><\/a><span style=\"font-weight: 400;\"> przed pierwsz\u0105 tur\u0105 wybor\u00f3w.<\/span><\/p>\n<p><span style=\"font-weight: 400;\">Pod lup\u0119 wzi\u0119li\u015bmy m.in. wydatki reklamowe poniesione na kampanie poszczeg\u00f3lnych kandydat\u00f3w oraz sentyment wypowiedzi u\u017cytkownik\u00f3w na ich profilach.\u00a0<\/span><\/p>\n<div id=\"attachment_41051\" style=\"width: 810px\" class=\"wp-caption aligncenter\"><img loading=\"lazy\" decoding=\"async\" aria-describedby=\"caption-attachment-41051\" class=\"size-full wp-image-41051\" src=\"https:\/\/www.sotrender.com\/blog\/wp-content\/uploads\/2020\/06\/wydatki-1.png\" alt=\"kampania prezydencka wydatki na reklam\u0119\" width=\"800\" height=\"750\" srcset=\"https:\/\/www.sotrender.com\/blog\/wp-content\/uploads\/2020\/06\/wydatki-1.png 800w, https:\/\/www.sotrender.com\/blog\/wp-content\/uploads\/2020\/06\/wydatki-1-475x445.png 475w, https:\/\/www.sotrender.com\/blog\/wp-content\/uploads\/2020\/06\/wydatki-1-768x720.png 768w\" sizes=\"(max-width: 800px) 100vw, 800px\" \/><p id=\"caption-attachment-41051\" class=\"wp-caption-text\">Wydatki na kampani\u0119 prezydenck\u0105 na Facebooku<\/p><\/div>\n<h2><b>Najszybciej rosn\u0105ce profile<\/b><\/h2>\n<p><span style=\"font-weight: 400;\">Na koniec, na uwag\u0119 zas\u0142uguj\u0105 r\u00f3wnie\u017c <a href=\"https:\/\/www.sotrender.com\/trends\/facebook\/poland\/202006\">najszybciej rosn\u0105ce profile w minionym miesi\u0105cu<\/a>.\u00a0<\/span><\/p>\n<p><span style=\"font-weight: 400;\">Numerem jeden okaza\u0142 si\u0119 profil Sony Polska. Tak wysoka pozycja profilu by\u0142a jednak wynikiem po\u0142\u0105czenia strony Sony Polska ze stron\u0105 Sony Mobile PL, co spowodowa\u0142o gwa\u0142towny wzrost liczby fan\u00f3w.\u00a0<\/span><\/p>\n<p><span style=\"font-weight: 400;\">Drugim najszybciej rosn\u0105cym profilem by\u0142 profil obecnego prezydenta Warszawy, Rafa\u0142a Trzaskowskiego, kt\u00f3rego kampania prezydencka tak naprawd\u0119 w czerwcu dopiero nabiera\u0142a rozp\u0119du. Liczba fan\u00f3w na profilu Trzaskowskiego, w por\u00f3wnaniu do maja, wzros\u0142a niemal dwukrotnie.<\/span><\/p>\n<div id=\"attachment_41171\" style=\"width: 409px\" class=\"wp-caption aligncenter\"><img loading=\"lazy\" decoding=\"async\" aria-describedby=\"caption-attachment-41171\" class=\"size-full wp-image-41171\" src=\"https:\/\/www.sotrender.com\/blog\/wp-content\/uploads\/2020\/07\/Zrzut-ekranu-2020-07-8-o-08.54.41.png\" alt=\"\" width=\"399\" height=\"351\" \/><p id=\"caption-attachment-41171\" class=\"wp-caption-text\">Najszybciej rosn\u0105ce profile na polskim Facebooku w czerwcu<\/p><\/div>\n<p><span style=\"font-weight: 400;\">Na trzecim stopniu podium znalaz\u0142 si\u0119 profil Czytaj Sk\u0142ad, na kt\u00f3rym pod lup\u0119 brane s\u0105 sk\u0142ady popularnych produkt\u00f3w spo\u017cywczych.\u00a0<\/span><\/p>\n<p><span style=\"font-weight: 400;\">Tego typu profile s\u0105 w ostatnich miesi\u0105cach niezwykle popularne, zar\u00f3wno na Facebooku (np. profil Czytamy etykiety) jak i na Instagramie (np. profil @zdrowostki).<\/span><\/p>\n<h2><b>Facebook Trends czerwiec 2020<\/b><\/h2>\n<p><span style=\"font-weight: 400;\">Cho\u0107 nasze subiektywne podsumowanie miesi\u0105ca oscylowa\u0142o g\u0142\u00f3wnie wok\u00f3\u0142 temat\u00f3w politycznych, to oczywi\u015bcie nie wszystko, co dzia\u0142o si\u0119 na Facebooku.\u00a0<\/span><\/p>\n<p><span style=\"font-weight: 400;\">Zach\u0119camy do sprawdzenia Waszych ulubionych kategorii <a href=\"https:\/\/www.sotrender.com\/trends\/facebook\/poland\/202006\">w raporcie Trends<\/a> &#8211; pami\u0119tajcie, \u017ce na bie\u017c\u0105co dodajemy wiele nowych profili, kt\u00f3re czasem potrafi\u0105 wywr\u00f3ci\u0107 do g\u00f3ry nogami poszczeg\u00f3lne zestawienia. \ud83d\ude09<\/span><\/p>\n<p><em><span style=\"font-weight: 400;\">Do us\u0142yszenia za miesi\u0105c!\u00a0<\/span><\/em><\/p>\n<p>&nbsp;<\/p>\n","protected":false},"excerpt":{"rendered":"<p>Trudno podsumowa\u0107 czerwiec bez wspominania o kampanii wyborczej i walce kandydat\u00f3w o prezydentur\u0119.\u00a0<\/p>\n","protected":false},"author":89,"featured_media":41183,"comment_status":"open","ping_status":"open","sticky":false,"template":"","format":"standard","meta":{"inline_featured_image":false,"footnotes":""},"categories":[1791,1797,2125],"tags":[1581,2001,2307],"yoast_head":"<!-- This site is optimized with the Yoast SEO plugin v22.4 - https:\/\/yoast.com\/wordpress\/plugins\/seo\/ -->\n<title>Facebook Trends czerwiec 2020 - na ostatniej prostej<\/title>\n<meta name=\"description\" content=\"Trudno podsumowa\u0107 czerwiec bez wspominania o kampanii wyborczej i walki kandydat\u00f3w o prezydentur\u0119. Zapraszamy na najnowszy raport Facebook Trends!\" \/>\n<meta name=\"robots\" content=\"index, follow, max-snippet:-1, max-image-preview:large, max-video-preview:-1\" \/>\n<link rel=\"canonical\" href=\"https:\/\/www.sotrender.com\/blog\/pl\/2020\/07\/facebook-trends-czerwiec-2020\/\" \/>\n<meta property=\"og:locale\" content=\"pl_PL\" \/>\n<meta property=\"og:type\" content=\"article\" \/>\n<meta property=\"og:title\" content=\"Facebook Trends czerwiec 2020 - na ostatniej prostej\" \/>\n<meta property=\"og:description\" content=\"Trudno podsumowa\u0107 czerwiec bez wspominania o kampanii wyborczej i walki kandydat\u00f3w o prezydentur\u0119. Zapraszamy na najnowszy raport Facebook Trends!\" \/>\n<meta property=\"og:url\" content=\"https:\/\/www.sotrender.com\/blog\/pl\/2020\/07\/facebook-trends-czerwiec-2020\/\" \/>\n<meta property=\"og:site_name\" content=\"Sotrender Blog\" \/>\n<meta property=\"article:publisher\" content=\"https:\/\/www.facebook.com\/Sotrender\" \/>\n<meta property=\"article:published_time\" content=\"2020-07-08T11:13:41+00:00\" \/>\n<meta property=\"og:image\" content=\"https:\/\/www.sotrender.com\/blog\/wp-content\/uploads\/2020\/07\/kyle-glenn-IFLgWYlT2fI.jpg\" \/>\n\t<meta property=\"og:image:width\" content=\"1920\" \/>\n\t<meta property=\"og:image:height\" content=\"1047\" \/>\n\t<meta property=\"og:image:type\" content=\"image\/jpeg\" \/>\n<meta name=\"author\" content=\"Klaudia \u017by\u0142ka\" \/>\n<meta name=\"twitter:card\" content=\"summary_large_image\" \/>\n<meta name=\"twitter:creator\" content=\"@Sotrender\" \/>\n<meta name=\"twitter:site\" content=\"@Sotrender\" \/>\n<meta name=\"twitter:label1\" content=\"Written by\" \/>\n\t<meta name=\"twitter:data1\" content=\"Klaudia \u017by\u0142ka\" \/>\n\t<meta name=\"twitter:label2\" content=\"Est. reading time\" \/>\n\t<meta name=\"twitter:data2\" content=\"3 minutes\" \/>\n<script type=\"application\/ld+json\" class=\"yoast-schema-graph\">{\"@context\":\"https:\/\/schema.org\",\"@graph\":[{\"@type\":\"WebPage\",\"@id\":\"https:\/\/www.sotrender.com\/blog\/pl\/2020\/07\/facebook-trends-czerwiec-2020\/\",\"url\":\"https:\/\/www.sotrender.com\/blog\/pl\/2020\/07\/facebook-trends-czerwiec-2020\/\",\"name\":\"Facebook Trends czerwiec 2020 - na ostatniej prostej\",\"isPartOf\":{\"@id\":\"https:\/\/www.sotrender.com\/blog\/#website\"},\"primaryImageOfPage\":{\"@id\":\"https:\/\/www.sotrender.com\/blog\/pl\/2020\/07\/facebook-trends-czerwiec-2020\/#primaryimage\"},\"image\":{\"@id\":\"https:\/\/www.sotrender.com\/blog\/pl\/2020\/07\/facebook-trends-czerwiec-2020\/#primaryimage\"},\"thumbnailUrl\":\"https:\/\/www.sotrender.com\/blog\/wp-content\/uploads\/2020\/07\/kyle-glenn-IFLgWYlT2fI.jpg\",\"datePublished\":\"2020-07-08T11:13:41+00:00\",\"dateModified\":\"2020-07-08T11:13:41+00:00\",\"author\":{\"@id\":\"https:\/\/www.sotrender.com\/blog\/#\/schema\/person\/038ac5e276c5d102d8cbb9c36cd43416\"},\"description\":\"Trudno podsumowa\u0107 czerwiec bez wspominania o kampanii wyborczej i walki kandydat\u00f3w o prezydentur\u0119. Zapraszamy na najnowszy raport Facebook Trends!\",\"breadcrumb\":{\"@id\":\"https:\/\/www.sotrender.com\/blog\/pl\/2020\/07\/facebook-trends-czerwiec-2020\/#breadcrumb\"},\"inLanguage\":\"pl-PL\",\"potentialAction\":[{\"@type\":\"ReadAction\",\"target\":[\"https:\/\/www.sotrender.com\/blog\/pl\/2020\/07\/facebook-trends-czerwiec-2020\/\"]}]},{\"@type\":\"ImageObject\",\"inLanguage\":\"pl-PL\",\"@id\":\"https:\/\/www.sotrender.com\/blog\/pl\/2020\/07\/facebook-trends-czerwiec-2020\/#primaryimage\",\"url\":\"https:\/\/www.sotrender.com\/blog\/wp-content\/uploads\/2020\/07\/kyle-glenn-IFLgWYlT2fI.jpg\",\"contentUrl\":\"https:\/\/www.sotrender.com\/blog\/wp-content\/uploads\/2020\/07\/kyle-glenn-IFLgWYlT2fI.jpg\",\"width\":1920,\"height\":1047},{\"@type\":\"BreadcrumbList\",\"@id\":\"https:\/\/www.sotrender.com\/blog\/pl\/2020\/07\/facebook-trends-czerwiec-2020\/#breadcrumb\",\"itemListElement\":[{\"@type\":\"ListItem\",\"position\":1,\"name\":\"Home\",\"item\":\"https:\/\/www.sotrender.com\/blog\/\"},{\"@type\":\"ListItem\",\"position\":2,\"name\":\"Facebook Trends czerwiec 2020 &#8211; na ostatniej prostej\"}]},{\"@type\":\"WebSite\",\"@id\":\"https:\/\/www.sotrender.com\/blog\/#website\",\"url\":\"https:\/\/www.sotrender.com\/blog\/\",\"name\":\"Sotrender Blog\",\"description\":\"\",\"potentialAction\":[{\"@type\":\"SearchAction\",\"target\":{\"@type\":\"EntryPoint\",\"urlTemplate\":\"https:\/\/www.sotrender.com\/blog\/?s={search_term_string}\"},\"query-input\":\"required name=search_term_string\"}],\"inLanguage\":\"pl-PL\"},{\"@type\":\"Person\",\"@id\":\"https:\/\/www.sotrender.com\/blog\/#\/schema\/person\/038ac5e276c5d102d8cbb9c36cd43416\",\"name\":\"Klaudia \u017by\u0142ka\",\"image\":{\"@type\":\"ImageObject\",\"inLanguage\":\"pl-PL\",\"@id\":\"https:\/\/www.sotrender.com\/blog\/#\/schema\/person\/image\/\",\"url\":\"https:\/\/secure.gravatar.com\/avatar\/f55d5d49ce3c448e1ffde0ab078d84cd?s=96&d=mm&r=g\",\"contentUrl\":\"https:\/\/secure.gravatar.com\/avatar\/f55d5d49ce3c448e1ffde0ab078d84cd?s=96&d=mm&r=g\",\"caption\":\"Klaudia \u017by\u0142ka\"},\"description\":\"Instagram, dogs, books and food lover. Former student at Warsaw University and Malm\u00f6 University. Improving her marketing skills every day. Proud owner of DIMAQ certificate\",\"sameAs\":[\"https:\/\/www.linkedin.com\/in\/klaudia-\u017cy\u0142ka-17527779\"],\"url\":\"https:\/\/www.sotrender.com\/blog\/pl\/author\/klaudia_yka\/\"}]}<\/script>\n<!-- \/ Yoast SEO plugin. -->","yoast_head_json":{"title":"Facebook Trends czerwiec 2020 - na ostatniej prostej","description":"Trudno podsumowa\u0107 czerwiec bez wspominania o kampanii wyborczej i walki kandydat\u00f3w o prezydentur\u0119. Zapraszamy na najnowszy raport Facebook Trends!","robots":{"index":"index","follow":"follow","max-snippet":"max-snippet:-1","max-image-preview":"max-image-preview:large","max-video-preview":"max-video-preview:-1"},"canonical":"https:\/\/www.sotrender.com\/blog\/pl\/2020\/07\/facebook-trends-czerwiec-2020\/","og_locale":"pl_PL","og_type":"article","og_title":"Facebook Trends czerwiec 2020 - na ostatniej prostej","og_description":"Trudno podsumowa\u0107 czerwiec bez wspominania o kampanii wyborczej i walki kandydat\u00f3w o prezydentur\u0119. Zapraszamy na najnowszy raport Facebook Trends!","og_url":"https:\/\/www.sotrender.com\/blog\/pl\/2020\/07\/facebook-trends-czerwiec-2020\/","og_site_name":"Sotrender Blog","article_publisher":"https:\/\/www.facebook.com\/Sotrender","article_published_time":"2020-07-08T11:13:41+00:00","og_image":[{"width":1920,"height":1047,"url":"https:\/\/www.sotrender.com\/blog\/wp-content\/uploads\/2020\/07\/kyle-glenn-IFLgWYlT2fI.jpg","type":"image\/jpeg"}],"author":"Klaudia \u017by\u0142ka","twitter_card":"summary_large_image","twitter_creator":"@Sotrender","twitter_site":"@Sotrender","twitter_misc":{"Written by":"Klaudia \u017by\u0142ka","Est. reading time":"3 minutes"},"schema":{"@context":"https:\/\/schema.org","@graph":[{"@type":"WebPage","@id":"https:\/\/www.sotrender.com\/blog\/pl\/2020\/07\/facebook-trends-czerwiec-2020\/","url":"https:\/\/www.sotrender.com\/blog\/pl\/2020\/07\/facebook-trends-czerwiec-2020\/","name":"Facebook Trends czerwiec 2020 - na ostatniej prostej","isPartOf":{"@id":"https:\/\/www.sotrender.com\/blog\/#website"},"primaryImageOfPage":{"@id":"https:\/\/www.sotrender.com\/blog\/pl\/2020\/07\/facebook-trends-czerwiec-2020\/#primaryimage"},"image":{"@id":"https:\/\/www.sotrender.com\/blog\/pl\/2020\/07\/facebook-trends-czerwiec-2020\/#primaryimage"},"thumbnailUrl":"https:\/\/www.sotrender.com\/blog\/wp-content\/uploads\/2020\/07\/kyle-glenn-IFLgWYlT2fI.jpg","datePublished":"2020-07-08T11:13:41+00:00","dateModified":"2020-07-08T11:13:41+00:00","author":{"@id":"https:\/\/www.sotrender.com\/blog\/#\/schema\/person\/038ac5e276c5d102d8cbb9c36cd43416"},"description":"Trudno podsumowa\u0107 czerwiec bez wspominania o kampanii wyborczej i walki kandydat\u00f3w o prezydentur\u0119. Zapraszamy na najnowszy raport Facebook Trends!","breadcrumb":{"@id":"https:\/\/www.sotrender.com\/blog\/pl\/2020\/07\/facebook-trends-czerwiec-2020\/#breadcrumb"},"inLanguage":"pl-PL","potentialAction":[{"@type":"ReadAction","target":["https:\/\/www.sotrender.com\/blog\/pl\/2020\/07\/facebook-trends-czerwiec-2020\/"]}]},{"@type":"ImageObject","inLanguage":"pl-PL","@id":"https:\/\/www.sotrender.com\/blog\/pl\/2020\/07\/facebook-trends-czerwiec-2020\/#primaryimage","url":"https:\/\/www.sotrender.com\/blog\/wp-content\/uploads\/2020\/07\/kyle-glenn-IFLgWYlT2fI.jpg","contentUrl":"https:\/\/www.sotrender.com\/blog\/wp-content\/uploads\/2020\/07\/kyle-glenn-IFLgWYlT2fI.jpg","width":1920,"height":1047},{"@type":"BreadcrumbList","@id":"https:\/\/www.sotrender.com\/blog\/pl\/2020\/07\/facebook-trends-czerwiec-2020\/#breadcrumb","itemListElement":[{"@type":"ListItem","position":1,"name":"Home","item":"https:\/\/www.sotrender.com\/blog\/"},{"@type":"ListItem","position":2,"name":"Facebook Trends czerwiec 2020 &#8211; na ostatniej prostej"}]},{"@type":"WebSite","@id":"https:\/\/www.sotrender.com\/blog\/#website","url":"https:\/\/www.sotrender.com\/blog\/","name":"Sotrender Blog","description":"","potentialAction":[{"@type":"SearchAction","target":{"@type":"EntryPoint","urlTemplate":"https:\/\/www.sotrender.com\/blog\/?s={search_term_string}"},"query-input":"required name=search_term_string"}],"inLanguage":"pl-PL"},{"@type":"Person","@id":"https:\/\/www.sotrender.com\/blog\/#\/schema\/person\/038ac5e276c5d102d8cbb9c36cd43416","name":"Klaudia \u017by\u0142ka","image":{"@type":"ImageObject","inLanguage":"pl-PL","@id":"https:\/\/www.sotrender.com\/blog\/#\/schema\/person\/image\/","url":"https:\/\/secure.gravatar.com\/avatar\/f55d5d49ce3c448e1ffde0ab078d84cd?s=96&d=mm&r=g","contentUrl":"https:\/\/secure.gravatar.com\/avatar\/f55d5d49ce3c448e1ffde0ab078d84cd?s=96&d=mm&r=g","caption":"Klaudia \u017by\u0142ka"},"description":"Instagram, dogs, books and food lover. Former student at Warsaw University and Malm\u00f6 University. Improving her marketing skills every day. Proud owner of DIMAQ certificate","sameAs":["https:\/\/www.linkedin.com\/in\/klaudia-\u017cy\u0142ka-17527779"],"url":"https:\/\/www.sotrender.com\/blog\/pl\/author\/klaudia_yka\/"}]}},"_links":{"self":[{"href":"https:\/\/www.sotrender.com\/blog\/pl\/wp-json\/wp\/v2\/posts\/41173"}],"collection":[{"href":"https:\/\/www.sotrender.com\/blog\/pl\/wp-json\/wp\/v2\/posts"}],"about":[{"href":"https:\/\/www.sotrender.com\/blog\/pl\/wp-json\/wp\/v2\/types\/post"}],"author":[{"embeddable":true,"href":"https:\/\/www.sotrender.com\/blog\/pl\/wp-json\/wp\/v2\/users\/89"}],"replies":[{"embeddable":true,"href":"https:\/\/www.sotrender.com\/blog\/pl\/wp-json\/wp\/v2\/comments?post=41173"}],"version-history":[{"count":6,"href":"https:\/\/www.sotrender.com\/blog\/pl\/wp-json\/wp\/v2\/posts\/41173\/revisions"}],"predecessor-version":[{"id":41193,"href":"https:\/\/www.sotrender.com\/blog\/pl\/wp-json\/wp\/v2\/posts\/41173\/revisions\/41193"}],"wp:featuredmedia":[{"embeddable":true,"href":"https:\/\/www.sotrender.com\/blog\/pl\/wp-json\/wp\/v2\/media\/41183"}],"wp:attachment":[{"href":"https:\/\/www.sotrender.com\/blog\/pl\/wp-json\/wp\/v2\/media?parent=41173"}],"wp:term":[{"taxonomy":"category","embeddable":true,"href":"https:\/\/www.sotrender.com\/blog\/pl\/wp-json\/wp\/v2\/categories?post=41173"},{"taxonomy":"post_tag","embeddable":true,"href":"https:\/\/www.sotrender.com\/blog\/pl\/wp-json\/wp\/v2\/tags?post=41173"}],"curies":[{"name":"wp","href":"https:\/\/api.w.org\/{rel}","templated":true}]}}