{"id":41043,"date":"2020-06-24T13:39:35","date_gmt":"2020-06-24T11:39:35","guid":{"rendered":"https:\/\/www.sotrender.com\/blog\/?p=41043\/"},"modified":"2020-06-24T13:57:52","modified_gmt":"2020-06-24T11:57:52","slug":"kampania-prezydencka-na-facebooku-analiza-2020","status":"publish","type":"post","link":"https:\/\/www.sotrender.com\/blog\/pl\/2020\/06\/kampania-prezydencka-na-facebooku-analiza-2020\/","title":{"rendered":"Trzy ostatnie tygodnie kampanii prezydenckiej na Facebooku [analiza]"},"content":{"rendered":"<p><span style=\"font-weight: 400;\">Jeste\u015bmy na finiszu kampanii prezydenckiej. Trzy ostatnie tygodnie mog\u0105 okaza\u0107 si\u0119 kluczowe dla ostatecznego sukcesu kandydat\u00f3w na prezydenta.\u00a0<\/span><\/p>\n<p><span style=\"font-weight: 400;\">Przeanalizowali\u015bmy najwa\u017cniejsze statystyki dotycz\u0105ce obecno\u015bci kandydat\u00f3w na Facebooku w ci\u0105gu minionych 3 tygodni.\u00a0<\/span><\/p>\n<p><!--more--><\/p>\n<ol>\n<li><a href=\"#fani\">Popularno\u015b\u0107 kandydat\u00f3w na Facebooku<\/a><\/li>\n<li><a href=\"#zaangazowanie\">Zaanga\u017cowanie fan\u00f3w<\/a><\/li>\n<li><a href=\"#posty\">Najbardziej anga\u017cujace posty kandydat\u00f3w<\/a><\/li>\n<li><a href=\"#wydatki\">Wydatki reklamowe<\/a><\/li>\n<li><a href=\"#partie\">Najbardziej anga\u017cuj\u0105ce partie polityczne<\/a><\/li>\n<li><a href=\"#sentyment\">Sentyment wypowiedzi na profilach kandydat\u00f3w<\/a><\/li>\n<\/ol>\n<p><i><span style=\"font-weight: 400;\">Okres analizy: 1.06.2020 &#8211; 21.06.2020\u00a0<\/span><\/i><\/p>\n<h2><a name=\"fani\"><\/a>Popularno\u015b\u0107 kandydat\u00f3w na Facebooku<\/h2>\n<p><span style=\"font-weight: 400;\">W\u015br\u00f3d wszystkich kandydat\u00f3w <strong>najwi\u0119cej fan\u00f3w na Facebooku zgromadzi\u0142 dotychczas urz\u0119duj\u0105cy prezydent, Andrzej Duda<\/strong>.\u00a0<\/span><\/p>\n<div id=\"attachment_41045\" style=\"width: 811px\" class=\"wp-caption aligncenter\"><img loading=\"lazy\" decoding=\"async\" aria-describedby=\"caption-attachment-41045\" class=\" wp-image-41045\" src=\"https:\/\/www.sotrender.com\/blog\/wp-content\/uploads\/2020\/06\/politycy_fani.png\" alt=\"kandydaci na prezydenta \" width=\"801\" height=\"728\" srcset=\"https:\/\/www.sotrender.com\/blog\/wp-content\/uploads\/2020\/06\/politycy_fani.png 1100w, https:\/\/www.sotrender.com\/blog\/wp-content\/uploads\/2020\/06\/politycy_fani-475x432.png 475w, https:\/\/www.sotrender.com\/blog\/wp-content\/uploads\/2020\/06\/politycy_fani-768x698.png 768w, https:\/\/www.sotrender.com\/blog\/wp-content\/uploads\/2020\/06\/politycy_fani-950x864.png 950w\" sizes=\"(max-width: 801px) 100vw, 801px\" \/><p id=\"caption-attachment-41045\" class=\"wp-caption-text\">Kandydaci na prezydenta o najwi\u0119kszej liczbie fan\u00f3w na Facebooku, 1-21.06.2020<\/p><\/div>\n<p><span style=\"font-weight: 400;\">Na miejscu drugim znalaz\u0142 si\u0119 Robert Biedro\u0144, maj\u0105c ponad 120 tys. fan\u00f3w mniej. Rafa\u0142 Trzaskowski znajduje si\u0119 dopiero na czwartym miejscu zestawienia i ma niespe\u0142na dwa razy mniej fan\u00f3w ni\u017c Andrzej Duda. <\/span><b>Dynamika przyrostu liczby fan\u00f3w na profilu Trzaskowskiego jest jednak najwi\u0119ksza<\/b><span style=\"font-weight: 400;\"> &#8211; w ci\u0105gu badanego okresu (1-21.06.2020)\u00a0<\/span><b>grono fan\u00f3w prezydenta stolicy powi\u0119kszy\u0142o si\u0119 o niespe\u0142na 30%<\/b><span style=\"font-weight: 400;\">.\u00a0<\/span><\/p>\n<h2><a name=\"zaangazowanie\"><\/a>Zaanga\u017cowanie fan\u00f3w<\/h2>\n<p><span style=\"font-weight: 400;\">Cho\u0107 Andrzej Duda posiada dwukrotnie wi\u0119ksz\u0105 rzesz\u0119 fan\u00f3w ni\u017c Rafa\u0142 Trzaskowski, <\/span><b>obecny prezydent Warszawy mo\u017ce pochwali\u0107 si\u0119 dwukrotnie wi\u0119kszym zaanga\u017cowaniem<\/b><span style=\"font-weight: 400;\">, kt\u00f3re, co wi\u0119cej, dynamicznie ro\u015bnie.\u00a0<\/span><\/p>\n<div id=\"attachment_41047\" style=\"width: 811px\" class=\"wp-caption aligncenter\"><img loading=\"lazy\" decoding=\"async\" aria-describedby=\"caption-attachment-41047\" class=\" wp-image-41047\" src=\"https:\/\/www.sotrender.com\/blog\/wp-content\/uploads\/2020\/06\/politycy_zaangaz\u0307owanie.png\" alt=\"kampania prezydencka zaanga\u017cowanie\" width=\"801\" height=\"728\" srcset=\"https:\/\/www.sotrender.com\/blog\/wp-content\/uploads\/2020\/06\/politycy_zaangaz\u0307owanie.png 1100w, https:\/\/www.sotrender.com\/blog\/wp-content\/uploads\/2020\/06\/politycy_zaangaz\u0307owanie-475x432.png 475w, https:\/\/www.sotrender.com\/blog\/wp-content\/uploads\/2020\/06\/politycy_zaangaz\u0307owanie-768x698.png 768w, https:\/\/www.sotrender.com\/blog\/wp-content\/uploads\/2020\/06\/politycy_zaangaz\u0307owanie-950x864.png 950w\" sizes=\"(max-width: 801px) 100vw, 801px\" \/><p id=\"caption-attachment-41047\" class=\"wp-caption-text\">Kandydaci na prezydenta o najwi\u0119kszym zaanga\u017cowaniu na Facebooku, czerwiec 2019, dane <a href=\"http:\/\/www.sotrender.com\/pl\">Sotrender<\/a><\/p><\/div>\n<p><span style=\"font-weight: 400;\">Warto zauwa\u017cy\u0107 r\u00f3wnie\u017c, \u017ce <\/span><b>na profilu Szymona Ho\u0142owni w ostatnich tygodniach zaanga\u017cowanie spad\u0142o a\u017c o 30%<\/b><span style=\"font-weight: 400;\">, a przypomnijmy, \u017ce jeszcze <\/span><a href=\"https:\/\/www.sotrender.com\/trends\/facebook\/poland\/202005\/osoby\/politycy#storytellers\"><span style=\"font-weight: 400;\">w maju by\u0142 on najbardziej anga\u017cuj\u0105cym politykiem<\/span><\/a><span style=\"font-weight: 400;\">.\u00a0<\/span><\/p>\n<p><span style=\"font-weight: 400;\">Spadek w zaanga\u017cowaniu odnotowali\u015bmy r\u00f3wnie\u017c na profilu Krzysztofa Bosaka (cho\u0107 z kolei partia, kt\u00f3r\u0105 reprezentuje jest najbardziej anga\u017cuj\u0105ca w\u015br\u00f3d wszystkich partii).\u00a0\u00a0<\/span><\/p>\n<h2><a name=\"posty\"><\/a>Najbardziej anga\u017cuj\u0105ce posty kandydat\u00f3w<\/h2>\n<p><span style=\"font-weight: 400;\">R\u00f3wnie\u017c post o najwi\u0119kszym zaanga\u017cowaniu nale\u017ca\u0142 do Rafa\u0142a Trzaskowskiego. Zebra\u0142 on ponad 20 tys. reakcji i 7,5 tys. udost\u0119pnie\u0144 wi\u0119cej ni\u017c post Andrzeja Dudy z hashtagiem #Rafa\u0142NieK\u0142am!. Warto zauwa\u017cy\u0107, \u017ce obydwa posty zosta\u0142y opublikowane tego samego dnia &#8211; 20 czerwca.\u00a0<\/span><\/p>\n<div id=\"attachment_41049\" style=\"width: 1051px\" class=\"wp-caption aligncenter\"><img loading=\"lazy\" decoding=\"async\" aria-describedby=\"caption-attachment-41049\" class=\"size-full wp-image-41049\" src=\"https:\/\/www.sotrender.com\/blog\/wp-content\/uploads\/2020\/06\/Zrzut-ekranu-2020-06-23-o-12.11.32.png\" alt=\"\" width=\"1041\" height=\"454\" srcset=\"https:\/\/www.sotrender.com\/blog\/wp-content\/uploads\/2020\/06\/Zrzut-ekranu-2020-06-23-o-12.11.32.png 1041w, https:\/\/www.sotrender.com\/blog\/wp-content\/uploads\/2020\/06\/Zrzut-ekranu-2020-06-23-o-12.11.32-475x207.png 475w, https:\/\/www.sotrender.com\/blog\/wp-content\/uploads\/2020\/06\/Zrzut-ekranu-2020-06-23-o-12.11.32-768x335.png 768w, https:\/\/www.sotrender.com\/blog\/wp-content\/uploads\/2020\/06\/Zrzut-ekranu-2020-06-23-o-12.11.32-950x414.png 950w\" sizes=\"(max-width: 1041px) 100vw, 1041px\" \/><p id=\"caption-attachment-41049\" class=\"wp-caption-text\">Najbardziej anga\u017cuj\u0105ce posty kandydat\u00f3w na prezydenta w czerwcu 2020 roku na Facebooku<\/p><\/div>\n<p><span style=\"font-weight: 400;\">Na 6 najlepszych post\u00f3w, 4 nale\u017ca\u0142y do Rafa\u0142a Trzaskowskiego, a jedynie 2 do Andrzeja Dudy. Dopiero na miejscu 7. i 8. znalaz\u0142 si\u0119 post Szymona Ho\u0142owni i Roberta Biedronia.\u00a0<\/span><\/p>\n<p><span style=\"font-weight: 400;\">W tym miejscu ponownie warto wspomnie\u0107 o Szymonie Ho\u0142owni &#8211; w marcu jego post &#8211; relacja Live w ramach prowadzonej kampanii &#8211; <\/span><a href=\"https:\/\/www.sotrender.com\/trends\/facebook\/poland\/202003\/pl_wszystkie#best_posts\"><span style=\"font-weight: 400;\">by\u0142 najlepszym postem na ca\u0142ym Facebooku<\/span><\/a><span style=\"font-weight: 400;\">.\u00a0<\/span><\/p>\n<h2><a name=\"wydatki\"><\/a>Wydatki poniesione na reklam\u0119 na Facebooku<\/h2>\n<p><span style=\"font-weight: 400;\">Warto powr\u00f3ci\u0107 raz jeszcze do najbardziej anga\u017cuj\u0105cych post\u00f3w, tym razem skupiaj\u0105c si\u0119 na \u015brodkach wydanych na ich promocj\u0119.\u00a0<\/span><\/p>\n<p><span style=\"font-weight: 400;\">Obydwa najlepsze posty (Trzaskowskiego i Dudy) by\u0142y postami sponsorowanymi na nast\u0119puj\u0105ce kwoty:\u00a0<\/span><\/p>\n<ul>\n<li style=\"font-weight: 400;\"><a href=\"https:\/\/www.facebook.com\/ads\/library\/?active_status=all&amp;ad_type=all&amp;country=PL&amp;impression_search_field=has_impressions_lifetime&amp;id=266256638142168&amp;view_all_page_id=65335771090\"><span style=\"font-weight: 400;\">Post Rafa\u0142a Trzaskowskiego<\/span><\/a><span style=\"font-weight: 400;\"> (8 &#8211; 9 tys. z\u0142),<\/span><\/li>\n<li style=\"font-weight: 400;\"><a href=\"https:\/\/www.facebook.com\/ads\/library\/?active_status=all&amp;ad_type=all&amp;country=PL&amp;impression_search_field=has_impressions_lifetime&amp;id=548506162484214&amp;view_all_page_id=160906857259563\"><span style=\"font-weight: 400;\">Post Andrzeja Dudy<\/span><\/a><span style=\"font-weight: 400;\"> (5 &#8211; 6 tys. z\u0142).<\/span><\/li>\n<\/ul>\n<p><i><span style=\"font-weight: 400;\">Dane pochodz\u0105 z <\/span><\/i><a href=\"https:\/\/www.sotrender.com\/blog\/pl\/2019\/04\/co-oznacza-wprowadzenie-biblioteki-reklam-na-facebooku\/\"><i><span style=\"font-weight: 400;\">Biblioteki reklam Facebooka<\/span><\/i><\/a><i><span style=\"font-weight: 400;\">.\u00a0<\/span><\/i><\/p>\n<p><span style=\"font-weight: 400;\">Du\u017co wi\u0119ksze r\u00f3\u017cnice wida\u0107 jednak w wydatkach poniesionych przez komitety wyborcze kandydat\u00f3w w ci\u0105gu ostatnich 7 dni (16-22 czerwca 2020):<\/span><\/p>\n<ul>\n<li style=\"font-weight: 400;\"><span style=\"font-weight: 400;\">KW Rafa\u0142a Trzaskowskiego &#8211; 21 404 z\u0142,<\/span><\/li>\n<li style=\"font-weight: 400;\"><span style=\"font-weight: 400;\">KW Andrzeja Dudy &#8211; 96 020 z\u0142.<\/span><\/li>\n<\/ul>\n<p><b>W ci\u0105gu ostatnich 30 dni najwi\u0119cej na kampani\u0119 na Facebooku wydano w przypadku Rafa\u0142a Trzaskowskiego<\/b><span style=\"font-weight: 400;\">, dla kt\u00f3rego by\u0142 to de facto dopiero pocz\u0105tek walki o prezydentur\u0119. Kwot\u0119 100 tys. z\u0142 przekroczono r\u00f3wnie\u017c w przypadku reklam na oficjalnych profilach u Szymona Ho\u0142owni i Andrzeja Dudy.\u00a0<\/span><\/p>\n<div id=\"attachment_41051\" style=\"width: 810px\" class=\"wp-caption aligncenter\"><img loading=\"lazy\" decoding=\"async\" aria-describedby=\"caption-attachment-41051\" class=\"size-full wp-image-41051\" src=\"https:\/\/www.sotrender.com\/blog\/wp-content\/uploads\/2020\/06\/wydatki-1.png\" alt=\"kampania prezydencka wydatki na reklam\u0119 \" width=\"800\" height=\"750\" srcset=\"https:\/\/www.sotrender.com\/blog\/wp-content\/uploads\/2020\/06\/wydatki-1.png 800w, https:\/\/www.sotrender.com\/blog\/wp-content\/uploads\/2020\/06\/wydatki-1-475x445.png 475w, https:\/\/www.sotrender.com\/blog\/wp-content\/uploads\/2020\/06\/wydatki-1-768x720.png 768w\" sizes=\"(max-width: 800px) 100vw, 800px\" \/><p id=\"caption-attachment-41051\" class=\"wp-caption-text\">Wydatki na kampani\u0119 prezydenck\u0105 na Facebooku w dniach 23.05-21.06.2020<\/p><\/div>\n<p><span style=\"font-weight: 400;\">Na promocj\u0119 tre\u015bci na profilu Szymona Ho\u0142owni, u kt\u00f3rego odnotowali\u015bmy do\u015b\u0107 znaczny spadek zaanga\u017cowania, w ci\u0105gu ostatnich 7 dni wydano na reklamy a\u017c 83 552 z\u0142, za\u015b od marca 278 423 z\u0142. Jest to mniejsza \u0142\u0105czna kwota ni\u017c w przypadku Andrzeja Dudy &#8211; 204 046 z\u0142.\u00a0<\/span><\/p>\n<p><span style=\"font-weight: 400;\">Z kolei najwi\u0119cej p\u0142atnych reklam w ci\u0105gu ostatnich 30 dni opublikowano na oficjalnych profilach Andrzeja Dudy, Rafa\u0142a Trzaskowskiego i Szymona Ho\u0142owni, czyli ponownie kandydat\u00f3w, kt\u00f3rzy maj\u0105 najwi\u0119ksze szanse na wygranie wybor\u00f3w.\u00a0<\/span><\/p>\n<div id=\"attachment_41053\" style=\"width: 810px\" class=\"wp-caption aligncenter\"><img loading=\"lazy\" decoding=\"async\" aria-describedby=\"caption-attachment-41053\" class=\"size-full wp-image-41053\" src=\"https:\/\/www.sotrender.com\/blog\/wp-content\/uploads\/2020\/06\/liczbaReklam-1.png\" alt=\"reklamy kampania prezydencka\" width=\"800\" height=\"750\" srcset=\"https:\/\/www.sotrender.com\/blog\/wp-content\/uploads\/2020\/06\/liczbaReklam-1.png 800w, https:\/\/www.sotrender.com\/blog\/wp-content\/uploads\/2020\/06\/liczbaReklam-1-475x445.png 475w, https:\/\/www.sotrender.com\/blog\/wp-content\/uploads\/2020\/06\/liczbaReklam-1-768x720.png 768w\" sizes=\"(max-width: 800px) 100vw, 800px\" \/><p id=\"caption-attachment-41053\" class=\"wp-caption-text\">Liczba p\u0142atnych reklam w podziale na kandydat\u00f3w na prezydenta<\/p><\/div>\n<p><span style=\"font-weight: 400;\">Przeci\u0119tnie <\/span><b>na jedn\u0105 reklam\u0119 najwi\u0119cej w ci\u0105gu ostatnich 30 dni wydano na promocj\u0119 tre\u015bci na profilu Szymona Ho\u0142owni &#8211; 1 190 z\u0142<\/b><span style=\"font-weight: 400;\">. Z kolei, a\u017c 897 z\u0142 kosztowa\u0142a \u015brednio jedna reklama na profilu Paw\u0142a Tanajno. Stosunkowo niski by\u0142 koszt jednej reklamy w przypadku kampanii prezydenta Dudy &#8211; jedynie 207 z\u0142.\u00a0<\/span><\/p>\n<div id=\"attachment_41055\" style=\"width: 810px\" class=\"wp-caption aligncenter\"><img loading=\"lazy\" decoding=\"async\" aria-describedby=\"caption-attachment-41055\" class=\"size-full wp-image-41055\" src=\"https:\/\/www.sotrender.com\/blog\/wp-content\/uploads\/2020\/06\/przecietnyKoszt-1.png\" alt=\"reklama kampania prezydencka\" width=\"800\" height=\"750\" srcset=\"https:\/\/www.sotrender.com\/blog\/wp-content\/uploads\/2020\/06\/przecietnyKoszt-1.png 800w, https:\/\/www.sotrender.com\/blog\/wp-content\/uploads\/2020\/06\/przecietnyKoszt-1-475x445.png 475w, https:\/\/www.sotrender.com\/blog\/wp-content\/uploads\/2020\/06\/przecietnyKoszt-1-768x720.png 768w\" sizes=\"(max-width: 800px) 100vw, 800px\" \/><p id=\"caption-attachment-41055\" class=\"wp-caption-text\">Przeci\u0119tny koszt jednej reklamy w kampanii prezydenckiej<\/p><\/div>\n<h2><a name=\"partie\"><\/a>Najbardziej anga\u017cuj\u0105ce partie polityczne<\/h2>\n<p><span style=\"font-weight: 400;\">Warto r\u00f3wnie\u017c przyjrze\u0107 si\u0119 aktywno\u015bciom na profilach partii politycznych.\u00a0<\/span><\/p>\n<p><span style=\"font-weight: 400;\">W tym przypadku, zestawienia zar\u00f3wno pod wzgl\u0119dem liczby fan\u00f3w, jak i zaanga\u017cowania, wygl\u0105daj\u0105 zgo\u0142a inaczej ni\u017c w przypadku samych kandydat\u00f3w.\u00a0<\/span><\/p>\n<p><span style=\"font-weight: 400;\"><strong>Numerem jeden jest profil Konfederacji<\/strong>, na drugim i trzecim miejscu znajduje si\u0119 zamiennie Platforma Obywatelska oraz Prawo i Sprawiedliwo\u015b\u0107.\u00a0<\/span><\/p>\n<p><span style=\"font-weight: 400;\">Warto jednak zauwa\u017cy\u0107, \u017ce r\u00f3\u017cnica zar\u00f3wno w liczbie aktywnych u\u017cytkownik\u00f3w jak i zaanga\u017cowania mi\u0119dzy profilem Konfederacji a profilami pozosta\u0142ych partii politycznych jest gigantyczna.\u00a0<\/span><\/p>\n<div id=\"attachment_41057\" style=\"width: 810px\" class=\"wp-caption aligncenter\"><img loading=\"lazy\" decoding=\"async\" aria-describedby=\"caption-attachment-41057\" class=\" wp-image-41057\" src=\"https:\/\/www.sotrender.com\/blog\/wp-content\/uploads\/2020\/06\/partie_Aktywni.png\" alt=\"partie polityczne konfederacja\" width=\"800\" height=\"696\" srcset=\"https:\/\/www.sotrender.com\/blog\/wp-content\/uploads\/2020\/06\/partie_Aktywni.png 1150w, https:\/\/www.sotrender.com\/blog\/wp-content\/uploads\/2020\/06\/partie_Aktywni-475x413.png 475w, https:\/\/www.sotrender.com\/blog\/wp-content\/uploads\/2020\/06\/partie_Aktywni-768x668.png 768w, https:\/\/www.sotrender.com\/blog\/wp-content\/uploads\/2020\/06\/partie_Aktywni-950x826.png 950w\" sizes=\"(max-width: 800px) 100vw, 800px\" \/><p id=\"caption-attachment-41057\" class=\"wp-caption-text\">Partie polityczne o najwi\u0119kszej liczbie aktywnych u\u017cytkownik\u00f3w<\/p><\/div>\n<p>&nbsp;<\/p>\n<div id=\"attachment_41059\" style=\"width: 810px\" class=\"wp-caption aligncenter\"><img loading=\"lazy\" decoding=\"async\" aria-describedby=\"caption-attachment-41059\" class=\" wp-image-41059\" src=\"https:\/\/www.sotrender.com\/blog\/wp-content\/uploads\/2020\/06\/partie_Zaangaz\u0307owanie.png\" alt=\"partie polityczne zaanga\u017cowanie\" width=\"800\" height=\"696\" srcset=\"https:\/\/www.sotrender.com\/blog\/wp-content\/uploads\/2020\/06\/partie_Zaangaz\u0307owanie.png 1150w, https:\/\/www.sotrender.com\/blog\/wp-content\/uploads\/2020\/06\/partie_Zaangaz\u0307owanie-475x413.png 475w, https:\/\/www.sotrender.com\/blog\/wp-content\/uploads\/2020\/06\/partie_Zaangaz\u0307owanie-768x668.png 768w, https:\/\/www.sotrender.com\/blog\/wp-content\/uploads\/2020\/06\/partie_Zaangaz\u0307owanie-950x826.png 950w\" sizes=\"(max-width: 800px) 100vw, 800px\" \/><p id=\"caption-attachment-41059\" class=\"wp-caption-text\">Partie polityczne o najwi\u0119kszym zaanga\u017cowaniu<\/p><\/div>\n<h2><a name=\"sentyment\"><\/a>Sentyment wypowiedzi na profilach kandydat\u00f3w<\/h2>\n<p><span style=\"font-weight: 400;\">Popularno\u015b\u0107 post\u00f3w publikowanych na profilach kandydat\u00f3w to jedno. Jednak czy wysokie zaanga\u017cowanie i du\u017ca liczba komentarzy \u015bwiadcz\u0105 faktycznie o poparciu dla danego kandydata? Czy publikowane tre\u015bci budz\u0105 pozytywne emocje, a reakcje s\u0105 faktycznie s\u0142owami poparcia? By si\u0119 o tym dowiedzie\u0107, przydatne b\u0119d\u0105 wyniki analizy<\/span><span style=\"font-weight: 400;\">\u00a0sentymentu komentarzy na profilach kandydat\u00f3w.\u00a0<\/span><\/p>\n<p><span style=\"font-weight: 400;\">W dniach 19-21 czerwca, zdecydowanie <\/span><b>najwi\u0119cej komentarzy o sentymencie negatywnym u\u017cytkownicy Facebooka opublikowali na profilu Andrzeja Dudy (42%)<\/b><span style=\"font-weight: 400;\">. Du\u017cy odsetek negatywnych komentarzy opublikowano r\u00f3wnie\u017c na profilu W\u0142adys\u0142awa Kosiniaka-Kamysza (37%).\u00a0<\/span><\/p>\n<p><b>Z kolei najwi\u0119cej komentarzy o sentymencie pozytywnym &#8211; powy\u017cej 30% odnotowali\u015bmy na profilu Szymona Ho\u0142owni oraz Roberta Biedronia.\u00a0<\/b><\/p>\n<p><span style=\"font-weight: 400;\">Na profilu Rafa\u0142a Trzaskowskiego stosunek komentarzy o sentymencie pozytywnym i negatywnym by\u0142 podobny &#8211; wynosi\u0142 29%.\u00a0<\/span><\/p>\n<p><span style=\"font-weight: 400;\">Najwi\u0119cej neutralnych komentarzy u\u017cytkownicy opublikowali na profilu Roberta Biedronia oraz Krzysztofa Bosaka &#8211; powy\u017cej 50%.\u00a0<\/span><\/p>\n<div id=\"attachment_41065\" style=\"width: 810px\" class=\"wp-caption aligncenter\"><img loading=\"lazy\" decoding=\"async\" aria-describedby=\"caption-attachment-41065\" class=\"size-full wp-image-41065\" src=\"https:\/\/www.sotrender.com\/blog\/wp-content\/uploads\/2020\/06\/image-16.png\" alt=\"sentyment komentarzy wybory prezydenckie\" width=\"800\" height=\"700\" srcset=\"https:\/\/www.sotrender.com\/blog\/wp-content\/uploads\/2020\/06\/image-16.png 800w, https:\/\/www.sotrender.com\/blog\/wp-content\/uploads\/2020\/06\/image-16-475x416.png 475w, https:\/\/www.sotrender.com\/blog\/wp-content\/uploads\/2020\/06\/image-16-768x672.png 768w\" sizes=\"(max-width: 800px) 100vw, 800px\" \/><p id=\"caption-attachment-41065\" class=\"wp-caption-text\">Sentyment wykryty w komentarzach na profilach kandydat\u00f3w na Facebooku w dniach 19-21 czerwca 2020<\/p><\/div>\n<p><span style=\"font-weight: 400;\">Z kolei <\/span><b>na profilach partii politycznych odsetek negatywnych komentarzy by\u0142 znacznie wy\u017cszy<\/b><span style=\"font-weight: 400;\">. <\/span><b>Na profilu Platformy Obywatelskiej a\u017c 62% to komentarze o sentymencie negatywnym<\/b><span style=\"font-weight: 400;\">, a na profilu Prawa i Sprawiedliwo\u015bci &#8211; 54%.\u00a0<\/span><\/p>\n<p><span style=\"font-weight: 400;\">Najwi\u0119cej komentarzy o sentymencie neutralnym u\u017cytkownicy opublikowali na profilu Kongresu Nowej Prawicy &#8211; a\u017c 76%, oraz Polskiego Stronnictwa Ludowego &#8211; 55%.\u00a0<\/span><\/p>\n<p><span style=\"font-weight: 400;\">Odsetek komentarzy o sentymencie pozytywnym na profilu \u017cadnej partii nie przekroczy\u0142 20%.\u00a0<\/span><\/p>\n<div id=\"attachment_41067\" style=\"width: 810px\" class=\"wp-caption aligncenter\"><img loading=\"lazy\" decoding=\"async\" aria-describedby=\"caption-attachment-41067\" class=\"size-full wp-image-41067\" src=\"https:\/\/www.sotrender.com\/blog\/wp-content\/uploads\/2020\/06\/image-15.png\" alt=\"partie polityczne sentyment\" width=\"800\" height=\"700\" srcset=\"https:\/\/www.sotrender.com\/blog\/wp-content\/uploads\/2020\/06\/image-15.png 800w, https:\/\/www.sotrender.com\/blog\/wp-content\/uploads\/2020\/06\/image-15-475x416.png 475w, https:\/\/www.sotrender.com\/blog\/wp-content\/uploads\/2020\/06\/image-15-768x672.png 768w\" sizes=\"(max-width: 800px) 100vw, 800px\" \/><p id=\"caption-attachment-41067\" class=\"wp-caption-text\">Sentyment wykrytych w komentarzach na profilach partii politycznych w dniach 19-21 czerwca 2020<\/p><\/div>\n<p>Analiza sentymentu zosta\u0142a przeprowadzona dzi\u0119ki autorskim algorytmom sztucznej inteligencji, w tym uczenia maszynowego, opracowanym przez zesp\u00f3\u0142 Sotrendera.<\/p>\n<h2><b>Podsumowanie<\/b><span style=\"font-weight: 400;\">\u00a0<\/span><\/h2>\n<p><span style=\"font-weight: 400;\">Czy zaanga\u017cowanie na Facebooku prze\u0142o\u017cy si\u0119 na wynik pierwszej tury wybor\u00f3w prezydenckich? Dowiemy si\u0119 ju\u017c w niedziel\u0119.\u00a0<\/span><\/p>\n<p><span style=\"font-weight: 400;\">Podobne badanie mo\u017cemy wykona\u0107 dla dowolnych profili na Facebooku. Je\u015bli interesuje Was np. zestawienie profilu Waszej marki z profilami konkurencji, lub analiza sentymentu dyskusji na wybranym profilu, zach\u0119camy do kontaktu na adres <\/span><a href=\"mailto:sales@sotrender.com\"><span style=\"font-weight: 400;\">sales@sotrender.com<\/span><\/a><span style=\"font-weight: 400;\">.\u00a0<\/span><\/p>\n<p><em>Badanie zosta\u0142o przeprowadzone przez analityk\u00f3w Sotrendera: <a href=\"https:\/\/www.linkedin.com\/in\/umbaranowska\/\">Urszul\u0119 Baranowsk\u0105<\/a> oraz <a href=\"https:\/\/www.linkedin.com\/in\/maciej-baranowski\/\">Macieja Baranowskiego<\/a>.\u00a0<\/em><\/p>\n<p>&nbsp;<\/p>\n","protected":false},"excerpt":{"rendered":"<p>Jeste\u015bmy na finiszu kampanii prezydenckiej. Trzy ostatnie tygodnie mog\u0105 okaza\u0107 si\u0119 kluczowe dla ostatecznego sukcesu kandydat\u00f3w na prezydenta.\u00a0 Przeanalizowali\u015bmy najwa\u017cniejsze statystyki dotycz\u0105ce obecno\u015bci kandydat\u00f3w na Facebooku w ci\u0105gu minionych 3 tygodni.\u00a0<\/p>\n","protected":false},"author":89,"featured_media":41071,"comment_status":"open","ping_status":"open","sticky":false,"template":"","format":"standard","meta":{"inline_featured_image":false,"footnotes":""},"categories":[1793,1797,2125],"tags":[1553,1581,2433,2607],"yoast_head":"<!-- This site is optimized with the Yoast SEO plugin v22.4 - https:\/\/yoast.com\/wordpress\/plugins\/seo\/ -->\n<title>Trzy ostatnie tygodnie kampanii prezydenckiej na Facebooku [analiza]<\/title>\n<meta name=\"description\" content=\"Przeanalizowali\u015bmy najwa\u017cniejsze statystyki dotycz\u0105ce obecno\u015bci kandydat\u00f3w na Facebooku w ci\u0105gu minionych 3 tygodni.\u00a0Czy prze\u0142o\u017c\u0105 si\u0119 na wynik wybor\u00f3w?\" \/>\n<meta name=\"robots\" content=\"index, follow, max-snippet:-1, max-image-preview:large, max-video-preview:-1\" \/>\n<link rel=\"canonical\" href=\"https:\/\/www.sotrender.com\/blog\/pl\/2020\/06\/kampania-prezydencka-na-facebooku-analiza-2020\/\" \/>\n<meta property=\"og:locale\" content=\"pl_PL\" \/>\n<meta property=\"og:type\" content=\"article\" \/>\n<meta property=\"og:title\" content=\"Trzy ostatnie tygodnie kampanii prezydenckiej na Facebooku [analiza]\" \/>\n<meta property=\"og:description\" content=\"Przeanalizowali\u015bmy najwa\u017cniejsze statystyki dotycz\u0105ce obecno\u015bci kandydat\u00f3w na Facebooku w ci\u0105gu minionych 3 tygodni.\u00a0Czy prze\u0142o\u017c\u0105 si\u0119 na wynik wybor\u00f3w?\" \/>\n<meta property=\"og:url\" content=\"https:\/\/www.sotrender.com\/blog\/pl\/2020\/06\/kampania-prezydencka-na-facebooku-analiza-2020\/\" \/>\n<meta property=\"og:site_name\" content=\"Sotrender Blog\" \/>\n<meta property=\"article:publisher\" content=\"https:\/\/www.facebook.com\/Sotrender\" \/>\n<meta property=\"article:published_time\" content=\"2020-06-24T11:39:35+00:00\" \/>\n<meta property=\"article:modified_time\" content=\"2020-06-24T11:57:52+00:00\" \/>\n<meta property=\"og:image\" content=\"https:\/\/www.sotrender.com\/blog\/wp-content\/uploads\/2020\/06\/parker-johnson-sudvLSWoSsA-unsplash.jpg\" \/>\n\t<meta property=\"og:image:width\" content=\"1920\" \/>\n\t<meta property=\"og:image:height\" content=\"1280\" \/>\n\t<meta property=\"og:image:type\" content=\"image\/jpeg\" \/>\n<meta name=\"author\" content=\"Klaudia \u017by\u0142ka\" \/>\n<meta name=\"twitter:card\" content=\"summary_large_image\" \/>\n<meta name=\"twitter:creator\" content=\"@Sotrender\" \/>\n<meta name=\"twitter:site\" content=\"@Sotrender\" \/>\n<meta name=\"twitter:label1\" content=\"Written by\" \/>\n\t<meta name=\"twitter:data1\" content=\"Klaudia \u017by\u0142ka\" \/>\n\t<meta name=\"twitter:label2\" content=\"Est. reading time\" \/>\n\t<meta name=\"twitter:data2\" content=\"6 minutes\" \/>\n<script type=\"application\/ld+json\" class=\"yoast-schema-graph\">{\"@context\":\"https:\/\/schema.org\",\"@graph\":[{\"@type\":\"WebPage\",\"@id\":\"https:\/\/www.sotrender.com\/blog\/pl\/2020\/06\/kampania-prezydencka-na-facebooku-analiza-2020\/\",\"url\":\"https:\/\/www.sotrender.com\/blog\/pl\/2020\/06\/kampania-prezydencka-na-facebooku-analiza-2020\/\",\"name\":\"Trzy ostatnie tygodnie kampanii prezydenckiej na Facebooku [analiza]\",\"isPartOf\":{\"@id\":\"https:\/\/www.sotrender.com\/blog\/#website\"},\"primaryImageOfPage\":{\"@id\":\"https:\/\/www.sotrender.com\/blog\/pl\/2020\/06\/kampania-prezydencka-na-facebooku-analiza-2020\/#primaryimage\"},\"image\":{\"@id\":\"https:\/\/www.sotrender.com\/blog\/pl\/2020\/06\/kampania-prezydencka-na-facebooku-analiza-2020\/#primaryimage\"},\"thumbnailUrl\":\"https:\/\/www.sotrender.com\/blog\/wp-content\/uploads\/2020\/06\/parker-johnson-sudvLSWoSsA-unsplash.jpg\",\"datePublished\":\"2020-06-24T11:39:35+00:00\",\"dateModified\":\"2020-06-24T11:57:52+00:00\",\"author\":{\"@id\":\"https:\/\/www.sotrender.com\/blog\/#\/schema\/person\/038ac5e276c5d102d8cbb9c36cd43416\"},\"description\":\"Przeanalizowali\u015bmy najwa\u017cniejsze statystyki dotycz\u0105ce obecno\u015bci kandydat\u00f3w na Facebooku w ci\u0105gu minionych 3 tygodni.\u00a0Czy prze\u0142o\u017c\u0105 si\u0119 na wynik wybor\u00f3w?\",\"breadcrumb\":{\"@id\":\"https:\/\/www.sotrender.com\/blog\/pl\/2020\/06\/kampania-prezydencka-na-facebooku-analiza-2020\/#breadcrumb\"},\"inLanguage\":\"pl-PL\",\"potentialAction\":[{\"@type\":\"ReadAction\",\"target\":[\"https:\/\/www.sotrender.com\/blog\/pl\/2020\/06\/kampania-prezydencka-na-facebooku-analiza-2020\/\"]}]},{\"@type\":\"ImageObject\",\"inLanguage\":\"pl-PL\",\"@id\":\"https:\/\/www.sotrender.com\/blog\/pl\/2020\/06\/kampania-prezydencka-na-facebooku-analiza-2020\/#primaryimage\",\"url\":\"https:\/\/www.sotrender.com\/blog\/wp-content\/uploads\/2020\/06\/parker-johnson-sudvLSWoSsA-unsplash.jpg\",\"contentUrl\":\"https:\/\/www.sotrender.com\/blog\/wp-content\/uploads\/2020\/06\/parker-johnson-sudvLSWoSsA-unsplash.jpg\",\"width\":1920,\"height\":1280},{\"@type\":\"BreadcrumbList\",\"@id\":\"https:\/\/www.sotrender.com\/blog\/pl\/2020\/06\/kampania-prezydencka-na-facebooku-analiza-2020\/#breadcrumb\",\"itemListElement\":[{\"@type\":\"ListItem\",\"position\":1,\"name\":\"Home\",\"item\":\"https:\/\/www.sotrender.com\/blog\/\"},{\"@type\":\"ListItem\",\"position\":2,\"name\":\"Trzy ostatnie tygodnie kampanii prezydenckiej na Facebooku [analiza]\"}]},{\"@type\":\"WebSite\",\"@id\":\"https:\/\/www.sotrender.com\/blog\/#website\",\"url\":\"https:\/\/www.sotrender.com\/blog\/\",\"name\":\"Sotrender Blog\",\"description\":\"\",\"potentialAction\":[{\"@type\":\"SearchAction\",\"target\":{\"@type\":\"EntryPoint\",\"urlTemplate\":\"https:\/\/www.sotrender.com\/blog\/?s={search_term_string}\"},\"query-input\":\"required name=search_term_string\"}],\"inLanguage\":\"pl-PL\"},{\"@type\":\"Person\",\"@id\":\"https:\/\/www.sotrender.com\/blog\/#\/schema\/person\/038ac5e276c5d102d8cbb9c36cd43416\",\"name\":\"Klaudia \u017by\u0142ka\",\"image\":{\"@type\":\"ImageObject\",\"inLanguage\":\"pl-PL\",\"@id\":\"https:\/\/www.sotrender.com\/blog\/#\/schema\/person\/image\/\",\"url\":\"https:\/\/secure.gravatar.com\/avatar\/f55d5d49ce3c448e1ffde0ab078d84cd?s=96&d=mm&r=g\",\"contentUrl\":\"https:\/\/secure.gravatar.com\/avatar\/f55d5d49ce3c448e1ffde0ab078d84cd?s=96&d=mm&r=g\",\"caption\":\"Klaudia \u017by\u0142ka\"},\"description\":\"Instagram, dogs, books and food lover. Former student at Warsaw University and Malm\u00f6 University. Improving her marketing skills every day. Proud owner of DIMAQ certificate\",\"sameAs\":[\"https:\/\/www.linkedin.com\/in\/klaudia-\u017cy\u0142ka-17527779\"],\"url\":\"https:\/\/www.sotrender.com\/blog\/pl\/author\/klaudia_yka\/\"}]}<\/script>\n<!-- \/ Yoast SEO plugin. -->","yoast_head_json":{"title":"Trzy ostatnie tygodnie kampanii prezydenckiej na Facebooku [analiza]","description":"Przeanalizowali\u015bmy najwa\u017cniejsze statystyki dotycz\u0105ce obecno\u015bci kandydat\u00f3w na Facebooku w ci\u0105gu minionych 3 tygodni.\u00a0Czy prze\u0142o\u017c\u0105 si\u0119 na wynik wybor\u00f3w?","robots":{"index":"index","follow":"follow","max-snippet":"max-snippet:-1","max-image-preview":"max-image-preview:large","max-video-preview":"max-video-preview:-1"},"canonical":"https:\/\/www.sotrender.com\/blog\/pl\/2020\/06\/kampania-prezydencka-na-facebooku-analiza-2020\/","og_locale":"pl_PL","og_type":"article","og_title":"Trzy ostatnie tygodnie kampanii prezydenckiej na Facebooku [analiza]","og_description":"Przeanalizowali\u015bmy najwa\u017cniejsze statystyki dotycz\u0105ce obecno\u015bci kandydat\u00f3w na Facebooku w ci\u0105gu minionych 3 tygodni.\u00a0Czy prze\u0142o\u017c\u0105 si\u0119 na wynik wybor\u00f3w?","og_url":"https:\/\/www.sotrender.com\/blog\/pl\/2020\/06\/kampania-prezydencka-na-facebooku-analiza-2020\/","og_site_name":"Sotrender Blog","article_publisher":"https:\/\/www.facebook.com\/Sotrender","article_published_time":"2020-06-24T11:39:35+00:00","article_modified_time":"2020-06-24T11:57:52+00:00","og_image":[{"width":1920,"height":1280,"url":"https:\/\/www.sotrender.com\/blog\/wp-content\/uploads\/2020\/06\/parker-johnson-sudvLSWoSsA-unsplash.jpg","type":"image\/jpeg"}],"author":"Klaudia \u017by\u0142ka","twitter_card":"summary_large_image","twitter_creator":"@Sotrender","twitter_site":"@Sotrender","twitter_misc":{"Written by":"Klaudia \u017by\u0142ka","Est. reading time":"6 minutes"},"schema":{"@context":"https:\/\/schema.org","@graph":[{"@type":"WebPage","@id":"https:\/\/www.sotrender.com\/blog\/pl\/2020\/06\/kampania-prezydencka-na-facebooku-analiza-2020\/","url":"https:\/\/www.sotrender.com\/blog\/pl\/2020\/06\/kampania-prezydencka-na-facebooku-analiza-2020\/","name":"Trzy ostatnie tygodnie kampanii prezydenckiej na Facebooku [analiza]","isPartOf":{"@id":"https:\/\/www.sotrender.com\/blog\/#website"},"primaryImageOfPage":{"@id":"https:\/\/www.sotrender.com\/blog\/pl\/2020\/06\/kampania-prezydencka-na-facebooku-analiza-2020\/#primaryimage"},"image":{"@id":"https:\/\/www.sotrender.com\/blog\/pl\/2020\/06\/kampania-prezydencka-na-facebooku-analiza-2020\/#primaryimage"},"thumbnailUrl":"https:\/\/www.sotrender.com\/blog\/wp-content\/uploads\/2020\/06\/parker-johnson-sudvLSWoSsA-unsplash.jpg","datePublished":"2020-06-24T11:39:35+00:00","dateModified":"2020-06-24T11:57:52+00:00","author":{"@id":"https:\/\/www.sotrender.com\/blog\/#\/schema\/person\/038ac5e276c5d102d8cbb9c36cd43416"},"description":"Przeanalizowali\u015bmy najwa\u017cniejsze statystyki dotycz\u0105ce obecno\u015bci kandydat\u00f3w na Facebooku w ci\u0105gu minionych 3 tygodni.\u00a0Czy prze\u0142o\u017c\u0105 si\u0119 na wynik wybor\u00f3w?","breadcrumb":{"@id":"https:\/\/www.sotrender.com\/blog\/pl\/2020\/06\/kampania-prezydencka-na-facebooku-analiza-2020\/#breadcrumb"},"inLanguage":"pl-PL","potentialAction":[{"@type":"ReadAction","target":["https:\/\/www.sotrender.com\/blog\/pl\/2020\/06\/kampania-prezydencka-na-facebooku-analiza-2020\/"]}]},{"@type":"ImageObject","inLanguage":"pl-PL","@id":"https:\/\/www.sotrender.com\/blog\/pl\/2020\/06\/kampania-prezydencka-na-facebooku-analiza-2020\/#primaryimage","url":"https:\/\/www.sotrender.com\/blog\/wp-content\/uploads\/2020\/06\/parker-johnson-sudvLSWoSsA-unsplash.jpg","contentUrl":"https:\/\/www.sotrender.com\/blog\/wp-content\/uploads\/2020\/06\/parker-johnson-sudvLSWoSsA-unsplash.jpg","width":1920,"height":1280},{"@type":"BreadcrumbList","@id":"https:\/\/www.sotrender.com\/blog\/pl\/2020\/06\/kampania-prezydencka-na-facebooku-analiza-2020\/#breadcrumb","itemListElement":[{"@type":"ListItem","position":1,"name":"Home","item":"https:\/\/www.sotrender.com\/blog\/"},{"@type":"ListItem","position":2,"name":"Trzy ostatnie tygodnie kampanii prezydenckiej na Facebooku [analiza]"}]},{"@type":"WebSite","@id":"https:\/\/www.sotrender.com\/blog\/#website","url":"https:\/\/www.sotrender.com\/blog\/","name":"Sotrender Blog","description":"","potentialAction":[{"@type":"SearchAction","target":{"@type":"EntryPoint","urlTemplate":"https:\/\/www.sotrender.com\/blog\/?s={search_term_string}"},"query-input":"required name=search_term_string"}],"inLanguage":"pl-PL"},{"@type":"Person","@id":"https:\/\/www.sotrender.com\/blog\/#\/schema\/person\/038ac5e276c5d102d8cbb9c36cd43416","name":"Klaudia \u017by\u0142ka","image":{"@type":"ImageObject","inLanguage":"pl-PL","@id":"https:\/\/www.sotrender.com\/blog\/#\/schema\/person\/image\/","url":"https:\/\/secure.gravatar.com\/avatar\/f55d5d49ce3c448e1ffde0ab078d84cd?s=96&d=mm&r=g","contentUrl":"https:\/\/secure.gravatar.com\/avatar\/f55d5d49ce3c448e1ffde0ab078d84cd?s=96&d=mm&r=g","caption":"Klaudia \u017by\u0142ka"},"description":"Instagram, dogs, books and food lover. Former student at Warsaw University and Malm\u00f6 University. Improving her marketing skills every day. Proud owner of DIMAQ certificate","sameAs":["https:\/\/www.linkedin.com\/in\/klaudia-\u017cy\u0142ka-17527779"],"url":"https:\/\/www.sotrender.com\/blog\/pl\/author\/klaudia_yka\/"}]}},"_links":{"self":[{"href":"https:\/\/www.sotrender.com\/blog\/pl\/wp-json\/wp\/v2\/posts\/41043"}],"collection":[{"href":"https:\/\/www.sotrender.com\/blog\/pl\/wp-json\/wp\/v2\/posts"}],"about":[{"href":"https:\/\/www.sotrender.com\/blog\/pl\/wp-json\/wp\/v2\/types\/post"}],"author":[{"embeddable":true,"href":"https:\/\/www.sotrender.com\/blog\/pl\/wp-json\/wp\/v2\/users\/89"}],"replies":[{"embeddable":true,"href":"https:\/\/www.sotrender.com\/blog\/pl\/wp-json\/wp\/v2\/comments?post=41043"}],"version-history":[{"count":11,"href":"https:\/\/www.sotrender.com\/blog\/pl\/wp-json\/wp\/v2\/posts\/41043\/revisions"}],"predecessor-version":[{"id":41087,"href":"https:\/\/www.sotrender.com\/blog\/pl\/wp-json\/wp\/v2\/posts\/41043\/revisions\/41087"}],"wp:featuredmedia":[{"embeddable":true,"href":"https:\/\/www.sotrender.com\/blog\/pl\/wp-json\/wp\/v2\/media\/41071"}],"wp:attachment":[{"href":"https:\/\/www.sotrender.com\/blog\/pl\/wp-json\/wp\/v2\/media?parent=41043"}],"wp:term":[{"taxonomy":"category","embeddable":true,"href":"https:\/\/www.sotrender.com\/blog\/pl\/wp-json\/wp\/v2\/categories?post=41043"},{"taxonomy":"post_tag","embeddable":true,"href":"https:\/\/www.sotrender.com\/blog\/pl\/wp-json\/wp\/v2\/tags?post=41043"}],"curies":[{"name":"wp","href":"https:\/\/api.w.org\/{rel}","templated":true}]}}