{"id":40117,"date":"2020-04-07T12:11:29","date_gmt":"2020-04-07T10:11:29","guid":{"rendered":"https:\/\/www.sotrender.com\/blog\/?p=40117\/"},"modified":"2020-04-07T12:11:29","modified_gmt":"2020-04-07T10:11:29","slug":"facebook-trends-marzec-2020-wybory-kontra-koronawirus","status":"publish","type":"post","link":"https:\/\/www.sotrender.com\/blog\/pl\/2020\/04\/facebook-trends-marzec-2020-wybory-kontra-koronawirus\/","title":{"rendered":"Facebook Trends marzec 2020 &#8211; wybory kontra koronawirus"},"content":{"rendered":"<p><span style=\"font-weight: 400;\">Przygotowuj\u0105c nasz comiesi\u0119czny raport na pocz\u0105tku lutego i marca, nie spodziewali\u015bmy si\u0119, \u017ce temat koronawirusa tak naprawd\u0119 dopiero \u201craczkuje\u201d.\u00a0<\/span><span style=\"font-weight: 400;\">Prawda jest jednak taka, \u017ce dopiero w kwietniu trafne jest stwierdzenie, \u017ce temat koronawirusa zdominowa\u0142 Facebooka.\u00a0<\/span><\/p>\n<p><span style=\"font-weight: 400;\">Zapraszamy na <a href=\"https:\/\/www.sotrender.com\/trends\/facebook\/poland\/202003\">marcowe wydanie raportu Facebook Trends<\/a>!<\/span><\/p>\n<p><!--more--><\/p>\n<p><span style=\"font-weight: 400;\">Niezmiennie od pocz\u0105tku roku najszybciej rosn\u0105cym profilem jest profil <\/span><i><span style=\"font-weight: 400;\">Konflikty i katastrofy \u015bwiatowe<\/span><\/i><span style=\"font-weight: 400;\">. Po tak d\u0142ugim okresie wzmo\u017conej aktywno\u015bci, profil w marcu awansowa\u0142 do TOP15 i TOP20 profili o najwi\u0119kszym zaanga\u017cowaniu i najwi\u0119kszej liczbie aktywnych u\u017cytkownik\u00f3w w\u015br\u00f3d wszystkich profili na polskim Facebooku.\u00a0<\/span><\/p>\n<h2><b>#zosta\u0144wdomu popularny tak\u017ce na Facebooku\u00a0<\/b><\/h2>\n<p><span style=\"font-weight: 400;\">Og\u00f3lnopolska <\/span><a href=\"https:\/\/www.sotrender.com\/blog\/pl\/2020\/04\/popularnosc-zostanwdomu-na-instagramie-infografika\/\"><span style=\"font-weight: 400;\">akcja #zosta\u0144wdomu ma si\u0119 dobrze nie tylko na Instagramie<\/span><\/a><span style=\"font-weight: 400;\">, ale tak\u017ce na Facebooku, gdzie odnotowali\u015bmy rekordowo du\u017ce u\u017cycie hashtag\u00f3w &#8211; oczywi\u015bcie na czele z #zosta\u0144wdomu.\u00a0<\/span><\/p>\n<p><span style=\"font-weight: 400;\">Najbardziej popularny hashtag by\u0142 u\u017cyty niespe\u0142na pi\u0119\u0107 razy wi\u0119cej w por\u00f3wnaniu do najpopularniejszego hashtaga w poprzednim miesi\u0105cu.<\/span><\/p>\n<div id=\"attachment_40119\" style=\"width: 410px\" class=\"wp-caption alignleft\"><img loading=\"lazy\" decoding=\"async\" aria-describedby=\"caption-attachment-40119\" class=\" wp-image-40119\" src=\"https:\/\/www.sotrender.com\/blog\/wp-content\/uploads\/2020\/04\/Zrzut-ekranu-2020-04-3-o-11.56.30.png\" alt=\"\" width=\"400\" height=\"299\" srcset=\"https:\/\/www.sotrender.com\/blog\/wp-content\/uploads\/2020\/04\/Zrzut-ekranu-2020-04-3-o-11.56.30.png 489w, https:\/\/www.sotrender.com\/blog\/wp-content\/uploads\/2020\/04\/Zrzut-ekranu-2020-04-3-o-11.56.30-475x355.png 475w\" sizes=\"(max-width: 400px) 100vw, 400px\" \/><p id=\"caption-attachment-40119\" class=\"wp-caption-text\">Top hashtagi w lutym 2020 na Facebooku<\/p><\/div>\n<div id=\"attachment_40121\" style=\"width: 412px\" class=\"wp-caption alignright\"><img loading=\"lazy\" decoding=\"async\" aria-describedby=\"caption-attachment-40121\" class=\" wp-image-40121\" src=\"https:\/\/www.sotrender.com\/blog\/wp-content\/uploads\/2020\/04\/Zrzut-ekranu-2020-04-3-o-11.56.16.png\" alt=\"\" width=\"402\" height=\"316\" \/><p id=\"caption-attachment-40121\" class=\"wp-caption-text\"><a href=\"https:\/\/www.sotrender.com\/trends\/facebook\/poland\/202003\">Top hashtagi w marcu 2020 na Facebooku<\/a><\/p><\/div>\n<p>&nbsp;<\/p>\n<p>&nbsp;<\/p>\n<p>&nbsp;<\/p>\n<p>&nbsp;<\/p>\n<p>&nbsp;<\/p>\n<p>&nbsp;<\/p>\n<p>&nbsp;<\/p>\n<h2><\/h2>\n<h2><b>Najbardziej anga\u017cuj\u0105ce tre\u015bci miesi\u0105ca<\/b><\/h2>\n<p><span style=\"font-weight: 400;\"><a href=\"https:\/\/www.sotrender.com\/trends\/facebook\/poland\/202003\/pl_wszystkie#best_posts\">Zestawienie najlepszych post\u00f3w miesi\u0105ca<\/a> wyj\u0105tkowo dok\u0142adnie odzwierciedla tematy, kt\u00f3rymi \u017cyli Polacy w marcu. By\u0142y to oczywi\u015bcie zbli\u017caj\u0105ce si\u0119 wybory prezydenckie, ch\u0119\u0107 pomocy s\u0142u\u017cbom medycznym, jak r\u00f3wnie\u017c codzienne problemy zwi\u0105zane z koronawirusem i konieczno\u015bci\u0105 pozostania w domach.\u00a0<\/span><\/p>\n<div id=\"attachment_40125\" style=\"width: 810px\" class=\"wp-caption aligncenter\"><img loading=\"lazy\" decoding=\"async\" aria-describedby=\"caption-attachment-40125\" class=\" wp-image-40125\" src=\"https:\/\/www.sotrender.com\/blog\/wp-content\/uploads\/2020\/04\/Zrzut-ekranu-2020-04-3-o-10.18.52.png\" alt=\"\" width=\"800\" height=\"716\" srcset=\"https:\/\/www.sotrender.com\/blog\/wp-content\/uploads\/2020\/04\/Zrzut-ekranu-2020-04-3-o-10.18.52.png 1013w, https:\/\/www.sotrender.com\/blog\/wp-content\/uploads\/2020\/04\/Zrzut-ekranu-2020-04-3-o-10.18.52-475x425.png 475w, https:\/\/www.sotrender.com\/blog\/wp-content\/uploads\/2020\/04\/Zrzut-ekranu-2020-04-3-o-10.18.52-768x688.png 768w, https:\/\/www.sotrender.com\/blog\/wp-content\/uploads\/2020\/04\/Zrzut-ekranu-2020-04-3-o-10.18.52-950x851.png 950w\" sizes=\"(max-width: 800px) 100vw, 800px\" \/><p id=\"caption-attachment-40125\" class=\"wp-caption-text\"><a href=\"https:\/\/www.sotrender.com\/trends\/facebook\/poland\/202003\/pl_wszystkie#best_posts\">Najlepsze posty na Facebooku w marcu 2020<\/a><\/p><\/div>\n<p><span style=\"font-weight: 400;\">Ciekawie wygl\u0105da r\u00f3wnie\u017c <a href=\"https:\/\/www.sotrender.com\/trends\/facebook\/poland\/202003\/zestawienie-branz#storytellers\">zaanga\u017cowanie w podziale na bran\u017ce<\/a>, cho\u0107 chyba bez zaskoczenia awans odnotowa\u0142y kategorie takie, jak wiadomo\u015bci, telewizja i polityka.\u00a0<\/span><\/p>\n<div id=\"attachment_40127\" style=\"width: 811px\" class=\"wp-caption aligncenter\"><img loading=\"lazy\" decoding=\"async\" aria-describedby=\"caption-attachment-40127\" class=\" wp-image-40127\" src=\"https:\/\/www.sotrender.com\/blog\/wp-content\/uploads\/2020\/04\/Zrzut-ekranu-2020-04-3-o-13.09.19.png\" alt=\"\" width=\"801\" height=\"250\" srcset=\"https:\/\/www.sotrender.com\/blog\/wp-content\/uploads\/2020\/04\/Zrzut-ekranu-2020-04-3-o-13.09.19.png 1001w, https:\/\/www.sotrender.com\/blog\/wp-content\/uploads\/2020\/04\/Zrzut-ekranu-2020-04-3-o-13.09.19-475x148.png 475w, https:\/\/www.sotrender.com\/blog\/wp-content\/uploads\/2020\/04\/Zrzut-ekranu-2020-04-3-o-13.09.19-768x239.png 768w, https:\/\/www.sotrender.com\/blog\/wp-content\/uploads\/2020\/04\/Zrzut-ekranu-2020-04-3-o-13.09.19-950x296.png 950w\" sizes=\"(max-width: 801px) 100vw, 801px\" \/><p id=\"caption-attachment-40127\" class=\"wp-caption-text\"><a href=\"https:\/\/www.sotrender.com\/trends\/facebook\/poland\/202003\/zestawienie-branz#storytellers\">Bran\u017ce o najwi\u0119kszym zaanga\u017cowaniu<\/a>, Facebook marzec 2020<\/p><\/div>\n<p><span style=\"font-weight: 400;\">Zwi\u0119kszone zaanga\u017cowanie odnotowano r\u00f3wnie\u017c na stronach <a href=\"https:\/\/www.sotrender.com\/trends\/facebook\/poland\/202003\/organizacje_rzadowe#storytellers\">organizacji rz\u0105dowych<\/a>: g\u0142\u00f3wnie Ministerstwa Edukacji Narodowej oraz Ministerstwa Nauki i Szkolnictwa Wy\u017cszego. Du\u017co aktywno\u015bci pojawi\u0142o si\u0119 tak\u017ce na profilu Polskiej Policji oraz Ministerstwa Rodziny, Pracy i Polityki Spo\u0142ecznej.\u00a0<\/span><\/p>\n<div id=\"attachment_40129\" style=\"width: 810px\" class=\"wp-caption aligncenter\"><img loading=\"lazy\" decoding=\"async\" aria-describedby=\"caption-attachment-40129\" class=\" wp-image-40129\" src=\"https:\/\/www.sotrender.com\/blog\/wp-content\/uploads\/2020\/04\/Zrzut-ekranu-2020-04-6-o-09.40.44.png\" alt=\"\" width=\"800\" height=\"344\" srcset=\"https:\/\/www.sotrender.com\/blog\/wp-content\/uploads\/2020\/04\/Zrzut-ekranu-2020-04-6-o-09.40.44.png 1010w, https:\/\/www.sotrender.com\/blog\/wp-content\/uploads\/2020\/04\/Zrzut-ekranu-2020-04-6-o-09.40.44-475x204.png 475w, https:\/\/www.sotrender.com\/blog\/wp-content\/uploads\/2020\/04\/Zrzut-ekranu-2020-04-6-o-09.40.44-768x330.png 768w, https:\/\/www.sotrender.com\/blog\/wp-content\/uploads\/2020\/04\/Zrzut-ekranu-2020-04-6-o-09.40.44-950x408.png 950w\" sizes=\"(max-width: 800px) 100vw, 800px\" \/><p id=\"caption-attachment-40129\" class=\"wp-caption-text\"><a href=\"https:\/\/www.sotrender.com\/trends\/facebook\/poland\/202003\/organizacje_rzadowe#storytellers\">Najbardziej anga\u017cuj\u0105ce profile w kategorii Organizacje rz\u0105dowe i samorz\u0105dowe<\/a>, Facebook marzec 2020<\/p><\/div>\n<h2><b>Pora na pomaganie<\/b><\/h2>\n<p><span style=\"font-weight: 400;\">Jak wspominali\u015bmy <\/span><a href=\"https:\/\/www.sotrender.com\/blog\/pl\/2020\/03\/jakie-tresci-publikowac-w-czasie-pandemii-poradnik\/\"><span style=\"font-weight: 400;\">w naszym ostatnim poradniku<\/span><\/a><span style=\"font-weight: 400;\">, jednym z rodzaj\u00f3w tre\u015bci, kt\u00f3re marki mog\u0105 publikowa\u0107 w czasie pandemii s\u0105 tre\u015bci dotycz\u0105ce niesienia pomocy.\u00a0<\/span><\/p>\n<p><span style=\"font-weight: 400;\">Wiele marek ju\u017c w marcu, szybko adaptuj\u0105c si\u0119 do zaistnia\u0142ej sytuacji, zacz\u0119\u0142o nie\u015b\u0107 pomoc i opublikowa\u0142o ten rodzaj contentu.\u00a0<\/span><\/p>\n<div id=\"attachment_40131\" style=\"width: 809px\" class=\"wp-caption aligncenter\"><img loading=\"lazy\" decoding=\"async\" aria-describedby=\"caption-attachment-40131\" class=\" wp-image-40131\" src=\"https:\/\/www.sotrender.com\/blog\/wp-content\/uploads\/2020\/04\/Zrzut-ekranu-2020-04-3-o-12.57.18.png\" alt=\"\" width=\"799\" height=\"388\" srcset=\"https:\/\/www.sotrender.com\/blog\/wp-content\/uploads\/2020\/04\/Zrzut-ekranu-2020-04-3-o-12.57.18.png 984w, https:\/\/www.sotrender.com\/blog\/wp-content\/uploads\/2020\/04\/Zrzut-ekranu-2020-04-3-o-12.57.18-475x231.png 475w, https:\/\/www.sotrender.com\/blog\/wp-content\/uploads\/2020\/04\/Zrzut-ekranu-2020-04-3-o-12.57.18-768x373.png 768w, https:\/\/www.sotrender.com\/blog\/wp-content\/uploads\/2020\/04\/Zrzut-ekranu-2020-04-3-o-12.57.18-950x461.png 950w\" sizes=\"(max-width: 799px) 100vw, 799px\" \/><p id=\"caption-attachment-40131\" class=\"wp-caption-text\"><a href=\"https:\/\/www.sotrender.com\/trends\/facebook\/poland\/202003\/handel\/dom#best_posts\">Najlepsze posty w kategorii Dom i ogr\u00f3d<\/a>, Facebook marzec 2020<\/p><\/div>\n<p><span style=\"font-weight: 400;\">Salony Agata &#8211; wzrost zaanga\u017cowania na profilu w marcu o 448%<\/span><\/p>\n<div id=\"attachment_40133\" style=\"width: 810px\" class=\"wp-caption aligncenter\"><img loading=\"lazy\" decoding=\"async\" aria-describedby=\"caption-attachment-40133\" class=\" wp-image-40133\" src=\"https:\/\/www.sotrender.com\/blog\/wp-content\/uploads\/2020\/04\/Zrzut-ekranu-2020-04-3-o-14.48.33.png\" alt=\"\" width=\"800\" height=\"374\" srcset=\"https:\/\/www.sotrender.com\/blog\/wp-content\/uploads\/2020\/04\/Zrzut-ekranu-2020-04-3-o-14.48.33.png 989w, https:\/\/www.sotrender.com\/blog\/wp-content\/uploads\/2020\/04\/Zrzut-ekranu-2020-04-3-o-14.48.33-475x222.png 475w, https:\/\/www.sotrender.com\/blog\/wp-content\/uploads\/2020\/04\/Zrzut-ekranu-2020-04-3-o-14.48.33-768x359.png 768w, https:\/\/www.sotrender.com\/blog\/wp-content\/uploads\/2020\/04\/Zrzut-ekranu-2020-04-3-o-14.48.33-950x444.png 950w\" sizes=\"(max-width: 800px) 100vw, 800px\" \/><p id=\"caption-attachment-40133\" class=\"wp-caption-text\"><a href=\"https:\/\/www.sotrender.com\/trends\/facebook\/poland\/202003\/moda#best_posts\">Najlepsze posty w kategorii Moda<\/a>, Facebook marzec 2020<\/p><\/div>\n<p><span style=\"font-weight: 400;\">Mosquito, 4F, LPP &#8211; wzrost liczby aktywnych u\u017cytkownik\u00f3w na profilach (wszystkie profile awansowa\u0142y do TOP20)<\/span><\/p>\n<div id=\"attachment_40135\" style=\"width: 810px\" class=\"wp-caption aligncenter\"><img loading=\"lazy\" decoding=\"async\" aria-describedby=\"caption-attachment-40135\" class=\" wp-image-40135\" src=\"https:\/\/www.sotrender.com\/blog\/wp-content\/uploads\/2020\/04\/Zrzut-ekranu-2020-04-6-o-12.20.18.png\" alt=\"\" width=\"800\" height=\"380\" srcset=\"https:\/\/www.sotrender.com\/blog\/wp-content\/uploads\/2020\/04\/Zrzut-ekranu-2020-04-6-o-12.20.18.png 985w, https:\/\/www.sotrender.com\/blog\/wp-content\/uploads\/2020\/04\/Zrzut-ekranu-2020-04-6-o-12.20.18-475x226.png 475w, https:\/\/www.sotrender.com\/blog\/wp-content\/uploads\/2020\/04\/Zrzut-ekranu-2020-04-6-o-12.20.18-768x365.png 768w, https:\/\/www.sotrender.com\/blog\/wp-content\/uploads\/2020\/04\/Zrzut-ekranu-2020-04-6-o-12.20.18-950x451.png 950w\" sizes=\"(max-width: 800px) 100vw, 800px\" \/><p id=\"caption-attachment-40135\" class=\"wp-caption-text\"><a href=\"https:\/\/www.sotrender.com\/trends\/facebook\/poland\/202003\/technologie_sprzet\/gry_i_konsole#best_posts\">Najlepsze posty w kategorii Gry i konsole<\/a>, Facebook marzec 2020<\/p><\/div>\n<p><span style=\"font-weight: 400;\">CD PROJEKT RED &#8211; wzrost zaanga\u017cowania na profilu o 340%\u00a0<\/span><\/p>\n<p><span style=\"font-weight: 400;\">Podobne tre\u015bci tego typu opublikowano r\u00f3wnie\u017c m.in. na profilach: Kazar, Lody Koral, Fabryka Cukiernicza Kopernik, Coca-Cola, KFC, Pasibus, Hotel Grand Lubicz, Relax Kebab Radzymin.<\/span><\/p>\n<p><span style=\"font-weight: 400;\">Wniosek jest jeden: <\/span><b>niezale\u017cnie, czy prowadzisz ma\u0142\u0105 lokaln\u0105 kwiaciarni\u0119 czy pracujesz w du\u017cej korporacji, ka\u017cdy mo\u017ce pomaga\u0107 (adekwatnie do w\u0142asnych mo\u017cliwo\u015bci) i warto si\u0119 tym dzieli\u0107 z odbiorcami.<\/b><\/p>\n<h2><b>Marzec w social media\u00a0<\/b><\/h2>\n<p><span style=\"font-weight: 400;\">W minionym miesi\u0105cu jeszcze bardziej ni\u017c zwykle przygl\u0105dali\u015bmy si\u0119, co dzia\u0142o si\u0119 na kana\u0142ach social media w Polsce i na \u015bwiecie.\u00a0<\/span><\/p>\n<p><span style=\"font-weight: 400;\">Przygotowali\u015bmy dla Was nie tylko <\/span><a href=\"https:\/\/www.sotrender.com\/blog\/pl\/2020\/04\/popularnosc-zostanwdomu-na-instagramie-infografika\/\"><span style=\"font-weight: 400;\">analiz\u0119 dotycz\u0105c\u0105 u\u017cycia hashtaga #zosta\u0144wdomu na Instagramie<\/span><\/a><span style=\"font-weight: 400;\">, ale r\u00f3wnie\u017c <\/span><a href=\"https:\/\/www.sotrender.com\/blog\/pl\/2020\/03\/jakie-tresci-publikowac-w-czasie-pandemii-poradnik\/\"><span style=\"font-weight: 400;\">praktyczny poradnik na temat tworzenia tre\u015bci w czasie pandemii<\/span><\/a><span style=\"font-weight: 400;\">.\u00a0<\/span><\/p>\n<p><span style=\"font-weight: 400;\">Sprawdzili\u015bmy r\u00f3wnie\u017c, <\/span><a href=\"https:\/\/www.sotrender.com\/blog\/2020\/04\/businesses-adapting-coronavirus\/\"><span style=\"font-weight: 400;\">jak zmieni\u0142a si\u0119 sytuacja wielu bran\u017c<\/span><\/a><span style=\"font-weight: 400;\">, i jak mo\u017cna dostosowa\u0107 do niej podejmowane dzia\u0142ania.\u00a0<\/span><\/p>\n<p><span style=\"font-weight: 400;\">Tymczasem zach\u0119camy Was do sprawdzenia pe\u0142nego wydania raportu <a href=\"https:\/\/www.sotrender.com\/trends\/facebook\/poland\/202003\">Facebook Trends marzec 2020<\/a>.\u00a0<\/span><\/p>\n<p><i><span style=\"font-weight: 400;\">Do zobaczenia ju\u017c za miesi\u0105c!\u00a0<\/span><\/i><\/p>\n<p>&nbsp;<\/p>\n","protected":false},"excerpt":{"rendered":"<p>Przygotowuj\u0105c nasz comiesi\u0119czny raport na pocz\u0105tku lutego i marca, nie spodziewali\u015bmy si\u0119, \u017ce temat koronawirusa tak naprawd\u0119 dopiero \u201craczkuje\u201d.\u00a0Prawda jest jednak taka, \u017ce dopiero w kwietniu trafne jest stwierdzenie, \u017ce temat koronawirusa zdominowa\u0142 Facebooka.\u00a0 Zapraszamy na marcowe wydanie raportu Facebook Trends!<\/p>\n","protected":false},"author":89,"featured_media":40145,"comment_status":"open","ping_status":"open","sticky":false,"template":"","format":"standard","meta":{"inline_featured_image":false,"footnotes":""},"categories":[1797,2125,2275],"tags":[1581,1749,2307],"yoast_head":"<!-- This site is optimized with the Yoast SEO plugin v22.4 - https:\/\/yoast.com\/wordpress\/plugins\/seo\/ -->\n<title>Facebook Trends marzec 2020 - wybory kontra koronawirus<\/title>\n<meta name=\"description\" content=\"Przygotowuj\u0105c nasz comiesi\u0119czny raport na pocz\u0105tku lutego i marca, nie spodziewali\u015bmy si\u0119, \u017ce temat koronawirusa tak naprawd\u0119 dopiero \u201craczkuje\u201d.\u00a0\" \/>\n<meta name=\"robots\" content=\"index, follow, max-snippet:-1, max-image-preview:large, max-video-preview:-1\" \/>\n<link rel=\"canonical\" href=\"https:\/\/www.sotrender.com\/blog\/pl\/2020\/04\/facebook-trends-marzec-2020-wybory-kontra-koronawirus\/\" \/>\n<meta property=\"og:locale\" content=\"pl_PL\" \/>\n<meta property=\"og:type\" content=\"article\" \/>\n<meta property=\"og:title\" content=\"Facebook Trends marzec 2020 - wybory kontra koronawirus\" \/>\n<meta property=\"og:description\" content=\"Przygotowuj\u0105c nasz comiesi\u0119czny raport na pocz\u0105tku lutego i marca, nie spodziewali\u015bmy si\u0119, \u017ce temat koronawirusa tak naprawd\u0119 dopiero \u201craczkuje\u201d.\u00a0\" \/>\n<meta property=\"og:url\" content=\"https:\/\/www.sotrender.com\/blog\/pl\/2020\/04\/facebook-trends-marzec-2020-wybory-kontra-koronawirus\/\" \/>\n<meta property=\"og:site_name\" content=\"Sotrender Blog\" \/>\n<meta property=\"article:publisher\" content=\"https:\/\/www.facebook.com\/Sotrender\" \/>\n<meta property=\"article:published_time\" content=\"2020-04-07T10:11:29+00:00\" \/>\n<meta property=\"og:image\" content=\"https:\/\/www.sotrender.com\/blog\/wp-content\/uploads\/2020\/04\/arnaud-jaegers-5CoOYSxILSw-unsplash.jpg\" \/>\n\t<meta property=\"og:image:width\" content=\"1920\" \/>\n\t<meta property=\"og:image:height\" content=\"1280\" \/>\n\t<meta property=\"og:image:type\" content=\"image\/jpeg\" \/>\n<meta name=\"author\" content=\"Klaudia \u017by\u0142ka\" \/>\n<meta name=\"twitter:card\" content=\"summary_large_image\" \/>\n<meta name=\"twitter:creator\" content=\"@Sotrender\" \/>\n<meta name=\"twitter:site\" content=\"@Sotrender\" \/>\n<meta name=\"twitter:label1\" content=\"Written by\" \/>\n\t<meta name=\"twitter:data1\" content=\"Klaudia \u017by\u0142ka\" \/>\n\t<meta name=\"twitter:label2\" content=\"Est. reading time\" \/>\n\t<meta name=\"twitter:data2\" content=\"3 minutes\" \/>\n<script type=\"application\/ld+json\" class=\"yoast-schema-graph\">{\"@context\":\"https:\/\/schema.org\",\"@graph\":[{\"@type\":\"WebPage\",\"@id\":\"https:\/\/www.sotrender.com\/blog\/pl\/2020\/04\/facebook-trends-marzec-2020-wybory-kontra-koronawirus\/\",\"url\":\"https:\/\/www.sotrender.com\/blog\/pl\/2020\/04\/facebook-trends-marzec-2020-wybory-kontra-koronawirus\/\",\"name\":\"Facebook Trends marzec 2020 - wybory kontra koronawirus\",\"isPartOf\":{\"@id\":\"https:\/\/www.sotrender.com\/blog\/#website\"},\"primaryImageOfPage\":{\"@id\":\"https:\/\/www.sotrender.com\/blog\/pl\/2020\/04\/facebook-trends-marzec-2020-wybory-kontra-koronawirus\/#primaryimage\"},\"image\":{\"@id\":\"https:\/\/www.sotrender.com\/blog\/pl\/2020\/04\/facebook-trends-marzec-2020-wybory-kontra-koronawirus\/#primaryimage\"},\"thumbnailUrl\":\"https:\/\/www.sotrender.com\/blog\/wp-content\/uploads\/2020\/04\/arnaud-jaegers-5CoOYSxILSw-unsplash.jpg\",\"datePublished\":\"2020-04-07T10:11:29+00:00\",\"dateModified\":\"2020-04-07T10:11:29+00:00\",\"author\":{\"@id\":\"https:\/\/www.sotrender.com\/blog\/#\/schema\/person\/038ac5e276c5d102d8cbb9c36cd43416\"},\"description\":\"Przygotowuj\u0105c nasz comiesi\u0119czny raport na pocz\u0105tku lutego i marca, nie spodziewali\u015bmy si\u0119, \u017ce temat koronawirusa tak naprawd\u0119 dopiero \u201craczkuje\u201d.\u00a0\",\"breadcrumb\":{\"@id\":\"https:\/\/www.sotrender.com\/blog\/pl\/2020\/04\/facebook-trends-marzec-2020-wybory-kontra-koronawirus\/#breadcrumb\"},\"inLanguage\":\"pl-PL\",\"potentialAction\":[{\"@type\":\"ReadAction\",\"target\":[\"https:\/\/www.sotrender.com\/blog\/pl\/2020\/04\/facebook-trends-marzec-2020-wybory-kontra-koronawirus\/\"]}]},{\"@type\":\"ImageObject\",\"inLanguage\":\"pl-PL\",\"@id\":\"https:\/\/www.sotrender.com\/blog\/pl\/2020\/04\/facebook-trends-marzec-2020-wybory-kontra-koronawirus\/#primaryimage\",\"url\":\"https:\/\/www.sotrender.com\/blog\/wp-content\/uploads\/2020\/04\/arnaud-jaegers-5CoOYSxILSw-unsplash.jpg\",\"contentUrl\":\"https:\/\/www.sotrender.com\/blog\/wp-content\/uploads\/2020\/04\/arnaud-jaegers-5CoOYSxILSw-unsplash.jpg\",\"width\":1920,\"height\":1280},{\"@type\":\"BreadcrumbList\",\"@id\":\"https:\/\/www.sotrender.com\/blog\/pl\/2020\/04\/facebook-trends-marzec-2020-wybory-kontra-koronawirus\/#breadcrumb\",\"itemListElement\":[{\"@type\":\"ListItem\",\"position\":1,\"name\":\"Home\",\"item\":\"https:\/\/www.sotrender.com\/blog\/\"},{\"@type\":\"ListItem\",\"position\":2,\"name\":\"Facebook Trends marzec 2020 &#8211; wybory kontra koronawirus\"}]},{\"@type\":\"WebSite\",\"@id\":\"https:\/\/www.sotrender.com\/blog\/#website\",\"url\":\"https:\/\/www.sotrender.com\/blog\/\",\"name\":\"Sotrender Blog\",\"description\":\"\",\"potentialAction\":[{\"@type\":\"SearchAction\",\"target\":{\"@type\":\"EntryPoint\",\"urlTemplate\":\"https:\/\/www.sotrender.com\/blog\/?s={search_term_string}\"},\"query-input\":\"required name=search_term_string\"}],\"inLanguage\":\"pl-PL\"},{\"@type\":\"Person\",\"@id\":\"https:\/\/www.sotrender.com\/blog\/#\/schema\/person\/038ac5e276c5d102d8cbb9c36cd43416\",\"name\":\"Klaudia \u017by\u0142ka\",\"image\":{\"@type\":\"ImageObject\",\"inLanguage\":\"pl-PL\",\"@id\":\"https:\/\/www.sotrender.com\/blog\/#\/schema\/person\/image\/\",\"url\":\"https:\/\/secure.gravatar.com\/avatar\/f55d5d49ce3c448e1ffde0ab078d84cd?s=96&d=mm&r=g\",\"contentUrl\":\"https:\/\/secure.gravatar.com\/avatar\/f55d5d49ce3c448e1ffde0ab078d84cd?s=96&d=mm&r=g\",\"caption\":\"Klaudia \u017by\u0142ka\"},\"description\":\"Instagram, dogs, books and food lover. Former student at Warsaw University and Malm\u00f6 University. Improving her marketing skills every day. Proud owner of DIMAQ certificate\",\"sameAs\":[\"https:\/\/www.linkedin.com\/in\/klaudia-\u017cy\u0142ka-17527779\"],\"url\":\"https:\/\/www.sotrender.com\/blog\/pl\/author\/klaudia_yka\/\"}]}<\/script>\n<!-- \/ Yoast SEO plugin. -->","yoast_head_json":{"title":"Facebook Trends marzec 2020 - wybory kontra koronawirus","description":"Przygotowuj\u0105c nasz comiesi\u0119czny raport na pocz\u0105tku lutego i marca, nie spodziewali\u015bmy si\u0119, \u017ce temat koronawirusa tak naprawd\u0119 dopiero \u201craczkuje\u201d.\u00a0","robots":{"index":"index","follow":"follow","max-snippet":"max-snippet:-1","max-image-preview":"max-image-preview:large","max-video-preview":"max-video-preview:-1"},"canonical":"https:\/\/www.sotrender.com\/blog\/pl\/2020\/04\/facebook-trends-marzec-2020-wybory-kontra-koronawirus\/","og_locale":"pl_PL","og_type":"article","og_title":"Facebook Trends marzec 2020 - wybory kontra koronawirus","og_description":"Przygotowuj\u0105c nasz comiesi\u0119czny raport na pocz\u0105tku lutego i marca, nie spodziewali\u015bmy si\u0119, \u017ce temat koronawirusa tak naprawd\u0119 dopiero \u201craczkuje\u201d.\u00a0","og_url":"https:\/\/www.sotrender.com\/blog\/pl\/2020\/04\/facebook-trends-marzec-2020-wybory-kontra-koronawirus\/","og_site_name":"Sotrender Blog","article_publisher":"https:\/\/www.facebook.com\/Sotrender","article_published_time":"2020-04-07T10:11:29+00:00","og_image":[{"width":1920,"height":1280,"url":"https:\/\/www.sotrender.com\/blog\/wp-content\/uploads\/2020\/04\/arnaud-jaegers-5CoOYSxILSw-unsplash.jpg","type":"image\/jpeg"}],"author":"Klaudia \u017by\u0142ka","twitter_card":"summary_large_image","twitter_creator":"@Sotrender","twitter_site":"@Sotrender","twitter_misc":{"Written by":"Klaudia \u017by\u0142ka","Est. reading time":"3 minutes"},"schema":{"@context":"https:\/\/schema.org","@graph":[{"@type":"WebPage","@id":"https:\/\/www.sotrender.com\/blog\/pl\/2020\/04\/facebook-trends-marzec-2020-wybory-kontra-koronawirus\/","url":"https:\/\/www.sotrender.com\/blog\/pl\/2020\/04\/facebook-trends-marzec-2020-wybory-kontra-koronawirus\/","name":"Facebook Trends marzec 2020 - wybory kontra koronawirus","isPartOf":{"@id":"https:\/\/www.sotrender.com\/blog\/#website"},"primaryImageOfPage":{"@id":"https:\/\/www.sotrender.com\/blog\/pl\/2020\/04\/facebook-trends-marzec-2020-wybory-kontra-koronawirus\/#primaryimage"},"image":{"@id":"https:\/\/www.sotrender.com\/blog\/pl\/2020\/04\/facebook-trends-marzec-2020-wybory-kontra-koronawirus\/#primaryimage"},"thumbnailUrl":"https:\/\/www.sotrender.com\/blog\/wp-content\/uploads\/2020\/04\/arnaud-jaegers-5CoOYSxILSw-unsplash.jpg","datePublished":"2020-04-07T10:11:29+00:00","dateModified":"2020-04-07T10:11:29+00:00","author":{"@id":"https:\/\/www.sotrender.com\/blog\/#\/schema\/person\/038ac5e276c5d102d8cbb9c36cd43416"},"description":"Przygotowuj\u0105c nasz comiesi\u0119czny raport na pocz\u0105tku lutego i marca, nie spodziewali\u015bmy si\u0119, \u017ce temat koronawirusa tak naprawd\u0119 dopiero \u201craczkuje\u201d.\u00a0","breadcrumb":{"@id":"https:\/\/www.sotrender.com\/blog\/pl\/2020\/04\/facebook-trends-marzec-2020-wybory-kontra-koronawirus\/#breadcrumb"},"inLanguage":"pl-PL","potentialAction":[{"@type":"ReadAction","target":["https:\/\/www.sotrender.com\/blog\/pl\/2020\/04\/facebook-trends-marzec-2020-wybory-kontra-koronawirus\/"]}]},{"@type":"ImageObject","inLanguage":"pl-PL","@id":"https:\/\/www.sotrender.com\/blog\/pl\/2020\/04\/facebook-trends-marzec-2020-wybory-kontra-koronawirus\/#primaryimage","url":"https:\/\/www.sotrender.com\/blog\/wp-content\/uploads\/2020\/04\/arnaud-jaegers-5CoOYSxILSw-unsplash.jpg","contentUrl":"https:\/\/www.sotrender.com\/blog\/wp-content\/uploads\/2020\/04\/arnaud-jaegers-5CoOYSxILSw-unsplash.jpg","width":1920,"height":1280},{"@type":"BreadcrumbList","@id":"https:\/\/www.sotrender.com\/blog\/pl\/2020\/04\/facebook-trends-marzec-2020-wybory-kontra-koronawirus\/#breadcrumb","itemListElement":[{"@type":"ListItem","position":1,"name":"Home","item":"https:\/\/www.sotrender.com\/blog\/"},{"@type":"ListItem","position":2,"name":"Facebook Trends marzec 2020 &#8211; wybory kontra koronawirus"}]},{"@type":"WebSite","@id":"https:\/\/www.sotrender.com\/blog\/#website","url":"https:\/\/www.sotrender.com\/blog\/","name":"Sotrender Blog","description":"","potentialAction":[{"@type":"SearchAction","target":{"@type":"EntryPoint","urlTemplate":"https:\/\/www.sotrender.com\/blog\/?s={search_term_string}"},"query-input":"required name=search_term_string"}],"inLanguage":"pl-PL"},{"@type":"Person","@id":"https:\/\/www.sotrender.com\/blog\/#\/schema\/person\/038ac5e276c5d102d8cbb9c36cd43416","name":"Klaudia \u017by\u0142ka","image":{"@type":"ImageObject","inLanguage":"pl-PL","@id":"https:\/\/www.sotrender.com\/blog\/#\/schema\/person\/image\/","url":"https:\/\/secure.gravatar.com\/avatar\/f55d5d49ce3c448e1ffde0ab078d84cd?s=96&d=mm&r=g","contentUrl":"https:\/\/secure.gravatar.com\/avatar\/f55d5d49ce3c448e1ffde0ab078d84cd?s=96&d=mm&r=g","caption":"Klaudia \u017by\u0142ka"},"description":"Instagram, dogs, books and food lover. Former student at Warsaw University and Malm\u00f6 University. Improving her marketing skills every day. Proud owner of DIMAQ certificate","sameAs":["https:\/\/www.linkedin.com\/in\/klaudia-\u017cy\u0142ka-17527779"],"url":"https:\/\/www.sotrender.com\/blog\/pl\/author\/klaudia_yka\/"}]}},"_links":{"self":[{"href":"https:\/\/www.sotrender.com\/blog\/pl\/wp-json\/wp\/v2\/posts\/40117"}],"collection":[{"href":"https:\/\/www.sotrender.com\/blog\/pl\/wp-json\/wp\/v2\/posts"}],"about":[{"href":"https:\/\/www.sotrender.com\/blog\/pl\/wp-json\/wp\/v2\/types\/post"}],"author":[{"embeddable":true,"href":"https:\/\/www.sotrender.com\/blog\/pl\/wp-json\/wp\/v2\/users\/89"}],"replies":[{"embeddable":true,"href":"https:\/\/www.sotrender.com\/blog\/pl\/wp-json\/wp\/v2\/comments?post=40117"}],"version-history":[{"count":7,"href":"https:\/\/www.sotrender.com\/blog\/pl\/wp-json\/wp\/v2\/posts\/40117\/revisions"}],"predecessor-version":[{"id":40149,"href":"https:\/\/www.sotrender.com\/blog\/pl\/wp-json\/wp\/v2\/posts\/40117\/revisions\/40149"}],"wp:featuredmedia":[{"embeddable":true,"href":"https:\/\/www.sotrender.com\/blog\/pl\/wp-json\/wp\/v2\/media\/40145"}],"wp:attachment":[{"href":"https:\/\/www.sotrender.com\/blog\/pl\/wp-json\/wp\/v2\/media?parent=40117"}],"wp:term":[{"taxonomy":"category","embeddable":true,"href":"https:\/\/www.sotrender.com\/blog\/pl\/wp-json\/wp\/v2\/categories?post=40117"},{"taxonomy":"post_tag","embeddable":true,"href":"https:\/\/www.sotrender.com\/blog\/pl\/wp-json\/wp\/v2\/tags?post=40117"}],"curies":[{"name":"wp","href":"https:\/\/api.w.org\/{rel}","templated":true}]}}