{"id":39927,"date":"2020-03-31T12:02:21","date_gmt":"2020-03-31T10:02:21","guid":{"rendered":"https:\/\/www.sotrender.com\/blog\/?p=39927\/"},"modified":"2020-03-31T12:09:59","modified_gmt":"2020-03-31T10:09:59","slug":"jakie-tresci-publikowac-w-czasie-pandemii-poradnik","status":"publish","type":"post","link":"https:\/\/www.sotrender.com\/blog\/pl\/2020\/03\/jakie-tresci-publikowac-w-czasie-pandemii-poradnik\/","title":{"rendered":"Jakie tre\u015bci publikowa\u0107 w czasie pandemii? Poradnik dla firm, agencji i influencer\u00f3w"},"content":{"rendered":"<p><span style=\"font-weight: 400;\">Kana\u0142y social media rz\u0105dz\u0105 si\u0119 swoimi prawami: ma by\u0107 przyjemnie, a tre\u015bci maj\u0105 by\u0107 lekkie i \u0142atwe w odbiorze. Ale czy zawsze? Ju\u017c nie raz si\u0119 przekonywali\u015bmy, \u017ce media spo\u0142eczno\u015bciowe \u201cmaj\u0105 moc\u201d i mog\u0105 s\u0142u\u017cy\u0107 te\u017c bardziej szczytnym celom czy zwi\u0119kszaniu \u015bwiadomo\u015bci spo\u0142ecznej.\u00a0<\/span><\/p>\n<p><!--more--><\/p>\n<p>Przed nami wszystkimi wyj\u0105tkowy i trudny czas. Jak wi\u0119c w dobry spos\u00f3b spo\u017cytkowa\u0107 go na Instagramie czy innych kana\u0142ach social media, kt\u00f3re prowadzimy?<\/p>\n<p><span style=\"font-weight: 400;\">Wielu tw\u00f3rc\u00f3w ma obecnie moralny problem: co publikowa\u0107? Czy moje tre\u015bci nie s\u0105 zbyt lekkie, a poruszane tematy trywialne? Czy nie ura\u017c\u0105 moich odbiorc\u00f3w? A mo\u017ce wr\u0119cz przeciwnie, mo\u017ce oczekuj\u0105 ich oni ode mnie nawet bardziej ni\u017c zazwyczaj?\u00a0<\/span><span style=\"font-weight: 400;\">Wielu tw\u00f3rc\u00f3w i marketer\u00f3w stawia sobie teraz te pytania.\u00a0<\/span><\/p>\n<p><span style=\"font-weight: 400;\">Przede wszystkim warto wiedzie\u0107, \u017ce globalnie obserwujemy w\u0142a\u015bnie <\/span><b>zwi\u0119kszony ruch w Internecie i na kana\u0142ach social media<\/b><span style=\"font-weight: 400;\">. I cho\u0107 u\u017cytkownicy strac\u0105 wcze\u015bniej czy p\u00f3\u017cniej zainteresowanie szyde\u0142kowaniem, wymy\u015blonymi pasjami czy podj\u0119tymi wyzwaniami, tak jak pewne jest, \u017ce popularno\u015b\u0107 Netflixa nie zmaleje, tak pewni mo\u017cemy by\u0107, \u017ce wci\u0105\u017c b\u0119dziemy sp\u0119dza\u0107 mn\u00f3stwo czasu na Facebooku czy Instagramie. Dlatego z pewno\u015bci\u0105 <\/span><b>nie powinni\u015bmy zupe\u0142nie zrezygnowa\u0107 z tworzenia i publikowania nowych tre\u015bci<\/b><span style=\"font-weight: 400;\"> tylko z obawy na to, \u017ce b\u0119d\u0105 niestosowne.<\/span><\/p>\n<p><span style=\"font-weight: 400;\">Warto sobie u\u015bwiadomi\u0107 r\u00f3wnie\u017c, \u017ce my, tw\u00f3rcy internetowi, marketerzy dzia\u0142aj\u0105cy w digitalu, <\/span><b>mamy przewag\u0119 <\/b><span style=\"font-weight: 400;\">ju\u017c na starcie. <\/span><b>T\u0105 przewag\u0105 s\u0105 nasi odbiorcy<\/b><span style=\"font-weight: 400;\">, kt\u00f3rych posiadamy na Instagramie, Facebooku czy w bazach mailingowych, i o kt\u00f3rych walczyli\u015bmy cz\u0119sto przez lata. Stawia nas to w pozycji uprzywilejowanej chocia\u017cby do biznes\u00f3w, kt\u00f3re, zmuszone poniek\u0105d obecn\u0105 sytuacj\u0105, dopiero przechodz\u0105 ze \u015bwiata offline do \u015bwiata online.\u00a0<\/span><\/p>\n<p><span style=\"font-weight: 400;\">To tyle z teorii \ud83d\ude09\u00a0<\/span><\/p>\n<p><span style=\"font-weight: 400;\">Przygotowali\u015bmy dla Was zestawienie tre\u015bci (wraz z mas\u0105 przyk\u0142ad\u00f3w!), kt\u00f3re mo\u017ce Was zainspirowa\u0107 do tworzenia nowego contentu. Odpowiadamy r\u00f3wnie\u017c na kilka pyta\u0144, kt\u00f3re zadaje sobie obecnie wielu tw\u00f3rc\u00f3w.\u00a0<\/span><\/p>\n<h2><strong>#1 Wsp\u00f3lne aktywno\u015bci i rytua\u0142y\u00a0<\/strong><\/h2>\n<p><span style=\"font-weight: 400;\">Zastanawiacie si\u0119, co mo\u017cecie robi\u0107 razem ze swoimi odbiorcami? Zacznijmy od przyk\u0142ad\u00f3w.\u00a0<\/span><\/p>\n<p><b>Blogerka Paula Jagodzi\u0144ska<\/b><span style=\"font-weight: 400;\"> zupe\u0142nie spontanicznie stworzy\u0142a hashtag <\/span><b>#natgeozpaula<\/b><span style=\"font-weight: 400;\">, po tym jak przez kilka dni wsp\u00f3lnie ze swoimi obserwatorami podziwia\u0142a zachody s\u0142o\u0144ca i widoki za oknem, podkre\u015blaj\u0105c, \u017ce nale\u017cy si\u0119 cieszy\u0107 chwil\u0105 i ma\u0142ymi rzeczami.\u00a0<\/span><\/p>\n<p><span style=\"font-weight: 400;\">Z kolei <\/span><b>Ciocia liestyle*<\/b><span style=\"font-weight: 400;\"> codziennie w swoich Stories na Instagramie pokazuje dania, kt\u00f3re przyrz\u0105dza, i kt\u00f3re ka\u017cdy sam mo\u017ce zrobi\u0107 w domu. Inspiruje tym samym innych do gotowania, a nast\u0119pnie udost\u0119pnia relacje swoich followers\u00f3w u siebie.\u00a0<\/span><\/p>\n<p><b>Szymon Majewski <\/b><span style=\"font-weight: 400;\">codziennie na swoim Facebooku rysuje\u2026 rebusy, kt\u00f3re podczas relacji Live s\u0105 odgadywane. Swoje szare kom\u00f3rki mo\u017cecie rozrusza\u0107 codziennie o 13:00.\u00a0<\/span><\/p>\n<p><span style=\"font-weight: 400;\">Kilka dni temu, dziewczyny z <\/span><b>PLNY LALA<\/b><span style=\"font-weight: 400;\">, przy udziale influencerek i blogerek, przeprowadzi\u0142y na Instagramie akcj\u0119 <\/span><i><span style=\"font-weight: 400;\">Rozbierz si\u0119 i pilnuj ubrania<\/span><\/i><span style=\"font-weight: 400;\">, kt\u00f3ra r\u00f3wnie\u017c mia\u0142a przypomnie\u0107 o konieczno\u015bci pozostawania w domach.\u00a0<\/span><\/p>\n<p><span style=\"font-weight: 400;\">Marka<\/span><b> NeoNail<\/b><span style=\"font-weight: 400;\"> stworzy\u0142a hashtag <\/span><b>#malujewdomuzneonail, <\/b><span style=\"font-weight: 400;\">zach\u0119caj\u0105c do samodzielnego malowania paznokci w warunkach domowych oraz og\u0142osi\u0142a najwi\u0119ksze wsp\u00f3lne malowanie paznokci.\u00a0<\/span><\/p>\n<blockquote class=\"instagram-media\" style=\"background: #FFF; border: 0; border-radius: 3px; box-shadow: 0 0 1px 0 rgba(0,0,0,0.5),0 1px 10px 0 rgba(0,0,0,0.15); margin: 1px; max-width: 540px; min-width: 326px; padding: 0; width: calc(100% - 2px);\" data-instgrm-permalink=\"https:\/\/www.instagram.com\/p\/B-KZvl8INM-\/?utm_source=ig_embed&amp;utm_campaign=loading\" data-instgrm-version=\"12\">\n<div style=\"padding: 16px;\">\n<p>&nbsp;<\/p>\n<div style=\"display: flex; flex-direction: row; align-items: center;\"><\/div>\n<div style=\"padding: 19% 0;\"><\/div>\n<div style=\"display: block; height: 50px; margin: 0 auto 12px; width: 50px;\"><\/div>\n<div style=\"padding-top: 8px;\">\n<div style=\"color: #3897f0; font-family: Arial,sans-serif; font-size: 14px; font-style: normal; font-weight: 550; line-height: 18px;\">View this post on Instagram<\/div>\n<\/div>\n<div style=\"padding: 12.5% 0;\"><\/div>\n<div style=\"display: flex; flex-direction: row; margin-bottom: 14px; align-items: center;\"><\/div>\n<div style=\"display: flex; flex-direction: column; flex-grow: 1; justify-content: center; margin-bottom: 24px;\"><\/div>\n<p>&nbsp;<\/p>\n<p style=\"color: #c9c8cd; font-family: Arial,sans-serif; font-size: 14px; line-height: 17px; margin-bottom: 0; margin-top: 8px; overflow: hidden; padding: 8px 0 7px; text-align: center; text-overflow: ellipsis; white-space: nowrap;\"><a style=\"color: #c9c8cd; font-family: Arial,sans-serif; font-size: 14px; font-style: normal; font-weight: normal; line-height: 17px; text-decoration: none;\" href=\"https:\/\/www.instagram.com\/p\/B-KZvl8INM-\/?utm_source=ig_embed&amp;utm_campaign=loading\" target=\"_blank\" rel=\"noopener\">A post shared by NeoNail Poland (@neonailpoland)<\/a> on <time style=\"font-family: Arial,sans-serif; font-size: 14px; line-height: 17px;\" datetime=\"2020-03-25T16:00:02+00:00\">Mar 25, 2020 at 9:00am PDT<\/time><\/p>\n<\/div>\n<\/blockquote>\n<p><script async src=\"\/\/www.instagram.com\/embed.js\"><\/script><\/p>\n<p><b>Team Kajo Jewels<\/b><span style=\"font-weight: 400;\">, czyli Ola i Adam, postanowili codziennie rano prowadzi\u0107 relacj\u0119 Live na Instagramie, gdzie b\u0119d\u0105 opowiada\u0107, jak radz\u0105 sobie biznesowo w tej sytuacji, jakie rozwi\u0105zania wprowadzaj\u0105 (finalnie spotykaj\u0105 si\u0119 ze swoimi odbiorcami w ka\u017cd\u0105 sobot\u0119 rano). Fajny pomys\u0142 dla biznes\u00f3w, np. w modelu SaaS!\u00a0<\/span><\/p>\n<p><span style=\"font-weight: 400;\">Po co to wszystko? C\u00f3\u017c, dla tw\u00f3rc\u00f3w, ale przede wszystkim odbiorc\u00f3w s\u0105 to sposoby na oderwanie si\u0119 od sytuacji, w kt\u00f3rej si\u0119 znale\u017ali\u015bmy, to punkty zaczepienia w tym ci\u0105gu podobnym do siebie dni i momenty, na kt\u00f3re czekaj\u0105. Oczywi\u015bcie s\u0105 to te\u017c \u015bwietne sposoby na <\/span><b>budowanie spo\u0142eczno\u015bci<\/b><span style=\"font-weight: 400;\"> i <\/span><b>zbli\u017cenie nas do odbiorc\u00f3w<\/b><span style=\"font-weight: 400;\">. Kiedy wszystko w ko\u0144cu powr\u00f3ci do normalno\u015bci, mo\u017cecie by\u0107 pewni, \u017ce b\u0119dzie im brakowa\u0107 wsp\u00f3lnych aktywno\u015bci.\u00a0<\/span><\/p>\n<p style=\"text-align: center;\"><!--HubSpot Call-to-Action Code --><span id=\"hs-cta-wrapper-e364a53b-e088-40b5-9217-e39eba9fa7cc\" class=\"hs-cta-wrapper\"><span id=\"hs-cta-e364a53b-e088-40b5-9217-e39eba9fa7cc\" class=\"hs-cta-node hs-cta-e364a53b-e088-40b5-9217-e39eba9fa7cc\"><!-- [if lte IE 8]><\/p>\n\n\n\n\n\n<div id=\"hs-cta-ie-element\"><\/div>\n\n\n<![endif]--><a href=\"https:\/\/cta-redirect.hubspot.com\/cta\/redirect\/3842881\/e364a53b-e088-40b5-9217-e39eba9fa7cc\" target=\"_blank\" rel=\"noopener\"><img decoding=\"async\" id=\"hs-cta-img-e364a53b-e088-40b5-9217-e39eba9fa7cc\" class=\"hs-cta-img aligncenter\" style=\"border-width: 0px;\" src=\"https:\/\/no-cache.hubspot.com\/cta\/default\/3842881\/e364a53b-e088-40b5-9217-e39eba9fa7cc.png\" alt=\"Rozpocznij analiz\u0119 swoich dzia\u0142a\u0144 social media\" \/><\/a><\/span><script charset=\"utf-8\" src=\"https:\/\/js.hscta.net\/cta\/current.js\"><\/script><script type=\"text\/javascript\"> hbspt.cta.load(3842881, 'e364a53b-e088-40b5-9217-e39eba9fa7cc', {}); <\/script><\/span><!-- end HubSpot Call-to-Action Code --><\/p>\n<h2><strong>#2 Wyzwania<\/strong><\/h2>\n<p><span style=\"font-weight: 400;\">Kto chcia\u0142by troch\u0119 porywalizowa\u0107, zrobi\u0107 co\u015b nowego, lub potrzebuje troch\u0119 motywacji? Wyzwania to fajny spos\u00f3b na, jeszcze bardziej proaktywne, zaanga\u017cowanie swojej spo\u0142eczno\u015bci i zach\u0119cenie jej do konkretnych dzia\u0142a\u0144.\u00a0<\/span><\/p>\n<p><span style=\"font-weight: 400;\">Kamila @kbrazilka dostosowa\u0142a swoje wyzwanie #kbrazilkachallenge do akcji #zosta\u0144wdomu i tak powsta\u0142o wyzwanie <\/span><b>#kbrazilkachallengewdomu<\/b><span style=\"font-weight: 400;\">, w kt\u00f3rym zach\u0119ca dziewczyny do codziennej aktywno\u015bci w domu, po co by czu\u0107 si\u0119 lepiej.\u00a0<\/span><\/p>\n<p><span style=\"font-weight: 400;\">R\u00f3wnie\u017c Anna Lewandowska stworzy\u0142a challenge <\/span><b>#trainathome<\/b><span style=\"font-weight: 400;\">, pokazuj\u0105c zestaw \u0107wicze\u0144 na ka\u017cdy dzie\u0144 (wsp\u00f3\u0142pracuje przy tym z mark\u0105 4F oraz promuje w\u0142asn\u0105 aplikacj\u0119).\u00a0<\/span><\/p>\n<p><img loading=\"lazy\" decoding=\"async\" class=\"aligncenter size-full wp-image-39929\" src=\"https:\/\/www.sotrender.com\/blog\/wp-content\/uploads\/2020\/03\/@thetravellingonion-2.png\" alt=\"\" width=\"700\" height=\"500\" srcset=\"https:\/\/www.sotrender.com\/blog\/wp-content\/uploads\/2020\/03\/@thetravellingonion-2.png 700w, https:\/\/www.sotrender.com\/blog\/wp-content\/uploads\/2020\/03\/@thetravellingonion-2-475x339.png 475w\" sizes=\"(max-width: 700px) 100vw, 700px\" \/><\/p>\n<p><span style=\"font-weight: 400;\">@sliwkamarta<\/span> <span style=\"font-weight: 400;\">zapocz\u0105tkowa\u0142a cykl <\/span><b>#3ksi\u0105\u017ckiWtydzie\u0144<\/b><span style=\"font-weight: 400;\">, w kt\u00f3rym raz w tygodniu dzieli si\u0119 trzema pozycjami, kt\u00f3re \u201czobowi\u0105zuje si\u0119\u201d przeczyta\u0107 w danym tygodniu.\u00a0<\/span><\/p>\n<p><span style=\"font-weight: 400;\">Martyna Wojciechowska (@martyna.world) rozpocz\u0119\u0142a z kolei wyzwanie <\/span><b>#martynachallenge<\/b><span style=\"font-weight: 400;\">, zach\u0119caj\u0105ce do dzielenia si\u0119 zwariowanymi rzeczami, kt\u00f3re mo\u017cna robi\u0107 w domu i kt\u00f3re s\u0105 jednocze\u015bnie zwi\u0105zane z outdoorem. W wyzwanie zaanga\u017cowana jest r\u00f3wnie\u017c marka Jack Wolfskin, kt\u00f3ra funduje nagrod\u0119.\u00a0<\/span><\/p>\n<blockquote class=\"instagram-media\" style=\"background: #FFF; border: 0; border-radius: 3px; box-shadow: 0 0 1px 0 rgba(0,0,0,0.5),0 1px 10px 0 rgba(0,0,0,0.15); margin: 1px; max-width: 540px; min-width: 326px; padding: 0; width: calc(100% - 2px);\" data-instgrm-permalink=\"https:\/\/www.instagram.com\/p\/B97I0gqAhYz\/?utm_source=ig_embed&amp;utm_campaign=loading\" data-instgrm-version=\"12\">\n<div style=\"padding: 16px;\">\n<p>&nbsp;<\/p>\n<div style=\"display: flex; flex-direction: row; align-items: center;\"><\/div>\n<div style=\"padding: 19% 0;\"><\/div>\n<div style=\"display: block; height: 50px; margin: 0 auto 12px; width: 50px;\"><\/div>\n<div style=\"padding-top: 8px;\">\n<div style=\"color: #3897f0; font-family: Arial,sans-serif; font-size: 14px; font-style: normal; font-weight: 550; line-height: 18px;\">View this post on Instagram<\/div>\n<\/div>\n<div style=\"padding: 12.5% 0;\"><\/div>\n<div style=\"display: flex; flex-direction: row; margin-bottom: 14px; align-items: center;\"><\/div>\n<div style=\"display: flex; flex-direction: column; flex-grow: 1; justify-content: center; margin-bottom: 24px;\"><\/div>\n<p>&nbsp;<\/p>\n<p style=\"color: #c9c8cd; font-family: Arial,sans-serif; font-size: 14px; line-height: 17px; margin-bottom: 0; margin-top: 8px; overflow: hidden; padding: 8px 0 7px; text-align: center; text-overflow: ellipsis; white-space: nowrap;\"><a style=\"color: #c9c8cd; font-family: Arial,sans-serif; font-size: 14px; font-style: normal; font-weight: normal; line-height: 17px; text-decoration: none;\" href=\"https:\/\/www.instagram.com\/p\/B97I0gqAhYz\/?utm_source=ig_embed&amp;utm_campaign=loading\" target=\"_blank\" rel=\"noopener\">A post shared by Martyna Wojciechowska (@martyna.world)<\/a> on <time style=\"font-family: Arial,sans-serif; font-size: 14px; line-height: 17px;\" datetime=\"2020-03-19T17:43:33+00:00\">Mar 19, 2020 at 10:43am PDT<\/time><\/p>\n<\/div>\n<\/blockquote>\n<p><script async src=\"\/\/www.instagram.com\/embed.js\"><\/script><\/p>\n<p><span style=\"font-weight: 400;\">R\u00f3wnie\u017c u FOREO na Instagramie (@foreo_pl oraz @foreo) znajdziecie codzienn\u0105 porcj\u0119 wyzwa\u0144.\u00a0<\/span><\/p>\n<p><span style=\"font-weight: 400;\">Nie zabrak\u0142o te\u017c wyzwania od marketera dla marketer\u00f3w: Mateusz Czech przygotowa\u0142 <\/span><b>#14ToolsChallenge<\/b><span style=\"font-weight: 400;\">. Wszyscy ch\u0119tni ka\u017cdego dnia otrzymuj\u0105 na swoj\u0105 skrzynk\u0119 mailow\u0105 polecane narz\u0119dzia z r\u00f3\u017cnych obszar\u00f3w marketingu.\u00a0<\/span><\/p>\n<p><span style=\"font-weight: 400;\">Nie zapominajcie te\u017c o challengach na Instagramie, jak np. Gesture challenge dost\u0119pny w Instagram Stories, czy na TikToku. \ud83d\ude09\u00a0<\/span><\/p>\n<h2><strong>#3 Relacje Live\u00a0<\/strong><\/h2>\n<p><span style=\"font-weight: 400;\">B\u0105d\u017amy szczerzy &#8211; relacj\u0119 Live mo\u017ce obecnie zrobi\u0107 ka\u017cdy. Wystarczy smartfon, Internet i odrobina pomys\u0142u oraz ch\u0119ci. Jestem pewna, \u017ce ka\u017cdy z nas ma co\u015b do pokazania &#8211; i nie musi by\u0107 to stricte zwi\u0105zane z nasz\u0105 codzienn\u0105 prac\u0105. Cz\u0119sto do takiej relacji (w zale\u017cno\u015bci oczywi\u015bcie od koncepcji) nie potrzebujemy nawet wielu przygotowa\u0144 &#8211; w wi\u0119kszo\u015bci przypadk\u00f3w najwa\u017cniejsza i wystarczaj\u0105ca b\u0119dzie Wasza wiedza i do\u015bwiadczenie, kt\u00f3rymi zechcecie si\u0119 podzieli\u0107.\u00a0<\/span><\/p>\n<p><b>Niezale\u017cnie, w jakiej bran\u017cy dzia\u0142acie, jak\u0105 prowadzicie firm\u0119, i w czym si\u0119 specjalizujecie, live jest z pewno\u015bci\u0105 tym, co mo\u017cecie zrobi\u0107.\u00a0<\/b><\/p>\n<p><span style=\"font-weight: 400;\">Oto kilka przyk\u0142ad\u00f3w podejrzanych w ci\u0105gu ostatnich kilku dni:\u00a0<\/span><\/p>\n<ul>\n<li style=\"font-weight: 400;\"><span style=\"font-weight: 400;\">tworzenie naturalnych kosmetyk\u00f3w w domu &#8211; @o_jeju, sklep z kosmetykami,\u00a0<\/span><\/li>\n<li style=\"font-weight: 400;\"><span style=\"font-weight: 400;\">lekcje rysunku (@studiofreckles),<\/span><\/li>\n<li style=\"font-weight: 400;\"><span style=\"font-weight: 400;\">live z ekspertk\u0105, podczas kt\u00f3rego obalono mity o lakierach hybrydowych &#8211; @neonailpoland,<\/span><\/li>\n<li style=\"font-weight: 400;\"><span style=\"font-weight: 400;\">live z opowie\u015bciami podr\u00f3\u017cniczymi (np. u @szpilkiwplecaku),<\/span><\/li>\n<li style=\"font-weight: 400;\"><span style=\"font-weight: 400;\">live z muzyk\u0105 na \u017cywo: John Legend, Chris Martin z Coldplay, Sofi Tukker, czy Sanah w ramach Domowego Festiwalu,<\/span><\/li>\n<li style=\"font-weight: 400;\"><span style=\"font-weight: 400;\">czytanie sztuk teatralnych (profil @teatr_kwadrat) oraz literatury przez aktor\u00f3w i pisarzy,\u00a0<\/span><\/li>\n<li style=\"font-weight: 400;\"><span style=\"font-weight: 400;\">live shopping na Facebooku WorldBox,<\/span><\/li>\n<li style=\"font-weight: 400;\"><span style=\"font-weight: 400;\">seria live\u2019\u00f3w z ekspertami odno\u015bnie zmieniaj\u0105cej si\u0119 bran\u017cy &#8211; @moeassist, narz\u0119dzie dla influencer\u00f3w &#8211; dobry pomys\u0142 dla narz\u0119dzi typu SaaS.<\/span><\/li>\n<\/ul>\n<blockquote class=\"instagram-media\" style=\"background: #FFF; border: 0; border-radius: 3px; box-shadow: 0 0 1px 0 rgba(0,0,0,0.5),0 1px 10px 0 rgba(0,0,0,0.15); margin: 1px; max-width: 540px; min-width: 326px; padding: 0; width: calc(100% - 2px);\" data-instgrm-permalink=\"https:\/\/www.instagram.com\/p\/B-FzxvTpuYy\/?utm_source=ig_embed&amp;utm_campaign=loading\" data-instgrm-version=\"12\">\n<div style=\"padding: 16px;\">\n<p>&nbsp;<\/p>\n<div style=\"display: flex; flex-direction: row; align-items: center;\"><\/div>\n<div style=\"padding: 19% 0;\"><\/div>\n<div style=\"display: block; height: 50px; margin: 0 auto 12px; width: 50px;\"><\/div>\n<div style=\"padding-top: 8px;\">\n<div style=\"color: #3897f0; font-family: Arial,sans-serif; font-size: 14px; font-style: normal; font-weight: 550; line-height: 18px;\">View this post on Instagram<\/div>\n<\/div>\n<div style=\"padding: 12.5% 0;\"><\/div>\n<div style=\"display: flex; flex-direction: row; margin-bottom: 14px; align-items: center;\"><\/div>\n<div style=\"display: flex; flex-direction: column; flex-grow: 1; justify-content: center; margin-bottom: 24px;\"><\/div>\n<p>&nbsp;<\/p>\n<p style=\"color: #c9c8cd; font-family: Arial,sans-serif; font-size: 14px; line-height: 17px; margin-bottom: 0; margin-top: 8px; overflow: hidden; padding: 8px 0 7px; text-align: center; text-overflow: ellipsis; white-space: nowrap;\"><a style=\"color: #c9c8cd; font-family: Arial,sans-serif; font-size: 14px; font-style: normal; font-weight: normal; line-height: 17px; text-decoration: none;\" href=\"https:\/\/www.instagram.com\/p\/B-FzxvTpuYy\/?utm_source=ig_embed&amp;utm_campaign=loading\" target=\"_blank\" rel=\"noopener\">A post shared by MOE Assist (@moeassist)<\/a> on <time style=\"font-family: Arial,sans-serif; font-size: 14px; line-height: 17px;\" datetime=\"2020-03-23T21:11:19+00:00\">Mar 23, 2020 at 2:11pm PDT<\/time><\/p>\n<\/div>\n<\/blockquote>\n<p><script async src=\"\/\/www.instagram.com\/embed.js\"><\/script><\/p>\n<p><span style=\"font-weight: 400;\">Oczywi\u015bcie do najbardziej popularnych nale\u017c\u0105 live\u2019y z gotowania, robienia make up\u2019u oraz szeroko poj\u0119tego sportu (fitness, joga, taniec, medytacja) &#8211; specjali\u015bci tych zawod\u00f3w maj\u0105 wi\u0119c dodatkowo u\u0142atwione zadanie \ud83d\ude09\u00a0<\/span><\/p>\n<p><span style=\"font-weight: 400;\">Relacj\u0105 Live mo\u017ce by\u0107 nawet zwyk\u0142a sesja <\/span><b>Q&amp;A<\/b><span style=\"font-weight: 400;\">, czyli pogadanka z odbiorcami na interesuj\u0105ce ich tematy. Fajn\u0105 koncepcj\u0105 s\u0105 r\u00f3wnie\u017c rozmowy w formie wywiadu &#8211; znajdziecie je na Instagramie Honoraty Skarbek (@honkabiedronka) oraz Anny Skury (@whatannawears) &#8211; obydwie dziewczyny przeprowadzaj\u0105 rozmowy z innymi inspiruj\u0105cymi kobietami.<\/span><\/p>\n<p><img loading=\"lazy\" decoding=\"async\" class=\"aligncenter size-full wp-image-39931\" src=\"https:\/\/www.sotrender.com\/blog\/wp-content\/uploads\/2020\/03\/@thetravellingonion-1.png\" alt=\"\" width=\"700\" height=\"500\" srcset=\"https:\/\/www.sotrender.com\/blog\/wp-content\/uploads\/2020\/03\/@thetravellingonion-1.png 700w, https:\/\/www.sotrender.com\/blog\/wp-content\/uploads\/2020\/03\/@thetravellingonion-1-475x339.png 475w\" sizes=\"(max-width: 700px) 100vw, 700px\" \/><\/p>\n<p><b>Live to \u015bwietny spos\u00f3b by lepiej pokaza\u0107 siebie, to, jacy jeste\u015bmy, jakie mamy zainteresowania oraz uwiarygodni\u0107 nasze dzia\u0142ania w sieci.<\/b><\/p>\n<h2><strong>#4 Poradniki\u00a0<\/strong><\/h2>\n<p><span style=\"font-weight: 400;\">Je\u015bli nie czujecie si\u0119 swobodnie w m\u00f3wieniu na \u017cywo do kamery &#8211; nic straconego. Wci\u0105\u017c mo\u017cecie tworzy\u0107 tre\u015bci pisane (lub nagrywane, jednak nie w czasie rzeczywistym).<\/span><\/p>\n<p><b>To najlepszy moment na dzielenie si\u0119 swoj\u0105 wiedz\u0105<\/b><span style=\"font-weight: 400;\">. Poniewa\u017c tre\u015bci poradnikowe s\u0105 zazwyczaj d\u0142u\u017csze, wymagaj\u0105 przygotowania i opracowania, cz\u0119sto, cho\u0107 mamy na nie pomys\u0142, nie mamy czasu na jego zrealizowanie. Teraz dla wielu z Was z pewno\u015bci\u0105 nie powinna to by\u0107 wym\u00f3wka. Dodatkowo pami\u0119tajcie, \u017ce <\/span><b>to w\u0142a\u015bnie teraz odbiorcy szukaj\u0105 nowej wiedzy i maj\u0105 czas j\u0105 przyswoi\u0107.\u00a0<\/b><\/p>\n<p><span style=\"font-weight: 400;\">Forma poradnika? Dowolna.\u00a0<\/span><\/p>\n<ul>\n<li style=\"font-weight: 400;\"><span style=\"font-weight: 400;\">Wpis na blogu<\/span><\/li>\n<li style=\"font-weight: 400;\"><span style=\"font-weight: 400;\">Post na Facebooku, Instagramie &#8211; mo\u017ce by\u0107 te\u017c np. w formie cyklicznej<\/span><\/li>\n<li style=\"font-weight: 400;\"><span style=\"font-weight: 400;\">Seria Stories, np. na Instagramie<\/span><\/li>\n<li style=\"font-weight: 400;\"><span style=\"font-weight: 400;\">Wideo na YouTubie lub IGTV\u00a0<\/span><\/li>\n<li style=\"font-weight: 400;\"><span style=\"font-weight: 400;\">Ebook\u00a0<\/span><\/li>\n<\/ul>\n<p><span style=\"font-weight: 400;\">Przyk\u0142ady:\u00a0<\/span><\/p>\n<ul>\n<li style=\"font-weight: 400;\"><span style=\"font-weight: 400;\">Warsztaty tkackie &#8211; mini kurs online od @czuletkanki (wci\u0105\u017c dost\u0119pny w zapisanych relacjach)\u00a0<\/span><\/li>\n<li style=\"font-weight: 400;\"><a href=\"https:\/\/www.paniswojegoczasu.pl\/freakbujo\/jak-pieknie-pisac-w-bullet-journalu\/\"><span style=\"font-weight: 400;\">Minikurs letteringu<\/span><\/a><span style=\"font-weight: 400;\"> od Pani Swojego Czasu\u00a0<\/span><\/li>\n<li style=\"font-weight: 400;\"><span style=\"font-weight: 400;\">Mini poradnik od fotografki @tola.piotrowska o robieniu zdj\u0119\u0107 w warunkach domowych (r\u00f3wnie\u017c znajdziecie go w zapisanych relacjach na jej Instagramie); podobny materia\u0142 znajdziecie u @travelicious<\/span><\/li>\n<li style=\"font-weight: 400;\"><span style=\"font-weight: 400;\">Lekcje dot. fotografii i retuszu zdj\u0119\u0107 od fotografki @marta.wojtal (r\u00f3wnie\u017c znajdziecie je w relacjach zapisanych).\u00a0<\/span><\/li>\n<li style=\"font-weight: 400;\"><span style=\"font-weight: 400;\">Warsztaty origami &#8211; @harelblog<\/span><\/li>\n<li style=\"font-weight: 400;\"><a href=\"https:\/\/www.instagram.com\/p\/B-AT3gEp50g\/\">Tutorial wykonywania manicure hybrydowego<\/a> w warunkach domowych od @neonail<\/li>\n<li style=\"font-weight: 400;\"><span style=\"font-weight: 400;\">Tutorial <\/span><a href=\"https:\/\/www.youtube.com\/watch?v=IO-I8T-5q3Q\"><span style=\"font-weight: 400;\">o przerabianiu ubra\u0144 i szyciu z resztek<\/span><\/a><span style=\"font-weight: 400;\"> (na kanale Burda Polska na YouTube w ramach akcji <\/span><b>#zaszyjsi\u0119wdomu<\/b><span style=\"font-weight: 400;\"> zapocz\u0105tkowanej przez @uchatka_net)<\/span><\/li>\n<\/ul>\n<p><iframe loading=\"lazy\" src=\"https:\/\/www.youtube.com\/embed\/IO-I8T-5q3Q\" width=\"560\" height=\"315\" frameborder=\"0\" allowfullscreen=\"allowfullscreen\"><\/iframe><\/p>\n<p><span style=\"font-weight: 400;\">Poradnik mo\u017ce przybra\u0107 te\u017c d\u0142u\u017csz\u0105 form\u0119, np. wspomnianego <\/span><b>ebooka<\/b><span style=\"font-weight: 400;\">. Pami\u0119tajcie jednak, \u017ce na jego przygotowanie potrzeba sporo czasu, a co wa\u017cniejsze konieczne jest posiadanie ju\u017c swojej zaanga\u017cowanej grupy odbiorc\u00f3w, kt\u00f3rzy b\u0119d\u0105 nim zainteresowani. W innym przypadku zwyczajnie nie b\u0119dziecie mie\u0107 szansy, by dotrze\u0107 do os\u00f3b, kt\u00f3re z niego skorzystaj\u0105. Nawet je\u015bli posiadacie wielk\u0105 wiedz\u0119, jednak nie macie zbudowanej swojej spo\u0142eczno\u015bci, nawet z najlepszym produktem na rynku ci\u0119\u017cko b\u0119dzie odnie\u015b\u0107 sukces.\u00a0<\/span><\/p>\n<h2><strong>#5 Podcasty\u00a0<\/strong><\/h2>\n<p><span style=\"font-weight: 400;\">Kolejnym formatem, kt\u00f3ry staje si\u0119 coraz bardziej popularny s\u0105 <\/span><b>podcasty<\/b><span style=\"font-weight: 400;\">.\u00a0<\/span><\/p>\n<p><span style=\"font-weight: 400;\">Przygotowanie podcastu zajmuje jednak \u201ctroch\u0119\u201d czasu. Jest to te\u017c format wymagaj\u0105cy posiadania odpowiedniego sprz\u0119tu jak i wielu przygotowa\u0144.\u00a0<\/span><span style=\"font-weight: 400;\">Nawet je\u015bli Tw\u00f3j podcast nie ujrzy teraz \u015bwiat\u0142a dziennego, mo\u017ce to dobry moment, \u017ceby rozwa\u017cy\u0107 publikowanie tre\u015bci w takiej formie, zrobi\u0107 burz\u0119 m\u00f3zg\u00f3w, napisa\u0107 scenariusze, czy chocia\u017cby po\u0107wiczy\u0107 przed mikrofonem i oswoi\u0107 si\u0119 ze swoim g\u0142osem?\u00a0<\/span><\/p>\n<p><span style=\"font-weight: 400;\">Tymczasem pos\u0142uchajcie, jak to robi\u0105 inni, np.<\/span><\/p>\n<ul>\n<li style=\"font-weight: 400;\"><span style=\"font-weight: 400;\">Ola Budzy\u0144ska, lepiej znana jako <a href=\"https:\/\/www.paniswojegoczasu.pl\/category\/podcast\/\">Pani Swojego Czasu<\/a> &#8211; o budowaniu biznesu online i zarz\u0105dzaniu czasem<\/span><\/li>\n<li style=\"font-weight: 400;\">Maciej z <a href=\"http:\/\/www.dzialzagraniczny.pl\/category\/podcasty\/\">Dzia\u0142u Zagranicznego<\/a> &#8211; o wydarzeniach na \u015bwiecie (o kt\u00f3rych nie us\u0142yszycie cz\u0119sto w polskich mediach)<\/li>\n<li style=\"font-weight: 400;\"><span style=\"font-weight: 400;\">Joanna Okuniewska (<a href=\"https:\/\/www.youtube.com\/channel\/UCT9eVYzow7G9lnktgSrdx4A\/\">Tu Okuniewska<\/a>) &#8211; o mi\u0142o\u015bci i \u017cyciu, po prostu \ud83d\ude09\u00a0<\/span><\/li>\n<li>Psychologowie w ramach <a href=\"http:\/\/podcast.swps.pl\/episodes\">Strefy Psyche Uniwersytetu SWPS<\/a><\/li>\n<li><a href=\"https:\/\/jakoszczedzacpieniadze.pl\/podcast\">Micha\u0142 Szafra\u0144ski<\/a> &#8211; o zarz\u0105dzaniu finansami, inwestowaniu i oszcz\u0119dzaniu pieni\u0119dzy<\/li>\n<\/ul>\n<p><iframe loading=\"lazy\" src=\"https:\/\/www.youtube.com\/embed\/luar1V-aFY8\" width=\"560\" height=\"315\" frameborder=\"0\" allowfullscreen=\"allowfullscreen\"><\/iframe><\/p>\n<h2><strong>#6 Seria polece\u0144<\/strong><\/h2>\n<p><span style=\"font-weight: 400;\">Polecenia ksi\u0105\u017cek, film\u00f3w i seriali zala\u0142y w ostatnich dniach Internet. Jednak pewnie ka\u017cdy z nas ma ju\u017c tak d\u0142ug\u0105 list\u0119 \u201cdo czytania\u201d i \u201cdo ogl\u0105dania\u201d, \u017ce pozycji starczy na najbli\u017cszych dobrych kilka miesi\u0119cy (a mamy mimo wszystko nadziej\u0119, \u017ce <\/span><a href=\"https:\/\/www.sotrender.com\/blog\/pl\/2020\/03\/popularnosc-zostanwdomu-na-instagramie-infografika\/\"><span style=\"font-weight: 400;\">akcja #zosta\u0144wdomu<\/span><\/a><span style=\"font-weight: 400;\"> nie b\u0119dzie tyle trwa\u0142a).\u00a0<\/span><\/p>\n<p><span style=\"font-weight: 400;\"><strong>W\u0142asne polecenia sprawdzonych produkt\u00f3w<\/strong> s\u0105 fajne dop\u00f3ki nie s\u0105 powielane przez dziesi\u0105tki, czy nawet setki, os\u00f3b. Wci\u0105\u017c jest to dobry pomys\u0142 na content, jednak <strong>warto skupi\u0107 si\u0119 na niszy<\/strong>: na czym\u015b, w czym si\u0119 specjalizujecie, lub swoich ma\u0142o popularnych zainteresowaniach. Czytacie komiksy, ogl\u0105dacie seriale przyrodnicze, znacie si\u0119 na wyposa\u017ceniu i sprz\u0119tach kuchennych i mo\u017cecie zrobi\u0107 swoje subiektywne zestawienie must-have\u2019\u00f3w? Super!\u00a0<\/span><\/p>\n<p><span style=\"font-weight: 400;\">Szczeg\u00f3lnie w przypadku e-commerc\u00f3w mog\u0105 by\u0107 to tre\u015bci stosunkowo \u0142atwe do przygotowania. Jednak nie wahajcie si\u0119 robi\u0107 takich zestawie\u0144 ulubionych produkt\u00f3w czy polecanych produkt\u00f3w z firm, z kt\u00f3rymi wsp\u00f3\u0142pracujecie lub kt\u00f3re cenicie. Macie firmowego bloga? Zr\u00f3bcie zestawienie najch\u0119tniej czytanych tre\u015bci z ostatnich, nawet kilku, lat.\u00a0<\/span><\/p>\n<p><iframe loading=\"lazy\" style=\"border: none; overflow: hidden;\" src=\"https:\/\/www.facebook.com\/plugins\/post.php?href=https%3A%2F%2Fwww.facebook.com%2Fworldbox.sneakerstore%2Fposts%2F3432644646763351&amp;width=500\" width=\"500\" height=\"671\" frameborder=\"0\" scrolling=\"no\"><\/iframe><\/p>\n<p><span style=\"font-weight: 400;\">Nie mo\u017ce by\u0107 inaczej, sami powinni\u015bmy \u015bwieci\u0107 przyk\u0142adem \ud83d\ude09 Dlatego przygotowali\u015bmy <\/span><a href=\"https:\/\/www.sotrender.com\/blog\/2020\/03\/marketing-resources-quarantine\/\"><span style=\"font-weight: 400;\">zestawienie zagranicznych tre\u015bci dla marketer\u00f3w, kt\u00f3re s\u0105 warte uwagi<\/span><\/a><span style=\"font-weight: 400;\">.<\/span><\/p>\n<h2><strong>#7 Poka\u017c, jak pomagasz<\/strong><\/h2>\n<p><span style=\"font-weight: 400;\">Cho\u0107 CSR odnosi si\u0119 bezpo\u015brednio do korporacji czy przedsi\u0119biorstw,<strong> szerzenie spo\u0142ecznej odpowiedzialno\u015bci<\/strong> mo\u017ce dotyczy\u0107 ka\u017cdego rodzaju dzia\u0142alno\u015bci.\u00a0<\/span><\/p>\n<p><span style=\"font-weight: 400;\">Czo\u0142owi influencerzy na ca\u0142ym \u015bwiecie, mikroinfluencerzy, korporacje, najwi\u0119ksze globalne marki, jak i lokalne biznesy &#8211; ka\u017cdy mo\u017ce, i coraz cz\u0119\u015bciej chce, pokaza\u0107, \u017ce widzi i reaguje na problemy spo\u0142eczne, dba o dobro og\u00f3\u0142u, ma perspektyw\u0119 szersz\u0105 ni\u017c obszar w\u0142asnej dzia\u0142alno\u015bci. W obecnej sytuacji to wa\u017cniejsze ni\u017c kiedykolwiek.\u00a0<\/span><\/p>\n<p><span style=\"font-weight: 400;\">Publikowanie na kana\u0142ach spo\u0142eczno\u015bciowych marki informacji o wsparciu, kt\u00f3rego udziela nasza organizacja (lub my osobi\u015bcie) ma przede wszystkim charakter informacyjny. Oczywi\u015bcie szerzenie poczucia odpowiedzialno\u015bci spo\u0142ecznej mo\u017ce spowodowa\u0107 r\u00f3wnie\u017c, \u017ce cz\u0119\u015b\u0107 klient\u00f3w zacznie na nas przychylniej patrze\u0107 oraz b\u0119dzie bardziej zmotywowana do zakupu. Innymi s\u0142owy, nasza reputacja online mo\u017ce tak\u017ce na tym zyska\u0107.\u00a0\u00a0<\/span><\/p>\n<blockquote class=\"instagram-media\" style=\"background: #FFF; border: 0; border-radius: 3px; box-shadow: 0 0 1px 0 rgba(0,0,0,0.5),0 1px 10px 0 rgba(0,0,0,0.15); margin: 1px; max-width: 540px; min-width: 326px; padding: 0; width: calc(100% - 2px);\" data-instgrm-permalink=\"https:\/\/www.instagram.com\/p\/B-FRYVDJxBu\/?utm_source=ig_embed&amp;utm_campaign=loading\" data-instgrm-version=\"12\">\n<div style=\"padding: 16px;\">\n<p>&nbsp;<\/p>\n<div style=\"display: flex; flex-direction: row; align-items: center;\"><\/div>\n<div style=\"padding: 19% 0;\"><\/div>\n<div style=\"display: block; height: 50px; margin: 0 auto 12px; width: 50px;\"><\/div>\n<div style=\"padding-top: 8px;\">\n<div style=\"color: #3897f0; font-family: Arial,sans-serif; font-size: 14px; font-style: normal; font-weight: 550; line-height: 18px;\">View this post on Instagram<\/div>\n<\/div>\n<div style=\"padding: 12.5% 0;\"><\/div>\n<div style=\"display: flex; flex-direction: row; margin-bottom: 14px; align-items: center;\"><\/div>\n<div style=\"display: flex; flex-direction: column; flex-grow: 1; justify-content: center; margin-bottom: 24px;\"><\/div>\n<p>&nbsp;<\/p>\n<p style=\"color: #c9c8cd; font-family: Arial,sans-serif; font-size: 14px; line-height: 17px; margin-bottom: 0; margin-top: 8px; overflow: hidden; padding: 8px 0 7px; text-align: center; text-overflow: ellipsis; white-space: nowrap;\"><a style=\"color: #c9c8cd; font-family: Arial,sans-serif; font-size: 14px; font-style: normal; font-weight: normal; line-height: 17px; text-decoration: none;\" href=\"https:\/\/www.instagram.com\/p\/B-FRYVDJxBu\/?utm_source=ig_embed&amp;utm_campaign=loading\" target=\"_blank\" rel=\"noopener\">A post shared by R\u00eaves (@reves__store)<\/a> on <time style=\"font-family: Arial,sans-serif; font-size: 14px; line-height: 17px;\" datetime=\"2020-03-23T16:10:45+00:00\">Mar 23, 2020 at 9:10am PDT<\/time><\/p>\n<\/div>\n<\/blockquote>\n<p><script async src=\"\/\/www.instagram.com\/embed.js\"><\/script><\/p>\n<p><i><span style=\"font-weight: 400;\">Sami zdecydujcie, czy to trend czy obowi\u0105zek.\u00a0<\/span><\/i><\/p>\n<h2><strong>Co zrobi\u0107 w sytuacji, gdy musz\u0119 opublikowa\u0107 zaplanowany wcze\u015bniej content?\u00a0<\/strong><\/h2>\n<p><span style=\"font-weight: 400;\">Jeszcze kilka tygodni temu nikt nie spodziewa\u0142 si\u0119 sytuacji, w jakiej si\u0119 w\u0142a\u015bnie znale\u017ali\u015bmy. Wraz z pocz\u0105tkiem roku przygotowywali\u015bmy strategie, planowali\u015bmy wsp\u00f3\u0142prace, tworzyli\u015bmy tre\u015bci w perspektywie d\u0142ugoterminowej.\u00a0<\/span><\/p>\n<p><span style=\"font-weight: 400;\">Cz\u0119\u015b\u0107 z nich w wi\u0119kszo\u015bci przypadk\u00f3w uda si\u0119 najprawdopodobniej opublikowa\u0107 zgodnie z planem, inne b\u0119d\u0105 wymaga\u0142y modyfikacji b\u0105d\u017a przesuni\u0119cia w czasie. Jednak nie zawsze jest to mo\u017cliwe.<\/span><\/p>\n<p><span style=\"font-weight: 400;\">Szczeg\u00f3lnie mniejsze marki, kt\u00f3re same odpowiadaj\u0105 za swoj\u0105 komunikacj\u0119, maj\u0105 nieco u\u0142atwione zadanie, poniewa\u017c same mog\u0105 podejmowa\u0107 stosowne decyzje.<\/span><\/p>\n<p><span style=\"font-weight: 400;\">Inaczej to wygl\u0105da z perspektywy influencer\u00f3w, kt\u00f3rzy cz\u0119sto zobowi\u0105zani s\u0105 umowami z innymi podmiotami.\u00a0<\/span><\/p>\n<p><span style=\"font-weight: 400;\">Co zrobi\u0107 w takiej sytuacji?\u00a0<\/span><\/p>\n<p><span style=\"font-weight: 400;\">Je\u015bli macie zaplanowane tre\u015bci, kt\u00f3re Waszym zdaniem nie pasuj\u0105 do obecnej sytuacji, warto postara\u0107 si\u0119, w miar\u0119 mo\u017cliwo\u015bci, zmodyfikowa\u0107 je, lub przesun\u0105\u0107 publikacj\u0119 na p\u00f3\u017aniejszy termin.\u00a0<\/span><\/p>\n<p><span style=\"font-weight: 400;\">Mog\u0105 si\u0119 zdarzy\u0107 r\u00f3wnie\u017c sytuacje, \u017ce b\u0119dziecie musieli zwyczajnie wywi\u0105za\u0107 si\u0119 z um\u00f3w, ustale\u0144, termin\u00f3w i zobowi\u0105za\u0144, kt\u00f3rych si\u0119 podj\u0119li\u015bcie. <\/span><b>B\u0105d\u017acie wtedy szczerzy ze swoimi odbiorcami.<\/b><span style=\"font-weight: 400;\"> Wyja\u015bnijcie im, jak wygl\u0105da sytuacja. <\/span><b>Wyt\u0142umaczcie, jak dzia\u0142a bran\u017ca <\/b><span style=\"font-weight: 400;\">(marketingu czy influence marketingu). Wasi odbiorcy zwyczajnie mog\u0105 nie wiedzie\u0107, \u017ce takie wsp\u00f3\u0142prace planuje si\u0119 z du\u017cym wyprzedzeniem i nierzadko zdarza si\u0119, \u017ce z\u0142amanie warunk\u00f3w umowy kosztowa\u0107 nas mo\u017ce kilka tysi\u0119cy z\u0142otych.\u00a0<\/span><\/p>\n<p><span style=\"font-weight: 400;\">Z pewno\u015bci\u0105 otaczaj\u0105 Was \u015bwiadomi odbiorcy, kt\u00f3rzy po kilku s\u0142owach wst\u0119pu, zrozumiej\u0105 sytuacj\u0119 oraz kontekst opublikowania danej tre\u015bci w\u0142a\u015bnie w tym momencie.\u00a0<\/span><\/p>\n<h2><strong>Co je\u015bli dalej nie wiem co publikowa\u0107?\u00a0<\/strong><\/h2>\n<p><span style=\"font-weight: 400;\">Dalej nie macie pewno\u015bci, jakie tre\u015bci warto obecnie publikowa\u0107? Jakie Wasi odbiorcy ch\u0119tnie zobacz\u0105 i jakie b\u0119d\u0105 przez nich dobrze odebrane?\u00a0<\/span><\/p>\n<p><span style=\"font-weight: 400;\">Rozwi\u0105zanie jest proste, <\/span><b>zapytajcie ich!\u00a0<\/b><\/p>\n<p><b>Zdobycie tej wiedzy nigdy nie by\u0142o prostsze<\/b><span style=\"font-weight: 400;\"> &#8211; wystarczy post na Instagramie czy Facebooku lub Stories z elementami interaktywnymi, gdzie jednym klikni\u0119ciem u\u017cytkownicy mog\u0105 da\u0107 zna\u0107, jakie tre\u015bci chcieliby u Was obecnie ogl\u0105da\u0107.\u00a0<\/span><\/p>\n<p><img loading=\"lazy\" decoding=\"async\" class=\"aligncenter size-full wp-image-39933\" src=\"https:\/\/www.sotrender.com\/blog\/wp-content\/uploads\/2020\/03\/@thetravellingonion.png\" alt=\"\" width=\"700\" height=\"500\" srcset=\"https:\/\/www.sotrender.com\/blog\/wp-content\/uploads\/2020\/03\/@thetravellingonion.png 700w, https:\/\/www.sotrender.com\/blog\/wp-content\/uploads\/2020\/03\/@thetravellingonion-475x339.png 475w\" sizes=\"(max-width: 700px) 100vw, 700px\" \/><\/p>\n<p><span style=\"font-weight: 400;\">W wi\u0119kszo\u015bci przypadk\u00f3w najprawdopodobniej oka\u017ce si\u0119, \u017ce wci\u0105\u017c b\u0119dziecie mogli <\/span><b>publikowa\u0107, to, co zawsze<\/b><span style=\"font-weight: 400;\">. Dla wielu os\u00f3b b\u0119dzie to nie tylko odskocznia od bie\u017c\u0105cych problem\u00f3w, ale tak\u017ce przejaw normalno\u015bci.<\/span><\/p>\n<p><span style=\"font-weight: 400;\">Je\u015bli chcecie dobrze wykorzysta\u0107 ten wzmo\u017cony obecnie ruch w Internecie, zacznijcie od analizy tre\u015bci, kt\u00f3re publikowali\u015bcie w minionych miesi\u0105cach. Sprawd\u017acie:\u00a0<\/span><\/p>\n<ul>\n<li style=\"font-weight: 400;\"><span style=\"font-weight: 400;\">jak wygl\u0105da\u0142a liczba wy\u015bwietle\u0144 tre\u015bci na YouTube\u2019ie lub w Instagram Stories w ostatnich miesi\u0105cach?\u00a0<\/span><\/li>\n<li style=\"font-weight: 400;\"><span style=\"font-weight: 400;\">jak kszta\u0142towa\u0142 si\u0119 ruch na blogu, kt\u00f3re wpisy mia\u0142y najwi\u0119cej wy\u015bwietle\u0144?\u00a0<\/span><\/li>\n<li style=\"font-weight: 400;\"><span style=\"font-weight: 400;\">kt\u00f3re posty na Facebooku oraz Instagramie mia\u0142y najwi\u0119ksze zaanga\u017cowanie?<\/span><\/li>\n<\/ul>\n<div id=\"attachment_39935\" style=\"width: 1013px\" class=\"wp-caption aligncenter\"><img loading=\"lazy\" decoding=\"async\" aria-describedby=\"caption-attachment-39935\" class=\" wp-image-39935\" src=\"https:\/\/www.sotrender.com\/blog\/wp-content\/uploads\/2020\/03\/Zrzut-ekranu-2020-03-26-o-10.46.32.png\" alt=\"najlepsze posty, sotrender\" width=\"1003\" height=\"308\" srcset=\"https:\/\/www.sotrender.com\/blog\/wp-content\/uploads\/2020\/03\/Zrzut-ekranu-2020-03-26-o-10.46.32.png 1660w, https:\/\/www.sotrender.com\/blog\/wp-content\/uploads\/2020\/03\/Zrzut-ekranu-2020-03-26-o-10.46.32-475x146.png 475w, https:\/\/www.sotrender.com\/blog\/wp-content\/uploads\/2020\/03\/Zrzut-ekranu-2020-03-26-o-10.46.32-768x236.png 768w, https:\/\/www.sotrender.com\/blog\/wp-content\/uploads\/2020\/03\/Zrzut-ekranu-2020-03-26-o-10.46.32-950x292.png 950w\" sizes=\"(max-width: 1003px) 100vw, 1003px\" \/><p id=\"caption-attachment-39935\" class=\"wp-caption-text\">Analiza najlepszych post\u00f3w, <a href=\"http:\/\/www.sotrender.com\/pl\">Sotrender<\/a><\/p><\/div>\n<p style=\"text-align: center;\"><!--HubSpot Call-to-Action Code --><span id=\"hs-cta-wrapper-e364a53b-e088-40b5-9217-e39eba9fa7cc\" class=\"hs-cta-wrapper\"><span id=\"hs-cta-e364a53b-e088-40b5-9217-e39eba9fa7cc\" class=\"hs-cta-node hs-cta-e364a53b-e088-40b5-9217-e39eba9fa7cc\"><!-- [if lte IE 8]><\/p>\n\n\n\n\n\n<div id=\"hs-cta-ie-element\"><\/div>\n\n\n<![endif]--><a href=\"https:\/\/cta-redirect.hubspot.com\/cta\/redirect\/3842881\/e364a53b-e088-40b5-9217-e39eba9fa7cc\" target=\"_blank\" rel=\"noopener\"><img decoding=\"async\" id=\"hs-cta-img-e364a53b-e088-40b5-9217-e39eba9fa7cc\" class=\"hs-cta-img aligncenter\" style=\"border-width: 0px;\" src=\"https:\/\/no-cache.hubspot.com\/cta\/default\/3842881\/e364a53b-e088-40b5-9217-e39eba9fa7cc.png\" alt=\"Rozpocznij analiz\u0119 swoich dzia\u0142a\u0144 social media\" \/><\/a><\/span><script charset=\"utf-8\" src=\"https:\/\/js.hscta.net\/cta\/current.js\"><\/script><script type=\"text\/javascript\"> hbspt.cta.load(3842881, 'e364a53b-e088-40b5-9217-e39eba9fa7cc', {}); <\/script><\/span><!-- end HubSpot Call-to-Action Code --><\/p>\n<p><span style=\"font-weight: 400;\">Je\u015bli Wasza marka dopiero wchodzi na rynek online, potrzebujecie od\u015bwie\u017cy\u0107 wiedz\u0119 o swojej grupie docelowe (jej zainteresowaniach i zachowaniach), lub przeanalizowa\u0107 ich dynamik\u0119 na przestrzeni ostatnich tygodni, przypominamy o mo\u017cliwo\u015bci zam\u00f3wienia w <a href=\"http:\/\/www.sotrender.com\/pl\">Sotrenderze<\/a> raportu Audience Scan oraz Audience Interest, w kt\u00f3rych znajdziecie odpowiedzi na te pytania.\u00a0<\/span><\/p>\n<p><i><span style=\"font-weight: 400;\">Powodzenia!\u00a0<\/span><\/i><\/p>\n<p>&nbsp;<\/p>\n","protected":false},"excerpt":{"rendered":"<p>Kana\u0142y social media rz\u0105dz\u0105 si\u0119 swoimi prawami: ma by\u0107 przyjemnie, a tre\u015bci maj\u0105 by\u0107 lekkie i \u0142atwe w odbiorze. Ale czy zawsze? Ju\u017c nie raz si\u0119 przekonywali\u015bmy, \u017ce media spo\u0142eczno\u015bciowe \u201cmaj\u0105 moc\u201d i mog\u0105 s\u0142u\u017cy\u0107 te\u017c bardziej szczytnym celom czy zwi\u0119kszaniu \u015bwiadomo\u015bci spo\u0142ecznej.\u00a0<\/p>\n","protected":false},"author":89,"featured_media":39947,"comment_status":"open","ping_status":"open","sticky":false,"template":"","format":"standard","meta":{"inline_featured_image":false,"footnotes":""},"categories":[2275,1797,1803,2125],"tags":[1573,2429],"yoast_head":"<!-- This site is optimized with the Yoast SEO plugin v22.4 - https:\/\/yoast.com\/wordpress\/plugins\/seo\/ -->\n<title>Jakie tre\u015bci publikowa\u0107 w czasie pandemii? [PORADNIK]<\/title>\n<meta name=\"description\" content=\"Zastanawiasz si\u0119, co publikowa\u0107 w czasie pandemii na kana\u0142ach social media? Przygotowali\u015bmy mas\u0119 contentowych inspiracji wraz z przyk\u0142adami.\" \/>\n<meta name=\"robots\" content=\"index, follow, max-snippet:-1, max-image-preview:large, max-video-preview:-1\" \/>\n<link rel=\"canonical\" href=\"https:\/\/www.sotrender.com\/blog\/pl\/2020\/03\/jakie-tresci-publikowac-w-czasie-pandemii-poradnik\/\" \/>\n<meta property=\"og:locale\" content=\"pl_PL\" \/>\n<meta property=\"og:type\" content=\"article\" \/>\n<meta property=\"og:title\" content=\"Jakie tre\u015bci publikowa\u0107 w czasie pandemii? [PORADNIK]\" \/>\n<meta property=\"og:description\" content=\"Zastanawiasz si\u0119, co publikowa\u0107 w czasie pandemii na kana\u0142ach social media? Przygotowali\u015bmy mas\u0119 contentowych inspiracji wraz z przyk\u0142adami.\" \/>\n<meta property=\"og:url\" content=\"https:\/\/www.sotrender.com\/blog\/pl\/2020\/03\/jakie-tresci-publikowac-w-czasie-pandemii-poradnik\/\" \/>\n<meta property=\"og:site_name\" content=\"Sotrender Blog\" \/>\n<meta property=\"article:publisher\" content=\"https:\/\/www.facebook.com\/Sotrender\" \/>\n<meta property=\"article:published_time\" content=\"2020-03-31T10:02:21+00:00\" \/>\n<meta property=\"article:modified_time\" content=\"2020-03-31T10:09:59+00:00\" \/>\n<meta property=\"og:image\" content=\"https:\/\/www.sotrender.com\/blog\/wp-content\/uploads\/2020\/03\/kobu-agency-VC6wV37B12A-unsplash.jpg\" \/>\n\t<meta property=\"og:image:width\" content=\"1920\" \/>\n\t<meta property=\"og:image:height\" content=\"1280\" \/>\n\t<meta property=\"og:image:type\" content=\"image\/jpeg\" \/>\n<meta name=\"author\" content=\"Klaudia \u017by\u0142ka\" \/>\n<meta name=\"twitter:card\" content=\"summary_large_image\" \/>\n<meta name=\"twitter:creator\" content=\"@Sotrender\" \/>\n<meta name=\"twitter:site\" content=\"@Sotrender\" \/>\n<meta name=\"twitter:label1\" content=\"Written by\" \/>\n\t<meta name=\"twitter:data1\" content=\"Klaudia \u017by\u0142ka\" \/>\n\t<meta name=\"twitter:label2\" content=\"Est. reading time\" \/>\n\t<meta name=\"twitter:data2\" content=\"14 minutes\" \/>\n<script type=\"application\/ld+json\" class=\"yoast-schema-graph\">{\"@context\":\"https:\/\/schema.org\",\"@graph\":[{\"@type\":\"WebPage\",\"@id\":\"https:\/\/www.sotrender.com\/blog\/pl\/2020\/03\/jakie-tresci-publikowac-w-czasie-pandemii-poradnik\/\",\"url\":\"https:\/\/www.sotrender.com\/blog\/pl\/2020\/03\/jakie-tresci-publikowac-w-czasie-pandemii-poradnik\/\",\"name\":\"Jakie tre\u015bci publikowa\u0107 w czasie pandemii? [PORADNIK]\",\"isPartOf\":{\"@id\":\"https:\/\/www.sotrender.com\/blog\/#website\"},\"primaryImageOfPage\":{\"@id\":\"https:\/\/www.sotrender.com\/blog\/pl\/2020\/03\/jakie-tresci-publikowac-w-czasie-pandemii-poradnik\/#primaryimage\"},\"image\":{\"@id\":\"https:\/\/www.sotrender.com\/blog\/pl\/2020\/03\/jakie-tresci-publikowac-w-czasie-pandemii-poradnik\/#primaryimage\"},\"thumbnailUrl\":\"https:\/\/www.sotrender.com\/blog\/wp-content\/uploads\/2020\/03\/kobu-agency-VC6wV37B12A-unsplash.jpg\",\"datePublished\":\"2020-03-31T10:02:21+00:00\",\"dateModified\":\"2020-03-31T10:09:59+00:00\",\"author\":{\"@id\":\"https:\/\/www.sotrender.com\/blog\/#\/schema\/person\/038ac5e276c5d102d8cbb9c36cd43416\"},\"description\":\"Zastanawiasz si\u0119, co publikowa\u0107 w czasie pandemii na kana\u0142ach social media? Przygotowali\u015bmy mas\u0119 contentowych inspiracji wraz z przyk\u0142adami.\",\"breadcrumb\":{\"@id\":\"https:\/\/www.sotrender.com\/blog\/pl\/2020\/03\/jakie-tresci-publikowac-w-czasie-pandemii-poradnik\/#breadcrumb\"},\"inLanguage\":\"pl-PL\",\"potentialAction\":[{\"@type\":\"ReadAction\",\"target\":[\"https:\/\/www.sotrender.com\/blog\/pl\/2020\/03\/jakie-tresci-publikowac-w-czasie-pandemii-poradnik\/\"]}]},{\"@type\":\"ImageObject\",\"inLanguage\":\"pl-PL\",\"@id\":\"https:\/\/www.sotrender.com\/blog\/pl\/2020\/03\/jakie-tresci-publikowac-w-czasie-pandemii-poradnik\/#primaryimage\",\"url\":\"https:\/\/www.sotrender.com\/blog\/wp-content\/uploads\/2020\/03\/kobu-agency-VC6wV37B12A-unsplash.jpg\",\"contentUrl\":\"https:\/\/www.sotrender.com\/blog\/wp-content\/uploads\/2020\/03\/kobu-agency-VC6wV37B12A-unsplash.jpg\",\"width\":1920,\"height\":1280},{\"@type\":\"BreadcrumbList\",\"@id\":\"https:\/\/www.sotrender.com\/blog\/pl\/2020\/03\/jakie-tresci-publikowac-w-czasie-pandemii-poradnik\/#breadcrumb\",\"itemListElement\":[{\"@type\":\"ListItem\",\"position\":1,\"name\":\"Home\",\"item\":\"https:\/\/www.sotrender.com\/blog\/\"},{\"@type\":\"ListItem\",\"position\":2,\"name\":\"Jakie tre\u015bci publikowa\u0107 w czasie pandemii? Poradnik dla firm, agencji i influencer\u00f3w\"}]},{\"@type\":\"WebSite\",\"@id\":\"https:\/\/www.sotrender.com\/blog\/#website\",\"url\":\"https:\/\/www.sotrender.com\/blog\/\",\"name\":\"Sotrender Blog\",\"description\":\"\",\"potentialAction\":[{\"@type\":\"SearchAction\",\"target\":{\"@type\":\"EntryPoint\",\"urlTemplate\":\"https:\/\/www.sotrender.com\/blog\/?s={search_term_string}\"},\"query-input\":\"required name=search_term_string\"}],\"inLanguage\":\"pl-PL\"},{\"@type\":\"Person\",\"@id\":\"https:\/\/www.sotrender.com\/blog\/#\/schema\/person\/038ac5e276c5d102d8cbb9c36cd43416\",\"name\":\"Klaudia \u017by\u0142ka\",\"image\":{\"@type\":\"ImageObject\",\"inLanguage\":\"pl-PL\",\"@id\":\"https:\/\/www.sotrender.com\/blog\/#\/schema\/person\/image\/\",\"url\":\"https:\/\/secure.gravatar.com\/avatar\/f55d5d49ce3c448e1ffde0ab078d84cd?s=96&d=mm&r=g\",\"contentUrl\":\"https:\/\/secure.gravatar.com\/avatar\/f55d5d49ce3c448e1ffde0ab078d84cd?s=96&d=mm&r=g\",\"caption\":\"Klaudia \u017by\u0142ka\"},\"description\":\"Instagram, dogs, books and food lover. Former student at Warsaw University and Malm\u00f6 University. Improving her marketing skills every day. Proud owner of DIMAQ certificate\",\"sameAs\":[\"https:\/\/www.linkedin.com\/in\/klaudia-\u017cy\u0142ka-17527779\"],\"url\":\"https:\/\/www.sotrender.com\/blog\/pl\/author\/klaudia_yka\/\"}]}<\/script>\n<!-- \/ Yoast SEO plugin. -->","yoast_head_json":{"title":"Jakie tre\u015bci publikowa\u0107 w czasie pandemii? [PORADNIK]","description":"Zastanawiasz si\u0119, co publikowa\u0107 w czasie pandemii na kana\u0142ach social media? Przygotowali\u015bmy mas\u0119 contentowych inspiracji wraz z przyk\u0142adami.","robots":{"index":"index","follow":"follow","max-snippet":"max-snippet:-1","max-image-preview":"max-image-preview:large","max-video-preview":"max-video-preview:-1"},"canonical":"https:\/\/www.sotrender.com\/blog\/pl\/2020\/03\/jakie-tresci-publikowac-w-czasie-pandemii-poradnik\/","og_locale":"pl_PL","og_type":"article","og_title":"Jakie tre\u015bci publikowa\u0107 w czasie pandemii? [PORADNIK]","og_description":"Zastanawiasz si\u0119, co publikowa\u0107 w czasie pandemii na kana\u0142ach social media? Przygotowali\u015bmy mas\u0119 contentowych inspiracji wraz z przyk\u0142adami.","og_url":"https:\/\/www.sotrender.com\/blog\/pl\/2020\/03\/jakie-tresci-publikowac-w-czasie-pandemii-poradnik\/","og_site_name":"Sotrender Blog","article_publisher":"https:\/\/www.facebook.com\/Sotrender","article_published_time":"2020-03-31T10:02:21+00:00","article_modified_time":"2020-03-31T10:09:59+00:00","og_image":[{"width":1920,"height":1280,"url":"https:\/\/www.sotrender.com\/blog\/wp-content\/uploads\/2020\/03\/kobu-agency-VC6wV37B12A-unsplash.jpg","type":"image\/jpeg"}],"author":"Klaudia \u017by\u0142ka","twitter_card":"summary_large_image","twitter_creator":"@Sotrender","twitter_site":"@Sotrender","twitter_misc":{"Written by":"Klaudia \u017by\u0142ka","Est. reading time":"14 minutes"},"schema":{"@context":"https:\/\/schema.org","@graph":[{"@type":"WebPage","@id":"https:\/\/www.sotrender.com\/blog\/pl\/2020\/03\/jakie-tresci-publikowac-w-czasie-pandemii-poradnik\/","url":"https:\/\/www.sotrender.com\/blog\/pl\/2020\/03\/jakie-tresci-publikowac-w-czasie-pandemii-poradnik\/","name":"Jakie tre\u015bci publikowa\u0107 w czasie pandemii? [PORADNIK]","isPartOf":{"@id":"https:\/\/www.sotrender.com\/blog\/#website"},"primaryImageOfPage":{"@id":"https:\/\/www.sotrender.com\/blog\/pl\/2020\/03\/jakie-tresci-publikowac-w-czasie-pandemii-poradnik\/#primaryimage"},"image":{"@id":"https:\/\/www.sotrender.com\/blog\/pl\/2020\/03\/jakie-tresci-publikowac-w-czasie-pandemii-poradnik\/#primaryimage"},"thumbnailUrl":"https:\/\/www.sotrender.com\/blog\/wp-content\/uploads\/2020\/03\/kobu-agency-VC6wV37B12A-unsplash.jpg","datePublished":"2020-03-31T10:02:21+00:00","dateModified":"2020-03-31T10:09:59+00:00","author":{"@id":"https:\/\/www.sotrender.com\/blog\/#\/schema\/person\/038ac5e276c5d102d8cbb9c36cd43416"},"description":"Zastanawiasz si\u0119, co publikowa\u0107 w czasie pandemii na kana\u0142ach social media? Przygotowali\u015bmy mas\u0119 contentowych inspiracji wraz z przyk\u0142adami.","breadcrumb":{"@id":"https:\/\/www.sotrender.com\/blog\/pl\/2020\/03\/jakie-tresci-publikowac-w-czasie-pandemii-poradnik\/#breadcrumb"},"inLanguage":"pl-PL","potentialAction":[{"@type":"ReadAction","target":["https:\/\/www.sotrender.com\/blog\/pl\/2020\/03\/jakie-tresci-publikowac-w-czasie-pandemii-poradnik\/"]}]},{"@type":"ImageObject","inLanguage":"pl-PL","@id":"https:\/\/www.sotrender.com\/blog\/pl\/2020\/03\/jakie-tresci-publikowac-w-czasie-pandemii-poradnik\/#primaryimage","url":"https:\/\/www.sotrender.com\/blog\/wp-content\/uploads\/2020\/03\/kobu-agency-VC6wV37B12A-unsplash.jpg","contentUrl":"https:\/\/www.sotrender.com\/blog\/wp-content\/uploads\/2020\/03\/kobu-agency-VC6wV37B12A-unsplash.jpg","width":1920,"height":1280},{"@type":"BreadcrumbList","@id":"https:\/\/www.sotrender.com\/blog\/pl\/2020\/03\/jakie-tresci-publikowac-w-czasie-pandemii-poradnik\/#breadcrumb","itemListElement":[{"@type":"ListItem","position":1,"name":"Home","item":"https:\/\/www.sotrender.com\/blog\/"},{"@type":"ListItem","position":2,"name":"Jakie tre\u015bci publikowa\u0107 w czasie pandemii? Poradnik dla firm, agencji i influencer\u00f3w"}]},{"@type":"WebSite","@id":"https:\/\/www.sotrender.com\/blog\/#website","url":"https:\/\/www.sotrender.com\/blog\/","name":"Sotrender Blog","description":"","potentialAction":[{"@type":"SearchAction","target":{"@type":"EntryPoint","urlTemplate":"https:\/\/www.sotrender.com\/blog\/?s={search_term_string}"},"query-input":"required name=search_term_string"}],"inLanguage":"pl-PL"},{"@type":"Person","@id":"https:\/\/www.sotrender.com\/blog\/#\/schema\/person\/038ac5e276c5d102d8cbb9c36cd43416","name":"Klaudia \u017by\u0142ka","image":{"@type":"ImageObject","inLanguage":"pl-PL","@id":"https:\/\/www.sotrender.com\/blog\/#\/schema\/person\/image\/","url":"https:\/\/secure.gravatar.com\/avatar\/f55d5d49ce3c448e1ffde0ab078d84cd?s=96&d=mm&r=g","contentUrl":"https:\/\/secure.gravatar.com\/avatar\/f55d5d49ce3c448e1ffde0ab078d84cd?s=96&d=mm&r=g","caption":"Klaudia \u017by\u0142ka"},"description":"Instagram, dogs, books and food lover. Former student at Warsaw University and Malm\u00f6 University. Improving her marketing skills every day. Proud owner of DIMAQ certificate","sameAs":["https:\/\/www.linkedin.com\/in\/klaudia-\u017cy\u0142ka-17527779"],"url":"https:\/\/www.sotrender.com\/blog\/pl\/author\/klaudia_yka\/"}]}},"_links":{"self":[{"href":"https:\/\/www.sotrender.com\/blog\/pl\/wp-json\/wp\/v2\/posts\/39927"}],"collection":[{"href":"https:\/\/www.sotrender.com\/blog\/pl\/wp-json\/wp\/v2\/posts"}],"about":[{"href":"https:\/\/www.sotrender.com\/blog\/pl\/wp-json\/wp\/v2\/types\/post"}],"author":[{"embeddable":true,"href":"https:\/\/www.sotrender.com\/blog\/pl\/wp-json\/wp\/v2\/users\/89"}],"replies":[{"embeddable":true,"href":"https:\/\/www.sotrender.com\/blog\/pl\/wp-json\/wp\/v2\/comments?post=39927"}],"version-history":[{"count":6,"href":"https:\/\/www.sotrender.com\/blog\/pl\/wp-json\/wp\/v2\/posts\/39927\/revisions"}],"predecessor-version":[{"id":39955,"href":"https:\/\/www.sotrender.com\/blog\/pl\/wp-json\/wp\/v2\/posts\/39927\/revisions\/39955"}],"wp:featuredmedia":[{"embeddable":true,"href":"https:\/\/www.sotrender.com\/blog\/pl\/wp-json\/wp\/v2\/media\/39947"}],"wp:attachment":[{"href":"https:\/\/www.sotrender.com\/blog\/pl\/wp-json\/wp\/v2\/media?parent=39927"}],"wp:term":[{"taxonomy":"category","embeddable":true,"href":"https:\/\/www.sotrender.com\/blog\/pl\/wp-json\/wp\/v2\/categories?post=39927"},{"taxonomy":"post_tag","embeddable":true,"href":"https:\/\/www.sotrender.com\/blog\/pl\/wp-json\/wp\/v2\/tags?post=39927"}],"curies":[{"name":"wp","href":"https:\/\/api.w.org\/{rel}","templated":true}]}}