{"id":39891,"date":"2020-04-02T13:44:23","date_gmt":"2020-04-02T11:44:23","guid":{"rendered":"https:\/\/www.sotrender.com\/blog\/?p=39891\/"},"modified":"2020-04-02T13:59:07","modified_gmt":"2020-04-02T11:59:07","slug":"popularnosc-zostanwdomu-na-instagramie-infografika","status":"publish","type":"post","link":"https:\/\/www.sotrender.com\/blog\/pl\/2020\/04\/popularnosc-zostanwdomu-na-instagramie-infografika\/","title":{"rendered":"Popularno\u015b\u0107 #zosta\u0144wdomu na Instagramie w Polsce i na \u015bwiecie  [INFOGRAFIKA]"},"content":{"rendered":"<p>#quedateencasa, #resteralamaison, #iostoacasa\u2026<br \/>\nTak Hiszpanie, Francuzi i W\u0142osi zach\u0119caj\u0105 swoich rodak\u00f3w do zostania w domu w czasie pandemii.<\/p>\n<p>Przeanalizowali\u015bmy, jak w Polsce, oraz innych europejskich krajach najbardziej dotkni\u0119tych epidemi\u0105, wygl\u0105da\u0142o u\u017cycie hashtag\u00f3w #zosta\u0144wdomu w lokalnych j\u0119zykach na Instagramie. Sprawdzili\u015bmy te\u017c, jak u\u017cytkownicy w poszczeg\u00f3lnych krajach anga\u017cowali si\u0119 w tre\u015bci zwi\u0105zane z t\u0105 tematyk\u0105.<\/p>\n<p><!--more--><\/p>\n<p style=\"text-align: center;\"><strong>AKTUALIZACJA \/ 02.04.2020<\/strong><\/p>\n<p><span style=\"font-weight: 400;\">W naszej pierwszej infografice (znajdziecie j\u0105 poni\u017cej), pokazali\u015bmy Wam, jak cz\u0119sto poszczeg\u00f3lne kraje europejskie u\u017cy\u0142y hashtaga #zosta\u0144wdomu i jakie by\u0142o zaanga\u017cowanie pod postami z ich u\u017cyciem<\/span><span style=\"font-weight: 400;\">.\u00a0<\/span><span style=\"font-weight: 400;\">Dzi\u015b przygl\u0105damy si\u0119, jak w perspektywie d\u0142ugoterminowej wygl\u0105da\u0142o u\u017cycie tych hashtag\u00f3w, oraz jakich innych hashtag\u00f3w u\u017cywali Polacy, W\u0142osi, Francuzi czy Niemcy.\u00a0<\/span><\/p>\n<p><i><span style=\"font-weight: 400;\">Analizie poddali\u015bmy hashtagi w j\u0119zyku polskim, w\u0142oskim, francuskim i niemieckim (ich list\u0119 znajdziecie na ko\u0144cu tekstu) u\u017cyte w postach na Instagramie w okresie 21 marca &#8211; 1 kwietnia 2020.\u00a0<\/span><\/i><\/p>\n<h2><b>Hashtag #zosta\u0144wdomu &#8211; kiedy u\u017cywali\u015bmy go najcz\u0119\u015bciej?\u00a0<\/b><\/h2>\n<p><span style=\"font-weight: 400;\">Nasz\u0105 analiz\u0119 rozpocz\u0119li\u015bmy od sprawdzenia u\u017cycia hashtaga #zosta\u0144wdomu w czasie, oraz dynamik\u0119 wzrostu jego u\u017cycia.\u00a0<\/span><\/p>\n<p><span style=\"font-weight: 400;\"><strong>W przypadku W\u0142och<\/strong> wida\u0107 przede wszystkim znacznie <strong>wi\u0119ksz\u0105 intensywno\u015b\u0107 u\u017cycia hashtag\u00f3w w weekendy<\/strong>, przy czym du\u017cy wzrost odnotowano g\u0142\u00f3wnie w ostatni weekend marca (28-29 marca).\u00a0<\/span><span style=\"font-weight: 400;\">Mog\u0142o by\u0107 to zwi\u0105zane z faktem, \u017ce to w\u0142a\u015bnie 27 marca (pi\u0105tek) W\u0142ochy odnotowa\u0142y najwi\u0119ksz\u0105 dotychczas liczb\u0119 zgon\u00f3w (919) w ci\u0105gu doby. Wtedy te\u017c znacz\u0105co wzros\u0142o u\u017cycie hashtag\u00f3w powi\u0105zanych z pozostaniem w domu.\u00a0<\/span><\/p>\n<div id=\"attachment_40027\" style=\"width: 610px\" class=\"wp-caption aligncenter\"><img loading=\"lazy\" decoding=\"async\" aria-describedby=\"caption-attachment-40027\" class=\"size-full wp-image-40027\" src=\"https:\/\/www.sotrender.com\/blog\/wp-content\/uploads\/2020\/03\/rozklad_w_czasie.png\" alt=\"\" width=\"600\" height=\"500\" srcset=\"https:\/\/www.sotrender.com\/blog\/wp-content\/uploads\/2020\/03\/rozklad_w_czasie.png 600w, https:\/\/www.sotrender.com\/blog\/wp-content\/uploads\/2020\/03\/rozklad_w_czasie-475x396.png 475w\" sizes=\"(max-width: 600px) 100vw, 600px\" \/><p id=\"caption-attachment-40027\" class=\"wp-caption-text\">Dynamika u\u017cycia #zosta\u0144wdomu w poszczeg\u00f3lnych krajach na Instagramie, dane Sotrender<\/p><\/div>\n<p><span style=\"font-weight: 400;\">R\u00f3wnie\u017c <strong>w Polsce<\/strong>, w okolicach ostatniego marcowego weekendu odnotowali\u015bmy zwi\u0119kszone u\u017cycie hashtaga #zosta\u0144wdomu.\u00a0<\/span><span style=\"font-weight: 400;\">Dodatkowo na\u0142o\u017cy\u0142o si\u0119 to z wprowadzeniem w Polsce stanu epidemii (23 marca) oraz zaostrzonymi \u015brodkami bezpiecze\u0144stwa (24 marca). W ci\u0105gu kolejnych kilku dni po 24 marca u\u017cycie hashtag\u00f3w #zosta\u0144wdomu stopniowo ros\u0142o, by wraz z pocz\u0105tkiem ostatniego tygodnia marca zacz\u0119\u0142o powoli male\u0107. <\/span><span style=\"font-weight: 400;\"><strong>Na prze\u0142omie 31 marca i 1 kwietnia zauwa\u017calny by\u0142 ponownie wzrost<\/strong>, co z pewno\u015bci\u0105 by\u0142o zwi\u0105zane z kolejnymi obostrzeniami na\u0142o\u017conymi przez rz\u0105d.\u00a0<\/span><\/p>\n<p><span style=\"font-weight: 400;\">Jednak w por\u00f3wnaniu do W\u0142och, w przypadku Francji, Niemiec czy Polski krzywa przedstawiaj\u0105ca dzienne u\u017cycie hashtag\u00f3w jest znacznie bardziej wyp\u0142aszczona. Nieco bardziej zauwa\u017calna tendencja wzrostowa wyst\u0105pi\u0142a w przypadku Francji, wraz z coraz ci\u0119\u017csz\u0105 sytuacj\u0105 w tym kraju.\u00a0<\/span><\/p>\n<p><span style=\"font-weight: 400;\">Bez zmian pozosta\u0142o \u0142\u0105czne u\u017cycie hashtag\u00f3w w wybranych krajach: najwi\u0119cej razy hashtag\u00f3w u\u017cyli W\u0142osi, nast\u0119pnie Polacy, Francuzi i Niemcy.<\/span><\/p>\n<div id=\"attachment_40029\" style=\"width: 610px\" class=\"wp-caption aligncenter\"><img loading=\"lazy\" decoding=\"async\" aria-describedby=\"caption-attachment-40029\" class=\"size-full wp-image-40029\" src=\"https:\/\/www.sotrender.com\/blog\/wp-content\/uploads\/2020\/03\/posty.png\" alt=\"zosta\u0144 w domu\" width=\"600\" height=\"500\" srcset=\"https:\/\/www.sotrender.com\/blog\/wp-content\/uploads\/2020\/03\/posty.png 600w, https:\/\/www.sotrender.com\/blog\/wp-content\/uploads\/2020\/03\/posty-475x396.png 475w\" sizes=\"(max-width: 600px) 100vw, 600px\" \/><p id=\"caption-attachment-40029\" class=\"wp-caption-text\">\u0141\u0105czna liczba post\u00f3w z #zosta\u0144wdomu w poszczeg\u00f3lnych j\u0119zykach, dane Sotrender<\/p><\/div>\n<h2><b>Zaanga\u017cowanie &#8211; Polska numerem jeden\u00a0<\/b><\/h2>\n<p><span style=\"font-weight: 400;\">W por\u00f3wnaniu do naszej pierwszej analizy (jej wyniki znajdziecie poni\u017cej)<\/span><span style=\"font-weight: 400;\">, w perspektywie d\u0142ugookresowej bardziej wyr\u00f3wna\u0142o si\u0119 zaanga\u017cowanie pod hashtagami #zosta\u0144wdomu w poszczeg\u00f3lnych krajach. Co ciekawe na prowadzenie wysun\u0119\u0142a si\u0119 Polska, co oznacza, \u017ce w okresie mi\u0119dzy 21 marca &#8211; 1 kwietnia <strong>polscy u\u017cytkownicy na Instagramie najbardziej anga\u017cowali si\u0119 w tre\u015bci z tymi hashtagami.\u00a0<\/strong><\/span><\/p>\n<div id=\"attachment_40031\" style=\"width: 610px\" class=\"wp-caption aligncenter\"><img loading=\"lazy\" decoding=\"async\" aria-describedby=\"caption-attachment-40031\" class=\"size-full wp-image-40031\" src=\"https:\/\/www.sotrender.com\/blog\/wp-content\/uploads\/2020\/03\/Activity_index.png\" alt=\"\" width=\"600\" height=\"500\" srcset=\"https:\/\/www.sotrender.com\/blog\/wp-content\/uploads\/2020\/03\/Activity_index.png 600w, https:\/\/www.sotrender.com\/blog\/wp-content\/uploads\/2020\/03\/Activity_index-475x396.png 475w\" sizes=\"(max-width: 600px) 100vw, 600px\" \/><p id=\"caption-attachment-40031\" class=\"wp-caption-text\">\u015aredni Activity Index pod postami z #zosta\u0144wdomu w r\u00f3\u017cnych j\u0119zykach, dane Sotrender<\/p><\/div>\n<p><i><span style=\"font-weight: 400;\">Przypominamy, \u017ce Activity Index to zbiorczy wska\u017anik aktywno\u015bci stosowany w mierzeniu zaanga\u017cowania na Instagramie, gdzie ka\u017cda aktywno\u015b\u0107 ma inn\u0105 wag\u0119.\u00a0<\/span><\/i><\/p>\n<h2><b>Hashtagi &#8211; co poza #zosta\u0144wdomu?\u00a0<\/b><\/h2>\n<p><span style=\"font-weight: 400;\">Przygotowali\u015bmy r\u00f3wnie\u017c zestawienie hashtag\u00f3w, kt\u00f3re najcz\u0119\u015bciej towarzyszy\u0142y hashtagom w ramach akcji #zosta\u0144wdomu.\u00a0<\/span><\/p>\n<p><span style=\"font-weight: 400;\">Wnioski?\u00a0<\/span><\/p>\n<p><span style=\"font-weight: 400;\">Hashtagom w poszczeg\u00f3lnych j\u0119zykach <\/span><b>najcz\u0119\u015bciej towarzyszy\u0142y angloj\u0119zyczne odpowiedniki: #stayhome <\/b><span style=\"font-weight: 400;\">oraz <\/span><b>#stayathome<\/b><span style=\"font-weight: 400;\"> (kt\u00f3re maj\u0105 ju\u017c odpowiednio ponad 9 mln i 4,5 mln u\u017cy\u0107).<\/span><\/p>\n<p><span style=\"font-weight: 400;\">Bez zaskoczenia, popularnym hashtagiem jest r\u00f3wnie\u017c <\/span><b>#covid <\/b><span style=\"font-weight: 400;\">oraz <\/span><b>#covid19<\/b><span style=\"font-weight: 400;\">. Wyj\u0105tkiem jest w tym przypadku Polska &#8211; w naszym kraju u\u017cytkownicy rzadko u\u017cywali tego hashtaga w postach na Instagramie.\u00a0<\/span><\/p>\n<div id=\"attachment_40033\" style=\"width: 610px\" class=\"wp-caption aligncenter\"><img loading=\"lazy\" decoding=\"async\" aria-describedby=\"caption-attachment-40033\" class=\"size-full wp-image-40033\" src=\"https:\/\/www.sotrender.com\/blog\/wp-content\/uploads\/2020\/03\/wordcloud_wloskie.png\" alt=\"\" width=\"600\" height=\"412\" srcset=\"https:\/\/www.sotrender.com\/blog\/wp-content\/uploads\/2020\/03\/wordcloud_wloskie.png 600w, https:\/\/www.sotrender.com\/blog\/wp-content\/uploads\/2020\/03\/wordcloud_wloskie-475x326.png 475w\" sizes=\"(max-width: 600px) 100vw, 600px\" \/><p id=\"caption-attachment-40033\" class=\"wp-caption-text\">Hashtagi towarzysz\u0105ce w j\u0119zyku w\u0142oskim, dane Sotrender<\/p><\/div>\n<p>&nbsp;<\/p>\n<div id=\"attachment_40035\" style=\"width: 610px\" class=\"wp-caption aligncenter\"><img loading=\"lazy\" decoding=\"async\" aria-describedby=\"caption-attachment-40035\" class=\"size-full wp-image-40035\" src=\"https:\/\/www.sotrender.com\/blog\/wp-content\/uploads\/2020\/03\/wordcloud_francuskie.png\" alt=\"\" width=\"600\" height=\"412\" srcset=\"https:\/\/www.sotrender.com\/blog\/wp-content\/uploads\/2020\/03\/wordcloud_francuskie.png 600w, https:\/\/www.sotrender.com\/blog\/wp-content\/uploads\/2020\/03\/wordcloud_francuskie-475x326.png 475w\" sizes=\"(max-width: 600px) 100vw, 600px\" \/><p id=\"caption-attachment-40035\" class=\"wp-caption-text\">Hashtagi towarzysz\u0105ce w j\u0119zyku francuskim, dane Sotrender<\/p><\/div>\n<p><span style=\"font-weight: 400;\">W Polsce wraz z hashtagami #zosta\u0144wdomu najcz\u0119\u015bciej u\u017cywali\u015bmy <\/span><b>hashtag\u00f3w powi\u0105zanych tematycznie: #stayhome, #koronawirus i #kwarantanna<\/b><span style=\"font-weight: 400;\">. Nie zabrak\u0142o jednak r\u00f3wnie\u017c najpopularniejszych hashtag\u00f3w na polskim Instagramie, jak <\/span><b>#polskadziewczyna<\/b><span style=\"font-weight: 400;\"> i<\/span><b> #polishgirl<\/b><span style=\"font-weight: 400;\">.\u00a0<\/span><\/p>\n<div id=\"attachment_40037\" style=\"width: 610px\" class=\"wp-caption aligncenter\"><img loading=\"lazy\" decoding=\"async\" aria-describedby=\"caption-attachment-40037\" class=\"size-full wp-image-40037\" src=\"https:\/\/www.sotrender.com\/blog\/wp-content\/uploads\/2020\/03\/wordcloud_polskie.png\" alt=\"\" width=\"600\" height=\"412\" srcset=\"https:\/\/www.sotrender.com\/blog\/wp-content\/uploads\/2020\/03\/wordcloud_polskie.png 600w, https:\/\/www.sotrender.com\/blog\/wp-content\/uploads\/2020\/03\/wordcloud_polskie-475x326.png 475w\" sizes=\"(max-width: 600px) 100vw, 600px\" \/><p id=\"caption-attachment-40037\" class=\"wp-caption-text\">Hashtagi towarzysz\u0105ce w j\u0119zyku polskim, dane Sotrender<\/p><\/div>\n<p><span style=\"font-weight: 400;\">Z kolei nasi zachodni s\u0105siedzi u\u017cywali, poza oczywi\u015bcie hashtagami w j\u0119zyku niemieckim, tak\u017ce <strong>wiele hashtag\u00f3w angloj\u0119zycznych, np. #coronavirus, #flattenthecurve, #stayhealthy<\/strong> czy <strong>#socialdistancing<\/strong>.\u00a0<\/span><\/p>\n<div id=\"attachment_40039\" style=\"width: 610px\" class=\"wp-caption aligncenter\"><img loading=\"lazy\" decoding=\"async\" aria-describedby=\"caption-attachment-40039\" class=\"size-full wp-image-40039\" src=\"https:\/\/www.sotrender.com\/blog\/wp-content\/uploads\/2020\/03\/wordcloud_niemieckie.png\" alt=\"\" width=\"600\" height=\"412\" srcset=\"https:\/\/www.sotrender.com\/blog\/wp-content\/uploads\/2020\/03\/wordcloud_niemieckie.png 600w, https:\/\/www.sotrender.com\/blog\/wp-content\/uploads\/2020\/03\/wordcloud_niemieckie-475x326.png 475w\" sizes=\"(max-width: 600px) 100vw, 600px\" \/><p id=\"caption-attachment-40039\" class=\"wp-caption-text\">Hashtagi towarzysz\u0105ce w j\u0119zyku niemieckim, dane Sotrender<\/p><\/div>\n<p>&nbsp;<\/p>\n<hr \/>\n<p>&nbsp;<\/p>\n<p style=\"text-align: center;\"><strong>ANALIZA NR 1 \/ 26.03.2020<\/strong><\/p>\n<p style=\"text-align: left;\"><em>Analiza dotyczy\u0142a hashtag\u00f3w dodanych pod postami na Instagramie w dniach 20-25 marca 2020. Ich list\u0119 znajdziecie na ko\u0144cu tekstu.\u00a0<\/em><\/p>\n<p><span style=\"font-weight: 400;\">Od pi\u0105tku 20 marca do \u015brody 25 marca, Polacy na Instagramie u\u017cyli hashtaga #zosta\u0144wdomu (#zostanwdomu) oraz #zostaj\u0119wdomu (#zostajewdomu) ponad 97 tysi\u0119cy razy.\u00a0<\/span><\/p>\n<p><span style=\"font-weight: 400;\">Hiszpanie, cho\u0107 najwi\u0119cej razy u\u017cyli hashtag #zosta\u0144wdomu (oraz hashtagi pokrewne) najmniej anga\u017cowali si\u0119 w posty z t\u0105 tematyk\u0105. Najwi\u0119ksze zaanga\u017cowanie odnotowano pod hashtagami w j\u0119zyku francuskim.\u00a0<\/span><\/p>\n<p><span style=\"font-weight: 400;\">Co ciekawe, W\u0142osi, kt\u00f3rzy s\u0105 najbardziej dotkni\u0119ci epidemi\u0105, dodali ponad 2 razy mniej hashtag\u00f3w z pozostaniem w domu ni\u017c Hiszpanie (Hiszpanie ponad 262 tys., W\u0142osi: 123 tys.).\u00a0<\/span><\/p>\n<p><span style=\"font-weight: 400;\">Najrzadziej dodawano hashtagi w j\u0119zyku niemieckim, co mo\u017ce wynika\u0107 z tego, \u017ce nasi zachodni s\u0105siedzi cz\u0119\u015bciej korzystali z angloj\u0119zycznych odpowiednik\u00f3w, jak #stayhome. Jak zobaczycie, w analizie uwzgl\u0119dnili\u015bmy jedynie dwa hashtagi w j\u0119zyku niemieckim.\u00a0<\/span><\/p>\n<p><img loading=\"lazy\" decoding=\"async\" class=\"aligncenter size-full wp-image-39893\" src=\"https:\/\/www.sotrender.com\/blog\/wp-content\/uploads\/2020\/03\/Green-Illustration-Butterfly-Timeline-Infographic-2.png\" alt=\"zostan w domu, koronawirus \" width=\"800\" height=\"2000\" srcset=\"https:\/\/www.sotrender.com\/blog\/wp-content\/uploads\/2020\/03\/Green-Illustration-Butterfly-Timeline-Infographic-2.png 800w, https:\/\/www.sotrender.com\/blog\/wp-content\/uploads\/2020\/03\/Green-Illustration-Butterfly-Timeline-Infographic-2-475x1188.png 475w, https:\/\/www.sotrender.com\/blog\/wp-content\/uploads\/2020\/03\/Green-Illustration-Butterfly-Timeline-Infographic-2-768x1920.png 768w\" sizes=\"(max-width: 800px) 100vw, 800px\" \/><\/p>\n<p><i><span style=\"font-weight: 400;\">Je\u015bli powy\u017csza analiza jest dla Ciebie interesuj\u0105ca, pami\u0119taj, \u017ce mo\u017cemy przygotowa\u0107 podobne dane dla Twojego biznesu.\u00a0<\/span><\/i><\/p>\n<hr \/>\n<p>&nbsp;<\/p>\n<p><span style=\"font-weight: 400;\">Hashtagi uj\u0119te w analizie:\u00a0<\/span><\/p>\n<p><b>Polska:<\/b><span style=\"font-weight: 400;\"> #zosta\u0144wdomu, #zostanwdomu, #zostajewdomu, #zostaj\u0119wdomu<br \/>\n<\/span><b>Hiszpania:<\/b><span style=\"font-weight: 400;\"> #quedateencasa, #yomequedoencasa, #Qu\u00e9dateenCasa, #mequedoencasa<br \/>\n<\/span><b>Francja:<\/b><span style=\"font-weight: 400;\"> #resteralamaison, #restezalamaison, #restezchezvous, #restecheztoi<br \/>\n<\/span><b>W\u0142ochy:<\/b><span style=\"font-weight: 400;\"> #iostoacasa, #iorestoacasa, #stateacasa, #restateacasa, #restaacasa, #stiamoacasa, #restiamoacasa<br \/>\n<\/span><b>Niemcy: <\/b><span style=\"font-weight: 400;\">#bleibzuhause, #zuhausebleiben<\/span><\/p>\n<p>&nbsp;<\/p>\n","protected":false},"excerpt":{"rendered":"<p>#quedateencasa, #resteralamaison, #iostoacasa\u2026 Tak Hiszpanie, Francuzi i W\u0142osi zach\u0119caj\u0105 swoich rodak\u00f3w do zostania w domu w czasie pandemii. Przeanalizowali\u015bmy, jak w Polsce, oraz innych europejskich krajach najbardziej dotkni\u0119tych epidemi\u0105, wygl\u0105da\u0142o u\u017cycie hashtag\u00f3w #zosta\u0144wdomu w lokalnych j\u0119zykach na Instagramie. Sprawdzili\u015bmy te\u017c, jak u\u017cytkownicy w poszczeg\u00f3lnych krajach anga\u017cowali si\u0119 w tre\u015bci zwi\u0105zane z t\u0105 tematyk\u0105.<\/p>\n","protected":false},"author":89,"featured_media":39901,"comment_status":"open","ping_status":"open","sticky":false,"template":"","format":"standard","meta":{"inline_featured_image":false,"footnotes":""},"categories":[1793,1803,2125,2275],"tags":[],"yoast_head":"<!-- This site is optimized with the Yoast SEO plugin v22.4 - https:\/\/yoast.com\/wordpress\/plugins\/seo\/ -->\n<title>Popularno\u015b\u0107 #zosta\u0144wdomu na Instagramie w Polsce i na \u015bwiecie<\/title>\n<meta name=\"description\" content=\"Przeanalizowali\u015bmy, jak w Polsce, oraz innych europejskich krajach najbardziej dotkni\u0119tych epidemi\u0105, wygl\u0105da\u0142o u\u017cycie hashtag\u00f3w #zosta\u0144wdomu na Instagramie.\" \/>\n<meta name=\"robots\" content=\"index, follow, max-snippet:-1, max-image-preview:large, max-video-preview:-1\" \/>\n<link rel=\"canonical\" href=\"https:\/\/www.sotrender.com\/blog\/pl\/2020\/04\/popularnosc-zostanwdomu-na-instagramie-infografika\/\" \/>\n<meta property=\"og:locale\" content=\"pl_PL\" \/>\n<meta property=\"og:type\" content=\"article\" \/>\n<meta property=\"og:title\" content=\"Popularno\u015b\u0107 #zosta\u0144wdomu na Instagramie w Polsce i na \u015bwiecie\" \/>\n<meta property=\"og:description\" content=\"Przeanalizowali\u015bmy, jak w Polsce, oraz innych europejskich krajach najbardziej dotkni\u0119tych epidemi\u0105, wygl\u0105da\u0142o u\u017cycie hashtag\u00f3w #zosta\u0144wdomu na Instagramie.\" \/>\n<meta property=\"og:url\" content=\"https:\/\/www.sotrender.com\/blog\/pl\/2020\/04\/popularnosc-zostanwdomu-na-instagramie-infografika\/\" \/>\n<meta property=\"og:site_name\" content=\"Sotrender Blog\" \/>\n<meta property=\"article:publisher\" content=\"https:\/\/www.facebook.com\/Sotrender\" \/>\n<meta property=\"article:published_time\" content=\"2020-04-02T11:44:23+00:00\" \/>\n<meta property=\"article:modified_time\" content=\"2020-04-02T11:59:07+00:00\" \/>\n<meta property=\"og:image\" content=\"https:\/\/www.sotrender.com\/blog\/wp-content\/uploads\/2020\/03\/soroush-karimi-Mx5kwvzeGC0.jpg\" \/>\n\t<meta property=\"og:image:width\" content=\"1889\" \/>\n\t<meta property=\"og:image:height\" content=\"935\" \/>\n\t<meta property=\"og:image:type\" content=\"image\/jpeg\" \/>\n<meta name=\"author\" content=\"Klaudia \u017by\u0142ka\" \/>\n<meta name=\"twitter:card\" content=\"summary_large_image\" \/>\n<meta name=\"twitter:creator\" content=\"@Sotrender\" \/>\n<meta name=\"twitter:site\" content=\"@Sotrender\" \/>\n<meta name=\"twitter:label1\" content=\"Written by\" \/>\n\t<meta name=\"twitter:data1\" content=\"Klaudia \u017by\u0142ka\" \/>\n\t<meta name=\"twitter:label2\" content=\"Est. reading time\" \/>\n\t<meta name=\"twitter:data2\" content=\"5 minutes\" \/>\n<script type=\"application\/ld+json\" class=\"yoast-schema-graph\">{\"@context\":\"https:\/\/schema.org\",\"@graph\":[{\"@type\":\"WebPage\",\"@id\":\"https:\/\/www.sotrender.com\/blog\/pl\/2020\/04\/popularnosc-zostanwdomu-na-instagramie-infografika\/\",\"url\":\"https:\/\/www.sotrender.com\/blog\/pl\/2020\/04\/popularnosc-zostanwdomu-na-instagramie-infografika\/\",\"name\":\"Popularno\u015b\u0107 #zosta\u0144wdomu na Instagramie w Polsce i na \u015bwiecie\",\"isPartOf\":{\"@id\":\"https:\/\/www.sotrender.com\/blog\/#website\"},\"primaryImageOfPage\":{\"@id\":\"https:\/\/www.sotrender.com\/blog\/pl\/2020\/04\/popularnosc-zostanwdomu-na-instagramie-infografika\/#primaryimage\"},\"image\":{\"@id\":\"https:\/\/www.sotrender.com\/blog\/pl\/2020\/04\/popularnosc-zostanwdomu-na-instagramie-infografika\/#primaryimage\"},\"thumbnailUrl\":\"https:\/\/www.sotrender.com\/blog\/wp-content\/uploads\/2020\/03\/soroush-karimi-Mx5kwvzeGC0.jpg\",\"datePublished\":\"2020-04-02T11:44:23+00:00\",\"dateModified\":\"2020-04-02T11:59:07+00:00\",\"author\":{\"@id\":\"https:\/\/www.sotrender.com\/blog\/#\/schema\/person\/038ac5e276c5d102d8cbb9c36cd43416\"},\"description\":\"Przeanalizowali\u015bmy, jak w Polsce, oraz innych europejskich krajach najbardziej dotkni\u0119tych epidemi\u0105, wygl\u0105da\u0142o u\u017cycie hashtag\u00f3w #zosta\u0144wdomu na Instagramie.\",\"breadcrumb\":{\"@id\":\"https:\/\/www.sotrender.com\/blog\/pl\/2020\/04\/popularnosc-zostanwdomu-na-instagramie-infografika\/#breadcrumb\"},\"inLanguage\":\"pl-PL\",\"potentialAction\":[{\"@type\":\"ReadAction\",\"target\":[\"https:\/\/www.sotrender.com\/blog\/pl\/2020\/04\/popularnosc-zostanwdomu-na-instagramie-infografika\/\"]}]},{\"@type\":\"ImageObject\",\"inLanguage\":\"pl-PL\",\"@id\":\"https:\/\/www.sotrender.com\/blog\/pl\/2020\/04\/popularnosc-zostanwdomu-na-instagramie-infografika\/#primaryimage\",\"url\":\"https:\/\/www.sotrender.com\/blog\/wp-content\/uploads\/2020\/03\/soroush-karimi-Mx5kwvzeGC0.jpg\",\"contentUrl\":\"https:\/\/www.sotrender.com\/blog\/wp-content\/uploads\/2020\/03\/soroush-karimi-Mx5kwvzeGC0.jpg\",\"width\":1889,\"height\":935},{\"@type\":\"BreadcrumbList\",\"@id\":\"https:\/\/www.sotrender.com\/blog\/pl\/2020\/04\/popularnosc-zostanwdomu-na-instagramie-infografika\/#breadcrumb\",\"itemListElement\":[{\"@type\":\"ListItem\",\"position\":1,\"name\":\"Home\",\"item\":\"https:\/\/www.sotrender.com\/blog\/\"},{\"@type\":\"ListItem\",\"position\":2,\"name\":\"Popularno\u015b\u0107 #zosta\u0144wdomu na Instagramie w Polsce i na \u015bwiecie [INFOGRAFIKA]\"}]},{\"@type\":\"WebSite\",\"@id\":\"https:\/\/www.sotrender.com\/blog\/#website\",\"url\":\"https:\/\/www.sotrender.com\/blog\/\",\"name\":\"Sotrender Blog\",\"description\":\"\",\"potentialAction\":[{\"@type\":\"SearchAction\",\"target\":{\"@type\":\"EntryPoint\",\"urlTemplate\":\"https:\/\/www.sotrender.com\/blog\/?s={search_term_string}\"},\"query-input\":\"required name=search_term_string\"}],\"inLanguage\":\"pl-PL\"},{\"@type\":\"Person\",\"@id\":\"https:\/\/www.sotrender.com\/blog\/#\/schema\/person\/038ac5e276c5d102d8cbb9c36cd43416\",\"name\":\"Klaudia \u017by\u0142ka\",\"image\":{\"@type\":\"ImageObject\",\"inLanguage\":\"pl-PL\",\"@id\":\"https:\/\/www.sotrender.com\/blog\/#\/schema\/person\/image\/\",\"url\":\"https:\/\/secure.gravatar.com\/avatar\/f55d5d49ce3c448e1ffde0ab078d84cd?s=96&d=mm&r=g\",\"contentUrl\":\"https:\/\/secure.gravatar.com\/avatar\/f55d5d49ce3c448e1ffde0ab078d84cd?s=96&d=mm&r=g\",\"caption\":\"Klaudia \u017by\u0142ka\"},\"description\":\"Instagram, dogs, books and food lover. Former student at Warsaw University and Malm\u00f6 University. Improving her marketing skills every day. Proud owner of DIMAQ certificate\",\"sameAs\":[\"https:\/\/www.linkedin.com\/in\/klaudia-\u017cy\u0142ka-17527779\"],\"url\":\"https:\/\/www.sotrender.com\/blog\/pl\/author\/klaudia_yka\/\"}]}<\/script>\n<!-- \/ Yoast SEO plugin. -->","yoast_head_json":{"title":"Popularno\u015b\u0107 #zosta\u0144wdomu na Instagramie w Polsce i na \u015bwiecie","description":"Przeanalizowali\u015bmy, jak w Polsce, oraz innych europejskich krajach najbardziej dotkni\u0119tych epidemi\u0105, wygl\u0105da\u0142o u\u017cycie hashtag\u00f3w #zosta\u0144wdomu na Instagramie.","robots":{"index":"index","follow":"follow","max-snippet":"max-snippet:-1","max-image-preview":"max-image-preview:large","max-video-preview":"max-video-preview:-1"},"canonical":"https:\/\/www.sotrender.com\/blog\/pl\/2020\/04\/popularnosc-zostanwdomu-na-instagramie-infografika\/","og_locale":"pl_PL","og_type":"article","og_title":"Popularno\u015b\u0107 #zosta\u0144wdomu na Instagramie w Polsce i na \u015bwiecie","og_description":"Przeanalizowali\u015bmy, jak w Polsce, oraz innych europejskich krajach najbardziej dotkni\u0119tych epidemi\u0105, wygl\u0105da\u0142o u\u017cycie hashtag\u00f3w #zosta\u0144wdomu na Instagramie.","og_url":"https:\/\/www.sotrender.com\/blog\/pl\/2020\/04\/popularnosc-zostanwdomu-na-instagramie-infografika\/","og_site_name":"Sotrender Blog","article_publisher":"https:\/\/www.facebook.com\/Sotrender","article_published_time":"2020-04-02T11:44:23+00:00","article_modified_time":"2020-04-02T11:59:07+00:00","og_image":[{"width":1889,"height":935,"url":"https:\/\/www.sotrender.com\/blog\/wp-content\/uploads\/2020\/03\/soroush-karimi-Mx5kwvzeGC0.jpg","type":"image\/jpeg"}],"author":"Klaudia \u017by\u0142ka","twitter_card":"summary_large_image","twitter_creator":"@Sotrender","twitter_site":"@Sotrender","twitter_misc":{"Written by":"Klaudia \u017by\u0142ka","Est. reading time":"5 minutes"},"schema":{"@context":"https:\/\/schema.org","@graph":[{"@type":"WebPage","@id":"https:\/\/www.sotrender.com\/blog\/pl\/2020\/04\/popularnosc-zostanwdomu-na-instagramie-infografika\/","url":"https:\/\/www.sotrender.com\/blog\/pl\/2020\/04\/popularnosc-zostanwdomu-na-instagramie-infografika\/","name":"Popularno\u015b\u0107 #zosta\u0144wdomu na Instagramie w Polsce i na \u015bwiecie","isPartOf":{"@id":"https:\/\/www.sotrender.com\/blog\/#website"},"primaryImageOfPage":{"@id":"https:\/\/www.sotrender.com\/blog\/pl\/2020\/04\/popularnosc-zostanwdomu-na-instagramie-infografika\/#primaryimage"},"image":{"@id":"https:\/\/www.sotrender.com\/blog\/pl\/2020\/04\/popularnosc-zostanwdomu-na-instagramie-infografika\/#primaryimage"},"thumbnailUrl":"https:\/\/www.sotrender.com\/blog\/wp-content\/uploads\/2020\/03\/soroush-karimi-Mx5kwvzeGC0.jpg","datePublished":"2020-04-02T11:44:23+00:00","dateModified":"2020-04-02T11:59:07+00:00","author":{"@id":"https:\/\/www.sotrender.com\/blog\/#\/schema\/person\/038ac5e276c5d102d8cbb9c36cd43416"},"description":"Przeanalizowali\u015bmy, jak w Polsce, oraz innych europejskich krajach najbardziej dotkni\u0119tych epidemi\u0105, wygl\u0105da\u0142o u\u017cycie hashtag\u00f3w #zosta\u0144wdomu na Instagramie.","breadcrumb":{"@id":"https:\/\/www.sotrender.com\/blog\/pl\/2020\/04\/popularnosc-zostanwdomu-na-instagramie-infografika\/#breadcrumb"},"inLanguage":"pl-PL","potentialAction":[{"@type":"ReadAction","target":["https:\/\/www.sotrender.com\/blog\/pl\/2020\/04\/popularnosc-zostanwdomu-na-instagramie-infografika\/"]}]},{"@type":"ImageObject","inLanguage":"pl-PL","@id":"https:\/\/www.sotrender.com\/blog\/pl\/2020\/04\/popularnosc-zostanwdomu-na-instagramie-infografika\/#primaryimage","url":"https:\/\/www.sotrender.com\/blog\/wp-content\/uploads\/2020\/03\/soroush-karimi-Mx5kwvzeGC0.jpg","contentUrl":"https:\/\/www.sotrender.com\/blog\/wp-content\/uploads\/2020\/03\/soroush-karimi-Mx5kwvzeGC0.jpg","width":1889,"height":935},{"@type":"BreadcrumbList","@id":"https:\/\/www.sotrender.com\/blog\/pl\/2020\/04\/popularnosc-zostanwdomu-na-instagramie-infografika\/#breadcrumb","itemListElement":[{"@type":"ListItem","position":1,"name":"Home","item":"https:\/\/www.sotrender.com\/blog\/"},{"@type":"ListItem","position":2,"name":"Popularno\u015b\u0107 #zosta\u0144wdomu na Instagramie w Polsce i na \u015bwiecie [INFOGRAFIKA]"}]},{"@type":"WebSite","@id":"https:\/\/www.sotrender.com\/blog\/#website","url":"https:\/\/www.sotrender.com\/blog\/","name":"Sotrender Blog","description":"","potentialAction":[{"@type":"SearchAction","target":{"@type":"EntryPoint","urlTemplate":"https:\/\/www.sotrender.com\/blog\/?s={search_term_string}"},"query-input":"required name=search_term_string"}],"inLanguage":"pl-PL"},{"@type":"Person","@id":"https:\/\/www.sotrender.com\/blog\/#\/schema\/person\/038ac5e276c5d102d8cbb9c36cd43416","name":"Klaudia \u017by\u0142ka","image":{"@type":"ImageObject","inLanguage":"pl-PL","@id":"https:\/\/www.sotrender.com\/blog\/#\/schema\/person\/image\/","url":"https:\/\/secure.gravatar.com\/avatar\/f55d5d49ce3c448e1ffde0ab078d84cd?s=96&d=mm&r=g","contentUrl":"https:\/\/secure.gravatar.com\/avatar\/f55d5d49ce3c448e1ffde0ab078d84cd?s=96&d=mm&r=g","caption":"Klaudia \u017by\u0142ka"},"description":"Instagram, dogs, books and food lover. Former student at Warsaw University and Malm\u00f6 University. Improving her marketing skills every day. Proud owner of DIMAQ certificate","sameAs":["https:\/\/www.linkedin.com\/in\/klaudia-\u017cy\u0142ka-17527779"],"url":"https:\/\/www.sotrender.com\/blog\/pl\/author\/klaudia_yka\/"}]}},"_links":{"self":[{"href":"https:\/\/www.sotrender.com\/blog\/pl\/wp-json\/wp\/v2\/posts\/39891"}],"collection":[{"href":"https:\/\/www.sotrender.com\/blog\/pl\/wp-json\/wp\/v2\/posts"}],"about":[{"href":"https:\/\/www.sotrender.com\/blog\/pl\/wp-json\/wp\/v2\/types\/post"}],"author":[{"embeddable":true,"href":"https:\/\/www.sotrender.com\/blog\/pl\/wp-json\/wp\/v2\/users\/89"}],"replies":[{"embeddable":true,"href":"https:\/\/www.sotrender.com\/blog\/pl\/wp-json\/wp\/v2\/comments?post=39891"}],"version-history":[{"count":7,"href":"https:\/\/www.sotrender.com\/blog\/pl\/wp-json\/wp\/v2\/posts\/39891\/revisions"}],"predecessor-version":[{"id":40043,"href":"https:\/\/www.sotrender.com\/blog\/pl\/wp-json\/wp\/v2\/posts\/39891\/revisions\/40043"}],"wp:featuredmedia":[{"embeddable":true,"href":"https:\/\/www.sotrender.com\/blog\/pl\/wp-json\/wp\/v2\/media\/39901"}],"wp:attachment":[{"href":"https:\/\/www.sotrender.com\/blog\/pl\/wp-json\/wp\/v2\/media?parent=39891"}],"wp:term":[{"taxonomy":"category","embeddable":true,"href":"https:\/\/www.sotrender.com\/blog\/pl\/wp-json\/wp\/v2\/categories?post=39891"},{"taxonomy":"post_tag","embeddable":true,"href":"https:\/\/www.sotrender.com\/blog\/pl\/wp-json\/wp\/v2\/tags?post=39891"}],"curies":[{"name":"wp","href":"https:\/\/api.w.org\/{rel}","templated":true}]}}