{"id":39773,"date":"2020-03-10T11:54:22","date_gmt":"2020-03-10T10:54:22","guid":{"rendered":"https:\/\/www.sotrender.com\/blog\/?p=39773\/"},"modified":"2025-01-31T10:12:01","modified_gmt":"2025-01-31T09:12:01","slug":"facebook-trends-luty-2020-facebook-w-cieniu-koronawirusa","status":"publish","type":"post","link":"https:\/\/www.sotrender.com\/blog\/pl\/2020\/03\/facebook-trends-luty-2020-facebook-w-cieniu-koronawirusa\/","title":{"rendered":"Facebook Trends luty 2020 &#8211; Facebook w cieniu koronawirusa"},"content":{"rendered":"<p><span style=\"font-weight: 400;\">Koronawirus, kobiecy manifest Cynthii Nixon oraz bulwersuj\u0105ce zachowanie pos\u0142anki Lichockiej w Sejmie &#8211; to najgor\u0119tsze tematy na Facebooku w lutym.\u00a0\u00a0<\/span><\/p>\n<p><!--more--><\/p>\n<p><span style=\"font-weight: 400;\">Chcecie wiedzie\u0107, jak wygl\u0105da\u0142y zestawienia w najbardziej interesuj\u0105cych Was kategoriach? Dowiecie si\u0119 z najnowszego <a href=\"https:\/\/www.sotrender.com\/trends\/facebook\/poland\/202002\">raportu Facebook Trends luty 2020<\/a>.\u00a0<\/span><\/p>\n<h2><strong>Koronawirus wci\u0105\u017c numerem 1<\/strong><\/h2>\n<p><span style=\"font-weight: 400;\">W lutym ponownie <a href=\"https:\/\/www.sotrender.com\/trends\/facebook\/poland\/202002\">najszybciej rosn\u0105cym profilem na Facebooku<\/a> by\u0142 profil <strong><em>Konflikty i katastrofy \u015bwiatowe<\/em><\/strong>.<\/span><\/p>\n<div id=\"attachment_39775\" style=\"width: 456px\" class=\"wp-caption aligncenter\"><img loading=\"lazy\" decoding=\"async\" aria-describedby=\"caption-attachment-39775\" class=\"size-full wp-image-39775\" src=\"https:\/\/www.sotrender.com\/blog\/wp-content\/uploads\/2020\/03\/Zrzut-ekranu-2020-03-6-o-11.04.07.png\" alt=\"konflikty i katastrofy \u015bwiatowe \" width=\"446\" height=\"352\" \/><p id=\"caption-attachment-39775\" class=\"wp-caption-text\"><a href=\"https:\/\/www.sotrender.com\/trends\/facebook\/poland\/202002\">Najszybciej rosn\u0105ce profile na Facebooku<\/a> w lutym 2020 roku<\/p><\/div>\n<p><span style=\"font-weight: 400;\">Przyrost w liczbie nowych fan\u00f3w nie spowodowa\u0142 jednak wzrostu zaanga\u017cowania na profilu, a wr\u0119cz przeciwnie, spadek o 10%.\u00a0<\/span><\/p>\n<div id=\"attachment_39777\" style=\"width: 811px\" class=\"wp-caption aligncenter\"><img loading=\"lazy\" decoding=\"async\" aria-describedby=\"caption-attachment-39777\" class=\" wp-image-39777\" src=\"https:\/\/www.sotrender.com\/blog\/wp-content\/uploads\/2020\/03\/Zrzut-ekranu-2020-03-6-o-10.45.45.png\" alt=\"konflikty i katastrofy \u015bwiatowe\" width=\"801\" height=\"279\" srcset=\"https:\/\/www.sotrender.com\/blog\/wp-content\/uploads\/2020\/03\/Zrzut-ekranu-2020-03-6-o-10.45.45.png 985w, https:\/\/www.sotrender.com\/blog\/wp-content\/uploads\/2020\/03\/Zrzut-ekranu-2020-03-6-o-10.45.45-475x165.png 475w, https:\/\/www.sotrender.com\/blog\/wp-content\/uploads\/2020\/03\/Zrzut-ekranu-2020-03-6-o-10.45.45-768x267.png 768w, https:\/\/www.sotrender.com\/blog\/wp-content\/uploads\/2020\/03\/Zrzut-ekranu-2020-03-6-o-10.45.45-950x331.png 950w\" sizes=\"(max-width: 801px) 100vw, 801px\" \/><p id=\"caption-attachment-39777\" class=\"wp-caption-text\">Profile o najwi\u0119kszym zaanga\u017cowaniu w kategorii <a href=\"https:\/\/www.sotrender.com\/trends\/facebook\/poland\/202002\/media\/wiadomosci\">Wiadomo\u015bci<\/a> | Facebook, luty 2020<\/p><\/div>\n<p><span style=\"font-weight: 400;\">Przypomnijmy, \u017ce profil prowadzony przez \u0141ukasza Boka jest jednym z bardziej wiarygodnych i aktualnych \u017ar\u00f3de\u0142 wiedzy o <strong>koronawirusie<\/strong>. Cho\u0107 jest to wci\u0105\u017c gor\u0105cy temat, z biegiem czasu b\u0119dzie mimo wszystko zyskiwa\u0142 prawdopodobnie coraz mniejsze zaanga\u017cowanie u\u017cytkownik\u00f3w.<\/span><\/p>\n<p><span style=\"font-weight: 400;\">W lutym \u0141ukasz opublikowa\u0142 r\u00f3wnie\u017c post z informacj\u0105 o uruchomieniu Child Alert, kt\u00f3ry zebra\u0142 ponad 9 tys. udost\u0119pnie\u0144 i by\u0142 jednym z najbardziej anga\u017cuj\u0105cych post\u00f3w w kategorii <a href=\"https:\/\/www.sotrender.com\/trends\/facebook\/poland\/202002\/media\/wiadomosci\">Wiadomo\u015bci<\/a>.\u00a0<\/span><\/p>\n<div id=\"attachment_39779\" style=\"width: 812px\" class=\"wp-caption aligncenter\"><img loading=\"lazy\" decoding=\"async\" aria-describedby=\"caption-attachment-39779\" class=\" wp-image-39779\" src=\"https:\/\/www.sotrender.com\/blog\/wp-content\/uploads\/2020\/03\/Zrzut-ekranu-2020-03-6-o-11.07.39.png\" alt=\"wiadomo\u015bci luty 2020\" width=\"802\" height=\"395\" srcset=\"https:\/\/www.sotrender.com\/blog\/wp-content\/uploads\/2020\/03\/Zrzut-ekranu-2020-03-6-o-11.07.39.png 971w, https:\/\/www.sotrender.com\/blog\/wp-content\/uploads\/2020\/03\/Zrzut-ekranu-2020-03-6-o-11.07.39-475x234.png 475w, https:\/\/www.sotrender.com\/blog\/wp-content\/uploads\/2020\/03\/Zrzut-ekranu-2020-03-6-o-11.07.39-768x378.png 768w, https:\/\/www.sotrender.com\/blog\/wp-content\/uploads\/2020\/03\/Zrzut-ekranu-2020-03-6-o-11.07.39-950x468.png 950w\" sizes=\"(max-width: 802px) 100vw, 802px\" \/><p id=\"caption-attachment-39779\" class=\"wp-caption-text\">Najlepsze posty w kategorii <a href=\"https:\/\/www.sotrender.com\/trends\/facebook\/poland\/202002\/media\/wiadomosci\">Media, Wiadomo\u015bci<\/a> | Facebook, luty 2020<\/p><\/div>\n<h2><strong>Oburzaj\u0105ce zachowanie w Sejmie<\/strong><\/h2>\n<p><span style=\"font-weight: 400;\">Wracaj\u0105c do zestawienia najszybciej rosn\u0105cych profili, numerem 2. by\u0142 z kolei <strong>profil Macieja Stuhra<\/strong>. 14 lutego opublikowa\u0142 on na swoim profilu wideo nawi\u0105zuj\u0105ce do zachowania pos\u0142anki Joanny Lichockiej, kt\u00f3re mia\u0142o miejsce w Sejmie na pocz\u0105tku miesi\u0105ca i wywo\u0142a\u0142o niema\u0142e oburzenie spo\u0142eczno\u015bci Facebooka.\u00a0<\/span><\/p>\n<p><span style=\"font-weight: 400;\">Wideo Stuhra sta\u0142o si\u0119 najbardziej anga\u017cuj\u0105cym postem w kategorii <a href=\"https:\/\/www.sotrender.com\/trends\/facebook\/poland\/202002\/kultura\">Kultura i sztuka<\/a> oraz <a href=\"https:\/\/www.sotrender.com\/trends\/facebook\/poland\/202002\/osoby\">Osoby<\/a>, zbieraj\u0105c ponad 180 tys. udost\u0119pnie\u0144 i ponad 173 tys. reakcji.\u00a0<\/span><\/p>\n<p><span style=\"font-weight: 400;\">Drugi najbardziej popularny post w kategorii <a href=\"https:\/\/www.sotrender.com\/trends\/facebook\/poland\/202002\/osoby\">Osoby<\/a> zosta\u0142 opublikowany przez <strong>Jurka Owsiaka<\/strong> i r\u00f3wnie\u017c dotyczy\u0142 wspomnianego wydarzenia.\u00a0<\/span><\/p>\n<div id=\"attachment_39781\" style=\"width: 810px\" class=\"wp-caption aligncenter\"><img loading=\"lazy\" decoding=\"async\" aria-describedby=\"caption-attachment-39781\" class=\" wp-image-39781\" src=\"https:\/\/www.sotrender.com\/blog\/wp-content\/uploads\/2020\/03\/Zrzut-ekranu-2020-03-6-o-11.21.31.png\" alt=\"maciej stuhr wideo\" width=\"800\" height=\"388\" srcset=\"https:\/\/www.sotrender.com\/blog\/wp-content\/uploads\/2020\/03\/Zrzut-ekranu-2020-03-6-o-11.21.31.png 989w, https:\/\/www.sotrender.com\/blog\/wp-content\/uploads\/2020\/03\/Zrzut-ekranu-2020-03-6-o-11.21.31-475x230.png 475w, https:\/\/www.sotrender.com\/blog\/wp-content\/uploads\/2020\/03\/Zrzut-ekranu-2020-03-6-o-11.21.31-768x372.png 768w, https:\/\/www.sotrender.com\/blog\/wp-content\/uploads\/2020\/03\/Zrzut-ekranu-2020-03-6-o-11.21.31-950x460.png 950w\" sizes=\"(max-width: 800px) 100vw, 800px\" \/><p id=\"caption-attachment-39781\" class=\"wp-caption-text\">Najlepsze posty w kategorii <a href=\"https:\/\/www.sotrender.com\/trends\/facebook\/poland\/202002\/osoby\">Osoby<\/a> | Facebook, luty 2020<\/p><\/div>\n<h2><strong>Zmiana na prowadzeniu w kategorii Sportowcy<\/strong><\/h2>\n<p><span style=\"font-weight: 400;\">Kategori\u0119 <a href=\"https:\/\/www.sotrender.com\/trends\/facebook\/poland\/202002\/osoby\/sportowcy\">Sportowcy<\/a> niespodziewanie zdominowali w lutym <strong>trenerzy personalni<\/strong>.\u00a0<\/span><\/p>\n<p><span style=\"font-weight: 400;\"><strong>Dziki Trener<\/strong> powr\u00f3ci\u0142 ze swoimi viralowymi filmikami, tym razem m.in. w temacie walentynek i t\u0142ustego czwartku.\u00a0<\/span><span style=\"font-weight: 400;\">Z kolei <strong>Qczaj<\/strong> opublikowa\u0142 emocjonuj\u0105cy wpis dotycz\u0105cy jego do\u015bwiadcze\u0144 \u017cyciowych.\u00a0<\/span><\/p>\n<div id=\"attachment_39783\" style=\"width: 811px\" class=\"wp-caption aligncenter\"><img loading=\"lazy\" decoding=\"async\" aria-describedby=\"caption-attachment-39783\" class=\" wp-image-39783\" src=\"https:\/\/www.sotrender.com\/blog\/wp-content\/uploads\/2020\/03\/Zrzut-ekranu-2020-03-6-o-12.17.44.png\" alt=\"dziki trener\" width=\"801\" height=\"706\" srcset=\"https:\/\/www.sotrender.com\/blog\/wp-content\/uploads\/2020\/03\/Zrzut-ekranu-2020-03-6-o-12.17.44.png 982w, https:\/\/www.sotrender.com\/blog\/wp-content\/uploads\/2020\/03\/Zrzut-ekranu-2020-03-6-o-12.17.44-475x418.png 475w, https:\/\/www.sotrender.com\/blog\/wp-content\/uploads\/2020\/03\/Zrzut-ekranu-2020-03-6-o-12.17.44-768x676.png 768w, https:\/\/www.sotrender.com\/blog\/wp-content\/uploads\/2020\/03\/Zrzut-ekranu-2020-03-6-o-12.17.44-950x837.png 950w\" sizes=\"(max-width: 801px) 100vw, 801px\" \/><p id=\"caption-attachment-39783\" class=\"wp-caption-text\">Najlepsze posty w kategorii <a href=\"https:\/\/www.sotrender.com\/trends\/facebook\/poland\/202002\/osoby\/sportowcy\">Osoby, Sportowcy<\/a> | Facebook, luty 2020<\/p><\/div>\n<p><span style=\"font-weight: 400;\">W\u015br\u00f3d najlepszych post\u00f3w miesi\u0105ca w tej kategorii dopiero 5. by\u0142 post Roberta Lewandowskiego, a 7. Piotra \u017by\u0142y.\u00a0<\/span><\/p>\n<h2><strong>Kobiecy manifest\u00a0<\/strong><\/h2>\n<p><span style=\"font-weight: 400;\">Viralem w sieci w minionym miesi\u0105cu sta\u0142o si\u0119 r\u00f3wnie\u017c wideo <\/span><strong><i>Be a Lady They Said <\/i><\/strong><span style=\"font-weight: 400;\">z Cynthi\u0105 Nixon. W nieco ponad 2 minuty aktorka jednym tchem wymienia komunikaty i zarzuty, kt\u00f3re nieustannie otrzymuje ka\u017cda kobieta: jak ma si\u0119 zachowywa\u0107, jak zachowywa\u0107 si\u0119 nie powinna, jak si\u0119 ma ubiera\u0107, jak wypowiada\u0107.\u00a0<\/span><\/p>\n<div id=\"attachment_39785\" style=\"width: 811px\" class=\"wp-caption aligncenter\"><img loading=\"lazy\" decoding=\"async\" aria-describedby=\"caption-attachment-39785\" class=\" wp-image-39785\" src=\"https:\/\/www.sotrender.com\/blog\/wp-content\/uploads\/2020\/03\/Zrzut-ekranu-2020-03-6-o-11.27.12.png\" alt=\"Be a Lady They Said\" width=\"801\" height=\"389\" srcset=\"https:\/\/www.sotrender.com\/blog\/wp-content\/uploads\/2020\/03\/Zrzut-ekranu-2020-03-6-o-11.27.12.png 980w, https:\/\/www.sotrender.com\/blog\/wp-content\/uploads\/2020\/03\/Zrzut-ekranu-2020-03-6-o-11.27.12-475x231.png 475w, https:\/\/www.sotrender.com\/blog\/wp-content\/uploads\/2020\/03\/Zrzut-ekranu-2020-03-6-o-11.27.12-768x373.png 768w, https:\/\/www.sotrender.com\/blog\/wp-content\/uploads\/2020\/03\/Zrzut-ekranu-2020-03-6-o-11.27.12-950x461.png 950w\" sizes=\"(max-width: 801px) 100vw, 801px\" \/><p id=\"caption-attachment-39785\" class=\"wp-caption-text\">Najlepsze posty w kategorii <a href=\"https:\/\/www.sotrender.com\/trends\/facebook\/poland\/202002\/blogi_vlogi\/blogi\/blogi_modowe\">Blogi, Moda i uroda<\/a> | Facebook, luty 2020<\/p><\/div>\n<p><span style=\"font-weight: 400;\">Je\u015bli nie widzieli\u015bcie jeszcze materia\u0142u wideo, <\/span><a href=\"https:\/\/girlsgirlsgirlsmag.com\/\"><span style=\"font-weight: 400;\">koniecznie musicie to nadrobi\u0107<\/span><\/a><span style=\"font-weight: 400;\">. W ci\u0105gu ostatnich kilkunastu dni by\u0142 on bardzo cz\u0119sto udost\u0119pniany przez influencer\u00f3w na ich profilach na Facebooku oraz Instagramie.\u00a0<\/span><\/p>\n<h2><strong>Podsumowanie lutego na Facebooku\u00a0<\/strong><\/h2>\n<p><span style=\"font-weight: 400;\">To wszystko, co przygotowali\u015bmy dla Was w minionym miesi\u0105cu \ud83d\ude09 Nie zapomnijcie sprawdzi\u0107 pe\u0142nego wydania <a href=\"https:\/\/www.sotrender.com\/trends\/facebook\/poland\/202002\">raportu Facebook Trends luty 2020<\/a>!\u00a0<\/span><\/p>\n","protected":false},"excerpt":{"rendered":"<p>Koronawirus, kobiecy manifest Cynthii Nixon oraz bulwersuj\u0105ce zachowanie pos\u0142anki Lichockiej w Sejmie &#8211; to najgor\u0119tsze tematy na Facebooku w lutym.\u00a0\u00a0<\/p>\n","protected":false},"author":89,"featured_media":39791,"comment_status":"open","ping_status":"open","sticky":false,"template":"","format":"standard","meta":{"inline_featured_image":false,"footnotes":""},"categories":[1791,1797,2125,2275],"tags":[1965,2307],"yoast_head":"<!-- This site is optimized with the Yoast SEO plugin v22.4 - https:\/\/yoast.com\/wordpress\/plugins\/seo\/ -->\n<title>Facebook Trends luty 2020 - Facebook w cieniu koronawirusa<\/title>\n<meta name=\"description\" content=\"Koronawirus, kobiecy manifest Cynthii Nixon oraz bulwersuj\u0105ce zachowanie pos\u0142anki Lichockiej w Sejmie - to najgor\u0119tsze tematy na Facebooku w lutym.\u00a0\u00a0\" \/>\n<meta name=\"robots\" content=\"index, follow, max-snippet:-1, max-image-preview:large, max-video-preview:-1\" \/>\n<link rel=\"canonical\" href=\"https:\/\/www.sotrender.com\/blog\/pl\/2020\/03\/facebook-trends-luty-2020-facebook-w-cieniu-koronawirusa\/\" \/>\n<meta property=\"og:locale\" content=\"pl_PL\" \/>\n<meta property=\"og:type\" content=\"article\" \/>\n<meta property=\"og:title\" content=\"Facebook Trends luty 2020 - Facebook w cieniu koronawirusa\" \/>\n<meta property=\"og:description\" content=\"Koronawirus, kobiecy manifest Cynthii Nixon oraz bulwersuj\u0105ce zachowanie pos\u0142anki Lichockiej w Sejmie - to najgor\u0119tsze tematy na Facebooku w lutym.\u00a0\u00a0\" \/>\n<meta property=\"og:url\" content=\"https:\/\/www.sotrender.com\/blog\/pl\/2020\/03\/facebook-trends-luty-2020-facebook-w-cieniu-koronawirusa\/\" \/>\n<meta property=\"og:site_name\" content=\"Sotrender Blog\" \/>\n<meta property=\"article:publisher\" content=\"https:\/\/www.facebook.com\/Sotrender\" \/>\n<meta property=\"article:published_time\" content=\"2020-03-10T10:54:22+00:00\" \/>\n<meta property=\"article:modified_time\" content=\"2025-01-31T09:12:01+00:00\" \/>\n<meta property=\"og:image\" content=\"https:\/\/www.sotrender.com\/blog\/wp-content\/uploads\/2020\/03\/jose-martin-ramirez-c-45sjAjSjArQ-unsplash.jpg\" \/>\n\t<meta property=\"og:image:width\" content=\"3000\" \/>\n\t<meta property=\"og:image:height\" content=\"2000\" \/>\n\t<meta property=\"og:image:type\" content=\"image\/jpeg\" \/>\n<meta name=\"author\" content=\"Klaudia \u017by\u0142ka\" \/>\n<meta name=\"twitter:card\" content=\"summary_large_image\" \/>\n<meta name=\"twitter:creator\" content=\"@Sotrender\" \/>\n<meta name=\"twitter:site\" content=\"@Sotrender\" \/>\n<meta name=\"twitter:label1\" content=\"Written by\" \/>\n\t<meta name=\"twitter:data1\" content=\"Klaudia \u017by\u0142ka\" \/>\n\t<meta name=\"twitter:label2\" content=\"Est. reading time\" \/>\n\t<meta name=\"twitter:data2\" content=\"4 minutes\" \/>\n<script type=\"application\/ld+json\" class=\"yoast-schema-graph\">{\"@context\":\"https:\/\/schema.org\",\"@graph\":[{\"@type\":\"WebPage\",\"@id\":\"https:\/\/www.sotrender.com\/blog\/pl\/2020\/03\/facebook-trends-luty-2020-facebook-w-cieniu-koronawirusa\/\",\"url\":\"https:\/\/www.sotrender.com\/blog\/pl\/2020\/03\/facebook-trends-luty-2020-facebook-w-cieniu-koronawirusa\/\",\"name\":\"Facebook Trends luty 2020 - Facebook w cieniu koronawirusa\",\"isPartOf\":{\"@id\":\"https:\/\/www.sotrender.com\/blog\/#website\"},\"primaryImageOfPage\":{\"@id\":\"https:\/\/www.sotrender.com\/blog\/pl\/2020\/03\/facebook-trends-luty-2020-facebook-w-cieniu-koronawirusa\/#primaryimage\"},\"image\":{\"@id\":\"https:\/\/www.sotrender.com\/blog\/pl\/2020\/03\/facebook-trends-luty-2020-facebook-w-cieniu-koronawirusa\/#primaryimage\"},\"thumbnailUrl\":\"https:\/\/www.sotrender.com\/blog\/wp-content\/uploads\/2020\/03\/jose-martin-ramirez-c-45sjAjSjArQ-unsplash.jpg\",\"datePublished\":\"2020-03-10T10:54:22+00:00\",\"dateModified\":\"2025-01-31T09:12:01+00:00\",\"author\":{\"@id\":\"https:\/\/www.sotrender.com\/blog\/#\/schema\/person\/038ac5e276c5d102d8cbb9c36cd43416\"},\"description\":\"Koronawirus, kobiecy manifest Cynthii Nixon oraz bulwersuj\u0105ce zachowanie pos\u0142anki Lichockiej w Sejmie - to najgor\u0119tsze tematy na Facebooku w lutym.\u00a0\u00a0\",\"breadcrumb\":{\"@id\":\"https:\/\/www.sotrender.com\/blog\/pl\/2020\/03\/facebook-trends-luty-2020-facebook-w-cieniu-koronawirusa\/#breadcrumb\"},\"inLanguage\":\"pl-PL\",\"potentialAction\":[{\"@type\":\"ReadAction\",\"target\":[\"https:\/\/www.sotrender.com\/blog\/pl\/2020\/03\/facebook-trends-luty-2020-facebook-w-cieniu-koronawirusa\/\"]}]},{\"@type\":\"ImageObject\",\"inLanguage\":\"pl-PL\",\"@id\":\"https:\/\/www.sotrender.com\/blog\/pl\/2020\/03\/facebook-trends-luty-2020-facebook-w-cieniu-koronawirusa\/#primaryimage\",\"url\":\"https:\/\/www.sotrender.com\/blog\/wp-content\/uploads\/2020\/03\/jose-martin-ramirez-c-45sjAjSjArQ-unsplash.jpg\",\"contentUrl\":\"https:\/\/www.sotrender.com\/blog\/wp-content\/uploads\/2020\/03\/jose-martin-ramirez-c-45sjAjSjArQ-unsplash.jpg\",\"width\":3000,\"height\":2000},{\"@type\":\"BreadcrumbList\",\"@id\":\"https:\/\/www.sotrender.com\/blog\/pl\/2020\/03\/facebook-trends-luty-2020-facebook-w-cieniu-koronawirusa\/#breadcrumb\",\"itemListElement\":[{\"@type\":\"ListItem\",\"position\":1,\"name\":\"Home\",\"item\":\"https:\/\/www.sotrender.com\/blog\/\"},{\"@type\":\"ListItem\",\"position\":2,\"name\":\"Facebook Trends luty 2020 &#8211; Facebook w cieniu koronawirusa\"}]},{\"@type\":\"WebSite\",\"@id\":\"https:\/\/www.sotrender.com\/blog\/#website\",\"url\":\"https:\/\/www.sotrender.com\/blog\/\",\"name\":\"Sotrender Blog\",\"description\":\"\",\"potentialAction\":[{\"@type\":\"SearchAction\",\"target\":{\"@type\":\"EntryPoint\",\"urlTemplate\":\"https:\/\/www.sotrender.com\/blog\/?s={search_term_string}\"},\"query-input\":\"required name=search_term_string\"}],\"inLanguage\":\"pl-PL\"},{\"@type\":\"Person\",\"@id\":\"https:\/\/www.sotrender.com\/blog\/#\/schema\/person\/038ac5e276c5d102d8cbb9c36cd43416\",\"name\":\"Klaudia \u017by\u0142ka\",\"image\":{\"@type\":\"ImageObject\",\"inLanguage\":\"pl-PL\",\"@id\":\"https:\/\/www.sotrender.com\/blog\/#\/schema\/person\/image\/\",\"url\":\"https:\/\/secure.gravatar.com\/avatar\/f55d5d49ce3c448e1ffde0ab078d84cd?s=96&d=mm&r=g\",\"contentUrl\":\"https:\/\/secure.gravatar.com\/avatar\/f55d5d49ce3c448e1ffde0ab078d84cd?s=96&d=mm&r=g\",\"caption\":\"Klaudia \u017by\u0142ka\"},\"description\":\"Instagram, dogs, books and food lover. Former student at Warsaw University and Malm\u00f6 University. Improving her marketing skills every day. Proud owner of DIMAQ certificate\",\"sameAs\":[\"https:\/\/www.linkedin.com\/in\/klaudia-\u017cy\u0142ka-17527779\"],\"url\":\"https:\/\/www.sotrender.com\/blog\/pl\/author\/klaudia_yka\/\"}]}<\/script>\n<!-- \/ Yoast SEO plugin. -->","yoast_head_json":{"title":"Facebook Trends luty 2020 - Facebook w cieniu koronawirusa","description":"Koronawirus, kobiecy manifest Cynthii Nixon oraz bulwersuj\u0105ce zachowanie pos\u0142anki Lichockiej w Sejmie - to najgor\u0119tsze tematy na Facebooku w lutym.\u00a0\u00a0","robots":{"index":"index","follow":"follow","max-snippet":"max-snippet:-1","max-image-preview":"max-image-preview:large","max-video-preview":"max-video-preview:-1"},"canonical":"https:\/\/www.sotrender.com\/blog\/pl\/2020\/03\/facebook-trends-luty-2020-facebook-w-cieniu-koronawirusa\/","og_locale":"pl_PL","og_type":"article","og_title":"Facebook Trends luty 2020 - Facebook w cieniu koronawirusa","og_description":"Koronawirus, kobiecy manifest Cynthii Nixon oraz bulwersuj\u0105ce zachowanie pos\u0142anki Lichockiej w Sejmie - to najgor\u0119tsze tematy na Facebooku w lutym.\u00a0\u00a0","og_url":"https:\/\/www.sotrender.com\/blog\/pl\/2020\/03\/facebook-trends-luty-2020-facebook-w-cieniu-koronawirusa\/","og_site_name":"Sotrender Blog","article_publisher":"https:\/\/www.facebook.com\/Sotrender","article_published_time":"2020-03-10T10:54:22+00:00","article_modified_time":"2025-01-31T09:12:01+00:00","og_image":[{"width":3000,"height":2000,"url":"https:\/\/www.sotrender.com\/blog\/wp-content\/uploads\/2020\/03\/jose-martin-ramirez-c-45sjAjSjArQ-unsplash.jpg","type":"image\/jpeg"}],"author":"Klaudia \u017by\u0142ka","twitter_card":"summary_large_image","twitter_creator":"@Sotrender","twitter_site":"@Sotrender","twitter_misc":{"Written by":"Klaudia \u017by\u0142ka","Est. reading time":"4 minutes"},"schema":{"@context":"https:\/\/schema.org","@graph":[{"@type":"WebPage","@id":"https:\/\/www.sotrender.com\/blog\/pl\/2020\/03\/facebook-trends-luty-2020-facebook-w-cieniu-koronawirusa\/","url":"https:\/\/www.sotrender.com\/blog\/pl\/2020\/03\/facebook-trends-luty-2020-facebook-w-cieniu-koronawirusa\/","name":"Facebook Trends luty 2020 - Facebook w cieniu koronawirusa","isPartOf":{"@id":"https:\/\/www.sotrender.com\/blog\/#website"},"primaryImageOfPage":{"@id":"https:\/\/www.sotrender.com\/blog\/pl\/2020\/03\/facebook-trends-luty-2020-facebook-w-cieniu-koronawirusa\/#primaryimage"},"image":{"@id":"https:\/\/www.sotrender.com\/blog\/pl\/2020\/03\/facebook-trends-luty-2020-facebook-w-cieniu-koronawirusa\/#primaryimage"},"thumbnailUrl":"https:\/\/www.sotrender.com\/blog\/wp-content\/uploads\/2020\/03\/jose-martin-ramirez-c-45sjAjSjArQ-unsplash.jpg","datePublished":"2020-03-10T10:54:22+00:00","dateModified":"2025-01-31T09:12:01+00:00","author":{"@id":"https:\/\/www.sotrender.com\/blog\/#\/schema\/person\/038ac5e276c5d102d8cbb9c36cd43416"},"description":"Koronawirus, kobiecy manifest Cynthii Nixon oraz bulwersuj\u0105ce zachowanie pos\u0142anki Lichockiej w Sejmie - to najgor\u0119tsze tematy na Facebooku w lutym.\u00a0\u00a0","breadcrumb":{"@id":"https:\/\/www.sotrender.com\/blog\/pl\/2020\/03\/facebook-trends-luty-2020-facebook-w-cieniu-koronawirusa\/#breadcrumb"},"inLanguage":"pl-PL","potentialAction":[{"@type":"ReadAction","target":["https:\/\/www.sotrender.com\/blog\/pl\/2020\/03\/facebook-trends-luty-2020-facebook-w-cieniu-koronawirusa\/"]}]},{"@type":"ImageObject","inLanguage":"pl-PL","@id":"https:\/\/www.sotrender.com\/blog\/pl\/2020\/03\/facebook-trends-luty-2020-facebook-w-cieniu-koronawirusa\/#primaryimage","url":"https:\/\/www.sotrender.com\/blog\/wp-content\/uploads\/2020\/03\/jose-martin-ramirez-c-45sjAjSjArQ-unsplash.jpg","contentUrl":"https:\/\/www.sotrender.com\/blog\/wp-content\/uploads\/2020\/03\/jose-martin-ramirez-c-45sjAjSjArQ-unsplash.jpg","width":3000,"height":2000},{"@type":"BreadcrumbList","@id":"https:\/\/www.sotrender.com\/blog\/pl\/2020\/03\/facebook-trends-luty-2020-facebook-w-cieniu-koronawirusa\/#breadcrumb","itemListElement":[{"@type":"ListItem","position":1,"name":"Home","item":"https:\/\/www.sotrender.com\/blog\/"},{"@type":"ListItem","position":2,"name":"Facebook Trends luty 2020 &#8211; Facebook w cieniu koronawirusa"}]},{"@type":"WebSite","@id":"https:\/\/www.sotrender.com\/blog\/#website","url":"https:\/\/www.sotrender.com\/blog\/","name":"Sotrender Blog","description":"","potentialAction":[{"@type":"SearchAction","target":{"@type":"EntryPoint","urlTemplate":"https:\/\/www.sotrender.com\/blog\/?s={search_term_string}"},"query-input":"required name=search_term_string"}],"inLanguage":"pl-PL"},{"@type":"Person","@id":"https:\/\/www.sotrender.com\/blog\/#\/schema\/person\/038ac5e276c5d102d8cbb9c36cd43416","name":"Klaudia \u017by\u0142ka","image":{"@type":"ImageObject","inLanguage":"pl-PL","@id":"https:\/\/www.sotrender.com\/blog\/#\/schema\/person\/image\/","url":"https:\/\/secure.gravatar.com\/avatar\/f55d5d49ce3c448e1ffde0ab078d84cd?s=96&d=mm&r=g","contentUrl":"https:\/\/secure.gravatar.com\/avatar\/f55d5d49ce3c448e1ffde0ab078d84cd?s=96&d=mm&r=g","caption":"Klaudia \u017by\u0142ka"},"description":"Instagram, dogs, books and food lover. Former student at Warsaw University and Malm\u00f6 University. Improving her marketing skills every day. Proud owner of DIMAQ certificate","sameAs":["https:\/\/www.linkedin.com\/in\/klaudia-\u017cy\u0142ka-17527779"],"url":"https:\/\/www.sotrender.com\/blog\/pl\/author\/klaudia_yka\/"}]}},"_links":{"self":[{"href":"https:\/\/www.sotrender.com\/blog\/pl\/wp-json\/wp\/v2\/posts\/39773"}],"collection":[{"href":"https:\/\/www.sotrender.com\/blog\/pl\/wp-json\/wp\/v2\/posts"}],"about":[{"href":"https:\/\/www.sotrender.com\/blog\/pl\/wp-json\/wp\/v2\/types\/post"}],"author":[{"embeddable":true,"href":"https:\/\/www.sotrender.com\/blog\/pl\/wp-json\/wp\/v2\/users\/89"}],"replies":[{"embeddable":true,"href":"https:\/\/www.sotrender.com\/blog\/pl\/wp-json\/wp\/v2\/comments?post=39773"}],"version-history":[{"count":8,"href":"https:\/\/www.sotrender.com\/blog\/pl\/wp-json\/wp\/v2\/posts\/39773\/revisions"}],"predecessor-version":[{"id":54405,"href":"https:\/\/www.sotrender.com\/blog\/pl\/wp-json\/wp\/v2\/posts\/39773\/revisions\/54405"}],"wp:featuredmedia":[{"embeddable":true,"href":"https:\/\/www.sotrender.com\/blog\/pl\/wp-json\/wp\/v2\/media\/39791"}],"wp:attachment":[{"href":"https:\/\/www.sotrender.com\/blog\/pl\/wp-json\/wp\/v2\/media?parent=39773"}],"wp:term":[{"taxonomy":"category","embeddable":true,"href":"https:\/\/www.sotrender.com\/blog\/pl\/wp-json\/wp\/v2\/categories?post=39773"},{"taxonomy":"post_tag","embeddable":true,"href":"https:\/\/www.sotrender.com\/blog\/pl\/wp-json\/wp\/v2\/tags?post=39773"}],"curies":[{"name":"wp","href":"https:\/\/api.w.org\/{rel}","templated":true}]}}