{"id":3965,"date":"2013-01-17T12:42:53","date_gmt":"2013-01-17T11:42:53","guid":{"rendered":"http:\/\/blog.sotrender.com\/?p=3965"},"modified":"2015-12-01T22:22:45","modified_gmt":"2015-12-01T21:22:45","slug":"jak-rozum-prowadzil-serce-czyli-nowy-lider-w-polsce","status":"publish","type":"post","link":"https:\/\/www.sotrender.com\/blog\/pl\/2013\/01\/jak-rozum-prowadzil-serce-czyli-nowy-lider-w-polsce\/","title":{"rendered":"Jak Rozum prowadzi\u0142 Serce &#8211; czyli nowy lider na polskim Facebooku"},"content":{"rendered":"<p>W\u0142a\u015bnie dokona\u0142a si\u0119 symboliczna zmiana lidera &#8211; od 15. stycznia 2013 r. Serce i Rozum to najwi\u0119kszy profil firmowy (tzw. fanpage) na polskim Facebooku. Profil nale\u017c\u0105cy do Orange wyprzedzi\u0142 Demotywatory,  kt\u00f3re od ponad 2 lat by\u0142y krajowym liderem. To znacz\u0105ca zmiana &#8211; rozrywkowy serwis ze \u015bmiesznymi i ciekawymi obrazkami,  prowadzony przez ma\u0142\u0105 firm\u0119 z Pruszcza Gda\u0144skiego,  zosta\u0142 wyprzedzony przez jednego z najwi\u0119kszych polskich reklamodawc\u00f3w,  kt\u00f3ry w swoich profesjonalnych dzia\u0142aniach tak\u017ce nie gardzi zabawnymi tre\u015bciami. Analitycy Sotrendera z tej okazji bli\u017cej przyjrzeli si\u0119 historii fanpage&#8217;a Serca i Rozumu oraz najpopularniejszym tre\u015bciom publikowanym przeze\u0144.<\/p>\n<p><!--more--><\/p>\n<h2><\/h2>\n<h2><a href=\"https:\/\/www.sotrender.com\/blog\/wp-content\/uploads\/2013\/01\/serce.jpg\"><img loading=\"lazy\" decoding=\"async\" class=\"alignnone size-large wp-image-3967\" src=\"https:\/\/www.sotrender.com\/blog\/wp-content\/uploads\/2013\/01\/serce-1024x737.jpg\" alt=\"Serce i Rozum\" width=\"1024\" height=\"737\" \/><\/a><\/h2>\n<h2>Serce i Rozum na osi czasu<\/h2>\n<p>We wtorek 15 stycznia na polskim Facebooku mia\u0142o miejsce szczeg\u00f3lne wydarzenie &#8211; nast\u0105pi\u0142a zmiana lidera w liczbie fan\u00f3w. W zwi\u0105zku z tym analitycy <a title=\"Sotrender\" href=\"http:\/\/www.sotrender.com\">Sotrendera<\/a>\u00a0przedstawili graficznie drog\u0119,  jak\u0105 przeby\u0142o <a title=\"Serce i Rozum w portalu Facebook\" href=\"http:\/\/www.facebook.com\/serceirozum\" target=\"_blank\">Serce i Rozum<\/a> przez ostatnie 2 lata.<\/p>\n<p>Wykres przedstawia jak zmienia\u0142a si\u0119 liczba fan\u00f3w Serca i Rozumu z zaznaczeniem szczeg\u00f3lnych chwil w ich drodze na szczyt. Te momenty,  to przede wszystkim osi\u0105gni\u0119cie najpierw p\u00f3\u0142 miliona,  a potem miliona fan\u00f3w,  a\u017c do miliona sze\u015bciuset tysi\u0119cy dzisiaj,  a tak\u017ce dni,  w kt\u00f3rych wyprzedzali swoj\u0105 najwi\u0119ksz\u0105 konkurencj\u0119 na czele z takim gigantami,  jak <a title=\"KWEJK.pl w portalu Facebook\" href=\"http:\/\/www.facebook.com\/kwejk.fan\" target=\"_blank\">KWEJK.pl<\/a> i wczorajszym wyprzedzeniem <a title=\"Demotywatory w portalu Facebook\" href=\"http:\/\/www.facebook.com\/demotywatory\" target=\"_blank\">Demotywator\u00f3w<\/a>! Na wykresie wida\u0107 tak\u017ce okresy szybszych wzrost\u00f3w,  kiedy m.in. prowadzono bardziej nasilone kampanie reklam facebookowych (social ads).<\/p>\n<h2>Najpopularniejsze posty &#8211; branded content Serce i Rozum<\/h2>\n<p>Warto spojrze\u0107 na kilka najpopularniejszych post\u00f3w w tym okresie &#8211; tak Serce i Rozum anga\u017cowa\u0142o swoich fan\u00f3w:<\/p>\n<div id=\"attachment_3989\" style=\"width: 430px\" class=\"wp-caption aligncenter\"><a href=\"http:\/\/www.facebook.com\/130118923699560\/posts\/416562315055218\" target=\"_blank\"><img loading=\"lazy\" decoding=\"async\" aria-describedby=\"caption-attachment-3989\" class=\"size-full wp-image-3989\" title=\"Poranek bez kawy,  to jak Rozum bez Serca\" src=\"https:\/\/www.sotrender.com\/blog\/wp-content\/uploads\/2013\/01\/2.jpg\" alt=\"Poranek bez kawy to jak Rozum bez Serca\" width=\"420\" height=\"581\" \/><\/a><p id=\"caption-attachment-3989\" class=\"wp-caption-text\">Poranek bez kawy,  to jak Rozum bez Serca<\/p><\/div>\n<div id=\"attachment_3991\" style=\"width: 431px\" class=\"wp-caption aligncenter\"><a href=\"http:\/\/www.facebook.com\/130118923699560\/posts\/376542802390503\" target=\"_blank\"><img loading=\"lazy\" decoding=\"async\" aria-describedby=\"caption-attachment-3991\" class=\"size-full wp-image-3991 \" title=\"Wio myszata\" src=\"https:\/\/www.sotrender.com\/blog\/wp-content\/uploads\/2013\/01\/3.jpg\" alt=\"Wio myszata\" width=\"421\" height=\"484\" \/><\/a><p id=\"caption-attachment-3991\" class=\"wp-caption-text\">Na Facebooku rz\u0105dz\u0105 nie tylko koty.<\/p><\/div>\n<div id=\"attachment_3995\" style=\"width: 429px\" class=\"wp-caption aligncenter\"><a href=\"http:\/\/www.facebook.com\/130118923699560\/posts\/298411093531655\" target=\"_blank\"><img loading=\"lazy\" decoding=\"async\" aria-describedby=\"caption-attachment-3995\" class=\"size-full wp-image-3995 \" title=\"Piloto i laptopo\" src=\"https:\/\/www.sotrender.com\/blog\/wp-content\/uploads\/2013\/01\/5.jpg\" alt=\"Piloto i laptopo\" width=\"419\" height=\"325\" \/><\/a><p id=\"caption-attachment-3995\" class=\"wp-caption-text\">Tego nie zobaczyli\u015bcie w TV.<\/p><\/div>\n<div id=\"attachment_3993\" style=\"width: 430px\" class=\"wp-caption aligncenter\"><a href=\"http:\/\/www.facebook.com\/130118923699560\/posts\/414542985257151\" target=\"_blank\"><img loading=\"lazy\" decoding=\"async\" aria-describedby=\"caption-attachment-3993\" class=\"size-full wp-image-3993 \" title=\"Je\u015bli kibicujesz - udost\u0119pnij\" src=\"https:\/\/www.sotrender.com\/blog\/wp-content\/uploads\/2013\/01\/4.jpg\" alt=\"Je\u015bli kibicujesz - udost\u0119pnij\" width=\"420\" height=\"565\" \/><\/a><p id=\"caption-attachment-3993\" class=\"wp-caption-text\">Komunikacja oparta na emocjach.<\/p><\/div>\n<h2>Symboliczna zmiana lidera na Facebooku<\/h2>\n<p>&#8211; Zmiana najwi\u0119kszego fanpage&#8217;a jest symboliczna. &#8211; komentuje <a title=\"Dr Jan Zaj\u0105c w serwisie LinkedIn\" href=\"http:\/\/www.linkedin.com\/in\/janekzajac\" target=\"_blank\">dr Jan Zaj\u0105c<\/a>,  CEO Sotrendera. &#8211; Demotywatory to ma\u0142a firma,  anga\u017cuj\u0105ca przede wszystkim tre\u015bciami generowanymi przez u\u017cytkownik\u00f3w,  z rzadka wykorzystuj\u0105ca specjalne aplikacje czy konkursy oraz pomoc dedykowanych agencji i praktycznie nie korzystaj\u0105ca z reklamy na Facebooku. Serce i Rozum to natomiast wielka kampania jednej z najwi\u0119kszych polskich firm,  realizowana we wszystkich mediach,  przy du\u017cym bud\u017cecie we wsp\u00f3\u0142pracy z najlepszymi agencjami,  wykorzystuj\u0105ca pe\u0142n\u0105 gam\u0119 \u015brodk\u00f3w: reklamy,  aplikacj\u0119 i \u015bwietne tre\u015bci,  powi\u0105zane z mark\u0105 (tzw. <em>branded content<\/em>). Nie powinni\u015bmy si\u0119 dziwi\u0107,  \u017ce taki gigant przegoni\u0142 mniejszych graczy. Co ciekawe,  sposoby anga\u017cowania wykorzystywane przez Serce i Rozum cz\u0119sto nie r\u00f3\u017cni\u0105 si\u0119 specjalnie od tych stosowanych przez serwisy rozrywkowe. Pasuje to zreszt\u0105 do ca\u0142ej kampanii.<\/p>\n<p>Serdecznie gratulujemy <a title=\"Serwis Orange\" href=\"http:\/\/www.orange.pl\" target=\"_blank\">Orange Polska<\/a>!<\/p>\n<p>Wi\u0119cej danych i informacji o profilu Serce i Rozum,  i szerzej o marketingu w social media znajdziecie w narz\u0119dziu <a title=\"Przejd\u017a do Sotrender.com\" href=\"http:\/\/www.sotrender.com\/pl\/\" target=\"_blank\">Sotrender.com<\/a>.<\/p>\n","protected":false},"excerpt":{"rendered":"<p>W\u0142a\u015bnie dokona\u0142a si\u0119 symboliczna zmiana lidera &#8211; od 15. stycznia 2013 r. Serce i Rozum to najwi\u0119kszy profil firmowy (tzw. fanpage) na polskim Facebooku. Profil nale\u017c\u0105cy do Orange wyprzedzi\u0142 Demotywatory, kt\u00f3re od ponad 2 lat by\u0142y krajowym liderem. To znacz\u0105ca zmiana &#8211; rozrywkowy serwis ze \u015bmiesznymi i ciekawymi obrazkami, prowadzony przez ma\u0142\u0105 firm\u0119 z Pruszcza [&hellip;]<\/p>\n","protected":false},"author":31,"featured_media":0,"comment_status":"open","ping_status":"open","sticky":false,"template":"","format":"standard","meta":{"inline_featured_image":false,"footnotes":""},"categories":[1793,1797],"tags":[17,311,357,359,361],"yoast_head":"<!-- This site is optimized with the Yoast SEO plugin v22.4 - https:\/\/yoast.com\/wordpress\/plugins\/seo\/ -->\n<title>Facebook. Strona Serce i Rozum przegoni\u0142a Demotywatory.<\/title>\n<meta name=\"description\" content=\"Od 15 stycznia 2013 r. Serce i Rozum to najwi\u0119kszy profil na polskim Facebooku. Analitycy Sotrendera przedstawiaj\u0105 drog\u0119, jak\u0105 przeby\u0142o do tego momentu.\" \/>\n<meta name=\"robots\" content=\"index, follow, max-snippet:-1, max-image-preview:large, max-video-preview:-1\" \/>\n<link rel=\"canonical\" href=\"https:\/\/www.sotrender.com\/blog\/pl\/2013\/01\/jak-rozum-prowadzil-serce-czyli-nowy-lider-w-polsce\/\" \/>\n<meta property=\"og:locale\" content=\"pl_PL\" \/>\n<meta property=\"og:type\" content=\"article\" \/>\n<meta property=\"og:title\" content=\"Facebook. Strona Serce i Rozum przegoni\u0142a Demotywatory.\" \/>\n<meta property=\"og:description\" content=\"Od 15 stycznia 2013 r. Serce i Rozum to najwi\u0119kszy profil na polskim Facebooku. Analitycy Sotrendera przedstawiaj\u0105 drog\u0119, jak\u0105 przeby\u0142o do tego momentu.\" \/>\n<meta property=\"og:url\" content=\"https:\/\/www.sotrender.com\/blog\/pl\/2013\/01\/jak-rozum-prowadzil-serce-czyli-nowy-lider-w-polsce\/\" \/>\n<meta property=\"og:site_name\" content=\"Sotrender Blog\" \/>\n<meta property=\"article:publisher\" content=\"https:\/\/www.facebook.com\/Sotrender\" \/>\n<meta property=\"article:published_time\" content=\"2013-01-17T11:42:53+00:00\" \/>\n<meta property=\"article:modified_time\" content=\"2015-12-01T21:22:45+00:00\" \/>\n<meta property=\"og:image\" content=\"https:\/\/www.sotrender.com\/blog\/wp-content\/uploads\/2013\/01\/serce-1024x737.jpg\" \/>\n<meta name=\"author\" content=\"Aleksandra Prejs\" \/>\n<meta name=\"twitter:card\" content=\"summary_large_image\" \/>\n<meta name=\"twitter:creator\" content=\"@Sotrender\" \/>\n<meta name=\"twitter:site\" content=\"@Sotrender\" \/>\n<meta name=\"twitter:label1\" content=\"Written by\" \/>\n\t<meta name=\"twitter:data1\" content=\"Aleksandra Prejs\" \/>\n\t<meta name=\"twitter:label2\" content=\"Est. reading time\" \/>\n\t<meta name=\"twitter:data2\" content=\"3 minutes\" \/>\n<script type=\"application\/ld+json\" class=\"yoast-schema-graph\">{\"@context\":\"https:\/\/schema.org\",\"@graph\":[{\"@type\":\"WebPage\",\"@id\":\"https:\/\/www.sotrender.com\/blog\/pl\/2013\/01\/jak-rozum-prowadzil-serce-czyli-nowy-lider-w-polsce\/\",\"url\":\"https:\/\/www.sotrender.com\/blog\/pl\/2013\/01\/jak-rozum-prowadzil-serce-czyli-nowy-lider-w-polsce\/\",\"name\":\"Facebook. Strona Serce i Rozum przegoni\u0142a Demotywatory.\",\"isPartOf\":{\"@id\":\"https:\/\/www.sotrender.com\/blog\/#website\"},\"primaryImageOfPage\":{\"@id\":\"https:\/\/www.sotrender.com\/blog\/pl\/2013\/01\/jak-rozum-prowadzil-serce-czyli-nowy-lider-w-polsce\/#primaryimage\"},\"image\":{\"@id\":\"https:\/\/www.sotrender.com\/blog\/pl\/2013\/01\/jak-rozum-prowadzil-serce-czyli-nowy-lider-w-polsce\/#primaryimage\"},\"thumbnailUrl\":\"https:\/\/www.sotrender.com\/blog\/wp-content\/uploads\/2013\/01\/serce-1024x737.jpg\",\"datePublished\":\"2013-01-17T11:42:53+00:00\",\"dateModified\":\"2015-12-01T21:22:45+00:00\",\"author\":{\"@id\":\"https:\/\/www.sotrender.com\/blog\/#\/schema\/person\/7106df62825269bc360ad9171cd7149b\"},\"description\":\"Od 15 stycznia 2013 r. Serce i Rozum to najwi\u0119kszy profil na polskim Facebooku. Analitycy Sotrendera przedstawiaj\u0105 drog\u0119, jak\u0105 przeby\u0142o do tego momentu.\",\"breadcrumb\":{\"@id\":\"https:\/\/www.sotrender.com\/blog\/pl\/2013\/01\/jak-rozum-prowadzil-serce-czyli-nowy-lider-w-polsce\/#breadcrumb\"},\"inLanguage\":\"pl-PL\",\"potentialAction\":[{\"@type\":\"ReadAction\",\"target\":[\"https:\/\/www.sotrender.com\/blog\/pl\/2013\/01\/jak-rozum-prowadzil-serce-czyli-nowy-lider-w-polsce\/\"]}]},{\"@type\":\"ImageObject\",\"inLanguage\":\"pl-PL\",\"@id\":\"https:\/\/www.sotrender.com\/blog\/pl\/2013\/01\/jak-rozum-prowadzil-serce-czyli-nowy-lider-w-polsce\/#primaryimage\",\"url\":\"https:\/\/www.sotrender.com\/blog\/wp-content\/uploads\/2013\/01\/serce-1024x737.jpg\",\"contentUrl\":\"https:\/\/www.sotrender.com\/blog\/wp-content\/uploads\/2013\/01\/serce-1024x737.jpg\"},{\"@type\":\"BreadcrumbList\",\"@id\":\"https:\/\/www.sotrender.com\/blog\/pl\/2013\/01\/jak-rozum-prowadzil-serce-czyli-nowy-lider-w-polsce\/#breadcrumb\",\"itemListElement\":[{\"@type\":\"ListItem\",\"position\":1,\"name\":\"Home\",\"item\":\"https:\/\/www.sotrender.com\/blog\/\"},{\"@type\":\"ListItem\",\"position\":2,\"name\":\"Jak Rozum prowadzi\u0142 Serce &#8211; czyli nowy lider na polskim Facebooku\"}]},{\"@type\":\"WebSite\",\"@id\":\"https:\/\/www.sotrender.com\/blog\/#website\",\"url\":\"https:\/\/www.sotrender.com\/blog\/\",\"name\":\"Sotrender Blog\",\"description\":\"\",\"potentialAction\":[{\"@type\":\"SearchAction\",\"target\":{\"@type\":\"EntryPoint\",\"urlTemplate\":\"https:\/\/www.sotrender.com\/blog\/?s={search_term_string}\"},\"query-input\":\"required name=search_term_string\"}],\"inLanguage\":\"pl-PL\"},{\"@type\":\"Person\",\"@id\":\"https:\/\/www.sotrender.com\/blog\/#\/schema\/person\/7106df62825269bc360ad9171cd7149b\",\"name\":\"Aleksandra Prejs\",\"image\":{\"@type\":\"ImageObject\",\"inLanguage\":\"pl-PL\",\"@id\":\"https:\/\/www.sotrender.com\/blog\/#\/schema\/person\/image\/\",\"url\":\"https:\/\/secure.gravatar.com\/avatar\/469000454b77ff0aacb32c49dba023be?s=96&d=mm&r=g\",\"contentUrl\":\"https:\/\/secure.gravatar.com\/avatar\/469000454b77ff0aacb32c49dba023be?s=96&d=mm&r=g\",\"caption\":\"Aleksandra Prejs\"},\"url\":\"https:\/\/www.sotrender.com\/blog\/pl\/author\/aleksandra-prejs\/\"}]}<\/script>\n<!-- \/ Yoast SEO plugin. -->","yoast_head_json":{"title":"Facebook. Strona Serce i Rozum przegoni\u0142a Demotywatory.","description":"Od 15 stycznia 2013 r. Serce i Rozum to najwi\u0119kszy profil na polskim Facebooku. Analitycy Sotrendera przedstawiaj\u0105 drog\u0119, jak\u0105 przeby\u0142o do tego momentu.","robots":{"index":"index","follow":"follow","max-snippet":"max-snippet:-1","max-image-preview":"max-image-preview:large","max-video-preview":"max-video-preview:-1"},"canonical":"https:\/\/www.sotrender.com\/blog\/pl\/2013\/01\/jak-rozum-prowadzil-serce-czyli-nowy-lider-w-polsce\/","og_locale":"pl_PL","og_type":"article","og_title":"Facebook. Strona Serce i Rozum przegoni\u0142a Demotywatory.","og_description":"Od 15 stycznia 2013 r. Serce i Rozum to najwi\u0119kszy profil na polskim Facebooku. Analitycy Sotrendera przedstawiaj\u0105 drog\u0119, jak\u0105 przeby\u0142o do tego momentu.","og_url":"https:\/\/www.sotrender.com\/blog\/pl\/2013\/01\/jak-rozum-prowadzil-serce-czyli-nowy-lider-w-polsce\/","og_site_name":"Sotrender Blog","article_publisher":"https:\/\/www.facebook.com\/Sotrender","article_published_time":"2013-01-17T11:42:53+00:00","article_modified_time":"2015-12-01T21:22:45+00:00","og_image":[{"url":"https:\/\/www.sotrender.com\/blog\/wp-content\/uploads\/2013\/01\/serce-1024x737.jpg"}],"author":"Aleksandra Prejs","twitter_card":"summary_large_image","twitter_creator":"@Sotrender","twitter_site":"@Sotrender","twitter_misc":{"Written by":"Aleksandra Prejs","Est. reading time":"3 minutes"},"schema":{"@context":"https:\/\/schema.org","@graph":[{"@type":"WebPage","@id":"https:\/\/www.sotrender.com\/blog\/pl\/2013\/01\/jak-rozum-prowadzil-serce-czyli-nowy-lider-w-polsce\/","url":"https:\/\/www.sotrender.com\/blog\/pl\/2013\/01\/jak-rozum-prowadzil-serce-czyli-nowy-lider-w-polsce\/","name":"Facebook. Strona Serce i Rozum przegoni\u0142a Demotywatory.","isPartOf":{"@id":"https:\/\/www.sotrender.com\/blog\/#website"},"primaryImageOfPage":{"@id":"https:\/\/www.sotrender.com\/blog\/pl\/2013\/01\/jak-rozum-prowadzil-serce-czyli-nowy-lider-w-polsce\/#primaryimage"},"image":{"@id":"https:\/\/www.sotrender.com\/blog\/pl\/2013\/01\/jak-rozum-prowadzil-serce-czyli-nowy-lider-w-polsce\/#primaryimage"},"thumbnailUrl":"https:\/\/www.sotrender.com\/blog\/wp-content\/uploads\/2013\/01\/serce-1024x737.jpg","datePublished":"2013-01-17T11:42:53+00:00","dateModified":"2015-12-01T21:22:45+00:00","author":{"@id":"https:\/\/www.sotrender.com\/blog\/#\/schema\/person\/7106df62825269bc360ad9171cd7149b"},"description":"Od 15 stycznia 2013 r. Serce i Rozum to najwi\u0119kszy profil na polskim Facebooku. Analitycy Sotrendera przedstawiaj\u0105 drog\u0119, jak\u0105 przeby\u0142o do tego momentu.","breadcrumb":{"@id":"https:\/\/www.sotrender.com\/blog\/pl\/2013\/01\/jak-rozum-prowadzil-serce-czyli-nowy-lider-w-polsce\/#breadcrumb"},"inLanguage":"pl-PL","potentialAction":[{"@type":"ReadAction","target":["https:\/\/www.sotrender.com\/blog\/pl\/2013\/01\/jak-rozum-prowadzil-serce-czyli-nowy-lider-w-polsce\/"]}]},{"@type":"ImageObject","inLanguage":"pl-PL","@id":"https:\/\/www.sotrender.com\/blog\/pl\/2013\/01\/jak-rozum-prowadzil-serce-czyli-nowy-lider-w-polsce\/#primaryimage","url":"https:\/\/www.sotrender.com\/blog\/wp-content\/uploads\/2013\/01\/serce-1024x737.jpg","contentUrl":"https:\/\/www.sotrender.com\/blog\/wp-content\/uploads\/2013\/01\/serce-1024x737.jpg"},{"@type":"BreadcrumbList","@id":"https:\/\/www.sotrender.com\/blog\/pl\/2013\/01\/jak-rozum-prowadzil-serce-czyli-nowy-lider-w-polsce\/#breadcrumb","itemListElement":[{"@type":"ListItem","position":1,"name":"Home","item":"https:\/\/www.sotrender.com\/blog\/"},{"@type":"ListItem","position":2,"name":"Jak Rozum prowadzi\u0142 Serce &#8211; czyli nowy lider na polskim Facebooku"}]},{"@type":"WebSite","@id":"https:\/\/www.sotrender.com\/blog\/#website","url":"https:\/\/www.sotrender.com\/blog\/","name":"Sotrender Blog","description":"","potentialAction":[{"@type":"SearchAction","target":{"@type":"EntryPoint","urlTemplate":"https:\/\/www.sotrender.com\/blog\/?s={search_term_string}"},"query-input":"required name=search_term_string"}],"inLanguage":"pl-PL"},{"@type":"Person","@id":"https:\/\/www.sotrender.com\/blog\/#\/schema\/person\/7106df62825269bc360ad9171cd7149b","name":"Aleksandra Prejs","image":{"@type":"ImageObject","inLanguage":"pl-PL","@id":"https:\/\/www.sotrender.com\/blog\/#\/schema\/person\/image\/","url":"https:\/\/secure.gravatar.com\/avatar\/469000454b77ff0aacb32c49dba023be?s=96&d=mm&r=g","contentUrl":"https:\/\/secure.gravatar.com\/avatar\/469000454b77ff0aacb32c49dba023be?s=96&d=mm&r=g","caption":"Aleksandra Prejs"},"url":"https:\/\/www.sotrender.com\/blog\/pl\/author\/aleksandra-prejs\/"}]}},"_links":{"self":[{"href":"https:\/\/www.sotrender.com\/blog\/pl\/wp-json\/wp\/v2\/posts\/3965"}],"collection":[{"href":"https:\/\/www.sotrender.com\/blog\/pl\/wp-json\/wp\/v2\/posts"}],"about":[{"href":"https:\/\/www.sotrender.com\/blog\/pl\/wp-json\/wp\/v2\/types\/post"}],"author":[{"embeddable":true,"href":"https:\/\/www.sotrender.com\/blog\/pl\/wp-json\/wp\/v2\/users\/31"}],"replies":[{"embeddable":true,"href":"https:\/\/www.sotrender.com\/blog\/pl\/wp-json\/wp\/v2\/comments?post=3965"}],"version-history":[{"count":29,"href":"https:\/\/www.sotrender.com\/blog\/pl\/wp-json\/wp\/v2\/posts\/3965\/revisions"}],"predecessor-version":[{"id":14691,"href":"https:\/\/www.sotrender.com\/blog\/pl\/wp-json\/wp\/v2\/posts\/3965\/revisions\/14691"}],"wp:attachment":[{"href":"https:\/\/www.sotrender.com\/blog\/pl\/wp-json\/wp\/v2\/media?parent=3965"}],"wp:term":[{"taxonomy":"category","embeddable":true,"href":"https:\/\/www.sotrender.com\/blog\/pl\/wp-json\/wp\/v2\/categories?post=3965"},{"taxonomy":"post_tag","embeddable":true,"href":"https:\/\/www.sotrender.com\/blog\/pl\/wp-json\/wp\/v2\/tags?post=3965"}],"curies":[{"name":"wp","href":"https:\/\/api.w.org\/{rel}","templated":true}]}}