{"id":39575,"date":"2020-02-04T12:10:40","date_gmt":"2020-02-04T11:10:40","guid":{"rendered":"https:\/\/www.sotrender.com\/blog\/?p=39575\/"},"modified":"2020-02-04T12:37:20","modified_gmt":"2020-02-04T11:37:20","slug":"facebook-trends-styczen-2020-burzliwych-31-dni-nowego-roku","status":"publish","type":"post","link":"https:\/\/www.sotrender.com\/blog\/pl\/2020\/02\/facebook-trends-styczen-2020-burzliwych-31-dni-nowego-roku\/","title":{"rendered":"Facebook Trends stycze\u0144 2020 &#8211; burzliwych 31 dni nowego roku"},"content":{"rendered":"<p><span style=\"font-weight: 400;\">Za nami bardzo intensywny pocz\u0105tek roku &#8211; zar\u00f3wno w Polsce, jak i na \u015bwiecie.\u00a0<\/span><\/p>\n<p><span style=\"font-weight: 400;\">OLX Polska wystartowa\u0142 z kolejn\u0105 \u015bwietn\u0105 kampani\u0105, tym razem dotycz\u0105c\u0105 walki ze smogiem, odby\u0142 si\u0119 r\u00f3wnie\u017c kolejny fina\u0142 Wielkiej Orkiestry \u015awi\u0105tecznej Pomocy.\u00a0<\/span><\/p>\n<p><!--more--><\/p>\n<p><span style=\"font-weight: 400;\">Z kolei \u015bwiat zmaga\u0142 si\u0119 nie tylko z po\u017carami las\u00f3w w Australii, ale r\u00f3wnie\u017c z chi\u0144skim wirusem. Wszystkie te wydarzenia mia\u0142y swoje odzwierciedlenie r\u00f3wnie\u017c na <a href=\"https:\/\/www.sotrender.com\/trends\/facebook\/poland\/202001\">polskim Facebooku<\/a>.\u00a0<\/span><\/p>\n<h2><strong>Konflikty i katastrofy na \u015bwiecie\u00a0<\/strong><\/h2>\n<p><span style=\"font-weight: 400;\">Najszybciej rosn\u0105cy profil w styczniu <a href=\"https:\/\/www.sotrender.com\/trends\/facebook\/poland\/202001\">na polskim Facebooku<\/a> to definicja najwa\u017cniejszych wydarze\u0144 ze \u015bwiata z ostatnich 31 dni.\u00a0<\/span><\/p>\n<p><span style=\"font-weight: 400;\"><strong>Profil Konflikty i katastrofy \u015bwiatowe<\/strong> zyska\u0142 w styczniu ponad 120 tys. nowych fan\u00f3w. Pewnie najbardziej kojarzycie go z ostatni\u0105 wzmo\u017con\u0105 aktywno\u015bci\u0105 zwi\u0105zan\u0105 z informacjami o koronawirusie. Jednak ju\u017c na pocz\u0105tku miesi\u0105ca prowadz\u0105cy profil na bie\u017c\u0105co publikowa\u0142 aktualizacje zwi\u0105zane m.in. z konfliktem na linii USA &#8211; Iran oraz po\u017carami w Australii.\u00a0<\/span><\/p>\n<div id=\"attachment_39577\" style=\"width: 437px\" class=\"wp-caption aligncenter\"><img loading=\"lazy\" decoding=\"async\" aria-describedby=\"caption-attachment-39577\" class=\"size-full wp-image-39577\" src=\"https:\/\/www.sotrender.com\/blog\/wp-content\/uploads\/2020\/02\/Zrzut-ekranu-2020-02-3-o-14.00.55.png\" alt=\"kik\u015b\" width=\"427\" height=\"348\" \/><p id=\"caption-attachment-39577\" class=\"wp-caption-text\">Najszybciej rosn\u0105ce profile <a href=\"https:\/\/www.sotrender.com\/trends\/facebook\/poland\/202001\/\">na Facebooku w styczniu 2020r.<\/a><\/p><\/div>\n<p><span style=\"font-weight: 400;\">Profil KiK\u015a poza przyrostem liczby fan\u00f3w, odnotowa\u0142 r\u00f3wnie\u017c wzrost ich aktywno\u015bci i tym samym awansowa\u0142 o 55 pozycji (na pozycj\u0119 nr 17.) <a href=\"https:\/\/www.sotrender.com\/trends\/facebook\/poland\/202001\/media#engagement\">w kategorii Media<\/a>, pod wzgl\u0119dem aktywnych u\u017cytkownik\u00f3w.\u00a0<\/span><\/p>\n<p><span style=\"font-weight: 400;\">Warto w tym miejscu wspomnie\u0107, \u017ce r\u00f3wnie\u017c <strong>Facebook podj\u0105\u0142 walk\u0119 z koronawirusem<\/strong> &#8211; chodzi jednak o walk\u0119 z <strong>rozpowszechnianiem nieprawdziwych informacji<\/strong> o epidemii. Materia\u0142om, kt\u00f3re okazuj\u0105 si\u0119 by\u0107 nieprawdziwe, Facebook dodaje odpowiedni\u0105 etykiet\u0119.\u00a0<\/span><\/p>\n<p><span style=\"font-weight: 400;\">W ten spos\u00f3b oznaczony zosta\u0142 m.in. ostatni materia\u0142 wideo na profilu SA Ward\u0119gi, kt\u00f3ry by\u0142 najpopularniejszym postem w\u00a0<a href=\"https:\/\/www.sotrender.com\/trends\/facebook\/poland\/202001\/blogi_vlogi\/vlogi#best_posts\">kategorii Vlogi<\/a>.\u00a0<\/span><\/p>\n<div id=\"attachment_39579\" style=\"width: 499px\" class=\"wp-caption aligncenter\"><img loading=\"lazy\" decoding=\"async\" aria-describedby=\"caption-attachment-39579\" class=\"size-full wp-image-39579\" src=\"https:\/\/www.sotrender.com\/blog\/wp-content\/uploads\/2020\/02\/Zrzut-ekranu-2020-02-4-o-08.48.53.png\" alt=\"sa ward\u0119ga\" width=\"489\" height=\"666\" srcset=\"https:\/\/www.sotrender.com\/blog\/wp-content\/uploads\/2020\/02\/Zrzut-ekranu-2020-02-4-o-08.48.53.png 489w, https:\/\/www.sotrender.com\/blog\/wp-content\/uploads\/2020\/02\/Zrzut-ekranu-2020-02-4-o-08.48.53-475x647.png 475w\" sizes=\"(max-width: 489px) 100vw, 489px\" \/><p id=\"caption-attachment-39579\" class=\"wp-caption-text\">Post na profilu SA Ward\u0119gi oznaczony jako zawieraj\u0105cy fa\u0142szywe informacje<\/p><\/div>\n<h2><strong>Sportowy stycze\u0144\u00a0<\/strong><\/h2>\n<p><span style=\"font-weight: 400;\">R\u00f3wnie\u017c najlepsze posty miesi\u0105ca <a href=\"https:\/\/www.sotrender.com\/trends\/facebook\/poland\/202001\/sport#best_posts\">w kategorii Sport<\/a> doskonale odzwierciedlaj\u0105 najwa\u017cniejsze &#8211; sportowe &#8211; wydarzenia minionego miesi\u0105ca.\u00a0<\/span><\/p>\n<p><span style=\"font-weight: 400;\"><strong>Dawid Kubacki wygra\u0142 presti\u017cowy Turniej Czterech Skoczni<\/strong>, i wraz z Kamilem Stochem, zdominowa\u0142 podium w Zakopanem podczas indywidualnego konkursu na Wielkiej Krokwi.\u00a0<\/span><\/p>\n<p><span style=\"font-weight: 400;\">\u015awiat obieg\u0142a te\u017c niestety tragiczna informacja o \u015bmierci koszykarza Kobego Bryanta.\u00a0<\/span><\/p>\n<div id=\"attachment_39581\" style=\"width: 811px\" class=\"wp-caption aligncenter\"><img loading=\"lazy\" decoding=\"async\" aria-describedby=\"caption-attachment-39581\" class=\" wp-image-39581\" src=\"https:\/\/www.sotrender.com\/blog\/wp-content\/uploads\/2020\/02\/Zrzut-ekranu-2020-02-3-o-11.40.49.png\" alt=\"dawid kubacki\" width=\"801\" height=\"716\" srcset=\"https:\/\/www.sotrender.com\/blog\/wp-content\/uploads\/2020\/02\/Zrzut-ekranu-2020-02-3-o-11.40.49.png 965w, https:\/\/www.sotrender.com\/blog\/wp-content\/uploads\/2020\/02\/Zrzut-ekranu-2020-02-3-o-11.40.49-475x425.png 475w, https:\/\/www.sotrender.com\/blog\/wp-content\/uploads\/2020\/02\/Zrzut-ekranu-2020-02-3-o-11.40.49-768x687.png 768w, https:\/\/www.sotrender.com\/blog\/wp-content\/uploads\/2020\/02\/Zrzut-ekranu-2020-02-3-o-11.40.49-950x850.png 950w\" sizes=\"(max-width: 801px) 100vw, 801px\" \/><p id=\"caption-attachment-39581\" class=\"wp-caption-text\">Najlepsze posty w styczniu <a href=\"https:\/\/www.sotrender.com\/trends\/facebook\/poland\/202001\/sport#best_posts\">w kategorii Sport<\/a> na Facebooku<\/p><\/div>\n<p><span style=\"font-weight: 400;\">W\u015br\u00f3d najlepszych post\u00f3w miesi\u0105ca nie mog\u0142o zabrakn\u0105\u0107 r\u00f3wnie\u017c profilu Dzikiego Trenera, kt\u00f3ry, przypominamy, by\u0142 jednym z najszybciej rosn\u0105cych profili <\/span><a href=\"https:\/\/www.sotrender.com\/blog\/pl\/2020\/01\/facebook-w-polsce-podsumowanie-2019-roku-infografika\/\"><span style=\"font-weight: 400;\">w ca\u0142ym 2019 roku<\/span><\/a><span style=\"font-weight: 400;\">.\u00a0<\/span><\/p>\n<h2><strong>Najlepszego dla wszystkich dziadk\u00f3w\u00a0<\/strong><\/h2>\n<p><span style=\"font-weight: 400;\">Po gor\u0105cym okresie oko\u0142o\u015bwi\u0105tecznym i noworocznym, marki nie zapomnia\u0142y w styczniu r\u00f3wnie\u017c o \u015bwi\u0119cie Babci i Dziadka, w\u0142\u0105czaj\u0105c je do swojej komunikacji.\u00a0<\/span><\/p>\n<p><span style=\"font-weight: 400;\">Jedn\u0105 z bardziej anga\u017cuj\u0105cych kreacji opublikowano na profilu Orange. To kolejny dow\u00f3d na to, \u017ce czasem <strong>prosta grafika z warto\u015bciowym przekazem to najlepszy wyb\u00f3r<\/strong>.\u00a0<\/span><\/p>\n<div id=\"attachment_39583\" style=\"width: 811px\" class=\"wp-caption aligncenter\"><img loading=\"lazy\" decoding=\"async\" aria-describedby=\"caption-attachment-39583\" class=\" wp-image-39583\" src=\"https:\/\/www.sotrender.com\/blog\/wp-content\/uploads\/2020\/02\/Zrzut-ekranu-2020-02-3-o-13.21.53.png\" alt=\"orange\" width=\"801\" height=\"390\" srcset=\"https:\/\/www.sotrender.com\/blog\/wp-content\/uploads\/2020\/02\/Zrzut-ekranu-2020-02-3-o-13.21.53.png 969w, https:\/\/www.sotrender.com\/blog\/wp-content\/uploads\/2020\/02\/Zrzut-ekranu-2020-02-3-o-13.21.53-475x231.png 475w, https:\/\/www.sotrender.com\/blog\/wp-content\/uploads\/2020\/02\/Zrzut-ekranu-2020-02-3-o-13.21.53-768x374.png 768w, https:\/\/www.sotrender.com\/blog\/wp-content\/uploads\/2020\/02\/Zrzut-ekranu-2020-02-3-o-13.21.53-950x463.png 950w\" sizes=\"(max-width: 801px) 100vw, 801px\" \/><p id=\"caption-attachment-39583\" class=\"wp-caption-text\"><a href=\"https:\/\/www.sotrender.com\/trends\/facebook\/poland\/202001\/technologie_sprzet\/telekomunikacja#best_posts\">Najlepsze posty w kategorii Telekomunikacja<\/a> w styczniu 2020 na Facebooku<\/p><\/div>\n<h2><strong>Podsumowanie 2019 roku\u00a0<\/strong><\/h2>\n<p><span style=\"font-weight: 400;\">Za nami ju\u017c pierwszy miesi\u0105c 2020 roku, kiedy to zlecia\u0142o! Dopiero co przygotowywali\u015bmy infografiki z podsumowaniem rocznym na <\/span><a href=\"https:\/\/www.sotrender.com\/blog\/pl\/2020\/01\/facebook-w-polsce-podsumowanie-2019-roku-infografika\/\"><span style=\"font-weight: 400;\">Facebooku<\/span><\/a><span style=\"font-weight: 400;\"> i <\/span><a href=\"https:\/\/www.sotrender.com\/blog\/pl\/2020\/01\/twitter-w-polsce-podsumowanie-2019-roku-infografika\/\"><span style=\"font-weight: 400;\">Twitterze<\/span><\/a><span style=\"font-weight: 400;\"> &#8211; mo\u017cecie je znale\u017a\u0107 na naszym blogu \ud83d\ude09\u00a0<\/span><\/p>\n<p><span style=\"font-weight: 400;\">Tymczasem, je\u015bli chcieliby\u015bcie dowiedzie\u0107 si\u0119 wi\u0119cej o tym, co dzia\u0142o si\u0119 na Facebooku w styczniu, <a href=\"https:\/\/www.sotrender.com\/trends\/facebook\/poland\/202001\">zapraszamy do przegl\u0105dania pe\u0142nego raportu<\/a>!<\/span><\/p>\n<p>&nbsp;<\/p>\n","protected":false},"excerpt":{"rendered":"<p>Za nami bardzo intensywny pocz\u0105tek roku &#8211; zar\u00f3wno w Polsce, jak i na \u015bwiecie.\u00a0 OLX Polska wystartowa\u0142 z kolejn\u0105 \u015bwietn\u0105 kampani\u0105, tym razem dotycz\u0105c\u0105 walki ze smogiem, odby\u0142 si\u0119 r\u00f3wnie\u017c kolejny fina\u0142 Wielkiej Orkiestry \u015awi\u0105tecznej Pomocy.\u00a0<\/p>\n","protected":false},"author":89,"featured_media":39591,"comment_status":"open","ping_status":"open","sticky":false,"template":"","format":"standard","meta":{"inline_featured_image":false,"footnotes":""},"categories":[1791,1797,2125],"tags":[17,2307],"yoast_head":"<!-- This site is optimized with the Yoast SEO plugin v22.4 - https:\/\/yoast.com\/wordpress\/plugins\/seo\/ -->\n<title>Facebook Trends stycze\u0144 2020 - burzliwych 31 dni nowego roku<\/title>\n<meta name=\"description\" content=\"OLX Polska wystartowa\u0142 z kolejn\u0105 \u015bwietn\u0105 kampani\u0105, odby\u0142 si\u0119 r\u00f3wnie\u017c kolejny fina\u0142 Wielkiej Orkiestry \u015awi\u0105tecznej Pomocy.\u00a0Co si\u0119 dzia\u0142o na \u015bwiecie?\" \/>\n<meta name=\"robots\" content=\"index, follow, max-snippet:-1, max-image-preview:large, max-video-preview:-1\" \/>\n<link rel=\"canonical\" href=\"https:\/\/www.sotrender.com\/blog\/pl\/2020\/02\/facebook-trends-styczen-2020-burzliwych-31-dni-nowego-roku\/\" \/>\n<meta property=\"og:locale\" content=\"pl_PL\" \/>\n<meta property=\"og:type\" content=\"article\" \/>\n<meta property=\"og:title\" content=\"Facebook Trends stycze\u0144 2020 - burzliwych 31 dni nowego roku\" \/>\n<meta property=\"og:description\" content=\"OLX Polska wystartowa\u0142 z kolejn\u0105 \u015bwietn\u0105 kampani\u0105, odby\u0142 si\u0119 r\u00f3wnie\u017c kolejny fina\u0142 Wielkiej Orkiestry \u015awi\u0105tecznej Pomocy.\u00a0Co si\u0119 dzia\u0142o na \u015bwiecie?\" \/>\n<meta property=\"og:url\" content=\"https:\/\/www.sotrender.com\/blog\/pl\/2020\/02\/facebook-trends-styczen-2020-burzliwych-31-dni-nowego-roku\/\" \/>\n<meta property=\"og:site_name\" content=\"Sotrender Blog\" \/>\n<meta property=\"article:publisher\" content=\"https:\/\/www.facebook.com\/Sotrender\" \/>\n<meta property=\"article:published_time\" content=\"2020-02-04T11:10:40+00:00\" \/>\n<meta property=\"article:modified_time\" content=\"2020-02-04T11:37:20+00:00\" \/>\n<meta property=\"og:image\" content=\"https:\/\/www.sotrender.com\/blog\/wp-content\/uploads\/2020\/02\/alex-radelich-Evo4wmtRaPI-unsplash.jpg\" \/>\n\t<meta property=\"og:image:width\" content=\"2400\" \/>\n\t<meta property=\"og:image:height\" content=\"1465\" \/>\n\t<meta property=\"og:image:type\" content=\"image\/jpeg\" \/>\n<meta name=\"author\" content=\"Klaudia \u017by\u0142ka\" \/>\n<meta name=\"twitter:card\" content=\"summary_large_image\" \/>\n<meta name=\"twitter:creator\" content=\"@Sotrender\" \/>\n<meta name=\"twitter:site\" content=\"@Sotrender\" \/>\n<meta name=\"twitter:label1\" content=\"Written by\" \/>\n\t<meta name=\"twitter:data1\" content=\"Klaudia \u017by\u0142ka\" \/>\n\t<meta name=\"twitter:label2\" content=\"Est. reading time\" \/>\n\t<meta name=\"twitter:data2\" content=\"3 minutes\" \/>\n<script type=\"application\/ld+json\" class=\"yoast-schema-graph\">{\"@context\":\"https:\/\/schema.org\",\"@graph\":[{\"@type\":\"WebPage\",\"@id\":\"https:\/\/www.sotrender.com\/blog\/pl\/2020\/02\/facebook-trends-styczen-2020-burzliwych-31-dni-nowego-roku\/\",\"url\":\"https:\/\/www.sotrender.com\/blog\/pl\/2020\/02\/facebook-trends-styczen-2020-burzliwych-31-dni-nowego-roku\/\",\"name\":\"Facebook Trends stycze\u0144 2020 - burzliwych 31 dni nowego roku\",\"isPartOf\":{\"@id\":\"https:\/\/www.sotrender.com\/blog\/#website\"},\"primaryImageOfPage\":{\"@id\":\"https:\/\/www.sotrender.com\/blog\/pl\/2020\/02\/facebook-trends-styczen-2020-burzliwych-31-dni-nowego-roku\/#primaryimage\"},\"image\":{\"@id\":\"https:\/\/www.sotrender.com\/blog\/pl\/2020\/02\/facebook-trends-styczen-2020-burzliwych-31-dni-nowego-roku\/#primaryimage\"},\"thumbnailUrl\":\"https:\/\/www.sotrender.com\/blog\/wp-content\/uploads\/2020\/02\/alex-radelich-Evo4wmtRaPI-unsplash.jpg\",\"datePublished\":\"2020-02-04T11:10:40+00:00\",\"dateModified\":\"2020-02-04T11:37:20+00:00\",\"author\":{\"@id\":\"https:\/\/www.sotrender.com\/blog\/#\/schema\/person\/038ac5e276c5d102d8cbb9c36cd43416\"},\"description\":\"OLX Polska wystartowa\u0142 z kolejn\u0105 \u015bwietn\u0105 kampani\u0105, odby\u0142 si\u0119 r\u00f3wnie\u017c kolejny fina\u0142 Wielkiej Orkiestry \u015awi\u0105tecznej Pomocy.\u00a0Co si\u0119 dzia\u0142o na \u015bwiecie?\",\"breadcrumb\":{\"@id\":\"https:\/\/www.sotrender.com\/blog\/pl\/2020\/02\/facebook-trends-styczen-2020-burzliwych-31-dni-nowego-roku\/#breadcrumb\"},\"inLanguage\":\"pl-PL\",\"potentialAction\":[{\"@type\":\"ReadAction\",\"target\":[\"https:\/\/www.sotrender.com\/blog\/pl\/2020\/02\/facebook-trends-styczen-2020-burzliwych-31-dni-nowego-roku\/\"]}]},{\"@type\":\"ImageObject\",\"inLanguage\":\"pl-PL\",\"@id\":\"https:\/\/www.sotrender.com\/blog\/pl\/2020\/02\/facebook-trends-styczen-2020-burzliwych-31-dni-nowego-roku\/#primaryimage\",\"url\":\"https:\/\/www.sotrender.com\/blog\/wp-content\/uploads\/2020\/02\/alex-radelich-Evo4wmtRaPI-unsplash.jpg\",\"contentUrl\":\"https:\/\/www.sotrender.com\/blog\/wp-content\/uploads\/2020\/02\/alex-radelich-Evo4wmtRaPI-unsplash.jpg\",\"width\":2400,\"height\":1465},{\"@type\":\"BreadcrumbList\",\"@id\":\"https:\/\/www.sotrender.com\/blog\/pl\/2020\/02\/facebook-trends-styczen-2020-burzliwych-31-dni-nowego-roku\/#breadcrumb\",\"itemListElement\":[{\"@type\":\"ListItem\",\"position\":1,\"name\":\"Home\",\"item\":\"https:\/\/www.sotrender.com\/blog\/\"},{\"@type\":\"ListItem\",\"position\":2,\"name\":\"Facebook Trends stycze\u0144 2020 &#8211; burzliwych 31 dni nowego roku\"}]},{\"@type\":\"WebSite\",\"@id\":\"https:\/\/www.sotrender.com\/blog\/#website\",\"url\":\"https:\/\/www.sotrender.com\/blog\/\",\"name\":\"Sotrender Blog\",\"description\":\"\",\"potentialAction\":[{\"@type\":\"SearchAction\",\"target\":{\"@type\":\"EntryPoint\",\"urlTemplate\":\"https:\/\/www.sotrender.com\/blog\/?s={search_term_string}\"},\"query-input\":\"required name=search_term_string\"}],\"inLanguage\":\"pl-PL\"},{\"@type\":\"Person\",\"@id\":\"https:\/\/www.sotrender.com\/blog\/#\/schema\/person\/038ac5e276c5d102d8cbb9c36cd43416\",\"name\":\"Klaudia \u017by\u0142ka\",\"image\":{\"@type\":\"ImageObject\",\"inLanguage\":\"pl-PL\",\"@id\":\"https:\/\/www.sotrender.com\/blog\/#\/schema\/person\/image\/\",\"url\":\"https:\/\/secure.gravatar.com\/avatar\/f55d5d49ce3c448e1ffde0ab078d84cd?s=96&d=mm&r=g\",\"contentUrl\":\"https:\/\/secure.gravatar.com\/avatar\/f55d5d49ce3c448e1ffde0ab078d84cd?s=96&d=mm&r=g\",\"caption\":\"Klaudia \u017by\u0142ka\"},\"description\":\"Instagram, dogs, books and food lover. Former student at Warsaw University and Malm\u00f6 University. Improving her marketing skills every day. Proud owner of DIMAQ certificate\",\"sameAs\":[\"https:\/\/www.linkedin.com\/in\/klaudia-\u017cy\u0142ka-17527779\"],\"url\":\"https:\/\/www.sotrender.com\/blog\/pl\/author\/klaudia_yka\/\"}]}<\/script>\n<!-- \/ Yoast SEO plugin. -->","yoast_head_json":{"title":"Facebook Trends stycze\u0144 2020 - burzliwych 31 dni nowego roku","description":"OLX Polska wystartowa\u0142 z kolejn\u0105 \u015bwietn\u0105 kampani\u0105, odby\u0142 si\u0119 r\u00f3wnie\u017c kolejny fina\u0142 Wielkiej Orkiestry \u015awi\u0105tecznej Pomocy.\u00a0Co si\u0119 dzia\u0142o na \u015bwiecie?","robots":{"index":"index","follow":"follow","max-snippet":"max-snippet:-1","max-image-preview":"max-image-preview:large","max-video-preview":"max-video-preview:-1"},"canonical":"https:\/\/www.sotrender.com\/blog\/pl\/2020\/02\/facebook-trends-styczen-2020-burzliwych-31-dni-nowego-roku\/","og_locale":"pl_PL","og_type":"article","og_title":"Facebook Trends stycze\u0144 2020 - burzliwych 31 dni nowego roku","og_description":"OLX Polska wystartowa\u0142 z kolejn\u0105 \u015bwietn\u0105 kampani\u0105, odby\u0142 si\u0119 r\u00f3wnie\u017c kolejny fina\u0142 Wielkiej Orkiestry \u015awi\u0105tecznej Pomocy.\u00a0Co si\u0119 dzia\u0142o na \u015bwiecie?","og_url":"https:\/\/www.sotrender.com\/blog\/pl\/2020\/02\/facebook-trends-styczen-2020-burzliwych-31-dni-nowego-roku\/","og_site_name":"Sotrender Blog","article_publisher":"https:\/\/www.facebook.com\/Sotrender","article_published_time":"2020-02-04T11:10:40+00:00","article_modified_time":"2020-02-04T11:37:20+00:00","og_image":[{"width":2400,"height":1465,"url":"https:\/\/www.sotrender.com\/blog\/wp-content\/uploads\/2020\/02\/alex-radelich-Evo4wmtRaPI-unsplash.jpg","type":"image\/jpeg"}],"author":"Klaudia \u017by\u0142ka","twitter_card":"summary_large_image","twitter_creator":"@Sotrender","twitter_site":"@Sotrender","twitter_misc":{"Written by":"Klaudia \u017by\u0142ka","Est. reading time":"3 minutes"},"schema":{"@context":"https:\/\/schema.org","@graph":[{"@type":"WebPage","@id":"https:\/\/www.sotrender.com\/blog\/pl\/2020\/02\/facebook-trends-styczen-2020-burzliwych-31-dni-nowego-roku\/","url":"https:\/\/www.sotrender.com\/blog\/pl\/2020\/02\/facebook-trends-styczen-2020-burzliwych-31-dni-nowego-roku\/","name":"Facebook Trends stycze\u0144 2020 - burzliwych 31 dni nowego roku","isPartOf":{"@id":"https:\/\/www.sotrender.com\/blog\/#website"},"primaryImageOfPage":{"@id":"https:\/\/www.sotrender.com\/blog\/pl\/2020\/02\/facebook-trends-styczen-2020-burzliwych-31-dni-nowego-roku\/#primaryimage"},"image":{"@id":"https:\/\/www.sotrender.com\/blog\/pl\/2020\/02\/facebook-trends-styczen-2020-burzliwych-31-dni-nowego-roku\/#primaryimage"},"thumbnailUrl":"https:\/\/www.sotrender.com\/blog\/wp-content\/uploads\/2020\/02\/alex-radelich-Evo4wmtRaPI-unsplash.jpg","datePublished":"2020-02-04T11:10:40+00:00","dateModified":"2020-02-04T11:37:20+00:00","author":{"@id":"https:\/\/www.sotrender.com\/blog\/#\/schema\/person\/038ac5e276c5d102d8cbb9c36cd43416"},"description":"OLX Polska wystartowa\u0142 z kolejn\u0105 \u015bwietn\u0105 kampani\u0105, odby\u0142 si\u0119 r\u00f3wnie\u017c kolejny fina\u0142 Wielkiej Orkiestry \u015awi\u0105tecznej Pomocy.\u00a0Co si\u0119 dzia\u0142o na \u015bwiecie?","breadcrumb":{"@id":"https:\/\/www.sotrender.com\/blog\/pl\/2020\/02\/facebook-trends-styczen-2020-burzliwych-31-dni-nowego-roku\/#breadcrumb"},"inLanguage":"pl-PL","potentialAction":[{"@type":"ReadAction","target":["https:\/\/www.sotrender.com\/blog\/pl\/2020\/02\/facebook-trends-styczen-2020-burzliwych-31-dni-nowego-roku\/"]}]},{"@type":"ImageObject","inLanguage":"pl-PL","@id":"https:\/\/www.sotrender.com\/blog\/pl\/2020\/02\/facebook-trends-styczen-2020-burzliwych-31-dni-nowego-roku\/#primaryimage","url":"https:\/\/www.sotrender.com\/blog\/wp-content\/uploads\/2020\/02\/alex-radelich-Evo4wmtRaPI-unsplash.jpg","contentUrl":"https:\/\/www.sotrender.com\/blog\/wp-content\/uploads\/2020\/02\/alex-radelich-Evo4wmtRaPI-unsplash.jpg","width":2400,"height":1465},{"@type":"BreadcrumbList","@id":"https:\/\/www.sotrender.com\/blog\/pl\/2020\/02\/facebook-trends-styczen-2020-burzliwych-31-dni-nowego-roku\/#breadcrumb","itemListElement":[{"@type":"ListItem","position":1,"name":"Home","item":"https:\/\/www.sotrender.com\/blog\/"},{"@type":"ListItem","position":2,"name":"Facebook Trends stycze\u0144 2020 &#8211; burzliwych 31 dni nowego roku"}]},{"@type":"WebSite","@id":"https:\/\/www.sotrender.com\/blog\/#website","url":"https:\/\/www.sotrender.com\/blog\/","name":"Sotrender Blog","description":"","potentialAction":[{"@type":"SearchAction","target":{"@type":"EntryPoint","urlTemplate":"https:\/\/www.sotrender.com\/blog\/?s={search_term_string}"},"query-input":"required name=search_term_string"}],"inLanguage":"pl-PL"},{"@type":"Person","@id":"https:\/\/www.sotrender.com\/blog\/#\/schema\/person\/038ac5e276c5d102d8cbb9c36cd43416","name":"Klaudia \u017by\u0142ka","image":{"@type":"ImageObject","inLanguage":"pl-PL","@id":"https:\/\/www.sotrender.com\/blog\/#\/schema\/person\/image\/","url":"https:\/\/secure.gravatar.com\/avatar\/f55d5d49ce3c448e1ffde0ab078d84cd?s=96&d=mm&r=g","contentUrl":"https:\/\/secure.gravatar.com\/avatar\/f55d5d49ce3c448e1ffde0ab078d84cd?s=96&d=mm&r=g","caption":"Klaudia \u017by\u0142ka"},"description":"Instagram, dogs, books and food lover. Former student at Warsaw University and Malm\u00f6 University. Improving her marketing skills every day. Proud owner of DIMAQ certificate","sameAs":["https:\/\/www.linkedin.com\/in\/klaudia-\u017cy\u0142ka-17527779"],"url":"https:\/\/www.sotrender.com\/blog\/pl\/author\/klaudia_yka\/"}]}},"_links":{"self":[{"href":"https:\/\/www.sotrender.com\/blog\/pl\/wp-json\/wp\/v2\/posts\/39575"}],"collection":[{"href":"https:\/\/www.sotrender.com\/blog\/pl\/wp-json\/wp\/v2\/posts"}],"about":[{"href":"https:\/\/www.sotrender.com\/blog\/pl\/wp-json\/wp\/v2\/types\/post"}],"author":[{"embeddable":true,"href":"https:\/\/www.sotrender.com\/blog\/pl\/wp-json\/wp\/v2\/users\/89"}],"replies":[{"embeddable":true,"href":"https:\/\/www.sotrender.com\/blog\/pl\/wp-json\/wp\/v2\/comments?post=39575"}],"version-history":[{"count":10,"href":"https:\/\/www.sotrender.com\/blog\/pl\/wp-json\/wp\/v2\/posts\/39575\/revisions"}],"predecessor-version":[{"id":39613,"href":"https:\/\/www.sotrender.com\/blog\/pl\/wp-json\/wp\/v2\/posts\/39575\/revisions\/39613"}],"wp:featuredmedia":[{"embeddable":true,"href":"https:\/\/www.sotrender.com\/blog\/pl\/wp-json\/wp\/v2\/media\/39591"}],"wp:attachment":[{"href":"https:\/\/www.sotrender.com\/blog\/pl\/wp-json\/wp\/v2\/media?parent=39575"}],"wp:term":[{"taxonomy":"category","embeddable":true,"href":"https:\/\/www.sotrender.com\/blog\/pl\/wp-json\/wp\/v2\/categories?post=39575"},{"taxonomy":"post_tag","embeddable":true,"href":"https:\/\/www.sotrender.com\/blog\/pl\/wp-json\/wp\/v2\/tags?post=39575"}],"curies":[{"name":"wp","href":"https:\/\/api.w.org\/{rel}","templated":true}]}}