{"id":39485,"date":"2020-01-28T13:11:16","date_gmt":"2020-01-28T12:11:16","guid":{"rendered":"https:\/\/www.sotrender.com\/blog\/?p=39485\/"},"modified":"2025-02-20T23:03:28","modified_gmt":"2025-02-20T22:03:28","slug":"twitter-w-polsce-podsumowanie-2019-roku-infografika","status":"publish","type":"post","link":"https:\/\/www.sotrender.com\/blog\/pl\/2020\/01\/twitter-w-polsce-podsumowanie-2019-roku-infografika\/","title":{"rendered":"Twitter w Polsce \u2013 podsumowanie 2019 roku [INFOGRAFIKA]"},"content":{"rendered":"<p><span style=\"font-weight: 400;\">Od kiedy przestali\u015bmy wydawa\u0107 comiesi\u0119czne raporty Trends dla Twittera, z pewno\u015bci\u0105 ciekawi jeste\u015bcie, co dzia\u0142o si\u0119 w ostatnich 12 miesi\u0105cach na tej platformie.\u00a0<\/span><\/p>\n<p><span style=\"font-weight: 400;\">My\u015blicie, \u017ce du\u017co si\u0119 zmieni\u0142o na polskiej scenie Twittera? \ud83d\ude09\u00a0<\/span><\/p>\n<p><!--more--><\/p>\n<p><b>Najwi\u0119ksze profile<\/b><span style=\"font-weight: 400;\"> w por\u00f3wnaniu do 2018 roku pozostaj\u0105 na Twitterze bez wi\u0119kszych zmian. Tuskowi uda\u0142o si\u0119 zaj\u0105\u0107 3. miejsce na podium, przesuwaj\u0105c tym samym profil Papie\u017ca Franciszka na 5. pozycj\u0119. Andrzej Duda awansowa\u0142 z kolei z 6. na 4. miejsce w por\u00f3wnaniu do naszego <\/span><a href=\"https:\/\/www.sotrender.com\/blog\/pl\/2019\/02\/twitter-w-polsce-podsumowanie-2018-roku-infografika\/\"><span style=\"font-weight: 400;\">podsumowania 2018 roku<\/span><\/a><span style=\"font-weight: 400;\">. Najwi\u0119kszym profilem wci\u0105\u017c pozostaje profil tvn24.\u00a0<\/span><\/p>\n<p><span style=\"font-weight: 400;\">Z kolei <\/span><b>najbardziej anga\u017cuj\u0105cym <\/b><span style=\"font-weight: 400;\">i jednocze\u015bnie<\/span><b> najszybciej rosn\u0105cym profilem<\/b><span style=\"font-weight: 400;\"> w 2019 roku by\u0142 profil <\/span><b>Auschwitz Memorial<\/b><span style=\"font-weight: 400;\">, czego doskona\u0142e odzwierciedlenie zobaczycie w zestawieniu najlepszych tweet\u00f3w.\u00a0<\/span><\/p>\n<p><span style=\"font-weight: 400;\">W tweetach <\/span><b>najcz\u0119\u015bciej wspominali\u015bmy<\/b><span style=\"font-weight: 400;\"> profile partii politycznych: <\/span><b>PiS i PO<\/b><span style=\"font-weight: 400;\"> oraz portali informacyjnych:<\/span><b> tvp.info i tvn24<\/b><span style=\"font-weight: 400;\">.\u00a0<\/span><\/p>\n<p><span style=\"font-weight: 400;\">Na czele zestawienia <\/span><b>najcz\u0119\u015bciej tweetuj\u0105cych<\/b><span style=\"font-weight: 400;\"> znalaz\u0142y si\u0119 g\u0142\u00f3wnie <\/span><b>profile informacyjne<\/b><span style=\"font-weight: 400;\">, z numerem 1. &#8211; Onet Wiadomo\u015bci.<br \/>\n5. pozycj\u0119 zaj\u0105\u0142 z kolei <strong>Janusz Piechoci\u0144ski<\/strong> &#8211; jedna z bardziej intryguj\u0105cych postaci na polskim Twitterze \ud83d\ude09\u00a0<\/span><\/p>\n<p><b>Radio Maryja<\/b><span style=\"font-weight: 400;\"> &#8211; profil, kt\u00f3ry by\u0142 najbardziej aktywny <\/span><a href=\"https:\/\/www.sotrender.com\/blog\/pl\/2020\/01\/facebook-w-polsce-podsumowanie-2019-roku-infografika\/\"><span style=\"font-weight: 400;\">na Facebooku w 2019 roku<\/span><\/a><span style=\"font-weight: 400;\">, jak i <\/span><a href=\"https:\/\/www.sotrender.com\/blog\/pl\/2019\/02\/twitter-w-polsce-podsumowanie-2018-roku-infografika\/\"><span style=\"font-weight: 400;\">na Twitterze w 2018 roku<\/span><\/a><span style=\"font-weight: 400;\">, tym razem uplasowa\u0142 si\u0119 \u201cdopiero\u201d na 3. miejscu. Cho\u0107 na profilu opublikowano niemal tyle samo tweet\u00f3w co rok temu (2018: 33 398, 2019: 33 364, czyli jedynie o 34 mniej w 2019 roku) &#8211; znacznie wi\u0119cej tweet\u00f3w odnotowano na koncie <strong>Onet Wiadomo\u015bci<\/strong> i <strong>Polskie Radio 24<\/strong>.\u00a0<\/span><\/p>\n<p><b>Najlepszy post<\/b><span style=\"font-weight: 400;\"> na Twitterze w 2019 nale\u017ca\u0142 do <\/span><b>Roberta Lewandowskiego<\/b><span style=\"font-weight: 400;\">.<br \/>\n<\/span><span style=\"font-weight: 400;\">Niezmiennie znaczna wi\u0119kszo\u015b\u0107 najbardziej anga\u017cuj\u0105cych tweet\u00f3w zosta\u0142a opublikowana jednak na profilu <\/span><b>Auschwitz Memorial<\/b><span style=\"font-weight: 400;\">.\u00a0<\/span><span style=\"font-weight: 400;\">W TOP15 tweet\u00f3w 2019 roku, 2 nale\u017ca\u0142y r\u00f3wnie\u017c do polityka <\/span><b>Dominika Tarczy\u0144skiego<\/b><span style=\"font-weight: 400;\">. Ewidentnie z<\/span><span style=\"font-weight: 400;\">mniejszy\u0142a si\u0119 wi\u0119c r\u00f3\u017cnorodno\u015b\u0107 w tym, co najbardziej anga\u017cuje u\u017cytkownik\u00f3w platformy \ud83d\ude09\u00a0<\/span><\/p>\n<div id=\"attachment_39489\" style=\"width: 910px\" class=\"wp-caption aligncenter\"><img loading=\"lazy\" decoding=\"async\" aria-describedby=\"caption-attachment-39489\" class=\"size-full wp-image-39489\" src=\"https:\/\/www.sotrender.com\/blog\/wp-content\/uploads\/2020\/01\/TT_2019_03.png\" alt=\"twitter 2019\" width=\"900\" height=\"6468\" srcset=\"https:\/\/www.sotrender.com\/blog\/wp-content\/uploads\/2020\/01\/TT_2019_03.png 900w, https:\/\/www.sotrender.com\/blog\/wp-content\/uploads\/2020\/01\/TT_2019_03-475x3414.png 475w, https:\/\/www.sotrender.com\/blog\/wp-content\/uploads\/2020\/01\/TT_2019_03-768x5519.png 768w\" sizes=\"(max-width: 900px) 100vw, 900px\" \/><p id=\"caption-attachment-39489\" class=\"wp-caption-text\">Podsumowanie 2019 roku na polskim Twitterze<\/p><\/div>\n<p><span style=\"font-weight: 400;\">Zapraszamy r\u00f3wnie\u017c na\u00a0<a href=\"https:\/\/www.sotrender.com\/blog\/pl\/2020\/01\/facebook-w-polsce-podsumowanie-2019-roku-infografika\/\">podsumowanie 2019 roku na polskim Facebooku &#8211; infografika<\/a> dost\u0119pna ju\u017c jest na naszym blogu \ud83d\ude09\u00a0<\/span><\/p>\n<p>Je\u015bli chcesz przeanalizowa\u0107 w\u0142asne lub konkurencyjne profile na Twitterze, napisz do nas na <a href=\"mailto:support@sotrender.com\" target=\"_blank\" rel=\"noopener\" data-start=\"99\" data-end=\"120\">support@sotrender.com.<\/a><\/p>\n<p style=\"text-align: center;\"><!-- end HubSpot Call-to-Action Code --><\/p>\n<p style=\"text-align: center;\"><span id=\"hs-cta-wrapper-860d766e-67cd-48cd-afba-dc4113474100\" class=\"hs-cta-wrapper\"><\/span><!-- end HubSpot Call-to-Action Code --><\/p>\n","protected":false},"excerpt":{"rendered":"<p>Od kiedy przestali\u015bmy wydawa\u0107 comiesi\u0119czne raporty Trends dla Twittera, z pewno\u015bci\u0105 ciekawi jeste\u015bcie, co dzia\u0142o si\u0119 w ostatnich 12 miesi\u0105cach na tej platformie.\u00a0 My\u015blicie, \u017ce du\u017co si\u0119 zmieni\u0142o na polskiej scenie Twittera? \ud83d\ude09\u00a0<\/p>\n","protected":false},"author":89,"featured_media":39499,"comment_status":"open","ping_status":"open","sticky":false,"template":"","format":"standard","meta":{"inline_featured_image":false,"footnotes":""},"categories":[1799,2125,2275],"tags":[515,889,1915],"yoast_head":"<!-- This site is optimized with the Yoast SEO plugin v22.4 - https:\/\/yoast.com\/wordpress\/plugins\/seo\/ -->\n<title>Twitter w Polsce \u2013 podsumowanie 2019 roku [INFOGRAFIKA]<\/title>\n<meta name=\"description\" content=\"Z pewno\u015bci\u0105 ciekawi jeste\u015bcie, co dzia\u0142o si\u0119 w ostatnich 12 miesi\u0105cach na polskim Twitterze. Czy ponownie zdominowa\u0142a go polityka i sport?\" \/>\n<meta name=\"robots\" content=\"index, follow, max-snippet:-1, max-image-preview:large, max-video-preview:-1\" \/>\n<link rel=\"canonical\" href=\"https:\/\/www.sotrender.com\/blog\/pl\/2020\/01\/twitter-w-polsce-podsumowanie-2019-roku-infografika\/\" \/>\n<meta property=\"og:locale\" content=\"pl_PL\" \/>\n<meta property=\"og:type\" content=\"article\" \/>\n<meta property=\"og:title\" content=\"Twitter w Polsce \u2013 podsumowanie 2019 roku [INFOGRAFIKA]\" \/>\n<meta property=\"og:description\" content=\"Z pewno\u015bci\u0105 ciekawi jeste\u015bcie, co dzia\u0142o si\u0119 w ostatnich 12 miesi\u0105cach na polskim Twitterze. Czy ponownie zdominowa\u0142a go polityka i sport?\" \/>\n<meta property=\"og:url\" content=\"https:\/\/www.sotrender.com\/blog\/pl\/2020\/01\/twitter-w-polsce-podsumowanie-2019-roku-infografika\/\" \/>\n<meta property=\"og:site_name\" content=\"Sotrender Blog\" \/>\n<meta property=\"article:publisher\" content=\"https:\/\/www.facebook.com\/Sotrender\" \/>\n<meta property=\"article:published_time\" content=\"2020-01-28T12:11:16+00:00\" \/>\n<meta property=\"article:modified_time\" content=\"2025-02-20T22:03:28+00:00\" \/>\n<meta property=\"og:image\" content=\"https:\/\/www.sotrender.com\/blog\/wp-content\/uploads\/2020\/01\/austin-distel-Hg3BHX6U5jg-unsplash.jpg\" \/>\n\t<meta property=\"og:image:width\" content=\"2400\" \/>\n\t<meta property=\"og:image:height\" content=\"1583\" \/>\n\t<meta property=\"og:image:type\" content=\"image\/jpeg\" \/>\n<meta name=\"author\" content=\"Klaudia \u017by\u0142ka\" \/>\n<meta name=\"twitter:card\" content=\"summary_large_image\" \/>\n<meta name=\"twitter:creator\" content=\"@Sotrender\" \/>\n<meta name=\"twitter:site\" content=\"@Sotrender\" \/>\n<meta name=\"twitter:label1\" content=\"Written by\" \/>\n\t<meta name=\"twitter:data1\" content=\"Klaudia \u017by\u0142ka\" \/>\n\t<meta name=\"twitter:label2\" content=\"Est. reading time\" \/>\n\t<meta name=\"twitter:data2\" content=\"2 minutes\" \/>\n<script type=\"application\/ld+json\" class=\"yoast-schema-graph\">{\"@context\":\"https:\/\/schema.org\",\"@graph\":[{\"@type\":\"WebPage\",\"@id\":\"https:\/\/www.sotrender.com\/blog\/pl\/2020\/01\/twitter-w-polsce-podsumowanie-2019-roku-infografika\/\",\"url\":\"https:\/\/www.sotrender.com\/blog\/pl\/2020\/01\/twitter-w-polsce-podsumowanie-2019-roku-infografika\/\",\"name\":\"Twitter w Polsce \u2013 podsumowanie 2019 roku [INFOGRAFIKA]\",\"isPartOf\":{\"@id\":\"https:\/\/www.sotrender.com\/blog\/#website\"},\"primaryImageOfPage\":{\"@id\":\"https:\/\/www.sotrender.com\/blog\/pl\/2020\/01\/twitter-w-polsce-podsumowanie-2019-roku-infografika\/#primaryimage\"},\"image\":{\"@id\":\"https:\/\/www.sotrender.com\/blog\/pl\/2020\/01\/twitter-w-polsce-podsumowanie-2019-roku-infografika\/#primaryimage\"},\"thumbnailUrl\":\"https:\/\/www.sotrender.com\/blog\/wp-content\/uploads\/2020\/01\/austin-distel-Hg3BHX6U5jg-unsplash.jpg\",\"datePublished\":\"2020-01-28T12:11:16+00:00\",\"dateModified\":\"2025-02-20T22:03:28+00:00\",\"author\":{\"@id\":\"https:\/\/www.sotrender.com\/blog\/#\/schema\/person\/038ac5e276c5d102d8cbb9c36cd43416\"},\"description\":\"Z pewno\u015bci\u0105 ciekawi jeste\u015bcie, co dzia\u0142o si\u0119 w ostatnich 12 miesi\u0105cach na polskim Twitterze. Czy ponownie zdominowa\u0142a go polityka i sport?\",\"breadcrumb\":{\"@id\":\"https:\/\/www.sotrender.com\/blog\/pl\/2020\/01\/twitter-w-polsce-podsumowanie-2019-roku-infografika\/#breadcrumb\"},\"inLanguage\":\"pl-PL\",\"potentialAction\":[{\"@type\":\"ReadAction\",\"target\":[\"https:\/\/www.sotrender.com\/blog\/pl\/2020\/01\/twitter-w-polsce-podsumowanie-2019-roku-infografika\/\"]}]},{\"@type\":\"ImageObject\",\"inLanguage\":\"pl-PL\",\"@id\":\"https:\/\/www.sotrender.com\/blog\/pl\/2020\/01\/twitter-w-polsce-podsumowanie-2019-roku-infografika\/#primaryimage\",\"url\":\"https:\/\/www.sotrender.com\/blog\/wp-content\/uploads\/2020\/01\/austin-distel-Hg3BHX6U5jg-unsplash.jpg\",\"contentUrl\":\"https:\/\/www.sotrender.com\/blog\/wp-content\/uploads\/2020\/01\/austin-distel-Hg3BHX6U5jg-unsplash.jpg\",\"width\":2400,\"height\":1583},{\"@type\":\"BreadcrumbList\",\"@id\":\"https:\/\/www.sotrender.com\/blog\/pl\/2020\/01\/twitter-w-polsce-podsumowanie-2019-roku-infografika\/#breadcrumb\",\"itemListElement\":[{\"@type\":\"ListItem\",\"position\":1,\"name\":\"Home\",\"item\":\"https:\/\/www.sotrender.com\/blog\/\"},{\"@type\":\"ListItem\",\"position\":2,\"name\":\"Twitter w Polsce \u2013 podsumowanie 2019 roku [INFOGRAFIKA]\"}]},{\"@type\":\"WebSite\",\"@id\":\"https:\/\/www.sotrender.com\/blog\/#website\",\"url\":\"https:\/\/www.sotrender.com\/blog\/\",\"name\":\"Sotrender Blog\",\"description\":\"\",\"potentialAction\":[{\"@type\":\"SearchAction\",\"target\":{\"@type\":\"EntryPoint\",\"urlTemplate\":\"https:\/\/www.sotrender.com\/blog\/?s={search_term_string}\"},\"query-input\":\"required name=search_term_string\"}],\"inLanguage\":\"pl-PL\"},{\"@type\":\"Person\",\"@id\":\"https:\/\/www.sotrender.com\/blog\/#\/schema\/person\/038ac5e276c5d102d8cbb9c36cd43416\",\"name\":\"Klaudia \u017by\u0142ka\",\"image\":{\"@type\":\"ImageObject\",\"inLanguage\":\"pl-PL\",\"@id\":\"https:\/\/www.sotrender.com\/blog\/#\/schema\/person\/image\/\",\"url\":\"https:\/\/secure.gravatar.com\/avatar\/f55d5d49ce3c448e1ffde0ab078d84cd?s=96&d=mm&r=g\",\"contentUrl\":\"https:\/\/secure.gravatar.com\/avatar\/f55d5d49ce3c448e1ffde0ab078d84cd?s=96&d=mm&r=g\",\"caption\":\"Klaudia \u017by\u0142ka\"},\"description\":\"Instagram, dogs, books and food lover. Former student at Warsaw University and Malm\u00f6 University. Improving her marketing skills every day. Proud owner of DIMAQ certificate\",\"sameAs\":[\"https:\/\/www.linkedin.com\/in\/klaudia-\u017cy\u0142ka-17527779\"],\"url\":\"https:\/\/www.sotrender.com\/blog\/pl\/author\/klaudia_yka\/\"}]}<\/script>\n<!-- \/ Yoast SEO plugin. -->","yoast_head_json":{"title":"Twitter w Polsce \u2013 podsumowanie 2019 roku [INFOGRAFIKA]","description":"Z pewno\u015bci\u0105 ciekawi jeste\u015bcie, co dzia\u0142o si\u0119 w ostatnich 12 miesi\u0105cach na polskim Twitterze. Czy ponownie zdominowa\u0142a go polityka i sport?","robots":{"index":"index","follow":"follow","max-snippet":"max-snippet:-1","max-image-preview":"max-image-preview:large","max-video-preview":"max-video-preview:-1"},"canonical":"https:\/\/www.sotrender.com\/blog\/pl\/2020\/01\/twitter-w-polsce-podsumowanie-2019-roku-infografika\/","og_locale":"pl_PL","og_type":"article","og_title":"Twitter w Polsce \u2013 podsumowanie 2019 roku [INFOGRAFIKA]","og_description":"Z pewno\u015bci\u0105 ciekawi jeste\u015bcie, co dzia\u0142o si\u0119 w ostatnich 12 miesi\u0105cach na polskim Twitterze. Czy ponownie zdominowa\u0142a go polityka i sport?","og_url":"https:\/\/www.sotrender.com\/blog\/pl\/2020\/01\/twitter-w-polsce-podsumowanie-2019-roku-infografika\/","og_site_name":"Sotrender Blog","article_publisher":"https:\/\/www.facebook.com\/Sotrender","article_published_time":"2020-01-28T12:11:16+00:00","article_modified_time":"2025-02-20T22:03:28+00:00","og_image":[{"width":2400,"height":1583,"url":"https:\/\/www.sotrender.com\/blog\/wp-content\/uploads\/2020\/01\/austin-distel-Hg3BHX6U5jg-unsplash.jpg","type":"image\/jpeg"}],"author":"Klaudia \u017by\u0142ka","twitter_card":"summary_large_image","twitter_creator":"@Sotrender","twitter_site":"@Sotrender","twitter_misc":{"Written by":"Klaudia \u017by\u0142ka","Est. reading time":"2 minutes"},"schema":{"@context":"https:\/\/schema.org","@graph":[{"@type":"WebPage","@id":"https:\/\/www.sotrender.com\/blog\/pl\/2020\/01\/twitter-w-polsce-podsumowanie-2019-roku-infografika\/","url":"https:\/\/www.sotrender.com\/blog\/pl\/2020\/01\/twitter-w-polsce-podsumowanie-2019-roku-infografika\/","name":"Twitter w Polsce \u2013 podsumowanie 2019 roku [INFOGRAFIKA]","isPartOf":{"@id":"https:\/\/www.sotrender.com\/blog\/#website"},"primaryImageOfPage":{"@id":"https:\/\/www.sotrender.com\/blog\/pl\/2020\/01\/twitter-w-polsce-podsumowanie-2019-roku-infografika\/#primaryimage"},"image":{"@id":"https:\/\/www.sotrender.com\/blog\/pl\/2020\/01\/twitter-w-polsce-podsumowanie-2019-roku-infografika\/#primaryimage"},"thumbnailUrl":"https:\/\/www.sotrender.com\/blog\/wp-content\/uploads\/2020\/01\/austin-distel-Hg3BHX6U5jg-unsplash.jpg","datePublished":"2020-01-28T12:11:16+00:00","dateModified":"2025-02-20T22:03:28+00:00","author":{"@id":"https:\/\/www.sotrender.com\/blog\/#\/schema\/person\/038ac5e276c5d102d8cbb9c36cd43416"},"description":"Z pewno\u015bci\u0105 ciekawi jeste\u015bcie, co dzia\u0142o si\u0119 w ostatnich 12 miesi\u0105cach na polskim Twitterze. Czy ponownie zdominowa\u0142a go polityka i sport?","breadcrumb":{"@id":"https:\/\/www.sotrender.com\/blog\/pl\/2020\/01\/twitter-w-polsce-podsumowanie-2019-roku-infografika\/#breadcrumb"},"inLanguage":"pl-PL","potentialAction":[{"@type":"ReadAction","target":["https:\/\/www.sotrender.com\/blog\/pl\/2020\/01\/twitter-w-polsce-podsumowanie-2019-roku-infografika\/"]}]},{"@type":"ImageObject","inLanguage":"pl-PL","@id":"https:\/\/www.sotrender.com\/blog\/pl\/2020\/01\/twitter-w-polsce-podsumowanie-2019-roku-infografika\/#primaryimage","url":"https:\/\/www.sotrender.com\/blog\/wp-content\/uploads\/2020\/01\/austin-distel-Hg3BHX6U5jg-unsplash.jpg","contentUrl":"https:\/\/www.sotrender.com\/blog\/wp-content\/uploads\/2020\/01\/austin-distel-Hg3BHX6U5jg-unsplash.jpg","width":2400,"height":1583},{"@type":"BreadcrumbList","@id":"https:\/\/www.sotrender.com\/blog\/pl\/2020\/01\/twitter-w-polsce-podsumowanie-2019-roku-infografika\/#breadcrumb","itemListElement":[{"@type":"ListItem","position":1,"name":"Home","item":"https:\/\/www.sotrender.com\/blog\/"},{"@type":"ListItem","position":2,"name":"Twitter w Polsce \u2013 podsumowanie 2019 roku [INFOGRAFIKA]"}]},{"@type":"WebSite","@id":"https:\/\/www.sotrender.com\/blog\/#website","url":"https:\/\/www.sotrender.com\/blog\/","name":"Sotrender Blog","description":"","potentialAction":[{"@type":"SearchAction","target":{"@type":"EntryPoint","urlTemplate":"https:\/\/www.sotrender.com\/blog\/?s={search_term_string}"},"query-input":"required name=search_term_string"}],"inLanguage":"pl-PL"},{"@type":"Person","@id":"https:\/\/www.sotrender.com\/blog\/#\/schema\/person\/038ac5e276c5d102d8cbb9c36cd43416","name":"Klaudia \u017by\u0142ka","image":{"@type":"ImageObject","inLanguage":"pl-PL","@id":"https:\/\/www.sotrender.com\/blog\/#\/schema\/person\/image\/","url":"https:\/\/secure.gravatar.com\/avatar\/f55d5d49ce3c448e1ffde0ab078d84cd?s=96&d=mm&r=g","contentUrl":"https:\/\/secure.gravatar.com\/avatar\/f55d5d49ce3c448e1ffde0ab078d84cd?s=96&d=mm&r=g","caption":"Klaudia \u017by\u0142ka"},"description":"Instagram, dogs, books and food lover. Former student at Warsaw University and Malm\u00f6 University. Improving her marketing skills every day. Proud owner of DIMAQ certificate","sameAs":["https:\/\/www.linkedin.com\/in\/klaudia-\u017cy\u0142ka-17527779"],"url":"https:\/\/www.sotrender.com\/blog\/pl\/author\/klaudia_yka\/"}]}},"_links":{"self":[{"href":"https:\/\/www.sotrender.com\/blog\/pl\/wp-json\/wp\/v2\/posts\/39485"}],"collection":[{"href":"https:\/\/www.sotrender.com\/blog\/pl\/wp-json\/wp\/v2\/posts"}],"about":[{"href":"https:\/\/www.sotrender.com\/blog\/pl\/wp-json\/wp\/v2\/types\/post"}],"author":[{"embeddable":true,"href":"https:\/\/www.sotrender.com\/blog\/pl\/wp-json\/wp\/v2\/users\/89"}],"replies":[{"embeddable":true,"href":"https:\/\/www.sotrender.com\/blog\/pl\/wp-json\/wp\/v2\/comments?post=39485"}],"version-history":[{"count":9,"href":"https:\/\/www.sotrender.com\/blog\/pl\/wp-json\/wp\/v2\/posts\/39485\/revisions"}],"predecessor-version":[{"id":54583,"href":"https:\/\/www.sotrender.com\/blog\/pl\/wp-json\/wp\/v2\/posts\/39485\/revisions\/54583"}],"wp:featuredmedia":[{"embeddable":true,"href":"https:\/\/www.sotrender.com\/blog\/pl\/wp-json\/wp\/v2\/media\/39499"}],"wp:attachment":[{"href":"https:\/\/www.sotrender.com\/blog\/pl\/wp-json\/wp\/v2\/media?parent=39485"}],"wp:term":[{"taxonomy":"category","embeddable":true,"href":"https:\/\/www.sotrender.com\/blog\/pl\/wp-json\/wp\/v2\/categories?post=39485"},{"taxonomy":"post_tag","embeddable":true,"href":"https:\/\/www.sotrender.com\/blog\/pl\/wp-json\/wp\/v2\/tags?post=39485"}],"curies":[{"name":"wp","href":"https:\/\/api.w.org\/{rel}","templated":true}]}}