{"id":39463,"date":"2020-01-27T10:43:13","date_gmt":"2020-01-27T09:43:13","guid":{"rendered":"https:\/\/www.sotrender.com\/blog\/?p=39463\/"},"modified":"2025-01-31T10:08:44","modified_gmt":"2025-01-31T09:08:44","slug":"facebook-w-polsce-podsumowanie-2019-roku-infografika","status":"publish","type":"post","link":"https:\/\/www.sotrender.com\/blog\/pl\/2020\/01\/facebook-w-polsce-podsumowanie-2019-roku-infografika\/","title":{"rendered":"Facebook w Polsce &#8211; podsumowanie 2019 roku [INFOGRAFIKA]"},"content":{"rendered":"<p><span style=\"font-weight: 400;\">2019 rok zosta\u0142 na Facebooku zdominowany przez tre\u015bci zwi\u0105zane z WO\u015aP i Jurkiem Owsiakiem &#8211; a\u017c 6 na 14 najlepszych post\u00f3w roku by\u0142o z nimi zwi\u0105zanych.\u00a0<\/span><\/p>\n<p><span style=\"font-weight: 400;\">Jak co roku przygotowali\u015bmy dla Was infografik\u0119 podsumowuj\u0105c\u0105 minionych 12 miesi\u0119cy na polskim Facebooku.\u00a0<\/span><span style=\"font-weight: 400;\">Sprawd\u017acie, jakie profile i posty najbardziej anga\u017cowa\u0142y u\u017cytkownik\u00f3w Facebooka. Na kt\u00f3rych profilach opublikowano najwi\u0119cej tre\u015bci, a kt\u00f3re najszybciej ros\u0142y?\u00a0<\/span><\/p>\n<p><span style=\"font-weight: 400;\">Kr\u00f3lem polskiego Facebooka pozostaje niezmiennie <\/span><b>Robert Lewandowski<\/b><span style=\"font-weight: 400;\">, bij\u0105c rywali na g\u0142ow\u0119 o niespe\u0142na 7 milion\u00f3w fan\u00f3w. Na podium znalaz\u0142 si\u0119 r\u00f3wnie\u017c jego kolega z reprezentacji &#8211; <strong>Kuba B\u0142aszczykowski<\/strong>, za\u015b na 3. miejscu <strong>Play<\/strong>.\u00a0<\/span><\/p>\n<p><span style=\"font-weight: 400;\">By\u0107 mo\u017ce zagorza\u0142ych fan\u00f3w pi\u0142ki no\u017cnej zdziwi brak Wojciecha Szcz\u0119snego w zestawieniu <\/span><b>najwi\u0119kszych profili<\/b><span style=\"font-weight: 400;\">. Nie jest to pomy\u0142ka z naszej strony. Przypominamy, \u017ce w comiesi\u0119cznych Trendsach nie analizujemy profili, kt\u00f3re s\u0105 nieaktywne wi\u0119cej ni\u017c 3 miesi\u0105ce i t\u0105 sam\u0105 zasad\u0119 zastosowali\u015bmy przygotowuj\u0105c podsumowanie roczne. Szcz\u0119sny, mimo, \u017ce ma ponad 2,5 mln fan\u00f3w, nie opublikowa\u0142 \u017cadnego postu od maja 2018 roku.\u00a0<\/span><\/p>\n<p><span style=\"font-weight: 400;\">Z kolei <\/span><b>najszybciej rosn\u0105cymi<\/b><span style=\"font-weight: 400;\"> profilami w 2019 roku, opr\u00f3cz dobrze znanych profili z memami i prostymi przepisami, by\u0142 profil <\/span><b>Jurka Owsiaka<\/b><span style=\"font-weight: 400;\"> oraz <\/span><b>Dzikiego Trenera<\/b><span style=\"font-weight: 400;\"> (czy jest kto\u015b, kto chocia\u017c raz nie widzia\u0142 jego filmiku? ;)).<\/span><\/p>\n<p><b>Najbardziej anga\u017cuj\u0105ce<\/b><span style=\"font-weight: 400;\"> by\u0142y, r\u00f3wnie\u017c bez zaskoczenia, profile z memami, \u015bmiesznymi i satyrycznymi tre\u015bciami oraz kr\u00f3tkimi materia\u0142ami wideo.\u00a0<\/span><\/p>\n<p><span style=\"font-weight: 400;\">Zestawienie <\/span><b>najuwa\u017cniejsi <\/b><span style=\"font-weight: 400;\">pozostaje bez zmian w por\u00f3wnaniu do 2018 roku. Profilami, kt\u00f3re mog\u0105 pochwali\u0107 si\u0119 najszybszym i najcz\u0119stszym odpowiadaniem na posty u\u017cytkownik\u00f3w by\u0142y w minionym roku niezmiennie <\/span><b>telekomy: Orange, Plus, Play, T-Mobile, <\/b><span style=\"font-weight: 400;\">oraz <\/span><b>Allegro<\/b><span style=\"font-weight: 400;\">.\u00a0<\/span><\/p>\n<p><b>Najbardziej aktywnym<\/b><span style=\"font-weight: 400;\"> profilem, kt\u00f3ry najwi\u0119cej opublikowa\u0142 w 2019 roku na Facebooku, by\u0142 ponownie profil <\/span><b>Radio Maryja<\/b><span style=\"font-weight: 400;\">. Na kolejnych miejscach uplasowa\u0142y si\u0119 g\u0142\u00f3wnie profile <\/span><b>kana\u0142\u00f3w informacyjnych<\/b><span style=\"font-weight: 400;\">, jak WP czy Onet.\u00a0<\/span><\/p>\n<p><span style=\"font-weight: 400;\">Z kolei zestawienie <\/span><b>najlepszych post\u00f3w <\/b><span style=\"font-weight: 400;\">2019 roku jasno pokazuje, jaki temat zdominowa\u0142 Facebooka. By\u0142 to <\/span><b>27. fina\u0142 WO\u015aP<\/b><span style=\"font-weight: 400;\"> i tragiczne wydarzenia z nim zwi\u0105zane. Co ciekawe, jeden z takich post\u00f3w zosta\u0142 opublikowany przez Agnieszk\u0119 Chyli\u0144sk\u0105.\u00a0<\/span><\/p>\n<p><span style=\"font-weight: 400;\"><strong>Najlepszym postem roku<\/strong>, pod wzgl\u0119dem zaanga\u017cowania, by\u0142 jednak post Coca Coli dotycz\u0105cy trasy swojej \u015bwi\u0105tecznej ci\u0119\u017car\u00f3wki. By\u0142 to r\u00f3wnie\u017c najlepszy post w listopadzie 2019 roku na Facebooku, o czym wspominali\u015bmy <\/span><a href=\"https:\/\/www.sotrender.com\/blog\/pl\/2019\/12\/facebook-trends-listopad-2019\/\"><span style=\"font-weight: 400;\">w podsumowaniu listopada w naszych Trendsach<\/span><\/a><span style=\"font-weight: 400;\">.\u00a0<\/span><\/p>\n<div id=\"attachment_39471\" style=\"width: 910px\" class=\"wp-caption aligncenter\"><img loading=\"lazy\" decoding=\"async\" aria-describedby=\"caption-attachment-39471\" class=\"size-full wp-image-39471\" src=\"https:\/\/www.sotrender.com\/blog\/wp-content\/uploads\/2020\/01\/FB_2019_03.png\" alt=\"facebook 2019\" width=\"900\" height=\"6870\" srcset=\"https:\/\/www.sotrender.com\/blog\/wp-content\/uploads\/2020\/01\/FB_2019_03.png 900w, https:\/\/www.sotrender.com\/blog\/wp-content\/uploads\/2020\/01\/FB_2019_03-475x3626.png 475w, https:\/\/www.sotrender.com\/blog\/wp-content\/uploads\/2020\/01\/FB_2019_03-768x5862.png 768w\" sizes=\"(max-width: 900px) 100vw, 900px\" \/><p id=\"caption-attachment-39471\" class=\"wp-caption-text\">Podsumowanie 2019 roku na Facebooku<\/p><\/div>\n<p>To tyle, je\u015bli chodzi o 2019 rok! Gdyby\u015bcie chcieli przypomnie\u0107 sobie, jak wygl\u0105da\u0142 2018 rok na polskim Facebooku, odsy\u0142amy Was do <a href=\"https:\/\/www.sotrender.com\/blog\/pl\/2019\/02\/facebook-w-polsce-podsumowanie-2018-roku-infografika\/\">zesz\u0142orocznej infografiki<\/a>.<\/p>\n<p><span style=\"font-weight: 400;\">Infografika z podsumowaniem 2019 roku na Twitterze r\u00f3wnie\u017c jest ju\u017c <a href=\"https:\/\/www.sotrender.com\/blog\/pl\/2020\/01\/twitter-w-polsce-podsumowanie-2019-roku-infografika\/\">dost\u0119pna na naszym blogu<\/a>.\u00a0<\/span><\/p>\n","protected":false},"excerpt":{"rendered":"<p>2019 rok zosta\u0142 na Facebooku zdominowany przez tre\u015bci zwi\u0105zane z WO\u015aP i Jurkiem Owsiakiem &#8211; a\u017c 6 na 14 najlepszych post\u00f3w roku by\u0142o z nimi zwi\u0105zanych.\u00a0 Jak co roku przygotowali\u015bmy dla Was infografik\u0119 podsumowuj\u0105c\u0105 minionych 12 miesi\u0119cy na polskim Facebooku.\u00a0Sprawd\u017acie, jakie profile i posty najbardziej anga\u017cowa\u0142y u\u017cytkownik\u00f3w Facebooka. Na kt\u00f3rych profilach opublikowano najwi\u0119cej tre\u015bci, a [&hellip;]<\/p>\n","protected":false},"author":89,"featured_media":39477,"comment_status":"open","ping_status":"open","sticky":false,"template":"","format":"standard","meta":{"inline_featured_image":false,"footnotes":""},"categories":[1797,2125,2275],"tags":[683,1477,1949,2307,2745],"yoast_head":"<!-- This site is optimized with the Yoast SEO plugin v22.4 - https:\/\/yoast.com\/wordpress\/plugins\/seo\/ -->\n<title>Facebook w Polsce - podsumowanie 2019 roku [INFOGRAFIKA]<\/title>\n<meta name=\"description\" content=\"Jak co roku przygotowali\u015bmy dla Was infografik\u0119 podsumowuj\u0105c\u0105 miniony rok na polskim Facebooku.\u00a0Jakie profile i posty najbardziej anga\u017cowa\u0142y u\u017cytkownik\u00f3w?\" \/>\n<meta name=\"robots\" content=\"index, follow, max-snippet:-1, max-image-preview:large, max-video-preview:-1\" \/>\n<link rel=\"canonical\" href=\"https:\/\/www.sotrender.com\/blog\/pl\/2020\/01\/facebook-w-polsce-podsumowanie-2019-roku-infografika\/\" \/>\n<meta property=\"og:locale\" content=\"pl_PL\" \/>\n<meta property=\"og:type\" content=\"article\" \/>\n<meta property=\"og:title\" content=\"Facebook w Polsce - podsumowanie 2019 roku [INFOGRAFIKA]\" \/>\n<meta property=\"og:description\" content=\"Jak co roku przygotowali\u015bmy dla Was infografik\u0119 podsumowuj\u0105c\u0105 miniony rok na polskim Facebooku.\u00a0Jakie profile i posty najbardziej anga\u017cowa\u0142y u\u017cytkownik\u00f3w?\" \/>\n<meta property=\"og:url\" content=\"https:\/\/www.sotrender.com\/blog\/pl\/2020\/01\/facebook-w-polsce-podsumowanie-2019-roku-infografika\/\" \/>\n<meta property=\"og:site_name\" content=\"Sotrender Blog\" \/>\n<meta property=\"article:publisher\" content=\"https:\/\/www.facebook.com\/Sotrender\" \/>\n<meta property=\"article:published_time\" content=\"2020-01-27T09:43:13+00:00\" \/>\n<meta property=\"article:modified_time\" content=\"2025-01-31T09:08:44+00:00\" \/>\n<meta property=\"og:image\" content=\"https:\/\/www.sotrender.com\/blog\/wp-content\/uploads\/2020\/01\/perry-grone-lbLgFFlADrY-unsplash.jpg\" \/>\n\t<meta property=\"og:image:width\" content=\"2400\" \/>\n\t<meta property=\"og:image:height\" content=\"1600\" \/>\n\t<meta property=\"og:image:type\" content=\"image\/jpeg\" \/>\n<meta name=\"author\" content=\"Klaudia \u017by\u0142ka\" \/>\n<meta name=\"twitter:card\" content=\"summary_large_image\" \/>\n<meta name=\"twitter:creator\" content=\"@Sotrender\" \/>\n<meta name=\"twitter:site\" content=\"@Sotrender\" \/>\n<meta name=\"twitter:label1\" content=\"Written by\" \/>\n\t<meta name=\"twitter:data1\" content=\"Klaudia \u017by\u0142ka\" \/>\n\t<meta name=\"twitter:label2\" content=\"Est. reading time\" \/>\n\t<meta name=\"twitter:data2\" content=\"3 minutes\" \/>\n<script type=\"application\/ld+json\" class=\"yoast-schema-graph\">{\"@context\":\"https:\/\/schema.org\",\"@graph\":[{\"@type\":\"WebPage\",\"@id\":\"https:\/\/www.sotrender.com\/blog\/pl\/2020\/01\/facebook-w-polsce-podsumowanie-2019-roku-infografika\/\",\"url\":\"https:\/\/www.sotrender.com\/blog\/pl\/2020\/01\/facebook-w-polsce-podsumowanie-2019-roku-infografika\/\",\"name\":\"Facebook w Polsce - podsumowanie 2019 roku [INFOGRAFIKA]\",\"isPartOf\":{\"@id\":\"https:\/\/www.sotrender.com\/blog\/#website\"},\"primaryImageOfPage\":{\"@id\":\"https:\/\/www.sotrender.com\/blog\/pl\/2020\/01\/facebook-w-polsce-podsumowanie-2019-roku-infografika\/#primaryimage\"},\"image\":{\"@id\":\"https:\/\/www.sotrender.com\/blog\/pl\/2020\/01\/facebook-w-polsce-podsumowanie-2019-roku-infografika\/#primaryimage\"},\"thumbnailUrl\":\"https:\/\/www.sotrender.com\/blog\/wp-content\/uploads\/2020\/01\/perry-grone-lbLgFFlADrY-unsplash.jpg\",\"datePublished\":\"2020-01-27T09:43:13+00:00\",\"dateModified\":\"2025-01-31T09:08:44+00:00\",\"author\":{\"@id\":\"https:\/\/www.sotrender.com\/blog\/#\/schema\/person\/038ac5e276c5d102d8cbb9c36cd43416\"},\"description\":\"Jak co roku przygotowali\u015bmy dla Was infografik\u0119 podsumowuj\u0105c\u0105 miniony rok na polskim Facebooku.\u00a0Jakie profile i posty najbardziej anga\u017cowa\u0142y u\u017cytkownik\u00f3w?\",\"breadcrumb\":{\"@id\":\"https:\/\/www.sotrender.com\/blog\/pl\/2020\/01\/facebook-w-polsce-podsumowanie-2019-roku-infografika\/#breadcrumb\"},\"inLanguage\":\"pl-PL\",\"potentialAction\":[{\"@type\":\"ReadAction\",\"target\":[\"https:\/\/www.sotrender.com\/blog\/pl\/2020\/01\/facebook-w-polsce-podsumowanie-2019-roku-infografika\/\"]}]},{\"@type\":\"ImageObject\",\"inLanguage\":\"pl-PL\",\"@id\":\"https:\/\/www.sotrender.com\/blog\/pl\/2020\/01\/facebook-w-polsce-podsumowanie-2019-roku-infografika\/#primaryimage\",\"url\":\"https:\/\/www.sotrender.com\/blog\/wp-content\/uploads\/2020\/01\/perry-grone-lbLgFFlADrY-unsplash.jpg\",\"contentUrl\":\"https:\/\/www.sotrender.com\/blog\/wp-content\/uploads\/2020\/01\/perry-grone-lbLgFFlADrY-unsplash.jpg\",\"width\":2400,\"height\":1600},{\"@type\":\"BreadcrumbList\",\"@id\":\"https:\/\/www.sotrender.com\/blog\/pl\/2020\/01\/facebook-w-polsce-podsumowanie-2019-roku-infografika\/#breadcrumb\",\"itemListElement\":[{\"@type\":\"ListItem\",\"position\":1,\"name\":\"Home\",\"item\":\"https:\/\/www.sotrender.com\/blog\/\"},{\"@type\":\"ListItem\",\"position\":2,\"name\":\"Facebook w Polsce &#8211; podsumowanie 2019 roku [INFOGRAFIKA]\"}]},{\"@type\":\"WebSite\",\"@id\":\"https:\/\/www.sotrender.com\/blog\/#website\",\"url\":\"https:\/\/www.sotrender.com\/blog\/\",\"name\":\"Sotrender Blog\",\"description\":\"\",\"potentialAction\":[{\"@type\":\"SearchAction\",\"target\":{\"@type\":\"EntryPoint\",\"urlTemplate\":\"https:\/\/www.sotrender.com\/blog\/?s={search_term_string}\"},\"query-input\":\"required name=search_term_string\"}],\"inLanguage\":\"pl-PL\"},{\"@type\":\"Person\",\"@id\":\"https:\/\/www.sotrender.com\/blog\/#\/schema\/person\/038ac5e276c5d102d8cbb9c36cd43416\",\"name\":\"Klaudia \u017by\u0142ka\",\"image\":{\"@type\":\"ImageObject\",\"inLanguage\":\"pl-PL\",\"@id\":\"https:\/\/www.sotrender.com\/blog\/#\/schema\/person\/image\/\",\"url\":\"https:\/\/secure.gravatar.com\/avatar\/f55d5d49ce3c448e1ffde0ab078d84cd?s=96&d=mm&r=g\",\"contentUrl\":\"https:\/\/secure.gravatar.com\/avatar\/f55d5d49ce3c448e1ffde0ab078d84cd?s=96&d=mm&r=g\",\"caption\":\"Klaudia \u017by\u0142ka\"},\"description\":\"Instagram, dogs, books and food lover. Former student at Warsaw University and Malm\u00f6 University. Improving her marketing skills every day. Proud owner of DIMAQ certificate\",\"sameAs\":[\"https:\/\/www.linkedin.com\/in\/klaudia-\u017cy\u0142ka-17527779\"],\"url\":\"https:\/\/www.sotrender.com\/blog\/pl\/author\/klaudia_yka\/\"}]}<\/script>\n<!-- \/ Yoast SEO plugin. -->","yoast_head_json":{"title":"Facebook w Polsce - podsumowanie 2019 roku [INFOGRAFIKA]","description":"Jak co roku przygotowali\u015bmy dla Was infografik\u0119 podsumowuj\u0105c\u0105 miniony rok na polskim Facebooku.\u00a0Jakie profile i posty najbardziej anga\u017cowa\u0142y u\u017cytkownik\u00f3w?","robots":{"index":"index","follow":"follow","max-snippet":"max-snippet:-1","max-image-preview":"max-image-preview:large","max-video-preview":"max-video-preview:-1"},"canonical":"https:\/\/www.sotrender.com\/blog\/pl\/2020\/01\/facebook-w-polsce-podsumowanie-2019-roku-infografika\/","og_locale":"pl_PL","og_type":"article","og_title":"Facebook w Polsce - podsumowanie 2019 roku [INFOGRAFIKA]","og_description":"Jak co roku przygotowali\u015bmy dla Was infografik\u0119 podsumowuj\u0105c\u0105 miniony rok na polskim Facebooku.\u00a0Jakie profile i posty najbardziej anga\u017cowa\u0142y u\u017cytkownik\u00f3w?","og_url":"https:\/\/www.sotrender.com\/blog\/pl\/2020\/01\/facebook-w-polsce-podsumowanie-2019-roku-infografika\/","og_site_name":"Sotrender Blog","article_publisher":"https:\/\/www.facebook.com\/Sotrender","article_published_time":"2020-01-27T09:43:13+00:00","article_modified_time":"2025-01-31T09:08:44+00:00","og_image":[{"width":2400,"height":1600,"url":"https:\/\/www.sotrender.com\/blog\/wp-content\/uploads\/2020\/01\/perry-grone-lbLgFFlADrY-unsplash.jpg","type":"image\/jpeg"}],"author":"Klaudia \u017by\u0142ka","twitter_card":"summary_large_image","twitter_creator":"@Sotrender","twitter_site":"@Sotrender","twitter_misc":{"Written by":"Klaudia \u017by\u0142ka","Est. reading time":"3 minutes"},"schema":{"@context":"https:\/\/schema.org","@graph":[{"@type":"WebPage","@id":"https:\/\/www.sotrender.com\/blog\/pl\/2020\/01\/facebook-w-polsce-podsumowanie-2019-roku-infografika\/","url":"https:\/\/www.sotrender.com\/blog\/pl\/2020\/01\/facebook-w-polsce-podsumowanie-2019-roku-infografika\/","name":"Facebook w Polsce - podsumowanie 2019 roku [INFOGRAFIKA]","isPartOf":{"@id":"https:\/\/www.sotrender.com\/blog\/#website"},"primaryImageOfPage":{"@id":"https:\/\/www.sotrender.com\/blog\/pl\/2020\/01\/facebook-w-polsce-podsumowanie-2019-roku-infografika\/#primaryimage"},"image":{"@id":"https:\/\/www.sotrender.com\/blog\/pl\/2020\/01\/facebook-w-polsce-podsumowanie-2019-roku-infografika\/#primaryimage"},"thumbnailUrl":"https:\/\/www.sotrender.com\/blog\/wp-content\/uploads\/2020\/01\/perry-grone-lbLgFFlADrY-unsplash.jpg","datePublished":"2020-01-27T09:43:13+00:00","dateModified":"2025-01-31T09:08:44+00:00","author":{"@id":"https:\/\/www.sotrender.com\/blog\/#\/schema\/person\/038ac5e276c5d102d8cbb9c36cd43416"},"description":"Jak co roku przygotowali\u015bmy dla Was infografik\u0119 podsumowuj\u0105c\u0105 miniony rok na polskim Facebooku.\u00a0Jakie profile i posty najbardziej anga\u017cowa\u0142y u\u017cytkownik\u00f3w?","breadcrumb":{"@id":"https:\/\/www.sotrender.com\/blog\/pl\/2020\/01\/facebook-w-polsce-podsumowanie-2019-roku-infografika\/#breadcrumb"},"inLanguage":"pl-PL","potentialAction":[{"@type":"ReadAction","target":["https:\/\/www.sotrender.com\/blog\/pl\/2020\/01\/facebook-w-polsce-podsumowanie-2019-roku-infografika\/"]}]},{"@type":"ImageObject","inLanguage":"pl-PL","@id":"https:\/\/www.sotrender.com\/blog\/pl\/2020\/01\/facebook-w-polsce-podsumowanie-2019-roku-infografika\/#primaryimage","url":"https:\/\/www.sotrender.com\/blog\/wp-content\/uploads\/2020\/01\/perry-grone-lbLgFFlADrY-unsplash.jpg","contentUrl":"https:\/\/www.sotrender.com\/blog\/wp-content\/uploads\/2020\/01\/perry-grone-lbLgFFlADrY-unsplash.jpg","width":2400,"height":1600},{"@type":"BreadcrumbList","@id":"https:\/\/www.sotrender.com\/blog\/pl\/2020\/01\/facebook-w-polsce-podsumowanie-2019-roku-infografika\/#breadcrumb","itemListElement":[{"@type":"ListItem","position":1,"name":"Home","item":"https:\/\/www.sotrender.com\/blog\/"},{"@type":"ListItem","position":2,"name":"Facebook w Polsce &#8211; podsumowanie 2019 roku [INFOGRAFIKA]"}]},{"@type":"WebSite","@id":"https:\/\/www.sotrender.com\/blog\/#website","url":"https:\/\/www.sotrender.com\/blog\/","name":"Sotrender Blog","description":"","potentialAction":[{"@type":"SearchAction","target":{"@type":"EntryPoint","urlTemplate":"https:\/\/www.sotrender.com\/blog\/?s={search_term_string}"},"query-input":"required name=search_term_string"}],"inLanguage":"pl-PL"},{"@type":"Person","@id":"https:\/\/www.sotrender.com\/blog\/#\/schema\/person\/038ac5e276c5d102d8cbb9c36cd43416","name":"Klaudia \u017by\u0142ka","image":{"@type":"ImageObject","inLanguage":"pl-PL","@id":"https:\/\/www.sotrender.com\/blog\/#\/schema\/person\/image\/","url":"https:\/\/secure.gravatar.com\/avatar\/f55d5d49ce3c448e1ffde0ab078d84cd?s=96&d=mm&r=g","contentUrl":"https:\/\/secure.gravatar.com\/avatar\/f55d5d49ce3c448e1ffde0ab078d84cd?s=96&d=mm&r=g","caption":"Klaudia \u017by\u0142ka"},"description":"Instagram, dogs, books and food lover. Former student at Warsaw University and Malm\u00f6 University. Improving her marketing skills every day. Proud owner of DIMAQ certificate","sameAs":["https:\/\/www.linkedin.com\/in\/klaudia-\u017cy\u0142ka-17527779"],"url":"https:\/\/www.sotrender.com\/blog\/pl\/author\/klaudia_yka\/"}]}},"_links":{"self":[{"href":"https:\/\/www.sotrender.com\/blog\/pl\/wp-json\/wp\/v2\/posts\/39463"}],"collection":[{"href":"https:\/\/www.sotrender.com\/blog\/pl\/wp-json\/wp\/v2\/posts"}],"about":[{"href":"https:\/\/www.sotrender.com\/blog\/pl\/wp-json\/wp\/v2\/types\/post"}],"author":[{"embeddable":true,"href":"https:\/\/www.sotrender.com\/blog\/pl\/wp-json\/wp\/v2\/users\/89"}],"replies":[{"embeddable":true,"href":"https:\/\/www.sotrender.com\/blog\/pl\/wp-json\/wp\/v2\/comments?post=39463"}],"version-history":[{"count":8,"href":"https:\/\/www.sotrender.com\/blog\/pl\/wp-json\/wp\/v2\/posts\/39463\/revisions"}],"predecessor-version":[{"id":54403,"href":"https:\/\/www.sotrender.com\/blog\/pl\/wp-json\/wp\/v2\/posts\/39463\/revisions\/54403"}],"wp:featuredmedia":[{"embeddable":true,"href":"https:\/\/www.sotrender.com\/blog\/pl\/wp-json\/wp\/v2\/media\/39477"}],"wp:attachment":[{"href":"https:\/\/www.sotrender.com\/blog\/pl\/wp-json\/wp\/v2\/media?parent=39463"}],"wp:term":[{"taxonomy":"category","embeddable":true,"href":"https:\/\/www.sotrender.com\/blog\/pl\/wp-json\/wp\/v2\/categories?post=39463"},{"taxonomy":"post_tag","embeddable":true,"href":"https:\/\/www.sotrender.com\/blog\/pl\/wp-json\/wp\/v2\/tags?post=39463"}],"curies":[{"name":"wp","href":"https:\/\/api.w.org\/{rel}","templated":true}]}}