{"id":39191,"date":"2020-01-10T11:18:18","date_gmt":"2020-01-10T10:18:18","guid":{"rendered":"https:\/\/www.sotrender.com\/blog\/?p=39191\/"},"modified":"2020-01-10T11:18:18","modified_gmt":"2020-01-10T10:18:18","slug":"facebook-trends-grudzien-2019","status":"publish","type":"post","link":"https:\/\/www.sotrender.com\/blog\/pl\/2020\/01\/facebook-trends-grudzien-2019\/","title":{"rendered":"Facebook Trends grudzie\u0144 2019 &#8211; najciekawsze kreacje miesi\u0105ca i Nobel do wzi\u0119cia"},"content":{"rendered":"<p><span style=\"font-weight: 400;\">Witamy w styczniu, a to oznacza czas na podsumowanie ostatniego miesi\u0105ca 2019 roku na polskim Facebooku.\u00a0<\/span><\/p>\n<p><!--more--><\/p>\n<p><span style=\"font-weight: 400;\">Jak mo\u017cna si\u0119 by\u0142o spodziewa\u0107, <a href=\"https:\/\/www.sotrender.com\/trends\/facebook\/poland\/201912\/pl_wszystkie\">najlepszym postem na Facebooku w grudniu<\/a> by\u0142 <strong>post Coca Coli <\/strong>zwi\u0105zany z fina\u0142em trasy \u015bwi\u0105tecznej ci\u0119\u017car\u00f3wki. Z nowym filmikiem powr\u00f3ci\u0142 r\u00f3wnie\u017c <strong>SA Ward\u0119ga<\/strong>.\u00a0<\/span><span style=\"font-weight: 400;\">Du\u017cym sukcesem okaza\u0142 si\u0119 tak\u017ce materia\u0142 przygotowany przez <strong>Dzie\u0144 Dobry TVN<\/strong>, kt\u00f3ry dotyczy\u0142 widoczno\u015bci pieszych na drodze. By\u0142 to trzeci najlepszy post na polskim Facebooku w grudniu, z liczb\u0105 ponad 42 tys. udost\u0119pnie\u0144.<\/span><\/p>\n<div id=\"attachment_39201\" style=\"width: 811px\" class=\"wp-caption aligncenter\"><img loading=\"lazy\" decoding=\"async\" aria-describedby=\"caption-attachment-39201\" class=\" wp-image-39201\" src=\"https:\/\/www.sotrender.com\/blog\/wp-content\/uploads\/2020\/01\/Zrzut-ekranu-2020-01-9-o-09.31.22.png\" alt=\"coca cola ci\u0119\u017car\u00f3wka\" width=\"801\" height=\"392\" srcset=\"https:\/\/www.sotrender.com\/blog\/wp-content\/uploads\/2020\/01\/Zrzut-ekranu-2020-01-9-o-09.31.22.png 958w, https:\/\/www.sotrender.com\/blog\/wp-content\/uploads\/2020\/01\/Zrzut-ekranu-2020-01-9-o-09.31.22-475x233.png 475w, https:\/\/www.sotrender.com\/blog\/wp-content\/uploads\/2020\/01\/Zrzut-ekranu-2020-01-9-o-09.31.22-768x376.png 768w, https:\/\/www.sotrender.com\/blog\/wp-content\/uploads\/2020\/01\/Zrzut-ekranu-2020-01-9-o-09.31.22-950x465.png 950w\" sizes=\"(max-width: 801px) 100vw, 801px\" \/><p id=\"caption-attachment-39201\" class=\"wp-caption-text\"><a href=\"https:\/\/www.sotrender.com\/trends\/facebook\/poland\/201912\/pl_wszystkie\">Najlepsze posty na Facebooku w grudniu 2019 roku<\/a><\/p><\/div>\n<p><span style=\"font-weight: 400;\">Przed\u015bwi\u0105teczn\u0105 kreatywno\u015bci\u0105 wykazali si\u0119 r\u00f3wnie\u017c prowadz\u0105cy profil <\/span><strong>Polska Policja<\/strong><span style=\"font-weight: 400;\">. \ud83d\ude09<\/span><\/p>\n<div id=\"attachment_39203\" style=\"width: 811px\" class=\"wp-caption aligncenter\"><img loading=\"lazy\" decoding=\"async\" aria-describedby=\"caption-attachment-39203\" class=\" wp-image-39203\" src=\"https:\/\/www.sotrender.com\/blog\/wp-content\/uploads\/2020\/01\/Zrzut-ekranu-2020-01-9-o-09.38.52.png\" alt=\"polska policja \" width=\"801\" height=\"378\" srcset=\"https:\/\/www.sotrender.com\/blog\/wp-content\/uploads\/2020\/01\/Zrzut-ekranu-2020-01-9-o-09.38.52.png 966w, https:\/\/www.sotrender.com\/blog\/wp-content\/uploads\/2020\/01\/Zrzut-ekranu-2020-01-9-o-09.38.52-475x224.png 475w, https:\/\/www.sotrender.com\/blog\/wp-content\/uploads\/2020\/01\/Zrzut-ekranu-2020-01-9-o-09.38.52-768x363.png 768w, https:\/\/www.sotrender.com\/blog\/wp-content\/uploads\/2020\/01\/Zrzut-ekranu-2020-01-9-o-09.38.52-950x448.png 950w\" sizes=\"(max-width: 801px) 100vw, 801px\" \/><p id=\"caption-attachment-39203\" class=\"wp-caption-text\">Najlepsze posty w kategorii <a href=\"https:\/\/www.sotrender.com\/trends\/facebook\/poland\/201912\/organizacje_rzadowe#best_posts\">Organizacje rz\u0105dowe<\/a> | grudzie\u0144 2019, Facebook<\/p><\/div>\n<h2><strong>Nakarm psa z OLX<\/strong><\/h2>\n<p><span style=\"font-weight: 400;\">Chyba \u015bmia\u0142o mo\u017cemy powiedzie\u0107, \u017ce OLX Polska by\u0142 jedn\u0105 z gor\u0119tszych marek <a href=\"https:\/\/www.sotrender.com\/trends\/facebook\/poland\/201912\/handel\">w kategorii handel<\/a> w 2019 roku.<\/span><\/p>\n<p><span style=\"font-weight: 400;\">Po wielkim sukcesie zwi\u0105zanym z kampani\u0105 \u201cNie b\u0105d\u017a chamem\u201d z Januszem Chabiorem, przyszed\u0142 grudzie\u0144 a wraz z nim kolejna akcja OLXa i kolejny sukces. Wydarzenie \u201cNakarm psa z OLX\u201d jest ju\u017c poniek\u0105d tradycj\u0105 &#8211; by\u0142a to ju\u017c jego 12. edycja &#8211; i z roku na rok cieszy si\u0119 coraz wi\u0119kszym zainteresowaniem i zaanga\u017cowaniem.\u00a0<\/span><\/p>\n<div id=\"attachment_39211\" style=\"width: 812px\" class=\"wp-caption aligncenter\"><img loading=\"lazy\" decoding=\"async\" aria-describedby=\"caption-attachment-39211\" class=\" wp-image-39211\" src=\"https:\/\/www.sotrender.com\/blog\/wp-content\/uploads\/2020\/01\/Zrzut-ekranu-2020-01-9-o-09.13.40.png\" alt=\"nakarm psa z olx\" width=\"802\" height=\"380\" srcset=\"https:\/\/www.sotrender.com\/blog\/wp-content\/uploads\/2020\/01\/Zrzut-ekranu-2020-01-9-o-09.13.40.png 960w, https:\/\/www.sotrender.com\/blog\/wp-content\/uploads\/2020\/01\/Zrzut-ekranu-2020-01-9-o-09.13.40-475x225.png 475w, https:\/\/www.sotrender.com\/blog\/wp-content\/uploads\/2020\/01\/Zrzut-ekranu-2020-01-9-o-09.13.40-768x364.png 768w, https:\/\/www.sotrender.com\/blog\/wp-content\/uploads\/2020\/01\/Zrzut-ekranu-2020-01-9-o-09.13.40-950x450.png 950w\" sizes=\"(max-width: 802px) 100vw, 802px\" \/><p id=\"caption-attachment-39211\" class=\"wp-caption-text\"><a href=\"https:\/\/www.sotrender.com\/trends\/facebook\/poland\/201912\/handel#best_posts\">Najlepsze posty w kategorii Handel<\/a> w grudniu 2019 na Facebooku<\/p><\/div>\n<p><span style=\"font-weight: 400;\"><a href=\"https:\/\/www.sotrender.com\/trends\/facebook\/poland\/201912\/handel#best_posts\">W kategorii handel<\/a> post dotycz\u0105cy akcji by\u0142 postem o najwi\u0119kszym zaanga\u017cowaniu w grudniu, ale co najwa\u017cniejsze wszystkie psy i koty zosta\u0142y nakarmione!\u00a0<\/span><\/p>\n<p><iframe loading=\"lazy\" style=\"border: none; overflow: hidden;\" src=\"https:\/\/www.facebook.com\/plugins\/post.php?href=https%3A%2F%2Fwww.facebook.com%2Folx.polska%2Fposts%2F2665592203522666&amp;width=500\" width=\"500\" height=\"658\" frameborder=\"0\" scrolling=\"no\"><\/iframe><\/p>\n<h2><strong>Nobel do wzi\u0119cia<\/strong><\/h2>\n<p><span style=\"font-weight: 400;\">Profil naszej noblistki Olgi Tokarczuk cieszy si\u0119 rosn\u0105cym (w minionym miesi\u0105cu o ponad 900%) zaanga\u017cowaniem fan\u00f3w na Facebooku. W grudniu przyczyni\u0142 si\u0119 do tego z pewno\u015bci\u0105 fakt, \u017ce noblistka postanowi\u0142a przekaza\u0107 replik\u0119 jednego z noblowskich medali na 28. fina\u0142 Wielkiej Orkiestry \u015awi\u0105tecznej Pomocy. Tak\u017ce wiecie\u2026 jest Nobel do wzi\u0119cia \ud83d\ude09 <\/span><\/p>\n<div id=\"attachment_39215\" style=\"width: 811px\" class=\"wp-caption aligncenter\"><img loading=\"lazy\" decoding=\"async\" aria-describedby=\"caption-attachment-39215\" class=\" wp-image-39215\" src=\"https:\/\/www.sotrender.com\/blog\/wp-content\/uploads\/2020\/01\/Zrzut-ekranu-2020-01-9-o-09.34.52.png\" alt=\"olga tokarczuk\" width=\"801\" height=\"394\" srcset=\"https:\/\/www.sotrender.com\/blog\/wp-content\/uploads\/2020\/01\/Zrzut-ekranu-2020-01-9-o-09.34.52.png 954w, https:\/\/www.sotrender.com\/blog\/wp-content\/uploads\/2020\/01\/Zrzut-ekranu-2020-01-9-o-09.34.52-475x234.png 475w, https:\/\/www.sotrender.com\/blog\/wp-content\/uploads\/2020\/01\/Zrzut-ekranu-2020-01-9-o-09.34.52-768x378.png 768w, https:\/\/www.sotrender.com\/blog\/wp-content\/uploads\/2020\/01\/Zrzut-ekranu-2020-01-9-o-09.34.52-950x467.png 950w\" sizes=\"(max-width: 801px) 100vw, 801px\" \/><p id=\"caption-attachment-39215\" class=\"wp-caption-text\"><a href=\"https:\/\/www.sotrender.com\/trends\/facebook\/poland\/201912\/kultura\/literatura#best_posts\">Najlepsze posty w kategorii Literatura<\/a> na polskim Facebooku w grudniu 2019<\/p><\/div>\n<h2><strong>Najszybciej rosn\u0105ce profile<\/strong><\/h2>\n<p><span style=\"font-weight: 400;\">Je\u015bli zastanawiacie si\u0119, czemu profil GoldenLine by\u0142 jednym z <a href=\"https:\/\/www.sotrender.com\/trends\/facebook\/poland\/201912\">najszybciej rosn\u0105cych w grudniu<\/a>, odpowied\u017a znale\u017ali\u015bmy w <\/span><a href=\"https:\/\/www.facebook.com\/ads\/library\/\"><span style=\"font-weight: 400;\">Bibliotece reklam Facebooka<\/span><\/a><span style=\"font-weight: 400;\">. Je\u015bli jeszcze jej nie znacie, gor\u0105co polecamy <\/span><a href=\"https:\/\/www.sotrender.com\/blog\/pl\/2019\/04\/co-oznacza-wprowadzenie-biblioteki-reklam-na-facebooku\/\"><span style=\"font-weight: 400;\">zapoznanie si\u0119 z jej mo\u017cliwo\u015bciami<\/span><\/a><span style=\"font-weight: 400;\">.<\/span><\/p>\n<div id=\"attachment_39217\" style=\"width: 386px\" class=\"wp-caption aligncenter\"><img loading=\"lazy\" decoding=\"async\" aria-describedby=\"caption-attachment-39217\" class=\"size-full wp-image-39217\" src=\"https:\/\/www.sotrender.com\/blog\/wp-content\/uploads\/2020\/01\/Zrzut-ekranu-2020-01-9-o-08.45.17.png\" alt=\"goldenline facebook\" width=\"376\" height=\"335\" \/><p id=\"caption-attachment-39217\" class=\"wp-caption-text\">Najszybciej rosn\u0105ce profile w grudniu 2019 na Facebooku<\/p><\/div>\n<p><span style=\"font-weight: 400;\">Wracaj\u0105c do GoldenLine, profil zosta\u0142 po\u0142\u0105czony z profilem GazetaPraca.pl, co skutkowa\u0142o nag\u0142ym, i znacznym, przyrostem liczby fan\u00f3w. <\/span><\/p>\n<div id=\"attachment_39219\" style=\"width: 803px\" class=\"wp-caption aligncenter\"><img loading=\"lazy\" decoding=\"async\" aria-describedby=\"caption-attachment-39219\" class=\"size-full wp-image-39219\" src=\"https:\/\/www.sotrender.com\/blog\/wp-content\/uploads\/2020\/01\/Zrzut-ekranu-2020-01-9-o-08.46.31.png\" alt=\"goldenline facebook\" width=\"793\" height=\"263\" srcset=\"https:\/\/www.sotrender.com\/blog\/wp-content\/uploads\/2020\/01\/Zrzut-ekranu-2020-01-9-o-08.46.31.png 793w, https:\/\/www.sotrender.com\/blog\/wp-content\/uploads\/2020\/01\/Zrzut-ekranu-2020-01-9-o-08.46.31-475x158.png 475w, https:\/\/www.sotrender.com\/blog\/wp-content\/uploads\/2020\/01\/Zrzut-ekranu-2020-01-9-o-08.46.31-768x255.png 768w\" sizes=\"(max-width: 793px) 100vw, 793px\" \/><p id=\"caption-attachment-39219\" class=\"wp-caption-text\">Informacje o profilu Goldenline w Bibliotece reklam Facebooka<\/p><\/div>\n<h2><strong>2019 rok w social media\u00a0<\/strong><\/h2>\n<p><span style=\"font-weight: 400;\">Pocz\u0105tek roku to r\u00f3wnie\u017c czas podsumowa\u0144, dlatego te\u017c tradycyjnie ju\u017c przygotowujemy dla Was podsumowanie 2019 roku na Facebooku, Twitterze i Youtubie. Wkr\u00f3tce roczne infografiki b\u0119d\u0105 dost\u0119pne na naszym blogu \ud83d\ude09<\/span><\/p>\n<p><span style=\"font-weight: 400;\">W mi\u0119dzyczasie zach\u0119camy do spojrzenia wstecz i przypomnienia sobie, co zdominowa\u0142o rok 2018 na <\/span><a href=\"https:\/\/www.sotrender.com\/blog\/pl\/2019\/02\/facebook-w-polsce-podsumowanie-2018-roku-infografika\/\"><span style=\"font-weight: 400;\">Facebooku<\/span><\/a><span style=\"font-weight: 400;\">, <\/span><a href=\"https:\/\/www.sotrender.com\/blog\/pl\/2019\/02\/youtube-w-polsce-podsumowanie-2018-roku-infografika\/\"><span style=\"font-weight: 400;\">YouTube\u2019ie<\/span><\/a><span style=\"font-weight: 400;\"> oraz <\/span><a href=\"https:\/\/www.sotrender.com\/blog\/pl\/2019\/02\/twitter-w-polsce-podsumowanie-2018-roku-infografika\/\"><span style=\"font-weight: 400;\">Twitterze<\/span><\/a><span style=\"font-weight: 400;\">.\u00a0<\/span><\/p>\n<p><span style=\"font-weight: 400;\">W pe\u0142nym wydaniu raportu <a href=\"https:\/\/www.sotrender.com\/trends\/facebook\/poland\/201912\">Facebook Trends za grudzie\u0144 2019<\/a> sprawd\u017acie r\u00f3wnie\u017c, jak wygl\u0105da\u0142y zestawienia interesuj\u0105cych Was kategorii w minionym miesi\u0105cu.\u00a0<\/span><\/p>\n<p>&nbsp;<\/p>\n","protected":false},"excerpt":{"rendered":"<p>Witamy w styczniu, a to oznacza czas na podsumowanie ostatniego miesi\u0105ca 2019 roku na polskim Facebooku.\u00a0<\/p>\n","protected":false},"author":89,"featured_media":39193,"comment_status":"open","ping_status":"open","sticky":false,"template":"","format":"standard","meta":{"inline_featured_image":false,"footnotes":""},"categories":[1791,1797],"tags":[823,2307,2701,2703],"yoast_head":"<!-- This site is optimized with the Yoast SEO plugin v22.4 - https:\/\/yoast.com\/wordpress\/plugins\/seo\/ -->\n<title>Facebook Trends grudzie\u0144 2019 - najciekawsze kreacje miesi\u0105ca<\/title>\n<meta name=\"description\" content=\"Najlepszy post na Facebooku w grudniu opublikowa\u0142a Coca Cola. Z nowym filmikiem powr\u00f3ci\u0142 SA Ward\u0119ga, a OLX Polska odnotowa\u0142 kolejny sukces w tym roku.\" \/>\n<meta name=\"robots\" content=\"index, follow, max-snippet:-1, max-image-preview:large, max-video-preview:-1\" \/>\n<link rel=\"canonical\" href=\"https:\/\/www.sotrender.com\/blog\/pl\/2020\/01\/facebook-trends-grudzien-2019\/\" \/>\n<meta property=\"og:locale\" content=\"pl_PL\" \/>\n<meta property=\"og:type\" content=\"article\" \/>\n<meta property=\"og:title\" content=\"Facebook Trends grudzie\u0144 2019 - najciekawsze kreacje miesi\u0105ca\" \/>\n<meta property=\"og:description\" content=\"Najlepszy post na Facebooku w grudniu opublikowa\u0142a Coca Cola. Z nowym filmikiem powr\u00f3ci\u0142 SA Ward\u0119ga, a OLX Polska odnotowa\u0142 kolejny sukces w tym roku.\" \/>\n<meta property=\"og:url\" content=\"https:\/\/www.sotrender.com\/blog\/pl\/2020\/01\/facebook-trends-grudzien-2019\/\" \/>\n<meta property=\"og:site_name\" content=\"Sotrender Blog\" \/>\n<meta property=\"article:publisher\" content=\"https:\/\/www.facebook.com\/Sotrender\" \/>\n<meta property=\"article:published_time\" content=\"2020-01-10T10:18:18+00:00\" \/>\n<meta property=\"og:image\" content=\"https:\/\/www.sotrender.com\/blog\/wp-content\/uploads\/2020\/01\/elisabeth-IuwGR6DeKCg-unsplash.jpg\" \/>\n\t<meta property=\"og:image:width\" content=\"2500\" \/>\n\t<meta property=\"og:image:height\" content=\"1407\" \/>\n\t<meta property=\"og:image:type\" content=\"image\/jpeg\" \/>\n<meta name=\"author\" content=\"Klaudia \u017by\u0142ka\" \/>\n<meta name=\"twitter:card\" content=\"summary_large_image\" \/>\n<meta name=\"twitter:creator\" content=\"@Sotrender\" \/>\n<meta name=\"twitter:site\" content=\"@Sotrender\" \/>\n<meta name=\"twitter:label1\" content=\"Written by\" \/>\n\t<meta name=\"twitter:data1\" content=\"Klaudia \u017by\u0142ka\" \/>\n\t<meta name=\"twitter:label2\" content=\"Est. reading time\" \/>\n\t<meta name=\"twitter:data2\" content=\"3 minutes\" \/>\n<script type=\"application\/ld+json\" class=\"yoast-schema-graph\">{\"@context\":\"https:\/\/schema.org\",\"@graph\":[{\"@type\":\"WebPage\",\"@id\":\"https:\/\/www.sotrender.com\/blog\/pl\/2020\/01\/facebook-trends-grudzien-2019\/\",\"url\":\"https:\/\/www.sotrender.com\/blog\/pl\/2020\/01\/facebook-trends-grudzien-2019\/\",\"name\":\"Facebook Trends grudzie\u0144 2019 - najciekawsze kreacje miesi\u0105ca\",\"isPartOf\":{\"@id\":\"https:\/\/www.sotrender.com\/blog\/#website\"},\"primaryImageOfPage\":{\"@id\":\"https:\/\/www.sotrender.com\/blog\/pl\/2020\/01\/facebook-trends-grudzien-2019\/#primaryimage\"},\"image\":{\"@id\":\"https:\/\/www.sotrender.com\/blog\/pl\/2020\/01\/facebook-trends-grudzien-2019\/#primaryimage\"},\"thumbnailUrl\":\"https:\/\/www.sotrender.com\/blog\/wp-content\/uploads\/2020\/01\/elisabeth-IuwGR6DeKCg-unsplash.jpg\",\"datePublished\":\"2020-01-10T10:18:18+00:00\",\"dateModified\":\"2020-01-10T10:18:18+00:00\",\"author\":{\"@id\":\"https:\/\/www.sotrender.com\/blog\/#\/schema\/person\/038ac5e276c5d102d8cbb9c36cd43416\"},\"description\":\"Najlepszy post na Facebooku w grudniu opublikowa\u0142a Coca Cola. Z nowym filmikiem powr\u00f3ci\u0142 SA Ward\u0119ga, a OLX Polska odnotowa\u0142 kolejny sukces w tym roku.\",\"breadcrumb\":{\"@id\":\"https:\/\/www.sotrender.com\/blog\/pl\/2020\/01\/facebook-trends-grudzien-2019\/#breadcrumb\"},\"inLanguage\":\"pl-PL\",\"potentialAction\":[{\"@type\":\"ReadAction\",\"target\":[\"https:\/\/www.sotrender.com\/blog\/pl\/2020\/01\/facebook-trends-grudzien-2019\/\"]}]},{\"@type\":\"ImageObject\",\"inLanguage\":\"pl-PL\",\"@id\":\"https:\/\/www.sotrender.com\/blog\/pl\/2020\/01\/facebook-trends-grudzien-2019\/#primaryimage\",\"url\":\"https:\/\/www.sotrender.com\/blog\/wp-content\/uploads\/2020\/01\/elisabeth-IuwGR6DeKCg-unsplash.jpg\",\"contentUrl\":\"https:\/\/www.sotrender.com\/blog\/wp-content\/uploads\/2020\/01\/elisabeth-IuwGR6DeKCg-unsplash.jpg\",\"width\":2500,\"height\":1407},{\"@type\":\"BreadcrumbList\",\"@id\":\"https:\/\/www.sotrender.com\/blog\/pl\/2020\/01\/facebook-trends-grudzien-2019\/#breadcrumb\",\"itemListElement\":[{\"@type\":\"ListItem\",\"position\":1,\"name\":\"Home\",\"item\":\"https:\/\/www.sotrender.com\/blog\/\"},{\"@type\":\"ListItem\",\"position\":2,\"name\":\"Facebook Trends grudzie\u0144 2019 &#8211; najciekawsze kreacje miesi\u0105ca i Nobel do wzi\u0119cia\"}]},{\"@type\":\"WebSite\",\"@id\":\"https:\/\/www.sotrender.com\/blog\/#website\",\"url\":\"https:\/\/www.sotrender.com\/blog\/\",\"name\":\"Sotrender Blog\",\"description\":\"\",\"potentialAction\":[{\"@type\":\"SearchAction\",\"target\":{\"@type\":\"EntryPoint\",\"urlTemplate\":\"https:\/\/www.sotrender.com\/blog\/?s={search_term_string}\"},\"query-input\":\"required name=search_term_string\"}],\"inLanguage\":\"pl-PL\"},{\"@type\":\"Person\",\"@id\":\"https:\/\/www.sotrender.com\/blog\/#\/schema\/person\/038ac5e276c5d102d8cbb9c36cd43416\",\"name\":\"Klaudia \u017by\u0142ka\",\"image\":{\"@type\":\"ImageObject\",\"inLanguage\":\"pl-PL\",\"@id\":\"https:\/\/www.sotrender.com\/blog\/#\/schema\/person\/image\/\",\"url\":\"https:\/\/secure.gravatar.com\/avatar\/f55d5d49ce3c448e1ffde0ab078d84cd?s=96&d=mm&r=g\",\"contentUrl\":\"https:\/\/secure.gravatar.com\/avatar\/f55d5d49ce3c448e1ffde0ab078d84cd?s=96&d=mm&r=g\",\"caption\":\"Klaudia \u017by\u0142ka\"},\"description\":\"Instagram, dogs, books and food lover. Former student at Warsaw University and Malm\u00f6 University. Improving her marketing skills every day. Proud owner of DIMAQ certificate\",\"sameAs\":[\"https:\/\/www.linkedin.com\/in\/klaudia-\u017cy\u0142ka-17527779\"],\"url\":\"https:\/\/www.sotrender.com\/blog\/pl\/author\/klaudia_yka\/\"}]}<\/script>\n<!-- \/ Yoast SEO plugin. -->","yoast_head_json":{"title":"Facebook Trends grudzie\u0144 2019 - najciekawsze kreacje miesi\u0105ca","description":"Najlepszy post na Facebooku w grudniu opublikowa\u0142a Coca Cola. Z nowym filmikiem powr\u00f3ci\u0142 SA Ward\u0119ga, a OLX Polska odnotowa\u0142 kolejny sukces w tym roku.","robots":{"index":"index","follow":"follow","max-snippet":"max-snippet:-1","max-image-preview":"max-image-preview:large","max-video-preview":"max-video-preview:-1"},"canonical":"https:\/\/www.sotrender.com\/blog\/pl\/2020\/01\/facebook-trends-grudzien-2019\/","og_locale":"pl_PL","og_type":"article","og_title":"Facebook Trends grudzie\u0144 2019 - najciekawsze kreacje miesi\u0105ca","og_description":"Najlepszy post na Facebooku w grudniu opublikowa\u0142a Coca Cola. Z nowym filmikiem powr\u00f3ci\u0142 SA Ward\u0119ga, a OLX Polska odnotowa\u0142 kolejny sukces w tym roku.","og_url":"https:\/\/www.sotrender.com\/blog\/pl\/2020\/01\/facebook-trends-grudzien-2019\/","og_site_name":"Sotrender Blog","article_publisher":"https:\/\/www.facebook.com\/Sotrender","article_published_time":"2020-01-10T10:18:18+00:00","og_image":[{"width":2500,"height":1407,"url":"https:\/\/www.sotrender.com\/blog\/wp-content\/uploads\/2020\/01\/elisabeth-IuwGR6DeKCg-unsplash.jpg","type":"image\/jpeg"}],"author":"Klaudia \u017by\u0142ka","twitter_card":"summary_large_image","twitter_creator":"@Sotrender","twitter_site":"@Sotrender","twitter_misc":{"Written by":"Klaudia \u017by\u0142ka","Est. reading time":"3 minutes"},"schema":{"@context":"https:\/\/schema.org","@graph":[{"@type":"WebPage","@id":"https:\/\/www.sotrender.com\/blog\/pl\/2020\/01\/facebook-trends-grudzien-2019\/","url":"https:\/\/www.sotrender.com\/blog\/pl\/2020\/01\/facebook-trends-grudzien-2019\/","name":"Facebook Trends grudzie\u0144 2019 - najciekawsze kreacje miesi\u0105ca","isPartOf":{"@id":"https:\/\/www.sotrender.com\/blog\/#website"},"primaryImageOfPage":{"@id":"https:\/\/www.sotrender.com\/blog\/pl\/2020\/01\/facebook-trends-grudzien-2019\/#primaryimage"},"image":{"@id":"https:\/\/www.sotrender.com\/blog\/pl\/2020\/01\/facebook-trends-grudzien-2019\/#primaryimage"},"thumbnailUrl":"https:\/\/www.sotrender.com\/blog\/wp-content\/uploads\/2020\/01\/elisabeth-IuwGR6DeKCg-unsplash.jpg","datePublished":"2020-01-10T10:18:18+00:00","dateModified":"2020-01-10T10:18:18+00:00","author":{"@id":"https:\/\/www.sotrender.com\/blog\/#\/schema\/person\/038ac5e276c5d102d8cbb9c36cd43416"},"description":"Najlepszy post na Facebooku w grudniu opublikowa\u0142a Coca Cola. Z nowym filmikiem powr\u00f3ci\u0142 SA Ward\u0119ga, a OLX Polska odnotowa\u0142 kolejny sukces w tym roku.","breadcrumb":{"@id":"https:\/\/www.sotrender.com\/blog\/pl\/2020\/01\/facebook-trends-grudzien-2019\/#breadcrumb"},"inLanguage":"pl-PL","potentialAction":[{"@type":"ReadAction","target":["https:\/\/www.sotrender.com\/blog\/pl\/2020\/01\/facebook-trends-grudzien-2019\/"]}]},{"@type":"ImageObject","inLanguage":"pl-PL","@id":"https:\/\/www.sotrender.com\/blog\/pl\/2020\/01\/facebook-trends-grudzien-2019\/#primaryimage","url":"https:\/\/www.sotrender.com\/blog\/wp-content\/uploads\/2020\/01\/elisabeth-IuwGR6DeKCg-unsplash.jpg","contentUrl":"https:\/\/www.sotrender.com\/blog\/wp-content\/uploads\/2020\/01\/elisabeth-IuwGR6DeKCg-unsplash.jpg","width":2500,"height":1407},{"@type":"BreadcrumbList","@id":"https:\/\/www.sotrender.com\/blog\/pl\/2020\/01\/facebook-trends-grudzien-2019\/#breadcrumb","itemListElement":[{"@type":"ListItem","position":1,"name":"Home","item":"https:\/\/www.sotrender.com\/blog\/"},{"@type":"ListItem","position":2,"name":"Facebook Trends grudzie\u0144 2019 &#8211; najciekawsze kreacje miesi\u0105ca i Nobel do wzi\u0119cia"}]},{"@type":"WebSite","@id":"https:\/\/www.sotrender.com\/blog\/#website","url":"https:\/\/www.sotrender.com\/blog\/","name":"Sotrender Blog","description":"","potentialAction":[{"@type":"SearchAction","target":{"@type":"EntryPoint","urlTemplate":"https:\/\/www.sotrender.com\/blog\/?s={search_term_string}"},"query-input":"required name=search_term_string"}],"inLanguage":"pl-PL"},{"@type":"Person","@id":"https:\/\/www.sotrender.com\/blog\/#\/schema\/person\/038ac5e276c5d102d8cbb9c36cd43416","name":"Klaudia \u017by\u0142ka","image":{"@type":"ImageObject","inLanguage":"pl-PL","@id":"https:\/\/www.sotrender.com\/blog\/#\/schema\/person\/image\/","url":"https:\/\/secure.gravatar.com\/avatar\/f55d5d49ce3c448e1ffde0ab078d84cd?s=96&d=mm&r=g","contentUrl":"https:\/\/secure.gravatar.com\/avatar\/f55d5d49ce3c448e1ffde0ab078d84cd?s=96&d=mm&r=g","caption":"Klaudia \u017by\u0142ka"},"description":"Instagram, dogs, books and food lover. Former student at Warsaw University and Malm\u00f6 University. Improving her marketing skills every day. Proud owner of DIMAQ certificate","sameAs":["https:\/\/www.linkedin.com\/in\/klaudia-\u017cy\u0142ka-17527779"],"url":"https:\/\/www.sotrender.com\/blog\/pl\/author\/klaudia_yka\/"}]}},"_links":{"self":[{"href":"https:\/\/www.sotrender.com\/blog\/pl\/wp-json\/wp\/v2\/posts\/39191"}],"collection":[{"href":"https:\/\/www.sotrender.com\/blog\/pl\/wp-json\/wp\/v2\/posts"}],"about":[{"href":"https:\/\/www.sotrender.com\/blog\/pl\/wp-json\/wp\/v2\/types\/post"}],"author":[{"embeddable":true,"href":"https:\/\/www.sotrender.com\/blog\/pl\/wp-json\/wp\/v2\/users\/89"}],"replies":[{"embeddable":true,"href":"https:\/\/www.sotrender.com\/blog\/pl\/wp-json\/wp\/v2\/comments?post=39191"}],"version-history":[{"count":10,"href":"https:\/\/www.sotrender.com\/blog\/pl\/wp-json\/wp\/v2\/posts\/39191\/revisions"}],"predecessor-version":[{"id":39237,"href":"https:\/\/www.sotrender.com\/blog\/pl\/wp-json\/wp\/v2\/posts\/39191\/revisions\/39237"}],"wp:featuredmedia":[{"embeddable":true,"href":"https:\/\/www.sotrender.com\/blog\/pl\/wp-json\/wp\/v2\/media\/39193"}],"wp:attachment":[{"href":"https:\/\/www.sotrender.com\/blog\/pl\/wp-json\/wp\/v2\/media?parent=39191"}],"wp:term":[{"taxonomy":"category","embeddable":true,"href":"https:\/\/www.sotrender.com\/blog\/pl\/wp-json\/wp\/v2\/categories?post=39191"},{"taxonomy":"post_tag","embeddable":true,"href":"https:\/\/www.sotrender.com\/blog\/pl\/wp-json\/wp\/v2\/tags?post=39191"}],"curies":[{"name":"wp","href":"https:\/\/api.w.org\/{rel}","templated":true}]}}