{"id":38965,"date":"2019-12-05T09:46:40","date_gmt":"2019-12-05T08:46:40","guid":{"rendered":"https:\/\/www.sotrender.com\/blog\/?p=38965\/"},"modified":"2025-01-31T10:12:41","modified_gmt":"2025-01-31T09:12:41","slug":"facebook-trends-listopad-2019","status":"publish","type":"post","link":"https:\/\/www.sotrender.com\/blog\/pl\/2019\/12\/facebook-trends-listopad-2019\/","title":{"rendered":"Facebook Trends listopad 2019 &#8211; sportowa tr\u00f3jca"},"content":{"rendered":"<p><span style=\"font-weight: 400;\">Za nami i\u015bcie sportowy miesi\u0105c: niezale\u017cnie, czy kibicowali\u015bcie swoim ulubionym sportowcom, czy prze\u015bcigali\u015bcie si\u0119 w zdobywaniu najlepszych okazji na Black Friday &#8211; mamy co\u015b dla Was \ud83d\ude09\u00a0<\/span><\/p>\n<p><span style=\"font-weight: 400;\">Co przyni\u00f3s\u0142 listopad? Chocia\u017cby zwyci\u0119stwo Viki Gabor na Eurowizji Junior. \u015awi\u0119towali\u015bmy r\u00f3wnie\u017c<br \/>\n1. i 11. listopada, co oznacza\u0142o tak\u017ce cieszenie si\u0119 d\u0142u\u017cszymi weekendami.\u00a0<\/span><\/p>\n<p><!--more--><\/p>\n<p><span style=\"font-weight: 400;\">To wszystko oznacza, \u017ce dost\u0119pne jest ju\u017c pe\u0142ne wydanie raportu <a href=\"https:\/\/www.sotrender.com\/trends\/facebook\/poland\/201911\">Facebook Trends listopad 2019<\/a>, a om\u00f3wienie najciekawszych wydarze\u0144 znajdziecie poni\u017cej \ud83d\ude09\u00a0<\/span><\/p>\n<h2><b>Coraz bli\u017cej \u015bwi\u0119ta&#8230;<\/b><\/h2>\n<p><span style=\"font-weight: 400;\">W listopadzie i grudniu na Facebooku co roku kr\u00f3luje Coca Cola &#8211; nie inaczej jest tak\u017ce tym razem. Jak zawsze w listopadzie Coca Cola rozpocz\u0119\u0142a organizacj\u0119 trasy swojej \u015bwi\u0105tecznej ci\u0119\u017car\u00f3wki, pytaj\u0105c swoich fan\u00f3w, jakie miasta ma w tym roku odwiedzi\u0107.\u00a0<\/span><\/p>\n<p><span style=\"font-weight: 400;\">Oby\u0142o si\u0119 bez zaskoczenia, by\u0142 to <a href=\"https:\/\/www.sotrender.com\/trends\/facebook\/poland\/201911\/pl_wszystkie#best_posts\">najlepszy post miesi\u0105ca na Facebooku<\/a>.\u00a0<\/span><\/p>\n<div id=\"attachment_38969\" style=\"width: 813px\" class=\"wp-caption aligncenter\"><img loading=\"lazy\" decoding=\"async\" aria-describedby=\"caption-attachment-38969\" class=\" wp-image-38969\" src=\"https:\/\/www.sotrender.com\/blog\/wp-content\/uploads\/2019\/12\/Zrzut-ekranu-2019-12-4-o-12.28.38.png\" alt=\"facebook listopad\" width=\"803\" height=\"388\" srcset=\"https:\/\/www.sotrender.com\/blog\/wp-content\/uploads\/2019\/12\/Zrzut-ekranu-2019-12-4-o-12.28.38.png 969w, https:\/\/www.sotrender.com\/blog\/wp-content\/uploads\/2019\/12\/Zrzut-ekranu-2019-12-4-o-12.28.38-475x229.png 475w, https:\/\/www.sotrender.com\/blog\/wp-content\/uploads\/2019\/12\/Zrzut-ekranu-2019-12-4-o-12.28.38-768x371.png 768w, https:\/\/www.sotrender.com\/blog\/wp-content\/uploads\/2019\/12\/Zrzut-ekranu-2019-12-4-o-12.28.38-950x459.png 950w\" sizes=\"(max-width: 803px) 100vw, 803px\" \/><p id=\"caption-attachment-38969\" class=\"wp-caption-text\"><a href=\"https:\/\/www.sotrender.com\/trends\/facebook\/poland\/201911\/pl_wszystkie#best_posts\">Najlepsze posty na polskim Facebooku<\/a> w listopadzie 2019<\/p><\/div>\n<h2><b>Pi\u0142karski listopad<\/b><\/h2>\n<p><span style=\"font-weight: 400;\">Du\u017cy wzrost liczby Aktywnych u\u017cytkownik\u00f3w odnotowa\u0142 w listopadzie profil <\/span><i><span style=\"font-weight: 400;\">\u0141\u0105czy nas pi\u0142ka<\/span><\/i><span style=\"font-weight: 400;\">, plasuj\u0105c si\u0119 na wysokim 3. miejscu <a href=\"https:\/\/www.sotrender.com\/trends\/facebook\/poland\/201911\/pl_wszystkie#engagement\">w\u015br\u00f3d wszystkich profili na polskim Facebooku<\/a> w tej kategorii.\u00a0<\/span><\/p>\n<div id=\"attachment_38971\" style=\"width: 809px\" class=\"wp-caption aligncenter\"><img loading=\"lazy\" decoding=\"async\" aria-describedby=\"caption-attachment-38971\" class=\" wp-image-38971\" src=\"https:\/\/www.sotrender.com\/blog\/wp-content\/uploads\/2019\/12\/Zrzut-ekranu-2019-12-4-o-12.43.37.png\" alt=\"listopad facebook\" width=\"799\" height=\"186\" srcset=\"https:\/\/www.sotrender.com\/blog\/wp-content\/uploads\/2019\/12\/Zrzut-ekranu-2019-12-4-o-12.43.37.png 979w, https:\/\/www.sotrender.com\/blog\/wp-content\/uploads\/2019\/12\/Zrzut-ekranu-2019-12-4-o-12.43.37-475x111.png 475w, https:\/\/www.sotrender.com\/blog\/wp-content\/uploads\/2019\/12\/Zrzut-ekranu-2019-12-4-o-12.43.37-768x179.png 768w, https:\/\/www.sotrender.com\/blog\/wp-content\/uploads\/2019\/12\/Zrzut-ekranu-2019-12-4-o-12.43.37-950x221.png 950w\" sizes=\"(max-width: 799px) 100vw, 799px\" \/><p id=\"caption-attachment-38971\" class=\"wp-caption-text\">Profile o najwi\u0119kszej liczbie Aktywnych u\u017cytkownik\u00f3w w listopadzie na Facebooku<\/p><\/div>\n<p><span style=\"font-weight: 400;\">Wszystko za spraw\u0105 posta podsumowuj\u0105cego karier\u0119 \u0141ukasza Piszczka. Wspomniany post by\u0142 <a href=\"https:\/\/www.sotrender.com\/trends\/facebook\/poland\/201911\/sport#best_posts\">3. najlepszym postem w kategorii Sport<\/a>.\u00a0<\/span><\/p>\n<div id=\"attachment_38973\" style=\"width: 811px\" class=\"wp-caption aligncenter\"><img loading=\"lazy\" decoding=\"async\" aria-describedby=\"caption-attachment-38973\" class=\" wp-image-38973\" src=\"https:\/\/www.sotrender.com\/blog\/wp-content\/uploads\/2019\/12\/Zrzut-ekranu-2019-12-4-o-12.47.29.png\" alt=\"listopad facebook\" width=\"801\" height=\"380\" srcset=\"https:\/\/www.sotrender.com\/blog\/wp-content\/uploads\/2019\/12\/Zrzut-ekranu-2019-12-4-o-12.47.29.png 955w, https:\/\/www.sotrender.com\/blog\/wp-content\/uploads\/2019\/12\/Zrzut-ekranu-2019-12-4-o-12.47.29-475x225.png 475w, https:\/\/www.sotrender.com\/blog\/wp-content\/uploads\/2019\/12\/Zrzut-ekranu-2019-12-4-o-12.47.29-768x364.png 768w, https:\/\/www.sotrender.com\/blog\/wp-content\/uploads\/2019\/12\/Zrzut-ekranu-2019-12-4-o-12.47.29-950x451.png 950w\" sizes=\"(max-width: 801px) 100vw, 801px\" \/><p id=\"caption-attachment-38973\" class=\"wp-caption-text\"><a href=\"https:\/\/www.sotrender.com\/trends\/facebook\/poland\/201911\/sport#best_posts\">Najlepsze posty w kategorii Sport<\/a>; listopad 2019<\/p><\/div>\n<p><span style=\"font-weight: 400;\">Wzrost zaanga\u017cowania o ponad 900% odnotowa\u0142 r\u00f3wnie\u017c profil Kuby B\u0142aszczykowskiego. Post z podzi\u0119kowaniami dla Piszczka, zdoby\u0142 wiele polubie\u0144 i udost\u0119pnie\u0144 r\u00f3wnie\u017c na profilu B\u0142aszczykowskiego.\u00a0<\/span><\/p>\n<div id=\"attachment_38975\" style=\"width: 811px\" class=\"wp-caption aligncenter\"><img loading=\"lazy\" decoding=\"async\" aria-describedby=\"caption-attachment-38975\" class=\" wp-image-38975\" src=\"https:\/\/www.sotrender.com\/blog\/wp-content\/uploads\/2019\/12\/Zrzut-ekranu-2019-12-4-o-12.50.55.png\" alt=\"sportowcy facebook\" width=\"801\" height=\"316\" srcset=\"https:\/\/www.sotrender.com\/blog\/wp-content\/uploads\/2019\/12\/Zrzut-ekranu-2019-12-4-o-12.50.55.png 966w, https:\/\/www.sotrender.com\/blog\/wp-content\/uploads\/2019\/12\/Zrzut-ekranu-2019-12-4-o-12.50.55-475x187.png 475w, https:\/\/www.sotrender.com\/blog\/wp-content\/uploads\/2019\/12\/Zrzut-ekranu-2019-12-4-o-12.50.55-768x303.png 768w, https:\/\/www.sotrender.com\/blog\/wp-content\/uploads\/2019\/12\/Zrzut-ekranu-2019-12-4-o-12.50.55-950x375.png 950w\" sizes=\"(max-width: 801px) 100vw, 801px\" \/><p id=\"caption-attachment-38975\" class=\"wp-caption-text\"><a href=\"https:\/\/www.sotrender.com\/trends\/facebook\/poland\/201911\/osoby\/sportowcy#storytellers\">Profile o najwi\u0119kszym zaanga\u017cowaniu w kategorii Sportowcy<\/a> w listopadzie na Facebooku<\/p><\/div>\n<p><span style=\"font-weight: 400;\"><a href=\"https:\/\/www.sotrender.com\/trends\/facebook\/poland\/201911\/osoby\/sportowcy\">W kategorii Sportowcy<\/a> najja\u015bniej jednak b\u0142yszcza\u0142 oczywi\u015bcie Robert Lewandowski, tym razem za spraw\u0105 informacji o spodziewanym kolejnym potomku.\u00a0<\/span><\/p>\n<div id=\"attachment_38977\" style=\"width: 812px\" class=\"wp-caption aligncenter\"><img loading=\"lazy\" decoding=\"async\" aria-describedby=\"caption-attachment-38977\" class=\" wp-image-38977\" src=\"https:\/\/www.sotrender.com\/blog\/wp-content\/uploads\/2019\/12\/Zrzut-ekranu-2019-12-4-o-12.52.52.png\" alt=\"lewandowski ci\u0105\u017ca\" width=\"802\" height=\"382\" srcset=\"https:\/\/www.sotrender.com\/blog\/wp-content\/uploads\/2019\/12\/Zrzut-ekranu-2019-12-4-o-12.52.52.png 953w, https:\/\/www.sotrender.com\/blog\/wp-content\/uploads\/2019\/12\/Zrzut-ekranu-2019-12-4-o-12.52.52-475x226.png 475w, https:\/\/www.sotrender.com\/blog\/wp-content\/uploads\/2019\/12\/Zrzut-ekranu-2019-12-4-o-12.52.52-768x366.png 768w, https:\/\/www.sotrender.com\/blog\/wp-content\/uploads\/2019\/12\/Zrzut-ekranu-2019-12-4-o-12.52.52-950x453.png 950w\" sizes=\"(max-width: 802px) 100vw, 802px\" \/><p id=\"caption-attachment-38977\" class=\"wp-caption-text\"><a href=\"https:\/\/www.sotrender.com\/trends\/facebook\/poland\/201911\/osoby\/sportowcy#best_posts\">Najlepsze posty w kategorii Sportowcy<\/a>; Facebook listopad 2019<\/p><\/div>\n<h2><b>Sport to nie tylko pi\u0142ka no\u017cna\u00a0<\/b><\/h2>\n<p><span style=\"font-weight: 400;\">Ulubiony sport Polak\u00f3w, skoki narciarskie, ponownie wraca do naszych dom\u00f3w i na ekrany telewizor\u00f3w.\u00a0<\/span><\/p>\n<p><span style=\"font-weight: 400;\">Ju\u017c podczas pierwszego weekendu ze skokami, Kamil Stoch stan\u0105\u0142 na podium w Wi\u015ble. Gratulujemy! \ud83d\ude09\u00a0<\/span><\/p>\n<div id=\"attachment_38979\" style=\"width: 610px\" class=\"wp-caption aligncenter\"><img loading=\"lazy\" decoding=\"async\" aria-describedby=\"caption-attachment-38979\" class=\" wp-image-38979\" src=\"https:\/\/www.sotrender.com\/blog\/wp-content\/uploads\/2019\/12\/Zrzut-ekranu-2019-12-4-o-13.53.37.png\" alt=\"wygrana soch wis\u0142a\" width=\"600\" height=\"435\" srcset=\"https:\/\/www.sotrender.com\/blog\/wp-content\/uploads\/2019\/12\/Zrzut-ekranu-2019-12-4-o-13.53.37.png 634w, https:\/\/www.sotrender.com\/blog\/wp-content\/uploads\/2019\/12\/Zrzut-ekranu-2019-12-4-o-13.53.37-475x345.png 475w\" sizes=\"(max-width: 600px) 100vw, 600px\" \/><p id=\"caption-attachment-38979\" class=\"wp-caption-text\"><a href=\"https:\/\/www.sotrender.com\/trends\/facebook\/poland\/201911\/media\/sport_media#best_posts\">Najlepsze posty w kategorii Media sportowe<\/a>; Facebook listopad 2019<\/p><\/div>\n<h2><b>Black Friday czy Black November?\u00a0<\/b><\/h2>\n<p><span style=\"font-weight: 400;\">Za nami r\u00f3wnie\u017c najbardziej oczekiwany sprzeda\u017cowo dzie\u0144 roku: Black Friday. Cho\u0107 w tym roku \u017cadne posty nie przyci\u0105gn\u0119\u0142y Waszej, i naszej, uwagi, w Sotrenderze przygotowali\u015bmy <\/span><a href=\"https:\/\/www.facebook.com\/Sotrender\/posts\/3378311078877533?__xts__[0]=68.ARCVgx_7x80iI0WA1ly3vfg-Go9k1Vl-p7x8hhZQqG0V9SOswowLsplvP297qoN5zTk4_krPg-RIUJZJAcI-BPKVmCP9T3zvADs4hVC8JWmm4DmsPPUdiatwvH01AtKfoMd85Ixn909auZfGD4RNV1znLoHSLuBsg_9hLSy5akC3nl402rFcXLtjidoDknFWMbZBpLDxv-Df1-tICE625KlsuRYKLBXbCYtO7Es632c_NZWi5MNfuMkuhsPaSMTTzQYvokM1CKkPjq0cs9eiMvF7Dh7-r3H_YqowincvHR7qv5k_Jc3_O77NzxeQWv3Kt5ipSl8hLr4TZKzki2-p3HMMZA&amp;__tn__=-R\"><span style=\"font-weight: 400;\">kr\u00f3tk\u0105 analiz\u0119<\/span><\/a><span style=\"font-weight: 400;\"> podsumowuj\u0105c\u0105 zaanga\u017cowanie na profilach marek w okresie Black Friday w minionych latach. <\/span><a href=\"https:\/\/www.facebook.com\/Sotrender\/posts\/3378311078877533?__xts__[0]=68.ARCVgx_7x80iI0WA1ly3vfg-Go9k1Vl-p7x8hhZQqG0V9SOswowLsplvP297qoN5zTk4_krPg-RIUJZJAcI-BPKVmCP9T3zvADs4hVC8JWmm4DmsPPUdiatwvH01AtKfoMd85Ixn909auZfGD4RNV1znLoHSLuBsg_9hLSy5akC3nl402rFcXLtjidoDknFWMbZBpLDxv-Df1-tICE625KlsuRYKLBXbCYtO7Es632c_NZWi5MNfuMkuhsPaSMTTzQYvokM1CKkPjq0cs9eiMvF7Dh7-r3H_YqowincvHR7qv5k_Jc3_O77NzxeQWv3Kt5ipSl8hLr4TZKzki2-p3HMMZA&amp;__tn__=-R\"><span style=\"font-weight: 400;\">Jej wyniki dost\u0119pne s\u0105 na naszym Facebooku<\/span><\/a><span style=\"font-weight: 400;\">.<\/span><\/p>\n<p><span style=\"font-weight: 400;\">Pami\u0119tajcie r\u00f3wnie\u017c, \u017ce <\/span><b>jeszcze go 6 grudnia w\u0142\u0105cznie trwa <\/b><a href=\"https:\/\/www.sotrender.com\/blog\/pl\/2019\/11\/cyber-week-2019-pl\/\"><b>Cyber Week w Sotrenderze<\/b><\/a><b> &#8211; na wszystkie nasze produkty obowi\u0105zuje 30% rabat.\u00a0<\/b><\/p>\n<h2><b>Listopad w Sotrenderze<\/b><\/h2>\n<p><span style=\"font-weight: 400;\">Wprowadzili\u015bmy <\/span><a href=\"https:\/\/www.sotrender.com\/pl\/pricing\"><b>nowy cennik<\/b><\/a><span style=\"font-weight: 400;\">, kt\u00f3ry jest znacznie bardziej elastyczny i przejrzysty od poprzedniego.<br \/>\n<\/span><b>A ceny pakiet\u00f3w zaczynaj\u0105 si\u0119 ju\u017c od 80z\u0142!\u00a0<\/b><\/p>\n<h2><b>Facebook Trends listopad 2019<\/b><\/h2>\n<p><span style=\"font-weight: 400;\">Co jeszcze wydarzy\u0142o si\u0119 w listopadzie na polskim Facebooku? Czy jakie\u015b wydarzenia muzyczno-kulturalne, polityczne, lub spo\u0142eczne, by\u0142y szczeg\u00f3lnie popularne w\u015br\u00f3d facebookowicz\u00f3w?\u00a0<\/span>Sprawd\u017acie w raporcie <a href=\"https:\/\/www.sotrender.com\/trends\/facebook\/poland\/201911\">Facebook Trends listopad 2019<\/a>!<\/p>\n","protected":false},"excerpt":{"rendered":"<p>Za nami i\u015bcie sportowy miesi\u0105c: niezale\u017cnie, czy kibicowali\u015bcie swoim ulubionym sportowcom, czy prze\u015bcigali\u015bcie si\u0119 w zdobywaniu najlepszych okazji na Black Friday &#8211; mamy co\u015b dla Was \ud83d\ude09\u00a0 Co przyni\u00f3s\u0142 listopad? Chocia\u017cby zwyci\u0119stwo Viki Gabor na Eurowizji Junior. \u015awi\u0119towali\u015bmy r\u00f3wnie\u017c 1. i 11. listopada, co oznacza\u0142o tak\u017ce cieszenie si\u0119 d\u0142u\u017cszymi weekendami.\u00a0<\/p>\n","protected":false},"author":89,"featured_media":38967,"comment_status":"open","ping_status":"open","sticky":false,"template":"","format":"standard","meta":{"inline_featured_image":false,"footnotes":""},"categories":[1791,1793,1797,2125],"tags":[725,2027,2307,2647],"yoast_head":"<!-- This site is optimized with the Yoast SEO plugin v22.4 - https:\/\/yoast.com\/wordpress\/plugins\/seo\/ -->\n<title>Facebook Trends listopad 2019 - sportowa tr\u00f3jca<\/title>\n<meta name=\"description\" content=\"Za nami i\u015bcie sportowy miesi\u0105c: niezale\u017cnie, czy kibicowali\u015bcie swoim ulubionym sportowcom, czy prze\u015bcigali\u015bcie si\u0119 w zdobywaniu okazji na Black Friday.\" \/>\n<meta name=\"robots\" content=\"index, follow, max-snippet:-1, max-image-preview:large, max-video-preview:-1\" \/>\n<link rel=\"canonical\" href=\"https:\/\/www.sotrender.com\/blog\/pl\/2019\/12\/facebook-trends-listopad-2019\/\" \/>\n<meta property=\"og:locale\" content=\"pl_PL\" \/>\n<meta property=\"og:type\" content=\"article\" \/>\n<meta property=\"og:title\" content=\"Facebook Trends listopad 2019 - sportowa tr\u00f3jca\" \/>\n<meta property=\"og:description\" content=\"Za nami i\u015bcie sportowy miesi\u0105c: niezale\u017cnie, czy kibicowali\u015bcie swoim ulubionym sportowcom, czy prze\u015bcigali\u015bcie si\u0119 w zdobywaniu okazji na Black Friday.\" \/>\n<meta property=\"og:url\" content=\"https:\/\/www.sotrender.com\/blog\/pl\/2019\/12\/facebook-trends-listopad-2019\/\" \/>\n<meta property=\"og:site_name\" content=\"Sotrender Blog\" \/>\n<meta property=\"article:publisher\" content=\"https:\/\/www.facebook.com\/Sotrender\" \/>\n<meta property=\"article:published_time\" content=\"2019-12-05T08:46:40+00:00\" \/>\n<meta property=\"article:modified_time\" content=\"2025-01-31T09:12:41+00:00\" \/>\n<meta property=\"og:image\" content=\"https:\/\/www.sotrender.com\/blog\/wp-content\/uploads\/2019\/12\/mathias-herheim-mzwMBFUOECQ-unsplash.jpg\" \/>\n\t<meta property=\"og:image:width\" content=\"2000\" \/>\n\t<meta property=\"og:image:height\" content=\"1205\" \/>\n\t<meta property=\"og:image:type\" content=\"image\/jpeg\" \/>\n<meta name=\"author\" content=\"Klaudia \u017by\u0142ka\" \/>\n<meta name=\"twitter:card\" content=\"summary_large_image\" \/>\n<meta name=\"twitter:creator\" content=\"@Sotrender\" \/>\n<meta name=\"twitter:site\" content=\"@Sotrender\" \/>\n<meta name=\"twitter:label1\" content=\"Written by\" \/>\n\t<meta name=\"twitter:data1\" content=\"Klaudia \u017by\u0142ka\" \/>\n\t<meta name=\"twitter:label2\" content=\"Est. reading time\" \/>\n\t<meta name=\"twitter:data2\" content=\"4 minutes\" \/>\n<script type=\"application\/ld+json\" class=\"yoast-schema-graph\">{\"@context\":\"https:\/\/schema.org\",\"@graph\":[{\"@type\":\"WebPage\",\"@id\":\"https:\/\/www.sotrender.com\/blog\/pl\/2019\/12\/facebook-trends-listopad-2019\/\",\"url\":\"https:\/\/www.sotrender.com\/blog\/pl\/2019\/12\/facebook-trends-listopad-2019\/\",\"name\":\"Facebook Trends listopad 2019 - sportowa tr\u00f3jca\",\"isPartOf\":{\"@id\":\"https:\/\/www.sotrender.com\/blog\/#website\"},\"primaryImageOfPage\":{\"@id\":\"https:\/\/www.sotrender.com\/blog\/pl\/2019\/12\/facebook-trends-listopad-2019\/#primaryimage\"},\"image\":{\"@id\":\"https:\/\/www.sotrender.com\/blog\/pl\/2019\/12\/facebook-trends-listopad-2019\/#primaryimage\"},\"thumbnailUrl\":\"https:\/\/www.sotrender.com\/blog\/wp-content\/uploads\/2019\/12\/mathias-herheim-mzwMBFUOECQ-unsplash.jpg\",\"datePublished\":\"2019-12-05T08:46:40+00:00\",\"dateModified\":\"2025-01-31T09:12:41+00:00\",\"author\":{\"@id\":\"https:\/\/www.sotrender.com\/blog\/#\/schema\/person\/038ac5e276c5d102d8cbb9c36cd43416\"},\"description\":\"Za nami i\u015bcie sportowy miesi\u0105c: niezale\u017cnie, czy kibicowali\u015bcie swoim ulubionym sportowcom, czy prze\u015bcigali\u015bcie si\u0119 w zdobywaniu okazji na Black Friday.\",\"breadcrumb\":{\"@id\":\"https:\/\/www.sotrender.com\/blog\/pl\/2019\/12\/facebook-trends-listopad-2019\/#breadcrumb\"},\"inLanguage\":\"pl-PL\",\"potentialAction\":[{\"@type\":\"ReadAction\",\"target\":[\"https:\/\/www.sotrender.com\/blog\/pl\/2019\/12\/facebook-trends-listopad-2019\/\"]}]},{\"@type\":\"ImageObject\",\"inLanguage\":\"pl-PL\",\"@id\":\"https:\/\/www.sotrender.com\/blog\/pl\/2019\/12\/facebook-trends-listopad-2019\/#primaryimage\",\"url\":\"https:\/\/www.sotrender.com\/blog\/wp-content\/uploads\/2019\/12\/mathias-herheim-mzwMBFUOECQ-unsplash.jpg\",\"contentUrl\":\"https:\/\/www.sotrender.com\/blog\/wp-content\/uploads\/2019\/12\/mathias-herheim-mzwMBFUOECQ-unsplash.jpg\",\"width\":2000,\"height\":1205},{\"@type\":\"BreadcrumbList\",\"@id\":\"https:\/\/www.sotrender.com\/blog\/pl\/2019\/12\/facebook-trends-listopad-2019\/#breadcrumb\",\"itemListElement\":[{\"@type\":\"ListItem\",\"position\":1,\"name\":\"Home\",\"item\":\"https:\/\/www.sotrender.com\/blog\/\"},{\"@type\":\"ListItem\",\"position\":2,\"name\":\"Facebook Trends listopad 2019 &#8211; sportowa tr\u00f3jca\"}]},{\"@type\":\"WebSite\",\"@id\":\"https:\/\/www.sotrender.com\/blog\/#website\",\"url\":\"https:\/\/www.sotrender.com\/blog\/\",\"name\":\"Sotrender Blog\",\"description\":\"\",\"potentialAction\":[{\"@type\":\"SearchAction\",\"target\":{\"@type\":\"EntryPoint\",\"urlTemplate\":\"https:\/\/www.sotrender.com\/blog\/?s={search_term_string}\"},\"query-input\":\"required name=search_term_string\"}],\"inLanguage\":\"pl-PL\"},{\"@type\":\"Person\",\"@id\":\"https:\/\/www.sotrender.com\/blog\/#\/schema\/person\/038ac5e276c5d102d8cbb9c36cd43416\",\"name\":\"Klaudia \u017by\u0142ka\",\"image\":{\"@type\":\"ImageObject\",\"inLanguage\":\"pl-PL\",\"@id\":\"https:\/\/www.sotrender.com\/blog\/#\/schema\/person\/image\/\",\"url\":\"https:\/\/secure.gravatar.com\/avatar\/f55d5d49ce3c448e1ffde0ab078d84cd?s=96&d=mm&r=g\",\"contentUrl\":\"https:\/\/secure.gravatar.com\/avatar\/f55d5d49ce3c448e1ffde0ab078d84cd?s=96&d=mm&r=g\",\"caption\":\"Klaudia \u017by\u0142ka\"},\"description\":\"Instagram, dogs, books and food lover. Former student at Warsaw University and Malm\u00f6 University. Improving her marketing skills every day. Proud owner of DIMAQ certificate\",\"sameAs\":[\"https:\/\/www.linkedin.com\/in\/klaudia-\u017cy\u0142ka-17527779\"],\"url\":\"https:\/\/www.sotrender.com\/blog\/pl\/author\/klaudia_yka\/\"}]}<\/script>\n<!-- \/ Yoast SEO plugin. -->","yoast_head_json":{"title":"Facebook Trends listopad 2019 - sportowa tr\u00f3jca","description":"Za nami i\u015bcie sportowy miesi\u0105c: niezale\u017cnie, czy kibicowali\u015bcie swoim ulubionym sportowcom, czy prze\u015bcigali\u015bcie si\u0119 w zdobywaniu okazji na Black Friday.","robots":{"index":"index","follow":"follow","max-snippet":"max-snippet:-1","max-image-preview":"max-image-preview:large","max-video-preview":"max-video-preview:-1"},"canonical":"https:\/\/www.sotrender.com\/blog\/pl\/2019\/12\/facebook-trends-listopad-2019\/","og_locale":"pl_PL","og_type":"article","og_title":"Facebook Trends listopad 2019 - sportowa tr\u00f3jca","og_description":"Za nami i\u015bcie sportowy miesi\u0105c: niezale\u017cnie, czy kibicowali\u015bcie swoim ulubionym sportowcom, czy prze\u015bcigali\u015bcie si\u0119 w zdobywaniu okazji na Black Friday.","og_url":"https:\/\/www.sotrender.com\/blog\/pl\/2019\/12\/facebook-trends-listopad-2019\/","og_site_name":"Sotrender Blog","article_publisher":"https:\/\/www.facebook.com\/Sotrender","article_published_time":"2019-12-05T08:46:40+00:00","article_modified_time":"2025-01-31T09:12:41+00:00","og_image":[{"width":2000,"height":1205,"url":"https:\/\/www.sotrender.com\/blog\/wp-content\/uploads\/2019\/12\/mathias-herheim-mzwMBFUOECQ-unsplash.jpg","type":"image\/jpeg"}],"author":"Klaudia \u017by\u0142ka","twitter_card":"summary_large_image","twitter_creator":"@Sotrender","twitter_site":"@Sotrender","twitter_misc":{"Written by":"Klaudia \u017by\u0142ka","Est. reading time":"4 minutes"},"schema":{"@context":"https:\/\/schema.org","@graph":[{"@type":"WebPage","@id":"https:\/\/www.sotrender.com\/blog\/pl\/2019\/12\/facebook-trends-listopad-2019\/","url":"https:\/\/www.sotrender.com\/blog\/pl\/2019\/12\/facebook-trends-listopad-2019\/","name":"Facebook Trends listopad 2019 - sportowa tr\u00f3jca","isPartOf":{"@id":"https:\/\/www.sotrender.com\/blog\/#website"},"primaryImageOfPage":{"@id":"https:\/\/www.sotrender.com\/blog\/pl\/2019\/12\/facebook-trends-listopad-2019\/#primaryimage"},"image":{"@id":"https:\/\/www.sotrender.com\/blog\/pl\/2019\/12\/facebook-trends-listopad-2019\/#primaryimage"},"thumbnailUrl":"https:\/\/www.sotrender.com\/blog\/wp-content\/uploads\/2019\/12\/mathias-herheim-mzwMBFUOECQ-unsplash.jpg","datePublished":"2019-12-05T08:46:40+00:00","dateModified":"2025-01-31T09:12:41+00:00","author":{"@id":"https:\/\/www.sotrender.com\/blog\/#\/schema\/person\/038ac5e276c5d102d8cbb9c36cd43416"},"description":"Za nami i\u015bcie sportowy miesi\u0105c: niezale\u017cnie, czy kibicowali\u015bcie swoim ulubionym sportowcom, czy prze\u015bcigali\u015bcie si\u0119 w zdobywaniu okazji na Black Friday.","breadcrumb":{"@id":"https:\/\/www.sotrender.com\/blog\/pl\/2019\/12\/facebook-trends-listopad-2019\/#breadcrumb"},"inLanguage":"pl-PL","potentialAction":[{"@type":"ReadAction","target":["https:\/\/www.sotrender.com\/blog\/pl\/2019\/12\/facebook-trends-listopad-2019\/"]}]},{"@type":"ImageObject","inLanguage":"pl-PL","@id":"https:\/\/www.sotrender.com\/blog\/pl\/2019\/12\/facebook-trends-listopad-2019\/#primaryimage","url":"https:\/\/www.sotrender.com\/blog\/wp-content\/uploads\/2019\/12\/mathias-herheim-mzwMBFUOECQ-unsplash.jpg","contentUrl":"https:\/\/www.sotrender.com\/blog\/wp-content\/uploads\/2019\/12\/mathias-herheim-mzwMBFUOECQ-unsplash.jpg","width":2000,"height":1205},{"@type":"BreadcrumbList","@id":"https:\/\/www.sotrender.com\/blog\/pl\/2019\/12\/facebook-trends-listopad-2019\/#breadcrumb","itemListElement":[{"@type":"ListItem","position":1,"name":"Home","item":"https:\/\/www.sotrender.com\/blog\/"},{"@type":"ListItem","position":2,"name":"Facebook Trends listopad 2019 &#8211; sportowa tr\u00f3jca"}]},{"@type":"WebSite","@id":"https:\/\/www.sotrender.com\/blog\/#website","url":"https:\/\/www.sotrender.com\/blog\/","name":"Sotrender Blog","description":"","potentialAction":[{"@type":"SearchAction","target":{"@type":"EntryPoint","urlTemplate":"https:\/\/www.sotrender.com\/blog\/?s={search_term_string}"},"query-input":"required name=search_term_string"}],"inLanguage":"pl-PL"},{"@type":"Person","@id":"https:\/\/www.sotrender.com\/blog\/#\/schema\/person\/038ac5e276c5d102d8cbb9c36cd43416","name":"Klaudia \u017by\u0142ka","image":{"@type":"ImageObject","inLanguage":"pl-PL","@id":"https:\/\/www.sotrender.com\/blog\/#\/schema\/person\/image\/","url":"https:\/\/secure.gravatar.com\/avatar\/f55d5d49ce3c448e1ffde0ab078d84cd?s=96&d=mm&r=g","contentUrl":"https:\/\/secure.gravatar.com\/avatar\/f55d5d49ce3c448e1ffde0ab078d84cd?s=96&d=mm&r=g","caption":"Klaudia \u017by\u0142ka"},"description":"Instagram, dogs, books and food lover. Former student at Warsaw University and Malm\u00f6 University. Improving her marketing skills every day. Proud owner of DIMAQ certificate","sameAs":["https:\/\/www.linkedin.com\/in\/klaudia-\u017cy\u0142ka-17527779"],"url":"https:\/\/www.sotrender.com\/blog\/pl\/author\/klaudia_yka\/"}]}},"_links":{"self":[{"href":"https:\/\/www.sotrender.com\/blog\/pl\/wp-json\/wp\/v2\/posts\/38965"}],"collection":[{"href":"https:\/\/www.sotrender.com\/blog\/pl\/wp-json\/wp\/v2\/posts"}],"about":[{"href":"https:\/\/www.sotrender.com\/blog\/pl\/wp-json\/wp\/v2\/types\/post"}],"author":[{"embeddable":true,"href":"https:\/\/www.sotrender.com\/blog\/pl\/wp-json\/wp\/v2\/users\/89"}],"replies":[{"embeddable":true,"href":"https:\/\/www.sotrender.com\/blog\/pl\/wp-json\/wp\/v2\/comments?post=38965"}],"version-history":[{"count":11,"href":"https:\/\/www.sotrender.com\/blog\/pl\/wp-json\/wp\/v2\/posts\/38965\/revisions"}],"predecessor-version":[{"id":54406,"href":"https:\/\/www.sotrender.com\/blog\/pl\/wp-json\/wp\/v2\/posts\/38965\/revisions\/54406"}],"wp:featuredmedia":[{"embeddable":true,"href":"https:\/\/www.sotrender.com\/blog\/pl\/wp-json\/wp\/v2\/media\/38967"}],"wp:attachment":[{"href":"https:\/\/www.sotrender.com\/blog\/pl\/wp-json\/wp\/v2\/media?parent=38965"}],"wp:term":[{"taxonomy":"category","embeddable":true,"href":"https:\/\/www.sotrender.com\/blog\/pl\/wp-json\/wp\/v2\/categories?post=38965"},{"taxonomy":"post_tag","embeddable":true,"href":"https:\/\/www.sotrender.com\/blog\/pl\/wp-json\/wp\/v2\/tags?post=38965"}],"curies":[{"name":"wp","href":"https:\/\/api.w.org\/{rel}","templated":true}]}}