{"id":38781,"date":"2019-11-07T09:18:08","date_gmt":"2019-11-07T08:18:08","guid":{"rendered":"https:\/\/www.sotrender.com\/blog\/?p=38781\/"},"modified":"2019-11-07T11:21:17","modified_gmt":"2019-11-07T10:21:17","slug":"facebook-trends-pazdziernik-2019-wybory","status":"publish","type":"post","link":"https:\/\/www.sotrender.com\/blog\/pl\/2019\/11\/facebook-trends-pazdziernik-2019-wybory\/","title":{"rendered":"Facebook Trends pa\u017adziernik 2019 &#8211; na wybory"},"content":{"rendered":"<p><span style=\"font-weight: 400;\">Za nami bardzo intensywny miesi\u0105c. Sta\u0142y bywalec naszych Trends\u00f3w, Dawid Podsiad\u0142o, og\u0142osi\u0142 kolejn\u0105 tras\u0119 koncertow\u0105, odby\u0142y si\u0119 wybory parlamentarne, a konto naszego kraju zosta\u0142o zasilone kolejn\u0105 nagrod\u0105 Nobla. 2 pa\u017adziernika mia\u0142a r\u00f3wnie\u017c miejsce rocznica zako\u0144czenia Powstania Warszawskiego.\u00a0<\/span>Zapraszamy na <a href=\"https:\/\/www.sotrender.com\/trends\/facebook\/poland\/201910\">podsumowanie pa\u017adziernika na polskim Facebooku<\/a>!<\/p>\n<h2><strong>Przedwyborcze emocje<\/strong><\/h2>\n<p><span style=\"font-weight: 400;\">Najgor\u0119tszym tematem pa\u017adziernika by\u0142y niew\u0105tpliwie wybory parlamentarne.\u00a0<\/span><\/p>\n<p><span style=\"font-weight: 400;\">Nie tylko politycy, ale tak\u017ce celebryci, blogerzy, czy sportowcy intensywnie zach\u0119cali Polak\u00f3w do wzi\u0119cia w nich udzia\u0142u. Jednak najwi\u0119kszym echem na Facebooku odbi\u0142 si\u0119 <a href=\"https:\/\/www.facebook.com\/KubaWojewodzkiKrolTVN\/photos\/a.529136950471915\/2647325221986400\/?type=3&amp;__xts__%5B0%5D=68.ARBqo9flRq3MgfhnExDl-KWVpNqKlwMcneKxnjk4PrnaiserQn2PwgsIqRjzvkhZGnEgJGxmGnc6gexGBIEEsX7ToeOli2wykjVFS15bRqzO8Q5aTAwYFGl6fYxbI8CW07viAp-gXW9OokbCZp8LJNHdP0DpiUPrLz9HvmX5jgJEMec-iUMTp7aI1Vr7IYNSzlmxpohIHqoPkg6toyO2dL5wp37S6m9BXanHbIA6olozRlZfTLCMYijQdsSk_vJucUuRD-t3OSI2DE6rRHJHGsBB3ATYSYRSKuyTFzLiwB7__C9rJB3p06jodpxTdEVTagWl8s7pkS-BPNrQ_ZmUZpPBzw&amp;__tn__=-R\">post Kuby Wojew\u00f3dzkiego<\/a>, zach\u0119caj\u0105cy g\u0142\u00f3wnie m\u0142odych wyborc\u00f3w do p\u00f3j\u015bcia na wybory.\u00a0<\/span><\/p>\n<div id=\"attachment_38791\" style=\"width: 811px\" class=\"wp-caption aligncenter\"><img loading=\"lazy\" decoding=\"async\" aria-describedby=\"caption-attachment-38791\" class=\" wp-image-38791\" src=\"https:\/\/www.sotrender.com\/blog\/wp-content\/uploads\/2019\/11\/Zrzut-ekranu-2019-11-6-o-14.11.25.png\" alt=\"kuba wojewodzki wybory \" width=\"801\" height=\"388\" srcset=\"https:\/\/www.sotrender.com\/blog\/wp-content\/uploads\/2019\/11\/Zrzut-ekranu-2019-11-6-o-14.11.25.png 966w, https:\/\/www.sotrender.com\/blog\/wp-content\/uploads\/2019\/11\/Zrzut-ekranu-2019-11-6-o-14.11.25-475x230.png 475w, https:\/\/www.sotrender.com\/blog\/wp-content\/uploads\/2019\/11\/Zrzut-ekranu-2019-11-6-o-14.11.25-768x372.png 768w, https:\/\/www.sotrender.com\/blog\/wp-content\/uploads\/2019\/11\/Zrzut-ekranu-2019-11-6-o-14.11.25-950x460.png 950w\" sizes=\"(max-width: 801px) 100vw, 801px\" \/><p id=\"caption-attachment-38791\" class=\"wp-caption-text\">Najlepsze posty w kategorii <a href=\"https:\/\/www.sotrender.com\/trends\/facebook\/poland\/201910\/osoby\">Osoby<\/a> | Facebook, pa\u017adziernik 2019<\/p><\/div>\n<p><span style=\"font-weight: 400;\">Post Wojew\u00f3dzkiego zosta\u0142 niezwykle pozytywnie przyj\u0119ty, o czym \u015bwiadczy ponad 17 tys. udost\u0119pnie\u0144 i 56 tys. reakcji. By\u0142 to drugi najlepszy post miesi\u0105ca <a href=\"https:\/\/www.sotrender.com\/trends\/facebook\/poland\/201910\/osoby\">w kategorii Osoby<\/a>. Co ciekawe numerem jeden by\u0142 post na profilu Golec uOrkiestra.\u00a0<\/span><\/p>\n<p><span style=\"font-weight: 400;\">Post Kuby Wojew\u00f3dzkiego znalaz\u0142 si\u0119 r\u00f3wnie\u017c w\u015br\u00f3d <a href=\"https:\/\/www.sotrender.com\/trends\/facebook\/poland\/201910\/pl_wszystkie\">10 najlepszych post\u00f3w miesi\u0105ca na polskim Facebooku w pa\u017adzierniku<\/a>.\u00a0<\/span><\/p>\n<h2><strong>&#8220;I wtedy wchodzi on, Wojtek Sok\u00f3\u0142&#8221;<\/strong><\/h2>\n<p><span style=\"font-weight: 400;\">Jedn\u0105 z ciekawszych kampanii reklamowych, kt\u00f3ra mia\u0142a swoj\u0105 premier\u0119 w pa\u017adzierniku, by\u0142a kreacja marki Samsung, stworzona przez agencj\u0119 VMLY&amp;R Poland.\u00a0<\/span><\/p>\n<p><iframe loading=\"lazy\" style=\"border: none; overflow: hidden;\" src=\"https:\/\/www.facebook.com\/plugins\/video.php?href=https%3A%2F%2Fwww.facebook.com%2FVMLYR.Poland%2Fvideos%2F380521769520223%2F&amp;show_text=1&amp;width=560\" width=\"560\" height=\"531\" frameborder=\"0\" scrolling=\"no\" allowfullscreen=\"allowfullscreen\"><\/iframe><\/p>\n<p><span style=\"font-weight: 400;\">Wideo z Soko\u0142em w roli g\u0142\u00f3wnej zagwarantowa\u0142o miejsce w\u015br\u00f3d najlepszych post\u00f3w miesi\u0105ca zar\u00f3wno marce Samsung (w kategorii <a href=\"https:\/\/www.sotrender.com\/trends\/facebook\/poland\/201910\/technologie_sprzet\">Technologie<\/a>), jak i VMLY&amp;R Poland (kategoria <a href=\"https:\/\/www.sotrender.com\/trends\/facebook\/poland\/201910\/agencje_interaktywne_PR\">Agencje interaktywne<\/a>).\u00a0<\/span><\/p>\n<p>Brawo VMLY&amp;R Poland, fajnie mie\u0107 takich klient\u00f3w!<\/p>\n<div id=\"attachment_38789\" style=\"width: 810px\" class=\"wp-caption aligncenter\"><img loading=\"lazy\" decoding=\"async\" aria-describedby=\"caption-attachment-38789\" class=\" wp-image-38789\" src=\"https:\/\/www.sotrender.com\/blog\/wp-content\/uploads\/2019\/11\/Zrzut-ekranu-2019-11-6-o-11.43.39.png\" alt=\"vml polska\" width=\"800\" height=\"391\" srcset=\"https:\/\/www.sotrender.com\/blog\/wp-content\/uploads\/2019\/11\/Zrzut-ekranu-2019-11-6-o-11.43.39.png 980w, https:\/\/www.sotrender.com\/blog\/wp-content\/uploads\/2019\/11\/Zrzut-ekranu-2019-11-6-o-11.43.39-475x232.png 475w, https:\/\/www.sotrender.com\/blog\/wp-content\/uploads\/2019\/11\/Zrzut-ekranu-2019-11-6-o-11.43.39-768x375.png 768w, https:\/\/www.sotrender.com\/blog\/wp-content\/uploads\/2019\/11\/Zrzut-ekranu-2019-11-6-o-11.43.39-950x464.png 950w\" sizes=\"(max-width: 800px) 100vw, 800px\" \/><p id=\"caption-attachment-38789\" class=\"wp-caption-text\">Najlepsze posty w kategorii <a href=\"https:\/\/www.sotrender.com\/trends\/facebook\/poland\/201910\/agencje_interaktywne_PR\">Agencje interaktywne<\/a> w pa\u017adzierniku 2019 na Facebooku<\/p><\/div>\n<p><span style=\"font-weight: 400;\">Przypominamy r\u00f3wnie\u017c, \u017ce w pa\u017adzierniku odby\u0142o si\u0119 <\/span><a href=\"https:\/\/www.wirtualnemedia.pl\/artykul\/kampanie-nagrodzone-na-effie-awards-2019-wideo\"><span style=\"font-weight: 400;\">rozdanie nagr\u00f3d Effie<\/span><\/a><span style=\"font-weight: 400;\">, gdzie nagrodzono najlepsze kampanie marketingowe minionych miesi\u0119cy.\u00a0<\/span><\/p>\n<h2><strong>Mamy Nobla!<\/strong><\/h2>\n<p><span style=\"font-weight: 400;\">W pa\u017adzierniku dotar\u0142y do nas r\u00f3wnie\u017c wspania\u0142e wie\u015bci ze \u015bwiata literatury. Olga Tokarczuk zdoby\u0142a Nobla!\u00a0<\/span><\/p>\n<div id=\"attachment_38787\" style=\"width: 810px\" class=\"wp-caption aligncenter\"><img loading=\"lazy\" decoding=\"async\" aria-describedby=\"caption-attachment-38787\" class=\" wp-image-38787\" src=\"https:\/\/www.sotrender.com\/blog\/wp-content\/uploads\/2019\/11\/Zrzut-ekranu-2019-11-6-o-09.55.02.png\" alt=\"olga tokarczuk \" width=\"800\" height=\"390\" srcset=\"https:\/\/www.sotrender.com\/blog\/wp-content\/uploads\/2019\/11\/Zrzut-ekranu-2019-11-6-o-09.55.02.png 966w, https:\/\/www.sotrender.com\/blog\/wp-content\/uploads\/2019\/11\/Zrzut-ekranu-2019-11-6-o-09.55.02-475x232.png 475w, https:\/\/www.sotrender.com\/blog\/wp-content\/uploads\/2019\/11\/Zrzut-ekranu-2019-11-6-o-09.55.02-768x374.png 768w, https:\/\/www.sotrender.com\/blog\/wp-content\/uploads\/2019\/11\/Zrzut-ekranu-2019-11-6-o-09.55.02-950x463.png 950w\" sizes=\"(max-width: 800px) 100vw, 800px\" \/><p id=\"caption-attachment-38787\" class=\"wp-caption-text\">Najlepsze posty w kategorii <a href=\"https:\/\/www.sotrender.com\/trends\/facebook\/poland\/201910\/kultura\/literatura\">Literatura<\/a> w pa\u017adzierniku 2019 na Facebooku<\/p><\/div>\n<h2><strong>Gdyby pa\u017adziernik by\u0142 kobiet\u0105\u2026<\/strong><\/h2>\n<p><span style=\"font-weight: 400;\">Pa\u017adziernik to tak\u017ce Og\u00f3lno\u015bwiatowy Miesi\u0105c \u015awiadomo\u015bci Raka Piersi.\u00a0<\/span><\/p>\n<p><span style=\"font-weight: 400;\">Mn\u00f3stwo marek, cz\u0119sto w naprawd\u0119 kreatywny spos\u00f3b, chcia\u0142o dorzuci\u0107 swoj\u0105 cegie\u0142k\u0119 do szerzenia \u015bwiadomo\u015bci w tym zakresie. Mamy wielk\u0105 nadziej\u0119, \u017ce poza opublikowaniem \u201c\u0142adnych obrazk\u00f3w\u201d, im si\u0119 to uda\u0142o!<\/span><\/p>\n<p><span style=\"font-weight: 400;\">Na szczeg\u00f3ln\u0105 uwag\u0119 zas\u0142uguje jednak <a href=\"https:\/\/www.facebook.com\/santanderbankpolska\/photos\/a.118134798693\/10157872391918694\/?type=3&amp;theater\">post Santander Bank Polska<\/a>, kt\u00f3ry by\u0142 najlepszym postem miesi\u0105ca <a href=\"https:\/\/www.sotrender.com\/trends\/facebook\/poland\/201910\/finanse\/banki\">w kategorii Banki<\/a>. Mimo, \u017ce jest to kategoria w kt\u00f3rej raczej nie mo\u017cna pozwoli\u0107 sobie na nieograniczon\u0105 dowolno\u015b\u0107, marce uda\u0142o si\u0119 zebra\u0107 spore zaanga\u017cowanie pod swoim postem. Gratulujemy \ud83d\ude09\u00a0<\/span><\/p>\n<div id=\"attachment_38795\" style=\"width: 810px\" class=\"wp-caption aligncenter\"><img loading=\"lazy\" decoding=\"async\" aria-describedby=\"caption-attachment-38795\" class=\" wp-image-38795\" src=\"https:\/\/www.sotrender.com\/blog\/wp-content\/uploads\/2019\/11\/Zrzut-ekranu-2019-11-6-o-14.50.05.png\" alt=\"santander bank polska\" width=\"800\" height=\"387\" srcset=\"https:\/\/www.sotrender.com\/blog\/wp-content\/uploads\/2019\/11\/Zrzut-ekranu-2019-11-6-o-14.50.05.png 969w, https:\/\/www.sotrender.com\/blog\/wp-content\/uploads\/2019\/11\/Zrzut-ekranu-2019-11-6-o-14.50.05-475x230.png 475w, https:\/\/www.sotrender.com\/blog\/wp-content\/uploads\/2019\/11\/Zrzut-ekranu-2019-11-6-o-14.50.05-768x372.png 768w, https:\/\/www.sotrender.com\/blog\/wp-content\/uploads\/2019\/11\/Zrzut-ekranu-2019-11-6-o-14.50.05-950x460.png 950w\" sizes=\"(max-width: 800px) 100vw, 800px\" \/><p id=\"caption-attachment-38795\" class=\"wp-caption-text\">Najlepsze posty <a href=\"https:\/\/www.sotrender.com\/trends\/facebook\/poland\/201910\/finanse\/banki\">w kategorii Banki<\/a> w pa\u017adzierniku na Facebooku<\/p><\/div>\n<p>Post z <em>r\u00f3\u017cow\u0105 wst\u0105\u017ceczk\u0105<\/em> zagwarantowa\u0142 r\u00f3wnie\u017c marce Santander obj\u0119cie pierwszego miejsca w zestawieniu Zaanga\u017cowania jak i Aktywnych u\u017cytkownik\u00f3w <a href=\"https:\/\/www.sotrender.com\/trends\/facebook\/poland\/201910\/finanse\/banki\">w kategorii Banki<\/a>.<\/p>\n<h2><strong>Pa\u017adziernik pe\u0142en wra\u017ce\u0144\u00a0<\/strong><\/h2>\n<p><span style=\"font-weight: 400;\">Ekipa Sotrendera wr\u00f3ci\u0142a w\u0142a\u015bnie z Social Media Week w Londynie! Jeste\u015bcie ciekawi naszych wra\u017ce\u0144? Zastanawiacie si\u0119, czy co\u015b Was omin\u0119\u0142o? Przygotowali\u015bmy dla Was podsumowanie zar\u00f3wno <\/span><a href=\"https:\/\/www.sotrender.com\/blog\/2019\/11\/social-media-week-london-2019-day-1\/\"><span style=\"font-weight: 400;\">pierwszego dnia<\/span><\/a><span style=\"font-weight: 400;\">, jak i <\/span><a href=\"https:\/\/www.sotrender.com\/blog\/2019\/11\/social-media-week-london-2019-summarized\/\"><span style=\"font-weight: 400;\">ca\u0142o\u015bci konferencji<\/span><\/a><span style=\"font-weight: 400;\">. Wszystkiego dowiecie si\u0119 z naszego bloga \ud83d\ude09\u00a0<\/span><\/p>\n<p><span style=\"font-weight: 400;\">Je\u015bli jednak bardziej interesuje Was nasze polskie podw\u00f3rko, zapraszamy do przejrzenia pe\u0142nej edycji raportu <a href=\"https:\/\/www.sotrender.com\/trends\/facebook\/poland\/201910\">Facebook Trends pa\u017adziernik 2019<\/a>!\u00a0<\/span><\/p>\n","protected":false},"excerpt":{"rendered":"<p>Za nami bardzo intensywny miesi\u0105c. Sta\u0142y bywalec naszych Trends\u00f3w, Dawid Podsiad\u0142o, og\u0142osi\u0142 kolejn\u0105 tras\u0119 koncertow\u0105, odby\u0142y si\u0119 wybory parlamentarne, a konto naszego kraju zosta\u0142o zasilone kolejn\u0105 nagrod\u0105 Nobla. 2 pa\u017adziernika mia\u0142a r\u00f3wnie\u017c miejsce rocznica zako\u0144czenia Powstania Warszawskiego.\u00a0Zapraszamy na podsumowanie pa\u017adziernika na polskim Facebooku! Przedwyborcze emocje Najgor\u0119tszym tematem pa\u017adziernika by\u0142y niew\u0105tpliwie wybory parlamentarne.\u00a0 Nie tylko politycy, [&hellip;]<\/p>\n","protected":false},"author":89,"featured_media":38783,"comment_status":"open","ping_status":"open","sticky":false,"template":"","format":"standard","meta":{"inline_featured_image":false,"footnotes":""},"categories":[2125,2275,1791,1797],"tags":[2001,2307,1749,1901],"yoast_head":"<!-- This site is optimized with the Yoast SEO plugin v22.4 - https:\/\/yoast.com\/wordpress\/plugins\/seo\/ -->\n<title>Facebook Trends pa\u017adziernik 2019 - na wybory | Sotrender blog<\/title>\n<meta name=\"description\" content=\"Za nami bardzo intensywny miesi\u0105c. Odby\u0142y si\u0119 wybory parlamentarne, a konto naszego kraju zosta\u0142o zasilone kolejn\u0105 nagrod\u0105 Nobla.\" \/>\n<meta name=\"robots\" content=\"index, follow, max-snippet:-1, max-image-preview:large, max-video-preview:-1\" \/>\n<link rel=\"canonical\" href=\"https:\/\/www.sotrender.com\/blog\/pl\/2019\/11\/facebook-trends-pazdziernik-2019-wybory\/\" \/>\n<meta property=\"og:locale\" content=\"pl_PL\" \/>\n<meta property=\"og:type\" content=\"article\" \/>\n<meta property=\"og:title\" content=\"Facebook Trends pa\u017adziernik 2019 - na wybory | Sotrender blog\" \/>\n<meta property=\"og:description\" content=\"Za nami bardzo intensywny miesi\u0105c. Odby\u0142y si\u0119 wybory parlamentarne, a konto naszego kraju zosta\u0142o zasilone kolejn\u0105 nagrod\u0105 Nobla.\" \/>\n<meta property=\"og:url\" content=\"https:\/\/www.sotrender.com\/blog\/pl\/2019\/11\/facebook-trends-pazdziernik-2019-wybory\/\" \/>\n<meta property=\"og:site_name\" content=\"Sotrender Blog\" \/>\n<meta property=\"article:publisher\" content=\"https:\/\/www.facebook.com\/Sotrender\" \/>\n<meta property=\"article:published_time\" content=\"2019-11-07T08:18:08+00:00\" \/>\n<meta property=\"article:modified_time\" content=\"2019-11-07T10:21:17+00:00\" \/>\n<meta property=\"og:image\" content=\"https:\/\/www.sotrender.com\/blog\/wp-content\/uploads\/2019\/11\/arnaud-jaegers-IBWJsMObnnU-unsplash.jpg\" \/>\n\t<meta property=\"og:image:width\" content=\"2500\" \/>\n\t<meta property=\"og:image:height\" content=\"1666\" \/>\n\t<meta property=\"og:image:type\" content=\"image\/jpeg\" \/>\n<meta name=\"author\" content=\"Klaudia \u017by\u0142ka\" \/>\n<meta name=\"twitter:card\" content=\"summary_large_image\" \/>\n<meta name=\"twitter:creator\" content=\"@Sotrender\" \/>\n<meta name=\"twitter:site\" content=\"@Sotrender\" \/>\n<meta name=\"twitter:label1\" content=\"Written by\" \/>\n\t<meta name=\"twitter:data1\" content=\"Klaudia \u017by\u0142ka\" \/>\n\t<meta name=\"twitter:label2\" content=\"Est. reading time\" \/>\n\t<meta name=\"twitter:data2\" content=\"3 minutes\" \/>\n<script type=\"application\/ld+json\" class=\"yoast-schema-graph\">{\"@context\":\"https:\/\/schema.org\",\"@graph\":[{\"@type\":\"WebPage\",\"@id\":\"https:\/\/www.sotrender.com\/blog\/pl\/2019\/11\/facebook-trends-pazdziernik-2019-wybory\/\",\"url\":\"https:\/\/www.sotrender.com\/blog\/pl\/2019\/11\/facebook-trends-pazdziernik-2019-wybory\/\",\"name\":\"Facebook Trends pa\u017adziernik 2019 - na wybory | Sotrender blog\",\"isPartOf\":{\"@id\":\"https:\/\/www.sotrender.com\/blog\/#website\"},\"primaryImageOfPage\":{\"@id\":\"https:\/\/www.sotrender.com\/blog\/pl\/2019\/11\/facebook-trends-pazdziernik-2019-wybory\/#primaryimage\"},\"image\":{\"@id\":\"https:\/\/www.sotrender.com\/blog\/pl\/2019\/11\/facebook-trends-pazdziernik-2019-wybory\/#primaryimage\"},\"thumbnailUrl\":\"https:\/\/www.sotrender.com\/blog\/wp-content\/uploads\/2019\/11\/arnaud-jaegers-IBWJsMObnnU-unsplash.jpg\",\"datePublished\":\"2019-11-07T08:18:08+00:00\",\"dateModified\":\"2019-11-07T10:21:17+00:00\",\"author\":{\"@id\":\"https:\/\/www.sotrender.com\/blog\/#\/schema\/person\/038ac5e276c5d102d8cbb9c36cd43416\"},\"description\":\"Za nami bardzo intensywny miesi\u0105c. Odby\u0142y si\u0119 wybory parlamentarne, a konto naszego kraju zosta\u0142o zasilone kolejn\u0105 nagrod\u0105 Nobla.\",\"breadcrumb\":{\"@id\":\"https:\/\/www.sotrender.com\/blog\/pl\/2019\/11\/facebook-trends-pazdziernik-2019-wybory\/#breadcrumb\"},\"inLanguage\":\"pl-PL\",\"potentialAction\":[{\"@type\":\"ReadAction\",\"target\":[\"https:\/\/www.sotrender.com\/blog\/pl\/2019\/11\/facebook-trends-pazdziernik-2019-wybory\/\"]}]},{\"@type\":\"ImageObject\",\"inLanguage\":\"pl-PL\",\"@id\":\"https:\/\/www.sotrender.com\/blog\/pl\/2019\/11\/facebook-trends-pazdziernik-2019-wybory\/#primaryimage\",\"url\":\"https:\/\/www.sotrender.com\/blog\/wp-content\/uploads\/2019\/11\/arnaud-jaegers-IBWJsMObnnU-unsplash.jpg\",\"contentUrl\":\"https:\/\/www.sotrender.com\/blog\/wp-content\/uploads\/2019\/11\/arnaud-jaegers-IBWJsMObnnU-unsplash.jpg\",\"width\":2500,\"height\":1666,\"caption\":\"wybory samorz\u0105dowe\"},{\"@type\":\"BreadcrumbList\",\"@id\":\"https:\/\/www.sotrender.com\/blog\/pl\/2019\/11\/facebook-trends-pazdziernik-2019-wybory\/#breadcrumb\",\"itemListElement\":[{\"@type\":\"ListItem\",\"position\":1,\"name\":\"Home\",\"item\":\"https:\/\/www.sotrender.com\/blog\/\"},{\"@type\":\"ListItem\",\"position\":2,\"name\":\"Facebook Trends pa\u017adziernik 2019 &#8211; na wybory\"}]},{\"@type\":\"WebSite\",\"@id\":\"https:\/\/www.sotrender.com\/blog\/#website\",\"url\":\"https:\/\/www.sotrender.com\/blog\/\",\"name\":\"Sotrender Blog\",\"description\":\"\",\"potentialAction\":[{\"@type\":\"SearchAction\",\"target\":{\"@type\":\"EntryPoint\",\"urlTemplate\":\"https:\/\/www.sotrender.com\/blog\/?s={search_term_string}\"},\"query-input\":\"required name=search_term_string\"}],\"inLanguage\":\"pl-PL\"},{\"@type\":\"Person\",\"@id\":\"https:\/\/www.sotrender.com\/blog\/#\/schema\/person\/038ac5e276c5d102d8cbb9c36cd43416\",\"name\":\"Klaudia \u017by\u0142ka\",\"image\":{\"@type\":\"ImageObject\",\"inLanguage\":\"pl-PL\",\"@id\":\"https:\/\/www.sotrender.com\/blog\/#\/schema\/person\/image\/\",\"url\":\"https:\/\/secure.gravatar.com\/avatar\/f55d5d49ce3c448e1ffde0ab078d84cd?s=96&d=mm&r=g\",\"contentUrl\":\"https:\/\/secure.gravatar.com\/avatar\/f55d5d49ce3c448e1ffde0ab078d84cd?s=96&d=mm&r=g\",\"caption\":\"Klaudia \u017by\u0142ka\"},\"description\":\"Instagram, dogs, books and food lover. Former student at Warsaw University and Malm\u00f6 University. Improving her marketing skills every day. Proud owner of DIMAQ certificate\",\"sameAs\":[\"https:\/\/www.linkedin.com\/in\/klaudia-\u017cy\u0142ka-17527779\"],\"url\":\"https:\/\/www.sotrender.com\/blog\/pl\/author\/klaudia_yka\/\"}]}<\/script>\n<!-- \/ Yoast SEO plugin. -->","yoast_head_json":{"title":"Facebook Trends pa\u017adziernik 2019 - na wybory | Sotrender blog","description":"Za nami bardzo intensywny miesi\u0105c. Odby\u0142y si\u0119 wybory parlamentarne, a konto naszego kraju zosta\u0142o zasilone kolejn\u0105 nagrod\u0105 Nobla.","robots":{"index":"index","follow":"follow","max-snippet":"max-snippet:-1","max-image-preview":"max-image-preview:large","max-video-preview":"max-video-preview:-1"},"canonical":"https:\/\/www.sotrender.com\/blog\/pl\/2019\/11\/facebook-trends-pazdziernik-2019-wybory\/","og_locale":"pl_PL","og_type":"article","og_title":"Facebook Trends pa\u017adziernik 2019 - na wybory | Sotrender blog","og_description":"Za nami bardzo intensywny miesi\u0105c. Odby\u0142y si\u0119 wybory parlamentarne, a konto naszego kraju zosta\u0142o zasilone kolejn\u0105 nagrod\u0105 Nobla.","og_url":"https:\/\/www.sotrender.com\/blog\/pl\/2019\/11\/facebook-trends-pazdziernik-2019-wybory\/","og_site_name":"Sotrender Blog","article_publisher":"https:\/\/www.facebook.com\/Sotrender","article_published_time":"2019-11-07T08:18:08+00:00","article_modified_time":"2019-11-07T10:21:17+00:00","og_image":[{"width":2500,"height":1666,"url":"https:\/\/www.sotrender.com\/blog\/wp-content\/uploads\/2019\/11\/arnaud-jaegers-IBWJsMObnnU-unsplash.jpg","type":"image\/jpeg"}],"author":"Klaudia \u017by\u0142ka","twitter_card":"summary_large_image","twitter_creator":"@Sotrender","twitter_site":"@Sotrender","twitter_misc":{"Written by":"Klaudia \u017by\u0142ka","Est. reading time":"3 minutes"},"schema":{"@context":"https:\/\/schema.org","@graph":[{"@type":"WebPage","@id":"https:\/\/www.sotrender.com\/blog\/pl\/2019\/11\/facebook-trends-pazdziernik-2019-wybory\/","url":"https:\/\/www.sotrender.com\/blog\/pl\/2019\/11\/facebook-trends-pazdziernik-2019-wybory\/","name":"Facebook Trends pa\u017adziernik 2019 - na wybory | Sotrender blog","isPartOf":{"@id":"https:\/\/www.sotrender.com\/blog\/#website"},"primaryImageOfPage":{"@id":"https:\/\/www.sotrender.com\/blog\/pl\/2019\/11\/facebook-trends-pazdziernik-2019-wybory\/#primaryimage"},"image":{"@id":"https:\/\/www.sotrender.com\/blog\/pl\/2019\/11\/facebook-trends-pazdziernik-2019-wybory\/#primaryimage"},"thumbnailUrl":"https:\/\/www.sotrender.com\/blog\/wp-content\/uploads\/2019\/11\/arnaud-jaegers-IBWJsMObnnU-unsplash.jpg","datePublished":"2019-11-07T08:18:08+00:00","dateModified":"2019-11-07T10:21:17+00:00","author":{"@id":"https:\/\/www.sotrender.com\/blog\/#\/schema\/person\/038ac5e276c5d102d8cbb9c36cd43416"},"description":"Za nami bardzo intensywny miesi\u0105c. Odby\u0142y si\u0119 wybory parlamentarne, a konto naszego kraju zosta\u0142o zasilone kolejn\u0105 nagrod\u0105 Nobla.","breadcrumb":{"@id":"https:\/\/www.sotrender.com\/blog\/pl\/2019\/11\/facebook-trends-pazdziernik-2019-wybory\/#breadcrumb"},"inLanguage":"pl-PL","potentialAction":[{"@type":"ReadAction","target":["https:\/\/www.sotrender.com\/blog\/pl\/2019\/11\/facebook-trends-pazdziernik-2019-wybory\/"]}]},{"@type":"ImageObject","inLanguage":"pl-PL","@id":"https:\/\/www.sotrender.com\/blog\/pl\/2019\/11\/facebook-trends-pazdziernik-2019-wybory\/#primaryimage","url":"https:\/\/www.sotrender.com\/blog\/wp-content\/uploads\/2019\/11\/arnaud-jaegers-IBWJsMObnnU-unsplash.jpg","contentUrl":"https:\/\/www.sotrender.com\/blog\/wp-content\/uploads\/2019\/11\/arnaud-jaegers-IBWJsMObnnU-unsplash.jpg","width":2500,"height":1666,"caption":"wybory samorz\u0105dowe"},{"@type":"BreadcrumbList","@id":"https:\/\/www.sotrender.com\/blog\/pl\/2019\/11\/facebook-trends-pazdziernik-2019-wybory\/#breadcrumb","itemListElement":[{"@type":"ListItem","position":1,"name":"Home","item":"https:\/\/www.sotrender.com\/blog\/"},{"@type":"ListItem","position":2,"name":"Facebook Trends pa\u017adziernik 2019 &#8211; na wybory"}]},{"@type":"WebSite","@id":"https:\/\/www.sotrender.com\/blog\/#website","url":"https:\/\/www.sotrender.com\/blog\/","name":"Sotrender Blog","description":"","potentialAction":[{"@type":"SearchAction","target":{"@type":"EntryPoint","urlTemplate":"https:\/\/www.sotrender.com\/blog\/?s={search_term_string}"},"query-input":"required name=search_term_string"}],"inLanguage":"pl-PL"},{"@type":"Person","@id":"https:\/\/www.sotrender.com\/blog\/#\/schema\/person\/038ac5e276c5d102d8cbb9c36cd43416","name":"Klaudia \u017by\u0142ka","image":{"@type":"ImageObject","inLanguage":"pl-PL","@id":"https:\/\/www.sotrender.com\/blog\/#\/schema\/person\/image\/","url":"https:\/\/secure.gravatar.com\/avatar\/f55d5d49ce3c448e1ffde0ab078d84cd?s=96&d=mm&r=g","contentUrl":"https:\/\/secure.gravatar.com\/avatar\/f55d5d49ce3c448e1ffde0ab078d84cd?s=96&d=mm&r=g","caption":"Klaudia \u017by\u0142ka"},"description":"Instagram, dogs, books and food lover. Former student at Warsaw University and Malm\u00f6 University. Improving her marketing skills every day. Proud owner of DIMAQ certificate","sameAs":["https:\/\/www.linkedin.com\/in\/klaudia-\u017cy\u0142ka-17527779"],"url":"https:\/\/www.sotrender.com\/blog\/pl\/author\/klaudia_yka\/"}]}},"_links":{"self":[{"href":"https:\/\/www.sotrender.com\/blog\/pl\/wp-json\/wp\/v2\/posts\/38781"}],"collection":[{"href":"https:\/\/www.sotrender.com\/blog\/pl\/wp-json\/wp\/v2\/posts"}],"about":[{"href":"https:\/\/www.sotrender.com\/blog\/pl\/wp-json\/wp\/v2\/types\/post"}],"author":[{"embeddable":true,"href":"https:\/\/www.sotrender.com\/blog\/pl\/wp-json\/wp\/v2\/users\/89"}],"replies":[{"embeddable":true,"href":"https:\/\/www.sotrender.com\/blog\/pl\/wp-json\/wp\/v2\/comments?post=38781"}],"version-history":[{"count":12,"href":"https:\/\/www.sotrender.com\/blog\/pl\/wp-json\/wp\/v2\/posts\/38781\/revisions"}],"predecessor-version":[{"id":38815,"href":"https:\/\/www.sotrender.com\/blog\/pl\/wp-json\/wp\/v2\/posts\/38781\/revisions\/38815"}],"wp:featuredmedia":[{"embeddable":true,"href":"https:\/\/www.sotrender.com\/blog\/pl\/wp-json\/wp\/v2\/media\/38783"}],"wp:attachment":[{"href":"https:\/\/www.sotrender.com\/blog\/pl\/wp-json\/wp\/v2\/media?parent=38781"}],"wp:term":[{"taxonomy":"category","embeddable":true,"href":"https:\/\/www.sotrender.com\/blog\/pl\/wp-json\/wp\/v2\/categories?post=38781"},{"taxonomy":"post_tag","embeddable":true,"href":"https:\/\/www.sotrender.com\/blog\/pl\/wp-json\/wp\/v2\/tags?post=38781"}],"curies":[{"name":"wp","href":"https:\/\/api.w.org\/{rel}","templated":true}]}}