{"id":38503,"date":"2019-10-07T12:51:14","date_gmt":"2019-10-07T10:51:14","guid":{"rendered":"https:\/\/www.sotrender.com\/blog\/?p=38503\/"},"modified":"2019-10-07T12:51:14","modified_gmt":"2019-10-07T10:51:14","slug":"facebook-trends-wrzesien-2019","status":"publish","type":"post","link":"https:\/\/www.sotrender.com\/blog\/pl\/2019\/10\/facebook-trends-wrzesien-2019\/","title":{"rendered":"Facebook Trends wrzesie\u0144 2019 &#8211; jesienne przyjemno\u015bci i obowi\u0105zki"},"content":{"rendered":"<p><span style=\"font-weight: 400;\">Wraz z pocz\u0105tkiem wrze\u015bnia odnotowali\u015bmy zwi\u0119kszone zainteresowanie profilem Matura To Bzdura, co ewidentnie zwiastuje pocz\u0105tek nowego roku szkolnego.\u00a0<\/span><\/p>\n<p><span style=\"font-weight: 400;\">Witamy w pa\u017adzierniku i <a href=\"https:\/\/www.sotrender.com\/trends\/facebook\/poland\/201909\">podsumowujemy wrzesie\u0144 na polskim Facebooku<\/a>. Je\u015bli jeste\u015bcie ciekawi, czy facebookowicze \u017cyli czym\u015b wi\u0119cej ni\u017c przej\u015bciem (tymczasowym?) Filipa Chajzera na wegetarianizm, to znale\u017ali\u015bcie si\u0119 w dobrym miejscu \ud83d\ude09\u00a0<\/span><\/p>\n<h2><strong>Niezast\u0105piony Podsiad\u0142o<\/strong><\/h2>\n<p><span style=\"font-weight: 400;\">Dawid Podsiad\u0142o wci\u0105\u017c jest jednym z najgor\u0119tszych nazwisk na polskiej sceny muzycznej. Koncert, kt\u00f3ry zorganizowa\u0142 wraz z Taco Hemingwayem pod koniec wrze\u015bnia na Stadionie Narodowym, by\u0142 niezapomnianym wydarzeniem dla fan\u00f3w obydwu artyst\u00f3w. Zachwyt\u00f3w nad koncertem nie by\u0142o ko\u0144ca, wynikiem czego Podsiad\u0142o odnotowa\u0142 na swoim profilu przyrost zaanga\u017cowania o ponad 1000%.\u00a0<\/span><\/p>\n<div id=\"attachment_38507\" style=\"width: 812px\" class=\"wp-caption aligncenter\"><img loading=\"lazy\" decoding=\"async\" aria-describedby=\"caption-attachment-38507\" class=\" wp-image-38507\" src=\"https:\/\/www.sotrender.com\/blog\/wp-content\/uploads\/2019\/10\/Zrzut-ekranu-2019-10-3-o-13.15.53.png\" alt=\"dawid podsiad\u0142o facebook\" width=\"802\" height=\"183\" srcset=\"https:\/\/www.sotrender.com\/blog\/wp-content\/uploads\/2019\/10\/Zrzut-ekranu-2019-10-3-o-13.15.53.png 984w, https:\/\/www.sotrender.com\/blog\/wp-content\/uploads\/2019\/10\/Zrzut-ekranu-2019-10-3-o-13.15.53-475x108.png 475w, https:\/\/www.sotrender.com\/blog\/wp-content\/uploads\/2019\/10\/Zrzut-ekranu-2019-10-3-o-13.15.53-768x175.png 768w, https:\/\/www.sotrender.com\/blog\/wp-content\/uploads\/2019\/10\/Zrzut-ekranu-2019-10-3-o-13.15.53-950x216.png 950w\" sizes=\"(max-width: 802px) 100vw, 802px\" \/><p id=\"caption-attachment-38507\" class=\"wp-caption-text\">Profile o najwi\u0119kszym zaanga\u017cowaniu <a href=\"https:\/\/www.sotrender.com\/trends\/facebook\/poland\/201909\/kultura\/muzyka\">w kategorii Muzyka<\/a>, wrzesie\u0144 2019<\/p><\/div>\n<p><span style=\"font-weight: 400;\">Ju\u017c pierwsze zdj\u0119cia z sobotniego wieczoru, kt\u00f3re Dawid opublikowa\u0142 na swoim profilu, zagwarantowa\u0142y mu miejsce w TOP3 najlepszych post\u00f3w miesi\u0105ca <a href=\"https:\/\/www.sotrender.com\/trends\/facebook\/poland\/201909\/kultura\/muzyka\">w kategorii Muzyka<\/a>.\u00a0<\/span><\/p>\n<div id=\"attachment_38509\" style=\"width: 811px\" class=\"wp-caption aligncenter\"><img loading=\"lazy\" decoding=\"async\" aria-describedby=\"caption-attachment-38509\" class=\" wp-image-38509\" src=\"https:\/\/www.sotrender.com\/blog\/wp-content\/uploads\/2019\/10\/Zrzut-ekranu-2019-10-3-o-13.32.12.png\" alt=\"dawid podsiad\u0142o koncert \" width=\"801\" height=\"384\" srcset=\"https:\/\/www.sotrender.com\/blog\/wp-content\/uploads\/2019\/10\/Zrzut-ekranu-2019-10-3-o-13.32.12.png 965w, https:\/\/www.sotrender.com\/blog\/wp-content\/uploads\/2019\/10\/Zrzut-ekranu-2019-10-3-o-13.32.12-475x227.png 475w, https:\/\/www.sotrender.com\/blog\/wp-content\/uploads\/2019\/10\/Zrzut-ekranu-2019-10-3-o-13.32.12-768x368.png 768w, https:\/\/www.sotrender.com\/blog\/wp-content\/uploads\/2019\/10\/Zrzut-ekranu-2019-10-3-o-13.32.12-950x455.png 950w\" sizes=\"(max-width: 801px) 100vw, 801px\" \/><p id=\"caption-attachment-38509\" class=\"wp-caption-text\">Najlepsze posty <a href=\"https:\/\/www.sotrender.com\/trends\/facebook\/poland\/201909\/kultura\/muzyka\">w kategorii Muzyka<\/a>, wrzesie\u0144 2019<\/p><\/div>\n<h2><strong>Ci\u0105g dalszy kampanii wyborczej<\/strong><\/h2>\n<p><span style=\"font-weight: 400;\">We wrze\u015bniowych Trendsach nie mo\u017cemy pomin\u0105\u0107 tematu zbli\u017caj\u0105cych si\u0119 wybor\u00f3w do Sejmu i Senatu.\u00a0<\/span><\/p>\n<p><span style=\"font-weight: 400;\">Numerem jeden na Facebooku zar\u00f3wno pod wzgl\u0119dem zaanga\u017cowania jak i liczby aktywnych u\u017cytkownik\u00f3w by\u0142a we wrze\u015bniu Platforma Obywatelska, a drugie miejsce w obydwu przypadkach nale\u017ca\u0142o do Prawa i Sprawiedliwo\u015bci.\u00a0<\/span><\/p>\n<div id=\"attachment_38511\" style=\"width: 812px\" class=\"wp-caption aligncenter\"><img loading=\"lazy\" decoding=\"async\" aria-describedby=\"caption-attachment-38511\" class=\" wp-image-38511\" src=\"https:\/\/www.sotrender.com\/blog\/wp-content\/uploads\/2019\/10\/Zrzut-ekranu-2019-10-7-o-11.08.03.png\" alt=\"partie polityczne zaanga\u017cowanie\" width=\"802\" height=\"246\" srcset=\"https:\/\/www.sotrender.com\/blog\/wp-content\/uploads\/2019\/10\/Zrzut-ekranu-2019-10-7-o-11.08.03.png 973w, https:\/\/www.sotrender.com\/blog\/wp-content\/uploads\/2019\/10\/Zrzut-ekranu-2019-10-7-o-11.08.03-475x145.png 475w, https:\/\/www.sotrender.com\/blog\/wp-content\/uploads\/2019\/10\/Zrzut-ekranu-2019-10-7-o-11.08.03-768x235.png 768w, https:\/\/www.sotrender.com\/blog\/wp-content\/uploads\/2019\/10\/Zrzut-ekranu-2019-10-7-o-11.08.03-950x291.png 950w\" sizes=\"(max-width: 802px) 100vw, 802px\" \/><p id=\"caption-attachment-38511\" class=\"wp-caption-text\"><a href=\"https:\/\/www.sotrender.com\/trends\/facebook\/poland\/201909\/polityka\/partie_polityczne\">Partie polityczne<\/a> o najwi\u0119kszym zaanga\u017cowaniu na Facebooku, wrzesie\u0144 2019<\/p><\/div>\n<p><span style=\"font-weight: 400;\">Z kolei w zestawieniu najlepszych post\u00f3w <a href=\"https:\/\/www.sotrender.com\/trends\/facebook\/poland\/201909\/polityka\/partie_polityczne\">w kategorii Parte polityczne<\/a><\/span><span style=\"font-weight: 400;\">\u00a0<\/span><span style=\"font-weight: 400;\">przodowa\u0142 Tw\u00f3j Ruch. Kolejne 3 kreacje nale\u017ca\u0142y do Platformy Obywatelskiej.\u00a0<\/span><\/p>\n<div id=\"attachment_38513\" style=\"width: 809px\" class=\"wp-caption aligncenter\"><img loading=\"lazy\" decoding=\"async\" aria-describedby=\"caption-attachment-38513\" class=\" wp-image-38513\" src=\"https:\/\/www.sotrender.com\/blog\/wp-content\/uploads\/2019\/10\/Zrzut-ekranu-2019-10-3-o-10.57.56.png\" alt=\"partie polityczne wybory facebook\" width=\"799\" height=\"724\" srcset=\"https:\/\/www.sotrender.com\/blog\/wp-content\/uploads\/2019\/10\/Zrzut-ekranu-2019-10-3-o-10.57.56.png 956w, https:\/\/www.sotrender.com\/blog\/wp-content\/uploads\/2019\/10\/Zrzut-ekranu-2019-10-3-o-10.57.56-475x430.png 475w, https:\/\/www.sotrender.com\/blog\/wp-content\/uploads\/2019\/10\/Zrzut-ekranu-2019-10-3-o-10.57.56-768x696.png 768w, https:\/\/www.sotrender.com\/blog\/wp-content\/uploads\/2019\/10\/Zrzut-ekranu-2019-10-3-o-10.57.56-950x861.png 950w\" sizes=\"(max-width: 799px) 100vw, 799px\" \/><p id=\"caption-attachment-38513\" class=\"wp-caption-text\">Najlepsze posty <a href=\"https:\/\/www.sotrender.com\/trends\/facebook\/poland\/201909\/polityka\/partie_polityczne\">w kategorii Partie polityczne<\/a> we wrze\u015bniu 2019 na Facebooku<\/p><\/div>\n<p><b><i>Nie zapomnijcie, wybory ju\u017c w najbli\u017csz\u0105 niedziel\u0119, 13 pa\u017adziernika!\u00a0<\/i><\/b><\/p>\n<h2><strong>Spraw, by Twoi fani mieli na co czeka\u0107<\/strong><\/h2>\n<p><span style=\"font-weight: 400;\">We wrze\u015bniu w kategorii FMCG jednym z najwi\u0119kszych przyrost\u00f3w w zaanga\u017cowaniu mo\u017ce pochwali\u0107 si\u0119 Rossmann. Z pewno\u015bci\u0105 by\u0142o to zwi\u0105zane z coroczn\u0105, zawsze wyczekiwan\u0105, akcj\u0105 promocyjn\u0105 na kosmetyki do makija\u017cu. Cho\u0107 \u017caden post marki nie znalaz\u0142 si\u0119 w\u015br\u00f3d najlepszych post\u00f3w miesi\u0105ca <a href=\"https:\/\/www.sotrender.com\/trends\/facebook\/poland\/201909\/fmcg\">w kategorii FMCG<\/a>, zaanga\u017cowanie pod wszystkimi tre\u015bciami zagwarantowa\u0142o Rossmannowi awans a\u017c o 40% pozycji w rankingu.\u00a0<\/span><\/p>\n<div id=\"attachment_38515\" style=\"width: 810px\" class=\"wp-caption aligncenter\"><img loading=\"lazy\" decoding=\"async\" aria-describedby=\"caption-attachment-38515\" class=\" wp-image-38515\" src=\"https:\/\/www.sotrender.com\/blog\/wp-content\/uploads\/2019\/10\/Zrzut-ekranu-2019-10-3-o-14.07.42.png\" alt=\"rossmann polska facebook\" width=\"800\" height=\"455\" srcset=\"https:\/\/www.sotrender.com\/blog\/wp-content\/uploads\/2019\/10\/Zrzut-ekranu-2019-10-3-o-14.07.42.png 972w, https:\/\/www.sotrender.com\/blog\/wp-content\/uploads\/2019\/10\/Zrzut-ekranu-2019-10-3-o-14.07.42-475x270.png 475w, https:\/\/www.sotrender.com\/blog\/wp-content\/uploads\/2019\/10\/Zrzut-ekranu-2019-10-3-o-14.07.42-768x437.png 768w, https:\/\/www.sotrender.com\/blog\/wp-content\/uploads\/2019\/10\/Zrzut-ekranu-2019-10-3-o-14.07.42-950x540.png 950w\" sizes=\"(max-width: 800px) 100vw, 800px\" \/><p id=\"caption-attachment-38515\" class=\"wp-caption-text\">Profile <a href=\"https:\/\/www.sotrender.com\/trends\/facebook\/poland\/201909\/fmcg\">w kategorii FMCG<\/a> o najwi\u0119kszym zaanga\u017cowaniu na Facebooku, wrzesie\u0144 2019<\/p><\/div>\n<h2><strong>Facebook Trends wrzesie\u0144 2019\u00a0<\/strong><\/h2>\n<p><span style=\"font-weight: 400;\">Je\u015bli jeste\u015bcie typem kanapowych ogl\u0105daczy telewizji, niezale\u017cnie czy wydarze\u0144 sportowych,\u00a0 czy wszelakich program\u00f3w telewizyjnych, w najnowszych Trendsach r\u00f3wnie\u017c znajdziecie co\u015b dla siebie.\u00a0<\/span><\/p>\n<p><span style=\"font-weight: 400;\">W ko\u0144cu we wrze\u015bniu Polscy siatkarze zdobyli br\u0105zowy medal Mistrzostw Europy, a stacje telewizyjne wypu\u015bci\u0142y zupe\u0142nie nowe, jak i dobrze ju\u017c znane, programy, kt\u00f3re przynios\u0142y im wzrost popularno\u015bci w\u015br\u00f3d fan\u00f3w.\u00a0<\/span><\/p>\n<p><span style=\"font-weight: 400;\">Niezale\u017cnie, kt\u00f3ra kategoria w Trendsach powoduje wypieki na Waszych twarzach, wszystkie znajdziecie <a href=\"https:\/\/www.sotrender.com\/trends\/facebook\/poland\/201909\">w pe\u0142nym wydaniu raportu Facebook Trends<\/a>! \ud83d\ude09\u00a0<\/span><\/p>\n<p>&nbsp;<\/p>\n","protected":false},"excerpt":{"rendered":"<p>Wraz z pocz\u0105tkiem wrze\u015bnia odnotowali\u015bmy zwi\u0119kszone zainteresowanie profilem Matura To Bzdura, co ewidentnie zwiastuje pocz\u0105tek nowego roku szkolnego.\u00a0 Witamy w pa\u017adzierniku i podsumowujemy wrzesie\u0144 na polskim Facebooku. Je\u015bli jeste\u015bcie ciekawi, czy facebookowicze \u017cyli czym\u015b wi\u0119cej ni\u017c przej\u015bciem (tymczasowym?) Filipa Chajzera na wegetarianizm, to znale\u017ali\u015bcie si\u0119 w dobrym miejscu \ud83d\ude09\u00a0 Niezast\u0105piony Podsiad\u0142o Dawid Podsiad\u0142o wci\u0105\u017c jest [&hellip;]<\/p>\n","protected":false},"author":89,"featured_media":38505,"comment_status":"open","ping_status":"open","sticky":false,"template":"","format":"standard","meta":{"inline_featured_image":false,"footnotes":""},"categories":[1791,1797,2125],"tags":[1749,1843,1901,2001,2307,2495],"yoast_head":"<!-- This site is optimized with the Yoast SEO plugin v22.4 - https:\/\/yoast.com\/wordpress\/plugins\/seo\/ -->\n<title>Facebook Trends wrzesie\u0144 2019 - jesienne przyjemno\u015bci i obowi\u0105zki<\/title>\n<meta name=\"description\" content=\"Je\u015bli jeste\u015bcie ciekawi, czy facebookowicze \u017cyli we wrze\u015bniu czym\u015b wi\u0119cej ni\u017c przej\u015bciem Filipa Chajzera na wegetarianizm, znale\u017ali\u015bcie si\u0119 w dobrym miejscu\" \/>\n<meta name=\"robots\" content=\"index, follow, max-snippet:-1, max-image-preview:large, max-video-preview:-1\" \/>\n<link rel=\"canonical\" href=\"https:\/\/www.sotrender.com\/blog\/pl\/2019\/10\/facebook-trends-wrzesien-2019\/\" \/>\n<meta property=\"og:locale\" content=\"pl_PL\" \/>\n<meta property=\"og:type\" content=\"article\" \/>\n<meta property=\"og:title\" content=\"Facebook Trends wrzesie\u0144 2019 - jesienne przyjemno\u015bci i obowi\u0105zki\" \/>\n<meta property=\"og:description\" content=\"Je\u015bli jeste\u015bcie ciekawi, czy facebookowicze \u017cyli we wrze\u015bniu czym\u015b wi\u0119cej ni\u017c przej\u015bciem Filipa Chajzera na wegetarianizm, znale\u017ali\u015bcie si\u0119 w dobrym miejscu\" \/>\n<meta property=\"og:url\" content=\"https:\/\/www.sotrender.com\/blog\/pl\/2019\/10\/facebook-trends-wrzesien-2019\/\" \/>\n<meta property=\"og:site_name\" content=\"Sotrender Blog\" \/>\n<meta property=\"article:publisher\" content=\"https:\/\/www.facebook.com\/Sotrender\" \/>\n<meta property=\"article:published_time\" content=\"2019-10-07T10:51:14+00:00\" \/>\n<meta property=\"og:image\" content=\"https:\/\/www.sotrender.com\/blog\/wp-content\/uploads\/2019\/10\/alex-suprun-aWHpV-ocThE-unsplash.jpg\" \/>\n\t<meta property=\"og:image:width\" content=\"2700\" \/>\n\t<meta property=\"og:image:height\" content=\"1800\" \/>\n\t<meta property=\"og:image:type\" content=\"image\/jpeg\" \/>\n<meta name=\"author\" content=\"Klaudia \u017by\u0142ka\" \/>\n<meta name=\"twitter:card\" content=\"summary_large_image\" \/>\n<meta name=\"twitter:creator\" content=\"@Sotrender\" \/>\n<meta name=\"twitter:site\" content=\"@Sotrender\" \/>\n<meta name=\"twitter:label1\" content=\"Written by\" \/>\n\t<meta name=\"twitter:data1\" content=\"Klaudia \u017by\u0142ka\" \/>\n\t<meta name=\"twitter:label2\" content=\"Est. reading time\" \/>\n\t<meta name=\"twitter:data2\" content=\"3 minutes\" \/>\n<script type=\"application\/ld+json\" class=\"yoast-schema-graph\">{\"@context\":\"https:\/\/schema.org\",\"@graph\":[{\"@type\":\"WebPage\",\"@id\":\"https:\/\/www.sotrender.com\/blog\/pl\/2019\/10\/facebook-trends-wrzesien-2019\/\",\"url\":\"https:\/\/www.sotrender.com\/blog\/pl\/2019\/10\/facebook-trends-wrzesien-2019\/\",\"name\":\"Facebook Trends wrzesie\u0144 2019 - jesienne przyjemno\u015bci i obowi\u0105zki\",\"isPartOf\":{\"@id\":\"https:\/\/www.sotrender.com\/blog\/#website\"},\"primaryImageOfPage\":{\"@id\":\"https:\/\/www.sotrender.com\/blog\/pl\/2019\/10\/facebook-trends-wrzesien-2019\/#primaryimage\"},\"image\":{\"@id\":\"https:\/\/www.sotrender.com\/blog\/pl\/2019\/10\/facebook-trends-wrzesien-2019\/#primaryimage\"},\"thumbnailUrl\":\"https:\/\/www.sotrender.com\/blog\/wp-content\/uploads\/2019\/10\/alex-suprun-aWHpV-ocThE-unsplash.jpg\",\"datePublished\":\"2019-10-07T10:51:14+00:00\",\"dateModified\":\"2019-10-07T10:51:14+00:00\",\"author\":{\"@id\":\"https:\/\/www.sotrender.com\/blog\/#\/schema\/person\/038ac5e276c5d102d8cbb9c36cd43416\"},\"description\":\"Je\u015bli jeste\u015bcie ciekawi, czy facebookowicze \u017cyli we wrze\u015bniu czym\u015b wi\u0119cej ni\u017c przej\u015bciem Filipa Chajzera na wegetarianizm, znale\u017ali\u015bcie si\u0119 w dobrym miejscu\",\"breadcrumb\":{\"@id\":\"https:\/\/www.sotrender.com\/blog\/pl\/2019\/10\/facebook-trends-wrzesien-2019\/#breadcrumb\"},\"inLanguage\":\"pl-PL\",\"potentialAction\":[{\"@type\":\"ReadAction\",\"target\":[\"https:\/\/www.sotrender.com\/blog\/pl\/2019\/10\/facebook-trends-wrzesien-2019\/\"]}]},{\"@type\":\"ImageObject\",\"inLanguage\":\"pl-PL\",\"@id\":\"https:\/\/www.sotrender.com\/blog\/pl\/2019\/10\/facebook-trends-wrzesien-2019\/#primaryimage\",\"url\":\"https:\/\/www.sotrender.com\/blog\/wp-content\/uploads\/2019\/10\/alex-suprun-aWHpV-ocThE-unsplash.jpg\",\"contentUrl\":\"https:\/\/www.sotrender.com\/blog\/wp-content\/uploads\/2019\/10\/alex-suprun-aWHpV-ocThE-unsplash.jpg\",\"width\":2700,\"height\":1800},{\"@type\":\"BreadcrumbList\",\"@id\":\"https:\/\/www.sotrender.com\/blog\/pl\/2019\/10\/facebook-trends-wrzesien-2019\/#breadcrumb\",\"itemListElement\":[{\"@type\":\"ListItem\",\"position\":1,\"name\":\"Home\",\"item\":\"https:\/\/www.sotrender.com\/blog\/\"},{\"@type\":\"ListItem\",\"position\":2,\"name\":\"Facebook Trends wrzesie\u0144 2019 &#8211; jesienne przyjemno\u015bci i obowi\u0105zki\"}]},{\"@type\":\"WebSite\",\"@id\":\"https:\/\/www.sotrender.com\/blog\/#website\",\"url\":\"https:\/\/www.sotrender.com\/blog\/\",\"name\":\"Sotrender Blog\",\"description\":\"\",\"potentialAction\":[{\"@type\":\"SearchAction\",\"target\":{\"@type\":\"EntryPoint\",\"urlTemplate\":\"https:\/\/www.sotrender.com\/blog\/?s={search_term_string}\"},\"query-input\":\"required name=search_term_string\"}],\"inLanguage\":\"pl-PL\"},{\"@type\":\"Person\",\"@id\":\"https:\/\/www.sotrender.com\/blog\/#\/schema\/person\/038ac5e276c5d102d8cbb9c36cd43416\",\"name\":\"Klaudia \u017by\u0142ka\",\"image\":{\"@type\":\"ImageObject\",\"inLanguage\":\"pl-PL\",\"@id\":\"https:\/\/www.sotrender.com\/blog\/#\/schema\/person\/image\/\",\"url\":\"https:\/\/secure.gravatar.com\/avatar\/f55d5d49ce3c448e1ffde0ab078d84cd?s=96&d=mm&r=g\",\"contentUrl\":\"https:\/\/secure.gravatar.com\/avatar\/f55d5d49ce3c448e1ffde0ab078d84cd?s=96&d=mm&r=g\",\"caption\":\"Klaudia \u017by\u0142ka\"},\"description\":\"Instagram, dogs, books and food lover. Former student at Warsaw University and Malm\u00f6 University. Improving her marketing skills every day. Proud owner of DIMAQ certificate\",\"sameAs\":[\"https:\/\/www.linkedin.com\/in\/klaudia-\u017cy\u0142ka-17527779\"],\"url\":\"https:\/\/www.sotrender.com\/blog\/pl\/author\/klaudia_yka\/\"}]}<\/script>\n<!-- \/ Yoast SEO plugin. -->","yoast_head_json":{"title":"Facebook Trends wrzesie\u0144 2019 - jesienne przyjemno\u015bci i obowi\u0105zki","description":"Je\u015bli jeste\u015bcie ciekawi, czy facebookowicze \u017cyli we wrze\u015bniu czym\u015b wi\u0119cej ni\u017c przej\u015bciem Filipa Chajzera na wegetarianizm, znale\u017ali\u015bcie si\u0119 w dobrym miejscu","robots":{"index":"index","follow":"follow","max-snippet":"max-snippet:-1","max-image-preview":"max-image-preview:large","max-video-preview":"max-video-preview:-1"},"canonical":"https:\/\/www.sotrender.com\/blog\/pl\/2019\/10\/facebook-trends-wrzesien-2019\/","og_locale":"pl_PL","og_type":"article","og_title":"Facebook Trends wrzesie\u0144 2019 - jesienne przyjemno\u015bci i obowi\u0105zki","og_description":"Je\u015bli jeste\u015bcie ciekawi, czy facebookowicze \u017cyli we wrze\u015bniu czym\u015b wi\u0119cej ni\u017c przej\u015bciem Filipa Chajzera na wegetarianizm, znale\u017ali\u015bcie si\u0119 w dobrym miejscu","og_url":"https:\/\/www.sotrender.com\/blog\/pl\/2019\/10\/facebook-trends-wrzesien-2019\/","og_site_name":"Sotrender Blog","article_publisher":"https:\/\/www.facebook.com\/Sotrender","article_published_time":"2019-10-07T10:51:14+00:00","og_image":[{"width":2700,"height":1800,"url":"https:\/\/www.sotrender.com\/blog\/wp-content\/uploads\/2019\/10\/alex-suprun-aWHpV-ocThE-unsplash.jpg","type":"image\/jpeg"}],"author":"Klaudia \u017by\u0142ka","twitter_card":"summary_large_image","twitter_creator":"@Sotrender","twitter_site":"@Sotrender","twitter_misc":{"Written by":"Klaudia \u017by\u0142ka","Est. reading time":"3 minutes"},"schema":{"@context":"https:\/\/schema.org","@graph":[{"@type":"WebPage","@id":"https:\/\/www.sotrender.com\/blog\/pl\/2019\/10\/facebook-trends-wrzesien-2019\/","url":"https:\/\/www.sotrender.com\/blog\/pl\/2019\/10\/facebook-trends-wrzesien-2019\/","name":"Facebook Trends wrzesie\u0144 2019 - jesienne przyjemno\u015bci i obowi\u0105zki","isPartOf":{"@id":"https:\/\/www.sotrender.com\/blog\/#website"},"primaryImageOfPage":{"@id":"https:\/\/www.sotrender.com\/blog\/pl\/2019\/10\/facebook-trends-wrzesien-2019\/#primaryimage"},"image":{"@id":"https:\/\/www.sotrender.com\/blog\/pl\/2019\/10\/facebook-trends-wrzesien-2019\/#primaryimage"},"thumbnailUrl":"https:\/\/www.sotrender.com\/blog\/wp-content\/uploads\/2019\/10\/alex-suprun-aWHpV-ocThE-unsplash.jpg","datePublished":"2019-10-07T10:51:14+00:00","dateModified":"2019-10-07T10:51:14+00:00","author":{"@id":"https:\/\/www.sotrender.com\/blog\/#\/schema\/person\/038ac5e276c5d102d8cbb9c36cd43416"},"description":"Je\u015bli jeste\u015bcie ciekawi, czy facebookowicze \u017cyli we wrze\u015bniu czym\u015b wi\u0119cej ni\u017c przej\u015bciem Filipa Chajzera na wegetarianizm, znale\u017ali\u015bcie si\u0119 w dobrym miejscu","breadcrumb":{"@id":"https:\/\/www.sotrender.com\/blog\/pl\/2019\/10\/facebook-trends-wrzesien-2019\/#breadcrumb"},"inLanguage":"pl-PL","potentialAction":[{"@type":"ReadAction","target":["https:\/\/www.sotrender.com\/blog\/pl\/2019\/10\/facebook-trends-wrzesien-2019\/"]}]},{"@type":"ImageObject","inLanguage":"pl-PL","@id":"https:\/\/www.sotrender.com\/blog\/pl\/2019\/10\/facebook-trends-wrzesien-2019\/#primaryimage","url":"https:\/\/www.sotrender.com\/blog\/wp-content\/uploads\/2019\/10\/alex-suprun-aWHpV-ocThE-unsplash.jpg","contentUrl":"https:\/\/www.sotrender.com\/blog\/wp-content\/uploads\/2019\/10\/alex-suprun-aWHpV-ocThE-unsplash.jpg","width":2700,"height":1800},{"@type":"BreadcrumbList","@id":"https:\/\/www.sotrender.com\/blog\/pl\/2019\/10\/facebook-trends-wrzesien-2019\/#breadcrumb","itemListElement":[{"@type":"ListItem","position":1,"name":"Home","item":"https:\/\/www.sotrender.com\/blog\/"},{"@type":"ListItem","position":2,"name":"Facebook Trends wrzesie\u0144 2019 &#8211; jesienne przyjemno\u015bci i obowi\u0105zki"}]},{"@type":"WebSite","@id":"https:\/\/www.sotrender.com\/blog\/#website","url":"https:\/\/www.sotrender.com\/blog\/","name":"Sotrender Blog","description":"","potentialAction":[{"@type":"SearchAction","target":{"@type":"EntryPoint","urlTemplate":"https:\/\/www.sotrender.com\/blog\/?s={search_term_string}"},"query-input":"required name=search_term_string"}],"inLanguage":"pl-PL"},{"@type":"Person","@id":"https:\/\/www.sotrender.com\/blog\/#\/schema\/person\/038ac5e276c5d102d8cbb9c36cd43416","name":"Klaudia \u017by\u0142ka","image":{"@type":"ImageObject","inLanguage":"pl-PL","@id":"https:\/\/www.sotrender.com\/blog\/#\/schema\/person\/image\/","url":"https:\/\/secure.gravatar.com\/avatar\/f55d5d49ce3c448e1ffde0ab078d84cd?s=96&d=mm&r=g","contentUrl":"https:\/\/secure.gravatar.com\/avatar\/f55d5d49ce3c448e1ffde0ab078d84cd?s=96&d=mm&r=g","caption":"Klaudia \u017by\u0142ka"},"description":"Instagram, dogs, books and food lover. Former student at Warsaw University and Malm\u00f6 University. Improving her marketing skills every day. Proud owner of DIMAQ certificate","sameAs":["https:\/\/www.linkedin.com\/in\/klaudia-\u017cy\u0142ka-17527779"],"url":"https:\/\/www.sotrender.com\/blog\/pl\/author\/klaudia_yka\/"}]}},"_links":{"self":[{"href":"https:\/\/www.sotrender.com\/blog\/pl\/wp-json\/wp\/v2\/posts\/38503"}],"collection":[{"href":"https:\/\/www.sotrender.com\/blog\/pl\/wp-json\/wp\/v2\/posts"}],"about":[{"href":"https:\/\/www.sotrender.com\/blog\/pl\/wp-json\/wp\/v2\/types\/post"}],"author":[{"embeddable":true,"href":"https:\/\/www.sotrender.com\/blog\/pl\/wp-json\/wp\/v2\/users\/89"}],"replies":[{"embeddable":true,"href":"https:\/\/www.sotrender.com\/blog\/pl\/wp-json\/wp\/v2\/comments?post=38503"}],"version-history":[{"count":3,"href":"https:\/\/www.sotrender.com\/blog\/pl\/wp-json\/wp\/v2\/posts\/38503\/revisions"}],"predecessor-version":[{"id":38521,"href":"https:\/\/www.sotrender.com\/blog\/pl\/wp-json\/wp\/v2\/posts\/38503\/revisions\/38521"}],"wp:featuredmedia":[{"embeddable":true,"href":"https:\/\/www.sotrender.com\/blog\/pl\/wp-json\/wp\/v2\/media\/38505"}],"wp:attachment":[{"href":"https:\/\/www.sotrender.com\/blog\/pl\/wp-json\/wp\/v2\/media?parent=38503"}],"wp:term":[{"taxonomy":"category","embeddable":true,"href":"https:\/\/www.sotrender.com\/blog\/pl\/wp-json\/wp\/v2\/categories?post=38503"},{"taxonomy":"post_tag","embeddable":true,"href":"https:\/\/www.sotrender.com\/blog\/pl\/wp-json\/wp\/v2\/tags?post=38503"}],"curies":[{"name":"wp","href":"https:\/\/api.w.org\/{rel}","templated":true}]}}