{"id":38211,"date":"2019-11-20T10:17:29","date_gmt":"2019-11-20T09:17:29","guid":{"rendered":"https:\/\/www.sotrender.com\/blog\/?p=38211\/"},"modified":"2025-01-31T09:50:22","modified_gmt":"2025-01-31T08:50:22","slug":"sotrender-przedstawiamy-moderacje","status":"publish","type":"post","link":"https:\/\/www.sotrender.com\/blog\/pl\/2019\/11\/sotrender-przedstawiamy-moderacje\/","title":{"rendered":"Sotrender to nie tylko analityka. Przedstawiamy moderacj\u0119"},"content":{"rendered":"<p><strong>\u2139\ufe0f Uwaga: od 23.01.2025 funkcja moderacji nie jest ju\u017c dost\u0119pna w Sotrenderze.<\/strong><\/p>\n<p><span style=\"font-weight: 400;\">Moderacja dyskusji na profilach spo\u0142eczno\u015bciowych to nieod\u0142\u0105czny element ich prowadzenia. W ko\u0144cu social media to nie jest kana\u0142 komunikacji jednostronnej, a przestrze\u0144 do rozmowy i wymiany opinii.\u00a0<\/span><\/p>\n<p><span style=\"font-weight: 400;\">Nie inaczej jest w przypadku prowadzenia profili biznesowych na Facebooku. Prowadzimy je nie tylko po to, by informowa\u0107 o swojej ofercie, ale by budowa\u0107 \u015bwiadomo\u015b\u0107 i wizerunek marki, zbli\u017cy\u0107 si\u0119 do potencjalnych klient\u00f3w i nawi\u0105zywa\u0107 z nimi relacje, kt\u00f3re dopiero p\u00f3\u017aniej b\u0119d\u0105 mia\u0142y realny wp\u0142yw na rozw\u00f3j naszej dzia\u0142alno\u015bci.<\/span><\/p>\n<p><span style=\"font-weight: 400;\">Dlatego tak wa\u017cne jest s\u0142uchanie klient\u00f3w oraz bie\u017c\u0105ce odpowiadanie na ich zapytania. O ile moderowanie dyskusji na ma\u0142ych profilach jest stosunkowo proste, sytuacja wygl\u0105da nieco inaczej, gdy profil cieszy si\u0119 du\u017cym zainteresowaniem, a nowych komentarzy przybywa w tempie ekspresowym. A jak wiemy z rozm\u00f3w z Wami, moderowanie dyskusji z poziomu panelu Facebooka pozostawia w tej kwestii sporo do \u017cyczenia.\u00a0<\/span><\/p>\n<p><span style=\"font-weight: 400;\">Jak mo\u017cesz si\u0119 domy\u015bli\u0107 z powy\u017cszego wst\u0119pu, Sotrender przeszed\u0142 istotn\u0105 zmian\u0119. Od teraz jest to nie tylko narz\u0119dzie do analityki medi\u00f3w spo\u0142eczno\u015bciowych, ale tak\u017ce <\/span><b>przestrze\u0144 do moderacji post\u00f3w i reklam na Facebooku, jak r\u00f3wnie\u017c wiadomo\u015bci z Messengera.\u00a0<\/b><\/p>\n<p style=\"text-align: center;\"><!--HubSpot Call-to-Action Code --><span id=\"hs-cta-wrapper-860d766e-67cd-48cd-afba-dc4113474100\" class=\"hs-cta-wrapper\"><span id=\"hs-cta-860d766e-67cd-48cd-afba-dc4113474100\" class=\"hs-cta-node hs-cta-860d766e-67cd-48cd-afba-dc4113474100\"><!-- [if lte IE 8]><\/p>\n\n\n\n\n\n<div id=\"hs-cta-ie-element\"><\/div>\n\n\n<![endif]--><a href=\"https:\/\/cta-redirect.hubspot.com\/cta\/redirect\/3842881\/860d766e-67cd-48cd-afba-dc4113474100\"><img decoding=\"async\" id=\"hs-cta-img-860d766e-67cd-48cd-afba-dc4113474100\" class=\"hs-cta-img aligncenter\" style=\"border-width: 0px;\" src=\"https:\/\/no-cache.hubspot.com\/cta\/default\/3842881\/860d766e-67cd-48cd-afba-dc4113474100.png\" alt=\"Wypr\u00f3buj moderacj\u0119 w Sotrenderze\" \/><\/a><\/span><script charset=\"utf-8\" src=\"https:\/\/js.hscta.net\/cta\/current.js\"><\/script><script type=\"text\/javascript\"> hbspt.cta.load(3842881, '860d766e-67cd-48cd-afba-dc4113474100', {}); <\/script><\/span><!-- end HubSpot Call-to-Action Code --><\/p>\n<p><b><i>Najnowsza aktualizacja &#8211; listopad 2019\u00a0<\/i><\/b><\/p>\n<h2>Zarz\u0105dzaj wiadomo\u015bciami z Messengera<\/h2>\n<p><span style=\"font-weight: 400;\">Wiemy, \u017ce wielu z Was zd\u0105\u017cy\u0142o ju\u017c zapozna\u0107 si\u0119 z moderacj\u0105 w Sotrenderze, chcieliby\u015bmy wi\u0119c przedstawi\u0107 Wam najnowsz\u0105 funkcjonalno\u015b\u0107, czyli <\/span><b>mo\u017cliwo\u015b\u0107 odpowiadania na wiadomo\u015bci z Messengera.\u00a0<\/b><\/p>\n<p><span style=\"font-weight: 400;\">Sam widok odpowiadania na wiadomo\u015bci ma identyczny uk\u0142ad do moderowania komentarzy i reklam. Pomi\u0119dzy tymi dwoma widokami: komentarzami oraz wiadomo\u015bciami mo\u017cecie si\u0119 prze\u0142\u0105cza\u0107 dzi\u0119ki zak\u0142adkom wewn\u0105trz moderacji. Jednocze\u015bnie licznik na ka\u017cdej z nich informuje Was o <\/span><b>liczbie notyfikacji<\/b><span style=\"font-weight: 400;\"> (nieprzeczytanych wiadomo\u015bci b\u0105d\u017a komentarzy).\u00a0<\/span><\/p>\n<div id=\"attachment_38905\" style=\"width: 388px\" class=\"wp-caption aligncenter\"><img loading=\"lazy\" decoding=\"async\" aria-describedby=\"caption-attachment-38905\" class=\"size-full wp-image-38905\" src=\"https:\/\/www.sotrender.com\/blog\/wp-content\/uploads\/2019\/09\/Zrzut-ekranu-2019-11-25-o-11.09.25.png\" alt=\"moderacja sotrender\" width=\"378\" height=\"122\" \/><p id=\"caption-attachment-38905\" class=\"wp-caption-text\">Podzia\u0142 na komentarze i wiadomo\u015bci w Sotrenderze<\/p><\/div>\n<p><span style=\"font-weight: 400;\">Przestrze\u0144 po\u015bwi\u0119cona wiadomo\u015bciom z Messengera podzielona jest na dwie cz\u0119\u015bci.\u00a0<\/span><span style=\"font-weight: 400;\">Po lewej stronie macie dost\u0119p do listy wszystkich wiadomo\u015bci, za\u015b w oknie po prawej stronie otworzy si\u0119 wybrana przez Was konwersacja, sk\u0105d mo\u017cecie na ni\u0105 odpowiedzie\u0107.\u00a0<\/span><\/p>\n<p><span style=\"font-weight: 400;\">W aplikacji zobaczycie <\/span><b>wszystkie formaty wiadomo\u015bci<\/b><span style=\"font-weight: 400;\">: niezale\u017cnie czy zawieraj\u0105 one jedynie tekst, czy tak\u017ce np. emoji, naklejk\u0119, GIF czy obraz.\u00a0<\/span><span style=\"font-weight: 400;\">Z kolei na wiadomo\u015bci mo\u017cecie odpowiedzie\u0107 w formie tekstu lub emoji. Przy ka\u017cdej wiadomo\u015bci znajdzie si\u0119 r\u00f3wnie\u017c adnotacja, <\/span><b>kt\u00f3ry moderator odpisa\u0142 na dan\u0105 wiadomo\u015b\u0107.<\/b><\/p>\n<p><span style=\"font-weight: 400;\">Nie wyobra\u017camy sobie rozmowy za pomoc\u0105 komunikator\u00f3w bez <\/span><b>pojawiania si\u0119 wiadomo\u015bci na bie\u017c\u0105co, w czasie rzeczywistym<\/b><span style=\"font-weight: 400;\">. Nie mog\u0142o wi\u0119c zabrakn\u0105\u0107 tej funkcji r\u00f3wnie\u017c w naszym narz\u0119dziu &#8211; ka\u017cda wiadomo\u015b\u0107, tu\u017c po wys\u0142aniu, widoczna b\u0119dzie w aplikacji.<br \/>\n<\/span><span style=\"font-weight: 400;\">Adekwatnie do dzia\u0142ania samego Messengera, pojawi si\u0119 r\u00f3wnie\u017c <strong>status danej wiadomo\u015bci<\/strong>: <\/span><i><span style=\"font-weight: 400;\">wys\u0142ana<\/span><\/i><span style=\"font-weight: 400;\">, <\/span><i><span style=\"font-weight: 400;\">dostarczona<\/span><\/i><span style=\"font-weight: 400;\">, <\/span><i><span style=\"font-weight: 400;\">przeczytana<\/span><\/i><span style=\"font-weight: 400;\">.\u00a0<\/span><\/p>\n<p><span style=\"font-weight: 400;\">Dobrze znane ju\u017c Wam <\/span><b>tagi<\/b><span style=\"font-weight: 400;\">: <\/span><i><span style=\"font-weight: 400;\">nieprzeczytane<\/span><\/i><span style=\"font-weight: 400;\">, <\/span><i><span style=\"font-weight: 400;\">do sprawdzenia<\/span><\/i><span style=\"font-weight: 400;\">, <\/span><i><span style=\"font-weight: 400;\">zamkni\u0119te<\/span><\/i><span style=\"font-weight: 400;\">, mo\u017cecie r\u00f3wnie\u017c wykorzysta\u0107 zarz\u0105dzaj\u0105c wiadomo\u015bciami na Messengerze, by tym samym <\/span><b>lepiej organizowa\u0107 swoj\u0105 prac\u0119<\/b><span style=\"font-weight: 400;\">. Niezmiennie przy ka\u017cdym tagu zobaczycie r\u00f3wnie\u017c informacj\u0119 o liczbie wiadomo\u015bci w ka\u017cdej kategorii. Liczba ta aktualizuje si\u0119 na bie\u017c\u0105co, informuj\u0105c Was o post\u0119pie prac.\u00a0\u00a0<\/span><\/p>\n<div id=\"attachment_38907\" style=\"width: 543px\" class=\"wp-caption aligncenter\"><img loading=\"lazy\" decoding=\"async\" aria-describedby=\"caption-attachment-38907\" class=\"size-full wp-image-38907\" src=\"https:\/\/www.sotrender.com\/blog\/wp-content\/uploads\/2019\/09\/Zrzut-ekranu-2019-11-25-o-14.23.59.png\" alt=\"moderacja messenger sotrender\" width=\"533\" height=\"460\" srcset=\"https:\/\/www.sotrender.com\/blog\/wp-content\/uploads\/2019\/09\/Zrzut-ekranu-2019-11-25-o-14.23.59.png 533w, https:\/\/www.sotrender.com\/blog\/wp-content\/uploads\/2019\/09\/Zrzut-ekranu-2019-11-25-o-14.23.59-475x410.png 475w\" sizes=\"(max-width: 533px) 100vw, 533px\" \/><p id=\"caption-attachment-38907\" class=\"wp-caption-text\">Widok odpowiadania na wiadomo\u015bci z poziomu Sotrendera<\/p><\/div>\n<p><span style=\"font-weight: 400;\">Mo\u017cliwo\u015b\u0107 zarz\u0105dzania zar\u00f3wno komentarzami spod post\u00f3w i reklam, jak i odpowiadania na wiadomo\u015bci z jednego, znanego Wam ju\u017c, narz\u0119dzia, b\u0119dzie z pewno\u015bci\u0105 znacznym usprawnieniem codziennej pracy.\u00a0<\/span><\/p>\n<p><span style=\"font-weight: 400;\">Nieod\u0142\u0105cznym elementem obs\u0142ugi profilu na Facebooku jest r\u00f3wnie\u017c <\/span><b>raportowanie <\/b><span style=\"font-weight: 400;\">efektywno\u015bci Waszych dzia\u0142a\u0144, w tym przypadku sprawno\u015bci odpowiedzi na pojawiaj\u0105ce si\u0119 komentarze.\u00a0<\/span><span style=\"font-weight: 400;\">Dlatego te\u017c ju\u017c wkr\u00f3tce dodany zostanie r\u00f3wnie\u017c <\/span><b>modu\u0142 analityczny<\/b><span style=\"font-weight: 400;\">, tak istotny g\u0142\u00f3wnie je\u015bli prowadzicie moderacj\u0119 dla klient\u00f3w i musicie spe\u0142nia\u0107 okre\u015blone KPI.\u00a0<\/span><\/p>\n<p><span style=\"font-weight: 400;\">W raporcie znajdziecie m.in. informacj\u0119 o:<\/span><\/p>\n<ul>\n<li style=\"font-weight: 400;\"><span style=\"font-weight: 400;\">\u015brednim czasie odpowiedzi w wybranym okresie,<\/span><\/li>\n<li style=\"font-weight: 400;\"><span style=\"font-weight: 400;\">efektywno\u015bci odpowiedzi poszczeg\u00f3lnych moderator\u00f3w,<\/span><\/li>\n<li style=\"font-weight: 400;\"><span style=\"font-weight: 400;\">rozk\u0142adzie aktywno\u015bci u\u017cytkownik\u00f3w w ci\u0105gu tygodnia,\u00a0<\/span><\/li>\n<li style=\"font-weight: 400;\"><span style=\"font-weight: 400;\">sentymencie wypowiedzi u\u017cytkownik\u00f3w.<\/span><\/li>\n<\/ul>\n<p><span style=\"font-weight: 400;\">W tym momencie raport jest dost\u0119pny bezp\u0142atnie na zam\u00f3wienie, po kontakcie z naszym dzia\u0142em obs\u0142ugi klienta.<\/span><\/p>\n<p><span style=\"font-weight: 400;\">W najbli\u017cszym czasie nasza moderacja zostanie udoskonalona o <\/span><b>sentyment wypowiedzi, <\/b><span style=\"font-weight: 400;\">kt\u00f3ry b\u0119dzie <\/span><b>automatycznie<\/b><span style=\"font-weight: 400;\"> dzia\u0142a\u0142 automatycznie dla wszystkich otrzymanych komentarzy.\u00a0<\/span><\/p>\n<p style=\"text-align: center;\"><!--HubSpot Call-to-Action Code --><span id=\"hs-cta-wrapper-860d766e-67cd-48cd-afba-dc4113474100\" class=\"hs-cta-wrapper\"><span id=\"hs-cta-860d766e-67cd-48cd-afba-dc4113474100\" class=\"hs-cta-node hs-cta-860d766e-67cd-48cd-afba-dc4113474100\"><!-- [if lte IE 8]><\/p>\n\n\n\n\n\n<div id=\"hs-cta-ie-element\"><\/div>\n\n\n<![endif]--><a href=\"https:\/\/cta-redirect.hubspot.com\/cta\/redirect\/3842881\/860d766e-67cd-48cd-afba-dc4113474100\"><img decoding=\"async\" id=\"hs-cta-img-860d766e-67cd-48cd-afba-dc4113474100\" class=\"hs-cta-img aligncenter\" style=\"border-width: 0px;\" src=\"https:\/\/no-cache.hubspot.com\/cta\/default\/3842881\/860d766e-67cd-48cd-afba-dc4113474100.png\" alt=\"Wypr\u00f3buj moderacj\u0119 w Sotrenderze\" \/><\/a><\/span><script charset=\"utf-8\" src=\"https:\/\/js.hscta.net\/cta\/current.js\"><\/script><script type=\"text\/javascript\"> hbspt.cta.load(3842881, '860d766e-67cd-48cd-afba-dc4113474100', {}); <\/script><\/span><!-- end HubSpot Call-to-Action Code --><\/p>\n<p>Je\u015bli nie mieli\u015bcie jeszcze okazji w pe\u0142ni przetestowa\u0107 moderacji w Sotrenderze, przypominamy wszystkie jej funkcjonalno\u015bci:<\/p>\n<h2><strong>Notyfikacje w czasie rzeczywistym<\/strong><\/h2>\n<p><span style=\"font-weight: 400;\">G\u0142\u00f3wn\u0105 zalet\u0105 moderacji w Sotrenderze jest jej <\/span><b>dzia\u0142anie w czasie rzeczywistym<\/b><span style=\"font-weight: 400;\">. Oznacza to, \u017ce w mniej ni\u017c 10 sekund od pojawienia si\u0119 na Stronie nowego komentarza otrzymasz notyfikacj\u0119 w aplikacji, co <\/span><b>pozwoli Ci na natychmiastow\u0105 reakcj\u0119<\/b><span style=\"font-weight: 400;\">. Szybko\u015b\u0107 reakcji jest kluczowa w przypadku moderacji &#8211; to dzi\u0119ki niej budujemy relacj\u0119 z odbiorc\u0105 i w spos\u00f3b natychmiastowy mo\u017cemy reagowa\u0107 na pytania i potencjalne problemy.<\/span><\/p>\n<p><span style=\"font-weight: 400;\">Niezale\u017cnie czy jest to ci\u0105g dalszy rozmowy z danym u\u017cytkownikiem, czy pierwszy komentarz od osoby, kt\u00f3ra dopiero zaczyna bra\u0107 udzia\u0142 w dyskusji, zostaniesz o tym powiadomiony.\u00a0<\/span><\/p>\n<div id=\"attachment_38947\" style=\"width: 419px\" class=\"wp-caption aligncenter\"><img loading=\"lazy\" decoding=\"async\" aria-describedby=\"caption-attachment-38947\" class=\"size-full wp-image-38947\" src=\"https:\/\/www.sotrender.com\/blog\/wp-content\/uploads\/2019\/11\/Zrzut-ekranu-2019-11-27-o-10.47.43.png\" alt=\"moderacja w sotrenderze\" width=\"409\" height=\"333\" \/><p id=\"caption-attachment-38947\" class=\"wp-caption-text\">Dzia\u0142anie moderacji w Sotrenderze w czasie rzeczywistym<\/p><\/div>\n<p><span style=\"font-weight: 400;\">Oznacza to, \u017ce <\/span><b>bez konieczno\u015bci od\u015bwie\u017cania strony<\/b><span style=\"font-weight: 400;\">, w trakcie opowiadania na dotychczasowe komentarze, b\u0119dziesz na bie\u017c\u0105co informowani o nowych wypowiedziach.\u00a0<\/span><\/p>\n<h2><strong>Grupowane konwersacje<\/strong><\/h2>\n<p><span style=\"font-weight: 400;\">Kolejnym wyr\u00f3\u017cnikiem moderacji w Sotrenderze jest spos\u00f3b przedstawiania tocz\u0105cych si\u0119 dyskusji. Podobnie jak ma to miejsce w skrzynce pocztowej Gmaila, w naszej aplikacji komentarze s\u0105 grupowane wed\u0142ug w\u0105tku rozmowy z danym u\u017cytkownikiem.\u00a0<\/span><\/p>\n<p><span style=\"font-weight: 400;\">Podsumowuj\u0105c,<br \/>\n<\/span><b>1 grupa = wszystkie wypowiedzi jednego u\u017cytkownika pod danym postem\u00a0<\/b><\/p>\n<p><span style=\"font-weight: 400;\">Dzi\u0119ki temu w szybki spos\u00f3b mo\u017cna prze\u015bledzi\u0107 histori\u0119 rozmowy z danym u\u017cytkownikiem i sprawniej mu odpowiedzie\u0107, znaj\u0105c kontekst dotychczasowej rozmowy z nim.\u00a0<\/span><\/p>\n<div id=\"attachment_38945\" style=\"width: 412px\" class=\"wp-caption aligncenter\"><img loading=\"lazy\" decoding=\"async\" aria-describedby=\"caption-attachment-38945\" class=\"size-full wp-image-38945\" src=\"https:\/\/www.sotrender.com\/blog\/wp-content\/uploads\/2019\/11\/Zrzut-ekranu-2019-11-27-o-10.45.40.png\" alt=\"moderacja w sotrenderze\" width=\"402\" height=\"342\" \/><p id=\"caption-attachment-38945\" class=\"wp-caption-text\">Grupowanie konwersacji w moderacji w Sotrenderze<\/p><\/div>\n<p>Wybieraj\u0105c dan\u0105 konwersacj\u0119, zostaniesz automatycznie przekierowany do ostatniego komentarza danego u\u017cytkownika pod wybranym postem. Je\u015bli jednak umie\u015bci\u0142 on wi\u0119cej ni\u017c jeden komentarz pod danym postem, mo\u017cesz z \u0142atwo\u015bci\u0105 przej\u015b\u0107 do tych poprzednich, co jest znacznym usprawnieniem szczeg\u00f3lnie przy d\u0142u\u017cszych dyskusjach.<br \/>\n<img loading=\"lazy\" decoding=\"async\" class=\"aligncenter size-full wp-image-38279\" src=\"https:\/\/www.sotrender.com\/blog\/wp-content\/uploads\/2019\/09\/Zrzut_ekranu_2019-09-9_o_11_45_46.png\" alt=\"\" width=\"649\" height=\"424\" srcset=\"https:\/\/www.sotrender.com\/blog\/wp-content\/uploads\/2019\/09\/Zrzut_ekranu_2019-09-9_o_11_45_46.png 649w, https:\/\/www.sotrender.com\/blog\/wp-content\/uploads\/2019\/09\/Zrzut_ekranu_2019-09-9_o_11_45_46-475x310.png 475w\" sizes=\"(max-width: 649px) 100vw, 649px\" \/><\/p>\n<h2><strong>Monitoruj histori\u0119 zmian<\/strong><\/h2>\n<p><span style=\"font-weight: 400;\">Istotn\u0105 funkcj\u0105 dost\u0119pna w moderacji w Sotrenderze jest mo\u017cliwo\u015b\u0107 \u015bledzenia zmian. Oznacza to, \u017ce <\/span><b>ka\u017cde ostatnie dzia\u0142anie moderatora jest zapisane,<\/b><span style=\"font-weight: 400;\"> niezale\u017cnie czy by\u0142o to dodanie komentarza, usuni\u0119cie go, czy usuni\u0119cie ca\u0142ego posta.\u00a0<\/span><\/p>\n<p>Sam panel Facebooka nie umo\u017cliwia \u015bledzenia tego typu zmian: gdy dany komentarz zostanie skasowany, nie zostaje to nigdzie odnotowane, nie ma r\u00f3wnie\u017c dost\u0119pu do jego podgl\u0105du. <b>W Sotrenderze nawet skasowany komentarz pozostaje do Twojego wgl\u0105du, z adnotacj\u0105, kto dokona\u0142 ostatniej aktywno\u015bci na nim. <\/b>R\u00f3wnie\u017c,<b> je\u015bli sam u\u017cytkownik skasuje dodany komentarz, nie zniknie on z moderacji w Sotrenderze.\u00a0<\/b><\/p>\n<div id=\"attachment_38283\" style=\"width: 646px\" class=\"wp-caption aligncenter\"><img loading=\"lazy\" decoding=\"async\" aria-describedby=\"caption-attachment-38283\" class=\"size-full wp-image-38283\" src=\"https:\/\/www.sotrender.com\/blog\/wp-content\/uploads\/2019\/09\/Zrzut_ekranu_2019-09-9_o_13_23_06.png\" alt=\"facebook moderation\" width=\"636\" height=\"162\" srcset=\"https:\/\/www.sotrender.com\/blog\/wp-content\/uploads\/2019\/09\/Zrzut_ekranu_2019-09-9_o_13_23_06.png 636w, https:\/\/www.sotrender.com\/blog\/wp-content\/uploads\/2019\/09\/Zrzut_ekranu_2019-09-9_o_13_23_06-475x121.png 475w\" sizes=\"(max-width: 636px) 100vw, 636px\" \/><p id=\"caption-attachment-38283\" class=\"wp-caption-text\">Podgl\u0105d usuni\u0119tych komentarzy w Sotrenderze<\/p><\/div>\n<p><span style=\"font-weight: 400;\">Szczeg\u00f3lnie je\u015bli moderujesz dyskusje wraz z innymi moderatorami, lub jako pracownik agencji prowadzisz profile klient\u00f3w, wa\u017cne jest by mie\u0107 mo\u017cliwo\u015b\u0107 \u015bledzenia tego typu zmian.<\/span><\/p>\n<h2><strong>B\u0105d\u017a na bie\u017c\u0105co z tocz\u0105cymi si\u0119 dyskusjami\u00a0<\/strong><\/h2>\n<p><span style=\"font-weight: 400;\">Kolejn\u0105 funkcj\u0105, kt\u00f3ra pozwoli Ci zapewni\u0107 <\/span><b>porz\u0105dek w codziennej pracy<\/b><span style=\"font-weight: 400;\">, za\u015b innym moderatorom, z kt\u00f3rymi wsp\u00f3\u0142pracujesz, <\/span><b>pe\u0142n\u0105 przejrzysto\u015b\u0107<\/b><span style=\"font-weight: 400;\">, s\u0105 <\/span><b>tagi<\/b><span style=\"font-weight: 400;\">.\u00a0<\/span><\/p>\n<p><span style=\"font-weight: 400;\">Korzystaj\u0105c z predefiniowanych tag\u00f3w: \u201cprzeczytane\u201d, \u201cnieprzeczytane\u201d, \u201cdo sprawdzenia\u201d, od razu <\/span><b>wiesz na jakim etapie pracy jeste\u015b<\/b><span style=\"font-weight: 400;\"> oraz <\/span><b>kt\u00f3rymi komentarzami nale\u017cy si\u0119 jeszcze zaj\u0105\u0107<\/b><span style=\"font-weight: 400;\"> (i ile takich komentarzy jest).\u00a0<\/span><\/p>\n<div id=\"attachment_38939\" style=\"width: 403px\" class=\"wp-caption aligncenter\"><img loading=\"lazy\" decoding=\"async\" aria-describedby=\"caption-attachment-38939\" class=\"size-full wp-image-38939\" src=\"https:\/\/www.sotrender.com\/blog\/wp-content\/uploads\/2019\/11\/Zrzut-ekranu-2019-11-27-o-09.31.37.png\" alt=\"facebook moderacja\" width=\"393\" height=\"365\" \/><p id=\"caption-attachment-38939\" class=\"wp-caption-text\">Tagi w Sotrenderze<\/p><\/div>\n<p><span style=\"font-weight: 400;\">Warto pami\u0119ta\u0107, \u017ce <\/span><b>tagi dzia\u0142aj\u0105 automatycznie<\/b><span style=\"font-weight: 400;\">: je\u015bli przeczytasz dany komentarz zostanie on od razu oznaczony jako przeczytany. Mo\u017cna jednak r\u00f3wnie\u017c r\u0119cznie zmienia\u0107 tagi przy danym komentarzu. W przypadku kilku komentarzy pod postem od jednego u\u017cytkownika, odpowiedzenie na najnowszy z nich automatycznie nada odpowiedni\u0105 kategori\u0119 ca\u0142ej \u201cgrupie\u201d. Nie musisz wi\u0119c ka\u017cdego komentarza od tego u\u017cytkownika oznacza\u0107 jako zrobiony, co jest znacznym usprawnieniem pracy.\u00a0<\/span><\/p>\n<p><span style=\"font-weight: 400;\">Tagi pozwalaj\u0105 unikn\u0105\u0107 chaosu, np. sytuacji, w kt\u00f3rej dany u\u017cytkownik otrzyma dwa razy odpowied\u017a na dodany komentarz. Ponadto, <\/span><b>zaoszcz\u0119dzisz czas<\/b><span style=\"font-weight: 400;\"> i b\u0119dziesz <\/span><b>efektywniej planowa\u0107 swoj\u0105 prac\u0119 <\/b><span style=\"font-weight: 400;\">(a tak\u017ce dzieli\u0107 si\u0119 ni\u0105), poniewa\u017c nie b\u0119dziesz musia\u0142 domy\u015bla\u0107 si\u0119, na kt\u00f3re komentarze nale\u017cy jeszcze odpowiedzie\u0107. Od razu b\u0119dziesz m\u00f3g\u0142 skierowa\u0107 si\u0119 do zak\u0142adki \u201cnieprzeczytane\u201d czy \u201cdo sprawdzenia\u201d.\u00a0<\/span><\/p>\n<h2><strong>Monitoruj dyskusje pod reklamami<\/strong><\/h2>\n<p><span style=\"font-weight: 400;\">Poniewa\u017c <strong>w Sotrenderze mo\u017cesz moderowa\u0107 komentarze zar\u00f3wno spod post\u00f3w organicznych, jak i reklam<\/strong>, dla wielu marketer\u00f3w wa\u017cne b\u0119dzie by m\u00f3c w \u0142atwy spos\u00f3b wyfiltrowa\u0107 w\u0142a\u015bnie tre\u015bci sponsorowane.<\/span><\/p>\n<p><span style=\"font-weight: 400;\">Dlatego stworzyli\u015bmy odpowiednie filtry, kt\u00f3re u\u0142atwi\u0105 nawigowanie po <a href=\"https:\/\/app.sotrender.com\/en\/auth\/login?utm_source=blog&amp;utm_medium=cta&amp;utm_campaign=moderationBlogPL\">moderacji w Sotrenderze<\/a>.<\/span><\/p>\n<p><span style=\"font-weight: 400;\">W chwili obecnej skorzysta\u0107 mo\u017cna z nast\u0119puj\u0105cych filtr\u00f3w:<\/span><\/p>\n<ul>\n<li style=\"font-weight: 400;\"><span style=\"font-weight: 400;\">Wszystkie tre\u015bci\u00a0<\/span><\/li>\n<li style=\"font-weight: 400;\"><span style=\"font-weight: 400;\">Komentarze<\/span><\/li>\n<li style=\"font-weight: 400;\"><span style=\"font-weight: 400;\">Posty u\u017cytkownik\u00f3w\u00a0<\/span><\/li>\n<li style=\"font-weight: 400;\"><span style=\"font-weight: 400;\">Usuni\u0119te tre\u015bci<\/span><\/li>\n<li style=\"font-weight: 400;\"><span style=\"font-weight: 400;\">Komentarze do reklam\u00a0<\/span><\/li>\n<\/ul>\n<div id=\"attachment_38937\" style=\"width: 402px\" class=\"wp-caption aligncenter\"><img loading=\"lazy\" decoding=\"async\" aria-describedby=\"caption-attachment-38937\" class=\"size-full wp-image-38937\" src=\"https:\/\/www.sotrender.com\/blog\/wp-content\/uploads\/2019\/11\/Zrzut-ekranu-2019-11-27-o-09.29.52.png\" alt=\"moderacja w sotrenderze\" width=\"392\" height=\"369\" \/><p id=\"caption-attachment-38937\" class=\"wp-caption-text\">Filtrowanie tre\u015bci w moderacji w Sotrenderze<\/p><\/div>\n<p><span style=\"font-weight: 400;\">Dodatkowo ka\u017cdy komentarz, kt\u00f3ry odnosi si\u0119 do posta reklamowego b\u0119dzie opatrzony <\/span><b>adnotacj\u0105, \u017ce dotyczy tre\u015bci sponsorowanej<\/b><span style=\"font-weight: 400;\">. Dla wielu marek reklamy oraz dyskusje tocz\u0105ce si\u0119 pod nimi s\u0105 cz\u0119sto istotniejsze ni\u017c tre\u015bci organiczne, st\u0105d tak wa\u017cne jest by\u015b pracuj\u0105c jako moderator m\u00f3g\u0142 je w szybki spos\u00f3b filtrowa\u0107 i priorytetyzowa\u0107.\u00a0<\/span><\/p>\n<div id=\"attachment_38297\" style=\"width: 661px\" class=\"wp-caption aligncenter\"><img loading=\"lazy\" decoding=\"async\" aria-describedby=\"caption-attachment-38297\" class=\"size-full wp-image-38297\" src=\"https:\/\/www.sotrender.com\/blog\/wp-content\/uploads\/2019\/09\/Zrzut_ekranu_2019-09-10_o_08_27_03.png\" alt=\"facebook moderation\" width=\"651\" height=\"319\" srcset=\"https:\/\/www.sotrender.com\/blog\/wp-content\/uploads\/2019\/09\/Zrzut_ekranu_2019-09-10_o_08_27_03.png 651w, https:\/\/www.sotrender.com\/blog\/wp-content\/uploads\/2019\/09\/Zrzut_ekranu_2019-09-10_o_08_27_03-475x233.png 475w\" sizes=\"(max-width: 651px) 100vw, 651px\" \/><p id=\"caption-attachment-38297\" class=\"wp-caption-text\">Sponsorowane tre\u015bci w moderacji w Sotrenderze<\/p><\/div>\n<h2><strong>Dost\u0119p do podgl\u0105du komentowanego posta\u00a0<\/strong><\/h2>\n<p><span style=\"font-weight: 400;\">Wiesz ju\u017c, kt\u00f3re wypowiedzi wymagaj\u0105 jeszcze moderacji. W jaki spos\u00f3b szybko odnale\u017a\u0107 si\u0119 wi\u0119c w ka\u017cdej dyskusji?\u00a0<\/span><\/p>\n<p><span style=\"font-weight: 400;\">W Sotrenderze komentarze przypisane s\u0105 do konkretnych post\u00f3w, opublikowanych na Stronie, dzi\u0119ki czemu szybko mo\u017cesz przypisa\u0107 dyskusje do tre\u015bci.<\/span><\/p>\n<p><span style=\"font-weight: 400;\">Ka\u017cdy kafelek konwersacji w lewej kolumnie zawiera pocz\u0105tek tre\u015bci komentowanego posta (niebieski pasek na kaflu). Po klikni\u0119ciu w kafelek <strong>w \u0142atwy spos\u00f3b przejdziesz do rozszerzonego widoku posta<\/strong> (prawa kolumna), kt\u00f3ry zawiera pe\u0142n\u0105 tre\u015b\u0107 oraz elementy graficzne. Dzi\u0119ki temu unikniesz problemu z nadaniem kontekstu wypowiedzi i w \u0142atwy spos\u00f3b skojarzysz odpowiedni post z komentarzem.<\/span><\/p>\n<div id=\"attachment_38943\" style=\"width: 1042px\" class=\"wp-caption aligncenter\"><img loading=\"lazy\" decoding=\"async\" aria-describedby=\"caption-attachment-38943\" class=\"size-full wp-image-38943\" src=\"https:\/\/www.sotrender.com\/blog\/wp-content\/uploads\/2019\/11\/Zrzut-ekranu-2019-11-27-o-10.26.45.png\" alt=\"moderacja sotrender\" width=\"1032\" height=\"344\" srcset=\"https:\/\/www.sotrender.com\/blog\/wp-content\/uploads\/2019\/11\/Zrzut-ekranu-2019-11-27-o-10.26.45.png 1032w, https:\/\/www.sotrender.com\/blog\/wp-content\/uploads\/2019\/11\/Zrzut-ekranu-2019-11-27-o-10.26.45-475x158.png 475w, https:\/\/www.sotrender.com\/blog\/wp-content\/uploads\/2019\/11\/Zrzut-ekranu-2019-11-27-o-10.26.45-768x256.png 768w, https:\/\/www.sotrender.com\/blog\/wp-content\/uploads\/2019\/11\/Zrzut-ekranu-2019-11-27-o-10.26.45-950x317.png 950w\" sizes=\"(max-width: 1032px) 100vw, 1032px\" \/><p id=\"caption-attachment-38943\" class=\"wp-caption-text\">Rozszerzony podgl\u0105d posta w Sotrenderze<\/p><\/div>\n<p><span style=\"font-weight: 400;\">Dodatkowo, klikaj\u0105c w dat\u0119 dodania posta zostaniesz przekierowany do jego oryginalnej tre\u015bci na Facebooku.\u00a0<\/span><\/p>\n<p><span style=\"font-weight: 400;\">Co wi\u0119cej, <\/span><b>z poziomu Sotrendera masz r\u00f3wnie\u017c dost\u0119p do podgl\u0105du reklam<\/b><span style=\"font-weight: 400;\">. Opr\u00f3cz podgl\u0105du adekwatnego do post\u00f3w organicznych, mo\u017cesz tak\u017ce sprawdzi\u0107,<\/span><b> jak dana reklama wygl\u0105da na desktopie oraz w wersji mobilnej<\/b><span style=\"font-weight: 400;\">.<\/span><\/p>\n<p><img loading=\"lazy\" decoding=\"async\" class=\"aligncenter size-full wp-image-38275\" src=\"https:\/\/www.sotrender.com\/blog\/wp-content\/uploads\/2019\/09\/Zrzut_ekranu_2019-09-9_o_14_59_13-2.png\" alt=\"facebook moderation\" width=\"653\" height=\"281\" srcset=\"https:\/\/www.sotrender.com\/blog\/wp-content\/uploads\/2019\/09\/Zrzut_ekranu_2019-09-9_o_14_59_13-2.png 653w, https:\/\/www.sotrender.com\/blog\/wp-content\/uploads\/2019\/09\/Zrzut_ekranu_2019-09-9_o_14_59_13-2-475x204.png 475w\" sizes=\"(max-width: 653px) 100vw, 653px\" \/><\/p>\n<p><span style=\"font-weight: 400;\">Dla wielu moderator\u00f3w b\u0119dzie to du\u017ce u\u0142atwienie pracy, poniewa\u017c nawet w przypadku braku dost\u0119pu do Mened\u017cera reklam Facebooka, <\/span><b>z poziomu Sotrendera zobacz\u0105 pe\u0142n\u0105 kreacj\u0119 danej reklamy<\/b><span style=\"font-weight: 400;\"> i b\u0119d\u0105 znali kontekst wypowiedzi danego u\u017cytkownika. Jest to du\u017ce usprawnienie r\u00f3wnie\u017c w momencie moderowania wielu post\u00f3w p\u0142atnych na danym profilu, poniewa\u017c nie ma zagro\u017cenia, \u017ce w niew\u0142a\u015bciwy spos\u00f3b odpowiemy na dany komentarz w przypadku kilku podobnych kreacji reklamowych.\u00a0<\/span><\/p>\n<h2><strong>Skuteczniej odpowiadaj na zapytania i problemy klient\u00f3w\u00a0<\/strong><\/h2>\n<p><span style=\"font-weight: 400;\">Relacje z Twoimi fanami czy klientami wymagaj\u0105 ci\u0105g\u0142ej pracy. Pozytywnych relacji i zaufania nie da si\u0119 zbudowa\u0107 w kilka dni, podobnie jak lojalno\u015bci klient\u00f3w i pozytywnego wizerunku marki, szczeg\u00f3lnie maj\u0105c du\u017c\u0105 konkurencj\u0119 na rynku. W zale\u017cno\u015bci od us\u0142ugi czy produktu, ale tak\u017ce obranej strategii i konkretnych sytuacji, konieczne b\u0119dzie r\u00f3wnie\u017c dostosowanie odpowiedniego tonu wypowiedzi oraz konsekwentne trzymanie si\u0119 go. Bie\u017c\u0105cy dost\u0119p do dyskusji w Sotrenderze, <\/span><b>mo\u017cliwo\u015b\u0107 \u015bledzenia zmian<\/b><span style=\"font-weight: 400;\"> i poszczeg\u00f3lnych rozm\u00f3w daje mo\u017cliwo\u015b\u0107 zachowania <\/span><b>jednolito\u015bci w moderowaniu przysz\u0142ych konwersacji<\/b><span style=\"font-weight: 400;\">.\u00a0<\/span><\/p>\n<p><span style=\"font-weight: 400;\">By urozmaica\u0107 udzielane odpowiedz, w Sotrenderze mo\u017cesz korzysta\u0107 r\u00f3wnie\u017c z <\/span><b>emoji oraz oznaczania u\u017cytkownik\u00f3w<\/b><span style=\"font-weight: 400;\">. Jest to o tyle istotna mo\u017cliwo\u015b\u0107, \u017ce pozwala <\/span><b>bardziej anga\u017cowa\u0107 fan\u00f3w <\/b><span style=\"font-weight: 400;\">oraz budowa\u0107 z nimi relacje, poniewa\u017c nie wszystkie odpowiedzi wygl\u0105daj\u0105 jednakowo i generycznie.\u00a0<\/span><\/p>\n<p><img loading=\"lazy\" decoding=\"async\" class=\"aligncenter size-full wp-image-38287\" src=\"https:\/\/www.sotrender.com\/blog\/wp-content\/uploads\/2019\/09\/Zrzut_ekranu_2019-09-9_o_15_22_55.png\" alt=\"facebook moderation\" width=\"632\" height=\"576\" srcset=\"https:\/\/www.sotrender.com\/blog\/wp-content\/uploads\/2019\/09\/Zrzut_ekranu_2019-09-9_o_15_22_55.png 632w, https:\/\/www.sotrender.com\/blog\/wp-content\/uploads\/2019\/09\/Zrzut_ekranu_2019-09-9_o_15_22_55-475x433.png 475w\" sizes=\"(max-width: 632px) 100vw, 632px\" \/><\/p>\n<p><span style=\"font-weight: 400;\">Maj\u0105c na uwadz\u0119 specyfikacj\u0119 medi\u00f3w spo\u0142eczno\u015bciowych oraz oczekiwania klient\u00f3w, nale\u017cy mie\u0107 \u015bwiadomo\u015b\u0107, \u017ce szybkie reagowanie na komentarze to obecnie konieczno\u015b\u0107. Mo\u017cliwo\u015b\u0107 reagowania na nie z jednego miejsca oraz <\/span><b>dzia\u0142anie naszej moderacji w czasie rzeczywistym<\/b><span style=\"font-weight: 400;\"> jest wi\u0119c znacznym usprawnieniem pracy ka\u017cdego moderatora. Szczeg\u00f3lnie w przypadku bardziej negatywnych wypowiedzi, istotne jest posiadanie kontekstu i historii dotychczasowej rozmowy z danym u\u017cytkownikiem, by m\u00f3c jak najbardziej indywidualnie podej\u015b\u0107 do problemu i zapobiega\u0107 pojawianiu si\u0119 ewentualnych kryzys\u00f3w.\u00a0<\/span><\/p>\n<p style=\"text-align: center;\"><!--HubSpot Call-to-Action Code --><span id=\"hs-cta-wrapper-860d766e-67cd-48cd-afba-dc4113474100\" class=\"hs-cta-wrapper\"><span id=\"hs-cta-860d766e-67cd-48cd-afba-dc4113474100\" class=\"hs-cta-node hs-cta-860d766e-67cd-48cd-afba-dc4113474100\"><!-- [if lte IE 8]><\/p>\n\n\n\n\n\n<div id=\"hs-cta-ie-element\"><\/div>\n\n\n<![endif]--><a href=\"https:\/\/cta-redirect.hubspot.com\/cta\/redirect\/3842881\/860d766e-67cd-48cd-afba-dc4113474100\"><img decoding=\"async\" id=\"hs-cta-img-860d766e-67cd-48cd-afba-dc4113474100\" class=\"hs-cta-img aligncenter\" style=\"border-width: 0px;\" src=\"https:\/\/no-cache.hubspot.com\/cta\/default\/3842881\/860d766e-67cd-48cd-afba-dc4113474100.png\" alt=\"Wypr\u00f3buj moderacj\u0119 w Sotrenderze\" \/><\/a><\/span><script charset=\"utf-8\" src=\"https:\/\/js.hscta.net\/cta\/current.js\"><\/script><script type=\"text\/javascript\"> hbspt.cta.load(3842881, '860d766e-67cd-48cd-afba-dc4113474100', {}); <\/script><\/span><!-- end HubSpot Call-to-Action Code --><\/p>\n<p><span style=\"font-weight: 400;\"><a href=\"https:\/\/www.linkedin.com\/in\/mgrodzicki\/\">Marcin Grodzicki<\/a>, Chief Product Officer w Sotrenderze, tak podsumowa\u0142 ostatnie zmiany w naszej aplikacji:\u00a0<\/span><\/p>\n<blockquote><p><span style=\"font-weight: 400;\">Z bada\u0144 naszych u\u017cytkownik\u00f3w dowiedzieli\u015bmy si\u0119, \u017ce szybko\u015b\u0107 odpowiedzi na komentarze i wiadomo\u015bci oraz nie przegapienie \u017cadnego w\u0105tku to dla nich dwa g\u0142\u00f3wne wyzwania. Skupili\u015bmy si\u0119 zatem na jak naj\u0142atwiejszej obs\u0142udze konwersacji z wieloma u\u017cytkownikami bez wychodzenia z jednego narz\u0119dzia.<\/span><\/p>\n<p><span style=\"font-weight: 400;\">Moderacja w Sotrenderze ma by\u0107 miejscem, gdzie moderator czuje si\u0119 \u015bwietnie, ma pe\u0142n\u0105 kontrol\u0119 i wie \u017ce nic mu nie umknie. A w przysz\u0142o\u015bci cz\u0119\u015b\u0107 zada\u0144 &#8216;wykona si\u0119 sama&#8217;. Taka Tesla dla moderator\u00f3w \ud83d\ude42<\/span><\/p><\/blockquote>\n<h2><strong>Moderacja &#8211; czas start!\u00a0<\/strong><\/h2>\n<p><span style=\"font-weight: 400;\">Odpowiednia moderacja dyskusji na Facebooku to spos\u00f3b na budowanie wizerunku marki oraz nawi\u0105zywanie pozytywnych relacji z fanami. Poniewa\u017c cz\u0119sto nawet pojedyncze komentarze mog\u0105 zwiastowa\u0107 pocz\u0105tek kryzysu, wa\u017cne jest by na bie\u017c\u0105co reagowa\u0107 na wszystkie pojawiaj\u0105ce si\u0119 wypowiedzi.\u00a0<\/span><\/p>\n<p><span style=\"font-weight: 400;\">Przedstawione powy\u017cej funkcje to dopiero pocz\u0105tek <a href=\"https:\/\/app.sotrender.com\/en\/auth\/login?utm_source=blog&amp;utm_medium=cta&amp;utm_campaign=moderationBlogPL\">moderacji w Sotrenderze<\/a>. <strong>Ju\u017c pracujemy nad kolejnymi usprawnieniami i mo\u017cliwo\u015bciami, do kt\u00f3rych nale\u017cy m.in. analiza sentymentu, przydzielanie zada\u0144 innym moderatorom, czy dodawanie w\u0142asnych tag\u00f3w.<\/strong> To wszystko ju\u017c nied\u0142ugo dost\u0119pne b\u0119dzie w naszej aplikacji!\u00a0<\/span><\/p>\n","protected":false},"excerpt":{"rendered":"<p>\u2139\ufe0f Uwaga: od 23.01.2025 funkcja moderacji nie jest ju\u017c dost\u0119pna w Sotrenderze. Moderacja dyskusji na profilach spo\u0142eczno\u015bciowych to nieod\u0142\u0105czny element ich prowadzenia. W ko\u0144cu social media to nie jest kana\u0142 komunikacji jednostronnej, a przestrze\u0144 do rozmowy i wymiany opinii.\u00a0 Nie inaczej jest w przypadku prowadzenia profili biznesowych na Facebooku. Prowadzimy je nie tylko po to, [&hellip;]<\/p>\n","protected":false},"author":89,"featured_media":38229,"comment_status":"open","ping_status":"open","sticky":false,"template":"","format":"standard","meta":{"inline_featured_image":false,"footnotes":""},"categories":[2275,1797,2125],"tags":[771,2977],"yoast_head":"<!-- This site is optimized with the Yoast SEO plugin v22.4 - https:\/\/yoast.com\/wordpress\/plugins\/seo\/ -->\n<title>Sotrender si\u0119 zmienia - przedstawiamy moderacj\u0119<\/title>\n<meta name=\"description\" content=\"Sotrender to ju\u017c nie tylko narz\u0119dzie do analizy social media. Funkcja moderacji umo\u017cliwi Ci zarz\u0105dzanie komentarzami pod postami i reklamami na Facebooku.\" \/>\n<meta name=\"robots\" content=\"index, follow, max-snippet:-1, max-image-preview:large, max-video-preview:-1\" \/>\n<link rel=\"canonical\" href=\"https:\/\/www.sotrender.com\/blog\/pl\/2019\/11\/sotrender-przedstawiamy-moderacje\/\" \/>\n<meta property=\"og:locale\" content=\"pl_PL\" \/>\n<meta property=\"og:type\" content=\"article\" \/>\n<meta property=\"og:title\" content=\"Sotrender si\u0119 zmienia - przedstawiamy moderacj\u0119\" \/>\n<meta property=\"og:description\" content=\"Sotrender to ju\u017c nie tylko narz\u0119dzie do analizy social media. Funkcja moderacji umo\u017cliwi Ci zarz\u0105dzanie komentarzami pod postami i reklamami na Facebooku.\" \/>\n<meta property=\"og:url\" content=\"https:\/\/www.sotrender.com\/blog\/pl\/2019\/11\/sotrender-przedstawiamy-moderacje\/\" \/>\n<meta property=\"og:site_name\" content=\"Sotrender Blog\" \/>\n<meta property=\"article:publisher\" content=\"https:\/\/www.facebook.com\/Sotrender\" \/>\n<meta property=\"article:published_time\" content=\"2019-11-20T09:17:29+00:00\" \/>\n<meta property=\"article:modified_time\" content=\"2025-01-31T08:50:22+00:00\" \/>\n<meta property=\"og:image\" content=\"https:\/\/www.sotrender.com\/blog\/wp-content\/uploads\/2019\/09\/christin-hume-Hcfwew744z4-unsplash-e1567582562277.jpg\" \/>\n\t<meta property=\"og:image:width\" content=\"3000\" \/>\n\t<meta property=\"og:image:height\" content=\"2000\" \/>\n\t<meta property=\"og:image:type\" content=\"image\/jpeg\" \/>\n<meta name=\"author\" content=\"Klaudia \u017by\u0142ka\" \/>\n<meta name=\"twitter:card\" content=\"summary_large_image\" \/>\n<meta name=\"twitter:creator\" content=\"@Sotrender\" \/>\n<meta name=\"twitter:site\" content=\"@Sotrender\" \/>\n<meta name=\"twitter:label1\" content=\"Written by\" \/>\n\t<meta name=\"twitter:data1\" content=\"Klaudia \u017by\u0142ka\" \/>\n\t<meta name=\"twitter:label2\" content=\"Est. reading time\" \/>\n\t<meta name=\"twitter:data2\" content=\"11 minutes\" \/>\n<script type=\"application\/ld+json\" class=\"yoast-schema-graph\">{\"@context\":\"https:\/\/schema.org\",\"@graph\":[{\"@type\":\"WebPage\",\"@id\":\"https:\/\/www.sotrender.com\/blog\/pl\/2019\/11\/sotrender-przedstawiamy-moderacje\/\",\"url\":\"https:\/\/www.sotrender.com\/blog\/pl\/2019\/11\/sotrender-przedstawiamy-moderacje\/\",\"name\":\"Sotrender si\u0119 zmienia - przedstawiamy moderacj\u0119\",\"isPartOf\":{\"@id\":\"https:\/\/www.sotrender.com\/blog\/#website\"},\"primaryImageOfPage\":{\"@id\":\"https:\/\/www.sotrender.com\/blog\/pl\/2019\/11\/sotrender-przedstawiamy-moderacje\/#primaryimage\"},\"image\":{\"@id\":\"https:\/\/www.sotrender.com\/blog\/pl\/2019\/11\/sotrender-przedstawiamy-moderacje\/#primaryimage\"},\"thumbnailUrl\":\"https:\/\/www.sotrender.com\/blog\/wp-content\/uploads\/2019\/09\/christin-hume-Hcfwew744z4-unsplash-e1567582562277.jpg\",\"datePublished\":\"2019-11-20T09:17:29+00:00\",\"dateModified\":\"2025-01-31T08:50:22+00:00\",\"author\":{\"@id\":\"https:\/\/www.sotrender.com\/blog\/#\/schema\/person\/038ac5e276c5d102d8cbb9c36cd43416\"},\"description\":\"Sotrender to ju\u017c nie tylko narz\u0119dzie do analizy social media. Funkcja moderacji umo\u017cliwi Ci zarz\u0105dzanie komentarzami pod postami i reklamami na Facebooku.\",\"breadcrumb\":{\"@id\":\"https:\/\/www.sotrender.com\/blog\/pl\/2019\/11\/sotrender-przedstawiamy-moderacje\/#breadcrumb\"},\"inLanguage\":\"pl-PL\",\"potentialAction\":[{\"@type\":\"ReadAction\",\"target\":[\"https:\/\/www.sotrender.com\/blog\/pl\/2019\/11\/sotrender-przedstawiamy-moderacje\/\"]}]},{\"@type\":\"ImageObject\",\"inLanguage\":\"pl-PL\",\"@id\":\"https:\/\/www.sotrender.com\/blog\/pl\/2019\/11\/sotrender-przedstawiamy-moderacje\/#primaryimage\",\"url\":\"https:\/\/www.sotrender.com\/blog\/wp-content\/uploads\/2019\/09\/christin-hume-Hcfwew744z4-unsplash-e1567582562277.jpg\",\"contentUrl\":\"https:\/\/www.sotrender.com\/blog\/wp-content\/uploads\/2019\/09\/christin-hume-Hcfwew744z4-unsplash-e1567582562277.jpg\",\"width\":3000,\"height\":2000},{\"@type\":\"BreadcrumbList\",\"@id\":\"https:\/\/www.sotrender.com\/blog\/pl\/2019\/11\/sotrender-przedstawiamy-moderacje\/#breadcrumb\",\"itemListElement\":[{\"@type\":\"ListItem\",\"position\":1,\"name\":\"Home\",\"item\":\"https:\/\/www.sotrender.com\/blog\/\"},{\"@type\":\"ListItem\",\"position\":2,\"name\":\"Sotrender to nie tylko analityka. Przedstawiamy moderacj\u0119\"}]},{\"@type\":\"WebSite\",\"@id\":\"https:\/\/www.sotrender.com\/blog\/#website\",\"url\":\"https:\/\/www.sotrender.com\/blog\/\",\"name\":\"Sotrender Blog\",\"description\":\"\",\"potentialAction\":[{\"@type\":\"SearchAction\",\"target\":{\"@type\":\"EntryPoint\",\"urlTemplate\":\"https:\/\/www.sotrender.com\/blog\/?s={search_term_string}\"},\"query-input\":\"required name=search_term_string\"}],\"inLanguage\":\"pl-PL\"},{\"@type\":\"Person\",\"@id\":\"https:\/\/www.sotrender.com\/blog\/#\/schema\/person\/038ac5e276c5d102d8cbb9c36cd43416\",\"name\":\"Klaudia \u017by\u0142ka\",\"image\":{\"@type\":\"ImageObject\",\"inLanguage\":\"pl-PL\",\"@id\":\"https:\/\/www.sotrender.com\/blog\/#\/schema\/person\/image\/\",\"url\":\"https:\/\/secure.gravatar.com\/avatar\/f55d5d49ce3c448e1ffde0ab078d84cd?s=96&d=mm&r=g\",\"contentUrl\":\"https:\/\/secure.gravatar.com\/avatar\/f55d5d49ce3c448e1ffde0ab078d84cd?s=96&d=mm&r=g\",\"caption\":\"Klaudia \u017by\u0142ka\"},\"description\":\"Instagram, dogs, books and food lover. Former student at Warsaw University and Malm\u00f6 University. Improving her marketing skills every day. Proud owner of DIMAQ certificate\",\"sameAs\":[\"https:\/\/www.linkedin.com\/in\/klaudia-\u017cy\u0142ka-17527779\"],\"url\":\"https:\/\/www.sotrender.com\/blog\/pl\/author\/klaudia_yka\/\"}]}<\/script>\n<!-- \/ Yoast SEO plugin. -->","yoast_head_json":{"title":"Sotrender si\u0119 zmienia - przedstawiamy moderacj\u0119","description":"Sotrender to ju\u017c nie tylko narz\u0119dzie do analizy social media. Funkcja moderacji umo\u017cliwi Ci zarz\u0105dzanie komentarzami pod postami i reklamami na Facebooku.","robots":{"index":"index","follow":"follow","max-snippet":"max-snippet:-1","max-image-preview":"max-image-preview:large","max-video-preview":"max-video-preview:-1"},"canonical":"https:\/\/www.sotrender.com\/blog\/pl\/2019\/11\/sotrender-przedstawiamy-moderacje\/","og_locale":"pl_PL","og_type":"article","og_title":"Sotrender si\u0119 zmienia - przedstawiamy moderacj\u0119","og_description":"Sotrender to ju\u017c nie tylko narz\u0119dzie do analizy social media. Funkcja moderacji umo\u017cliwi Ci zarz\u0105dzanie komentarzami pod postami i reklamami na Facebooku.","og_url":"https:\/\/www.sotrender.com\/blog\/pl\/2019\/11\/sotrender-przedstawiamy-moderacje\/","og_site_name":"Sotrender Blog","article_publisher":"https:\/\/www.facebook.com\/Sotrender","article_published_time":"2019-11-20T09:17:29+00:00","article_modified_time":"2025-01-31T08:50:22+00:00","og_image":[{"width":3000,"height":2000,"url":"https:\/\/www.sotrender.com\/blog\/wp-content\/uploads\/2019\/09\/christin-hume-Hcfwew744z4-unsplash-e1567582562277.jpg","type":"image\/jpeg"}],"author":"Klaudia \u017by\u0142ka","twitter_card":"summary_large_image","twitter_creator":"@Sotrender","twitter_site":"@Sotrender","twitter_misc":{"Written by":"Klaudia \u017by\u0142ka","Est. reading time":"11 minutes"},"schema":{"@context":"https:\/\/schema.org","@graph":[{"@type":"WebPage","@id":"https:\/\/www.sotrender.com\/blog\/pl\/2019\/11\/sotrender-przedstawiamy-moderacje\/","url":"https:\/\/www.sotrender.com\/blog\/pl\/2019\/11\/sotrender-przedstawiamy-moderacje\/","name":"Sotrender si\u0119 zmienia - przedstawiamy moderacj\u0119","isPartOf":{"@id":"https:\/\/www.sotrender.com\/blog\/#website"},"primaryImageOfPage":{"@id":"https:\/\/www.sotrender.com\/blog\/pl\/2019\/11\/sotrender-przedstawiamy-moderacje\/#primaryimage"},"image":{"@id":"https:\/\/www.sotrender.com\/blog\/pl\/2019\/11\/sotrender-przedstawiamy-moderacje\/#primaryimage"},"thumbnailUrl":"https:\/\/www.sotrender.com\/blog\/wp-content\/uploads\/2019\/09\/christin-hume-Hcfwew744z4-unsplash-e1567582562277.jpg","datePublished":"2019-11-20T09:17:29+00:00","dateModified":"2025-01-31T08:50:22+00:00","author":{"@id":"https:\/\/www.sotrender.com\/blog\/#\/schema\/person\/038ac5e276c5d102d8cbb9c36cd43416"},"description":"Sotrender to ju\u017c nie tylko narz\u0119dzie do analizy social media. Funkcja moderacji umo\u017cliwi Ci zarz\u0105dzanie komentarzami pod postami i reklamami na Facebooku.","breadcrumb":{"@id":"https:\/\/www.sotrender.com\/blog\/pl\/2019\/11\/sotrender-przedstawiamy-moderacje\/#breadcrumb"},"inLanguage":"pl-PL","potentialAction":[{"@type":"ReadAction","target":["https:\/\/www.sotrender.com\/blog\/pl\/2019\/11\/sotrender-przedstawiamy-moderacje\/"]}]},{"@type":"ImageObject","inLanguage":"pl-PL","@id":"https:\/\/www.sotrender.com\/blog\/pl\/2019\/11\/sotrender-przedstawiamy-moderacje\/#primaryimage","url":"https:\/\/www.sotrender.com\/blog\/wp-content\/uploads\/2019\/09\/christin-hume-Hcfwew744z4-unsplash-e1567582562277.jpg","contentUrl":"https:\/\/www.sotrender.com\/blog\/wp-content\/uploads\/2019\/09\/christin-hume-Hcfwew744z4-unsplash-e1567582562277.jpg","width":3000,"height":2000},{"@type":"BreadcrumbList","@id":"https:\/\/www.sotrender.com\/blog\/pl\/2019\/11\/sotrender-przedstawiamy-moderacje\/#breadcrumb","itemListElement":[{"@type":"ListItem","position":1,"name":"Home","item":"https:\/\/www.sotrender.com\/blog\/"},{"@type":"ListItem","position":2,"name":"Sotrender to nie tylko analityka. Przedstawiamy moderacj\u0119"}]},{"@type":"WebSite","@id":"https:\/\/www.sotrender.com\/blog\/#website","url":"https:\/\/www.sotrender.com\/blog\/","name":"Sotrender Blog","description":"","potentialAction":[{"@type":"SearchAction","target":{"@type":"EntryPoint","urlTemplate":"https:\/\/www.sotrender.com\/blog\/?s={search_term_string}"},"query-input":"required name=search_term_string"}],"inLanguage":"pl-PL"},{"@type":"Person","@id":"https:\/\/www.sotrender.com\/blog\/#\/schema\/person\/038ac5e276c5d102d8cbb9c36cd43416","name":"Klaudia \u017by\u0142ka","image":{"@type":"ImageObject","inLanguage":"pl-PL","@id":"https:\/\/www.sotrender.com\/blog\/#\/schema\/person\/image\/","url":"https:\/\/secure.gravatar.com\/avatar\/f55d5d49ce3c448e1ffde0ab078d84cd?s=96&d=mm&r=g","contentUrl":"https:\/\/secure.gravatar.com\/avatar\/f55d5d49ce3c448e1ffde0ab078d84cd?s=96&d=mm&r=g","caption":"Klaudia \u017by\u0142ka"},"description":"Instagram, dogs, books and food lover. Former student at Warsaw University and Malm\u00f6 University. Improving her marketing skills every day. Proud owner of DIMAQ certificate","sameAs":["https:\/\/www.linkedin.com\/in\/klaudia-\u017cy\u0142ka-17527779"],"url":"https:\/\/www.sotrender.com\/blog\/pl\/author\/klaudia_yka\/"}]}},"_links":{"self":[{"href":"https:\/\/www.sotrender.com\/blog\/pl\/wp-json\/wp\/v2\/posts\/38211"}],"collection":[{"href":"https:\/\/www.sotrender.com\/blog\/pl\/wp-json\/wp\/v2\/posts"}],"about":[{"href":"https:\/\/www.sotrender.com\/blog\/pl\/wp-json\/wp\/v2\/types\/post"}],"author":[{"embeddable":true,"href":"https:\/\/www.sotrender.com\/blog\/pl\/wp-json\/wp\/v2\/users\/89"}],"replies":[{"embeddable":true,"href":"https:\/\/www.sotrender.com\/blog\/pl\/wp-json\/wp\/v2\/comments?post=38211"}],"version-history":[{"count":20,"href":"https:\/\/www.sotrender.com\/blog\/pl\/wp-json\/wp\/v2\/posts\/38211\/revisions"}],"predecessor-version":[{"id":54399,"href":"https:\/\/www.sotrender.com\/blog\/pl\/wp-json\/wp\/v2\/posts\/38211\/revisions\/54399"}],"wp:featuredmedia":[{"embeddable":true,"href":"https:\/\/www.sotrender.com\/blog\/pl\/wp-json\/wp\/v2\/media\/38229"}],"wp:attachment":[{"href":"https:\/\/www.sotrender.com\/blog\/pl\/wp-json\/wp\/v2\/media?parent=38211"}],"wp:term":[{"taxonomy":"category","embeddable":true,"href":"https:\/\/www.sotrender.com\/blog\/pl\/wp-json\/wp\/v2\/categories?post=38211"},{"taxonomy":"post_tag","embeddable":true,"href":"https:\/\/www.sotrender.com\/blog\/pl\/wp-json\/wp\/v2\/tags?post=38211"}],"curies":[{"name":"wp","href":"https:\/\/api.w.org\/{rel}","templated":true}]}}