{"id":3805,"date":"2012-12-18T16:58:29","date_gmt":"2012-12-18T15:58:29","guid":{"rendered":"http:\/\/blog.sotrender.com\/?p=3805"},"modified":"2017-04-19T13:39:41","modified_gmt":"2017-04-19T11:39:41","slug":"memetrender-nowy-produkt-od-sotrendera","status":"publish","type":"post","link":"https:\/\/www.sotrender.com\/blog\/pl\/2012\/12\/memetrender-nowy-produkt-od-sotrendera\/","title":{"rendered":"Memetrender &#8211; nowy produkt od Sotrendera"},"content":{"rendered":"<p><a href=\"https:\/\/www.sotrender.com\/blog\/wp-content\/uploads\/2012\/12\/logo.png\"><img loading=\"lazy\" decoding=\"async\" class=\"size-full wp-image-3811 alignright\" title=\"Sotrender Memetrender\" src=\"https:\/\/www.sotrender.com\/blog\/wp-content\/uploads\/2012\/12\/logo.png\" alt=\"\" width=\"194\" height=\"45\" \/><\/a><\/p>\n<p>Z dum\u0105 prezentujemy nowy produkt Sotrendera \u2013 <strong>Memetrender<\/strong>, kt\u00f3ry sprawdza najpopularniejsze posty na Facebooku i poluje na najnowsze memy. Memetrender w wersji podstawowej jest dost\u0119pny publicznie dla ka\u017cdego na stronie Memetrender.com , a w wersji rozszerzonej\u00a0 &#8211; dla klient\u00f3w <a title=\"Sotrender\" href=\"http:\/\/www.sotrender.com\">Sotrendera<\/a>.<!--more--><\/p>\n<hr \/>\n<p><em><strong>Uwaga! Serwis Memtrender zosta\u0142 zamkni\u0119ty. Zapraszamy do zapoznania si\u0119 z <a href=\"https:\/\/www.sotrender.com\/blog\/pl\/2016\/03\/badania-gustow-w-social-media\/\">badaniem dotycz\u0105cym najpopularniejszych typ\u00f3w tre\u015bci w mediach spo\u0142eczno\u015bciowych<\/a>. <\/strong>[aktualizacja z 04\/2017]<\/em><\/p>\n<hr \/>\n<p>Memetrender pozwoli Ci sprawdzi\u0107 najpopularniejsze tre\u015bci na polskim Facebooku danego dnia. Dzi\u0119ki temu mo\u017cesz:<\/p>\n<ul>\n<li>zorientowa\u0107 si\u0119, co jest aktualnie na topie<\/li>\n<li>podejrze\u0107 konkurent\u00f3w i znale\u017a\u0107 inspiracj\u0119 do w\u0142asnej komunikacji<\/li>\n<li>z\u0142apa\u0107 najnowsze memy i wykorzysta\u0107 je przed innymi<\/li>\n<\/ul>\n<p><strong>Ala ma kota, my mamy memy!<\/strong><\/p>\n<h3>Jak powstaje ranking Memetrendera?<\/h3>\n<p>Korzystaj\u0105c z naszej obszernej bazy fanpage\u2019y jeste\u015bmy w stanie \u015bledzi\u0107 losy publikowanych tre\u015bci. Mo\u017cesz sprawdzi\u0107 najpopularniejsze wpisy opublikowane w ci\u0105gu ostatnich 6 lub 12 godzin, 1 lub 3 dni, na ca\u0142ym &#8220;polskim&#8221; Facebooku oraz w poszczeg\u00f3lnych kategoriach stron.\u00a0Dla ka\u017cdego opublikowanego posta w naszej bazie zliczamy ilo\u015b\u0107 \u201eLubi\u0119 to\u201d oraz komentarzy i udost\u0119pnie\u0144. Na tej podstawie obliczamy <a href=\"https:\/\/www.sotrender.com\/blog\/pl\/2012\/10\/interactivity-index-czyli-nasz-wskaznik-aktywnosci-na-fanpageu\/\">Interactivity Index<\/a>, czyli nasz autorski wska\u017anik m\u00f3wi\u0105cy o popularno\u015bci danego posta. Istnieje mo\u017cliwo\u015b\u0107 sortowania post\u00f3w wed\u0142ug jednej z czterech kategorii:<\/p>\n<ul>\n<li>liczby &#8220;lubi\u0119 to&#8221;<\/li>\n<li>liczby komentarzy,<\/li>\n<li>liczby udost\u0119pnie\u0144,<\/li>\n<li><a href=\"https:\/\/www.sotrender.com\/blog\/pl\/2012\/10\/interactivity-index-czyli-nasz-wskaznik-aktywnosci-na-fanpageu\/\">Interactivity Index<\/a><\/li>\n<\/ul>\n<div>Tak wygl\u0105da jeden z najpopularniejszych post\u00f3w:<\/div>\n<p><a href=\"https:\/\/www.sotrender.com\/blog\/wp-content\/uploads\/2012\/12\/post-memetrender.png\"><img loading=\"lazy\" decoding=\"async\" class=\"alignnone wp-image-3813\" title=\"post memetrender\" src=\"https:\/\/www.sotrender.com\/blog\/wp-content\/uploads\/2012\/12\/post-memetrender-300x183.png\" alt=\"\" width=\"409\" height=\"250\" \/><\/a><\/p>\n<p>Jak wszyscy dobrze wiemy, sekret dobrych tre\u015bci tkwi w rozpoznaniu potrzeb naszej grupy docelowej;)<\/p>\n<p><a href=\"https:\/\/www.sotrender.com\/blog\/wp-content\/uploads\/2012\/12\/Sotrender-Meme.png\"><img loading=\"lazy\" decoding=\"async\" class=\"alignnone wp-image-3823\" title=\"Sotrender Memetrender\" src=\"https:\/\/www.sotrender.com\/blog\/wp-content\/uploads\/2012\/12\/Sotrender-Meme-300x191.png\" alt=\"\" width=\"409\" height=\"250\" \/><\/a><\/p>\n<p>Dajemy Ci mo\u017cliwo\u015b\u0107 sprawdzenia jakie s\u0105 najpopularniejsze posty w jednej z nast\u0119puj\u0105cych kategorii:<\/p>\n<ul>\n<li>Facebook \u2013 Polska<\/li>\n<li>Sport \u2013 Polska<\/li>\n<li>Blog \u2013 Polska<\/li>\n<li>Polityka \u2013 Polska<\/li>\n<li>Celebryci \u2013 Polska<\/li>\n<\/ul>\n<div>Je\u015bli macie pomys\u0142y na inne kategorie, dajcie nam zna\u0107, np.w komentarzu pod wpisem:)!<\/div>\n<p>Co wa\u017cne, ranking jest aktualizowany co kilka godzin, a prezentowane dane poszczeg\u00f3lnych post\u00f3w &#8211; na bie\u017c\u0105co niezale\u017cnie od kolejno\u015bci sortowania. Mo\u017ce si\u0119 zdarzy\u0107, \u017ce niekt\u00f3re posty b\u0119d\u0105 mia\u0142y wy\u017csze warto\u015bci aktywno\u015bci ni\u017c wynika\u0142oby to z ich miejsca w rankingu.<\/p>\n<h3><strong>Pe\u0142na wersja Sotrendera, czyli jak pozna\u0107 wi\u0119cej najpopularniejszych mem\u00f3w?<\/strong><\/h3>\n<p>Je\u015bli jeste\u015b zainteresowany korzystaniem z narz\u0119dzia, <a href=\"http:\/\/www.sotrender.com\/pl\/contact\">skontaktuj si\u0119 z nami<\/a>! Wszystkim zainteresowanym udost\u0119pniamy bezp\u0142atn\u0105 wersj\u0119 narz\u0119dzia do u\u017cytku publicznego a w niej najpopularniejsze posty z ostatnich 6 i 24 godzin. Wystarczy wej\u015b\u0107 na stron\u0119 Memetrendera.<\/p>\n<p>W wersji pe\u0142nej uzyskasz:<\/p>\n<ul>\n<li>dost\u0119p nawet do <strong>100 post\u00f3w<\/strong> dla ka\u017cdej kategorii(w wersji bezp\u0142atnej 10),<\/li>\n<li>mo\u017cliwo\u015b\u0107 sortowania ich wed\u0142ug jednej z 4 kategorii: <strong>najpopularniejsze posty z 6, 12, 24 h oraz 3 dni<\/strong><\/li>\n<li><strong>Dodatkowe kategorie:<\/strong> Telekomunikacja \u2013 Polska i Bank \u2013Polska, kolejne w przygotowaniu.<\/li>\n<\/ul>\n<p>Pe\u0142na wersja jest dost\u0119pna dla Klient\u00f3w Sotrendera. Je\u015bli ju\u017c nim jeste\u015b, skontaktuj si\u0119 z nami.<\/p>\n<p><em><strong>Uwaga! Serwis Memtrender zosta\u0142 zamkni\u0119ty. Zapraszamy do zapoznania si\u0119 z <a href=\"https:\/\/www.sotrender.com\/blog\/pl\/2016\/03\/badania-gustow-w-social-media\/\">badaniem dotycz\u0105cym najpopularniejszych typ\u00f3w tre\u015bci w mediach spo\u0142eczno\u015bciowych<\/a>. <\/strong>[aktualizacja z 04\/2017]<\/em><\/p>\n","protected":false},"excerpt":{"rendered":"<p>Z dum\u0105 prezentujemy nowy produkt Sotrendera \u2013 Memetrender, kt\u00f3ry sprawdza najpopularniejsze posty na Facebooku i poluje na najnowsze memy. Memetrender w wersji podstawowej jest dost\u0119pny publicznie dla ka\u017cdego na stronie Memetrender.com , a w wersji rozszerzonej\u00a0 &#8211; dla klient\u00f3w Sotrendera.<\/p>\n","protected":false},"author":2,"featured_media":24437,"comment_status":"open","ping_status":"open","sticky":false,"template":"","format":"standard","meta":{"inline_featured_image":false,"footnotes":""},"categories":[1795],"tags":[351,355,7,17],"yoast_head":"<!-- This site is optimized with the Yoast SEO plugin v22.4 - https:\/\/yoast.com\/wordpress\/plugins\/seo\/ -->\n<title>Memetrender: my mamy memy! Najlepsze tre\u015bci Facebooka, najnowsze memy<\/title>\n<meta name=\"description\" content=\"Memetrender sprawdza najpopularniejsze posty na Facebooku i poluje na najnowsze memy. Podgl\u0105daj konkurencj\u0119, znajd\u017a inspiracj\u0119, poznaj co jest na topie!\" \/>\n<meta name=\"robots\" content=\"index, follow, max-snippet:-1, max-image-preview:large, max-video-preview:-1\" \/>\n<link rel=\"canonical\" href=\"https:\/\/www.sotrender.com\/blog\/pl\/2012\/12\/memetrender-nowy-produkt-od-sotrendera\/\" \/>\n<meta property=\"og:locale\" content=\"pl_PL\" \/>\n<meta property=\"og:type\" content=\"article\" \/>\n<meta property=\"og:title\" content=\"Memetrender: my mamy memy! Najlepsze tre\u015bci Facebooka, najnowsze memy\" \/>\n<meta property=\"og:description\" content=\"Memetrender sprawdza najpopularniejsze posty na Facebooku i poluje na najnowsze memy. Podgl\u0105daj konkurencj\u0119, znajd\u017a inspiracj\u0119, poznaj co jest na topie!\" \/>\n<meta property=\"og:url\" content=\"https:\/\/www.sotrender.com\/blog\/pl\/2012\/12\/memetrender-nowy-produkt-od-sotrendera\/\" \/>\n<meta property=\"og:site_name\" content=\"Sotrender Blog\" \/>\n<meta property=\"article:publisher\" content=\"https:\/\/www.facebook.com\/Sotrender\" \/>\n<meta property=\"article:author\" content=\"https:\/\/www.facebook.com\/jan.zajac.75?fref=ts\" \/>\n<meta property=\"article:published_time\" content=\"2012-12-18T15:58:29+00:00\" \/>\n<meta property=\"article:modified_time\" content=\"2017-04-19T11:39:41+00:00\" \/>\n<meta property=\"og:image\" content=\"https:\/\/www.sotrender.com\/blog\/wp-content\/uploads\/2016\/12\/k6jabvzfbqi-joel-beukelman-min.jpg\" \/>\n\t<meta property=\"og:image:width\" content=\"3539\" \/>\n\t<meta property=\"og:image:height\" content=\"2359\" \/>\n\t<meta property=\"og:image:type\" content=\"image\/jpeg\" \/>\n<meta name=\"author\" content=\"Jan Zaj\u0105c\" \/>\n<meta name=\"twitter:card\" content=\"summary_large_image\" \/>\n<meta name=\"twitter:creator\" content=\"@http:\/\/twitter.com\/janekzajac\" \/>\n<meta name=\"twitter:site\" content=\"@Sotrender\" \/>\n<meta name=\"twitter:label1\" content=\"Written by\" \/>\n\t<meta name=\"twitter:data1\" content=\"Jan Zaj\u0105c\" \/>\n\t<meta name=\"twitter:label2\" content=\"Est. reading time\" \/>\n\t<meta name=\"twitter:data2\" content=\"2 minutes\" \/>\n<script type=\"application\/ld+json\" class=\"yoast-schema-graph\">{\"@context\":\"https:\/\/schema.org\",\"@graph\":[{\"@type\":\"WebPage\",\"@id\":\"https:\/\/www.sotrender.com\/blog\/pl\/2012\/12\/memetrender-nowy-produkt-od-sotrendera\/\",\"url\":\"https:\/\/www.sotrender.com\/blog\/pl\/2012\/12\/memetrender-nowy-produkt-od-sotrendera\/\",\"name\":\"Memetrender: my mamy memy! Najlepsze tre\u015bci Facebooka, najnowsze memy\",\"isPartOf\":{\"@id\":\"https:\/\/www.sotrender.com\/blog\/#website\"},\"primaryImageOfPage\":{\"@id\":\"https:\/\/www.sotrender.com\/blog\/pl\/2012\/12\/memetrender-nowy-produkt-od-sotrendera\/#primaryimage\"},\"image\":{\"@id\":\"https:\/\/www.sotrender.com\/blog\/pl\/2012\/12\/memetrender-nowy-produkt-od-sotrendera\/#primaryimage\"},\"thumbnailUrl\":\"https:\/\/www.sotrender.com\/blog\/wp-content\/uploads\/2016\/12\/k6jabvzfbqi-joel-beukelman-min.jpg\",\"datePublished\":\"2012-12-18T15:58:29+00:00\",\"dateModified\":\"2017-04-19T11:39:41+00:00\",\"author\":{\"@id\":\"https:\/\/www.sotrender.com\/blog\/#\/schema\/person\/15d4db3ba9c4e61b1cb96099300e7c51\"},\"description\":\"Memetrender sprawdza najpopularniejsze posty na Facebooku i poluje na najnowsze memy. Podgl\u0105daj konkurencj\u0119, znajd\u017a inspiracj\u0119, poznaj co jest na topie!\",\"breadcrumb\":{\"@id\":\"https:\/\/www.sotrender.com\/blog\/pl\/2012\/12\/memetrender-nowy-produkt-od-sotrendera\/#breadcrumb\"},\"inLanguage\":\"pl-PL\",\"potentialAction\":[{\"@type\":\"ReadAction\",\"target\":[\"https:\/\/www.sotrender.com\/blog\/pl\/2012\/12\/memetrender-nowy-produkt-od-sotrendera\/\"]}]},{\"@type\":\"ImageObject\",\"inLanguage\":\"pl-PL\",\"@id\":\"https:\/\/www.sotrender.com\/blog\/pl\/2012\/12\/memetrender-nowy-produkt-od-sotrendera\/#primaryimage\",\"url\":\"https:\/\/www.sotrender.com\/blog\/wp-content\/uploads\/2016\/12\/k6jabvzfbqi-joel-beukelman-min.jpg\",\"contentUrl\":\"https:\/\/www.sotrender.com\/blog\/wp-content\/uploads\/2016\/12\/k6jabvzfbqi-joel-beukelman-min.jpg\",\"width\":3539,\"height\":2359},{\"@type\":\"BreadcrumbList\",\"@id\":\"https:\/\/www.sotrender.com\/blog\/pl\/2012\/12\/memetrender-nowy-produkt-od-sotrendera\/#breadcrumb\",\"itemListElement\":[{\"@type\":\"ListItem\",\"position\":1,\"name\":\"Home\",\"item\":\"https:\/\/www.sotrender.com\/blog\/\"},{\"@type\":\"ListItem\",\"position\":2,\"name\":\"Memetrender &#8211; nowy produkt od Sotrendera\"}]},{\"@type\":\"WebSite\",\"@id\":\"https:\/\/www.sotrender.com\/blog\/#website\",\"url\":\"https:\/\/www.sotrender.com\/blog\/\",\"name\":\"Sotrender Blog\",\"description\":\"\",\"potentialAction\":[{\"@type\":\"SearchAction\",\"target\":{\"@type\":\"EntryPoint\",\"urlTemplate\":\"https:\/\/www.sotrender.com\/blog\/?s={search_term_string}\"},\"query-input\":\"required name=search_term_string\"}],\"inLanguage\":\"pl-PL\"},{\"@type\":\"Person\",\"@id\":\"https:\/\/www.sotrender.com\/blog\/#\/schema\/person\/15d4db3ba9c4e61b1cb96099300e7c51\",\"name\":\"Jan Zaj\u0105c\",\"image\":{\"@type\":\"ImageObject\",\"inLanguage\":\"pl-PL\",\"@id\":\"https:\/\/www.sotrender.com\/blog\/#\/schema\/person\/image\/\",\"url\":\"https:\/\/secure.gravatar.com\/avatar\/330c70ea205c5402148d7c7d8927d81d?s=96&d=mm&r=g\",\"contentUrl\":\"https:\/\/secure.gravatar.com\/avatar\/330c70ea205c5402148d7c7d8927d81d?s=96&d=mm&r=g\",\"caption\":\"Jan Zaj\u0105c\"},\"description\":\"Psychologist &amp; economist, experienced consultant &amp; researcher, who speaks 6 languages and has cycled around 17 countries.\",\"sameAs\":[\"https:\/\/www.facebook.com\/jan.zajac.75?fref=ts\",\"https:\/\/www.linkedin.com\/in\/janekzajac\",\"https:\/\/twitter.com\/http:\/\/twitter.com\/janekzajac\"],\"url\":\"https:\/\/www.sotrender.com\/blog\/pl\/author\/jan_zajc\/\"}]}<\/script>\n<!-- \/ Yoast SEO plugin. -->","yoast_head_json":{"title":"Memetrender: my mamy memy! Najlepsze tre\u015bci Facebooka, najnowsze memy","description":"Memetrender sprawdza najpopularniejsze posty na Facebooku i poluje na najnowsze memy. Podgl\u0105daj konkurencj\u0119, znajd\u017a inspiracj\u0119, poznaj co jest na topie!","robots":{"index":"index","follow":"follow","max-snippet":"max-snippet:-1","max-image-preview":"max-image-preview:large","max-video-preview":"max-video-preview:-1"},"canonical":"https:\/\/www.sotrender.com\/blog\/pl\/2012\/12\/memetrender-nowy-produkt-od-sotrendera\/","og_locale":"pl_PL","og_type":"article","og_title":"Memetrender: my mamy memy! Najlepsze tre\u015bci Facebooka, najnowsze memy","og_description":"Memetrender sprawdza najpopularniejsze posty na Facebooku i poluje na najnowsze memy. Podgl\u0105daj konkurencj\u0119, znajd\u017a inspiracj\u0119, poznaj co jest na topie!","og_url":"https:\/\/www.sotrender.com\/blog\/pl\/2012\/12\/memetrender-nowy-produkt-od-sotrendera\/","og_site_name":"Sotrender Blog","article_publisher":"https:\/\/www.facebook.com\/Sotrender","article_author":"https:\/\/www.facebook.com\/jan.zajac.75?fref=ts","article_published_time":"2012-12-18T15:58:29+00:00","article_modified_time":"2017-04-19T11:39:41+00:00","og_image":[{"width":3539,"height":2359,"url":"https:\/\/www.sotrender.com\/blog\/wp-content\/uploads\/2016\/12\/k6jabvzfbqi-joel-beukelman-min.jpg","type":"image\/jpeg"}],"author":"Jan Zaj\u0105c","twitter_card":"summary_large_image","twitter_creator":"@http:\/\/twitter.com\/janekzajac","twitter_site":"@Sotrender","twitter_misc":{"Written by":"Jan Zaj\u0105c","Est. reading time":"2 minutes"},"schema":{"@context":"https:\/\/schema.org","@graph":[{"@type":"WebPage","@id":"https:\/\/www.sotrender.com\/blog\/pl\/2012\/12\/memetrender-nowy-produkt-od-sotrendera\/","url":"https:\/\/www.sotrender.com\/blog\/pl\/2012\/12\/memetrender-nowy-produkt-od-sotrendera\/","name":"Memetrender: my mamy memy! Najlepsze tre\u015bci Facebooka, najnowsze memy","isPartOf":{"@id":"https:\/\/www.sotrender.com\/blog\/#website"},"primaryImageOfPage":{"@id":"https:\/\/www.sotrender.com\/blog\/pl\/2012\/12\/memetrender-nowy-produkt-od-sotrendera\/#primaryimage"},"image":{"@id":"https:\/\/www.sotrender.com\/blog\/pl\/2012\/12\/memetrender-nowy-produkt-od-sotrendera\/#primaryimage"},"thumbnailUrl":"https:\/\/www.sotrender.com\/blog\/wp-content\/uploads\/2016\/12\/k6jabvzfbqi-joel-beukelman-min.jpg","datePublished":"2012-12-18T15:58:29+00:00","dateModified":"2017-04-19T11:39:41+00:00","author":{"@id":"https:\/\/www.sotrender.com\/blog\/#\/schema\/person\/15d4db3ba9c4e61b1cb96099300e7c51"},"description":"Memetrender sprawdza najpopularniejsze posty na Facebooku i poluje na najnowsze memy. Podgl\u0105daj konkurencj\u0119, znajd\u017a inspiracj\u0119, poznaj co jest na topie!","breadcrumb":{"@id":"https:\/\/www.sotrender.com\/blog\/pl\/2012\/12\/memetrender-nowy-produkt-od-sotrendera\/#breadcrumb"},"inLanguage":"pl-PL","potentialAction":[{"@type":"ReadAction","target":["https:\/\/www.sotrender.com\/blog\/pl\/2012\/12\/memetrender-nowy-produkt-od-sotrendera\/"]}]},{"@type":"ImageObject","inLanguage":"pl-PL","@id":"https:\/\/www.sotrender.com\/blog\/pl\/2012\/12\/memetrender-nowy-produkt-od-sotrendera\/#primaryimage","url":"https:\/\/www.sotrender.com\/blog\/wp-content\/uploads\/2016\/12\/k6jabvzfbqi-joel-beukelman-min.jpg","contentUrl":"https:\/\/www.sotrender.com\/blog\/wp-content\/uploads\/2016\/12\/k6jabvzfbqi-joel-beukelman-min.jpg","width":3539,"height":2359},{"@type":"BreadcrumbList","@id":"https:\/\/www.sotrender.com\/blog\/pl\/2012\/12\/memetrender-nowy-produkt-od-sotrendera\/#breadcrumb","itemListElement":[{"@type":"ListItem","position":1,"name":"Home","item":"https:\/\/www.sotrender.com\/blog\/"},{"@type":"ListItem","position":2,"name":"Memetrender &#8211; nowy produkt od Sotrendera"}]},{"@type":"WebSite","@id":"https:\/\/www.sotrender.com\/blog\/#website","url":"https:\/\/www.sotrender.com\/blog\/","name":"Sotrender Blog","description":"","potentialAction":[{"@type":"SearchAction","target":{"@type":"EntryPoint","urlTemplate":"https:\/\/www.sotrender.com\/blog\/?s={search_term_string}"},"query-input":"required name=search_term_string"}],"inLanguage":"pl-PL"},{"@type":"Person","@id":"https:\/\/www.sotrender.com\/blog\/#\/schema\/person\/15d4db3ba9c4e61b1cb96099300e7c51","name":"Jan Zaj\u0105c","image":{"@type":"ImageObject","inLanguage":"pl-PL","@id":"https:\/\/www.sotrender.com\/blog\/#\/schema\/person\/image\/","url":"https:\/\/secure.gravatar.com\/avatar\/330c70ea205c5402148d7c7d8927d81d?s=96&d=mm&r=g","contentUrl":"https:\/\/secure.gravatar.com\/avatar\/330c70ea205c5402148d7c7d8927d81d?s=96&d=mm&r=g","caption":"Jan Zaj\u0105c"},"description":"Psychologist &amp; economist, experienced consultant &amp; researcher, who speaks 6 languages and has cycled around 17 countries.","sameAs":["https:\/\/www.facebook.com\/jan.zajac.75?fref=ts","https:\/\/www.linkedin.com\/in\/janekzajac","https:\/\/twitter.com\/http:\/\/twitter.com\/janekzajac"],"url":"https:\/\/www.sotrender.com\/blog\/pl\/author\/jan_zajc\/"}]}},"_links":{"self":[{"href":"https:\/\/www.sotrender.com\/blog\/pl\/wp-json\/wp\/v2\/posts\/3805"}],"collection":[{"href":"https:\/\/www.sotrender.com\/blog\/pl\/wp-json\/wp\/v2\/posts"}],"about":[{"href":"https:\/\/www.sotrender.com\/blog\/pl\/wp-json\/wp\/v2\/types\/post"}],"author":[{"embeddable":true,"href":"https:\/\/www.sotrender.com\/blog\/pl\/wp-json\/wp\/v2\/users\/2"}],"replies":[{"embeddable":true,"href":"https:\/\/www.sotrender.com\/blog\/pl\/wp-json\/wp\/v2\/comments?post=3805"}],"version-history":[{"count":31,"href":"https:\/\/www.sotrender.com\/blog\/pl\/wp-json\/wp\/v2\/posts\/3805\/revisions"}],"predecessor-version":[{"id":26843,"href":"https:\/\/www.sotrender.com\/blog\/pl\/wp-json\/wp\/v2\/posts\/3805\/revisions\/26843"}],"wp:featuredmedia":[{"embeddable":true,"href":"https:\/\/www.sotrender.com\/blog\/pl\/wp-json\/wp\/v2\/media\/24437"}],"wp:attachment":[{"href":"https:\/\/www.sotrender.com\/blog\/pl\/wp-json\/wp\/v2\/media?parent=3805"}],"wp:term":[{"taxonomy":"category","embeddable":true,"href":"https:\/\/www.sotrender.com\/blog\/pl\/wp-json\/wp\/v2\/categories?post=3805"},{"taxonomy":"post_tag","embeddable":true,"href":"https:\/\/www.sotrender.com\/blog\/pl\/wp-json\/wp\/v2\/tags?post=3805"}],"curies":[{"name":"wp","href":"https:\/\/api.w.org\/{rel}","templated":true}]}}