{"id":37997,"date":"2019-08-05T14:00:30","date_gmt":"2019-08-05T12:00:30","guid":{"rendered":"https:\/\/www.sotrender.com\/blog\/?p=37997\/"},"modified":"2019-08-05T14:00:30","modified_gmt":"2019-08-05T12:00:30","slug":"facebook-trends-lipiec-2019","status":"publish","type":"post","link":"https:\/\/www.sotrender.com\/blog\/pl\/2019\/08\/facebook-trends-lipiec-2019\/","title":{"rendered":"Facebook Trends lipiec 2019 &#8211; muzyczne powroty i kultowe festiwale"},"content":{"rendered":"<p><span style=\"font-weight: 400;\">Je\u015bli nie jeste\u015bcie gorliwymi fanami sportu lub muzyki, mo\u017ce Wam si\u0119 wydawa\u0107, \u017ce lipiec by\u0142 miesi\u0105cem jak ka\u017cdy inny. Postaramy si\u0119 jednak udowodni\u0107, \u017ce nic bardziej mylnego.<\/span><\/p>\n<p><span style=\"font-weight: 400;\">Zapraszamy na <a href=\"https:\/\/www.sotrender.com\/trends\/facebook\/poland\/201907\">lipcowe wydanie raportu Facebook Trends<\/a>!\u00a0<\/span><\/p>\n<h2><b>Wielkie powroty\u2026 i stali bywalcy\u00a0<\/b><\/h2>\n<p><span style=\"font-weight: 400;\">Wasi ulubieni tw\u00f3rcy, po kilku miesi\u0105cach nieobecno\u015bci, wracaj\u0105 z nowymi materia\u0142ami.\u00a0<\/span><\/p>\n<p><span style=\"font-weight: 400;\">O kim mowa? Taco Hemingway wyda\u0142 now\u0105, ponownie bezp\u0142atnie dost\u0119pn\u0105, p\u0142yt\u0119, kt\u00f3ra zapewni\u0142a mu znaczny wzrost liczby Aktywnych u\u017cytkownik\u00f3w i uplasowanie si\u0119 w \u015bcis\u0142ej czo\u0142\u00f3wce w kategorii <a href=\"https:\/\/www.sotrender.com\/trends\/facebook\/poland\/201907\/osoby\/muzycy_zespoly\">Muzycy i zespo\u0142y<\/a>.<\/span><\/p>\n<div id=\"attachment_38007\" style=\"width: 987px\" class=\"wp-caption aligncenter\"><img loading=\"lazy\" decoding=\"async\" aria-describedby=\"caption-attachment-38007\" class=\"size-full wp-image-38007\" src=\"https:\/\/www.sotrender.com\/blog\/wp-content\/uploads\/2019\/08\/Zrzut-ekranu-2019-08-5-o-11.27.00.png\" alt=\"taco hemingway nowa plyta \" width=\"977\" height=\"299\" srcset=\"https:\/\/www.sotrender.com\/blog\/wp-content\/uploads\/2019\/08\/Zrzut-ekranu-2019-08-5-o-11.27.00.png 977w, https:\/\/www.sotrender.com\/blog\/wp-content\/uploads\/2019\/08\/Zrzut-ekranu-2019-08-5-o-11.27.00-475x145.png 475w, https:\/\/www.sotrender.com\/blog\/wp-content\/uploads\/2019\/08\/Zrzut-ekranu-2019-08-5-o-11.27.00-768x235.png 768w, https:\/\/www.sotrender.com\/blog\/wp-content\/uploads\/2019\/08\/Zrzut-ekranu-2019-08-5-o-11.27.00-950x291.png 950w\" sizes=\"(max-width: 977px) 100vw, 977px\" \/><p id=\"caption-attachment-38007\" class=\"wp-caption-text\">Facebook Trends Polska Lipiec 2019: <a href=\"https:\/\/www.sotrender.com\/trends\/facebook\/poland\/201907\/osoby\/muzycy_zespoly\">Muzycy i zespo\u0142y | Aktywni u\u017cytkownicy<\/a><\/p><\/div>\n<p><span style=\"font-weight: 400;\">Nowy materia\u0142, po d\u0142u\u017cszej przerwie, opublikowa\u0142 tak\u017ce SA Ward\u0119ga.\u00a0<\/span><\/p>\n<p><span style=\"font-weight: 400;\">Jego post by\u0142 drugim najlepszym postem w kategorii Blogi\/ Vlogi, osi\u0105gaj\u0105c ponad 11 tysi\u0119cy udost\u0119pnie\u0144.\u00a0<\/span><\/p>\n<div id=\"attachment_38003\" style=\"width: 994px\" class=\"wp-caption aligncenter\"><img loading=\"lazy\" decoding=\"async\" aria-describedby=\"caption-attachment-38003\" class=\"size-full wp-image-38003\" src=\"https:\/\/www.sotrender.com\/blog\/wp-content\/uploads\/2019\/08\/Zrzut-ekranu-2019-08-5-o-11.23.47.png\" alt=\"sa wardega \" width=\"984\" height=\"468\" srcset=\"https:\/\/www.sotrender.com\/blog\/wp-content\/uploads\/2019\/08\/Zrzut-ekranu-2019-08-5-o-11.23.47.png 984w, https:\/\/www.sotrender.com\/blog\/wp-content\/uploads\/2019\/08\/Zrzut-ekranu-2019-08-5-o-11.23.47-475x226.png 475w, https:\/\/www.sotrender.com\/blog\/wp-content\/uploads\/2019\/08\/Zrzut-ekranu-2019-08-5-o-11.23.47-768x365.png 768w, https:\/\/www.sotrender.com\/blog\/wp-content\/uploads\/2019\/08\/Zrzut-ekranu-2019-08-5-o-11.23.47-950x452.png 950w\" sizes=\"(max-width: 984px) 100vw, 984px\" \/><p id=\"caption-attachment-38003\" class=\"wp-caption-text\">Facebook Trends Polska Lipiec 2019: <a href=\"https:\/\/www.sotrender.com\/trends\/facebook\/poland\/201907\/blogi_vlogi\">Blogi\/Vlogi | Najlepsze posty<\/a><\/p><\/div>\n<p><span style=\"font-weight: 400;\">W ramach Dnia Psa, podobn\u0105 kreacj\u0119 do materia\u0142u Ward\u0119gi stworzy\u0142 r\u00f3wnie\u017c OLX Polska, nawo\u0142uj\u0105c do nieporzucania ich w lesie. Post OLX zebra\u0142 ponad 7 tys. udost\u0119pnie\u0144 i 15 tys. reakcji.\u00a0<\/span><b>OLX Polska, ponownie, brawo!<\/b><\/p>\n<div id=\"attachment_38005\" style=\"width: 999px\" class=\"wp-caption aligncenter\"><img loading=\"lazy\" decoding=\"async\" aria-describedby=\"caption-attachment-38005\" class=\"size-full wp-image-38005\" src=\"https:\/\/www.sotrender.com\/blog\/wp-content\/uploads\/2019\/08\/Zrzut-ekranu-2019-08-5-o-11.25.50.png\" alt=\"olx polska dzien psa\" width=\"989\" height=\"475\" srcset=\"https:\/\/www.sotrender.com\/blog\/wp-content\/uploads\/2019\/08\/Zrzut-ekranu-2019-08-5-o-11.25.50.png 989w, https:\/\/www.sotrender.com\/blog\/wp-content\/uploads\/2019\/08\/Zrzut-ekranu-2019-08-5-o-11.25.50-475x228.png 475w, https:\/\/www.sotrender.com\/blog\/wp-content\/uploads\/2019\/08\/Zrzut-ekranu-2019-08-5-o-11.25.50-768x369.png 768w, https:\/\/www.sotrender.com\/blog\/wp-content\/uploads\/2019\/08\/Zrzut-ekranu-2019-08-5-o-11.25.50-950x456.png 950w\" sizes=\"(max-width: 989px) 100vw, 989px\" \/><p id=\"caption-attachment-38005\" class=\"wp-caption-text\">Post OLX Polska z kreacj\u0105 w ramach Dnia Psa sta\u0142 si\u0119 najlepszym postem w kategorii <a href=\"https:\/\/www.sotrender.com\/trends\/facebook\/poland\/201907\/handel\">Handel w lipcu<\/a><\/p><\/div>\n<h2><b>Muzyczne lato<\/b><\/h2>\n<p><span style=\"font-weight: 400;\">Lato to zdecydowanie czas festiwali.\u00a0<\/span><\/p>\n<p><span style=\"font-weight: 400;\">Po Openerze, przyszed\u0142 czas na kolejne z nich: Audioriver, Sunrise, Pol\u2019and\u2019Rock oraz OFF.\u00a0<\/span><\/p>\n<p><span style=\"font-weight: 400;\">Najwi\u0119kszym wzrostem zaanga\u017cowania fan\u00f3w cieszy\u0142 si\u0119 jednak w lipcu Sunrise, depcz\u0105c po pi\u0119tach profilowi festiwalu Pol\u2019and\u2019Rock.\u00a0<\/span><\/p>\n<div id=\"attachment_38001\" style=\"width: 1004px\" class=\"wp-caption aligncenter\"><img loading=\"lazy\" decoding=\"async\" aria-describedby=\"caption-attachment-38001\" class=\"size-full wp-image-38001\" src=\"https:\/\/www.sotrender.com\/blog\/wp-content\/uploads\/2019\/08\/Zrzut-ekranu-2019-08-5-o-11.22.20.png\" alt=\"muzyka sunrise pol and rock\" width=\"994\" height=\"383\" srcset=\"https:\/\/www.sotrender.com\/blog\/wp-content\/uploads\/2019\/08\/Zrzut-ekranu-2019-08-5-o-11.22.20.png 994w, https:\/\/www.sotrender.com\/blog\/wp-content\/uploads\/2019\/08\/Zrzut-ekranu-2019-08-5-o-11.22.20-475x183.png 475w, https:\/\/www.sotrender.com\/blog\/wp-content\/uploads\/2019\/08\/Zrzut-ekranu-2019-08-5-o-11.22.20-768x296.png 768w, https:\/\/www.sotrender.com\/blog\/wp-content\/uploads\/2019\/08\/Zrzut-ekranu-2019-08-5-o-11.22.20-950x366.png 950w\" sizes=\"(max-width: 994px) 100vw, 994px\" \/><p id=\"caption-attachment-38001\" class=\"wp-caption-text\">Profile o najwi\u0119kszym zaanga\u017cowaniu na Facebooku w kategorii <a href=\"https:\/\/www.sotrender.com\/trends\/facebook\/poland\/201907\/kultura\/muzyka\">Muzyka<\/a><\/p><\/div>\n<h2><b>Polskie sukcesy w Lidze Narod\u00f3w<\/b><\/h2>\n<p><span style=\"font-weight: 400;\"><a href=\"https:\/\/www.sotrender.com\/blog\/pl\/2019\/07\/facebook-trends-czerwiec-2019\/\">W ubieg\u0142ym miesi\u0105cu<\/a> pisali\u015bmy o wielu emocjach zwi\u0105zanych z m\u0119skim, oraz damskimi, meczami w ramach Ligi Narod\u00f3w.\u00a0<\/span><\/p>\n<p><span style=\"font-weight: 400;\">Fina\u0142 m\u0119skich rozgrywek, kt\u00f3ry przypad\u0142 po\u0142ow\u0119 lipca, dostarczy\u0142 ponownie ogrom emocji. Nie zawiedli r\u00f3wnie\u017c Polscy siatkarze, kt\u00f3rzy w pi\u0119knym stylu zdobyli br\u0105zowy medal, pokonuj\u0105c dru\u017cyn\u0119 z Brazylii.\u00a0<\/span><\/p>\n<div id=\"attachment_37999\" style=\"width: 996px\" class=\"wp-caption aligncenter\"><img loading=\"lazy\" decoding=\"async\" aria-describedby=\"caption-attachment-37999\" class=\"size-full wp-image-37999\" src=\"https:\/\/www.sotrender.com\/blog\/wp-content\/uploads\/2019\/08\/Zrzut-ekranu-2019-08-5-o-11.19.08.png\" alt=\"facebook lipiec\" width=\"986\" height=\"465\" srcset=\"https:\/\/www.sotrender.com\/blog\/wp-content\/uploads\/2019\/08\/Zrzut-ekranu-2019-08-5-o-11.19.08.png 986w, https:\/\/www.sotrender.com\/blog\/wp-content\/uploads\/2019\/08\/Zrzut-ekranu-2019-08-5-o-11.19.08-475x224.png 475w, https:\/\/www.sotrender.com\/blog\/wp-content\/uploads\/2019\/08\/Zrzut-ekranu-2019-08-5-o-11.19.08-768x362.png 768w, https:\/\/www.sotrender.com\/blog\/wp-content\/uploads\/2019\/08\/Zrzut-ekranu-2019-08-5-o-11.19.08-950x448.png 950w\" sizes=\"(max-width: 986px) 100vw, 986px\" \/><p id=\"caption-attachment-37999\" class=\"wp-caption-text\">Najlepsze posty w kategorii <a href=\"https:\/\/www.sotrender.com\/trends\/facebook\/poland\/201907\/sport\">Sport<\/a> w lipcu na Facebooku<\/p><\/div>\n<p>&nbsp;<\/p>\n<h2 class=\"mceTemp\"><b>Facebook Trends lipiec 2019<\/b><\/h2>\n<p><span style=\"font-weight: 400;\">O kt\u00f3rej polskiej blogerce i jej kampaniach by\u0142o najg\u0142o\u015bniej w lipcu? Jaki post spowodowa\u0142 wzrost zaanga\u017cowania fan\u00f3w Biedronki? Kt\u00f3re miejsce w Polsce prze\u017cywa\u0142o prawdziwe obl\u0119\u017cenie, nie tylko na Facebooku?\u00a0<\/span><\/p>\n<p><span style=\"font-weight: 400;\">Tego wszystkiego dowiecie si\u0119 z <a href=\"https:\/\/www.sotrender.com\/trends\/facebook\/poland\/201907\">najnowszego wydania raportu Facebook Trends<\/a>!\u00a0<\/span><\/p>\n","protected":false},"excerpt":{"rendered":"<p>Je\u015bli nie jeste\u015bcie gorliwymi fanami sportu lub muzyki, mo\u017ce Wam si\u0119 wydawa\u0107, \u017ce lipiec by\u0142 miesi\u0105cem jak ka\u017cdy inny. Postaramy si\u0119 jednak udowodni\u0107, \u017ce nic bardziej mylnego. Zapraszamy na lipcowe wydanie raportu Facebook Trends!\u00a0 Wielkie powroty\u2026 i stali bywalcy\u00a0 Wasi ulubieni tw\u00f3rcy, po kilku miesi\u0105cach nieobecno\u015bci, wracaj\u0105 z nowymi materia\u0142ami.\u00a0 O kim mowa? Taco Hemingway [&hellip;]<\/p>\n","protected":false},"author":89,"featured_media":38025,"comment_status":"open","ping_status":"open","sticky":false,"template":"","format":"standard","meta":{"inline_featured_image":false,"footnotes":""},"categories":[1791,1797,2125],"tags":[2307,2495],"yoast_head":"<!-- This site is optimized with the Yoast SEO plugin v22.4 - https:\/\/yoast.com\/wordpress\/plugins\/seo\/ -->\n<title>Facebook Trends lipiec 2019 - muzyczne powroty i kultowe festiwale<\/title>\n<meta name=\"description\" content=\"Je\u015bli nie jeste\u015bcie fanami sportu lub muzyki, mo\u017ce Wam si\u0119 wydawa\u0107, \u017ce lipiec na Facebooku by\u0142 miesi\u0105cem jak ka\u017cdy inny. Nic bardziej mylnego.\" \/>\n<meta name=\"robots\" content=\"index, follow, max-snippet:-1, max-image-preview:large, max-video-preview:-1\" \/>\n<link rel=\"canonical\" href=\"https:\/\/www.sotrender.com\/blog\/pl\/2019\/08\/facebook-trends-lipiec-2019\/\" \/>\n<meta property=\"og:locale\" content=\"pl_PL\" \/>\n<meta property=\"og:type\" content=\"article\" \/>\n<meta property=\"og:title\" content=\"Facebook Trends lipiec 2019 - muzyczne powroty i kultowe festiwale\" \/>\n<meta property=\"og:description\" content=\"Je\u015bli nie jeste\u015bcie fanami sportu lub muzyki, mo\u017ce Wam si\u0119 wydawa\u0107, \u017ce lipiec na Facebooku by\u0142 miesi\u0105cem jak ka\u017cdy inny. Nic bardziej mylnego.\" \/>\n<meta property=\"og:url\" content=\"https:\/\/www.sotrender.com\/blog\/pl\/2019\/08\/facebook-trends-lipiec-2019\/\" \/>\n<meta property=\"og:site_name\" content=\"Sotrender Blog\" \/>\n<meta property=\"article:publisher\" content=\"https:\/\/www.facebook.com\/Sotrender\" \/>\n<meta property=\"article:published_time\" content=\"2019-08-05T12:00:30+00:00\" \/>\n<meta property=\"og:image\" content=\"https:\/\/www.sotrender.com\/blog\/wp-content\/uploads\/2019\/08\/aranxa-esteve-pOXHU0UEDcg-unsplash.jpg\" \/>\n\t<meta property=\"og:image:width\" content=\"2740\" \/>\n\t<meta property=\"og:image:height\" content=\"1830\" \/>\n\t<meta property=\"og:image:type\" content=\"image\/jpeg\" \/>\n<meta name=\"author\" content=\"Klaudia \u017by\u0142ka\" \/>\n<meta name=\"twitter:card\" content=\"summary_large_image\" \/>\n<meta name=\"twitter:creator\" content=\"@Sotrender\" \/>\n<meta name=\"twitter:site\" content=\"@Sotrender\" \/>\n<meta name=\"twitter:label1\" content=\"Written by\" \/>\n\t<meta name=\"twitter:data1\" content=\"Klaudia \u017by\u0142ka\" \/>\n\t<meta name=\"twitter:label2\" content=\"Est. reading time\" \/>\n\t<meta name=\"twitter:data2\" content=\"2 minutes\" \/>\n<script type=\"application\/ld+json\" class=\"yoast-schema-graph\">{\"@context\":\"https:\/\/schema.org\",\"@graph\":[{\"@type\":\"WebPage\",\"@id\":\"https:\/\/www.sotrender.com\/blog\/pl\/2019\/08\/facebook-trends-lipiec-2019\/\",\"url\":\"https:\/\/www.sotrender.com\/blog\/pl\/2019\/08\/facebook-trends-lipiec-2019\/\",\"name\":\"Facebook Trends lipiec 2019 - muzyczne powroty i kultowe festiwale\",\"isPartOf\":{\"@id\":\"https:\/\/www.sotrender.com\/blog\/#website\"},\"primaryImageOfPage\":{\"@id\":\"https:\/\/www.sotrender.com\/blog\/pl\/2019\/08\/facebook-trends-lipiec-2019\/#primaryimage\"},\"image\":{\"@id\":\"https:\/\/www.sotrender.com\/blog\/pl\/2019\/08\/facebook-trends-lipiec-2019\/#primaryimage\"},\"thumbnailUrl\":\"https:\/\/www.sotrender.com\/blog\/wp-content\/uploads\/2019\/08\/aranxa-esteve-pOXHU0UEDcg-unsplash.jpg\",\"datePublished\":\"2019-08-05T12:00:30+00:00\",\"dateModified\":\"2019-08-05T12:00:30+00:00\",\"author\":{\"@id\":\"https:\/\/www.sotrender.com\/blog\/#\/schema\/person\/038ac5e276c5d102d8cbb9c36cd43416\"},\"description\":\"Je\u015bli nie jeste\u015bcie fanami sportu lub muzyki, mo\u017ce Wam si\u0119 wydawa\u0107, \u017ce lipiec na Facebooku by\u0142 miesi\u0105cem jak ka\u017cdy inny. Nic bardziej mylnego.\",\"breadcrumb\":{\"@id\":\"https:\/\/www.sotrender.com\/blog\/pl\/2019\/08\/facebook-trends-lipiec-2019\/#breadcrumb\"},\"inLanguage\":\"pl-PL\",\"potentialAction\":[{\"@type\":\"ReadAction\",\"target\":[\"https:\/\/www.sotrender.com\/blog\/pl\/2019\/08\/facebook-trends-lipiec-2019\/\"]}]},{\"@type\":\"ImageObject\",\"inLanguage\":\"pl-PL\",\"@id\":\"https:\/\/www.sotrender.com\/blog\/pl\/2019\/08\/facebook-trends-lipiec-2019\/#primaryimage\",\"url\":\"https:\/\/www.sotrender.com\/blog\/wp-content\/uploads\/2019\/08\/aranxa-esteve-pOXHU0UEDcg-unsplash.jpg\",\"contentUrl\":\"https:\/\/www.sotrender.com\/blog\/wp-content\/uploads\/2019\/08\/aranxa-esteve-pOXHU0UEDcg-unsplash.jpg\",\"width\":2740,\"height\":1830},{\"@type\":\"BreadcrumbList\",\"@id\":\"https:\/\/www.sotrender.com\/blog\/pl\/2019\/08\/facebook-trends-lipiec-2019\/#breadcrumb\",\"itemListElement\":[{\"@type\":\"ListItem\",\"position\":1,\"name\":\"Home\",\"item\":\"https:\/\/www.sotrender.com\/blog\/\"},{\"@type\":\"ListItem\",\"position\":2,\"name\":\"Facebook Trends lipiec 2019 &#8211; muzyczne powroty i kultowe festiwale\"}]},{\"@type\":\"WebSite\",\"@id\":\"https:\/\/www.sotrender.com\/blog\/#website\",\"url\":\"https:\/\/www.sotrender.com\/blog\/\",\"name\":\"Sotrender Blog\",\"description\":\"\",\"potentialAction\":[{\"@type\":\"SearchAction\",\"target\":{\"@type\":\"EntryPoint\",\"urlTemplate\":\"https:\/\/www.sotrender.com\/blog\/?s={search_term_string}\"},\"query-input\":\"required name=search_term_string\"}],\"inLanguage\":\"pl-PL\"},{\"@type\":\"Person\",\"@id\":\"https:\/\/www.sotrender.com\/blog\/#\/schema\/person\/038ac5e276c5d102d8cbb9c36cd43416\",\"name\":\"Klaudia \u017by\u0142ka\",\"image\":{\"@type\":\"ImageObject\",\"inLanguage\":\"pl-PL\",\"@id\":\"https:\/\/www.sotrender.com\/blog\/#\/schema\/person\/image\/\",\"url\":\"https:\/\/secure.gravatar.com\/avatar\/f55d5d49ce3c448e1ffde0ab078d84cd?s=96&d=mm&r=g\",\"contentUrl\":\"https:\/\/secure.gravatar.com\/avatar\/f55d5d49ce3c448e1ffde0ab078d84cd?s=96&d=mm&r=g\",\"caption\":\"Klaudia \u017by\u0142ka\"},\"description\":\"Instagram, dogs, books and food lover. Former student at Warsaw University and Malm\u00f6 University. Improving her marketing skills every day. Proud owner of DIMAQ certificate\",\"sameAs\":[\"https:\/\/www.linkedin.com\/in\/klaudia-\u017cy\u0142ka-17527779\"],\"url\":\"https:\/\/www.sotrender.com\/blog\/pl\/author\/klaudia_yka\/\"}]}<\/script>\n<!-- \/ Yoast SEO plugin. -->","yoast_head_json":{"title":"Facebook Trends lipiec 2019 - muzyczne powroty i kultowe festiwale","description":"Je\u015bli nie jeste\u015bcie fanami sportu lub muzyki, mo\u017ce Wam si\u0119 wydawa\u0107, \u017ce lipiec na Facebooku by\u0142 miesi\u0105cem jak ka\u017cdy inny. Nic bardziej mylnego.","robots":{"index":"index","follow":"follow","max-snippet":"max-snippet:-1","max-image-preview":"max-image-preview:large","max-video-preview":"max-video-preview:-1"},"canonical":"https:\/\/www.sotrender.com\/blog\/pl\/2019\/08\/facebook-trends-lipiec-2019\/","og_locale":"pl_PL","og_type":"article","og_title":"Facebook Trends lipiec 2019 - muzyczne powroty i kultowe festiwale","og_description":"Je\u015bli nie jeste\u015bcie fanami sportu lub muzyki, mo\u017ce Wam si\u0119 wydawa\u0107, \u017ce lipiec na Facebooku by\u0142 miesi\u0105cem jak ka\u017cdy inny. Nic bardziej mylnego.","og_url":"https:\/\/www.sotrender.com\/blog\/pl\/2019\/08\/facebook-trends-lipiec-2019\/","og_site_name":"Sotrender Blog","article_publisher":"https:\/\/www.facebook.com\/Sotrender","article_published_time":"2019-08-05T12:00:30+00:00","og_image":[{"width":2740,"height":1830,"url":"https:\/\/www.sotrender.com\/blog\/wp-content\/uploads\/2019\/08\/aranxa-esteve-pOXHU0UEDcg-unsplash.jpg","type":"image\/jpeg"}],"author":"Klaudia \u017by\u0142ka","twitter_card":"summary_large_image","twitter_creator":"@Sotrender","twitter_site":"@Sotrender","twitter_misc":{"Written by":"Klaudia \u017by\u0142ka","Est. reading time":"2 minutes"},"schema":{"@context":"https:\/\/schema.org","@graph":[{"@type":"WebPage","@id":"https:\/\/www.sotrender.com\/blog\/pl\/2019\/08\/facebook-trends-lipiec-2019\/","url":"https:\/\/www.sotrender.com\/blog\/pl\/2019\/08\/facebook-trends-lipiec-2019\/","name":"Facebook Trends lipiec 2019 - muzyczne powroty i kultowe festiwale","isPartOf":{"@id":"https:\/\/www.sotrender.com\/blog\/#website"},"primaryImageOfPage":{"@id":"https:\/\/www.sotrender.com\/blog\/pl\/2019\/08\/facebook-trends-lipiec-2019\/#primaryimage"},"image":{"@id":"https:\/\/www.sotrender.com\/blog\/pl\/2019\/08\/facebook-trends-lipiec-2019\/#primaryimage"},"thumbnailUrl":"https:\/\/www.sotrender.com\/blog\/wp-content\/uploads\/2019\/08\/aranxa-esteve-pOXHU0UEDcg-unsplash.jpg","datePublished":"2019-08-05T12:00:30+00:00","dateModified":"2019-08-05T12:00:30+00:00","author":{"@id":"https:\/\/www.sotrender.com\/blog\/#\/schema\/person\/038ac5e276c5d102d8cbb9c36cd43416"},"description":"Je\u015bli nie jeste\u015bcie fanami sportu lub muzyki, mo\u017ce Wam si\u0119 wydawa\u0107, \u017ce lipiec na Facebooku by\u0142 miesi\u0105cem jak ka\u017cdy inny. Nic bardziej mylnego.","breadcrumb":{"@id":"https:\/\/www.sotrender.com\/blog\/pl\/2019\/08\/facebook-trends-lipiec-2019\/#breadcrumb"},"inLanguage":"pl-PL","potentialAction":[{"@type":"ReadAction","target":["https:\/\/www.sotrender.com\/blog\/pl\/2019\/08\/facebook-trends-lipiec-2019\/"]}]},{"@type":"ImageObject","inLanguage":"pl-PL","@id":"https:\/\/www.sotrender.com\/blog\/pl\/2019\/08\/facebook-trends-lipiec-2019\/#primaryimage","url":"https:\/\/www.sotrender.com\/blog\/wp-content\/uploads\/2019\/08\/aranxa-esteve-pOXHU0UEDcg-unsplash.jpg","contentUrl":"https:\/\/www.sotrender.com\/blog\/wp-content\/uploads\/2019\/08\/aranxa-esteve-pOXHU0UEDcg-unsplash.jpg","width":2740,"height":1830},{"@type":"BreadcrumbList","@id":"https:\/\/www.sotrender.com\/blog\/pl\/2019\/08\/facebook-trends-lipiec-2019\/#breadcrumb","itemListElement":[{"@type":"ListItem","position":1,"name":"Home","item":"https:\/\/www.sotrender.com\/blog\/"},{"@type":"ListItem","position":2,"name":"Facebook Trends lipiec 2019 &#8211; muzyczne powroty i kultowe festiwale"}]},{"@type":"WebSite","@id":"https:\/\/www.sotrender.com\/blog\/#website","url":"https:\/\/www.sotrender.com\/blog\/","name":"Sotrender Blog","description":"","potentialAction":[{"@type":"SearchAction","target":{"@type":"EntryPoint","urlTemplate":"https:\/\/www.sotrender.com\/blog\/?s={search_term_string}"},"query-input":"required name=search_term_string"}],"inLanguage":"pl-PL"},{"@type":"Person","@id":"https:\/\/www.sotrender.com\/blog\/#\/schema\/person\/038ac5e276c5d102d8cbb9c36cd43416","name":"Klaudia \u017by\u0142ka","image":{"@type":"ImageObject","inLanguage":"pl-PL","@id":"https:\/\/www.sotrender.com\/blog\/#\/schema\/person\/image\/","url":"https:\/\/secure.gravatar.com\/avatar\/f55d5d49ce3c448e1ffde0ab078d84cd?s=96&d=mm&r=g","contentUrl":"https:\/\/secure.gravatar.com\/avatar\/f55d5d49ce3c448e1ffde0ab078d84cd?s=96&d=mm&r=g","caption":"Klaudia \u017by\u0142ka"},"description":"Instagram, dogs, books and food lover. Former student at Warsaw University and Malm\u00f6 University. Improving her marketing skills every day. Proud owner of DIMAQ certificate","sameAs":["https:\/\/www.linkedin.com\/in\/klaudia-\u017cy\u0142ka-17527779"],"url":"https:\/\/www.sotrender.com\/blog\/pl\/author\/klaudia_yka\/"}]}},"_links":{"self":[{"href":"https:\/\/www.sotrender.com\/blog\/pl\/wp-json\/wp\/v2\/posts\/37997"}],"collection":[{"href":"https:\/\/www.sotrender.com\/blog\/pl\/wp-json\/wp\/v2\/posts"}],"about":[{"href":"https:\/\/www.sotrender.com\/blog\/pl\/wp-json\/wp\/v2\/types\/post"}],"author":[{"embeddable":true,"href":"https:\/\/www.sotrender.com\/blog\/pl\/wp-json\/wp\/v2\/users\/89"}],"replies":[{"embeddable":true,"href":"https:\/\/www.sotrender.com\/blog\/pl\/wp-json\/wp\/v2\/comments?post=37997"}],"version-history":[{"count":10,"href":"https:\/\/www.sotrender.com\/blog\/pl\/wp-json\/wp\/v2\/posts\/37997\/revisions"}],"predecessor-version":[{"id":38029,"href":"https:\/\/www.sotrender.com\/blog\/pl\/wp-json\/wp\/v2\/posts\/37997\/revisions\/38029"}],"wp:featuredmedia":[{"embeddable":true,"href":"https:\/\/www.sotrender.com\/blog\/pl\/wp-json\/wp\/v2\/media\/38025"}],"wp:attachment":[{"href":"https:\/\/www.sotrender.com\/blog\/pl\/wp-json\/wp\/v2\/media?parent=37997"}],"wp:term":[{"taxonomy":"category","embeddable":true,"href":"https:\/\/www.sotrender.com\/blog\/pl\/wp-json\/wp\/v2\/categories?post=37997"},{"taxonomy":"post_tag","embeddable":true,"href":"https:\/\/www.sotrender.com\/blog\/pl\/wp-json\/wp\/v2\/tags?post=37997"}],"curies":[{"name":"wp","href":"https:\/\/api.w.org\/{rel}","templated":true}]}}