{"id":37585,"date":"2019-07-09T14:02:33","date_gmt":"2019-07-09T12:02:33","guid":{"rendered":"https:\/\/www.sotrender.com\/blog\/?p=37585\/"},"modified":"2019-07-09T14:02:33","modified_gmt":"2019-07-09T12:02:33","slug":"facebook-trends-czerwiec-2019","status":"publish","type":"post","link":"https:\/\/www.sotrender.com\/blog\/pl\/2019\/07\/facebook-trends-czerwiec-2019\/","title":{"rendered":"Facebook Trends czerwiec 2019 &#8211; w czasie rzeczywistym"},"content":{"rendered":"<p><span style=\"font-weight: 400;\">Cze\u015b\u0107 lato! Niespecjalnie m\u00f3wi\u0142o si\u0119 o Twoim nadej\u015bciu na Facebooku, tak jak o innych kalendarzowych wydarzeniach, jak Dzie\u0144 Dziecka czy Dzie\u0144 Ojca. Za to ju\u017c w czerwcu rozmawiali\u015bmy du\u017co wi\u0119cej o Openerze oraz cieszyli\u015bmy si\u0119 z wielu sukces\u00f3w sportowych naszych dru\u017cyn.\u00a0<\/span><\/p>\n<p><!--more--><\/p>\n<p><span style=\"font-weight: 400;\">Zapraszamy na nasze subiektywne podsumowanie wydarze\u0144 <a href=\"https:\/\/www.sotrender.com\/trends\/facebook\/poland\/201906\">na polskim Facebooku w czerwcu<\/a>!\u00a0<\/span><\/p>\n<h2><strong>Sprawy rodzinne celebryt\u00f3w<\/strong><\/h2>\n<p><span style=\"font-weight: 400;\">Nie jest niczym nowym, \u017ce \u017cycie prywatne celebryt\u00f3w to od zawsze temat bardzo interesuj\u0105cy dla Polak\u00f3w. Miniony miesi\u0105c na Facebooku by\u0142 tego doskona\u0142ym przyk\u0142adem. Kuba B\u0142aszczykowski zosta\u0142 ojcem, Arkadiusz Milik o\u015bwiadczy\u0142 si\u0119 swojej wybrance, a Ewa Farna urodzi\u0142a dziecko. Oczywi\u015bcie zebrali niema\u0142e zaanga\u017cowanie pod swoimi postami, w kt\u00f3rych informowali o wspomnianych wydarzeniach.\u00a0<\/span><\/p>\n<div id=\"attachment_37605\" style=\"width: 883px\" class=\"wp-caption aligncenter\"><img loading=\"lazy\" decoding=\"async\" aria-describedby=\"caption-attachment-37605\" class=\"size-full wp-image-37605\" src=\"https:\/\/www.sotrender.com\/blog\/wp-content\/uploads\/2019\/07\/Zrzut-ekranu-2019-07-9-o-10.49.52.png\" alt=\"Sportowcy, najlepsze posty, Facebook czerwiec 2019\" width=\"873\" height=\"433\" srcset=\"https:\/\/www.sotrender.com\/blog\/wp-content\/uploads\/2019\/07\/Zrzut-ekranu-2019-07-9-o-10.49.52.png 873w, https:\/\/www.sotrender.com\/blog\/wp-content\/uploads\/2019\/07\/Zrzut-ekranu-2019-07-9-o-10.49.52-475x236.png 475w, https:\/\/www.sotrender.com\/blog\/wp-content\/uploads\/2019\/07\/Zrzut-ekranu-2019-07-9-o-10.49.52-768x381.png 768w\" sizes=\"(max-width: 873px) 100vw, 873px\" \/><p id=\"caption-attachment-37605\" class=\"wp-caption-text\"><a href=\"https:\/\/www.sotrender.com\/trends\/facebook\/poland\/201906\/osoby\/sportowcy\">Sportowcy<\/a>, najlepsze posty, Facebook czerwiec 2019<\/p><\/div>\n<p>&nbsp;<\/p>\n<h2><strong>Real Time zawsze w cenie\u00a0<\/strong><\/h2>\n<p><span style=\"font-weight: 400;\">S\u0105 marki, kt\u00f3re naprawd\u0119 potrafi\u0105 w real-time marketing. W czerwcu zdecydowanie zaliczy\u0142 si\u0119 do nich Tefal, z prost\u0105, aczkolwiek <a href=\"https:\/\/www.facebook.com\/TefalPL\/photos\/a.121998464505550\/2299520950086613\/?type=3&amp;theater\">kreatywn\u0105 grafik\u0105<\/a>, odnosz\u0105c\u0105 si\u0119 do wysokich temperatur w naszym kraju.\u00a0<\/span><\/p>\n<div id=\"attachment_37591\" style=\"width: 880px\" class=\"wp-caption aligncenter\"><img loading=\"lazy\" decoding=\"async\" aria-describedby=\"caption-attachment-37591\" class=\"size-full wp-image-37591\" src=\"https:\/\/www.sotrender.com\/blog\/wp-content\/uploads\/2019\/07\/Zrzut-ekranu-2019-07-9-o-09.18.21.png\" alt=\"tefal patelnia facebook\" width=\"870\" height=\"424\" srcset=\"https:\/\/www.sotrender.com\/blog\/wp-content\/uploads\/2019\/07\/Zrzut-ekranu-2019-07-9-o-09.18.21.png 870w, https:\/\/www.sotrender.com\/blog\/wp-content\/uploads\/2019\/07\/Zrzut-ekranu-2019-07-9-o-09.18.21-475x231.png 475w, https:\/\/www.sotrender.com\/blog\/wp-content\/uploads\/2019\/07\/Zrzut-ekranu-2019-07-9-o-09.18.21-768x374.png 768w\" sizes=\"(max-width: 870px) 100vw, 870px\" \/><p id=\"caption-attachment-37591\" class=\"wp-caption-text\">Top posty <a href=\"https:\/\/www.sotrender.com\/trends\/facebook\/poland\/201906\/fmcg\">w kategorii FMCG <\/a>w czerwcu na Facebooku<\/p><\/div>\n<p><span style=\"font-weight: 400;\">Drug\u0105 mark\u0105 by\u0142 x-kom, kt\u00f3ry w swoim <a href=\"https:\/\/www.facebook.com\/xkompl\/videos\/2247435865522522\/\">wideo<\/a> sparodiowa\u0142 jedn\u0105 z polskich gwiazd Internetu w s\u0142ynnym ju\u017c dzi\u015b mierzeniu rzeczy iPhonem. W materiale, opr\u00f3cz jab\u0142uszek, wykorzystano oczywi\u015bcie produkty ze sklepu x-kom. To \u015bwietny przyk\u0142ad, jak w prosty spos\u00f3b i niskim kosztem mo\u017cna stworzy\u0107 naprawd\u0119 ciekawy i fajny w odbiorze kontent, kt\u00f3ry zyska zaanga\u017cowanie odbiorc\u00f3w.<\/span><\/p>\n<div id=\"attachment_37607\" style=\"width: 904px\" class=\"wp-caption aligncenter\"><img loading=\"lazy\" decoding=\"async\" aria-describedby=\"caption-attachment-37607\" class=\"size-full wp-image-37607\" src=\"https:\/\/www.sotrender.com\/blog\/wp-content\/uploads\/2019\/07\/Zrzut-ekranu-2019-07-9-o-10.54.55.png\" alt=\"elektronika, zaanga\u017cowanie, xkom\" width=\"894\" height=\"276\" srcset=\"https:\/\/www.sotrender.com\/blog\/wp-content\/uploads\/2019\/07\/Zrzut-ekranu-2019-07-9-o-10.54.55.png 894w, https:\/\/www.sotrender.com\/blog\/wp-content\/uploads\/2019\/07\/Zrzut-ekranu-2019-07-9-o-10.54.55-475x147.png 475w, https:\/\/www.sotrender.com\/blog\/wp-content\/uploads\/2019\/07\/Zrzut-ekranu-2019-07-9-o-10.54.55-768x237.png 768w\" sizes=\"(max-width: 894px) 100vw, 894px\" \/><p id=\"caption-attachment-37607\" class=\"wp-caption-text\">Profile o najwi\u0119kszym zaanga\u017cowaniu <a href=\"https:\/\/www.sotrender.com\/trends\/facebook\/poland\/201906\/technologie_sprzet\/it_elektronika\">w kategorii Elektronika<\/a>, Facebook czerwiec 2019<\/p><\/div>\n<p><span style=\"font-weight: 400;\">Warto zauwa\u017cy\u0107, \u017ce w obydwu przypadkach, w bardzo naturalny i nienarzucaj\u0105cy si\u0119 spos\u00f3b marki wykorzysta\u0142y w\u0142asne produkty.\u00a0<\/span><\/p>\n<h2><strong>Nie b\u0105d\u017a chamem\u00a0<\/strong><\/h2>\n<p><span style=\"font-weight: 400;\">Nie mo\u017cemy nie wspomnie\u0107 o genialnej kampanii OLX Polska, kt\u00f3ra od czerwca kr\u0105\u017cy w social media. Jako firma zajmuj\u0105c\u0105 si\u0119 analiz\u0105 medi\u00f3w spo\u0142eczno\u015bciowych, znaj\u0105c skal\u0119 hejtu w sieci, bardzo doceniamy kampanie, kt\u00f3re promuj\u0105 tak proste, aczkolwiek tak istotne, kwestie jak uprzejmo\u015b\u0107 i bycie dobrym dla drugiej osoby, nawet je\u015bli jeste\u015bmy anonimowi.\u00a0<\/span><\/p>\n<p><span style=\"font-weight: 400;\">Jedna z kreacji reklamowych kampanii \u201cW sieci nie b\u0105d\u017a chamem\u201d OLXa by\u0142a drugim <a href=\"https:\/\/www.sotrender.com\/trends\/facebook\/poland\/201906\/pl_wszystkie\">najlepszym postem miesi\u0105ca<\/a> na polskim Facebooku w czerwcu.\u00a0<\/span><\/p>\n<div id=\"attachment_37593\" style=\"width: 882px\" class=\"wp-caption aligncenter\"><img loading=\"lazy\" decoding=\"async\" aria-describedby=\"caption-attachment-37593\" class=\"size-full wp-image-37593\" src=\"https:\/\/www.sotrender.com\/blog\/wp-content\/uploads\/2019\/07\/Zrzut-ekranu-2019-07-9-o-09.23.13.png\" alt=\"najlepsze posty, olx polska, facebook\" width=\"872\" height=\"427\" srcset=\"https:\/\/www.sotrender.com\/blog\/wp-content\/uploads\/2019\/07\/Zrzut-ekranu-2019-07-9-o-09.23.13.png 872w, https:\/\/www.sotrender.com\/blog\/wp-content\/uploads\/2019\/07\/Zrzut-ekranu-2019-07-9-o-09.23.13-475x233.png 475w, https:\/\/www.sotrender.com\/blog\/wp-content\/uploads\/2019\/07\/Zrzut-ekranu-2019-07-9-o-09.23.13-768x376.png 768w\" sizes=\"(max-width: 872px) 100vw, 872px\" \/><p id=\"caption-attachment-37593\" class=\"wp-caption-text\">Najlepsze posty na Facebooku w czerwcu 2019<\/p><\/div>\n<p><span style=\"font-weight: 400;\">Kt\u00f3ry z materia\u0142\u00f3w wideo sta\u0142 si\u0119 Waszym ulubionym i najbardziej skrad\u0142 Wasze serca? \ud83d\ude09\u00a0<\/span><\/p>\n<h2><strong>Polska duma\u00a0<\/strong><\/h2>\n<p><span style=\"font-weight: 400;\">Czerwiec obfitowa\u0142 r\u00f3wnie\u017c w sportowe emocje i wiele sukces\u00f3w Polak\u00f3w na tym polu.\u00a0<\/span><\/p>\n<p><span style=\"font-weight: 400;\">Odbywa\u0142y si\u0119 mecze fazy grupowej w ramach Mistrzostw Europy U21 2019, polskie siatkarki i siatkarze brali udzia\u0142 w meczach Final Six Ligi Narod\u00f3w, rozegrano tak\u017ce mecz eliminacji mistrzostw Europy 2020 Polska &#8211; Izrael.\u00a0<\/span><\/p>\n<div id=\"attachment_37597\" style=\"width: 886px\" class=\"wp-caption aligncenter\"><img loading=\"lazy\" decoding=\"async\" aria-describedby=\"caption-attachment-37597\" class=\"size-full wp-image-37597\" src=\"https:\/\/www.sotrender.com\/blog\/wp-content\/uploads\/2019\/07\/Zrzut-ekranu-2019-07-9-o-09.24.56.png\" alt=\"sport, najlepsze posty \" width=\"876\" height=\"425\" srcset=\"https:\/\/www.sotrender.com\/blog\/wp-content\/uploads\/2019\/07\/Zrzut-ekranu-2019-07-9-o-09.24.56.png 876w, https:\/\/www.sotrender.com\/blog\/wp-content\/uploads\/2019\/07\/Zrzut-ekranu-2019-07-9-o-09.24.56-475x230.png 475w, https:\/\/www.sotrender.com\/blog\/wp-content\/uploads\/2019\/07\/Zrzut-ekranu-2019-07-9-o-09.24.56-768x373.png 768w\" sizes=\"(max-width: 876px) 100vw, 876px\" \/><p id=\"caption-attachment-37597\" class=\"wp-caption-text\">Najlepsze posty w kategorii <a href=\"https:\/\/www.sotrender.com\/trends\/facebook\/poland\/201906\/media\/sport_media\">Sport<\/a> na Facebooku w czerwcu<\/p><\/div>\n<p>&nbsp;<\/p>\n<h2><strong>Facebook Trends czerwiec 2019\u00a0<\/strong><\/h2>\n<p><span style=\"font-weight: 400;\">Czym jeszcze \u017cy\u0142 Facebook w minionym miesi\u0105cu? Co opublikowa\u0142y Wasze ulubione marki? Czy by\u0142y najlepsze w swojej kategorii? Dowiecie si\u0119 z pe\u0142nego wydania raportu <a href=\"https:\/\/www.sotrender.com\/trends\/facebook\/poland\/201906\">Facebook Trends czerwiec 2019<\/a>!\u00a0<\/span><\/p>\n<p>&nbsp;<\/p>\n","protected":false},"excerpt":{"rendered":"<p>Cze\u015b\u0107 lato! Niespecjalnie m\u00f3wi\u0142o si\u0119 o Twoim nadej\u015bciu na Facebooku, tak jak o innych kalendarzowych wydarzeniach, jak Dzie\u0144 Dziecka czy Dzie\u0144 Ojca. Za to ju\u017c w czerwcu rozmawiali\u015bmy du\u017co wi\u0119cej o Openerze oraz cieszyli\u015bmy si\u0119 z wielu sukces\u00f3w sportowych naszych dru\u017cyn.\u00a0<\/p>\n","protected":false},"author":89,"featured_media":37603,"comment_status":"open","ping_status":"open","sticky":false,"template":"","format":"standard","meta":{"inline_featured_image":false,"footnotes":""},"categories":[1791,1793,1797],"tags":[941,2307],"yoast_head":"<!-- This site is optimized with the Yoast SEO plugin v22.4 - https:\/\/yoast.com\/wordpress\/plugins\/seo\/ -->\n<title>Facebook Trends czerwiec 2019 - w czasie rzeczywistym<\/title>\n<meta name=\"description\" content=\"W czerwcu na Facebooku rozmawiali\u015bmy du\u017co wi\u0119cej o Openerze oraz cieszyli\u015bmy si\u0119 z wielu sukces\u00f3w sportowych naszych dru\u017cyn.\" \/>\n<meta name=\"robots\" content=\"index, follow, max-snippet:-1, max-image-preview:large, max-video-preview:-1\" \/>\n<link rel=\"canonical\" href=\"https:\/\/www.sotrender.com\/blog\/pl\/2019\/07\/facebook-trends-czerwiec-2019\/\" \/>\n<meta property=\"og:locale\" content=\"pl_PL\" \/>\n<meta property=\"og:type\" content=\"article\" \/>\n<meta property=\"og:title\" content=\"Facebook Trends czerwiec 2019 - w czasie rzeczywistym\" \/>\n<meta property=\"og:description\" content=\"W czerwcu na Facebooku rozmawiali\u015bmy du\u017co wi\u0119cej o Openerze oraz cieszyli\u015bmy si\u0119 z wielu sukces\u00f3w sportowych naszych dru\u017cyn.\" \/>\n<meta property=\"og:url\" content=\"https:\/\/www.sotrender.com\/blog\/pl\/2019\/07\/facebook-trends-czerwiec-2019\/\" \/>\n<meta property=\"og:site_name\" content=\"Sotrender Blog\" \/>\n<meta property=\"article:publisher\" content=\"https:\/\/www.facebook.com\/Sotrender\" \/>\n<meta property=\"article:published_time\" content=\"2019-07-09T12:02:33+00:00\" \/>\n<meta property=\"og:image\" content=\"https:\/\/www.sotrender.com\/blog\/wp-content\/uploads\/2019\/07\/christin-noelle-f4cqfNQOBkA-unsplash.jpg\" \/>\n\t<meta property=\"og:image:width\" content=\"2600\" \/>\n\t<meta property=\"og:image:height\" content=\"1733\" \/>\n\t<meta property=\"og:image:type\" content=\"image\/jpeg\" \/>\n<meta name=\"author\" content=\"Klaudia \u017by\u0142ka\" \/>\n<meta name=\"twitter:card\" content=\"summary_large_image\" \/>\n<meta name=\"twitter:creator\" content=\"@Sotrender\" \/>\n<meta name=\"twitter:site\" content=\"@Sotrender\" \/>\n<meta name=\"twitter:label1\" content=\"Written by\" \/>\n\t<meta name=\"twitter:data1\" content=\"Klaudia \u017by\u0142ka\" \/>\n\t<meta name=\"twitter:label2\" content=\"Est. reading time\" \/>\n\t<meta name=\"twitter:data2\" content=\"3 minutes\" \/>\n<script type=\"application\/ld+json\" class=\"yoast-schema-graph\">{\"@context\":\"https:\/\/schema.org\",\"@graph\":[{\"@type\":\"WebPage\",\"@id\":\"https:\/\/www.sotrender.com\/blog\/pl\/2019\/07\/facebook-trends-czerwiec-2019\/\",\"url\":\"https:\/\/www.sotrender.com\/blog\/pl\/2019\/07\/facebook-trends-czerwiec-2019\/\",\"name\":\"Facebook Trends czerwiec 2019 - w czasie rzeczywistym\",\"isPartOf\":{\"@id\":\"https:\/\/www.sotrender.com\/blog\/#website\"},\"primaryImageOfPage\":{\"@id\":\"https:\/\/www.sotrender.com\/blog\/pl\/2019\/07\/facebook-trends-czerwiec-2019\/#primaryimage\"},\"image\":{\"@id\":\"https:\/\/www.sotrender.com\/blog\/pl\/2019\/07\/facebook-trends-czerwiec-2019\/#primaryimage\"},\"thumbnailUrl\":\"https:\/\/www.sotrender.com\/blog\/wp-content\/uploads\/2019\/07\/christin-noelle-f4cqfNQOBkA-unsplash.jpg\",\"datePublished\":\"2019-07-09T12:02:33+00:00\",\"dateModified\":\"2019-07-09T12:02:33+00:00\",\"author\":{\"@id\":\"https:\/\/www.sotrender.com\/blog\/#\/schema\/person\/038ac5e276c5d102d8cbb9c36cd43416\"},\"description\":\"W czerwcu na Facebooku rozmawiali\u015bmy du\u017co wi\u0119cej o Openerze oraz cieszyli\u015bmy si\u0119 z wielu sukces\u00f3w sportowych naszych dru\u017cyn.\",\"breadcrumb\":{\"@id\":\"https:\/\/www.sotrender.com\/blog\/pl\/2019\/07\/facebook-trends-czerwiec-2019\/#breadcrumb\"},\"inLanguage\":\"pl-PL\",\"potentialAction\":[{\"@type\":\"ReadAction\",\"target\":[\"https:\/\/www.sotrender.com\/blog\/pl\/2019\/07\/facebook-trends-czerwiec-2019\/\"]}]},{\"@type\":\"ImageObject\",\"inLanguage\":\"pl-PL\",\"@id\":\"https:\/\/www.sotrender.com\/blog\/pl\/2019\/07\/facebook-trends-czerwiec-2019\/#primaryimage\",\"url\":\"https:\/\/www.sotrender.com\/blog\/wp-content\/uploads\/2019\/07\/christin-noelle-f4cqfNQOBkA-unsplash.jpg\",\"contentUrl\":\"https:\/\/www.sotrender.com\/blog\/wp-content\/uploads\/2019\/07\/christin-noelle-f4cqfNQOBkA-unsplash.jpg\",\"width\":2600,\"height\":1733,\"caption\":\"sport\"},{\"@type\":\"BreadcrumbList\",\"@id\":\"https:\/\/www.sotrender.com\/blog\/pl\/2019\/07\/facebook-trends-czerwiec-2019\/#breadcrumb\",\"itemListElement\":[{\"@type\":\"ListItem\",\"position\":1,\"name\":\"Home\",\"item\":\"https:\/\/www.sotrender.com\/blog\/\"},{\"@type\":\"ListItem\",\"position\":2,\"name\":\"Facebook Trends czerwiec 2019 &#8211; w czasie rzeczywistym\"}]},{\"@type\":\"WebSite\",\"@id\":\"https:\/\/www.sotrender.com\/blog\/#website\",\"url\":\"https:\/\/www.sotrender.com\/blog\/\",\"name\":\"Sotrender Blog\",\"description\":\"\",\"potentialAction\":[{\"@type\":\"SearchAction\",\"target\":{\"@type\":\"EntryPoint\",\"urlTemplate\":\"https:\/\/www.sotrender.com\/blog\/?s={search_term_string}\"},\"query-input\":\"required name=search_term_string\"}],\"inLanguage\":\"pl-PL\"},{\"@type\":\"Person\",\"@id\":\"https:\/\/www.sotrender.com\/blog\/#\/schema\/person\/038ac5e276c5d102d8cbb9c36cd43416\",\"name\":\"Klaudia \u017by\u0142ka\",\"image\":{\"@type\":\"ImageObject\",\"inLanguage\":\"pl-PL\",\"@id\":\"https:\/\/www.sotrender.com\/blog\/#\/schema\/person\/image\/\",\"url\":\"https:\/\/secure.gravatar.com\/avatar\/f55d5d49ce3c448e1ffde0ab078d84cd?s=96&d=mm&r=g\",\"contentUrl\":\"https:\/\/secure.gravatar.com\/avatar\/f55d5d49ce3c448e1ffde0ab078d84cd?s=96&d=mm&r=g\",\"caption\":\"Klaudia \u017by\u0142ka\"},\"description\":\"Instagram, dogs, books and food lover. Former student at Warsaw University and Malm\u00f6 University. Improving her marketing skills every day. Proud owner of DIMAQ certificate\",\"sameAs\":[\"https:\/\/www.linkedin.com\/in\/klaudia-\u017cy\u0142ka-17527779\"],\"url\":\"https:\/\/www.sotrender.com\/blog\/pl\/author\/klaudia_yka\/\"}]}<\/script>\n<!-- \/ Yoast SEO plugin. -->","yoast_head_json":{"title":"Facebook Trends czerwiec 2019 - w czasie rzeczywistym","description":"W czerwcu na Facebooku rozmawiali\u015bmy du\u017co wi\u0119cej o Openerze oraz cieszyli\u015bmy si\u0119 z wielu sukces\u00f3w sportowych naszych dru\u017cyn.","robots":{"index":"index","follow":"follow","max-snippet":"max-snippet:-1","max-image-preview":"max-image-preview:large","max-video-preview":"max-video-preview:-1"},"canonical":"https:\/\/www.sotrender.com\/blog\/pl\/2019\/07\/facebook-trends-czerwiec-2019\/","og_locale":"pl_PL","og_type":"article","og_title":"Facebook Trends czerwiec 2019 - w czasie rzeczywistym","og_description":"W czerwcu na Facebooku rozmawiali\u015bmy du\u017co wi\u0119cej o Openerze oraz cieszyli\u015bmy si\u0119 z wielu sukces\u00f3w sportowych naszych dru\u017cyn.","og_url":"https:\/\/www.sotrender.com\/blog\/pl\/2019\/07\/facebook-trends-czerwiec-2019\/","og_site_name":"Sotrender Blog","article_publisher":"https:\/\/www.facebook.com\/Sotrender","article_published_time":"2019-07-09T12:02:33+00:00","og_image":[{"width":2600,"height":1733,"url":"https:\/\/www.sotrender.com\/blog\/wp-content\/uploads\/2019\/07\/christin-noelle-f4cqfNQOBkA-unsplash.jpg","type":"image\/jpeg"}],"author":"Klaudia \u017by\u0142ka","twitter_card":"summary_large_image","twitter_creator":"@Sotrender","twitter_site":"@Sotrender","twitter_misc":{"Written by":"Klaudia \u017by\u0142ka","Est. reading time":"3 minutes"},"schema":{"@context":"https:\/\/schema.org","@graph":[{"@type":"WebPage","@id":"https:\/\/www.sotrender.com\/blog\/pl\/2019\/07\/facebook-trends-czerwiec-2019\/","url":"https:\/\/www.sotrender.com\/blog\/pl\/2019\/07\/facebook-trends-czerwiec-2019\/","name":"Facebook Trends czerwiec 2019 - w czasie rzeczywistym","isPartOf":{"@id":"https:\/\/www.sotrender.com\/blog\/#website"},"primaryImageOfPage":{"@id":"https:\/\/www.sotrender.com\/blog\/pl\/2019\/07\/facebook-trends-czerwiec-2019\/#primaryimage"},"image":{"@id":"https:\/\/www.sotrender.com\/blog\/pl\/2019\/07\/facebook-trends-czerwiec-2019\/#primaryimage"},"thumbnailUrl":"https:\/\/www.sotrender.com\/blog\/wp-content\/uploads\/2019\/07\/christin-noelle-f4cqfNQOBkA-unsplash.jpg","datePublished":"2019-07-09T12:02:33+00:00","dateModified":"2019-07-09T12:02:33+00:00","author":{"@id":"https:\/\/www.sotrender.com\/blog\/#\/schema\/person\/038ac5e276c5d102d8cbb9c36cd43416"},"description":"W czerwcu na Facebooku rozmawiali\u015bmy du\u017co wi\u0119cej o Openerze oraz cieszyli\u015bmy si\u0119 z wielu sukces\u00f3w sportowych naszych dru\u017cyn.","breadcrumb":{"@id":"https:\/\/www.sotrender.com\/blog\/pl\/2019\/07\/facebook-trends-czerwiec-2019\/#breadcrumb"},"inLanguage":"pl-PL","potentialAction":[{"@type":"ReadAction","target":["https:\/\/www.sotrender.com\/blog\/pl\/2019\/07\/facebook-trends-czerwiec-2019\/"]}]},{"@type":"ImageObject","inLanguage":"pl-PL","@id":"https:\/\/www.sotrender.com\/blog\/pl\/2019\/07\/facebook-trends-czerwiec-2019\/#primaryimage","url":"https:\/\/www.sotrender.com\/blog\/wp-content\/uploads\/2019\/07\/christin-noelle-f4cqfNQOBkA-unsplash.jpg","contentUrl":"https:\/\/www.sotrender.com\/blog\/wp-content\/uploads\/2019\/07\/christin-noelle-f4cqfNQOBkA-unsplash.jpg","width":2600,"height":1733,"caption":"sport"},{"@type":"BreadcrumbList","@id":"https:\/\/www.sotrender.com\/blog\/pl\/2019\/07\/facebook-trends-czerwiec-2019\/#breadcrumb","itemListElement":[{"@type":"ListItem","position":1,"name":"Home","item":"https:\/\/www.sotrender.com\/blog\/"},{"@type":"ListItem","position":2,"name":"Facebook Trends czerwiec 2019 &#8211; w czasie rzeczywistym"}]},{"@type":"WebSite","@id":"https:\/\/www.sotrender.com\/blog\/#website","url":"https:\/\/www.sotrender.com\/blog\/","name":"Sotrender Blog","description":"","potentialAction":[{"@type":"SearchAction","target":{"@type":"EntryPoint","urlTemplate":"https:\/\/www.sotrender.com\/blog\/?s={search_term_string}"},"query-input":"required name=search_term_string"}],"inLanguage":"pl-PL"},{"@type":"Person","@id":"https:\/\/www.sotrender.com\/blog\/#\/schema\/person\/038ac5e276c5d102d8cbb9c36cd43416","name":"Klaudia \u017by\u0142ka","image":{"@type":"ImageObject","inLanguage":"pl-PL","@id":"https:\/\/www.sotrender.com\/blog\/#\/schema\/person\/image\/","url":"https:\/\/secure.gravatar.com\/avatar\/f55d5d49ce3c448e1ffde0ab078d84cd?s=96&d=mm&r=g","contentUrl":"https:\/\/secure.gravatar.com\/avatar\/f55d5d49ce3c448e1ffde0ab078d84cd?s=96&d=mm&r=g","caption":"Klaudia \u017by\u0142ka"},"description":"Instagram, dogs, books and food lover. Former student at Warsaw University and Malm\u00f6 University. Improving her marketing skills every day. Proud owner of DIMAQ certificate","sameAs":["https:\/\/www.linkedin.com\/in\/klaudia-\u017cy\u0142ka-17527779"],"url":"https:\/\/www.sotrender.com\/blog\/pl\/author\/klaudia_yka\/"}]}},"_links":{"self":[{"href":"https:\/\/www.sotrender.com\/blog\/pl\/wp-json\/wp\/v2\/posts\/37585"}],"collection":[{"href":"https:\/\/www.sotrender.com\/blog\/pl\/wp-json\/wp\/v2\/posts"}],"about":[{"href":"https:\/\/www.sotrender.com\/blog\/pl\/wp-json\/wp\/v2\/types\/post"}],"author":[{"embeddable":true,"href":"https:\/\/www.sotrender.com\/blog\/pl\/wp-json\/wp\/v2\/users\/89"}],"replies":[{"embeddable":true,"href":"https:\/\/www.sotrender.com\/blog\/pl\/wp-json\/wp\/v2\/comments?post=37585"}],"version-history":[{"count":8,"href":"https:\/\/www.sotrender.com\/blog\/pl\/wp-json\/wp\/v2\/posts\/37585\/revisions"}],"predecessor-version":[{"id":37613,"href":"https:\/\/www.sotrender.com\/blog\/pl\/wp-json\/wp\/v2\/posts\/37585\/revisions\/37613"}],"wp:featuredmedia":[{"embeddable":true,"href":"https:\/\/www.sotrender.com\/blog\/pl\/wp-json\/wp\/v2\/media\/37603"}],"wp:attachment":[{"href":"https:\/\/www.sotrender.com\/blog\/pl\/wp-json\/wp\/v2\/media?parent=37585"}],"wp:term":[{"taxonomy":"category","embeddable":true,"href":"https:\/\/www.sotrender.com\/blog\/pl\/wp-json\/wp\/v2\/categories?post=37585"},{"taxonomy":"post_tag","embeddable":true,"href":"https:\/\/www.sotrender.com\/blog\/pl\/wp-json\/wp\/v2\/tags?post=37585"}],"curies":[{"name":"wp","href":"https:\/\/api.w.org\/{rel}","templated":true}]}}