{"id":3723,"date":"2012-11-29T17:52:19","date_gmt":"2012-11-29T16:52:19","guid":{"rendered":"http:\/\/blog.sotrender.com\/?p=3723"},"modified":"2015-12-01T22:23:10","modified_gmt":"2015-12-01T21:23:10","slug":"social-protest-na-fanpage-uwazam-rze","status":"publish","type":"post","link":"https:\/\/www.sotrender.com\/blog\/pl\/2012\/11\/social-protest-na-fanpage-uwazam-rze\/","title":{"rendered":"Social protest na fanpage Uwa\u017cam Rze"},"content":{"rendered":"<p>Wczorajsze odwo\u0142anie dotychczasowego redaktora naczelnego <strong>Paw\u0142a Lisickiego<\/strong> spowodowa\u0142o nie tylko odej\u015bcie wielu zwi\u0105zanych z tygodnikiem publicyst\u00f3w oraz wsp\u00f3\u0142pracownik\u00f3w,  ale te\u017c masowy wr\u0119cz <strong>odp\u0142yw fan\u00f3w<\/strong>. Wpis <strong>Igora Janke<\/strong> o rezygnacji zd\u0105\u017cy\u0142 sta\u0107 si\u0119 <strong>najpopularniejszym postem <a title=\"Uwa\u017cam Rze\" href=\"http:\/\/www.facebook.com\/tygodnikuwazamrze\" target=\"_blank\">Uwa\u017cam Rze<\/a> tego roku<\/strong>,  mimo \u017ce po nieca\u0142ych 24 godzinach zosta\u0142 usuni\u0119ty.<\/p>\n<p><a href=\"https:\/\/www.sotrender.com\/blog\/wp-content\/uploads\/2012\/11\/post1.png\"><img loading=\"lazy\" decoding=\"async\" class=\"aligncenter size-medium wp-image-3727\" title=\"Post Igora Janke o rezygnacji na profilu Uwa\u017cam Rze\" src=\"https:\/\/www.sotrender.com\/blog\/wp-content\/uploads\/2012\/11\/post1-300x80.png\" alt=\"\" width=\"300\" height=\"80\" \/><\/a><\/p>\n<p style=\"text-align: center;\">(kliknij aby powi\u0119kszy\u0107)<\/p>\n<p><!--more--><\/p>\n<p>Jak wida\u0107 administratorzy fanpage nie ucz\u0105 si\u0119 na b\u0142\u0119dach innych i nie rozumiej\u0105,  \u017ce kasowanie popularnych post\u00f3w przynosi zwykle odwrotny efekt od zamierzonego i jeszcze bardziej zwi\u0119ksza zaanga\u017cowanie fan\u00f3w,  co mo\u017cna by\u0142o zaobserwowa\u0107 w zwi\u0105zku z\u00a0<a title=\"ACTA Kasowanie wpis\u00f3w na fanpage Kancelarii Premiera\" href=\"https:\/\/www.sotrender.com\/blog\/pl\/2012\/01\/jak-nie-powinno-sie-reagowac-na-kryzys-pr-na-facebooku--czyli-kasowanie-wpisow-na-fanpageu-kancelarii-premiera\/\" target=\"_blank\">afer\u0105 w sprawie ACTA,  komentowanej przez nas na naszym blogu<\/a>.<\/p>\n<p>Sotrender trzyma r\u0119k\u0119 na pulsie i na bie\u017c\u0105co \u015bledzi wszystkie zmiany.\u00a0Wczoraj fanpage Uwa\u017cam Rze w ci\u0105gu jednego dnia straci\u0142 a\u017c 9% fan\u00f3w. Dzi\u015b ten trend jest jeszcze silniejszy. Do godziny 17.00 liczba fan\u00f3w spad\u0142a 0 kolejne 7%. Praktycznie ka\u017cde od\u015bwie\u017cenie strony skutkowa\u0142o zmniejszaniem si\u0119 licznika fan\u00f3w fanpage. R\u00f3wnie\u017c <a title=\"Rzeczpospolita\" href=\"http:\/\/www.facebook.com\/dziennikrzeczpospolita?fref=ts\" target=\"_blank\">Rzeczpospolita<\/a> traci fan\u00f3w,  jednak na tym fanpage protest nie ma tak widocznych efekt\u00f3w &#8211; liczba fan\u00f3w zmala\u0142a od wczoraj o oko\u0142o 2 %.<\/p>\n<p><a href=\"https:\/\/www.sotrender.com\/blog\/wp-content\/uploads\/2012\/11\/uwazam_rze.png\"><img loading=\"lazy\" decoding=\"async\" class=\"aligncenter size-medium wp-image-3737\" title=\"Spadek liczby fan\u00f3w profilu Uwa\u017cam Rze w dniach 28-29.11.2012\" src=\"https:\/\/www.sotrender.com\/blog\/wp-content\/uploads\/2012\/11\/uwazam_rze-300x200.png\" alt=\"\" width=\"300\" height=\"200\" \/><\/a><\/p>\n<p style=\"text-align: center;\">(kliknij aby powi\u0119kszy\u0107)<\/p>\n<p>Warto zauwa\u017cy\u0107,  \u017ce wielu fan\u00f3w by\u0142o mocno zaanga\u017cowanych w dyskusje na fanpage i silnie si\u0119 z nim identyfikowa\u0142o. Ich masowe &#8220;znielubienie&#8221; profilu jest odzwierciedleniem ich zaanga\u017cowania.\u00a0Prawdopodobnie protest facebookowy i spadek liczby fan\u00f3w znajdzie odzwierciedlenie r\u00f3wnie\u017c w spadku sprzeda\u017cy,  co mo\u017ce powa\u017cnie zagrozi\u0107 pozycji Uwa\u017cam Rze,  kt\u00f3re obecnie\u00a0<a title=\"Wyniki sprzeda\u017cy prasy\" href=\"http:\/\/www.wirtualnemedia.pl\/artykul\/gosc-niedzielny-liderem-newsweek-lisa-z-najwiekszym-wzrostem\" target=\"_blank\">nale\u017cy do lider\u00f3w w segmencie tygodniki opinii<\/a>. Odej\u015bcie tak du\u017cej cz\u0119\u015bci zespo\u0142u redakcyjnego niew\u0105tpliwie prze\u0142o\u017cy si\u0119 na spadek wynik\u00f3w tygodnika,  jednak bojkot w social mediach mo\u017ce ten efekt dodatkowo przyspieszy\u0107 i wzmocni\u0107.<\/p>\n<p>edit 30-11-2012:<\/p>\n<p>Tak wygl\u0105da spadek liczby fan\u00f3w do godziny 7 dnia dzisiejszego:<\/p>\n<p style=\"text-align: center;\"><a href=\"https:\/\/www.sotrender.com\/blog\/wp-content\/uploads\/2012\/11\/uwazam_rze2.png\"><img loading=\"lazy\" decoding=\"async\" class=\"size-medium wp-image-3759 aligncenter\" title=\"Uwa\u017cam Rze spadek liczby fan\u00f3w\" src=\"https:\/\/www.sotrender.com\/blog\/wp-content\/uploads\/2012\/11\/uwazam_rze2-300x161.png\" alt=\"\" width=\"300\" height=\"161\" \/><\/a><\/p>\n<p style=\"text-align: center;\">(kliknij aby powi\u0119kszy\u0107)<\/p>\n","protected":false},"excerpt":{"rendered":"<p>Wczorajsze odwo\u0142anie dotychczasowego redaktora naczelnego Paw\u0142a Lisickiego spowodowa\u0142o nie tylko odej\u015bcie wielu zwi\u0105zanych z tygodnikiem publicyst\u00f3w oraz wsp\u00f3\u0142pracownik\u00f3w, ale te\u017c masowy wr\u0119cz odp\u0142yw fan\u00f3w. Wpis Igora Janke o rezygnacji zd\u0105\u017cy\u0142 sta\u0107 si\u0119 najpopularniejszym postem Uwa\u017cam Rze tego roku, mimo \u017ce po nieca\u0142ych 24 godzinach zosta\u0142 usuni\u0119ty. (kliknij aby powi\u0119kszy\u0107)<\/p>\n","protected":false},"author":31,"featured_media":0,"comment_status":"open","ping_status":"open","sticky":false,"template":"","format":"standard","meta":{"inline_featured_image":false,"footnotes":""},"categories":[1793,1797],"tags":[15,17,45,311],"yoast_head":"<!-- This site is optimized with the Yoast SEO plugin v22.4 - https:\/\/yoast.com\/wordpress\/plugins\/seo\/ -->\n<title>Social protest na fanpage Uwa\u017cam Rze<\/title>\n<meta name=\"description\" content=\"Analiza odp\u0142ywu fan\u00f3w fanpage Uwa\u017cam Rze na Facebooku po odwo\u0142aniu redaktora naczelnego Paw\u0142a Lisickiego\" \/>\n<meta name=\"robots\" content=\"index, follow, max-snippet:-1, max-image-preview:large, max-video-preview:-1\" \/>\n<link rel=\"canonical\" href=\"https:\/\/www.sotrender.com\/blog\/pl\/2012\/11\/social-protest-na-fanpage-uwazam-rze\/\" \/>\n<meta property=\"og:locale\" content=\"pl_PL\" \/>\n<meta property=\"og:type\" content=\"article\" \/>\n<meta property=\"og:title\" content=\"Social protest na fanpage Uwa\u017cam Rze\" \/>\n<meta property=\"og:description\" content=\"Analiza odp\u0142ywu fan\u00f3w fanpage Uwa\u017cam Rze na Facebooku po odwo\u0142aniu redaktora naczelnego Paw\u0142a Lisickiego\" \/>\n<meta property=\"og:url\" content=\"https:\/\/www.sotrender.com\/blog\/pl\/2012\/11\/social-protest-na-fanpage-uwazam-rze\/\" \/>\n<meta property=\"og:site_name\" content=\"Sotrender Blog\" \/>\n<meta property=\"article:publisher\" content=\"https:\/\/www.facebook.com\/Sotrender\" \/>\n<meta property=\"article:published_time\" content=\"2012-11-29T16:52:19+00:00\" \/>\n<meta property=\"article:modified_time\" content=\"2015-12-01T21:23:10+00:00\" \/>\n<meta property=\"og:image\" content=\"https:\/\/www.sotrender.com\/blog\/wp-content\/uploads\/2012\/11\/post1-300x80.png\" \/>\n<meta name=\"author\" content=\"Aleksandra Prejs\" \/>\n<meta name=\"twitter:card\" content=\"summary_large_image\" \/>\n<meta name=\"twitter:creator\" content=\"@Sotrender\" \/>\n<meta name=\"twitter:site\" content=\"@Sotrender\" \/>\n<meta name=\"twitter:label1\" content=\"Written by\" \/>\n\t<meta name=\"twitter:data1\" content=\"Aleksandra Prejs\" \/>\n\t<meta name=\"twitter:label2\" content=\"Est. reading time\" \/>\n\t<meta name=\"twitter:data2\" content=\"2 minutes\" \/>\n<script type=\"application\/ld+json\" class=\"yoast-schema-graph\">{\"@context\":\"https:\/\/schema.org\",\"@graph\":[{\"@type\":\"WebPage\",\"@id\":\"https:\/\/www.sotrender.com\/blog\/pl\/2012\/11\/social-protest-na-fanpage-uwazam-rze\/\",\"url\":\"https:\/\/www.sotrender.com\/blog\/pl\/2012\/11\/social-protest-na-fanpage-uwazam-rze\/\",\"name\":\"Social protest na fanpage Uwa\u017cam Rze\",\"isPartOf\":{\"@id\":\"https:\/\/www.sotrender.com\/blog\/#website\"},\"primaryImageOfPage\":{\"@id\":\"https:\/\/www.sotrender.com\/blog\/pl\/2012\/11\/social-protest-na-fanpage-uwazam-rze\/#primaryimage\"},\"image\":{\"@id\":\"https:\/\/www.sotrender.com\/blog\/pl\/2012\/11\/social-protest-na-fanpage-uwazam-rze\/#primaryimage\"},\"thumbnailUrl\":\"https:\/\/www.sotrender.com\/blog\/wp-content\/uploads\/2012\/11\/post1-300x80.png\",\"datePublished\":\"2012-11-29T16:52:19+00:00\",\"dateModified\":\"2015-12-01T21:23:10+00:00\",\"author\":{\"@id\":\"https:\/\/www.sotrender.com\/blog\/#\/schema\/person\/7106df62825269bc360ad9171cd7149b\"},\"description\":\"Analiza odp\u0142ywu fan\u00f3w fanpage Uwa\u017cam Rze na Facebooku po odwo\u0142aniu redaktora naczelnego Paw\u0142a Lisickiego\",\"breadcrumb\":{\"@id\":\"https:\/\/www.sotrender.com\/blog\/pl\/2012\/11\/social-protest-na-fanpage-uwazam-rze\/#breadcrumb\"},\"inLanguage\":\"pl-PL\",\"potentialAction\":[{\"@type\":\"ReadAction\",\"target\":[\"https:\/\/www.sotrender.com\/blog\/pl\/2012\/11\/social-protest-na-fanpage-uwazam-rze\/\"]}]},{\"@type\":\"ImageObject\",\"inLanguage\":\"pl-PL\",\"@id\":\"https:\/\/www.sotrender.com\/blog\/pl\/2012\/11\/social-protest-na-fanpage-uwazam-rze\/#primaryimage\",\"url\":\"https:\/\/www.sotrender.com\/blog\/wp-content\/uploads\/2012\/11\/post1-300x80.png\",\"contentUrl\":\"https:\/\/www.sotrender.com\/blog\/wp-content\/uploads\/2012\/11\/post1-300x80.png\"},{\"@type\":\"BreadcrumbList\",\"@id\":\"https:\/\/www.sotrender.com\/blog\/pl\/2012\/11\/social-protest-na-fanpage-uwazam-rze\/#breadcrumb\",\"itemListElement\":[{\"@type\":\"ListItem\",\"position\":1,\"name\":\"Home\",\"item\":\"https:\/\/www.sotrender.com\/blog\/\"},{\"@type\":\"ListItem\",\"position\":2,\"name\":\"Social protest na fanpage Uwa\u017cam Rze\"}]},{\"@type\":\"WebSite\",\"@id\":\"https:\/\/www.sotrender.com\/blog\/#website\",\"url\":\"https:\/\/www.sotrender.com\/blog\/\",\"name\":\"Sotrender Blog\",\"description\":\"\",\"potentialAction\":[{\"@type\":\"SearchAction\",\"target\":{\"@type\":\"EntryPoint\",\"urlTemplate\":\"https:\/\/www.sotrender.com\/blog\/?s={search_term_string}\"},\"query-input\":\"required name=search_term_string\"}],\"inLanguage\":\"pl-PL\"},{\"@type\":\"Person\",\"@id\":\"https:\/\/www.sotrender.com\/blog\/#\/schema\/person\/7106df62825269bc360ad9171cd7149b\",\"name\":\"Aleksandra Prejs\",\"image\":{\"@type\":\"ImageObject\",\"inLanguage\":\"pl-PL\",\"@id\":\"https:\/\/www.sotrender.com\/blog\/#\/schema\/person\/image\/\",\"url\":\"https:\/\/secure.gravatar.com\/avatar\/469000454b77ff0aacb32c49dba023be?s=96&d=mm&r=g\",\"contentUrl\":\"https:\/\/secure.gravatar.com\/avatar\/469000454b77ff0aacb32c49dba023be?s=96&d=mm&r=g\",\"caption\":\"Aleksandra Prejs\"},\"url\":\"https:\/\/www.sotrender.com\/blog\/pl\/author\/aleksandra-prejs\/\"}]}<\/script>\n<!-- \/ Yoast SEO plugin. -->","yoast_head_json":{"title":"Social protest na fanpage Uwa\u017cam Rze","description":"Analiza odp\u0142ywu fan\u00f3w fanpage Uwa\u017cam Rze na Facebooku po odwo\u0142aniu redaktora naczelnego Paw\u0142a Lisickiego","robots":{"index":"index","follow":"follow","max-snippet":"max-snippet:-1","max-image-preview":"max-image-preview:large","max-video-preview":"max-video-preview:-1"},"canonical":"https:\/\/www.sotrender.com\/blog\/pl\/2012\/11\/social-protest-na-fanpage-uwazam-rze\/","og_locale":"pl_PL","og_type":"article","og_title":"Social protest na fanpage Uwa\u017cam Rze","og_description":"Analiza odp\u0142ywu fan\u00f3w fanpage Uwa\u017cam Rze na Facebooku po odwo\u0142aniu redaktora naczelnego Paw\u0142a Lisickiego","og_url":"https:\/\/www.sotrender.com\/blog\/pl\/2012\/11\/social-protest-na-fanpage-uwazam-rze\/","og_site_name":"Sotrender Blog","article_publisher":"https:\/\/www.facebook.com\/Sotrender","article_published_time":"2012-11-29T16:52:19+00:00","article_modified_time":"2015-12-01T21:23:10+00:00","og_image":[{"url":"https:\/\/www.sotrender.com\/blog\/wp-content\/uploads\/2012\/11\/post1-300x80.png"}],"author":"Aleksandra Prejs","twitter_card":"summary_large_image","twitter_creator":"@Sotrender","twitter_site":"@Sotrender","twitter_misc":{"Written by":"Aleksandra Prejs","Est. reading time":"2 minutes"},"schema":{"@context":"https:\/\/schema.org","@graph":[{"@type":"WebPage","@id":"https:\/\/www.sotrender.com\/blog\/pl\/2012\/11\/social-protest-na-fanpage-uwazam-rze\/","url":"https:\/\/www.sotrender.com\/blog\/pl\/2012\/11\/social-protest-na-fanpage-uwazam-rze\/","name":"Social protest na fanpage Uwa\u017cam Rze","isPartOf":{"@id":"https:\/\/www.sotrender.com\/blog\/#website"},"primaryImageOfPage":{"@id":"https:\/\/www.sotrender.com\/blog\/pl\/2012\/11\/social-protest-na-fanpage-uwazam-rze\/#primaryimage"},"image":{"@id":"https:\/\/www.sotrender.com\/blog\/pl\/2012\/11\/social-protest-na-fanpage-uwazam-rze\/#primaryimage"},"thumbnailUrl":"https:\/\/www.sotrender.com\/blog\/wp-content\/uploads\/2012\/11\/post1-300x80.png","datePublished":"2012-11-29T16:52:19+00:00","dateModified":"2015-12-01T21:23:10+00:00","author":{"@id":"https:\/\/www.sotrender.com\/blog\/#\/schema\/person\/7106df62825269bc360ad9171cd7149b"},"description":"Analiza odp\u0142ywu fan\u00f3w fanpage Uwa\u017cam Rze na Facebooku po odwo\u0142aniu redaktora naczelnego Paw\u0142a Lisickiego","breadcrumb":{"@id":"https:\/\/www.sotrender.com\/blog\/pl\/2012\/11\/social-protest-na-fanpage-uwazam-rze\/#breadcrumb"},"inLanguage":"pl-PL","potentialAction":[{"@type":"ReadAction","target":["https:\/\/www.sotrender.com\/blog\/pl\/2012\/11\/social-protest-na-fanpage-uwazam-rze\/"]}]},{"@type":"ImageObject","inLanguage":"pl-PL","@id":"https:\/\/www.sotrender.com\/blog\/pl\/2012\/11\/social-protest-na-fanpage-uwazam-rze\/#primaryimage","url":"https:\/\/www.sotrender.com\/blog\/wp-content\/uploads\/2012\/11\/post1-300x80.png","contentUrl":"https:\/\/www.sotrender.com\/blog\/wp-content\/uploads\/2012\/11\/post1-300x80.png"},{"@type":"BreadcrumbList","@id":"https:\/\/www.sotrender.com\/blog\/pl\/2012\/11\/social-protest-na-fanpage-uwazam-rze\/#breadcrumb","itemListElement":[{"@type":"ListItem","position":1,"name":"Home","item":"https:\/\/www.sotrender.com\/blog\/"},{"@type":"ListItem","position":2,"name":"Social protest na fanpage Uwa\u017cam Rze"}]},{"@type":"WebSite","@id":"https:\/\/www.sotrender.com\/blog\/#website","url":"https:\/\/www.sotrender.com\/blog\/","name":"Sotrender Blog","description":"","potentialAction":[{"@type":"SearchAction","target":{"@type":"EntryPoint","urlTemplate":"https:\/\/www.sotrender.com\/blog\/?s={search_term_string}"},"query-input":"required name=search_term_string"}],"inLanguage":"pl-PL"},{"@type":"Person","@id":"https:\/\/www.sotrender.com\/blog\/#\/schema\/person\/7106df62825269bc360ad9171cd7149b","name":"Aleksandra Prejs","image":{"@type":"ImageObject","inLanguage":"pl-PL","@id":"https:\/\/www.sotrender.com\/blog\/#\/schema\/person\/image\/","url":"https:\/\/secure.gravatar.com\/avatar\/469000454b77ff0aacb32c49dba023be?s=96&d=mm&r=g","contentUrl":"https:\/\/secure.gravatar.com\/avatar\/469000454b77ff0aacb32c49dba023be?s=96&d=mm&r=g","caption":"Aleksandra Prejs"},"url":"https:\/\/www.sotrender.com\/blog\/pl\/author\/aleksandra-prejs\/"}]}},"_links":{"self":[{"href":"https:\/\/www.sotrender.com\/blog\/pl\/wp-json\/wp\/v2\/posts\/3723"}],"collection":[{"href":"https:\/\/www.sotrender.com\/blog\/pl\/wp-json\/wp\/v2\/posts"}],"about":[{"href":"https:\/\/www.sotrender.com\/blog\/pl\/wp-json\/wp\/v2\/types\/post"}],"author":[{"embeddable":true,"href":"https:\/\/www.sotrender.com\/blog\/pl\/wp-json\/wp\/v2\/users\/31"}],"replies":[{"embeddable":true,"href":"https:\/\/www.sotrender.com\/blog\/pl\/wp-json\/wp\/v2\/comments?post=3723"}],"version-history":[{"count":11,"href":"https:\/\/www.sotrender.com\/blog\/pl\/wp-json\/wp\/v2\/posts\/3723\/revisions"}],"predecessor-version":[{"id":20187,"href":"https:\/\/www.sotrender.com\/blog\/pl\/wp-json\/wp\/v2\/posts\/3723\/revisions\/20187"}],"wp:attachment":[{"href":"https:\/\/www.sotrender.com\/blog\/pl\/wp-json\/wp\/v2\/media?parent=3723"}],"wp:term":[{"taxonomy":"category","embeddable":true,"href":"https:\/\/www.sotrender.com\/blog\/pl\/wp-json\/wp\/v2\/categories?post=3723"},{"taxonomy":"post_tag","embeddable":true,"href":"https:\/\/www.sotrender.com\/blog\/pl\/wp-json\/wp\/v2\/tags?post=3723"}],"curies":[{"name":"wp","href":"https:\/\/api.w.org\/{rel}","templated":true}]}}