{"id":37121,"date":"2019-04-09T09:37:37","date_gmt":"2019-04-09T07:37:37","guid":{"rendered":"https:\/\/www.sotrender.com\/blog\/?p=37121\/"},"modified":"2019-04-09T09:37:37","modified_gmt":"2019-04-09T07:37:37","slug":"co-oznacza-wprowadzenie-biblioteki-reklam-na-facebooku","status":"publish","type":"post","link":"https:\/\/www.sotrender.com\/blog\/pl\/2019\/04\/co-oznacza-wprowadzenie-biblioteki-reklam-na-facebooku\/","title":{"rendered":"Co oznacza wprowadzenie Biblioteki reklam na Facebooku dla reklamodawc\u00f3w?"},"content":{"rendered":"<p><span style=\"font-weight: 400;\"><em>Nieustannie pracujemy nad wi\u0119ksz\u0105 transparentno\u015bci\u0105 reklam oraz bardziej precyzyjnym informowaniem u\u017cytkownik\u00f3w o reklamach, kt\u00f3re widz\u0105.<\/em>\u00a0Tymi s\u0142owami zaczyna si\u0119 <\/span><a href=\"https:\/\/newsroom.fb.com\/news\/2019\/03\/a-better-way-to-learn-about-ads\/\"><span style=\"font-weight: 400;\">komunikat prasowy Facebooka<\/span><\/a><span style=\"font-weight: 400;\">, w kt\u00f3rym \u015bwiat\u0142o dzienne ujrza\u0142a <\/span><b>Biblioteka reklam<\/b><span style=\"font-weight: 400;\">, kt\u00f3re ma zwi\u0119kszy\u0107 ich transparentno\u015b\u0107.<\/span><\/p>\n<p><!--more--><\/p>\n<p><span style=\"font-weight: 400;\">Dla ka\u017cdego u\u017cytkownika Internetu oznacza to \u0142atwy dost\u0119p do monitorowania reklam o charakterze politycznym (oraz podmiot\u00f3w je sponsoruj\u0105cych), za\u015b dla marketer\u00f3w mo\u017cliwo\u015b\u0107 bardziej kompleksowego analizowania dzia\u0142a\u0144 konkurencji. <\/span><\/p>\n<h2>5 najwa\u017cniejszych fakt\u00f3w, kt\u00f3re musisz wiedzie\u0107 o Bibliotece reklam na Facebooku:<\/h2>\n<ul>\n<li style=\"font-weight: 400;\">W Bibliotece reklam znajdziesz <strong>wszystkie aktywne reklamy Stron<\/strong>, a w przypadku reklam politycznych (lub powi\u0105zanych) r\u00f3wnie\u017c reklamy ju\u017c nieaktywne.<\/li>\n<li style=\"font-weight: 400;\">Strony promuj\u0105ce tre\u015bci polityczne oraz spo\u0142eczne musz\u0105 przej\u015b\u0107 <strong>proces weryfikacji<\/strong>.<\/li>\n<li style=\"font-weight: 400;\">Zweryfikowani reklamodawcy mog\u0105 <strong>publikowa\u0107 reklamy jedynie w kraju, w kt\u00f3rym pozytywnie przeszli proces autoryzacji<\/strong>.<\/li>\n<li style=\"font-weight: 400;\">Reklamy polityczne b\u0119d\u0105 opatrzone <strong>etykiet\u0105 \u201cOp\u0142acone przez\u201d<\/strong> oraz b\u0119d\u0105 zawiera\u0107 szczeg\u00f3\u0142owe informacje dot. samej reklamy (np. liczb\u0119 wy\u015bwietle\u0144 czy bud\u017cet).<\/li>\n<li style=\"font-weight: 400;\">Wprowadzenie Biblioteki reklam oznacza <strong>rozszerzone mo\u017cliwo\u015bci dla marketer\u00f3w<\/strong> w kontek\u015bcie monitorowania bie\u017c\u0105cych dzia\u0142a\u0144 reklamowych konkurencji.<\/li>\n<\/ul>\n<h2><strong>Czym jest Biblioteka reklam na Facebooku?<\/strong><\/h2>\n<p><span style=\"font-weight: 400;\"><strong>Archiwum reklamowe<\/strong> (<\/span><i><span style=\"font-weight: 400;\">Facebook\u2019s Ad Archive<\/span><\/i><span style=\"font-weight: 400;\">), poniewa\u017c tak pocz\u0105tkowo nazywa\u0142a si\u0119 <a href=\"https:\/\/www.facebook.com\/ads\/library\">Biblioteka reklam<\/a>, powsta\u0142o w maju 2018 i by\u0142o dost\u0119pne w Stanach Zjednoczonych. W \u00f3wczesnym kszta\u0142cie zawiera\u0142o jedynie informacje o reklamach politycznych (lub tematach \u015bci\u015ble powi\u0105zanych z polityk\u0105). <\/span><\/p>\n<p><span style=\"font-weight: 400;\">Powstanie Ad Archive i udost\u0119pnienie go w kolejnych krajach by\u0142o zwi\u0105zane ze zbli\u017caj\u0105cymi si\u0119 wyborami krajowymi. Od pa\u017adziernika 2018 roku Ad Archive dzia\u0142a\u0142o w Wielkiej Brytanii. Ponadto platforma funkcjonowa\u0142a tak\u017ce w Brazylii, Indiach, na Ukrainie oraz w Izraelu &#8211; w krajach, w kt\u00f3rych odbywa\u0107 si\u0119 mia\u0142y wybory. <\/span><\/p>\n<p><span style=\"font-weight: 400;\"><strong>Udost\u0119pnienie Biblioteki reklam wszystkim krajom Unii Europejskiej pod koniec marca b.r.<\/strong> jest z kolei zwi\u0105zane z nadchodz\u0105cymi wyborami do Parlamentu Europejskiego w maju 2019 roku. <\/span><\/p>\n<p><span style=\"font-weight: 400;\">Samo powstanie Archiwum reklamowego mia\u0142o swoje podwaliny w kampanii prezydenckiej Donalda Trumpa w 2016 roku i wielu w\u0105tpliwo\u015bci zwi\u0105zanymi z podmiotami, kt\u00f3re mia\u0142y na ni\u0105 wp\u0142yw.<\/span><\/p>\n<p><span style=\"font-weight: 400;\">Podsumowuj\u0105c, celem wprowadzenia Biblioteki reklam Facebooka jest<\/span><b> zapobieganie nadu\u017cywania reklam do rozpowszechniania b\u0142\u0119dnych informacji<\/b><span style=\"font-weight: 400;\">, zaostrzania polaryzacji czy zniech\u0119cania do g\u0142osowania w wyborach. Zgodnie z najnowszymi regulacjami Facebooka, reklamodawcy b\u0119d\u0105 musieli przej\u015b\u0107 proces weryfikacji oraz informowa\u0107 o podmiotach p\u0142ac\u0105cych za ich reklamy polityczne. <\/span><\/p>\n<h2><span style=\"font-weight: 400;\"><strong>Jakie informacje znajduj\u0105 si\u0119 w Bibliotece reklam Facebooka?<\/strong> <\/span><\/h2>\n<p><span style=\"font-weight: 400;\"><a href=\"https:\/\/www.facebook.com\/ads\/library\">Biblioteka reklam<\/a> udost\u0119pniona u\u017cytkownikom pod koniec marca 2019 roku, zawiera:<\/span><\/p>\n<ul>\n<li style=\"font-weight: 400;\"><b>wi\u0119cej informacji o samej Stronie<\/b><span style=\"font-weight: 400;\"> (kt\u00f3re dost\u0119pne s\u0105 teraz r\u00f3wnie\u017c z poziomu ka\u017cdej Strony), m.in. dat\u0119 jej utworzenia, zmiany jej nazwy, lokalizacje os\u00f3b zarz\u0105dzaj\u0105cych Stron\u0105, <\/span><\/li>\n<li style=\"font-weight: 400;\"><b>aktywne reklamy dla wszystkich Stron<\/b><span style=\"font-weight: 400;\"> (informacje dost\u0119pne ju\u017c wcze\u015bniej z poziomu Stron w sekcji <\/span><i><span style=\"font-weight: 400;\">Informacje i reklamy<\/span><\/i><span style=\"font-weight: 400;\">),<\/span><\/li>\n<li style=\"font-weight: 400;\"><b>nieaktywne reklamy polityczne oraz zwi\u0105zane z polityk\u0105<\/b><span style=\"font-weight: 400;\">, zagadnieniami o znaczeniu krajowym lub kwestiami spo\u0142ecznymi, np. dot. imigracji, bezpiecze\u0144stwa, polityki zagranicznej czy \u015brodowiskowej.<\/span><\/li>\n<\/ul>\n<div id=\"attachment_37123\" style=\"width: 811px\" class=\"wp-caption aligncenter\"><img loading=\"lazy\" decoding=\"async\" aria-describedby=\"caption-attachment-37123\" class=\" wp-image-37123\" src=\"https:\/\/www.sotrender.com\/blog\/wp-content\/uploads\/2019\/04\/Zrzut-ekranu-2019-04-4-o-08.03.29.png\" alt=\"Biblioteka reklam na Facebooku\" width=\"801\" height=\"559\" srcset=\"https:\/\/www.sotrender.com\/blog\/wp-content\/uploads\/2019\/04\/Zrzut-ekranu-2019-04-4-o-08.03.29.png 1096w, https:\/\/www.sotrender.com\/blog\/wp-content\/uploads\/2019\/04\/Zrzut-ekranu-2019-04-4-o-08.03.29-475x332.png 475w, https:\/\/www.sotrender.com\/blog\/wp-content\/uploads\/2019\/04\/Zrzut-ekranu-2019-04-4-o-08.03.29-768x536.png 768w, https:\/\/www.sotrender.com\/blog\/wp-content\/uploads\/2019\/04\/Zrzut-ekranu-2019-04-4-o-08.03.29-950x663.png 950w\" sizes=\"(max-width: 801px) 100vw, 801px\" \/><p id=\"caption-attachment-37123\" class=\"wp-caption-text\">Widok przyk\u0142adowego reklamodawcy w Bibliotece reklam na Facebooku<\/p><\/div>\n<p>Reklamy zwi\u0105zane z polityk\u0105 lub innymi zagadnieniami krajowymi zyska\u0142y w panelu Biblioteki reklam osobne sekcje:<\/p>\n<ul>\n<li style=\"font-weight: 400;\"><span style=\"font-weight: 400;\">\u0141\u0105czne wydatki na reklamy Strony (od maja 2018 roku);<\/span><\/li>\n<li style=\"font-weight: 400;\"><span style=\"font-weight: 400;\">Ostatnie wydatki na reklamy Strony (ostatnich 7 dni).<\/span><\/li>\n<\/ul>\n<p><span style=\"font-weight: 400;\">Istnieje r\u00f3wnie\u017c osobny widok, w kt\u00f3rym wy\u015bwietlone zostan\u0105 jedynie reklamy polityczne. <\/span><\/p>\n<h2><span style=\"font-weight: 400;\"><strong>Jak wygl\u0105da proces weryfikacji reklamodawc\u00f3w?<\/strong> <\/span><\/h2>\n<p><span style=\"font-weight: 400;\">By zapobiega\u0107 nadu\u017cyciom w nadchodz\u0105cych wyborach do Parlamentu Europejskiego, <strong>wszyscy reklamodawcy z Unii Europejskiej prowadz\u0105cy kampanie reklamowe zwi\u0105zane z wyborami, b\u0119d\u0105 musieli przej\u015b\u0107 proces weryfikacji w swoim kraju<\/strong>. Konieczne b\u0119dzie z\u0142o\u017cenie odpowiednich dokument\u00f3w oraz autoryzacja konta (m.in. potwierdzenie lokalizacji).<\/span><\/p>\n<p><span style=\"font-weight: 400;\">By pozytywnie przej\u015b\u0107 proces weryfikacji nale\u017cy spe\u0142ni\u0107 szereg warunk\u00f3w, m.in.: <\/span><\/p>\n<ul>\n<li style=\"font-weight: 400;\"><span style=\"font-weight: 400;\">Co najmniej jeden administrator strony musi mie\u0107 <strong>potwierdzon\u0105 to\u017csamo\u015b\u0107 (<\/strong>np. dowodem osobistym) oraz w\u0142\u0105czone uwierzytelnianie dwusk\u0142adnikowe na swoim koncie.<\/span><\/li>\n<li style=\"font-weight: 400;\"><span style=\"font-weight: 400;\">W <\/span><i><span style=\"font-weight: 400;\">Mened\u017cerze firmy <\/span><\/i><span style=\"font-weight: 400;\">w sekcji <\/span><i><span style=\"font-weight: 400;\">Autoryzacje <\/span><\/i><span style=\"font-weight: 400;\">nale\u017cy poda\u0107 <strong>kraj prowadzenia dzia\u0142alno\u015bci<\/strong> oraz ponownie potwierdzi\u0107 to\u017csamo\u015b\u0107 jednego z administrator\u00f3w Strony.<\/span><\/li>\n<li style=\"font-weight: 400;\"><span style=\"font-weight: 400;\">Nale\u017cy tak\u017ce <strong>wybra\u0107 konta reklamowe, z kt\u00f3rych prowadzone b\u0119d\u0105 reklamy polityczne<\/strong>. <\/span><\/li>\n<li style=\"font-weight: 400;\"><span style=\"font-weight: 400;\">Obowi\u0105zkowe jest r\u00f3wnie\u017c <strong>stworzenie zastrze\u017ce\u0144<\/strong>, czyli informacji o podmiotach, kt\u00f3re op\u0142aca\u0107 b\u0119d\u0105 reklamy polityczne. <\/span><\/li>\n<\/ul>\n<p><strong>Szczeg\u00f3\u0142owy przewodnik jak dokona\u0107 weryfikacji krok po kroku znajduje si\u0119 <a href=\"https:\/\/www.facebook.com\/business\/help\/208949576550051#\">pod tym linkiem<\/a><\/strong><span style=\"font-weight: 400;\"><strong>.<\/strong> <\/span><\/p>\n<p><span style=\"font-weight: 400;\">Weryfikacj\u0119 musz\u0105 przej\u015b\u0107 nie tylko reklamodawcy promuj\u0105cy tre\u015bci stricte polityczne, ale tak\u017ce dotycz\u0105ce:<\/span><\/p>\n<ul>\n<li style=\"font-weight: 400;\"><span style=\"font-weight: 400;\">imigracji, <\/span><\/li>\n<li style=\"font-weight: 400;\"><span style=\"font-weight: 400;\">ekonomii,<\/span><\/li>\n<li style=\"font-weight: 400;\"><span style=\"font-weight: 400;\">bezpiecze\u0144stwa oraz polityki zagranicznej,<\/span><\/li>\n<li style=\"font-weight: 400;\"><span style=\"font-weight: 400;\">ochrony \u015brodowiska,<\/span><\/li>\n<li style=\"font-weight: 400;\"><span style=\"font-weight: 400;\">gospodarki,<\/span><\/li>\n<li style=\"font-weight: 400;\"><span style=\"font-weight: 400;\">warto\u015bci politycznych,<\/span><\/li>\n<li style=\"font-weight: 400;\"><span style=\"font-weight: 400;\">praw obywatelskich i spo\u0142ecznych.<\/span><\/li>\n<\/ul>\n<p><span style=\"font-weight: 400;\">W praktyce oznacza to, \u017ce w Polsce weryfikacj\u0119 musz\u0105 przej\u015b\u0107 m.in. wszystkie media, kt\u00f3re sponsoruj\u0105 swoje tre\u015bci na Facebooku. <\/span><\/p>\n<h2><span style=\"font-weight: 400;\"><strong>Zasady dzia\u0142ania reklam politycznych<\/strong> <\/span><\/h2>\n<p><span style=\"font-weight: 400;\">Reklamy polityczne b\u0119d\u0105 opatrzone <strong>etykiet\u0105 \u201cOp\u0142acone przez\u201d<\/strong>, zawieraj\u0105c\u0105 nazw\u0119 instytucji (lub imi\u0119 i nazwisko osoby) op\u0142acaj\u0105cej reklam\u0119 oraz szczeg\u00f3\u0142owe informacji o niej. Ma to nie tylko zwi\u0119kszy\u0107 transparentno\u015b\u0107 reklam, i stoj\u0105cych za nimi podmiot\u00f3w, w oczach u\u017cytkownik\u00f3w, ale r\u00f3wnie\u017c usprawni\u0107 rozstrzyganie ewentualnych podejrze\u0144 czy zastrze\u017ce\u0144 wobec reklamodawc\u00f3w przez instytucje pa\u0144stwowe. <\/span><\/p>\n<p><span style=\"font-weight: 400;\">Co wa\u017cne, autoryzowany reklamodawca b\u0119dzie m\u00f3g\u0142 korzysta\u0107 z reklam na Facebooku jedynie w kraju, w kt\u00f3rym uzyska\u0142 autoryzacj\u0119. <\/span><\/p>\n<p><span style=\"font-weight: 400;\">W chwili obecnej dla kraj\u00f3w z Unii Europejskiej w Bibliotece reklam dost\u0119pne s\u0105 reklamy od marca 2019. Facebook zapowiada, \u017ce funkcja ma by\u0107 dost\u0119pna globalnie do ko\u0144ca czerwca 2019 roku. <\/span><\/p>\n<div id=\"attachment_37125\" style=\"width: 811px\" class=\"wp-caption aligncenter\"><img loading=\"lazy\" decoding=\"async\" aria-describedby=\"caption-attachment-37125\" class=\" wp-image-37125\" src=\"https:\/\/www.sotrender.com\/blog\/wp-content\/uploads\/2019\/04\/Zrzut-ekranu-2019-04-3-o-14.18.35.png\" alt=\"Biblioteka reklam na Facebooku w Unii Europejskiej\" width=\"801\" height=\"553\" srcset=\"https:\/\/www.sotrender.com\/blog\/wp-content\/uploads\/2019\/04\/Zrzut-ekranu-2019-04-3-o-14.18.35.png 889w, https:\/\/www.sotrender.com\/blog\/wp-content\/uploads\/2019\/04\/Zrzut-ekranu-2019-04-3-o-14.18.35-475x328.png 475w, https:\/\/www.sotrender.com\/blog\/wp-content\/uploads\/2019\/04\/Zrzut-ekranu-2019-04-3-o-14.18.35-768x530.png 768w\" sizes=\"(max-width: 801px) 100vw, 801px\" \/><p id=\"caption-attachment-37125\" class=\"wp-caption-text\"><a href=\"https:\/\/www.facebook.com\/ads\/library\">Biblioteka reklam na Facebooku<\/a> w Unii Europejskiej<\/p><\/div>\n<p><span style=\"font-weight: 400;\">Dane w Bibliotece reklam b\u0119d\u0105 przechowywane przez 7 lat, z kolei dost\u0119p do niej ma ka\u017cdy, nie tylko u\u017cytkownicy Facebooka.<\/span><\/p>\n<p><span style=\"font-weight: 400;\">Dodatkowo, dost\u0119pny jest r\u00f3wnie\u017c <\/span><a href=\"https:\/\/www.facebook.com\/ads\/library\/report\"><span style=\"font-weight: 400;\">Raport dotycz\u0105cy Biblioteki reklam<\/span><\/a><span style=\"font-weight: 400;\">. Od po\u0142owy maja raporty maj\u0105 by\u0107 aktualizowane codziennie (obecnie s\u0105 aktualizowane w cyklu tygodniowym). Raporty s\u0105 dost\u0119pne do pobrania dla ka\u017cdego, aktualnie dla Stan\u00f3w Zjednoczonych, Indii oraz Wielkiej Brytanii w formacie .csv. <\/span><\/p>\n<h2><strong>Udost\u0119pnienie API Biblioteki reklam<\/strong><\/h2>\n<p><span style=\"font-weight: 400;\">API Biblioteki reklam, kt\u00f3re by\u0142o dotychczas w fazie test\u00f3w beta, r\u00f3wnie\u017c zostaje udost\u0119pnione dla deweloper\u00f3w oraz badaczy. Analogiczne do reklamodawc\u00f3w, po zweryfikowaniu swojej to\u017csamo\u015bci, deweloperzy b\u0119d\u0105 mieli dost\u0119p do danych reklamowych, co pozwoli na dokonywanie ich analizy, predykcji oraz \u015bledzenia trend\u00f3w. <\/span><\/p>\n<p><span style=\"font-weight: 400;\">Weryfikacja kont u\u017cytkownik\u00f3w ma zapobiec wyst\u0105pieniu sytuacji podobnej do Cambridge Analytica. W przypadku zastrze\u017ce\u0144, dost\u0119py do API b\u0119d\u0105 wycofywane. <\/span><\/p>\n<h2><span style=\"font-weight: 400;\"><strong>Co wprowadzenie Biblioteki reklam oznacza dla marketer\u00f3w?<\/strong> <\/span><\/h2>\n<p><span style=\"font-weight: 400;\"><a href=\"https:\/\/www.facebook.com\/ads\/library\">Biblioteka reklam na Facebooku<\/a> to r\u00f3wnie\u017c \u015bwietne \u017ar\u00f3d\u0142o wiedzy dla marketer\u00f3w. Cho\u0107 wyd\u017awi\u0119k wprowadzenia platformy jest mocno polityczny, korzystanie z Biblioteki reklam to tak\u017ce szansa na pozyskiwanie informacji na temat dzia\u0142a\u0144 reklamowych konkurencji. <\/span><\/p>\n<p><span style=\"font-weight: 400;\">Na chwil\u0119 obecn\u0105 analizowa\u0107 mo\u017cna:<\/span><\/p>\n<ul>\n<li style=\"font-weight: 400;\"><span style=\"font-weight: 400;\">bud\u017cety reklamowe,<\/span><\/li>\n<li style=\"font-weight: 400;\"><span style=\"font-weight: 400;\">targetowanie reklam (lokalizacja, p\u0142e\u0107), <\/span><\/li>\n<li style=\"font-weight: 400;\"><span style=\"font-weight: 400;\">zasi\u0119gi reklam (liczba wy\u015bwietle\u0144),<\/span><\/li>\n<\/ul>\n<p><span style=\"font-weight: 400;\">w przypadku reklam politycznych, oraz<\/span><\/p>\n<ul>\n<li style=\"font-weight: 400;\"><span style=\"font-weight: 400;\">kreacje reklam oraz ich tre\u015b\u0107 dla wszystkich pozosta\u0142ych reklam.<\/span><\/li>\n<\/ul>\n<p><div id=\"attachment_37127\" style=\"width: 810px\" class=\"wp-caption aligncenter\"><img loading=\"lazy\" decoding=\"async\" aria-describedby=\"caption-attachment-37127\" class=\" wp-image-37127\" src=\"https:\/\/www.sotrender.com\/blog\/wp-content\/uploads\/2019\/04\/Zrzut-ekranu-2019-04-8-o-12.50.55.png\" alt=\"Biblioteka reklam na Facebooku, szczeg\u00f3\u0142y dot. reklamy\" width=\"800\" height=\"542\" srcset=\"https:\/\/www.sotrender.com\/blog\/wp-content\/uploads\/2019\/04\/Zrzut-ekranu-2019-04-8-o-12.50.55.png 1124w, https:\/\/www.sotrender.com\/blog\/wp-content\/uploads\/2019\/04\/Zrzut-ekranu-2019-04-8-o-12.50.55-475x322.png 475w, https:\/\/www.sotrender.com\/blog\/wp-content\/uploads\/2019\/04\/Zrzut-ekranu-2019-04-8-o-12.50.55-768x521.png 768w, https:\/\/www.sotrender.com\/blog\/wp-content\/uploads\/2019\/04\/Zrzut-ekranu-2019-04-8-o-12.50.55-950x644.png 950w\" sizes=\"(max-width: 800px) 100vw, 800px\" \/><p id=\"caption-attachment-37127\" class=\"wp-caption-text\">Szczeg\u00f3\u0142y dot. reklamy na przyk\u0142adzie Green Party w Stanach Zjednoczonych [<a href=\"https:\/\/www.facebook.com\/ads\/library\/?active_status=all&amp;ad_type=political_and_issue_ads&amp;country=US&amp;q=green%20party\">zobacz wi\u0119cej<\/a>]<\/p><\/div><br \/>\n<span style=\"font-weight: 400;\">W chwili obecnej <strong>w Sotrenderze testujemy API Biblioteki reklam<\/strong> oraz pozyskiwanie i analizowanie danych z niej pochodz\u0105cych. <\/span><\/p>\n<p><span style=\"font-weight: 400;\">Chcesz wiedzie\u0107, jak mo\u017cemy Ci pom\u00f3c oraz jakich danych dostarczy\u0107? Skontaktuj si\u0119 z nami [<a href=\"mailto:sales@sotrender.com\">sales@sotrender.com<\/a>].<\/span><\/p>\n<p style=\"text-align: center;\"><!--HubSpot Call-to-Action Code --><span id=\"hs-cta-wrapper-f8e7a8ee-638b-43e5-9270-11c886ae1915\" class=\"hs-cta-wrapper\"><span id=\"hs-cta-f8e7a8ee-638b-43e5-9270-11c886ae1915\" class=\"hs-cta-node hs-cta-f8e7a8ee-638b-43e5-9270-11c886ae1915\"><!-- [if lte IE 8]><\/p>\n\n\n\n\n\n<div id=\"hs-cta-ie-element\"><\/div>\n\n\n<![endif]--><a href=\"https:\/\/cta-redirect.hubspot.com\/cta\/redirect\/3842881\/f8e7a8ee-638b-43e5-9270-11c886ae1915\"><img decoding=\"async\" id=\"hs-cta-img-f8e7a8ee-638b-43e5-9270-11c886ae1915\" class=\"hs-cta-img aligncenter\" style=\"border-width: 0px;\" src=\"https:\/\/no-cache.hubspot.com\/cta\/default\/3842881\/f8e7a8ee-638b-43e5-9270-11c886ae1915.png\" alt=\"Jestem zainteresowany\" \/><\/a><\/span><script charset=\"utf-8\" src=\"https:\/\/js.hscta.net\/cta\/current.js\"><\/script><script type=\"text\/javascript\"> hbspt.cta.load(3842881, 'f8e7a8ee-638b-43e5-9270-11c886ae1915', {}); <\/script><\/span><!-- end HubSpot Call-to-Action Code --><\/p>\n<p style=\"text-align: left;\"><b>Przydatne linki:<\/b><\/p>\n<ul>\n<li><span style=\"font-weight: 400;\">Biblioteka reklam na Facebooku: <\/span><a href=\"https:\/\/www.facebook.com\/ads\/library\/?active_status=all&amp;ad_type=political_and_issue_ads&amp;country=PL\"><span style=\"font-weight: 400;\">www.facebook.com\/ads\/library<\/span><\/a><\/li>\n<li><span style=\"font-weight: 400;\">Raport dotycz\u0105cy Biblioteki Reklam: <\/span><a href=\"https:\/\/www.facebook.com\/ads\/library\/report\"><span style=\"font-weight: 400;\">www.facebook.com\/ads\/library\/report<\/span><\/a><\/li>\n<li><span style=\"font-weight: 400;\">Proces autoryzacji dla reklamodawc\u00f3w wy\u015bwietlaj\u0105cych reklamy zwi\u0105zane z polityk\u0105: <\/span><a href=\"https:\/\/www.facebook.com\/business\/help\/208949576550051#\"><span style=\"font-weight: 400;\">www.facebook.com\/business\/help\/208949576550051<\/span><\/a><\/li>\n<li><span style=\"font-weight: 400;\">Platforma dla organizacji politycznych oraz rz\u0105dowych: <\/span><a href=\"https:\/\/politics.fb.com\/\"><span style=\"font-weight: 400;\">politics.fb.com<\/span><\/a><\/li>\n<\/ul>\n<p>&nbsp;<\/p>\n","protected":false},"excerpt":{"rendered":"<p>Nieustannie pracujemy nad wi\u0119ksz\u0105 transparentno\u015bci\u0105 reklam oraz bardziej precyzyjnym informowaniem u\u017cytkownik\u00f3w o reklamach, kt\u00f3re widz\u0105.\u00a0Tymi s\u0142owami zaczyna si\u0119 komunikat prasowy Facebooka, w kt\u00f3rym \u015bwiat\u0142o dzienne ujrza\u0142a Biblioteka reklam, kt\u00f3re ma zwi\u0119kszy\u0107 ich transparentno\u015b\u0107.<\/p>\n","protected":false},"author":89,"featured_media":37135,"comment_status":"open","ping_status":"open","sticky":false,"template":"","format":"standard","meta":{"inline_featured_image":false,"footnotes":""},"categories":[2125,2275],"tags":[2005,2301,2923,2925],"yoast_head":"<!-- This site is optimized with the Yoast SEO plugin v22.4 - https:\/\/yoast.com\/wordpress\/plugins\/seo\/ -->\n<title>Co oznacza wprowadzenie Biblioteki reklam na Facebooku?<\/title>\n<meta name=\"description\" content=\"Wprowadzenie Biblioteki reklam na Facebooku ma zwi\u0119kszych ich transparentno\u015b\u0107, g\u0142\u00f3wnie w kontek\u015bcie reklam politycznych. Co oznacza dla marketer\u00f3w?\" \/>\n<meta name=\"robots\" content=\"index, follow, max-snippet:-1, max-image-preview:large, max-video-preview:-1\" \/>\n<link rel=\"canonical\" href=\"https:\/\/www.sotrender.com\/blog\/pl\/2019\/04\/co-oznacza-wprowadzenie-biblioteki-reklam-na-facebooku\/\" \/>\n<meta property=\"og:locale\" content=\"pl_PL\" \/>\n<meta property=\"og:type\" content=\"article\" \/>\n<meta property=\"og:title\" content=\"Co oznacza wprowadzenie Biblioteki reklam na Facebooku?\" \/>\n<meta property=\"og:description\" content=\"Wprowadzenie Biblioteki reklam na Facebooku ma zwi\u0119kszych ich transparentno\u015b\u0107, g\u0142\u00f3wnie w kontek\u015bcie reklam politycznych. Co oznacza dla marketer\u00f3w?\" \/>\n<meta property=\"og:url\" content=\"https:\/\/www.sotrender.com\/blog\/pl\/2019\/04\/co-oznacza-wprowadzenie-biblioteki-reklam-na-facebooku\/\" \/>\n<meta property=\"og:site_name\" content=\"Sotrender Blog\" \/>\n<meta property=\"article:publisher\" content=\"https:\/\/www.facebook.com\/Sotrender\" \/>\n<meta property=\"article:published_time\" content=\"2019-04-09T07:37:37+00:00\" \/>\n<meta property=\"og:image\" content=\"https:\/\/www.sotrender.com\/blog\/wp-content\/uploads\/2019\/04\/will-francis-1070259-unsplash.jpg\" \/>\n\t<meta property=\"og:image:width\" content=\"2500\" \/>\n\t<meta property=\"og:image:height\" content=\"1667\" \/>\n\t<meta property=\"og:image:type\" content=\"image\/jpeg\" \/>\n<meta name=\"author\" content=\"Klaudia \u017by\u0142ka\" \/>\n<meta name=\"twitter:card\" content=\"summary_large_image\" \/>\n<meta name=\"twitter:creator\" content=\"@Sotrender\" \/>\n<meta name=\"twitter:site\" content=\"@Sotrender\" \/>\n<meta name=\"twitter:label1\" content=\"Written by\" \/>\n\t<meta name=\"twitter:data1\" content=\"Klaudia \u017by\u0142ka\" \/>\n\t<meta name=\"twitter:label2\" content=\"Est. reading time\" \/>\n\t<meta name=\"twitter:data2\" content=\"6 minutes\" \/>\n<script type=\"application\/ld+json\" class=\"yoast-schema-graph\">{\"@context\":\"https:\/\/schema.org\",\"@graph\":[{\"@type\":\"WebPage\",\"@id\":\"https:\/\/www.sotrender.com\/blog\/pl\/2019\/04\/co-oznacza-wprowadzenie-biblioteki-reklam-na-facebooku\/\",\"url\":\"https:\/\/www.sotrender.com\/blog\/pl\/2019\/04\/co-oznacza-wprowadzenie-biblioteki-reklam-na-facebooku\/\",\"name\":\"Co oznacza wprowadzenie Biblioteki reklam na Facebooku?\",\"isPartOf\":{\"@id\":\"https:\/\/www.sotrender.com\/blog\/#website\"},\"primaryImageOfPage\":{\"@id\":\"https:\/\/www.sotrender.com\/blog\/pl\/2019\/04\/co-oznacza-wprowadzenie-biblioteki-reklam-na-facebooku\/#primaryimage\"},\"image\":{\"@id\":\"https:\/\/www.sotrender.com\/blog\/pl\/2019\/04\/co-oznacza-wprowadzenie-biblioteki-reklam-na-facebooku\/#primaryimage\"},\"thumbnailUrl\":\"https:\/\/www.sotrender.com\/blog\/wp-content\/uploads\/2019\/04\/will-francis-1070259-unsplash.jpg\",\"datePublished\":\"2019-04-09T07:37:37+00:00\",\"dateModified\":\"2019-04-09T07:37:37+00:00\",\"author\":{\"@id\":\"https:\/\/www.sotrender.com\/blog\/#\/schema\/person\/038ac5e276c5d102d8cbb9c36cd43416\"},\"description\":\"Wprowadzenie Biblioteki reklam na Facebooku ma zwi\u0119kszych ich transparentno\u015b\u0107, g\u0142\u00f3wnie w kontek\u015bcie reklam politycznych. Co oznacza dla marketer\u00f3w?\",\"breadcrumb\":{\"@id\":\"https:\/\/www.sotrender.com\/blog\/pl\/2019\/04\/co-oznacza-wprowadzenie-biblioteki-reklam-na-facebooku\/#breadcrumb\"},\"inLanguage\":\"pl-PL\",\"potentialAction\":[{\"@type\":\"ReadAction\",\"target\":[\"https:\/\/www.sotrender.com\/blog\/pl\/2019\/04\/co-oznacza-wprowadzenie-biblioteki-reklam-na-facebooku\/\"]}]},{\"@type\":\"ImageObject\",\"inLanguage\":\"pl-PL\",\"@id\":\"https:\/\/www.sotrender.com\/blog\/pl\/2019\/04\/co-oznacza-wprowadzenie-biblioteki-reklam-na-facebooku\/#primaryimage\",\"url\":\"https:\/\/www.sotrender.com\/blog\/wp-content\/uploads\/2019\/04\/will-francis-1070259-unsplash.jpg\",\"contentUrl\":\"https:\/\/www.sotrender.com\/blog\/wp-content\/uploads\/2019\/04\/will-francis-1070259-unsplash.jpg\",\"width\":2500,\"height\":1667,\"caption\":\"facebook ads\"},{\"@type\":\"BreadcrumbList\",\"@id\":\"https:\/\/www.sotrender.com\/blog\/pl\/2019\/04\/co-oznacza-wprowadzenie-biblioteki-reklam-na-facebooku\/#breadcrumb\",\"itemListElement\":[{\"@type\":\"ListItem\",\"position\":1,\"name\":\"Home\",\"item\":\"https:\/\/www.sotrender.com\/blog\/\"},{\"@type\":\"ListItem\",\"position\":2,\"name\":\"Co oznacza wprowadzenie Biblioteki reklam na Facebooku dla reklamodawc\u00f3w?\"}]},{\"@type\":\"WebSite\",\"@id\":\"https:\/\/www.sotrender.com\/blog\/#website\",\"url\":\"https:\/\/www.sotrender.com\/blog\/\",\"name\":\"Sotrender Blog\",\"description\":\"\",\"potentialAction\":[{\"@type\":\"SearchAction\",\"target\":{\"@type\":\"EntryPoint\",\"urlTemplate\":\"https:\/\/www.sotrender.com\/blog\/?s={search_term_string}\"},\"query-input\":\"required name=search_term_string\"}],\"inLanguage\":\"pl-PL\"},{\"@type\":\"Person\",\"@id\":\"https:\/\/www.sotrender.com\/blog\/#\/schema\/person\/038ac5e276c5d102d8cbb9c36cd43416\",\"name\":\"Klaudia \u017by\u0142ka\",\"image\":{\"@type\":\"ImageObject\",\"inLanguage\":\"pl-PL\",\"@id\":\"https:\/\/www.sotrender.com\/blog\/#\/schema\/person\/image\/\",\"url\":\"https:\/\/secure.gravatar.com\/avatar\/f55d5d49ce3c448e1ffde0ab078d84cd?s=96&d=mm&r=g\",\"contentUrl\":\"https:\/\/secure.gravatar.com\/avatar\/f55d5d49ce3c448e1ffde0ab078d84cd?s=96&d=mm&r=g\",\"caption\":\"Klaudia \u017by\u0142ka\"},\"description\":\"Instagram, dogs, books and food lover. Former student at Warsaw University and Malm\u00f6 University. Improving her marketing skills every day. Proud owner of DIMAQ certificate\",\"sameAs\":[\"https:\/\/www.linkedin.com\/in\/klaudia-\u017cy\u0142ka-17527779\"],\"url\":\"https:\/\/www.sotrender.com\/blog\/pl\/author\/klaudia_yka\/\"}]}<\/script>\n<!-- \/ Yoast SEO plugin. -->","yoast_head_json":{"title":"Co oznacza wprowadzenie Biblioteki reklam na Facebooku?","description":"Wprowadzenie Biblioteki reklam na Facebooku ma zwi\u0119kszych ich transparentno\u015b\u0107, g\u0142\u00f3wnie w kontek\u015bcie reklam politycznych. Co oznacza dla marketer\u00f3w?","robots":{"index":"index","follow":"follow","max-snippet":"max-snippet:-1","max-image-preview":"max-image-preview:large","max-video-preview":"max-video-preview:-1"},"canonical":"https:\/\/www.sotrender.com\/blog\/pl\/2019\/04\/co-oznacza-wprowadzenie-biblioteki-reklam-na-facebooku\/","og_locale":"pl_PL","og_type":"article","og_title":"Co oznacza wprowadzenie Biblioteki reklam na Facebooku?","og_description":"Wprowadzenie Biblioteki reklam na Facebooku ma zwi\u0119kszych ich transparentno\u015b\u0107, g\u0142\u00f3wnie w kontek\u015bcie reklam politycznych. Co oznacza dla marketer\u00f3w?","og_url":"https:\/\/www.sotrender.com\/blog\/pl\/2019\/04\/co-oznacza-wprowadzenie-biblioteki-reklam-na-facebooku\/","og_site_name":"Sotrender Blog","article_publisher":"https:\/\/www.facebook.com\/Sotrender","article_published_time":"2019-04-09T07:37:37+00:00","og_image":[{"width":2500,"height":1667,"url":"https:\/\/www.sotrender.com\/blog\/wp-content\/uploads\/2019\/04\/will-francis-1070259-unsplash.jpg","type":"image\/jpeg"}],"author":"Klaudia \u017by\u0142ka","twitter_card":"summary_large_image","twitter_creator":"@Sotrender","twitter_site":"@Sotrender","twitter_misc":{"Written by":"Klaudia \u017by\u0142ka","Est. reading time":"6 minutes"},"schema":{"@context":"https:\/\/schema.org","@graph":[{"@type":"WebPage","@id":"https:\/\/www.sotrender.com\/blog\/pl\/2019\/04\/co-oznacza-wprowadzenie-biblioteki-reklam-na-facebooku\/","url":"https:\/\/www.sotrender.com\/blog\/pl\/2019\/04\/co-oznacza-wprowadzenie-biblioteki-reklam-na-facebooku\/","name":"Co oznacza wprowadzenie Biblioteki reklam na Facebooku?","isPartOf":{"@id":"https:\/\/www.sotrender.com\/blog\/#website"},"primaryImageOfPage":{"@id":"https:\/\/www.sotrender.com\/blog\/pl\/2019\/04\/co-oznacza-wprowadzenie-biblioteki-reklam-na-facebooku\/#primaryimage"},"image":{"@id":"https:\/\/www.sotrender.com\/blog\/pl\/2019\/04\/co-oznacza-wprowadzenie-biblioteki-reklam-na-facebooku\/#primaryimage"},"thumbnailUrl":"https:\/\/www.sotrender.com\/blog\/wp-content\/uploads\/2019\/04\/will-francis-1070259-unsplash.jpg","datePublished":"2019-04-09T07:37:37+00:00","dateModified":"2019-04-09T07:37:37+00:00","author":{"@id":"https:\/\/www.sotrender.com\/blog\/#\/schema\/person\/038ac5e276c5d102d8cbb9c36cd43416"},"description":"Wprowadzenie Biblioteki reklam na Facebooku ma zwi\u0119kszych ich transparentno\u015b\u0107, g\u0142\u00f3wnie w kontek\u015bcie reklam politycznych. Co oznacza dla marketer\u00f3w?","breadcrumb":{"@id":"https:\/\/www.sotrender.com\/blog\/pl\/2019\/04\/co-oznacza-wprowadzenie-biblioteki-reklam-na-facebooku\/#breadcrumb"},"inLanguage":"pl-PL","potentialAction":[{"@type":"ReadAction","target":["https:\/\/www.sotrender.com\/blog\/pl\/2019\/04\/co-oznacza-wprowadzenie-biblioteki-reklam-na-facebooku\/"]}]},{"@type":"ImageObject","inLanguage":"pl-PL","@id":"https:\/\/www.sotrender.com\/blog\/pl\/2019\/04\/co-oznacza-wprowadzenie-biblioteki-reklam-na-facebooku\/#primaryimage","url":"https:\/\/www.sotrender.com\/blog\/wp-content\/uploads\/2019\/04\/will-francis-1070259-unsplash.jpg","contentUrl":"https:\/\/www.sotrender.com\/blog\/wp-content\/uploads\/2019\/04\/will-francis-1070259-unsplash.jpg","width":2500,"height":1667,"caption":"facebook ads"},{"@type":"BreadcrumbList","@id":"https:\/\/www.sotrender.com\/blog\/pl\/2019\/04\/co-oznacza-wprowadzenie-biblioteki-reklam-na-facebooku\/#breadcrumb","itemListElement":[{"@type":"ListItem","position":1,"name":"Home","item":"https:\/\/www.sotrender.com\/blog\/"},{"@type":"ListItem","position":2,"name":"Co oznacza wprowadzenie Biblioteki reklam na Facebooku dla reklamodawc\u00f3w?"}]},{"@type":"WebSite","@id":"https:\/\/www.sotrender.com\/blog\/#website","url":"https:\/\/www.sotrender.com\/blog\/","name":"Sotrender Blog","description":"","potentialAction":[{"@type":"SearchAction","target":{"@type":"EntryPoint","urlTemplate":"https:\/\/www.sotrender.com\/blog\/?s={search_term_string}"},"query-input":"required name=search_term_string"}],"inLanguage":"pl-PL"},{"@type":"Person","@id":"https:\/\/www.sotrender.com\/blog\/#\/schema\/person\/038ac5e276c5d102d8cbb9c36cd43416","name":"Klaudia \u017by\u0142ka","image":{"@type":"ImageObject","inLanguage":"pl-PL","@id":"https:\/\/www.sotrender.com\/blog\/#\/schema\/person\/image\/","url":"https:\/\/secure.gravatar.com\/avatar\/f55d5d49ce3c448e1ffde0ab078d84cd?s=96&d=mm&r=g","contentUrl":"https:\/\/secure.gravatar.com\/avatar\/f55d5d49ce3c448e1ffde0ab078d84cd?s=96&d=mm&r=g","caption":"Klaudia \u017by\u0142ka"},"description":"Instagram, dogs, books and food lover. Former student at Warsaw University and Malm\u00f6 University. Improving her marketing skills every day. Proud owner of DIMAQ certificate","sameAs":["https:\/\/www.linkedin.com\/in\/klaudia-\u017cy\u0142ka-17527779"],"url":"https:\/\/www.sotrender.com\/blog\/pl\/author\/klaudia_yka\/"}]}},"_links":{"self":[{"href":"https:\/\/www.sotrender.com\/blog\/pl\/wp-json\/wp\/v2\/posts\/37121"}],"collection":[{"href":"https:\/\/www.sotrender.com\/blog\/pl\/wp-json\/wp\/v2\/posts"}],"about":[{"href":"https:\/\/www.sotrender.com\/blog\/pl\/wp-json\/wp\/v2\/types\/post"}],"author":[{"embeddable":true,"href":"https:\/\/www.sotrender.com\/blog\/pl\/wp-json\/wp\/v2\/users\/89"}],"replies":[{"embeddable":true,"href":"https:\/\/www.sotrender.com\/blog\/pl\/wp-json\/wp\/v2\/comments?post=37121"}],"version-history":[{"count":13,"href":"https:\/\/www.sotrender.com\/blog\/pl\/wp-json\/wp\/v2\/posts\/37121\/revisions"}],"predecessor-version":[{"id":37155,"href":"https:\/\/www.sotrender.com\/blog\/pl\/wp-json\/wp\/v2\/posts\/37121\/revisions\/37155"}],"wp:featuredmedia":[{"embeddable":true,"href":"https:\/\/www.sotrender.com\/blog\/pl\/wp-json\/wp\/v2\/media\/37135"}],"wp:attachment":[{"href":"https:\/\/www.sotrender.com\/blog\/pl\/wp-json\/wp\/v2\/media?parent=37121"}],"wp:term":[{"taxonomy":"category","embeddable":true,"href":"https:\/\/www.sotrender.com\/blog\/pl\/wp-json\/wp\/v2\/categories?post=37121"},{"taxonomy":"post_tag","embeddable":true,"href":"https:\/\/www.sotrender.com\/blog\/pl\/wp-json\/wp\/v2\/tags?post=37121"}],"curies":[{"name":"wp","href":"https:\/\/api.w.org\/{rel}","templated":true}]}}