{"id":36988,"date":"2019-03-18T11:19:24","date_gmt":"2019-03-18T10:19:24","guid":{"rendered":"https:\/\/www.sotrender.com\/blog\/?p=36988\/"},"modified":"2019-03-18T11:19:24","modified_gmt":"2019-03-18T10:19:24","slug":"facebook-trends-luty-2019-polscy-celebryci","status":"publish","type":"post","link":"https:\/\/www.sotrender.com\/blog\/pl\/2019\/03\/facebook-trends-luty-2019-polscy-celebryci\/","title":{"rendered":"Facebook Trends luty 2019 &#8211; polscy celebryci"},"content":{"rendered":"<p><span style=\"font-weight: 400;\">Styczniowe emocje zdecydowanie opad\u0142y ju\u017c na Facebooku, w <a href=\"https:\/\/www.sotrender.com\/trends\/facebook\/poland\/201902\">podsumowaniu lutego<\/a> sprawdzimy wi\u0119c, co s\u0142ycha\u0107 u czo\u0142owych polskich celebryt\u00f3w. <\/span><\/p>\n<p><!--more--><\/p>\n<h2><span style=\"font-weight: 400;\"><strong>Szlachetny czyn B\u0142aszczykowskiego<\/strong> <\/span><\/h2>\n<p><span style=\"font-weight: 400;\">Wis\u0142a Krak\u00f3w oraz jej problemy by\u0142y bardzo medialnym tematem w ci\u0105gu kilku ostatnich miesi\u0119cy. Klub, kt\u00f3ry sta\u0142 przed ryzykiem relegacji z Ekstraklasy, otrzyma\u0142 ratunek z r\u0105k Kuby B\u0142aszczykowskiego. Pi\u0142karz, silnie zwi\u0105zany z klubem, wspom\u00f3g\u0142 go \u015brodkami pieni\u0119\u017cnymi opiewaj\u0105cymi na ponad milion z\u0142otych. Ponadto, zgodnie z podpisanym na pocz\u0105tku lutego p\u00f3\u0142rocznym kontraktem z Wis\u0142\u0105, pi\u0142karz miesi\u0119cznie b\u0119dzie otrzymywa\u0142 minimaln\u0105, niemal symboliczn\u0105, pensj\u0119 w wysoko\u015bci 500 z\u0142. <\/span><\/p>\n<div id=\"attachment_36996\" style=\"width: 811px\" class=\"wp-caption aligncenter\"><img loading=\"lazy\" decoding=\"async\" aria-describedby=\"caption-attachment-36996\" class=\" wp-image-36996\" src=\"https:\/\/www.sotrender.com\/blog\/wp-content\/uploads\/2019\/03\/Zrzut-ekranu-2019-03-18-o-09.40.27.png\" alt=\"Post Kuby B\u0142aszczykowskiego opublikowany na Facebooku \" width=\"801\" height=\"556\" srcset=\"https:\/\/www.sotrender.com\/blog\/wp-content\/uploads\/2019\/03\/Zrzut-ekranu-2019-03-18-o-09.40.27.png 880w, https:\/\/www.sotrender.com\/blog\/wp-content\/uploads\/2019\/03\/Zrzut-ekranu-2019-03-18-o-09.40.27-475x330.png 475w, https:\/\/www.sotrender.com\/blog\/wp-content\/uploads\/2019\/03\/Zrzut-ekranu-2019-03-18-o-09.40.27-768x533.png 768w\" sizes=\"(max-width: 801px) 100vw, 801px\" \/><p id=\"caption-attachment-36996\" class=\"wp-caption-text\"><a href=\"https:\/\/www.facebook.com\/KubaBlaszczykowski\/photos\/a.257542427627560\/2048537088528076\/?type=3&amp;theater\">Post Kuby B\u0142aszczykowskiego<\/a> opublikowany na Facebooku<\/p><\/div>\n<p><span style=\"font-weight: 400;\">Ca\u0142a sytuacja by\u0142a g\u0142o\u015bno komentowana w \u015bwiecie pi\u0142karskim, st\u0105d B\u0142aszczykowski na swoim profilu odnotowa\u0142 wzrost zaanga\u017cowania oraz aktywnych u\u017cytkownik\u00f3w. Zdoby\u0142 oczywi\u015bcie r\u00f3wnie\u017c mn\u00f3stwo niezwykle pozytywnych komentarzy ze strony swoich fan\u00f3w.<\/span><\/p>\n<div id=\"attachment_36998\" style=\"width: 891px\" class=\"wp-caption aligncenter\"><img loading=\"lazy\" decoding=\"async\" aria-describedby=\"caption-attachment-36998\" class=\"wp-image-36998 size-full\" src=\"https:\/\/www.sotrender.com\/blog\/wp-content\/uploads\/2019\/03\/Zrzut-ekranu-2019-03-18-o-09.47.04.png\" alt=\"Profile sportowc\u00f3w o najwi\u0119kszej liczbie Aktywnych u\u017cytkownik\u00f3w, luty 2019\" width=\"881\" height=\"379\" srcset=\"https:\/\/www.sotrender.com\/blog\/wp-content\/uploads\/2019\/03\/Zrzut-ekranu-2019-03-18-o-09.47.04.png 881w, https:\/\/www.sotrender.com\/blog\/wp-content\/uploads\/2019\/03\/Zrzut-ekranu-2019-03-18-o-09.47.04-475x204.png 475w, https:\/\/www.sotrender.com\/blog\/wp-content\/uploads\/2019\/03\/Zrzut-ekranu-2019-03-18-o-09.47.04-768x330.png 768w\" sizes=\"(max-width: 881px) 100vw, 881px\" \/><p id=\"caption-attachment-36998\" class=\"wp-caption-text\"><a href=\"https:\/\/www.sotrender.com\/trends\/facebook\/poland\/201902\/osoby\/sportowcy\">Profile sportowc\u00f3w<\/a> o najwi\u0119kszej liczbie Aktywnych u\u017cytkownik\u00f3w, luty 2019<\/p><\/div>\n<h2><span style=\"font-weight: 400;\"><strong>Kr\u00f3lowa jest tylko jedna<\/strong> <\/span><\/h2>\n<p><span style=\"font-weight: 400;\">Magda Gessler, bo o niej oczywi\u015bcie mowa, w lutym r\u00f3wnie\u017c odnotowa\u0142a znaczny wzrost liczby aktywnych u\u017cytkownik\u00f3w na swoim profilu. <\/span><\/p>\n<p><span style=\"font-weight: 400;\">\u015aredni wska\u017anik Interactivity Index, kt\u00f3ry w styczniu wyni\u00f3s\u0142 ok. 6 700, na profilu Magdy Gessler w lutym ur\u00f3s\u0142 do ok. 25 580 (<em>dane z aplikacji <a href=\"http:\/\/www.sotrender.com\">Sotrender<\/a><\/em>). <\/span><\/p>\n<p><span style=\"font-weight: 400;\">Co wi\u0119c celebrytka publikowa\u0142a na swoim profilu w minionym miesi\u0105cu? Posty bardzo personalne, z rodzin\u0105, przyjaci\u00f3\u0142mi czy czworono\u017cnymi domownikami.<\/span><\/p>\n<div id=\"attachment_36994\" style=\"width: 1706px\" class=\"wp-caption aligncenter\"><img loading=\"lazy\" decoding=\"async\" aria-describedby=\"caption-attachment-36994\" class=\"size-full wp-image-36994\" src=\"https:\/\/www.sotrender.com\/blog\/wp-content\/uploads\/2019\/03\/Zrzut-ekranu-2019-03-14-o-10.55.39.png\" alt=\"Najlepsze posty opublikowane na profilu Magdy Gessler w lutym 2019 roku \" width=\"1696\" height=\"692\" srcset=\"https:\/\/www.sotrender.com\/blog\/wp-content\/uploads\/2019\/03\/Zrzut-ekranu-2019-03-14-o-10.55.39.png 1696w, https:\/\/www.sotrender.com\/blog\/wp-content\/uploads\/2019\/03\/Zrzut-ekranu-2019-03-14-o-10.55.39-475x194.png 475w, https:\/\/www.sotrender.com\/blog\/wp-content\/uploads\/2019\/03\/Zrzut-ekranu-2019-03-14-o-10.55.39-768x313.png 768w, https:\/\/www.sotrender.com\/blog\/wp-content\/uploads\/2019\/03\/Zrzut-ekranu-2019-03-14-o-10.55.39-950x388.png 950w\" sizes=\"(max-width: 1696px) 100vw, 1696px\" \/><p id=\"caption-attachment-36994\" class=\"wp-caption-text\">Najlepsze posty opublikowane na profilu Magdy Gessler w lutym 2019 roku<\/p><\/div>\n<h2><span style=\"font-weight: 400;\"><strong>Polska scena muzyczna<\/strong> <\/span><\/h2>\n<p><span style=\"font-weight: 400;\">Najwi\u0119kszy awans w kategorii Muzyk\u00f3w w minionym miesi\u0105cu odnotowa\u0142a Agnieszka Chyli\u0144ska, a wszystko za spraw\u0105 opublikowania nieco kontrowersyjnego <\/span><a href=\"https:\/\/www.facebook.com\/AgnieszkaChylinska\/posts\/10161727755370724\"><span style=\"font-weight: 400;\">wideo z zaproszeniem na jej zbli\u017caj\u0105cy si\u0119 koncert w Koninie<\/span><\/a><span style=\"font-weight: 400;\">. <\/span><\/p>\n<div id=\"attachment_36990\" style=\"width: 885px\" class=\"wp-caption aligncenter\"><img loading=\"lazy\" decoding=\"async\" aria-describedby=\"caption-attachment-36990\" class=\"wp-image-36990 size-full\" src=\"https:\/\/www.sotrender.com\/blog\/wp-content\/uploads\/2019\/03\/Zrzut-ekranu-2019-03-14-o-12.11.21.png\" alt=\"Najlepsze posty w kategorii Muzycy i zespo\u0142y\" width=\"875\" height=\"452\" srcset=\"https:\/\/www.sotrender.com\/blog\/wp-content\/uploads\/2019\/03\/Zrzut-ekranu-2019-03-14-o-12.11.21.png 875w, https:\/\/www.sotrender.com\/blog\/wp-content\/uploads\/2019\/03\/Zrzut-ekranu-2019-03-14-o-12.11.21-475x245.png 475w, https:\/\/www.sotrender.com\/blog\/wp-content\/uploads\/2019\/03\/Zrzut-ekranu-2019-03-14-o-12.11.21-768x397.png 768w\" sizes=\"(max-width: 875px) 100vw, 875px\" \/><p id=\"caption-attachment-36990\" class=\"wp-caption-text\">Najlepsze posty w kategorii <a href=\"https:\/\/www.sotrender.com\/trends\/facebook\/poland\/201902\/osoby\/muzycy_zespoly\">Muzycy i zespo\u0142y<\/a> | Facebook Trends luty 2019<\/p><\/div>\n<p><span style=\"font-weight: 400;\">Z kolei Pawe\u0142 Domaga\u0142a, jedno z bardziej gor\u0105cych nazwisk ostatnich miesi\u0119cy, uplasowa\u0142 si\u0119 na 2. miejscu w\u015br\u00f3d najlepszych post\u00f3w <a href=\"https:\/\/www.sotrender.com\/trends\/facebook\/poland\/201902\/osoby\/muzycy_zespoly\">w tej samej kategorii<\/a>. Wspomniany post dotyczy\u0142 nieco nietypowego i nieplanowanego wyst\u0119pu artysty. <\/span><a href=\"https:\/\/www.facebook.com\/paweldomagala.oficjalna\/videos\/144318859837860\/\"><span style=\"font-weight: 400;\">Zobaczcie sami<\/span><\/a><span style=\"font-weight: 400;\">.<\/span><\/p>\n<div id=\"attachment_36992\" style=\"width: 908px\" class=\"wp-caption aligncenter\"><img loading=\"lazy\" decoding=\"async\" aria-describedby=\"caption-attachment-36992\" class=\"size-full wp-image-36992\" src=\"https:\/\/www.sotrender.com\/blog\/wp-content\/uploads\/2019\/03\/Zrzut-ekranu-2019-03-18-o-09.33.40.png\" alt=\"Profile o najwi\u0119kszym zaanga\u017cowaniu w kategorii Muzycy i zespo\u0142y w lutym na Facebooku\" width=\"898\" height=\"192\" srcset=\"https:\/\/www.sotrender.com\/blog\/wp-content\/uploads\/2019\/03\/Zrzut-ekranu-2019-03-18-o-09.33.40.png 898w, https:\/\/www.sotrender.com\/blog\/wp-content\/uploads\/2019\/03\/Zrzut-ekranu-2019-03-18-o-09.33.40-475x102.png 475w, https:\/\/www.sotrender.com\/blog\/wp-content\/uploads\/2019\/03\/Zrzut-ekranu-2019-03-18-o-09.33.40-768x164.png 768w\" sizes=\"(max-width: 898px) 100vw, 898px\" \/><p id=\"caption-attachment-36992\" class=\"wp-caption-text\">Profile o najwi\u0119kszym zaanga\u017cowaniu w kategorii <a href=\"https:\/\/www.sotrender.com\/trends\/facebook\/poland\/201902\/osoby\/muzycy_zespoly\">Muzycy i zespo\u0142y<\/a> w lutym na Facebooku<\/p><\/div>\n<h2>Facebook Trends luty 2019<\/h2>\n<p>Co jeszcze wydarzy\u0142o si\u0119 w lutym na polskim Facebooku? Co s\u0142ycha\u0107 w polityce, finansach czy kulturze? Dowiecie si\u0119 z pe\u0142nego wydania raportu <a href=\"https:\/\/www.sotrender.com\/trends\/facebook\/poland\/201902\">Facebook Trends luty 2019<\/a>!<\/p>\n","protected":false},"excerpt":{"rendered":"<p>Styczniowe emocje zdecydowanie opad\u0142y ju\u017c na Facebooku, w podsumowaniu lutego sprawdzimy wi\u0119c, co s\u0142ycha\u0107 u czo\u0142owych polskich celebryt\u00f3w.<\/p>\n","protected":false},"author":89,"featured_media":37000,"comment_status":"open","ping_status":"open","sticky":false,"template":"","format":"standard","meta":{"inline_featured_image":false,"footnotes":""},"categories":[1791,1797,2125,2275],"tags":[17,2307],"yoast_head":"<!-- This site is optimized with the Yoast SEO plugin v22.4 - https:\/\/yoast.com\/wordpress\/plugins\/seo\/ -->\n<title>Facebook Trends luty 2019 - polscy celebryci<\/title>\n<meta name=\"description\" content=\"Styczniowe emocje zdecydowanie opad\u0142y ju\u017c na Facebooku, w podsumowaniu lutego sprawdzimy wi\u0119c, co s\u0142ycha\u0107 u czo\u0142owych polskich celebryt\u00f3w.\" \/>\n<meta name=\"robots\" content=\"index, follow, max-snippet:-1, max-image-preview:large, max-video-preview:-1\" \/>\n<link rel=\"canonical\" href=\"https:\/\/www.sotrender.com\/blog\/pl\/2019\/03\/facebook-trends-luty-2019-polscy-celebryci\/\" \/>\n<meta property=\"og:locale\" content=\"pl_PL\" \/>\n<meta property=\"og:type\" content=\"article\" \/>\n<meta property=\"og:title\" content=\"Facebook Trends luty 2019 - polscy celebryci\" \/>\n<meta property=\"og:description\" content=\"Styczniowe emocje zdecydowanie opad\u0142y ju\u017c na Facebooku, w podsumowaniu lutego sprawdzimy wi\u0119c, co s\u0142ycha\u0107 u czo\u0142owych polskich celebryt\u00f3w.\" \/>\n<meta property=\"og:url\" content=\"https:\/\/www.sotrender.com\/blog\/pl\/2019\/03\/facebook-trends-luty-2019-polscy-celebryci\/\" \/>\n<meta property=\"og:site_name\" content=\"Sotrender Blog\" \/>\n<meta property=\"article:publisher\" content=\"https:\/\/www.facebook.com\/Sotrender\" \/>\n<meta property=\"article:published_time\" content=\"2019-03-18T10:19:24+00:00\" \/>\n<meta property=\"og:image\" content=\"https:\/\/www.sotrender.com\/blog\/wp-content\/uploads\/2019\/03\/edgar-chaparro-601707-unsplash.jpg\" \/>\n\t<meta property=\"og:image:width\" content=\"2000\" \/>\n\t<meta property=\"og:image:height\" content=\"1334\" \/>\n\t<meta property=\"og:image:type\" content=\"image\/jpeg\" \/>\n<meta name=\"author\" content=\"Klaudia \u017by\u0142ka\" \/>\n<meta name=\"twitter:card\" content=\"summary_large_image\" \/>\n<meta name=\"twitter:creator\" content=\"@Sotrender\" \/>\n<meta name=\"twitter:site\" content=\"@Sotrender\" \/>\n<meta name=\"twitter:label1\" content=\"Written by\" \/>\n\t<meta name=\"twitter:data1\" content=\"Klaudia \u017by\u0142ka\" \/>\n\t<meta name=\"twitter:label2\" content=\"Est. reading time\" \/>\n\t<meta name=\"twitter:data2\" content=\"2 minutes\" \/>\n<script type=\"application\/ld+json\" class=\"yoast-schema-graph\">{\"@context\":\"https:\/\/schema.org\",\"@graph\":[{\"@type\":\"WebPage\",\"@id\":\"https:\/\/www.sotrender.com\/blog\/pl\/2019\/03\/facebook-trends-luty-2019-polscy-celebryci\/\",\"url\":\"https:\/\/www.sotrender.com\/blog\/pl\/2019\/03\/facebook-trends-luty-2019-polscy-celebryci\/\",\"name\":\"Facebook Trends luty 2019 - polscy celebryci\",\"isPartOf\":{\"@id\":\"https:\/\/www.sotrender.com\/blog\/#website\"},\"primaryImageOfPage\":{\"@id\":\"https:\/\/www.sotrender.com\/blog\/pl\/2019\/03\/facebook-trends-luty-2019-polscy-celebryci\/#primaryimage\"},\"image\":{\"@id\":\"https:\/\/www.sotrender.com\/blog\/pl\/2019\/03\/facebook-trends-luty-2019-polscy-celebryci\/#primaryimage\"},\"thumbnailUrl\":\"https:\/\/www.sotrender.com\/blog\/wp-content\/uploads\/2019\/03\/edgar-chaparro-601707-unsplash.jpg\",\"datePublished\":\"2019-03-18T10:19:24+00:00\",\"dateModified\":\"2019-03-18T10:19:24+00:00\",\"author\":{\"@id\":\"https:\/\/www.sotrender.com\/blog\/#\/schema\/person\/038ac5e276c5d102d8cbb9c36cd43416\"},\"description\":\"Styczniowe emocje zdecydowanie opad\u0142y ju\u017c na Facebooku, w podsumowaniu lutego sprawdzimy wi\u0119c, co s\u0142ycha\u0107 u czo\u0142owych polskich celebryt\u00f3w.\",\"breadcrumb\":{\"@id\":\"https:\/\/www.sotrender.com\/blog\/pl\/2019\/03\/facebook-trends-luty-2019-polscy-celebryci\/#breadcrumb\"},\"inLanguage\":\"pl-PL\",\"potentialAction\":[{\"@type\":\"ReadAction\",\"target\":[\"https:\/\/www.sotrender.com\/blog\/pl\/2019\/03\/facebook-trends-luty-2019-polscy-celebryci\/\"]}]},{\"@type\":\"ImageObject\",\"inLanguage\":\"pl-PL\",\"@id\":\"https:\/\/www.sotrender.com\/blog\/pl\/2019\/03\/facebook-trends-luty-2019-polscy-celebryci\/#primaryimage\",\"url\":\"https:\/\/www.sotrender.com\/blog\/wp-content\/uploads\/2019\/03\/edgar-chaparro-601707-unsplash.jpg\",\"contentUrl\":\"https:\/\/www.sotrender.com\/blog\/wp-content\/uploads\/2019\/03\/edgar-chaparro-601707-unsplash.jpg\",\"width\":2000,\"height\":1334,\"caption\":\"football\"},{\"@type\":\"BreadcrumbList\",\"@id\":\"https:\/\/www.sotrender.com\/blog\/pl\/2019\/03\/facebook-trends-luty-2019-polscy-celebryci\/#breadcrumb\",\"itemListElement\":[{\"@type\":\"ListItem\",\"position\":1,\"name\":\"Home\",\"item\":\"https:\/\/www.sotrender.com\/blog\/\"},{\"@type\":\"ListItem\",\"position\":2,\"name\":\"Facebook Trends luty 2019 &#8211; polscy celebryci\"}]},{\"@type\":\"WebSite\",\"@id\":\"https:\/\/www.sotrender.com\/blog\/#website\",\"url\":\"https:\/\/www.sotrender.com\/blog\/\",\"name\":\"Sotrender Blog\",\"description\":\"\",\"potentialAction\":[{\"@type\":\"SearchAction\",\"target\":{\"@type\":\"EntryPoint\",\"urlTemplate\":\"https:\/\/www.sotrender.com\/blog\/?s={search_term_string}\"},\"query-input\":\"required name=search_term_string\"}],\"inLanguage\":\"pl-PL\"},{\"@type\":\"Person\",\"@id\":\"https:\/\/www.sotrender.com\/blog\/#\/schema\/person\/038ac5e276c5d102d8cbb9c36cd43416\",\"name\":\"Klaudia \u017by\u0142ka\",\"image\":{\"@type\":\"ImageObject\",\"inLanguage\":\"pl-PL\",\"@id\":\"https:\/\/www.sotrender.com\/blog\/#\/schema\/person\/image\/\",\"url\":\"https:\/\/secure.gravatar.com\/avatar\/f55d5d49ce3c448e1ffde0ab078d84cd?s=96&d=mm&r=g\",\"contentUrl\":\"https:\/\/secure.gravatar.com\/avatar\/f55d5d49ce3c448e1ffde0ab078d84cd?s=96&d=mm&r=g\",\"caption\":\"Klaudia \u017by\u0142ka\"},\"description\":\"Instagram, dogs, books and food lover. Former student at Warsaw University and Malm\u00f6 University. Improving her marketing skills every day. Proud owner of DIMAQ certificate\",\"sameAs\":[\"https:\/\/www.linkedin.com\/in\/klaudia-\u017cy\u0142ka-17527779\"],\"url\":\"https:\/\/www.sotrender.com\/blog\/pl\/author\/klaudia_yka\/\"}]}<\/script>\n<!-- \/ Yoast SEO plugin. -->","yoast_head_json":{"title":"Facebook Trends luty 2019 - polscy celebryci","description":"Styczniowe emocje zdecydowanie opad\u0142y ju\u017c na Facebooku, w podsumowaniu lutego sprawdzimy wi\u0119c, co s\u0142ycha\u0107 u czo\u0142owych polskich celebryt\u00f3w.","robots":{"index":"index","follow":"follow","max-snippet":"max-snippet:-1","max-image-preview":"max-image-preview:large","max-video-preview":"max-video-preview:-1"},"canonical":"https:\/\/www.sotrender.com\/blog\/pl\/2019\/03\/facebook-trends-luty-2019-polscy-celebryci\/","og_locale":"pl_PL","og_type":"article","og_title":"Facebook Trends luty 2019 - polscy celebryci","og_description":"Styczniowe emocje zdecydowanie opad\u0142y ju\u017c na Facebooku, w podsumowaniu lutego sprawdzimy wi\u0119c, co s\u0142ycha\u0107 u czo\u0142owych polskich celebryt\u00f3w.","og_url":"https:\/\/www.sotrender.com\/blog\/pl\/2019\/03\/facebook-trends-luty-2019-polscy-celebryci\/","og_site_name":"Sotrender Blog","article_publisher":"https:\/\/www.facebook.com\/Sotrender","article_published_time":"2019-03-18T10:19:24+00:00","og_image":[{"width":2000,"height":1334,"url":"https:\/\/www.sotrender.com\/blog\/wp-content\/uploads\/2019\/03\/edgar-chaparro-601707-unsplash.jpg","type":"image\/jpeg"}],"author":"Klaudia \u017by\u0142ka","twitter_card":"summary_large_image","twitter_creator":"@Sotrender","twitter_site":"@Sotrender","twitter_misc":{"Written by":"Klaudia \u017by\u0142ka","Est. reading time":"2 minutes"},"schema":{"@context":"https:\/\/schema.org","@graph":[{"@type":"WebPage","@id":"https:\/\/www.sotrender.com\/blog\/pl\/2019\/03\/facebook-trends-luty-2019-polscy-celebryci\/","url":"https:\/\/www.sotrender.com\/blog\/pl\/2019\/03\/facebook-trends-luty-2019-polscy-celebryci\/","name":"Facebook Trends luty 2019 - polscy celebryci","isPartOf":{"@id":"https:\/\/www.sotrender.com\/blog\/#website"},"primaryImageOfPage":{"@id":"https:\/\/www.sotrender.com\/blog\/pl\/2019\/03\/facebook-trends-luty-2019-polscy-celebryci\/#primaryimage"},"image":{"@id":"https:\/\/www.sotrender.com\/blog\/pl\/2019\/03\/facebook-trends-luty-2019-polscy-celebryci\/#primaryimage"},"thumbnailUrl":"https:\/\/www.sotrender.com\/blog\/wp-content\/uploads\/2019\/03\/edgar-chaparro-601707-unsplash.jpg","datePublished":"2019-03-18T10:19:24+00:00","dateModified":"2019-03-18T10:19:24+00:00","author":{"@id":"https:\/\/www.sotrender.com\/blog\/#\/schema\/person\/038ac5e276c5d102d8cbb9c36cd43416"},"description":"Styczniowe emocje zdecydowanie opad\u0142y ju\u017c na Facebooku, w podsumowaniu lutego sprawdzimy wi\u0119c, co s\u0142ycha\u0107 u czo\u0142owych polskich celebryt\u00f3w.","breadcrumb":{"@id":"https:\/\/www.sotrender.com\/blog\/pl\/2019\/03\/facebook-trends-luty-2019-polscy-celebryci\/#breadcrumb"},"inLanguage":"pl-PL","potentialAction":[{"@type":"ReadAction","target":["https:\/\/www.sotrender.com\/blog\/pl\/2019\/03\/facebook-trends-luty-2019-polscy-celebryci\/"]}]},{"@type":"ImageObject","inLanguage":"pl-PL","@id":"https:\/\/www.sotrender.com\/blog\/pl\/2019\/03\/facebook-trends-luty-2019-polscy-celebryci\/#primaryimage","url":"https:\/\/www.sotrender.com\/blog\/wp-content\/uploads\/2019\/03\/edgar-chaparro-601707-unsplash.jpg","contentUrl":"https:\/\/www.sotrender.com\/blog\/wp-content\/uploads\/2019\/03\/edgar-chaparro-601707-unsplash.jpg","width":2000,"height":1334,"caption":"football"},{"@type":"BreadcrumbList","@id":"https:\/\/www.sotrender.com\/blog\/pl\/2019\/03\/facebook-trends-luty-2019-polscy-celebryci\/#breadcrumb","itemListElement":[{"@type":"ListItem","position":1,"name":"Home","item":"https:\/\/www.sotrender.com\/blog\/"},{"@type":"ListItem","position":2,"name":"Facebook Trends luty 2019 &#8211; polscy celebryci"}]},{"@type":"WebSite","@id":"https:\/\/www.sotrender.com\/blog\/#website","url":"https:\/\/www.sotrender.com\/blog\/","name":"Sotrender Blog","description":"","potentialAction":[{"@type":"SearchAction","target":{"@type":"EntryPoint","urlTemplate":"https:\/\/www.sotrender.com\/blog\/?s={search_term_string}"},"query-input":"required name=search_term_string"}],"inLanguage":"pl-PL"},{"@type":"Person","@id":"https:\/\/www.sotrender.com\/blog\/#\/schema\/person\/038ac5e276c5d102d8cbb9c36cd43416","name":"Klaudia \u017by\u0142ka","image":{"@type":"ImageObject","inLanguage":"pl-PL","@id":"https:\/\/www.sotrender.com\/blog\/#\/schema\/person\/image\/","url":"https:\/\/secure.gravatar.com\/avatar\/f55d5d49ce3c448e1ffde0ab078d84cd?s=96&d=mm&r=g","contentUrl":"https:\/\/secure.gravatar.com\/avatar\/f55d5d49ce3c448e1ffde0ab078d84cd?s=96&d=mm&r=g","caption":"Klaudia \u017by\u0142ka"},"description":"Instagram, dogs, books and food lover. Former student at Warsaw University and Malm\u00f6 University. Improving her marketing skills every day. Proud owner of DIMAQ certificate","sameAs":["https:\/\/www.linkedin.com\/in\/klaudia-\u017cy\u0142ka-17527779"],"url":"https:\/\/www.sotrender.com\/blog\/pl\/author\/klaudia_yka\/"}]}},"_links":{"self":[{"href":"https:\/\/www.sotrender.com\/blog\/pl\/wp-json\/wp\/v2\/posts\/36988"}],"collection":[{"href":"https:\/\/www.sotrender.com\/blog\/pl\/wp-json\/wp\/v2\/posts"}],"about":[{"href":"https:\/\/www.sotrender.com\/blog\/pl\/wp-json\/wp\/v2\/types\/post"}],"author":[{"embeddable":true,"href":"https:\/\/www.sotrender.com\/blog\/pl\/wp-json\/wp\/v2\/users\/89"}],"replies":[{"embeddable":true,"href":"https:\/\/www.sotrender.com\/blog\/pl\/wp-json\/wp\/v2\/comments?post=36988"}],"version-history":[{"count":6,"href":"https:\/\/www.sotrender.com\/blog\/pl\/wp-json\/wp\/v2\/posts\/36988\/revisions"}],"predecessor-version":[{"id":37028,"href":"https:\/\/www.sotrender.com\/blog\/pl\/wp-json\/wp\/v2\/posts\/36988\/revisions\/37028"}],"wp:featuredmedia":[{"embeddable":true,"href":"https:\/\/www.sotrender.com\/blog\/pl\/wp-json\/wp\/v2\/media\/37000"}],"wp:attachment":[{"href":"https:\/\/www.sotrender.com\/blog\/pl\/wp-json\/wp\/v2\/media?parent=36988"}],"wp:term":[{"taxonomy":"category","embeddable":true,"href":"https:\/\/www.sotrender.com\/blog\/pl\/wp-json\/wp\/v2\/categories?post=36988"},{"taxonomy":"post_tag","embeddable":true,"href":"https:\/\/www.sotrender.com\/blog\/pl\/wp-json\/wp\/v2\/tags?post=36988"}],"curies":[{"name":"wp","href":"https:\/\/api.w.org\/{rel}","templated":true}]}}