{"id":36952,"date":"2019-03-05T13:59:53","date_gmt":"2019-03-05T12:59:53","guid":{"rendered":"https:\/\/www.sotrender.com\/blog\/?p=36952\/"},"modified":"2019-03-05T13:59:53","modified_gmt":"2019-03-05T12:59:53","slug":"nowosci-tygodnia-23-2019-rokiem-instagrama","status":"publish","type":"post","link":"https:\/\/www.sotrender.com\/blog\/pl\/2019\/03\/nowosci-tygodnia-23-2019-rokiem-instagrama\/","title":{"rendered":"Nowo\u015bci tygodnia #23 &#8211; 2019 rokiem Instagrama"},"content":{"rendered":"<p><span style=\"font-weight: 400;\">Pocz\u0105tek roku w social media by\u0142 stosunkowo spokojny. Pojawia\u0142y si\u0119 g\u0142\u00f3wnie drobne usprawnienia czo\u0142owych kana\u0142\u00f3w, a do tych najszybciej rozwijaj\u0105cych si\u0119 nale\u017ca\u0142 oczywi\u015bcie Instagram. <\/span><\/p>\n<p><!--more--><\/p>\n<h2><strong>Instagram<\/strong><\/h2>\n<p><b>Przywr\u00f3\u0107 swoje wspomnienia <\/b><\/p>\n<p><span style=\"font-weight: 400;\">Wielu z nas z przyjemno\u015bci\u0105, cz\u0119sto wr\u0119cz wyczekiwaniem, sprawdza codziennie swoje Wspomnienia na Facebooku. Od teraz dost\u0119pne s\u0105 one r\u00f3wnie\u017c na Instagramie. Znajdziecie je w zak\u0142adce Archiwum na swoim profilu. Dost\u0119pne s\u0105 wspomnienia zar\u00f3wno dla Stories jak i dla post\u00f3w. <\/span><\/p>\n<p><span style=\"font-weight: 400;\">Jedynym minusem jest to, \u017ce funkcja na Instagramie jest mniej widoczna i cz\u0119\u015b\u0107 u\u017cytkownik\u00f3w mo\u017ce w og\u00f3le jej nie zauwa\u017cy\u0107. <\/span><\/p>\n<div id=\"attachment_36946\" style=\"width: 351px\" class=\"wp-caption aligncenter\"><img loading=\"lazy\" decoding=\"async\" aria-describedby=\"caption-attachment-36946\" class=\"size-full wp-image-36946\" src=\"https:\/\/www.sotrender.com\/blog\/wp-content\/uploads\/2019\/03\/Zrzut-ekranu-2019-03-5-o-11.36.18.png\" alt=\"Wspomnienia na Instagramie\" width=\"341\" height=\"606\" \/><p id=\"caption-attachment-36946\" class=\"wp-caption-text\">Wspomnienia na Instagramie<\/p><\/div>\n<p><b>Co ogl\u0105dasz na Netflixie? <\/b><\/p>\n<p><span style=\"font-weight: 400;\">Netflix niew\u0105tpliwie prze\u017cywa sw\u00f3j z\u0142oty okres. Chc\u0105c jednak dociera\u0107 do coraz to nowych u\u017cytkownik\u00f3w oraz intensywniej promowa\u0107 swoje produkcje, po\u0142\u0105czy\u0142 si\u0142y z Instagramem. <\/span><\/p>\n<p><span style=\"font-weight: 400;\">Od niedawna mo\u017cemy wi\u0119c udost\u0119pnia\u0107 ogl\u0105dane, lub ulubione, pozycje w Instagram Stories, a nasz\u0105 relacj\u0119 wzbogaci\u0107 o naklejki czy GIFy. Brzmi znajomo? Jak najbardziej, podobna mo\u017cliwo\u015b\u0107 istnieje w przypadku Spotify. <\/span><\/p>\n<p><span style=\"font-weight: 400;\">Dodatkowo na g\u00f3rze Stories pojawi si\u0119 przycisk \u2018Obejrzyj na Netflixie\u2019, kt\u00f3ry automatycznie przekieruje naszych obserwator\u00f3w do udost\u0119pnionej pozycji. <\/span><\/p>\n<p><b>Quiz na Instagramie? Ju\u017c nied\u0142ugo!<\/b><\/p>\n<p><span style=\"font-weight: 400;\">Naklejki <\/span><i><span style=\"font-weight: 400;\">Zadaj pytanie<\/span><\/i><span style=\"font-weight: 400;\"> czy <\/span><i><span style=\"font-weight: 400;\">Ankieta<\/span><\/i><span style=\"font-weight: 400;\"> spotka\u0142y si\u0119 z tak ciep\u0142ym przyj\u0119ciem tw\u00f3rc\u00f3w jak i odbiorc\u00f3w, \u017ce Instagram testuje kolejn\u0105 z nich &#8211; <\/span><i><span style=\"font-weight: 400;\">Quiz<\/span><\/i><span style=\"font-weight: 400;\">, czyli pytania wielokrotnego wyboru. B\u0119dzie to z pewno\u015bci\u0105 funkcja, kt\u00f3ra pozwoli jeszcze bardziej anga\u017cowa\u0107 odbiorc\u00f3w w Stories. Nie mo\u017cemy si\u0119 jej ju\u017c doczeka\u0107! <\/span><\/p>\n<p><b>Udost\u0119pnij swoje Stories <\/b><\/p>\n<p><span style=\"font-weight: 400;\">Stories zostaje wzbogacone o kolejne, drobne, cho\u0107 istotne, usprawnienia: <\/span><\/p>\n<ul>\n<li style=\"font-weight: 400;\"><span style=\"font-weight: 400;\">Kopiowanie linku do relacji\u00a0<\/span><\/li>\n<\/ul>\n<div id=\"attachment_36948\" style=\"width: 461px\" class=\"wp-caption aligncenter\"><img loading=\"lazy\" decoding=\"async\" aria-describedby=\"caption-attachment-36948\" class=\" wp-image-36948\" src=\"https:\/\/www.sotrender.com\/blog\/wp-content\/uploads\/2019\/03\/Zdjecie1.png\" alt=\"Kopiowanie linku do Stories\" width=\"451\" height=\"530\" srcset=\"https:\/\/www.sotrender.com\/blog\/wp-content\/uploads\/2019\/03\/Zdjecie1.png 732w, https:\/\/www.sotrender.com\/blog\/wp-content\/uploads\/2019\/03\/Zdjecie1-475x558.png 475w\" sizes=\"(max-width: 451px) 100vw, 451px\" \/><p id=\"caption-attachment-36948\" class=\"wp-caption-text\">Kopiowanie linku do Stories<\/p><\/div>\n<ul>\n<li style=\"font-weight: 400;\"><span style=\"font-weight: 400;\">Promowanie Stories z poziomu Stories <\/span><\/li>\n<li style=\"font-weight: 400;\"><span style=\"font-weight: 400;\">Kopiowanie link\u00f3w do Wyr\u00f3\u017cnionych relacji (cho\u0107 mo\u017cliwo\u015b\u0107 ta zosta\u0142a udost\u0119pniona ju\u017c jaki\u015b czas temu, wielu u\u017cytkownik\u00f3w wci\u0105\u017c o niej nie wie). <\/span><\/li>\n<\/ul>\n<p><span style=\"font-weight: 400;\">Ponadto, w momencie tagowania innych u\u017cytkownik\u00f3w w publikowanych Stories mamy mo\u017cliwo\u015b\u0107 zdecydowa\u0107 czy dana osoba mo\u017ce udost\u0119pni\u0107 nasze Stories u siebie. Opcja ta wyst\u0119puje w formie przesuwnego suwaka. Dotychczas wszyscy u\u017cytkownicy, kt\u00f3rzy byli oznaczani w Stories, mogli je udost\u0119pnia\u0107 dalej u siebie.<\/span><\/p>\n<p><b>Dalszy rozw\u00f3j IGTV <\/b><\/p>\n<p><span style=\"font-weight: 400;\">Instagram nie traci wiary w IGTV. Mimo \u017ce dotychczas nie spotka\u0142o si\u0119 ono z zainteresowaniem u\u017cytkownik\u00f3w aplikacji, Instagram zapowiada dalszy rozw\u00f3j IGTV w 2019 roku. <\/span><\/p>\n<p><span style=\"font-weight: 400;\">Do najnowszych zmian nale\u017c\u0105:<\/span><\/p>\n<ul>\n<li style=\"font-weight: 400;\"><span style=\"font-weight: 400;\">Promowanie tre\u015bci z IGTV w feedzie,<\/span><\/li>\n<li style=\"font-weight: 400;\"><span style=\"font-weight: 400;\">Zmieniony wygl\u0105d IGTV: pojawi\u0142a si\u0119 m.in. usprawniona opcja wyszukiwania tre\u015bci oraz sugerowane kana\u0142y. <\/span><\/li>\n<\/ul>\n<p><b>Sprawd\u017a efektywno\u015b\u0107 hashtag\u00f3w<\/b><\/p>\n<p><span style=\"font-weight: 400;\">Nadchodzi prawdziwy prze\u0142om, szczeg\u00f3lnie dla os\u00f3b, kt\u00f3re du\u017c\u0105 wag\u0119 przyk\u0142adaj\u0105 do analityki swoich profili oraz optymalizowania dzia\u0142a\u0144. U\u017cytkownikom zostaje powoli udost\u0119pniana funkcja, dzi\u0119ki kt\u00f3rej w Instagram Insights zobacz\u0105 analityk\u0119 u\u017cywanych w swojej komunikacji hashtag\u00f3w. Nie tylko zobaczymy wi\u0119c czy u\u017cywane hashtagi w og\u00f3le przek\u0142adaj\u0105 si\u0119 na dotarcie do u\u017cytkownik\u00f3w, ale dok\u0142adnie kt\u00f3re z nich dzia\u0142aj\u0105 i jaki maj\u0105 wp\u0142yw na nasze zasi\u0119gi. <\/span><\/p>\n<p><span style=\"font-weight: 400;\">Z niecierpliwo\u015bci\u0105 czekamy na globalne wprowadzenie tego modu\u0142u analitycznego!<\/span><\/p>\n<p style=\"text-align: center;\"><!--HubSpot Call-to-Action Code --><span id=\"hs-cta-wrapper-c4243256-775c-4f09-9dae-182c6d1fa4e1\" class=\"hs-cta-wrapper\"><span id=\"hs-cta-c4243256-775c-4f09-9dae-182c6d1fa4e1\" class=\"hs-cta-node hs-cta-c4243256-775c-4f09-9dae-182c6d1fa4e1\"><!-- [if lte IE 8]><\/p>\n\n\n\n\n\n<div id=\"hs-cta-ie-element\"><\/div>\n\n\n<![endif]--><a href=\"https:\/\/cta-redirect.hubspot.com\/cta\/redirect\/3842881\/c4243256-775c-4f09-9dae-182c6d1fa4e1\"><img decoding=\"async\" id=\"hs-cta-img-c4243256-775c-4f09-9dae-182c6d1fa4e1\" class=\"hs-cta-img aligncenter\" style=\"border-width: 0px;\" src=\"https:\/\/no-cache.hubspot.com\/cta\/default\/3842881\/c4243256-775c-4f09-9dae-182c6d1fa4e1.png\" alt=\"Mierz swoje dzia\u0142ania w social media!\" \/><\/a><\/span><script charset=\"utf-8\" src=\"https:\/\/js.hscta.net\/cta\/current.js\"><\/script><script type=\"text\/javascript\"> hbspt.cta.load(3842881, 'c4243256-775c-4f09-9dae-182c6d1fa4e1', {}); <\/script><\/span><!-- end HubSpot Call-to-Action Code --><\/p>\n<p style=\"text-align: left;\"><b>Nowy wygl\u0105d profilu coraz bli\u017cej <\/b><\/p>\n<p><a href=\"https:\/\/www.sotrender.com\/blog\/pl\/2018\/11\/nowosci-tygodnia-19-shopagram\/\"><span style=\"font-weight: 400;\">W jednym z poprzednich przegl\u0105d\u00f3w<\/span><\/a><span style=\"font-weight: 400;\"> wspominali\u015bmy o testowaniu nowego wygl\u0105du profili na Instagramie. Po testowaniu r\u00f3\u017cnych wersji, Instagram powoli wprowadza nowy wygl\u0105d na konta u\u017cytkownik\u00f3w.<\/span><\/p>\n<p><span style=\"font-weight: 400;\">Czym b\u0119dzie si\u0119 wi\u0119c r\u00f3\u017cni\u0142? Mi\u0119dzy innymi:<\/span><\/p>\n<ul>\n<li style=\"font-weight: 400;\"><span style=\"font-weight: 400;\">Zmienionym widokiem przycisk\u00f3w kontaktowych.<\/span><\/li>\n<li style=\"font-weight: 400;\"><span style=\"font-weight: 400;\">Przeniesieniem zdj\u0119cia profilowego na praw\u0105 stron\u0119.<\/span><\/li>\n<li style=\"font-weight: 400;\"><span style=\"font-weight: 400;\">Usuni\u0119ciem paska g\u00f3rnego z informacj\u0105 o liczbie post\u00f3w, obserwuj\u0105cych oraz obserwowanych (liczba post\u00f3w najprawdopodobniej w og\u00f3le nie b\u0119dzie widoczna, z kolei liczba obserwuj\u0105cych oraz obserwowanych zostanie przeniesiona pod sekcj\u0119 bio).<\/span><\/li>\n<\/ul>\n<p><b>Wiadomo\u015bci prywatne w wersji desktopowej<\/b><\/p>\n<p><span style=\"font-weight: 400;\">Instagram testuje mo\u017cliwo\u015b\u0107 korzystania z wiadomo\u015bci prywatnych (DMs) w wersji desktopowej aplikacji. Wprowadzenie tej funkcji z pewno\u015bci\u0105 zwi\u0119kszy wykorzystanie DMs w\u015br\u00f3d u\u017cytkownik\u00f3w. <\/span><\/p>\n<p><a href=\"https:\/\/www.socialmediatoday.com\/news\/instagrams-bringing-direct-messages-to-desktop\/548284\/?fbclid=IwAR3b1GGEiekXOpfMWpu6O2145mqQ5Vtg6Elyv9EV0jdMDSUseKCCsfQNcMM\"><span style=\"font-weight: 400;\">\u0179r\u00f3d\u0142a podaj\u0105<\/span><\/a><span style=\"font-weight: 400;\">, \u017ce obecnie oko\u0142o po\u0142owa aktywnych u\u017cytkownik\u00f3w Instagrama korzysta z wiadomo\u015bci prywatnych. <\/span><\/p>\n<p><b>Nadchodz\u0105ce zmiany na Instagramie: <\/b><\/p>\n<ul>\n<li style=\"font-weight: 400;\"><span style=\"font-weight: 400;\">Czy ju\u017c nied\u0142ugo b\u0119dzie mo\u017cliwo\u015b\u0107 udost\u0119pniania kolekcji swoim obserwatorom? Funkcja, kt\u00f3ra dotychczas by\u0142a prywatna, na kontach cz\u0119\u015bci u\u017cytkownik\u00f3w daje mo\u017cliwo\u015b\u0107 <\/span><a href=\"https:\/\/www.socialmediatoday.com\/news\/instagrams-working-on-new-updates-for-igtv-public-collections\/549034\/?fbclid=IwAR2WUiFmwbN-UgRHPpWaDYUpdX0HbuhEuToBIe3IodAh0O9U2nqSAvk139o\"><span style=\"font-weight: 400;\">tworzenia publicznych kolekcji<\/span><\/a><span style=\"font-weight: 400;\">. Niedawno r\u00f3wnie\u017c na Facebooku pojawi\u0142a si\u0119 <\/span><a href=\"https:\/\/www.sotrender.com\/blog\/pl\/2018\/12\/nowosci-tygodnia-21\/\"><span style=\"font-weight: 400;\">mo\u017cliwo\u015b\u0107 udost\u0119pniania swoich kolekcji znajomym<\/span><\/a><span style=\"font-weight: 400;\">. <\/span><\/li>\n<li style=\"font-weight: 400;\"><span style=\"font-weight: 400;\">Instagram testuje opcj\u0119 \u2018Przeka\u017c datek\u2019 (opcj\u0119 dobrze znan\u0105 z Facebooka), kt\u00f3ra ma by\u0107 dost\u0119pna jako jedna z naklejek w Stories. Dok\u0142adne szczeg\u00f3\u0142y dzia\u0142ania naklejki nie s\u0105 jednak jeszcze znane. <\/span><\/li>\n<\/ul>\n<h2><span style=\"font-weight: 400;\"><strong>Facebook<\/strong> <\/span><\/h2>\n<p><b>Wa\u017cne zmiany w grupach <\/b><\/p>\n<p><span style=\"font-weight: 400;\">Jednym z g\u0142o\u015bniejszych wydarze\u0144 ostatnich miesi\u0119cy by\u0142y zmiany w grupach na Facebooku, kt\u00f3re spowodowane by\u0142y spadkiem liczby u\u017cytkownik\u00f3w w grupach. <\/span><\/p>\n<p><span style=\"font-weight: 400;\">Zmiana dotyczy g\u0142\u00f3wnie zapraszania nowych cz\u0142onk\u00f3w do grup. Dotychczas zapraszaj\u0105c u\u017cytkownika do wybranej grupy, automatycznie stawa\u0142 si\u0119 on jej cz\u0142onkiem. W praktyce jednak wielu takich u\u017cytkownik\u00f3w by\u0142o zupe\u0142nie nieaktywnych, a administratorzy grup jedynie zwi\u0119kszali sobie liczb\u0119 (nieaktywnych) cz\u0142onk\u00f3w.<\/span><\/p>\n<p><span style=\"font-weight: 400;\">Od teraz zapraszaj\u0105c now\u0105 osob\u0119 do grupy musi ona takie zaproszenie zaakceptowa\u0107 (b\u0105d\u017a odrzuci\u0107). Dopiero w momencie przyj\u0119cia zaproszenia staje si\u0119 ona jej cz\u0142onkiem i zostaje uj\u0119ta w statystykach. W przypadku braku odpowiedzi znajduje si\u0119 w sekcji Zaproszeni, a administrator grupy ma mo\u017cliwo\u015b\u0107 jednokrotnego wys\u0142ania przypomnienia o swoim zaproszeniu. <\/span><\/p>\n<p><span style=\"font-weight: 400;\">Mamy nadziej\u0119, \u017ce ta zmiana faktycznie wp\u0142ynie na zwi\u0119kszenie jako\u015bci samych grup jak i dyskusji w nich prowadzonych. <\/span><\/p>\n<div id=\"attachment_36950\" style=\"width: 609px\" class=\"wp-caption aligncenter\"><img loading=\"lazy\" decoding=\"async\" aria-describedby=\"caption-attachment-36950\" class=\" wp-image-36950\" src=\"https:\/\/www.sotrender.com\/blog\/wp-content\/uploads\/2019\/03\/zmiany-w-grupach-na-FB.jpg\" alt=\"Zmiany w grupach na Facebooku \" width=\"599\" height=\"443\" srcset=\"https:\/\/www.sotrender.com\/blog\/wp-content\/uploads\/2019\/03\/zmiany-w-grupach-na-FB.jpg 960w, https:\/\/www.sotrender.com\/blog\/wp-content\/uploads\/2019\/03\/zmiany-w-grupach-na-FB-475x351.jpg 475w, https:\/\/www.sotrender.com\/blog\/wp-content\/uploads\/2019\/03\/zmiany-w-grupach-na-FB-768x568.jpg 768w, https:\/\/www.sotrender.com\/blog\/wp-content\/uploads\/2019\/03\/zmiany-w-grupach-na-FB-950x703.jpg 950w\" sizes=\"(max-width: 599px) 100vw, 599px\" \/><p id=\"caption-attachment-36950\" class=\"wp-caption-text\">Zmiany w grupach na Facebooku, zdj\u0119cie pochodzi z grupy Social Media<\/p><\/div>\n<p>&nbsp;<\/p>\n<p><b>Facebook dla najm\u0142odszych <\/b><\/p>\n<p><span style=\"font-weight: 400;\">Facebook podejmuje kolejne pr\u00f3by dotarcia do (naj)m\u0142odszych u\u017cytkownik\u00f3w. Tym razem wdra\u017ca sekcj\u0119 LOL &#8211; osobny feed ze \u015bmiesznymi filmikami i GIFami, kt\u00f3ry b\u0119dzie podzielony na sekcje tematyczne, np. Dla Ciebie, Zwierz\u0119ta, \u017barty. I nie, sama nazwa nie jest \u017cartem \ud83d\ude09 <\/span><\/p>\n<p><span style=\"font-weight: 400;\">LOL jest obecnie w fazie test\u00f3w w\u015br\u00f3d uczni\u00f3w szk\u00f3\u0142 \u015brednich w oko\u0142o 100 plac\u00f3wkach. Czy jednak przyczyni si\u0119 ona do zwi\u0119kszenia grona m\u0142odszych u\u017cytkownik\u00f3w aplikacji? W ko\u0144cu \u015bmieszne tre\u015bci i content typu memy jest r\u00f3wnie popularny w\u015br\u00f3d starszych odbiorc\u00f3w. <\/span><\/p>\n<p><span style=\"font-weight: 400;\">Sekcja LOL ma znajdowa\u0107 si\u0119 w aplikacji dla wybranych u\u017cytkownik\u00f3w zamiast Watch, jednak nie podj\u0119to ostatecznej decyzji czy nie b\u0119dzie zupe\u0142nie odr\u0119bn\u0105 aplikacj\u0105. <\/span><\/p>\n<p><span style=\"font-weight: 400;\">Wed\u0142ug <\/span><a href=\"https:\/\/www.recode.net\/2018\/2\/12\/16998750\/facebooks-teen-users-decline-instagram-snap-emarketer\"><span style=\"font-weight: 400;\">danych na pocz\u0105tku lutego 2018<\/span><\/a><span style=\"font-weight: 400;\">, Facebook w samych Stanach Zjednoczonych straci\u0142 ponad 2.8 milion u\u017cytkownik\u00f3w poni\u017cej 25 roku \u017cycia. Szacuje si\u0119, \u017ce w 2018 roku nast\u0105pi\u0142 spadek o oko\u0142o kolejne 2 miliony.<\/span><\/p>\n<p><b>Nowy format Stron<\/b><\/p>\n<p>Na Facebooku pojawi\u0142 si\u0119 nowy format Strony. Video Page, jak nazwa wskazuje, koncentruje si\u0119 na tre\u015bciach wideo, kt\u00f3re s\u0105 najbardziej wyeksponowane w nowym formacie.<\/p>\n<p>Tu\u017c pod zdj\u0119ciem w tle znajduje si\u0119 sekcja Wyr\u00f3\u017cnione, nast\u0119pnie inne ostatnio dodane filmy a dopiero p\u00f3\u017aniej m.in. posty i zdj\u0119cia.<\/p>\n<p>Jak to wygl\u0105da mo\u017cecie podejrze\u0107 na Stronie <a href=\"https:\/\/web.facebook.com\/SprawnyMarketing\/\">Sprawny Marketing<\/a>.<\/p>\n<div id=\"attachment_36958\" style=\"width: 1080px\" class=\"wp-caption aligncenter\"><img loading=\"lazy\" decoding=\"async\" aria-describedby=\"caption-attachment-36958\" class=\"size-full wp-image-36958\" src=\"https:\/\/www.sotrender.com\/blog\/wp-content\/uploads\/2019\/03\/Zrzut-ekranu-2019-03-5-o-12.12.17.png\" alt=\"Nowy format Strony na Facebooku - Video Page\" width=\"1070\" height=\"400\" srcset=\"https:\/\/www.sotrender.com\/blog\/wp-content\/uploads\/2019\/03\/Zrzut-ekranu-2019-03-5-o-12.12.17.png 1070w, https:\/\/www.sotrender.com\/blog\/wp-content\/uploads\/2019\/03\/Zrzut-ekranu-2019-03-5-o-12.12.17-475x178.png 475w, https:\/\/www.sotrender.com\/blog\/wp-content\/uploads\/2019\/03\/Zrzut-ekranu-2019-03-5-o-12.12.17-768x287.png 768w, https:\/\/www.sotrender.com\/blog\/wp-content\/uploads\/2019\/03\/Zrzut-ekranu-2019-03-5-o-12.12.17-950x355.png 950w\" sizes=\"(max-width: 1070px) 100vw, 1070px\" \/><p id=\"caption-attachment-36958\" class=\"wp-caption-text\">Nowy format Strony na Facebooku &#8211; Video Page<\/p><\/div>\n<p><b>Udost\u0119pnij wydarzenie w Stories <\/b><\/p>\n<p><span style=\"font-weight: 400;\">Facebook testuje mo\u017cliwo\u015b\u0107 udost\u0119pniania wydarze\u0144, kt\u00f3rymi jeste\u015bmy zainteresowani, do Stories. Inni u\u017cytkownicy widz\u0105c Stories danej osoby zobacz\u0105 na nim przycisk, dzi\u0119ki kt\u00f3remu r\u00f3wnie\u017c b\u0119d\u0105 mogli wyrazi\u0107 zainteresowanie wydarzeniem. <\/span><\/p>\n<p><span style=\"font-weight: 400;\">Opcja jest obecnie w fazie test\u00f3w w Stanach Zjednoczonych, Brazylii oraz Meksyku. <\/span><\/p>\n<p><b>Zmiany w reklamach na Messengerze <\/b><\/p>\n<p><span style=\"font-weight: 400;\">Facebook zmienia spos\u00f3b wy\u015bwietlania reklam na Messengerze. Reklamy powoli staj\u0105 si\u0119 bardziej zunifikowane z konwersacjami, kt\u00f3re prowadzimy z innymi u\u017cytkownikami. Kreacje ulegaj\u0105 znacznemu zmniejszeniu i wy\u015bwietlane b\u0119d\u0105 jako ma\u0142y kwadrat po prawej stronie. <\/span><\/p>\n<p><b>Integracja wszystkich aplikacji?<\/b><\/p>\n<p><span style=\"font-weight: 400;\">Facebook planuje <\/span><a href=\"https:\/\/www.independent.co.uk\/life-style\/gadgets-and-tech\/news\/facebook-instagram-whatsapp-messenger-app-merger-download-a8746376.html?fbclid=IwAR3E8koLG9wpGcZPPx8LXtmY0SI-h3ze0VIprFSvndFiiXJHC-5mfsiO0Ug\"><span style=\"font-weight: 400;\">integracj\u0119 wszystkich swoich aplikacji<\/span><\/a><span style=\"font-weight: 400;\">, w tym Instagrama, Messengera i WhatsAppa. Cho\u0107 ka\u017cda z nich ma pozosta\u0107 odr\u0119bnym bytem, nast\u0105pi\u0107 ma ich unifikacja pod wzgl\u0119dem technicznym. Celem takiego zabiegu jest lepsza kontrola danych osobistych oraz \u0142atwiejsze utrzymanie samych aplikacji. <\/span><\/p>\n<p><span style=\"font-weight: 400;\">Facebook pracuje r\u00f3wnie\u017c nad unifikacj\u0105 inbox\u00f3w dla kont biznesowych, gdzie marketerzy z jednego miejsca mogliby odpowiada\u0107 na wszystkie wiadomo\u015bci z Facebooka, Messengera oraz Instagrama. <\/span><\/p>\n<p><span style=\"font-weight: 400;\">To zdecydowanie dobry ruch ze strony Facebooka, poniewa\u017c zarz\u0105dzanie wiadomo\u015bciami, szczeg\u00f3lnie z Instagrama, b\u0119dzie znacznie usprawnione.<\/span><\/p>\n<h2><strong>YouTube<\/strong><\/h2>\n<p><span style=\"font-weight: 400;\">Aplikacja mobilna upodabnia si\u0119 do Instagram Stories. Co to oznacza? Mo\u017cecie nawigowa\u0107 ogl\u0105dane wideo poprzez przesuwanie, tak jak wygl\u0105da to w Stories. <\/span><\/p>\n<p><span style=\"font-weight: 400;\">Dost\u0119pny jest r\u00f3wnie\u017c podgl\u0105d kolejnego wideo po cz\u0119\u015bciowym przesuni\u0119ciu ekranu. <\/span><span style=\"font-weight: 400;\">Funkcja ta dost\u0119pna jest obecnie jedynie na systemach iOS dla modeli iPhone 6S i nowszych.<\/span><\/p>\n<p style=\"text-align: center;\"><!--HubSpot Call-to-Action Code --><span id=\"hs-cta-wrapper-c4243256-775c-4f09-9dae-182c6d1fa4e1\" class=\"hs-cta-wrapper\"><span id=\"hs-cta-c4243256-775c-4f09-9dae-182c6d1fa4e1\" class=\"hs-cta-node hs-cta-c4243256-775c-4f09-9dae-182c6d1fa4e1\"><!-- [if lte IE 8]><\/p>\n\n\n\n\n\n<div id=\"hs-cta-ie-element\"><\/div>\n\n\n<![endif]--><a href=\"https:\/\/cta-redirect.hubspot.com\/cta\/redirect\/3842881\/c4243256-775c-4f09-9dae-182c6d1fa4e1\"><img decoding=\"async\" id=\"hs-cta-img-c4243256-775c-4f09-9dae-182c6d1fa4e1\" class=\"hs-cta-img aligncenter\" style=\"border-width: 0px;\" src=\"https:\/\/no-cache.hubspot.com\/cta\/default\/3842881\/c4243256-775c-4f09-9dae-182c6d1fa4e1.png\" alt=\"Mierz swoje dzia\u0142ania w social media!\" \/><\/a><\/span><script charset=\"utf-8\" src=\"https:\/\/js.hscta.net\/cta\/current.js\"><\/script><script type=\"text\/javascript\"> hbspt.cta.load(3842881, 'c4243256-775c-4f09-9dae-182c6d1fa4e1', {}); <\/script><\/span><!-- end HubSpot Call-to-Action Code --><\/p>\n<h2><strong>Nowe emojis<\/strong><\/h2>\n<p><span style=\"font-weight: 400;\">Widzieli\u015bcie ju\u017c nowe emojis? Flaming, cebula, orangutan czy falafel to tylko cz\u0119\u015b\u0107 z nich!<\/span><\/p>\n<blockquote class=\"instagram-media\" style=\"background: #FFF; border: 0; border-radius: 3px; box-shadow: 0 0 1px 0 rgba(0,0,0,0.5),0 1px 10px 0 rgba(0,0,0,0.15); margin: 1px; max-width: 540px; min-width: 326px; padding: 0; width: calc(100% - 2px);\" data-instgrm-captioned=\"\" data-instgrm-permalink=\"https:\/\/www.instagram.com\/p\/Btg1PTyAKEB\/?utm_source=ig_embed&amp;utm_medium=loading\" data-instgrm-version=\"12\">\n<div style=\"padding: 16px;\">\n<p>&nbsp;<\/p>\n<div style=\"display: flex; flex-direction: row; align-items: center;\"><\/div>\n<div style=\"padding: 19% 0;\"><\/div>\n<div style=\"display: block; height: 50px; margin: 0 auto 12px; width: 50px;\"><\/div>\n<div style=\"padding-top: 8px;\">\n<div style=\"color: #3897f0; font-family: Arial,sans-serif; font-size: 14px; font-style: normal; font-weight: 550; line-height: 18px;\">Wy\u015bwietl ten post na Instagramie.<\/div>\n<\/div>\n<div style=\"padding: 12.5% 0;\"><\/div>\n<div style=\"display: flex; flex-direction: row; margin-bottom: 14px; align-items: center;\"><\/div>\n<p>&nbsp;<\/p>\n<p style=\"margin: 8px 0 0 0; padding: 0 4px;\"><a style=\"color: #000; font-family: Arial,sans-serif; font-size: 14px; font-style: normal; font-weight: normal; line-height: 17px; text-decoration: none; word-wrap: break-word;\" href=\"https:\/\/www.instagram.com\/p\/Btg1PTyAKEB\/?utm_source=ig_embed&amp;utm_medium=loading\" target=\"_blank\" rel=\"noopener\">? Breaking: these are the 230 new emojis approved for release in 2019. Link in bio for video and full details ? #emoji #emojis #new emojis #emoji12 #unicode #emojipedia<\/a><\/p>\n<p style=\"color: #c9c8cd; font-family: Arial,sans-serif; font-size: 14px; line-height: 17px; margin-bottom: 0; margin-top: 8px; overflow: hidden; padding: 8px 0 7px; text-align: center; text-overflow: ellipsis; white-space: nowrap;\">Post udost\u0119pniony przez <a style=\"color: #c9c8cd; font-family: Arial,sans-serif; font-size: 14px; font-style: normal; font-weight: normal; line-height: 17px;\" href=\"https:\/\/www.instagram.com\/emojipedia\/?utm_source=ig_embed&amp;utm_medium=loading\" target=\"_blank\" rel=\"noopener\"> ? Emojipedia<\/a> (@emojipedia) <time style=\"font-family: Arial,sans-serif; font-size: 14px; line-height: 17px;\" datetime=\"2019-02-05T20:09:53+00:00\">Lut 5, 2019 o 12:09 PST<\/time><\/p>\n<\/div>\n<\/blockquote>\n<p><script async src=\"\/\/www.instagram.com\/embed.js\"><\/script><\/p>\n","protected":false},"excerpt":{"rendered":"<p>Pocz\u0105tek roku w social media by\u0142 stosunkowo spokojny. Pojawia\u0142y si\u0119 g\u0142\u00f3wnie drobne usprawnienia czo\u0142owych kana\u0142\u00f3w, a do tych najszybciej rozwijaj\u0105cych si\u0119 nale\u017ca\u0142 oczywi\u015bcie Instagram.<\/p>\n","protected":false},"author":89,"featured_media":36962,"comment_status":"open","ping_status":"open","sticky":false,"template":"","format":"standard","meta":{"inline_featured_image":false,"footnotes":""},"categories":[1797,1803,2125,2275],"tags":[615,2053,2791],"yoast_head":"<!-- This site is optimized with the Yoast SEO plugin v22.4 - https:\/\/yoast.com\/wordpress\/plugins\/seo\/ -->\n<title>Nowo\u015bci tygodnia #23 - 2019 rokiem Instagrama - Sotrender Blog<\/title>\n<meta name=\"description\" content=\"W pierwszych miesi\u0105cach 2019 roku pojawia\u0142y si\u0119 g\u0142\u00f3wnie drobne usprawnienia czo\u0142owych kana\u0142\u00f3w, a do najszybciej rozwijaj\u0105cych si\u0119 nale\u017ca\u0142 Instagram.\" \/>\n<meta name=\"robots\" content=\"index, follow, max-snippet:-1, max-image-preview:large, max-video-preview:-1\" \/>\n<link rel=\"canonical\" href=\"https:\/\/www.sotrender.com\/blog\/pl\/2019\/03\/nowosci-tygodnia-23-2019-rokiem-instagrama\/\" \/>\n<meta property=\"og:locale\" content=\"pl_PL\" \/>\n<meta property=\"og:type\" content=\"article\" \/>\n<meta property=\"og:title\" content=\"Nowo\u015bci tygodnia #23 - 2019 rokiem Instagrama - Sotrender Blog\" \/>\n<meta property=\"og:description\" content=\"W pierwszych miesi\u0105cach 2019 roku pojawia\u0142y si\u0119 g\u0142\u00f3wnie drobne usprawnienia czo\u0142owych kana\u0142\u00f3w, a do najszybciej rozwijaj\u0105cych si\u0119 nale\u017ca\u0142 Instagram.\" \/>\n<meta property=\"og:url\" content=\"https:\/\/www.sotrender.com\/blog\/pl\/2019\/03\/nowosci-tygodnia-23-2019-rokiem-instagrama\/\" \/>\n<meta property=\"og:site_name\" content=\"Sotrender Blog\" \/>\n<meta property=\"article:publisher\" content=\"https:\/\/www.facebook.com\/Sotrender\" \/>\n<meta property=\"article:published_time\" content=\"2019-03-05T12:59:53+00:00\" \/>\n<meta property=\"og:image\" content=\"https:\/\/www.sotrender.com\/blog\/wp-content\/uploads\/2019\/03\/phone-1235721_1280.jpg\" \/>\n\t<meta property=\"og:image:width\" content=\"1280\" \/>\n\t<meta property=\"og:image:height\" content=\"853\" \/>\n\t<meta property=\"og:image:type\" content=\"image\/jpeg\" \/>\n<meta name=\"author\" content=\"Klaudia \u017by\u0142ka\" \/>\n<meta name=\"twitter:card\" content=\"summary_large_image\" \/>\n<meta name=\"twitter:creator\" content=\"@Sotrender\" \/>\n<meta name=\"twitter:site\" content=\"@Sotrender\" \/>\n<meta name=\"twitter:label1\" content=\"Written by\" \/>\n\t<meta name=\"twitter:data1\" content=\"Klaudia \u017by\u0142ka\" \/>\n\t<meta name=\"twitter:label2\" content=\"Est. reading time\" \/>\n\t<meta name=\"twitter:data2\" content=\"8 minutes\" \/>\n<script type=\"application\/ld+json\" class=\"yoast-schema-graph\">{\"@context\":\"https:\/\/schema.org\",\"@graph\":[{\"@type\":\"WebPage\",\"@id\":\"https:\/\/www.sotrender.com\/blog\/pl\/2019\/03\/nowosci-tygodnia-23-2019-rokiem-instagrama\/\",\"url\":\"https:\/\/www.sotrender.com\/blog\/pl\/2019\/03\/nowosci-tygodnia-23-2019-rokiem-instagrama\/\",\"name\":\"Nowo\u015bci tygodnia #23 - 2019 rokiem Instagrama - Sotrender Blog\",\"isPartOf\":{\"@id\":\"https:\/\/www.sotrender.com\/blog\/#website\"},\"primaryImageOfPage\":{\"@id\":\"https:\/\/www.sotrender.com\/blog\/pl\/2019\/03\/nowosci-tygodnia-23-2019-rokiem-instagrama\/#primaryimage\"},\"image\":{\"@id\":\"https:\/\/www.sotrender.com\/blog\/pl\/2019\/03\/nowosci-tygodnia-23-2019-rokiem-instagrama\/#primaryimage\"},\"thumbnailUrl\":\"https:\/\/www.sotrender.com\/blog\/wp-content\/uploads\/2019\/03\/phone-1235721_1280.jpg\",\"datePublished\":\"2019-03-05T12:59:53+00:00\",\"dateModified\":\"2019-03-05T12:59:53+00:00\",\"author\":{\"@id\":\"https:\/\/www.sotrender.com\/blog\/#\/schema\/person\/038ac5e276c5d102d8cbb9c36cd43416\"},\"description\":\"W pierwszych miesi\u0105cach 2019 roku pojawia\u0142y si\u0119 g\u0142\u00f3wnie drobne usprawnienia czo\u0142owych kana\u0142\u00f3w, a do najszybciej rozwijaj\u0105cych si\u0119 nale\u017ca\u0142 Instagram.\",\"breadcrumb\":{\"@id\":\"https:\/\/www.sotrender.com\/blog\/pl\/2019\/03\/nowosci-tygodnia-23-2019-rokiem-instagrama\/#breadcrumb\"},\"inLanguage\":\"pl-PL\",\"potentialAction\":[{\"@type\":\"ReadAction\",\"target\":[\"https:\/\/www.sotrender.com\/blog\/pl\/2019\/03\/nowosci-tygodnia-23-2019-rokiem-instagrama\/\"]}]},{\"@type\":\"ImageObject\",\"inLanguage\":\"pl-PL\",\"@id\":\"https:\/\/www.sotrender.com\/blog\/pl\/2019\/03\/nowosci-tygodnia-23-2019-rokiem-instagrama\/#primaryimage\",\"url\":\"https:\/\/www.sotrender.com\/blog\/wp-content\/uploads\/2019\/03\/phone-1235721_1280.jpg\",\"contentUrl\":\"https:\/\/www.sotrender.com\/blog\/wp-content\/uploads\/2019\/03\/phone-1235721_1280.jpg\",\"width\":1280,\"height\":853},{\"@type\":\"BreadcrumbList\",\"@id\":\"https:\/\/www.sotrender.com\/blog\/pl\/2019\/03\/nowosci-tygodnia-23-2019-rokiem-instagrama\/#breadcrumb\",\"itemListElement\":[{\"@type\":\"ListItem\",\"position\":1,\"name\":\"Home\",\"item\":\"https:\/\/www.sotrender.com\/blog\/\"},{\"@type\":\"ListItem\",\"position\":2,\"name\":\"Nowo\u015bci tygodnia #23 &#8211; 2019 rokiem Instagrama\"}]},{\"@type\":\"WebSite\",\"@id\":\"https:\/\/www.sotrender.com\/blog\/#website\",\"url\":\"https:\/\/www.sotrender.com\/blog\/\",\"name\":\"Sotrender Blog\",\"description\":\"\",\"potentialAction\":[{\"@type\":\"SearchAction\",\"target\":{\"@type\":\"EntryPoint\",\"urlTemplate\":\"https:\/\/www.sotrender.com\/blog\/?s={search_term_string}\"},\"query-input\":\"required name=search_term_string\"}],\"inLanguage\":\"pl-PL\"},{\"@type\":\"Person\",\"@id\":\"https:\/\/www.sotrender.com\/blog\/#\/schema\/person\/038ac5e276c5d102d8cbb9c36cd43416\",\"name\":\"Klaudia \u017by\u0142ka\",\"image\":{\"@type\":\"ImageObject\",\"inLanguage\":\"pl-PL\",\"@id\":\"https:\/\/www.sotrender.com\/blog\/#\/schema\/person\/image\/\",\"url\":\"https:\/\/secure.gravatar.com\/avatar\/f55d5d49ce3c448e1ffde0ab078d84cd?s=96&d=mm&r=g\",\"contentUrl\":\"https:\/\/secure.gravatar.com\/avatar\/f55d5d49ce3c448e1ffde0ab078d84cd?s=96&d=mm&r=g\",\"caption\":\"Klaudia \u017by\u0142ka\"},\"description\":\"Instagram, dogs, books and food lover. Former student at Warsaw University and Malm\u00f6 University. Improving her marketing skills every day. Proud owner of DIMAQ certificate\",\"sameAs\":[\"https:\/\/www.linkedin.com\/in\/klaudia-\u017cy\u0142ka-17527779\"],\"url\":\"https:\/\/www.sotrender.com\/blog\/pl\/author\/klaudia_yka\/\"}]}<\/script>\n<!-- \/ Yoast SEO plugin. -->","yoast_head_json":{"title":"Nowo\u015bci tygodnia #23 - 2019 rokiem Instagrama - Sotrender Blog","description":"W pierwszych miesi\u0105cach 2019 roku pojawia\u0142y si\u0119 g\u0142\u00f3wnie drobne usprawnienia czo\u0142owych kana\u0142\u00f3w, a do najszybciej rozwijaj\u0105cych si\u0119 nale\u017ca\u0142 Instagram.","robots":{"index":"index","follow":"follow","max-snippet":"max-snippet:-1","max-image-preview":"max-image-preview:large","max-video-preview":"max-video-preview:-1"},"canonical":"https:\/\/www.sotrender.com\/blog\/pl\/2019\/03\/nowosci-tygodnia-23-2019-rokiem-instagrama\/","og_locale":"pl_PL","og_type":"article","og_title":"Nowo\u015bci tygodnia #23 - 2019 rokiem Instagrama - Sotrender Blog","og_description":"W pierwszych miesi\u0105cach 2019 roku pojawia\u0142y si\u0119 g\u0142\u00f3wnie drobne usprawnienia czo\u0142owych kana\u0142\u00f3w, a do najszybciej rozwijaj\u0105cych si\u0119 nale\u017ca\u0142 Instagram.","og_url":"https:\/\/www.sotrender.com\/blog\/pl\/2019\/03\/nowosci-tygodnia-23-2019-rokiem-instagrama\/","og_site_name":"Sotrender Blog","article_publisher":"https:\/\/www.facebook.com\/Sotrender","article_published_time":"2019-03-05T12:59:53+00:00","og_image":[{"width":1280,"height":853,"url":"https:\/\/www.sotrender.com\/blog\/wp-content\/uploads\/2019\/03\/phone-1235721_1280.jpg","type":"image\/jpeg"}],"author":"Klaudia \u017by\u0142ka","twitter_card":"summary_large_image","twitter_creator":"@Sotrender","twitter_site":"@Sotrender","twitter_misc":{"Written by":"Klaudia \u017by\u0142ka","Est. reading time":"8 minutes"},"schema":{"@context":"https:\/\/schema.org","@graph":[{"@type":"WebPage","@id":"https:\/\/www.sotrender.com\/blog\/pl\/2019\/03\/nowosci-tygodnia-23-2019-rokiem-instagrama\/","url":"https:\/\/www.sotrender.com\/blog\/pl\/2019\/03\/nowosci-tygodnia-23-2019-rokiem-instagrama\/","name":"Nowo\u015bci tygodnia #23 - 2019 rokiem Instagrama - Sotrender Blog","isPartOf":{"@id":"https:\/\/www.sotrender.com\/blog\/#website"},"primaryImageOfPage":{"@id":"https:\/\/www.sotrender.com\/blog\/pl\/2019\/03\/nowosci-tygodnia-23-2019-rokiem-instagrama\/#primaryimage"},"image":{"@id":"https:\/\/www.sotrender.com\/blog\/pl\/2019\/03\/nowosci-tygodnia-23-2019-rokiem-instagrama\/#primaryimage"},"thumbnailUrl":"https:\/\/www.sotrender.com\/blog\/wp-content\/uploads\/2019\/03\/phone-1235721_1280.jpg","datePublished":"2019-03-05T12:59:53+00:00","dateModified":"2019-03-05T12:59:53+00:00","author":{"@id":"https:\/\/www.sotrender.com\/blog\/#\/schema\/person\/038ac5e276c5d102d8cbb9c36cd43416"},"description":"W pierwszych miesi\u0105cach 2019 roku pojawia\u0142y si\u0119 g\u0142\u00f3wnie drobne usprawnienia czo\u0142owych kana\u0142\u00f3w, a do najszybciej rozwijaj\u0105cych si\u0119 nale\u017ca\u0142 Instagram.","breadcrumb":{"@id":"https:\/\/www.sotrender.com\/blog\/pl\/2019\/03\/nowosci-tygodnia-23-2019-rokiem-instagrama\/#breadcrumb"},"inLanguage":"pl-PL","potentialAction":[{"@type":"ReadAction","target":["https:\/\/www.sotrender.com\/blog\/pl\/2019\/03\/nowosci-tygodnia-23-2019-rokiem-instagrama\/"]}]},{"@type":"ImageObject","inLanguage":"pl-PL","@id":"https:\/\/www.sotrender.com\/blog\/pl\/2019\/03\/nowosci-tygodnia-23-2019-rokiem-instagrama\/#primaryimage","url":"https:\/\/www.sotrender.com\/blog\/wp-content\/uploads\/2019\/03\/phone-1235721_1280.jpg","contentUrl":"https:\/\/www.sotrender.com\/blog\/wp-content\/uploads\/2019\/03\/phone-1235721_1280.jpg","width":1280,"height":853},{"@type":"BreadcrumbList","@id":"https:\/\/www.sotrender.com\/blog\/pl\/2019\/03\/nowosci-tygodnia-23-2019-rokiem-instagrama\/#breadcrumb","itemListElement":[{"@type":"ListItem","position":1,"name":"Home","item":"https:\/\/www.sotrender.com\/blog\/"},{"@type":"ListItem","position":2,"name":"Nowo\u015bci tygodnia #23 &#8211; 2019 rokiem Instagrama"}]},{"@type":"WebSite","@id":"https:\/\/www.sotrender.com\/blog\/#website","url":"https:\/\/www.sotrender.com\/blog\/","name":"Sotrender Blog","description":"","potentialAction":[{"@type":"SearchAction","target":{"@type":"EntryPoint","urlTemplate":"https:\/\/www.sotrender.com\/blog\/?s={search_term_string}"},"query-input":"required name=search_term_string"}],"inLanguage":"pl-PL"},{"@type":"Person","@id":"https:\/\/www.sotrender.com\/blog\/#\/schema\/person\/038ac5e276c5d102d8cbb9c36cd43416","name":"Klaudia \u017by\u0142ka","image":{"@type":"ImageObject","inLanguage":"pl-PL","@id":"https:\/\/www.sotrender.com\/blog\/#\/schema\/person\/image\/","url":"https:\/\/secure.gravatar.com\/avatar\/f55d5d49ce3c448e1ffde0ab078d84cd?s=96&d=mm&r=g","contentUrl":"https:\/\/secure.gravatar.com\/avatar\/f55d5d49ce3c448e1ffde0ab078d84cd?s=96&d=mm&r=g","caption":"Klaudia \u017by\u0142ka"},"description":"Instagram, dogs, books and food lover. Former student at Warsaw University and Malm\u00f6 University. Improving her marketing skills every day. Proud owner of DIMAQ certificate","sameAs":["https:\/\/www.linkedin.com\/in\/klaudia-\u017cy\u0142ka-17527779"],"url":"https:\/\/www.sotrender.com\/blog\/pl\/author\/klaudia_yka\/"}]}},"_links":{"self":[{"href":"https:\/\/www.sotrender.com\/blog\/pl\/wp-json\/wp\/v2\/posts\/36952"}],"collection":[{"href":"https:\/\/www.sotrender.com\/blog\/pl\/wp-json\/wp\/v2\/posts"}],"about":[{"href":"https:\/\/www.sotrender.com\/blog\/pl\/wp-json\/wp\/v2\/types\/post"}],"author":[{"embeddable":true,"href":"https:\/\/www.sotrender.com\/blog\/pl\/wp-json\/wp\/v2\/users\/89"}],"replies":[{"embeddable":true,"href":"https:\/\/www.sotrender.com\/blog\/pl\/wp-json\/wp\/v2\/comments?post=36952"}],"version-history":[{"count":5,"href":"https:\/\/www.sotrender.com\/blog\/pl\/wp-json\/wp\/v2\/posts\/36952\/revisions"}],"predecessor-version":[{"id":36966,"href":"https:\/\/www.sotrender.com\/blog\/pl\/wp-json\/wp\/v2\/posts\/36952\/revisions\/36966"}],"wp:featuredmedia":[{"embeddable":true,"href":"https:\/\/www.sotrender.com\/blog\/pl\/wp-json\/wp\/v2\/media\/36962"}],"wp:attachment":[{"href":"https:\/\/www.sotrender.com\/blog\/pl\/wp-json\/wp\/v2\/media?parent=36952"}],"wp:term":[{"taxonomy":"category","embeddable":true,"href":"https:\/\/www.sotrender.com\/blog\/pl\/wp-json\/wp\/v2\/categories?post=36952"},{"taxonomy":"post_tag","embeddable":true,"href":"https:\/\/www.sotrender.com\/blog\/pl\/wp-json\/wp\/v2\/tags?post=36952"}],"curies":[{"name":"wp","href":"https:\/\/api.w.org\/{rel}","templated":true}]}}