{"id":36875,"date":"2019-02-20T15:03:42","date_gmt":"2019-02-20T14:03:42","guid":{"rendered":"https:\/\/www.sotrender.com\/blog\/?p=36875\/"},"modified":"2019-02-20T15:03:42","modified_gmt":"2019-02-20T14:03:42","slug":"facebook-trends-styczen-2019-burzliwy-poczatek-roku","status":"publish","type":"post","link":"https:\/\/www.sotrender.com\/blog\/pl\/2019\/02\/facebook-trends-styczen-2019-burzliwy-poczatek-roku\/","title":{"rendered":"Facebook Trends stycze\u0144 2019 &#8211; burzliwy pocz\u0105tek roku"},"content":{"rendered":"<p><span style=\"font-weight: 400;\">Tak burzliwego pocz\u0105tku roku chyba nikt si\u0119 nie spodziewa\u0142. Rzadko te\u017c wydarzenia polityczno-spo\u0142eczne maj\u0105 a\u017c tak mocne odzwierciedlenie w mediach spo\u0142eczno\u015bciowych, w tym na Facebooku. <\/span><\/p>\n<p><span style=\"font-weight: 400;\">Zapraszamy na emocjonuj\u0105ce i r\u00f3\u017cnorodne <a href=\"https:\/\/www.sotrender.com\/trends\/facebook\/poland\/201901\">podsumowanie pierwszego miesi\u0105ca 2019 roku<\/a>!<\/span><\/p>\n<p><!--more--><\/p>\n<h2><strong>Murem za Owsiakiem<\/strong><\/h2>\n<p><span style=\"font-weight: 400;\">Fina\u0142 WO\u015aP oraz tragiczne wydarzenia z nim zwi\u0105zane, a tak\u017ce osoba Jurka Owsiaka, by\u0142y niezaprzeczalnie najgor\u0119tszymi tematami stycznia, nie mog\u0142o wi\u0119c zabrakn\u0105\u0107 ich w naszym podsumowaniu. <\/span><\/p>\n<p><span style=\"font-weight: 400;\">Najlepsze posty miesi\u0105ca w wi\u0119kszo\u015bci kategorii dotyczy\u0142y w\u0142a\u015bnie akcji #MuremZaOwsiakiem. <\/span><\/p>\n<p><span style=\"font-weight: 400;\">Z kolei najbardziej anga\u017cuj\u0105ce wpisy, poza oficjalnymi profilami Jurka Owsiaka oraz WO\u015aP, opublikowa\u0142a Agnieszka Chyli\u0144ska, Karolina Korwin-Piotrowska oraz strona Popularne.<\/span><\/p>\n<div id=\"attachment_36881\" style=\"width: 810px\" class=\"wp-caption aligncenter\"><img loading=\"lazy\" decoding=\"async\" aria-describedby=\"caption-attachment-36881\" class=\" wp-image-36881\" src=\"https:\/\/www.sotrender.com\/blog\/wp-content\/uploads\/2019\/02\/Zrzut-ekranu-2019-02-20-o-11.38.03.png\" alt=\"Najlepsze posty na polskim Facebooku w styczniu 2019 roku \" width=\"800\" height=\"738\" srcset=\"https:\/\/www.sotrender.com\/blog\/wp-content\/uploads\/2019\/02\/Zrzut-ekranu-2019-02-20-o-11.38.03.png 876w, https:\/\/www.sotrender.com\/blog\/wp-content\/uploads\/2019\/02\/Zrzut-ekranu-2019-02-20-o-11.38.03-475x438.png 475w, https:\/\/www.sotrender.com\/blog\/wp-content\/uploads\/2019\/02\/Zrzut-ekranu-2019-02-20-o-11.38.03-768x708.png 768w\" sizes=\"(max-width: 800px) 100vw, 800px\" \/><p id=\"caption-attachment-36881\" class=\"wp-caption-text\"><a href=\"https:\/\/www.sotrender.com\/trends\/facebook\/poland\/201901\/pl_wszystkie\">Najlepsze posty<\/a> na polskim Facebooku w styczniu 2019 roku<\/p><\/div>\n<h2><strong>Nieoczywiste \u017cyczenia na Dzie\u0144 Babci i Dziadka<\/strong><\/h2>\n<p><span style=\"font-weight: 400;\">Pod koniec miesi\u0105ca swoje \u015bwi\u0119to obchodzili dziadkowie oraz babcie, a marki wykorzysta\u0142y r\u00f3wnie\u017c to \u015bwi\u0119to do promocji swoich produkt\u00f3w. Komu posz\u0142o najlepiej? <\/span><\/p>\n<p><span style=\"font-weight: 400;\">Z pewno\u015bci\u0105 wyr\u00f3\u017cni\u0142a si\u0119 w\u00f3dka Wyborowa, kt\u00f3rej profil jest co miesi\u0105c jednym ze skuteczniej prowadzonych w kategorii <a href=\"https:\/\/www.sotrender.com\/trends\/facebook\/poland\/201901\/fmcg\">FMCG<\/a>. <\/span><\/p>\n<div id=\"attachment_36877\" style=\"width: 760px\" class=\"wp-caption aligncenter\"><img loading=\"lazy\" decoding=\"async\" aria-describedby=\"caption-attachment-36877\" class=\" wp-image-36877\" src=\"https:\/\/www.sotrender.com\/blog\/wp-content\/uploads\/2019\/02\/Zrzut-ekranu-2019-02-20-o-11.34.04.png\" alt=\"Post na profilu marki Wyborowa z okazji Dnia Babci i Dziadka\" width=\"750\" height=\"632\" srcset=\"https:\/\/www.sotrender.com\/blog\/wp-content\/uploads\/2019\/02\/Zrzut-ekranu-2019-02-20-o-11.34.04.png 858w, https:\/\/www.sotrender.com\/blog\/wp-content\/uploads\/2019\/02\/Zrzut-ekranu-2019-02-20-o-11.34.04-475x400.png 475w, https:\/\/www.sotrender.com\/blog\/wp-content\/uploads\/2019\/02\/Zrzut-ekranu-2019-02-20-o-11.34.04-768x647.png 768w\" sizes=\"(max-width: 750px) 100vw, 750px\" \/><p id=\"caption-attachment-36877\" class=\"wp-caption-text\"><a href=\"https:\/\/www.facebook.com\/wyborowapolska\/photos\/a.155336901160493\/2571752422852250\/?type=3&amp;theater\">Post<\/a> na profilu marki Wyborowa z okazji Dnia Babci i Dziadka<\/p><\/div>\n<p><span style=\"font-weight: 400;\">Cho\u0107 opublikowany post by\u0142 stosunkowo prosty &#8211; zar\u00f3wno pod wzgl\u0119dem kreacji jak i przekazu &#8211; zebra\u0142 wielkie zaanga\u017cowanie spo\u0142eczno\u015bci Facebooka. Jak wida\u0107, czasem to wi\u0119c w\u0142a\u015bnie prostota przekazu jest kluczem do sukcesu.<\/span><\/p>\n<p><span style=\"font-weight: 400;\">Wyborowa wstrzeli\u0142a si\u0119 r\u00f3wnie\u017c w wyzwanie #10yearschallenge.<\/span><\/p>\n<div id=\"attachment_36879\" style=\"width: 811px\" class=\"wp-caption aligncenter\"><img loading=\"lazy\" decoding=\"async\" aria-describedby=\"caption-attachment-36879\" class=\" wp-image-36879\" src=\"https:\/\/www.sotrender.com\/blog\/wp-content\/uploads\/2019\/02\/Zrzut-ekranu-2019-02-20-o-11.36.34.png\" alt=\"Post marki Wyborowa w ramach #10yearschallenge\" width=\"801\" height=\"391\" srcset=\"https:\/\/www.sotrender.com\/blog\/wp-content\/uploads\/2019\/02\/Zrzut-ekranu-2019-02-20-o-11.36.34.png 865w, https:\/\/www.sotrender.com\/blog\/wp-content\/uploads\/2019\/02\/Zrzut-ekranu-2019-02-20-o-11.36.34-475x232.png 475w, https:\/\/www.sotrender.com\/blog\/wp-content\/uploads\/2019\/02\/Zrzut-ekranu-2019-02-20-o-11.36.34-768x375.png 768w\" sizes=\"(max-width: 801px) 100vw, 801px\" \/><p id=\"caption-attachment-36879\" class=\"wp-caption-text\">Post marki Wyborowa w ramach #10yearschallenge<\/p><\/div>\n<h2><strong>Wielki powr\u00f3t<\/strong><\/h2>\n<p><span style=\"font-weight: 400;\">Na polsk\u0105 scen\u0119 muzyczn\u0105 powraca \u0141ukasz \u201cMa\u0142pa\u201d Ma\u0142kiewicz. Po d\u0142ugim okresie ciszy artysta przychodzi z now\u0105 p\u0142yt\u0105, kt\u00f3rej premiera zapowiadana jest na po\u0142ow\u0119 lutego. Cho\u0107 Ma\u0142pa nie nale\u017cy do najwi\u0119kszych artyst\u00f3w pod wzgl\u0119dem fan\u00f3w na Facebooku, powracaj\u0105c do aktywno\u015bci muzycznej oraz facebookowej, zebra\u0142 zaanga\u017cowanie, kt\u00f3re pozwoli\u0142o mu znale\u017a\u0107 si\u0119 w TOP5.<\/span><\/p>\n<div id=\"attachment_36883\" style=\"width: 892px\" class=\"wp-caption aligncenter\"><img loading=\"lazy\" decoding=\"async\" aria-describedby=\"caption-attachment-36883\" class=\"size-full wp-image-36883\" src=\"https:\/\/www.sotrender.com\/blog\/wp-content\/uploads\/2019\/02\/Zrzut-ekranu-2019-02-20-o-11.41.56.png\" alt=\"Profile o najwi\u0119kszym zaanga\u017cowaniu w kategorii Muzyka\" width=\"882\" height=\"262\" srcset=\"https:\/\/www.sotrender.com\/blog\/wp-content\/uploads\/2019\/02\/Zrzut-ekranu-2019-02-20-o-11.41.56.png 882w, https:\/\/www.sotrender.com\/blog\/wp-content\/uploads\/2019\/02\/Zrzut-ekranu-2019-02-20-o-11.41.56-475x141.png 475w, https:\/\/www.sotrender.com\/blog\/wp-content\/uploads\/2019\/02\/Zrzut-ekranu-2019-02-20-o-11.41.56-768x228.png 768w\" sizes=\"(max-width: 882px) 100vw, 882px\" \/><p id=\"caption-attachment-36883\" class=\"wp-caption-text\">Profile o najwi\u0119kszym zaanga\u017cowaniu w kategorii <a href=\"https:\/\/www.sotrender.com\/trends\/facebook\/poland\/201901\/kultura\/muzyka\">Muzyka<\/a><\/p><\/div>\n<p><em>Dlaczego profil Ma\u0142py oznaczony jest jako &#8216;nowy&#8217;? Niekoniecznie oznacza to bowiem nowy profil w naszej bazie. Poniewa\u017c zale\u017cy nam na zestawianiu profili, kt\u00f3re s\u0105 faktycznie aktywne na Facebooku (czyt. publikuj\u0105 posty), w comiesi\u0119cznych zestawieniach nie pokazuj\u0105 si\u0119 profile, kt\u00f3re nie publikowa\u0142y od co najmniej 3 miesi\u0119cy. Tak by\u0142o w przypadku profilu Ma\u0142py, st\u0105d w styczniu powr\u00f3ci\u0142 on do zestawienia.\u00a0<\/em><\/p>\n<h2><strong>Mocne wej\u015bcie w TOP3<\/strong><\/h2>\n<div id=\"attachment_36885\" style=\"width: 809px\" class=\"wp-caption aligncenter\"><img loading=\"lazy\" decoding=\"async\" aria-describedby=\"caption-attachment-36885\" class=\" wp-image-36885\" src=\"https:\/\/www.sotrender.com\/blog\/wp-content\/uploads\/2019\/02\/Zrzut-ekranu-2019-02-20-o-11.53.52.png\" alt=\"Najszybciej rosn\u0105ce oraz najwi\u0119ksze profile na polskim Facebooku w styczniu 2019 roku \" width=\"799\" height=\"402\" srcset=\"https:\/\/www.sotrender.com\/blog\/wp-content\/uploads\/2019\/02\/Zrzut-ekranu-2019-02-20-o-11.53.52.png 896w, https:\/\/www.sotrender.com\/blog\/wp-content\/uploads\/2019\/02\/Zrzut-ekranu-2019-02-20-o-11.53.52-475x239.png 475w, https:\/\/www.sotrender.com\/blog\/wp-content\/uploads\/2019\/02\/Zrzut-ekranu-2019-02-20-o-11.53.52-768x387.png 768w\" sizes=\"(max-width: 799px) 100vw, 799px\" \/><p id=\"caption-attachment-36885\" class=\"wp-caption-text\">Najszybciej rosn\u0105ce oraz najwi\u0119ksze profile na polskim Facebooku w styczniu 2019 roku<\/p><\/div>\n<p><span style=\"font-weight: 400;\">Jednym z trzech najszybciej rosn\u0105cych profili w styczniu na Facebooku by\u0142 profil <\/span><i><span style=\"font-weight: 400;\">Dziki Trener.<\/span><\/i><span style=\"font-weight: 400;\"> Profil ten, jak sama nazwa wskazuje, prowadzi trener i sportowiec, kt\u00f3ry na swoim profilu na Facebooku (jak r\u00f3wnie\u017c m.in. Instagramie) publikuje g\u0142\u00f3wnie kr\u00f3tkie filmiki. Dlaczego staj\u0105 si\u0119 one tak popularne? Wbrew pozorom najcz\u0119\u015bciej nie dotycz\u0105 temat\u00f3w zwi\u0105zanych ze sportem, poruszaj\u0105 za\u015b tematy z \u017cycia codziennego, s\u0105 humorystyczne, nieco przerysowane i prze\u015bmiewcze. Cho\u0107 wzbudzaj\u0105 one czasem troch\u0119 kontrowersji i mieszanych uczu\u0107 u odbiorc\u00f3w, powoduj\u0105 jednak ci\u0105g\u0142y wzrost popularno\u015bci Dzikiego.\u00a0<\/span><\/p>\n<div id=\"attachment_36889\" style=\"width: 811px\" class=\"wp-caption aligncenter\"><img loading=\"lazy\" decoding=\"async\" aria-describedby=\"caption-attachment-36889\" class=\" wp-image-36889\" src=\"https:\/\/www.sotrender.com\/blog\/wp-content\/uploads\/2019\/02\/Zrzut-ekranu-2019-02-20-o-11.55.27.png\" alt=\"Najlepsze posty w kategorii Sportowcy | stycze\u0144 2019\" width=\"801\" height=\"730\" srcset=\"https:\/\/www.sotrender.com\/blog\/wp-content\/uploads\/2019\/02\/Zrzut-ekranu-2019-02-20-o-11.55.27.png 876w, https:\/\/www.sotrender.com\/blog\/wp-content\/uploads\/2019\/02\/Zrzut-ekranu-2019-02-20-o-11.55.27-475x433.png 475w, https:\/\/www.sotrender.com\/blog\/wp-content\/uploads\/2019\/02\/Zrzut-ekranu-2019-02-20-o-11.55.27-768x700.png 768w\" sizes=\"(max-width: 801px) 100vw, 801px\" \/><p id=\"caption-attachment-36889\" class=\"wp-caption-text\">Najlepsze posty w kategorii <a href=\"https:\/\/www.sotrender.com\/trends\/facebook\/poland\/201901\/osoby\/sportowcy\">Sportowcy<\/a> | stycze\u0144 2019<\/p><\/div>\n<h2><span style=\"font-weight: 400;\"><strong>Facebook Trends stycze\u0144 2019<\/strong> <\/span><\/h2>\n<p><span style=\"font-weight: 400;\">Co poza tym wydarzy\u0142o si\u0119 w styczniu na Facebooku? By\u0142 to miesi\u0105c, o kt\u00f3rym zdecydowanie mogliby\u015bmy napisa\u0107 jeszcze wiele. Jednak ju\u017c Waszym indywidualnym preferencjom zostawiamy sprawdzenie najbardziej interesuj\u0105cych Was kategorii w naszym <a href=\"https:\/\/www.sotrender.com\/trends\/facebook\/poland\/201901\">najnowszym wydaniu raportu Facebook Trends<\/a>. <\/span><\/p>\n","protected":false},"excerpt":{"rendered":"<p>Tak burzliwego pocz\u0105tku roku chyba nikt si\u0119 nie spodziewa\u0142. Rzadko te\u017c wydarzenia polityczno-spo\u0142eczne maj\u0105 a\u017c tak mocne odzwierciedlenie w mediach spo\u0142eczno\u015bciowych, w tym na Facebooku. Zapraszamy na emocjonuj\u0105ce i r\u00f3\u017cnorodne podsumowanie pierwszego miesi\u0105ca 2019 roku!<\/p>\n","protected":false},"author":89,"featured_media":36891,"comment_status":"open","ping_status":"open","sticky":false,"template":"","format":"standard","meta":{"inline_featured_image":false,"footnotes":""},"categories":[1791,1797,2125,2275],"tags":[2307,2701,2917],"yoast_head":"<!-- This site is optimized with the Yoast SEO plugin v22.4 - https:\/\/yoast.com\/wordpress\/plugins\/seo\/ -->\n<title>Facebook Trends stycze\u0144 2019 - burzliwy pocz\u0105tek roku<\/title>\n<meta name=\"description\" content=\"Tak burzliwego pocz\u0105tku roku chyba nikt si\u0119 nie spodziewa\u0142. Rzadko te\u017c wydarzenia polityczno-spo\u0142eczne maj\u0105 a\u017c tak mocne odzwierciedlenie na Facebooku.\" \/>\n<meta name=\"robots\" content=\"index, follow, max-snippet:-1, max-image-preview:large, max-video-preview:-1\" \/>\n<link rel=\"canonical\" href=\"https:\/\/www.sotrender.com\/blog\/pl\/2019\/02\/facebook-trends-styczen-2019-burzliwy-poczatek-roku\/\" \/>\n<meta property=\"og:locale\" content=\"pl_PL\" \/>\n<meta property=\"og:type\" content=\"article\" \/>\n<meta property=\"og:title\" content=\"Facebook Trends stycze\u0144 2019 - burzliwy pocz\u0105tek roku\" \/>\n<meta property=\"og:description\" content=\"Tak burzliwego pocz\u0105tku roku chyba nikt si\u0119 nie spodziewa\u0142. Rzadko te\u017c wydarzenia polityczno-spo\u0142eczne maj\u0105 a\u017c tak mocne odzwierciedlenie na Facebooku.\" \/>\n<meta property=\"og:url\" content=\"https:\/\/www.sotrender.com\/blog\/pl\/2019\/02\/facebook-trends-styczen-2019-burzliwy-poczatek-roku\/\" \/>\n<meta property=\"og:site_name\" content=\"Sotrender Blog\" \/>\n<meta property=\"article:publisher\" content=\"https:\/\/www.facebook.com\/Sotrender\" \/>\n<meta property=\"article:published_time\" content=\"2019-02-20T14:03:42+00:00\" \/>\n<meta property=\"og:image\" content=\"https:\/\/www.sotrender.com\/blog\/wp-content\/uploads\/2019\/02\/beata-ratuszniak-259298-unsplash.jpg\" \/>\n\t<meta property=\"og:image:width\" content=\"2000\" \/>\n\t<meta property=\"og:image:height\" content=\"1334\" \/>\n\t<meta property=\"og:image:type\" content=\"image\/jpeg\" \/>\n<meta name=\"author\" content=\"Klaudia \u017by\u0142ka\" \/>\n<meta name=\"twitter:card\" content=\"summary_large_image\" \/>\n<meta name=\"twitter:creator\" content=\"@Sotrender\" \/>\n<meta name=\"twitter:site\" content=\"@Sotrender\" \/>\n<meta name=\"twitter:label1\" content=\"Written by\" \/>\n\t<meta name=\"twitter:data1\" content=\"Klaudia \u017by\u0142ka\" \/>\n\t<meta name=\"twitter:label2\" content=\"Est. reading time\" \/>\n\t<meta name=\"twitter:data2\" content=\"3 minutes\" \/>\n<script type=\"application\/ld+json\" class=\"yoast-schema-graph\">{\"@context\":\"https:\/\/schema.org\",\"@graph\":[{\"@type\":\"WebPage\",\"@id\":\"https:\/\/www.sotrender.com\/blog\/pl\/2019\/02\/facebook-trends-styczen-2019-burzliwy-poczatek-roku\/\",\"url\":\"https:\/\/www.sotrender.com\/blog\/pl\/2019\/02\/facebook-trends-styczen-2019-burzliwy-poczatek-roku\/\",\"name\":\"Facebook Trends stycze\u0144 2019 - burzliwy pocz\u0105tek roku\",\"isPartOf\":{\"@id\":\"https:\/\/www.sotrender.com\/blog\/#website\"},\"primaryImageOfPage\":{\"@id\":\"https:\/\/www.sotrender.com\/blog\/pl\/2019\/02\/facebook-trends-styczen-2019-burzliwy-poczatek-roku\/#primaryimage\"},\"image\":{\"@id\":\"https:\/\/www.sotrender.com\/blog\/pl\/2019\/02\/facebook-trends-styczen-2019-burzliwy-poczatek-roku\/#primaryimage\"},\"thumbnailUrl\":\"https:\/\/www.sotrender.com\/blog\/wp-content\/uploads\/2019\/02\/beata-ratuszniak-259298-unsplash.jpg\",\"datePublished\":\"2019-02-20T14:03:42+00:00\",\"dateModified\":\"2019-02-20T14:03:42+00:00\",\"author\":{\"@id\":\"https:\/\/www.sotrender.com\/blog\/#\/schema\/person\/038ac5e276c5d102d8cbb9c36cd43416\"},\"description\":\"Tak burzliwego pocz\u0105tku roku chyba nikt si\u0119 nie spodziewa\u0142. Rzadko te\u017c wydarzenia polityczno-spo\u0142eczne maj\u0105 a\u017c tak mocne odzwierciedlenie na Facebooku.\",\"breadcrumb\":{\"@id\":\"https:\/\/www.sotrender.com\/blog\/pl\/2019\/02\/facebook-trends-styczen-2019-burzliwy-poczatek-roku\/#breadcrumb\"},\"inLanguage\":\"pl-PL\",\"potentialAction\":[{\"@type\":\"ReadAction\",\"target\":[\"https:\/\/www.sotrender.com\/blog\/pl\/2019\/02\/facebook-trends-styczen-2019-burzliwy-poczatek-roku\/\"]}]},{\"@type\":\"ImageObject\",\"inLanguage\":\"pl-PL\",\"@id\":\"https:\/\/www.sotrender.com\/blog\/pl\/2019\/02\/facebook-trends-styczen-2019-burzliwy-poczatek-roku\/#primaryimage\",\"url\":\"https:\/\/www.sotrender.com\/blog\/wp-content\/uploads\/2019\/02\/beata-ratuszniak-259298-unsplash.jpg\",\"contentUrl\":\"https:\/\/www.sotrender.com\/blog\/wp-content\/uploads\/2019\/02\/beata-ratuszniak-259298-unsplash.jpg\",\"width\":2000,\"height\":1334},{\"@type\":\"BreadcrumbList\",\"@id\":\"https:\/\/www.sotrender.com\/blog\/pl\/2019\/02\/facebook-trends-styczen-2019-burzliwy-poczatek-roku\/#breadcrumb\",\"itemListElement\":[{\"@type\":\"ListItem\",\"position\":1,\"name\":\"Home\",\"item\":\"https:\/\/www.sotrender.com\/blog\/\"},{\"@type\":\"ListItem\",\"position\":2,\"name\":\"Facebook Trends stycze\u0144 2019 &#8211; burzliwy pocz\u0105tek roku\"}]},{\"@type\":\"WebSite\",\"@id\":\"https:\/\/www.sotrender.com\/blog\/#website\",\"url\":\"https:\/\/www.sotrender.com\/blog\/\",\"name\":\"Sotrender Blog\",\"description\":\"\",\"potentialAction\":[{\"@type\":\"SearchAction\",\"target\":{\"@type\":\"EntryPoint\",\"urlTemplate\":\"https:\/\/www.sotrender.com\/blog\/?s={search_term_string}\"},\"query-input\":\"required name=search_term_string\"}],\"inLanguage\":\"pl-PL\"},{\"@type\":\"Person\",\"@id\":\"https:\/\/www.sotrender.com\/blog\/#\/schema\/person\/038ac5e276c5d102d8cbb9c36cd43416\",\"name\":\"Klaudia \u017by\u0142ka\",\"image\":{\"@type\":\"ImageObject\",\"inLanguage\":\"pl-PL\",\"@id\":\"https:\/\/www.sotrender.com\/blog\/#\/schema\/person\/image\/\",\"url\":\"https:\/\/secure.gravatar.com\/avatar\/f55d5d49ce3c448e1ffde0ab078d84cd?s=96&d=mm&r=g\",\"contentUrl\":\"https:\/\/secure.gravatar.com\/avatar\/f55d5d49ce3c448e1ffde0ab078d84cd?s=96&d=mm&r=g\",\"caption\":\"Klaudia \u017by\u0142ka\"},\"description\":\"Instagram, dogs, books and food lover. Former student at Warsaw University and Malm\u00f6 University. Improving her marketing skills every day. Proud owner of DIMAQ certificate\",\"sameAs\":[\"https:\/\/www.linkedin.com\/in\/klaudia-\u017cy\u0142ka-17527779\"],\"url\":\"https:\/\/www.sotrender.com\/blog\/pl\/author\/klaudia_yka\/\"}]}<\/script>\n<!-- \/ Yoast SEO plugin. -->","yoast_head_json":{"title":"Facebook Trends stycze\u0144 2019 - burzliwy pocz\u0105tek roku","description":"Tak burzliwego pocz\u0105tku roku chyba nikt si\u0119 nie spodziewa\u0142. Rzadko te\u017c wydarzenia polityczno-spo\u0142eczne maj\u0105 a\u017c tak mocne odzwierciedlenie na Facebooku.","robots":{"index":"index","follow":"follow","max-snippet":"max-snippet:-1","max-image-preview":"max-image-preview:large","max-video-preview":"max-video-preview:-1"},"canonical":"https:\/\/www.sotrender.com\/blog\/pl\/2019\/02\/facebook-trends-styczen-2019-burzliwy-poczatek-roku\/","og_locale":"pl_PL","og_type":"article","og_title":"Facebook Trends stycze\u0144 2019 - burzliwy pocz\u0105tek roku","og_description":"Tak burzliwego pocz\u0105tku roku chyba nikt si\u0119 nie spodziewa\u0142. Rzadko te\u017c wydarzenia polityczno-spo\u0142eczne maj\u0105 a\u017c tak mocne odzwierciedlenie na Facebooku.","og_url":"https:\/\/www.sotrender.com\/blog\/pl\/2019\/02\/facebook-trends-styczen-2019-burzliwy-poczatek-roku\/","og_site_name":"Sotrender Blog","article_publisher":"https:\/\/www.facebook.com\/Sotrender","article_published_time":"2019-02-20T14:03:42+00:00","og_image":[{"width":2000,"height":1334,"url":"https:\/\/www.sotrender.com\/blog\/wp-content\/uploads\/2019\/02\/beata-ratuszniak-259298-unsplash.jpg","type":"image\/jpeg"}],"author":"Klaudia \u017by\u0142ka","twitter_card":"summary_large_image","twitter_creator":"@Sotrender","twitter_site":"@Sotrender","twitter_misc":{"Written by":"Klaudia \u017by\u0142ka","Est. reading time":"3 minutes"},"schema":{"@context":"https:\/\/schema.org","@graph":[{"@type":"WebPage","@id":"https:\/\/www.sotrender.com\/blog\/pl\/2019\/02\/facebook-trends-styczen-2019-burzliwy-poczatek-roku\/","url":"https:\/\/www.sotrender.com\/blog\/pl\/2019\/02\/facebook-trends-styczen-2019-burzliwy-poczatek-roku\/","name":"Facebook Trends stycze\u0144 2019 - burzliwy pocz\u0105tek roku","isPartOf":{"@id":"https:\/\/www.sotrender.com\/blog\/#website"},"primaryImageOfPage":{"@id":"https:\/\/www.sotrender.com\/blog\/pl\/2019\/02\/facebook-trends-styczen-2019-burzliwy-poczatek-roku\/#primaryimage"},"image":{"@id":"https:\/\/www.sotrender.com\/blog\/pl\/2019\/02\/facebook-trends-styczen-2019-burzliwy-poczatek-roku\/#primaryimage"},"thumbnailUrl":"https:\/\/www.sotrender.com\/blog\/wp-content\/uploads\/2019\/02\/beata-ratuszniak-259298-unsplash.jpg","datePublished":"2019-02-20T14:03:42+00:00","dateModified":"2019-02-20T14:03:42+00:00","author":{"@id":"https:\/\/www.sotrender.com\/blog\/#\/schema\/person\/038ac5e276c5d102d8cbb9c36cd43416"},"description":"Tak burzliwego pocz\u0105tku roku chyba nikt si\u0119 nie spodziewa\u0142. Rzadko te\u017c wydarzenia polityczno-spo\u0142eczne maj\u0105 a\u017c tak mocne odzwierciedlenie na Facebooku.","breadcrumb":{"@id":"https:\/\/www.sotrender.com\/blog\/pl\/2019\/02\/facebook-trends-styczen-2019-burzliwy-poczatek-roku\/#breadcrumb"},"inLanguage":"pl-PL","potentialAction":[{"@type":"ReadAction","target":["https:\/\/www.sotrender.com\/blog\/pl\/2019\/02\/facebook-trends-styczen-2019-burzliwy-poczatek-roku\/"]}]},{"@type":"ImageObject","inLanguage":"pl-PL","@id":"https:\/\/www.sotrender.com\/blog\/pl\/2019\/02\/facebook-trends-styczen-2019-burzliwy-poczatek-roku\/#primaryimage","url":"https:\/\/www.sotrender.com\/blog\/wp-content\/uploads\/2019\/02\/beata-ratuszniak-259298-unsplash.jpg","contentUrl":"https:\/\/www.sotrender.com\/blog\/wp-content\/uploads\/2019\/02\/beata-ratuszniak-259298-unsplash.jpg","width":2000,"height":1334},{"@type":"BreadcrumbList","@id":"https:\/\/www.sotrender.com\/blog\/pl\/2019\/02\/facebook-trends-styczen-2019-burzliwy-poczatek-roku\/#breadcrumb","itemListElement":[{"@type":"ListItem","position":1,"name":"Home","item":"https:\/\/www.sotrender.com\/blog\/"},{"@type":"ListItem","position":2,"name":"Facebook Trends stycze\u0144 2019 &#8211; burzliwy pocz\u0105tek roku"}]},{"@type":"WebSite","@id":"https:\/\/www.sotrender.com\/blog\/#website","url":"https:\/\/www.sotrender.com\/blog\/","name":"Sotrender Blog","description":"","potentialAction":[{"@type":"SearchAction","target":{"@type":"EntryPoint","urlTemplate":"https:\/\/www.sotrender.com\/blog\/?s={search_term_string}"},"query-input":"required name=search_term_string"}],"inLanguage":"pl-PL"},{"@type":"Person","@id":"https:\/\/www.sotrender.com\/blog\/#\/schema\/person\/038ac5e276c5d102d8cbb9c36cd43416","name":"Klaudia \u017by\u0142ka","image":{"@type":"ImageObject","inLanguage":"pl-PL","@id":"https:\/\/www.sotrender.com\/blog\/#\/schema\/person\/image\/","url":"https:\/\/secure.gravatar.com\/avatar\/f55d5d49ce3c448e1ffde0ab078d84cd?s=96&d=mm&r=g","contentUrl":"https:\/\/secure.gravatar.com\/avatar\/f55d5d49ce3c448e1ffde0ab078d84cd?s=96&d=mm&r=g","caption":"Klaudia \u017by\u0142ka"},"description":"Instagram, dogs, books and food lover. Former student at Warsaw University and Malm\u00f6 University. Improving her marketing skills every day. Proud owner of DIMAQ certificate","sameAs":["https:\/\/www.linkedin.com\/in\/klaudia-\u017cy\u0142ka-17527779"],"url":"https:\/\/www.sotrender.com\/blog\/pl\/author\/klaudia_yka\/"}]}},"_links":{"self":[{"href":"https:\/\/www.sotrender.com\/blog\/pl\/wp-json\/wp\/v2\/posts\/36875"}],"collection":[{"href":"https:\/\/www.sotrender.com\/blog\/pl\/wp-json\/wp\/v2\/posts"}],"about":[{"href":"https:\/\/www.sotrender.com\/blog\/pl\/wp-json\/wp\/v2\/types\/post"}],"author":[{"embeddable":true,"href":"https:\/\/www.sotrender.com\/blog\/pl\/wp-json\/wp\/v2\/users\/89"}],"replies":[{"embeddable":true,"href":"https:\/\/www.sotrender.com\/blog\/pl\/wp-json\/wp\/v2\/comments?post=36875"}],"version-history":[{"count":3,"href":"https:\/\/www.sotrender.com\/blog\/pl\/wp-json\/wp\/v2\/posts\/36875\/revisions"}],"predecessor-version":[{"id":36897,"href":"https:\/\/www.sotrender.com\/blog\/pl\/wp-json\/wp\/v2\/posts\/36875\/revisions\/36897"}],"wp:featuredmedia":[{"embeddable":true,"href":"https:\/\/www.sotrender.com\/blog\/pl\/wp-json\/wp\/v2\/media\/36891"}],"wp:attachment":[{"href":"https:\/\/www.sotrender.com\/blog\/pl\/wp-json\/wp\/v2\/media?parent=36875"}],"wp:term":[{"taxonomy":"category","embeddable":true,"href":"https:\/\/www.sotrender.com\/blog\/pl\/wp-json\/wp\/v2\/categories?post=36875"},{"taxonomy":"post_tag","embeddable":true,"href":"https:\/\/www.sotrender.com\/blog\/pl\/wp-json\/wp\/v2\/tags?post=36875"}],"curies":[{"name":"wp","href":"https:\/\/api.w.org\/{rel}","templated":true}]}}